{"id":96048,"date":"2017-11-19T18:41:27","date_gmt":"2017-11-19T21:41:27","guid":{"rendered":"https:\/\/www.estrategiaconcursos.com.br\/blog\/?p=96048"},"modified":"2022-12-29T17:42:47","modified_gmt":"2022-12-29T20:42:47","slug":"comentario-prova-de-direito-humanos","status":"publish","type":"post","link":"https:\/\/www.estrategiaconcursos.com.br\/blog\/comentario-prova-de-direito-humanos\/","title":{"rendered":"[OAB &#8211; XXIV Exame de Ordem] Coment\u00e1rios \u00e0 prova de Direito Humanos"},"content":{"rendered":"<p>Boa noite, pessoal!<\/p>\n<p>Vamos analisar, neste artigo, as quest\u00f5es de Direitos Humanos. Foram apenas duas quest\u00f5es!<\/p>\n<p>Comento, neste artigo, a <a href=\"https:\/\/oab.estrategia.com\/portal\/prova-oab\/\">prova OAB<\/a> Tipo 04 Azul.<\/p>\n<p>Antes de iniciarmos a an\u00e1lise das quest\u00f5es, gostaria de compartilhar com voc\u00eas o meu Instagram:<\/p>\n<p>www.instagram.com\/proftorques<\/p>\n<p>Agora, vamos \u00e0s quest\u00f5es!<\/p>\n<p>&#8212;<\/p>\n<p><strong>Quest\u00e3o 18.<\/strong>\u00a0Voc\u00ea, como advogada(o) que atua na defesa dos Direitos\u00a0Humanos, foi chamada(o) para atuar em um caso em que h\u00e1\u00a0uma disputa pela terra entre produtores rurais e uma<br \/>\ncomunidade quilombola.<br \/>\nVoc\u00ea sabe que, de acordo com o Decreto n\u00ba 4.887\/03 do Governo Federal, \u201cconsideram-se remanescentes das comunidades dos quilombos, os grupos \u00e9tnico-raciais, segundo crit\u00e9rios de auto-atribui\u00e7\u00e3o, com trajet\u00f3ria hist\u00f3rica pr\u00f3pria,\u00a0dotados de rela\u00e7\u00f5es territoriais espec\u00edficas, com presun\u00e7\u00e3o de\u00a0ancestralidade negra relacionada com a resist\u00eancia \u00e0 opress\u00e3o hist\u00f3rica sofrida\u201d.<br \/>\nEm rela\u00e7\u00e3o a essas pessoas remanescentes de quilombos, \u00e9\u00a0correto dizer que a Constitui\u00e7\u00e3o Federal de 1988<br \/>\nA) assegura o direito \u00e0s suas tradi\u00e7\u00f5es, mas n\u00e3o garante a propriedade da terra ocupada por elas.<br \/>\nB) prev\u00ea o direito \u00e0 consulta aos quilombolas sempre que\u00a0houver proposta oficial de explora\u00e7\u00e3o de riquezas minerais de suas terras.<br \/>\nC) afirma o direito \u00e0 posse da terra quando ocupada de boa-f\u00e9 por esses grupos.<br \/>\nD) reconhece a propriedade definitiva das terras que estejam\u00a0ocupando, cabendo ao Estado a emiss\u00e3o dos t\u00edtulos respectivos.<\/p>\n<p><strong>Coment\u00e1rios<\/strong><\/p>\n<p>Para responder \u00e0 quest\u00e3o necess\u00e1rio conhecer o art. 68, dos ADCT:<\/p>\n<p>Art. 68. Aos remanescentes das comunidades dos quilombos que estejam ocupando suas terras \u00e9 reconhecida a propriedade definitiva, devendo o Estado emitir-lhes os t\u00edtulos respectivos.<\/p>\n<p>Diante disso, correta a <strong>letra D<\/strong>.<\/p>\n<p>&#8212;<\/p>\n<p><strong>Quest\u00e3o 19.<\/strong>\u00a0H\u00e1 cerca de tr\u00eas meses, foi verificado que os presos da Penitenci\u00e1ria Quebrantar estavam sofrendo diversas formas de maus tratos, incluindo viol\u00eancia f\u00edsica. Voc\u00ea foi contratado(a) por familiares dos presos, que lhe disseram ter elementos suficientes para acreditar que qualquer medida judicial no Brasil seria ineficaz no prazo desejado. Por isso, eles o(a) consultaram sobre a possibilidade de submeter o caso \u00e0\u00a0Comiss\u00e3o Interamericana de Direitos Humanos (CIDH).<br \/>\nConsiderando as regras de funcionamento dessa Comiss\u00e3o, voc\u00ea deve inform\u00e1-los de que a CIDH pode receber a<br \/>\nden\u00fancia:<br \/>\nA) caso sejam feitas peti\u00e7\u00f5es individualizadas, uma vez que os\u00a0casos de viola\u00e7\u00e3o de direitos previstos no Pacto de S\u00e3o Jos\u00e9 da Costa Rica devem ser julgados diretamente pela\u00a0Corte Interamericana de Justi\u00e7a.<br \/>\nB) caso sejam feitas peti\u00e7\u00f5es individualizadas relatando a\u00a0viola\u00e7\u00e3o sofrida por cada uma das v\u00edtimas e as relacionando aos direitos previstos na Conven\u00e7\u00e3o\u00a0Americana; assim, a CIDH poder\u00e1 adotar as medidas que julgar necess\u00e1rias para a cessa\u00e7\u00e3o da viola\u00e7\u00e3o.<br \/>\nC) caso entenda haver situa\u00e7\u00e3o de gravidade e urg\u00eancia Assim, a CIDH poder\u00e1 instaurar de of\u00edcio um procedimento no qual solicita que o Estado brasileiro adote medidas cautelares de natureza coletiva para evitar danos\u00a0irrepar\u00e1veis aos presos.<br \/>\nD) caso entenda haver situa\u00e7\u00e3o de gravidade e urg\u00eancia. Assim, a CIDH deve encaminhar diretamente o caso \u00e0 Corte Interamericana de Justi\u00e7a, que poder\u00e1 ordenar a medida provis\u00f3ria que julgar necess\u00e1ria \u00e0 cessa\u00e7\u00e3o da\u00a0viola\u00e7\u00e3o.<\/p>\n<p><strong>Coment\u00e1rios<\/strong><\/p>\n<p>Nessa quest\u00e3o foi cobrado o art. 29 do Regulamento da CIDH:<\/p>\n<p>Artigo 29 &#8211; Medidas cautelares<\/p>\n<p>1. A Comiss\u00e3o poder\u00e1, por iniciativa pr\u00f3pria ou a pedido de parte, tomar qualquer medida que considere necess\u00e1ria para o desempenho de suas fun\u00e7\u00f5es.<\/p>\n<p>2. Em casos urgentes, quando se tornar necess\u00e1rio para evitar danos irrepar\u00e1veis a pessoas, a Comiss\u00e3o poder\u00e1 pedir que sejam tomadas medidas cautelares para evitar que se consume o dano irrepar\u00e1vel, no caso de serem verdadeiros os fatos denunciados.<\/p>\n<p>Logo, a <strong>letra C<\/strong> \u00e9 a correta e gabarito da quest\u00e3o.<\/p>\n<p>&#8212;<\/p>\n<p>\u00c9 isso pessoal! Prova tranquila e acess\u00edvel.<\/p>\n<p>Espero que voc\u00eas tenham gabaritado!<\/p>\n","protected":false},"excerpt":{"rendered":"<p>Boa noite, pessoal! Vamos analisar, neste artigo, as quest\u00f5es de Direitos Humanos. Foram apenas duas quest\u00f5es! Comento, neste artigo, a prova OAB Tipo 04 Azul. Antes de iniciarmos a an\u00e1lise das quest\u00f5es, gostaria de compartilhar com voc\u00eas o meu Instagram: www.instagram.com\/proftorques Agora, vamos \u00e0s quest\u00f5es! &#8212; Quest\u00e3o 18.\u00a0Voc\u00ea, como advogada(o) que atua na defesa dos [&hellip;]<\/p>\n","protected":false},"author":180,"featured_media":0,"comment_status":"open","ping_status":"open","sticky":false,"template":"","format":"standard","meta":{"post_tipo":"article","footnotes":""},"categories":[1],"tags":[1116,71,3087],"tax_estado":[],"class_list":["post-96048","post","type-post","status-publish","format-standard","hentry","category-cursos-e-concursos","tag-exame-de-ordem","tag-oab","tag-xxiv-exame-de-ordem"],"acf":[],"yoast_head":"<!-- This site is optimized with the Yoast SEO Premium plugin v27.2 (Yoast SEO v27.2) - https:\/\/yoast.com\/product\/yoast-seo-premium-wordpress\/ -->\n<title>[OAB - XXIV Exame de Ordem] Coment\u00e1rios \u00e0 prova de Direito Humanos<\/title>\n<meta name=\"robots\" content=\"index, follow, max-snippet:-1, max-image-preview:large, max-video-preview:-1\" \/>\n<link rel=\"canonical\" href=\"https:\/\/www.estrategiaconcursos.com.br\/blog\/comentario-prova-de-direito-humanos\/\" \/>\n<meta property=\"og:locale\" content=\"pt_BR\" \/>\n<meta property=\"og:type\" content=\"article\" \/>\n<meta property=\"og:title\" content=\"[OAB - XXIV Exame de Ordem] Coment\u00e1rios \u00e0 prova de Direito Humanos\" \/>\n<meta property=\"og:description\" content=\"Boa noite, pessoal! Vamos analisar, neste artigo, as quest\u00f5es de Direitos Humanos. Foram apenas duas quest\u00f5es! Comento, neste artigo, a prova OAB Tipo 04 Azul. Antes de iniciarmos a an\u00e1lise das quest\u00f5es, gostaria de compartilhar com voc\u00eas o meu Instagram: www.instagram.com\/proftorques Agora, vamos \u00e0s quest\u00f5es! &#8212; Quest\u00e3o 18.\u00a0Voc\u00ea, como advogada(o) que atua na defesa dos [&hellip;]\" \/>\n<meta property=\"og:url\" content=\"https:\/\/www.estrategiaconcursos.com.br\/blog\/comentario-prova-de-direito-humanos\/\" \/>\n<meta property=\"og:site_name\" content=\"Estrat\u00e9gia Concursos\" \/>\n<meta property=\"article:author\" content=\"https:\/\/www.facebook.com\/ricardo.s.torques\" \/>\n<meta property=\"article:published_time\" content=\"2017-11-19T21:41:27+00:00\" \/>\n<meta property=\"article:modified_time\" content=\"2022-12-29T20:42:47+00:00\" \/>\n<meta name=\"author\" content=\"Ricardo Torques\" \/>\n<meta name=\"twitter:card\" content=\"summary_large_image\" \/>\n<meta name=\"twitter:creator\" content=\"@EstratConcursos\" \/>\n<meta name=\"twitter:site\" content=\"@EstratConcursos\" \/>\n<meta name=\"twitter:label1\" content=\"Escrito por\" \/>\n\t<meta name=\"twitter:data1\" content=\"Ricardo Torques\" \/>\n\t<meta name=\"twitter:label2\" content=\"Est. tempo de leitura\" \/>\n\t<meta name=\"twitter:data2\" content=\"3 minutos\" \/>\n<script type=\"application\/ld+json\" class=\"yoast-schema-graph\">{\"@context\":\"https:\/\/schema.org\",\"@graph\":[{\"@type\":\"NewsArticle\",\"@id\":\"https:\/\/www.estrategiaconcursos.com.br\/blog\/comentario-prova-de-direito-humanos\/#article\",\"isPartOf\":{\"@id\":\"https:\/\/www.estrategiaconcursos.com.br\/blog\/comentario-prova-de-direito-humanos\/\"},\"author\":{\"name\":\"Ricardo Torques\",\"@id\":\"https:\/\/www.estrategiaconcursos.com.br\/blog\/#\/schema\/person\/aa39cf5ddb518e5bdce27c35788405e2\"},\"headline\":\"[OAB &#8211; XXIV Exame de Ordem] Coment\u00e1rios \u00e0 prova de Direito Humanos\",\"datePublished\":\"2017-11-19T21:41:27+00:00\",\"dateModified\":\"2022-12-29T20:42:47+00:00\",\"mainEntityOfPage\":{\"@id\":\"https:\/\/www.estrategiaconcursos.com.br\/blog\/comentario-prova-de-direito-humanos\/\"},\"wordCount\":665,\"commentCount\":0,\"publisher\":{\"@id\":\"https:\/\/www.estrategiaconcursos.com.br\/blog\/#organization\"},\"keywords\":[\"Exame de Ordem\",\"OAB\",\"XXIV Exame de Ordem\"],\"articleSection\":[\"Concursos P\u00fablicos\"],\"inLanguage\":\"pt-BR\",\"potentialAction\":[{\"@type\":\"CommentAction\",\"name\":\"Comment\",\"target\":[\"https:\/\/www.estrategiaconcursos.com.br\/blog\/comentario-prova-de-direito-humanos\/#respond\"]}],\"copyrightYear\":\"2017\",\"copyrightHolder\":{\"@id\":\"https:\/\/www.estrategiaconcursos.com.br\/blog\/#organization\"}},{\"@type\":\"WebPage\",\"@id\":\"https:\/\/www.estrategiaconcursos.com.br\/blog\/comentario-prova-de-direito-humanos\/\",\"url\":\"https:\/\/www.estrategiaconcursos.com.br\/blog\/comentario-prova-de-direito-humanos\/\",\"name\":\"[OAB - XXIV Exame de Ordem] Coment\u00e1rios \u00e0 prova de Direito Humanos\",\"isPartOf\":{\"@id\":\"https:\/\/www.estrategiaconcursos.com.br\/blog\/#website\"},\"datePublished\":\"2017-11-19T21:41:27+00:00\",\"dateModified\":\"2022-12-29T20:42:47+00:00\",\"breadcrumb\":{\"@id\":\"https:\/\/www.estrategiaconcursos.com.br\/blog\/comentario-prova-de-direito-humanos\/#breadcrumb\"},\"inLanguage\":\"pt-BR\",\"potentialAction\":[{\"@type\":\"ReadAction\",\"target\":[\"https:\/\/www.estrategiaconcursos.com.br\/blog\/comentario-prova-de-direito-humanos\/\"]}]},{\"@type\":\"BreadcrumbList\",\"@id\":\"https:\/\/www.estrategiaconcursos.com.br\/blog\/comentario-prova-de-direito-humanos\/#breadcrumb\",\"itemListElement\":[{\"@type\":\"ListItem\",\"position\":1,\"name\":\"In\u00edcio\",\"item\":\"https:\/\/www.estrategiaconcursos.com.br\/blog\/\"},{\"@type\":\"ListItem\",\"position\":2,\"name\":\"[OAB &#8211; XXIV Exame de Ordem] Coment\u00e1rios \u00e0 prova de Direito Humanos\"}]},{\"@type\":\"WebSite\",\"@id\":\"https:\/\/www.estrategiaconcursos.com.br\/blog\/#website\",\"url\":\"https:\/\/www.estrategiaconcursos.com.br\/blog\/\",\"name\":\"Estrat\u00e9gia Concursos\",\"description\":\"O blog da Estrat\u00e9gia Concursos traz not\u00edcias sobre concursos e artigos de professores oferecendo cursos para concursos (pdf + videaulas) no site.\",\"publisher\":{\"@id\":\"https:\/\/www.estrategiaconcursos.com.br\/blog\/#organization\"},\"potentialAction\":[{\"@type\":\"SearchAction\",\"target\":{\"@type\":\"EntryPoint\",\"urlTemplate\":\"https:\/\/www.estrategiaconcursos.com.br\/blog\/?s={search_term_string}\"},\"query-input\":{\"@type\":\"PropertyValueSpecification\",\"valueRequired\":true,\"valueName\":\"search_term_string\"}}],\"inLanguage\":\"pt-BR\"},{\"@type\":\"Organization\",\"@id\":\"https:\/\/www.estrategiaconcursos.com.br\/blog\/#organization\",\"name\":\"Estrat\u00e9gia Concursos\",\"url\":\"https:\/\/www.estrategiaconcursos.com.br\/blog\/\",\"logo\":{\"@type\":\"ImageObject\",\"inLanguage\":\"pt-BR\",\"@id\":\"https:\/\/www.estrategiaconcursos.com.br\/blog\/#\/schema\/logo\/image\/\",\"url\":\"https:\/\/dhg1h5j42swfq.cloudfront.net\/2025\/06\/03203428\/logo_concursos-1.jpg\",\"contentUrl\":\"https:\/\/dhg1h5j42swfq.cloudfront.net\/2025\/06\/03203428\/logo_concursos-1.jpg\",\"width\":230,\"height\":60,\"caption\":\"Estrat\u00e9gia Concursos\"},\"image\":{\"@id\":\"https:\/\/www.estrategiaconcursos.com.br\/blog\/#\/schema\/logo\/image\/\"},\"sameAs\":[\"https:\/\/x.com\/EstratConcursos\"]},{\"@type\":\"Person\",\"@id\":\"https:\/\/www.estrategiaconcursos.com.br\/blog\/#\/schema\/person\/aa39cf5ddb518e5bdce27c35788405e2\",\"name\":\"Ricardo Torques\",\"image\":{\"@type\":\"ImageObject\",\"inLanguage\":\"pt-BR\",\"@id\":\"https:\/\/secure.gravatar.com\/avatar\/ce9ac6c3cff25fe86d15ed568ebc64d1724baf5c0693133bcb1f6073f712f92a?s=96&d=mm&r=g\",\"url\":\"https:\/\/secure.gravatar.com\/avatar\/ce9ac6c3cff25fe86d15ed568ebc64d1724baf5c0693133bcb1f6073f712f92a?s=96&d=mm&r=g\",\"contentUrl\":\"https:\/\/secure.gravatar.com\/avatar\/ce9ac6c3cff25fe86d15ed568ebc64d1724baf5c0693133bcb1f6073f712f92a?s=96&d=mm&r=g\",\"caption\":\"Ricardo Torques\"},\"sameAs\":[\"https:\/\/www.facebook.com\/ricardo.s.torques\"],\"url\":\"https:\/\/www.estrategiaconcursos.com.br\/blog\/author\/ricardotorquesestrategiaconcursos-com-br\/\"}]}<\/script>\n<!-- \/ Yoast SEO Premium plugin. -->","yoast_head_json":{"title":"[OAB - XXIV Exame de Ordem] Coment\u00e1rios \u00e0 prova de Direito Humanos","robots":{"index":"index","follow":"follow","max-snippet":"max-snippet:-1","max-image-preview":"max-image-preview:large","max-video-preview":"max-video-preview:-1"},"canonical":"https:\/\/www.estrategiaconcursos.com.br\/blog\/comentario-prova-de-direito-humanos\/","og_locale":"pt_BR","og_type":"article","og_title":"[OAB - XXIV Exame de Ordem] Coment\u00e1rios \u00e0 prova de Direito Humanos","og_description":"Boa noite, pessoal! Vamos analisar, neste artigo, as quest\u00f5es de Direitos Humanos. Foram apenas duas quest\u00f5es! Comento, neste artigo, a prova OAB Tipo 04 Azul. Antes de iniciarmos a an\u00e1lise das quest\u00f5es, gostaria de compartilhar com voc\u00eas o meu Instagram: www.instagram.com\/proftorques Agora, vamos \u00e0s quest\u00f5es! &#8212; Quest\u00e3o 18.\u00a0Voc\u00ea, como advogada(o) que atua na defesa dos [&hellip;]","og_url":"https:\/\/www.estrategiaconcursos.com.br\/blog\/comentario-prova-de-direito-humanos\/","og_site_name":"Estrat\u00e9gia Concursos","article_author":"https:\/\/www.facebook.com\/ricardo.s.torques","article_published_time":"2017-11-19T21:41:27+00:00","article_modified_time":"2022-12-29T20:42:47+00:00","author":"Ricardo Torques","twitter_card":"summary_large_image","twitter_creator":"@EstratConcursos","twitter_site":"@EstratConcursos","twitter_misc":{"Escrito por":"Ricardo Torques","Est. tempo de leitura":"3 minutos"},"schema":{"@context":"https:\/\/schema.org","@graph":[{"@type":"NewsArticle","@id":"https:\/\/www.estrategiaconcursos.com.br\/blog\/comentario-prova-de-direito-humanos\/#article","isPartOf":{"@id":"https:\/\/www.estrategiaconcursos.com.br\/blog\/comentario-prova-de-direito-humanos\/"},"author":{"name":"Ricardo Torques","@id":"https:\/\/www.estrategiaconcursos.com.br\/blog\/#\/schema\/person\/aa39cf5ddb518e5bdce27c35788405e2"},"headline":"[OAB &#8211; XXIV Exame de Ordem] Coment\u00e1rios \u00e0 prova de Direito Humanos","datePublished":"2017-11-19T21:41:27+00:00","dateModified":"2022-12-29T20:42:47+00:00","mainEntityOfPage":{"@id":"https:\/\/www.estrategiaconcursos.com.br\/blog\/comentario-prova-de-direito-humanos\/"},"wordCount":665,"commentCount":0,"publisher":{"@id":"https:\/\/www.estrategiaconcursos.com.br\/blog\/#organization"},"keywords":["Exame de Ordem","OAB","XXIV Exame de Ordem"],"articleSection":["Concursos P\u00fablicos"],"inLanguage":"pt-BR","potentialAction":[{"@type":"CommentAction","name":"Comment","target":["https:\/\/www.estrategiaconcursos.com.br\/blog\/comentario-prova-de-direito-humanos\/#respond"]}],"copyrightYear":"2017","copyrightHolder":{"@id":"https:\/\/www.estrategiaconcursos.com.br\/blog\/#organization"}},{"@type":"WebPage","@id":"https:\/\/www.estrategiaconcursos.com.br\/blog\/comentario-prova-de-direito-humanos\/","url":"https:\/\/www.estrategiaconcursos.com.br\/blog\/comentario-prova-de-direito-humanos\/","name":"[OAB - XXIV Exame de Ordem] Coment\u00e1rios \u00e0 prova de Direito Humanos","isPartOf":{"@id":"https:\/\/www.estrategiaconcursos.com.br\/blog\/#website"},"datePublished":"2017-11-19T21:41:27+00:00","dateModified":"2022-12-29T20:42:47+00:00","breadcrumb":{"@id":"https:\/\/www.estrategiaconcursos.com.br\/blog\/comentario-prova-de-direito-humanos\/#breadcrumb"},"inLanguage":"pt-BR","potentialAction":[{"@type":"ReadAction","target":["https:\/\/www.estrategiaconcursos.com.br\/blog\/comentario-prova-de-direito-humanos\/"]}]},{"@type":"BreadcrumbList","@id":"https:\/\/www.estrategiaconcursos.com.br\/blog\/comentario-prova-de-direito-humanos\/#breadcrumb","itemListElement":[{"@type":"ListItem","position":1,"name":"In\u00edcio","item":"https:\/\/www.estrategiaconcursos.com.br\/blog\/"},{"@type":"ListItem","position":2,"name":"[OAB &#8211; XXIV Exame de Ordem] Coment\u00e1rios \u00e0 prova de Direito Humanos"}]},{"@type":"WebSite","@id":"https:\/\/www.estrategiaconcursos.com.br\/blog\/#website","url":"https:\/\/www.estrategiaconcursos.com.br\/blog\/","name":"Estrat\u00e9gia Concursos","description":"O blog da Estrat\u00e9gia Concursos traz not\u00edcias sobre concursos e artigos de professores oferecendo cursos para concursos (pdf + videaulas) no site.","publisher":{"@id":"https:\/\/www.estrategiaconcursos.com.br\/blog\/#organization"},"potentialAction":[{"@type":"SearchAction","target":{"@type":"EntryPoint","urlTemplate":"https:\/\/www.estrategiaconcursos.com.br\/blog\/?s={search_term_string}"},"query-input":{"@type":"PropertyValueSpecification","valueRequired":true,"valueName":"search_term_string"}}],"inLanguage":"pt-BR"},{"@type":"Organization","@id":"https:\/\/www.estrategiaconcursos.com.br\/blog\/#organization","name":"Estrat\u00e9gia Concursos","url":"https:\/\/www.estrategiaconcursos.com.br\/blog\/","logo":{"@type":"ImageObject","inLanguage":"pt-BR","@id":"https:\/\/www.estrategiaconcursos.com.br\/blog\/#\/schema\/logo\/image\/","url":"https:\/\/dhg1h5j42swfq.cloudfront.net\/2025\/06\/03203428\/logo_concursos-1.jpg","contentUrl":"https:\/\/dhg1h5j42swfq.cloudfront.net\/2025\/06\/03203428\/logo_concursos-1.jpg","width":230,"height":60,"caption":"Estrat\u00e9gia Concursos"},"image":{"@id":"https:\/\/www.estrategiaconcursos.com.br\/blog\/#\/schema\/logo\/image\/"},"sameAs":["https:\/\/x.com\/EstratConcursos"]},{"@type":"Person","@id":"https:\/\/www.estrategiaconcursos.com.br\/blog\/#\/schema\/person\/aa39cf5ddb518e5bdce27c35788405e2","name":"Ricardo Torques","image":{"@type":"ImageObject","inLanguage":"pt-BR","@id":"https:\/\/secure.gravatar.com\/avatar\/ce9ac6c3cff25fe86d15ed568ebc64d1724baf5c0693133bcb1f6073f712f92a?s=96&d=mm&r=g","url":"https:\/\/secure.gravatar.com\/avatar\/ce9ac6c3cff25fe86d15ed568ebc64d1724baf5c0693133bcb1f6073f712f92a?s=96&d=mm&r=g","contentUrl":"https:\/\/secure.gravatar.com\/avatar\/ce9ac6c3cff25fe86d15ed568ebc64d1724baf5c0693133bcb1f6073f712f92a?s=96&d=mm&r=g","caption":"Ricardo Torques"},"sameAs":["https:\/\/www.facebook.com\/ricardo.s.torques"],"url":"https:\/\/www.estrategiaconcursos.com.br\/blog\/author\/ricardotorquesestrategiaconcursos-com-br\/"}]}},"_links":{"self":[{"href":"https:\/\/www.estrategiaconcursos.com.br\/blog\/wp-json\/wp\/v2\/posts\/96048","targetHints":{"allow":["GET"]}}],"collection":[{"href":"https:\/\/www.estrategiaconcursos.com.br\/blog\/wp-json\/wp\/v2\/posts"}],"about":[{"href":"https:\/\/www.estrategiaconcursos.com.br\/blog\/wp-json\/wp\/v2\/types\/post"}],"author":[{"embeddable":true,"href":"https:\/\/www.estrategiaconcursos.com.br\/blog\/wp-json\/wp\/v2\/users\/180"}],"replies":[{"embeddable":true,"href":"https:\/\/www.estrategiaconcursos.com.br\/blog\/wp-json\/wp\/v2\/comments?post=96048"}],"version-history":[{"count":4,"href":"https:\/\/www.estrategiaconcursos.com.br\/blog\/wp-json\/wp\/v2\/posts\/96048\/revisions"}],"predecessor-version":[{"id":1144739,"href":"https:\/\/www.estrategiaconcursos.com.br\/blog\/wp-json\/wp\/v2\/posts\/96048\/revisions\/1144739"}],"wp:attachment":[{"href":"https:\/\/www.estrategiaconcursos.com.br\/blog\/wp-json\/wp\/v2\/media?parent=96048"}],"wp:term":[{"taxonomy":"category","embeddable":true,"href":"https:\/\/www.estrategiaconcursos.com.br\/blog\/wp-json\/wp\/v2\/categories?post=96048"},{"taxonomy":"post_tag","embeddable":true,"href":"https:\/\/www.estrategiaconcursos.com.br\/blog\/wp-json\/wp\/v2\/tags?post=96048"},{"taxonomy":"tax_estado","embeddable":true,"href":"https:\/\/www.estrategiaconcursos.com.br\/blog\/wp-json\/wp\/v2\/tax_estado?post=96048"}],"curies":[{"name":"wp","href":"https:\/\/api.w.org\/{rel}","templated":true}]}}