{"id":960252,"date":"2022-03-03T23:59:00","date_gmt":"2022-03-04T02:59:00","guid":{"rendered":"https:\/\/www.estrategiaconcursos.com.br\/blog\/?p=960252"},"modified":"2022-03-04T12:04:08","modified_gmt":"2022-03-04T15:04:08","slug":"edital-prefeitura-de-toledo","status":"publish","type":"post","link":"https:\/\/www.estrategiaconcursos.com.br\/blog\/edital-prefeitura-de-toledo\/","title":{"rendered":"Edital Prefeitura de Toledo: inscri\u00e7\u00f5es ENCERRADAS!"},"content":{"rendered":"\n<p>As inscri\u00e7\u00f5es do concurso da <strong>Prefeitura de Toledo<\/strong>, no Paran\u00e1, est\u00e3o encerradas. Para se inscrever, foi necess\u00e1rio acessar o site da banca organizadora do concurso, a <a href=\"https:\/\/www.fundacaofafipa.org.br\/\" target=\"_blank\" rel=\"noreferrer noopener\">Funda\u00e7\u00e3o Fafipa<\/a>,<strong> at\u00e9 o dia 03 de mar\u00e7o<\/strong>. <\/p>\n\n\n\n<p>Os editais ofertam <strong>41 vagas mais CR<\/strong> para diversas oportunidades de n\u00edveis fundamental, m\u00e9dio e superior. Os sal\u00e1rios iniciais podem chegar a R$ 13,7 mil, dependendo do cargo.<\/p>\n\n\n\n<div class=\"container\" id=\"boxes\">\n  <div class=\"row\">\n\n    <div class=\"col-sm\">\n      <div class=\"banner-estrategia\" id=\"box-assinatura\">\n        <h3 class=\"titulo-assinatura\">Prefeitura de Toledo<\/h3>\n        <p class=\"subtitulo-assinatura\">Estude conosco para o concurso<\/p>\n        <div class=\"box-botao\">\n          <a class=\"btn-assinatura\" target=\"_blank\" href=\"https:\/\/www.estrategiaconcursos.com.br\/cursosPorConcurso\/prefeitura-municipal-de-toledo-pr\/\" role=\"button\" rel=\"noopener noreferrer\">Conhe\u00e7a os cursos<\/a>\n        <\/div>\n      <\/div>\n   \n    <\/div>\n\n  <\/div>\n<\/div>\n\n\n\n<h2 class=\"wp-block-heading\" id=\"situacao\">Principais datas do edital Prefeitura de Toledo<\/h2>\n\n\n\n<ul class=\"wp-block-list\"><li><strong>Inscri\u00e7\u00f5es<\/strong>: <s>02\/02 a 03\/03\/202<\/s><\/li><li><strong>Isen\u00e7\u00e3o da taxa<\/strong>: <s>02\/02\/2022 a 11\/02\/2022<\/s><\/li><li><strong>\u00daltimo dia para pagamento<\/strong>: 04\/03\/2022<\/li><li><strong>Prova<\/strong>: 03\/04\/2022<\/li><\/ul>\n\n\n\n<h2 class=\"wp-block-heading\" id=\"cargos-vagas\">Cargos e vagas do edital Prefeitura de Toledo<\/h2>\n\n\n\n<p>Conforme o edital Prefeitura de Toledo, s\u00e3o ofertadas 41 vagas mais oportunidades em cadastro de reserva. Confira abaixo a distribui\u00e7\u00e3o:<\/p>\n\n\n\n<ul class=\"wp-block-list\"><li>Agente Comunit\u00e1rio de Sa\u00fade &#8211; 10 vagas;<\/li><li>Agente de Combate \u00e0s Endemias &#8211; 5 vagas;<\/li><li>Auxiliar em Opera\u00e7\u00e3o e Manuten\u00e7\u00e3o I &#8211; 1 vaga;<\/li><li>Auxiliar em Servi\u00e7os Gerais I &#8211; 6 vagas;<\/li><li>Cozinheiro I &#8211; 3 vagas;<\/li><li>Mec\u00e2nico I &#8211; 1 vaga;<\/li><li>Motorista I &#8211; 6 vagas;<\/li><li>Operador de Equipamentos I &#8211; 1 vaga;<\/li><li>Torneiro Mec\u00e2nico I &#8211; cadastro reserva;<\/li><li>Assistente em Arte Gr\u00e1fica e Design &#8211; 1 vaga;<\/li><li>Cuidador Social I &#8211; 3 vagas;<\/li><li>Instrutor de Artes Circenses I &#8211; cadastro reserva;<\/li><li>T\u00e9cnico de Palco I &#8211; cadastro reserva;<\/li><li>T\u00e9cnico de Som e Ilumina\u00e7\u00e3o I &#8211; cadastro reserva;<\/li><li>Top\u00f3grafo I &#8211; cadastro reserva;<\/li><li>Bi\u00f3logo I &#8211; cadastro reserva;<\/li><li>Engenheiro Agr\u00f4nomo &#8211; cadastro reserva;<\/li><li>Engenheiro Ambiental &#8211; cadastro reserva;<\/li><li>Historiador &#8211; cadastro reserva;<\/li><li>Odont\u00f3logo ESF\/ESB I &#8211; 1  vaga;<\/li><li>T\u00e9cnico Desportivo I &#8211; 1 vaga;<\/li><li>T\u00e9cnico em Artes &#8211; Coral I &#8211; cadastro reserva;<\/li><li>T\u00e9cnico em Instrumentos &#8211; Viol\u00e3o I &#8211; cadastro reserva;<\/li><li>M\u00e9dico Angiologista e Cirurgi\u00e3o Vascular &#8211; cadastro reserva;<\/li><li>M\u00e9dico Cardiologista &#8211; 1 vaga;<\/li><li>M\u00e9dico Endocrinologista &#8211; cadastro reserva;<\/li><li>M\u00e9dico Psiquiatra &#8211; 1 vaga;<\/li><li>M\u00e9dico do Trabalho &#8211; cadastro reserva.<\/li><\/ul>\n\n\n\n<h2 class=\"wp-block-heading\" id=\"etapas\">Etapas de provas do edital Prefeitura de Toledo<\/h2>\n\n\n\n<p>O edital da Prefeitura de Toledo ser\u00e1 composto de v\u00e1rias etapas, conforme segue:<\/p>\n\n\n\n<ul class=\"wp-block-list\"><li><strong>Provas objetivas<\/strong> para todos os candidatos inscritos;<\/li><li><strong>Teste de aptid\u00e3o f\u00edsica<\/strong> para os cargos de Agente Comunit\u00e1rio de Sa\u00fade, Agente de Combate as Endemias, Auxiliar em Opera\u00e7\u00e3o e Manuten\u00e7\u00e3o I, Auxiliar em Servi\u00e7os Gerais I, Cozinheiro I, Mec\u00e2nico I, Motorista I, Operador de Equipamentos I, Torneiro Mec\u00e2nico I e Cuidador Social I;<\/li><li><strong>Prova pr\u00e1tica<\/strong> eliminat\u00f3ria e classificat\u00f3ria para os cargos de Mec\u00e2nico I, Motorista I, Operador de Equipamentos I, Torneiro Mec\u00e2nico I e Cuidador Social;<\/li><\/ul>\n\n\n\n<h3 class=\"wp-block-heading\" id=\"objetiva\">Provas Objetivas<\/h3>\n\n\n\n<p>A prova objetiva ser\u00e1 aplicada no dia 03 de abril, e ser\u00e1 composta de 40 quest\u00f5es, distribu\u00eddas por \u00e1reas de conhecimentos. No entanto, para os cargos de M\u00e9dico, ser\u00e3o apenas 30 quest\u00f5es. <\/p>\n\n\n\n<p>A avalia\u00e7\u00e3o ser\u00e1 aplicada no munic\u00edpio de Toledo\/PR. Caso o n\u00famero de candidatos inscritos exceda a oferta de lugares existentes, a banca se reserva ao direito de alocar os locais de prova em cidades pr\u00f3ximas.<\/p>\n\n\n\n<div class=\"wp-block-image\"><figure class=\"aligncenter size-full\"><img loading=\"lazy\" decoding=\"async\" width=\"696\" height=\"528\" src=\"https:\/\/dhg1h5j42swfq.cloudfront.net\/2022\/02\/02144516\/image-41.png\" alt=\"Prova Objetiva do edital Prefeitura de Toledo\" class=\"wp-image-960281\" srcset=\"https:\/\/dhg1h5j42swfq.cloudfront.net\/2022\/02\/02144516\/image-41.png 696w, https:\/\/dhg1h5j42swfq.cloudfront.net\/2022\/02\/02144516\/image-41-300x228.png 300w, https:\/\/dhg1h5j42swfq.cloudfront.net\/2022\/02\/02144516\/image-41-610x463.png 610w\" sizes=\"auto, (max-width: 696px) 100vw, 696px\" \/><\/figure><\/div>\n\n\n\n<div class=\"wp-block-image\"><figure class=\"aligncenter size-full\"><img loading=\"lazy\" decoding=\"async\" width=\"692\" height=\"229\" src=\"https:\/\/dhg1h5j42swfq.cloudfront.net\/2022\/02\/02144528\/image-42.png\" alt=\"\" class=\"wp-image-960282\" srcset=\"https:\/\/dhg1h5j42swfq.cloudfront.net\/2022\/02\/02144528\/image-42.png 692w, https:\/\/dhg1h5j42swfq.cloudfront.net\/2022\/02\/02144528\/image-42-300x99.png 300w, https:\/\/dhg1h5j42swfq.cloudfront.net\/2022\/02\/02144528\/image-42-610x202.png 610w\" sizes=\"auto, (max-width: 692px) 100vw, 692px\" \/><\/figure><\/div>\n\n\n\n<div class=\"wp-block-image\"><figure class=\"aligncenter size-full\"><img loading=\"lazy\" decoding=\"async\" width=\"692\" height=\"383\" src=\"https:\/\/dhg1h5j42swfq.cloudfront.net\/2022\/02\/02144539\/image-43.png\" alt=\"\" class=\"wp-image-960283\" srcset=\"https:\/\/dhg1h5j42swfq.cloudfront.net\/2022\/02\/02144539\/image-43.png 692w, https:\/\/dhg1h5j42swfq.cloudfront.net\/2022\/02\/02144539\/image-43-300x166.png 300w, https:\/\/dhg1h5j42swfq.cloudfront.net\/2022\/02\/02144539\/image-43-610x338.png 610w\" sizes=\"auto, (max-width: 692px) 100vw, 692px\" \/><\/figure><\/div>\n\n\n\n<h3 class=\"wp-block-heading\" id=\"titulos\">Teste de Aptid\u00e3o F\u00edsica<\/h3>\n\n\n\n<p>O Teste de Aptid\u00e3o F\u00edsica de car\u00e1ter eliminat\u00f3rio, ser\u00e1 aplicado aos cargos de Auxiliar em Opera\u00e7\u00e3o e Manuten\u00e7\u00e3o I, Auxiliar em Servi\u00e7os Gerais I, Cozinheiro I, Mec\u00e2nico I, Motorista I, Operador de Equipamentos I, Torneiro Mec\u00e2nico I e Cuidador Social I.<\/p>\n\n\n\n<p>Entretanto, s\u00f3 participar\u00e3o do Teste de Aptid\u00e3o os candidatos aprovados na de provas objetiva. O exame est\u00e1 previsto para ocorrer entre os dias 18 e 19 de junho de 2022.<\/p>\n\n\n\n<h3 class=\"wp-block-heading\" id=\"pratica\">Prova Pr\u00e1tica<\/h3>\n\n\n\n<p>A Prova Pr\u00e1tica, de car\u00e1ter eliminat\u00f3rio e classificat\u00f3rio, ser\u00e1 aplicada aos cargos de Mec\u00e2nico I, Motorista I, Operador de Equipamentos I, Torneiro Mec\u00e2nico.<\/p>\n\n\n\n<p>O candidato dever\u00e1 obter nota igual ou superior a 50 pontos, numa escala de 0 a 100 pontos, na prova pr\u00e1tica, para n\u00e3o ser eliminado do certame.<\/p>\n\n\n\n<p>Al\u00e9m disso, avalia\u00e7\u00e3o pr\u00e1tica do edital Prefeitura de Toledo ser\u00e1 realizada e avaliada de acordo com o prescrito nas tabelas a seguir:<\/p>\n\n\n\n<p style=\"font-size:clamp(14.642px, 0.915rem + ((1vw - 3.2px) * 0.721), 22px);\"><strong>Mec\u00e2nico I<\/strong><\/p>\n\n\n\n<div class=\"wp-block-image\"><figure class=\"aligncenter size-full\"><img loading=\"lazy\" decoding=\"async\" width=\"723\" height=\"291\" src=\"https:\/\/dhg1h5j42swfq.cloudfront.net\/2022\/02\/02145506\/image-44.png\" alt=\"Prova Pr\u00e1tica do edital Prefeitura de Toledo\" class=\"wp-image-960298\" srcset=\"https:\/\/dhg1h5j42swfq.cloudfront.net\/2022\/02\/02145506\/image-44.png 723w, https:\/\/dhg1h5j42swfq.cloudfront.net\/2022\/02\/02145506\/image-44-300x121.png 300w, https:\/\/dhg1h5j42swfq.cloudfront.net\/2022\/02\/02145506\/image-44-610x246.png 610w\" sizes=\"auto, (max-width: 723px) 100vw, 723px\" \/><\/figure><\/div>\n\n\n\n<p style=\"font-size:clamp(14.642px, 0.915rem + ((1vw - 3.2px) * 0.721), 22px);\"><strong>Motorista I <\/strong><\/p>\n\n\n\n<div class=\"wp-block-image\"><figure class=\"aligncenter size-full\"><img loading=\"lazy\" decoding=\"async\" width=\"729\" height=\"807\" src=\"https:\/\/dhg1h5j42swfq.cloudfront.net\/2022\/02\/02145554\/image-45.png\" alt=\"Prova Pr\u00e1tica do edital Prefeitura de Toledo\" class=\"wp-image-960299\" srcset=\"https:\/\/dhg1h5j42swfq.cloudfront.net\/2022\/02\/02145554\/image-45.png 729w, https:\/\/dhg1h5j42swfq.cloudfront.net\/2022\/02\/02145554\/image-45-271x300.png 271w, https:\/\/dhg1h5j42swfq.cloudfront.net\/2022\/02\/02145554\/image-45-610x675.png 610w\" sizes=\"auto, (max-width: 729px) 100vw, 729px\" \/><\/figure><\/div>\n\n\n\n<p style=\"font-size:clamp(14.642px, 0.915rem + ((1vw - 3.2px) * 0.721), 22px);\"><strong>Operador de Equipamentos I e Torneiro Mec\u00e2nico I<\/strong><\/p>\n\n\n\n<div class=\"wp-block-image\"><figure class=\"aligncenter size-full\"><img loading=\"lazy\" decoding=\"async\" width=\"726\" height=\"397\" src=\"https:\/\/dhg1h5j42swfq.cloudfront.net\/2022\/02\/02145608\/image-46.png\" alt=\"\" class=\"wp-image-960300\" srcset=\"https:\/\/dhg1h5j42swfq.cloudfront.net\/2022\/02\/02145608\/image-46.png 726w, https:\/\/dhg1h5j42swfq.cloudfront.net\/2022\/02\/02145608\/image-46-300x164.png 300w, https:\/\/dhg1h5j42swfq.cloudfront.net\/2022\/02\/02145608\/image-46-610x334.png 610w\" sizes=\"auto, (max-width: 726px) 100vw, 726px\" \/><\/figure><\/div>\n\n\n\n<p class=\"has-text-align-center\"><strong>Para saber mais acerca do edital Prefeitura de Toledo, basta acessar o link abaixo! Preparamos um artigo muito mais completo para voc\u00ea:<\/strong><\/p>\n\n\n\n<p class=\"has-text-align-center has-background\" style=\"background-color:#ecf0f4;font-size:clamp(14.642px, 0.915rem + ((1vw - 3.2px) * 0.721), 22px);\"><strong>Saiba mais: <a href=\"https:\/\/www.estrategiaconcursos.com.br\/blog\/concurso-prefeitura-de-toledo\/\" target=\"_blank\" rel=\"noreferrer noopener\">Concurso de Toledo<\/a><\/strong><\/p>\n\n\n\n<hr class=\"wp-block-separator\"\/>\n\n\n\n<h2 class=\"has-text-align-center wp-block-heading\" id=\"cursos-assinatura\">Quer estudar para o edital Prefeitura de Toledo?<\/h2>\n\n\n\n<div class=\"container\" id=\"boxes\">\n  <div class=\"row\">\n\n    <div class=\"col-sm\">\n      <div class=\"banner-estrategia\" id=\"box-assinatura\">\n        <h3 class=\"titulo-assinatura\">Prefeitura de Toledo<\/h3>\n        <p class=\"subtitulo-assinatura\">Estude conosco para o concurso<\/p>\n        <div class=\"box-botao\">\n          <a class=\"btn-assinatura\" target=\"_blank\" href=\"https:\/\/www.estrategiaconcursos.com.br\/cursosPorConcurso\/prefeitura-municipal-de-toledo-pr\/\" role=\"button\" rel=\"noopener noreferrer\">Conhe\u00e7a os cursos<\/a>\n        <\/div>\n      <\/div>\n   \n    <\/div>\n\n  <\/div>\n<\/div>\n\n\n\n<div class=\"container\" id=\"boxes\">\n  <div class=\"row\">\n\n    <div class=\"col-sm\">\n      <div class=\"estrategia\" id=\"box-assinatura\">\n        <h3 class=\"titulo-assinatura\"> Concursos P\u00fablicos\n        <p class=\"subtitulo-assinatura\">Assinatura de 1 ano ou 2 anos<\/p>\n        <div class=\"box-botao\">\n          <a class=\"btn-assinatura\" target=\"_blank\" href=\"https:\/\/www.estrategiaconcursos.com.br\/assinaturas\/\" role=\"button\" rel=\"noopener noreferrer\">ASSINE AGORA<\/a>\n        <\/div>\n      <\/h3><\/div><\/div><\/div><\/div>\n\n\n\n<h2 class=\"has-text-align-center wp-block-heading\" id=\"quer-saber-tudo-sobre-concursos-previstos-confira-nossos-artigos\">Quer saber tudo sobre concursos previstos?<br \/>Confira nossos artigos!<\/h2>\n\n\n\n<ul class=\"wp-block-list\"><li><a target=\"_blank\" href=\"https:\/\/www.estrategiaconcursos.com.br\/blog\/concursos-abertos\/\" rel=\"noreferrer noopener\">Concursos abertos<\/a><\/li><li><a target=\"_blank\" href=\"https:\/\/www.estrategiaconcursos.com.br\/blog\/concursos-2022\/\" rel=\"noreferrer noopener\">Concursos 2022<\/a><\/li><\/ul>\n\n\n\n<figure class=\"wp-block-image is-resized\"><img loading=\"lazy\" decoding=\"async\" src=\"https:\/\/dhg1h5j42swfq.cloudfront.net\/2021\/07\/06093407\/ficha-tecnica-1-1024x632.png\" alt=\"Ficha T\u00e9cnica Concurso prefeitura de Toledo PR\" class=\"wp-image-788054\" width=\"313\" height=\"193\" srcset=\"https:\/\/dhg1h5j42swfq.cloudfront.net\/2021\/07\/06093407\/ficha-tecnica-1-1024x632.png 1024w, https:\/\/dhg1h5j42swfq.cloudfront.net\/2021\/07\/06093407\/ficha-tecnica-1-300x185.png 300w, https:\/\/dhg1h5j42swfq.cloudfront.net\/2021\/07\/06093407\/ficha-tecnica-1-768x474.png 768w, https:\/\/dhg1h5j42swfq.cloudfront.net\/2021\/07\/06093407\/ficha-tecnica-1-1536x948.png 1536w, https:\/\/dhg1h5j42swfq.cloudfront.net\/2021\/07\/06093407\/ficha-tecnica-1-610x377.png 610w, https:\/\/dhg1h5j42swfq.cloudfront.net\/2021\/07\/06093407\/ficha-tecnica-1.png 1571w\" sizes=\"auto, (max-width: 313px) 100vw, 313px\" \/><\/figure>\n\n\n\n<h3 class=\"wp-block-heading\" id=\"ficha-tecnica\">Informa\u00e7\u00f5es do edital Prefeitura de Toledo <\/h3>\n\n\n\n<ul class=\"wp-block-list\"><li><strong>Data da prova:&nbsp;<\/strong>03\/04\/2022<\/li><li><strong>Vagas:&nbsp;<\/strong>41 + CR<\/li><li><strong>Banca:&nbsp;<\/strong>Funda\u00e7\u00e3o Fafipa<\/li><li><strong>Escolaridade:<\/strong>&nbsp;N\u00edveis fundamental, m\u00e9dio e superior<\/li><li><strong>Editais:<\/strong>&nbsp;<a href=\"https:\/\/dhg1h5j42swfq.cloudfront.net\/2022\/02\/02141311\/1.pdf\" target=\"_blank\" rel=\"noreferrer noopener nofollow\">01\/2022<\/a>&nbsp;|&nbsp;<a href=\"https:\/\/dhg1h5j42swfq.cloudfront.net\/2022\/02\/02141315\/2.pdf\" target=\"_blank\" rel=\"noreferrer noopener nofollow\">02\/2022<\/a><\/li><\/ul>\n","protected":false},"excerpt":{"rendered":"<p>As inscri\u00e7\u00f5es do concurso da Prefeitura de Toledo, no Paran\u00e1, est\u00e3o encerradas. Para se inscrever, foi necess\u00e1rio acessar o site da banca organizadora do concurso, a Funda\u00e7\u00e3o Fafipa, at\u00e9 o dia 03 de mar\u00e7o. Os editais ofertam 41 vagas mais CR para diversas oportunidades de n\u00edveis fundamental, m\u00e9dio e superior. Os sal\u00e1rios iniciais podem chegar [&hellip;]<\/p>\n","protected":false},"author":656,"featured_media":961374,"comment_status":"open","ping_status":"closed","sticky":false,"template":"","format":"standard","meta":{"post_tipo":"news","footnotes":""},"categories":[214992,220219],"tags":[],"tax_estado":[219981],"class_list":["post-960252","post","type-post","status-publish","format-standard","has-post-thumbnail","hentry","category-concursos-administrativos","category-noticias","tax_estado-pr"],"acf":[],"yoast_head":"<!-- This site is optimized with the Yoast SEO Premium plugin v27.2 (Yoast SEO v27.2) - https:\/\/yoast.com\/product\/yoast-seo-premium-wordpress\/ -->\n<title>Edital Prefeitura de Toledo: inscri\u00e7\u00f5es ENCERRADAS!<\/title>\n<meta name=\"description\" content=\"Edital Prefeitura de Toledo: inscri\u00e7\u00f5es encerradas! Vagas s\u00e3o ofertadas para cargos de n\u00edveis fundamental, m\u00e9dio e superior.\" \/>\n<meta name=\"robots\" content=\"index, follow, max-snippet:-1, max-image-preview:large, max-video-preview:-1\" \/>\n<link rel=\"canonical\" href=\"https:\/\/www.estrategiaconcursos.com.br\/blog\/edital-prefeitura-de-toledo\/\" \/>\n<meta property=\"og:locale\" content=\"pt_BR\" \/>\n<meta property=\"og:type\" content=\"article\" \/>\n<meta property=\"og:title\" content=\"Edital Prefeitura de Toledo: inscri\u00e7\u00f5es ENCERRADAS!\" \/>\n<meta property=\"og:description\" content=\"Edital Prefeitura de Toledo: inscri\u00e7\u00f5es encerradas! Vagas s\u00e3o ofertadas para cargos de n\u00edveis fundamental, m\u00e9dio e superior.\" \/>\n<meta property=\"og:url\" content=\"https:\/\/www.estrategiaconcursos.com.br\/blog\/edital-prefeitura-de-toledo\/\" \/>\n<meta property=\"og:site_name\" content=\"Estrat\u00e9gia Concursos\" \/>\n<meta property=\"article:published_time\" content=\"2022-03-04T02:59:00+00:00\" \/>\n<meta property=\"article:modified_time\" content=\"2022-03-04T15:04:08+00:00\" \/>\n<meta property=\"og:image\" content=\"https:\/\/dhg1h5j42swfq.cloudfront.net\/2022\/02\/04091507\/prefeitura-de-toledo-pr.jpg\" \/>\n\t<meta property=\"og:image:width\" content=\"768\" \/>\n\t<meta property=\"og:image:height\" content=\"432\" \/>\n\t<meta property=\"og:image:type\" content=\"image\/jpeg\" \/>\n<meta name=\"author\" content=\"F\u00e1bio Scaldelai\" \/>\n<meta name=\"twitter:card\" content=\"summary_large_image\" \/>\n<meta name=\"twitter:creator\" content=\"@EstratConcursos\" \/>\n<meta name=\"twitter:site\" content=\"@EstratConcursos\" \/>\n<meta name=\"twitter:label1\" content=\"Escrito por\" \/>\n\t<meta name=\"twitter:data1\" content=\"F\u00e1bio Scaldelai\" \/>\n\t<meta name=\"twitter:label2\" content=\"Est. tempo de leitura\" \/>\n\t<meta name=\"twitter:data2\" content=\"6 minutos\" \/>\n<script type=\"application\/ld+json\" class=\"yoast-schema-graph\">{\"@context\":\"https:\/\/schema.org\",\"@graph\":[{\"@type\":\"NewsArticle\",\"@id\":\"https:\/\/www.estrategiaconcursos.com.br\/blog\/edital-prefeitura-de-toledo\/#article\",\"isPartOf\":{\"@id\":\"https:\/\/www.estrategiaconcursos.com.br\/blog\/edital-prefeitura-de-toledo\/\"},\"author\":{\"name\":\"F\u00e1bio Scaldelai\",\"@id\":\"https:\/\/www.estrategiaconcursos.com.br\/blog\/#\/schema\/person\/e3b6b7ce0192dd4ad270655969d61750\"},\"headline\":\"Edital Prefeitura de Toledo: inscri\u00e7\u00f5es ENCERRADAS!\",\"datePublished\":\"2022-03-04T02:59:00+00:00\",\"dateModified\":\"2022-03-04T15:04:08+00:00\",\"mainEntityOfPage\":{\"@id\":\"https:\/\/www.estrategiaconcursos.com.br\/blog\/edital-prefeitura-de-toledo\/\"},\"wordCount\":799,\"commentCount\":0,\"publisher\":{\"@id\":\"https:\/\/www.estrategiaconcursos.com.br\/blog\/#organization\"},\"image\":{\"@id\":\"https:\/\/www.estrategiaconcursos.com.br\/blog\/edital-prefeitura-de-toledo\/#primaryimage\"},\"thumbnailUrl\":\"https:\/\/dhg1h5j42swfq.cloudfront.net\/2022\/02\/04091507\/prefeitura-de-toledo-pr.jpg\",\"articleSection\":[\"Executivo (Administrativa)\",\"\u00daltimas not\u00edcias\"],\"inLanguage\":\"pt-BR\",\"potentialAction\":[{\"@type\":\"CommentAction\",\"name\":\"Comment\",\"target\":[\"https:\/\/www.estrategiaconcursos.com.br\/blog\/edital-prefeitura-de-toledo\/#respond\"]}],\"copyrightYear\":\"2022\",\"copyrightHolder\":{\"@id\":\"https:\/\/www.estrategiaconcursos.com.br\/blog\/#organization\"}},{\"@type\":\"WebPage\",\"@id\":\"https:\/\/www.estrategiaconcursos.com.br\/blog\/edital-prefeitura-de-toledo\/\",\"url\":\"https:\/\/www.estrategiaconcursos.com.br\/blog\/edital-prefeitura-de-toledo\/\",\"name\":\"Edital Prefeitura de Toledo: inscri\u00e7\u00f5es ENCERRADAS!\",\"isPartOf\":{\"@id\":\"https:\/\/www.estrategiaconcursos.com.br\/blog\/#website\"},\"primaryImageOfPage\":{\"@id\":\"https:\/\/www.estrategiaconcursos.com.br\/blog\/edital-prefeitura-de-toledo\/#primaryimage\"},\"image\":{\"@id\":\"https:\/\/www.estrategiaconcursos.com.br\/blog\/edital-prefeitura-de-toledo\/#primaryimage\"},\"thumbnailUrl\":\"https:\/\/dhg1h5j42swfq.cloudfront.net\/2022\/02\/04091507\/prefeitura-de-toledo-pr.jpg\",\"datePublished\":\"2022-03-04T02:59:00+00:00\",\"dateModified\":\"2022-03-04T15:04:08+00:00\",\"description\":\"Edital Prefeitura de Toledo: inscri\u00e7\u00f5es encerradas! Vagas s\u00e3o ofertadas para cargos de n\u00edveis fundamental, m\u00e9dio e superior.\",\"breadcrumb\":{\"@id\":\"https:\/\/www.estrategiaconcursos.com.br\/blog\/edital-prefeitura-de-toledo\/#breadcrumb\"},\"inLanguage\":\"pt-BR\",\"potentialAction\":[{\"@type\":\"ReadAction\",\"target\":[\"https:\/\/www.estrategiaconcursos.com.br\/blog\/edital-prefeitura-de-toledo\/\"]}]},{\"@type\":\"ImageObject\",\"inLanguage\":\"pt-BR\",\"@id\":\"https:\/\/www.estrategiaconcursos.com.br\/blog\/edital-prefeitura-de-toledo\/#primaryimage\",\"url\":\"https:\/\/dhg1h5j42swfq.cloudfront.net\/2022\/02\/04091507\/prefeitura-de-toledo-pr.jpg\",\"contentUrl\":\"https:\/\/dhg1h5j42swfq.cloudfront.net\/2022\/02\/04091507\/prefeitura-de-toledo-pr.jpg\",\"width\":768,\"height\":432},{\"@type\":\"BreadcrumbList\",\"@id\":\"https:\/\/www.estrategiaconcursos.com.br\/blog\/edital-prefeitura-de-toledo\/#breadcrumb\",\"itemListElement\":[{\"@type\":\"ListItem\",\"position\":1,\"name\":\"In\u00edcio\",\"item\":\"https:\/\/www.estrategiaconcursos.com.br\/blog\/\"},{\"@type\":\"ListItem\",\"position\":2,\"name\":\"Edital Prefeitura de Toledo: inscri\u00e7\u00f5es ENCERRADAS!\"}]},{\"@type\":\"WebSite\",\"@id\":\"https:\/\/www.estrategiaconcursos.com.br\/blog\/#website\",\"url\":\"https:\/\/www.estrategiaconcursos.com.br\/blog\/\",\"name\":\"Estrat\u00e9gia Concursos\",\"description\":\"O blog da Estrat\u00e9gia Concursos traz not\u00edcias sobre concursos e artigos de professores oferecendo cursos para concursos (pdf + videaulas) no site.\",\"publisher\":{\"@id\":\"https:\/\/www.estrategiaconcursos.com.br\/blog\/#organization\"},\"potentialAction\":[{\"@type\":\"SearchAction\",\"target\":{\"@type\":\"EntryPoint\",\"urlTemplate\":\"https:\/\/www.estrategiaconcursos.com.br\/blog\/?s={search_term_string}\"},\"query-input\":{\"@type\":\"PropertyValueSpecification\",\"valueRequired\":true,\"valueName\":\"search_term_string\"}}],\"inLanguage\":\"pt-BR\"},{\"@type\":\"Organization\",\"@id\":\"https:\/\/www.estrategiaconcursos.com.br\/blog\/#organization\",\"name\":\"Estrat\u00e9gia Concursos\",\"url\":\"https:\/\/www.estrategiaconcursos.com.br\/blog\/\",\"logo\":{\"@type\":\"ImageObject\",\"inLanguage\":\"pt-BR\",\"@id\":\"https:\/\/www.estrategiaconcursos.com.br\/blog\/#\/schema\/logo\/image\/\",\"url\":\"https:\/\/dhg1h5j42swfq.cloudfront.net\/2025\/06\/03203428\/logo_concursos-1.jpg\",\"contentUrl\":\"https:\/\/dhg1h5j42swfq.cloudfront.net\/2025\/06\/03203428\/logo_concursos-1.jpg\",\"width\":230,\"height\":60,\"caption\":\"Estrat\u00e9gia Concursos\"},\"image\":{\"@id\":\"https:\/\/www.estrategiaconcursos.com.br\/blog\/#\/schema\/logo\/image\/\"},\"sameAs\":[\"https:\/\/x.com\/EstratConcursos\"]},{\"@type\":\"Person\",\"@id\":\"https:\/\/www.estrategiaconcursos.com.br\/blog\/#\/schema\/person\/e3b6b7ce0192dd4ad270655969d61750\",\"name\":\"F\u00e1bio Scaldelai\",\"image\":{\"@type\":\"ImageObject\",\"inLanguage\":\"pt-BR\",\"@id\":\"https:\/\/secure.gravatar.com\/avatar\/8ed7492c4d88d8495bc0cb24cda6847b8ae23eec459a919e08e77d0ca0fd79ec?s=96&d=mm&r=g\",\"url\":\"https:\/\/secure.gravatar.com\/avatar\/8ed7492c4d88d8495bc0cb24cda6847b8ae23eec459a919e08e77d0ca0fd79ec?s=96&d=mm&r=g\",\"contentUrl\":\"https:\/\/secure.gravatar.com\/avatar\/8ed7492c4d88d8495bc0cb24cda6847b8ae23eec459a919e08e77d0ca0fd79ec?s=96&d=mm&r=g\",\"caption\":\"F\u00e1bio Scaldelai\"},\"description\":\"Jornalista no Estrat\u00e9gia Concursos e Produtor de Televis\u00e3o, formado em Jornalismo, R\u00e1dio e TV pela Faculdade Integrada Rio Branco, com especializa\u00e7\u00f5es em Gest\u00e3o Empresarial e Marketing pelo M\u00f3dulo. Atuou como produtor no SBT, TV Bandeirantes e R\u00e1dio Band FM, al\u00e9m de acumular tr\u00eas anos de experi\u00eancia no setor de concursos p\u00fablicos pela LFG (Luiz Fl\u00e1vio Gomes). No Estrat\u00e9gia Concursos, atua na apura\u00e7\u00e3o de not\u00edcias da \u00e1rea fiscal, al\u00e9m de coberturas sobre concursos das \u00e1reas de controle (TCU, TCE, etc), concurso AFT, \u00e1rea de gest\u00e3o e administrativa, bem como dos \u00f3rg\u00e3os participantes do CNU. Tamb\u00e9m possui experi\u00eancia em link building e an\u00e1lise de m\u00eddia, adquirida durante sua atua\u00e7\u00e3o na ag\u00eancia SEO Marketing.\",\"url\":\"https:\/\/www.estrategiaconcursos.com.br\/blog\/author\/fabio-scaldelaiestrategiaconcursos-com-br\/\"}]}<\/script>\n<!-- \/ Yoast SEO Premium plugin. -->","yoast_head_json":{"title":"Edital Prefeitura de Toledo: inscri\u00e7\u00f5es ENCERRADAS!","description":"Edital Prefeitura de Toledo: inscri\u00e7\u00f5es encerradas! Vagas s\u00e3o ofertadas para cargos de n\u00edveis fundamental, m\u00e9dio e superior.","robots":{"index":"index","follow":"follow","max-snippet":"max-snippet:-1","max-image-preview":"max-image-preview:large","max-video-preview":"max-video-preview:-1"},"canonical":"https:\/\/www.estrategiaconcursos.com.br\/blog\/edital-prefeitura-de-toledo\/","og_locale":"pt_BR","og_type":"article","og_title":"Edital Prefeitura de Toledo: inscri\u00e7\u00f5es ENCERRADAS!","og_description":"Edital Prefeitura de Toledo: inscri\u00e7\u00f5es encerradas! Vagas s\u00e3o ofertadas para cargos de n\u00edveis fundamental, m\u00e9dio e superior.","og_url":"https:\/\/www.estrategiaconcursos.com.br\/blog\/edital-prefeitura-de-toledo\/","og_site_name":"Estrat\u00e9gia Concursos","article_published_time":"2022-03-04T02:59:00+00:00","article_modified_time":"2022-03-04T15:04:08+00:00","og_image":[{"width":768,"height":432,"url":"https:\/\/dhg1h5j42swfq.cloudfront.net\/2022\/02\/04091507\/prefeitura-de-toledo-pr.jpg","type":"image\/jpeg"}],"author":"F\u00e1bio Scaldelai","twitter_card":"summary_large_image","twitter_creator":"@EstratConcursos","twitter_site":"@EstratConcursos","twitter_misc":{"Escrito por":"F\u00e1bio Scaldelai","Est. tempo de leitura":"6 minutos"},"schema":{"@context":"https:\/\/schema.org","@graph":[{"@type":"NewsArticle","@id":"https:\/\/www.estrategiaconcursos.com.br\/blog\/edital-prefeitura-de-toledo\/#article","isPartOf":{"@id":"https:\/\/www.estrategiaconcursos.com.br\/blog\/edital-prefeitura-de-toledo\/"},"author":{"name":"F\u00e1bio Scaldelai","@id":"https:\/\/www.estrategiaconcursos.com.br\/blog\/#\/schema\/person\/e3b6b7ce0192dd4ad270655969d61750"},"headline":"Edital Prefeitura de Toledo: inscri\u00e7\u00f5es ENCERRADAS!","datePublished":"2022-03-04T02:59:00+00:00","dateModified":"2022-03-04T15:04:08+00:00","mainEntityOfPage":{"@id":"https:\/\/www.estrategiaconcursos.com.br\/blog\/edital-prefeitura-de-toledo\/"},"wordCount":799,"commentCount":0,"publisher":{"@id":"https:\/\/www.estrategiaconcursos.com.br\/blog\/#organization"},"image":{"@id":"https:\/\/www.estrategiaconcursos.com.br\/blog\/edital-prefeitura-de-toledo\/#primaryimage"},"thumbnailUrl":"https:\/\/dhg1h5j42swfq.cloudfront.net\/2022\/02\/04091507\/prefeitura-de-toledo-pr.jpg","articleSection":["Executivo (Administrativa)","\u00daltimas not\u00edcias"],"inLanguage":"pt-BR","potentialAction":[{"@type":"CommentAction","name":"Comment","target":["https:\/\/www.estrategiaconcursos.com.br\/blog\/edital-prefeitura-de-toledo\/#respond"]}],"copyrightYear":"2022","copyrightHolder":{"@id":"https:\/\/www.estrategiaconcursos.com.br\/blog\/#organization"}},{"@type":"WebPage","@id":"https:\/\/www.estrategiaconcursos.com.br\/blog\/edital-prefeitura-de-toledo\/","url":"https:\/\/www.estrategiaconcursos.com.br\/blog\/edital-prefeitura-de-toledo\/","name":"Edital Prefeitura de Toledo: inscri\u00e7\u00f5es ENCERRADAS!","isPartOf":{"@id":"https:\/\/www.estrategiaconcursos.com.br\/blog\/#website"},"primaryImageOfPage":{"@id":"https:\/\/www.estrategiaconcursos.com.br\/blog\/edital-prefeitura-de-toledo\/#primaryimage"},"image":{"@id":"https:\/\/www.estrategiaconcursos.com.br\/blog\/edital-prefeitura-de-toledo\/#primaryimage"},"thumbnailUrl":"https:\/\/dhg1h5j42swfq.cloudfront.net\/2022\/02\/04091507\/prefeitura-de-toledo-pr.jpg","datePublished":"2022-03-04T02:59:00+00:00","dateModified":"2022-03-04T15:04:08+00:00","description":"Edital Prefeitura de Toledo: inscri\u00e7\u00f5es encerradas! Vagas s\u00e3o ofertadas para cargos de n\u00edveis fundamental, m\u00e9dio e superior.","breadcrumb":{"@id":"https:\/\/www.estrategiaconcursos.com.br\/blog\/edital-prefeitura-de-toledo\/#breadcrumb"},"inLanguage":"pt-BR","potentialAction":[{"@type":"ReadAction","target":["https:\/\/www.estrategiaconcursos.com.br\/blog\/edital-prefeitura-de-toledo\/"]}]},{"@type":"ImageObject","inLanguage":"pt-BR","@id":"https:\/\/www.estrategiaconcursos.com.br\/blog\/edital-prefeitura-de-toledo\/#primaryimage","url":"https:\/\/dhg1h5j42swfq.cloudfront.net\/2022\/02\/04091507\/prefeitura-de-toledo-pr.jpg","contentUrl":"https:\/\/dhg1h5j42swfq.cloudfront.net\/2022\/02\/04091507\/prefeitura-de-toledo-pr.jpg","width":768,"height":432},{"@type":"BreadcrumbList","@id":"https:\/\/www.estrategiaconcursos.com.br\/blog\/edital-prefeitura-de-toledo\/#breadcrumb","itemListElement":[{"@type":"ListItem","position":1,"name":"In\u00edcio","item":"https:\/\/www.estrategiaconcursos.com.br\/blog\/"},{"@type":"ListItem","position":2,"name":"Edital Prefeitura de Toledo: inscri\u00e7\u00f5es ENCERRADAS!"}]},{"@type":"WebSite","@id":"https:\/\/www.estrategiaconcursos.com.br\/blog\/#website","url":"https:\/\/www.estrategiaconcursos.com.br\/blog\/","name":"Estrat\u00e9gia Concursos","description":"O blog da Estrat\u00e9gia Concursos traz not\u00edcias sobre concursos e artigos de professores oferecendo cursos para concursos (pdf + videaulas) no site.","publisher":{"@id":"https:\/\/www.estrategiaconcursos.com.br\/blog\/#organization"},"potentialAction":[{"@type":"SearchAction","target":{"@type":"EntryPoint","urlTemplate":"https:\/\/www.estrategiaconcursos.com.br\/blog\/?s={search_term_string}"},"query-input":{"@type":"PropertyValueSpecification","valueRequired":true,"valueName":"search_term_string"}}],"inLanguage":"pt-BR"},{"@type":"Organization","@id":"https:\/\/www.estrategiaconcursos.com.br\/blog\/#organization","name":"Estrat\u00e9gia Concursos","url":"https:\/\/www.estrategiaconcursos.com.br\/blog\/","logo":{"@type":"ImageObject","inLanguage":"pt-BR","@id":"https:\/\/www.estrategiaconcursos.com.br\/blog\/#\/schema\/logo\/image\/","url":"https:\/\/dhg1h5j42swfq.cloudfront.net\/2025\/06\/03203428\/logo_concursos-1.jpg","contentUrl":"https:\/\/dhg1h5j42swfq.cloudfront.net\/2025\/06\/03203428\/logo_concursos-1.jpg","width":230,"height":60,"caption":"Estrat\u00e9gia Concursos"},"image":{"@id":"https:\/\/www.estrategiaconcursos.com.br\/blog\/#\/schema\/logo\/image\/"},"sameAs":["https:\/\/x.com\/EstratConcursos"]},{"@type":"Person","@id":"https:\/\/www.estrategiaconcursos.com.br\/blog\/#\/schema\/person\/e3b6b7ce0192dd4ad270655969d61750","name":"F\u00e1bio Scaldelai","image":{"@type":"ImageObject","inLanguage":"pt-BR","@id":"https:\/\/secure.gravatar.com\/avatar\/8ed7492c4d88d8495bc0cb24cda6847b8ae23eec459a919e08e77d0ca0fd79ec?s=96&d=mm&r=g","url":"https:\/\/secure.gravatar.com\/avatar\/8ed7492c4d88d8495bc0cb24cda6847b8ae23eec459a919e08e77d0ca0fd79ec?s=96&d=mm&r=g","contentUrl":"https:\/\/secure.gravatar.com\/avatar\/8ed7492c4d88d8495bc0cb24cda6847b8ae23eec459a919e08e77d0ca0fd79ec?s=96&d=mm&r=g","caption":"F\u00e1bio Scaldelai"},"description":"Jornalista no Estrat\u00e9gia Concursos e Produtor de Televis\u00e3o, formado em Jornalismo, R\u00e1dio e TV pela Faculdade Integrada Rio Branco, com especializa\u00e7\u00f5es em Gest\u00e3o Empresarial e Marketing pelo M\u00f3dulo. Atuou como produtor no SBT, TV Bandeirantes e R\u00e1dio Band FM, al\u00e9m de acumular tr\u00eas anos de experi\u00eancia no setor de concursos p\u00fablicos pela LFG (Luiz Fl\u00e1vio Gomes). No Estrat\u00e9gia Concursos, atua na apura\u00e7\u00e3o de not\u00edcias da \u00e1rea fiscal, al\u00e9m de coberturas sobre concursos das \u00e1reas de controle (TCU, TCE, etc), concurso AFT, \u00e1rea de gest\u00e3o e administrativa, bem como dos \u00f3rg\u00e3os participantes do CNU. Tamb\u00e9m possui experi\u00eancia em link building e an\u00e1lise de m\u00eddia, adquirida durante sua atua\u00e7\u00e3o na ag\u00eancia SEO Marketing.","url":"https:\/\/www.estrategiaconcursos.com.br\/blog\/author\/fabio-scaldelaiestrategiaconcursos-com-br\/"}]}},"_links":{"self":[{"href":"https:\/\/www.estrategiaconcursos.com.br\/blog\/wp-json\/wp\/v2\/posts\/960252","targetHints":{"allow":["GET"]}}],"collection":[{"href":"https:\/\/www.estrategiaconcursos.com.br\/blog\/wp-json\/wp\/v2\/posts"}],"about":[{"href":"https:\/\/www.estrategiaconcursos.com.br\/blog\/wp-json\/wp\/v2\/types\/post"}],"author":[{"embeddable":true,"href":"https:\/\/www.estrategiaconcursos.com.br\/blog\/wp-json\/wp\/v2\/users\/656"}],"replies":[{"embeddable":true,"href":"https:\/\/www.estrategiaconcursos.com.br\/blog\/wp-json\/wp\/v2\/comments?post=960252"}],"version-history":[{"count":32,"href":"https:\/\/www.estrategiaconcursos.com.br\/blog\/wp-json\/wp\/v2\/posts\/960252\/revisions"}],"predecessor-version":[{"id":980655,"href":"https:\/\/www.estrategiaconcursos.com.br\/blog\/wp-json\/wp\/v2\/posts\/960252\/revisions\/980655"}],"wp:featuredmedia":[{"embeddable":true,"href":"https:\/\/www.estrategiaconcursos.com.br\/blog\/wp-json\/wp\/v2\/media\/961374"}],"wp:attachment":[{"href":"https:\/\/www.estrategiaconcursos.com.br\/blog\/wp-json\/wp\/v2\/media?parent=960252"}],"wp:term":[{"taxonomy":"category","embeddable":true,"href":"https:\/\/www.estrategiaconcursos.com.br\/blog\/wp-json\/wp\/v2\/categories?post=960252"},{"taxonomy":"post_tag","embeddable":true,"href":"https:\/\/www.estrategiaconcursos.com.br\/blog\/wp-json\/wp\/v2\/tags?post=960252"},{"taxonomy":"tax_estado","embeddable":true,"href":"https:\/\/www.estrategiaconcursos.com.br\/blog\/wp-json\/wp\/v2\/tax_estado?post=960252"}],"curies":[{"name":"wp","href":"https:\/\/api.w.org\/{rel}","templated":true}]}}