{"id":959617,"date":"2022-02-01T16:46:48","date_gmt":"2022-02-01T19:46:48","guid":{"rendered":"https:\/\/www.estrategiaconcursos.com.br\/blog\/?p=959617"},"modified":"2022-02-01T16:50:49","modified_gmt":"2022-02-01T19:50:49","slug":"possibilidade-de-recurso-na-prova-do-ibama-analista-nocoes-de-regulacao","status":"publish","type":"post","link":"https:\/\/www.estrategiaconcursos.com.br\/blog\/possibilidade-de-recurso-na-prova-do-ibama-analista-nocoes-de-regulacao\/","title":{"rendered":"Possibilidade de Recurso na prova do Ibama (Analista) &#8211; No\u00e7\u00f5es de Regula\u00e7\u00e3o"},"content":{"rendered":"\n<p>Ol\u00e1 pessoal!<\/p>\n\n\n\n<p>Hoje foi divulgado o gabarito preliminar do Ibama, e embora esteja de acordo com o gabarito extraoficial (<a href=\"https:\/\/www.youtube.com\/watch?v=OQ8k1ZSMPZA\">https:\/\/www.youtube.com\/watch?v=OQ8k1ZSMPZA<\/a>) que fiz antes dessa divulga\u00e7\u00e3o, h\u00e1 uma quest\u00e3o que, acredito, d\u00e1 margem para interpreta\u00e7\u00e3o diversa. Eu comentei, no v\u00eddeo, que o Cebraspe provavelmente consideraria correta no gabarito preliminar (e o fez), e que ajudaria com o recurso caso isso ocorresse.<\/p>\n\n\n\n<p>Refiro-me \u00e0 seguinte quest\u00e3o (a numera\u00e7\u00e3o pode variar na sua prova, ent\u00e3o o vale \u00e9 o enunciado):<\/p>\n\n\n\n<blockquote class=\"wp-block-quote is-layout-flow wp-block-quote-is-layout-flow\"><p>44. Determinado projeto de lei prop\u00f5e que ve\u00edculos el\u00e9tricos ou h\u00edbridos sejam isentos do imposto sobre produtos industrializados (IPI), bem como que sejam reduzidas a zero as al\u00edquotas do PIS\/PASEP e da COFINS incidentes na venda de carros el\u00e9tricos. Nessa situa\u00e7\u00e3o, se aprovado o projeto de lei, a concess\u00e3o de benef\u00edcios fiscais a ve\u00edculos automotores que n\u00e3o emitem poluentes atmosf\u00e9ricos promover\u00e1, segundo a teoria econ\u00f4mica da regula\u00e7\u00e3o, internaliza\u00e7\u00e3o de benef\u00edcios econ\u00f4mico-sociais decorrentes da diminui\u00e7\u00e3o da polui\u00e7\u00e3o atmosf\u00e9rica em centros urbanos, com reflexo na sa\u00fade p\u00fablica da popula\u00e7\u00e3o e no custo privado da produ\u00e7\u00e3o e comercializa\u00e7\u00e3o desses ve\u00edculos.<\/p><\/blockquote>\n\n\n\n<p>O gabarito preliminar \u00e9 <strong>Certo<\/strong>. Contudo, h\u00e1 um problema: o que ocorre n\u00e3o \u00e9 internaliza\u00e7\u00e3o do benef\u00edcio social (externalidade positiva) provocado pelos carros el\u00e9tricos. O que ocorre \u00e9 <strong>internaliza\u00e7\u00e3o dos custos sociais (externalidade negativa) provocados pelos carros \u00e0 combust\u00e3o<\/strong>.<\/p>\n\n\n\n<p>Em outras palavras, n\u00e3o h\u00e1 subs\u00eddio, nem efeito positivo de carros el\u00e9tricos. O que haver\u00e1 \u00e9 isen\u00e7\u00e3o de impostos para carros el\u00e9tricos, mantendo a tributa\u00e7\u00e3o dos carros \u00e0 combust\u00e3o (mais poluentes), e tornando-os relativamente mais caros. Dessa forma, busca-se tornar os carros el\u00e9tricos mais competitivos e atraentes ao consumidor, que reduzir\u00e1 o uso de carros n\u00e3o-el\u00e9tricos e, consequentemente, reduzir\u00e1 as externalidades negativas dos motores que emitem poluentes.<\/p>\n\n\n\n<p>O efeito \u00e9 o mesmo (uma redu\u00e7\u00e3o de custo social equivale ao aumento de um benef\u00edcio social), mas a causa n\u00e3o \u00e9 a esma! E a quest\u00e3o estabelece claramente a causa, e por isso est\u00e1 equivocada.<\/p>\n\n\n\n<p>Nessa linha, lembremos o que \u00e9 internaliza\u00e7\u00e3o de externalidades:<\/p>\n\n\n\n<blockquote class=\"wp-block-quote is-layout-flow wp-block-quote-is-layout-flow\"><p>(&#8230;) a externalidade \u00e9 internalizada \u2013 ela \u00e9 levada em conta pela parte que gera a externalidade.<\/p><p>Rosen, Harvey; Gayer, Ted. Finan\u00e7as p\u00fablicas (p. 83). Edi\u00e7\u00e3o do Kindle.<\/p><\/blockquote>\n\n\n\n<p>Na mesma linha, temos:<\/p>\n\n\n\n<blockquote class=\"wp-block-quote is-layout-flow wp-block-quote-is-layout-flow\"><p>Como vimos, a externalidade ocorre porque os agentes econ\u00f4micos n\u00e3o incorporam integralmente os benef\u00edcios ou custos das suas a\u00e7\u00f5es. Uma poss\u00edvel solu\u00e7\u00e3o para esse problema \u00e9 internalizar a externalidade, ou seja, fazer com que os indiv\u00edduos assumam integralmente a responsabilidade dos seus atos.<\/p><p>Arvate, Paulo; Biderman, Ciro. Economia do setor p\u00fablico no Brasil (Locais do Kindle 1472-1475). GEN Atlas. Edi\u00e7\u00e3o do Kindle.<\/p><\/blockquote>\n\n\n\n<p>O exemplo a seguir, embora destaque outros tipos de bens, exp\u00f5e essencialmente o mesmo problema (externalidades negativas):<\/p>\n\n\n\n<blockquote class=\"wp-block-quote is-layout-flow wp-block-quote-is-layout-flow\"><p>A imposi\u00e7\u00e3o de tributos seletivos sobre \u00e1lcool, fumo e combust\u00edveis visa a internalizar as externalidades geradas pelo consumo desses bens. Assim, as elevadas al\u00edquotas sobre cigarro e bebidas justificam-se pelos custos sociais e hospitalares do alcoolismo e pelos riscos para a sa\u00fade do uso continuado do fumo. Esses custos n\u00e3o est\u00e3o contabilizados nos pre\u00e7os de mercado e, portanto, conduzem a um excesso de consumo desses bens.<\/p><p>Arvate, Paulo; Biderman, Ciro. Economia do setor p\u00fablico no Brasil (Locais do Kindle 7024-7028). GEN Atlas. Edi\u00e7\u00e3o do Kindle.<\/p><\/blockquote>\n\n\n\n<p>Sendo assim, na situa\u00e7\u00e3o exposta na quest\u00e3o, haver\u00e1 de fato internaliza\u00e7\u00e3o, mas ser\u00e1 a externalidade negativa por parte de quem a gera (produtores e consumidores de ve\u00edculos poluentes). Dessa forma, o gabarito deve ser alterado para errado ou, subsidiariamente e diante de interpreta\u00e7\u00e3o amb\u00edgua, a quest\u00e3o deve ser anulada.<\/p>\n\n\n\n<h2 class=\"wp-block-heading\" id=\"h-para-elaborar-seu-recurso-sugiro-essa-linha-de-argumentacao-voce-tambem-pode-pesquisar-para-complementar-as-referencias-que-utilizei-mas-lembre-se-que-recursos-identicos-copiados-sao-automaticamente-indeferidos-pela-banca\">Para elaborar seu recurso, sugiro essa linha de argumenta\u00e7\u00e3o. Voc\u00ea tamb\u00e9m pode pesquisar para complementar as refer\u00eancias que utilizei. Mas lembre-se que recursos id\u00eanticos (copiados) s\u00e3o automaticamente indeferidos pela banca.<\/h2>\n\n\n\n<p>Um abra\u00e7o!<\/p>\n\n\n\n<p>Prof. Celso Natale<\/p>\n\n\n\n<p><a href=\"https:\/\/www.instagram.com\/profcelsonatale\/\">@profcelsonatale<\/a><\/p>\n","protected":false},"excerpt":{"rendered":"<p>Ol\u00e1 pessoal! Hoje foi divulgado o gabarito preliminar do Ibama, e embora esteja de acordo com o gabarito extraoficial (https:\/\/www.youtube.com\/watch?v=OQ8k1ZSMPZA) que fiz antes dessa divulga\u00e7\u00e3o, h\u00e1 uma quest\u00e3o que, acredito, d\u00e1 margem para interpreta\u00e7\u00e3o diversa. Eu comentei, no v\u00eddeo, que o Cebraspe provavelmente consideraria correta no gabarito preliminar (e o fez), e que ajudaria com [&hellip;]<\/p>\n","protected":false},"author":1186,"featured_media":0,"comment_status":"open","ping_status":"closed","sticky":false,"template":"","format":"standard","meta":{"post_tipo":"article","footnotes":""},"categories":[1],"tags":[],"tax_estado":[],"class_list":["post-959617","post","type-post","status-publish","format-standard","hentry","category-cursos-e-concursos"],"acf":[],"yoast_head":"<!-- This site is optimized with the Yoast SEO Premium plugin v27.2 (Yoast SEO v27.2) - https:\/\/yoast.com\/product\/yoast-seo-premium-wordpress\/ -->\n<title>Possibilidade de Recurso na prova do Ibama (Analista) - No\u00e7\u00f5es de Regula\u00e7\u00e3o<\/title>\n<meta name=\"robots\" content=\"index, follow, max-snippet:-1, max-image-preview:large, max-video-preview:-1\" \/>\n<link rel=\"canonical\" href=\"https:\/\/www.estrategiaconcursos.com.br\/blog\/possibilidade-de-recurso-na-prova-do-ibama-analista-nocoes-de-regulacao\/\" \/>\n<meta property=\"og:locale\" content=\"pt_BR\" \/>\n<meta property=\"og:type\" content=\"article\" \/>\n<meta property=\"og:title\" content=\"Possibilidade de Recurso na prova do Ibama (Analista) - No\u00e7\u00f5es de Regula\u00e7\u00e3o\" \/>\n<meta property=\"og:description\" content=\"Ol\u00e1 pessoal! Hoje foi divulgado o gabarito preliminar do Ibama, e embora esteja de acordo com o gabarito extraoficial (https:\/\/www.youtube.com\/watch?v=OQ8k1ZSMPZA) que fiz antes dessa divulga\u00e7\u00e3o, h\u00e1 uma quest\u00e3o que, acredito, d\u00e1 margem para interpreta\u00e7\u00e3o diversa. Eu comentei, no v\u00eddeo, que o Cebraspe provavelmente consideraria correta no gabarito preliminar (e o fez), e que ajudaria com [&hellip;]\" \/>\n<meta property=\"og:url\" content=\"https:\/\/www.estrategiaconcursos.com.br\/blog\/possibilidade-de-recurso-na-prova-do-ibama-analista-nocoes-de-regulacao\/\" \/>\n<meta property=\"og:site_name\" content=\"Estrat\u00e9gia Concursos\" \/>\n<meta property=\"article:published_time\" content=\"2022-02-01T19:46:48+00:00\" \/>\n<meta property=\"article:modified_time\" content=\"2022-02-01T19:50:49+00:00\" \/>\n<meta name=\"author\" content=\"Celso Natale\" \/>\n<meta name=\"twitter:card\" content=\"summary_large_image\" \/>\n<meta name=\"twitter:creator\" content=\"@EstratConcursos\" \/>\n<meta name=\"twitter:site\" content=\"@EstratConcursos\" \/>\n<meta name=\"twitter:label1\" content=\"Escrito por\" \/>\n\t<meta name=\"twitter:data1\" content=\"Celso Natale\" \/>\n\t<meta name=\"twitter:label2\" content=\"Est. tempo de leitura\" \/>\n\t<meta name=\"twitter:data2\" content=\"4 minutos\" \/>\n<script type=\"application\/ld+json\" class=\"yoast-schema-graph\">{\"@context\":\"https:\/\/schema.org\",\"@graph\":[{\"@type\":\"NewsArticle\",\"@id\":\"https:\/\/www.estrategiaconcursos.com.br\/blog\/possibilidade-de-recurso-na-prova-do-ibama-analista-nocoes-de-regulacao\/#article\",\"isPartOf\":{\"@id\":\"https:\/\/www.estrategiaconcursos.com.br\/blog\/possibilidade-de-recurso-na-prova-do-ibama-analista-nocoes-de-regulacao\/\"},\"author\":{\"name\":\"Celso Natale\",\"@id\":\"https:\/\/www.estrategiaconcursos.com.br\/blog\/#\/schema\/person\/8d088d35995a851f83b2256633153f3b\"},\"headline\":\"Possibilidade de Recurso na prova do Ibama (Analista) &#8211; No\u00e7\u00f5es de Regula\u00e7\u00e3o\",\"datePublished\":\"2022-02-01T19:46:48+00:00\",\"dateModified\":\"2022-02-01T19:50:49+00:00\",\"mainEntityOfPage\":{\"@id\":\"https:\/\/www.estrategiaconcursos.com.br\/blog\/possibilidade-de-recurso-na-prova-do-ibama-analista-nocoes-de-regulacao\/\"},\"wordCount\":700,\"commentCount\":0,\"publisher\":{\"@id\":\"https:\/\/www.estrategiaconcursos.com.br\/blog\/#organization\"},\"articleSection\":[\"Concursos P\u00fablicos\"],\"inLanguage\":\"pt-BR\",\"potentialAction\":[{\"@type\":\"CommentAction\",\"name\":\"Comment\",\"target\":[\"https:\/\/www.estrategiaconcursos.com.br\/blog\/possibilidade-de-recurso-na-prova-do-ibama-analista-nocoes-de-regulacao\/#respond\"]}],\"copyrightYear\":\"2022\",\"copyrightHolder\":{\"@id\":\"https:\/\/www.estrategiaconcursos.com.br\/blog\/#organization\"}},{\"@type\":\"WebPage\",\"@id\":\"https:\/\/www.estrategiaconcursos.com.br\/blog\/possibilidade-de-recurso-na-prova-do-ibama-analista-nocoes-de-regulacao\/\",\"url\":\"https:\/\/www.estrategiaconcursos.com.br\/blog\/possibilidade-de-recurso-na-prova-do-ibama-analista-nocoes-de-regulacao\/\",\"name\":\"Possibilidade de Recurso na prova do Ibama (Analista) - No\u00e7\u00f5es de Regula\u00e7\u00e3o\",\"isPartOf\":{\"@id\":\"https:\/\/www.estrategiaconcursos.com.br\/blog\/#website\"},\"datePublished\":\"2022-02-01T19:46:48+00:00\",\"dateModified\":\"2022-02-01T19:50:49+00:00\",\"breadcrumb\":{\"@id\":\"https:\/\/www.estrategiaconcursos.com.br\/blog\/possibilidade-de-recurso-na-prova-do-ibama-analista-nocoes-de-regulacao\/#breadcrumb\"},\"inLanguage\":\"pt-BR\",\"potentialAction\":[{\"@type\":\"ReadAction\",\"target\":[\"https:\/\/www.estrategiaconcursos.com.br\/blog\/possibilidade-de-recurso-na-prova-do-ibama-analista-nocoes-de-regulacao\/\"]}]},{\"@type\":\"BreadcrumbList\",\"@id\":\"https:\/\/www.estrategiaconcursos.com.br\/blog\/possibilidade-de-recurso-na-prova-do-ibama-analista-nocoes-de-regulacao\/#breadcrumb\",\"itemListElement\":[{\"@type\":\"ListItem\",\"position\":1,\"name\":\"In\u00edcio\",\"item\":\"https:\/\/www.estrategiaconcursos.com.br\/blog\/\"},{\"@type\":\"ListItem\",\"position\":2,\"name\":\"Possibilidade de Recurso na prova do Ibama (Analista) &#8211; No\u00e7\u00f5es de Regula\u00e7\u00e3o\"}]},{\"@type\":\"WebSite\",\"@id\":\"https:\/\/www.estrategiaconcursos.com.br\/blog\/#website\",\"url\":\"https:\/\/www.estrategiaconcursos.com.br\/blog\/\",\"name\":\"Estrat\u00e9gia Concursos\",\"description\":\"O blog da Estrat\u00e9gia Concursos traz not\u00edcias sobre concursos e artigos de professores oferecendo cursos para concursos (pdf + videaulas) no site.\",\"publisher\":{\"@id\":\"https:\/\/www.estrategiaconcursos.com.br\/blog\/#organization\"},\"potentialAction\":[{\"@type\":\"SearchAction\",\"target\":{\"@type\":\"EntryPoint\",\"urlTemplate\":\"https:\/\/www.estrategiaconcursos.com.br\/blog\/?s={search_term_string}\"},\"query-input\":{\"@type\":\"PropertyValueSpecification\",\"valueRequired\":true,\"valueName\":\"search_term_string\"}}],\"inLanguage\":\"pt-BR\"},{\"@type\":\"Organization\",\"@id\":\"https:\/\/www.estrategiaconcursos.com.br\/blog\/#organization\",\"name\":\"Estrat\u00e9gia Concursos\",\"url\":\"https:\/\/www.estrategiaconcursos.com.br\/blog\/\",\"logo\":{\"@type\":\"ImageObject\",\"inLanguage\":\"pt-BR\",\"@id\":\"https:\/\/www.estrategiaconcursos.com.br\/blog\/#\/schema\/logo\/image\/\",\"url\":\"https:\/\/dhg1h5j42swfq.cloudfront.net\/2025\/06\/03203428\/logo_concursos-1.jpg\",\"contentUrl\":\"https:\/\/dhg1h5j42swfq.cloudfront.net\/2025\/06\/03203428\/logo_concursos-1.jpg\",\"width\":230,\"height\":60,\"caption\":\"Estrat\u00e9gia Concursos\"},\"image\":{\"@id\":\"https:\/\/www.estrategiaconcursos.com.br\/blog\/#\/schema\/logo\/image\/\"},\"sameAs\":[\"https:\/\/x.com\/EstratConcursos\"]},{\"@type\":\"Person\",\"@id\":\"https:\/\/www.estrategiaconcursos.com.br\/blog\/#\/schema\/person\/8d088d35995a851f83b2256633153f3b\",\"name\":\"Celso Natale\",\"image\":{\"@type\":\"ImageObject\",\"inLanguage\":\"pt-BR\",\"@id\":\"https:\/\/secure.gravatar.com\/avatar\/c8fbdcaa043a22980f0e38d9de732508e2163cd4ee3835f9403347be9a456cc8?s=96&d=mm&r=g\",\"url\":\"https:\/\/secure.gravatar.com\/avatar\/c8fbdcaa043a22980f0e38d9de732508e2163cd4ee3835f9403347be9a456cc8?s=96&d=mm&r=g\",\"contentUrl\":\"https:\/\/secure.gravatar.com\/avatar\/c8fbdcaa043a22980f0e38d9de732508e2163cd4ee3835f9403347be9a456cc8?s=96&d=mm&r=g\",\"caption\":\"Celso Natale\"},\"url\":\"https:\/\/www.estrategiaconcursos.com.br\/blog\/author\/celsonatalegmail-com\/\"}]}<\/script>\n<!-- \/ Yoast SEO Premium plugin. -->","yoast_head_json":{"title":"Possibilidade de Recurso na prova do Ibama (Analista) - No\u00e7\u00f5es de Regula\u00e7\u00e3o","robots":{"index":"index","follow":"follow","max-snippet":"max-snippet:-1","max-image-preview":"max-image-preview:large","max-video-preview":"max-video-preview:-1"},"canonical":"https:\/\/www.estrategiaconcursos.com.br\/blog\/possibilidade-de-recurso-na-prova-do-ibama-analista-nocoes-de-regulacao\/","og_locale":"pt_BR","og_type":"article","og_title":"Possibilidade de Recurso na prova do Ibama (Analista) - No\u00e7\u00f5es de Regula\u00e7\u00e3o","og_description":"Ol\u00e1 pessoal! Hoje foi divulgado o gabarito preliminar do Ibama, e embora esteja de acordo com o gabarito extraoficial (https:\/\/www.youtube.com\/watch?v=OQ8k1ZSMPZA) que fiz antes dessa divulga\u00e7\u00e3o, h\u00e1 uma quest\u00e3o que, acredito, d\u00e1 margem para interpreta\u00e7\u00e3o diversa. Eu comentei, no v\u00eddeo, que o Cebraspe provavelmente consideraria correta no gabarito preliminar (e o fez), e que ajudaria com [&hellip;]","og_url":"https:\/\/www.estrategiaconcursos.com.br\/blog\/possibilidade-de-recurso-na-prova-do-ibama-analista-nocoes-de-regulacao\/","og_site_name":"Estrat\u00e9gia Concursos","article_published_time":"2022-02-01T19:46:48+00:00","article_modified_time":"2022-02-01T19:50:49+00:00","author":"Celso Natale","twitter_card":"summary_large_image","twitter_creator":"@EstratConcursos","twitter_site":"@EstratConcursos","twitter_misc":{"Escrito por":"Celso Natale","Est. tempo de leitura":"4 minutos"},"schema":{"@context":"https:\/\/schema.org","@graph":[{"@type":"NewsArticle","@id":"https:\/\/www.estrategiaconcursos.com.br\/blog\/possibilidade-de-recurso-na-prova-do-ibama-analista-nocoes-de-regulacao\/#article","isPartOf":{"@id":"https:\/\/www.estrategiaconcursos.com.br\/blog\/possibilidade-de-recurso-na-prova-do-ibama-analista-nocoes-de-regulacao\/"},"author":{"name":"Celso Natale","@id":"https:\/\/www.estrategiaconcursos.com.br\/blog\/#\/schema\/person\/8d088d35995a851f83b2256633153f3b"},"headline":"Possibilidade de Recurso na prova do Ibama (Analista) &#8211; No\u00e7\u00f5es de Regula\u00e7\u00e3o","datePublished":"2022-02-01T19:46:48+00:00","dateModified":"2022-02-01T19:50:49+00:00","mainEntityOfPage":{"@id":"https:\/\/www.estrategiaconcursos.com.br\/blog\/possibilidade-de-recurso-na-prova-do-ibama-analista-nocoes-de-regulacao\/"},"wordCount":700,"commentCount":0,"publisher":{"@id":"https:\/\/www.estrategiaconcursos.com.br\/blog\/#organization"},"articleSection":["Concursos P\u00fablicos"],"inLanguage":"pt-BR","potentialAction":[{"@type":"CommentAction","name":"Comment","target":["https:\/\/www.estrategiaconcursos.com.br\/blog\/possibilidade-de-recurso-na-prova-do-ibama-analista-nocoes-de-regulacao\/#respond"]}],"copyrightYear":"2022","copyrightHolder":{"@id":"https:\/\/www.estrategiaconcursos.com.br\/blog\/#organization"}},{"@type":"WebPage","@id":"https:\/\/www.estrategiaconcursos.com.br\/blog\/possibilidade-de-recurso-na-prova-do-ibama-analista-nocoes-de-regulacao\/","url":"https:\/\/www.estrategiaconcursos.com.br\/blog\/possibilidade-de-recurso-na-prova-do-ibama-analista-nocoes-de-regulacao\/","name":"Possibilidade de Recurso na prova do Ibama (Analista) - No\u00e7\u00f5es de Regula\u00e7\u00e3o","isPartOf":{"@id":"https:\/\/www.estrategiaconcursos.com.br\/blog\/#website"},"datePublished":"2022-02-01T19:46:48+00:00","dateModified":"2022-02-01T19:50:49+00:00","breadcrumb":{"@id":"https:\/\/www.estrategiaconcursos.com.br\/blog\/possibilidade-de-recurso-na-prova-do-ibama-analista-nocoes-de-regulacao\/#breadcrumb"},"inLanguage":"pt-BR","potentialAction":[{"@type":"ReadAction","target":["https:\/\/www.estrategiaconcursos.com.br\/blog\/possibilidade-de-recurso-na-prova-do-ibama-analista-nocoes-de-regulacao\/"]}]},{"@type":"BreadcrumbList","@id":"https:\/\/www.estrategiaconcursos.com.br\/blog\/possibilidade-de-recurso-na-prova-do-ibama-analista-nocoes-de-regulacao\/#breadcrumb","itemListElement":[{"@type":"ListItem","position":1,"name":"In\u00edcio","item":"https:\/\/www.estrategiaconcursos.com.br\/blog\/"},{"@type":"ListItem","position":2,"name":"Possibilidade de Recurso na prova do Ibama (Analista) &#8211; No\u00e7\u00f5es de Regula\u00e7\u00e3o"}]},{"@type":"WebSite","@id":"https:\/\/www.estrategiaconcursos.com.br\/blog\/#website","url":"https:\/\/www.estrategiaconcursos.com.br\/blog\/","name":"Estrat\u00e9gia Concursos","description":"O blog da Estrat\u00e9gia Concursos traz not\u00edcias sobre concursos e artigos de professores oferecendo cursos para concursos (pdf + videaulas) no site.","publisher":{"@id":"https:\/\/www.estrategiaconcursos.com.br\/blog\/#organization"},"potentialAction":[{"@type":"SearchAction","target":{"@type":"EntryPoint","urlTemplate":"https:\/\/www.estrategiaconcursos.com.br\/blog\/?s={search_term_string}"},"query-input":{"@type":"PropertyValueSpecification","valueRequired":true,"valueName":"search_term_string"}}],"inLanguage":"pt-BR"},{"@type":"Organization","@id":"https:\/\/www.estrategiaconcursos.com.br\/blog\/#organization","name":"Estrat\u00e9gia Concursos","url":"https:\/\/www.estrategiaconcursos.com.br\/blog\/","logo":{"@type":"ImageObject","inLanguage":"pt-BR","@id":"https:\/\/www.estrategiaconcursos.com.br\/blog\/#\/schema\/logo\/image\/","url":"https:\/\/dhg1h5j42swfq.cloudfront.net\/2025\/06\/03203428\/logo_concursos-1.jpg","contentUrl":"https:\/\/dhg1h5j42swfq.cloudfront.net\/2025\/06\/03203428\/logo_concursos-1.jpg","width":230,"height":60,"caption":"Estrat\u00e9gia Concursos"},"image":{"@id":"https:\/\/www.estrategiaconcursos.com.br\/blog\/#\/schema\/logo\/image\/"},"sameAs":["https:\/\/x.com\/EstratConcursos"]},{"@type":"Person","@id":"https:\/\/www.estrategiaconcursos.com.br\/blog\/#\/schema\/person\/8d088d35995a851f83b2256633153f3b","name":"Celso Natale","image":{"@type":"ImageObject","inLanguage":"pt-BR","@id":"https:\/\/secure.gravatar.com\/avatar\/c8fbdcaa043a22980f0e38d9de732508e2163cd4ee3835f9403347be9a456cc8?s=96&d=mm&r=g","url":"https:\/\/secure.gravatar.com\/avatar\/c8fbdcaa043a22980f0e38d9de732508e2163cd4ee3835f9403347be9a456cc8?s=96&d=mm&r=g","contentUrl":"https:\/\/secure.gravatar.com\/avatar\/c8fbdcaa043a22980f0e38d9de732508e2163cd4ee3835f9403347be9a456cc8?s=96&d=mm&r=g","caption":"Celso Natale"},"url":"https:\/\/www.estrategiaconcursos.com.br\/blog\/author\/celsonatalegmail-com\/"}]}},"_links":{"self":[{"href":"https:\/\/www.estrategiaconcursos.com.br\/blog\/wp-json\/wp\/v2\/posts\/959617","targetHints":{"allow":["GET"]}}],"collection":[{"href":"https:\/\/www.estrategiaconcursos.com.br\/blog\/wp-json\/wp\/v2\/posts"}],"about":[{"href":"https:\/\/www.estrategiaconcursos.com.br\/blog\/wp-json\/wp\/v2\/types\/post"}],"author":[{"embeddable":true,"href":"https:\/\/www.estrategiaconcursos.com.br\/blog\/wp-json\/wp\/v2\/users\/1186"}],"replies":[{"embeddable":true,"href":"https:\/\/www.estrategiaconcursos.com.br\/blog\/wp-json\/wp\/v2\/comments?post=959617"}],"version-history":[{"count":4,"href":"https:\/\/www.estrategiaconcursos.com.br\/blog\/wp-json\/wp\/v2\/posts\/959617\/revisions"}],"predecessor-version":[{"id":959671,"href":"https:\/\/www.estrategiaconcursos.com.br\/blog\/wp-json\/wp\/v2\/posts\/959617\/revisions\/959671"}],"wp:attachment":[{"href":"https:\/\/www.estrategiaconcursos.com.br\/blog\/wp-json\/wp\/v2\/media?parent=959617"}],"wp:term":[{"taxonomy":"category","embeddable":true,"href":"https:\/\/www.estrategiaconcursos.com.br\/blog\/wp-json\/wp\/v2\/categories?post=959617"},{"taxonomy":"post_tag","embeddable":true,"href":"https:\/\/www.estrategiaconcursos.com.br\/blog\/wp-json\/wp\/v2\/tags?post=959617"},{"taxonomy":"tax_estado","embeddable":true,"href":"https:\/\/www.estrategiaconcursos.com.br\/blog\/wp-json\/wp\/v2\/tax_estado?post=959617"}],"curies":[{"name":"wp","href":"https:\/\/api.w.org\/{rel}","templated":true}]}}