{"id":959459,"date":"2022-05-11T23:59:00","date_gmt":"2022-05-12T02:59:00","guid":{"rendered":"https:\/\/www.estrategiaconcursos.com.br\/blog\/?p=959459"},"modified":"2022-05-12T09:08:54","modified_gmt":"2022-05-12T12:08:54","slug":"edital-camara-de-ibirite","status":"publish","type":"post","link":"https:\/\/www.estrategiaconcursos.com.br\/blog\/edital-camara-de-ibirite\/","title":{"rendered":"Edital C\u00e2mara de Ibirit\u00e9: inscri\u00e7\u00f5es encerradas; at\u00e9 R$ 3,7 mil"},"content":{"rendered":"\n<p>Est\u00e3o encerradas as inscri\u00e7\u00f5es do <strong>edital C\u00e2mara de Ibirit\u00e9<\/strong>, em Minas Gerais! Os interessados em participar da sele\u00e7\u00e3o puderam se inscrever at\u00e9 o dia 11 de maio.<\/p>\n\n\n\n<p>Sob organiza\u00e7\u00e3o da <a href=\"https:\/\/www.gestaodeconcursos.com.br\/site\/site\/DetalheConcurso.aspx?CodigoConcurso=1354\" target=\"_blank\" rel=\"noreferrer noopener\">Fundep<\/a>, o \u00f3rg\u00e3o oferece <strong>34 vagas<\/strong> distribu\u00eddas entre os cargos de <span style=\"font-size: revert; color: initial;\">Agente Administrativo, Agente de Servi\u00e7os e Agente Legislativo<\/span>.<\/p>\n\n\n\n<p>As oportunidades s\u00e3o de n\u00edvel superior de forma\u00e7\u00e3o, com algumas carreiras exigindo inscri\u00e7\u00e3o em \u00f3rg\u00e3o fiscalizador. Os sal\u00e1rios iniciais variam de <span style=\"font-size: revert; color: initial;\"><strong>R$ 1.090,68 a R$ 3.729,38<\/strong><\/span>.<\/p>\n\n\n\n<ul class=\"has-very-light-gray-to-cyan-bluish-gray-gradient-background has-background wp-block-list\"><li><strong style=\"background-color: initial; color: initial;\">Banca:<\/strong> Fundep<\/li><li><strong>Vagas:<\/strong> 34<\/li><li><strong>Cargo<\/strong>: Agente Administrativo, Agente de Servi\u00e7os e Agente Legislativo<\/li><li><strong>Sal\u00e1rio inicial:<\/strong> R$ 1.090,68 a R$ 3.729,38<\/li><li><strong>Edital<\/strong>: <a href=\"https:\/\/dhg1h5j42swfq.cloudfront.net\/2022\/02\/01152122\/27772-edital-c-ibirite-v-24-01.pdf\" target=\"_blank\" rel=\"noreferrer noopener nofollow\">C\u00e2mara de Ibirit\u00e9 MG<\/a><\/li><\/ul>\n\n\n\n<div class=\"container\" id=\"boxes\">\n  <div class=\"row\">\n\n    <div class=\"col-sm\">\n      <div class=\"banner-legislativo\" id=\"box-assinatura\">\n        <h3 class=\"titulo-assinatura\">C\u00e2mara de Ibirit\u00e9<\/h3>\n        <p class=\"subtitulo-assinatura\">Conhe\u00e7a os cursos<\/p>\n        <div class=\"box-botao\">\n          <a class=\"btn-assinatura\" target=\"_blank\" href=\"https:\/\/www.estrategiaconcursos.com.br\/cursosPorConcurso\/area-legislativa-pacotes-promocionais\/\" role=\"button\" rel=\"noopener noreferrer\">Conhe\u00e7a mais<\/a>\n        <\/div>\n      <\/div>\n     \n\n  <\/div>\n<\/div><\/div>\n\n\n\n<h2 class=\"wp-block-heading\" id=\"datas\">Principais datas do edital C\u00e2mara de Ibirit\u00e9<\/h2>\n\n\n\n<p class=\"has-very-light-gray-background-color has-background\"><strong>Inscri\u00e7\u00f5es<\/strong>: <s>11 de abril a 11 de maio de 2022<\/s><br \/><strong>Isen\u00e7\u00e3o da taxa<\/strong>: <s>11 de abril de 2022<\/s><br \/><strong>\u00daltimo dia para pagamento<\/strong>: <s>11 de maio de 2022<\/s><br \/><strong>Prova<\/strong>: 19 de junho de 2022<\/p>\n\n\n\n<p>As taxas foram definidas de acordo com o cargo pretendido, sendo:<\/p>\n\n\n\n<ul class=\"wp-block-list\"><li><strong>N\u00edvel fundamental:<\/strong> R$ 50,00;<\/li><li><strong>N\u00edvel m\u00e9dio:<\/strong> R$ 70,00;<\/li><li><strong>N\u00edvel superior: <\/strong>R$ 100,00.<\/li><\/ul>\n\n\n\n<h2 class=\"wp-block-heading\" id=\"cargos-vagas\">Cargos e vagas do edital C\u00e2mara de Ibirit\u00e9<\/h2>\n\n\n\n<h3 class=\"wp-block-heading\" id=\"superior\">Curso fundamental<\/h3>\n\n\n\n<figure class=\"wp-block-table is-style-stripes\"><table class=\"has-background has-fixed-layout\" style=\"background-color:#e7f5fe\"><thead><tr><th class=\"has-text-align-center\" data-align=\"center\">CARGOS<\/th><th class=\"has-text-align-center\" data-align=\"center\">VAGAS<\/th><th class=\"has-text-align-center\" data-align=\"center\">SAL\u00c1RIO<\/th><\/tr><\/thead><tbody><tr><td class=\"has-text-align-center\" data-align=\"center\">Agente de Servi\u00e7os I<\/td><td class=\"has-text-align-center\" data-align=\"center\">5<\/td><td class=\"has-text-align-center\" data-align=\"center\">R$ 1.090,68<\/td><\/tr><tr><td class=\"has-text-align-center\" data-align=\"center\"> Agente de Servi\u00e7os II <\/td><td class=\"has-text-align-center\" data-align=\"center\">5<\/td><td class=\"has-text-align-center\" data-align=\"center\">R$ 1.507,62<\/td><\/tr><tr><td class=\"has-text-align-center\" data-align=\"center\">Agente de Servi\u00e7os IV<\/td><td class=\"has-text-align-center\" data-align=\"center\">3<\/td><td class=\"has-text-align-center\" data-align=\"center\">R$ 2.243,40 <\/td><\/tr><tr><td class=\"has-text-align-center\" data-align=\"center\">Agente de Servi\u00e7os V<\/td><td class=\"has-text-align-center\" data-align=\"center\">2<\/td><td class=\"has-text-align-center\" data-align=\"center\">R$ 2.327,08<\/td><\/tr><\/tbody><\/table><\/figure>\n\n\n\n<h3 class=\"wp-block-heading\" id=\"superior\">Curso m\u00e9dio<\/h3>\n\n\n\n<figure class=\"wp-block-table is-style-stripes\"><table class=\"has-background has-fixed-layout\" style=\"background-color:#e7f5fe\"><thead><tr><th class=\"has-text-align-center\" data-align=\"center\">CARGOS<\/th><th class=\"has-text-align-center\" data-align=\"center\">VAGAS<\/th><th class=\"has-text-align-center\" data-align=\"center\">SAL\u00c1RIO<\/th><\/tr><\/thead><tbody><tr><td class=\"has-text-align-center\" data-align=\"center\">Agente Administrativo I<\/td><td class=\"has-text-align-center\" data-align=\"center\">4<\/td><td class=\"has-text-align-center\" data-align=\"center\">R$ 1.131,08<\/td><\/tr><tr><td class=\"has-text-align-center\" data-align=\"center\">Agente Administrativo II<\/td><td class=\"has-text-align-center\" data-align=\"center\">2<\/td><td class=\"has-text-align-center\" data-align=\"center\">R$ 1.509,09<\/td><\/tr><tr><td class=\"has-text-align-center\" data-align=\"center\">Agente Legislativo I<\/td><td class=\"has-text-align-center\" data-align=\"center\">3<\/td><td class=\"has-text-align-center\" data-align=\"center\">R$ 1.131,08 <\/td><\/tr><tr><td class=\"has-text-align-center\" data-align=\"center\"> Agente Legislativo II <\/td><td class=\"has-text-align-center\" data-align=\"center\">1<\/td><td class=\"has-text-align-center\" data-align=\"center\">R$ 1.509,09<\/td><\/tr><\/tbody><\/table><\/figure>\n\n\n\n<h3 class=\"wp-block-heading\" id=\"superior\">Curso superior<\/h3>\n\n\n\n<figure class=\"wp-block-table is-style-stripes\"><table class=\"has-background has-fixed-layout\" style=\"background-color:#e7f5fe\"><thead><tr><th class=\"has-text-align-center\" data-align=\"center\">CARGOS<\/th><th class=\"has-text-align-center\" data-align=\"center\">VAGAS<\/th><th class=\"has-text-align-center\" data-align=\"center\">SAL\u00c1RIO<\/th><\/tr><\/thead><tbody><tr><td class=\"has-text-align-center\" data-align=\"center\">Agente Administrativo IV &#8211; Contabilidade<\/td><td class=\"has-text-align-center\" data-align=\"center\">2<\/td><td class=\"has-text-align-center\" data-align=\"center\">R$ 3.491,34<\/td><\/tr><tr><td class=\"has-text-align-center\" data-align=\"center\">Agente Legislativo IV &#8211; Comunica\u00e7\u00e3o<\/td><td class=\"has-text-align-center\" data-align=\"center\">1<\/td><td class=\"has-text-align-center\" data-align=\"center\">R$ 3.431,94<\/td><\/tr><tr><td class=\"has-text-align-center\" data-align=\"center\">Agente Administrativo V<\/td><td class=\"has-text-align-center\" data-align=\"center\">2<\/td><td class=\"has-text-align-center\" data-align=\"center\">R$ 3.729,38 <\/td><\/tr><tr><td class=\"has-text-align-center\" data-align=\"center\">Agente Legislativo V &#8211; Direito<\/td><td class=\"has-text-align-center\" data-align=\"center\">4<\/td><td class=\"has-text-align-center\" data-align=\"center\">R$ 3.645,71<\/td><\/tr><\/tbody><\/table><\/figure>\n\n\n\n<h2 class=\"wp-block-heading\" id=\"etapas\">Etapas e provas do edital C\u00e2mara de Ibirit\u00e9<\/h2>\n\n\n\n<p>A sele\u00e7\u00e3o dos candidatos inscritos no edital C\u00e2mara de Ibirit\u00e9 se dar\u00e1 mediante aplica\u00e7\u00e3o das seguintes etapas:<\/p>\n\n\n\n<ul class=\"wp-block-list\"><li>Prova preambular (objetiva) \u2013 eliminat\u00f3rio e classificat\u00f3rio;<\/li><li>Prova de t\u00edtulos \u2013 classificat\u00f3rio (somente para n\u00edvel superior).<\/li><\/ul>\n\n\n\n<h3 class=\"wp-block-heading\" id=\"objetiva\">Provas Objetivas<\/h3>\n\n\n\n<p>De car\u00e1ter eliminat\u00f3rio e classificat\u00f3rio, a Prova Objetiva est\u00e1 prevista para o dia 19 de junho.<\/p>\n\n\n\n<p>A Prova Objetiva ser\u00e1 composta da seguinte forma:<\/p>\n\n\n\n<ul class=\"wp-block-list\"><li>a) <strong>N\u00edvel Fundamental<\/strong>: 30 quest\u00f5es de m\u00faltipla escolha;<\/li><li>b) <strong>N\u00edvel M\u00e9dio<\/strong>: 30 quest\u00f5es de m\u00faltipla escolha;<\/li><li>c) <strong>M\u00e9dio T\u00e9cnico<\/strong>: 35 quest\u00f5es de m\u00faltipla escolha;<\/li><li>d) <strong>N\u00edvel Superior<\/strong>: 40 quest\u00f5es de m\u00faltipla escolha;<\/li><\/ul>\n\n\n\n<h4 class=\"wp-block-heading\" id=\"nivel-fundamental\">N\u00edvel Fundamental<\/h4>\n\n\n\n<div class=\"wp-block-image\"><figure class=\"aligncenter size-large\"><img loading=\"lazy\" decoding=\"async\" width=\"1024\" height=\"194\" src=\"https:\/\/dhg1h5j42swfq.cloudfront.net\/2022\/02\/01154546\/image-19-1024x194.png\" alt=\"Quadro de provas de n\u00edvel fundamental do edital C\u00e2mara de Ibirit\u00e9\" class=\"wp-image-959491\" srcset=\"https:\/\/dhg1h5j42swfq.cloudfront.net\/2022\/02\/01154546\/image-19-1024x194.png 1024w, https:\/\/dhg1h5j42swfq.cloudfront.net\/2022\/02\/01154546\/image-19-300x57.png 300w, https:\/\/dhg1h5j42swfq.cloudfront.net\/2022\/02\/01154546\/image-19-768x145.png 768w, https:\/\/dhg1h5j42swfq.cloudfront.net\/2022\/02\/01154546\/image-19-610x115.png 610w, https:\/\/dhg1h5j42swfq.cloudfront.net\/2022\/02\/01154546\/image-19.png 1041w\" sizes=\"auto, (max-width: 1024px) 100vw, 1024px\" \/><figcaption>Quadro de provas de n\u00edvel fundamental <\/figcaption><\/figure><\/div>\n\n\n\n<h4 class=\"wp-block-heading\" id=\"nivel-medio\">N\u00edvel M\u00e9dio<\/h4>\n\n\n\n<div class=\"wp-block-image\"><figure class=\"aligncenter size-large\"><img loading=\"lazy\" decoding=\"async\" width=\"1024\" height=\"152\" src=\"https:\/\/dhg1h5j42swfq.cloudfront.net\/2022\/02\/01154607\/image-20-1024x152.png\" alt=\"Quadro de provas de n\u00edvel m\u00e9dio\" class=\"wp-image-959493\" srcset=\"https:\/\/dhg1h5j42swfq.cloudfront.net\/2022\/02\/01154607\/image-20-1024x152.png 1024w, https:\/\/dhg1h5j42swfq.cloudfront.net\/2022\/02\/01154607\/image-20-300x45.png 300w, https:\/\/dhg1h5j42swfq.cloudfront.net\/2022\/02\/01154607\/image-20-768x114.png 768w, https:\/\/dhg1h5j42swfq.cloudfront.net\/2022\/02\/01154607\/image-20-610x91.png 610w, https:\/\/dhg1h5j42swfq.cloudfront.net\/2022\/02\/01154607\/image-20.png 1037w\" sizes=\"auto, (max-width: 1024px) 100vw, 1024px\" \/><figcaption>Quadro de provas de n\u00edvel m\u00e9dio do edital C\u00e2mara de Ibirit\u00e9<\/figcaption><\/figure><\/div>\n\n\n\n<h4 class=\"wp-block-heading\" id=\"nivel-tecnico\">N\u00edvel T\u00e9cnico<\/h4>\n\n\n\n<div class=\"wp-block-image\"><figure class=\"aligncenter size-large\"><img loading=\"lazy\" decoding=\"async\" width=\"1024\" height=\"165\" src=\"https:\/\/dhg1h5j42swfq.cloudfront.net\/2022\/02\/01154625\/image-21-1024x165.png\" alt=\"Quadro de provas de n\u00edvel t\u00e9cnico do edital C\u00e2mara de Ibirit\u00e9\" class=\"wp-image-959495\" srcset=\"https:\/\/dhg1h5j42swfq.cloudfront.net\/2022\/02\/01154625\/image-21-1024x165.png 1024w, https:\/\/dhg1h5j42swfq.cloudfront.net\/2022\/02\/01154625\/image-21-300x48.png 300w, https:\/\/dhg1h5j42swfq.cloudfront.net\/2022\/02\/01154625\/image-21-768x124.png 768w, https:\/\/dhg1h5j42swfq.cloudfront.net\/2022\/02\/01154625\/image-21-610x98.png 610w, https:\/\/dhg1h5j42swfq.cloudfront.net\/2022\/02\/01154625\/image-21.png 1154w\" sizes=\"auto, (max-width: 1024px) 100vw, 1024px\" \/><figcaption>Quadro de provas de n\u00edvel t\u00e9cnico<\/figcaption><\/figure><\/div>\n\n\n\n<h4 class=\"wp-block-heading\" id=\"nivel-superior\">N\u00edvel Superior<\/h4>\n\n\n\n<div class=\"wp-block-image\"><figure class=\"aligncenter size-large\"><img loading=\"lazy\" decoding=\"async\" width=\"1024\" height=\"145\" src=\"https:\/\/dhg1h5j42swfq.cloudfront.net\/2022\/02\/01154645\/image-22-1024x145.png\" alt=\"Quadro de provas de n\u00edvel superior do edital C\u00e2mara de Ibirit\u00e9\" class=\"wp-image-959497\" srcset=\"https:\/\/dhg1h5j42swfq.cloudfront.net\/2022\/02\/01154645\/image-22-1024x145.png 1024w, https:\/\/dhg1h5j42swfq.cloudfront.net\/2022\/02\/01154645\/image-22-300x42.png 300w, https:\/\/dhg1h5j42swfq.cloudfront.net\/2022\/02\/01154645\/image-22-768x109.png 768w, https:\/\/dhg1h5j42swfq.cloudfront.net\/2022\/02\/01154645\/image-22-610x86.png 610w, https:\/\/dhg1h5j42swfq.cloudfront.net\/2022\/02\/01154645\/image-22.png 1286w\" sizes=\"auto, (max-width: 1024px) 100vw, 1024px\" \/><figcaption>Quadro de provas de n\u00edvel superior<\/figcaption><\/figure><\/div>\n\n\n\n<h3 class=\"wp-block-heading\" id=\"titulos\">Avalia\u00e7\u00e3o de T\u00edtulos<\/h3>\n\n\n\n<p>A Prova de T\u00edtulos ter\u00e1 car\u00e1ter classificat\u00f3rio. Os candidatos aprovados ter\u00e3o 3 (tr\u00eas) dias \u00fateis, a partir do dia seguinte da publica\u00e7\u00e3o do resultado da an\u00e1lise dos recursos contra totaliza\u00e7\u00e3o dos pontos da Prova Objetiva.<\/p>\n\n\n\n<div class=\"wp-block-image\"><figure class=\"aligncenter size-full\"><img loading=\"lazy\" decoding=\"async\" width=\"807\" height=\"262\" src=\"https:\/\/dhg1h5j42swfq.cloudfront.net\/2022\/02\/01154522\/image-18.png\" alt=\"Avalia\u00e7\u00e3o de T\u00edtulos do edital C\u00e2mara de Ibirit\u00e9\" class=\"wp-image-959490\" srcset=\"https:\/\/dhg1h5j42swfq.cloudfront.net\/2022\/02\/01154522\/image-18.png 807w, https:\/\/dhg1h5j42swfq.cloudfront.net\/2022\/02\/01154522\/image-18-300x97.png 300w, https:\/\/dhg1h5j42swfq.cloudfront.net\/2022\/02\/01154522\/image-18-768x249.png 768w, https:\/\/dhg1h5j42swfq.cloudfront.net\/2022\/02\/01154522\/image-18-610x198.png 610w\" sizes=\"auto, (max-width: 807px) 100vw, 807px\" \/><figcaption>Quadro de avalia\u00e7\u00e3o de T\u00edtulos<\/figcaption><\/figure><\/div>\n\n\n\n<h2 class=\"has-text-align-center wp-block-heading\" id=\"h-quer-saber-tudo-sobre-concursos-previstos-confira-nossos-artigos\">Quer saber tudo sobre concursos previstos?<br \/>Confira  nossos artigos!<\/h2>\n\n\n\n<ul class=\"wp-block-list\"><li><a href=\"https:\/\/www.estrategiaconcursos.com.br\/blog\/concursos-abertos\/\" target=\"_blank\" rel=\"noreferrer noopener\">Concursos abertos<\/a><\/li><li><a href=\"https:\/\/www.estrategiaconcursos.com.br\/blog\/concursos-2022\/\" target=\"_blank\" rel=\"noreferrer noopener\">Concursos 2022<\/a><\/li><\/ul>\n\n\n\n<div class=\"container\" id=\"boxes\">\n  <div class=\"row\">\n\n    <div class=\"col-sm\">\n      <div class=\"banner-legislativo\" id=\"box-assinatura\">\n        <h3 class=\"titulo-assinatura\">C\u00e2mara de Ibirit\u00e9<\/h3>\n        <p class=\"subtitulo-assinatura\">Conhe\u00e7a os cursos<\/p>\n        <div class=\"box-botao\">\n          <a class=\"btn-assinatura\" target=\"_blank\" href=\"https:\/\/www.estrategiaconcursos.com.br\/cursosPorConcurso\/area-legislativa-pacotes-promocionais\/\" role=\"button\" rel=\"noopener noreferrer\">Conhe\u00e7a mais<\/a>\n        <\/div>\n      <\/div>\n     \n\n  <\/div>\n<\/div><\/div>\n\n\n\n<div class=\"container\" id=\"boxes\">\n  <div class=\"row\">\n\n    <div class=\"col-sm\">\n      <div class=\"estrategia\" id=\"box-assinatura\">\n        <h3 class=\"titulo-assinatura\">Assinatura de Concursos<\/h3>\n        <p class=\"subtitulo-assinatura\">Assinatura de 1 ano ou 2 anos<\/p>\n        <div class=\"box-botao\">\n          <a class=\"btn-assinatura\" target=\"_blank\" href=\"https:\/\/www.estrategiaconcursos.com.br\/assinaturas\/\" role=\"button\" rel=\"noopener noreferrer\">ASSINE AGORA<\/a>\n        <\/div>\n      <\/div>\n     \n    <\/div><\/div><\/div>\n\n\n\n<figure class=\"wp-block-image size-large is-resized\"><img loading=\"lazy\" decoding=\"async\" src=\"https:\/\/dhg1h5j42swfq.cloudfront.net\/2025\/06\/27101122\/ficha-tecnica-1-1024x632.png\" alt=\"Ficha t\u00e9cnica\" class=\"wp-image-702728\" width=\"269\" height=\"166\" srcset=\"https:\/\/dhg1h5j42swfq.cloudfront.net\/2025\/06\/27101122\/ficha-tecnica-1-1024x632.png 1024w, https:\/\/dhg1h5j42swfq.cloudfront.net\/2025\/06\/27101122\/ficha-tecnica-1-300x185.png 300w, https:\/\/dhg1h5j42swfq.cloudfront.net\/2025\/06\/27101122\/ficha-tecnica-1-768x474.png 768w, https:\/\/dhg1h5j42swfq.cloudfront.net\/2025\/06\/27101122\/ficha-tecnica-1-1536x948.png 1536w, https:\/\/dhg1h5j42swfq.cloudfront.net\/2025\/06\/27101122\/ficha-tecnica-1-610x377.png 610w, https:\/\/dhg1h5j42swfq.cloudfront.net\/2025\/06\/27101122\/ficha-tecnica-1.png 1571w\" sizes=\"auto, (max-width: 269px) 100vw, 269px\" \/><\/figure>\n\n\n\n<h3 class=\"wp-block-heading\" id=\"block-ba1614b5-988b-41ef-892d-f4c9f7e9dd42\">Informa\u00e7\u00f5es do edital C\u00e2mara de Ibirit\u00e9 MG<\/h3>\n\n\n\n<ul class=\"wp-block-list\" id=\"block-46dd482c-33cf-409c-8762-75c111403f14\"><li><strong style=\"color: initial;\">Provas<\/strong><span style=\"color: initial;\">: 19\/06<\/span><\/li><li><strong>Vagas<\/strong>: 34<\/li><li><strong>Cargos<\/strong>: Agente Administrativo, Agente de Servi\u00e7os e Agente Legislativo<\/li><li><strong>Banca<\/strong>: Fundep<\/li><li><strong>Escolaridade<\/strong>: Fundamental, m\u00e9dio, t\u00e9cnico e superior<\/li><li><strong>Edital<\/strong>:\u00a0<a href=\"https:\/\/dhg1h5j42swfq.cloudfront.net\/2022\/02\/01152122\/27772-edital-c-ibirite-v-24-01.pdf\" target=\"_blank\" rel=\"noreferrer noopener nofollow\">C\u00e2mara de Ibirit\u00e9 MG<\/a><\/li><\/ul>\n","protected":false},"excerpt":{"rendered":"<p>Est\u00e3o encerradas as inscri\u00e7\u00f5es do edital C\u00e2mara de Ibirit\u00e9, em Minas Gerais! Os interessados em participar da sele\u00e7\u00e3o puderam se inscrever at\u00e9 o dia 11 de maio. Sob organiza\u00e7\u00e3o da Fundep, o \u00f3rg\u00e3o oferece 34 vagas distribu\u00eddas entre os cargos de Agente Administrativo, Agente de Servi\u00e7os e Agente Legislativo. As oportunidades s\u00e3o de n\u00edvel superior [&hellip;]<\/p>\n","protected":false},"author":2041,"featured_media":978904,"comment_status":"open","ping_status":"closed","sticky":false,"template":"","format":"standard","meta":{"post_tipo":"news","footnotes":""},"categories":[2017],"tags":[],"tax_estado":[219974],"class_list":["post-959459","post","type-post","status-publish","format-standard","has-post-thumbnail","hentry","category-concursos-legislativos","tax_estado-mg"],"acf":[],"yoast_head":"<!-- This site is optimized with the Yoast SEO Premium plugin v27.2 (Yoast SEO v27.2) - https:\/\/yoast.com\/product\/yoast-seo-premium-wordpress\/ -->\n<title>Edital C\u00e2mara de Ibirit\u00e9: inscri\u00e7\u00f5es encerradas; at\u00e9 R$ 3,7 mil<\/title>\n<meta name=\"description\" content=\"Edital do concurso C\u00e2mara de Ibirit\u00e9: inscri\u00e7\u00f5es encerradas para 34 vagas de n\u00edvel fundamental, m\u00e9dio, t\u00e9cnico e superior.\" \/>\n<meta name=\"robots\" content=\"index, follow, max-snippet:-1, max-image-preview:large, max-video-preview:-1\" \/>\n<link rel=\"canonical\" href=\"https:\/\/www.estrategiaconcursos.com.br\/blog\/edital-camara-de-ibirite\/\" \/>\n<meta property=\"og:locale\" content=\"pt_BR\" \/>\n<meta property=\"og:type\" content=\"article\" \/>\n<meta property=\"og:title\" content=\"Edital C\u00e2mara de Ibirit\u00e9: inscri\u00e7\u00f5es encerradas; at\u00e9 R$ 3,7 mil\" \/>\n<meta property=\"og:description\" content=\"Edital do concurso C\u00e2mara de Ibirit\u00e9: inscri\u00e7\u00f5es encerradas para 34 vagas de n\u00edvel fundamental, m\u00e9dio, t\u00e9cnico e superior.\" \/>\n<meta property=\"og:url\" content=\"https:\/\/www.estrategiaconcursos.com.br\/blog\/edital-camara-de-ibirite\/\" \/>\n<meta property=\"og:site_name\" content=\"Estrat\u00e9gia Concursos\" \/>\n<meta property=\"article:published_time\" content=\"2022-05-12T02:59:00+00:00\" \/>\n<meta property=\"article:modified_time\" content=\"2022-05-12T12:08:54+00:00\" \/>\n<meta property=\"og:image\" content=\"https:\/\/dhg1h5j42swfq.cloudfront.net\/2022\/02\/01133835\/camara-de-ibirite-mg.jpg\" \/>\n\t<meta property=\"og:image:width\" content=\"768\" \/>\n\t<meta property=\"og:image:height\" content=\"432\" \/>\n\t<meta property=\"og:image:type\" content=\"image\/jpeg\" \/>\n<meta name=\"author\" content=\"Thiago Cavalcante Gomes\" \/>\n<meta name=\"twitter:card\" content=\"summary_large_image\" \/>\n<meta name=\"twitter:creator\" content=\"@EstratConcursos\" \/>\n<meta name=\"twitter:site\" content=\"@EstratConcursos\" \/>\n<meta name=\"twitter:label1\" content=\"Escrito por\" \/>\n\t<meta name=\"twitter:data1\" content=\"Thiago Cavalcante Gomes\" \/>\n\t<meta name=\"twitter:label2\" content=\"Est. tempo de leitura\" \/>\n\t<meta name=\"twitter:data2\" content=\"5 minutos\" \/>\n<script type=\"application\/ld+json\" class=\"yoast-schema-graph\">{\"@context\":\"https:\/\/schema.org\",\"@graph\":[{\"@type\":\"NewsArticle\",\"@id\":\"https:\/\/www.estrategiaconcursos.com.br\/blog\/edital-camara-de-ibirite\/#article\",\"isPartOf\":{\"@id\":\"https:\/\/www.estrategiaconcursos.com.br\/blog\/edital-camara-de-ibirite\/\"},\"author\":{\"name\":\"Thiago Cavalcante Gomes\",\"@id\":\"https:\/\/www.estrategiaconcursos.com.br\/blog\/#\/schema\/person\/4970184533d0a3ffa5b0299ae0a2b21f\"},\"headline\":\"Edital C\u00e2mara de Ibirit\u00e9: inscri\u00e7\u00f5es encerradas; at\u00e9 R$ 3,7 mil\",\"datePublished\":\"2022-05-12T02:59:00+00:00\",\"dateModified\":\"2022-05-12T12:08:54+00:00\",\"mainEntityOfPage\":{\"@id\":\"https:\/\/www.estrategiaconcursos.com.br\/blog\/edital-camara-de-ibirite\/\"},\"wordCount\":573,\"commentCount\":0,\"publisher\":{\"@id\":\"https:\/\/www.estrategiaconcursos.com.br\/blog\/#organization\"},\"image\":{\"@id\":\"https:\/\/www.estrategiaconcursos.com.br\/blog\/edital-camara-de-ibirite\/#primaryimage\"},\"thumbnailUrl\":\"https:\/\/dhg1h5j42swfq.cloudfront.net\/2022\/02\/01133835\/camara-de-ibirite-mg.jpg\",\"articleSection\":[\"Legislativo\"],\"inLanguage\":\"pt-BR\",\"potentialAction\":[{\"@type\":\"CommentAction\",\"name\":\"Comment\",\"target\":[\"https:\/\/www.estrategiaconcursos.com.br\/blog\/edital-camara-de-ibirite\/#respond\"]}],\"copyrightYear\":\"2022\",\"copyrightHolder\":{\"@id\":\"https:\/\/www.estrategiaconcursos.com.br\/blog\/#organization\"}},{\"@type\":\"WebPage\",\"@id\":\"https:\/\/www.estrategiaconcursos.com.br\/blog\/edital-camara-de-ibirite\/\",\"url\":\"https:\/\/www.estrategiaconcursos.com.br\/blog\/edital-camara-de-ibirite\/\",\"name\":\"Edital C\u00e2mara de Ibirit\u00e9: inscri\u00e7\u00f5es encerradas; at\u00e9 R$ 3,7 mil\",\"isPartOf\":{\"@id\":\"https:\/\/www.estrategiaconcursos.com.br\/blog\/#website\"},\"primaryImageOfPage\":{\"@id\":\"https:\/\/www.estrategiaconcursos.com.br\/blog\/edital-camara-de-ibirite\/#primaryimage\"},\"image\":{\"@id\":\"https:\/\/www.estrategiaconcursos.com.br\/blog\/edital-camara-de-ibirite\/#primaryimage\"},\"thumbnailUrl\":\"https:\/\/dhg1h5j42swfq.cloudfront.net\/2022\/02\/01133835\/camara-de-ibirite-mg.jpg\",\"datePublished\":\"2022-05-12T02:59:00+00:00\",\"dateModified\":\"2022-05-12T12:08:54+00:00\",\"description\":\"Edital do concurso C\u00e2mara de Ibirit\u00e9: inscri\u00e7\u00f5es encerradas para 34 vagas de n\u00edvel fundamental, m\u00e9dio, t\u00e9cnico e superior.\",\"breadcrumb\":{\"@id\":\"https:\/\/www.estrategiaconcursos.com.br\/blog\/edital-camara-de-ibirite\/#breadcrumb\"},\"inLanguage\":\"pt-BR\",\"potentialAction\":[{\"@type\":\"ReadAction\",\"target\":[\"https:\/\/www.estrategiaconcursos.com.br\/blog\/edital-camara-de-ibirite\/\"]}]},{\"@type\":\"ImageObject\",\"inLanguage\":\"pt-BR\",\"@id\":\"https:\/\/www.estrategiaconcursos.com.br\/blog\/edital-camara-de-ibirite\/#primaryimage\",\"url\":\"https:\/\/dhg1h5j42swfq.cloudfront.net\/2022\/02\/01133835\/camara-de-ibirite-mg.jpg\",\"contentUrl\":\"https:\/\/dhg1h5j42swfq.cloudfront.net\/2022\/02\/01133835\/camara-de-ibirite-mg.jpg\",\"width\":768,\"height\":432},{\"@type\":\"BreadcrumbList\",\"@id\":\"https:\/\/www.estrategiaconcursos.com.br\/blog\/edital-camara-de-ibirite\/#breadcrumb\",\"itemListElement\":[{\"@type\":\"ListItem\",\"position\":1,\"name\":\"In\u00edcio\",\"item\":\"https:\/\/www.estrategiaconcursos.com.br\/blog\/\"},{\"@type\":\"ListItem\",\"position\":2,\"name\":\"Edital C\u00e2mara de Ibirit\u00e9: inscri\u00e7\u00f5es encerradas; at\u00e9 R$ 3,7 mil\"}]},{\"@type\":\"WebSite\",\"@id\":\"https:\/\/www.estrategiaconcursos.com.br\/blog\/#website\",\"url\":\"https:\/\/www.estrategiaconcursos.com.br\/blog\/\",\"name\":\"Estrat\u00e9gia Concursos\",\"description\":\"O blog da Estrat\u00e9gia Concursos traz not\u00edcias sobre concursos e artigos de professores oferecendo cursos para concursos (pdf + videaulas) no site.\",\"publisher\":{\"@id\":\"https:\/\/www.estrategiaconcursos.com.br\/blog\/#organization\"},\"potentialAction\":[{\"@type\":\"SearchAction\",\"target\":{\"@type\":\"EntryPoint\",\"urlTemplate\":\"https:\/\/www.estrategiaconcursos.com.br\/blog\/?s={search_term_string}\"},\"query-input\":{\"@type\":\"PropertyValueSpecification\",\"valueRequired\":true,\"valueName\":\"search_term_string\"}}],\"inLanguage\":\"pt-BR\"},{\"@type\":\"Organization\",\"@id\":\"https:\/\/www.estrategiaconcursos.com.br\/blog\/#organization\",\"name\":\"Estrat\u00e9gia Concursos\",\"url\":\"https:\/\/www.estrategiaconcursos.com.br\/blog\/\",\"logo\":{\"@type\":\"ImageObject\",\"inLanguage\":\"pt-BR\",\"@id\":\"https:\/\/www.estrategiaconcursos.com.br\/blog\/#\/schema\/logo\/image\/\",\"url\":\"https:\/\/dhg1h5j42swfq.cloudfront.net\/2025\/06\/03203428\/logo_concursos-1.jpg\",\"contentUrl\":\"https:\/\/dhg1h5j42swfq.cloudfront.net\/2025\/06\/03203428\/logo_concursos-1.jpg\",\"width\":230,\"height\":60,\"caption\":\"Estrat\u00e9gia Concursos\"},\"image\":{\"@id\":\"https:\/\/www.estrategiaconcursos.com.br\/blog\/#\/schema\/logo\/image\/\"},\"sameAs\":[\"https:\/\/x.com\/EstratConcursos\"]},{\"@type\":\"Person\",\"@id\":\"https:\/\/www.estrategiaconcursos.com.br\/blog\/#\/schema\/person\/4970184533d0a3ffa5b0299ae0a2b21f\",\"name\":\"Thiago Cavalcante Gomes\",\"image\":{\"@type\":\"ImageObject\",\"inLanguage\":\"pt-BR\",\"@id\":\"https:\/\/secure.gravatar.com\/avatar\/?s=96&d=mm&r=g\",\"url\":\"https:\/\/secure.gravatar.com\/avatar\/?s=96&d=mm&r=g\",\"contentUrl\":\"https:\/\/secure.gravatar.com\/avatar\/?s=96&d=mm&r=g\",\"caption\":\"Thiago Cavalcante Gomes\"},\"url\":\"https:\/\/www.estrategiaconcursos.com.br\/blog\/author\/thiago-gomes\/\"}]}<\/script>\n<!-- \/ Yoast SEO Premium plugin. -->","yoast_head_json":{"title":"Edital C\u00e2mara de Ibirit\u00e9: inscri\u00e7\u00f5es encerradas; at\u00e9 R$ 3,7 mil","description":"Edital do concurso C\u00e2mara de Ibirit\u00e9: inscri\u00e7\u00f5es encerradas para 34 vagas de n\u00edvel fundamental, m\u00e9dio, t\u00e9cnico e superior.","robots":{"index":"index","follow":"follow","max-snippet":"max-snippet:-1","max-image-preview":"max-image-preview:large","max-video-preview":"max-video-preview:-1"},"canonical":"https:\/\/www.estrategiaconcursos.com.br\/blog\/edital-camara-de-ibirite\/","og_locale":"pt_BR","og_type":"article","og_title":"Edital C\u00e2mara de Ibirit\u00e9: inscri\u00e7\u00f5es encerradas; at\u00e9 R$ 3,7 mil","og_description":"Edital do concurso C\u00e2mara de Ibirit\u00e9: inscri\u00e7\u00f5es encerradas para 34 vagas de n\u00edvel fundamental, m\u00e9dio, t\u00e9cnico e superior.","og_url":"https:\/\/www.estrategiaconcursos.com.br\/blog\/edital-camara-de-ibirite\/","og_site_name":"Estrat\u00e9gia Concursos","article_published_time":"2022-05-12T02:59:00+00:00","article_modified_time":"2022-05-12T12:08:54+00:00","og_image":[{"width":768,"height":432,"url":"https:\/\/dhg1h5j42swfq.cloudfront.net\/2022\/02\/01133835\/camara-de-ibirite-mg.jpg","type":"image\/jpeg"}],"author":"Thiago Cavalcante Gomes","twitter_card":"summary_large_image","twitter_creator":"@EstratConcursos","twitter_site":"@EstratConcursos","twitter_misc":{"Escrito por":"Thiago Cavalcante Gomes","Est. tempo de leitura":"5 minutos"},"schema":{"@context":"https:\/\/schema.org","@graph":[{"@type":"NewsArticle","@id":"https:\/\/www.estrategiaconcursos.com.br\/blog\/edital-camara-de-ibirite\/#article","isPartOf":{"@id":"https:\/\/www.estrategiaconcursos.com.br\/blog\/edital-camara-de-ibirite\/"},"author":{"name":"Thiago Cavalcante Gomes","@id":"https:\/\/www.estrategiaconcursos.com.br\/blog\/#\/schema\/person\/4970184533d0a3ffa5b0299ae0a2b21f"},"headline":"Edital C\u00e2mara de Ibirit\u00e9: inscri\u00e7\u00f5es encerradas; at\u00e9 R$ 3,7 mil","datePublished":"2022-05-12T02:59:00+00:00","dateModified":"2022-05-12T12:08:54+00:00","mainEntityOfPage":{"@id":"https:\/\/www.estrategiaconcursos.com.br\/blog\/edital-camara-de-ibirite\/"},"wordCount":573,"commentCount":0,"publisher":{"@id":"https:\/\/www.estrategiaconcursos.com.br\/blog\/#organization"},"image":{"@id":"https:\/\/www.estrategiaconcursos.com.br\/blog\/edital-camara-de-ibirite\/#primaryimage"},"thumbnailUrl":"https:\/\/dhg1h5j42swfq.cloudfront.net\/2022\/02\/01133835\/camara-de-ibirite-mg.jpg","articleSection":["Legislativo"],"inLanguage":"pt-BR","potentialAction":[{"@type":"CommentAction","name":"Comment","target":["https:\/\/www.estrategiaconcursos.com.br\/blog\/edital-camara-de-ibirite\/#respond"]}],"copyrightYear":"2022","copyrightHolder":{"@id":"https:\/\/www.estrategiaconcursos.com.br\/blog\/#organization"}},{"@type":"WebPage","@id":"https:\/\/www.estrategiaconcursos.com.br\/blog\/edital-camara-de-ibirite\/","url":"https:\/\/www.estrategiaconcursos.com.br\/blog\/edital-camara-de-ibirite\/","name":"Edital C\u00e2mara de Ibirit\u00e9: inscri\u00e7\u00f5es encerradas; at\u00e9 R$ 3,7 mil","isPartOf":{"@id":"https:\/\/www.estrategiaconcursos.com.br\/blog\/#website"},"primaryImageOfPage":{"@id":"https:\/\/www.estrategiaconcursos.com.br\/blog\/edital-camara-de-ibirite\/#primaryimage"},"image":{"@id":"https:\/\/www.estrategiaconcursos.com.br\/blog\/edital-camara-de-ibirite\/#primaryimage"},"thumbnailUrl":"https:\/\/dhg1h5j42swfq.cloudfront.net\/2022\/02\/01133835\/camara-de-ibirite-mg.jpg","datePublished":"2022-05-12T02:59:00+00:00","dateModified":"2022-05-12T12:08:54+00:00","description":"Edital do concurso C\u00e2mara de Ibirit\u00e9: inscri\u00e7\u00f5es encerradas para 34 vagas de n\u00edvel fundamental, m\u00e9dio, t\u00e9cnico e superior.","breadcrumb":{"@id":"https:\/\/www.estrategiaconcursos.com.br\/blog\/edital-camara-de-ibirite\/#breadcrumb"},"inLanguage":"pt-BR","potentialAction":[{"@type":"ReadAction","target":["https:\/\/www.estrategiaconcursos.com.br\/blog\/edital-camara-de-ibirite\/"]}]},{"@type":"ImageObject","inLanguage":"pt-BR","@id":"https:\/\/www.estrategiaconcursos.com.br\/blog\/edital-camara-de-ibirite\/#primaryimage","url":"https:\/\/dhg1h5j42swfq.cloudfront.net\/2022\/02\/01133835\/camara-de-ibirite-mg.jpg","contentUrl":"https:\/\/dhg1h5j42swfq.cloudfront.net\/2022\/02\/01133835\/camara-de-ibirite-mg.jpg","width":768,"height":432},{"@type":"BreadcrumbList","@id":"https:\/\/www.estrategiaconcursos.com.br\/blog\/edital-camara-de-ibirite\/#breadcrumb","itemListElement":[{"@type":"ListItem","position":1,"name":"In\u00edcio","item":"https:\/\/www.estrategiaconcursos.com.br\/blog\/"},{"@type":"ListItem","position":2,"name":"Edital C\u00e2mara de Ibirit\u00e9: inscri\u00e7\u00f5es encerradas; at\u00e9 R$ 3,7 mil"}]},{"@type":"WebSite","@id":"https:\/\/www.estrategiaconcursos.com.br\/blog\/#website","url":"https:\/\/www.estrategiaconcursos.com.br\/blog\/","name":"Estrat\u00e9gia Concursos","description":"O blog da Estrat\u00e9gia Concursos traz not\u00edcias sobre concursos e artigos de professores oferecendo cursos para concursos (pdf + videaulas) no site.","publisher":{"@id":"https:\/\/www.estrategiaconcursos.com.br\/blog\/#organization"},"potentialAction":[{"@type":"SearchAction","target":{"@type":"EntryPoint","urlTemplate":"https:\/\/www.estrategiaconcursos.com.br\/blog\/?s={search_term_string}"},"query-input":{"@type":"PropertyValueSpecification","valueRequired":true,"valueName":"search_term_string"}}],"inLanguage":"pt-BR"},{"@type":"Organization","@id":"https:\/\/www.estrategiaconcursos.com.br\/blog\/#organization","name":"Estrat\u00e9gia Concursos","url":"https:\/\/www.estrategiaconcursos.com.br\/blog\/","logo":{"@type":"ImageObject","inLanguage":"pt-BR","@id":"https:\/\/www.estrategiaconcursos.com.br\/blog\/#\/schema\/logo\/image\/","url":"https:\/\/dhg1h5j42swfq.cloudfront.net\/2025\/06\/03203428\/logo_concursos-1.jpg","contentUrl":"https:\/\/dhg1h5j42swfq.cloudfront.net\/2025\/06\/03203428\/logo_concursos-1.jpg","width":230,"height":60,"caption":"Estrat\u00e9gia Concursos"},"image":{"@id":"https:\/\/www.estrategiaconcursos.com.br\/blog\/#\/schema\/logo\/image\/"},"sameAs":["https:\/\/x.com\/EstratConcursos"]},{"@type":"Person","@id":"https:\/\/www.estrategiaconcursos.com.br\/blog\/#\/schema\/person\/4970184533d0a3ffa5b0299ae0a2b21f","name":"Thiago Cavalcante Gomes","image":{"@type":"ImageObject","inLanguage":"pt-BR","@id":"https:\/\/secure.gravatar.com\/avatar\/?s=96&d=mm&r=g","url":"https:\/\/secure.gravatar.com\/avatar\/?s=96&d=mm&r=g","contentUrl":"https:\/\/secure.gravatar.com\/avatar\/?s=96&d=mm&r=g","caption":"Thiago Cavalcante Gomes"},"url":"https:\/\/www.estrategiaconcursos.com.br\/blog\/author\/thiago-gomes\/"}]}},"_links":{"self":[{"href":"https:\/\/www.estrategiaconcursos.com.br\/blog\/wp-json\/wp\/v2\/posts\/959459","targetHints":{"allow":["GET"]}}],"collection":[{"href":"https:\/\/www.estrategiaconcursos.com.br\/blog\/wp-json\/wp\/v2\/posts"}],"about":[{"href":"https:\/\/www.estrategiaconcursos.com.br\/blog\/wp-json\/wp\/v2\/types\/post"}],"author":[{"embeddable":true,"href":"https:\/\/www.estrategiaconcursos.com.br\/blog\/wp-json\/wp\/v2\/users\/2041"}],"replies":[{"embeddable":true,"href":"https:\/\/www.estrategiaconcursos.com.br\/blog\/wp-json\/wp\/v2\/comments?post=959459"}],"version-history":[{"count":14,"href":"https:\/\/www.estrategiaconcursos.com.br\/blog\/wp-json\/wp\/v2\/posts\/959459\/revisions"}],"predecessor-version":[{"id":1026709,"href":"https:\/\/www.estrategiaconcursos.com.br\/blog\/wp-json\/wp\/v2\/posts\/959459\/revisions\/1026709"}],"wp:featuredmedia":[{"embeddable":true,"href":"https:\/\/www.estrategiaconcursos.com.br\/blog\/wp-json\/wp\/v2\/media\/978904"}],"wp:attachment":[{"href":"https:\/\/www.estrategiaconcursos.com.br\/blog\/wp-json\/wp\/v2\/media?parent=959459"}],"wp:term":[{"taxonomy":"category","embeddable":true,"href":"https:\/\/www.estrategiaconcursos.com.br\/blog\/wp-json\/wp\/v2\/categories?post=959459"},{"taxonomy":"post_tag","embeddable":true,"href":"https:\/\/www.estrategiaconcursos.com.br\/blog\/wp-json\/wp\/v2\/tags?post=959459"},{"taxonomy":"tax_estado","embeddable":true,"href":"https:\/\/www.estrategiaconcursos.com.br\/blog\/wp-json\/wp\/v2\/tax_estado?post=959459"}],"curies":[{"name":"wp","href":"https:\/\/api.w.org\/{rel}","templated":true}]}}