{"id":958824,"date":"2023-05-12T05:30:00","date_gmt":"2023-05-12T08:30:00","guid":{"rendered":"https:\/\/www.estrategiaconcursos.com.br\/blog\/?p=958824"},"modified":"2023-05-12T08:35:23","modified_gmt":"2023-05-12T11:35:23","slug":"concurso-crefito-2-rj","status":"publish","type":"post","link":"https:\/\/www.estrategiaconcursos.com.br\/blog\/concurso-crefito-2-rj\/","title":{"rendered":"Concurso CREFITO 2: resultado final publicado e homologado!"},"content":{"rendered":"\n<p>Foi homologado o resultado final do concurso do <a href=\"https:\/\/www.estrategiaconcursos.com.br\/cursosPorConcurso\/conselho-regional-de-fisioterapia-e-terapia-ocupacional-da-2-regiao-crefito-2\/\" target=\"_blank\" rel=\"noreferrer noopener\">Conselho Regional de Fisioterapia e Terapia Ocupacional da 2\u00aa Regi\u00e3o<\/a> (<strong>CREFITO 2)<\/strong>, RJ! <\/p>\n\n\n\n<p>Confira abaixo a lista de aprovados publicada:<\/p>\n\n\n\n<ul class=\"wp-block-list\">\n<li><a href=\"https:\/\/dhg1h5j42swfq.cloudfront.net\/2023\/05\/12075153\/diariooficial-36.pdf\" target=\"_blank\" rel=\"noreferrer noopener nofollow\">Resultado final e homologa\u00e7\u00e3o<\/a> <\/li>\n<\/ul>\n\n\n\n<p>O edital ofertou ao todo <strong>48 vagas<\/strong>, entre imediatas e em forma\u00e7\u00e3o de cadastro de reserva, de n\u00edveis m\u00e9dio e superior de escolaridade, com sal\u00e1rios iniciais que variam entre <strong>R$ 2.744,65<\/strong>\u00a0e\u00a0<strong>R$ 8.429,57<\/strong>.<\/p>\n\n\n\n<ul id=\"block-ee678516-e9d1-48bd-b327-7b9acd55f0fd\" class=\"has-background wp-block-list\" style=\"background:linear-gradient(135deg,rgb(255,245,203) 0%,rgb(182,227,212) 0%,rgb(51,167,181) 100%)\">\n<li><strong>Concurso CREFITO 2<\/strong><\/li>\n\n\n\n<li><strong>Status:<\/strong>\u00a0resultado homologado<\/li>\n\n\n\n<li><strong>Banca:&nbsp;<\/strong>Iuds<\/li>\n\n\n\n<li><strong>Vagas:&nbsp;<\/strong>48 (imediatas e CR)<\/li>\n\n\n\n<li><strong>Sal\u00e1rio inicial:<\/strong>&nbsp;R$ 2.744,65 a R$ 8.429,57<\/li>\n\n\n\n<li><strong>Edital: <\/strong><a href=\"https:\/\/www.in.gov.br\/web\/dou\/-\/edital-n-1-de-31-de-agosto-de-2022-concurso-publico-para-provimento-de-vagas-e-formacao-de-cadastro-reserva-426322101\" target=\"_blank\" rel=\"noreferrer noopener\">CREFITO 2<\/a><\/li>\n<\/ul>\n\n\n\n<p>Veja maiores detalhes do certame navegando pelo \u00edndice abaixo e fique 100% informado!<\/p>\n\n\n\n<div class=\"col-sm\">\n      <div class=\"banner-estrategia\" id=\"box-assinatura\">\n        <h3 class=\"titulo-assinatura\">Cursos para CREFITO 2<\/h3>\n        <p class=\"subtitulo-assinatura\">Conhe\u00e7a os cursos<\/p>\n        <div class=\"box-botao\">\n          <a class=\"btn-assinatura\" target=\"_blank\" href=\"https:\/\/www.estrategiaconcursos.com.br\/cursosPorConcurso\/conselho-regional-de-fisioterapia-e-terapia-ocupacional-da-2-regiao-crefito-2\/\" role=\"button\" rel=\"noopener noreferrer\">Conhe\u00e7a mais<\/a>\n        <\/div>\n      <\/div>\n     \n    <\/div>\n\n\n\n<ul class=\"wp-block-list\" id=\"block-1677606a-75db-4726-a2ef-f204e2a536e1\">\n<li><a href=\"#atual\"><strong>Situa\u00e7\u00e3o atual<\/strong><\/a>\n<ul class=\"wp-block-list\">\n<li><strong><a href=\"#datas\">Principais datas<\/a><\/strong><\/li>\n<\/ul>\n<\/li>\n\n\n\n<li><strong><a href=\"#cargos-vagas\">Cargos, vagas e requisitos<\/a><\/strong>\n<ul class=\"wp-block-list\">\n<li><strong><a href=\"#n\u00edvel-m\u00e9dio\">N\u00edvel m\u00e9dio<\/a><\/strong><\/li>\n\n\n\n<li><strong><a href=\"#n\u00edvel-superior\">N\u00edvel superior<\/a><\/strong><\/li>\n<\/ul>\n<\/li>\n\n\n\n<li><strong><a href=\"#sal\u00e1rios\">Sal\u00e1rios<\/a><\/strong><\/li>\n\n\n\n<li><strong><a href=\"#etapas\">Etapas e provas<\/a><\/strong>\n<ul class=\"wp-block-list\">\n<li><strong><a href=\"#objetiva\">Prova objetiva<\/a><\/strong><\/li>\n\n\n\n<li><strong><a href=\"#discursiva\">Prova discursiva<\/a><\/strong><\/li>\n\n\n\n<li><strong><a href=\"#titulos\">Avalia\u00e7\u00e3o de t\u00edtulos<\/a><\/strong><\/li>\n<\/ul>\n<\/li>\n\n\n\n<li><strong><a href=\"#ultimo\">\u00daltimo concurso<\/a><\/strong>\n<ul class=\"wp-block-list\">\n<li><strong><a href=\"#vagas\">Distribui\u00e7\u00f5es das vagas<\/a><\/strong><\/li>\n\n\n\n<li><strong><a href=\"#etapas\">Etapas do \u00faltimo concurso<\/a><\/strong><\/li>\n\n\n\n<li><strong><a href=\"#objetiva\">Prova Objetiva<\/a><\/strong><\/li>\n\n\n\n<li><strong><a href=\"#redacao\">Prova de Reda\u00e7\u00e3o<\/a><\/strong><\/li>\n\n\n\n<li><strong><a href=\"#medico\">Exame M\u00e9dico Admissional<\/a><\/strong><\/li>\n<\/ul>\n<\/li>\n\n\n\n<li><strong><a href=\"#cursos\">Cursos e Assinaturas<\/a><\/strong><\/li>\n\n\n\n<li><strong><a href=\"#ficha\">Ficha T\u00e9cnica<\/a><\/strong><\/li>\n<\/ul>\n\n\n\n<h2 class=\"wp-block-heading\" id=\"atual\">Concurso CREFITO 2: situa\u00e7\u00e3o atual<\/h2>\n\n\n\n<h3 class=\"wp-block-heading\">Resultado homologado<\/h3>\n\n\n\n<p>Foi publicado na edi\u00e7\u00e3o do dia 12 de maio de 2023 do Di\u00e1rio Oficial da Uni\u00e3o o resultado final homologado do concurso CREFITO 12.<\/p>\n\n\n\n<p>Confira abaixo o documento!<\/p>\n\n\n\n<p class=\"has-text-align-center has-background\" style=\"background:linear-gradient(135deg,rgb(255,245,203) 0%,rgb(182,227,212) 0%,rgb(51,167,181) 100%)\"><strong><a href=\"https:\/\/dhg1h5j42swfq.cloudfront.net\/2023\/05\/12075153\/diariooficial-36.pdf\" target=\"_blank\" rel=\"noreferrer noopener nofollow\">Resultado final homologado<\/a><\/strong><\/p>\n\n\n\n<h2 class=\"wp-block-heading\" id=\"cargos-vagas\">Cargos, vagas e requisitos<\/h2>\n\n\n\n<p>Confira quais os cargos, a quantidade de vagas e os requisitos do concurso CREFITO 2: <\/p>\n\n\n\n<h3 class=\"wp-block-heading\" id=\"n\u00edvel-m\u00e9dio\">N\u00edvel m\u00e9dio <\/h3>\n\n\n\n<ul class=\"wp-block-list\">\n<li><strong>Auxiliar de Manuten\u00e7\u00e3o<\/strong>\n<ul class=\"wp-block-list\">\n<li>Vagas: 01<\/li>\n\n\n\n<li>Requisitos: Ensino M\u00e9dio Completo e Curso na \u00e1rea de manuten\u00e7\u00e3o (El\u00e9trica; Hidr\u00e1ulica; Manuten\u00e7\u00e3o Predial; Alvenaria) e M\u00ednimo de 03 anos de experi\u00eancia.<\/li>\n<\/ul>\n<\/li>\n<\/ul>\n\n\n\n<ul class=\"wp-block-list\">\n<li><strong>Motorista<\/strong>\n<ul class=\"wp-block-list\">\n<li>Vagas: 01<\/li>\n\n\n\n<li>Requisitos: Ensino M\u00e9dio Completo e M\u00ednimo de 05&nbsp; anos de experi\u00eancia e categoria de habilita\u00e7\u00e3o tipo \u201cB\u201d.<\/li>\n<\/ul>\n<\/li>\n<\/ul>\n\n\n\n<ul class=\"wp-block-list\">\n<li><strong>Assistente Administrativo<\/strong>\n<ul class=\"wp-block-list\">\n<li>Vagas: 26<\/li>\n\n\n\n<li>Requisitos: Ensino M\u00e9dio Completo.<\/li>\n<\/ul>\n<\/li>\n<\/ul>\n\n\n\n<ul class=\"wp-block-list\">\n<li><strong>Assistente de Tecnologia da Informa\u00e7\u00e3o<\/strong>\n<ul class=\"wp-block-list\">\n<li>Vagas: 02<\/li>\n\n\n\n<li>Requisitos: Ensino M\u00e9dio Completo + T\u00e9cnico em Inform\u00e1tica.<\/li>\n<\/ul>\n<\/li>\n<\/ul>\n\n\n\n<h3 class=\"wp-block-heading\" id=\"n\u00edvel-superior\">N\u00edvel Superior <\/h3>\n\n\n\n<ul class=\"wp-block-list\">\n<li><strong>Analista de Sistema<\/strong>\n<ul class=\"wp-block-list\">\n<li>Vagas: 01<\/li>\n\n\n\n<li>Requisitos: Gradua\u00e7\u00e3o em An\u00e1lise e Desenvolvimento de Sistemas, Sistemas da Informa\u00e7\u00e3o ou Rede de Computadores e m\u00ednimo de 03 anos de experi\u00eancia.<\/li>\n<\/ul>\n<\/li>\n<\/ul>\n\n\n\n<ul class=\"wp-block-list\">\n<li><strong>Analista Financeiro<\/strong>\n<ul class=\"wp-block-list\">\n<li>Vagas: 01<\/li>\n\n\n\n<li>Requisitos: Gradua\u00e7\u00e3o em Administra\u00e7\u00e3o, Ci\u00eancias Cont\u00e1beis ou Gest\u00e3o Financeira e m\u00ednimo de 03 anos de experi\u00eancia.<\/li>\n<\/ul>\n<\/li>\n<\/ul>\n\n\n\n<ul class=\"wp-block-list\">\n<li><strong>Analista em RH<\/strong>\n<ul class=\"wp-block-list\">\n<li>Vagas: 01<\/li>\n\n\n\n<li>Requisitos: Gradua\u00e7\u00e3o em Administra\u00e7\u00e3o, Gest\u00e3o de Recursos Humanos, Pedagogia ou Psicologia e m\u00ednimo de 03 anos de experi\u00eancia.<\/li>\n<\/ul>\n<\/li>\n<\/ul>\n\n\n\n<ul class=\"wp-block-list\">\n<li><strong>Analista de Comunica\u00e7\u00e3o<\/strong>\n<ul class=\"wp-block-list\">\n<li>Vagas: 02<\/li>\n\n\n\n<li>Requisitos: Gradua\u00e7\u00e3o em Comunica\u00e7\u00e3o Social (Jornalismo ou Publicidade Propaganda) e Marketing e m\u00ednimo de 03 anos de experi\u00eancia.<\/li>\n<\/ul>\n<\/li>\n<\/ul>\n\n\n\n<ul class=\"wp-block-list\">\n<li><strong>Advogado<\/strong>\n<ul class=\"wp-block-list\">\n<li>Vagas: 01<\/li>\n\n\n\n<li>Requisitos: Superior em Direito, com carteira e inscri\u00e7\u00e3o ativa na OAB-RJ. Desej\u00e1vel p\u00f3s-gradua\u00e7\u00e3o e m\u00ednimo de 03 anos de experi\u00eancia.<\/li>\n<\/ul>\n<\/li>\n<\/ul>\n\n\n\n<ul class=\"wp-block-list\">\n<li><strong>Contador<\/strong>\n<ul class=\"wp-block-list\">\n<li>Vagas: 01<\/li>\n\n\n\n<li>Requisitos: Superior Completo em Ci\u00eancias Cont\u00e1beis com pelo menos 4 anos de registro ativo no Conselho Regional de Contabilidade e 04 anos de registro ativo no Conselho Regional de Contabilidade.<\/li>\n<\/ul>\n<\/li>\n<\/ul>\n\n\n\n<ul class=\"wp-block-list\">\n<li><strong>Fiscal \u2013 Fisioterapia<\/strong>\n<ul class=\"wp-block-list\">\n<li>Vagas: 09<\/li>\n\n\n\n<li>Requisitos: Superior Completo em Fisioterapia.<\/li>\n<\/ul>\n<\/li>\n<\/ul>\n\n\n\n<ul class=\"wp-block-list\">\n<li><strong>Fiscal \u2013 Terapia Ocupacional<\/strong>\n<ul class=\"wp-block-list\">\n<li>Vagas: 02<\/li>\n\n\n\n<li>Requisitos: Superior Completo em Terapia Ocupacional.<\/li>\n<\/ul>\n<\/li>\n<\/ul>\n\n\n\n<h2 class=\"wp-block-heading\" id=\"sal\u00e1rios\">Sal\u00e1rios<\/h2>\n\n\n\n<p>A remunera\u00e7\u00e3o ofertada no concurso p\u00fablico varia entre de<strong>&nbsp;R$ 2.744,65 a R$ 8.429,57<\/strong>. Veja abaixo tabela com a remunera\u00e7\u00e3o ofertada para cada cargo:<\/p>\n\n\n\n<figure class=\"wp-block-table is-style-stripes\"><table class=\"has-background\" style=\"background:linear-gradient(135deg,rgb(255,245,203) 0%,rgb(182,227,212) 0%,rgb(51,167,181) 100%)\"><thead><tr><th class=\"has-text-align-center\" data-align=\"center\">CARGO<\/th><th class=\"has-text-align-center\" data-align=\"center\">REMUNERA\u00c7\u00c3O<\/th><\/tr><\/thead><tbody><tr><td class=\"has-text-align-center\" data-align=\"center\">Auxiliar de Manuten\u00e7\u00e3o<\/td><td class=\"has-text-align-center\" data-align=\"center\">R$ 2.744,65<\/td><\/tr><tr><td class=\"has-text-align-center\" data-align=\"center\">Motorista<\/td><td class=\"has-text-align-center\" data-align=\"center\">R$ 3.502,25<\/td><\/tr><tr><td class=\"has-text-align-center\" data-align=\"center\">Assistente Administrativo<\/td><td class=\"has-text-align-center\" data-align=\"center\">R$ 3.502,25<\/td><\/tr><tr><td class=\"has-text-align-center\" data-align=\"center\">Assistente de Tecnologia da Informa\u00e7\u00e3o<\/td><td class=\"has-text-align-center\" data-align=\"center\">R$ 3.502,25<\/td><\/tr><tr><td class=\"has-text-align-center\" data-align=\"center\">Analista de Sistema<\/td><td class=\"has-text-align-center\" data-align=\"center\">R$ 4.747,36<\/td><\/tr><tr><td class=\"has-text-align-center\" data-align=\"center\">Analista Financeiro<\/td><td class=\"has-text-align-center\" data-align=\"center\">R$ 4.747,36<\/td><\/tr><tr><td class=\"has-text-align-center\" data-align=\"center\">Analista em RH<\/td><td class=\"has-text-align-center\" data-align=\"center\">R$ 4.747,36<\/td><\/tr><tr><td class=\"has-text-align-center\" data-align=\"center\">Analista de Comunica\u00e7\u00e3o<\/td><td class=\"has-text-align-center\" data-align=\"center\">R$ 4.747,36<\/td><\/tr><tr><td class=\"has-text-align-center\" data-align=\"center\">Advogado<\/td><td class=\"has-text-align-center\" data-align=\"center\">R$ 8.429,57<\/td><\/tr><tr><td class=\"has-text-align-center\" data-align=\"center\">Contador<\/td><td class=\"has-text-align-center\" data-align=\"center\">R$ 8.429,57<\/td><\/tr><tr><td class=\"has-text-align-center\" data-align=\"center\">Fiscal \u2013 Fisioterapia<\/td><td class=\"has-text-align-center\" data-align=\"center\">R$ 8.429,57<\/td><\/tr><tr><td class=\"has-text-align-center\" data-align=\"center\">Fiscal \u2013 Terapia Ocupacional<\/td><td class=\"has-text-align-center\" data-align=\"center\">R$ 8.429,57<\/td><\/tr><\/tbody><\/table><figcaption class=\"wp-element-caption\">Concurso CREFITO 2: remunera\u00e7\u00f5es <\/figcaption><\/figure>\n\n\n\n<h2 class=\"wp-block-heading\" id=\"etapas\">Etapas e provas do edital CREFITO 2<\/h2>\n\n\n\n<p>A sele\u00e7\u00e3o dos candidatos inscritos no edital CREFITO 2 se deu mediante aplica\u00e7\u00e3o das seguintes etapas:<\/p>\n\n\n\n<ul class=\"wp-block-list\">\n<li>Prova preambular (objetiva) \u2013 eliminat\u00f3rio e classificat\u00f3rio;<\/li>\n\n\n\n<li>Prova escrita para os cargos de Analista de Sistema, Analista Financeiro, Analista em RH, Analista de Comunica\u00e7\u00e3o, Contador, Fiscal \u2013 Fisioterapia e Fiscal \u2013 Terapia Ocupacional \u2013 eliminat\u00f3rio e classificat\u00f3rio;<\/li>\n\n\n\n<li>Pe\u00e7a Processual para o cargo de Advogado \u2013 eliminat\u00f3rio;<\/li>\n\n\n\n<li>Prova de t\u00edtulos \u2013 classificat\u00f3rio.<\/li>\n<\/ul>\n\n\n\n<p>As provas objetivas para todos os cargos foram realizadas em\u00a027 de novembro de 2022.<\/p>\n\n\n\n<h3 class=\"wp-block-heading\" id=\"objetiva\">Provas Objetivas<\/h3>\n\n\n\n<p>A prova\u00a0objetiva foi composta por quest\u00f5es de m\u00faltipla escolha, e foram cobradas as seguintes disciplinas: <\/p>\n\n\n\n<h4 class=\"wp-block-heading\" id=\"disciplinas\">N\u00edvel M\u00e9dio <\/h4>\n\n\n\n<figure class=\"wp-block-table is-style-stripes\"><table class=\"has-background\" style=\"background-color:#9adedb\"><thead><tr><th class=\"has-text-align-center\" data-align=\"center\">DISCIPLINA<\/th><th class=\"has-text-align-center\" data-align=\"center\">N\u00ba DE QUEST\u00d5ES<\/th><\/tr><\/thead><tbody><tr><td class=\"has-text-align-center\" data-align=\"center\">L\u00edngua Portuguesa<\/td><td class=\"has-text-align-center\" data-align=\"center\">10<\/td><\/tr><tr><td class=\"has-text-align-center\" data-align=\"center\">Racioc\u00ednio L\u00f3gico<\/td><td class=\"has-text-align-center\" data-align=\"center\">5<\/td><\/tr><tr><td class=\"has-text-align-center\" data-align=\"center\">Conhecimentos Espec\u00edficos<\/td><td class=\"has-text-align-center\" data-align=\"center\">15<\/td><\/tr><tr><td class=\"has-text-align-center\" data-align=\"center\">Conhecimentos Gerais<\/td><td class=\"has-text-align-center\" data-align=\"center\">15<\/td><\/tr><tr><td class=\"has-text-align-center\" data-align=\"center\"><strong>TOTAL DE QUEST\u00d5ES<\/strong><\/td><td class=\"has-text-align-center\" data-align=\"center\">45<\/td><\/tr><tr><td class=\"has-text-align-center\" data-align=\"center\"><strong>PONTUA\u00c7\u00c3O M\u00c1XIMA<\/strong><\/td><td class=\"has-text-align-center\" data-align=\"center\">45<\/td><\/tr><\/tbody><\/table><figcaption class=\"wp-element-caption\">Concurso CREFITO 2: prova objetiva n\u00edvel m\u00e9dio <\/figcaption><\/figure>\n\n\n\n<h3 class=\"wp-block-heading\">N\u00edvel Superior <\/h3>\n\n\n\n<figure class=\"wp-block-table is-style-stripes\"><table class=\"has-background\" style=\"background-color:#a1dede\"><thead><tr><th class=\"has-text-align-center\" data-align=\"center\">DISCIPLINA<\/th><th class=\"has-text-align-center\" data-align=\"center\">N\u00ba DE QUEST\u00d5ES<\/th><\/tr><\/thead><tbody><tr><td class=\"has-text-align-center\" data-align=\"center\">L\u00edngua Portuguesa<\/td><td class=\"has-text-align-center\" data-align=\"center\">10<\/td><\/tr><tr><td class=\"has-text-align-center\" data-align=\"center\">Racioc\u00ednio L\u00f3gico<\/td><td class=\"has-text-align-center\" data-align=\"center\">20<\/td><\/tr><tr><td class=\"has-text-align-center\" data-align=\"center\">Conhecimentos Espec\u00edficos<\/td><td class=\"has-text-align-center\" data-align=\"center\">25<\/td><\/tr><tr><td class=\"has-text-align-center\" data-align=\"center\">Conhecimentos Gerais<\/td><td class=\"has-text-align-center\" data-align=\"center\">15<\/td><\/tr><tr><td class=\"has-text-align-center\" data-align=\"center\"><strong>TOTAL DE QUEST\u00d5ES<\/strong><\/td><td class=\"has-text-align-center\" data-align=\"center\">60<\/td><\/tr><tr><td class=\"has-text-align-center\" data-align=\"center\"><strong>PONTUA\u00c7\u00c3O M\u00c1XIMA<\/strong><\/td><td class=\"has-text-align-center\" data-align=\"center\">60<\/td><\/tr><\/tbody><\/table><figcaption class=\"wp-element-caption\">Concurso CREFITO 2: prova objetiva n\u00edvel superior <\/figcaption><\/figure>\n\n\n\n<h3 class=\"wp-block-heading\" id=\"discursiva\">Prova Discursiva<\/h3>\n\n\n\n<p>A prova escrita valeu 20 pontos e foi constitu\u00edda de uma reda\u00e7\u00e3o para todos os cargos, exceto para o cargo de Advogado, que foi aplicada uma pe\u00e7a processual. A pe\u00e7a processual foi avaliada na escala de 0 a 100 pontos.<\/p>\n\n\n\n<h3 class=\"wp-block-heading\" id=\"titulos\">Avalia\u00e7\u00e3o de T\u00edtulos<\/h3>\n\n\n\n<p>Participaram da prova de t\u00edtulos os candidatos habilitados na etapa da prova objetiva e na etapa da prova discursiva, apenas para os cargos da de n\u00edvel superior.<\/p>\n\n\n\n<h2 class=\"wp-block-heading\" id=\"ultimo\">\u00daltimo concurso CREFITO 2<\/h2>\n\n\n\n<p id=\"block-1c1e887a-59d9-4bea-80f3-1587d1e6c9da\">O \u00faltimo concurso CREFITO 2 aconteceu em 2013, e foi organizado pelo CEPUERJ. Foram ofertadas 2 vagas imediatas mais Cadastro de reserva para dois cargos de n\u00edvel superior. A&nbsp;<strong>taxa de inscri\u00e7\u00e3o<\/strong>&nbsp;foi fixada em R$ 100,00.<\/p>\n\n\n\n<h3 class=\"wp-block-heading\" id=\"vagas\">Distribui\u00e7\u00e3o de vagas<\/h3>\n\n\n\n<p>O concurso disponibilizou 2 vagas imediatas para os cargos de:<\/p>\n\n\n\n<ul class=\"wp-block-list\">\n<li><strong>Agente Fiscal I &#8211; Fisioterapeuta<\/strong>, que exigia gradua\u00e7\u00e3o em Fisioterapia; com comprova\u00e7\u00e3o de 2 anos de registro profissional definitivo no Conselho, estar quite com a anuidade do Conselho e 2 anos de CNH na categoria B, com disponibilidade para viagens <br \/> <\/li>\n\n\n\n<li><strong>Agente Fiscal I &#8211; Terapeuta Ocupacional<\/strong>, que exigia gradua\u00e7\u00e3o em Terapia Ocupacional; com comprova\u00e7\u00e3o de 2 anos de registro profissional definitivo no Conselho, estar quite com a anuidade do Conselho e 2 anos de CNH na categoria B, com disponibilidade para viagens <\/li>\n<\/ul>\n\n\n\n<p>As remunera\u00e7\u00f5es iniciais para ambos os cargos eram de&nbsp;<strong>R$ 3.038,03, <\/strong>para uma jornada de <strong>44 horas semanais<\/strong>.<\/p>\n\n\n\n<h3 class=\"wp-block-heading\" id=\"etapas\">Etapas do \u00faltimo concurso CREFITO 2<\/h3>\n\n\n\n<p>O Processo Seletivo P\u00fablico compreendeu as seguintes etapas:<strong> Prova Objetiva, Prova de Reda\u00e7\u00e3o<\/strong>, de car\u00e1ter eliminat\u00f3rio e classificat\u00f3rio, <strong>e Exame M\u00e9dico Admissional<\/strong>, de car\u00e1ter eliminat\u00f3rio.<\/p>\n\n\n\n<h3 class=\"wp-block-heading\" id=\"objetiva\">Prova Objetiva<\/h3>\n\n\n\n<p>A prova objetiva foi composta de 50 quest\u00f5es de m\u00faltipla escolha, com 5 alternativas em cada quest\u00e3o, para escolha de uma \u00fanica resposta correta; com a pontua\u00e7\u00e3o total de 100 pontos, sendo o peso 2,0 atribu\u00eddo a cada quest\u00e3o, que tratavam das seguintes disciplinas:<\/p>\n\n\n\n<ul class=\"wp-block-list\">\n<li><strong>L\u00edngua Portuguesa<\/strong> \u2013 10 quest\u00f5es (20 pontos);<\/li>\n\n\n\n<li><strong>Inform\u00e1tica<\/strong> \u2013 15 quest\u00f5es (30 pontos);<\/li>\n\n\n\n<li><strong>Legisla\u00e7\u00e3o <\/strong>\u2013 25 quest\u00f5es (50 pontos). <\/li>\n<\/ul>\n\n\n\n<p>A prova objetiva do concurso CREFITO 2 teve dura\u00e7\u00e3o de 4 horas.&nbsp;Foram considerados aprovados os candidatos que obtivessem nota igual ou superior a 50% do total de pontos. O candidato n\u00e3o poderia zerar nenhum dos conte\u00fados da Prova.<\/p>\n\n\n\n<h3 class=\"wp-block-heading\" id=\"redacao\">Prova de Reda\u00e7\u00e3o<\/h3>\n\n\n\n<p>A Prova de Reda\u00e7\u00e3o foi realizada no mesmo dia da Prova Objetiva e foi composta pela elabora\u00e7\u00e3o de um texto dissertativo, de 25 a 30 linhas, a partir de um tema atual, com pontua\u00e7\u00e3o m\u00e1xima de 100 pontos.<\/p>\n\n\n\n<p>Para efeito de corre\u00e7\u00e3o, foram considerados os seguintes crit\u00e9rios: desenvolvimento do tema apresentado, adequa\u00e7\u00e3o ao modo discursivo, aspectos relativos \u00e0 coer\u00eancia e \u00e0 coes\u00e3o textual e emprego da norma culta da l\u00edngua portuguesa.<\/p>\n\n\n\n<p>A Prova de Reda\u00e7\u00e3o foi corrigida para os candidatos aprovados na Prova Objetiva at\u00e9 a 20\u00aa posi\u00e7\u00e3o de cada cargo, respeitando os crit\u00e9rios de desempate.<br \/><br \/>Foram considerados aprovados na Prova de Reda\u00e7\u00e3o os candidatos que obtivessem nota igual ou superior a 50 pontos.<\/p>\n\n\n\n<h3 class=\"wp-block-heading\" id=\"medico\">Exame m\u00e9dico admissional<\/h3>\n\n\n\n<p>Para fins de nomea\u00e7\u00e3o, foi publicada, no Di\u00e1rio Oficial da Uni\u00e3o (DOU), a rela\u00e7\u00e3o dos candidatos<br \/>aprovados e classificados dentro do n\u00famero de vagas fixado, convocados pelo Conselho Regional de Fisioterapia e Terapia Ocupacional da 2\u00aa Regi\u00e3o &#8211; CREFITO-2, para submeter-se ao exame m\u00e9dico e apresentar a documenta\u00e7\u00e3o exigida, no prazo definido.<\/p>\n\n\n\n<p>Foi eliminado o candidato que n\u00e3o se apresentasse \u00e0 convoca\u00e7\u00e3o no prazo de 30 dias, contados a partir da data de recebimento do telegrama de convoca\u00e7\u00e3o, n\u00e3o cabendo qualquer recurso. O exame m\u00e9dico admissional teve por objetivo avaliar as condi\u00e7\u00f5es f\u00edsicas e mentais, consideradas as exig\u00eancias das atividades inerentes ao cargo.<br \/><br \/>No exame m\u00e9dico n\u00e3o foram atribu\u00eddas notas, sendo o candidato apenas qualificado como \u201capto\u201d ou \u201cinapto\u201d.<\/p>\n\n\n\n<p>O candidato seria eliminado do Processo Seletivo P\u00fablico:<\/p>\n\n\n\n<p>a) se n\u00e3o comparecesse ao exame m\u00e9dico;<br \/>b) se fosse considerado inapto no exame m\u00e9dico;<br \/>c) se n\u00e3o atendesse \u00e0s exig\u00eancias e prazos estabelecidos pelo Conselho Regional de Fisioterapia e Terapia Ocupacional da 2\u00aa Regi\u00e3o &#8211; CREFITO-2.<\/p>\n\n\n\n<h2 class=\"wp-block-heading has-text-align-center\" id=\"h-quer-saber-tudo-sobre-concursos-previstos-confira-nossos-artigos\">Quer saber tudo sobre concursos previstos?<br \/>Confira nossos artigos!<\/h2>\n\n\n\n<ul class=\"wp-block-list\">\n<li><a href=\"https:\/\/www.estrategiaconcursos.com.br\/blog\/concursos-abertos\/\" target=\"_blank\" rel=\"noreferrer noopener\">Concursos abertos<\/a><\/li>\n\n\n\n<li><a href=\"https:\/\/www.estrategiaconcursos.com.br\/blog\/concursos-2023\/\" target=\"_blank\" rel=\"noreferrer noopener\">Concursos 2023<\/a><\/li>\n<\/ul>\n\n\n\n<h2 class=\"wp-block-heading has-text-align-center\" id=\"cursos\"><strong><em>Quer estudar para Concurso&nbsp;<\/em><\/strong><em>CREFITO 2 (RJ)<\/em><strong><em>?<\/em><\/strong><\/h2>\n\n\n\n<p class=\"has-text-align-center\"><em><strong>Gostou desta oportunidade e deseja come\u00e7ar se preparar agora mesmo? <\/strong><\/em><br \/><em><strong>Ent\u00e3o, confira os nossos cursos e comece a estudar para&nbsp;<\/strong><\/em>o <font style=\"background-color: rgba(25, 30, 35, 0.2);\"><strong><em>CREFITO<\/em><\/strong><em><strong>-2:<\/strong><\/em><\/font><\/p>\n\n\n\n<div class=\"col-sm\">\n      <div class=\"banner-estrategia\" id=\"box-assinatura\">\n        <h3 class=\"titulo-assinatura\">Cursos para CREFITO 2<\/h3>\n        <p class=\"subtitulo-assinatura\">Conhe\u00e7a os cursos<\/p>\n        <div class=\"box-botao\">\n          <a class=\"btn-assinatura\" target=\"_blank\" href=\"https:\/\/www.estrategiaconcursos.com.br\/cursos\/concurso\/\" role=\"button\" rel=\"noopener noreferrer\">Conhe\u00e7a mais<\/a>\n        <\/div>\n      <\/div>\n      <p class=\"texto-auxiliar\">Prepare-se com o melhor material e com quem mais aprova em Concursos P\u00fablicos em todo o pa\u00eds.<\/p>\n    <\/div>\n\n\n\n<div class=\"container\" id=\"boxes\">\n  <div class=\"row\">\n    <div class=\"col-sm\">\n      <div class=\"estrategia\" id=\"box-assinatura\">\n        <h3 class=\"titulo-assinatura\">Assinatura Concursos<\/h3>\n        <p class=\"subtitulo-assinatura\">Assinatura de 1 ano ou 2 anos*<\/p>\n        <div class=\"box-botao\">\n          <a class=\"btn-assinatura\" target=\"_blank\" href=\"https:\/\/www.estrategiaconcursos.com.br\/assinaturas\/\" role=\"button\" rel=\"noopener noreferrer\">ASSINE AGORA<\/a>\n        <\/div>\n      <\/div>\n      <p class=\"texto-auxiliar\"><\/p>\n    <\/div>\n    <div class=\"col-sm\">\n      <div class=\"questoes\" id=\"box-assinatura\">\n        <h3 class=\"titulo-assinatura\">Sistema de Quest\u00f5es<\/h3>\n        <p class=\"subtitulo-assinatura\">Assinatura de 1 ano ou 2 anos\n<\/p>\n        <div class=\"box-botao\">\n          <a class=\"btn-assinatura\" target=\"_blank\" href=\"https:\/\/www.estrategiaconcursos.com.br\/cursosPorConcurso\/sistema-de-questoes\/#\/\" role=\"button\" rel=\"noopener noreferrer\">ASSINE AGORA<\/a>\n        <\/div>\n      <\/div>\n      <p class=\"texto-auxiliar\"><\/p>\n    <\/div>\n  <\/div>\n<\/div>\n\n\n\n<figure class=\"wp-block-image is-resized\" id=\"block-09bad746-ff36-4548-a33e-080f2c06d2c1\"><img loading=\"lazy\" decoding=\"async\" src=\"https:\/\/dhg1h5j42swfq.cloudfront.net\/2021\/04\/05172451\/ficha-tecnica-36-1024x632.png\" alt=\"O atributo alt desta imagem est\u00e1 vazio. O nome do arquivo \u00e9 ficha-tecnica-36-1024x632.png\" width=\"215\" height=\"133\"\/><\/figure>\n\n\n\n<h3 class=\"wp-block-heading\" id=\"ficha\">Informa\u00e7\u00f5es sobre o Concurso CREFITO<strong> <\/strong>2 (RJ)<\/h3>\n\n\n\n<p><strong>Inscri\u00e7\u00f5es<\/strong>: 01\/09 a 09\/10\/2022<br \/><strong>Provas<\/strong>: 04 de dezembro<br \/><strong>Vagas<\/strong>: 48 (imediatas e CR)<br \/><strong>Cargos<\/strong>: diversos <br \/><strong>Banca<\/strong>: IUDS<br \/><strong>Escolaridade<\/strong>: m\u00e9dio e superior <br \/><strong>Edital<\/strong>:&nbsp;<a href=\"https:\/\/www.in.gov.br\/web\/dou\/-\/edital-n-1-de-31-de-agosto-de-2022-concurso-publico-para-provimento-de-vagas-e-formacao-de-cadastro-reserva-426322101\" target=\"_blank\" rel=\"noreferrer noopener\">CREFITO 2<\/a><\/p>\n\n\n\n<h3 class=\"wp-block-heading\">Informa\u00e7\u00f5es sobre o \u00faltimo concurso<\/h3>\n\n\n\n<p id=\"block-38336fc0-728a-454b-884e-ad04f3c58978\">\u25ba<strong>Vagas<\/strong>: 02 + CR <br \/>\u25ba<strong>Cargos:<\/strong> Agente Fiscal I &#8211; Fisioterapeuta e Agente Fiscal I &#8211; Terapeuta Ocupacional<br \/>\u25ba<strong>Banca<\/strong>: CEPUERJ<br \/>\u25ba<strong>Escolaridade<\/strong>: n\u00edvel superior <br \/>\u25ba<strong style=\"font-size: revert; color: initial;\">\u00daltimo edital: <\/strong><a style=\"font-size: revert;\" href=\"https:\/\/dhg1h5j42swfq.cloudfront.net\/2022\/01\/31185801\/crefito-2a-regiao-2013-nivel-superior-edital.pdf\" target=\"_blank\" rel=\"noreferrer noopener nofollow\">Edital CREFITO 2 &#8211; 2013<\/a> <\/p>\n","protected":false},"excerpt":{"rendered":"<p>Foi homologado o resultado final do concurso do Conselho Regional de Fisioterapia e Terapia Ocupacional da 2\u00aa Regi\u00e3o (CREFITO 2), RJ! Confira abaixo a lista de aprovados publicada: O edital ofertou ao todo 48 vagas, entre imediatas e em forma\u00e7\u00e3o de cadastro de reserva, de n\u00edveis m\u00e9dio e superior de escolaridade, com sal\u00e1rios iniciais que [&hellip;]<\/p>\n","protected":false},"author":1,"featured_media":958832,"comment_status":"open","ping_status":"closed","sticky":false,"template":"","format":"standard","meta":{"post_tipo":"news_page","footnotes":""},"categories":[214992],"tags":[],"tax_estado":[219982],"class_list":["post-958824","post","type-post","status-publish","format-standard","has-post-thumbnail","hentry","category-concursos-administrativos","tax_estado-rj"],"acf":[],"yoast_head":"<!-- This site is optimized with the Yoast SEO Premium plugin v27.2 (Yoast SEO v27.2) - https:\/\/yoast.com\/product\/yoast-seo-premium-wordpress\/ -->\n<title>Concurso CREFITO 2: resultado final publicado e homologado!<\/title>\n<meta name=\"description\" content=\"Concurso Crefito 2 (RJ): resultado final homologado para 48 vagas! Confira todos os detalhes sobre o certame com o Estrat\u00e9gia Concursos.\" \/>\n<meta name=\"robots\" content=\"index, follow, max-snippet:-1, max-image-preview:large, max-video-preview:-1\" \/>\n<link rel=\"canonical\" href=\"https:\/\/www.estrategiaconcursos.com.br\/blog\/concurso-crefito-2-rj\/\" \/>\n<meta property=\"og:locale\" content=\"pt_BR\" \/>\n<meta property=\"og:type\" content=\"article\" \/>\n<meta property=\"og:title\" content=\"Concurso CREFITO 2: resultado final publicado e homologado!\" \/>\n<meta property=\"og:description\" content=\"Concurso Crefito 2 (RJ): resultado final homologado para 48 vagas! Confira todos os detalhes sobre o certame com o Estrat\u00e9gia Concursos.\" \/>\n<meta property=\"og:url\" content=\"https:\/\/www.estrategiaconcursos.com.br\/blog\/concurso-crefito-2-rj\/\" \/>\n<meta property=\"og:site_name\" content=\"Estrat\u00e9gia Concursos\" \/>\n<meta property=\"article:author\" content=\"https:\/\/www.facebook.com\/EstrategiaConcursos\" \/>\n<meta property=\"article:published_time\" content=\"2023-05-12T08:30:00+00:00\" \/>\n<meta property=\"article:modified_time\" content=\"2023-05-12T11:35:23+00:00\" \/>\n<meta property=\"og:image\" content=\"https:\/\/dhg1h5j42swfq.cloudfront.net\/2022\/01\/31183323\/download-5.png\" \/>\n\t<meta property=\"og:image:width\" content=\"225\" \/>\n\t<meta property=\"og:image:height\" content=\"224\" \/>\n\t<meta property=\"og:image:type\" content=\"image\/png\" \/>\n<meta name=\"author\" content=\"Coordena\u00e7\u00e3o\" \/>\n<meta name=\"twitter:card\" content=\"summary_large_image\" \/>\n<meta name=\"twitter:creator\" content=\"@EstratConcursos\" \/>\n<meta name=\"twitter:site\" content=\"@EstratConcursos\" \/>\n<meta name=\"twitter:label1\" content=\"Escrito por\" \/>\n\t<meta name=\"twitter:data1\" content=\"Coordena\u00e7\u00e3o\" \/>\n\t<meta name=\"twitter:label2\" content=\"Est. tempo de leitura\" \/>\n\t<meta name=\"twitter:data2\" content=\"9 minutos\" \/>\n<script type=\"application\/ld+json\" class=\"yoast-schema-graph\">{\"@context\":\"https:\/\/schema.org\",\"@graph\":[{\"@type\":\"NewsArticle\",\"@id\":\"https:\/\/www.estrategiaconcursos.com.br\/blog\/concurso-crefito-2-rj\/#article\",\"isPartOf\":{\"@id\":\"https:\/\/www.estrategiaconcursos.com.br\/blog\/concurso-crefito-2-rj\/\"},\"author\":{\"name\":\"Coordena\u00e7\u00e3o\",\"@id\":\"https:\/\/www.estrategiaconcursos.com.br\/blog\/#\/schema\/person\/b4a388c97673c5f483d72185668afa1f\"},\"headline\":\"Concurso CREFITO 2: resultado final publicado e homologado!\",\"datePublished\":\"2023-05-12T08:30:00+00:00\",\"dateModified\":\"2023-05-12T11:35:23+00:00\",\"mainEntityOfPage\":{\"@id\":\"https:\/\/www.estrategiaconcursos.com.br\/blog\/concurso-crefito-2-rj\/\"},\"wordCount\":1604,\"commentCount\":0,\"publisher\":{\"@id\":\"https:\/\/www.estrategiaconcursos.com.br\/blog\/#organization\"},\"image\":{\"@id\":\"https:\/\/www.estrategiaconcursos.com.br\/blog\/concurso-crefito-2-rj\/#primaryimage\"},\"thumbnailUrl\":\"https:\/\/dhg1h5j42swfq.cloudfront.net\/2022\/01\/31183323\/download-5.png\",\"articleSection\":[\"Executivo (Administrativa)\"],\"inLanguage\":\"pt-BR\",\"potentialAction\":[{\"@type\":\"CommentAction\",\"name\":\"Comment\",\"target\":[\"https:\/\/www.estrategiaconcursos.com.br\/blog\/concurso-crefito-2-rj\/#respond\"]}],\"copyrightYear\":\"2023\",\"copyrightHolder\":{\"@id\":\"https:\/\/www.estrategiaconcursos.com.br\/blog\/#organization\"}},{\"@type\":\"WebPage\",\"@id\":\"https:\/\/www.estrategiaconcursos.com.br\/blog\/concurso-crefito-2-rj\/\",\"url\":\"https:\/\/www.estrategiaconcursos.com.br\/blog\/concurso-crefito-2-rj\/\",\"name\":\"Concurso CREFITO 2: resultado final publicado e homologado!\",\"isPartOf\":{\"@id\":\"https:\/\/www.estrategiaconcursos.com.br\/blog\/#website\"},\"primaryImageOfPage\":{\"@id\":\"https:\/\/www.estrategiaconcursos.com.br\/blog\/concurso-crefito-2-rj\/#primaryimage\"},\"image\":{\"@id\":\"https:\/\/www.estrategiaconcursos.com.br\/blog\/concurso-crefito-2-rj\/#primaryimage\"},\"thumbnailUrl\":\"https:\/\/dhg1h5j42swfq.cloudfront.net\/2022\/01\/31183323\/download-5.png\",\"datePublished\":\"2023-05-12T08:30:00+00:00\",\"dateModified\":\"2023-05-12T11:35:23+00:00\",\"description\":\"Concurso Crefito 2 (RJ): resultado final homologado para 48 vagas! Confira todos os detalhes sobre o certame com o Estrat\u00e9gia Concursos.\",\"breadcrumb\":{\"@id\":\"https:\/\/www.estrategiaconcursos.com.br\/blog\/concurso-crefito-2-rj\/#breadcrumb\"},\"inLanguage\":\"pt-BR\",\"potentialAction\":[{\"@type\":\"ReadAction\",\"target\":[\"https:\/\/www.estrategiaconcursos.com.br\/blog\/concurso-crefito-2-rj\/\"]}]},{\"@type\":\"ImageObject\",\"inLanguage\":\"pt-BR\",\"@id\":\"https:\/\/www.estrategiaconcursos.com.br\/blog\/concurso-crefito-2-rj\/#primaryimage\",\"url\":\"https:\/\/dhg1h5j42swfq.cloudfront.net\/2022\/01\/31183323\/download-5.png\",\"contentUrl\":\"https:\/\/dhg1h5j42swfq.cloudfront.net\/2022\/01\/31183323\/download-5.png\",\"width\":225,\"height\":224,\"caption\":\"Concurso CREFITO 2\"},{\"@type\":\"BreadcrumbList\",\"@id\":\"https:\/\/www.estrategiaconcursos.com.br\/blog\/concurso-crefito-2-rj\/#breadcrumb\",\"itemListElement\":[{\"@type\":\"ListItem\",\"position\":1,\"name\":\"In\u00edcio\",\"item\":\"https:\/\/www.estrategiaconcursos.com.br\/blog\/\"},{\"@type\":\"ListItem\",\"position\":2,\"name\":\"Concurso CREFITO 2: resultado final publicado e homologado!\"}]},{\"@type\":\"WebSite\",\"@id\":\"https:\/\/www.estrategiaconcursos.com.br\/blog\/#website\",\"url\":\"https:\/\/www.estrategiaconcursos.com.br\/blog\/\",\"name\":\"Estrat\u00e9gia Concursos\",\"description\":\"O blog da Estrat\u00e9gia Concursos traz not\u00edcias sobre concursos e artigos de professores oferecendo cursos para concursos (pdf + videaulas) no site.\",\"publisher\":{\"@id\":\"https:\/\/www.estrategiaconcursos.com.br\/blog\/#organization\"},\"potentialAction\":[{\"@type\":\"SearchAction\",\"target\":{\"@type\":\"EntryPoint\",\"urlTemplate\":\"https:\/\/www.estrategiaconcursos.com.br\/blog\/?s={search_term_string}\"},\"query-input\":{\"@type\":\"PropertyValueSpecification\",\"valueRequired\":true,\"valueName\":\"search_term_string\"}}],\"inLanguage\":\"pt-BR\"},{\"@type\":\"Organization\",\"@id\":\"https:\/\/www.estrategiaconcursos.com.br\/blog\/#organization\",\"name\":\"Estrat\u00e9gia Concursos\",\"url\":\"https:\/\/www.estrategiaconcursos.com.br\/blog\/\",\"logo\":{\"@type\":\"ImageObject\",\"inLanguage\":\"pt-BR\",\"@id\":\"https:\/\/www.estrategiaconcursos.com.br\/blog\/#\/schema\/logo\/image\/\",\"url\":\"https:\/\/dhg1h5j42swfq.cloudfront.net\/2025\/06\/03203428\/logo_concursos-1.jpg\",\"contentUrl\":\"https:\/\/dhg1h5j42swfq.cloudfront.net\/2025\/06\/03203428\/logo_concursos-1.jpg\",\"width\":230,\"height\":60,\"caption\":\"Estrat\u00e9gia Concursos\"},\"image\":{\"@id\":\"https:\/\/www.estrategiaconcursos.com.br\/blog\/#\/schema\/logo\/image\/\"},\"sameAs\":[\"https:\/\/x.com\/EstratConcursos\"]},{\"@type\":\"Person\",\"@id\":\"https:\/\/www.estrategiaconcursos.com.br\/blog\/#\/schema\/person\/b4a388c97673c5f483d72185668afa1f\",\"name\":\"Coordena\u00e7\u00e3o\",\"image\":{\"@type\":\"ImageObject\",\"inLanguage\":\"pt-BR\",\"@id\":\"https:\/\/secure.gravatar.com\/avatar\/b720319e4c9a967eb58678d110f4fe35452fc5d5f97b202bac7b8acceb18c6ad?s=96&d=mm&r=g\",\"url\":\"https:\/\/secure.gravatar.com\/avatar\/b720319e4c9a967eb58678d110f4fe35452fc5d5f97b202bac7b8acceb18c6ad?s=96&d=mm&r=g\",\"contentUrl\":\"https:\/\/secure.gravatar.com\/avatar\/b720319e4c9a967eb58678d110f4fe35452fc5d5f97b202bac7b8acceb18c6ad?s=96&d=mm&r=g\",\"caption\":\"Coordena\u00e7\u00e3o\"},\"sameAs\":[\"https:\/\/www.facebook.com\/EstrategiaConcursos\",\"https:\/\/x.com\/EstratConcursos\"],\"url\":\"https:\/\/www.estrategiaconcursos.com.br\/blog\/author\/estrategia2013\/\"}]}<\/script>\n<!-- \/ Yoast SEO Premium plugin. -->","yoast_head_json":{"title":"Concurso CREFITO 2: resultado final publicado e homologado!","description":"Concurso Crefito 2 (RJ): resultado final homologado para 48 vagas! Confira todos os detalhes sobre o certame com o Estrat\u00e9gia Concursos.","robots":{"index":"index","follow":"follow","max-snippet":"max-snippet:-1","max-image-preview":"max-image-preview:large","max-video-preview":"max-video-preview:-1"},"canonical":"https:\/\/www.estrategiaconcursos.com.br\/blog\/concurso-crefito-2-rj\/","og_locale":"pt_BR","og_type":"article","og_title":"Concurso CREFITO 2: resultado final publicado e homologado!","og_description":"Concurso Crefito 2 (RJ): resultado final homologado para 48 vagas! Confira todos os detalhes sobre o certame com o Estrat\u00e9gia Concursos.","og_url":"https:\/\/www.estrategiaconcursos.com.br\/blog\/concurso-crefito-2-rj\/","og_site_name":"Estrat\u00e9gia Concursos","article_author":"https:\/\/www.facebook.com\/EstrategiaConcursos","article_published_time":"2023-05-12T08:30:00+00:00","article_modified_time":"2023-05-12T11:35:23+00:00","og_image":[{"width":225,"height":224,"url":"https:\/\/dhg1h5j42swfq.cloudfront.net\/2022\/01\/31183323\/download-5.png","type":"image\/png"}],"author":"Coordena\u00e7\u00e3o","twitter_card":"summary_large_image","twitter_creator":"@EstratConcursos","twitter_site":"@EstratConcursos","twitter_misc":{"Escrito por":"Coordena\u00e7\u00e3o","Est. tempo de leitura":"9 minutos"},"schema":{"@context":"https:\/\/schema.org","@graph":[{"@type":"NewsArticle","@id":"https:\/\/www.estrategiaconcursos.com.br\/blog\/concurso-crefito-2-rj\/#article","isPartOf":{"@id":"https:\/\/www.estrategiaconcursos.com.br\/blog\/concurso-crefito-2-rj\/"},"author":{"name":"Coordena\u00e7\u00e3o","@id":"https:\/\/www.estrategiaconcursos.com.br\/blog\/#\/schema\/person\/b4a388c97673c5f483d72185668afa1f"},"headline":"Concurso CREFITO 2: resultado final publicado e homologado!","datePublished":"2023-05-12T08:30:00+00:00","dateModified":"2023-05-12T11:35:23+00:00","mainEntityOfPage":{"@id":"https:\/\/www.estrategiaconcursos.com.br\/blog\/concurso-crefito-2-rj\/"},"wordCount":1604,"commentCount":0,"publisher":{"@id":"https:\/\/www.estrategiaconcursos.com.br\/blog\/#organization"},"image":{"@id":"https:\/\/www.estrategiaconcursos.com.br\/blog\/concurso-crefito-2-rj\/#primaryimage"},"thumbnailUrl":"https:\/\/dhg1h5j42swfq.cloudfront.net\/2022\/01\/31183323\/download-5.png","articleSection":["Executivo (Administrativa)"],"inLanguage":"pt-BR","potentialAction":[{"@type":"CommentAction","name":"Comment","target":["https:\/\/www.estrategiaconcursos.com.br\/blog\/concurso-crefito-2-rj\/#respond"]}],"copyrightYear":"2023","copyrightHolder":{"@id":"https:\/\/www.estrategiaconcursos.com.br\/blog\/#organization"}},{"@type":"WebPage","@id":"https:\/\/www.estrategiaconcursos.com.br\/blog\/concurso-crefito-2-rj\/","url":"https:\/\/www.estrategiaconcursos.com.br\/blog\/concurso-crefito-2-rj\/","name":"Concurso CREFITO 2: resultado final publicado e homologado!","isPartOf":{"@id":"https:\/\/www.estrategiaconcursos.com.br\/blog\/#website"},"primaryImageOfPage":{"@id":"https:\/\/www.estrategiaconcursos.com.br\/blog\/concurso-crefito-2-rj\/#primaryimage"},"image":{"@id":"https:\/\/www.estrategiaconcursos.com.br\/blog\/concurso-crefito-2-rj\/#primaryimage"},"thumbnailUrl":"https:\/\/dhg1h5j42swfq.cloudfront.net\/2022\/01\/31183323\/download-5.png","datePublished":"2023-05-12T08:30:00+00:00","dateModified":"2023-05-12T11:35:23+00:00","description":"Concurso Crefito 2 (RJ): resultado final homologado para 48 vagas! Confira todos os detalhes sobre o certame com o Estrat\u00e9gia Concursos.","breadcrumb":{"@id":"https:\/\/www.estrategiaconcursos.com.br\/blog\/concurso-crefito-2-rj\/#breadcrumb"},"inLanguage":"pt-BR","potentialAction":[{"@type":"ReadAction","target":["https:\/\/www.estrategiaconcursos.com.br\/blog\/concurso-crefito-2-rj\/"]}]},{"@type":"ImageObject","inLanguage":"pt-BR","@id":"https:\/\/www.estrategiaconcursos.com.br\/blog\/concurso-crefito-2-rj\/#primaryimage","url":"https:\/\/dhg1h5j42swfq.cloudfront.net\/2022\/01\/31183323\/download-5.png","contentUrl":"https:\/\/dhg1h5j42swfq.cloudfront.net\/2022\/01\/31183323\/download-5.png","width":225,"height":224,"caption":"Concurso CREFITO 2"},{"@type":"BreadcrumbList","@id":"https:\/\/www.estrategiaconcursos.com.br\/blog\/concurso-crefito-2-rj\/#breadcrumb","itemListElement":[{"@type":"ListItem","position":1,"name":"In\u00edcio","item":"https:\/\/www.estrategiaconcursos.com.br\/blog\/"},{"@type":"ListItem","position":2,"name":"Concurso CREFITO 2: resultado final publicado e homologado!"}]},{"@type":"WebSite","@id":"https:\/\/www.estrategiaconcursos.com.br\/blog\/#website","url":"https:\/\/www.estrategiaconcursos.com.br\/blog\/","name":"Estrat\u00e9gia Concursos","description":"O blog da Estrat\u00e9gia Concursos traz not\u00edcias sobre concursos e artigos de professores oferecendo cursos para concursos (pdf + videaulas) no site.","publisher":{"@id":"https:\/\/www.estrategiaconcursos.com.br\/blog\/#organization"},"potentialAction":[{"@type":"SearchAction","target":{"@type":"EntryPoint","urlTemplate":"https:\/\/www.estrategiaconcursos.com.br\/blog\/?s={search_term_string}"},"query-input":{"@type":"PropertyValueSpecification","valueRequired":true,"valueName":"search_term_string"}}],"inLanguage":"pt-BR"},{"@type":"Organization","@id":"https:\/\/www.estrategiaconcursos.com.br\/blog\/#organization","name":"Estrat\u00e9gia Concursos","url":"https:\/\/www.estrategiaconcursos.com.br\/blog\/","logo":{"@type":"ImageObject","inLanguage":"pt-BR","@id":"https:\/\/www.estrategiaconcursos.com.br\/blog\/#\/schema\/logo\/image\/","url":"https:\/\/dhg1h5j42swfq.cloudfront.net\/2025\/06\/03203428\/logo_concursos-1.jpg","contentUrl":"https:\/\/dhg1h5j42swfq.cloudfront.net\/2025\/06\/03203428\/logo_concursos-1.jpg","width":230,"height":60,"caption":"Estrat\u00e9gia Concursos"},"image":{"@id":"https:\/\/www.estrategiaconcursos.com.br\/blog\/#\/schema\/logo\/image\/"},"sameAs":["https:\/\/x.com\/EstratConcursos"]},{"@type":"Person","@id":"https:\/\/www.estrategiaconcursos.com.br\/blog\/#\/schema\/person\/b4a388c97673c5f483d72185668afa1f","name":"Coordena\u00e7\u00e3o","image":{"@type":"ImageObject","inLanguage":"pt-BR","@id":"https:\/\/secure.gravatar.com\/avatar\/b720319e4c9a967eb58678d110f4fe35452fc5d5f97b202bac7b8acceb18c6ad?s=96&d=mm&r=g","url":"https:\/\/secure.gravatar.com\/avatar\/b720319e4c9a967eb58678d110f4fe35452fc5d5f97b202bac7b8acceb18c6ad?s=96&d=mm&r=g","contentUrl":"https:\/\/secure.gravatar.com\/avatar\/b720319e4c9a967eb58678d110f4fe35452fc5d5f97b202bac7b8acceb18c6ad?s=96&d=mm&r=g","caption":"Coordena\u00e7\u00e3o"},"sameAs":["https:\/\/www.facebook.com\/EstrategiaConcursos","https:\/\/x.com\/EstratConcursos"],"url":"https:\/\/www.estrategiaconcursos.com.br\/blog\/author\/estrategia2013\/"}]}},"_links":{"self":[{"href":"https:\/\/www.estrategiaconcursos.com.br\/blog\/wp-json\/wp\/v2\/posts\/958824","targetHints":{"allow":["GET"]}}],"collection":[{"href":"https:\/\/www.estrategiaconcursos.com.br\/blog\/wp-json\/wp\/v2\/posts"}],"about":[{"href":"https:\/\/www.estrategiaconcursos.com.br\/blog\/wp-json\/wp\/v2\/types\/post"}],"author":[{"embeddable":true,"href":"https:\/\/www.estrategiaconcursos.com.br\/blog\/wp-json\/wp\/v2\/users\/1"}],"replies":[{"embeddable":true,"href":"https:\/\/www.estrategiaconcursos.com.br\/blog\/wp-json\/wp\/v2\/comments?post=958824"}],"version-history":[{"count":66,"href":"https:\/\/www.estrategiaconcursos.com.br\/blog\/wp-json\/wp\/v2\/posts\/958824\/revisions"}],"predecessor-version":[{"id":1214969,"href":"https:\/\/www.estrategiaconcursos.com.br\/blog\/wp-json\/wp\/v2\/posts\/958824\/revisions\/1214969"}],"wp:featuredmedia":[{"embeddable":true,"href":"https:\/\/www.estrategiaconcursos.com.br\/blog\/wp-json\/wp\/v2\/media\/958832"}],"wp:attachment":[{"href":"https:\/\/www.estrategiaconcursos.com.br\/blog\/wp-json\/wp\/v2\/media?parent=958824"}],"wp:term":[{"taxonomy":"category","embeddable":true,"href":"https:\/\/www.estrategiaconcursos.com.br\/blog\/wp-json\/wp\/v2\/categories?post=958824"},{"taxonomy":"post_tag","embeddable":true,"href":"https:\/\/www.estrategiaconcursos.com.br\/blog\/wp-json\/wp\/v2\/tags?post=958824"},{"taxonomy":"tax_estado","embeddable":true,"href":"https:\/\/www.estrategiaconcursos.com.br\/blog\/wp-json\/wp\/v2\/tax_estado?post=958824"}],"curies":[{"name":"wp","href":"https:\/\/api.w.org\/{rel}","templated":true}]}}