{"id":958755,"date":"2022-05-16T23:59:00","date_gmt":"2022-05-17T02:59:00","guid":{"rendered":"https:\/\/www.estrategiaconcursos.com.br\/blog\/?p=958755"},"modified":"2022-05-17T10:26:38","modified_gmt":"2022-05-17T13:26:38","slug":"concurso-politec-ro-edital-publicado","status":"publish","type":"post","link":"https:\/\/www.estrategiaconcursos.com.br\/blog\/concurso-politec-ro-edital-publicado\/","title":{"rendered":"Edital Politec RO est\u00e1 com inscri\u00e7\u00f5es encerradas; 60 vagas"},"content":{"rendered":"\n<p>O edital do <strong>concurso Politec RO<\/strong> est\u00e1 com suas inscri\u00e7\u00f5es encerradas. O processo de candidatura p\u00f4de ser realizado at\u00e9 o dia<strong> 16 de maio<\/strong>, no site do Cebraspe, ao custo de <strong>R$ 190,00 a R$ 204,96<\/strong>. <\/p>\n\n\n\n<p>S\u00e3o ofertadas <strong>60 vagas<\/strong>,<strong> <\/strong>al\u00e9m de cadastro de reserva,<strong> <\/strong>para cargos de n\u00edvel superior. As oportunidades s\u00e3o para <a href=\"https:\/\/www.estrategiaconcursos.com.br\/curso\/politec-ro-agente-de-criminalistica-pacote-de-conhecimentos-basicos-2022-pos-edital\/\" target=\"_blank\" rel=\"noreferrer noopener\">Agente de Criminal\u00edstica<\/a> e <a href=\"https:\/\/www.estrategiaconcursos.com.br\/curso\/politec-ro-perito-criminal-pacote-de-conhecimentos-basicos-2022-pos-edital\/\" target=\"_blank\" rel=\"noreferrer noopener\">Perito Criminal<\/a> (v\u00e1rias \u00e1reas), com sal\u00e1rio de R$ 4.235,90 a R$ 14.267,80.<\/p>\n\n\n\n<p>A aplica\u00e7\u00e3o da prova objetiva \u00e9 prevista para os dias 10 e 17 de julho.<\/p>\n\n\n\n<ul class=\"has-very-light-gray-to-cyan-bluish-gray-gradient-background has-background wp-block-list\"><li><strong>Banca:<\/strong> Cebraspe<\/li><li><strong>Vagas:<\/strong> 60<\/li><li><strong>Sal\u00e1rio inicial:<\/strong> R$ 4.235,90 a R$ 14.267,80<\/li><li><strong>Edital:<\/strong> <a href=\"https:\/\/dhg1h5j42swfq.cloudfront.net\/2022\/04\/14150650\/edital-politec-ro-2022.pdf\" target=\"_blank\" rel=\"noreferrer noopener nofollow\">Politec RO 2022<\/a><\/li><\/ul>\n\n\n\n<div class=\"container\" id=\"boxes\">\n  <div class=\"row\">\n\n    <div class=\"col-sm\">\n      <div class=\"banner-adm\" id=\"box-assinatura\">\n        <h3 class=\"titulo-assinatura\">Concurso Politec RO<\/h3>\n        <p class=\"subtitulo-assinatura\">Conhe\u00e7a os cursos<\/p>\n        <div class=\"box-botao\">\n          <a class=\"btn-assinatura\" target=\"_blank\" href=\"https:\/\/www.estrategiaconcursos.com.br\/cursosPorConcurso\/policia-tecnico-cientifica-de-rondonia-politec-ro\/\" role=\"button\" rel=\"noopener noreferrer\">Conhe\u00e7a mais<\/a>\n        <\/div>\n      <\/div><\/div><\/div><\/div>\n\n\n\n<h2 class=\"wp-block-heading\" id=\"datas\">Principais datas do edital Politec RO<\/h2>\n\n\n\n<p class=\"has-very-light-gray-background-color has-background\"><strong>Inscri\u00e7\u00f5es<\/strong>: <s>25 de abril a 16 de maio<\/s><br \/><strong>Isen\u00e7\u00e3o da taxa<\/strong>: <s>25 de abril a 16 de maio<\/s><br \/><strong>\u00daltimo dia para pagamento<\/strong>: 06 de junho<br \/><strong>Prova<\/strong>: 10 de julho (Perito Criminal) e 17 de julho (Agente de Criminal\u00edstica)<\/p>\n\n\n\n<p>Os interessados puderam realizar as inscri\u00e7\u00f5es no per\u00edodo de <strong>25 de abril a 16 de maio<\/strong>, no <a href=\"https:\/\/www.cebraspe.org.br\/concursos\/POLITEC_RO_22\" target=\"_blank\" rel=\"noreferrer noopener\">site do Cebraspe<\/a>, ao custo de <strong>R$ 190,00 a R$ 204,96<\/strong>. A aplica\u00e7\u00e3o da prova objetiva \u00e9 prevista para os dias 10 e 17 de julho.<\/p>\n\n\n\n<h2 class=\"wp-block-heading\" id=\"cargos-vagas\">Cargos, vagas e remunera\u00e7\u00f5es do edital Politec RO<\/h2>\n\n\n\n<h3 class=\"wp-block-heading\" id=\"medio\">N\u00edvel Superior<\/h3>\n\n\n\n<figure class=\"wp-block-table is-style-stripes\"><table class=\"has-background has-fixed-layout\" style=\"background-color:#e7f5fe\"><thead><tr><th class=\"has-text-align-center\" data-align=\"center\">CARGO<\/th><th class=\"has-text-align-center\" data-align=\"center\">VAGAS<\/th><th class=\"has-text-align-center\" data-align=\"center\">SAL\u00c1RIO<\/th><\/tr><\/thead><tbody><tr><td class=\"has-text-align-center\" data-align=\"center\"><a href=\"https:\/\/www.estrategiaconcursos.com.br\/curso\/politec-ro-agente-de-criminalistica-pacote-de-conhecimentos-basicos-2022-pos-edital\/\" target=\"_blank\" rel=\"noreferrer noopener\">Agente de Criminal\u00edstica<\/a><\/td><td class=\"has-text-align-center\" data-align=\"center\">30<\/td><td class=\"has-text-align-center\" data-align=\"center\">R$ 4.235,90<\/td><\/tr><tr><td class=\"has-text-align-center\" data-align=\"center\"><a href=\"https:\/\/www.estrategiaconcursos.com.br\/curso\/politec-ro-perito-criminal-pacote-de-conhecimentos-basicos-2022-pos-edital\/\" target=\"_blank\" rel=\"noreferrer noopener\">Perito Criminal<\/a><br \/>(diversas especialidades)<\/td><td class=\"has-text-align-center\" data-align=\"center\">30<\/td><td class=\"has-text-align-center\" data-align=\"center\">R$ 14.267,80<\/td><\/tr><\/tbody><\/table><\/figure>\n\n\n\n<p><strong>Especialidades de Perito:<\/strong><\/p>\n\n\n\n<ul class=\"wp-block-list\"><li><strong>\u00c1rea 1<\/strong>: Ci\u00eancias Cont\u00e1beis, Ci\u00eancias Econ\u00f4micas, Administra\u00e7\u00e3o de Empresas ou Administra\u00e7\u00e3o P\u00fablica<\/li><li><strong>\u00c1rea 2<\/strong>: Ci\u00eancias Biol\u00f3gicas ou Biomedicina<\/li><li><strong>\u00c1rea 3<\/strong>: Farm\u00e1cia ou Farm\u00e1cia-Bioqu\u00edmica<\/li><li><strong>\u00c1rea 4<\/strong>: Fonoaudiologia<\/li><li><strong>\u00c1rea 5<\/strong>: Medicina Veterin\u00e1ria<\/li><li><strong>\u00c1rea 6<\/strong>: Ci\u00eancias da Computa\u00e7\u00e3o, Inform\u00e1tica, An\u00e1lise de Sistemas, Sistemas de Informa\u00e7\u00e3o ou Engenharia da Computa\u00e7\u00e3o<\/li><li><strong>\u00c1rea 7<\/strong>: F\u00edsica<\/li><li><strong>\u00c1rea 8<\/strong>: Qu\u00edmica, Qu\u00edmica Industrial ou Engenharia Qu\u00edmica<\/li><li><strong>\u00c1rea 9<\/strong>: Engenharia Civil<\/li><li><strong>\u00c1rea 10<\/strong>: Engenharia de Telecomunica\u00e7\u00f5es ou Engenharia de Redes de Comunica\u00e7\u00e3o<\/li><li><strong>\u00c1rea 11<\/strong>: Engenharia El\u00e9trica ou Engenharia Eletr\u00f4nica<\/li><li><strong>\u00c1rea 12<\/strong>: Engenharia Mec\u00e2nica, Engenharia Mecatr\u00f4nica, Engenharia de Automa\u00e7\u00e3o e Controle ou Engenharia de Produ\u00e7\u00e3o<\/li><li><strong>\u00c1rea 13<\/strong>: Engenharia Ambiental e Sanit\u00e1ria ou Engenharia Florestal<\/li><li><strong>\u00c1rea 14<\/strong>: Engenharia de Minas, Geologia ou Geografia<\/li><li><strong>\u00c1rea 15<\/strong>: Engenharia Agron\u00f4mica ou Agronomia<\/li><\/ul>\n\n\n\n<h2 class=\"wp-block-heading\" id=\"etapas\">Etapas e provas do edital Politec RO<\/h2>\n\n\n\n<p>O edital Politec RO ser\u00e1 organizado nas seguintes etapas abaixo descritas:<\/p>\n\n\n\n<p><strong><span style=\"text-decoration: underline;\">Primeira Etapa:<\/span><\/strong><\/p>\n\n\n\n<ul class=\"wp-block-list\"><li><strong>Prova Objetiva<\/strong>, de car\u00e1ter eliminat\u00f3rio e classificat\u00f3rio;<\/li><li><strong>Prova Discursiva<\/strong>, de car\u00e1ter eliminat\u00f3rio e classificat\u00f3rio;<\/li><li><strong>Teste de Aptid\u00e3o F\u00edsica,<\/strong> de car\u00e1ter eliminat\u00f3rio;<\/li><li><strong>Prova Oral<\/strong>, (somente ao cargo de Perito Criminal) de car\u00e1ter eliminat\u00f3rio e classificat\u00f3rio; <\/li><li><strong>Avalia\u00e7\u00e3o de T\u00edtulos<\/strong>, (somente ao cargo de Perito Criminal) de car\u00e1ter classificat\u00f3rio;<\/li><li><strong>Avalia\u00e7\u00e3o Psicol\u00f3gica<\/strong>, de car\u00e1ter eliminat\u00f3rio;<\/li><li><strong>Exames M\u00e9dicos e Toxicol\u00f3gicos,<\/strong> de car\u00e1ter eliminat\u00f3rio; e<\/li><li><strong>Investiga\u00e7\u00e3o Social<\/strong>, de car\u00e1ter eliminat\u00f3rio.<\/li><\/ul>\n\n\n\n<p><strong><span style=\"text-decoration: underline;\">Segunda Etapa:<\/span><\/strong><\/p>\n\n\n\n<ul class=\"wp-block-list\"><li>Curso Espec\u00edfico de Forma\u00e7\u00e3o.<\/li><\/ul>\n\n\n\n<h3 class=\"wp-block-heading\" id=\"objetiva\">Provas Objetivas<\/h3>\n\n\n\n<p>As provas objetivas, de car\u00e1ter eliminat\u00f3rio e classificat\u00f3rio, valer\u00e3o 100,00 pontos e ser\u00e3o do tipo m\u00faltipla escolha, com cinco op\u00e7\u00f5es (A, B, C, D e E), sendo uma \u00fanica resposta correta, de acordo com o comando da quest\u00e3o.<\/p>\n\n\n\n<p>As provas objetivas do edital Politec RO ter\u00e3o a dura\u00e7\u00e3o de 5 horas para Perito Criminal e de 5h30 para Agente de Criminal\u00edstica, e ser\u00e3o aplicadas na data prov\u00e1vel de 10 e 17 de julho.<\/p>\n\n\n\n<p><strong><span style=\"text-decoration: underline;\">Agente de Criminal\u00edstica:<\/span><\/strong><\/p>\n\n\n\n<ul class=\"wp-block-list\"><li>L\u00edngua Portuguesa: 10<\/li><li>No\u00e7\u00f5es de Direito Constitucional, Penal e Processual Penal: 10<\/li><li>Hist\u00f3ria e Geografia de Rond\u00f4nia: 10<\/li><li>No\u00e7\u00f5es de Qu\u00edmica: 10<\/li><li>No\u00e7\u00f5es de F\u00edsica: 10<\/li><li>No\u00e7\u00f5es de Biologia: 10<\/li><li>Racioc\u00ednio L\u00f3gico: 10<\/li><li>No\u00e7\u00f5es de Inform\u00e1tica: 10<\/li><li>No\u00e7\u00f5es de Biosseguran\u00e7a: 10<\/li><li>No\u00e7\u00f5es de Criminal\u00edstica: 10<\/li><\/ul>\n\n\n\n<p><strong><span style=\"text-decoration: underline;\">Perito Criminal:<\/span><\/strong><\/p>\n\n\n\n<ul class=\"wp-block-list\"><li>No\u00e7\u00f5es de Direito Constitucional, Penal e Processual Penal: 10<\/li><li>Legisla\u00e7\u00e3o Especial e Direitos Humanos: 10<\/li><li>Racioc\u00ednio L\u00f3gico-Matem\u00e1tico: 10<\/li><li>No\u00e7\u00f5es de Inform\u00e1tica: 10<\/li><li>No\u00e7\u00f5es de Biosseguran\u00e7a: 10<\/li><li>Criminal\u00edstica: 10<\/li><li>Hist\u00f3ria e Geografia de Rond\u00f4nia: 10<\/li><li>Conhecimentos Espec\u00edficos: 30<\/li><\/ul>\n\n\n\n<p><strong><span style=\"text-decoration: underline;\">Perito Criminal &#8211; \u00c1rea 6 (Ci\u00eancias da Computa\u00e7\u00e3o, Inform\u00e1tica, An\u00e1lise de Sistemas, Sistemas de Informa\u00e7\u00e3o ou Engenharia da Computa\u00e7\u00e3o)<\/span><\/strong>:<\/p>\n\n\n\n<ul class=\"wp-block-list\"><li>No\u00e7\u00f5es de Direito Constitucional, Penal e Processual Penal: 10<\/li><li>Legisla\u00e7\u00e3o Especial e Direitos Humanos: 10<\/li><li>Racioc\u00ednio L\u00f3gico-Matem\u00e1tico: 10<\/li><li>No\u00e7\u00f5es de Biosseguran\u00e7a: 10<\/li><li>Criminal\u00edstica: 10<\/li><li>Hist\u00f3ria e Geografia de Rond\u00f4nia: 10<\/li><li>Conhecimentos Espec\u00edficos: 40<\/li><\/ul>\n\n\n\n<h3 class=\"wp-block-heading\" id=\"prova-discursiva\">Prova Discursiva<\/h3>\n\n\n\n<p>A prova discursiva para os cargos de Perito Criminal valer\u00e1 um total de 100,00 pontos e consistir\u00e1 de 4 quest\u00f5es discursivas, a serem respondidas em at\u00e9 30 linhas cada, no valor de 25,00 pontos cada.<\/p>\n\n\n\n<p>A prova discursiva para o cargo de Agente de Criminal\u00edstica valer\u00e1 100,00 pontos e consistir\u00e1 de reda\u00e7\u00e3o de texto dissertativo, de at\u00e9 30 linhas, acerca de tema de atualidades.<\/p>\n\n\n\n<h3 class=\"wp-block-heading\" id=\"taf\">Teste de Aptid\u00e3o F\u00edsica<\/h3>\n\n\n\n<p>Ser\u00e3o convocados para o teste de aptid\u00e3o f\u00edsica do edital Politec RO todos os candidatos aprovados na prova discursiva, respeitados os empates na \u00faltima coloca\u00e7\u00e3o.<\/p>\n\n\n\n<p>O teste de aptid\u00e3o f\u00edsica visa avaliar a capacidade do candidato para suportar, f\u00edsica e organicamente, as exig\u00eancias da pr\u00e1tica de atividades f\u00edsicas a que ser\u00e1 submetido durante curso espec\u00edfico de forma\u00e7\u00e3o e para desempenhar as tarefas t\u00edpicas da categoria funcional.<\/p>\n\n\n\n<p>O teste de aptid\u00e3o f\u00edsica constar\u00e1 dos seguintes testes a seguir:<\/p>\n\n\n\n<ul class=\"wp-block-list\"><li>a) teste de flex\u00e3o em barra fixa \u2014 teste din\u00e2mico de barra fixa, para candidatos do sexo masculino, e teste est\u00e1tico de barra fixa, para candidatas do sexo feminino;<\/li><li>b) teste de flex\u00e3o abdominal curl up; e<\/li><li>c) teste de corrida de 12 minutos.<\/li><\/ul>\n\n\n\n<h3 class=\"wp-block-heading\" id=\"prova-oral\">Prova Oral<\/h3>\n\n\n\n<p>Ser\u00e3o convocados para a prova oral, de car\u00e1ter eliminat\u00f3rio e classificat\u00f3rio, todos os candidatos ao cargo de Perito Criminal, aprovados no teste de aptid\u00e3o f\u00edsica.<\/p>\n\n\n\n<p>Na avalia\u00e7\u00e3o da prova oral, ser\u00e3o considerados o dom\u00ednio do conhecimento da mat\u00e9ria de Criminal\u00edstica, a articula\u00e7\u00e3o do racioc\u00ednio, a capacidade de argumenta\u00e7\u00e3o e o uso correto do vern\u00e1culo.<\/p>\n\n\n\n<p>A prova oral do edital Politec RO valer\u00e1, em seu conjunto, 100,00 pontos e versar\u00e1 de quest\u00f5es sobre quaisquer dos pontos da mat\u00e9ria de Criminal\u00edstica constante no edital.<\/p>\n\n\n\n<p>A prova oral ter\u00e1 dura\u00e7\u00e3o de at\u00e9 30 minutos, tempo em que o candidato dever\u00e1 responder \u00e0s perguntas que lhe forem formuladas pela banca examinadora.<\/p>\n\n\n\n<h3 class=\"wp-block-heading\" id=\"avaliacao-de-titulos\">Avalia\u00e7\u00e3o de T\u00edtulos<\/h3>\n\n\n\n<p>Ser\u00e3o convocados para a avalia\u00e7\u00e3o de t\u00edtulos os candidatos aos cargos de Perito Criminal aprovados na prova oral.<\/p>\n\n\n\n<p>Esta etapa do edital Politec RO valer\u00e1 10,00 pontos, ainda que a soma dos valores dos t\u00edtulos apresentados seja superior a esse valor, sendo aceitos os t\u00edtulos abaixo relacionados:<\/p>\n\n\n\n<div class=\"wp-block-image\"><figure class=\"aligncenter size-full\"><img loading=\"lazy\" decoding=\"async\" width=\"732\" height=\"672\" src=\"https:\/\/dhg1h5j42swfq.cloudfront.net\/2022\/04\/14153758\/image-205.png\" alt=\"Prova de T\u00edtulos do edital Politec RO\" class=\"wp-image-1009676\" srcset=\"https:\/\/dhg1h5j42swfq.cloudfront.net\/2022\/04\/14153758\/image-205.png 732w, https:\/\/dhg1h5j42swfq.cloudfront.net\/2022\/04\/14153758\/image-205-300x275.png 300w, https:\/\/dhg1h5j42swfq.cloudfront.net\/2022\/04\/14153758\/image-205-610x560.png 610w\" sizes=\"auto, (max-width: 732px) 100vw, 732px\" \/><figcaption>Prova de T\u00edtulos do edital Politec RO<\/figcaption><\/figure><\/div>\n\n\n\n<h3 class=\"wp-block-heading\" id=\"avaliacao-psicologica\">Avalia\u00e7\u00e3o Psicol\u00f3gica<\/h3>\n\n\n\n<p>Ser\u00e3o convocados para a avalia\u00e7\u00e3o psicol\u00f3gica os candidatos aos cargos de Perito Criminal aprovados na prova oral e os candidatos ao cargo de Agente de Criminal\u00edstica aptos no teste de aptid\u00e3o f\u00edsica.<\/p>\n\n\n\n<p>Considera-se avalia\u00e7\u00e3o psicol\u00f3gica o processo realizado mediante o emprego de um conjunto de procedimentos validados cientificamente, que permitem identificar a compatibilidade das caracter\u00edsticas psicol\u00f3gicas do candidato.<\/p>\n\n\n\n<p>A avalia\u00e7\u00e3o psicol\u00f3gica visa verificar habilidades cognitivas, tipos de racioc\u00ednio e caracter\u00edsticas de personalidade importantes para o bom desempenho das atividades do cargo\/\u00e1rea do edital Politec RO.<\/p>\n\n\n\n<p>A avalia\u00e7\u00e3o psicol\u00f3gica ser\u00e1 destinada a avaliar e identificar tamb\u00e9m os tra\u00e7os de personalidade restritivos ou incompat\u00edveis para o exerc\u00edcio da atividade dos cargos.<\/p>\n\n\n\n<h3 class=\"wp-block-heading\" id=\"exames-medicos-e-toxicologicos\">Exames M\u00e9dicos e Toxicol\u00f3gicos<\/h3>\n\n\n\n<p>Ser\u00e3o convocados para os exames m\u00e9dicos e toxicol\u00f3gico os candidatos aos cargos de Perito Criminal aprovados na prova oral e os candidatos ao cargo de Agente de Criminal\u00edstica aptos no teste de aptid\u00e3o f\u00edsica.<\/p>\n\n\n\n<p>Os exames m\u00e9dicos e toxicol\u00f3gico objetivam aferir se o candidato goza de boa sa\u00fade f\u00edsica e ps\u00edquica para suportar os exerc\u00edcios a que ser\u00e1 submetido durante o curso espec\u00edfico de forma\u00e7\u00e3o e para desempenhar as tarefas t\u00edpicas da categoria funcional.<\/p>\n\n\n\n<p>Os exames m\u00e9dicos e toxicol\u00f3gico compreender\u00e3o, al\u00e9m da avalia\u00e7\u00e3o cl\u00ednica realizada por Junta M\u00e9dica do N\u00facleo de Per\u00edcias M\u00e9dicas do Estado de Rond\u00f4nia (NUPEM\/SEGEP), a apresenta\u00e7\u00e3o de exames laboratoriais e complementares.<\/p>\n\n\n\n<h3 class=\"wp-block-heading\" id=\"investigacao-social\">Investiga\u00e7\u00e3o Social<\/h3>\n\n\n\n<p>Ser\u00e3o convocados para a investiga\u00e7\u00e3o social e para o preenchimento de formul\u00e1rio referente \u00e0 investiga\u00e7\u00e3o social os candidatos aos cargos de Perito Criminal aprovados na prova oral e os candidatos ao cargo de Agente de Criminal\u00edstica aptos no teste de aptid\u00e3o f\u00edsica.<\/p>\n\n\n\n<p>Todos os candidatos do edital Politec RO ser\u00e3o submetidos \u00e0 investiga\u00e7\u00e3o social, de car\u00e1ter eliminat\u00f3rio, que se estender\u00e1 da inscri\u00e7\u00e3o at\u00e9 a nomea\u00e7\u00e3o, observando-se antecedentes criminais, sociais, familiares e profissionais.<\/p>\n\n\n\n<p>Durante todo o per\u00edodo do concurso, o candidato dever\u00e1 manter atualizados os dados informados na FIS, assim como cientificar formal e circunstancialmente qualquer outro fato relevante para a investiga\u00e7\u00e3o, nos termos do edital.<\/p>\n\n\n\n<h3 class=\"wp-block-heading\" id=\"cfp\">Curso de Forma\u00e7\u00e3o<\/h3>\n\n\n\n<p>O curso espec\u00edfico de forma\u00e7\u00e3o do edital Politec RO, de car\u00e1ter eliminat\u00f3rio e classificat\u00f3rio, ser\u00e1 realizado em turmas, segundo a ordem de classifica\u00e7\u00e3o dos candidatos aprovados na primeira etapa.<\/p>\n\n\n\n<p>O curso espec\u00edfico de forma\u00e7\u00e3o ser\u00e1 realizado na cidade de Porto Velho\/RO em per\u00edodo e local a serem divulgados no edital de convoca\u00e7\u00e3o para essa etapa.<\/p>\n\n\n\n<hr class=\"wp-block-separator\"\/>\n\n\n\n<h2 class=\"has-text-align-center wp-block-heading\" id=\"h-quer-saber-tudo-sobre-concursos-previstos-confira-nossos-artigos\">Quer saber tudo sobre concursos previstos?<br \/>Confira  nossos artigos!<\/h2>\n\n\n\n<ul class=\"wp-block-list\"><li><a href=\"https:\/\/www.estrategiaconcursos.com.br\/blog\/concursos-abertos\/\" target=\"_blank\" rel=\"noreferrer noopener\">Concursos abertos<\/a><\/li><li><a href=\"https:\/\/www.estrategiaconcursos.com.br\/blog\/concursos-2022\/\" target=\"_blank\" rel=\"noreferrer noopener\">Concursos 2022<\/a><\/li><\/ul>\n\n\n\n<h2 class=\"has-text-align-center wp-block-heading\" id=\"assinatura\">Quer estudar para o edital do concurso Politec RO?<\/h2>\n\n\n\n<div class=\"container\" id=\"boxes\">\n  <div class=\"row\">\n\n    <div class=\"col-sm\">\n      <div class=\"banner-adm\" id=\"box-assinatura\">\n        <h3 class=\"titulo-assinatura\">Concurso Politec RO<\/h3>\n        <p class=\"subtitulo-assinatura\">Conhe\u00e7a os cursos<\/p>\n        <div class=\"box-botao\">\n          <a class=\"btn-assinatura\" target=\"_blank\" href=\"https:\/\/www.estrategiaconcursos.com.br\/blog\/concurso-bombeiro-am\/\" role=\"button\" rel=\"noopener noreferrer\">Conhe\u00e7a mais<\/a>\n        <\/div>\n      <\/div><\/div><\/div><\/div>\n\n\n\n<div class=\"container\" id=\"boxes\">\n  <div class=\"row\">\n\n    <div class=\"col-sm\">\n      <div class=\"estrategia\" id=\"box-assinatura\">\n        <h3 class=\"titulo-assinatura\">Assinatura Concursos<\/h3>\n        <p class=\"subtitulo-assinatura\">Assinatura de 1 ano ou 2 anos<\/p>\n        <div class=\"box-botao\">\n          <a class=\"btn-assinatura\" target=\"_blank\" href=\"https:\/\/www.estrategiaconcursos.com.br\/assinaturas\/\" role=\"button\" rel=\"noopener noreferrer\">ASSINE AGORA<\/a>\n        <\/div>\n      <\/div>\n     \n    <\/div><\/div><\/div>\n\n\n\n<figure class=\"wp-block-image size-large is-resized\"><img loading=\"lazy\" decoding=\"async\" src=\"https:\/\/dhg1h5j42swfq.cloudfront.net\/2025\/06\/27101122\/ficha-tecnica-1-1024x632.png\" alt=\"Ficha t\u00e9cnica\" class=\"wp-image-702728\" width=\"269\" height=\"166\" srcset=\"https:\/\/dhg1h5j42swfq.cloudfront.net\/2025\/06\/27101122\/ficha-tecnica-1-1024x632.png 1024w, https:\/\/dhg1h5j42swfq.cloudfront.net\/2025\/06\/27101122\/ficha-tecnica-1-300x185.png 300w, https:\/\/dhg1h5j42swfq.cloudfront.net\/2025\/06\/27101122\/ficha-tecnica-1-768x474.png 768w, https:\/\/dhg1h5j42swfq.cloudfront.net\/2025\/06\/27101122\/ficha-tecnica-1-1536x948.png 1536w, https:\/\/dhg1h5j42swfq.cloudfront.net\/2025\/06\/27101122\/ficha-tecnica-1-610x377.png 610w, https:\/\/dhg1h5j42swfq.cloudfront.net\/2025\/06\/27101122\/ficha-tecnica-1.png 1571w\" sizes=\"auto, (max-width: 269px) 100vw, 269px\" \/><\/figure>\n\n\n\n<h3 class=\"wp-block-heading\" id=\"ficha\">Informa\u00e7\u00f5es do edital Politec RO<\/h3>\n\n\n\n<ul class=\"wp-block-list\"><li><strong style=\"color: initial;\">Provas<\/strong><span style=\"color: initial;\">: 10 e 17\/07<\/span><\/li><li><strong>Vagas<\/strong>: 60<\/li><li><strong>Cargo<\/strong>: Agente de Criminal\u00edstica e Perito Criminal<\/li><li><strong>Banca<\/strong>: Cebraspe<\/li><li><strong>Escolaridade<\/strong>: N\u00edvel superior<\/li><li><strong>Edital<\/strong>: <a href=\"https:\/\/dhg1h5j42swfq.cloudfront.net\/2022\/04\/14150650\/edital-politec-ro-2022.pdf\" target=\"_blank\" rel=\"noreferrer noopener nofollow\">Politec RO 2022<\/a><\/li><\/ul>\n","protected":false},"excerpt":{"rendered":"<p>O edital do concurso Politec RO est\u00e1 com suas inscri\u00e7\u00f5es encerradas. O processo de candidatura p\u00f4de ser realizado at\u00e9 o dia 16 de maio, no site do Cebraspe, ao custo de R$ 190,00 a R$ 204,96. S\u00e3o ofertadas 60 vagas, al\u00e9m de cadastro de reserva, para cargos de n\u00edvel superior. As oportunidades s\u00e3o para Agente [&hellip;]<\/p>\n","protected":false},"author":2134,"featured_media":932542,"comment_status":"open","ping_status":"closed","sticky":false,"template":"","format":"standard","meta":{"post_tipo":"news","footnotes":""},"categories":[220190],"tags":[],"tax_estado":[219984],"class_list":["post-958755","post","type-post","status-publish","format-standard","has-post-thumbnail","hentry","category-policial-peritos","tax_estado-ro"],"acf":[],"yoast_head":"<!-- This site is optimized with the Yoast SEO Premium plugin v27.2 (Yoast SEO v27.2) - https:\/\/yoast.com\/product\/yoast-seo-premium-wordpress\/ -->\n<title>Edital Politec RO est\u00e1 com inscri\u00e7\u00f5es encerradas; 60 vagas<\/title>\n<meta name=\"description\" content=\"Edital do concurso Politec RO oferece 60 vagas para Agente de Criminal\u00edstica e Perito Criminal. Provas s\u00e3o prevista para julho!\" \/>\n<meta name=\"robots\" content=\"index, follow, max-snippet:-1, max-image-preview:large, max-video-preview:-1\" \/>\n<link rel=\"canonical\" href=\"https:\/\/www.estrategiaconcursos.com.br\/blog\/concurso-politec-ro-edital-publicado\/\" \/>\n<meta property=\"og:locale\" content=\"pt_BR\" \/>\n<meta property=\"og:type\" content=\"article\" \/>\n<meta property=\"og:title\" content=\"Edital Politec RO est\u00e1 com inscri\u00e7\u00f5es encerradas; 60 vagas\" \/>\n<meta property=\"og:description\" content=\"Edital do concurso Politec RO oferece 60 vagas para Agente de Criminal\u00edstica e Perito Criminal. Provas s\u00e3o prevista para julho!\" \/>\n<meta property=\"og:url\" content=\"https:\/\/www.estrategiaconcursos.com.br\/blog\/concurso-politec-ro-edital-publicado\/\" \/>\n<meta property=\"og:site_name\" content=\"Estrat\u00e9gia Concursos\" \/>\n<meta property=\"article:published_time\" content=\"2022-05-17T02:59:00+00:00\" \/>\n<meta property=\"article:modified_time\" content=\"2022-05-17T13:26:38+00:00\" \/>\n<meta property=\"og:image\" content=\"https:\/\/dhg1h5j42swfq.cloudfront.net\/2021\/12\/18113754\/politec_ro.jpg\" \/>\n\t<meta property=\"og:image:width\" content=\"768\" \/>\n\t<meta property=\"og:image:height\" content=\"432\" \/>\n\t<meta property=\"og:image:type\" content=\"image\/jpeg\" \/>\n<meta name=\"author\" content=\"Rafaela Teixeira\" \/>\n<meta name=\"twitter:card\" content=\"summary_large_image\" \/>\n<meta name=\"twitter:creator\" content=\"@EstratConcursos\" \/>\n<meta name=\"twitter:site\" content=\"@EstratConcursos\" \/>\n<meta name=\"twitter:label1\" content=\"Escrito por\" \/>\n\t<meta name=\"twitter:data1\" content=\"Rafaela Teixeira\" \/>\n\t<meta name=\"twitter:label2\" content=\"Est. tempo de leitura\" \/>\n\t<meta name=\"twitter:data2\" content=\"9 minutos\" \/>\n<script type=\"application\/ld+json\" class=\"yoast-schema-graph\">{\"@context\":\"https:\/\/schema.org\",\"@graph\":[{\"@type\":\"NewsArticle\",\"@id\":\"https:\/\/www.estrategiaconcursos.com.br\/blog\/concurso-politec-ro-edital-publicado\/#article\",\"isPartOf\":{\"@id\":\"https:\/\/www.estrategiaconcursos.com.br\/blog\/concurso-politec-ro-edital-publicado\/\"},\"author\":{\"name\":\"Rafaela Teixeira\",\"@id\":\"https:\/\/www.estrategiaconcursos.com.br\/blog\/#\/schema\/person\/e75352021ea7f60781c599934f916eb1\"},\"headline\":\"Edital Politec RO est\u00e1 com inscri\u00e7\u00f5es encerradas; 60 vagas\",\"datePublished\":\"2022-05-17T02:59:00+00:00\",\"dateModified\":\"2022-05-17T13:26:38+00:00\",\"mainEntityOfPage\":{\"@id\":\"https:\/\/www.estrategiaconcursos.com.br\/blog\/concurso-politec-ro-edital-publicado\/\"},\"wordCount\":1652,\"commentCount\":0,\"publisher\":{\"@id\":\"https:\/\/www.estrategiaconcursos.com.br\/blog\/#organization\"},\"image\":{\"@id\":\"https:\/\/www.estrategiaconcursos.com.br\/blog\/concurso-politec-ro-edital-publicado\/#primaryimage\"},\"thumbnailUrl\":\"https:\/\/dhg1h5j42swfq.cloudfront.net\/2021\/12\/18113754\/politec_ro.jpg\",\"articleSection\":[\"Policial (Peritos, Papiloscopistas)\"],\"inLanguage\":\"pt-BR\",\"potentialAction\":[{\"@type\":\"CommentAction\",\"name\":\"Comment\",\"target\":[\"https:\/\/www.estrategiaconcursos.com.br\/blog\/concurso-politec-ro-edital-publicado\/#respond\"]}],\"copyrightYear\":\"2022\",\"copyrightHolder\":{\"@id\":\"https:\/\/www.estrategiaconcursos.com.br\/blog\/#organization\"}},{\"@type\":\"WebPage\",\"@id\":\"https:\/\/www.estrategiaconcursos.com.br\/blog\/concurso-politec-ro-edital-publicado\/\",\"url\":\"https:\/\/www.estrategiaconcursos.com.br\/blog\/concurso-politec-ro-edital-publicado\/\",\"name\":\"Edital Politec RO est\u00e1 com inscri\u00e7\u00f5es encerradas; 60 vagas\",\"isPartOf\":{\"@id\":\"https:\/\/www.estrategiaconcursos.com.br\/blog\/#website\"},\"primaryImageOfPage\":{\"@id\":\"https:\/\/www.estrategiaconcursos.com.br\/blog\/concurso-politec-ro-edital-publicado\/#primaryimage\"},\"image\":{\"@id\":\"https:\/\/www.estrategiaconcursos.com.br\/blog\/concurso-politec-ro-edital-publicado\/#primaryimage\"},\"thumbnailUrl\":\"https:\/\/dhg1h5j42swfq.cloudfront.net\/2021\/12\/18113754\/politec_ro.jpg\",\"datePublished\":\"2022-05-17T02:59:00+00:00\",\"dateModified\":\"2022-05-17T13:26:38+00:00\",\"description\":\"Edital do concurso Politec RO oferece 60 vagas para Agente de Criminal\u00edstica e Perito Criminal. Provas s\u00e3o prevista para julho!\",\"breadcrumb\":{\"@id\":\"https:\/\/www.estrategiaconcursos.com.br\/blog\/concurso-politec-ro-edital-publicado\/#breadcrumb\"},\"inLanguage\":\"pt-BR\",\"potentialAction\":[{\"@type\":\"ReadAction\",\"target\":[\"https:\/\/www.estrategiaconcursos.com.br\/blog\/concurso-politec-ro-edital-publicado\/\"]}]},{\"@type\":\"ImageObject\",\"inLanguage\":\"pt-BR\",\"@id\":\"https:\/\/www.estrategiaconcursos.com.br\/blog\/concurso-politec-ro-edital-publicado\/#primaryimage\",\"url\":\"https:\/\/dhg1h5j42swfq.cloudfront.net\/2021\/12\/18113754\/politec_ro.jpg\",\"contentUrl\":\"https:\/\/dhg1h5j42swfq.cloudfront.net\/2021\/12\/18113754\/politec_ro.jpg\",\"width\":768,\"height\":432,\"caption\":\"Politec RO\"},{\"@type\":\"BreadcrumbList\",\"@id\":\"https:\/\/www.estrategiaconcursos.com.br\/blog\/concurso-politec-ro-edital-publicado\/#breadcrumb\",\"itemListElement\":[{\"@type\":\"ListItem\",\"position\":1,\"name\":\"In\u00edcio\",\"item\":\"https:\/\/www.estrategiaconcursos.com.br\/blog\/\"},{\"@type\":\"ListItem\",\"position\":2,\"name\":\"Edital Politec RO est\u00e1 com inscri\u00e7\u00f5es encerradas; 60 vagas\"}]},{\"@type\":\"WebSite\",\"@id\":\"https:\/\/www.estrategiaconcursos.com.br\/blog\/#website\",\"url\":\"https:\/\/www.estrategiaconcursos.com.br\/blog\/\",\"name\":\"Estrat\u00e9gia Concursos\",\"description\":\"O blog da Estrat\u00e9gia Concursos traz not\u00edcias sobre concursos e artigos de professores oferecendo cursos para concursos (pdf + videaulas) no site.\",\"publisher\":{\"@id\":\"https:\/\/www.estrategiaconcursos.com.br\/blog\/#organization\"},\"potentialAction\":[{\"@type\":\"SearchAction\",\"target\":{\"@type\":\"EntryPoint\",\"urlTemplate\":\"https:\/\/www.estrategiaconcursos.com.br\/blog\/?s={search_term_string}\"},\"query-input\":{\"@type\":\"PropertyValueSpecification\",\"valueRequired\":true,\"valueName\":\"search_term_string\"}}],\"inLanguage\":\"pt-BR\"},{\"@type\":\"Organization\",\"@id\":\"https:\/\/www.estrategiaconcursos.com.br\/blog\/#organization\",\"name\":\"Estrat\u00e9gia Concursos\",\"url\":\"https:\/\/www.estrategiaconcursos.com.br\/blog\/\",\"logo\":{\"@type\":\"ImageObject\",\"inLanguage\":\"pt-BR\",\"@id\":\"https:\/\/www.estrategiaconcursos.com.br\/blog\/#\/schema\/logo\/image\/\",\"url\":\"https:\/\/dhg1h5j42swfq.cloudfront.net\/2025\/06\/03203428\/logo_concursos-1.jpg\",\"contentUrl\":\"https:\/\/dhg1h5j42swfq.cloudfront.net\/2025\/06\/03203428\/logo_concursos-1.jpg\",\"width\":230,\"height\":60,\"caption\":\"Estrat\u00e9gia Concursos\"},\"image\":{\"@id\":\"https:\/\/www.estrategiaconcursos.com.br\/blog\/#\/schema\/logo\/image\/\"},\"sameAs\":[\"https:\/\/x.com\/EstratConcursos\"]},{\"@type\":\"Person\",\"@id\":\"https:\/\/www.estrategiaconcursos.com.br\/blog\/#\/schema\/person\/e75352021ea7f60781c599934f916eb1\",\"name\":\"Rafaela Teixeira\",\"image\":{\"@type\":\"ImageObject\",\"inLanguage\":\"pt-BR\",\"@id\":\"https:\/\/secure.gravatar.com\/avatar\/8a349a2b22039b1ee88fc06461487c950fd6aa411ea8af8633314b43334ae793?s=96&d=mm&r=g\",\"url\":\"https:\/\/secure.gravatar.com\/avatar\/8a349a2b22039b1ee88fc06461487c950fd6aa411ea8af8633314b43334ae793?s=96&d=mm&r=g\",\"contentUrl\":\"https:\/\/secure.gravatar.com\/avatar\/8a349a2b22039b1ee88fc06461487c950fd6aa411ea8af8633314b43334ae793?s=96&d=mm&r=g\",\"caption\":\"Rafaela Teixeira\"},\"description\":\"Rafaela Teixeira \u00e9 advogada conveniada \u00e0 Defensoria P\u00fablica de S\u00e3o Paulo pela OAB, com experi\u00eancia em reda\u00e7\u00e3o jur\u00eddica e atua\u00e7\u00e3o em institui\u00e7\u00f5es p\u00fablicas, incluindo est\u00e1gio no TRE-SP. Possui mais de 7 anos de experi\u00eancia na produ\u00e7\u00e3o de conte\u00fados voltados ao nicho de concursos p\u00fablicos, com foco em apura\u00e7\u00e3o jornal\u00edstica cont\u00ednua, an\u00e1lise de editais e obten\u00e7\u00e3o de informa\u00e7\u00f5es diretamente junto a \u00f3rg\u00e3os e fontes oficiais. No Blog do Estrat\u00e9gia Concursos, atua como Analista de Conte\u00fado S\u00eanior, respons\u00e1vel pelo jornalismo do per\u00edodo noturno e da madrugada, com atua\u00e7\u00e3o transversal na cobertura de concursos p\u00fablicos, garantindo a continuidade, fluidez e confiabilidade das publica\u00e7\u00f5es e dos bastidores dos certames.\",\"url\":\"https:\/\/www.estrategiaconcursos.com.br\/blog\/author\/rafaela-teixeira\/\"}]}<\/script>\n<!-- \/ Yoast SEO Premium plugin. -->","yoast_head_json":{"title":"Edital Politec RO est\u00e1 com inscri\u00e7\u00f5es encerradas; 60 vagas","description":"Edital do concurso Politec RO oferece 60 vagas para Agente de Criminal\u00edstica e Perito Criminal. Provas s\u00e3o prevista para julho!","robots":{"index":"index","follow":"follow","max-snippet":"max-snippet:-1","max-image-preview":"max-image-preview:large","max-video-preview":"max-video-preview:-1"},"canonical":"https:\/\/www.estrategiaconcursos.com.br\/blog\/concurso-politec-ro-edital-publicado\/","og_locale":"pt_BR","og_type":"article","og_title":"Edital Politec RO est\u00e1 com inscri\u00e7\u00f5es encerradas; 60 vagas","og_description":"Edital do concurso Politec RO oferece 60 vagas para Agente de Criminal\u00edstica e Perito Criminal. Provas s\u00e3o prevista para julho!","og_url":"https:\/\/www.estrategiaconcursos.com.br\/blog\/concurso-politec-ro-edital-publicado\/","og_site_name":"Estrat\u00e9gia Concursos","article_published_time":"2022-05-17T02:59:00+00:00","article_modified_time":"2022-05-17T13:26:38+00:00","og_image":[{"width":768,"height":432,"url":"https:\/\/dhg1h5j42swfq.cloudfront.net\/2021\/12\/18113754\/politec_ro.jpg","type":"image\/jpeg"}],"author":"Rafaela Teixeira","twitter_card":"summary_large_image","twitter_creator":"@EstratConcursos","twitter_site":"@EstratConcursos","twitter_misc":{"Escrito por":"Rafaela Teixeira","Est. tempo de leitura":"9 minutos"},"schema":{"@context":"https:\/\/schema.org","@graph":[{"@type":"NewsArticle","@id":"https:\/\/www.estrategiaconcursos.com.br\/blog\/concurso-politec-ro-edital-publicado\/#article","isPartOf":{"@id":"https:\/\/www.estrategiaconcursos.com.br\/blog\/concurso-politec-ro-edital-publicado\/"},"author":{"name":"Rafaela Teixeira","@id":"https:\/\/www.estrategiaconcursos.com.br\/blog\/#\/schema\/person\/e75352021ea7f60781c599934f916eb1"},"headline":"Edital Politec RO est\u00e1 com inscri\u00e7\u00f5es encerradas; 60 vagas","datePublished":"2022-05-17T02:59:00+00:00","dateModified":"2022-05-17T13:26:38+00:00","mainEntityOfPage":{"@id":"https:\/\/www.estrategiaconcursos.com.br\/blog\/concurso-politec-ro-edital-publicado\/"},"wordCount":1652,"commentCount":0,"publisher":{"@id":"https:\/\/www.estrategiaconcursos.com.br\/blog\/#organization"},"image":{"@id":"https:\/\/www.estrategiaconcursos.com.br\/blog\/concurso-politec-ro-edital-publicado\/#primaryimage"},"thumbnailUrl":"https:\/\/dhg1h5j42swfq.cloudfront.net\/2021\/12\/18113754\/politec_ro.jpg","articleSection":["Policial (Peritos, Papiloscopistas)"],"inLanguage":"pt-BR","potentialAction":[{"@type":"CommentAction","name":"Comment","target":["https:\/\/www.estrategiaconcursos.com.br\/blog\/concurso-politec-ro-edital-publicado\/#respond"]}],"copyrightYear":"2022","copyrightHolder":{"@id":"https:\/\/www.estrategiaconcursos.com.br\/blog\/#organization"}},{"@type":"WebPage","@id":"https:\/\/www.estrategiaconcursos.com.br\/blog\/concurso-politec-ro-edital-publicado\/","url":"https:\/\/www.estrategiaconcursos.com.br\/blog\/concurso-politec-ro-edital-publicado\/","name":"Edital Politec RO est\u00e1 com inscri\u00e7\u00f5es encerradas; 60 vagas","isPartOf":{"@id":"https:\/\/www.estrategiaconcursos.com.br\/blog\/#website"},"primaryImageOfPage":{"@id":"https:\/\/www.estrategiaconcursos.com.br\/blog\/concurso-politec-ro-edital-publicado\/#primaryimage"},"image":{"@id":"https:\/\/www.estrategiaconcursos.com.br\/blog\/concurso-politec-ro-edital-publicado\/#primaryimage"},"thumbnailUrl":"https:\/\/dhg1h5j42swfq.cloudfront.net\/2021\/12\/18113754\/politec_ro.jpg","datePublished":"2022-05-17T02:59:00+00:00","dateModified":"2022-05-17T13:26:38+00:00","description":"Edital do concurso Politec RO oferece 60 vagas para Agente de Criminal\u00edstica e Perito Criminal. Provas s\u00e3o prevista para julho!","breadcrumb":{"@id":"https:\/\/www.estrategiaconcursos.com.br\/blog\/concurso-politec-ro-edital-publicado\/#breadcrumb"},"inLanguage":"pt-BR","potentialAction":[{"@type":"ReadAction","target":["https:\/\/www.estrategiaconcursos.com.br\/blog\/concurso-politec-ro-edital-publicado\/"]}]},{"@type":"ImageObject","inLanguage":"pt-BR","@id":"https:\/\/www.estrategiaconcursos.com.br\/blog\/concurso-politec-ro-edital-publicado\/#primaryimage","url":"https:\/\/dhg1h5j42swfq.cloudfront.net\/2021\/12\/18113754\/politec_ro.jpg","contentUrl":"https:\/\/dhg1h5j42swfq.cloudfront.net\/2021\/12\/18113754\/politec_ro.jpg","width":768,"height":432,"caption":"Politec RO"},{"@type":"BreadcrumbList","@id":"https:\/\/www.estrategiaconcursos.com.br\/blog\/concurso-politec-ro-edital-publicado\/#breadcrumb","itemListElement":[{"@type":"ListItem","position":1,"name":"In\u00edcio","item":"https:\/\/www.estrategiaconcursos.com.br\/blog\/"},{"@type":"ListItem","position":2,"name":"Edital Politec RO est\u00e1 com inscri\u00e7\u00f5es encerradas; 60 vagas"}]},{"@type":"WebSite","@id":"https:\/\/www.estrategiaconcursos.com.br\/blog\/#website","url":"https:\/\/www.estrategiaconcursos.com.br\/blog\/","name":"Estrat\u00e9gia Concursos","description":"O blog da Estrat\u00e9gia Concursos traz not\u00edcias sobre concursos e artigos de professores oferecendo cursos para concursos (pdf + videaulas) no site.","publisher":{"@id":"https:\/\/www.estrategiaconcursos.com.br\/blog\/#organization"},"potentialAction":[{"@type":"SearchAction","target":{"@type":"EntryPoint","urlTemplate":"https:\/\/www.estrategiaconcursos.com.br\/blog\/?s={search_term_string}"},"query-input":{"@type":"PropertyValueSpecification","valueRequired":true,"valueName":"search_term_string"}}],"inLanguage":"pt-BR"},{"@type":"Organization","@id":"https:\/\/www.estrategiaconcursos.com.br\/blog\/#organization","name":"Estrat\u00e9gia Concursos","url":"https:\/\/www.estrategiaconcursos.com.br\/blog\/","logo":{"@type":"ImageObject","inLanguage":"pt-BR","@id":"https:\/\/www.estrategiaconcursos.com.br\/blog\/#\/schema\/logo\/image\/","url":"https:\/\/dhg1h5j42swfq.cloudfront.net\/2025\/06\/03203428\/logo_concursos-1.jpg","contentUrl":"https:\/\/dhg1h5j42swfq.cloudfront.net\/2025\/06\/03203428\/logo_concursos-1.jpg","width":230,"height":60,"caption":"Estrat\u00e9gia Concursos"},"image":{"@id":"https:\/\/www.estrategiaconcursos.com.br\/blog\/#\/schema\/logo\/image\/"},"sameAs":["https:\/\/x.com\/EstratConcursos"]},{"@type":"Person","@id":"https:\/\/www.estrategiaconcursos.com.br\/blog\/#\/schema\/person\/e75352021ea7f60781c599934f916eb1","name":"Rafaela Teixeira","image":{"@type":"ImageObject","inLanguage":"pt-BR","@id":"https:\/\/secure.gravatar.com\/avatar\/8a349a2b22039b1ee88fc06461487c950fd6aa411ea8af8633314b43334ae793?s=96&d=mm&r=g","url":"https:\/\/secure.gravatar.com\/avatar\/8a349a2b22039b1ee88fc06461487c950fd6aa411ea8af8633314b43334ae793?s=96&d=mm&r=g","contentUrl":"https:\/\/secure.gravatar.com\/avatar\/8a349a2b22039b1ee88fc06461487c950fd6aa411ea8af8633314b43334ae793?s=96&d=mm&r=g","caption":"Rafaela Teixeira"},"description":"Rafaela Teixeira \u00e9 advogada conveniada \u00e0 Defensoria P\u00fablica de S\u00e3o Paulo pela OAB, com experi\u00eancia em reda\u00e7\u00e3o jur\u00eddica e atua\u00e7\u00e3o em institui\u00e7\u00f5es p\u00fablicas, incluindo est\u00e1gio no TRE-SP. Possui mais de 7 anos de experi\u00eancia na produ\u00e7\u00e3o de conte\u00fados voltados ao nicho de concursos p\u00fablicos, com foco em apura\u00e7\u00e3o jornal\u00edstica cont\u00ednua, an\u00e1lise de editais e obten\u00e7\u00e3o de informa\u00e7\u00f5es diretamente junto a \u00f3rg\u00e3os e fontes oficiais. No Blog do Estrat\u00e9gia Concursos, atua como Analista de Conte\u00fado S\u00eanior, respons\u00e1vel pelo jornalismo do per\u00edodo noturno e da madrugada, com atua\u00e7\u00e3o transversal na cobertura de concursos p\u00fablicos, garantindo a continuidade, fluidez e confiabilidade das publica\u00e7\u00f5es e dos bastidores dos certames.","url":"https:\/\/www.estrategiaconcursos.com.br\/blog\/author\/rafaela-teixeira\/"}]}},"_links":{"self":[{"href":"https:\/\/www.estrategiaconcursos.com.br\/blog\/wp-json\/wp\/v2\/posts\/958755","targetHints":{"allow":["GET"]}}],"collection":[{"href":"https:\/\/www.estrategiaconcursos.com.br\/blog\/wp-json\/wp\/v2\/posts"}],"about":[{"href":"https:\/\/www.estrategiaconcursos.com.br\/blog\/wp-json\/wp\/v2\/types\/post"}],"author":[{"embeddable":true,"href":"https:\/\/www.estrategiaconcursos.com.br\/blog\/wp-json\/wp\/v2\/users\/2134"}],"replies":[{"embeddable":true,"href":"https:\/\/www.estrategiaconcursos.com.br\/blog\/wp-json\/wp\/v2\/comments?post=958755"}],"version-history":[{"count":25,"href":"https:\/\/www.estrategiaconcursos.com.br\/blog\/wp-json\/wp\/v2\/posts\/958755\/revisions"}],"predecessor-version":[{"id":1029259,"href":"https:\/\/www.estrategiaconcursos.com.br\/blog\/wp-json\/wp\/v2\/posts\/958755\/revisions\/1029259"}],"wp:featuredmedia":[{"embeddable":true,"href":"https:\/\/www.estrategiaconcursos.com.br\/blog\/wp-json\/wp\/v2\/media\/932542"}],"wp:attachment":[{"href":"https:\/\/www.estrategiaconcursos.com.br\/blog\/wp-json\/wp\/v2\/media?parent=958755"}],"wp:term":[{"taxonomy":"category","embeddable":true,"href":"https:\/\/www.estrategiaconcursos.com.br\/blog\/wp-json\/wp\/v2\/categories?post=958755"},{"taxonomy":"post_tag","embeddable":true,"href":"https:\/\/www.estrategiaconcursos.com.br\/blog\/wp-json\/wp\/v2\/tags?post=958755"},{"taxonomy":"tax_estado","embeddable":true,"href":"https:\/\/www.estrategiaconcursos.com.br\/blog\/wp-json\/wp\/v2\/tax_estado?post=958755"}],"curies":[{"name":"wp","href":"https:\/\/api.w.org\/{rel}","templated":true}]}}