{"id":958709,"date":"2022-04-13T08:00:00","date_gmt":"2022-04-13T11:00:00","guid":{"rendered":"https:\/\/www.estrategiaconcursos.com.br\/blog\/?p=958709"},"modified":"2023-08-03T10:48:06","modified_gmt":"2023-08-03T13:48:06","slug":"concurso-pc-rr-edital-publicado","status":"publish","type":"post","link":"https:\/\/www.estrategiaconcursos.com.br\/blog\/concurso-pc-rr-edital-publicado\/","title":{"rendered":"Edital PC RR tem inscri\u00e7\u00f5es encerradas. Acompanhe!"},"content":{"rendered":"\n<p>Est\u00e3o encerradas as inscri\u00e7\u00f5es do edital do <strong>concurso PC RR<\/strong>, no estado de Roraima. Conforme o documento, s\u00e3o ofertadas <strong>140 vagas<\/strong> para cargos de n\u00edveis m\u00e9dio e superior.<\/p>\n\n\n\n<p>Os interessados em participar da sele\u00e7\u00e3o puderam realizar as inscri\u00e7\u00f5es at\u00e9<strong> 12 de junho de 2022<\/strong>, no <a href=\"https:\/\/vunesp.com.br\/\" target=\"_blank\" rel=\"noreferrer noopener\">site<\/a> da banca organizadora, Vunesp, ao custo de R$ 80,00 a R$ 260,00.<\/p>\n\n\n\n<p>A remunera\u00e7\u00e3o inicial varia de R$ 3.369,03&nbsp;a R$ 12.901,17. A aplica\u00e7\u00e3o da prova objetiva \u00e9 prevista para os dias 6, 7, 13 e 14 de agosto.<\/p>\n\n\n\n<ul class=\"has-very-light-gray-to-cyan-bluish-gray-gradient-background has-background wp-block-list\">\n<li><strong>Banca:<\/strong> Vunesp<\/li>\n\n\n\n<li><strong>Vagas:<\/strong> 140<\/li>\n\n\n\n<li><strong>Sal\u00e1rio inicial:<\/strong> R$ 3.369,03&nbsp;a R$12.901,17<\/li>\n\n\n\n<li><strong>Edital<\/strong>: <a href=\"https:\/\/dhg1h5j42swfq.cloudfront.net\/2022\/04\/14121225\/pcrr-retificado.pdf\" target=\"_blank\" rel=\"noreferrer noopener nofollow\">PC RR 2022<\/a><\/li>\n<\/ul>\n\n\n\n<div class=\"container\" id=\"boxes\">\n  <div class=\"row\">\n\n    <div class=\"col-sm\">\n      <div class=\"banner-policial\" id=\"box-assinatura\">\n        <h3 class=\"titulo-assinatura\">Concurso PC RR<\/h3>\n        <p class=\"subtitulo-assinatura\">Conhe\u00e7a os cursos<\/p>\n        <div class=\"box-botao\">\n          <a class=\"btn-assinatura\" target=\"_blank\" href=\"https:\/\/www.estrategiaconcursos.com.br\/cursosPorConcurso\/corpo-de-bombeiros-militar-do-espirito-santo-cbm-es\/\" role=\"button\" rel=\"noopener noreferrer\">Conhe\u00e7a mais<\/a>\n        <\/div>\n      <\/div><\/div><\/div><\/div>\n\n\n\n<h2 class=\"wp-block-heading\" id=\"datas\">Principais datas do edital PC RR<\/h2>\n\n\n\n<p class=\"has-very-light-gray-background-color has-background\"><strong>Inscri\u00e7\u00f5es<\/strong>: <s>13 de abril a 12 de junho de 2022<\/s><br \/><strong>Isen\u00e7\u00e3o da taxa<\/strong>: <s>13 a 18 de abril de 2022<\/s><br \/><strong>\u00daltimo dia para pagamento<\/strong>: <s>13 de junho de 2022<\/s><br \/><strong>Prova<\/strong>: 6, 7, 13 e 14 de agosto de 2022<\/p>\n\n\n\n<p><strong>Taxas de inscri\u00e7\u00e3o:<\/strong><\/p>\n\n\n\n<ul class=\"wp-block-list\">\n<li>M\u00e9dico Legista, Odonto-Legista e Perito: R$ 260,00<\/li>\n\n\n\n<li>Agente, Escriv\u00e3o e Papiloscopista: R$ 120,00<\/li>\n\n\n\n<li>Auxiliar de Perito e&nbsp; Necropsia: R$ 80,00<\/li>\n<\/ul>\n\n\n\n<h2 class=\"wp-block-heading\" id=\"cargos-vagas\">Cargos, vagas e remunera\u00e7\u00f5es do edital PC RR<\/h2>\n\n\n\n<h3 class=\"wp-block-heading\" id=\"ensino-medio\">Ensino m\u00e9dio<\/h3>\n\n\n\n<figure class=\"wp-block-table is-style-stripes\"><table class=\"has-background has-fixed-layout\" style=\"background-color:#e7f5fe\"><thead><tr><th class=\"has-text-align-center\" data-align=\"center\">CARGO<\/th><th class=\"has-text-align-center\" data-align=\"center\">VAGAS<\/th><th class=\"has-text-align-center\" data-align=\"center\">SAL\u00c1RIO<\/th><\/tr><\/thead><tbody><tr><td class=\"has-text-align-center\" data-align=\"center\"><a href=\"https:\/\/www.estrategiaconcursos.com.br\/curso\/2-pc-rr-auxiliar-de-perito-e-auxiliar-de-necropsia-pacote-2022-pos-edital\/\" target=\"_blank\" rel=\"noreferrer noopener\">Auxiliar de Perito<\/a><\/td><td class=\"has-text-align-center\" data-align=\"center\">04<\/td><td class=\"has-text-align-center\" data-align=\"center\">R$ 3.369,03&nbsp;<\/td><\/tr><tr><td class=\"has-text-align-center\" data-align=\"center\"><a href=\"https:\/\/www.estrategiaconcursos.com.br\/curso\/2-pc-rr-auxiliar-de-perito-e-auxiliar-de-necropsia-pacote-2022-pos-edital\/\" target=\"_blank\" rel=\"noreferrer noopener\">Auxiliar de Necropsia<\/a><\/td><td class=\"has-text-align-center\" data-align=\"center\">02<\/td><td class=\"has-text-align-center\" data-align=\"center\">R$ 3.369,03&nbsp;<\/td><\/tr><\/tbody><\/table><\/figure>\n\n\n\n<h3 class=\"wp-block-heading\" id=\"medio\">Ensino superior<\/h3>\n\n\n\n<figure class=\"wp-block-table is-style-stripes\"><table class=\"has-background has-fixed-layout\" style=\"background-color:#e7f5fe\"><thead><tr><th class=\"has-text-align-center\" data-align=\"center\">CARGO<\/th><th class=\"has-text-align-center\" data-align=\"center\">VAGAS<\/th><th class=\"has-text-align-center\" data-align=\"center\">SAL\u00c1RIO<\/th><\/tr><\/thead><tbody><tr><td class=\"has-text-align-center\" data-align=\"center\">M\u00e9dico Legista<\/td><td class=\"has-text-align-center\" data-align=\"center\">07<\/td><td class=\"has-text-align-center\" data-align=\"center\">R$ 12.901,17&nbsp;<\/td><\/tr><tr><td class=\"has-text-align-center\" data-align=\"center\">Odonto-Legista<\/td><td class=\"has-text-align-center\" data-align=\"center\">01<\/td><td class=\"has-text-align-center\" data-align=\"center\">R$ 12.901,17&nbsp;<\/td><\/tr><tr><td class=\"has-text-align-center\" data-align=\"center\">Perito Criminal<br \/><a href=\"https:\/\/dhg1h5j42swfq.cloudfront.net\/2022\/04\/01090552\/image-4.png\" target=\"_blank\" rel=\"noreferrer noopener\">(v\u00e1rias especialidades)<\/a><\/td><td class=\"has-text-align-center\" data-align=\"center\">09<\/td><td class=\"has-text-align-center\" data-align=\"center\">R$ 12.901,17&nbsp;<\/td><\/tr><tr><td class=\"has-text-align-center\" data-align=\"center\"><a href=\"https:\/\/www.estrategiaconcursos.com.br\/curso\/1-pc-rr-agente-de-policia-escrivao-e-perito-papiloscopista-pacote-2022-pos-edital\/\" target=\"_blank\" rel=\"noreferrer noopener\">Escriv\u00e3o<\/a><\/td><td class=\"has-text-align-center\" data-align=\"center\">51<\/td><td class=\"has-text-align-center\" data-align=\"center\">R$ 5.053,55<\/td><\/tr><tr><td class=\"has-text-align-center\" data-align=\"center\"><a href=\"https:\/\/www.estrategiaconcursos.com.br\/curso\/1-pc-rr-agente-de-policia-escrivao-e-perito-papiloscopista-pacote-2022-pos-edital\/\" target=\"_blank\" rel=\"noreferrer noopener\">Agente de Pol\u00edcia<\/a><\/td><td class=\"has-text-align-center\" data-align=\"center\">52<\/td><td class=\"has-text-align-center\" data-align=\"center\">R$ 5.053,55<\/td><\/tr><tr><td class=\"has-text-align-center\" data-align=\"center\"><a href=\"https:\/\/www.estrategiaconcursos.com.br\/curso\/1-pc-rr-agente-de-policia-escrivao-e-perito-papiloscopista-pacote-2022-pos-edital\/\" target=\"_blank\" rel=\"noreferrer noopener\">Papiloscopista<\/a><\/td><td class=\"has-text-align-center\" data-align=\"center\">14<\/td><td class=\"has-text-align-center\" data-align=\"center\">R$ 5.053,55<\/td><\/tr><\/tbody><\/table><\/figure>\n\n\n\n<p>Todos os cargos contam com o acr\u00e9scimo de aux\u00edlio alimenta\u00e7\u00e3o no valor de R$ 500,00 (quinhentos reais).<\/p>\n\n\n\n<h3 class=\"wp-block-heading\" id=\"h-requisitos\">Requisitos<\/h3>\n\n\n\n<ul class=\"wp-block-list\">\n<li><strong>M\u00e9dico-Legista<\/strong>: Curso superior de medicina com registo no Conselho Regional de Medicina;<\/li>\n\n\n\n<li><strong>Odonto-Legista<\/strong>: Curso de Odontologia com registo no Conselho Regional de Odontologia;<\/li>\n\n\n\n<li><strong>Perito Criminal<\/strong>: Curso superior, observadas as especialidades: Farm\u00e1cia, Qu\u00edmica, F\u00edsica, Engenharia (Civil, El\u00e9trica, Eletr\u00f4nica, Qu\u00edmica, Mec\u00e2nica e Florestal), Ci\u00eancias Cont\u00e1beis, Geologia e Computa\u00e7\u00e3o Cient\u00edfica ou An\u00e1lise de Sistema, com registro no Conselho Regional da Categoria, caso seja exig\u00eancia legal para o exerc\u00edcio da atividade;<\/li>\n\n\n\n<li><strong>Escriv\u00e3o de Pol\u00edcia<\/strong>: Curso superior completo em n\u00edvel de gradua\u00e7\u00e3o, em qualquer \u00e1rea de forma\u00e7\u00e3o;<\/li>\n\n\n\n<li><strong>Agente de Pol\u00edcia<\/strong>: Curso superior completo em n\u00edvel de gradua\u00e7\u00e3o, em qualquer \u00e1rea de forma\u00e7\u00e3o e possuir habilita\u00e7\u00e3o na categoria B, AB ou superior); <\/li>\n\n\n\n<li><strong>Perito Papiloscopista<\/strong>: Curso superior completo em n\u00edvel de gradua\u00e7\u00e3o, em qualquer \u00e1rea de forma\u00e7\u00e3o; e<\/li>\n\n\n\n<li><strong>Auxiliar de Perito e Auxiliar de Necropsia: <\/strong>N\u00edvel m\u00e9dio completo.<\/li>\n<\/ul>\n\n\n\n<h2 class=\"wp-block-heading\" id=\"etapas\">Etapas e provas do edital PC RR<\/h2>\n\n\n\n<p>O concurso da Pol\u00edcia Civil de Roraima compreender\u00e1 duas fases, sendo:<\/p>\n\n\n\n<p><strong><span style=\"text-decoration: underline;\">Primeira Fase:<\/span><\/strong><\/p>\n\n\n\n<ul class=\"wp-block-list\">\n<li>Provas Objetivas, de conhecimentos gerais e conhecimentos espec\u00edficos, de car\u00e1ter eliminat\u00f3rio e classificat\u00f3rio;<\/li>\n\n\n\n<li>Provas Discursivas, de conhecimentos gerais, de car\u00e1ter eliminat\u00f3rio e classificat\u00f3rio (somente aos cargos de M\u00e9dico Legista, Odonto-Legista, Perito Criminal, Escriv\u00e3o, Agente e Perito Papiloscopista);<\/li>\n\n\n\n<li>Exame Psicot\u00e9cnico (avalia\u00e7\u00e3o psicol\u00f3gica), de car\u00e1ter eliminat\u00f3rio;<\/li>\n\n\n\n<li>Exames M\u00e9dicos (avalia\u00e7\u00e3o de sa\u00fade), de car\u00e1ter eliminat\u00f3rio;<\/li>\n\n\n\n<li>Prova de Capacidade F\u00edsica (exame de aptid\u00e3o f\u00edsica), de car\u00e1ter eliminat\u00f3rio (somente ao cargo de Agente de Pol\u00edcia);<\/li>\n\n\n\n<li>Prova de T\u00edtulos, de car\u00e1ter classificat\u00f3rio (somente aos cargos de M\u00e9dico Legista, Odonto-Legista e Perito Criminal) e;<\/li>\n\n\n\n<li>Investiga\u00e7\u00e3o social, de car\u00e1ter eliminat\u00f3rio.<\/li>\n<\/ul>\n\n\n\n<p><strong><span style=\"text-decoration: underline;\">Segunda Fase:<\/span><\/strong><\/p>\n\n\n\n<ul class=\"wp-block-list\">\n<li>Curso de Forma\u00e7\u00e3o Profissional, de car\u00e1ter eliminat\u00f3rio.<\/li>\n<\/ul>\n\n\n\n<h3 class=\"wp-block-heading\" id=\"objetiva\">Provas Objetivas<\/h3>\n\n\n\n<p>A prova objetiva de car\u00e1ter eliminat\u00f3rio e classificat\u00f3rio, conter\u00e1 quest\u00f5es de m\u00faltipla escolha, com 05 alternativas cada uma.<\/p>\n\n\n\n<p>A prova do edital PC RR conter\u00e1 20 quest\u00f5es de Conhecimentos Gerais e 40 quest\u00f5es de Conhecimentos Espec\u00edficos.<\/p>\n\n\n\n<ul class=\"wp-block-list\">\n<li><strong>M\u00e9dico Legista, Odonto-Legista e Perito Criminal:<\/strong>\n<ul class=\"wp-block-list\">\n<li><em>No\u00e7\u00f5es de Direito Constitucional \u2013 05<\/em><\/li>\n\n\n\n<li><em>No\u00e7\u00f5es de Direito Administrativo \u2013 05<\/em><\/li>\n\n\n\n<li><em>No\u00e7\u00f5es de Direito Penal e Processual Penal \u2013 10<\/em><\/li>\n\n\n\n<li><em>Conhecimentos Espec\u00edficos \u2013 40<\/em><\/li>\n<\/ul>\n<\/li>\n\n\n\n<li><strong>Escriv\u00e3o, Agente de Pol\u00edcia e Papiloscopista:<\/strong>\n<ul class=\"wp-block-list\">\n<li><em>L\u00edngua Portuguesa \u2013 06<\/em><\/li>\n\n\n\n<li><em>No\u00e7\u00f5es B\u00e1sicas de L\u00edngua Espanhola \u2013 04<\/em><\/li>\n\n\n\n<li><em>Conhecimentos de Inform\u00e1tica \u2013 06<\/em><\/li>\n\n\n\n<li><em>No\u00e7\u00f5es de Qu\u00edmica, F\u00edsica, Biologia e Biosseguran\u00e7a \u2013 04<\/em><\/li>\n\n\n\n<li><em>Conhecimentos Espec\u00edficos \u2013 40<\/em><\/li>\n<\/ul>\n<\/li>\n\n\n\n<li><strong>Auxiliar de Perito e Auxiliar de Necropsia:<\/strong>\n<ul class=\"wp-block-list\">\n<li><em>L\u00edngua Portuguesa \u2013 10<\/em><\/li>\n\n\n\n<li><em>Matem\u00e1tica \u2013 10<\/em><\/li>\n\n\n\n<li><em>Conhecimentos Espec\u00edficos \u2013 40<\/em><\/li>\n<\/ul>\n<\/li>\n<\/ul>\n\n\n\n<p>As provas objetivas (Conhecimentos Gerais e Espec\u00edficos) para as carreiras de Auxiliar de Perito Criminal e Auxiliar de Necr\u00f3psia ter\u00e3o dura\u00e7\u00e3o de 4 (quatro) horas.<\/p>\n\n\n\n<p>As provas objetivas (Conhecimentos Gerais e Espec\u00edficos) e discursivas (Conhecimentos Gerais) para as carreiras de M\u00e9dico Legista, Odonto-legista, Perito Criminal (v\u00e1rias especialidades\/\u00e1reas), Escriv\u00e3o, Agente e Perito Papiloscopista de ser\u00e3o aplicadas simultaneamente e ter\u00e3o dura\u00e7\u00e3o de 4 horas e 30 minutos.<\/p>\n\n\n\n<figure class=\"wp-block-image size-full\"><img loading=\"lazy\" decoding=\"async\" width=\"842\" height=\"427\" src=\"https:\/\/dhg1h5j42swfq.cloudfront.net\/2022\/04\/01091012\/image-5.png\" alt=\"Datas das Provas Objetivas do edital \" class=\"wp-image-999377\" srcset=\"https:\/\/dhg1h5j42swfq.cloudfront.net\/2022\/04\/01091012\/image-5.png 842w, https:\/\/dhg1h5j42swfq.cloudfront.net\/2022\/04\/01091012\/image-5-300x152.png 300w, https:\/\/dhg1h5j42swfq.cloudfront.net\/2022\/04\/01091012\/image-5-768x389.png 768w, https:\/\/dhg1h5j42swfq.cloudfront.net\/2022\/04\/01091012\/image-5-610x309.png 610w\" sizes=\"auto, (max-width: 842px) 100vw, 842px\" \/><figcaption class=\"wp-element-caption\">Datas das Provas Objetivas do edital PC RR<\/figcaption><\/figure>\n\n\n\n<p>Ser\u00e1 considerado habilitado na prova objetiva o candidato que obtiver, cumulativamente, no m\u00ednimo:<\/p>\n\n\n\n<ul class=\"wp-block-list\">\n<li>I. 10 (dez) pontos na prova objetiva de conhecimentos gerais;<\/li>\n\n\n\n<li>II. 40 (quarenta) pontos na prova objetiva de conhecimentos espec\u00edficos; e<\/li>\n\n\n\n<li>III. 60 (sessenta) dos pontos no total das provas objetivas de conhecimentos gerais e espec\u00edficos.<\/li>\n<\/ul>\n\n\n\n<h3 class=\"wp-block-heading\" id=\"provas-discursivas\">Provas Discursivas<\/h3>\n\n\n\n<p>A prova discursiva de conhecimentos gerais ser\u00e1 aplicada apenas aos candidatos aos cargos de M\u00e9dico Legista, Odonto-Legista, Perito Criminal, Escriv\u00e3o, Agente e Perito Papiloscopista, concomitante \u00e0 prova objetiva.<\/p>\n\n\n\n<p>A prova discursiva de conhecimentos gerais valer\u00e1 20 pontos e consistir\u00e1 da reda\u00e7\u00e3o de texto dissertativo-argumentativo, de at\u00e9 30 linhas, abordando temas relevantes relacionados a atualidades em diversas \u00e1reas.<\/p>\n\n\n\n<h3 class=\"wp-block-heading\" id=\"h-exame-psicotecnico\">Exame Psicot\u00e9cnico<\/h3>\n\n\n\n<p>Ser\u00e3o convocados para os exames psicot\u00e9cnicos (avalia\u00e7\u00e3o psicol\u00f3gica) os candidatos habilitados e n\u00e3o exclu\u00eddos na Prova Discursiva.<\/p>\n\n\n\n<p>O exame psicot\u00e9cnico (avalia\u00e7\u00e3o psicol\u00f3gica) de car\u00e1ter eliminat\u00f3rio, consistir\u00e1 na aplica\u00e7\u00e3o de instrumentos que explicitem de forma inequ\u00edvoca as caracter\u00edsticas cognitivas, emocionais e de personalidade.<\/p>\n\n\n\n<p>A metodologia a ser utilizada poder\u00e1 envolver: entrevistas, t\u00e9cnicas psicol\u00f3gicas e\/ou testes a serem desenvolvidos individualmente ou em grupo.<\/p>\n\n\n\n<p>Ser\u00e3o utilizados testes psicol\u00f3gicos validados e aprovados pelo Conselho Federal de Psicologia, reiterando-se que, a aplica\u00e7\u00e3o poder\u00e1 ser composta, por t\u00e9cnicas e testes de avalia\u00e7\u00e3o psicol\u00f3gica de aplica\u00e7\u00e3o coletiva e\/ou individual, considerando-se as especifica\u00e7\u00f5es legais pertinentes \u00e0s regras para o porte de arma de fogo.<\/p>\n\n\n\n<h3 class=\"wp-block-heading\" id=\"exames-medicos\">Exames M\u00e9dicos<\/h3>\n\n\n\n<p>Ser\u00e3o convocados para os exames m\u00e9dico (avalia\u00e7\u00e3o de sa\u00fade) do edital PC RR os candidatos habilitados e n\u00e3o exclu\u00eddos na Prova Discursiva.<\/p>\n\n\n\n<p>O exame m\u00e9dico compreender\u00e1 o exame cl\u00ednico e, ainda, a entrega de exames laboratoriais e complementares (todos com laudos conclusivos) e avalia\u00e7\u00f5es m\u00e9dicas especializadas (com laudos descritivos e conclusivos).<\/p>\n\n\n\n<p>Ser\u00e1 exclu\u00eddo do Concurso P\u00fablico PC RR o candidato que n\u00e3o comparecer ou for considerado inapto no exame m\u00e9dico, estado automaticamente eliminados e n\u00e3o ter\u00e3o classifica\u00e7\u00e3o alguma no concurso.<\/p>\n\n\n\n<h3 class=\"wp-block-heading\" id=\"taf\">Prova de Aptid\u00e3o F\u00edsica<\/h3>\n\n\n\n<p>Ser\u00e3o convocados para a prova de capacidade f\u00edsica (exame de aptid\u00e3o f\u00edsica) os candidatos habilitados e n\u00e3o exclu\u00eddos na Prova Discursiva, somente ao cargo de Agente de Pol\u00edcia Civil.<\/p>\n\n\n\n<p>O candidato ser\u00e1 considerado APTO ou INAPTO na prova de capacidade f\u00edsica, que consistir\u00e1 nos seguintes testes abaixo:<\/p>\n\n\n\n<ul class=\"wp-block-list\">\n<li> Din\u00e2mico de Barra (somente para os candidatos do sexo masculino);<\/li>\n\n\n\n<li> Teste Est\u00e1tico de Barra (somente para as candidatas do sexo feminino);<\/li>\n\n\n\n<li>Impuls\u00e3o Horizontal; <\/li>\n\n\n\n<li>Corrida de Doze Minutos; e <\/li>\n\n\n\n<li>Nata\u00e7\u00e3o.<\/li>\n<\/ul>\n\n\n\n<figure class=\"wp-block-image size-full\"><img loading=\"lazy\" decoding=\"async\" width=\"830\" height=\"727\" src=\"https:\/\/dhg1h5j42swfq.cloudfront.net\/2022\/04\/01091908\/image-6.png\" alt=\"TAF - Sexo Masculino\" class=\"wp-image-999389\" srcset=\"https:\/\/dhg1h5j42swfq.cloudfront.net\/2022\/04\/01091908\/image-6.png 830w, https:\/\/dhg1h5j42swfq.cloudfront.net\/2022\/04\/01091908\/image-6-300x263.png 300w, https:\/\/dhg1h5j42swfq.cloudfront.net\/2022\/04\/01091908\/image-6-768x673.png 768w, https:\/\/dhg1h5j42swfq.cloudfront.net\/2022\/04\/01091908\/image-6-610x534.png 610w\" sizes=\"auto, (max-width: 830px) 100vw, 830px\" \/><figcaption class=\"wp-element-caption\">TAF do edital PC RR &#8211; Sexo Masculino<\/figcaption><\/figure>\n\n\n\n<figure class=\"wp-block-image size-full\"><img loading=\"lazy\" decoding=\"async\" width=\"824\" height=\"737\" src=\"https:\/\/dhg1h5j42swfq.cloudfront.net\/2022\/04\/01091930\/image-7.png\" alt=\"TAF - Sexo Feminino\" class=\"wp-image-999390\" srcset=\"https:\/\/dhg1h5j42swfq.cloudfront.net\/2022\/04\/01091930\/image-7.png 824w, https:\/\/dhg1h5j42swfq.cloudfront.net\/2022\/04\/01091930\/image-7-300x268.png 300w, https:\/\/dhg1h5j42swfq.cloudfront.net\/2022\/04\/01091930\/image-7-768x687.png 768w, https:\/\/dhg1h5j42swfq.cloudfront.net\/2022\/04\/01091930\/image-7-610x546.png 610w\" sizes=\"auto, (max-width: 824px) 100vw, 824px\" \/><figcaption class=\"wp-element-caption\">TAF do edital PC RR &#8211; Sexo Feminino<\/figcaption><\/figure>\n\n\n\n<h3 class=\"wp-block-heading\" id=\"titulos\">Prova de T\u00edtulos<\/h3>\n\n\n\n<p>Ser\u00e3o convocados para a realiza\u00e7\u00e3o da prova de t\u00edtulos os candidatos habilitados e n\u00e3o exclu\u00eddos na Prova Discursiva, somente aos cargos de M\u00e9dico Legista, Odonto-Legista e Perito Criminal (v\u00e1rias especialidades\/\u00e1reas).<\/p>\n\n\n\n<p>A Prova de T\u00edtulos valer\u00e1, no m\u00e1ximo, 10,00 pontos, ainda que a soma dos valores dos t\u00edtulos entregues seja superior a este valor.<\/p>\n\n\n\n<p>Quadro de Atribui\u00e7\u00e3o de Pontos para a Avalia\u00e7\u00e3o de T\u00edtulos para os Cargos de M\u00e9dico Legista de Pol\u00edcia Civil Classe Inicial, Odonto-Legista de Pol\u00edcia Civil Classe Inicial, Perito Criminal de Pol\u00edcia Civil Classe Inicial (V\u00e1rias Especialidades):<\/p>\n\n\n\n<figure class=\"wp-block-image size-full\"><img loading=\"lazy\" decoding=\"async\" width=\"838\" height=\"406\" src=\"https:\/\/dhg1h5j42swfq.cloudfront.net\/2022\/04\/01092050\/image-8.png\" alt=\"Prova de T\u00edtulos do edital PC RR\" class=\"wp-image-999392\" srcset=\"https:\/\/dhg1h5j42swfq.cloudfront.net\/2022\/04\/01092050\/image-8.png 838w, https:\/\/dhg1h5j42swfq.cloudfront.net\/2022\/04\/01092050\/image-8-300x145.png 300w, https:\/\/dhg1h5j42swfq.cloudfront.net\/2022\/04\/01092050\/image-8-768x372.png 768w, https:\/\/dhg1h5j42swfq.cloudfront.net\/2022\/04\/01092050\/image-8-610x296.png 610w\" sizes=\"auto, (max-width: 838px) 100vw, 838px\" \/><figcaption class=\"wp-element-caption\">Prova de T\u00edtulos do edital PC RR<\/figcaption><\/figure>\n\n\n\n<h3 class=\"wp-block-heading\" id=\"investigacao-social\">Investiga\u00e7\u00e3o Social<\/h3>\n\n\n\n<p>Ser\u00e3o convocados para a entrega da documenta\u00e7\u00e3o referente \u00e0 investiga\u00e7\u00e3o relativa aos aspectos moral e social, de car\u00e1ter eliminat\u00f3rio, os candidatos habilitados e n\u00e3o exclu\u00eddos na Prova Discursiva do edital PC RR.<\/p>\n\n\n\n<p>A avalia\u00e7\u00e3o de vida pregressa e investiga\u00e7\u00e3o social verificar\u00e1 a conduta irrepreens\u00edvel e a idoneidade moral necess\u00e1ria ao exerc\u00edcio da carreira, tendo como resultado recomendado ou n\u00e3o recomendado.<\/p>\n\n\n\n<p>Todos os candidatos ser\u00e3o submetidos \u00e0 avalia\u00e7\u00e3o de vida pregressa e investiga\u00e7\u00e3o social que se estender\u00e1 da inscri\u00e7\u00e3o at\u00e9 a nomea\u00e7\u00e3o, observando-se antecedentes criminais, sociais, familiares e profissionais, inclusive m\u00eddias sociais.<\/p>\n\n\n\n<h3 class=\"wp-block-heading\" id=\"cfp\">Curso de Forma\u00e7\u00e3o Profissional<\/h3>\n\n\n\n<p>Ser\u00e3o convocados para participar do Curso de Forma\u00e7\u00e3o Profissional os candidatos aprovados e classificados na primeira fase do concurso, dentro do n\u00famero de vagas oferecidas, observado o interesse p\u00fablico e a disponibilidade or\u00e7ament\u00e1ria e financeira.<\/p>\n\n\n\n<p>O Curso de Forma\u00e7\u00e3o Profissional ser\u00e1 ministrado em uma ou mais turmas, e a convoca\u00e7\u00e3o para o preenchimento de cada uma destas se dar\u00e1 seguindo a estrita ordem de classifica\u00e7\u00e3o da primeira fase do concurso, em fun\u00e7\u00e3o do n\u00famero de vagas oferecido para cada turma.<\/p>\n\n\n\n<p>Os candidatos matriculados no Curso de Forma\u00e7\u00e3o Profissional far\u00e3o jus, durante o curso, a aux\u00edlio financeiro correspondente a<strong> 30% do subs\u00eddio inicial mensal da carreira<\/strong>, sobre a qual incidir\u00e3o os descontos legais, ressalvado o direito de op\u00e7\u00e3o pela percep\u00e7\u00e3o do vencimento e das vantagens da carreira efetivo de servidor p\u00fablico, nos termos da legisla\u00e7\u00e3o vigente.<\/p>\n\n\n\n<p>O Curso de Forma\u00e7\u00e3o Profissional, de car\u00e1ter eliminat\u00f3rio e classificat\u00f3rio, ser\u00e1 realizado na cidade de Boa Vista &#8211; RR, em regime de tempo integral, com atividades que poder\u00e3o ocorrer inclusive aos s\u00e1bados, domingos e feriados, sendo exigida dedica\u00e7\u00e3o integral, disponibilidade total e frequ\u00eancia m\u00ednima de 90% da carga hor\u00e1ria prevista.<\/p>\n\n\n\n<p>Ao t\u00e9rmino do Curso de Forma\u00e7\u00e3o Profissional ser\u00e1 aplicada Prova Final versando sobre o conte\u00fado program\u00e1tico das disciplinas ministradas no Curso de Forma\u00e7\u00e3o Profissional, a qual ter\u00e1 o valor de 100 pontos.<\/p>\n\n\n\n<p>Ser\u00e1 reprovado no Curso de Forma\u00e7\u00e3o Profissional e, portanto, eliminado do concurso PC RR o candidato que obtiver na Prova Final do Curso nota menor do que 70 pontos, ou seja considerado \u201cinapto\u201d em qualquer das atividades\/avalia\u00e7\u00f5es praticas desenvolvidas durante o curso.<\/p>\n\n\n\n<h2 class=\"wp-block-heading\" id=\"edital-estrategico\">Edital Estrat\u00e9gico<\/h2>\n\n\n\n<p class=\"has-text-align-center has-cyan-bluish-gray-background-color has-background has-medium-font-size\"><strong><a href=\"https:\/\/dhg1h5j42swfq.cloudfront.net\/2022\/04\/01165531\/edital-estrategico_pc-rr_agente-de-policia.xlsx\" target=\"_blank\" rel=\"noreferrer noopener nofollow\">Agente<\/a><br \/><a href=\"https:\/\/dhg1h5j42swfq.cloudfront.net\/2022\/04\/01165551\/edital-estrategico_pc-rr_escrivao-de-policia.xlsx\" target=\"_blank\" rel=\"noreferrer noopener nofollow\">Escriv\u00e3o<\/a><br \/><a href=\"https:\/\/dhg1h5j42swfq.cloudfront.net\/2022\/04\/01165607\/edital-estrategico_pc-rr_peritopapiloscopista.xlsx\" target=\"_blank\" rel=\"noreferrer noopener nofollow\">Papiloscopista<\/a><\/strong><\/p>\n\n\n\n<p><strong>IMPORTANTE:&nbsp;<\/strong>Ao clicar nos links acima, vai ser aberta uma janela do Google Drive que tentar\u00e1 carregar a visualiza\u00e7\u00e3o da planilha no seu navegador. N\u00e3o h\u00e1 necessidade de esperar essa visualiza\u00e7\u00e3o (talvez at\u00e9 nem carregue, j\u00e1 que os arquivos s\u00e3o pesados).<\/p>\n\n\n\n<p>Fa\u00e7a o download clicando na seta para baixo no canto superior direito da janela do Google Drive que vai ser aberta ao clicar nos links acima.<\/p>\n\n\n\n<p>Todos os arquivos foram testados em diferentes computadores e celulares e est\u00e3o ok. Talvez alguma incompatibilidade (ou mensagem de erro, como \u201carquivo inv\u00e1lido\u201d) ocorra em virtude do seu pr\u00f3prio computador ou do tamanho dos arquivos que possuem mais conte\u00fado.<\/p>\n\n\n\n<hr class=\"wp-block-separator has-css-opacity\"\/>\n\n\n\n<h2 class=\"wp-block-heading has-text-align-center\" id=\"h-quer-saber-tudo-sobre-concursos-previstos-confira-nossos-artigos\">Quer saber tudo sobre concursos previstos?<br \/>Confira  nossos artigos!<\/h2>\n\n\n\n<ul class=\"wp-block-list\">\n<li><a href=\"https:\/\/www.estrategiaconcursos.com.br\/blog\/concursos-abertos\/\" target=\"_blank\" rel=\"noreferrer noopener\">Concursos abertos<\/a><\/li>\n\n\n\n<li><a href=\"https:\/\/www.estrategiaconcursos.com.br\/blog\/concursos-2022\/\" target=\"_blank\" rel=\"noreferrer noopener\">Concursos 2022<\/a><\/li>\n<\/ul>\n\n\n\n<h2 class=\"wp-block-heading has-text-align-center\" id=\"assinatura\">Quer estudar para o edital do concurso PC RR?<\/h2>\n\n\n\n<div class=\"container\" id=\"boxes\">\n  <div class=\"row\">\n\n    <div class=\"col-sm\">\n      <div class=\"banner-policial\" id=\"box-assinatura\">\n        <h3 class=\"titulo-assinatura\">Concurso PC RR<\/h3>\n        <p class=\"subtitulo-assinatura\">Conhe\u00e7a os cursos<\/p>\n        <div class=\"box-botao\">\n          <a class=\"btn-assinatura\" target=\"_blank\" href=\"https:\/\/www.estrategiaconcursos.com.br\/blog\/concurso-bombeiro-am\/\" role=\"button\" rel=\"noopener noreferrer\">Conhe\u00e7a mais<\/a>\n        <\/div>\n      <\/div><\/div><\/div><\/div>\n\n\n\n<div class=\"container\" id=\"boxes\">\n  <div class=\"row\">\n\n    <div class=\"col-sm\">\n      <div class=\"estrategia\" id=\"box-assinatura\">\n        <h3 class=\"titulo-assinatura\">Assinatura Concursos<\/h3>\n        <p class=\"subtitulo-assinatura\">Assinatura de 1 ano ou 2 anos<\/p>\n        <div class=\"box-botao\">\n          <a class=\"btn-assinatura\" target=\"_blank\" href=\"https:\/\/www.estrategiaconcursos.com.br\/assinaturas\/\" role=\"button\" rel=\"noopener noreferrer\">ASSINE AGORA<\/a>\n        <\/div>\n      <\/div>\n     \n    <\/div><\/div><\/div>\n\n\n\n<figure class=\"wp-block-image size-large is-resized\"><img loading=\"lazy\" decoding=\"async\" src=\"https:\/\/dhg1h5j42swfq.cloudfront.net\/2025\/06\/27101122\/ficha-tecnica-1-1024x632.png\" alt=\"Informa\u00e7\u00f5es do edital PC RR\" class=\"wp-image-702728\" width=\"269\" height=\"166\" srcset=\"https:\/\/dhg1h5j42swfq.cloudfront.net\/2025\/06\/27101122\/ficha-tecnica-1-1024x632.png 1024w, https:\/\/dhg1h5j42swfq.cloudfront.net\/2025\/06\/27101122\/ficha-tecnica-1-300x185.png 300w, https:\/\/dhg1h5j42swfq.cloudfront.net\/2025\/06\/27101122\/ficha-tecnica-1-768x474.png 768w, https:\/\/dhg1h5j42swfq.cloudfront.net\/2025\/06\/27101122\/ficha-tecnica-1-1536x948.png 1536w, https:\/\/dhg1h5j42swfq.cloudfront.net\/2025\/06\/27101122\/ficha-tecnica-1-610x377.png 610w, https:\/\/dhg1h5j42swfq.cloudfront.net\/2025\/06\/27101122\/ficha-tecnica-1.png 1571w\" sizes=\"auto, (max-width: 269px) 100vw, 269px\" \/><\/figure>\n\n\n\n<h3 class=\"wp-block-heading\" id=\"ficha\">Informa\u00e7\u00f5es do edital PC RR<\/h3>\n\n\n\n<ul class=\"wp-block-list\">\n<li><strong>Inscri\u00e7\u00f5es<\/strong>: 13\/04 a 12\/06<\/li>\n\n\n\n<li><strong>Provas<\/strong>: 6, 7, 13 e 14\/08<\/li>\n\n\n\n<li><strong>Vagas<\/strong>: 140<\/li>\n\n\n\n<li><strong>Cargo<\/strong>: Diversos<\/li>\n\n\n\n<li><strong>Banca<\/strong>: Vunesp<\/li>\n\n\n\n<li><strong>Escolaridade<\/strong>: N\u00edvel m\u00e9dio e superior<\/li>\n\n\n\n<li><strong>Edital<\/strong>: <a href=\"https:\/\/dhg1h5j42swfq.cloudfront.net\/2022\/04\/14121225\/pcrr-retificado.pdf\" target=\"_blank\" rel=\"noreferrer noopener nofollow\">PC RR 2022<\/a><\/li>\n<\/ul>\n","protected":false},"excerpt":{"rendered":"<p>Est\u00e3o encerradas as inscri\u00e7\u00f5es do edital do concurso PC RR, no estado de Roraima. Conforme o documento, s\u00e3o ofertadas 140 vagas para cargos de n\u00edveis m\u00e9dio e superior. Os interessados em participar da sele\u00e7\u00e3o puderam realizar as inscri\u00e7\u00f5es at\u00e9 12 de junho de 2022, no site da banca organizadora, Vunesp, ao custo de R$ 80,00 [&hellip;]<\/p>\n","protected":false},"author":2134,"featured_media":752572,"comment_status":"open","ping_status":"closed","sticky":false,"template":"","format":"standard","meta":{"post_tipo":"news","footnotes":""},"categories":[1988,220190],"tags":[],"tax_estado":[219985],"class_list":["post-958709","post","type-post","status-publish","format-standard","has-post-thumbnail","hentry","category-policia","category-policial-peritos","tax_estado-rr"],"acf":[],"yoast_head":"<!-- This site is optimized with the Yoast SEO Premium plugin v27.2 (Yoast SEO v27.2) - https:\/\/yoast.com\/product\/yoast-seo-premium-wordpress\/ -->\n<title>Edital PC RR tem inscri\u00e7\u00f5es encerradas. Acompanhe!<\/title>\n<meta name=\"description\" content=\"Edital do concurso PC RR est\u00e1 com inscri\u00e7\u00f5es encerradas para 140 vagas. Oportunidades de n\u00edveis m\u00e9dio e superior. Confira!\" \/>\n<meta name=\"robots\" content=\"index, follow, max-snippet:-1, max-image-preview:large, max-video-preview:-1\" \/>\n<link rel=\"canonical\" href=\"https:\/\/www.estrategiaconcursos.com.br\/blog\/concurso-pc-rr-edital-publicado\/\" \/>\n<meta property=\"og:locale\" content=\"pt_BR\" \/>\n<meta property=\"og:type\" content=\"article\" \/>\n<meta property=\"og:title\" content=\"Edital PC RR tem inscri\u00e7\u00f5es encerradas. Acompanhe!\" \/>\n<meta property=\"og:description\" content=\"Edital do concurso PC RR est\u00e1 com inscri\u00e7\u00f5es encerradas para 140 vagas. Oportunidades de n\u00edveis m\u00e9dio e superior. Confira!\" \/>\n<meta property=\"og:url\" content=\"https:\/\/www.estrategiaconcursos.com.br\/blog\/concurso-pc-rr-edital-publicado\/\" \/>\n<meta property=\"og:site_name\" content=\"Estrat\u00e9gia Concursos\" \/>\n<meta property=\"article:published_time\" content=\"2022-04-13T11:00:00+00:00\" \/>\n<meta property=\"article:modified_time\" content=\"2023-08-03T13:48:06+00:00\" \/>\n<meta property=\"og:image\" content=\"https:\/\/dhg1h5j42swfq.cloudfront.net\/2021\/05\/26185532\/concurso-pc-rr.jpg\" \/>\n\t<meta property=\"og:image:width\" content=\"768\" \/>\n\t<meta property=\"og:image:height\" content=\"432\" \/>\n\t<meta property=\"og:image:type\" content=\"image\/jpeg\" \/>\n<meta name=\"author\" content=\"Rafaela Teixeira\" \/>\n<meta name=\"twitter:card\" content=\"summary_large_image\" \/>\n<meta name=\"twitter:creator\" content=\"@EstratConcursos\" \/>\n<meta name=\"twitter:site\" content=\"@EstratConcursos\" \/>\n<meta name=\"twitter:label1\" content=\"Escrito por\" \/>\n\t<meta name=\"twitter:data1\" content=\"Rafaela Teixeira\" \/>\n\t<meta name=\"twitter:label2\" content=\"Est. tempo de leitura\" \/>\n\t<meta name=\"twitter:data2\" content=\"11 minutos\" \/>\n<script type=\"application\/ld+json\" class=\"yoast-schema-graph\">{\"@context\":\"https:\/\/schema.org\",\"@graph\":[{\"@type\":\"NewsArticle\",\"@id\":\"https:\/\/www.estrategiaconcursos.com.br\/blog\/concurso-pc-rr-edital-publicado\/#article\",\"isPartOf\":{\"@id\":\"https:\/\/www.estrategiaconcursos.com.br\/blog\/concurso-pc-rr-edital-publicado\/\"},\"author\":{\"name\":\"Rafaela Teixeira\",\"@id\":\"https:\/\/www.estrategiaconcursos.com.br\/blog\/#\/schema\/person\/e75352021ea7f60781c599934f916eb1\"},\"headline\":\"Edital PC RR tem inscri\u00e7\u00f5es encerradas. Acompanhe!\",\"datePublished\":\"2022-04-13T11:00:00+00:00\",\"dateModified\":\"2023-08-03T13:48:06+00:00\",\"mainEntityOfPage\":{\"@id\":\"https:\/\/www.estrategiaconcursos.com.br\/blog\/concurso-pc-rr-edital-publicado\/\"},\"wordCount\":1942,\"commentCount\":0,\"publisher\":{\"@id\":\"https:\/\/www.estrategiaconcursos.com.br\/blog\/#organization\"},\"image\":{\"@id\":\"https:\/\/www.estrategiaconcursos.com.br\/blog\/concurso-pc-rr-edital-publicado\/#primaryimage\"},\"thumbnailUrl\":\"https:\/\/dhg1h5j42swfq.cloudfront.net\/2021\/05\/26185532\/concurso-pc-rr.jpg\",\"articleSection\":[\"Policial (Agente, Escriv\u00e3o e Investigador)\",\"Policial (Peritos, Papiloscopistas)\"],\"inLanguage\":\"pt-BR\",\"potentialAction\":[{\"@type\":\"CommentAction\",\"name\":\"Comment\",\"target\":[\"https:\/\/www.estrategiaconcursos.com.br\/blog\/concurso-pc-rr-edital-publicado\/#respond\"]}],\"copyrightYear\":\"2022\",\"copyrightHolder\":{\"@id\":\"https:\/\/www.estrategiaconcursos.com.br\/blog\/#organization\"}},{\"@type\":\"WebPage\",\"@id\":\"https:\/\/www.estrategiaconcursos.com.br\/blog\/concurso-pc-rr-edital-publicado\/\",\"url\":\"https:\/\/www.estrategiaconcursos.com.br\/blog\/concurso-pc-rr-edital-publicado\/\",\"name\":\"Edital PC RR tem inscri\u00e7\u00f5es encerradas. Acompanhe!\",\"isPartOf\":{\"@id\":\"https:\/\/www.estrategiaconcursos.com.br\/blog\/#website\"},\"primaryImageOfPage\":{\"@id\":\"https:\/\/www.estrategiaconcursos.com.br\/blog\/concurso-pc-rr-edital-publicado\/#primaryimage\"},\"image\":{\"@id\":\"https:\/\/www.estrategiaconcursos.com.br\/blog\/concurso-pc-rr-edital-publicado\/#primaryimage\"},\"thumbnailUrl\":\"https:\/\/dhg1h5j42swfq.cloudfront.net\/2021\/05\/26185532\/concurso-pc-rr.jpg\",\"datePublished\":\"2022-04-13T11:00:00+00:00\",\"dateModified\":\"2023-08-03T13:48:06+00:00\",\"description\":\"Edital do concurso PC RR est\u00e1 com inscri\u00e7\u00f5es encerradas para 140 vagas. Oportunidades de n\u00edveis m\u00e9dio e superior. Confira!\",\"breadcrumb\":{\"@id\":\"https:\/\/www.estrategiaconcursos.com.br\/blog\/concurso-pc-rr-edital-publicado\/#breadcrumb\"},\"inLanguage\":\"pt-BR\",\"potentialAction\":[{\"@type\":\"ReadAction\",\"target\":[\"https:\/\/www.estrategiaconcursos.com.br\/blog\/concurso-pc-rr-edital-publicado\/\"]}]},{\"@type\":\"ImageObject\",\"inLanguage\":\"pt-BR\",\"@id\":\"https:\/\/www.estrategiaconcursos.com.br\/blog\/concurso-pc-rr-edital-publicado\/#primaryimage\",\"url\":\"https:\/\/dhg1h5j42swfq.cloudfront.net\/2021\/05\/26185532\/concurso-pc-rr.jpg\",\"contentUrl\":\"https:\/\/dhg1h5j42swfq.cloudfront.net\/2021\/05\/26185532\/concurso-pc-rr.jpg\",\"width\":768,\"height\":432,\"caption\":\"concurso pc rr\"},{\"@type\":\"BreadcrumbList\",\"@id\":\"https:\/\/www.estrategiaconcursos.com.br\/blog\/concurso-pc-rr-edital-publicado\/#breadcrumb\",\"itemListElement\":[{\"@type\":\"ListItem\",\"position\":1,\"name\":\"In\u00edcio\",\"item\":\"https:\/\/www.estrategiaconcursos.com.br\/blog\/\"},{\"@type\":\"ListItem\",\"position\":2,\"name\":\"Edital PC RR tem inscri\u00e7\u00f5es encerradas. Acompanhe!\"}]},{\"@type\":\"WebSite\",\"@id\":\"https:\/\/www.estrategiaconcursos.com.br\/blog\/#website\",\"url\":\"https:\/\/www.estrategiaconcursos.com.br\/blog\/\",\"name\":\"Estrat\u00e9gia Concursos\",\"description\":\"O blog da Estrat\u00e9gia Concursos traz not\u00edcias sobre concursos e artigos de professores oferecendo cursos para concursos (pdf + videaulas) no site.\",\"publisher\":{\"@id\":\"https:\/\/www.estrategiaconcursos.com.br\/blog\/#organization\"},\"potentialAction\":[{\"@type\":\"SearchAction\",\"target\":{\"@type\":\"EntryPoint\",\"urlTemplate\":\"https:\/\/www.estrategiaconcursos.com.br\/blog\/?s={search_term_string}\"},\"query-input\":{\"@type\":\"PropertyValueSpecification\",\"valueRequired\":true,\"valueName\":\"search_term_string\"}}],\"inLanguage\":\"pt-BR\"},{\"@type\":\"Organization\",\"@id\":\"https:\/\/www.estrategiaconcursos.com.br\/blog\/#organization\",\"name\":\"Estrat\u00e9gia Concursos\",\"url\":\"https:\/\/www.estrategiaconcursos.com.br\/blog\/\",\"logo\":{\"@type\":\"ImageObject\",\"inLanguage\":\"pt-BR\",\"@id\":\"https:\/\/www.estrategiaconcursos.com.br\/blog\/#\/schema\/logo\/image\/\",\"url\":\"https:\/\/dhg1h5j42swfq.cloudfront.net\/2025\/06\/03203428\/logo_concursos-1.jpg\",\"contentUrl\":\"https:\/\/dhg1h5j42swfq.cloudfront.net\/2025\/06\/03203428\/logo_concursos-1.jpg\",\"width\":230,\"height\":60,\"caption\":\"Estrat\u00e9gia Concursos\"},\"image\":{\"@id\":\"https:\/\/www.estrategiaconcursos.com.br\/blog\/#\/schema\/logo\/image\/\"},\"sameAs\":[\"https:\/\/x.com\/EstratConcursos\"]},{\"@type\":\"Person\",\"@id\":\"https:\/\/www.estrategiaconcursos.com.br\/blog\/#\/schema\/person\/e75352021ea7f60781c599934f916eb1\",\"name\":\"Rafaela Teixeira\",\"image\":{\"@type\":\"ImageObject\",\"inLanguage\":\"pt-BR\",\"@id\":\"https:\/\/secure.gravatar.com\/avatar\/8a349a2b22039b1ee88fc06461487c950fd6aa411ea8af8633314b43334ae793?s=96&d=mm&r=g\",\"url\":\"https:\/\/secure.gravatar.com\/avatar\/8a349a2b22039b1ee88fc06461487c950fd6aa411ea8af8633314b43334ae793?s=96&d=mm&r=g\",\"contentUrl\":\"https:\/\/secure.gravatar.com\/avatar\/8a349a2b22039b1ee88fc06461487c950fd6aa411ea8af8633314b43334ae793?s=96&d=mm&r=g\",\"caption\":\"Rafaela Teixeira\"},\"description\":\"Rafaela Teixeira \u00e9 advogada conveniada \u00e0 Defensoria P\u00fablica de S\u00e3o Paulo pela OAB, com experi\u00eancia em reda\u00e7\u00e3o jur\u00eddica e atua\u00e7\u00e3o em institui\u00e7\u00f5es p\u00fablicas, incluindo est\u00e1gio no TRE-SP. Possui mais de 7 anos de experi\u00eancia na produ\u00e7\u00e3o de conte\u00fados voltados ao nicho de concursos p\u00fablicos, com foco em apura\u00e7\u00e3o jornal\u00edstica cont\u00ednua, an\u00e1lise de editais e obten\u00e7\u00e3o de informa\u00e7\u00f5es diretamente junto a \u00f3rg\u00e3os e fontes oficiais. No Blog do Estrat\u00e9gia Concursos, atua como Analista de Conte\u00fado S\u00eanior, respons\u00e1vel pelo jornalismo do per\u00edodo noturno e da madrugada, com atua\u00e7\u00e3o transversal na cobertura de concursos p\u00fablicos, garantindo a continuidade, fluidez e confiabilidade das publica\u00e7\u00f5es e dos bastidores dos certames.\",\"url\":\"https:\/\/www.estrategiaconcursos.com.br\/blog\/author\/rafaela-teixeira\/\"}]}<\/script>\n<!-- \/ Yoast SEO Premium plugin. -->","yoast_head_json":{"title":"Edital PC RR tem inscri\u00e7\u00f5es encerradas. Acompanhe!","description":"Edital do concurso PC RR est\u00e1 com inscri\u00e7\u00f5es encerradas para 140 vagas. Oportunidades de n\u00edveis m\u00e9dio e superior. Confira!","robots":{"index":"index","follow":"follow","max-snippet":"max-snippet:-1","max-image-preview":"max-image-preview:large","max-video-preview":"max-video-preview:-1"},"canonical":"https:\/\/www.estrategiaconcursos.com.br\/blog\/concurso-pc-rr-edital-publicado\/","og_locale":"pt_BR","og_type":"article","og_title":"Edital PC RR tem inscri\u00e7\u00f5es encerradas. Acompanhe!","og_description":"Edital do concurso PC RR est\u00e1 com inscri\u00e7\u00f5es encerradas para 140 vagas. Oportunidades de n\u00edveis m\u00e9dio e superior. Confira!","og_url":"https:\/\/www.estrategiaconcursos.com.br\/blog\/concurso-pc-rr-edital-publicado\/","og_site_name":"Estrat\u00e9gia Concursos","article_published_time":"2022-04-13T11:00:00+00:00","article_modified_time":"2023-08-03T13:48:06+00:00","og_image":[{"width":768,"height":432,"url":"https:\/\/dhg1h5j42swfq.cloudfront.net\/2021\/05\/26185532\/concurso-pc-rr.jpg","type":"image\/jpeg"}],"author":"Rafaela Teixeira","twitter_card":"summary_large_image","twitter_creator":"@EstratConcursos","twitter_site":"@EstratConcursos","twitter_misc":{"Escrito por":"Rafaela Teixeira","Est. tempo de leitura":"11 minutos"},"schema":{"@context":"https:\/\/schema.org","@graph":[{"@type":"NewsArticle","@id":"https:\/\/www.estrategiaconcursos.com.br\/blog\/concurso-pc-rr-edital-publicado\/#article","isPartOf":{"@id":"https:\/\/www.estrategiaconcursos.com.br\/blog\/concurso-pc-rr-edital-publicado\/"},"author":{"name":"Rafaela Teixeira","@id":"https:\/\/www.estrategiaconcursos.com.br\/blog\/#\/schema\/person\/e75352021ea7f60781c599934f916eb1"},"headline":"Edital PC RR tem inscri\u00e7\u00f5es encerradas. Acompanhe!","datePublished":"2022-04-13T11:00:00+00:00","dateModified":"2023-08-03T13:48:06+00:00","mainEntityOfPage":{"@id":"https:\/\/www.estrategiaconcursos.com.br\/blog\/concurso-pc-rr-edital-publicado\/"},"wordCount":1942,"commentCount":0,"publisher":{"@id":"https:\/\/www.estrategiaconcursos.com.br\/blog\/#organization"},"image":{"@id":"https:\/\/www.estrategiaconcursos.com.br\/blog\/concurso-pc-rr-edital-publicado\/#primaryimage"},"thumbnailUrl":"https:\/\/dhg1h5j42swfq.cloudfront.net\/2021\/05\/26185532\/concurso-pc-rr.jpg","articleSection":["Policial (Agente, Escriv\u00e3o e Investigador)","Policial (Peritos, Papiloscopistas)"],"inLanguage":"pt-BR","potentialAction":[{"@type":"CommentAction","name":"Comment","target":["https:\/\/www.estrategiaconcursos.com.br\/blog\/concurso-pc-rr-edital-publicado\/#respond"]}],"copyrightYear":"2022","copyrightHolder":{"@id":"https:\/\/www.estrategiaconcursos.com.br\/blog\/#organization"}},{"@type":"WebPage","@id":"https:\/\/www.estrategiaconcursos.com.br\/blog\/concurso-pc-rr-edital-publicado\/","url":"https:\/\/www.estrategiaconcursos.com.br\/blog\/concurso-pc-rr-edital-publicado\/","name":"Edital PC RR tem inscri\u00e7\u00f5es encerradas. Acompanhe!","isPartOf":{"@id":"https:\/\/www.estrategiaconcursos.com.br\/blog\/#website"},"primaryImageOfPage":{"@id":"https:\/\/www.estrategiaconcursos.com.br\/blog\/concurso-pc-rr-edital-publicado\/#primaryimage"},"image":{"@id":"https:\/\/www.estrategiaconcursos.com.br\/blog\/concurso-pc-rr-edital-publicado\/#primaryimage"},"thumbnailUrl":"https:\/\/dhg1h5j42swfq.cloudfront.net\/2021\/05\/26185532\/concurso-pc-rr.jpg","datePublished":"2022-04-13T11:00:00+00:00","dateModified":"2023-08-03T13:48:06+00:00","description":"Edital do concurso PC RR est\u00e1 com inscri\u00e7\u00f5es encerradas para 140 vagas. Oportunidades de n\u00edveis m\u00e9dio e superior. Confira!","breadcrumb":{"@id":"https:\/\/www.estrategiaconcursos.com.br\/blog\/concurso-pc-rr-edital-publicado\/#breadcrumb"},"inLanguage":"pt-BR","potentialAction":[{"@type":"ReadAction","target":["https:\/\/www.estrategiaconcursos.com.br\/blog\/concurso-pc-rr-edital-publicado\/"]}]},{"@type":"ImageObject","inLanguage":"pt-BR","@id":"https:\/\/www.estrategiaconcursos.com.br\/blog\/concurso-pc-rr-edital-publicado\/#primaryimage","url":"https:\/\/dhg1h5j42swfq.cloudfront.net\/2021\/05\/26185532\/concurso-pc-rr.jpg","contentUrl":"https:\/\/dhg1h5j42swfq.cloudfront.net\/2021\/05\/26185532\/concurso-pc-rr.jpg","width":768,"height":432,"caption":"concurso pc rr"},{"@type":"BreadcrumbList","@id":"https:\/\/www.estrategiaconcursos.com.br\/blog\/concurso-pc-rr-edital-publicado\/#breadcrumb","itemListElement":[{"@type":"ListItem","position":1,"name":"In\u00edcio","item":"https:\/\/www.estrategiaconcursos.com.br\/blog\/"},{"@type":"ListItem","position":2,"name":"Edital PC RR tem inscri\u00e7\u00f5es encerradas. Acompanhe!"}]},{"@type":"WebSite","@id":"https:\/\/www.estrategiaconcursos.com.br\/blog\/#website","url":"https:\/\/www.estrategiaconcursos.com.br\/blog\/","name":"Estrat\u00e9gia Concursos","description":"O blog da Estrat\u00e9gia Concursos traz not\u00edcias sobre concursos e artigos de professores oferecendo cursos para concursos (pdf + videaulas) no site.","publisher":{"@id":"https:\/\/www.estrategiaconcursos.com.br\/blog\/#organization"},"potentialAction":[{"@type":"SearchAction","target":{"@type":"EntryPoint","urlTemplate":"https:\/\/www.estrategiaconcursos.com.br\/blog\/?s={search_term_string}"},"query-input":{"@type":"PropertyValueSpecification","valueRequired":true,"valueName":"search_term_string"}}],"inLanguage":"pt-BR"},{"@type":"Organization","@id":"https:\/\/www.estrategiaconcursos.com.br\/blog\/#organization","name":"Estrat\u00e9gia Concursos","url":"https:\/\/www.estrategiaconcursos.com.br\/blog\/","logo":{"@type":"ImageObject","inLanguage":"pt-BR","@id":"https:\/\/www.estrategiaconcursos.com.br\/blog\/#\/schema\/logo\/image\/","url":"https:\/\/dhg1h5j42swfq.cloudfront.net\/2025\/06\/03203428\/logo_concursos-1.jpg","contentUrl":"https:\/\/dhg1h5j42swfq.cloudfront.net\/2025\/06\/03203428\/logo_concursos-1.jpg","width":230,"height":60,"caption":"Estrat\u00e9gia Concursos"},"image":{"@id":"https:\/\/www.estrategiaconcursos.com.br\/blog\/#\/schema\/logo\/image\/"},"sameAs":["https:\/\/x.com\/EstratConcursos"]},{"@type":"Person","@id":"https:\/\/www.estrategiaconcursos.com.br\/blog\/#\/schema\/person\/e75352021ea7f60781c599934f916eb1","name":"Rafaela Teixeira","image":{"@type":"ImageObject","inLanguage":"pt-BR","@id":"https:\/\/secure.gravatar.com\/avatar\/8a349a2b22039b1ee88fc06461487c950fd6aa411ea8af8633314b43334ae793?s=96&d=mm&r=g","url":"https:\/\/secure.gravatar.com\/avatar\/8a349a2b22039b1ee88fc06461487c950fd6aa411ea8af8633314b43334ae793?s=96&d=mm&r=g","contentUrl":"https:\/\/secure.gravatar.com\/avatar\/8a349a2b22039b1ee88fc06461487c950fd6aa411ea8af8633314b43334ae793?s=96&d=mm&r=g","caption":"Rafaela Teixeira"},"description":"Rafaela Teixeira \u00e9 advogada conveniada \u00e0 Defensoria P\u00fablica de S\u00e3o Paulo pela OAB, com experi\u00eancia em reda\u00e7\u00e3o jur\u00eddica e atua\u00e7\u00e3o em institui\u00e7\u00f5es p\u00fablicas, incluindo est\u00e1gio no TRE-SP. Possui mais de 7 anos de experi\u00eancia na produ\u00e7\u00e3o de conte\u00fados voltados ao nicho de concursos p\u00fablicos, com foco em apura\u00e7\u00e3o jornal\u00edstica cont\u00ednua, an\u00e1lise de editais e obten\u00e7\u00e3o de informa\u00e7\u00f5es diretamente junto a \u00f3rg\u00e3os e fontes oficiais. No Blog do Estrat\u00e9gia Concursos, atua como Analista de Conte\u00fado S\u00eanior, respons\u00e1vel pelo jornalismo do per\u00edodo noturno e da madrugada, com atua\u00e7\u00e3o transversal na cobertura de concursos p\u00fablicos, garantindo a continuidade, fluidez e confiabilidade das publica\u00e7\u00f5es e dos bastidores dos certames.","url":"https:\/\/www.estrategiaconcursos.com.br\/blog\/author\/rafaela-teixeira\/"}]}},"_links":{"self":[{"href":"https:\/\/www.estrategiaconcursos.com.br\/blog\/wp-json\/wp\/v2\/posts\/958709","targetHints":{"allow":["GET"]}}],"collection":[{"href":"https:\/\/www.estrategiaconcursos.com.br\/blog\/wp-json\/wp\/v2\/posts"}],"about":[{"href":"https:\/\/www.estrategiaconcursos.com.br\/blog\/wp-json\/wp\/v2\/types\/post"}],"author":[{"embeddable":true,"href":"https:\/\/www.estrategiaconcursos.com.br\/blog\/wp-json\/wp\/v2\/users\/2134"}],"replies":[{"embeddable":true,"href":"https:\/\/www.estrategiaconcursos.com.br\/blog\/wp-json\/wp\/v2\/comments?post=958709"}],"version-history":[{"count":39,"href":"https:\/\/www.estrategiaconcursos.com.br\/blog\/wp-json\/wp\/v2\/posts\/958709\/revisions"}],"predecessor-version":[{"id":1259544,"href":"https:\/\/www.estrategiaconcursos.com.br\/blog\/wp-json\/wp\/v2\/posts\/958709\/revisions\/1259544"}],"wp:featuredmedia":[{"embeddable":true,"href":"https:\/\/www.estrategiaconcursos.com.br\/blog\/wp-json\/wp\/v2\/media\/752572"}],"wp:attachment":[{"href":"https:\/\/www.estrategiaconcursos.com.br\/blog\/wp-json\/wp\/v2\/media?parent=958709"}],"wp:term":[{"taxonomy":"category","embeddable":true,"href":"https:\/\/www.estrategiaconcursos.com.br\/blog\/wp-json\/wp\/v2\/categories?post=958709"},{"taxonomy":"post_tag","embeddable":true,"href":"https:\/\/www.estrategiaconcursos.com.br\/blog\/wp-json\/wp\/v2\/tags?post=958709"},{"taxonomy":"tax_estado","embeddable":true,"href":"https:\/\/www.estrategiaconcursos.com.br\/blog\/wp-json\/wp\/v2\/tax_estado?post=958709"}],"curies":[{"name":"wp","href":"https:\/\/api.w.org\/{rel}","templated":true}]}}