{"id":958543,"date":"2022-01-31T16:02:48","date_gmt":"2022-01-31T19:02:48","guid":{"rendered":"https:\/\/www.estrategiaconcursos.com.br\/blog\/?p=958543"},"modified":"2022-11-29T15:48:45","modified_gmt":"2022-11-29T18:48:45","slug":"dia-do-engenheiro-ambiental","status":"publish","type":"post","link":"https:\/\/www.estrategiaconcursos.com.br\/blog\/dia-do-engenheiro-ambiental\/","title":{"rendered":"Dia do Engenheiro Ambiental \u00e9 celebrado nesta segunda (31)"},"content":{"rendered":"\n<p>Hoje, dia<strong>&nbsp;31\/01<\/strong>, \u00e9&nbsp;<strong>dia do Engenheiro Ambiental<\/strong>! Uma profiss\u00e3o cada vez mais importante, pois a cada dia s\u00e3o maiores os desafios de conciliar a preserva\u00e7\u00e3o ambiental com o desenvolvimento econ\u00f4mico e social.<\/p>\n\n\n\n<p>Nessa tend\u00eancia, h\u00e1 que ressaltar que as administra\u00e7\u00f5es p\u00fablicas direta e indireta carecem cada vez mais de profissionais habilitados e com conhecimento para conduzir a gest\u00e3o ambiental de seus \u00f3rg\u00e3os e entidades.<\/p>\n\n\n\n<p>Atualmente, praticamente toda prefeitura possui pelo menos um profissional de meio ambiente concursado, seja ele&nbsp;<strong>Engenheiro Ambiental<\/strong>,&nbsp;<strong>Analista Ambiental<\/strong>&nbsp;ou alguma outra denomina\u00e7\u00e3o. <\/p>\n\n\n\n<p>Inclusive, o campo de atua\u00e7\u00e3o \u00e9 vasto. Vai desde a \u00e1rea de tecnologia ambiental, gest\u00e3o ambiental, passando pelos recursos energ\u00e9ticos renov\u00e1veis e engenharia legal.<\/p>\n\n\n\n<figure class=\"wp-block-image aligncenter size-full is-resized\"><img loading=\"lazy\" decoding=\"async\" src=\"https:\/\/dhg1h5j42swfq.cloudfront.net\/2022\/01\/31153533\/engenharia-ambiental-2.jpg\" alt=\"Dia do Engenheiro Ambiental\" class=\"wp-image-958563\" width=\"732\" height=\"487\" srcset=\"https:\/\/dhg1h5j42swfq.cloudfront.net\/2022\/01\/31153533\/engenharia-ambiental-2.jpg 1024w, https:\/\/dhg1h5j42swfq.cloudfront.net\/2022\/01\/31153533\/engenharia-ambiental-2-300x200.jpg 300w, https:\/\/dhg1h5j42swfq.cloudfront.net\/2022\/01\/31153533\/engenharia-ambiental-2-768x512.jpg 768w, https:\/\/dhg1h5j42swfq.cloudfront.net\/2022\/01\/31153533\/engenharia-ambiental-2-610x406.jpg 610w\" sizes=\"auto, (max-width: 732px) 100vw, 732px\" \/><\/figure>\n\n\n\n<div id=\"boxes\" class=\"container\">\n<div class=\"row\">\n<div class=\"col-sm\">\n<div id=\"box-assinatura\" class=\"banner-estrategia\">\n<h3 class=\"titulo-assinatura\">Concursos de Engenharia<\/h3>\n<p class=\"subtitulo-assinatura\">Conhe\u00e7a nossos cursos<\/p>\n<div class=\"box-botao\"><a class=\"btn-assinatura\" role=\"button\" href=\"https:\/\/www.estrategiaconcursos.com.br\/cursosPorMateria\/engenharia-100\/\" target=\"_blank\" rel=\"noopener noreferrer\">Saiba mais<\/a><\/div>\n<\/div>\n<\/div>\n<\/div>\n<\/div>\n\n\n\n<h2 class=\"wp-block-heading\" id=\"h-concursos-publicos-engenharia-ambiental\">Concursos P\u00fablicos &#8211; Engenharia Ambiental<\/h2>\n\n\n\n<p>Confira abaixo algumas oportunidades para o campo da Engenharia Ambiental, e que ainda devem ter os seus editais publicados. <\/p>\n\n\n\n<p class=\"has-light-green-cyan-background-color has-background\" style=\"font-size:clamp(14px, 0.875rem + ((1vw - 3.2px) * 0.392), 18px);\"><strong><a href=\"https:\/\/www.estrategiaconcursos.com.br\/blog\/concurso-iema-es\/#autorizado\" target=\"_blank\" rel=\"noreferrer noopener\">Concurso IEMA ES<\/a><\/strong><\/p>\n\n\n\n<ul class=\"wp-block-list\"><li><strong>Status<\/strong>: Concurso autorizado<\/li><li><strong>Cargo<\/strong>: diversos (incluindo Engenharia Ambiental)<\/li><li><strong>Forma\u00e7\u00e3o:&nbsp;<\/strong>N\u00edvel m\u00e9dio, t\u00e9cnico e superior<\/li><li><strong>Vagas:<\/strong>&nbsp;60 (total)<\/li><li><strong>Sal\u00e1rio:<\/strong>&nbsp;R$ 5.416,56<\/li><li><a href=\"https:\/\/www.estrategiaconcursos.com.br\/cursos\/concurso\/\" target=\"_blank\" rel=\"noreferrer noopener\">Curso IEMA ES<\/a><\/li><\/ul>\n\n\n\n<h4 class=\"has-light-green-cyan-background-color has-background wp-block-heading\" style=\"font-size:clamp(14px, 0.875rem + ((1vw - 3.2px) * 0.392), 18px);\"><a rel=\"noreferrer noopener\" href=\"https:\/\/www.estrategiaconcursos.com.br\/blog\/concurso-prefeitura-de-mendes\/\" target=\"_blank\"><strong>Concurso Prefeitura de Mendes<\/strong><\/a><\/h4>\n\n\n\n<ul class=\"wp-block-list\"><li><strong>Status:&nbsp;<\/strong>Banca definida (INCP)<\/li><li><strong>Cargo: <\/strong>diversos (incluindo Engenheiro Ambiental)<\/li><li><strong>Forma\u00e7\u00e3o:&nbsp;<\/strong>N\u00edvel fundamental, m\u00e9dio e superior<\/li><li><strong>Vagas:<\/strong>&nbsp;316<\/li><li><strong>Sal\u00e1rio:<\/strong>&nbsp;A definir<\/li><li><a rel=\"noreferrer noopener\" href=\"https:\/\/www.estrategiaconcursos.com.br\/cursosPorConcurso\/prefeitura-municipal-de-belo-horizonte\/\" target=\"_blank\">Cursos Prefeitura de Mendes<\/a><\/li><\/ul>\n\n\n\n<h4 class=\"has-light-green-cyan-background-color has-background wp-block-heading\" style=\"font-size:clamp(14px, 0.875rem + ((1vw - 3.2px) * 0.392), 18px);\"><a rel=\"noreferrer noopener\" href=\"https:\/\/www.estrategiaconcursos.com.br\/blog\/concurso-prefeitura-de-guaiba\/\" target=\"_blank\"><strong>Concurso Gua\u00edba<\/strong><\/a><\/h4>\n\n\n\n<ul class=\"wp-block-list\"><li><strong>Status:&nbsp;<\/strong>Banca definida (Integri Brasil)<\/li><li><strong>Cargo<\/strong>: diversos (incluindo Fiscal T\u00e9cnico do Meio Ambiente)<\/li><li><strong>Forma\u00e7\u00e3o:&nbsp;<\/strong>Alfabetizado, fundamental, m\u00e9dio, t\u00e9cnico e superior<\/li><li><strong>Vagas:<\/strong>&nbsp;89 + CR<\/li><li><strong>Sal\u00e1rio:<\/strong>&nbsp;A definir<\/li><li><a href=\"https:\/\/www.estrategiaconcursos.com.br\/cursos\/concurso\/\" target=\"_blank\" rel=\"noreferrer noopener\">Cursos Prefeitura de Gua\u00edba<\/a><\/li><\/ul>\n\n\n\n<p class=\"has-light-green-cyan-background-color has-background\" style=\"font-size:clamp(14px, 0.875rem + ((1vw - 3.2px) * 0.392), 18px);\"><strong><a href=\"https:\/\/www.estrategiaconcursos.com.br\/blog\/concurso-semace\/\" target=\"_blank\" rel=\"noreferrer noopener\">Concurso SEMACE<\/a><\/strong><\/p>\n\n\n\n<ul class=\"wp-block-list\"><li><strong>Status:<\/strong>&nbsp;Comiss\u00e3o formada\/Previsto na LOA CE<\/li><li><strong>Cargo<\/strong>: Fiscal Ambiental&nbsp;e&nbsp;Gestor Ambiental<\/li><li><strong style=\"color: initial;\">Forma\u00e7\u00e3o:<\/strong><span style=\"color: initial;\">&nbsp;superior<\/span><\/li><li><strong>Vagas:<\/strong>&nbsp;40 previstas<\/li><li><strong>Sal\u00e1rio:&nbsp;<\/strong>R$ 1.548,79 + gratifica\u00e7\u00f5es<\/li><li><a href=\"https:\/\/www.estrategiaconcursos.com.br\/cursos\/concurso\/\" target=\"_blank\" rel=\"noreferrer noopener\">Cursos SEMACE<\/a><\/li><\/ul>\n\n\n\n<p class=\"has-text-align-center has-background\" style=\"background-color:#ececec;font-size:clamp(14.642px, 0.915rem + ((1vw - 3.2px) * 0.721), 22px);\"><strong>Informa\u00e7\u00f5es sobre os <a href=\"https:\/\/www.estrategiaconcursos.com.br\/blog\/concursos-engenharia\/\" target=\"_blank\" rel=\"noreferrer noopener\">concursos de Engenharia<\/a><\/strong><\/p>\n\n\n\n<h2 class=\"has-text-align-center wp-block-heading\" id=\"h-quer-saber-tudo-sobre-concursos-previstos-confira-nossos-artigos\">Quer saber tudo sobre concursos previstos?<br \/>Confira nossos artigos!<\/h2>\n\n\n\n<ul class=\"wp-block-list\"><li><a href=\"https:\/\/www.estrategiaconcursos.com.br\/blog\/concursos-abertos\/\" target=\"_blank\" rel=\"noreferrer noopener\">Concursos abertos<\/a><\/li><li><a href=\"https:\/\/www.estrategiaconcursos.com.br\/blog\/concursos-2022\/\" target=\"_blank\" rel=\"noreferrer noopener\">Concursos 2022<\/a><\/li><\/ul>\n","protected":false},"excerpt":{"rendered":"<p>Hoje, dia&nbsp;31\/01, \u00e9&nbsp;dia do Engenheiro Ambiental! Uma profiss\u00e3o cada vez mais importante, pois a cada dia s\u00e3o maiores os desafios de conciliar a preserva\u00e7\u00e3o ambiental com o desenvolvimento econ\u00f4mico e social. Nessa tend\u00eancia, h\u00e1 que ressaltar que as administra\u00e7\u00f5es p\u00fablicas direta e indireta carecem cada vez mais de profissionais habilitados e com conhecimento para conduzir [&hellip;]<\/p>\n","protected":false},"author":656,"featured_media":958563,"comment_status":"open","ping_status":"closed","sticky":false,"template":"","format":"standard","meta":{"post_tipo":"news","footnotes":""},"categories":[220184,220219],"tags":[],"tax_estado":[219963],"class_list":["post-958543","post","type-post","status-publish","format-standard","has-post-thumbnail","hentry","category-engenharias-e-ti","category-noticias","tax_estado-concursos-federais"],"acf":[],"yoast_head":"<!-- This site is optimized with the Yoast SEO Premium plugin v27.2 (Yoast SEO v27.2) - https:\/\/yoast.com\/product\/yoast-seo-premium-wordpress\/ -->\n<title>Dia do Engenheiro Ambiental \u00e9 celebrado nesta segunda (31)<\/title>\n<meta name=\"description\" content=\"Dia do Engenheiro Ambiental: confira oportunidades de concursos p\u00fablicos na \u00e1rea. Alguns editais previstos para esse ano.\" \/>\n<meta name=\"robots\" content=\"index, follow, max-snippet:-1, max-image-preview:large, max-video-preview:-1\" \/>\n<link rel=\"canonical\" href=\"https:\/\/www.estrategiaconcursos.com.br\/blog\/dia-do-engenheiro-ambiental\/\" \/>\n<meta property=\"og:locale\" content=\"pt_BR\" \/>\n<meta property=\"og:type\" content=\"article\" \/>\n<meta property=\"og:title\" content=\"Dia do Engenheiro Ambiental \u00e9 celebrado nesta segunda (31)\" \/>\n<meta property=\"og:description\" content=\"Dia do Engenheiro Ambiental: confira oportunidades de concursos p\u00fablicos na \u00e1rea. Alguns editais previstos para esse ano.\" \/>\n<meta property=\"og:url\" content=\"https:\/\/www.estrategiaconcursos.com.br\/blog\/dia-do-engenheiro-ambiental\/\" \/>\n<meta property=\"og:site_name\" content=\"Estrat\u00e9gia Concursos\" \/>\n<meta property=\"article:published_time\" content=\"2022-01-31T19:02:48+00:00\" \/>\n<meta property=\"article:modified_time\" content=\"2022-11-29T18:48:45+00:00\" \/>\n<meta property=\"og:image\" content=\"https:\/\/dhg1h5j42swfq.cloudfront.net\/2022\/01\/31153533\/engenharia-ambiental-2.jpg\" \/>\n\t<meta property=\"og:image:width\" content=\"1024\" \/>\n\t<meta property=\"og:image:height\" content=\"682\" \/>\n\t<meta property=\"og:image:type\" content=\"image\/jpeg\" \/>\n<meta name=\"author\" content=\"F\u00e1bio Scaldelai\" \/>\n<meta name=\"twitter:card\" content=\"summary_large_image\" \/>\n<meta name=\"twitter:creator\" content=\"@EstratConcursos\" \/>\n<meta name=\"twitter:site\" content=\"@EstratConcursos\" \/>\n<meta name=\"twitter:label1\" content=\"Escrito por\" \/>\n\t<meta name=\"twitter:data1\" content=\"F\u00e1bio Scaldelai\" \/>\n\t<meta name=\"twitter:label2\" content=\"Est. tempo de leitura\" \/>\n\t<meta name=\"twitter:data2\" content=\"2 minutos\" \/>\n<script type=\"application\/ld+json\" class=\"yoast-schema-graph\">{\"@context\":\"https:\/\/schema.org\",\"@graph\":[{\"@type\":\"NewsArticle\",\"@id\":\"https:\/\/www.estrategiaconcursos.com.br\/blog\/dia-do-engenheiro-ambiental\/#article\",\"isPartOf\":{\"@id\":\"https:\/\/www.estrategiaconcursos.com.br\/blog\/dia-do-engenheiro-ambiental\/\"},\"author\":{\"name\":\"F\u00e1bio Scaldelai\",\"@id\":\"https:\/\/www.estrategiaconcursos.com.br\/blog\/#\/schema\/person\/e3b6b7ce0192dd4ad270655969d61750\"},\"headline\":\"Dia do Engenheiro Ambiental \u00e9 celebrado nesta segunda (31)\",\"datePublished\":\"2022-01-31T19:02:48+00:00\",\"dateModified\":\"2022-11-29T18:48:45+00:00\",\"mainEntityOfPage\":{\"@id\":\"https:\/\/www.estrategiaconcursos.com.br\/blog\/dia-do-engenheiro-ambiental\/\"},\"wordCount\":331,\"commentCount\":0,\"publisher\":{\"@id\":\"https:\/\/www.estrategiaconcursos.com.br\/blog\/#organization\"},\"image\":{\"@id\":\"https:\/\/www.estrategiaconcursos.com.br\/blog\/dia-do-engenheiro-ambiental\/#primaryimage\"},\"thumbnailUrl\":\"https:\/\/dhg1h5j42swfq.cloudfront.net\/2022\/01\/31153533\/engenharia-ambiental-2.jpg\",\"articleSection\":[\"Engenharias e TI\",\"\u00daltimas not\u00edcias\"],\"inLanguage\":\"pt-BR\",\"potentialAction\":[{\"@type\":\"CommentAction\",\"name\":\"Comment\",\"target\":[\"https:\/\/www.estrategiaconcursos.com.br\/blog\/dia-do-engenheiro-ambiental\/#respond\"]}],\"copyrightYear\":\"2022\",\"copyrightHolder\":{\"@id\":\"https:\/\/www.estrategiaconcursos.com.br\/blog\/#organization\"}},{\"@type\":\"WebPage\",\"@id\":\"https:\/\/www.estrategiaconcursos.com.br\/blog\/dia-do-engenheiro-ambiental\/\",\"url\":\"https:\/\/www.estrategiaconcursos.com.br\/blog\/dia-do-engenheiro-ambiental\/\",\"name\":\"Dia do Engenheiro Ambiental \u00e9 celebrado nesta segunda (31)\",\"isPartOf\":{\"@id\":\"https:\/\/www.estrategiaconcursos.com.br\/blog\/#website\"},\"primaryImageOfPage\":{\"@id\":\"https:\/\/www.estrategiaconcursos.com.br\/blog\/dia-do-engenheiro-ambiental\/#primaryimage\"},\"image\":{\"@id\":\"https:\/\/www.estrategiaconcursos.com.br\/blog\/dia-do-engenheiro-ambiental\/#primaryimage\"},\"thumbnailUrl\":\"https:\/\/dhg1h5j42swfq.cloudfront.net\/2022\/01\/31153533\/engenharia-ambiental-2.jpg\",\"datePublished\":\"2022-01-31T19:02:48+00:00\",\"dateModified\":\"2022-11-29T18:48:45+00:00\",\"description\":\"Dia do Engenheiro Ambiental: confira oportunidades de concursos p\u00fablicos na \u00e1rea. Alguns editais previstos para esse ano.\",\"breadcrumb\":{\"@id\":\"https:\/\/www.estrategiaconcursos.com.br\/blog\/dia-do-engenheiro-ambiental\/#breadcrumb\"},\"inLanguage\":\"pt-BR\",\"potentialAction\":[{\"@type\":\"ReadAction\",\"target\":[\"https:\/\/www.estrategiaconcursos.com.br\/blog\/dia-do-engenheiro-ambiental\/\"]}]},{\"@type\":\"ImageObject\",\"inLanguage\":\"pt-BR\",\"@id\":\"https:\/\/www.estrategiaconcursos.com.br\/blog\/dia-do-engenheiro-ambiental\/#primaryimage\",\"url\":\"https:\/\/dhg1h5j42swfq.cloudfront.net\/2022\/01\/31153533\/engenharia-ambiental-2.jpg\",\"contentUrl\":\"https:\/\/dhg1h5j42swfq.cloudfront.net\/2022\/01\/31153533\/engenharia-ambiental-2.jpg\",\"width\":1024,\"height\":682,\"caption\":\"Dia do Engenheiro Ambiental\"},{\"@type\":\"BreadcrumbList\",\"@id\":\"https:\/\/www.estrategiaconcursos.com.br\/blog\/dia-do-engenheiro-ambiental\/#breadcrumb\",\"itemListElement\":[{\"@type\":\"ListItem\",\"position\":1,\"name\":\"In\u00edcio\",\"item\":\"https:\/\/www.estrategiaconcursos.com.br\/blog\/\"},{\"@type\":\"ListItem\",\"position\":2,\"name\":\"Dia do Engenheiro Ambiental \u00e9 celebrado nesta segunda (31)\"}]},{\"@type\":\"WebSite\",\"@id\":\"https:\/\/www.estrategiaconcursos.com.br\/blog\/#website\",\"url\":\"https:\/\/www.estrategiaconcursos.com.br\/blog\/\",\"name\":\"Estrat\u00e9gia Concursos\",\"description\":\"O blog da Estrat\u00e9gia Concursos traz not\u00edcias sobre concursos e artigos de professores oferecendo cursos para concursos (pdf + videaulas) no site.\",\"publisher\":{\"@id\":\"https:\/\/www.estrategiaconcursos.com.br\/blog\/#organization\"},\"potentialAction\":[{\"@type\":\"SearchAction\",\"target\":{\"@type\":\"EntryPoint\",\"urlTemplate\":\"https:\/\/www.estrategiaconcursos.com.br\/blog\/?s={search_term_string}\"},\"query-input\":{\"@type\":\"PropertyValueSpecification\",\"valueRequired\":true,\"valueName\":\"search_term_string\"}}],\"inLanguage\":\"pt-BR\"},{\"@type\":\"Organization\",\"@id\":\"https:\/\/www.estrategiaconcursos.com.br\/blog\/#organization\",\"name\":\"Estrat\u00e9gia Concursos\",\"url\":\"https:\/\/www.estrategiaconcursos.com.br\/blog\/\",\"logo\":{\"@type\":\"ImageObject\",\"inLanguage\":\"pt-BR\",\"@id\":\"https:\/\/www.estrategiaconcursos.com.br\/blog\/#\/schema\/logo\/image\/\",\"url\":\"https:\/\/dhg1h5j42swfq.cloudfront.net\/2025\/06\/03203428\/logo_concursos-1.jpg\",\"contentUrl\":\"https:\/\/dhg1h5j42swfq.cloudfront.net\/2025\/06\/03203428\/logo_concursos-1.jpg\",\"width\":230,\"height\":60,\"caption\":\"Estrat\u00e9gia Concursos\"},\"image\":{\"@id\":\"https:\/\/www.estrategiaconcursos.com.br\/blog\/#\/schema\/logo\/image\/\"},\"sameAs\":[\"https:\/\/x.com\/EstratConcursos\"]},{\"@type\":\"Person\",\"@id\":\"https:\/\/www.estrategiaconcursos.com.br\/blog\/#\/schema\/person\/e3b6b7ce0192dd4ad270655969d61750\",\"name\":\"F\u00e1bio Scaldelai\",\"image\":{\"@type\":\"ImageObject\",\"inLanguage\":\"pt-BR\",\"@id\":\"https:\/\/secure.gravatar.com\/avatar\/8ed7492c4d88d8495bc0cb24cda6847b8ae23eec459a919e08e77d0ca0fd79ec?s=96&d=mm&r=g\",\"url\":\"https:\/\/secure.gravatar.com\/avatar\/8ed7492c4d88d8495bc0cb24cda6847b8ae23eec459a919e08e77d0ca0fd79ec?s=96&d=mm&r=g\",\"contentUrl\":\"https:\/\/secure.gravatar.com\/avatar\/8ed7492c4d88d8495bc0cb24cda6847b8ae23eec459a919e08e77d0ca0fd79ec?s=96&d=mm&r=g\",\"caption\":\"F\u00e1bio Scaldelai\"},\"description\":\"Jornalista no Estrat\u00e9gia Concursos e Produtor de Televis\u00e3o, formado em Jornalismo, R\u00e1dio e TV pela Faculdade Integrada Rio Branco, com especializa\u00e7\u00f5es em Gest\u00e3o Empresarial e Marketing pelo M\u00f3dulo. Atuou como produtor no SBT, TV Bandeirantes e R\u00e1dio Band FM, al\u00e9m de acumular tr\u00eas anos de experi\u00eancia no setor de concursos p\u00fablicos pela LFG (Luiz Fl\u00e1vio Gomes). No Estrat\u00e9gia Concursos, atua na apura\u00e7\u00e3o de not\u00edcias da \u00e1rea fiscal, al\u00e9m de coberturas sobre concursos das \u00e1reas de controle (TCU, TCE, etc), concurso AFT, \u00e1rea de gest\u00e3o e administrativa, bem como dos \u00f3rg\u00e3os participantes do CNU. Tamb\u00e9m possui experi\u00eancia em link building e an\u00e1lise de m\u00eddia, adquirida durante sua atua\u00e7\u00e3o na ag\u00eancia SEO Marketing.\",\"url\":\"https:\/\/www.estrategiaconcursos.com.br\/blog\/author\/fabio-scaldelaiestrategiaconcursos-com-br\/\"}]}<\/script>\n<!-- \/ Yoast SEO Premium plugin. -->","yoast_head_json":{"title":"Dia do Engenheiro Ambiental \u00e9 celebrado nesta segunda (31)","description":"Dia do Engenheiro Ambiental: confira oportunidades de concursos p\u00fablicos na \u00e1rea. Alguns editais previstos para esse ano.","robots":{"index":"index","follow":"follow","max-snippet":"max-snippet:-1","max-image-preview":"max-image-preview:large","max-video-preview":"max-video-preview:-1"},"canonical":"https:\/\/www.estrategiaconcursos.com.br\/blog\/dia-do-engenheiro-ambiental\/","og_locale":"pt_BR","og_type":"article","og_title":"Dia do Engenheiro Ambiental \u00e9 celebrado nesta segunda (31)","og_description":"Dia do Engenheiro Ambiental: confira oportunidades de concursos p\u00fablicos na \u00e1rea. Alguns editais previstos para esse ano.","og_url":"https:\/\/www.estrategiaconcursos.com.br\/blog\/dia-do-engenheiro-ambiental\/","og_site_name":"Estrat\u00e9gia Concursos","article_published_time":"2022-01-31T19:02:48+00:00","article_modified_time":"2022-11-29T18:48:45+00:00","og_image":[{"width":1024,"height":682,"url":"https:\/\/dhg1h5j42swfq.cloudfront.net\/2022\/01\/31153533\/engenharia-ambiental-2.jpg","type":"image\/jpeg"}],"author":"F\u00e1bio Scaldelai","twitter_card":"summary_large_image","twitter_creator":"@EstratConcursos","twitter_site":"@EstratConcursos","twitter_misc":{"Escrito por":"F\u00e1bio Scaldelai","Est. tempo de leitura":"2 minutos"},"schema":{"@context":"https:\/\/schema.org","@graph":[{"@type":"NewsArticle","@id":"https:\/\/www.estrategiaconcursos.com.br\/blog\/dia-do-engenheiro-ambiental\/#article","isPartOf":{"@id":"https:\/\/www.estrategiaconcursos.com.br\/blog\/dia-do-engenheiro-ambiental\/"},"author":{"name":"F\u00e1bio Scaldelai","@id":"https:\/\/www.estrategiaconcursos.com.br\/blog\/#\/schema\/person\/e3b6b7ce0192dd4ad270655969d61750"},"headline":"Dia do Engenheiro Ambiental \u00e9 celebrado nesta segunda (31)","datePublished":"2022-01-31T19:02:48+00:00","dateModified":"2022-11-29T18:48:45+00:00","mainEntityOfPage":{"@id":"https:\/\/www.estrategiaconcursos.com.br\/blog\/dia-do-engenheiro-ambiental\/"},"wordCount":331,"commentCount":0,"publisher":{"@id":"https:\/\/www.estrategiaconcursos.com.br\/blog\/#organization"},"image":{"@id":"https:\/\/www.estrategiaconcursos.com.br\/blog\/dia-do-engenheiro-ambiental\/#primaryimage"},"thumbnailUrl":"https:\/\/dhg1h5j42swfq.cloudfront.net\/2022\/01\/31153533\/engenharia-ambiental-2.jpg","articleSection":["Engenharias e TI","\u00daltimas not\u00edcias"],"inLanguage":"pt-BR","potentialAction":[{"@type":"CommentAction","name":"Comment","target":["https:\/\/www.estrategiaconcursos.com.br\/blog\/dia-do-engenheiro-ambiental\/#respond"]}],"copyrightYear":"2022","copyrightHolder":{"@id":"https:\/\/www.estrategiaconcursos.com.br\/blog\/#organization"}},{"@type":"WebPage","@id":"https:\/\/www.estrategiaconcursos.com.br\/blog\/dia-do-engenheiro-ambiental\/","url":"https:\/\/www.estrategiaconcursos.com.br\/blog\/dia-do-engenheiro-ambiental\/","name":"Dia do Engenheiro Ambiental \u00e9 celebrado nesta segunda (31)","isPartOf":{"@id":"https:\/\/www.estrategiaconcursos.com.br\/blog\/#website"},"primaryImageOfPage":{"@id":"https:\/\/www.estrategiaconcursos.com.br\/blog\/dia-do-engenheiro-ambiental\/#primaryimage"},"image":{"@id":"https:\/\/www.estrategiaconcursos.com.br\/blog\/dia-do-engenheiro-ambiental\/#primaryimage"},"thumbnailUrl":"https:\/\/dhg1h5j42swfq.cloudfront.net\/2022\/01\/31153533\/engenharia-ambiental-2.jpg","datePublished":"2022-01-31T19:02:48+00:00","dateModified":"2022-11-29T18:48:45+00:00","description":"Dia do Engenheiro Ambiental: confira oportunidades de concursos p\u00fablicos na \u00e1rea. Alguns editais previstos para esse ano.","breadcrumb":{"@id":"https:\/\/www.estrategiaconcursos.com.br\/blog\/dia-do-engenheiro-ambiental\/#breadcrumb"},"inLanguage":"pt-BR","potentialAction":[{"@type":"ReadAction","target":["https:\/\/www.estrategiaconcursos.com.br\/blog\/dia-do-engenheiro-ambiental\/"]}]},{"@type":"ImageObject","inLanguage":"pt-BR","@id":"https:\/\/www.estrategiaconcursos.com.br\/blog\/dia-do-engenheiro-ambiental\/#primaryimage","url":"https:\/\/dhg1h5j42swfq.cloudfront.net\/2022\/01\/31153533\/engenharia-ambiental-2.jpg","contentUrl":"https:\/\/dhg1h5j42swfq.cloudfront.net\/2022\/01\/31153533\/engenharia-ambiental-2.jpg","width":1024,"height":682,"caption":"Dia do Engenheiro Ambiental"},{"@type":"BreadcrumbList","@id":"https:\/\/www.estrategiaconcursos.com.br\/blog\/dia-do-engenheiro-ambiental\/#breadcrumb","itemListElement":[{"@type":"ListItem","position":1,"name":"In\u00edcio","item":"https:\/\/www.estrategiaconcursos.com.br\/blog\/"},{"@type":"ListItem","position":2,"name":"Dia do Engenheiro Ambiental \u00e9 celebrado nesta segunda (31)"}]},{"@type":"WebSite","@id":"https:\/\/www.estrategiaconcursos.com.br\/blog\/#website","url":"https:\/\/www.estrategiaconcursos.com.br\/blog\/","name":"Estrat\u00e9gia Concursos","description":"O blog da Estrat\u00e9gia Concursos traz not\u00edcias sobre concursos e artigos de professores oferecendo cursos para concursos (pdf + videaulas) no site.","publisher":{"@id":"https:\/\/www.estrategiaconcursos.com.br\/blog\/#organization"},"potentialAction":[{"@type":"SearchAction","target":{"@type":"EntryPoint","urlTemplate":"https:\/\/www.estrategiaconcursos.com.br\/blog\/?s={search_term_string}"},"query-input":{"@type":"PropertyValueSpecification","valueRequired":true,"valueName":"search_term_string"}}],"inLanguage":"pt-BR"},{"@type":"Organization","@id":"https:\/\/www.estrategiaconcursos.com.br\/blog\/#organization","name":"Estrat\u00e9gia Concursos","url":"https:\/\/www.estrategiaconcursos.com.br\/blog\/","logo":{"@type":"ImageObject","inLanguage":"pt-BR","@id":"https:\/\/www.estrategiaconcursos.com.br\/blog\/#\/schema\/logo\/image\/","url":"https:\/\/dhg1h5j42swfq.cloudfront.net\/2025\/06\/03203428\/logo_concursos-1.jpg","contentUrl":"https:\/\/dhg1h5j42swfq.cloudfront.net\/2025\/06\/03203428\/logo_concursos-1.jpg","width":230,"height":60,"caption":"Estrat\u00e9gia Concursos"},"image":{"@id":"https:\/\/www.estrategiaconcursos.com.br\/blog\/#\/schema\/logo\/image\/"},"sameAs":["https:\/\/x.com\/EstratConcursos"]},{"@type":"Person","@id":"https:\/\/www.estrategiaconcursos.com.br\/blog\/#\/schema\/person\/e3b6b7ce0192dd4ad270655969d61750","name":"F\u00e1bio Scaldelai","image":{"@type":"ImageObject","inLanguage":"pt-BR","@id":"https:\/\/secure.gravatar.com\/avatar\/8ed7492c4d88d8495bc0cb24cda6847b8ae23eec459a919e08e77d0ca0fd79ec?s=96&d=mm&r=g","url":"https:\/\/secure.gravatar.com\/avatar\/8ed7492c4d88d8495bc0cb24cda6847b8ae23eec459a919e08e77d0ca0fd79ec?s=96&d=mm&r=g","contentUrl":"https:\/\/secure.gravatar.com\/avatar\/8ed7492c4d88d8495bc0cb24cda6847b8ae23eec459a919e08e77d0ca0fd79ec?s=96&d=mm&r=g","caption":"F\u00e1bio Scaldelai"},"description":"Jornalista no Estrat\u00e9gia Concursos e Produtor de Televis\u00e3o, formado em Jornalismo, R\u00e1dio e TV pela Faculdade Integrada Rio Branco, com especializa\u00e7\u00f5es em Gest\u00e3o Empresarial e Marketing pelo M\u00f3dulo. Atuou como produtor no SBT, TV Bandeirantes e R\u00e1dio Band FM, al\u00e9m de acumular tr\u00eas anos de experi\u00eancia no setor de concursos p\u00fablicos pela LFG (Luiz Fl\u00e1vio Gomes). No Estrat\u00e9gia Concursos, atua na apura\u00e7\u00e3o de not\u00edcias da \u00e1rea fiscal, al\u00e9m de coberturas sobre concursos das \u00e1reas de controle (TCU, TCE, etc), concurso AFT, \u00e1rea de gest\u00e3o e administrativa, bem como dos \u00f3rg\u00e3os participantes do CNU. Tamb\u00e9m possui experi\u00eancia em link building e an\u00e1lise de m\u00eddia, adquirida durante sua atua\u00e7\u00e3o na ag\u00eancia SEO Marketing.","url":"https:\/\/www.estrategiaconcursos.com.br\/blog\/author\/fabio-scaldelaiestrategiaconcursos-com-br\/"}]}},"_links":{"self":[{"href":"https:\/\/www.estrategiaconcursos.com.br\/blog\/wp-json\/wp\/v2\/posts\/958543","targetHints":{"allow":["GET"]}}],"collection":[{"href":"https:\/\/www.estrategiaconcursos.com.br\/blog\/wp-json\/wp\/v2\/posts"}],"about":[{"href":"https:\/\/www.estrategiaconcursos.com.br\/blog\/wp-json\/wp\/v2\/types\/post"}],"author":[{"embeddable":true,"href":"https:\/\/www.estrategiaconcursos.com.br\/blog\/wp-json\/wp\/v2\/users\/656"}],"replies":[{"embeddable":true,"href":"https:\/\/www.estrategiaconcursos.com.br\/blog\/wp-json\/wp\/v2\/comments?post=958543"}],"version-history":[{"count":36,"href":"https:\/\/www.estrategiaconcursos.com.br\/blog\/wp-json\/wp\/v2\/posts\/958543\/revisions"}],"predecessor-version":[{"id":1131486,"href":"https:\/\/www.estrategiaconcursos.com.br\/blog\/wp-json\/wp\/v2\/posts\/958543\/revisions\/1131486"}],"wp:featuredmedia":[{"embeddable":true,"href":"https:\/\/www.estrategiaconcursos.com.br\/blog\/wp-json\/wp\/v2\/media\/958563"}],"wp:attachment":[{"href":"https:\/\/www.estrategiaconcursos.com.br\/blog\/wp-json\/wp\/v2\/media?parent=958543"}],"wp:term":[{"taxonomy":"category","embeddable":true,"href":"https:\/\/www.estrategiaconcursos.com.br\/blog\/wp-json\/wp\/v2\/categories?post=958543"},{"taxonomy":"post_tag","embeddable":true,"href":"https:\/\/www.estrategiaconcursos.com.br\/blog\/wp-json\/wp\/v2\/tags?post=958543"},{"taxonomy":"tax_estado","embeddable":true,"href":"https:\/\/www.estrategiaconcursos.com.br\/blog\/wp-json\/wp\/v2\/tax_estado?post=958543"}],"curies":[{"name":"wp","href":"https:\/\/api.w.org\/{rel}","templated":true}]}}