{"id":958517,"date":"2022-03-06T23:59:00","date_gmt":"2022-03-07T02:59:00","guid":{"rendered":"https:\/\/www.estrategiaconcursos.com.br\/blog\/?p=958517"},"modified":"2022-03-07T15:07:19","modified_gmt":"2022-03-07T18:07:19","slug":"edital-prefeitura-de-suzano","status":"publish","type":"post","link":"https:\/\/www.estrategiaconcursos.com.br\/blog\/edital-prefeitura-de-suzano\/","title":{"rendered":"Edital Prefeitura de Suzano: inscri\u00e7\u00f5es ENCERRADAS!"},"content":{"rendered":"\n<p>Est\u00e3o encerradas as inscri\u00e7\u00f5es do <strong>concurso da Prefeitura de Suzano<\/strong>, no estado de S\u00e3o Paulo. <\/p>\n\n\n\n<p>Os interessados em participar da sele\u00e7\u00e3o tiveram que realizar as inscri\u00e7\u00f5es at\u00e9 o dia 06 de mar\u00e7o, no site da banca organizadora, o<strong> <\/strong><a href=\"http:\/\/www.nossorumo.org.br\/#InscricaoAbertas\" target=\"_blank\" rel=\"noreferrer noopener\"><strong>Instituto Nosso Rumo<\/strong><\/a>. <\/p>\n\n\n\n<p>Ao todo, s\u00e3o ofertadas <strong>55 vagas<\/strong>, al\u00e9m de oportunidades em cadastro de reserva, para todos os n\u00edveis de escolaridade.<\/p>\n\n\n\n<p>A fim de te deixar sempre bem informado, elaboramos este artigo com as principais informa\u00e7\u00f5es e novidades sobre o edital Prefeitura de Suzano. <\/p>\n\n\n\n<p>Acompanhe os t\u00f3picos abaixo e n\u00e3o perca nenhum detalhe:<\/p>\n\n\n\n<div class=\"container\" id=\"boxes\">\n  <div class=\"row\">\n\n    <div class=\"col-sm\">\n      <div class=\"banner-estrategia\" id=\"box-assinatura\">\n        <h3 class=\"titulo-assinatura\">Prefeitura de Suzano<\/h3>\n        <p class=\"subtitulo-assinatura\">Conhe\u00e7a os cursos<\/p>\n        <div class=\"box-botao\">\n          <a class=\"btn-assinatura\" target=\"_blank\" href=\"https:\/\/www.estrategiaconcursos.com.br\/cursosPorConcurso\/prefeitura-municipal-de-suzano\/\" role=\"button\" rel=\"noopener noreferrer\">Conhe\u00e7a mais<\/a>\n        <\/div>\n      <\/div>\n     \n    <\/div>\n\n  <\/div>\n<\/div>\n\n\n\n<h2 class=\"wp-block-heading\" id=\"situacao\">Situa\u00e7\u00e3o atual do edital da Prefeitura de Suzano<\/h2>\n\n\n\n<h3 class=\"wp-block-heading\" id=\"datas\">Principais datas<\/h3>\n\n\n\n<ul class=\"wp-block-list\"><li><strong>Inscri\u00e7\u00f5es<\/strong>: <s>29\/01 a 06\/03\/2022<\/s><\/li><li><strong>Isen\u00e7\u00e3o da taxa<\/strong>: <s>29 a 30\/01\/2022<\/s><\/li><li><strong>\u00daltimo dia para pagamento<\/strong>: 07\/03\/2022<\/li><li><strong>Prova<\/strong>: 27\/03\/2022<\/li><\/ul>\n\n\n\n<h2 class=\"wp-block-heading\" id=\"cargos-vagas\">Cargos e vagas do edital da Prefeitura de Suzano <\/h2>\n\n\n\n<figure class=\"wp-block-table is-style-stripes\"><table class=\"has-fixed-layout\"><thead><tr><th class=\"has-text-align-center\" data-align=\"center\">CARGOS<\/th><th class=\"has-text-align-center\" data-align=\"center\">VAGAS<\/th><th class=\"has-text-align-center\" data-align=\"center\">SAL\u00c1RIO<\/th><th class=\"has-text-align-center\" data-align=\"center\">ESCOLARIDADE<\/th><\/tr><\/thead><tbody><tr><td class=\"has-text-align-center\" data-align=\"center\">AJUDANTE GERAL<\/td><td class=\"has-text-align-center\" data-align=\"center\">04<\/td><td class=\"has-text-align-center\" data-align=\"center\">R$ 1.595,77<\/td><td class=\"has-text-align-center\" data-align=\"center\">N\u00edvel fundamental<\/td><\/tr><tr><td class=\"has-text-align-center\" data-align=\"center\">MOTORISTA<\/td><td class=\"has-text-align-center\" data-align=\"center\">03<\/td><td class=\"has-text-align-center\" data-align=\"center\">R$ 2.607,78<\/td><td class=\"has-text-align-center\" data-align=\"center\"> N\u00edvel fundamental <\/td><\/tr><tr><td class=\"has-text-align-center\" data-align=\"center\">MOTORISTA DE AMBUL\u00c2NCIA<\/td><td class=\"has-text-align-center\" data-align=\"center\">03<\/td><td class=\"has-text-align-center\" data-align=\"center\">R$ 2.607,78<\/td><td class=\"has-text-align-center\" data-align=\"center\"> N\u00edvel fundamental <\/td><\/tr><tr><td class=\"has-text-align-center\" data-align=\"center\">OPERADOR DE M\u00c1QUINAS PESADAS<\/td><td class=\"has-text-align-center\" data-align=\"center\">02<\/td><td class=\"has-text-align-center\" data-align=\"center\">R$ 2.882,65<\/td><td class=\"has-text-align-center\" data-align=\"center\"> N\u00edvel fundamental <\/td><\/tr><tr><td class=\"has-text-align-center\" data-align=\"center\">SEPULTADOR<\/td><td class=\"has-text-align-center\" data-align=\"center\">04<\/td><td class=\"has-text-align-center\" data-align=\"center\"> R$ 1.595,77 <\/td><td class=\"has-text-align-center\" data-align=\"center\">N\u00edvel m\u00e9dio<\/td><\/tr><tr><td class=\"has-text-align-center\" data-align=\"center\">AGENTE DE TR\u00c2NSITO<\/td><td class=\"has-text-align-center\" data-align=\"center\">02<\/td><td class=\"has-text-align-center\" data-align=\"center\">R$ 2.882,65<\/td><td class=\"has-text-align-center\" data-align=\"center\"> N\u00edvel m\u00e9dio <\/td><\/tr><tr><td class=\"has-text-align-center\" data-align=\"center\">AGENTE FISCAL DE TRANSPORTE<\/td><td class=\"has-text-align-center\" data-align=\"center\">02<\/td><td class=\"has-text-align-center\" data-align=\"center\">R$ 2.882,65<\/td><td class=\"has-text-align-center\" data-align=\"center\"> N\u00edvel m\u00e9dio <\/td><\/tr><tr><td class=\"has-text-align-center\" data-align=\"center\">AUXILIAR ADMINISTRATIVO<\/td><td class=\"has-text-align-center\" data-align=\"center\">04<\/td><td class=\"has-text-align-center\" data-align=\"center\">R$ 1.857,70<\/td><td class=\"has-text-align-center\" data-align=\"center\"> N\u00edvel m\u00e9dio <\/td><\/tr><tr><td class=\"has-text-align-center\" data-align=\"center\">ADMINISTRADOR DE PARQUES<br \/>P\u00daBLICOS<br \/>MUNICIPAIS<\/td><td class=\"has-text-align-center\" data-align=\"center\">01<\/td><td class=\"has-text-align-center\" data-align=\"center\">R$ 3.931,41<\/td><td class=\"has-text-align-center\" data-align=\"center\"> N\u00edvel m\u00e9dio <\/td><\/tr><tr><td class=\"has-text-align-center\" data-align=\"center\">AGENTE FISCAL DE OBRAS<\/td><td class=\"has-text-align-center\" data-align=\"center\">02<\/td><td class=\"has-text-align-center\" data-align=\"center\">R$ 2.882,65<\/td><td class=\"has-text-align-center\" data-align=\"center\"> N\u00edvel m\u00e9dio <\/td><\/tr><tr><td class=\"has-text-align-center\" data-align=\"center\">AGENTE FISCAL DE POSTURAS<\/td><td class=\"has-text-align-center\" data-align=\"center\">02<\/td><td class=\"has-text-align-center\" data-align=\"center\">R$ 2.882,65<\/td><td class=\"has-text-align-center\" data-align=\"center\"> N\u00edvel m\u00e9dio <\/td><\/tr><tr><td class=\"has-text-align-center\" data-align=\"center\">MEC\u00c2NICO<\/td><td class=\"has-text-align-center\" data-align=\"center\">01<\/td><td class=\"has-text-align-center\" data-align=\"center\">R$ 2.607,78<\/td><td class=\"has-text-align-center\" data-align=\"center\"> N\u00edvel m\u00e9dio <\/td><\/tr><tr><td class=\"has-text-align-center\" data-align=\"center\">T\u00c9CNICO EM ENFERMAGEM<\/td><td class=\"has-text-align-center\" data-align=\"center\">CR<\/td><td class=\"has-text-align-center\" data-align=\"center\">R$ 2.882,65<\/td><td class=\"has-text-align-center\" data-align=\"center\"> N\u00edvel m\u00e9dio <\/td><\/tr><tr><td class=\"has-text-align-center\" data-align=\"center\">T\u00c9CNICO EM ENFERMAGEM<br \/>PLANTONISTA<\/td><td class=\"has-text-align-center\" data-align=\"center\">01<\/td><td class=\"has-text-align-center\" data-align=\"center\">R$ 2.882,65<\/td><td class=\"has-text-align-center\" data-align=\"center\"> N\u00edvel m\u00e9dio <\/td><\/tr><tr><td class=\"has-text-align-center\" data-align=\"center\"><a href=\"https:\/\/www.estrategiaconcursos.com.br\/blog\/concurso-iss-suzano\/\" target=\"_blank\" rel=\"noreferrer noopener\">AGENTE FISCAL TRIBUT\u00c1RIO<\/a><\/td><td class=\"has-text-align-center\" data-align=\"center\">01<\/td><td class=\"has-text-align-center\" data-align=\"center\">R$ 5.121,88<\/td><td class=\"has-text-align-center\" data-align=\"center\">N\u00edvel superior<\/td><\/tr><tr><td class=\"has-text-align-center\" data-align=\"center\">ARQUITETO<\/td><td class=\"has-text-align-center\" data-align=\"center\">01<\/td><td class=\"has-text-align-center\" data-align=\"center\">R$ 7.399,82<\/td><td class=\"has-text-align-center\" data-align=\"center\"> N\u00edvel superior <\/td><\/tr><tr><td class=\"has-text-align-center\" data-align=\"center\">ENFERMEIRO<\/td><td class=\"has-text-align-center\" data-align=\"center\">CR<\/td><td class=\"has-text-align-center\" data-align=\"center\">R$ 6.263,63<\/td><td class=\"has-text-align-center\" data-align=\"center\"> N\u00edvel superior <\/td><\/tr><tr><td class=\"has-text-align-center\" data-align=\"center\">ENFERMEIRO PLANTONISTA<\/td><td class=\"has-text-align-center\" data-align=\"center\">CR<\/td><td class=\"has-text-align-center\" data-align=\"center\">R$ 6.263,63<\/td><td class=\"has-text-align-center\" data-align=\"center\"> N\u00edvel superior <\/td><\/tr><tr><td class=\"has-text-align-center\" data-align=\"center\">ENGENHEIRO CIVIL<\/td><td class=\"has-text-align-center\" data-align=\"center\">01<\/td><td class=\"has-text-align-center\" data-align=\"center\">R$ 7.399,82<\/td><td class=\"has-text-align-center\" data-align=\"center\"> N\u00edvel superior <\/td><\/tr><tr><td class=\"has-text-align-center\" data-align=\"center\">FARMAC\u00caUTICO<\/td><td class=\"has-text-align-center\" data-align=\"center\">CR<\/td><td class=\"has-text-align-center\" data-align=\"center\">R$ 6.263,63<\/td><td class=\"has-text-align-center\" data-align=\"center\"> N\u00edvel superior <\/td><\/tr><tr><td class=\"has-text-align-center\" data-align=\"center\">M\u00c9DICO 10H<\/td><td class=\"has-text-align-center\" data-align=\"center\">CR<\/td><td class=\"has-text-align-center\" data-align=\"center\">R$ 4.002,87<\/td><td class=\"has-text-align-center\" data-align=\"center\"> N\u00edvel superior <\/td><\/tr><tr><td class=\"has-text-align-center\" data-align=\"center\">M\u00c9DICO 20H<\/td><td class=\"has-text-align-center\" data-align=\"center\">CR<\/td><td class=\"has-text-align-center\" data-align=\"center\">R$ 8.007,70<\/td><td class=\"has-text-align-center\" data-align=\"center\"> N\u00edvel superior <\/td><\/tr><tr><td class=\"has-text-align-center\" data-align=\"center\">M\u00c9DICO 30H<\/td><td class=\"has-text-align-center\" data-align=\"center\">CR<\/td><td class=\"has-text-align-center\" data-align=\"center\">R$ 12.011,42<\/td><td class=\"has-text-align-center\" data-align=\"center\"> N\u00edvel superior <\/td><\/tr><tr><td class=\"has-text-align-center\" data-align=\"center\">M\u00c9DICO CL\u00cdNICO GERAL 10H<\/td><td class=\"has-text-align-center\" data-align=\"center\">CR<\/td><td class=\"has-text-align-center\" data-align=\"center\">R$ 4.002,87<\/td><td class=\"has-text-align-center\" data-align=\"center\"> N\u00edvel superior <\/td><\/tr><tr><td class=\"has-text-align-center\" data-align=\"center\">M\u00c9DICO CL\u00cdNICO GERAL 20H<\/td><td class=\"has-text-align-center\" data-align=\"center\">02<\/td><td class=\"has-text-align-center\" data-align=\"center\">R$ 8.007,70<\/td><td class=\"has-text-align-center\" data-align=\"center\"> N\u00edvel superior <\/td><\/tr><tr><td class=\"has-text-align-center\" data-align=\"center\">M\u00c9DICO CLINICO GERAL<br \/>PLANTONISTA 24H<\/td><td class=\"has-text-align-center\" data-align=\"center\">02<\/td><td class=\"has-text-align-center\" data-align=\"center\">R$ 9.143,10<\/td><td class=\"has-text-align-center\" data-align=\"center\"> N\u00edvel superior <\/td><\/tr><tr><td class=\"has-text-align-center\" data-align=\"center\">M\u00c9DICO GINECOLOGISTA 10H<\/td><td class=\"has-text-align-center\" data-align=\"center\">02<\/td><td class=\"has-text-align-center\" data-align=\"center\">R$ 4.002,87<\/td><td class=\"has-text-align-center\" data-align=\"center\"> N\u00edvel superior <\/td><\/tr><tr><td class=\"has-text-align-center\" data-align=\"center\">M\u00c9DICO GINECOLOGISTA 20H<\/td><td class=\"has-text-align-center\" data-align=\"center\">02<\/td><td class=\"has-text-align-center\" data-align=\"center\">R$ 8.007,70<\/td><td class=\"has-text-align-center\" data-align=\"center\"> N\u00edvel superior <\/td><\/tr><tr><td class=\"has-text-align-center\" data-align=\"center\">M\u00c9DICO NEUROLOGISTA 10H<\/td><td class=\"has-text-align-center\" data-align=\"center\">02<\/td><td class=\"has-text-align-center\" data-align=\"center\">R$ 4.002,87<\/td><td class=\"has-text-align-center\" data-align=\"center\"> N\u00edvel superior <\/td><\/tr><tr><td class=\"has-text-align-center\" data-align=\"center\">M\u00c9DICO ORTOPEDISTA 20H<\/td><td class=\"has-text-align-center\" data-align=\"center\">02<\/td><td class=\"has-text-align-center\" data-align=\"center\">R$ 8.007,70<\/td><td class=\"has-text-align-center\" data-align=\"center\"> N\u00edvel superior <\/td><\/tr><tr><td class=\"has-text-align-center\" data-align=\"center\">M\u00c9DICO OTORRINOLARINGOLOGISTA<br \/>20H<\/td><td class=\"has-text-align-center\" data-align=\"center\">CR<\/td><td class=\"has-text-align-center\" data-align=\"center\">R$ 8.007,70<\/td><td class=\"has-text-align-center\" data-align=\"center\"> N\u00edvel superior <\/td><\/tr><tr><td class=\"has-text-align-center\" data-align=\"center\">M\u00c9DICO PEDIATRA 20H<\/td><td class=\"has-text-align-center\" data-align=\"center\">02<\/td><td class=\"has-text-align-center\" data-align=\"center\">R$ 8.007,70<\/td><td class=\"has-text-align-center\" data-align=\"center\"> N\u00edvel superior <\/td><\/tr><tr><td class=\"has-text-align-center\" data-align=\"center\">M\u00c9DICO PEDIATRA PLANTONISTA<br \/>24H<\/td><td class=\"has-text-align-center\" data-align=\"center\">02<\/td><td class=\"has-text-align-center\" data-align=\"center\">R$ 9.143,10<\/td><td class=\"has-text-align-center\" data-align=\"center\"> N\u00edvel superior <\/td><\/tr><tr><td class=\"has-text-align-center\" data-align=\"center\">M\u00c9DICO PNEUMOLOGISTA 20H<\/td><td class=\"has-text-align-center\" data-align=\"center\">01<\/td><td class=\"has-text-align-center\" data-align=\"center\">R$ 8.007,70<\/td><td class=\"has-text-align-center\" data-align=\"center\"> N\u00edvel superior <\/td><\/tr><tr><td class=\"has-text-align-center\" data-align=\"center\">M\u00c9DICO PSIQUIATRA 20H<\/td><td class=\"has-text-align-center\" data-align=\"center\">02<\/td><td class=\"has-text-align-center\" data-align=\"center\">R$ 8.007,70<\/td><td class=\"has-text-align-center\" data-align=\"center\"> N\u00edvel superior <\/td><\/tr><tr><td class=\"has-text-align-center\" data-align=\"center\">M\u00c9DICO PSIQUIATRA INFANTIL 20H<\/td><td class=\"has-text-align-center\" data-align=\"center\">02<\/td><td class=\"has-text-align-center\" data-align=\"center\">R$ 8.007,70<\/td><td class=\"has-text-align-center\" data-align=\"center\"> N\u00edvel superior <\/td><\/tr><tr><td class=\"has-text-align-center\" data-align=\"center\">PSIC\u00d3LOGO<\/td><td class=\"has-text-align-center\" data-align=\"center\">CR<\/td><td class=\"has-text-align-center\" data-align=\"center\">R$ 6.263,63<\/td><td class=\"has-text-align-center\" data-align=\"center\"> N\u00edvel superior <\/td><\/tr><\/tbody><\/table><\/figure>\n\n\n\n<p class=\"has-text-align-center has-background\" style=\"background-color:#e3ebf2\"><strong>ATEN\u00c7\u00c3O: para mais detalhes a respeito do cargo <em><span style=\"text-decoration: underline;\">Agente Fiscal Tribut\u00e1rio<\/span><\/em>, preparamos um artigo exclusivo. Confira <a href=\"https:\/\/www.estrategiaconcursos.com.br\/blog\/concurso-iss-suzano\/\" target=\"_blank\" rel=\"noreferrer noopener\">AQUI<\/a>!<\/strong><\/p>\n\n\n\n<h2 class=\"wp-block-heading\" id=\"etapas\">Etapas e provas do edital da Prefeitura de Suzano <\/h2>\n\n\n\n<h3 class=\"wp-block-heading\" id=\"objetiva\">Provas Objetivas<\/h3>\n\n\n\n<p>As Provas Objetivas constar\u00e3o de quest\u00f5es objetivas de m\u00faltipla escolha, com cinco alternativas cada, ter\u00e3o uma \u00fanica resposta correta. <\/p>\n\n\n\n<ul class=\"wp-block-list\"><li><strong>Ajudante Geral <\/strong><ul><li>L\u00edngua Portuguesa &#8211; 10 quest\u00f5es;<\/li><li>Matem\u00e1tica &#8211; 05 quest\u00f5es;<\/li><li>Conhecimentos Gerais &#8211; 10 quest\u00f5es.<\/li><\/ul><\/li><\/ul>\n\n\n\n<ul class=\"wp-block-list\"><li><strong>Motorista\/Motorista de Ambul\u00e2ncia<\/strong><ul><li>L\u00edngua Portuguesa &#8211; 10 quest\u00f5es;<\/li><\/ul><ul><li>Matem\u00e1tica &#8211; 05 quest\u00f5es;<\/li><li>Conhecimentos Gerais &#8211; 10 quest\u00f5es.<\/li><\/ul><\/li><\/ul>\n\n\n\n<ul class=\"wp-block-list\"><li><strong>Operador de M\u00e1quinas Pesadas\/Sepultador<\/strong><ul><li>L\u00edngua Portuguesa &#8211; 10 quest\u00f5es;<\/li><\/ul><ul><li>Matem\u00e1tica &#8211; 05 quest\u00f5es;<\/li><li>Conhecimentos Gerais &#8211; 10 quest\u00f5es.<\/li><\/ul><\/li><\/ul>\n\n\n\n<ul class=\"wp-block-list\"><li><strong>Agente de Tr\u00e2nsito\/Agente Fiscal de Transportes\/Auxiliar Administrativo\/Administrador de Parques P\u00fablicos Municipais\/Agente Fiscal de Obras\/Agente Fiscal de Posturas<\/strong><ul><li>L\u00edngua Portuguesa &#8211; 10 quest\u00f5es;<\/li><\/ul><ul><li>Matem\u00e1tica &#8211; 05 quest\u00f5es;<\/li><li>Conhecimentos Gerais &#8211; 10 quest\u00f5es;<\/li><li>No\u00e7\u00f5es de Inform\u00e1tica &#8211; 05 quest\u00f5es.<\/li><\/ul><\/li><\/ul>\n\n\n\n<ul class=\"wp-block-list\"><li><strong>Mec\u00e2nico<\/strong><ul><li>L\u00edngua Portuguesa &#8211; 10 quest\u00f5es;<\/li><\/ul><ul><li>Matem\u00e1tica &#8211; 10 quest\u00f5es;<\/li><li>Conhecimentos Gerais &#8211; 10 quest\u00f5es.<\/li><\/ul><\/li><\/ul>\n\n\n\n<ul class=\"wp-block-list\"><li><strong>T\u00e9cnico em Enfermagem\/T\u00e9cnico em Enfermagem Plantonista<\/strong><ul><li>L\u00edngua Portuguesa &#8211; 10 quest\u00f5es;<\/li><\/ul><ul><li>Matem\u00e1tica &#8211; 05 quest\u00f5es;<\/li><li>Conhecimentos Gerais &#8211; 10 quest\u00f5es;<\/li><li>Legisla\u00e7\u00e3o e Pol\u00edticas de Sa\u00fade &#8211; 05 quest\u00f5es.<\/li><\/ul><\/li><\/ul>\n\n\n\n<ul class=\"wp-block-list\"><li><strong>Agente Fiscal Tribut\u00e1rio\/Arquiteto\/Engenheiro Civil<\/strong><ul><li>L\u00edngua Portuguesa &#8211; 10 quest\u00f5es;<\/li><\/ul><ul><li>Matem\u00e1tica &#8211; 05 quest\u00f5es;<\/li><li>Conhecimentos Gerais &#8211; 10 quest\u00f5es;<\/li><li>No\u00e7\u00f5es de Inform\u00e1tica &#8211; 05 quest\u00f5es.<\/li><\/ul><\/li><\/ul>\n\n\n\n<ul class=\"wp-block-list\"><li><strong>Enfermeiro\/M\u00e9dicos (todas especialidades)<\/strong><ul><li>L\u00edngua Portuguesa &#8211; 10 quest\u00f5es;<\/li><\/ul><ul><li>Conhecimentos Espec\u00edficos &#8211; 10 quest\u00f5es;<\/li><li>Legisla\u00e7\u00e3o e Pol\u00edticas de Sa\u00fade &#8211; 10 quest\u00f5es.<\/li><\/ul><\/li><\/ul>\n\n\n\n<h3 class=\"wp-block-heading\" id=\"pratica\">Prova Pr\u00e1tica<\/h3>\n\n\n\n<p>Concorrer\u00e3o \u00e0 Prova Pr\u00e1tica os candidatos habilitados na objetiva, aos cargos Motorista, Motorista de Ambul\u00e2ncia, Operador de M\u00e1quinas Pesadas, Sepultador e Mec\u00e2nico.<\/p>\n\n\n\n<hr class=\"wp-block-separator\"\/>\n\n\n\n<h2 class=\"has-text-align-center wp-block-heading\" id=\"cursos-assinatura\">Quer estudar para o edital da Prefeitura de Suzano?<\/h2>\n\n\n\n<div class=\"container\" id=\"boxes\">\n  <div class=\"row\">\n\n    <div class=\"col-sm\">\n      <div class=\"banner-estrategia\" id=\"box-assinatura\">\n        <h3 class=\"titulo-assinatura\">Prefeitura de Suzano<\/h3>\n        <p class=\"subtitulo-assinatura\">Conhe\u00e7a os cursos<\/p>\n        <div class=\"box-botao\">\n          <a class=\"btn-assinatura\" target=\"_blank\" href=\"https:\/\/www.estrategiaconcursos.com.br\/cursosPorConcurso\/prefeitura-municipal-de-suzano\/\" role=\"button\" rel=\"noopener noreferrer\">Conhe\u00e7a mais<\/a>\n        <\/div>\n      <\/div>\n     \n    <\/div>\n\n  <\/div>\n<\/div>\n\n\n\n<div class=\"container\" id=\"boxes\">\n  <div class=\"row\">\n\n    <div class=\"col-sm\">\n      <div class=\"estrategia\" id=\"box-assinatura\">\n        <h3 class=\"titulo-assinatura\">Assinatura Concursos<\/h3>\n        <p class=\"subtitulo-assinatura\">Assinatura de 1 ano ou 2 anos<\/p>\n        <div class=\"box-botao\">\n          <a class=\"btn-assinatura\" target=\"_blank\" href=\"https:\/\/www.estrategiaconcursos.com.br\/assinaturas\/\" role=\"button\" rel=\"noopener noreferrer\">ASSINE AGORA<\/a>\n        <\/div>\n      <\/div><\/div><\/div><\/div>\n\n\n\n<h2 class=\"has-text-align-center wp-block-heading\" id=\"h-quer-saber-tudo-sobre-concursos-previstos-confira-nossos-artigos\">Quer saber tudo sobre concursos previstos?<br \/>Confira  nossos artigos!<\/h2>\n\n\n\n<ul class=\"wp-block-list\"><li><a href=\"https:\/\/www.estrategiaconcursos.com.br\/blog\/concursos-abertos\/\" target=\"_blank\" rel=\"noreferrer noopener\">Concursos abertos<\/a><\/li><li><a href=\"https:\/\/www.estrategiaconcursos.com.br\/blog\/concursos-2022\/\" target=\"_blank\" rel=\"noreferrer noopener\">Concursos 2022<\/a><\/li><\/ul>\n\n\n\n<figure class=\"wp-block-image size-large is-resized\"><img loading=\"lazy\" decoding=\"async\" src=\"https:\/\/dhg1h5j42swfq.cloudfront.net\/2025\/06\/27101122\/ficha-tecnica-1-1024x632.png\" alt=\"Informa\u00e7\u00f5es do concurso da Prefeitura de Suzano SP\" class=\"wp-image-702728\" width=\"269\" height=\"166\" srcset=\"https:\/\/dhg1h5j42swfq.cloudfront.net\/2025\/06\/27101122\/ficha-tecnica-1-1024x632.png 1024w, https:\/\/dhg1h5j42swfq.cloudfront.net\/2025\/06\/27101122\/ficha-tecnica-1-300x185.png 300w, https:\/\/dhg1h5j42swfq.cloudfront.net\/2025\/06\/27101122\/ficha-tecnica-1-768x474.png 768w, https:\/\/dhg1h5j42swfq.cloudfront.net\/2025\/06\/27101122\/ficha-tecnica-1-1536x948.png 1536w, https:\/\/dhg1h5j42swfq.cloudfront.net\/2025\/06\/27101122\/ficha-tecnica-1-610x377.png 610w, https:\/\/dhg1h5j42swfq.cloudfront.net\/2025\/06\/27101122\/ficha-tecnica-1.png 1571w\" sizes=\"auto, (max-width: 269px) 100vw, 269px\" \/><\/figure>\n\n\n\n<h3 class=\"wp-block-heading\" id=\"ficha\">Informa\u00e7\u00f5es do concurso da Prefeitura de Suzano SP<\/h3>\n\n\n\n<ul class=\"wp-block-list\"><li><strong style=\"color: initial;\">Provas<\/strong><span style=\"color: initial;\">: <\/span>27\/03\/2022<\/li><li><strong>Vagas<\/strong>: 55 + CR<\/li><li><strong>Cargos<\/strong>: diversos<\/li><li><strong>Banca<\/strong>: Nosso Rumo<\/li><li><strong>Escolaridade<\/strong>: todos os n\u00edveis <\/li><li><strong>Edital<\/strong>:&nbsp;<a href=\"https:\/\/dhg1h5j42swfq.cloudfront.net\/2022\/01\/31154359\/01-edital-de-abertura-no-01_2022-1.pdf\" target=\"_blank\" rel=\"noreferrer noopener nofollow\">Prefeitura de Suzano SP 2022<\/a><\/li><\/ul>\n","protected":false},"excerpt":{"rendered":"<p>Est\u00e3o encerradas as inscri\u00e7\u00f5es do concurso da Prefeitura de Suzano, no estado de S\u00e3o Paulo. Os interessados em participar da sele\u00e7\u00e3o tiveram que realizar as inscri\u00e7\u00f5es at\u00e9 o dia 06 de mar\u00e7o, no site da banca organizadora, o Instituto Nosso Rumo. Ao todo, s\u00e3o ofertadas 55 vagas, al\u00e9m de oportunidades em cadastro de reserva, para [&hellip;]<\/p>\n","protected":false},"author":2018,"featured_media":737247,"comment_status":"open","ping_status":"closed","sticky":false,"template":"","format":"standard","meta":{"post_tipo":"news","footnotes":""},"categories":[214992,220219],"tags":[],"tax_estado":[219989],"class_list":["post-958517","post","type-post","status-publish","format-standard","has-post-thumbnail","hentry","category-concursos-administrativos","category-noticias","tax_estado-sp"],"acf":[],"yoast_head":"<!-- This site is optimized with the Yoast SEO Premium plugin v27.2 (Yoast SEO v27.2) - https:\/\/yoast.com\/product\/yoast-seo-premium-wordpress\/ -->\n<title>Edital Prefeitura de Suzano: inscri\u00e7\u00f5es ENCERRADAS!<\/title>\n<meta name=\"description\" content=\"Inscri\u00e7\u00f5es encerradas do edital do concurso da Prefeitura de Suzano - SP. S\u00e3o ofertadas 55 vagas + CR para todos os n\u00edveis de escolaridade!\" \/>\n<meta name=\"robots\" content=\"index, follow, max-snippet:-1, max-image-preview:large, max-video-preview:-1\" \/>\n<link rel=\"canonical\" href=\"https:\/\/www.estrategiaconcursos.com.br\/blog\/edital-prefeitura-de-suzano\/\" \/>\n<meta property=\"og:locale\" content=\"pt_BR\" \/>\n<meta property=\"og:type\" content=\"article\" \/>\n<meta property=\"og:title\" content=\"Edital Prefeitura de Suzano: inscri\u00e7\u00f5es ENCERRADAS!\" \/>\n<meta property=\"og:description\" content=\"Inscri\u00e7\u00f5es encerradas do edital do concurso da Prefeitura de Suzano - SP. S\u00e3o ofertadas 55 vagas + CR para todos os n\u00edveis de escolaridade!\" \/>\n<meta property=\"og:url\" content=\"https:\/\/www.estrategiaconcursos.com.br\/blog\/edital-prefeitura-de-suzano\/\" \/>\n<meta property=\"og:site_name\" content=\"Estrat\u00e9gia Concursos\" \/>\n<meta property=\"article:published_time\" content=\"2022-03-07T02:59:00+00:00\" \/>\n<meta property=\"article:modified_time\" content=\"2022-03-07T18:07:19+00:00\" \/>\n<meta property=\"og:image\" content=\"https:\/\/dhg1h5j42swfq.cloudfront.net\/2021\/05\/11104448\/suzano-1.jpg\" \/>\n\t<meta property=\"og:image:width\" content=\"1200\" \/>\n\t<meta property=\"og:image:height\" content=\"628\" \/>\n\t<meta property=\"og:image:type\" content=\"image\/jpeg\" \/>\n<meta name=\"author\" content=\"B\u00e1rbara Carvalho Santos\" \/>\n<meta name=\"twitter:card\" content=\"summary_large_image\" \/>\n<meta name=\"twitter:creator\" content=\"@EstratConcursos\" \/>\n<meta name=\"twitter:site\" content=\"@EstratConcursos\" \/>\n<meta name=\"twitter:label1\" content=\"Escrito por\" \/>\n\t<meta name=\"twitter:data1\" content=\"B\u00e1rbara Carvalho Santos\" \/>\n\t<meta name=\"twitter:label2\" content=\"Est. tempo de leitura\" \/>\n\t<meta name=\"twitter:data2\" content=\"5 minutos\" \/>\n<script type=\"application\/ld+json\" class=\"yoast-schema-graph\">{\"@context\":\"https:\/\/schema.org\",\"@graph\":[{\"@type\":\"NewsArticle\",\"@id\":\"https:\/\/www.estrategiaconcursos.com.br\/blog\/edital-prefeitura-de-suzano\/#article\",\"isPartOf\":{\"@id\":\"https:\/\/www.estrategiaconcursos.com.br\/blog\/edital-prefeitura-de-suzano\/\"},\"author\":{\"name\":\"B\u00e1rbara Carvalho Santos\",\"@id\":\"https:\/\/www.estrategiaconcursos.com.br\/blog\/#\/schema\/person\/e3882259fa157d54c44c21f4ee4e0e60\"},\"headline\":\"Edital Prefeitura de Suzano: inscri\u00e7\u00f5es ENCERRADAS!\",\"datePublished\":\"2022-03-07T02:59:00+00:00\",\"dateModified\":\"2022-03-07T18:07:19+00:00\",\"mainEntityOfPage\":{\"@id\":\"https:\/\/www.estrategiaconcursos.com.br\/blog\/edital-prefeitura-de-suzano\/\"},\"wordCount\":824,\"commentCount\":0,\"publisher\":{\"@id\":\"https:\/\/www.estrategiaconcursos.com.br\/blog\/#organization\"},\"image\":{\"@id\":\"https:\/\/www.estrategiaconcursos.com.br\/blog\/edital-prefeitura-de-suzano\/#primaryimage\"},\"thumbnailUrl\":\"https:\/\/dhg1h5j42swfq.cloudfront.net\/2021\/05\/11104448\/suzano-1.jpg\",\"articleSection\":[\"Executivo (Administrativa)\",\"\u00daltimas not\u00edcias\"],\"inLanguage\":\"pt-BR\",\"potentialAction\":[{\"@type\":\"CommentAction\",\"name\":\"Comment\",\"target\":[\"https:\/\/www.estrategiaconcursos.com.br\/blog\/edital-prefeitura-de-suzano\/#respond\"]}],\"copyrightYear\":\"2022\",\"copyrightHolder\":{\"@id\":\"https:\/\/www.estrategiaconcursos.com.br\/blog\/#organization\"}},{\"@type\":\"WebPage\",\"@id\":\"https:\/\/www.estrategiaconcursos.com.br\/blog\/edital-prefeitura-de-suzano\/\",\"url\":\"https:\/\/www.estrategiaconcursos.com.br\/blog\/edital-prefeitura-de-suzano\/\",\"name\":\"Edital Prefeitura de Suzano: inscri\u00e7\u00f5es ENCERRADAS!\",\"isPartOf\":{\"@id\":\"https:\/\/www.estrategiaconcursos.com.br\/blog\/#website\"},\"primaryImageOfPage\":{\"@id\":\"https:\/\/www.estrategiaconcursos.com.br\/blog\/edital-prefeitura-de-suzano\/#primaryimage\"},\"image\":{\"@id\":\"https:\/\/www.estrategiaconcursos.com.br\/blog\/edital-prefeitura-de-suzano\/#primaryimage\"},\"thumbnailUrl\":\"https:\/\/dhg1h5j42swfq.cloudfront.net\/2021\/05\/11104448\/suzano-1.jpg\",\"datePublished\":\"2022-03-07T02:59:00+00:00\",\"dateModified\":\"2022-03-07T18:07:19+00:00\",\"description\":\"Inscri\u00e7\u00f5es encerradas do edital do concurso da Prefeitura de Suzano - SP. S\u00e3o ofertadas 55 vagas + CR para todos os n\u00edveis de escolaridade!\",\"breadcrumb\":{\"@id\":\"https:\/\/www.estrategiaconcursos.com.br\/blog\/edital-prefeitura-de-suzano\/#breadcrumb\"},\"inLanguage\":\"pt-BR\",\"potentialAction\":[{\"@type\":\"ReadAction\",\"target\":[\"https:\/\/www.estrategiaconcursos.com.br\/blog\/edital-prefeitura-de-suzano\/\"]}]},{\"@type\":\"ImageObject\",\"inLanguage\":\"pt-BR\",\"@id\":\"https:\/\/www.estrategiaconcursos.com.br\/blog\/edital-prefeitura-de-suzano\/#primaryimage\",\"url\":\"https:\/\/dhg1h5j42swfq.cloudfront.net\/2021\/05\/11104448\/suzano-1.jpg\",\"contentUrl\":\"https:\/\/dhg1h5j42swfq.cloudfront.net\/2021\/05\/11104448\/suzano-1.jpg\",\"width\":1200,\"height\":628,\"caption\":\"Gabaritos do concurso Suzano\"},{\"@type\":\"BreadcrumbList\",\"@id\":\"https:\/\/www.estrategiaconcursos.com.br\/blog\/edital-prefeitura-de-suzano\/#breadcrumb\",\"itemListElement\":[{\"@type\":\"ListItem\",\"position\":1,\"name\":\"In\u00edcio\",\"item\":\"https:\/\/www.estrategiaconcursos.com.br\/blog\/\"},{\"@type\":\"ListItem\",\"position\":2,\"name\":\"Edital Prefeitura de Suzano: inscri\u00e7\u00f5es ENCERRADAS!\"}]},{\"@type\":\"WebSite\",\"@id\":\"https:\/\/www.estrategiaconcursos.com.br\/blog\/#website\",\"url\":\"https:\/\/www.estrategiaconcursos.com.br\/blog\/\",\"name\":\"Estrat\u00e9gia Concursos\",\"description\":\"O blog da Estrat\u00e9gia Concursos traz not\u00edcias sobre concursos e artigos de professores oferecendo cursos para concursos (pdf + videaulas) no site.\",\"publisher\":{\"@id\":\"https:\/\/www.estrategiaconcursos.com.br\/blog\/#organization\"},\"potentialAction\":[{\"@type\":\"SearchAction\",\"target\":{\"@type\":\"EntryPoint\",\"urlTemplate\":\"https:\/\/www.estrategiaconcursos.com.br\/blog\/?s={search_term_string}\"},\"query-input\":{\"@type\":\"PropertyValueSpecification\",\"valueRequired\":true,\"valueName\":\"search_term_string\"}}],\"inLanguage\":\"pt-BR\"},{\"@type\":\"Organization\",\"@id\":\"https:\/\/www.estrategiaconcursos.com.br\/blog\/#organization\",\"name\":\"Estrat\u00e9gia Concursos\",\"url\":\"https:\/\/www.estrategiaconcursos.com.br\/blog\/\",\"logo\":{\"@type\":\"ImageObject\",\"inLanguage\":\"pt-BR\",\"@id\":\"https:\/\/www.estrategiaconcursos.com.br\/blog\/#\/schema\/logo\/image\/\",\"url\":\"https:\/\/dhg1h5j42swfq.cloudfront.net\/2025\/06\/03203428\/logo_concursos-1.jpg\",\"contentUrl\":\"https:\/\/dhg1h5j42swfq.cloudfront.net\/2025\/06\/03203428\/logo_concursos-1.jpg\",\"width\":230,\"height\":60,\"caption\":\"Estrat\u00e9gia Concursos\"},\"image\":{\"@id\":\"https:\/\/www.estrategiaconcursos.com.br\/blog\/#\/schema\/logo\/image\/\"},\"sameAs\":[\"https:\/\/x.com\/EstratConcursos\"]},{\"@type\":\"Person\",\"@id\":\"https:\/\/www.estrategiaconcursos.com.br\/blog\/#\/schema\/person\/e3882259fa157d54c44c21f4ee4e0e60\",\"name\":\"B\u00e1rbara Carvalho Santos\",\"image\":{\"@type\":\"ImageObject\",\"inLanguage\":\"pt-BR\",\"@id\":\"https:\/\/secure.gravatar.com\/avatar\/353300f73140f779692b9be2b39f434d1341e4e34c7f55bd5a990fe29ef352eb?s=96&d=mm&r=g\",\"url\":\"https:\/\/secure.gravatar.com\/avatar\/353300f73140f779692b9be2b39f434d1341e4e34c7f55bd5a990fe29ef352eb?s=96&d=mm&r=g\",\"contentUrl\":\"https:\/\/secure.gravatar.com\/avatar\/353300f73140f779692b9be2b39f434d1341e4e34c7f55bd5a990fe29ef352eb?s=96&d=mm&r=g\",\"caption\":\"B\u00e1rbara Carvalho Santos\"},\"description\":\"M\u00e3e e jornalista formada pela UNIP, possui ampla experi\u00eancia na cobertura de entretenimento em grandes ve\u00edculos, como o site da CNN, RedeTV! e Estrat\u00e9gia Educacional. Atuou tamb\u00e9m em ag\u00eancias de marketing, produtoras musicais e assessorias de imprensa, com foco especial no trabalho com personalidades p\u00fablicas. Atualmente, integra a equipe do Estrat\u00e9gia Concursos, onde \u00e9 respons\u00e1vel pela produ\u00e7\u00e3o de conte\u00fados estrat\u00e9gicos voltados para o setor de concursos p\u00fablicos, com destaque para a \u00e1rea fiscal, gest\u00e3o, controle, concursos administrativos e Minist\u00e9rios participantes do CNU, al\u00e9m de diversos \u00f3rg\u00e3os federais. Tem como miss\u00e3o transformar informa\u00e7\u00f5es complexas em conte\u00fados acess\u00edveis, relevantes e de alto valor para quem sonha com uma carreira no servi\u00e7o p\u00fablico.\",\"url\":\"https:\/\/www.estrategiaconcursos.com.br\/blog\/author\/barbara-santos\/\"}]}<\/script>\n<!-- \/ Yoast SEO Premium plugin. -->","yoast_head_json":{"title":"Edital Prefeitura de Suzano: inscri\u00e7\u00f5es ENCERRADAS!","description":"Inscri\u00e7\u00f5es encerradas do edital do concurso da Prefeitura de Suzano - SP. S\u00e3o ofertadas 55 vagas + CR para todos os n\u00edveis de escolaridade!","robots":{"index":"index","follow":"follow","max-snippet":"max-snippet:-1","max-image-preview":"max-image-preview:large","max-video-preview":"max-video-preview:-1"},"canonical":"https:\/\/www.estrategiaconcursos.com.br\/blog\/edital-prefeitura-de-suzano\/","og_locale":"pt_BR","og_type":"article","og_title":"Edital Prefeitura de Suzano: inscri\u00e7\u00f5es ENCERRADAS!","og_description":"Inscri\u00e7\u00f5es encerradas do edital do concurso da Prefeitura de Suzano - SP. S\u00e3o ofertadas 55 vagas + CR para todos os n\u00edveis de escolaridade!","og_url":"https:\/\/www.estrategiaconcursos.com.br\/blog\/edital-prefeitura-de-suzano\/","og_site_name":"Estrat\u00e9gia Concursos","article_published_time":"2022-03-07T02:59:00+00:00","article_modified_time":"2022-03-07T18:07:19+00:00","og_image":[{"width":1200,"height":628,"url":"https:\/\/dhg1h5j42swfq.cloudfront.net\/2021\/05\/11104448\/suzano-1.jpg","type":"image\/jpeg"}],"author":"B\u00e1rbara Carvalho Santos","twitter_card":"summary_large_image","twitter_creator":"@EstratConcursos","twitter_site":"@EstratConcursos","twitter_misc":{"Escrito por":"B\u00e1rbara Carvalho Santos","Est. tempo de leitura":"5 minutos"},"schema":{"@context":"https:\/\/schema.org","@graph":[{"@type":"NewsArticle","@id":"https:\/\/www.estrategiaconcursos.com.br\/blog\/edital-prefeitura-de-suzano\/#article","isPartOf":{"@id":"https:\/\/www.estrategiaconcursos.com.br\/blog\/edital-prefeitura-de-suzano\/"},"author":{"name":"B\u00e1rbara Carvalho Santos","@id":"https:\/\/www.estrategiaconcursos.com.br\/blog\/#\/schema\/person\/e3882259fa157d54c44c21f4ee4e0e60"},"headline":"Edital Prefeitura de Suzano: inscri\u00e7\u00f5es ENCERRADAS!","datePublished":"2022-03-07T02:59:00+00:00","dateModified":"2022-03-07T18:07:19+00:00","mainEntityOfPage":{"@id":"https:\/\/www.estrategiaconcursos.com.br\/blog\/edital-prefeitura-de-suzano\/"},"wordCount":824,"commentCount":0,"publisher":{"@id":"https:\/\/www.estrategiaconcursos.com.br\/blog\/#organization"},"image":{"@id":"https:\/\/www.estrategiaconcursos.com.br\/blog\/edital-prefeitura-de-suzano\/#primaryimage"},"thumbnailUrl":"https:\/\/dhg1h5j42swfq.cloudfront.net\/2021\/05\/11104448\/suzano-1.jpg","articleSection":["Executivo (Administrativa)","\u00daltimas not\u00edcias"],"inLanguage":"pt-BR","potentialAction":[{"@type":"CommentAction","name":"Comment","target":["https:\/\/www.estrategiaconcursos.com.br\/blog\/edital-prefeitura-de-suzano\/#respond"]}],"copyrightYear":"2022","copyrightHolder":{"@id":"https:\/\/www.estrategiaconcursos.com.br\/blog\/#organization"}},{"@type":"WebPage","@id":"https:\/\/www.estrategiaconcursos.com.br\/blog\/edital-prefeitura-de-suzano\/","url":"https:\/\/www.estrategiaconcursos.com.br\/blog\/edital-prefeitura-de-suzano\/","name":"Edital Prefeitura de Suzano: inscri\u00e7\u00f5es ENCERRADAS!","isPartOf":{"@id":"https:\/\/www.estrategiaconcursos.com.br\/blog\/#website"},"primaryImageOfPage":{"@id":"https:\/\/www.estrategiaconcursos.com.br\/blog\/edital-prefeitura-de-suzano\/#primaryimage"},"image":{"@id":"https:\/\/www.estrategiaconcursos.com.br\/blog\/edital-prefeitura-de-suzano\/#primaryimage"},"thumbnailUrl":"https:\/\/dhg1h5j42swfq.cloudfront.net\/2021\/05\/11104448\/suzano-1.jpg","datePublished":"2022-03-07T02:59:00+00:00","dateModified":"2022-03-07T18:07:19+00:00","description":"Inscri\u00e7\u00f5es encerradas do edital do concurso da Prefeitura de Suzano - SP. S\u00e3o ofertadas 55 vagas + CR para todos os n\u00edveis de escolaridade!","breadcrumb":{"@id":"https:\/\/www.estrategiaconcursos.com.br\/blog\/edital-prefeitura-de-suzano\/#breadcrumb"},"inLanguage":"pt-BR","potentialAction":[{"@type":"ReadAction","target":["https:\/\/www.estrategiaconcursos.com.br\/blog\/edital-prefeitura-de-suzano\/"]}]},{"@type":"ImageObject","inLanguage":"pt-BR","@id":"https:\/\/www.estrategiaconcursos.com.br\/blog\/edital-prefeitura-de-suzano\/#primaryimage","url":"https:\/\/dhg1h5j42swfq.cloudfront.net\/2021\/05\/11104448\/suzano-1.jpg","contentUrl":"https:\/\/dhg1h5j42swfq.cloudfront.net\/2021\/05\/11104448\/suzano-1.jpg","width":1200,"height":628,"caption":"Gabaritos do concurso Suzano"},{"@type":"BreadcrumbList","@id":"https:\/\/www.estrategiaconcursos.com.br\/blog\/edital-prefeitura-de-suzano\/#breadcrumb","itemListElement":[{"@type":"ListItem","position":1,"name":"In\u00edcio","item":"https:\/\/www.estrategiaconcursos.com.br\/blog\/"},{"@type":"ListItem","position":2,"name":"Edital Prefeitura de Suzano: inscri\u00e7\u00f5es ENCERRADAS!"}]},{"@type":"WebSite","@id":"https:\/\/www.estrategiaconcursos.com.br\/blog\/#website","url":"https:\/\/www.estrategiaconcursos.com.br\/blog\/","name":"Estrat\u00e9gia Concursos","description":"O blog da Estrat\u00e9gia Concursos traz not\u00edcias sobre concursos e artigos de professores oferecendo cursos para concursos (pdf + videaulas) no site.","publisher":{"@id":"https:\/\/www.estrategiaconcursos.com.br\/blog\/#organization"},"potentialAction":[{"@type":"SearchAction","target":{"@type":"EntryPoint","urlTemplate":"https:\/\/www.estrategiaconcursos.com.br\/blog\/?s={search_term_string}"},"query-input":{"@type":"PropertyValueSpecification","valueRequired":true,"valueName":"search_term_string"}}],"inLanguage":"pt-BR"},{"@type":"Organization","@id":"https:\/\/www.estrategiaconcursos.com.br\/blog\/#organization","name":"Estrat\u00e9gia Concursos","url":"https:\/\/www.estrategiaconcursos.com.br\/blog\/","logo":{"@type":"ImageObject","inLanguage":"pt-BR","@id":"https:\/\/www.estrategiaconcursos.com.br\/blog\/#\/schema\/logo\/image\/","url":"https:\/\/dhg1h5j42swfq.cloudfront.net\/2025\/06\/03203428\/logo_concursos-1.jpg","contentUrl":"https:\/\/dhg1h5j42swfq.cloudfront.net\/2025\/06\/03203428\/logo_concursos-1.jpg","width":230,"height":60,"caption":"Estrat\u00e9gia Concursos"},"image":{"@id":"https:\/\/www.estrategiaconcursos.com.br\/blog\/#\/schema\/logo\/image\/"},"sameAs":["https:\/\/x.com\/EstratConcursos"]},{"@type":"Person","@id":"https:\/\/www.estrategiaconcursos.com.br\/blog\/#\/schema\/person\/e3882259fa157d54c44c21f4ee4e0e60","name":"B\u00e1rbara Carvalho Santos","image":{"@type":"ImageObject","inLanguage":"pt-BR","@id":"https:\/\/secure.gravatar.com\/avatar\/353300f73140f779692b9be2b39f434d1341e4e34c7f55bd5a990fe29ef352eb?s=96&d=mm&r=g","url":"https:\/\/secure.gravatar.com\/avatar\/353300f73140f779692b9be2b39f434d1341e4e34c7f55bd5a990fe29ef352eb?s=96&d=mm&r=g","contentUrl":"https:\/\/secure.gravatar.com\/avatar\/353300f73140f779692b9be2b39f434d1341e4e34c7f55bd5a990fe29ef352eb?s=96&d=mm&r=g","caption":"B\u00e1rbara Carvalho Santos"},"description":"M\u00e3e e jornalista formada pela UNIP, possui ampla experi\u00eancia na cobertura de entretenimento em grandes ve\u00edculos, como o site da CNN, RedeTV! e Estrat\u00e9gia Educacional. Atuou tamb\u00e9m em ag\u00eancias de marketing, produtoras musicais e assessorias de imprensa, com foco especial no trabalho com personalidades p\u00fablicas. Atualmente, integra a equipe do Estrat\u00e9gia Concursos, onde \u00e9 respons\u00e1vel pela produ\u00e7\u00e3o de conte\u00fados estrat\u00e9gicos voltados para o setor de concursos p\u00fablicos, com destaque para a \u00e1rea fiscal, gest\u00e3o, controle, concursos administrativos e Minist\u00e9rios participantes do CNU, al\u00e9m de diversos \u00f3rg\u00e3os federais. Tem como miss\u00e3o transformar informa\u00e7\u00f5es complexas em conte\u00fados acess\u00edveis, relevantes e de alto valor para quem sonha com uma carreira no servi\u00e7o p\u00fablico.","url":"https:\/\/www.estrategiaconcursos.com.br\/blog\/author\/barbara-santos\/"}]}},"_links":{"self":[{"href":"https:\/\/www.estrategiaconcursos.com.br\/blog\/wp-json\/wp\/v2\/posts\/958517","targetHints":{"allow":["GET"]}}],"collection":[{"href":"https:\/\/www.estrategiaconcursos.com.br\/blog\/wp-json\/wp\/v2\/posts"}],"about":[{"href":"https:\/\/www.estrategiaconcursos.com.br\/blog\/wp-json\/wp\/v2\/types\/post"}],"author":[{"embeddable":true,"href":"https:\/\/www.estrategiaconcursos.com.br\/blog\/wp-json\/wp\/v2\/users\/2018"}],"replies":[{"embeddable":true,"href":"https:\/\/www.estrategiaconcursos.com.br\/blog\/wp-json\/wp\/v2\/comments?post=958517"}],"version-history":[{"count":13,"href":"https:\/\/www.estrategiaconcursos.com.br\/blog\/wp-json\/wp\/v2\/posts\/958517\/revisions"}],"predecessor-version":[{"id":982126,"href":"https:\/\/www.estrategiaconcursos.com.br\/blog\/wp-json\/wp\/v2\/posts\/958517\/revisions\/982126"}],"wp:featuredmedia":[{"embeddable":true,"href":"https:\/\/www.estrategiaconcursos.com.br\/blog\/wp-json\/wp\/v2\/media\/737247"}],"wp:attachment":[{"href":"https:\/\/www.estrategiaconcursos.com.br\/blog\/wp-json\/wp\/v2\/media?parent=958517"}],"wp:term":[{"taxonomy":"category","embeddable":true,"href":"https:\/\/www.estrategiaconcursos.com.br\/blog\/wp-json\/wp\/v2\/categories?post=958517"},{"taxonomy":"post_tag","embeddable":true,"href":"https:\/\/www.estrategiaconcursos.com.br\/blog\/wp-json\/wp\/v2\/tags?post=958517"},{"taxonomy":"tax_estado","embeddable":true,"href":"https:\/\/www.estrategiaconcursos.com.br\/blog\/wp-json\/wp\/v2\/tax_estado?post=958517"}],"curies":[{"name":"wp","href":"https:\/\/api.w.org\/{rel}","templated":true}]}}