{"id":958127,"date":"2022-01-31T10:10:02","date_gmt":"2022-01-31T13:10:02","guid":{"rendered":"https:\/\/www.estrategiaconcursos.com.br\/blog\/?p=958127"},"modified":"2023-05-08T17:44:09","modified_gmt":"2023-05-08T20:44:09","slug":"gabarito-extraoficial-ibama-analista-ambiental-tema-3","status":"publish","type":"post","link":"https:\/\/www.estrategiaconcursos.com.br\/blog\/gabarito-extraoficial-ibama-analista-ambiental-tema-3\/","title":{"rendered":"Gabarito Extraoficial IBAMA \u2013 Analista Ambiental &#8211; Tema 3"},"content":{"rendered":"\n<p>Foram realizadas neste domingo, 30 de janeiro, <strong>as Provas Objetiva e Discursiva do concurso IBAMA<\/strong>, para os cargos de <strong>T\u00e9cnico Ambiental, Analista Administrativo e Analista Ambiental<\/strong>.<\/p>\n\n\n\n<p>Desta forma, a previs\u00e3o de divulga\u00e7\u00e3o do gabarito preliminar \u00e9 para ter\u00e7a-feira, 1\u00ba de fevereiro, a partir das 19h no site do <a href=\"https:\/\/www.cebraspe.org.br\/concursos\/ibama_21\" target=\"_blank\" rel=\"noreferrer noopener\">Cebraspe<\/a>.<\/p>\n\n\n\n<p>No entanto, sabemos que a ansiedade para conhecer seus acertos e erros \u00e9 grande. Por isso, realizamos \u00e0 corre\u00e7\u00e3o AO VIVO das provas do certame. <\/p>\n\n\n\n<p>Agora, voc\u00ea j\u00e1 pode conferir o <strong>gabarito extraoficial IBAMA para o cargo de Analista Ambiental &#8211; TEMA 3.<\/strong><\/p>\n\n\n\n<p class=\"has-text-align-center has-light-green-cyan-color has-black-background-color has-text-color has-background\" style=\"font-size:clamp(16.293px, 1.018rem + ((1vw - 3.2px) * 0.854), 25px);\"><strong> [ATUALIZADO] Corre\u00e7\u00e3o concurso IBAMA, CONFIRA<\/strong>!<\/p>\n\n\n\n<h2 class=\"wp-block-heading\" id=\"h-gabarito-extraoficial-ibama-analista-tema-3\">Gabarito Extraoficial IBAMA: Analista &#8211; Tema 3:<\/h2>\n\n\n\n<p>Abaixo voc\u00ea confere as respostas do Gabarito Extraoficial IBAMA &#8211; Tema 3, realizadas pelo nosso time de professores:<\/p>\n\n\n\n<p><strong>Quest\u00e3o 1: A rela\u00e7\u00e3o da cultura com a cidadania..<br \/>Gabarito:<\/strong> CERTO<\/p>\n\n\n\n<p><strong>Quest\u00e3o 2: O segundo per\u00edodo do primeiro par\u00e1grafo..<br \/>Gabarito:<\/strong> CERTO<\/p>\n\n\n\n<p><strong>Quest\u00e3o 3: O empresa da express\u00e3o &#8220;\u00c9 (..) que&#8221;..<br \/>Gabarito:<\/strong> CERTO<\/p>\n\n\n\n<p><strong>Quest\u00e3o 4: Os sentidos do segundo per\u00edodo..<br \/>Gabarito:<\/strong> ERRADO<\/p>\n\n\n\n<p><strong>Quest\u00e3o 5: Os sentidos do texto permitem afirmar&#8230;<br \/>Gabarito:<\/strong> ERRADO<\/p>\n\n\n\n<p><strong>Quest\u00e3o 6: A inser\u00e7\u00e3o de uma virgula logo ap\u00f3s..<br \/>Gabarito:<\/strong> ERRADO<\/p>\n\n\n\n<p><strong>Quest\u00e3o 7: Seria mantida a coer\u00eancia..<br \/>Gabarito:<\/strong> CERTO<\/p>\n\n\n\n<p><strong>Quest\u00e3o 8: Em &#8220;roubando-lhe parte do ser&#8221;..<br \/>Gabarito:<\/strong> CERTO<\/p>\n\n\n\n<p><strong>Quest\u00e3o 9:  Em &#8220;a cultura \u00e9 o que nos d\u00e1 consci\u00eancia..&#8221;<\/strong><br \/><strong>Gabarito:<\/strong> ERRADO<\/p>\n\n\n\n<p><strong>Quest\u00e3o 10: A ora\u00e7\u00e3o &#8220;o que comanda as migra\u00e7\u00f5es&#8221;..<br \/>Gabarito:<\/strong> ERRADO<\/p>\n\n\n\n<p><strong>Quest\u00e3o 11: Banco de dados do modelo NoSQL..<br \/>Gabarito:<\/strong> ERRADO<\/p>\n\n\n\n<p><strong>Quest\u00e3o 12: Segundo a Lei n\u00ba 12.527\/2011, pedido..<br \/>Gabarito:<\/strong> ERRADO<\/p>\n\n\n\n<p><strong>Quest\u00e3o 13: O Microsoft Office 365 utiliza..<br \/>Gabarito:<\/strong> ERRADO<\/p>\n\n\n\n<p><strong>Quest\u00e3o 14: Em uma planilha Excel, a divis\u00e3o..<br \/>Gabarito:<\/strong> ERRADO<\/p>\n\n\n\n<p><strong>Quest\u00e3o 15: Dado com identifica\u00e7\u00e3o gen\u00e9tica..<\/strong><br \/><strong>Gabarito:<\/strong> CERTO<\/p>\n\n\n\n<p><strong>Quest\u00e3o 16: Mediante lei ordin\u00e1ria federal..<br \/>Gabarito:<\/strong> ERRADO<\/p>\n\n\n\n<p><strong>Quest\u00e3o 17: Em raz\u00e3o da essencialidade..<br \/>Gabarito:<\/strong> ERRADO<\/p>\n\n\n\n<p><strong>Quest\u00e3o 18: De acordo com o entendimento &#8230;<br \/>Gabarito:<\/strong> ERRADO<\/p>\n\n\n\n<p><strong>Quest\u00e3o 19: Diferentemente da responsabilidade civil..<br \/>Gabarito:<\/strong> CERTO<\/p>\n\n\n\n<p><strong>Quest\u00e3o 20: A participa\u00e7\u00e3o dos cidad\u00e3os..<\/strong><br \/><strong>Gabarito:<\/strong> CERTO<\/p>\n\n\n\n<p><strong>Quest\u00e3o 21: O aproveitamento dos recursos h\u00eddricos..<br \/>Gabarito:<\/strong> ERRADO<\/p>\n\n\n\n<p><strong>Quest\u00e3o 22: O IBAMA \u00e9 uma funda\u00e7\u00e3o p\u00fablica..<br \/>Gabarito:<\/strong> ERRADO<\/p>\n\n\n\n<p><strong>Quest\u00e3o 23: Os servi\u00e7os econ\u00f4micos s\u00e3o aqueles..<br \/>Gabarito:<\/strong> CERTO<\/p>\n\n\n\n<p><strong>Quest\u00e3o 24: O IBAMA tem a prerrogativa legal..<br \/>Gabarito:<\/strong> CERTO<\/p>\n\n\n\n<p><strong>Quest\u00e3o 25: Quando da apura\u00e7\u00e3o de responsabilidade..<br \/>Gabarito:<\/strong> CERTO<\/p>\n\n\n\n<p><strong>Quest\u00e3o 26: Para contrata\u00e7\u00e3o de obras, servi\u00e7os..<br \/>Gabarito:<\/strong> CERTO<\/p>\n\n\n\n<p><strong>Quest\u00e3o 27: A assessoria ao presidente da Rep\u00fablica..<br \/>Gabarito:<\/strong> CERTO<\/p>\n\n\n\n<p><strong>Quest\u00e3o 28: O fato de o agente de crime..<br \/>Gabarito:<\/strong> CERTO<\/p>\n\n\n\n<p><strong>Quest\u00e3o 29: \u00c9 legalmente previsto que..<br \/>Gabarito:<\/strong> ERRADO<\/p>\n\n\n\n<p><strong>Quest\u00e3o 30: Embora os pantanais sejam \u00e1reas..<br \/>Gabarito:<\/strong> CERTO<\/p>\n\n\n\n<p><strong>Quest\u00e3o 31: O ordenamento dos recursos florestais..<br \/>Gabarito:<\/strong> CERTO<\/p>\n\n\n\n<p><strong>Quest\u00e3o 32: Desde que n\u00e3o sejam impostos..<br \/>Gabarito:<\/strong> ERRADO<\/p>\n\n\n\n<p><strong>Quest\u00e3o 33: O Conselho Nacional da Amaz\u00f4nia Legal..<br \/>Gabarito:<\/strong> ERRADO<\/p>\n\n\n\n<p><strong>Quest\u00e3o 34: Como meio de assegurar a efetividade..<\/strong><br \/><strong>Gabarito:<\/strong> CERTO<\/p>\n\n\n\n<p><strong>Quest\u00e3o 35: O dano moral coletivo ambiental..<br \/>Gabarito:<\/strong> ERRADO<\/p>\n\n\n\n<p><strong>Quest\u00e3o 36: A altera\u00e7\u00e3o ou supress\u00e3o dos espa\u00e7os..<br \/>Gabarito:<\/strong> ERRADO<\/p>\n\n\n\n<p><strong>Quest\u00e3o 37: Embora n\u00e3o tenha status constitucional..<br \/>Gabarito:<\/strong> ERRADO<\/p>\n\n\n\n<p><strong>Quest\u00e3o 38: Pelo principio do poluidor pagador..<br \/>Gabarito:<\/strong> CERTO<\/p>\n\n\n\n<p><strong>Quest\u00e3o 39: Aquele a quem se impute..<br \/>Gabarito:<\/strong> CERTO<\/p>\n\n\n\n<p><strong>Quest\u00e3o 40: O princ\u00edpio da preven\u00e7\u00e3o \u00e9 adotado..<\/strong><br \/><strong>Gabarito<\/strong>: ERRADO<\/p>\n\n\n\n<p><strong>Quest\u00e3o 41: Em 2022, determinado programa..<br \/>Gabarito:<\/strong> ERRADO<\/p>\n\n\n\n<p><strong>Quest\u00e3o 42: Foi aberta a consulta p\u00fablica..<br \/>Gabarito:<\/strong> ERRADO<\/p>\n\n\n\n<p><strong>Quest\u00e3o 43: O poder p\u00fablico pretende..<br \/>Gabarito:<\/strong> ERRADO<\/p>\n\n\n\n<p><strong>Quest\u00e3o 44: Determinado projeto de lei prop\u00f5e..<br \/>Gabarito:<\/strong> CERTO <\/p>\n\n\n\n<p><strong>Quest\u00e3o 45: A partir de 2019, passou..<br \/>Gabarito:<\/strong> CERTO<\/p>\n\n\n\n<p><strong>Quest\u00e3o 46: A atua\u00e7\u00e3o do superior hier\u00e1rquico..<br \/>Gabarito:<\/strong> ERRADO<\/p>\n\n\n\n<p><strong>Quest\u00e3o 47: Tal conduta do superior hier\u00e1rquico..<br \/>Gabarito:<\/strong> CERTO<\/p>\n\n\n\n<p><strong>Quest\u00e3o 48: Tal conduta do superior hier\u00e1rquico \u00e9 expressamente..<br \/>Gabarito:<\/strong> CERTO<\/p>\n\n\n\n<p><strong>Quest\u00e3o 49: Trata-se de conduta expressamente proibida..<br \/>Gabarito:<\/strong> CERTO<\/p>\n\n\n\n<p><strong>Quest\u00e3o 50: Tal conduta poder\u00e1 acarretar..<br \/>Gabarito:<\/strong> ERRADO<\/p>\n\n\n\n<p><strong>Quest\u00e3o 51: Experts predict an abrupt change..<br \/>Gabarito:<\/strong> ERRADO<\/p>\n\n\n\n<p><strong>Quest\u00e3o 52: Certain extreme weather and..<br \/>Gabarito:<\/strong> CERTO<\/p>\n\n\n\n<p><strong>Quest\u00e3o 53: The author points out human..<br \/>Gabarito:<\/strong> ERRADO<\/p>\n\n\n\n<p><strong>Quest\u00e3o 54: Contamination by pesticides in European..<br \/>Gabarito:<\/strong> ERRADO<\/p>\n\n\n\n<p><strong>Quest\u00e3o 55: From 2013 to 2019, the percentage..<br \/>Gabarito:<\/strong> CERTO<\/p>\n\n\n\n<p><strong>Quest\u00e3o 56: Considera-se que os acordos ou..<br \/>Gabarito:<\/strong> ERRADO<\/p>\n\n\n\n<p><strong>Quest\u00e3o 57: S\u00e3o caracterizados como res\u00edduos &#8230;<br \/>Gabarito:<\/strong> ERRADO<\/p>\n\n\n\n<p><strong>Quest\u00e3o 58: Pessoa do exterior que adquirir..<br \/>Gabarito:<\/strong> ERRADO<\/p>\n\n\n\n<p><strong>Quest\u00e3o 59: A descarga de \u00f3leo, misturas oleosas..<br \/>Gabarito:<\/strong> CERTO<\/p>\n\n\n\n<p><strong>Quest\u00e3o 60: \u00c9 proibida a importa\u00e7\u00e3o dos res\u00edduos..<br \/>Gabarito:<\/strong> ERRADO<\/p>\n\n\n\n<p><strong>Quest\u00e3o 61: O plano de gerenciamento de coleta, armazenamento..<br \/>Gabarito:<\/strong> ERRADO<\/p>\n\n\n\n<p><strong>Quest\u00e3o 62: As pilhas e baterias do tipo bot\u00e3o..<br \/>Gabarito:<\/strong> CERTO<\/p>\n\n\n\n<p><strong>Quest\u00e3o 63: A base de c\u00e1lculo da quantia de \u00f3leo..<br \/>Gabarito:<\/strong> CERTO<\/p>\n\n\n\n<p><strong>Quest\u00e3o 64: Na implementa\u00e7\u00e3o da PNMC.. <br \/>Gabarito:<\/strong> ERRADO<\/p>\n\n\n\n<p><strong>Quest\u00e3o 65: Os princ\u00edpios a serem observados&#8230;<br \/>Gabarito:<\/strong> CERTO<\/p>\n\n\n\n<p><strong>Quest\u00e3o 66: No contexto dos objetivos da economia..<br \/>Gabarito:<\/strong> CERTO<\/p>\n\n\n\n<p><strong>Quest\u00e3o 67: O Programa Nacional de Educa\u00e7\u00e3o e Controle..<br \/>Gabarito:<\/strong> ERRADO<\/p>\n\n\n\n<p><strong>Quest\u00e3o 68: Para limitar a pot\u00eancia sonora de bens de consumo..<br \/>Gabarito:<\/strong> ERRADO<\/p>\n\n\n\n<p><strong>Quest\u00e3o 69: \u00d3rg\u00e3os e entidades governamentais devem..<br \/>Gabarito:<\/strong> CERTO<\/p>\n\n\n\n<p><strong>Quest\u00e3o 70: A modifica\u00e7\u00e3o na inscri\u00e7\u00e3o do cadastro..<br \/>Gabarito:<\/strong> ERRADO<\/p>\n\n\n\n<p><strong>Quest\u00e3o 71: Para o enquadramento na situa\u00e7\u00e3o &#8220;encerrado&#8221;, quando..<br \/>Gabarito:<\/strong> ERRADO<\/p>\n\n\n\n<p><strong>Quest\u00e3o 72: Havendo necessidade de atendimento a conven\u00e7\u00f5es..<br \/>Gabarito:<\/strong> CERTO<\/p>\n\n\n\n<p><strong>Quest\u00e3o 73: Os m\u00e9todos diretos de investiga\u00e7\u00e3o..<br \/>Gabarito:<\/strong> ERRADO<\/p>\n\n\n\n<p><strong>Quest\u00e3o 74: A utiliza\u00e7\u00e3o de microrganismos aut\u00f3ctones..<br \/>Gabarito:<\/strong> CERTO<\/p>\n\n\n\n<p><strong>Quest\u00e3o 75: A comercializa\u00e7\u00e3o e o uso de remediadores..<br \/>Gabarito:<\/strong> ERRADO<\/p>\n\n\n\n<p><strong>Quest\u00e3o 76: A forma tridimensional do perfil desse solo..<br \/>Gabarito:<\/strong> ERRADO<\/p>\n\n\n\n<p><strong>Quest\u00e3o 77: O perfil desse solo \u00e9 constitu\u00eddo&#8230;<br \/>Gabarito:<\/strong> CERTO<\/p>\n\n\n\n<p><strong>Quest\u00e3o 78: O horizonte C do perfil em quest\u00e3o apresenta&#8230;<br \/>Gabarito:<\/strong> CERTO<\/p>\n\n\n\n<p><strong>Quest\u00e3o 79: A heterogeneidade mineral, a diversidade..<br \/>Gabarito:<\/strong> ERRADO<\/p>\n\n\n\n<p><strong>Quest\u00e3o 80: Os latossolos s\u00e3o solos de elevado..<br \/>Gabarito:<\/strong> CERTO<\/p>\n\n\n\n<p><strong>Quest\u00e3o 81: Os latossolos s\u00e3o solos pouco profundos..<br \/>Gabarito:<\/strong> ERRADO<\/p>\n\n\n\n<p><strong>Quest\u00e3o 82: Os latossolos apresentam um expressivo..<br \/>Gabarito:<\/strong> CERTO<\/p>\n\n\n\n<p><strong>Quest\u00e3o 83: A classe dos plintossolos caracteriza-se pela &#8230;<br \/>Gabarito:<\/strong> CERTO<\/p>\n\n\n\n<p><strong>Quest\u00e3o 84: Os gleissolos s\u00e3o formados em ambientes &#8230;<\/strong><br \/><strong>Gabaritos:<\/strong> ERRADO<\/p>\n\n\n\n<p><strong>Quest\u00e3o 85: Os cambissolos caracterizam-se por grande fertilidade..<br \/>Gabarito:<\/strong> ERRADO<\/p>\n\n\n\n<p><strong>Quest\u00e3o 86: Os principais modelos de pontas de pulveriza\u00e7\u00e3o..<br \/>Gabarito:<\/strong> ERRADO<\/p>\n\n\n\n<p><strong>Quest\u00e3o 87: A pulveriza\u00e7\u00e3o de inseticida por ocasi\u00e3o da desfolha&#8230;<br \/>Gabarito:<\/strong> ERRADO<\/p>\n\n\n\n<p><strong>Quest\u00e3o 88: Microrganismos endof\u00edticos podem atuar como agentes..<br \/>Gabarito:<\/strong> CERTO<\/p>\n\n\n\n<p><strong>Quest\u00e3o 89: Se, em uma planta\u00e7\u00e3o de laranja, tiver sido..<br \/>Gabarito:<\/strong> CERTO<\/p>\n\n\n\n<p><strong>Quest\u00e3o 90: DL \u00e9 a dose de uma subst\u00e2ncia administrativa&#8230; <br \/>Gabarito:<\/strong> ERRADO<\/p>\n\n\n\n<p><strong>Quest\u00e3o 91: A utiliza\u00e7\u00e3o de clorpirifos pr\u00f3xima a col\u00f4nias..<br \/>Gabarito:<\/strong> ERRADO<\/p>\n\n\n\n<p><strong>Quest\u00e3o 92: O estudo de res\u00edduo dever\u00e1 ser realizado&#8230;<br \/>Gabarito:<\/strong> CERTO<\/p>\n\n\n\n<p><strong>Quest\u00e3o 93: A avalia\u00e7\u00e3o de risco para abelhas dever\u00e1 &#8230;<br \/>Gabarito:<\/strong> ERRADO<\/p>\n\n\n\n<p><strong>Quest\u00e3o 94: Os HPAs s\u00e3o liberados pelos escapamentos&#8230;<br \/>Gabarito:<\/strong> CERTO<\/p>\n\n\n\n<p><strong>Quest\u00e3o 95: Os HPAs s\u00e3o compostos org\u00e2nicos formados&#8230;<br \/>Gabarito:<\/strong> ERRADO<\/p>\n\n\n\n<p><strong>Quest\u00e3o 96: No ambiente, os HPAs s\u00e3o transportados..<br \/>Gabarito:<\/strong> CERTO<\/p>\n\n\n\n<p><strong>Quest\u00e3o 97: Os inc\u00eandios florestais e a queima de combust\u00edveis..<br \/>Gabarito:<\/strong> ERRADO<\/p>\n\n\n\n<p><strong>Quest\u00e3o 98: HPAs causam a morte da fauna aqu\u00e1tica..<br \/>Gabarito:<\/strong> ERRADO<\/p>\n\n\n\n<p><strong>Quest\u00e3o 99: A limnologia \u00e9 o ramo da biologia que estuda..<br \/>Gabarito:<\/strong> CERTO<\/p>\n\n\n\n<p><strong>Quest\u00e3o 100: Entre os peixes, o filhote \u00e9 o \u00fanico..<br \/>Gabarito:<\/strong> ERRADO<\/p>\n\n\n\n<p><strong>Quest\u00e3o 101: Metaloprote\u00ednas podem ser usadas como&#8230;<br \/>Gabarito:<\/strong> CERTO<\/p>\n\n\n\n<p><strong>Quest\u00e3o 102: DCs s\u00e3o largamente encontrados em lagos..<br \/>Gabarito:<\/strong> ERRADO<\/p>\n\n\n\n<p><strong>Quest\u00e3o 103: Por serem pouco t\u00f3xicos aos meio ambiente..<br \/>Gabarito:<\/strong> CERTO<\/p>\n\n\n\n<p><strong>Quest\u00e3o 104: A decomposi\u00e7\u00e3o em meio \u00e1cido de um mol&#8230;<br \/>Gabarito:<\/strong> CERTO<\/p>\n\n\n\n<p><strong>Quest\u00e3o 105: A m\u00e9dia da vari\u00e1vel Y \u00e9 igual..<br \/>Gabarito:<\/strong> CERTO<\/p>\n\n\n\n<p><strong>Quest\u00e3o 106: P (Y &lt;10)&#8230;<br \/>Gabarito:<\/strong> CERTO<\/p>\n\n\n\n<p><strong>Quest\u00e3o 107: P = 0,9 ..<br \/>Gabarito:<\/strong> ERRADO<\/p>\n\n\n\n<p><strong>Quest\u00e3o 108: Para a estima\u00e7\u00e3o da m\u00e9dia populacional..<br \/>Gabarito:<\/strong> ERRADO<\/p>\n\n\n\n<p><strong>Quest\u00e3o 109: O coeficiente de varia\u00e7\u00e3o foi..<br \/>Gabarito:<\/strong> ERRADO<\/p>\n\n\n\n<p><strong>Quest\u00e3o 110: Na situa\u00e7\u00e3o em tela, o valor 12..<br \/>Gabarito:<\/strong> CERTO<\/p>\n\n\n\n<p><strong>Quest\u00e3o 111: O in\u00edcio dos estudos e das aplica\u00e7\u00f5es..<br \/>Gabarito:<\/strong> ERRADO<\/p>\n\n\n\n<p><strong>Quest\u00e3o 112: Os fundamentos te\u00f3ricos da economia..<br \/>Gabarito:<\/strong> ERRADO<\/p>\n\n\n\n<p><strong>Quest\u00e3o 113: As pesquisas que envolvem as quest\u00f5es..<br \/>Gabarito:<\/strong> CERTO<\/p>\n\n\n\n<p><strong>Quest\u00e3o 114: A pauta ambiental tem marcado&#8230;<br \/>Gabarito:<\/strong> CERTO<\/p>\n\n\n\n<p><strong>Quest\u00e3o 115: A necessidade de substitui\u00e7\u00e3o do modelo..<br \/>Gabarito:<\/strong> ERRADO<\/p>\n\n\n\n<p><strong>Quest\u00e3o 116: Ao utilizarem certificados e recursos..<br \/>Gabarito:<\/strong> CERTO<\/p>\n\n\n\n<p><strong>Quest\u00e3o 117: Recursos naturais como \u00e1gua, minerais e &#8230;<br \/>Gabarito:<\/strong> CERTO<\/p>\n\n\n\n<p><strong>Quest\u00e3o 118: O valor econ\u00f4mico de um recurso ambiental..<br \/>Gabarito:<\/strong> ERRADO<\/p>\n\n\n\n<p><strong>Quest\u00e3o 119: A valora\u00e7\u00e3o ambiental consiste em avaliar..<br \/>Gabarito:<\/strong> ERRADO<\/p>\n\n\n\n<p><strong>Quest\u00e3o 120: Ao contr\u00e1rio do paradigma de que os recursos&#8230;<br \/>Gabarito:<\/strong> CERTO<\/p>\n\n\n\n<p class=\"has-text-align-center has-light-green-cyan-background-color has-background has-medium-font-size\"><strong>Mais informa\u00e7\u00f5es: <a href=\"https:\/\/www.estrategiaconcursos.com.br\/blog\/concurso-ibama\/\" target=\"_blank\" rel=\"noreferrer noopener\">Concurso IBAMA<\/a><\/strong><\/p>\n\n\n\n<div class=\"container\" id=\"boxes\">\n  <div class=\"row\">\n\n    <div class=\"col-sm\">\n      <div class=\"banner-estrategia\" id=\"box-assinatura\">\n        <h3 class=\"titulo-assinatura\">Cursos para IBAMA<\/h3>\n        <p class=\"subtitulo-assinatura\">Estude conosco<\/p>\n        <div class=\"box-botao\">\n          <a class=\"btn-assinatura\" target=\"_blank\" href=\"https:\/\/www.estrategiaconcursos.com.br\/cursosPorConcurso\/ibama-analista-61\/\" role=\"button\" rel=\"noopener noreferrer\">Conhe\u00e7a os cursos<\/a>\n        <\/div>\n      <\/div>\n     \n    <\/div>\n\n  <\/div>\n<\/div>\n\n\n\n<div class=\"container\" id=\"boxes\">\n  <div class=\"row\">\n\n    <div class=\"col-sm\">\n      <div class=\"estrategia\" id=\"box-assinatura\">\n        <h3 class=\"titulo-assinatura\">Assinatura Concursos<\/h3>\n        <p class=\"subtitulo-assinatura\">Assinatura de 1 ano ou 2 anos<\/p>\n        <div class=\"box-botao\">\n          <a class=\"btn-assinatura\" target=\"_blank\" href=\"https:\/\/www.estrategiaconcursos.com.br\/assinaturas\/\" role=\"button\" rel=\"noopener noreferrer\">ASSINE AGORA<\/a>\n        <\/div>\n      <\/div><\/div><\/div><\/div>\n\n\n\n<h2 class=\"wp-block-heading has-text-align-center\">Quer saber tudo sobre concursos previstos?<br \/>Confira nossos artigos!<\/h2>\n\n\n\n<ul class=\"wp-block-list\">\n<li><a target=\"_blank\" href=\"https:\/\/www.estrategiaconcursos.com.br\/blog\/concursos-abertos\/\" rel=\"noreferrer noopener\">Concursos abertos<\/a><\/li>\n\n\n\n<li><a target=\"_blank\" href=\"https:\/\/www.estrategiaconcursos.com.br\/blog\/concursos-2022\/\" rel=\"noreferrer noopener\">Concursos 2022<\/a><\/li>\n<\/ul>\n","protected":false},"excerpt":{"rendered":"<p>Foram realizadas neste domingo, 30 de janeiro, as Provas Objetiva e Discursiva do concurso IBAMA, para os cargos de T\u00e9cnico Ambiental, Analista Administrativo e Analista Ambiental. Desta forma, a previs\u00e3o de divulga\u00e7\u00e3o do gabarito preliminar \u00e9 para ter\u00e7a-feira, 1\u00ba de fevereiro, a partir das 19h no site do Cebraspe. No entanto, sabemos que a ansiedade [&hellip;]<\/p>\n","protected":false},"author":656,"featured_media":958220,"comment_status":"open","ping_status":"closed","sticky":false,"template":"","format":"standard","meta":{"post_tipo":"news","footnotes":""},"categories":[214992,220219],"tags":[],"tax_estado":[219963],"class_list":["post-958127","post","type-post","status-publish","format-standard","has-post-thumbnail","hentry","category-concursos-administrativos","category-noticias","tax_estado-concursos-federais"],"acf":[],"yoast_head":"<!-- This site is optimized with the Yoast SEO Premium plugin v27.2 (Yoast SEO v27.2) - https:\/\/yoast.com\/product\/yoast-seo-premium-wordpress\/ -->\n<title>Gabarito Extraoficial IBAMA \u2013 Analista Ambiental - Tema 3<\/title>\n<meta name=\"description\" content=\"Gabarito Extraoficial IBAMA - TEMA 3: Assista a transmiss\u00e3o para o Cargo de: Analista Ambiental - Gest\u00e3o, Prote\u00e7\u00e3o e Controle\" \/>\n<meta name=\"robots\" content=\"index, follow, max-snippet:-1, max-image-preview:large, max-video-preview:-1\" \/>\n<link rel=\"canonical\" href=\"https:\/\/www.estrategiaconcursos.com.br\/blog\/gabarito-extraoficial-ibama-analista-ambiental-tema-3\/\" \/>\n<meta property=\"og:locale\" content=\"pt_BR\" \/>\n<meta property=\"og:type\" content=\"article\" \/>\n<meta property=\"og:title\" content=\"Gabarito Extraoficial IBAMA \u2013 Analista Ambiental - Tema 3\" \/>\n<meta property=\"og:description\" content=\"Gabarito Extraoficial IBAMA - TEMA 3: Assista a transmiss\u00e3o para o Cargo de: Analista Ambiental - Gest\u00e3o, Prote\u00e7\u00e3o e Controle\" \/>\n<meta property=\"og:url\" content=\"https:\/\/www.estrategiaconcursos.com.br\/blog\/gabarito-extraoficial-ibama-analista-ambiental-tema-3\/\" \/>\n<meta property=\"og:site_name\" content=\"Estrat\u00e9gia Concursos\" \/>\n<meta property=\"article:published_time\" content=\"2022-01-31T13:10:02+00:00\" \/>\n<meta property=\"article:modified_time\" content=\"2023-05-08T20:44:09+00:00\" \/>\n<meta property=\"og:image\" content=\"https:\/\/dhg1h5j42swfq.cloudfront.net\/2022\/01\/31101751\/maxresdefault-5.jpg\" \/>\n\t<meta property=\"og:image:width\" content=\"1280\" \/>\n\t<meta property=\"og:image:height\" content=\"720\" \/>\n\t<meta property=\"og:image:type\" content=\"image\/jpeg\" \/>\n<meta name=\"author\" content=\"F\u00e1bio Scaldelai\" \/>\n<meta name=\"twitter:card\" content=\"summary_large_image\" \/>\n<meta name=\"twitter:creator\" content=\"@EstratConcursos\" \/>\n<meta name=\"twitter:site\" content=\"@EstratConcursos\" \/>\n<meta name=\"twitter:label1\" content=\"Escrito por\" \/>\n\t<meta name=\"twitter:data1\" content=\"F\u00e1bio Scaldelai\" \/>\n\t<meta name=\"twitter:label2\" content=\"Est. tempo de leitura\" \/>\n\t<meta name=\"twitter:data2\" content=\"8 minutos\" \/>\n<script type=\"application\/ld+json\" class=\"yoast-schema-graph\">{\"@context\":\"https:\/\/schema.org\",\"@graph\":[{\"@type\":\"NewsArticle\",\"@id\":\"https:\/\/www.estrategiaconcursos.com.br\/blog\/gabarito-extraoficial-ibama-analista-ambiental-tema-3\/#article\",\"isPartOf\":{\"@id\":\"https:\/\/www.estrategiaconcursos.com.br\/blog\/gabarito-extraoficial-ibama-analista-ambiental-tema-3\/\"},\"author\":{\"name\":\"F\u00e1bio Scaldelai\",\"@id\":\"https:\/\/www.estrategiaconcursos.com.br\/blog\/#\/schema\/person\/e3b6b7ce0192dd4ad270655969d61750\"},\"headline\":\"Gabarito Extraoficial IBAMA \u2013 Analista Ambiental &#8211; Tema 3\",\"datePublished\":\"2022-01-31T13:10:02+00:00\",\"dateModified\":\"2023-05-08T20:44:09+00:00\",\"mainEntityOfPage\":{\"@id\":\"https:\/\/www.estrategiaconcursos.com.br\/blog\/gabarito-extraoficial-ibama-analista-ambiental-tema-3\/\"},\"wordCount\":1424,\"commentCount\":0,\"publisher\":{\"@id\":\"https:\/\/www.estrategiaconcursos.com.br\/blog\/#organization\"},\"image\":{\"@id\":\"https:\/\/www.estrategiaconcursos.com.br\/blog\/gabarito-extraoficial-ibama-analista-ambiental-tema-3\/#primaryimage\"},\"thumbnailUrl\":\"https:\/\/dhg1h5j42swfq.cloudfront.net\/2022\/01\/31101751\/maxresdefault-5.jpg\",\"articleSection\":[\"Executivo (Administrativa)\",\"\u00daltimas not\u00edcias\"],\"inLanguage\":\"pt-BR\",\"potentialAction\":[{\"@type\":\"CommentAction\",\"name\":\"Comment\",\"target\":[\"https:\/\/www.estrategiaconcursos.com.br\/blog\/gabarito-extraoficial-ibama-analista-ambiental-tema-3\/#respond\"]}],\"copyrightYear\":\"2022\",\"copyrightHolder\":{\"@id\":\"https:\/\/www.estrategiaconcursos.com.br\/blog\/#organization\"}},{\"@type\":\"WebPage\",\"@id\":\"https:\/\/www.estrategiaconcursos.com.br\/blog\/gabarito-extraoficial-ibama-analista-ambiental-tema-3\/\",\"url\":\"https:\/\/www.estrategiaconcursos.com.br\/blog\/gabarito-extraoficial-ibama-analista-ambiental-tema-3\/\",\"name\":\"Gabarito Extraoficial IBAMA \u2013 Analista Ambiental - Tema 3\",\"isPartOf\":{\"@id\":\"https:\/\/www.estrategiaconcursos.com.br\/blog\/#website\"},\"primaryImageOfPage\":{\"@id\":\"https:\/\/www.estrategiaconcursos.com.br\/blog\/gabarito-extraoficial-ibama-analista-ambiental-tema-3\/#primaryimage\"},\"image\":{\"@id\":\"https:\/\/www.estrategiaconcursos.com.br\/blog\/gabarito-extraoficial-ibama-analista-ambiental-tema-3\/#primaryimage\"},\"thumbnailUrl\":\"https:\/\/dhg1h5j42swfq.cloudfront.net\/2022\/01\/31101751\/maxresdefault-5.jpg\",\"datePublished\":\"2022-01-31T13:10:02+00:00\",\"dateModified\":\"2023-05-08T20:44:09+00:00\",\"description\":\"Gabarito Extraoficial IBAMA - TEMA 3: Assista a transmiss\u00e3o para o Cargo de: Analista Ambiental - Gest\u00e3o, Prote\u00e7\u00e3o e Controle\",\"breadcrumb\":{\"@id\":\"https:\/\/www.estrategiaconcursos.com.br\/blog\/gabarito-extraoficial-ibama-analista-ambiental-tema-3\/#breadcrumb\"},\"inLanguage\":\"pt-BR\",\"potentialAction\":[{\"@type\":\"ReadAction\",\"target\":[\"https:\/\/www.estrategiaconcursos.com.br\/blog\/gabarito-extraoficial-ibama-analista-ambiental-tema-3\/\"]}]},{\"@type\":\"ImageObject\",\"inLanguage\":\"pt-BR\",\"@id\":\"https:\/\/www.estrategiaconcursos.com.br\/blog\/gabarito-extraoficial-ibama-analista-ambiental-tema-3\/#primaryimage\",\"url\":\"https:\/\/dhg1h5j42swfq.cloudfront.net\/2022\/01\/31101751\/maxresdefault-5.jpg\",\"contentUrl\":\"https:\/\/dhg1h5j42swfq.cloudfront.net\/2022\/01\/31101751\/maxresdefault-5.jpg\",\"width\":1280,\"height\":720,\"caption\":\"Gabarito Extraoficial IBAMA \u2013 Analista Ambiental - Tema 3: Gest\u00e3o, Prote\u00e7\u00e3o e Controle\"},{\"@type\":\"BreadcrumbList\",\"@id\":\"https:\/\/www.estrategiaconcursos.com.br\/blog\/gabarito-extraoficial-ibama-analista-ambiental-tema-3\/#breadcrumb\",\"itemListElement\":[{\"@type\":\"ListItem\",\"position\":1,\"name\":\"In\u00edcio\",\"item\":\"https:\/\/www.estrategiaconcursos.com.br\/blog\/\"},{\"@type\":\"ListItem\",\"position\":2,\"name\":\"Gabarito Extraoficial IBAMA \u2013 Analista Ambiental &#8211; Tema 3\"}]},{\"@type\":\"WebSite\",\"@id\":\"https:\/\/www.estrategiaconcursos.com.br\/blog\/#website\",\"url\":\"https:\/\/www.estrategiaconcursos.com.br\/blog\/\",\"name\":\"Estrat\u00e9gia Concursos\",\"description\":\"O blog da Estrat\u00e9gia Concursos traz not\u00edcias sobre concursos e artigos de professores oferecendo cursos para concursos (pdf + videaulas) no site.\",\"publisher\":{\"@id\":\"https:\/\/www.estrategiaconcursos.com.br\/blog\/#organization\"},\"potentialAction\":[{\"@type\":\"SearchAction\",\"target\":{\"@type\":\"EntryPoint\",\"urlTemplate\":\"https:\/\/www.estrategiaconcursos.com.br\/blog\/?s={search_term_string}\"},\"query-input\":{\"@type\":\"PropertyValueSpecification\",\"valueRequired\":true,\"valueName\":\"search_term_string\"}}],\"inLanguage\":\"pt-BR\"},{\"@type\":\"Organization\",\"@id\":\"https:\/\/www.estrategiaconcursos.com.br\/blog\/#organization\",\"name\":\"Estrat\u00e9gia Concursos\",\"url\":\"https:\/\/www.estrategiaconcursos.com.br\/blog\/\",\"logo\":{\"@type\":\"ImageObject\",\"inLanguage\":\"pt-BR\",\"@id\":\"https:\/\/www.estrategiaconcursos.com.br\/blog\/#\/schema\/logo\/image\/\",\"url\":\"https:\/\/dhg1h5j42swfq.cloudfront.net\/2025\/06\/03203428\/logo_concursos-1.jpg\",\"contentUrl\":\"https:\/\/dhg1h5j42swfq.cloudfront.net\/2025\/06\/03203428\/logo_concursos-1.jpg\",\"width\":230,\"height\":60,\"caption\":\"Estrat\u00e9gia Concursos\"},\"image\":{\"@id\":\"https:\/\/www.estrategiaconcursos.com.br\/blog\/#\/schema\/logo\/image\/\"},\"sameAs\":[\"https:\/\/x.com\/EstratConcursos\"]},{\"@type\":\"Person\",\"@id\":\"https:\/\/www.estrategiaconcursos.com.br\/blog\/#\/schema\/person\/e3b6b7ce0192dd4ad270655969d61750\",\"name\":\"F\u00e1bio Scaldelai\",\"image\":{\"@type\":\"ImageObject\",\"inLanguage\":\"pt-BR\",\"@id\":\"https:\/\/secure.gravatar.com\/avatar\/8ed7492c4d88d8495bc0cb24cda6847b8ae23eec459a919e08e77d0ca0fd79ec?s=96&d=mm&r=g\",\"url\":\"https:\/\/secure.gravatar.com\/avatar\/8ed7492c4d88d8495bc0cb24cda6847b8ae23eec459a919e08e77d0ca0fd79ec?s=96&d=mm&r=g\",\"contentUrl\":\"https:\/\/secure.gravatar.com\/avatar\/8ed7492c4d88d8495bc0cb24cda6847b8ae23eec459a919e08e77d0ca0fd79ec?s=96&d=mm&r=g\",\"caption\":\"F\u00e1bio Scaldelai\"},\"description\":\"Jornalista no Estrat\u00e9gia Concursos e Produtor de Televis\u00e3o, formado em Jornalismo, R\u00e1dio e TV pela Faculdade Integrada Rio Branco, com especializa\u00e7\u00f5es em Gest\u00e3o Empresarial e Marketing pelo M\u00f3dulo. Atuou como produtor no SBT, TV Bandeirantes e R\u00e1dio Band FM, al\u00e9m de acumular tr\u00eas anos de experi\u00eancia no setor de concursos p\u00fablicos pela LFG (Luiz Fl\u00e1vio Gomes). No Estrat\u00e9gia Concursos, atua na apura\u00e7\u00e3o de not\u00edcias da \u00e1rea fiscal, al\u00e9m de coberturas sobre concursos das \u00e1reas de controle (TCU, TCE, etc), concurso AFT, \u00e1rea de gest\u00e3o e administrativa, bem como dos \u00f3rg\u00e3os participantes do CNU. Tamb\u00e9m possui experi\u00eancia em link building e an\u00e1lise de m\u00eddia, adquirida durante sua atua\u00e7\u00e3o na ag\u00eancia SEO Marketing.\",\"url\":\"https:\/\/www.estrategiaconcursos.com.br\/blog\/author\/fabio-scaldelaiestrategiaconcursos-com-br\/\"}]}<\/script>\n<!-- \/ Yoast SEO Premium plugin. -->","yoast_head_json":{"title":"Gabarito Extraoficial IBAMA \u2013 Analista Ambiental - Tema 3","description":"Gabarito Extraoficial IBAMA - TEMA 3: Assista a transmiss\u00e3o para o Cargo de: Analista Ambiental - Gest\u00e3o, Prote\u00e7\u00e3o e Controle","robots":{"index":"index","follow":"follow","max-snippet":"max-snippet:-1","max-image-preview":"max-image-preview:large","max-video-preview":"max-video-preview:-1"},"canonical":"https:\/\/www.estrategiaconcursos.com.br\/blog\/gabarito-extraoficial-ibama-analista-ambiental-tema-3\/","og_locale":"pt_BR","og_type":"article","og_title":"Gabarito Extraoficial IBAMA \u2013 Analista Ambiental - Tema 3","og_description":"Gabarito Extraoficial IBAMA - TEMA 3: Assista a transmiss\u00e3o para o Cargo de: Analista Ambiental - Gest\u00e3o, Prote\u00e7\u00e3o e Controle","og_url":"https:\/\/www.estrategiaconcursos.com.br\/blog\/gabarito-extraoficial-ibama-analista-ambiental-tema-3\/","og_site_name":"Estrat\u00e9gia Concursos","article_published_time":"2022-01-31T13:10:02+00:00","article_modified_time":"2023-05-08T20:44:09+00:00","og_image":[{"width":1280,"height":720,"url":"https:\/\/dhg1h5j42swfq.cloudfront.net\/2022\/01\/31101751\/maxresdefault-5.jpg","type":"image\/jpeg"}],"author":"F\u00e1bio Scaldelai","twitter_card":"summary_large_image","twitter_creator":"@EstratConcursos","twitter_site":"@EstratConcursos","twitter_misc":{"Escrito por":"F\u00e1bio Scaldelai","Est. tempo de leitura":"8 minutos"},"schema":{"@context":"https:\/\/schema.org","@graph":[{"@type":"NewsArticle","@id":"https:\/\/www.estrategiaconcursos.com.br\/blog\/gabarito-extraoficial-ibama-analista-ambiental-tema-3\/#article","isPartOf":{"@id":"https:\/\/www.estrategiaconcursos.com.br\/blog\/gabarito-extraoficial-ibama-analista-ambiental-tema-3\/"},"author":{"name":"F\u00e1bio Scaldelai","@id":"https:\/\/www.estrategiaconcursos.com.br\/blog\/#\/schema\/person\/e3b6b7ce0192dd4ad270655969d61750"},"headline":"Gabarito Extraoficial IBAMA \u2013 Analista Ambiental &#8211; Tema 3","datePublished":"2022-01-31T13:10:02+00:00","dateModified":"2023-05-08T20:44:09+00:00","mainEntityOfPage":{"@id":"https:\/\/www.estrategiaconcursos.com.br\/blog\/gabarito-extraoficial-ibama-analista-ambiental-tema-3\/"},"wordCount":1424,"commentCount":0,"publisher":{"@id":"https:\/\/www.estrategiaconcursos.com.br\/blog\/#organization"},"image":{"@id":"https:\/\/www.estrategiaconcursos.com.br\/blog\/gabarito-extraoficial-ibama-analista-ambiental-tema-3\/#primaryimage"},"thumbnailUrl":"https:\/\/dhg1h5j42swfq.cloudfront.net\/2022\/01\/31101751\/maxresdefault-5.jpg","articleSection":["Executivo (Administrativa)","\u00daltimas not\u00edcias"],"inLanguage":"pt-BR","potentialAction":[{"@type":"CommentAction","name":"Comment","target":["https:\/\/www.estrategiaconcursos.com.br\/blog\/gabarito-extraoficial-ibama-analista-ambiental-tema-3\/#respond"]}],"copyrightYear":"2022","copyrightHolder":{"@id":"https:\/\/www.estrategiaconcursos.com.br\/blog\/#organization"}},{"@type":"WebPage","@id":"https:\/\/www.estrategiaconcursos.com.br\/blog\/gabarito-extraoficial-ibama-analista-ambiental-tema-3\/","url":"https:\/\/www.estrategiaconcursos.com.br\/blog\/gabarito-extraoficial-ibama-analista-ambiental-tema-3\/","name":"Gabarito Extraoficial IBAMA \u2013 Analista Ambiental - Tema 3","isPartOf":{"@id":"https:\/\/www.estrategiaconcursos.com.br\/blog\/#website"},"primaryImageOfPage":{"@id":"https:\/\/www.estrategiaconcursos.com.br\/blog\/gabarito-extraoficial-ibama-analista-ambiental-tema-3\/#primaryimage"},"image":{"@id":"https:\/\/www.estrategiaconcursos.com.br\/blog\/gabarito-extraoficial-ibama-analista-ambiental-tema-3\/#primaryimage"},"thumbnailUrl":"https:\/\/dhg1h5j42swfq.cloudfront.net\/2022\/01\/31101751\/maxresdefault-5.jpg","datePublished":"2022-01-31T13:10:02+00:00","dateModified":"2023-05-08T20:44:09+00:00","description":"Gabarito Extraoficial IBAMA - TEMA 3: Assista a transmiss\u00e3o para o Cargo de: Analista Ambiental - Gest\u00e3o, Prote\u00e7\u00e3o e Controle","breadcrumb":{"@id":"https:\/\/www.estrategiaconcursos.com.br\/blog\/gabarito-extraoficial-ibama-analista-ambiental-tema-3\/#breadcrumb"},"inLanguage":"pt-BR","potentialAction":[{"@type":"ReadAction","target":["https:\/\/www.estrategiaconcursos.com.br\/blog\/gabarito-extraoficial-ibama-analista-ambiental-tema-3\/"]}]},{"@type":"ImageObject","inLanguage":"pt-BR","@id":"https:\/\/www.estrategiaconcursos.com.br\/blog\/gabarito-extraoficial-ibama-analista-ambiental-tema-3\/#primaryimage","url":"https:\/\/dhg1h5j42swfq.cloudfront.net\/2022\/01\/31101751\/maxresdefault-5.jpg","contentUrl":"https:\/\/dhg1h5j42swfq.cloudfront.net\/2022\/01\/31101751\/maxresdefault-5.jpg","width":1280,"height":720,"caption":"Gabarito Extraoficial IBAMA \u2013 Analista Ambiental - Tema 3: Gest\u00e3o, Prote\u00e7\u00e3o e Controle"},{"@type":"BreadcrumbList","@id":"https:\/\/www.estrategiaconcursos.com.br\/blog\/gabarito-extraoficial-ibama-analista-ambiental-tema-3\/#breadcrumb","itemListElement":[{"@type":"ListItem","position":1,"name":"In\u00edcio","item":"https:\/\/www.estrategiaconcursos.com.br\/blog\/"},{"@type":"ListItem","position":2,"name":"Gabarito Extraoficial IBAMA \u2013 Analista Ambiental &#8211; Tema 3"}]},{"@type":"WebSite","@id":"https:\/\/www.estrategiaconcursos.com.br\/blog\/#website","url":"https:\/\/www.estrategiaconcursos.com.br\/blog\/","name":"Estrat\u00e9gia Concursos","description":"O blog da Estrat\u00e9gia Concursos traz not\u00edcias sobre concursos e artigos de professores oferecendo cursos para concursos (pdf + videaulas) no site.","publisher":{"@id":"https:\/\/www.estrategiaconcursos.com.br\/blog\/#organization"},"potentialAction":[{"@type":"SearchAction","target":{"@type":"EntryPoint","urlTemplate":"https:\/\/www.estrategiaconcursos.com.br\/blog\/?s={search_term_string}"},"query-input":{"@type":"PropertyValueSpecification","valueRequired":true,"valueName":"search_term_string"}}],"inLanguage":"pt-BR"},{"@type":"Organization","@id":"https:\/\/www.estrategiaconcursos.com.br\/blog\/#organization","name":"Estrat\u00e9gia Concursos","url":"https:\/\/www.estrategiaconcursos.com.br\/blog\/","logo":{"@type":"ImageObject","inLanguage":"pt-BR","@id":"https:\/\/www.estrategiaconcursos.com.br\/blog\/#\/schema\/logo\/image\/","url":"https:\/\/dhg1h5j42swfq.cloudfront.net\/2025\/06\/03203428\/logo_concursos-1.jpg","contentUrl":"https:\/\/dhg1h5j42swfq.cloudfront.net\/2025\/06\/03203428\/logo_concursos-1.jpg","width":230,"height":60,"caption":"Estrat\u00e9gia Concursos"},"image":{"@id":"https:\/\/www.estrategiaconcursos.com.br\/blog\/#\/schema\/logo\/image\/"},"sameAs":["https:\/\/x.com\/EstratConcursos"]},{"@type":"Person","@id":"https:\/\/www.estrategiaconcursos.com.br\/blog\/#\/schema\/person\/e3b6b7ce0192dd4ad270655969d61750","name":"F\u00e1bio Scaldelai","image":{"@type":"ImageObject","inLanguage":"pt-BR","@id":"https:\/\/secure.gravatar.com\/avatar\/8ed7492c4d88d8495bc0cb24cda6847b8ae23eec459a919e08e77d0ca0fd79ec?s=96&d=mm&r=g","url":"https:\/\/secure.gravatar.com\/avatar\/8ed7492c4d88d8495bc0cb24cda6847b8ae23eec459a919e08e77d0ca0fd79ec?s=96&d=mm&r=g","contentUrl":"https:\/\/secure.gravatar.com\/avatar\/8ed7492c4d88d8495bc0cb24cda6847b8ae23eec459a919e08e77d0ca0fd79ec?s=96&d=mm&r=g","caption":"F\u00e1bio Scaldelai"},"description":"Jornalista no Estrat\u00e9gia Concursos e Produtor de Televis\u00e3o, formado em Jornalismo, R\u00e1dio e TV pela Faculdade Integrada Rio Branco, com especializa\u00e7\u00f5es em Gest\u00e3o Empresarial e Marketing pelo M\u00f3dulo. Atuou como produtor no SBT, TV Bandeirantes e R\u00e1dio Band FM, al\u00e9m de acumular tr\u00eas anos de experi\u00eancia no setor de concursos p\u00fablicos pela LFG (Luiz Fl\u00e1vio Gomes). No Estrat\u00e9gia Concursos, atua na apura\u00e7\u00e3o de not\u00edcias da \u00e1rea fiscal, al\u00e9m de coberturas sobre concursos das \u00e1reas de controle (TCU, TCE, etc), concurso AFT, \u00e1rea de gest\u00e3o e administrativa, bem como dos \u00f3rg\u00e3os participantes do CNU. Tamb\u00e9m possui experi\u00eancia em link building e an\u00e1lise de m\u00eddia, adquirida durante sua atua\u00e7\u00e3o na ag\u00eancia SEO Marketing.","url":"https:\/\/www.estrategiaconcursos.com.br\/blog\/author\/fabio-scaldelaiestrategiaconcursos-com-br\/"}]}},"_links":{"self":[{"href":"https:\/\/www.estrategiaconcursos.com.br\/blog\/wp-json\/wp\/v2\/posts\/958127","targetHints":{"allow":["GET"]}}],"collection":[{"href":"https:\/\/www.estrategiaconcursos.com.br\/blog\/wp-json\/wp\/v2\/posts"}],"about":[{"href":"https:\/\/www.estrategiaconcursos.com.br\/blog\/wp-json\/wp\/v2\/types\/post"}],"author":[{"embeddable":true,"href":"https:\/\/www.estrategiaconcursos.com.br\/blog\/wp-json\/wp\/v2\/users\/656"}],"replies":[{"embeddable":true,"href":"https:\/\/www.estrategiaconcursos.com.br\/blog\/wp-json\/wp\/v2\/comments?post=958127"}],"version-history":[{"count":29,"href":"https:\/\/www.estrategiaconcursos.com.br\/blog\/wp-json\/wp\/v2\/posts\/958127\/revisions"}],"predecessor-version":[{"id":1212639,"href":"https:\/\/www.estrategiaconcursos.com.br\/blog\/wp-json\/wp\/v2\/posts\/958127\/revisions\/1212639"}],"wp:featuredmedia":[{"embeddable":true,"href":"https:\/\/www.estrategiaconcursos.com.br\/blog\/wp-json\/wp\/v2\/media\/958220"}],"wp:attachment":[{"href":"https:\/\/www.estrategiaconcursos.com.br\/blog\/wp-json\/wp\/v2\/media?parent=958127"}],"wp:term":[{"taxonomy":"category","embeddable":true,"href":"https:\/\/www.estrategiaconcursos.com.br\/blog\/wp-json\/wp\/v2\/categories?post=958127"},{"taxonomy":"post_tag","embeddable":true,"href":"https:\/\/www.estrategiaconcursos.com.br\/blog\/wp-json\/wp\/v2\/tags?post=958127"},{"taxonomy":"tax_estado","embeddable":true,"href":"https:\/\/www.estrategiaconcursos.com.br\/blog\/wp-json\/wp\/v2\/tax_estado?post=958127"}],"curies":[{"name":"wp","href":"https:\/\/api.w.org\/{rel}","templated":true}]}}