{"id":957749,"date":"2022-03-02T08:34:00","date_gmt":"2022-03-02T11:34:00","guid":{"rendered":"https:\/\/www.estrategiaconcursos.com.br\/blog\/?p=957749"},"modified":"2022-02-21T15:39:27","modified_gmt":"2022-02-21T18:39:27","slug":"resumo-pat-sefaz-pa-p1","status":"publish","type":"post","link":"https:\/\/www.estrategiaconcursos.com.br\/blog\/resumo-pat-sefaz-pa-p1\/","title":{"rendered":"Resumo PAT SEFAZ-PA &#8211; Lei 6.182\/98 &#8211; Parte I"},"content":{"rendered":"\n<p>Ol\u00e1, Pessoal! Aqui come\u00e7amos<mark style=\"background-color:rgba(0, 0, 0, 0)\" class=\"has-inline-color has-black-color\"> <\/mark>o <mark style=\"background-color:rgba(0, 0, 0, 0)\" class=\"has-inline-color has-black-color\">resumo<\/mark> da <a href=\"http:\/\/www.sefa.pa.gov.br\/legislacao\/interna\/lei\/lp1998_06182.pdf\" target=\"_blank\" rel=\"noreferrer noopener\">Lei Estadual 6.182\/98<\/a>, que regula o Processo Administrativo Tribut\u00e1rio, PAT, para o cargo de <strong>Auditor Fiscal e Fiscal de Receitas da SEFAZ-PA.<\/strong><\/p>\n\n\n\n<p>A banca organizadora do nosso concurso ser\u00e1 a FADESP. \u00c9 importante que voc\u00ea conhe\u00e7a muito bem a banca, fa\u00e7a muitas quest\u00f5es e <a href=\"https:\/\/www.estrategiaconcursos.com.br\/blog\/descubra-os-segredos-da-fadesp\/\" target=\"_blank\" rel=\"noreferrer noopener\">veja nosso artigo para desvendar os segredos da FADESP<\/a>.<\/p>\n\n\n\n<div class=\"wp-block-image\"><figure class=\"aligncenter size-large is-resized\"><img loading=\"lazy\" decoding=\"async\" src=\"https:\/\/dhg1h5j42swfq.cloudfront.net\/2021\/08\/25091704\/sefaz-pa-1024x535.jpg\" alt=\"Resumo PAF SEFAZ-SE\" class=\"wp-image-845111\" width=\"512\" height=\"268\" srcset=\"https:\/\/dhg1h5j42swfq.cloudfront.net\/2021\/08\/25091704\/sefaz-pa-1024x535.jpg 1024w, https:\/\/dhg1h5j42swfq.cloudfront.net\/2021\/08\/25091704\/sefaz-pa-300x157.jpg 300w, https:\/\/dhg1h5j42swfq.cloudfront.net\/2021\/08\/25091704\/sefaz-pa-768x401.jpg 768w, https:\/\/dhg1h5j42swfq.cloudfront.net\/2021\/08\/25091704\/sefaz-pa-610x318.jpg 610w, https:\/\/dhg1h5j42swfq.cloudfront.net\/2021\/08\/25091704\/sefaz-pa.jpg 1199w\" sizes=\"auto, (max-width: 512px) 100vw, 512px\" \/><figcaption>Resumo PAF SEFAZ-SE<\/figcaption><\/figure><\/div>\n\n\n\n<p>Com rela\u00e7\u00e3o \u00e0 organiza\u00e7\u00e3o, vamos separar nosso resumo do PAT para SEFAZ-PA em duas partes, organizadas como segue:<\/p>\n\n\n\n<ul class=\"wp-block-list\"><li><strong><mark style=\"background-color:rgba(0, 0, 0, 0)\" class=\"has-inline-color has-vivid-cyan-blue-color\">Parte I<\/mark><\/strong><ul><li>Penalidades<\/li><li><span style=\"color: initial; font-family: -apple-system, BlinkMacSystemFont, &quot;Segoe UI&quot;, Roboto, Oxygen-Sans, Ubuntu, Cantarell, &quot;Helvetica Neue&quot;, sans-serif;\">Acr\u00e9scimos Morat\u00f3rios<\/span> e Den\u00fancia Espont\u00e2nea<\/li><li>Medidas Acauteladoras<\/li><li>Apreens\u00f5es<\/li><\/ul><ul><li>Nulidades<\/li><li>Intima\u00e7\u00f5es<\/li><\/ul><\/li><li><strong><mark style=\"background-color:rgba(0, 0, 0, 0)\" class=\"has-inline-color has-vivid-cyan-blue-color\">Parte II<\/mark><\/strong><ul><li>Julgamento em Primeira Inst\u00e2ncia<\/li><li>Recursos em Primeira Inst\u00e2ncia<\/li><li>Julgamento em Segunda Inst\u00e2ncia<\/li><li>Recursos em Segunda Inst\u00e2ncia<\/li><\/ul><ul><li>Consulta<\/li><li>Organiza\u00e7\u00e3o do TARF<\/li><li>Organiza\u00e7\u00e3o da Julgadoria de Primeira Inst\u00e2ncia<\/li><\/ul><\/li><\/ul>\n\n\n\n<p>Primeiramente, \u00e9 bom salientar que o estudo do PAT exige <strong><mark style=\"background-color:rgba(0, 0, 0, 0)\" class=\"has-inline-color has-vivid-red-color\">memoriza\u00e7\u00e3o<\/mark>.<\/strong> Assim, n\u00e3o despreze a leitura da lei seca, pois a <a href=\"https:\/\/www.estrategiaconcursos.com.br\/blog\/como-focar-o-estudo-de-legislacao-tributaria-especifica\/\" target=\"_blank\" rel=\"noreferrer noopener\">maioria das quest\u00f5es de Legisla\u00e7\u00e3o Tribut\u00e1ria se limitam a isso<\/a>. Dessa forma, \u00e9 importante ter a Lei do PAT em mente para garantir pontos fundamentais na sua aprova\u00e7\u00e3o para a SEFAZ-PA! Mas n\u00e3o se preocupe, <strong><mark style=\"background-color:rgba(0, 0, 0, 0)\" class=\"has-inline-color has-vivid-cyan-blue-color\">neste artigo daremos \u00eanfase aos t\u00f3picos que mais caem em prova e que precisam estar na ponta da l\u00edngua<\/mark>.<\/strong><\/p>\n\n\n\n<p>Preparados? Ent\u00e3o vamos ao que interessa!<\/p>\n\n\n\n<h2 class=\"wp-block-heading\" id=\"h-penalidades-no-processo-administrativo-tributario-do-estado-do-para\">Penalidades no Processo Administrativo Tribut\u00e1rio do Estado do Par\u00e1<\/h2>\n\n\n\n<p>Come\u00e7amos nosso estudo com os incisos do artigo 4, que define as Penalidades aplicadas aos infratores:<\/p>\n\n\n\n<blockquote class=\"wp-block-quote is-layout-flow wp-block-quote-is-layout-flow\"><p>Art. 4. Os infratores da legisla\u00e7\u00e3o tribut\u00e1ria, al\u00e9m do tributo devido, ficam sujeitos, <strong>isolada ou cumulativamente<\/strong>, a:<br \/>I &#8211; imposi\u00e7\u00e3o de <strong><mark style=\"background-color:rgba(0, 0, 0, 0)\" class=\"has-inline-color has-vivid-cyan-blue-color\">multa e de juros<\/mark><\/strong>;<br \/>II &#8211; aplica\u00e7\u00e3o das <strong><mark style=\"background-color:rgba(0, 0, 0, 0)\" class=\"has-inline-color has-vivid-cyan-blue-color\">medidas acauteladoras<\/mark><\/strong> previstas nos arts. 8o a 10-A;<br \/>III &#8211; <strong><mark style=\"background-color:rgba(0, 0, 0, 0)\" class=\"has-inline-color has-vivid-cyan-blue-color\">medida cautelar fiscal<\/mark><\/strong>, nos termos da legisla\u00e7\u00e3o federal pr\u00f3pria.<\/p><\/blockquote>\n\n\n\n<p>Antes de mais nada, repare que <strong><mark style=\"background-color:rgba(0, 0, 0, 0)\" class=\"has-inline-color has-vivid-red-color\">Medidas Acauteladoras e Medida Cautelar Fiscal n\u00e3o s\u00e3o sin\u00f4nimos!<\/mark><\/strong> As <strong>Medidas Acauteladoras<\/strong> s\u00e3o definidas pela pr\u00f3pria lei do PAT e t\u00eam por fim <strong>proteger terceiros<\/strong> contra os infratores, j\u00e1 as <strong>Medidas Cautelares Fiscais<\/strong> t\u00eam por objetivo proteger o Cr\u00e9dito Tribut\u00e1rio, sendo regida pela <strong>Lei Federal 8.397\/92<\/strong>. <\/p>\n\n\n\n<p>Em seguida, saiba que \u00e9 considerado <strong><mark style=\"background-color:rgba(0, 0, 0, 0)\" class=\"has-inline-color has-vivid-cyan-blue-color\">reincid\u00eancia<\/mark><\/strong> quando um <strong>mesmo Sujeito Passivo<\/strong> comete a <strong>mesma Infra\u00e7\u00e3o<\/strong> em um <strong><mark style=\"background-color:rgba(0, 0, 0, 0)\" class=\"has-inline-color has-vivid-red-color\">per\u00edodo inferior a 5 exerc\u00edcios<\/mark><\/strong>. Al\u00e9m disso, grave que a reincid\u00eancia ser\u00e1 punida com acr\u00e9scimo de <strong><mark style=\"background-color:rgba(0, 0, 0, 0)\" class=\"has-inline-color has-vivid-red-color\">50% sobre a penalidade<\/mark><\/strong>.<\/p>\n\n\n\n<p>No que diz respeito \u00e0s porcentagens de redu\u00e7\u00e3o de penalidade, saiba que a chance de cobran\u00e7a em prova \u00e9 pequena. No entanto, esse pode ser o diferencial para a sua aprova\u00e7\u00e3o. Assim, farei abaixo uma tabela com as porcentagens. <strong>Se poss\u00edvel, revisite essa tabela na v\u00e9spera da prova!<\/strong><\/p>\n\n\n\n<div class=\"wp-block-columns is-layout-flex wp-container-core-columns-is-layout-28f84493 wp-block-columns-is-layout-flex\">\n<div class=\"wp-block-column is-layout-flow wp-block-column-is-layout-flow\">\n<figure class=\"wp-block-image size-full is-resized\"><img loading=\"lazy\" decoding=\"async\" src=\"https:\/\/dhg1h5j42swfq.cloudfront.net\/2022\/02\/16130140\/reducao_penalidades_sefazpa.jpg\" alt=\"Redu\u00e7\u00e3o Penalidades PAT SEFAZ-PA\" class=\"wp-image-970528\" width=\"425\" height=\"395\" srcset=\"https:\/\/dhg1h5j42swfq.cloudfront.net\/2022\/02\/16130140\/reducao_penalidades_sefazpa.jpg 566w, https:\/\/dhg1h5j42swfq.cloudfront.net\/2022\/02\/16130140\/reducao_penalidades_sefazpa-300x279.jpg 300w\" sizes=\"auto, (max-width: 425px) 100vw, 425px\" \/><\/figure>\n<\/div>\n\n\n\n<div class=\"wp-block-column is-layout-flow wp-block-column-is-layout-flow\">\n<figure class=\"wp-block-image size-large is-resized\"><img loading=\"lazy\" decoding=\"async\" src=\"https:\/\/dhg1h5j42swfq.cloudfront.net\/2022\/02\/16130740\/reducao_penalidades_sefazpa_organizado-938x1024.png\" alt=\"\" class=\"wp-image-970530\" width=\"366\" height=\"400\" srcset=\"https:\/\/dhg1h5j42swfq.cloudfront.net\/2022\/02\/16130740\/reducao_penalidades_sefazpa_organizado-938x1024.png 938w, https:\/\/dhg1h5j42swfq.cloudfront.net\/2022\/02\/16130740\/reducao_penalidades_sefazpa_organizado-275x300.png 275w, https:\/\/dhg1h5j42swfq.cloudfront.net\/2022\/02\/16130740\/reducao_penalidades_sefazpa_organizado-768x838.png 768w, https:\/\/dhg1h5j42swfq.cloudfront.net\/2022\/02\/16130740\/reducao_penalidades_sefazpa_organizado-610x666.png 610w, https:\/\/dhg1h5j42swfq.cloudfront.net\/2022\/02\/16130740\/reducao_penalidades_sefazpa_organizado.png 1136w\" sizes=\"auto, (max-width: 366px) 100vw, 366px\" \/><\/figure>\n<\/div>\n<\/div>\n\n\n\n<p>Ademais, saiba que, em caso de parcelamento, a <strong>revoga\u00e7\u00e3o do parcelamento acarretar\u00e1 na perda do direito \u00e0 redu\u00e7\u00e3o da penalidade.<\/strong><\/p>\n\n\n\n<h2 class=\"wp-block-heading\" id=\"acrescimos-moratorios-e-denuncia-espontanea\">Acr\u00e9scimos Morat\u00f3rios e Den\u00fancia Espont\u00e2nea<\/h2>\n\n\n\n<p>No que tange os acr\u00e9scimos morat\u00f3rios, grave que a <strong><mark style=\"background-color:rgba(0, 0, 0, 0)\" class=\"has-inline-color has-vivid-red-color\">multa de mora corresponde \u00e0 0,1% por dia de atraso at\u00e9 o limite de 12%<\/mark><\/strong> e os <strong><mark style=\"background-color:rgba(0, 0, 0, 0)\" class=\"has-inline-color has-vivid-red-color\">juros de mora correspondem \u00e0 SELIC por m\u00eas de atraso e 1% por fra\u00e7\u00e3o de m\u00eas.<\/mark><\/strong><\/p>\n\n\n\n<p>Al\u00e9m disso, com rela\u00e7\u00e3o ao <strong>parcelamento<\/strong>, saiba que o <strong>n\u00e3o pagamento de duas parcelas mensais ou saldo<\/strong> de parcela, <strong>consecutivas ou n\u00e3o<\/strong>, bem como o n\u00e3o pagamento de qualquer parcela por prazo superior a <strong>90 dias<\/strong>, implicar\u00e1 na imediata <strong>rescis\u00e3o<\/strong> do parcelamento.<\/p>\n\n\n\n<p>Com rela\u00e7\u00e3o \u00e0 Den\u00fancia Espont\u00e2nea, \u00e9 interessante ter em mente que <strong><mark style=\"background-color:rgba(0, 0, 0, 0)\" class=\"has-inline-color has-vivid-red-color\">n\u00e3o \u00e9 aceita<\/mark> a espontaneidade da den\u00fancia que verse sobre <mark style=\"background-color:rgba(0, 0, 0, 0)\" class=\"has-inline-color has-vivid-cyan-blue-color\">tributo devidamente declarado, escriturado ou informado<\/mark> pelo Sujeito Passivo nem sobre den\u00fancia de <mark style=\"background-color:rgba(0, 0, 0, 0)\" class=\"has-inline-color has-vivid-cyan-blue-color\">descumprimento da obriga\u00e7\u00e3o de entrega de declara\u00e7\u00e3o. <\/mark><\/strong><\/p>\n\n\n\n<p>Por fim, <strong>relativamente \u00e0s Obriga\u00e7\u00f5es Acess\u00f3rias<\/strong>, somente ser\u00e1 aceita uma den\u00fancia por exerc\u00edcio financeiro, sobre o mesmo fato ou obriga\u00e7\u00e3o. Al\u00e9m disso, <strong>tal obriga\u00e7\u00e3o deve ser cumprida em 30 dias ap\u00f3s a apresenta\u00e7\u00e3o da den\u00fancia<\/strong>.<\/p>\n\n\n\n<h2 class=\"wp-block-heading\" id=\"h-medidas-acauteladoras-no-processo-administrativo-tributario-do-estado-do-para\">Medidas Acauteladoras no Processo Administrativo Tribut\u00e1rio do Estado do Par\u00e1<\/h2>\n\n\n\n<p>Agora passamos a um tema que foi <strong>adicionado ao PAT em 2019<\/strong> pela Lei Estadual 8.869, as <strong><mark style=\"background-color:rgba(0, 0, 0, 0)\" class=\"has-inline-color has-vivid-cyan-blue-color\">Medidas Acauteladoras<\/mark><\/strong>, que visam resguardar terceiros e a Administra\u00e7\u00e3o P\u00fablica dos Sujeitos Passivos infratores. Assim, dentre os temas do nosso resumo do PAT para a SEFAZ-PA, este \u00e9 um dos que t\u00eam mais chances de ser cobrado. Portanto, <strong><mark style=\"background-color:rgba(0, 0, 0, 0)\" class=\"has-inline-color has-vivid-red-color\">aten\u00e7\u00e3o redobrada!<\/mark><\/strong><\/p>\n\n\n\n<ul class=\"wp-block-list\"><li><strong>Medidas Acauteladoras<\/strong><ol><li><mark style=\"background-color:rgba(0, 0, 0, 0)\" class=\"has-inline-color has-vivid-red-color\"><strong>Suspens\u00e3o de benef\u00edcios<\/strong><\/mark> fiscais<\/li><li><mark style=\"background-color:rgba(0, 0, 0, 0)\" class=\"has-inline-color has-vivid-red-color\"><strong>Cancelamento da inscri\u00e7\u00e3o<\/strong><\/mark> do contribuinte<\/li><li>Declara\u00e7\u00e3o de <strong><mark style=\"background-color:rgba(0, 0, 0, 0)\" class=\"has-inline-color has-vivid-red-color\">devedor<\/mark> <mark style=\"background-color:rgba(0, 0, 0, 0)\" class=\"has-inline-color has-vivid-red-color\">remisso<\/mark><\/strong><\/li><li>Lavratura de <mark style=\"background-color:rgba(0, 0, 0, 0)\" class=\"has-inline-color has-vivid-red-color\"><strong>termo de sujei\u00e7\u00e3o passiva solid\u00e1ria<\/strong><\/mark> contra s\u00f3cio e administradores<\/li><li><mark style=\"background-color:rgba(0, 0, 0, 0)\" class=\"has-inline-color has-vivid-red-color\"><strong>Arrolamento<\/strong><\/mark> de Bens e Direitos<\/li><\/ol><\/li><\/ul>\n\n\n\n<h3 class=\"wp-block-heading\" id=\"h-medidas-acauteladoras-do-processo-administrativo-tributario-do-estado-do-para-suspensao-de-beneficios-fiscais-cancelamento-da-inscricao-do-contribuinte-e-declaracao-de-devedor-remisso\">Medidas acauteladoras do <mark>Processo Administrativo Tribut\u00e1rio<\/mark> do Estado do <mark>Par\u00e1<\/mark>: Suspens\u00e3o de benef\u00edcios fiscais, cancelamento da inscri\u00e7\u00e3o do contribuinte e declara\u00e7\u00e3o de devedor remisso <\/h3>\n\n\n\n<p>Segundo o artigo 8 da lei do Processo Administrativo Tribut\u00e1rio do Estado do Par\u00e1, o n\u00e3o pagamento de tributo declarado, escriturado ou informado ou constante de auto de infra\u00e7\u00e3o em rela\u00e7\u00e3o ao qual <strong>n\u00e3o caiba mais impugna\u00e7\u00e3o ou recurso na esfera administrativa<\/strong> acarretar\u00e1 a <strong>imediata suspens\u00e3o dos benef\u00edcios e incentivos fiscais<\/strong>, at\u00e9 que se regularize a situa\u00e7\u00e3o.<\/p>\n\n\n\n<p>Complementarmente, o par\u00e1grafo primeiro desse artigo diz que, em se tratando de <strong>n\u00e3o pagamento de ICMS por mais de <mark style=\"background-color:rgba(0, 0, 0, 0)\" class=\"has-inline-color has-vivid-red-color\">60 dias<\/mark><\/strong>, o Sujeito Passivo <strong><mark style=\"background-color:rgba(0, 0, 0, 0)\" class=\"has-inline-color has-vivid-red-color\">poder\u00e1<\/mark> ter sua inscri\u00e7\u00e3o <mark style=\"background-color:rgba(0, 0, 0, 0)\" class=\"has-inline-color has-vivid-red-color\">cancelada<\/mark><\/strong>, a crit\u00e9rio do Secret\u00e1rio de Estado de Fazenda.<\/p>\n\n\n\n<p>Passamos ao caput do artigo 9 que define o devedor remisso:<\/p>\n\n\n\n<blockquote class=\"wp-block-quote is-layout-flow wp-block-quote-is-layout-flow\"><p>Art. 9. Ser\u00e1 declarado devedor remisso,<mark style=\"background-color:rgba(0, 0, 0, 0)\" class=\"has-inline-color has-vivid-red-color\"><strong> inclusive seus fiadores,<\/strong><\/mark> com <strong>publica\u00e7\u00e3o no Di\u00e1rio Oficial<\/strong> do Estado, o sujeito passivo cujo cr\u00e9dito tribut\u00e1rio tenha sido <strong>inscrito em d\u00edvida ativa<\/strong>.<\/p><\/blockquote>\n\n\n\n<p>Os par\u00e1grafos desse artigo disp\u00f5em sobre as importantes consequ\u00eancias para o devedor, que fica <strong><mark style=\"background-color:rgba(0, 0, 0, 0)\" class=\"has-inline-color has-vivid-cyan-blue-color\">impossibilitado de transacionar com a administra\u00e7\u00e3o p\u00fablica direta e indireta<\/mark><\/strong>.<\/p>\n\n\n\n<h3 class=\"wp-block-heading\" id=\"h-medidas-acauteladoras-do-processo-administrativo-tributario-do-estado-do-para-lavratura-de-termo-de-sujeicao-passiva-solidaria-contra-socio-e-administradores-e-arrolamento-de-bens-e-direitos\">Medidas acauteladoras do <mark>Processo Administrativo Tribut\u00e1rio<\/mark> do Estado do <mark>Par\u00e1<\/mark>: Lavratura de termo de sujei\u00e7\u00e3o passiva solid\u00e1ria contra s\u00f3cio e administradores e arrolamento de Bens e Direitos<\/h3>\n\n\n\n<p>Seguindo, com rela\u00e7\u00e3o \u00e0 lavratura do termo de sujei\u00e7\u00e3o passiva solid\u00e1ria contra s\u00f3cio e administradores, o nome \u00e9 autoexplicativo. O mais importante aqui \u00e9 saber em que situa\u00e7\u00f5es o termo ser\u00e1 lavrado:<\/p>\n\n\n\n<ol class=\"wp-block-list\"><li>Para as seguintes situa\u00e7\u00f5es:<ul><li>Na ocorr\u00eancia de <strong>dolo, fraude e simula\u00e7\u00e3o<\/strong><\/li><li>Na <strong>aus\u00eancia de baixa regular<\/strong> da inscri\u00e7\u00e3o estadual<\/li><li>No<strong> uso de interposta pessoa <\/strong>no quadro societ\u00e1rio<\/li><\/ul><\/li><li>Cr\u00e9dito Tribut\u00e1rio superior a <strong><mark style=\"background-color:rgba(0, 0, 0, 0)\" class=\"has-inline-color has-vivid-red-color\">100.000 UPF-PA<\/mark><\/strong><\/li><li>Somat\u00f3ria com cr\u00e9ditos j\u00e1 lan\u00e7ados na mesma a\u00e7\u00e3o fiscal maior que <strong><mark style=\"background-color:rgba(0, 0, 0, 0)\" class=\"has-inline-color has-vivid-red-color\">30%<\/mark><\/strong> do <mark style=\"background-color:rgba(0, 0, 0, 0)\" class=\"has-inline-color has-vivid-red-color\"><strong>movimento econ\u00f4mico no per\u00edodo<\/strong><\/mark> de refer\u00eancia<\/li><\/ol>\n\n\n\n<p>As condi\u00e7\u00f5es 1, 2 e 3 s\u00e3o cumulativas, j\u00e1 as subcondi\u00e7\u00f5es do item 1 s\u00e3o alternativas.<\/p>\n\n\n\n<p>Por fim, a \u00faltima medida acauteladora do <mark>Processo Administrativo Tribut\u00e1rio<\/mark> do Estado do <mark>Par\u00e1<\/mark> \u00e9 o arrolamento de Bens e Direitos previsto no par\u00e1grafo 10-A. O arrolamento, no contexto do PAT, visa precaver a administra\u00e7\u00e3o tribut\u00e1ria de uma eventual venda fraudulenta de bens do Sujeito Passivo.<\/p>\n\n\n\n<p>Aqui, assim como no caso anterior, o mais importante \u00e9 saber quando o arrolamento ser\u00e1 adotado:<\/p>\n\n\n\n<ol class=\"wp-block-list\"><li>Cr\u00e9dito Tribut\u00e1rio superior a <strong><mark style=\"background-color:rgba(0, 0, 0, 0)\" class=\"has-inline-color has-vivid-red-color\">100.000 UPF-PA<\/mark><\/strong><\/li><li>Somat\u00f3ria com cr\u00e9ditos j\u00e1 lan\u00e7ados na mesma a\u00e7\u00e3o fiscal maior que <strong><mark style=\"background-color:rgba(0, 0, 0, 0)\" class=\"has-inline-color has-vivid-red-color\">30%<\/mark><\/strong> do <mark style=\"background-color:rgba(0, 0, 0, 0)\" class=\"has-inline-color has-vivid-red-color\"><strong>patrim\u00f4nio conhecido<\/strong><\/mark> do sujeito passivo<\/li><\/ol>\n\n\n\n<h2 class=\"wp-block-heading\" id=\"h-apreensoes-no-processo-administrativo-tributario-do-estado-do-para\">Apreens\u00f5es no Processo Administrativo Tribut\u00e1rio do Estado do Par\u00e1<\/h2>\n\n\n\n<p>Antes de continuar nosso resumo do PAT para SEFAZ-PA no que tange a apreens\u00f5es de mercadorias, tenha em mente a <strong>s\u00famula 323 do STF, segundo a qual &#8220;\u00c9 inadmiss\u00edvel a apreens\u00e3o de mercadorias como meio coercitivo para pagamento de tributos&#8221;.<\/strong> Dessa forma, a lei do PAT no Par\u00e1 disciplinou em quais casos ser\u00e1 necess\u00e1ria a apreens\u00e3o de mercadorias, livros e outros documentos:<\/p>\n\n\n\n<blockquote class=\"wp-block-quote is-layout-flow wp-block-quote-is-layout-flow\"><p>Art. 60. Ficam sujeitos \u00e0 apreens\u00e3o os bens e mercadorias que <strong><mark style=\"background-color:rgba(0, 0, 0, 0)\" class=\"has-inline-color has-vivid-cyan-blue-color\">constituem prova material de infra\u00e7\u00e3o \u00e0 legisla\u00e7\u00e3o tribut\u00e1ria.<\/mark><\/strong><\/p><\/blockquote>\n\n\n\n<p>Com rela\u00e7\u00e3o aos prazos, a <strong><mark style=\"background-color:rgba(0, 0, 0, 0)\" class=\"has-inline-color has-vivid-red-color\">notifica\u00e7\u00e3o do sujeito passivo deve se dar em 15 dias da apreens\u00e3o e, ap\u00f3s a notifica\u00e7\u00e3o, o auto de infra\u00e7\u00e3o dever\u00e1 ser lavrado em at\u00e9 10 dias.<\/mark><\/strong><\/p>\n\n\n\n<p>Al\u00e9m disso, tenha em mente que <strong>o fisco deve liberar os bens apreendidos quando<\/strong>:<\/p>\n\n\n\n<ol class=\"wp-block-list\"><li>A prova for <strong>dispens\u00e1vel<\/strong><\/li><li><strong>N\u00e3o houver inconveniente para a comprova\u00e7\u00e3o<\/strong> da infra\u00e7\u00e3o<\/li><li>O interessado <strong>comprovar, <mark style=\"background-color:rgba(0, 0, 0, 0)\" class=\"has-inline-color has-vivid-red-color\">em 5 dias<\/mark>, a sua regularidade ou a da coisa apreendida<\/strong><\/li><li>No <strong>prazo m\u00e1ximo de <mark style=\"background-color:rgba(0, 0, 0, 0)\" class=\"has-inline-color has-vivid-red-color\">240 dias<\/mark>, em se tratando de livros e documentos, <mark style=\"background-color:rgba(0, 0, 0, 0)\" class=\"has-inline-color has-vivid-red-color\">exceto<\/mark> quando forem prova da infra\u00e7\u00e3o<\/strong><\/li><\/ol>\n\n\n\n<p>Para finalizar o tema das apreens\u00f5es, saiba que, <strong><mark style=\"background-color:rgba(0, 0, 0, 0)\" class=\"has-inline-color has-vivid-red-color\">via de regra, decorridos 90 dias, os bens ser\u00e3o tidos como abandonados<\/mark><\/strong> e destinados para:<\/p>\n\n\n\n<ul class=\"wp-block-list\"><li>Uso na SEFAZ<\/li><li>Uso em \u00f3rg\u00e3os do Estado ou doados a institui\u00e7\u00f5es de educa\u00e7\u00e3o ou de assist\u00eancia social <\/li><li>Leil\u00e3o<\/li><\/ul>\n\n\n\n<p>Quando a coisa apreendida for <strong>necess\u00e1ria a comprova\u00e7\u00e3o da infra\u00e7\u00e3o, o prazo de 90 dias se reduz para 30 dias<\/strong>, contados da data do despacho para inscri\u00e7\u00e3o em d\u00edvida ativa ou da data da intima\u00e7\u00e3o sobre o julgamento definitivo do processo;<\/p>\n\n\n\n<p>Al\u00e9m disso, <strong>quando a coisa for de <mark style=\"background-color:rgba(0, 0, 0, 0)\" class=\"has-inline-color has-vivid-cyan-blue-color\">f\u00e1cil deteriora\u00e7\u00e3o<\/mark>, ser\u00e3o consideradas igualmente abandonadas quando a libera\u00e7\u00e3o <mark style=\"background-color:rgba(0, 0, 0, 0)\" class=\"has-inline-color has-vivid-cyan-blue-color\">n\u00e3o tenha sido providenciada no prazo fixado<\/mark> pela autoridade respons\u00e1vel pela apreens\u00e3o, sendo <mark style=\"background-color:rgba(0, 0, 0, 0)\" class=\"has-inline-color has-vivid-cyan-blue-color\">destinadas ao leil\u00e3o e, caso o leil\u00e3o seja impratic\u00e1vel, distribu\u00eddas a institui\u00e7\u00f5es de benefic\u00eancia.<\/mark><\/strong><\/p>\n\n\n\n<h2 class=\"wp-block-heading\" id=\"h-nulidades\">Nulidades<\/h2>\n\n\n\n<p>Seguindo nosso resumo do PAT para a SEFAZ-PA, com rela\u00e7\u00e3o \u00e0s nulidades, basta ler os importantes artigos 71 e 72:<\/p>\n\n\n\n<blockquote class=\"wp-block-quote is-layout-flow wp-block-quote-is-layout-flow\"><p>Art. 71. S\u00e3o nulos:<br \/>I &#8211; os atos e termos lavrados por pessoa <strong>incompetente<\/strong>;<br \/>II &#8211; os despachos e decis\u00f5es proferidas por autoridade incompetente ou com <strong>preteri\u00e7\u00e3o do direito de defesa.<\/strong><br \/>\u00a71 A nulidade de qualquer ato s\u00f3 prejudica os posteriores que dele diretamente dependam ou sejam consequ\u00eancia.<br \/>\u00a72 Na declara\u00e7\u00e3o de nulidade, a autoridade dir\u00e1 os atos alcan\u00e7ados e determinar\u00e1 as provid\u00eancias necess\u00e1rias ao prosseguimento ou solu\u00e7\u00e3o do expediente.<br \/>\u00a73 <strong><mark style=\"background-color:rgba(0, 0, 0, 0)\" class=\"has-inline-color has-vivid-cyan-blue-color\">Quando puder decidir do m\u00e9rito a favor do sujeito passivo a quem aproveitaria a declara\u00e7\u00e3o de nulidade, a autoridade julgadora n\u00e3o a pronunciar\u00e1 nem mandar\u00e1 repetir o ato ou suprir-lhe a falta.<\/mark><\/strong><\/p><p>Art. 72. As irregularidades, incorre\u00e7\u00f5es e omiss\u00f5es diferentes das referidas no artigo anterior n\u00e3o importar\u00e3o em nulidade e ser\u00e3o sanadas quando resultarem em preju\u00edzo para o sujeito passivo, salvo se este lhes houver dado causa, ou quando n\u00e3o influ\u00edrem na solu\u00e7\u00e3o do lit\u00edgio.<\/p><\/blockquote>\n\n\n\n<h2 class=\"wp-block-heading\" id=\"intimacoes\">Intima\u00e7\u00f5es<\/h2>\n\n\n\n<p>Passamos para um <strong><mark style=\"background-color:rgba(0, 0, 0, 0)\" class=\"has-inline-color has-vivid-red-color\">tema de suma import\u00e2ncia que costuma frequentar as provas<\/mark><\/strong> de Legisla\u00e7\u00e3o Tribut\u00e1ria: Intima\u00e7\u00f5es!<\/p>\n\n\n\n<p>Primeiramente, saiba quais s\u00e3o os meios de intima\u00e7\u00e3o e os prazos que se consideram feitas as intima\u00e7\u00f5es decorando a seguinte tabela:<\/p>\n\n\n\n<figure class=\"wp-block-table is-style-stripes\"><table><tbody><tr><td><strong>Intima\u00e7\u00e3o<\/strong><\/td><td><strong>Prazos<\/strong><\/td><\/tr><tr><td>Eletr\u00f4nica (DEC)<\/td><td><strong><mark style=\"background-color:rgba(0, 0, 0, 0)\" class=\"has-inline-color has-vivid-red-color\">10 dias<\/mark><\/strong> contados do envio ou na data da consulta, o que ocorrer antes<\/td><\/tr><tr><td>Pessoal<\/td><td>Data da ci\u00eancia<\/td><\/tr><tr><td>Remessa Postal com AR<\/td><td>Data do recebimento. <br \/>Caso omitida, na <strong><mark style=\"background-color:rgba(0, 0, 0, 0)\" class=\"has-inline-color has-vivid-red-color\">data de devolu\u00e7\u00e3o<\/mark><\/strong> do AR ou <mark style=\"background-color:rgba(0, 0, 0, 0)\" class=\"has-inline-color has-vivid-red-color\"><strong>8 dias<\/strong><\/mark> ap\u00f3s o envio<\/td><\/tr><tr><td>Edital<\/td><td><strong><mark style=\"background-color:rgba(0, 0, 0, 0)\" class=\"has-inline-color has-vivid-red-color\">15 dias <\/mark><\/strong>ap\u00f3s a publica\u00e7\u00e3o<\/td><\/tr><\/tbody><\/table><\/figure>\n\n\n\n<p>Al\u00e9m disso, saiba que, <strong><mark style=\"background-color:rgba(0, 0, 0, 0)\" class=\"has-inline-color has-vivid-red-color\">caso o Sujeito Passivo possua DEC (Domic\u00edlio Eletr\u00f4nico do Contribuinte), essa ser\u00e1 a modalidade preferencialmente adotada<\/mark><\/strong>. Caso contr\u00e1rio, poder\u00e1 ser utilizada a intima\u00e7\u00e3o pessoal ou por remessa e, <strong>apenas na impossibilidade de utilizar outro tipo de intima\u00e7\u00e3o, poder\u00e1 ser utilizada a intima\u00e7\u00e3o por edital.<\/strong><\/p>\n\n\n\n<h2 class=\"wp-block-heading\" id=\"h-consideracoes-finais\">Considera\u00e7\u00f5es Finais<\/h2>\n\n\n\n<p>Pessoal, chegamos ao final da primeira parte do Resumo do PAT para a SEFAZ-PA, espero que tenha sido \u00fatil!<\/p>\n\n\n\n<p>Este resumo \u00e9 uma poderosa ferramenta de revis\u00e3o, mas sabemos que <strong><mark style=\"background-color:rgba(0, 0, 0, 0)\" class=\"has-inline-color has-black-color\">o estudo para Concursos P\u00fablicos de alto n\u00edvel como o da SEFAZ-PA \u00e9 uma <\/mark><mark style=\"background-color:rgba(0, 0, 0, 0)\" class=\"has-inline-color has-vivid-cyan-blue-color\">grande jornada<\/mark><\/strong>. Assim, para que voc\u00ea consiga a aprova\u00e7\u00e3o, \u00e9 necess\u00e1rio <mark style=\"background-color:rgba(0, 0, 0, 0)\" class=\"has-inline-color has-black-color\">perseveran\u00e7a e, acima de tudo, \u00e9 necess\u00e1rio fazer as escolhas certas<\/mark>. <\/p>\n\n\n\n<p>Voc\u00ea sabia que <a href=\"https:\/\/www.estrategiaconcursos.com.br\/blog\/aprovados-sefaz-es-auditor-estrategia\/\" target=\"_blank\" rel=\"noreferrer noopener\">91% dos aprovados no \u00faltimo concurso de Auditor Fiscal da SEFAZ-ES s\u00e3o nossos alunos<\/a>? Confira nosso <a href=\"https:\/\/www.estrategiaconcursos.com.br\/curso\/sefaz-pa-auditor-fiscal-pacote-2022-pos-edital\/\">pacote completo para a SEFAZ-PA<\/a> e venha estudar com o l\u00edder absoluto em aprova\u00e7\u00f5es!<\/p>\n\n\n\n<p class=\"has-text-align-center has-white-color has-vivid-purple-background-color has-text-color has-background\"><a href=\"https:\/\/www.estrategiaconcursos.com.br\/blog\/concursos-abertos\/\" target=\"_blank\" rel=\"noreferrer noopener\"><strong>Concursos abertos<\/strong><\/a><\/p>\n\n\n\n<p class=\"has-text-align-center has-white-color has-vivid-purple-background-color has-text-color has-background\"><strong><a href=\"https:\/\/www.estrategiaconcursos.com.br\/blog\/concursos-2022\/\" target=\"_blank\" rel=\"noreferrer noopener\">Concursos 2022<\/a><\/strong><\/p>\n\n\n\n<div class=\"container\" id=\"boxes\">\n  <div class=\"row\">\n    <div class=\"col-sm\">\n      <div class=\"estrategia\" id=\"box-assinatura\">\n        <h3 class=\"titulo-assinatura\">Assinatura de Concursos<\/h3>\n        <p class=\"subtitulo-assinatura\">Assinatura de 1 ano ou 2 anos<\/p>\n        <div class=\"box-botao\">\n          <a class=\"btn-assinatura\" target=\"_blank\" href=\"https:\/\/www.estrategiaconcursos.com.br\/assinaturas\/\" role=\"button\" rel=\"noopener noreferrer\">ASSINE AGORA<\/a>\n        <\/div>\n      <\/div>\n      \n    <\/div><\/div><\/div>\n","protected":false},"excerpt":{"rendered":"<p>Ol\u00e1, Pessoal! Aqui come\u00e7amos o resumo da Lei Estadual 6.182\/98, que regula o Processo Administrativo Tribut\u00e1rio, PAT, para o cargo de Auditor Fiscal e Fiscal de Receitas da SEFAZ-PA. A banca organizadora do nosso concurso ser\u00e1 a FADESP. \u00c9 importante que voc\u00ea conhe\u00e7a muito bem a banca, fa\u00e7a muitas quest\u00f5es e veja nosso artigo para [&hellip;]<\/p>\n","protected":false},"author":2314,"featured_media":529501,"comment_status":"open","ping_status":"closed","sticky":false,"template":"","format":"standard","meta":{"post_tipo":"article","footnotes":""},"categories":[1,1983],"tags":[220492,3466,220490],"tax_estado":[219977],"class_list":["post-957749","post","type-post","status-publish","format-standard","has-post-thumbnail","hentry","category-cursos-e-concursos","category-fiscal-estadual","tag-pat","tag-resumos-para-concursos","tag-sefaz-pa","tax_estado-pa"],"acf":[],"yoast_head":"<!-- This site is optimized with the Yoast SEO Premium plugin v27.2 (Yoast SEO v27.2) - https:\/\/yoast.com\/product\/yoast-seo-premium-wordpress\/ -->\n<title>Resumo PAT SEFAZ-PA - Lei 6.182\/98 - Parte I<\/title>\n<meta name=\"description\" content=\"Confira um resumo do Processo Administrativo Fiscal PAT para SEFAZ-PA e garanta pontos fundamentais na disciplina de Legisla\u00e7\u00e3o Tribut\u00e1ria\" \/>\n<meta name=\"robots\" content=\"index, follow, max-snippet:-1, max-image-preview:large, max-video-preview:-1\" \/>\n<link rel=\"canonical\" href=\"https:\/\/www.estrategiaconcursos.com.br\/blog\/resumo-pat-sefaz-pa-p1\/\" \/>\n<meta property=\"og:locale\" content=\"pt_BR\" \/>\n<meta property=\"og:type\" content=\"article\" \/>\n<meta property=\"og:title\" content=\"Resumo PAT SEFAZ-PA - Lei 6.182\/98 - Parte I\" \/>\n<meta property=\"og:description\" content=\"Confira um resumo do Processo Administrativo Fiscal PAT para SEFAZ-PA e garanta pontos fundamentais na disciplina de Legisla\u00e7\u00e3o Tribut\u00e1ria\" \/>\n<meta property=\"og:url\" content=\"https:\/\/www.estrategiaconcursos.com.br\/blog\/resumo-pat-sefaz-pa-p1\/\" \/>\n<meta property=\"og:site_name\" content=\"Estrat\u00e9gia Concursos\" \/>\n<meta property=\"article:published_time\" content=\"2022-03-02T11:34:00+00:00\" \/>\n<meta property=\"og:image\" content=\"https:\/\/dhg1h5j42swfq.cloudfront.net\/2020\/06\/20105739\/sefaz-pa-1.jpg\" \/>\n\t<meta property=\"og:image:width\" content=\"1200\" \/>\n\t<meta property=\"og:image:height\" content=\"628\" \/>\n\t<meta property=\"og:image:type\" content=\"image\/jpeg\" \/>\n<meta name=\"author\" content=\"Kaio de Souza Lages\" \/>\n<meta name=\"twitter:card\" content=\"summary_large_image\" \/>\n<meta name=\"twitter:creator\" content=\"@EstratConcursos\" \/>\n<meta name=\"twitter:site\" content=\"@EstratConcursos\" \/>\n<meta name=\"twitter:label1\" content=\"Escrito por\" \/>\n\t<meta name=\"twitter:data1\" content=\"Kaio de Souza Lages\" \/>\n\t<meta name=\"twitter:label2\" content=\"Est. tempo de leitura\" \/>\n\t<meta name=\"twitter:data2\" content=\"11 minutos\" \/>\n<script type=\"application\/ld+json\" class=\"yoast-schema-graph\">{\"@context\":\"https:\/\/schema.org\",\"@graph\":[{\"@type\":\"NewsArticle\",\"@id\":\"https:\/\/www.estrategiaconcursos.com.br\/blog\/resumo-pat-sefaz-pa-p1\/#article\",\"isPartOf\":{\"@id\":\"https:\/\/www.estrategiaconcursos.com.br\/blog\/resumo-pat-sefaz-pa-p1\/\"},\"author\":{\"name\":\"Kaio de Souza Lages\",\"@id\":\"https:\/\/www.estrategiaconcursos.com.br\/blog\/#\/schema\/person\/96355f54ada1e830cfcb0e7a85e1feb5\"},\"headline\":\"Resumo PAT SEFAZ-PA &#8211; Lei 6.182\/98 &#8211; Parte I\",\"datePublished\":\"2022-03-02T11:34:00+00:00\",\"mainEntityOfPage\":{\"@id\":\"https:\/\/www.estrategiaconcursos.com.br\/blog\/resumo-pat-sefaz-pa-p1\/\"},\"wordCount\":2035,\"commentCount\":0,\"publisher\":{\"@id\":\"https:\/\/www.estrategiaconcursos.com.br\/blog\/#organization\"},\"image\":{\"@id\":\"https:\/\/www.estrategiaconcursos.com.br\/blog\/resumo-pat-sefaz-pa-p1\/#primaryimage\"},\"thumbnailUrl\":\"https:\/\/dhg1h5j42swfq.cloudfront.net\/2020\/06\/20105739\/sefaz-pa-1.jpg\",\"keywords\":[\"PAT\",\"resumos para concursos\",\"SEFAZ-PA\"],\"articleSection\":[\"Concursos P\u00fablicos\",\"Fiscal - Estadual (ICMS)\"],\"inLanguage\":\"pt-BR\",\"potentialAction\":[{\"@type\":\"CommentAction\",\"name\":\"Comment\",\"target\":[\"https:\/\/www.estrategiaconcursos.com.br\/blog\/resumo-pat-sefaz-pa-p1\/#respond\"]}],\"copyrightYear\":\"2022\",\"copyrightHolder\":{\"@id\":\"https:\/\/www.estrategiaconcursos.com.br\/blog\/#organization\"}},{\"@type\":\"WebPage\",\"@id\":\"https:\/\/www.estrategiaconcursos.com.br\/blog\/resumo-pat-sefaz-pa-p1\/\",\"url\":\"https:\/\/www.estrategiaconcursos.com.br\/blog\/resumo-pat-sefaz-pa-p1\/\",\"name\":\"Resumo PAT SEFAZ-PA - Lei 6.182\/98 - Parte I\",\"isPartOf\":{\"@id\":\"https:\/\/www.estrategiaconcursos.com.br\/blog\/#website\"},\"primaryImageOfPage\":{\"@id\":\"https:\/\/www.estrategiaconcursos.com.br\/blog\/resumo-pat-sefaz-pa-p1\/#primaryimage\"},\"image\":{\"@id\":\"https:\/\/www.estrategiaconcursos.com.br\/blog\/resumo-pat-sefaz-pa-p1\/#primaryimage\"},\"thumbnailUrl\":\"https:\/\/dhg1h5j42swfq.cloudfront.net\/2020\/06\/20105739\/sefaz-pa-1.jpg\",\"datePublished\":\"2022-03-02T11:34:00+00:00\",\"description\":\"Confira um resumo do Processo Administrativo Fiscal PAT para SEFAZ-PA e garanta pontos fundamentais na disciplina de Legisla\u00e7\u00e3o Tribut\u00e1ria\",\"breadcrumb\":{\"@id\":\"https:\/\/www.estrategiaconcursos.com.br\/blog\/resumo-pat-sefaz-pa-p1\/#breadcrumb\"},\"inLanguage\":\"pt-BR\",\"potentialAction\":[{\"@type\":\"ReadAction\",\"target\":[\"https:\/\/www.estrategiaconcursos.com.br\/blog\/resumo-pat-sefaz-pa-p1\/\"]}]},{\"@type\":\"ImageObject\",\"inLanguage\":\"pt-BR\",\"@id\":\"https:\/\/www.estrategiaconcursos.com.br\/blog\/resumo-pat-sefaz-pa-p1\/#primaryimage\",\"url\":\"https:\/\/dhg1h5j42swfq.cloudfront.net\/2020\/06\/20105739\/sefaz-pa-1.jpg\",\"contentUrl\":\"https:\/\/dhg1h5j42swfq.cloudfront.net\/2020\/06\/20105739\/sefaz-pa-1.jpg\",\"width\":1200,\"height\":628,\"caption\":\"Resumo PAT SEFAZ-PA\"},{\"@type\":\"BreadcrumbList\",\"@id\":\"https:\/\/www.estrategiaconcursos.com.br\/blog\/resumo-pat-sefaz-pa-p1\/#breadcrumb\",\"itemListElement\":[{\"@type\":\"ListItem\",\"position\":1,\"name\":\"In\u00edcio\",\"item\":\"https:\/\/www.estrategiaconcursos.com.br\/blog\/\"},{\"@type\":\"ListItem\",\"position\":2,\"name\":\"Resumo PAT SEFAZ-PA &#8211; Lei 6.182\/98 &#8211; Parte I\"}]},{\"@type\":\"WebSite\",\"@id\":\"https:\/\/www.estrategiaconcursos.com.br\/blog\/#website\",\"url\":\"https:\/\/www.estrategiaconcursos.com.br\/blog\/\",\"name\":\"Estrat\u00e9gia Concursos\",\"description\":\"O blog da Estrat\u00e9gia Concursos traz not\u00edcias sobre concursos e artigos de professores oferecendo cursos para concursos (pdf + videaulas) no site.\",\"publisher\":{\"@id\":\"https:\/\/www.estrategiaconcursos.com.br\/blog\/#organization\"},\"potentialAction\":[{\"@type\":\"SearchAction\",\"target\":{\"@type\":\"EntryPoint\",\"urlTemplate\":\"https:\/\/www.estrategiaconcursos.com.br\/blog\/?s={search_term_string}\"},\"query-input\":{\"@type\":\"PropertyValueSpecification\",\"valueRequired\":true,\"valueName\":\"search_term_string\"}}],\"inLanguage\":\"pt-BR\"},{\"@type\":\"Organization\",\"@id\":\"https:\/\/www.estrategiaconcursos.com.br\/blog\/#organization\",\"name\":\"Estrat\u00e9gia Concursos\",\"url\":\"https:\/\/www.estrategiaconcursos.com.br\/blog\/\",\"logo\":{\"@type\":\"ImageObject\",\"inLanguage\":\"pt-BR\",\"@id\":\"https:\/\/www.estrategiaconcursos.com.br\/blog\/#\/schema\/logo\/image\/\",\"url\":\"https:\/\/dhg1h5j42swfq.cloudfront.net\/2025\/06\/03203428\/logo_concursos-1.jpg\",\"contentUrl\":\"https:\/\/dhg1h5j42swfq.cloudfront.net\/2025\/06\/03203428\/logo_concursos-1.jpg\",\"width\":230,\"height\":60,\"caption\":\"Estrat\u00e9gia Concursos\"},\"image\":{\"@id\":\"https:\/\/www.estrategiaconcursos.com.br\/blog\/#\/schema\/logo\/image\/\"},\"sameAs\":[\"https:\/\/x.com\/EstratConcursos\"]},{\"@type\":\"Person\",\"@id\":\"https:\/\/www.estrategiaconcursos.com.br\/blog\/#\/schema\/person\/96355f54ada1e830cfcb0e7a85e1feb5\",\"name\":\"Kaio de Souza Lages\",\"image\":{\"@type\":\"ImageObject\",\"inLanguage\":\"pt-BR\",\"@id\":\"https:\/\/secure.gravatar.com\/avatar\/166cda70846b861784ddc2ba71cdc7c1dd7403a329e1e1e23db9926e66d8e494?s=96&d=mm&r=g\",\"url\":\"https:\/\/secure.gravatar.com\/avatar\/166cda70846b861784ddc2ba71cdc7c1dd7403a329e1e1e23db9926e66d8e494?s=96&d=mm&r=g\",\"contentUrl\":\"https:\/\/secure.gravatar.com\/avatar\/166cda70846b861784ddc2ba71cdc7c1dd7403a329e1e1e23db9926e66d8e494?s=96&d=mm&r=g\",\"caption\":\"Kaio de Souza Lages\"},\"url\":\"https:\/\/www.estrategiaconcursos.com.br\/blog\/author\/desouzalages-kaiogmail-com\/\"}]}<\/script>\n<!-- \/ Yoast SEO Premium plugin. -->","yoast_head_json":{"title":"Resumo PAT SEFAZ-PA - Lei 6.182\/98 - Parte I","description":"Confira um resumo do Processo Administrativo Fiscal PAT para SEFAZ-PA e garanta pontos fundamentais na disciplina de Legisla\u00e7\u00e3o Tribut\u00e1ria","robots":{"index":"index","follow":"follow","max-snippet":"max-snippet:-1","max-image-preview":"max-image-preview:large","max-video-preview":"max-video-preview:-1"},"canonical":"https:\/\/www.estrategiaconcursos.com.br\/blog\/resumo-pat-sefaz-pa-p1\/","og_locale":"pt_BR","og_type":"article","og_title":"Resumo PAT SEFAZ-PA - Lei 6.182\/98 - Parte I","og_description":"Confira um resumo do Processo Administrativo Fiscal PAT para SEFAZ-PA e garanta pontos fundamentais na disciplina de Legisla\u00e7\u00e3o Tribut\u00e1ria","og_url":"https:\/\/www.estrategiaconcursos.com.br\/blog\/resumo-pat-sefaz-pa-p1\/","og_site_name":"Estrat\u00e9gia Concursos","article_published_time":"2022-03-02T11:34:00+00:00","og_image":[{"width":1200,"height":628,"url":"https:\/\/dhg1h5j42swfq.cloudfront.net\/2020\/06\/20105739\/sefaz-pa-1.jpg","type":"image\/jpeg"}],"author":"Kaio de Souza Lages","twitter_card":"summary_large_image","twitter_creator":"@EstratConcursos","twitter_site":"@EstratConcursos","twitter_misc":{"Escrito por":"Kaio de Souza Lages","Est. tempo de leitura":"11 minutos"},"schema":{"@context":"https:\/\/schema.org","@graph":[{"@type":"NewsArticle","@id":"https:\/\/www.estrategiaconcursos.com.br\/blog\/resumo-pat-sefaz-pa-p1\/#article","isPartOf":{"@id":"https:\/\/www.estrategiaconcursos.com.br\/blog\/resumo-pat-sefaz-pa-p1\/"},"author":{"name":"Kaio de Souza Lages","@id":"https:\/\/www.estrategiaconcursos.com.br\/blog\/#\/schema\/person\/96355f54ada1e830cfcb0e7a85e1feb5"},"headline":"Resumo PAT SEFAZ-PA &#8211; Lei 6.182\/98 &#8211; Parte I","datePublished":"2022-03-02T11:34:00+00:00","mainEntityOfPage":{"@id":"https:\/\/www.estrategiaconcursos.com.br\/blog\/resumo-pat-sefaz-pa-p1\/"},"wordCount":2035,"commentCount":0,"publisher":{"@id":"https:\/\/www.estrategiaconcursos.com.br\/blog\/#organization"},"image":{"@id":"https:\/\/www.estrategiaconcursos.com.br\/blog\/resumo-pat-sefaz-pa-p1\/#primaryimage"},"thumbnailUrl":"https:\/\/dhg1h5j42swfq.cloudfront.net\/2020\/06\/20105739\/sefaz-pa-1.jpg","keywords":["PAT","resumos para concursos","SEFAZ-PA"],"articleSection":["Concursos P\u00fablicos","Fiscal - Estadual (ICMS)"],"inLanguage":"pt-BR","potentialAction":[{"@type":"CommentAction","name":"Comment","target":["https:\/\/www.estrategiaconcursos.com.br\/blog\/resumo-pat-sefaz-pa-p1\/#respond"]}],"copyrightYear":"2022","copyrightHolder":{"@id":"https:\/\/www.estrategiaconcursos.com.br\/blog\/#organization"}},{"@type":"WebPage","@id":"https:\/\/www.estrategiaconcursos.com.br\/blog\/resumo-pat-sefaz-pa-p1\/","url":"https:\/\/www.estrategiaconcursos.com.br\/blog\/resumo-pat-sefaz-pa-p1\/","name":"Resumo PAT SEFAZ-PA - Lei 6.182\/98 - Parte I","isPartOf":{"@id":"https:\/\/www.estrategiaconcursos.com.br\/blog\/#website"},"primaryImageOfPage":{"@id":"https:\/\/www.estrategiaconcursos.com.br\/blog\/resumo-pat-sefaz-pa-p1\/#primaryimage"},"image":{"@id":"https:\/\/www.estrategiaconcursos.com.br\/blog\/resumo-pat-sefaz-pa-p1\/#primaryimage"},"thumbnailUrl":"https:\/\/dhg1h5j42swfq.cloudfront.net\/2020\/06\/20105739\/sefaz-pa-1.jpg","datePublished":"2022-03-02T11:34:00+00:00","description":"Confira um resumo do Processo Administrativo Fiscal PAT para SEFAZ-PA e garanta pontos fundamentais na disciplina de Legisla\u00e7\u00e3o Tribut\u00e1ria","breadcrumb":{"@id":"https:\/\/www.estrategiaconcursos.com.br\/blog\/resumo-pat-sefaz-pa-p1\/#breadcrumb"},"inLanguage":"pt-BR","potentialAction":[{"@type":"ReadAction","target":["https:\/\/www.estrategiaconcursos.com.br\/blog\/resumo-pat-sefaz-pa-p1\/"]}]},{"@type":"ImageObject","inLanguage":"pt-BR","@id":"https:\/\/www.estrategiaconcursos.com.br\/blog\/resumo-pat-sefaz-pa-p1\/#primaryimage","url":"https:\/\/dhg1h5j42swfq.cloudfront.net\/2020\/06\/20105739\/sefaz-pa-1.jpg","contentUrl":"https:\/\/dhg1h5j42swfq.cloudfront.net\/2020\/06\/20105739\/sefaz-pa-1.jpg","width":1200,"height":628,"caption":"Resumo PAT SEFAZ-PA"},{"@type":"BreadcrumbList","@id":"https:\/\/www.estrategiaconcursos.com.br\/blog\/resumo-pat-sefaz-pa-p1\/#breadcrumb","itemListElement":[{"@type":"ListItem","position":1,"name":"In\u00edcio","item":"https:\/\/www.estrategiaconcursos.com.br\/blog\/"},{"@type":"ListItem","position":2,"name":"Resumo PAT SEFAZ-PA &#8211; Lei 6.182\/98 &#8211; Parte I"}]},{"@type":"WebSite","@id":"https:\/\/www.estrategiaconcursos.com.br\/blog\/#website","url":"https:\/\/www.estrategiaconcursos.com.br\/blog\/","name":"Estrat\u00e9gia Concursos","description":"O blog da Estrat\u00e9gia Concursos traz not\u00edcias sobre concursos e artigos de professores oferecendo cursos para concursos (pdf + videaulas) no site.","publisher":{"@id":"https:\/\/www.estrategiaconcursos.com.br\/blog\/#organization"},"potentialAction":[{"@type":"SearchAction","target":{"@type":"EntryPoint","urlTemplate":"https:\/\/www.estrategiaconcursos.com.br\/blog\/?s={search_term_string}"},"query-input":{"@type":"PropertyValueSpecification","valueRequired":true,"valueName":"search_term_string"}}],"inLanguage":"pt-BR"},{"@type":"Organization","@id":"https:\/\/www.estrategiaconcursos.com.br\/blog\/#organization","name":"Estrat\u00e9gia Concursos","url":"https:\/\/www.estrategiaconcursos.com.br\/blog\/","logo":{"@type":"ImageObject","inLanguage":"pt-BR","@id":"https:\/\/www.estrategiaconcursos.com.br\/blog\/#\/schema\/logo\/image\/","url":"https:\/\/dhg1h5j42swfq.cloudfront.net\/2025\/06\/03203428\/logo_concursos-1.jpg","contentUrl":"https:\/\/dhg1h5j42swfq.cloudfront.net\/2025\/06\/03203428\/logo_concursos-1.jpg","width":230,"height":60,"caption":"Estrat\u00e9gia Concursos"},"image":{"@id":"https:\/\/www.estrategiaconcursos.com.br\/blog\/#\/schema\/logo\/image\/"},"sameAs":["https:\/\/x.com\/EstratConcursos"]},{"@type":"Person","@id":"https:\/\/www.estrategiaconcursos.com.br\/blog\/#\/schema\/person\/96355f54ada1e830cfcb0e7a85e1feb5","name":"Kaio de Souza Lages","image":{"@type":"ImageObject","inLanguage":"pt-BR","@id":"https:\/\/secure.gravatar.com\/avatar\/166cda70846b861784ddc2ba71cdc7c1dd7403a329e1e1e23db9926e66d8e494?s=96&d=mm&r=g","url":"https:\/\/secure.gravatar.com\/avatar\/166cda70846b861784ddc2ba71cdc7c1dd7403a329e1e1e23db9926e66d8e494?s=96&d=mm&r=g","contentUrl":"https:\/\/secure.gravatar.com\/avatar\/166cda70846b861784ddc2ba71cdc7c1dd7403a329e1e1e23db9926e66d8e494?s=96&d=mm&r=g","caption":"Kaio de Souza Lages"},"url":"https:\/\/www.estrategiaconcursos.com.br\/blog\/author\/desouzalages-kaiogmail-com\/"}]}},"_links":{"self":[{"href":"https:\/\/www.estrategiaconcursos.com.br\/blog\/wp-json\/wp\/v2\/posts\/957749","targetHints":{"allow":["GET"]}}],"collection":[{"href":"https:\/\/www.estrategiaconcursos.com.br\/blog\/wp-json\/wp\/v2\/posts"}],"about":[{"href":"https:\/\/www.estrategiaconcursos.com.br\/blog\/wp-json\/wp\/v2\/types\/post"}],"author":[{"embeddable":true,"href":"https:\/\/www.estrategiaconcursos.com.br\/blog\/wp-json\/wp\/v2\/users\/2314"}],"replies":[{"embeddable":true,"href":"https:\/\/www.estrategiaconcursos.com.br\/blog\/wp-json\/wp\/v2\/comments?post=957749"}],"version-history":[{"count":23,"href":"https:\/\/www.estrategiaconcursos.com.br\/blog\/wp-json\/wp\/v2\/posts\/957749\/revisions"}],"predecessor-version":[{"id":974112,"href":"https:\/\/www.estrategiaconcursos.com.br\/blog\/wp-json\/wp\/v2\/posts\/957749\/revisions\/974112"}],"wp:featuredmedia":[{"embeddable":true,"href":"https:\/\/www.estrategiaconcursos.com.br\/blog\/wp-json\/wp\/v2\/media\/529501"}],"wp:attachment":[{"href":"https:\/\/www.estrategiaconcursos.com.br\/blog\/wp-json\/wp\/v2\/media?parent=957749"}],"wp:term":[{"taxonomy":"category","embeddable":true,"href":"https:\/\/www.estrategiaconcursos.com.br\/blog\/wp-json\/wp\/v2\/categories?post=957749"},{"taxonomy":"post_tag","embeddable":true,"href":"https:\/\/www.estrategiaconcursos.com.br\/blog\/wp-json\/wp\/v2\/tags?post=957749"},{"taxonomy":"tax_estado","embeddable":true,"href":"https:\/\/www.estrategiaconcursos.com.br\/blog\/wp-json\/wp\/v2\/tax_estado?post=957749"}],"curies":[{"name":"wp","href":"https:\/\/api.w.org\/{rel}","templated":true}]}}