{"id":957392,"date":"2022-01-30T16:05:00","date_gmt":"2022-01-30T19:05:00","guid":{"rendered":"https:\/\/www.estrategiaconcursos.com.br\/blog\/?p=957392"},"modified":"2025-04-07T15:18:23","modified_gmt":"2025-04-07T18:18:23","slug":"gabarito-extraoficial-ibama-analista-administrativo","status":"publish","type":"post","link":"https:\/\/www.estrategiaconcursos.com.br\/blog\/gabarito-extraoficial-ibama-analista-administrativo\/","title":{"rendered":"Gabarito Extraoficial IBAMA &#8211; Analista Administrativo"},"content":{"rendered":"\n<p>Neste domingo, 30 de janeiro, foram aplicadas as <strong>provas do concurso IBAMA para o cargo de Analista Administrativo.&nbsp;<\/strong>De acordo com o edital, as avalia\u00e7\u00f5es tiveram a dura\u00e7\u00e3o de 4 horas e 30 minutos, com in\u00edcio \u00e0s 8h.<\/p>\n\n\n\n<p>Com o objetivo de ajud\u00e1-lo a diminuir um pouco a ansiedade de saber se foi bem ou n\u00e3o em um concurso t\u00e3o visado e importante,&nbsp;<strong>nossos professores realizaram a corre\u00e7\u00e3o, dando o<\/strong>&nbsp;<strong>gabarito extraoficial da prova do IBAMA<\/strong>.<\/p>\n\n\n\n<p>Portanto, confira, antecipadamente, seu desempenho e ainda receba dicas de recursos (se houver necessidade, claro!). Lembrando que o&nbsp;gabarito oficial preliminar ser\u00e1 publicado pelo <a href=\"https:\/\/www.cebraspe.org.br\/concursos\/ibama_21\" target=\"_blank\" rel=\"noreferrer noopener\">Cebraspe<\/a>, a partir das 19h do dia 1\u00ba de fevereiro.<\/p>\n\n\n\n<h2 class=\"wp-block-heading\" id=\"h-participe-do-ranking-gabarito-extraoficial-ibama-analista-administrativo\">Participe do Ranking: Gabarito Extraoficial IBAMA &#8211; Analista Administrativo<\/h2>\n\n\n\n<p class=\"has-text-align-center has-luminous-vivid-amber-background-color has-background\" style=\"font-size:clamp(14px, 0.875rem + ((1vw - 3.2px) * 0.392), 18px);\"><strong><a href=\"https:\/\/forms.gle\/mG1VSCFUSMWPrrP1A\" target=\"_blank\" rel=\"noreferrer noopener\">Preencha o gabarito eletr\u00f4nico<\/a><\/strong><\/p>\n\n\n\n<p class=\"has-text-align-center has-luminous-vivid-amber-background-color has-background\" style=\"font-size:clamp(14px, 0.875rem + ((1vw - 3.2px) * 0.392), 18px);\"><strong><a href=\"https:\/\/docs.google.com\/spreadsheets\/d\/1Re29FtfcBiiy1R0xYfY1FLgjHTRiBETPwx-3DIECR6w\/edit?usp=sharing\" target=\"_blank\" rel=\"noreferrer noopener\">Ranking: Gabarito Extraoficial IBAMA &#8211; Analista Administrativo<\/a><\/strong><\/p>\n\n\n\n<h3 class=\"wp-block-heading\" id=\"h-gabarito-extraoficial-ibama-analista-administrativo\">Gabarito extraoficial: IBAMA &#8211; Analista Administrativo <\/h3>\n\n\n\n<p>Abaixo, voc\u00ea confere os gabaritos das quest\u00f5es corrigidas pelos nossos professores. \u00c0 medida em que as corre\u00e7\u00f5es forem realizadas, o artigo ser\u00e1 atualizado. Como existem v\u00e1rios tipos de provas, voc\u00ea pode conferindo o in\u00edcio da quest\u00e3o.<\/p>\n\n\n\n<p><strong>Quest\u00e3o 1:&nbsp;<\/strong>A rela\u00e7\u00e3o da cultura com a cidadania e a territorialidade&#8230;<br \/><strong><em>Resposta: <\/em><\/strong>CERTO <\/p>\n\n\n\n<p><strong>Quest\u00e3o 2:&nbsp;<\/strong>O segundo per\u00edodo do primeiro par\u00e1grafo apresenta&#8230;<br \/><strong><em>Resposta:<\/em><\/strong> CERTO <\/p>\n\n\n\n<p><strong>Quest\u00e3o 3:&nbsp;<\/strong>O emprego da express\u00e3o &#8220;\u00c9 (&#8230;) que&#8221;&#8230;<br \/><strong><em>Resposta:<\/em><\/strong> CERTO <\/p>\n\n\n\n<p><strong>Quest\u00e3o 4:&nbsp;<\/strong>Os sentidos do segundo per\u00edodo do primeiro par\u00e1grafo&#8230;<br \/><strong><em>Resposta:<\/em><\/strong> ERRADO<\/p>\n\n\n\n<p><strong>Quest\u00e3o 5:&nbsp;<\/strong>Os sentidos do texto permitem afirmar que o termo&#8230;<br \/><strong><em>Resposta:<\/em><\/strong> ERRADO <\/p>\n\n\n\n<p><strong>Quest\u00e3o 6:&nbsp;<\/strong>A inser\u00e7\u00e3o de uma v\u00edrgula logo ap\u00f3s &#8220;Assim&#8221;, no in\u00edcio do&#8230;<br \/><strong><em>Resposta:<\/em><\/strong> ERRADO<\/p>\n\n\n\n<p><strong>Quest\u00e3o 7:&nbsp;<\/strong>Seria mantida a coer\u00eancia do texto se a ora\u00e7\u00e3o &#8220;Incluindo o processo&#8230;<br \/><strong><em>Resposta:<\/em><\/strong> CERTO <\/p>\n\n\n\n<p><strong>Quest\u00e3o 8:&nbsp;<\/strong>Em &#8220;roubando-lhe parte do ser&#8221; (quarto per\u00edodo do primeiro par\u00e1grafo)&#8230;<br \/><strong><em>Resposta:<\/em><\/strong> CERTO <\/p>\n\n\n\n<p><strong>Quest\u00e3o 9:&nbsp;<\/strong>Em &#8220;a cultura \u00e9 o que nos d\u00e1 a consci\u00eancia de pertencer a um grupo&#8230;<br \/><strong><em>Resposta:<\/em><\/strong> ERRADO<\/p>\n\n\n\n<p><strong>Quest\u00e3o 10:&nbsp;<\/strong>A ora\u00e7\u00e3o &#8220;o que comenda as migra\u00e7\u00f5es&#8221; (segundo par\u00e1grafo)&#8230;<br \/><strong><em>Resposta:<\/em><\/strong> ERRADO<\/p>\n\n\n\n<p><strong>Quest\u00e3o 11:&nbsp;<\/strong>Bancos de dados do modelo NoSQL s\u00e3o considerados orientados a objetos&#8230;<br \/><strong><em>Resposta:<\/em><\/strong> ERRADO<\/p>\n\n\n\n<p><strong>Quest\u00e3o 12:&nbsp;<\/strong>Segundo a Lei n\u00ba 12.527\/2011, pedido de acesso a informa\u00e7\u00f5es&#8230;<br \/><strong><em>Resposta:<\/em><\/strong> ERRADO<\/p>\n\n\n\n<p><strong>Quest\u00e3o 13:&nbsp;<\/strong>O Microsoft Office 365 utiliza IaaS&#8230;<br \/><strong><em>Resposta:<\/em><\/strong> ERRADO<\/p>\n\n\n\n<p><strong>Quest\u00e3o 14:&nbsp;<\/strong>Em uma planilha Excel, a divis\u00e3o de qualquer n\u00famero&#8230;<br \/><strong><em>Resposta:<\/em><\/strong> ERRADO<\/p>\n\n\n\n<p><strong>Quest\u00e3o 15:&nbsp;<\/strong>Dado com identifica\u00e7\u00e3o gen\u00e9tica ou biom\u00e9trica de pessoas&#8230;<br \/><strong><em>Resposta:<\/em><\/strong> CERTO <\/p>\n\n\n\n<p><strong>Quest\u00e3o 16:&nbsp;<\/strong>Mediante lei ordin\u00e1ria federal, poder\u00e3o ser fixadas normas&#8230;<br \/><strong><em>Resposta:<\/em><\/strong> ERRADO<\/p>\n\n\n\n<p><strong>Quest\u00e3o 17:&nbsp;<\/strong>Em raz\u00e3o da essencialidade do direito ambiental&#8230;<br \/><strong><em>Resposta:<\/em><\/strong> ERRADO<\/p>\n\n\n\n<p><strong>Quest\u00e3o 18:&nbsp;<\/strong>De acordo com o entendimento do Superior Tribunal de Justi\u00e7a&#8230;<br \/><strong><em>Resposta:<\/em><\/strong> ERRADO<\/p>\n\n\n\n<p><strong>Quest\u00e3o 19:&nbsp;<\/strong>Diferentemente da responsabilidade civil ambiental, que \u00e9 de natureza&#8230;<br \/><strong><em>Resposta:<\/em><\/strong> CERTO <\/p>\n\n\n\n<p><strong>Quest\u00e3o 20:&nbsp;<\/strong>A participa\u00e7\u00e3o dos cidad\u00e3os na elabora\u00e7\u00e3o&#8230;<br \/><strong><em>Resposta:<\/em><\/strong> CERTO <\/p>\n\n\n\n<p><strong>Quest\u00e3o 21:&nbsp;<\/strong>O aproveitamento dos recursos h\u00eddricos, a pesquisa e a lavra&#8230;<br \/><strong><em>Resposta:<\/em><\/strong> ERRADO<\/p>\n\n\n\n<p><strong>Quest\u00e3o 22:&nbsp;<\/strong>O IBAMA \u00e9 uma funda\u00e7\u00e3o p\u00fablica, servi\u00e7o aut\u00f4nomo criado por lei&#8230;<br \/><strong><em>Resposta:<\/em><\/strong> ERRADO<\/p>\n\n\n\n<p><strong>Quest\u00e3o 23:&nbsp;<\/strong>Os servi\u00e7os econ\u00f4micos s\u00e3o aqueles que, embora classificados&#8230;<br \/><strong><em>Resposta:<\/em><\/strong> CERTO <\/p>\n\n\n\n<p><strong>Quest\u00e3o 24:&nbsp;<\/strong>O IBAMA tem a prerrogativa legal de disponibilizar&#8230;<br \/><strong><em>Resposta:<\/em><\/strong> CERTO <\/p>\n\n\n\n<p><strong>Quest\u00e3o 25:&nbsp;<\/strong>Quando da apura\u00e7\u00e3o de responsabilidade por infra\u00e7\u00e3o ambiental&#8230;<br \/><strong><em>Resposta:<\/em><\/strong> CERTO <\/p>\n\n\n\n<p><strong>Quest\u00e3o 26:&nbsp;<\/strong>Para a contrata\u00e7\u00e3o de obras, servi\u00e7os e compras, o IBAMA&#8230;<br \/><strong><em>Resposta:<\/em><\/strong> CERTO <\/p>\n\n\n\n<p><strong>Quest\u00e3o 27:&nbsp;<\/strong>A assessoria ao presidente da Rep\u00fablica nas diretrizes&#8230;<br \/><strong><em>Resposta:<\/em><\/strong> CERTO <\/p>\n\n\n\n<p><strong>Quest\u00e3o 28:&nbsp;<\/strong>O fato de o agente de crime ambiental comunicar&#8230;<br \/><strong><em>Resposta:<\/em><\/strong> CERTO <\/p>\n\n\n\n<p><strong>Quest\u00e3o 29:&nbsp;<\/strong>\u00c9 legalmente previsto que qualquer pessoal, ao constatar&#8230;<br \/><strong><em>Resposta:<\/em><\/strong> ERRADO <\/p>\n\n\n\n<p><strong>Quest\u00e3o 30:&nbsp;<\/strong>Embora os pantanais sejam \u00e1reas de uso restrito, \u00e9 permitida&#8230;<br \/><strong><em>Resposta:<\/em><\/strong> CERTO <\/p>\n\n\n\n<p><strong>Quest\u00e3o 31:&nbsp;<\/strong>O ordenamento dos recursos florestais&#8230;<br \/><strong><em>Resposta:<\/em><\/strong> CERTO <\/p>\n\n\n\n<p><strong>Quest\u00e3o 32:&nbsp;<\/strong>Desde que n\u00e3o sejam impostas restri\u00e7\u00f5es ao uso&#8230;<br \/><strong><em>Resposta:<\/em><\/strong> ERRADO<\/p>\n\n\n\n<p><strong>Quest\u00e3o 33:&nbsp;<\/strong>O Conselho Nacional da Amaz\u00f4nia Legal, cujas compet\u00eancias&#8230;<br \/><strong><em>Resposta:<\/em><\/strong> ERRADO<\/p>\n\n\n\n<p><strong>Quest\u00e3o 34:&nbsp;<\/strong>Como meio de assegurar a efetividade do direito&#8230;<br \/><strong><em>Resposta:<\/em><\/strong> CERTO <\/p>\n\n\n\n<p><strong>Quest\u00e3o 35:&nbsp;<\/strong>O dano moral coletivo ambiental&#8230;<br \/><strong><em>Resposta:<\/em><\/strong> ERRADO<\/p>\n\n\n\n<p><strong>Quest\u00e3o 36:&nbsp;<\/strong>A altera\u00e7\u00e3o ou supress\u00e3o dos espa\u00e7os&#8230;<br \/><strong><em>Resposta:<\/em><\/strong> ERRADO<\/p>\n\n\n\n<p><strong>Quest\u00e3o 37:&nbsp;<\/strong>Embora n\u00e3o tenha status constitucional, o estudo de impacto&#8230;<br \/><strong><em>Resposta:<\/em><\/strong> ERRADO<\/p>\n\n\n\n<p><strong>Quest\u00e3o 38:&nbsp;<\/strong>Pelo princ\u00edpio do poluidor pagador, aquele que poluir&#8230;<br \/><strong><em>Resposta:<\/em><\/strong> CERTO <\/p>\n\n\n\n<p><strong>Quest\u00e3o 39:&nbsp;<\/strong>Aquele a quem se impute um dano ambiental&#8230;<br \/><strong><em>Resposta:<\/em><\/strong> CERTO <\/p>\n\n\n\n<p><strong>Quest\u00e3o 40:&nbsp;<\/strong>O princ\u00edpio da preven\u00e7\u00e3o \u00e9 adotado pela Pol\u00edtica Nacional&#8230;<br \/><strong><em>Resposta:<\/em><\/strong> ERRADO <\/p>\n\n\n\n<p><strong>Quest\u00e3o 41:&nbsp;<\/strong>Em 2022, determinado programa de controle da polui\u00e7\u00e3o do ar&#8230;<br \/><strong><em>Resposta:<\/em><\/strong> ERRADO<\/p>\n\n\n\n<p><strong>Quest\u00e3o 42:&nbsp;<\/strong>Foi aberta consulta p\u00fablica para decis\u00e3o acerca da aloca\u00e7\u00e3o&#8230;<br \/><strong><em>Resposta:<\/em><\/strong> ERRADO<\/p>\n\n\n\n<p><strong>Quest\u00e3o 43:&nbsp;<\/strong>O poder p\u00fablico pretende estabelecer a cobran\u00e7a de tarifa&#8230;<br \/><strong><em>Resposta:<\/em><\/strong> ERRADO<\/p>\n\n\n\n<p><strong>Quest\u00e3o 44:&nbsp;<\/strong>Determinado projeto de lei prop\u00f5e que ve\u00edculos el\u00e9tricos ou h\u00edbridos&#8230;<br \/><strong><em>Resposta:<\/em><\/strong> CERTO <\/p>\n\n\n\n<p><strong>Quest\u00e3o 45:&nbsp;<\/strong>A partir de 2019, passou a ser cobrada uma taxa de entrada dos turistas&#8230;<br \/><strong><em>Resposta:<\/em><\/strong> CERTO <\/p>\n\n\n\n<p><strong>Quest\u00e3o 46:&nbsp;<\/strong>A atua\u00e7\u00e3o do superior hier\u00e1rquico, nesse caso, constitui&#8230;<br \/><strong><em>Resposta:<\/em><\/strong> ERRADO<\/p>\n\n\n\n<p><strong>Quest\u00e3o 47:&nbsp;<\/strong>Tal conduta do superior hier\u00e1rquico configurar\u00e1 ato de improbidade&#8230;<br \/><strong><em>Resposta:<\/em><\/strong> CERTO <\/p>\n\n\n\n<p><strong>Quest\u00e3o 48:&nbsp;<\/strong>Tal conduta do superior hier\u00e1rquico \u00e9 expressamente vedada pelo C\u00f3digo&#8230;<br \/><strong><em>Resposta:<\/em><\/strong> CERTO <\/p>\n\n\n\n<p><strong>Quest\u00e3o 49:&nbsp;<\/strong>Trata-se de conduta expressamente proibida&#8230;<br \/><strong><em>Resposta:<\/em><\/strong> CERTO <\/p>\n\n\n\n<p><strong>Quest\u00e3o 50:&nbsp;<\/strong>Tal conduta poder\u00e1 acarretar penalidade de demiss\u00e3o&#8230;<br \/><strong><em>Resposta:<\/em><\/strong> ERRADO<\/p>\n\n\n\n<p><strong>Quest\u00e3o 51:&nbsp;<\/strong>Comunica\u00e7\u00f5es formalizadas e admiss\u00e3o por compet\u00eancia&#8230;<br \/><strong><em>Resposta:<\/em><\/strong> CERTO <\/p>\n\n\n\n<p><strong>Quest\u00e3o 52:&nbsp;<\/strong>A an\u00e1lise organizacional interna \u00e9 uma&#8230;<br \/><strong><em>Resposta:<\/em><\/strong> ERRADO<\/p>\n\n\n\n<p><strong>Quest\u00e3o 53:&nbsp;<\/strong>No modelo administrativo adotado pelo Brasil a partir de 1967&#8230;<br \/><strong><em>Resposta:<\/em><\/strong> ERRADO<\/p>\n\n\n\n<p><strong>Quest\u00e3o 54:&nbsp;<\/strong>Para que seja eficaz, o processo administrativo deve ser assumido&#8230;<br \/><strong><em>Resposta:<\/em><\/strong> ERRADO<\/p>\n\n\n\n<p><strong>Quest\u00e3o 55:&nbsp;<\/strong>Al\u00e9m da raz\u00e3o de ser da organiza\u00e7\u00e3o, a miss\u00e3o deve&#8230;<br \/><strong><em>Resposta:<\/em><\/strong> CERTO <\/p>\n\n\n\n<p><strong>Quest\u00e3o 56:&nbsp;<\/strong>A superespecializa\u00e7\u00e3o \u00e9 uma limita\u00e7\u00e3o&#8230;<br \/><strong><em>Resposta:<\/em><\/strong> CERTO <\/p>\n\n\n\n<p><strong>Quest\u00e3o 57:&nbsp;<\/strong>A atua\u00e7\u00e3o em rede \u00e9 um dos fundamentos do modelo de excel\u00eancia em gest\u00e3o&#8230;<br \/><strong><em>Resposta:<\/em><\/strong> CERTO <\/p>\n\n\n\n<p><strong>Quest\u00e3o 58:&nbsp;<\/strong>Os m\u00e9todos \u00e1geis na gest\u00e3o de projetos referem-se \u00e0 capacidade&#8230;<br \/><strong><em>Resposta:<\/em><\/strong> CERTO <\/p>\n\n\n\n<p><strong>Quest\u00e3o 59:&nbsp;<\/strong>Segundo a norma ISO 9000:2000, na avalia\u00e7\u00e3o dos sistemas de gest\u00e3o&#8230;<br \/><strong><em>Resposta:<\/em><\/strong> ERRADO <\/p>\n\n\n\n<p><strong>Quest\u00e3o 60:&nbsp;<\/strong>No balanced scorecard, aspectos como lideran\u00e7a e capital da informa\u00e7\u00e3o&#8230;<br \/><strong><em>Resposta:<\/em><\/strong> CERTO <\/p>\n\n\n\n<p><strong>Quest\u00e3o 61:&nbsp;<\/strong>A abordagem de Deming acerca da gest\u00e3o de qualidade&#8230;<br \/><strong><em>Resposta:<\/em><\/strong> ERRADO<\/p>\n\n\n\n<p><strong>Quest\u00e3o 62:&nbsp;<\/strong>Considere que, ap\u00f3s licita\u00e7\u00e3o devidamente homologada, um contrato&#8230;<br \/><strong><em>Resposta:<\/em><\/strong> ERRADO<\/p>\n\n\n\n<p><strong>Quest\u00e3o 63:&nbsp;<\/strong>A reintegra\u00e7\u00e3o de servidor p\u00fablico cujo cargo foi extinto n\u00e3o \u00e9 poss\u00edvel&#8230;<br \/><strong><em>Resposta:<\/em><\/strong> ERRADO*<\/p>\n\n\n\n<p><strong>Quest\u00e3o 64:&nbsp;<\/strong>A modalidade de licita\u00e7\u00e3o denominada concorr\u00eancia ocorre&#8230;<br \/><strong><em>Resposta:<\/em><\/strong> ERRADO<\/p>\n\n\n\n<p><strong>Quest\u00e3o 65:&nbsp;<\/strong>Suponha que determinado servidor respons\u00e1vel por um suprimento de fundos&#8230;<br \/><strong><em>Resposta:<\/em><\/strong> CERTO <\/p>\n\n\n\n<p><strong>Quest\u00e3o 66:&nbsp;<\/strong>A reforma do aparelho do Estado teve um vi\u00e9s financeiro retratado pela busca&#8230;<br \/><strong><em>Resposta:<\/em><\/strong> CERTO <\/p>\n\n\n\n<p><strong>Quest\u00e3o 67:&nbsp;<\/strong>A sociedade pode acompanhar o uso dos recursos p\u00fablicos por meio&#8230;<br \/><strong><em>Resposta:<\/em><\/strong> ERRADO<\/p>\n\n\n\n<p><strong>Quest\u00e3o 68:&nbsp;<\/strong>Na perspectiva da gest\u00e3o por compet\u00eancias, as compet\u00eancias individuais devem ser definidas&#8230;<br \/><strong><em>Resposta:<\/em><\/strong> CERTO <\/p>\n\n\n\n<p><strong>Quest\u00e3o 69:&nbsp;<\/strong>O processo de desestatiza\u00e7\u00e3o faz que o Estado perca for\u00e7a na&#8230;<br \/><strong><em>Resposta:<\/em><\/strong> ERRADO<\/p>\n\n\n\n<p><strong>Quest\u00e3o 70:&nbsp;<\/strong>Os conselhos de promo\u00e7\u00e3o de direitos da crian\u00e7a e do&#8230;<br \/><strong><em>Resposta:<\/em><\/strong> CERTO <\/p>\n\n\n\n<p><strong>Quest\u00e3o 71:&nbsp;<\/strong>A intermedia\u00e7\u00e3o de interesses caracterizada pela coer\u00e7\u00e3o&#8230;<br \/><strong><em>Resposta:<\/em><\/strong> ERRADO<\/p>\n\n\n\n<p><strong>Quest\u00e3o 72:&nbsp;<\/strong>As redes organizacionais devem ser compostas por indiv\u00edduos&#8230;<br \/><strong><em>Resposta:<\/em><\/strong> ERRADO<\/p>\n\n\n\n<p><strong>Quest\u00e3o 73:&nbsp;<\/strong>No SIAPE, o acesso de n\u00edvel \u00f3rg\u00e3o possibilita o acesso a informa\u00e7\u00f5es&#8230;<br \/><strong><em>Resposta:<\/em><\/strong> ERRADO<\/p>\n\n\n\n<p><strong>Quest\u00e3o 74:<\/strong> Para promover a divulga\u00e7\u00e3o eletr\u00f4nica de compras, englobando o cadastramento&#8230;<br \/><strong><em>Resposta:<\/em><\/strong> ERRADO<\/p>\n\n\n\n<p><strong>Quest\u00e3o 75:&nbsp;<\/strong>Uma funda\u00e7\u00e3o p\u00fablica que possua a finalidade de promover assist\u00eancia social&#8230;<br \/><strong><em>Resposta:<\/em><\/strong> ERRADO<\/p>\n\n\n\n<p><strong>Quest\u00e3o 76:&nbsp;<\/strong>Os objetivos e a decis\u00e3o quanto aos modelos a serem adotados&#8230;<br \/><strong><em>Resposta:<\/em><\/strong> ERRADO<\/p>\n\n\n\n<p><strong>Quest\u00e3o 77:&nbsp;<\/strong>A avalia\u00e7\u00e3o executiva de uma pol\u00edtica p\u00fablica fornece subs\u00eddios&#8230;<br \/><strong><em>Resposta:<\/em><\/strong> CERTO <\/p>\n\n\n\n<p><strong>Quest\u00e3o 78:&nbsp;<\/strong>A participa\u00e7\u00e3o social nas pol\u00edticas p\u00fablicas do Brasil permite maior visibilidade&#8230;<br \/><strong><em>Resposta:<\/em><\/strong> CERTO <\/p>\n\n\n\n<p><strong>Quest\u00e3o 79:&nbsp;<\/strong>Um programa para atendimento de uma pol\u00edtica p\u00fablica deve &#8230;<br \/><strong><em>Resposta:<\/em><\/strong> CERTO <\/p>\n\n\n\n<p><strong>Quest\u00e3o 80:&nbsp;<\/strong>No que se refere aos aspectos or\u00e7ament\u00e1rios e financeiros, para que uma pol\u00edtica&#8230;<br \/><strong><em>Resposta:<\/em><\/strong> CERTO <\/p>\n\n\n\n<p><strong>Quest\u00e3o 81:&nbsp;<\/strong>A d\u00edvida fundada desse ente p\u00fablico&#8230;<br \/><strong><em>Resposta:<\/em><\/strong> ERRADO<\/p>\n\n\n\n<p><strong>Quest\u00e3o 82:<\/strong> A d\u00edvida flutuante desse ente p\u00fablico&#8230;<br \/><strong><em>Resposta:<\/em><\/strong> ERRADO<\/p>\n\n\n\n<p><strong>Quest\u00e3o 83:&nbsp;<\/strong>De acordo com a Lei n\u00ba 4.320\/1964, as receitas p\u00fablicas&#8230;<br \/><strong><em>Resposta:<\/em><\/strong> ERRADO<\/p>\n\n\n\n<p><strong>Quest\u00e3o 84:&nbsp;<\/strong>A d\u00edvida ativa n\u00e3o se confunde com a d\u00edvida p\u00fablica&#8230;<br \/><strong><em>Resposta:<\/em><\/strong> CERTO <\/p>\n\n\n\n<p><strong>Quest\u00e3o 85:&nbsp;<\/strong>A atividade administrativa de lan\u00e7amento deve ser balizada&#8230;<br \/><strong><em>Resposta:<\/em><\/strong> ERRADO<\/p>\n\n\n\n<p><strong>Quest\u00e3o 86:&nbsp;<\/strong>Tal processo deve ser pautado nos princ\u00edpios da economia&#8230;<br \/><strong><em>Resposta:<\/em><\/strong> ERRADO<\/p>\n\n\n\n<p><strong>Quest\u00e3o 87:&nbsp;<\/strong>Em 2020, o \u00f3rg\u00e3o em quest\u00e3o efetivou os est\u00e1gios&#8230;<br \/><strong><em>Resposta:<\/em><\/strong> CERTO <\/p>\n\n\n\n<p><strong>Quest\u00e3o 88:&nbsp;<\/strong>Para o correto lan\u00e7amento, a despesa empenhada relativa&#8230;<br \/><strong><em>Resposta:<\/em><\/strong> ERRADO<\/p>\n\n\n\n<p><strong>Quest\u00e3o 89:&nbsp;<\/strong>De acordo com a Lei de Responsabilidade Fiscal, esse programa poder\u00e1 ser viabilizado&#8230;<br \/><strong><em>Resposta:<\/em><\/strong> ERRADO<\/p>\n\n\n\n<p><strong>Quest\u00e3o 90:<\/strong> O plano plurianual dever\u00e1 conter o anexo&#8230;<br \/><strong><em>Resposta:<\/em><\/strong> ERRADO<\/p>\n\n\n\n<p><strong>Quest\u00e3o 91:&nbsp;<\/strong>Uma VPA \u00e9 realizada no caso do recebimento&#8230;<br \/><strong><em>Resposta:<\/em><\/strong> CERTO <\/p>\n\n\n\n<p><strong>Quest\u00e3o 92:&nbsp;<\/strong>N\u00e3o \u00e9 poss\u00edvel reconhecer uma VPD ap\u00f3s a liquida\u00e7\u00e3o&#8230;<br \/><strong><em>Resposta:<\/em><\/strong> ERRADO<\/p>\n\n\n\n<p><strong>Quest\u00e3o 93:&nbsp;<\/strong>Um ativo intang\u00edvel adquirido por meio de transa\u00e7\u00e3o sem&#8230;<br \/><strong><em>Resposta:<\/em><\/strong> ERRADO<\/p>\n\n\n\n<p><strong>Quest\u00e3o 94:&nbsp;<\/strong>Em raz\u00e3o de sua natureza, os bens que tenham sido usados anteriormente&#8230;<br \/><strong><em>Resposta:<\/em><\/strong> ERRADO<\/p>\n\n\n\n<p><strong>Quest\u00e3o 95:&nbsp;<\/strong>A utiliza\u00e7\u00e3o do PCASP \u00e9 obrigat\u00f3ria para todos os \u00f3rg\u00e3os e entidades&#8230;<br \/><strong><em>Resposta:<\/em><\/strong> ERRADO<\/p>\n\n\n\n<p><strong>Quest\u00e3o 96:&nbsp;<\/strong>Os fatos financeiros e n\u00e3o financeiros relacionados&#8230;<br \/><strong><em>Resposta:<\/em><\/strong> CERTO <\/p>\n\n\n\n<p><strong>Quest\u00e3o 97:&nbsp;<\/strong>A consolida\u00e7\u00e3o das demonstra\u00e7\u00f5es cont\u00e1beis pode ser feita&#8230;<br \/><strong><em>Resposta:<\/em><\/strong> CERTO <\/p>\n\n\n\n<p><strong>Quest\u00e3o 98:&nbsp;<\/strong>A consolida\u00e7\u00e3o nacional das contas \u00e9 de compet\u00eancia da Secretaria do Tesouro&#8230;<br \/><strong><em>Resposta:<\/em><\/strong> CERTO <\/p>\n\n\n\n<p><strong>Quest\u00e3o 99:&nbsp;<\/strong>Caso estabele\u00e7am detalhamentos adicionais&#8230;<br \/><strong><em>Resposta:<\/em><\/strong> ERRADO<\/p>\n\n\n\n<p><strong>Quest\u00e3o 100:&nbsp;<\/strong>H\u00e1 a necessidade de identifica\u00e7\u00e3o do exerc\u00edcio ao qual&#8230;<br \/><strong><em>Resposta:<\/em><\/strong> ERRADO<\/p>\n\n\n\n<p><strong>Quest\u00e3o 101:&nbsp;<\/strong>A resolu\u00e7\u00e3o alternativa de conflitos no trabalho, seja por meio&#8230;<br \/><strong><em>Resposta:<\/em><\/strong> CERTO <\/p>\n\n\n\n<p><strong>Quest\u00e3o 102:&nbsp;<\/strong>Uma forma eficaz de resolver a iniquidade negativa no local&#8230;<br \/><strong><em>Resposta:<\/em><\/strong> CERTO <\/p>\n\n\n\n<p><strong>Quest\u00e3o 103:&nbsp;<\/strong>Na atualidade, desenvolver tecnologias para a gest\u00e3o de pessoas&#8230;<br \/><strong><em>Resposta:<\/em><\/strong> ERRADO<\/p>\n\n\n\n<p><strong>Quest\u00e3o 104:&nbsp;<\/strong>Os principais desafios dos \u00f3rg\u00e3os de recursos humanos&#8230;<br \/><strong><em>Resposta:<\/em><\/strong> CERTO <\/p>\n\n\n\n<p><strong>Quest\u00e3o 105:&nbsp;<\/strong>Um l\u00edder que influencia seus seguidores a buscarem os objetivos organizacionais&#8230;<br \/><strong><em>Resposta:<\/em><\/strong> ERRADO<\/p>\n\n\n\n<p><strong>Quest\u00e3o 106:&nbsp;<\/strong>Entrevistas situacionais, quando utilizadas em processos de sele\u00e7\u00e3o de pessoal&#8230;<br \/><strong><em>Resposta:<\/em><\/strong> ERRADO<\/p>\n\n\n\n<p><strong>Quest\u00e3o 107:&nbsp;<\/strong>Segundo a perspectivas francesa, as compet\u00eancias&#8230;<br \/><strong><em>Resposta:<\/em><\/strong> CERTO <\/p>\n\n\n\n<p><strong>Quest\u00e3o 108:&nbsp;<\/strong>A abordagem sist\u00eamica de treinamento \u00e9 utilizada quando&#8230;<br \/><strong><em>Resposta:<\/em><\/strong> CERTO <\/p>\n\n\n\n<p><strong>Quest\u00e3o 109:&nbsp;<\/strong>Trabalho h\u00edbrido (presencial e remoto), hor\u00e1rios flex\u00edveis&#8230;<br \/><strong><em>Resposta:<\/em><\/strong> ERRADO<\/p>\n\n\n\n<p><strong>Quest\u00e3o 110:&nbsp;<\/strong>Ao avaliar o desempenho de seu subordinado baseando-se&#8230;<br \/><strong><em>Resposta:<\/em><\/strong> ERRADO<\/p>\n\n\n\n<p><strong>Quest\u00e3o 111:&nbsp;<\/strong>No sistema de amortiza\u00e7\u00e3o constante, os juros de cada&#8230;<br \/><strong><em>Resposta:<\/em><\/strong> CERTO <\/p>\n\n\n\n<p><strong>Quest\u00e3o 112:&nbsp;<\/strong>Para um empr\u00e9stimo de R$ 270.000,00 no sistema de amortiza\u00e7\u00e3o misto&#8230;<br \/><strong><em>Resposta:<\/em><\/strong> CERTO <\/p>\n\n\n\n<p><strong>Quest\u00e3o 113:&nbsp;<\/strong>Para um empr\u00e9stimo de R$ 100.000,00 no sistema de amortiza\u00e7\u00e3o franc\u00eas&#8230;<br \/><strong><em>Resposta:<\/em><\/strong> ERRADO<\/p>\n\n\n\n<p><strong>Quest\u00e3o 114:&nbsp;<\/strong>Se a taxa efetiva de um contrato \u00e9 de 44%&#8230;<br \/><strong><em>Resposta:<\/em><\/strong> CERTO*<\/p>\n\n\n\n<p><strong>Quest\u00e3o 115:&nbsp;<\/strong>Se para o valor de R$ 4.200,00, investido hoje, obt\u00e9m-se, ap\u00f3s tr\u00eas anos&#8230;<br \/><strong><em>Resposta:<\/em><\/strong> CERTO <\/p>\n\n\n\n<p><strong>Quest\u00e3o 116:&nbsp;<\/strong>Se, em uma fazenda, 6 macacos consomem 45 kg de frutas&#8230;<br \/><strong><em>Resposta:<\/em><\/strong> CERTO <\/p>\n\n\n\n<p><strong>Quest\u00e3o 117:&nbsp;<\/strong>Considere que, em uma popula\u00e7\u00e3o de p\u00e1ssaros, ap\u00f3s o nascimento&#8230;<br \/><strong><em>Resposta:<\/em><\/strong> ERRADO<\/p>\n\n\n\n<p><strong>Quest\u00e3o 118:&nbsp;<\/strong>Considere que, para um investimento de R$ 72.000,00 se esperam retornos anuais&#8230;<br \/><strong><em>Resposta:<\/em><\/strong> ERRADO<\/p>\n\n\n\n<p><strong>Quest\u00e3o 119:&nbsp;<\/strong>Considere que, ao final de cada ano e durante 3 anos, uma pessoa deposita&#8230;<br \/><strong><em>Resposta:<\/em><\/strong> ERRADO<\/p>\n\n\n\n<p><strong>Quest\u00e3o 120:&nbsp;<\/strong>Um investimento de R$ 5.000,00 aplicado a uma taxa de juros anual&#8230;<br \/><strong><em>Resposta:<\/em><\/strong> ERRADO<\/p>\n\n\n\n<h2 class=\"wp-block-heading has-text-align-center has-luminous-vivid-amber-background-color has-background has-medium-font-size\"><strong>Saiba mais: <a href=\"https:\/\/www.estrategiaconcursos.com.br\/blog\/concurso-ibama\/\" target=\"_blank\" rel=\"noreferrer noopener\">Concurso IBAMA<\/a><\/strong><\/h2>\n\n\n\n<hr class=\"wp-block-separator has-css-opacity\"\/>\n\n\n\n<h2 class=\"wp-block-heading has-text-align-center\" id=\"h-quer-saber-tudo-sobre-concursos-previstos-confira-nossos-artigos\">Quer saber tudo sobre concursos previstos?<br \/>Confira nossos artigos!<\/h2>\n\n\n\n<ul class=\"wp-block-list\">\n<li><a target=\"_blank\" href=\"https:\/\/www.estrategiaconcursos.com.br\/blog\/concursos-abertos\/\" rel=\"noreferrer noopener\">Concursos abertos<\/a><\/li>\n\n\n\n<li><a target=\"_blank\" href=\"https:\/\/www.estrategiaconcursos.com.br\/blog\/concursos-2022\/\" rel=\"noreferrer noopener\">Concursos 2022<\/a><\/li>\n<\/ul>\n\n\n\n<div class=\"container\" id=\"boxes\">\n  <div class=\"row\">\n\n    <div class=\"col-sm\">\n      <div class=\"banner-estrategia\" id=\"box-assinatura\">\n        <h3 class=\"titulo-assinatura\">Cursos para IBAMA<\/h3>\n        <p class=\"subtitulo-assinatura\">Estude conosco<\/p>\n        <div class=\"box-botao\">\n          <a class=\"btn-assinatura\" target=\"_blank\" href=\"https:\/\/www.estrategiaconcursos.com.br\/cursosPorConcurso\/ibama-analista-61\/\" role=\"button\" rel=\"noopener noreferrer\">Conhe\u00e7a os cursos<\/a>\n        <\/div>\n      <\/div>\n     \n    <\/div>\n\n  <\/div>\n<\/div>\n\n\n\n<div class=\"container\" id=\"boxes\">\n  <div class=\"row\">\n\n    <div class=\"col-sm\">\n      <div class=\"estrategia\" id=\"box-assinatura\">\n        <h3 class=\"titulo-assinatura\">Assinatura Concursos<\/h3>\n        <p class=\"subtitulo-assinatura\">Assinatura de 1 ano ou 2 anos<\/p>\n        <div class=\"box-botao\">\n          <a class=\"btn-assinatura\" target=\"_blank\" href=\"https:\/\/www.estrategiaconcursos.com.br\/assinaturas\/\" role=\"button\" rel=\"noopener noreferrer\">ASSINE AGORA<\/a>\n        <\/div>\n      <\/div><\/div><\/div><\/div>\n","protected":false},"excerpt":{"rendered":"<p>Neste domingo, 30 de janeiro, foram aplicadas as provas do concurso IBAMA para o cargo de Analista Administrativo.&nbsp;De acordo com o edital, as avalia\u00e7\u00f5es tiveram a dura\u00e7\u00e3o de 4 horas e 30 minutos, com in\u00edcio \u00e0s 8h. Com o objetivo de ajud\u00e1-lo a diminuir um pouco a ansiedade de saber se foi bem ou n\u00e3o [&hellip;]<\/p>\n","protected":false},"author":1206,"featured_media":731068,"comment_status":"open","ping_status":"closed","sticky":false,"template":"","format":"standard","meta":{"post_tipo":"news_page","footnotes":""},"categories":[214992,220219],"tags":[],"tax_estado":[219963],"class_list":["post-957392","post","type-post","status-publish","format-standard","has-post-thumbnail","hentry","category-concursos-administrativos","category-noticias","tax_estado-concursos-federais"],"acf":[],"yoast_head":"<!-- This site is optimized with the Yoast SEO Premium plugin v27.2 (Yoast SEO v27.2) - https:\/\/yoast.com\/product\/yoast-seo-premium-wordpress\/ -->\n<title>Gabarito Extraoficial IBAMA - Analista Administrativo<\/title>\n<meta name=\"description\" content=\"Neste domingo, 30, acontecem as provas do concurso IBAMA para Analista Administrativo. Acompanhe a corre\u00e7\u00e3o e gabarito extraoficial!\" \/>\n<meta name=\"robots\" content=\"index, follow, max-snippet:-1, max-image-preview:large, max-video-preview:-1\" \/>\n<link rel=\"canonical\" href=\"https:\/\/www.estrategiaconcursos.com.br\/blog\/gabarito-extraoficial-ibama-analista-administrativo\/\" \/>\n<meta property=\"og:locale\" content=\"pt_BR\" \/>\n<meta property=\"og:type\" content=\"article\" \/>\n<meta property=\"og:title\" content=\"Gabarito Extraoficial IBAMA - Analista Administrativo\" \/>\n<meta property=\"og:description\" content=\"Neste domingo, 30, acontecem as provas do concurso IBAMA para Analista Administrativo. Acompanhe a corre\u00e7\u00e3o e gabarito extraoficial!\" \/>\n<meta property=\"og:url\" content=\"https:\/\/www.estrategiaconcursos.com.br\/blog\/gabarito-extraoficial-ibama-analista-administrativo\/\" \/>\n<meta property=\"og:site_name\" content=\"Estrat\u00e9gia Concursos\" \/>\n<meta property=\"article:published_time\" content=\"2022-01-30T19:05:00+00:00\" \/>\n<meta property=\"article:modified_time\" content=\"2025-04-07T18:18:23+00:00\" \/>\n<meta property=\"og:image\" content=\"https:\/\/dhg1h5j42swfq.cloudfront.net\/2021\/05\/04154828\/ibama.jpg\" \/>\n\t<meta property=\"og:image:width\" content=\"768\" \/>\n\t<meta property=\"og:image:height\" content=\"432\" \/>\n\t<meta property=\"og:image:type\" content=\"image\/jpeg\" \/>\n<meta name=\"author\" content=\"Bruna de Andrade Fran\u00e7a\" \/>\n<meta name=\"twitter:card\" content=\"summary_large_image\" \/>\n<meta name=\"twitter:creator\" content=\"@EstratConcursos\" \/>\n<meta name=\"twitter:site\" content=\"@EstratConcursos\" \/>\n<meta name=\"twitter:label1\" content=\"Escrito por\" \/>\n\t<meta name=\"twitter:data1\" content=\"Bruna de Andrade Fran\u00e7a\" \/>\n\t<meta name=\"twitter:label2\" content=\"Est. tempo de leitura\" \/>\n\t<meta name=\"twitter:data2\" content=\"10 minutos\" \/>\n<script type=\"application\/ld+json\" class=\"yoast-schema-graph\">{\"@context\":\"https:\/\/schema.org\",\"@graph\":[{\"@type\":\"NewsArticle\",\"@id\":\"https:\/\/www.estrategiaconcursos.com.br\/blog\/gabarito-extraoficial-ibama-analista-administrativo\/#article\",\"isPartOf\":{\"@id\":\"https:\/\/www.estrategiaconcursos.com.br\/blog\/gabarito-extraoficial-ibama-analista-administrativo\/\"},\"author\":{\"name\":\"Bruna de Andrade Fran\u00e7a\",\"@id\":\"https:\/\/www.estrategiaconcursos.com.br\/blog\/#\/schema\/person\/6630f91134abc08115cca62ce6372855\"},\"headline\":\"Gabarito Extraoficial IBAMA &#8211; Analista Administrativo\",\"datePublished\":\"2022-01-30T19:05:00+00:00\",\"dateModified\":\"2025-04-07T18:18:23+00:00\",\"mainEntityOfPage\":{\"@id\":\"https:\/\/www.estrategiaconcursos.com.br\/blog\/gabarito-extraoficial-ibama-analista-administrativo\/\"},\"wordCount\":2084,\"commentCount\":0,\"publisher\":{\"@id\":\"https:\/\/www.estrategiaconcursos.com.br\/blog\/#organization\"},\"image\":{\"@id\":\"https:\/\/www.estrategiaconcursos.com.br\/blog\/gabarito-extraoficial-ibama-analista-administrativo\/#primaryimage\"},\"thumbnailUrl\":\"https:\/\/dhg1h5j42swfq.cloudfront.net\/2021\/05\/04154828\/ibama.jpg\",\"articleSection\":[\"Executivo (Administrativa)\",\"\u00daltimas not\u00edcias\"],\"inLanguage\":\"pt-BR\",\"potentialAction\":[{\"@type\":\"CommentAction\",\"name\":\"Comment\",\"target\":[\"https:\/\/www.estrategiaconcursos.com.br\/blog\/gabarito-extraoficial-ibama-analista-administrativo\/#respond\"]}],\"copyrightYear\":\"2022\",\"copyrightHolder\":{\"@id\":\"https:\/\/www.estrategiaconcursos.com.br\/blog\/#organization\"}},{\"@type\":\"WebPage\",\"@id\":\"https:\/\/www.estrategiaconcursos.com.br\/blog\/gabarito-extraoficial-ibama-analista-administrativo\/\",\"url\":\"https:\/\/www.estrategiaconcursos.com.br\/blog\/gabarito-extraoficial-ibama-analista-administrativo\/\",\"name\":\"Gabarito Extraoficial IBAMA - Analista Administrativo\",\"isPartOf\":{\"@id\":\"https:\/\/www.estrategiaconcursos.com.br\/blog\/#website\"},\"primaryImageOfPage\":{\"@id\":\"https:\/\/www.estrategiaconcursos.com.br\/blog\/gabarito-extraoficial-ibama-analista-administrativo\/#primaryimage\"},\"image\":{\"@id\":\"https:\/\/www.estrategiaconcursos.com.br\/blog\/gabarito-extraoficial-ibama-analista-administrativo\/#primaryimage\"},\"thumbnailUrl\":\"https:\/\/dhg1h5j42swfq.cloudfront.net\/2021\/05\/04154828\/ibama.jpg\",\"datePublished\":\"2022-01-30T19:05:00+00:00\",\"dateModified\":\"2025-04-07T18:18:23+00:00\",\"description\":\"Neste domingo, 30, acontecem as provas do concurso IBAMA para Analista Administrativo. Acompanhe a corre\u00e7\u00e3o e gabarito extraoficial!\",\"breadcrumb\":{\"@id\":\"https:\/\/www.estrategiaconcursos.com.br\/blog\/gabarito-extraoficial-ibama-analista-administrativo\/#breadcrumb\"},\"inLanguage\":\"pt-BR\",\"potentialAction\":[{\"@type\":\"ReadAction\",\"target\":[\"https:\/\/www.estrategiaconcursos.com.br\/blog\/gabarito-extraoficial-ibama-analista-administrativo\/\"]}]},{\"@type\":\"ImageObject\",\"inLanguage\":\"pt-BR\",\"@id\":\"https:\/\/www.estrategiaconcursos.com.br\/blog\/gabarito-extraoficial-ibama-analista-administrativo\/#primaryimage\",\"url\":\"https:\/\/dhg1h5j42swfq.cloudfront.net\/2021\/05\/04154828\/ibama.jpg\",\"contentUrl\":\"https:\/\/dhg1h5j42swfq.cloudfront.net\/2021\/05\/04154828\/ibama.jpg\",\"width\":768,\"height\":432,\"caption\":\"Concurso do IBAMA!\"},{\"@type\":\"BreadcrumbList\",\"@id\":\"https:\/\/www.estrategiaconcursos.com.br\/blog\/gabarito-extraoficial-ibama-analista-administrativo\/#breadcrumb\",\"itemListElement\":[{\"@type\":\"ListItem\",\"position\":1,\"name\":\"In\u00edcio\",\"item\":\"https:\/\/www.estrategiaconcursos.com.br\/blog\/\"},{\"@type\":\"ListItem\",\"position\":2,\"name\":\"Gabarito Extraoficial IBAMA &#8211; Analista Administrativo\"}]},{\"@type\":\"WebSite\",\"@id\":\"https:\/\/www.estrategiaconcursos.com.br\/blog\/#website\",\"url\":\"https:\/\/www.estrategiaconcursos.com.br\/blog\/\",\"name\":\"Estrat\u00e9gia Concursos\",\"description\":\"O blog da Estrat\u00e9gia Concursos traz not\u00edcias sobre concursos e artigos de professores oferecendo cursos para concursos (pdf + videaulas) no site.\",\"publisher\":{\"@id\":\"https:\/\/www.estrategiaconcursos.com.br\/blog\/#organization\"},\"potentialAction\":[{\"@type\":\"SearchAction\",\"target\":{\"@type\":\"EntryPoint\",\"urlTemplate\":\"https:\/\/www.estrategiaconcursos.com.br\/blog\/?s={search_term_string}\"},\"query-input\":{\"@type\":\"PropertyValueSpecification\",\"valueRequired\":true,\"valueName\":\"search_term_string\"}}],\"inLanguage\":\"pt-BR\"},{\"@type\":\"Organization\",\"@id\":\"https:\/\/www.estrategiaconcursos.com.br\/blog\/#organization\",\"name\":\"Estrat\u00e9gia Concursos\",\"url\":\"https:\/\/www.estrategiaconcursos.com.br\/blog\/\",\"logo\":{\"@type\":\"ImageObject\",\"inLanguage\":\"pt-BR\",\"@id\":\"https:\/\/www.estrategiaconcursos.com.br\/blog\/#\/schema\/logo\/image\/\",\"url\":\"https:\/\/dhg1h5j42swfq.cloudfront.net\/2025\/06\/03203428\/logo_concursos-1.jpg\",\"contentUrl\":\"https:\/\/dhg1h5j42swfq.cloudfront.net\/2025\/06\/03203428\/logo_concursos-1.jpg\",\"width\":230,\"height\":60,\"caption\":\"Estrat\u00e9gia Concursos\"},\"image\":{\"@id\":\"https:\/\/www.estrategiaconcursos.com.br\/blog\/#\/schema\/logo\/image\/\"},\"sameAs\":[\"https:\/\/x.com\/EstratConcursos\"]},{\"@type\":\"Person\",\"@id\":\"https:\/\/www.estrategiaconcursos.com.br\/blog\/#\/schema\/person\/6630f91134abc08115cca62ce6372855\",\"name\":\"Bruna de Andrade Fran\u00e7a\",\"image\":{\"@type\":\"ImageObject\",\"inLanguage\":\"pt-BR\",\"@id\":\"https:\/\/secure.gravatar.com\/avatar\/d6316d36d50cea0fadae28ed3015b8870cc90a2d3d8a95c37b44006af36a00e3?s=96&d=mm&r=g\",\"url\":\"https:\/\/secure.gravatar.com\/avatar\/d6316d36d50cea0fadae28ed3015b8870cc90a2d3d8a95c37b44006af36a00e3?s=96&d=mm&r=g\",\"contentUrl\":\"https:\/\/secure.gravatar.com\/avatar\/d6316d36d50cea0fadae28ed3015b8870cc90a2d3d8a95c37b44006af36a00e3?s=96&d=mm&r=g\",\"caption\":\"Bruna de Andrade Fran\u00e7a\"},\"description\":\"Bruna de Andrade Fran\u00e7a \u00e9 publicit\u00e1ria com p\u00f3s-gradua\u00e7\u00e3o em Marketing &amp; Growth, atuando h\u00e1 mais de 6 anos no universo dos concursos p\u00fablicos. Desde 2021, lidera no Blog do Estrat\u00e9gia Concursos a cobertura editorial especializada em Concursos Policiais (PF, PRF, PM, PC, etc.), al\u00e9m das frentes de concursos banc\u00e1rios, de sa\u00fade e da \u00e1rea legislativa. Especialista em reda\u00e7\u00e3o, com pr\u00e1ticas de SEO e Copywriting, possui tamb\u00e9m atua\u00e7\u00e3o pr\u00e1tica de contato direto com \u00f3rg\u00e3os p\u00fablicos respons\u00e1veis por editais, permitindo acesso antecipado a informa\u00e7\u00f5es, desdobramentos importantes e atualiza\u00e7\u00e3o eficiente dos concursos p\u00fablicos.\",\"url\":\"https:\/\/www.estrategiaconcursos.com.br\/blog\/author\/bruna-andrade\/\"}]}<\/script>\n<!-- \/ Yoast SEO Premium plugin. -->","yoast_head_json":{"title":"Gabarito Extraoficial IBAMA - Analista Administrativo","description":"Neste domingo, 30, acontecem as provas do concurso IBAMA para Analista Administrativo. Acompanhe a corre\u00e7\u00e3o e gabarito extraoficial!","robots":{"index":"index","follow":"follow","max-snippet":"max-snippet:-1","max-image-preview":"max-image-preview:large","max-video-preview":"max-video-preview:-1"},"canonical":"https:\/\/www.estrategiaconcursos.com.br\/blog\/gabarito-extraoficial-ibama-analista-administrativo\/","og_locale":"pt_BR","og_type":"article","og_title":"Gabarito Extraoficial IBAMA - Analista Administrativo","og_description":"Neste domingo, 30, acontecem as provas do concurso IBAMA para Analista Administrativo. Acompanhe a corre\u00e7\u00e3o e gabarito extraoficial!","og_url":"https:\/\/www.estrategiaconcursos.com.br\/blog\/gabarito-extraoficial-ibama-analista-administrativo\/","og_site_name":"Estrat\u00e9gia Concursos","article_published_time":"2022-01-30T19:05:00+00:00","article_modified_time":"2025-04-07T18:18:23+00:00","og_image":[{"width":768,"height":432,"url":"https:\/\/dhg1h5j42swfq.cloudfront.net\/2021\/05\/04154828\/ibama.jpg","type":"image\/jpeg"}],"author":"Bruna de Andrade Fran\u00e7a","twitter_card":"summary_large_image","twitter_creator":"@EstratConcursos","twitter_site":"@EstratConcursos","twitter_misc":{"Escrito por":"Bruna de Andrade Fran\u00e7a","Est. tempo de leitura":"10 minutos"},"schema":{"@context":"https:\/\/schema.org","@graph":[{"@type":"NewsArticle","@id":"https:\/\/www.estrategiaconcursos.com.br\/blog\/gabarito-extraoficial-ibama-analista-administrativo\/#article","isPartOf":{"@id":"https:\/\/www.estrategiaconcursos.com.br\/blog\/gabarito-extraoficial-ibama-analista-administrativo\/"},"author":{"name":"Bruna de Andrade Fran\u00e7a","@id":"https:\/\/www.estrategiaconcursos.com.br\/blog\/#\/schema\/person\/6630f91134abc08115cca62ce6372855"},"headline":"Gabarito Extraoficial IBAMA &#8211; Analista Administrativo","datePublished":"2022-01-30T19:05:00+00:00","dateModified":"2025-04-07T18:18:23+00:00","mainEntityOfPage":{"@id":"https:\/\/www.estrategiaconcursos.com.br\/blog\/gabarito-extraoficial-ibama-analista-administrativo\/"},"wordCount":2084,"commentCount":0,"publisher":{"@id":"https:\/\/www.estrategiaconcursos.com.br\/blog\/#organization"},"image":{"@id":"https:\/\/www.estrategiaconcursos.com.br\/blog\/gabarito-extraoficial-ibama-analista-administrativo\/#primaryimage"},"thumbnailUrl":"https:\/\/dhg1h5j42swfq.cloudfront.net\/2021\/05\/04154828\/ibama.jpg","articleSection":["Executivo (Administrativa)","\u00daltimas not\u00edcias"],"inLanguage":"pt-BR","potentialAction":[{"@type":"CommentAction","name":"Comment","target":["https:\/\/www.estrategiaconcursos.com.br\/blog\/gabarito-extraoficial-ibama-analista-administrativo\/#respond"]}],"copyrightYear":"2022","copyrightHolder":{"@id":"https:\/\/www.estrategiaconcursos.com.br\/blog\/#organization"}},{"@type":"WebPage","@id":"https:\/\/www.estrategiaconcursos.com.br\/blog\/gabarito-extraoficial-ibama-analista-administrativo\/","url":"https:\/\/www.estrategiaconcursos.com.br\/blog\/gabarito-extraoficial-ibama-analista-administrativo\/","name":"Gabarito Extraoficial IBAMA - Analista Administrativo","isPartOf":{"@id":"https:\/\/www.estrategiaconcursos.com.br\/blog\/#website"},"primaryImageOfPage":{"@id":"https:\/\/www.estrategiaconcursos.com.br\/blog\/gabarito-extraoficial-ibama-analista-administrativo\/#primaryimage"},"image":{"@id":"https:\/\/www.estrategiaconcursos.com.br\/blog\/gabarito-extraoficial-ibama-analista-administrativo\/#primaryimage"},"thumbnailUrl":"https:\/\/dhg1h5j42swfq.cloudfront.net\/2021\/05\/04154828\/ibama.jpg","datePublished":"2022-01-30T19:05:00+00:00","dateModified":"2025-04-07T18:18:23+00:00","description":"Neste domingo, 30, acontecem as provas do concurso IBAMA para Analista Administrativo. Acompanhe a corre\u00e7\u00e3o e gabarito extraoficial!","breadcrumb":{"@id":"https:\/\/www.estrategiaconcursos.com.br\/blog\/gabarito-extraoficial-ibama-analista-administrativo\/#breadcrumb"},"inLanguage":"pt-BR","potentialAction":[{"@type":"ReadAction","target":["https:\/\/www.estrategiaconcursos.com.br\/blog\/gabarito-extraoficial-ibama-analista-administrativo\/"]}]},{"@type":"ImageObject","inLanguage":"pt-BR","@id":"https:\/\/www.estrategiaconcursos.com.br\/blog\/gabarito-extraoficial-ibama-analista-administrativo\/#primaryimage","url":"https:\/\/dhg1h5j42swfq.cloudfront.net\/2021\/05\/04154828\/ibama.jpg","contentUrl":"https:\/\/dhg1h5j42swfq.cloudfront.net\/2021\/05\/04154828\/ibama.jpg","width":768,"height":432,"caption":"Concurso do IBAMA!"},{"@type":"BreadcrumbList","@id":"https:\/\/www.estrategiaconcursos.com.br\/blog\/gabarito-extraoficial-ibama-analista-administrativo\/#breadcrumb","itemListElement":[{"@type":"ListItem","position":1,"name":"In\u00edcio","item":"https:\/\/www.estrategiaconcursos.com.br\/blog\/"},{"@type":"ListItem","position":2,"name":"Gabarito Extraoficial IBAMA &#8211; Analista Administrativo"}]},{"@type":"WebSite","@id":"https:\/\/www.estrategiaconcursos.com.br\/blog\/#website","url":"https:\/\/www.estrategiaconcursos.com.br\/blog\/","name":"Estrat\u00e9gia Concursos","description":"O blog da Estrat\u00e9gia Concursos traz not\u00edcias sobre concursos e artigos de professores oferecendo cursos para concursos (pdf + videaulas) no site.","publisher":{"@id":"https:\/\/www.estrategiaconcursos.com.br\/blog\/#organization"},"potentialAction":[{"@type":"SearchAction","target":{"@type":"EntryPoint","urlTemplate":"https:\/\/www.estrategiaconcursos.com.br\/blog\/?s={search_term_string}"},"query-input":{"@type":"PropertyValueSpecification","valueRequired":true,"valueName":"search_term_string"}}],"inLanguage":"pt-BR"},{"@type":"Organization","@id":"https:\/\/www.estrategiaconcursos.com.br\/blog\/#organization","name":"Estrat\u00e9gia Concursos","url":"https:\/\/www.estrategiaconcursos.com.br\/blog\/","logo":{"@type":"ImageObject","inLanguage":"pt-BR","@id":"https:\/\/www.estrategiaconcursos.com.br\/blog\/#\/schema\/logo\/image\/","url":"https:\/\/dhg1h5j42swfq.cloudfront.net\/2025\/06\/03203428\/logo_concursos-1.jpg","contentUrl":"https:\/\/dhg1h5j42swfq.cloudfront.net\/2025\/06\/03203428\/logo_concursos-1.jpg","width":230,"height":60,"caption":"Estrat\u00e9gia Concursos"},"image":{"@id":"https:\/\/www.estrategiaconcursos.com.br\/blog\/#\/schema\/logo\/image\/"},"sameAs":["https:\/\/x.com\/EstratConcursos"]},{"@type":"Person","@id":"https:\/\/www.estrategiaconcursos.com.br\/blog\/#\/schema\/person\/6630f91134abc08115cca62ce6372855","name":"Bruna de Andrade Fran\u00e7a","image":{"@type":"ImageObject","inLanguage":"pt-BR","@id":"https:\/\/secure.gravatar.com\/avatar\/d6316d36d50cea0fadae28ed3015b8870cc90a2d3d8a95c37b44006af36a00e3?s=96&d=mm&r=g","url":"https:\/\/secure.gravatar.com\/avatar\/d6316d36d50cea0fadae28ed3015b8870cc90a2d3d8a95c37b44006af36a00e3?s=96&d=mm&r=g","contentUrl":"https:\/\/secure.gravatar.com\/avatar\/d6316d36d50cea0fadae28ed3015b8870cc90a2d3d8a95c37b44006af36a00e3?s=96&d=mm&r=g","caption":"Bruna de Andrade Fran\u00e7a"},"description":"Bruna de Andrade Fran\u00e7a \u00e9 publicit\u00e1ria com p\u00f3s-gradua\u00e7\u00e3o em Marketing &amp; Growth, atuando h\u00e1 mais de 6 anos no universo dos concursos p\u00fablicos. Desde 2021, lidera no Blog do Estrat\u00e9gia Concursos a cobertura editorial especializada em Concursos Policiais (PF, PRF, PM, PC, etc.), al\u00e9m das frentes de concursos banc\u00e1rios, de sa\u00fade e da \u00e1rea legislativa. Especialista em reda\u00e7\u00e3o, com pr\u00e1ticas de SEO e Copywriting, possui tamb\u00e9m atua\u00e7\u00e3o pr\u00e1tica de contato direto com \u00f3rg\u00e3os p\u00fablicos respons\u00e1veis por editais, permitindo acesso antecipado a informa\u00e7\u00f5es, desdobramentos importantes e atualiza\u00e7\u00e3o eficiente dos concursos p\u00fablicos.","url":"https:\/\/www.estrategiaconcursos.com.br\/blog\/author\/bruna-andrade\/"}]}},"_links":{"self":[{"href":"https:\/\/www.estrategiaconcursos.com.br\/blog\/wp-json\/wp\/v2\/posts\/957392","targetHints":{"allow":["GET"]}}],"collection":[{"href":"https:\/\/www.estrategiaconcursos.com.br\/blog\/wp-json\/wp\/v2\/posts"}],"about":[{"href":"https:\/\/www.estrategiaconcursos.com.br\/blog\/wp-json\/wp\/v2\/types\/post"}],"author":[{"embeddable":true,"href":"https:\/\/www.estrategiaconcursos.com.br\/blog\/wp-json\/wp\/v2\/users\/1206"}],"replies":[{"embeddable":true,"href":"https:\/\/www.estrategiaconcursos.com.br\/blog\/wp-json\/wp\/v2\/comments?post=957392"}],"version-history":[{"count":23,"href":"https:\/\/www.estrategiaconcursos.com.br\/blog\/wp-json\/wp\/v2\/posts\/957392\/revisions"}],"predecessor-version":[{"id":1276623,"href":"https:\/\/www.estrategiaconcursos.com.br\/blog\/wp-json\/wp\/v2\/posts\/957392\/revisions\/1276623"}],"wp:featuredmedia":[{"embeddable":true,"href":"https:\/\/www.estrategiaconcursos.com.br\/blog\/wp-json\/wp\/v2\/media\/731068"}],"wp:attachment":[{"href":"https:\/\/www.estrategiaconcursos.com.br\/blog\/wp-json\/wp\/v2\/media?parent=957392"}],"wp:term":[{"taxonomy":"category","embeddable":true,"href":"https:\/\/www.estrategiaconcursos.com.br\/blog\/wp-json\/wp\/v2\/categories?post=957392"},{"taxonomy":"post_tag","embeddable":true,"href":"https:\/\/www.estrategiaconcursos.com.br\/blog\/wp-json\/wp\/v2\/tags?post=957392"},{"taxonomy":"tax_estado","embeddable":true,"href":"https:\/\/www.estrategiaconcursos.com.br\/blog\/wp-json\/wp\/v2\/tax_estado?post=957392"}],"curies":[{"name":"wp","href":"https:\/\/api.w.org\/{rel}","templated":true}]}}