{"id":957236,"date":"2022-01-30T22:05:00","date_gmt":"2022-01-31T01:05:00","guid":{"rendered":"https:\/\/www.estrategiaconcursos.com.br\/blog\/?p=957236"},"modified":"2022-02-01T08:12:31","modified_gmt":"2022-02-01T11:12:31","slug":"gabarito-extraoficial-pcerj-inspetor","status":"publish","type":"post","link":"https:\/\/www.estrategiaconcursos.com.br\/blog\/gabarito-extraoficial-pcerj-inspetor\/","title":{"rendered":"Gabarito Extraoficial PCERJ \u2013 Inspetor: corre\u00e7\u00e3o da prova"},"content":{"rendered":"\n<p>Neste domingo, 30 de janeiro, foram aplicadas as <strong>provas do concurso PC RJ para o cargo de Inspetor de Pol\u00edcia.\u00a0<\/strong>As avalia\u00e7\u00f5es tiveram dura\u00e7\u00e3o total de 5 horas, com in\u00edcio \u00e0s 12h.<\/p>\n\n\n\n<p>Com o objetivo de ajudar a diminuir um pouco a ansiedade de saber se foi bem ou n\u00e3o em um concurso t\u00e3o visado e importante,\u00a0<strong>nossos professores realizaram a corre\u00e7\u00e3o, dando o<\/strong>\u00a0<strong>gabarito extraoficial da prova da PCERJ<\/strong>.<\/p>\n\n\n\n<p>Portanto, confira, antecipadamente, seu desempenho e ainda receba dicas de recursos (se houver necessidade, claro!). Lembrando que o&nbsp;gabarito oficial preliminar ser\u00e1 publicado pela <a href=\"https:\/\/conhecimento.fgv.br\/concursos\/pcrj21\/01\" target=\"_blank\" rel=\"noreferrer noopener\">FGV<\/a>. <\/p>\n\n\n\n<h2 class=\"wp-block-heading\" id=\"h-participe-do-ranking-gabarito-extraoficial-pcerj-inspetor\">Participe do Ranking Gabarito Extraoficial PCERJ &#8211; Inspetor<\/h2>\n\n\n\n<p class=\"has-text-align-center has-cyan-bluish-gray-background-color has-background\" style=\"font-size:clamp(14px, 0.875rem + ((1vw - 3.2px) * 0.392), 18px);\"><strong><a href=\"https:\/\/forms.gle\/qimi7JCx4WRYPKtM8\" target=\"_blank\" rel=\"noreferrer noopener\">Preencha o gabarito eletr\u00f4nico<\/a><\/strong><\/p>\n\n\n\n<p class=\"has-text-align-center has-cyan-bluish-gray-background-color has-background\" style=\"font-size:clamp(14px, 0.875rem + ((1vw - 3.2px) * 0.392), 18px);\"><strong><a href=\"https:\/\/docs.google.com\/spreadsheets\/d\/1zfX5-T0be_61i0ldnJZrM7ZTxHvTufaMBqX_UjB7Q_Q\/edit?usp=sharing\" target=\"_blank\" rel=\"noreferrer noopener\">Ranking Gabarito Extraoficial PCERJ \u2013 Inspetor<\/a><\/strong><\/p>\n\n\n\n<h2 class=\"wp-block-heading\" id=\"h-correcao-e-gabarito-extraoficial-pcerj-inspetor\">Corre\u00e7\u00e3o e Gabarito Extraoficial PCERJ \u2013 Inspetor<\/h2>\n\n\n<figure class=\"wp-block-embed-youtube wp-block-embed is-type-video is-provider-youtube wp-embed-aspect-16-9 wp-has-aspect-ratio\"><div class=\"lyte-wrapper\" style=\"width:853px;max-width:100%;margin:5px;\"><div class=\"lyMe\" id=\"WYL_PFY9gL-jEmo\"><div id=\"lyte_PFY9gL-jEmo\" data-src=\"\/\/i.ytimg.com\/vi\/PFY9gL-jEmo\/hqdefault.jpg\" class=\"pL\"><div class=\"tC\"><div class=\"tT\"><\/div><\/div><div class=\"play\"><\/div><div class=\"ctrl\"><div class=\"Lctrl\"><\/div><div class=\"Rctrl\"><\/div><\/div><\/div><noscript><a href=\"https:\/\/youtu.be\/PFY9gL-jEmo\" rel=\"nofollow\"><img loading=\"lazy\" decoding=\"async\" src=\"https:\/\/i.ytimg.com\/vi\/PFY9gL-jEmo\/0.jpg\" alt=\"YouTube video thumbnail\" width=\"853\" height=\"460\" \/><br \/>Assista a este v\u00eddeo no YouTube<\/a><\/noscript><\/div><\/div><div class=\"lL\" style=\"max-width:100%;width:853px;margin:5px;\"><\/div><figcaption><\/figcaption><\/figure>\n\n\n<h3 class=\"wp-block-heading\" id=\"h-gabarito-extraoficial-pcerj-inspetor\">Gabarito extraoficial: PCERJ \u2013 Inspetor<\/h3>\n\n\n\n<figure class=\"wp-block-table is-style-stripes\"><table class=\"has-very-light-gray-to-cyan-bluish-gray-gradient-background has-background has-fixed-layout\"><thead><tr><th class=\"has-text-align-center\" data-align=\"center\"> Disciplina <\/th><th class=\"has-text-align-center\" data-align=\"center\"> Professor <\/th><\/tr><\/thead><tbody><tr><td class=\"has-text-align-center\" data-align=\"center\">Direito Administrativo<\/td><td class=\"has-text-align-center\" data-align=\"center\">Th\u00e1llius Moraes<\/td><\/tr><tr><td class=\"has-text-align-center\" data-align=\"center\">L\u00edngua Portuguesa<\/td><td class=\"has-text-align-center\" data-align=\"center\">Jana\u00edna Arruda e Luiz<\/td><\/tr><tr><td class=\"has-text-align-center\" data-align=\"center\">Direito Penal<\/td><td class=\"has-text-align-center\" data-align=\"center\">Priscila Silveira<\/td><\/tr><tr><td class=\"has-text-align-center\" data-align=\"center\">Leis Especiais<\/td><td class=\"has-text-align-center\" data-align=\"center\">Ant\u00f4nio Pequeno<\/td><\/tr><tr><td class=\"has-text-align-center\" data-align=\"center\">Estatutos dos Policiais e dos Servidores P\u00fablicos do Rio de Janeiro<\/td><td class=\"has-text-align-center\" data-align=\"center\">Marcos Gir\u00e3o<\/td><\/tr><tr><td class=\"has-text-align-center\" data-align=\"center\">Legisla\u00e7\u00e3o Penal<\/td><td class=\"has-text-align-center\" data-align=\"center\">Alexandre Herculano<\/td><\/tr><tr><td class=\"has-text-align-center\" data-align=\"center\">Direito Constitucional<\/td><td class=\"has-text-align-center\" data-align=\"center\">Emerson Bruno<\/td><\/tr><tr><td class=\"has-text-align-center\" data-align=\"center\">Conhecimentos B\u00e1sicos de Inform\u00e1tica<\/td><td class=\"has-text-align-center\" data-align=\"center\">Renato da Costa<\/td><\/tr><tr><td class=\"has-text-align-center\" data-align=\"center\">Estatuto da Crian\u00e7a e do Adolescente<\/td><td class=\"has-text-align-center\" data-align=\"center\">Lilian Novakoski<\/td><\/tr><tr><td class=\"has-text-align-center\" data-align=\"center\">Direito Processual Penal<\/td><td class=\"has-text-align-center\" data-align=\"center\">Renan Araujo<\/td><\/tr><\/tbody><\/table><\/figure>\n\n\n\n<p>Abaixo, voc\u00ea confere os gabaritos das quest\u00f5es corrigidas pelos nossos professores. Como existem v\u00e1rios tipos de provas, voc\u00ea pode conferindo o in\u00edcio da quest\u00e3o e resposta.<\/p>\n\n\n\n<p><strong>Quest\u00e3o 1:\u00a0<\/strong>Em todas as frases abaixo h\u00e1 uma substitui\u00e7\u00e3o de termos pelo&#8230;<br \/><strong><em>Resposta:<\/em><\/strong> E &#8211; as goiabeiras, das quais saem os furtos mais doces do pomar&#8230;<\/p>\n\n\n\n<p><strong>Quest\u00e3o 2:\u00a0<\/strong>Observe o texto a seguir. &#8220;A corrida sempre esteve muito presente&#8230;<br \/><strong><em>Resposta:<\/em><\/strong> C &#8211; divulgar um produto comercial<\/p>\n\n\n\n<p><strong>Quest\u00e3o 3:\u00a0<\/strong>Todas as frases abaixo se iniciam por um termo preposicionado&#8230;<br \/><strong><em>Resposta:<\/em><\/strong> E &#8211; nesta regi\u00e3o, h\u00e1 cinco povoados importantes \/ esta regi\u00e3o&#8230;<\/p>\n\n\n\n<p><strong>Quest\u00e3o 4:\u00a0<\/strong>Em todas as frases abaixo h\u00e1 uma express\u00e3o formada pelo adv\u00e9rbio&#8230;<br \/><strong><em>Resposta:<\/em><\/strong> A &#8211; n\u00e3o aceitou o convite \/ declinou do convite<\/p>\n\n\n\n<p><strong>Quest\u00e3o 5:\u00a0<\/strong>Considerando a estrutura geral do texto 1, o \u00faltimo per\u00edodo&#8230;<br \/><strong><em>Resposta:<\/em><\/strong> B &#8211; indicar a consequ\u00eancia provis\u00f3ria da tentativa de homic\u00eddio<\/p>\n\n\n\n<p><strong>Quest\u00e3o 6:\u00a0<\/strong>A popula\u00e7\u00e3o recebeu, esta semana, por meio de cartazes&#8230;<br \/><strong><em>Resposta:<\/em><\/strong> C &#8211; no caixa eletr\u00f4nico de seu banco, Vera&#8230;<\/p>\n\n\n\n<p><strong>Quest\u00e3o 7:\u00a0<\/strong>Todas as frases abaixo mostram linguagem figurada; a que mostra&#8230;<br \/><strong><em>Resposta:<\/em><\/strong> A &#8211; felicidade \u00e9 um lugar onde voc\u00ea pode pousar, mas n\u00e3o pode&#8230;<\/p>\n\n\n\n<p><strong>Quest\u00e3o 8:\u00a0<\/strong>Observe o texto a seguir. &#8220;O Conselho Holand\u00eas de Sa\u00fade explica que os a\u00e7\u00facares da fruta&#8230;<br \/><strong><em>Resposta:<\/em><\/strong> D &#8211; isso significa que voc\u00ea pode ganhar peso rapidamente, e pessoas com mais gordura&#8230;<\/p>\n\n\n\n<p><strong>Quest\u00e3o 9:\u00a0<\/strong>Em todas as op\u00e7\u00f5es abaixo h\u00e1 uma sequ\u00eancia de adjetivos que expressam&#8230;<br \/><strong><em>Resposta:<\/em><\/strong> B &#8211; afastado \/ distante \/ remoto<\/p>\n\n\n\n<p><strong>Quest\u00e3o 10:\u00a0<\/strong>Observe o segmento de texto abaixo, retirado de um jornal carioca&#8230;<br \/><strong><em>Resposta:<\/em><\/strong> C &#8211; mandava todas as mensagens por e-mail \/ correio eletr\u00f4nico<\/p>\n\n\n\n<p><strong>Quest\u00e3o 11:\u00a0<\/strong>Todas as frases abaixo foram retiradas de um relat\u00f3rio de seguran\u00e7a&#8230;<br \/><strong><em>Resposta:<\/em><\/strong> E &#8211; a v\u00edtima do atropelamento era observada com&#8230;<\/p>\n\n\n\n<p><strong>Quest\u00e3o 12:\u00a0<\/strong>No texto 2 h\u00e1 a ocorr\u00eancia de tr\u00eas voc\u00e1bulos que poderiam ser confundidos com&#8230;<br \/><strong><em>Resposta:<\/em><\/strong> E &#8211; fluir \/ fruir &#8211; ap\u00f3s o conserto a \u00e1gua flu\u00eda&#8230;<\/p>\n\n\n\n<p><strong>Quest\u00e3o 13:\u00a0<\/strong>O texto 2 \u00e9 do tipo informativo e \u00e9 marcado pela mais rigorosa objetividade&#8230;<br \/><strong><em>Resposta:<\/em><\/strong> A &#8211; emprego da voz passiva sem complemento de agente: &#8220;O criminoso&#8230;<\/p>\n\n\n\n<p><strong>Quest\u00e3o 14:\u00a0<\/strong>A impessoalidade pode ser constru\u00edda em l\u00edngua portuguesa com o pronome SE&#8230;<br \/><strong><em>Resposta:<\/em><\/strong> E &#8211; quando se erra a primeira casa de bot\u00e3o, n\u00e3o se conseguir\u00e1 abotoar \/ quando erramos a primeira&#8230;<\/p>\n\n\n\n<p><strong>Quest\u00e3o 15:\u00a0<\/strong>A forma de substitui\u00e7\u00e3o do termo onde por um nome&#8230;<br \/><strong><em>Resposta:<\/em><\/strong> D &#8211; gostaria de saber de onde vieram estas caixas \/ gostaria de saber a origem&#8230;<\/p>\n\n\n\n<p><strong>Quest\u00e3o 16:\u00a0<\/strong>Observe o primeiro par\u00e1grafo do texto 3. A afirma\u00e7\u00e3o abaixo que est\u00e1 em desacordo&#8230;<br \/><strong><em>Resposta:<\/em><\/strong> B &#8211; o termo &#8220;refor\u00e7o de efetivo&#8221; se refere ao aumento num\u00e9rico&#8230;<\/p>\n\n\n\n<p><strong>Quest\u00e3o 17:\u00a0<\/strong>O termo destacado que marca uma interfer\u00eancia do redator da not\u00edcia&#8230;<br \/><strong><em>Resposta:<\/em><\/strong> C &#8211; diante a intensifica\u00e7\u00e3o das a\u00e7\u00f5es policiais, o 12\u00ba Batalh\u00e3o de&#8230;<\/p>\n\n\n\n<p><strong>Quest\u00e3o 18:\u00a0<\/strong>Em todas as frases abaixo foi empregado o verbo cair; a frase em que foi&#8230;<br \/><strong><em>Resposta:<\/em><\/strong> D &#8211; a \u00e1rvore, de velha, caiu sobre a estrada \/ tombos<\/p>\n\n\n\n<p><strong>Quest\u00e3o 19:\u00a0<\/strong>Todas as frases abaixo s\u00e3o constru\u00eddas por dois segmentos; a frase&#8230;<br \/><strong><em>Resposta:<\/em><\/strong> E &#8211; a rotina \u00e9 sempre a mesma&#8230;<\/p>\n\n\n\n<p><strong>Quest\u00e3o 20:\u00a0<\/strong>Numa noite friorenta, um casal recebe um casal de amigos para jantar&#8230;<br \/><strong><em>Resposta:<\/em><\/strong> A &#8211; uma informa\u00e7\u00e3o e um pedido<\/p>\n\n\n\n<p><strong>Quest\u00e3o 21:\u00a0<\/strong>Todas as frases abaixo foram reescritas na forma negativa&#8230;<br \/><strong><em>Resposta:<\/em><\/strong> B &#8211; o time foi eliminado \/ o time n\u00e3o foi campe\u00e3o<\/p>\n\n\n\n<p><strong>Quest\u00e3o 22:\u00a0<\/strong>Em muitos textos informativos, o autor insere alguns elementos&#8230;<br \/><strong><em>Resposta:<\/em><\/strong> B &#8211; \u00e9 pena que a pris\u00e3o do acusado tenha sido feita sem testemunha<\/p>\n\n\n\n<p><strong>Quest\u00e3o 23:\u00a0<\/strong>Quatro pessoas foram presas em flagrante, nesta quinta-feira&#8230;<br \/><strong><em>Resposta:<\/em><\/strong> D &#8211; o grupo, em seguida, abria outra firma, com nova raz\u00e3o&#8230;<\/p>\n\n\n\n<p><strong>Quest\u00e3o 24:\u00a0<\/strong>Todos os segmentos textuais abaixo exemplificam o discurso argumentativo&#8230;<br \/><strong><em>Resposta:<\/em><\/strong> D &#8211; os professores n\u00e3o respeitam o hor\u00e1rio de atendimento; fui encontrar&#8230;<\/p>\n\n\n\n<p><strong>Quest\u00e3o 25:\u00a0<\/strong>A op\u00e7\u00e3o em que a passagem do discurso direto para o indireto&#8230;<br \/><strong><em>Resposta:<\/em><\/strong> B &#8211; seu professor lhe disse: &#8220;refa\u00e7a agora o trabalho&#8221; \/ seu professor lhe disse&#8230;<\/p>\n\n\n\n<p><strong>Quest\u00e3o 26:\u00a0<\/strong>O dicion\u00e1rio de Ant\u00f4nio Houaiss traz um grande n\u00famero de defini\u00e7\u00f5es&#8230;<br \/><strong><em>Resposta:<\/em><\/strong> C &#8211; bailarina &#8211; profissional que dan\u00e7a profissionalmente&#8230;<\/p>\n\n\n\n<p><strong>Quest\u00e3o 27:\u00a0<\/strong>&#8220;Meu aluno Roberto tira sempre boas notas nas provas, mesmo trabalhando&#8230;<br \/><strong><em>Resposta:<\/em><\/strong> A &#8211; se apoia sobre um caso particular, n\u00e3o representativo<\/p>\n\n\n\n<p><strong>Quest\u00e3o 28:\u00a0<\/strong>A frase abaixo que, ao contr\u00e1rio das demais, s\u00f3 traz dados&#8230;<br \/><strong><em>Resposta:<\/em><\/strong> E &#8211; Jo\u00e3o acertou na loteria e est\u00e1 feliz com isso<\/p>\n\n\n\n<p><strong>Quest\u00e3o 29:\u00a0<\/strong>Todas as frases abaixo t\u00eam valor informativo; a op\u00e7\u00e3o em que foi proposta&#8230;<br \/><strong><em>Resposta:<\/em><\/strong> C &#8211; o col\u00e9gio recusou a matr\u00edcula de meu filho \/ recusaram a matr\u00edcula do meu filho<\/p>\n\n\n\n<p><strong>Quest\u00e3o 30:\u00a0<\/strong>Observe o texto a seguir. &#8220;A institui\u00e7\u00e3o Policial brasileira&#8230;<br \/><strong><em>Resposta:<\/em><\/strong> E &#8211; a preocupa\u00e7\u00e3o terminol\u00f3gica &#8220;a pol\u00edcia, ent\u00e3o, tamb\u00e9m come\u00e7ou a ser chamada de Civil&#8230;<\/p>\n\n\n\n<p><strong>Quest\u00e3o 31:\u00a0<\/strong>Determinada associa\u00e7\u00e3o direcionada ao desenvolvimento psicossocial&#8230;<br \/><strong><em>Resposta:<\/em><\/strong> B &#8211; somente seria poss\u00edvel por decis\u00e3o judicial&#8230;<\/p>\n\n\n\n<p><strong>Quest\u00e3o 32:\u00a0<\/strong>Jo\u00e3o, deputado federal, foi denunciado pelo Procurador Geral&#8230;<br \/><strong><em>Resposta:<\/em><\/strong> B &#8211; pode ser livremente apreciada, independentemente de autoriza\u00e7\u00e3o da C\u00e2mara dos Deputados&#8230;<\/p>\n\n\n\n<p><strong>Quest\u00e3o 33:\u00a0<\/strong>Eunice, servidora p\u00fablica estadual, preencheu os requisitos para a frui\u00e7\u00e3o&#8230;<br \/><strong><em>Resposta:<\/em><\/strong> B &#8211; direito adquirido<\/p>\n\n\n\n<p><strong>Quest\u00e3o 34:\u00a0<\/strong>No \u00faltimo ano, Jo\u00e3o, oficial do Ex\u00e9rcito, praticou uma conduta particularmente grave&#8230;<br \/><strong><em>Resposta:<\/em><\/strong> E &#8211; apenas se for julgado indigno do oficialato ou com ele incompat\u00edvel&#8230;<\/p>\n\n\n\n<p><strong>Quest\u00e3o 35:\u00a0<\/strong>Em raz\u00e3o de uma calamidade de grandes propor\u00e7\u00f5es na natureza, o presidente da Rep\u00fablica&#8230;<br \/><strong><em>Resposta:<\/em><\/strong> C &#8211; pode ser decretado, desde que ouvidos o Conselho da Rep\u00fablica e o Conselho de Defesa&#8230;<\/p>\n\n\n\n<p><strong>Quest\u00e3o 36:\u00a0<\/strong>O prefeito do Munic\u00edpio Beta editou decreto dispondo que as \u00e1reas p\u00fablicas, no entorno de determinada&#8230;<br \/><strong><em>Resposta:<\/em><\/strong> C &#8211; seria necess\u00e1ria a edi\u00e7\u00e3o de lei municipal para que fosse afastada a qualifica\u00e7\u00e3o&#8230;<\/p>\n\n\n\n<p><strong>Quest\u00e3o 37:\u00a0<\/strong>Germano pretendia se candidatar a cargo eletivo nas pr\u00f3ximas elei\u00e7\u00f5es&#8230;<br \/><strong><em>Resposta:<\/em><\/strong> E &#8211; pode alcan\u00e7ar todos os cargos eletivos, um cargo eletivo espec\u00edfico ou os cargos eletivos&#8230;<\/p>\n\n\n\n<p><strong>Quest\u00e3o 38:\u00a0<\/strong>Nos termos do Art. 26, I, da Constitui\u00e7\u00e3o da Rep\u00fablica de 1988, est\u00e3o inclu\u00eddos&#8230;<br \/><strong><em>Resposta:<\/em><\/strong> D &#8211; contida e aplicabilidade imediata<\/p>\n\n\n\n<p><strong>Quest\u00e3o 39:\u00a0<\/strong>O Munic\u00edpio Alfa figurava no polo passivo de uma a\u00e7\u00e3o coletiva cuja causa de pedir&#8230;<br \/><strong><em>Resposta:<\/em><\/strong> E &#8211; n\u00e3o tem legitimidade para propor a edi\u00e7\u00e3o de s\u00famula vinculante, mas poder\u00e1 ingressar com argui\u00e7\u00e3o&#8230;<\/p>\n\n\n\n<p><strong>Quest\u00e3o 40:\u00a0<\/strong>Pedro, ambientalista atuante e que tinha papel decisivo no processo de forma\u00e7\u00e3o da opini\u00e3o p\u00fablica&#8230;<br \/><strong><em>Resposta:<\/em><\/strong> A &#8211; incorreta, pois a publica\u00e7\u00e3o do informativo impresso promovida por Pedro independe de licen\u00e7a&#8230;<\/p>\n\n\n\n<p><strong>Quest\u00e3o 41:\u00a0<\/strong>Ap\u00f3s ampla discuss\u00e3o, a Assembleia Legislativa do Estado Alfa reformou a Constitui\u00e7\u00e3o Estadual&#8230;<br \/><strong><em>Resposta:<\/em><\/strong>  E &#8211; constitucional, sendo expressamente autorizado que o subs\u00eddio dos desembargadores&#8230;<\/p>\n\n\n\n<p><strong>Quest\u00e3o 42:\u00a0<\/strong>Maria e Jo\u00e3o, que tinham diversos filhos, procuraram se informar a respeito do acesso&#8230;<br \/><strong><em>Resposta:<\/em><\/strong> E &#8211; apenas a informa\u00e7\u00e3o 3 est\u00e1 correta<\/p>\n\n\n\n<p><strong>Quest\u00e3o 43:\u00a0<\/strong>Em acirrada disputa d hipismo, a amazonas Joana recebeu uma pontua\u00e7\u00e3o&#8230;<br \/><strong><em>Resposta:<\/em><\/strong> B &#8211; Joana somente pode procurar a justi\u00e7a comum ap\u00f3s o esgotamento das inst\u00e2ncias da justi\u00e7a&#8230;<\/p>\n\n\n\n<p><strong>Quest\u00e3o 44:\u00a0<\/strong>Certo Estado da federa\u00e7\u00e3o criou determinado benef\u00edcio assistencial&#8230;<br \/><strong><em>Resposta:<\/em><\/strong> B &#8211; inconstitucional, pois a situa\u00e7\u00e3o das fam\u00edlias destinat\u00e1rias do benef\u00edcio torna o planejamento&#8230;<\/p>\n\n\n\n<p><strong>Quest\u00e3o 45:\u00a0<\/strong>A Uni\u00e3o editou a Lei n\u00ba XX dispondo que, nas \u00e1reas de ci\u00eancia, tecnologia e educa\u00e7\u00e3o&#8230;<br \/><strong><em>Resposta:<\/em><\/strong> C &#8211; o comando 1 \u00e9 constitucional<\/p>\n\n\n\n<p><strong>Quest\u00e3o 46:\u00a0<\/strong>Jos\u00e9 e Jo\u00e3o, inspetores da Pol\u00edcia Civil do Estado do Rio de Janeiro, em cumprimento a mandado de pris\u00e3o preventiva&#8230;<br \/><strong><em>Resposta:<\/em><\/strong> C &#8211; merece prosperar, diante do dever especial do Estado de assegurar a integridade&#8230;<\/p>\n\n\n\n<p><strong>Quest\u00e3o 47:\u00a0<\/strong>Roberto, inspetor de Pol\u00edcia Civil do Estado do Rio de Janeiro, de forma livre&#8230;<br \/><strong><em>Resposta:<\/em><\/strong> A &#8211; demiss\u00e3o, que prescreve juntamente com a prescri\u00e7\u00e3o do crime, e o curso do prazo prescricional disciplinar&#8230;<\/p>\n\n\n\n<p><strong>Quest\u00e3o 48:\u00a0<\/strong>No Estado Delta, a Delegacia de Roubos e Furtos de Autom\u00f3veis e de Cargas&#8230;<br \/><strong><em>Resposta:<\/em><\/strong> D &#8211; desconcentra\u00e7\u00e3o administrativa, consistente em distribui\u00e7\u00e3o&#8230;<\/p>\n\n\n\n<p><strong>Quest\u00e3o 49:\u00a0<\/strong>Marta, inspetora de Pol\u00edcia Civil do Estado do Rio de Janeiro, foi demitida ap\u00f3s processo administrativo&#8230;<br \/><strong><em>Resposta:<\/em><\/strong> A &#8211; reintegra\u00e7\u00e3o, com ressarcimento do vencimento e vantagens e reconhecimento dos direitos&#8230;<\/p>\n\n\n\n<p><strong>Quest\u00e3o 50:\u00a0<\/strong>O Sindicato dos Policiais Civis do Estado Gama convocou assembleia extraordin\u00e1ria para discuss\u00e3o&#8230;<br \/><strong><em>Resposta:<\/em><\/strong> E &#8211; il\u00edcito, pois h\u00e1 preval\u00eancia do interesse p\u00fablico e social na manuten\u00e7\u00e3o&#8230;<\/p>\n\n\n\n<p><strong>Quest\u00e3o 51:\u00a0<\/strong>Ant\u00f4nio, delegado de pol\u00edcia do Estado Gama, titular da&#8230;<br \/><strong><em>Resposta:<\/em><\/strong> B &#8211; deve declarar a nulidade do ato do delegado Ant\u00f4nio, por abuso de poder, na modalidade desvio de poder, por v\u00edcio&#8230;<\/p>\n\n\n\n<p><strong>Quest\u00e3o 52:\u00a0<\/strong>Jo\u00e3o, inspetor de Pol\u00edcia Civil do Estado do Rio de Janeiro, estava escalado para participar de opera\u00e7\u00e3o&#8230;<br \/><strong><em>Resposta:<\/em><\/strong> B &#8211; m\u00e9dia, raz\u00e3o pela qual est\u00e1 sujeito \u00e0 pena de suspens\u00e3o de 16 a 40 dias<\/p>\n\n\n\n<p><strong>Quest\u00e3o 53:\u00a0<\/strong>A Secretaria de Pol\u00edcia Civil do Estado do Rio de Janeiro (Sepol) deseja realizar a contrata\u00e7\u00e3o de sociedade&#8230;<br \/><strong><em>Resposta:<\/em><\/strong> C &#8211; pr\u00e9via licita\u00e7\u00e3o, na modalidade di\u00e1logo competitivo, com o intuito de desenvolver uma ou mais&#8230;<\/p>\n\n\n\n<p><strong>Quest\u00e3o 54:\u00a0<\/strong>Em opera\u00e7\u00e3o conjunta da Pol\u00edcia Civil (representa por inspetores de pol\u00edcia, no combate a crimes contra&#8230;<br \/><strong><em>Resposta:<\/em><\/strong> D &#8211; autoexecutoriedade, que \u00e9 um meio de execu\u00e7\u00e3o direta do ato administrativo que prescinde de pr\u00e9vio&#8230;<\/p>\n\n\n\n<p><strong>Quest\u00e3o 55:\u00a0<\/strong>A Corte Interamericana de Direitos Humanos condenou o Estado brasileiro no chamado&#8230;<br \/><strong><em>Resposta:<\/em><\/strong> E &#8211; efici\u00eancia, que se relaciona com o comando constitucional que prev\u00ea que a lei disciplinar\u00e1 as formas de participa\u00e7\u00e3o&#8230;<\/p>\n\n\n\n<p><strong>Quest\u00e3o 56:\u00a0<\/strong>O delegado de Pol\u00edcia Civil do Estado Alfa Carlos acabou de assumir a titularidade da Delegacia Especializada&#8230;<br \/><strong><em>Resposta:<\/em><\/strong> E &#8211; merecer prosperar, pois o ato do delegado praticado com suporte no poder discricion\u00e1rio&#8230;<\/p>\n\n\n\n<p><strong>Quest\u00e3o 57:\u00a0<\/strong>Jo\u00e3o est\u00e1 prestando concurso p\u00fablico para o cargo de inspetor de Pol\u00edcia Civil do Estado Beta e foi aprovado na primeira etapa&#8230;<br \/><strong><em>Resposta:<\/em><\/strong> C &#8211; subsecret\u00e1rio estadual de Pol\u00edcia Civil, na qualidade de autoridade delegada, haja vista ser cab\u00edvel&#8230;<\/p>\n\n\n\n<p><strong>Quest\u00e3o 58:\u00a0<\/strong>Em janeiro de 2020, Maria, inspetora de Pol\u00edcia Civil do Estado do Rio de Janeiro, completou cinco anos&#8230;<br \/><strong><em>Resposta:<\/em><\/strong> A &#8211; tem direito \u00e0 licen\u00e7a-pr\u00eamio, desde que se suspenda por noventa dias a contagem do tempo&#8230;<\/p>\n\n\n\n<p><strong>Quest\u00e3o 59:\u00a0<\/strong>Para enfrentamento de emerg\u00eancia de sa\u00fade p\u00fablica de import\u00e2ncia internacional no combate&#8230;<br \/><strong><em>Resposta:<\/em><\/strong> A &#8211; de pol\u00edcia, mediante imposi\u00e7\u00e3o de restri\u00e7\u00f5es ao exerc\u00edcio de liberdades individuais e ao direito de&#8230;<\/p>\n\n\n\n<p><strong>Quest\u00e3o 60:\u00a0<\/strong>M\u00e1rio, inspetor Civil do Estado Alfa, est\u00e1 lotado na X\u00aa Delegacia de Pol\u00edcia h\u00e1 mais de dez anos&#8230;<br \/><strong><em>Resposta:<\/em><\/strong> B &#8211; importou enriquecimento il\u00edcito e est\u00e1 sujeito, ap\u00f3s o devido processo judicial, a san\u00e7\u00f5es como, por exemplo, perda dos valores&#8230;<\/p>\n\n\n\n<p><strong>Quest\u00e3o 61:\u00a0<\/strong>Em rela\u00e7\u00e3o ao sujeito passivo dos delitos de viol\u00eancia dom\u00e9stica&#8230;<br \/><strong><em>Resposta:<\/em><\/strong> C &#8211; a hipossufici\u00eancia e a vulnerabilidade da mulher em contexto de viol\u00eancia&#8230;<\/p>\n\n\n\n<p><strong>Quest\u00e3o 62:\u00a0<\/strong>Durante evento no Maracan\u00e3, Hefesto, aproveitando-se da grande aglomera\u00e7\u00e3o&#8230;<br \/><strong><em>Resposta:<\/em><\/strong> D &#8211; roubo impr\u00f3prio<\/p>\n\n\n\n<p><strong>Quest\u00e3o 63:\u00a0<\/strong>Durante a madrugada, o telefone fixo da resid\u00eancia de Gala toca e, preocupada com seu filho, Hip\u00e9rio&#8230;<br \/><strong><em>Resposta:<\/em><\/strong> C &#8211; extors\u00e3o<\/p>\n\n\n\n<p><strong>Quest\u00e3o 64:\u00a0<\/strong>\u00c1rtemis e Dem\u00e9ter se conheceram por meio de aplicativo de encontros casuais para maiores&#8230;<br \/><strong><em>Resposta:<\/em><\/strong> E &#8211; registro n\u00e3o autorizado da intimidade sexual<\/p>\n\n\n\n<p><strong>Quest\u00e3o 65:\u00a0<\/strong>Hermes, funcion\u00e1rio de uma empresa expressa de correspond\u00eancia, documentos&#8230;<br \/><strong><em>Resposta:<\/em><\/strong> E &#8211; apropria\u00e7\u00e3o ind\u00e9bita<\/p>\n\n\n\n<p><strong>Quest\u00e3o 66:\u00a0<\/strong>Depois de furtar bem de valor consider\u00e1vel, Hades aliena-se&#8230;<br \/><strong><em>Resposta:<\/em><\/strong> E &#8211; crime \u00fanico de furto<\/p>\n\n\n\n<p><strong>Quest\u00e3o 67:\u00a0<\/strong>No que diz respeito ao feminic\u00eddio, \u00e9 correto afirmar que&#8230;<br \/><strong><em>Resposta:<\/em><\/strong> B &#8211; na viol\u00eancia praticada no \u00e2mbito da unidade dom\u00e9stica, a fugacidade&#8230;*<\/p>\n\n\n\n<p><strong>Quest\u00e3o 68:\u00a0<\/strong>Constitu\u00ed categoria fora do \u00e2mbito de prote\u00e7\u00e3o da qualificadora&#8230;<br \/><strong><em>Resposta:<\/em><\/strong> E &#8211; ju\u00edzes de direito<\/p>\n\n\n\n<p><strong>Quest\u00e3o 69:\u00a0<\/strong>O C\u00f3digo Penal conta com dispositivo cuja finalidade \u00e9 coibir&#8230;<br \/><strong><em>Resposta:<\/em><\/strong> A &#8211; a les\u00e3o imposta \u00e9 de natureza unicamente leve, dando margem a um tipo qualificado&#8230;<\/p>\n\n\n\n<p><strong>Quest\u00e3o 70:\u00a0<\/strong>No que toca \u00e0 causa de aumento de pena do feminic\u00eddio&#8230;<br \/><strong><em>Resposta:<\/em><\/strong> A &#8211; a causa relacionada \u00e0 pr\u00e1tica durante a gesta\u00e7\u00e3o n\u00e3o \u00e9 coligada&#8230;<\/p>\n\n\n\n<p><strong>Quest\u00e3o 71:\u00a0<\/strong>Durante as comemora\u00e7\u00f5es do carnaval, na cidade do Rio de Janeiro&#8230;<br \/><strong><em>Resposta:<\/em><\/strong> A &#8211; \u00e9 at\u00edpica<\/p>\n\n\n\n<p><strong>Quest\u00e3o 72:\u00a0<\/strong>H\u00e9cate, contando com 7 anos de idade, \u00e9 molestada sexualmente por Zelus&#8230;<br \/><strong><em>Resposta:<\/em><\/strong> C &#8211; o crime n\u00e3o est\u00e1 prescrito, pois o prazo s\u00f3 come\u00e7a a correr quando&#8230;<\/p>\n\n\n\n<p><strong>Quest\u00e3o 73:\u00a0<\/strong>Determinado agente pratica o furto de bem pertencente a um casal&#8230;<br \/><strong><em>Resposta:<\/em><\/strong> E &#8211; um furto, sem concurso ou continuidade<\/p>\n\n\n\n<p><strong>Quest\u00e3o 74:\u00a0<\/strong>Sob o argumento da produ\u00e7\u00e3o de cena de arte para um filme, Circe produz&#8230;<br \/><strong><em>Resposta:<\/em><\/strong> E &#8211; configura crime de estupor de vulner\u00e1vel em concurso com o Art. 240 da Lei n\u00ba 8.069\/1990<\/p>\n\n\n\n<p><strong>Quest\u00e3o 75:\u00a0<\/strong>Em determinado set de filmagens, Hades, produtor t\u00e9cnico, entrega arma de fogo&#8230;<br \/><strong><em>Resposta:<\/em><\/strong> E &#8211; Ares n\u00e3o responder\u00e1 por crime e Hades responder\u00e1 por homic\u00eddio doloso<\/p>\n\n\n\n<p><strong>Quest\u00e3o 76:\u00a0<\/strong>Quanto \u00e0 investiga\u00e7\u00e3o preliminar realizada sob a forma&#8230;<br \/><strong><em>Resposta:<\/em><\/strong> D &#8211; n\u00e3o h\u00e1 nulidade na juntada posterior de provas colhidas durante o inqu\u00e9rito, desde que a defesa&#8230;<\/p>\n\n\n\n<p><strong>Quest\u00e3o 77:\u00a0<\/strong>A respeito da audi\u00eancia de cust\u00f3dia, \u00e9 correto&#8230;<br \/><strong><em>Resposta:<\/em><\/strong> C &#8211; operada a convers\u00e3o da pris\u00e3o em flagrante em pris\u00e3o preventiva, fica superada a alega\u00e7\u00e3o&#8230;<\/p>\n\n\n\n<p><strong>Quest\u00e3o 78:\u00a0<\/strong>Ap\u00f3s receberem not\u00edcia de crime inqualificada, versando sobre tr\u00e1fico de drogas atribu\u00eddo a Afrodite&#8230;<br \/><strong><em>Resposta:<\/em><\/strong> B &#8211; legal, diante da configura\u00e7\u00e3o da hip\u00f3tese de flagrante esperado<\/p>\n\n\n\n<p><strong>Quest\u00e3o 79:\u00a0<\/strong>Em rela\u00e7\u00e3o \u00e0 contemporaneidade da pris\u00e3o provis\u00f3ria&#8230;<br \/><strong><em>Resposta:<\/em><\/strong> A &#8211; pode ser demonstrada por Relat\u00f3rios de Intelig\u00eancia Financeira do CDAF, caso apontem movimenta\u00e7\u00e3o&#8230;<\/p>\n\n\n\n<p><strong>Quest\u00e3o 80:\u00a0<\/strong>Determinado r\u00e9u foi sentenciado pela pr\u00e1tica do delito&#8230;<br \/><strong><em>Resposta:<\/em><\/strong> B &#8211; parcial da senten\u00e7a, sem afeta\u00e7\u00e3o da validade ou da efic\u00e1cia do ju\u00edzo condenat\u00f3rio&#8230;<\/p>\n\n\n\n<p><strong>Quest\u00e3o 81:\u00a0<\/strong>Sobre as medidas cautelares pessoais, \u00e9 correto&#8230;<br \/><strong><em>Resposta:<\/em><\/strong> D &#8211; mesmo durante a pandemia persiste o direito da coletividade em ver preservada&#8230;<\/p>\n\n\n\n<p><strong>Quest\u00e3o 82:\u00a0<\/strong>O Banco Nacional de Monitoramento de Pris\u00f5es \u00e9 um sistema eletr\u00f4nico&#8230;<br \/><strong><em>Resposta:<\/em><\/strong> C &#8211; no caso da indisponibilidade do sistema, a autoridade judicial pode se valer dos meios&#8230;<\/p>\n\n\n\n<p><strong>Quest\u00e3o 83:\u00a0<\/strong>A audi\u00eancia preliminar do Art. 16 da Lei n\u00ba 11.340\/2006&#8230;<br \/><strong><em>Resposta:<\/em><\/strong> C &#8211; facultativa, n\u00e3o devendo ser realizada de of\u00edcio, tendo cabimento em crimes de qualquer&#8230;<\/p>\n\n\n\n<p><strong>Quest\u00e3o 84:\u00a0<\/strong>Agentes da Pol\u00edcia Civil, devidamente amparados por mandado de busca e apreens\u00e3o&#8230;<br \/><strong><em>Resposta:<\/em><\/strong> B &#8211; l\u00edcita, pois toda a din\u00e2mica foi captada pelo sistema de imagens, o que serve como documenta\u00e7\u00e3o&#8230;<\/p>\n\n\n\n<p><strong>Quest\u00e3o 85:\u00a0<\/strong>Sobre a sistem\u00e1tica adotada para demonstra\u00e7\u00e3o e\/ou comprova\u00e7\u00e3o das les\u00f5es&#8230;<br \/><strong><em>Resposta:<\/em><\/strong> A &#8211; conquanto o exame de corpo de delito deva, como regra, ser produzido para a configura\u00e7\u00e3o&#8230;<\/p>\n\n\n\n<p><strong>Quest\u00e3o 86:\u00a0<\/strong>Iniciada investiga\u00e7\u00e3o a respeito de complexo esquema de corrup\u00e7\u00e3o&#8230;<br \/><strong><em>Resposta:<\/em><\/strong> A &#8211; n\u00e3o sendo fornecidos elementos para a obten\u00e7\u00e3o de resultados&#8230;<\/p>\n\n\n\n<p><strong>Quest\u00e3o 87:\u00a0<\/strong>Em rela\u00e7\u00e3o \u00e0s audi\u00eancias de cust\u00f3dia, \u00e9 correto afirmar&#8230;<br \/><strong><em>Resposta:<\/em><\/strong> E &#8211; a alega\u00e7\u00e3o de nulidade na audi\u00eancia de cust\u00f3dia fica superada&#8230;<\/p>\n\n\n\n<p><strong>Quest\u00e3o 88:\u00a0<\/strong>Durante a realiza\u00e7\u00e3o de abordagem, guarni\u00e7\u00e3o composta por dois policiais&#8230;<br \/><strong><em>Resposta:<\/em><\/strong> A &#8211; ilegal, diante da aus\u00eancia de resist\u00eancia ou oferecimento de risco&#8230;<\/p>\n\n\n\n<p><strong>Quest\u00e3o 89:\u00a0<\/strong>Em rela\u00e7\u00e3o ao sistema protetivo da Lei Maria da Penha&#8230;<br \/><strong><em>Resposta:<\/em><\/strong> D &#8211; evidenciada a periculosidade em concreto do agente, diante do descumprimento das medidas protetivas&#8230;<\/p>\n\n\n\n<p><strong>Quest\u00e3o 90:\u00a0<\/strong>Policiais militares estavam em patrulhamento de rotina, quando avistaram&#8230;<br \/><strong><em>Resposta:<\/em><\/strong> A &#8211; ilegal, diante da aus\u00eancia de pr\u00e9via autoriza\u00e7\u00e3o judicial para&#8230;<\/p>\n\n\n\n<p><strong>Quest\u00e3o 91:\u00a0<\/strong>No contexto da prote\u00e7\u00e3o de planilhas e compartilhamento de pastas&#8230;<br \/><strong><em>Resposta:<\/em><\/strong> C &#8211; somente I e II<\/p>\n\n\n\n<p><strong>Quest\u00e3o 92:\u00a0<\/strong>Jo\u00e3o tem em seu computador um arquivos denominado &#8220;teste.PDF&#8221; e gostaria&#8230;<br \/><strong><em>Resposta:<\/em><\/strong> E &#8211; n\u00e3o \u00e9 poss\u00edvel fazer essa distin\u00e7\u00e3o para um \u00fanico arquivo pelos comandos&#8230;<\/p>\n\n\n\n<p><strong>Quest\u00e3o 93:\u00a0<\/strong>Observe o endere\u00e7o (URL) de um recurso na Internet&#8230;<br \/><strong><em>Resposta:<\/em><\/strong> D &#8211; porta<\/p>\n\n\n\n<p><strong>Quest\u00e3o 94:\u00a0<\/strong>No MS Excel 2010, o recurso Congelar Linha Superior, na guia&#8230;<br \/><strong><em>Resposta:<\/em><\/strong> C &#8211; travar a rolagem da planilha para cima<\/p>\n\n\n\n<p><strong>Quest\u00e3o 95:\u00a0<\/strong>Na interface do Windows 10, o painel que serve&#8230;<br \/><strong><em>Resposta:<\/em><\/strong> C &#8211; barra de tarefas<\/p>\n\n\n\n<p><strong>Quest\u00e3o 96:\u00a0<\/strong>No LibreOffice Writer, \u00e9 poss\u00edvel selecionar partes&#8230;<br \/><strong><em>Resposta:<\/em><\/strong> C &#8211; manter pressionada a tecla Ctrl enquanto seleciona mais partes<\/p>\n\n\n\n<p><strong>Quest\u00e3o 97:\u00a0<\/strong>Computadores trabalham com arquivos com conte\u00fados distintos&#8230;<br \/><strong><em>Resposta:<\/em><\/strong> D &#8211; texto<\/p>\n\n\n\n<p><strong>Quest\u00e3o 98:\u00a0<\/strong>Jo\u00e3o preparou um documento no MS Word 2010 que cont\u00e9m tr\u00eas partes&#8230;<br \/><strong><em>Resposta:<\/em><\/strong> C &#8211; quebras na guia Layout da P\u00e1gina<\/p>\n\n\n\n<p><strong>Quest\u00e3o 99:\u00a0<\/strong>Tiago estava trabalhando numa planilha MS Excel 2010 com dezenas&#8230;<br \/><strong><em>Resposta:<\/em><\/strong> B &#8211; =soma(a11:b21) =m\u00e1ximo(c1:c4)<\/p>\n\n\n\n<p><strong>Quest\u00e3o 100:\u00a0<\/strong>Maria est\u00e1 trabalhando na defini\u00e7\u00e3o de uma pol\u00edtica&#8230;<br \/><strong><em>Resposta:<\/em><\/strong> E &#8211; III, II, I<\/p>\n\n\n\n<p class=\"has-text-align-center has-cyan-bluish-gray-background-color has-background has-medium-font-size\"><strong>Saiba mais: <a href=\"https:\/\/www.estrategiaconcursos.com.br\/blog\/concurso-policia-civil-rj\/\" target=\"_blank\" rel=\"noreferrer noopener\">Concurso Pol\u00edcia Civil RJ<\/a><\/strong><\/p>\n\n\n\n<hr class=\"wp-block-separator\"\/>\n\n\n\n<h2 class=\"has-text-align-center wp-block-heading\" id=\"h-quer-saber-tudo-sobre-concursos-previstos-confira-nossos-artigos\">Quer saber tudo sobre concursos previstos?<br \/>Confira nossos artigos!<\/h2>\n\n\n\n<ul class=\"wp-block-list\"><li><a href=\"https:\/\/www.estrategiaconcursos.com.br\/blog\/concursos-abertos\/\" target=\"_blank\" rel=\"noreferrer noopener\">Concursos abertos<\/a><\/li><li><a href=\"https:\/\/www.estrategiaconcursos.com.br\/blog\/concursos-2022\/\" target=\"_blank\" rel=\"noreferrer noopener\">Concursos 2022<\/a><\/li><\/ul>\n\n\n\n<div class=\"container\" id=\"boxes\">\n  <div class=\"row\"> \n\n    <div class=\"col-sm\">\n      <div class=\"banner-policial\" id=\"box-assinatura\">\n        <h3 class=\"titulo-assinatura\">Concurso PC RJ<\/h3>\n        <p class=\"subtitulo-assinatura\">Conhe\u00e7a os cursos<\/p>\n        <div class=\"box-botao\">\n          <a class=\"btn-assinatura\" target=\"_blank\" href=\"https:\/\/www.estrategiaconcursos.com.br\/cursosPorConcurso\/policia-civil-rj-pc-rj\/\" role=\"button\" rel=\"noopener noreferrer\">Conhe\u00e7a mais<\/a>\n        <\/div>\n      <\/div>\n     \n\n  <\/div>\n<\/div><\/div>\n\n\n\n<div class=\"container\" id=\"boxes\">\n  <div class=\"row\">\n\n    <div class=\"col-sm\">\n      <div class=\"estrategia\" id=\"box-assinatura\">\n        <h3 class=\"titulo-assinatura\">Assinatura de Concursos<\/h3>\n        <p class=\"subtitulo-assinatura\">Assinatura de 1 ano ou 2 anos<\/p>\n        <div class=\"box-botao\">\n          <a class=\"btn-assinatura\" target=\"_blank\" href=\"https:\/\/www.estrategiaconcursos.com.br\/assinaturas\/\" role=\"button\" rel=\"noopener noreferrer\">ASSINE AGORA<\/a>\n        <\/div>\n      <\/div>\n     \n    <\/div><\/div><\/div>\n","protected":false},"excerpt":{"rendered":"<p>Neste domingo, 30 de janeiro, foram aplicadas as provas do concurso PC RJ para o cargo de Inspetor de Pol\u00edcia.\u00a0As avalia\u00e7\u00f5es tiveram dura\u00e7\u00e3o total de 5 horas, com in\u00edcio \u00e0s 12h. Com o objetivo de ajudar a diminuir um pouco a ansiedade de saber se foi bem ou n\u00e3o em um concurso t\u00e3o visado e [&hellip;]<\/p>\n","protected":false},"author":1206,"featured_media":900625,"comment_status":"open","ping_status":"closed","sticky":false,"template":"","format":"standard","meta":{"post_tipo":"news_page","footnotes":""},"categories":[1988,220219],"tags":[],"tax_estado":[219982],"class_list":["post-957236","post","type-post","status-publish","format-standard","has-post-thumbnail","hentry","category-policia","category-noticias","tax_estado-rj"],"acf":[],"yoast_head":"<!-- This site is optimized with the Yoast SEO Premium plugin v27.2 (Yoast SEO v27.2) - https:\/\/yoast.com\/product\/yoast-seo-premium-wordpress\/ -->\n<title>Gabarito Extraoficial PCERJ \u2013 Inspetor: corre\u00e7\u00e3o da prova<\/title>\n<meta name=\"description\" content=\"Neste domingo, 30, acontecem as provas do concurso PCERJ para o cargo de Inspetor. Acompanhe a corre\u00e7\u00e3o e o gabarito extraoficial!\" \/>\n<meta name=\"robots\" content=\"index, follow, max-snippet:-1, max-image-preview:large, max-video-preview:-1\" \/>\n<link rel=\"canonical\" href=\"https:\/\/www.estrategiaconcursos.com.br\/blog\/gabarito-extraoficial-pcerj-inspetor\/\" \/>\n<meta property=\"og:locale\" content=\"pt_BR\" \/>\n<meta property=\"og:type\" content=\"article\" \/>\n<meta property=\"og:title\" content=\"Gabarito Extraoficial PCERJ \u2013 Inspetor: corre\u00e7\u00e3o da prova\" \/>\n<meta property=\"og:description\" content=\"Neste domingo, 30, acontecem as provas do concurso PCERJ para o cargo de Inspetor. Acompanhe a corre\u00e7\u00e3o e o gabarito extraoficial!\" \/>\n<meta property=\"og:url\" content=\"https:\/\/www.estrategiaconcursos.com.br\/blog\/gabarito-extraoficial-pcerj-inspetor\/\" \/>\n<meta property=\"og:site_name\" content=\"Estrat\u00e9gia Concursos\" \/>\n<meta property=\"article:published_time\" content=\"2022-01-31T01:05:00+00:00\" \/>\n<meta property=\"article:modified_time\" content=\"2022-02-01T11:12:31+00:00\" \/>\n<meta property=\"og:image\" content=\"https:\/\/dhg1h5j42swfq.cloudfront.net\/2021\/11\/04141625\/pcerj.jpg\" \/>\n\t<meta property=\"og:image:width\" content=\"768\" \/>\n\t<meta property=\"og:image:height\" content=\"432\" \/>\n\t<meta property=\"og:image:type\" content=\"image\/jpeg\" \/>\n<meta name=\"author\" content=\"Bruna de Andrade Fran\u00e7a\" \/>\n<meta name=\"twitter:card\" content=\"summary_large_image\" \/>\n<meta name=\"twitter:creator\" content=\"@EstratConcursos\" \/>\n<meta name=\"twitter:site\" content=\"@EstratConcursos\" \/>\n<meta name=\"twitter:label1\" content=\"Escrito por\" \/>\n\t<meta name=\"twitter:data1\" content=\"Bruna de Andrade Fran\u00e7a\" \/>\n\t<meta name=\"twitter:label2\" content=\"Est. tempo de leitura\" \/>\n\t<meta name=\"twitter:data2\" content=\"16 minutos\" \/>\n<script type=\"application\/ld+json\" class=\"yoast-schema-graph\">{\"@context\":\"https:\/\/schema.org\",\"@graph\":[{\"@type\":\"NewsArticle\",\"@id\":\"https:\/\/www.estrategiaconcursos.com.br\/blog\/gabarito-extraoficial-pcerj-inspetor\/#article\",\"isPartOf\":{\"@id\":\"https:\/\/www.estrategiaconcursos.com.br\/blog\/gabarito-extraoficial-pcerj-inspetor\/\"},\"author\":{\"name\":\"Bruna de Andrade Fran\u00e7a\",\"@id\":\"https:\/\/www.estrategiaconcursos.com.br\/blog\/#\/schema\/person\/6630f91134abc08115cca62ce6372855\"},\"headline\":\"Gabarito Extraoficial PCERJ \u2013 Inspetor: corre\u00e7\u00e3o da prova\",\"datePublished\":\"2022-01-31T01:05:00+00:00\",\"dateModified\":\"2022-02-01T11:12:31+00:00\",\"mainEntityOfPage\":{\"@id\":\"https:\/\/www.estrategiaconcursos.com.br\/blog\/gabarito-extraoficial-pcerj-inspetor\/\"},\"wordCount\":3201,\"commentCount\":0,\"publisher\":{\"@id\":\"https:\/\/www.estrategiaconcursos.com.br\/blog\/#organization\"},\"image\":{\"@id\":\"https:\/\/www.estrategiaconcursos.com.br\/blog\/gabarito-extraoficial-pcerj-inspetor\/#primaryimage\"},\"thumbnailUrl\":\"https:\/\/dhg1h5j42swfq.cloudfront.net\/2021\/11\/04141625\/pcerj.jpg\",\"articleSection\":[\"Policial (Agente, Escriv\u00e3o e Investigador)\",\"\u00daltimas not\u00edcias\"],\"inLanguage\":\"pt-BR\",\"potentialAction\":[{\"@type\":\"CommentAction\",\"name\":\"Comment\",\"target\":[\"https:\/\/www.estrategiaconcursos.com.br\/blog\/gabarito-extraoficial-pcerj-inspetor\/#respond\"]}],\"copyrightYear\":\"2022\",\"copyrightHolder\":{\"@id\":\"https:\/\/www.estrategiaconcursos.com.br\/blog\/#organization\"}},{\"@type\":\"WebPage\",\"@id\":\"https:\/\/www.estrategiaconcursos.com.br\/blog\/gabarito-extraoficial-pcerj-inspetor\/\",\"url\":\"https:\/\/www.estrategiaconcursos.com.br\/blog\/gabarito-extraoficial-pcerj-inspetor\/\",\"name\":\"Gabarito Extraoficial PCERJ \u2013 Inspetor: corre\u00e7\u00e3o da prova\",\"isPartOf\":{\"@id\":\"https:\/\/www.estrategiaconcursos.com.br\/blog\/#website\"},\"primaryImageOfPage\":{\"@id\":\"https:\/\/www.estrategiaconcursos.com.br\/blog\/gabarito-extraoficial-pcerj-inspetor\/#primaryimage\"},\"image\":{\"@id\":\"https:\/\/www.estrategiaconcursos.com.br\/blog\/gabarito-extraoficial-pcerj-inspetor\/#primaryimage\"},\"thumbnailUrl\":\"https:\/\/dhg1h5j42swfq.cloudfront.net\/2021\/11\/04141625\/pcerj.jpg\",\"datePublished\":\"2022-01-31T01:05:00+00:00\",\"dateModified\":\"2022-02-01T11:12:31+00:00\",\"description\":\"Neste domingo, 30, acontecem as provas do concurso PCERJ para o cargo de Inspetor. Acompanhe a corre\u00e7\u00e3o e o gabarito extraoficial!\",\"breadcrumb\":{\"@id\":\"https:\/\/www.estrategiaconcursos.com.br\/blog\/gabarito-extraoficial-pcerj-inspetor\/#breadcrumb\"},\"inLanguage\":\"pt-BR\",\"potentialAction\":[{\"@type\":\"ReadAction\",\"target\":[\"https:\/\/www.estrategiaconcursos.com.br\/blog\/gabarito-extraoficial-pcerj-inspetor\/\"]}]},{\"@type\":\"ImageObject\",\"inLanguage\":\"pt-BR\",\"@id\":\"https:\/\/www.estrategiaconcursos.com.br\/blog\/gabarito-extraoficial-pcerj-inspetor\/#primaryimage\",\"url\":\"https:\/\/dhg1h5j42swfq.cloudfront.net\/2021\/11\/04141625\/pcerj.jpg\",\"contentUrl\":\"https:\/\/dhg1h5j42swfq.cloudfront.net\/2021\/11\/04141625\/pcerj.jpg\",\"width\":768,\"height\":432,\"caption\":\"concurso pc rj\"},{\"@type\":\"BreadcrumbList\",\"@id\":\"https:\/\/www.estrategiaconcursos.com.br\/blog\/gabarito-extraoficial-pcerj-inspetor\/#breadcrumb\",\"itemListElement\":[{\"@type\":\"ListItem\",\"position\":1,\"name\":\"In\u00edcio\",\"item\":\"https:\/\/www.estrategiaconcursos.com.br\/blog\/\"},{\"@type\":\"ListItem\",\"position\":2,\"name\":\"Gabarito Extraoficial PCERJ \u2013 Inspetor: corre\u00e7\u00e3o da prova\"}]},{\"@type\":\"WebSite\",\"@id\":\"https:\/\/www.estrategiaconcursos.com.br\/blog\/#website\",\"url\":\"https:\/\/www.estrategiaconcursos.com.br\/blog\/\",\"name\":\"Estrat\u00e9gia Concursos\",\"description\":\"O blog da Estrat\u00e9gia Concursos traz not\u00edcias sobre concursos e artigos de professores oferecendo cursos para concursos (pdf + videaulas) no site.\",\"publisher\":{\"@id\":\"https:\/\/www.estrategiaconcursos.com.br\/blog\/#organization\"},\"potentialAction\":[{\"@type\":\"SearchAction\",\"target\":{\"@type\":\"EntryPoint\",\"urlTemplate\":\"https:\/\/www.estrategiaconcursos.com.br\/blog\/?s={search_term_string}\"},\"query-input\":{\"@type\":\"PropertyValueSpecification\",\"valueRequired\":true,\"valueName\":\"search_term_string\"}}],\"inLanguage\":\"pt-BR\"},{\"@type\":\"Organization\",\"@id\":\"https:\/\/www.estrategiaconcursos.com.br\/blog\/#organization\",\"name\":\"Estrat\u00e9gia Concursos\",\"url\":\"https:\/\/www.estrategiaconcursos.com.br\/blog\/\",\"logo\":{\"@type\":\"ImageObject\",\"inLanguage\":\"pt-BR\",\"@id\":\"https:\/\/www.estrategiaconcursos.com.br\/blog\/#\/schema\/logo\/image\/\",\"url\":\"https:\/\/dhg1h5j42swfq.cloudfront.net\/2025\/06\/03203428\/logo_concursos-1.jpg\",\"contentUrl\":\"https:\/\/dhg1h5j42swfq.cloudfront.net\/2025\/06\/03203428\/logo_concursos-1.jpg\",\"width\":230,\"height\":60,\"caption\":\"Estrat\u00e9gia Concursos\"},\"image\":{\"@id\":\"https:\/\/www.estrategiaconcursos.com.br\/blog\/#\/schema\/logo\/image\/\"},\"sameAs\":[\"https:\/\/x.com\/EstratConcursos\"]},{\"@type\":\"Person\",\"@id\":\"https:\/\/www.estrategiaconcursos.com.br\/blog\/#\/schema\/person\/6630f91134abc08115cca62ce6372855\",\"name\":\"Bruna de Andrade Fran\u00e7a\",\"image\":{\"@type\":\"ImageObject\",\"inLanguage\":\"pt-BR\",\"@id\":\"https:\/\/secure.gravatar.com\/avatar\/d6316d36d50cea0fadae28ed3015b8870cc90a2d3d8a95c37b44006af36a00e3?s=96&d=mm&r=g\",\"url\":\"https:\/\/secure.gravatar.com\/avatar\/d6316d36d50cea0fadae28ed3015b8870cc90a2d3d8a95c37b44006af36a00e3?s=96&d=mm&r=g\",\"contentUrl\":\"https:\/\/secure.gravatar.com\/avatar\/d6316d36d50cea0fadae28ed3015b8870cc90a2d3d8a95c37b44006af36a00e3?s=96&d=mm&r=g\",\"caption\":\"Bruna de Andrade Fran\u00e7a\"},\"description\":\"Bruna de Andrade Fran\u00e7a \u00e9 publicit\u00e1ria com p\u00f3s-gradua\u00e7\u00e3o em Marketing &amp; Growth, atuando h\u00e1 mais de 6 anos no universo dos concursos p\u00fablicos. Desde 2021, lidera no Blog do Estrat\u00e9gia Concursos a cobertura editorial especializada em Concursos Policiais (PF, PRF, PM, PC, etc.), al\u00e9m das frentes de concursos banc\u00e1rios, de sa\u00fade e da \u00e1rea legislativa. Especialista em reda\u00e7\u00e3o, com pr\u00e1ticas de SEO e Copywriting, possui tamb\u00e9m atua\u00e7\u00e3o pr\u00e1tica de contato direto com \u00f3rg\u00e3os p\u00fablicos respons\u00e1veis por editais, permitindo acesso antecipado a informa\u00e7\u00f5es, desdobramentos importantes e atualiza\u00e7\u00e3o eficiente dos concursos p\u00fablicos.\",\"url\":\"https:\/\/www.estrategiaconcursos.com.br\/blog\/author\/bruna-andrade\/\"}]}<\/script>\n<!-- \/ Yoast SEO Premium plugin. -->","yoast_head_json":{"title":"Gabarito Extraoficial PCERJ \u2013 Inspetor: corre\u00e7\u00e3o da prova","description":"Neste domingo, 30, acontecem as provas do concurso PCERJ para o cargo de Inspetor. Acompanhe a corre\u00e7\u00e3o e o gabarito extraoficial!","robots":{"index":"index","follow":"follow","max-snippet":"max-snippet:-1","max-image-preview":"max-image-preview:large","max-video-preview":"max-video-preview:-1"},"canonical":"https:\/\/www.estrategiaconcursos.com.br\/blog\/gabarito-extraoficial-pcerj-inspetor\/","og_locale":"pt_BR","og_type":"article","og_title":"Gabarito Extraoficial PCERJ \u2013 Inspetor: corre\u00e7\u00e3o da prova","og_description":"Neste domingo, 30, acontecem as provas do concurso PCERJ para o cargo de Inspetor. Acompanhe a corre\u00e7\u00e3o e o gabarito extraoficial!","og_url":"https:\/\/www.estrategiaconcursos.com.br\/blog\/gabarito-extraoficial-pcerj-inspetor\/","og_site_name":"Estrat\u00e9gia Concursos","article_published_time":"2022-01-31T01:05:00+00:00","article_modified_time":"2022-02-01T11:12:31+00:00","og_image":[{"width":768,"height":432,"url":"https:\/\/dhg1h5j42swfq.cloudfront.net\/2021\/11\/04141625\/pcerj.jpg","type":"image\/jpeg"}],"author":"Bruna de Andrade Fran\u00e7a","twitter_card":"summary_large_image","twitter_creator":"@EstratConcursos","twitter_site":"@EstratConcursos","twitter_misc":{"Escrito por":"Bruna de Andrade Fran\u00e7a","Est. tempo de leitura":"16 minutos"},"schema":{"@context":"https:\/\/schema.org","@graph":[{"@type":"NewsArticle","@id":"https:\/\/www.estrategiaconcursos.com.br\/blog\/gabarito-extraoficial-pcerj-inspetor\/#article","isPartOf":{"@id":"https:\/\/www.estrategiaconcursos.com.br\/blog\/gabarito-extraoficial-pcerj-inspetor\/"},"author":{"name":"Bruna de Andrade Fran\u00e7a","@id":"https:\/\/www.estrategiaconcursos.com.br\/blog\/#\/schema\/person\/6630f91134abc08115cca62ce6372855"},"headline":"Gabarito Extraoficial PCERJ \u2013 Inspetor: corre\u00e7\u00e3o da prova","datePublished":"2022-01-31T01:05:00+00:00","dateModified":"2022-02-01T11:12:31+00:00","mainEntityOfPage":{"@id":"https:\/\/www.estrategiaconcursos.com.br\/blog\/gabarito-extraoficial-pcerj-inspetor\/"},"wordCount":3201,"commentCount":0,"publisher":{"@id":"https:\/\/www.estrategiaconcursos.com.br\/blog\/#organization"},"image":{"@id":"https:\/\/www.estrategiaconcursos.com.br\/blog\/gabarito-extraoficial-pcerj-inspetor\/#primaryimage"},"thumbnailUrl":"https:\/\/dhg1h5j42swfq.cloudfront.net\/2021\/11\/04141625\/pcerj.jpg","articleSection":["Policial (Agente, Escriv\u00e3o e Investigador)","\u00daltimas not\u00edcias"],"inLanguage":"pt-BR","potentialAction":[{"@type":"CommentAction","name":"Comment","target":["https:\/\/www.estrategiaconcursos.com.br\/blog\/gabarito-extraoficial-pcerj-inspetor\/#respond"]}],"copyrightYear":"2022","copyrightHolder":{"@id":"https:\/\/www.estrategiaconcursos.com.br\/blog\/#organization"}},{"@type":"WebPage","@id":"https:\/\/www.estrategiaconcursos.com.br\/blog\/gabarito-extraoficial-pcerj-inspetor\/","url":"https:\/\/www.estrategiaconcursos.com.br\/blog\/gabarito-extraoficial-pcerj-inspetor\/","name":"Gabarito Extraoficial PCERJ \u2013 Inspetor: corre\u00e7\u00e3o da prova","isPartOf":{"@id":"https:\/\/www.estrategiaconcursos.com.br\/blog\/#website"},"primaryImageOfPage":{"@id":"https:\/\/www.estrategiaconcursos.com.br\/blog\/gabarito-extraoficial-pcerj-inspetor\/#primaryimage"},"image":{"@id":"https:\/\/www.estrategiaconcursos.com.br\/blog\/gabarito-extraoficial-pcerj-inspetor\/#primaryimage"},"thumbnailUrl":"https:\/\/dhg1h5j42swfq.cloudfront.net\/2021\/11\/04141625\/pcerj.jpg","datePublished":"2022-01-31T01:05:00+00:00","dateModified":"2022-02-01T11:12:31+00:00","description":"Neste domingo, 30, acontecem as provas do concurso PCERJ para o cargo de Inspetor. Acompanhe a corre\u00e7\u00e3o e o gabarito extraoficial!","breadcrumb":{"@id":"https:\/\/www.estrategiaconcursos.com.br\/blog\/gabarito-extraoficial-pcerj-inspetor\/#breadcrumb"},"inLanguage":"pt-BR","potentialAction":[{"@type":"ReadAction","target":["https:\/\/www.estrategiaconcursos.com.br\/blog\/gabarito-extraoficial-pcerj-inspetor\/"]}]},{"@type":"ImageObject","inLanguage":"pt-BR","@id":"https:\/\/www.estrategiaconcursos.com.br\/blog\/gabarito-extraoficial-pcerj-inspetor\/#primaryimage","url":"https:\/\/dhg1h5j42swfq.cloudfront.net\/2021\/11\/04141625\/pcerj.jpg","contentUrl":"https:\/\/dhg1h5j42swfq.cloudfront.net\/2021\/11\/04141625\/pcerj.jpg","width":768,"height":432,"caption":"concurso pc rj"},{"@type":"BreadcrumbList","@id":"https:\/\/www.estrategiaconcursos.com.br\/blog\/gabarito-extraoficial-pcerj-inspetor\/#breadcrumb","itemListElement":[{"@type":"ListItem","position":1,"name":"In\u00edcio","item":"https:\/\/www.estrategiaconcursos.com.br\/blog\/"},{"@type":"ListItem","position":2,"name":"Gabarito Extraoficial PCERJ \u2013 Inspetor: corre\u00e7\u00e3o da prova"}]},{"@type":"WebSite","@id":"https:\/\/www.estrategiaconcursos.com.br\/blog\/#website","url":"https:\/\/www.estrategiaconcursos.com.br\/blog\/","name":"Estrat\u00e9gia Concursos","description":"O blog da Estrat\u00e9gia Concursos traz not\u00edcias sobre concursos e artigos de professores oferecendo cursos para concursos (pdf + videaulas) no site.","publisher":{"@id":"https:\/\/www.estrategiaconcursos.com.br\/blog\/#organization"},"potentialAction":[{"@type":"SearchAction","target":{"@type":"EntryPoint","urlTemplate":"https:\/\/www.estrategiaconcursos.com.br\/blog\/?s={search_term_string}"},"query-input":{"@type":"PropertyValueSpecification","valueRequired":true,"valueName":"search_term_string"}}],"inLanguage":"pt-BR"},{"@type":"Organization","@id":"https:\/\/www.estrategiaconcursos.com.br\/blog\/#organization","name":"Estrat\u00e9gia Concursos","url":"https:\/\/www.estrategiaconcursos.com.br\/blog\/","logo":{"@type":"ImageObject","inLanguage":"pt-BR","@id":"https:\/\/www.estrategiaconcursos.com.br\/blog\/#\/schema\/logo\/image\/","url":"https:\/\/dhg1h5j42swfq.cloudfront.net\/2025\/06\/03203428\/logo_concursos-1.jpg","contentUrl":"https:\/\/dhg1h5j42swfq.cloudfront.net\/2025\/06\/03203428\/logo_concursos-1.jpg","width":230,"height":60,"caption":"Estrat\u00e9gia Concursos"},"image":{"@id":"https:\/\/www.estrategiaconcursos.com.br\/blog\/#\/schema\/logo\/image\/"},"sameAs":["https:\/\/x.com\/EstratConcursos"]},{"@type":"Person","@id":"https:\/\/www.estrategiaconcursos.com.br\/blog\/#\/schema\/person\/6630f91134abc08115cca62ce6372855","name":"Bruna de Andrade Fran\u00e7a","image":{"@type":"ImageObject","inLanguage":"pt-BR","@id":"https:\/\/secure.gravatar.com\/avatar\/d6316d36d50cea0fadae28ed3015b8870cc90a2d3d8a95c37b44006af36a00e3?s=96&d=mm&r=g","url":"https:\/\/secure.gravatar.com\/avatar\/d6316d36d50cea0fadae28ed3015b8870cc90a2d3d8a95c37b44006af36a00e3?s=96&d=mm&r=g","contentUrl":"https:\/\/secure.gravatar.com\/avatar\/d6316d36d50cea0fadae28ed3015b8870cc90a2d3d8a95c37b44006af36a00e3?s=96&d=mm&r=g","caption":"Bruna de Andrade Fran\u00e7a"},"description":"Bruna de Andrade Fran\u00e7a \u00e9 publicit\u00e1ria com p\u00f3s-gradua\u00e7\u00e3o em Marketing &amp; Growth, atuando h\u00e1 mais de 6 anos no universo dos concursos p\u00fablicos. Desde 2021, lidera no Blog do Estrat\u00e9gia Concursos a cobertura editorial especializada em Concursos Policiais (PF, PRF, PM, PC, etc.), al\u00e9m das frentes de concursos banc\u00e1rios, de sa\u00fade e da \u00e1rea legislativa. Especialista em reda\u00e7\u00e3o, com pr\u00e1ticas de SEO e Copywriting, possui tamb\u00e9m atua\u00e7\u00e3o pr\u00e1tica de contato direto com \u00f3rg\u00e3os p\u00fablicos respons\u00e1veis por editais, permitindo acesso antecipado a informa\u00e7\u00f5es, desdobramentos importantes e atualiza\u00e7\u00e3o eficiente dos concursos p\u00fablicos.","url":"https:\/\/www.estrategiaconcursos.com.br\/blog\/author\/bruna-andrade\/"}]}},"_links":{"self":[{"href":"https:\/\/www.estrategiaconcursos.com.br\/blog\/wp-json\/wp\/v2\/posts\/957236","targetHints":{"allow":["GET"]}}],"collection":[{"href":"https:\/\/www.estrategiaconcursos.com.br\/blog\/wp-json\/wp\/v2\/posts"}],"about":[{"href":"https:\/\/www.estrategiaconcursos.com.br\/blog\/wp-json\/wp\/v2\/types\/post"}],"author":[{"embeddable":true,"href":"https:\/\/www.estrategiaconcursos.com.br\/blog\/wp-json\/wp\/v2\/users\/1206"}],"replies":[{"embeddable":true,"href":"https:\/\/www.estrategiaconcursos.com.br\/blog\/wp-json\/wp\/v2\/comments?post=957236"}],"version-history":[{"count":19,"href":"https:\/\/www.estrategiaconcursos.com.br\/blog\/wp-json\/wp\/v2\/posts\/957236\/revisions"}],"predecessor-version":[{"id":958035,"href":"https:\/\/www.estrategiaconcursos.com.br\/blog\/wp-json\/wp\/v2\/posts\/957236\/revisions\/958035"}],"wp:featuredmedia":[{"embeddable":true,"href":"https:\/\/www.estrategiaconcursos.com.br\/blog\/wp-json\/wp\/v2\/media\/900625"}],"wp:attachment":[{"href":"https:\/\/www.estrategiaconcursos.com.br\/blog\/wp-json\/wp\/v2\/media?parent=957236"}],"wp:term":[{"taxonomy":"category","embeddable":true,"href":"https:\/\/www.estrategiaconcursos.com.br\/blog\/wp-json\/wp\/v2\/categories?post=957236"},{"taxonomy":"post_tag","embeddable":true,"href":"https:\/\/www.estrategiaconcursos.com.br\/blog\/wp-json\/wp\/v2\/tags?post=957236"},{"taxonomy":"tax_estado","embeddable":true,"href":"https:\/\/www.estrategiaconcursos.com.br\/blog\/wp-json\/wp\/v2\/tax_estado?post=957236"}],"curies":[{"name":"wp","href":"https:\/\/api.w.org\/{rel}","templated":true}]}}