{"id":957102,"date":"2022-01-31T09:00:00","date_gmt":"2022-01-31T12:00:00","guid":{"rendered":"https:\/\/www.estrategiaconcursos.com.br\/blog\/?p=957102"},"modified":"2022-02-01T11:04:10","modified_gmt":"2022-02-01T14:04:10","slug":"gabarito-extraoficial-ibama-analista-ambiental-tema-1","status":"publish","type":"post","link":"https:\/\/www.estrategiaconcursos.com.br\/blog\/gabarito-extraoficial-ibama-analista-ambiental-tema-1\/","title":{"rendered":"Gabarito Extraoficial IBAMA: Analista Ambiental \u2013 Tema 1"},"content":{"rendered":"\n<p>Foram realizadas neste domingo, 30 de janeiro, <strong>as Provas Objetiva e Discursiva do concurso IBAMA<\/strong>, para os cargos de <strong>T\u00e9cnico Ambiental, Analista Administrativo e Analista Ambiental<\/strong>.<\/p>\n\n\n\n<p>Desta forma, a previs\u00e3o de divulga\u00e7\u00e3o do gabarito preliminar \u00e9 para ter\u00e7a-feira, 1\u00ba de fevereiro, a partir das 19h no site do <a href=\"https:\/\/www.cebraspe.org.br\/concursos\/ibama_21\" target=\"_blank\" rel=\"noreferrer noopener\">Cebraspe<\/a>.<\/p>\n\n\n\n<p>Sabemos que a ansiedade para conhecer seus acertos e erros \u00e9 grande. Por isso, iremos realizar a corre\u00e7\u00e3o ao vivo e o gabarito extraoficial para o cargo de <strong>Analista Ambiental \u2013 Tema 1: Licenciamento Ambiental!<\/strong><\/p>\n\n\n\n<p class=\"has-text-align-center has-luminous-vivid-amber-color has-black-background-color has-text-color has-background\" style=\"font-size:clamp(16.293px, 1.018rem + ((1vw - 3.2px) * 0.854), 25px);\"><strong> Corre\u00e7\u00e3o, AO VIVO, a partir das 10h, nesta segunda-feira (31)!<\/strong><\/p>\n\n\n\n<figure class=\"wp-block-table is-style-stripes\"><table class=\"has-background has-fixed-layout\" style=\"background-color:#cad9e5\"><thead><tr><th class=\"has-text-align-center\" data-align=\"center\">DISCIPLINAS<\/th><th class=\"has-text-align-center\" data-align=\"center\">PROFESSORES<\/th><\/tr><\/thead><tbody><tr><td class=\"has-text-align-center\" data-align=\"center\">L\u00edngua Portuguesa<\/td><td class=\"has-text-align-center\" data-align=\"center\">Adriana Figueiredo e Patr\u00edcia<\/td><\/tr><tr><td class=\"has-text-align-center\" data-align=\"center\">\u00c9tica No Servi\u00e7o P\u00fablico e Atos de Improbidade e Processo Administrativo<\/td><td class=\"has-text-align-center\" data-align=\"center\">Ant\u00f4nio Daud<\/td><\/tr><tr><td class=\"has-text-align-center\" data-align=\"center\">Legisla\u00e7\u00e3o Geral E Do Setor De Meio Ambiente<\/td><td class=\"has-text-align-center\" data-align=\"center\">Rosenval J\u00fanior&nbsp;<\/td><\/tr><tr><td class=\"has-text-align-center\" data-align=\"center\">No\u00e7\u00f5es De Direito Administrativo<\/td><td class=\"has-text-align-center\" data-align=\"center\">Herbert Almeida<\/td><\/tr><tr><td class=\"has-text-align-center\" data-align=\"center\">No\u00e7\u00f5es De Direito Ambiental<\/td><td class=\"has-text-align-center\" data-align=\"center\">Rosenval J\u00fanior<\/td><\/tr><tr><td class=\"has-text-align-center\" data-align=\"center\">No\u00e7\u00f5es De Regula\u00e7\u00e3o<\/td><td class=\"has-text-align-center\" data-align=\"center\">Celso Natale<\/td><\/tr><tr><td class=\"has-text-align-center\" data-align=\"center\">No\u00e7\u00f5es De Tecnologia Da Informa\u00e7\u00e3o<\/td><td class=\"has-text-align-center\" data-align=\"center\">Rani Passos<\/td><\/tr><tr><td class=\"has-text-align-center\" data-align=\"center\">No\u00e7\u00f5es De Direito Constitucional<\/td><td class=\"has-text-align-center\" data-align=\"center\">Emerson Bruno<\/td><\/tr><tr><td class=\"has-text-align-center\" data-align=\"center\">Licenciamento Ambiental<\/td><td class=\"has-text-align-center\" data-align=\"center\">Rosenval J\u00fanior<\/td><\/tr><tr><td class=\"has-text-align-center\" data-align=\"center\">Infraestrutura I<\/td><td class=\"has-text-align-center\" data-align=\"center\">Andr\u00e9 Rocha<\/td><\/tr><tr><td class=\"has-text-align-center\" data-align=\"center\">Infraestrutura II<\/td><td class=\"has-text-align-center\" data-align=\"center\">Marcus Campiteli<\/td><\/tr><tr><td class=\"has-text-align-center\" data-align=\"center\">Infraestrutura III<\/td><td class=\"has-text-align-center\" data-align=\"center\">Diego Tassinari<\/td><\/tr><tr><td class=\"has-text-align-center\" data-align=\"center\">Infraestrutura IV<\/td><td class=\"has-text-align-center\" data-align=\"center\">Mariana Moronari<\/td><\/tr><tr><td class=\"has-text-align-center\" data-align=\"center\">Infraestrutura V<\/td><td class=\"has-text-align-center\" data-align=\"center\">Andr\u00e9 Davilla<\/td><\/tr><tr><td class=\"has-text-align-center\" data-align=\"center\">Infraestrutura VI<\/td><td class=\"has-text-align-center\" data-align=\"center\">Diego Souza<\/td><\/tr><tr><td class=\"has-text-align-center\" data-align=\"center\">Socioeconomia I<\/td><td class=\"has-text-align-center\" data-align=\"center\">S\u00e9rgio Henrique<\/td><\/tr><tr><td class=\"has-text-align-center\" data-align=\"center\">Socioeconomia II<\/td><td class=\"has-text-align-center\" data-align=\"center\">Leandro Signori<\/td><\/tr><\/tbody><\/table><\/figure>\n\n\n<figure class=\"wp-block-embed-youtube wp-block-embed is-type-video is-provider-youtube wp-embed-aspect-16-9 wp-has-aspect-ratio lyte-align aligncenter\"><div class=\"lyte-wrapper\" style=\"width:853px;max-width:100%;margin:5px;\"><div class=\"lyMe\" id=\"WYL_BU45LIXr20s\"><div id=\"lyte_BU45LIXr20s\" data-src=\"\/\/i.ytimg.com\/vi\/BU45LIXr20s\/hqdefault.jpg\" class=\"pL\"><div class=\"tC\"><div class=\"tT\"><\/div><\/div><div class=\"play\"><\/div><div class=\"ctrl\"><div class=\"Lctrl\"><\/div><div class=\"Rctrl\"><\/div><\/div><\/div><noscript><a href=\"https:\/\/youtu.be\/BU45LIXr20s\" rel=\"nofollow\"><img loading=\"lazy\" decoding=\"async\" src=\"https:\/\/i.ytimg.com\/vi\/BU45LIXr20s\/0.jpg\" alt=\"YouTube video thumbnail\" width=\"853\" height=\"460\" \/><br \/>Assista a este v\u00eddeo no YouTube<\/a><\/noscript><\/div><\/div><div class=\"lL\" style=\"max-width:100%;width:853px;margin:5px;\"><\/div><figcaption><\/figcaption><\/figure>\n\n\n<h2 class=\"wp-block-heading\" id=\"h-gabarito-extraoficial-ibama-analista-ambiental-tema-1-licenciamento-ambiental\">Gabarito Extraoficial IBAMA: Analista Ambiental \u2013 Tema 1: Licenciamento Ambiental <\/h2>\n\n\n\n<p><strong>Quest\u00e3o 1: A rela\u00e7\u00e3o da cultura com a cidadania&#8230;<br \/>Gabarito:<\/strong> C<\/p>\n\n\n\n<p><strong>Quest\u00e3o 2: Os sentidos do segundo per\u00edodo do primeiro par\u00e1grafo&#8230;<br \/>Gabarito:<\/strong> E<\/p>\n\n\n\n<p><strong>Quest\u00e3o 3: Os sentidos do texto permitem afirmar que o termo&#8230;<br \/>Gabarito:<\/strong> E<\/p>\n\n\n\n<p><strong>Quest\u00e3o 4: O segundo per\u00edodo do primeiro par\u00e1grafo&#8230;<br \/>Gabarito:<\/strong> C<\/p>\n\n\n\n<p><strong>Quest\u00e3o 5: O emprego da express\u00e3o &#8220;\u00c9 (&#8230;) que&#8221;&#8230;<br \/>Gabarito:<\/strong> C<\/p>\n\n\n\n<p><strong>Quest\u00e3o 6: Em &#8220;a cultura \u00e9 o que nos d\u00e1 a consci\u00eancia de pertencer&#8230;&#8221;<br \/>Gabarito:<\/strong> E<\/p>\n\n\n\n<p><strong>Quest\u00e3o 7: A inser\u00e7\u00e3o de uma v\u00edrgula logo ap\u00f3s &#8220;Assim&#8221;&#8230;<br \/>Gabarito:<\/strong> E<\/p>\n\n\n\n<p><strong>Quest\u00e3o 8: Seria mantida a coer\u00eancia do texto se a ora\u00e7\u00e3o&#8230;<br \/>Gabarito:<\/strong> C<\/p>\n\n\n\n<p><strong>Quest\u00e3o 9: Em &#8220;roubando-lhe parte do ser&#8221;&#8230;<br \/>Gabarito:<\/strong> C<\/p>\n\n\n\n<p><strong>Quest\u00e3o 10: A ora\u00e7\u00e3o &#8220;o que comanda as migra\u00e7\u00f5es&#8221;&#8230;<br \/>Gabarito:<\/strong> E<\/p>\n\n\n\n<p><strong>Quest\u00e3o 11: Bancos de dados do modelo NoSQL&#8230;<br \/>Gabarito:<\/strong> E<\/p>\n\n\n\n<p><strong>Quest\u00e3o 12: Em uma planilha Excel, a divis\u00e3o de qualquer n\u00famero&#8230;<br \/>Gabarito:<\/strong> E<\/p>\n\n\n\n<p><strong>Quest\u00e3o 13: Segundo a Lei n\u00ba 12.527\/2011&#8230;<br \/>Gabarito:<\/strong> E<\/p>\n\n\n\n<p><strong>Quest\u00e3o 14: Dado com identifica\u00e7\u00e3o gen\u00e9tica ou biom\u00e9trica&#8230; <br \/>Gabarito:<\/strong> C<\/p>\n\n\n\n<p><strong>Quest\u00e3o 15: O Microsoft Office 365 utiliza&#8230;<br \/>Gabarito:<\/strong> E<\/p>\n\n\n\n<p><strong>Quest\u00e3o 16: Mediante lei ordin\u00e1ria federal&#8230;<br \/>Gabarito:<\/strong> E<\/p>\n\n\n\n<p><strong>Quest\u00e3o 17: Em raz\u00e3o da essencialidade do direito ambiental&#8230;<br \/>Gabarito:<\/strong> E<\/p>\n\n\n\n<p><strong>Quest\u00e3o 18: De acordo com o entendimento do Superior Tribunal da Justi\u00e7a&#8230;<br \/>Gabarito:<\/strong> E<\/p>\n\n\n\n<p><strong>Quest\u00e3o 19: Diferentemente da responsabilidade civil ambiental&#8230;<br \/>Gabarito:<\/strong> C<\/p>\n\n\n\n<p><strong>Quest\u00e3o 20: A participa\u00e7\u00e3o dos cidad\u00e3os na elabora\u00e7\u00e3o&#8230;<br \/>Gabarito:<\/strong> C<\/p>\n\n\n\n<p><strong>Quest\u00e3o 21: O aproveitamento dos recursos h\u00edbridos&#8230;<br \/>Gabarito:<\/strong> E<\/p>\n\n\n\n<p><strong>Quest\u00e3o 22: O IBAMA \u00e9 uma funda\u00e7\u00e3o p\u00fablica, servi\u00e7o aut\u00f4nomo criado por lei&#8230;<br \/>Gabarito:<\/strong> E<\/p>\n\n\n\n<p><strong>Quest\u00e3o 23: Os servi\u00e7os econ\u00f4micos s\u00e3o aqueles que&#8230; <br \/>Gabarito:<\/strong> C<\/p>\n\n\n\n<p><strong>Quest\u00e3o 24: Para a contrata\u00e7\u00e3o de obras, servi\u00e7os e compras&#8230;<br \/>Gabarito:<\/strong> C <\/p>\n\n\n\n<p><strong>Quest\u00e3o 25: Quando da apura\u00e7\u00e3o de responsabilidade por infra\u00e7\u00e3o ambiental&#8230;<br \/>Gabarito:<\/strong> C <\/p>\n\n\n\n<p><strong>Quest\u00e3o 26: O IBAMA tem a prorrogativa legal de disponibilizar&#8230;<br \/>Gabarito:<\/strong> C <\/p>\n\n\n\n<p><strong>Quest\u00e3o 27: A assessoria ao presidente da Rep\u00fablica&#8230;<br \/>Gabarito:<\/strong> C <\/p>\n\n\n\n<p><strong>Quest\u00e3o 28: O Conselho Nacional da Amaz\u00f4nia Legal&#8230;<br \/>Gabarito:<\/strong> E<\/p>\n\n\n\n<p><strong>Quest\u00e3o 29: O fato de o agente de crime ambiental&#8230;<br \/>Gabarito:<\/strong> C<\/p>\n\n\n\n<p><strong>Quest\u00e3o 30: \u00c9 legalmente previsto que qualquer pessoa&#8230;<br \/>Gabarito:<\/strong> E<\/p>\n\n\n\n<p><strong>Quest\u00e3o 31: Embora os pantanais sejam \u00e1reas de uso restrito&#8230;<br \/>Gabarito:<\/strong> C<\/p>\n\n\n\n<p><strong>Quest\u00e3o 32: Desde que n\u00e3o sejam impostas restri\u00e7\u00f5es ao uso&#8230;<br \/>Gabarito:<\/strong> E <\/p>\n\n\n\n<p><strong>Quest\u00e3o 33: O ordenamento dos recursos florestais&#8230;<br \/>Gabarito:<\/strong> C<\/p>\n\n\n\n<p><strong>Quest\u00e3o 34: Como meio de assegurar a efetividade&#8230;<br \/>Gabarito:<\/strong> C<\/p>\n\n\n\n<p><strong>Quest\u00e3o 35: O dano moral coletivo ambiental&#8230;<br \/>Gabarito:<\/strong> E <\/p>\n\n\n\n<p><strong>Quest\u00e3o 36: A altera\u00e7\u00e3o ou supress\u00e3o dos espa\u00e7os territoriais&#8230; <br \/>Gabarito:<\/strong> E<\/p>\n\n\n\n<p><strong>Quest\u00e3o 37: Aquele a quem se impute um dano ambiental&#8230;<br \/>Gabarito:<\/strong> C <\/p>\n\n\n\n<p><strong>Quest\u00e3o 38: Embora n\u00e3o tenha <em>status <\/em>constitucional&#8230;<\/strong><br \/><strong>Gabarito: <\/strong>E<\/p>\n\n\n\n<p><strong>Quest\u00e3o 39: Pelo principio do poluidor pagador&#8230; <br \/>Gabarito:<\/strong> C <\/p>\n\n\n\n<p><strong>Quest\u00e3o 40: O princ\u00edpio da preven\u00e7\u00e3o \u00e9 adotado pela Pol\u00edtica Nacional do Meio Ambiente&#8230; <br \/>Gabarito:<\/strong> E <\/p>\n\n\n\n<p><strong>Quest\u00e3o 41: Em 2022, determinado programa de controle da polui\u00e7\u00e3o&#8230;<br \/>Gabarito:<\/strong> E <\/p>\n\n\n\n<p><strong>Quest\u00e3o 42: Foi aberta consulta p\u00fablica para decis\u00e3o acerca da aloca\u00e7\u00e3o de recursos&#8230;<br \/>Gabarito:<\/strong> E <\/p>\n\n\n\n<p><strong>Quest\u00e3o 43: Determinado projeto de lei prop\u00f5e que ve\u00edculos el\u00e9tricos&#8230;<br \/>Gabarito:<\/strong> C <\/p>\n\n\n\n<p><strong>Quest\u00e3o 44: O poder p\u00fablico pretende estabelecer a cobran\u00e7a de tarifa de usu\u00e1rios&#8230;<br \/>Gabarito:<\/strong> E <\/p>\n\n\n\n<p><strong>Quest\u00e3o 45: A partir de 2019, passou a ser cobrada uma taxa de entrada&#8230;<br \/>Gabarito:<\/strong> C<\/p>\n\n\n\n<p><strong>Quest\u00e3o 46: Tal conduta do superior hier\u00e1rquico&#8230;<br \/>Gabarito:<\/strong> C<\/p>\n\n\n\n<p><strong>Quest\u00e3o 47: A atua\u00e7\u00e3o do superior hier\u00e1rquico&#8230;<br \/>Gabarito:<\/strong> E<\/p>\n\n\n\n<p><strong>Quest\u00e3o 48: Tal conduta do superior hier\u00e1rquico \u00e9 expressamente vedada&#8230;<\/strong> <br \/><strong>Gabarito: <\/strong>C<\/p>\n\n\n\n<p><strong>Quest\u00e3o 49: Trata-se de conduta expressamente proibida&#8230;<br \/>Gabarito:<\/strong> C<\/p>\n\n\n\n<p><strong>Quest\u00e3o 50: Tal conduta poder\u00e1 acarretar penalidade&#8230;<br \/>Gabarito:<\/strong> E<\/p>\n\n\n\n<p><strong>Quest\u00e3o 51: As atividades utilizadoras de recursos ambientais&#8230;<br \/>Gabarito:<\/strong> E<\/p>\n\n\n\n<p><strong>Quest\u00e3o 52: Nas zonas rurais, exceto em terras devolutas federais&#8230;<br \/>Gabarito:<\/strong> E<\/p>\n\n\n\n<p><strong>Quest\u00e3o 53: Para que projetos sujeitos a licenciamento ambiental&#8230;<br \/>Gabarito:<\/strong> C<\/p>\n\n\n\n<p><strong>Quest\u00e3o 54: \u00c9 de compet\u00eancia do IBAMA o licenciamento de atividades&#8230;<br \/>Gabarito:<\/strong> C <\/p>\n\n\n\n<p><strong>Quest\u00e3o 55: A avalia\u00e7\u00e3o de impacto ambiental \u00e9 o estudo exigido&#8230;<br \/>Gabarito:<\/strong> E<\/p>\n\n\n\n<p><strong>Quest\u00e3o 56: A avalia\u00e7\u00e3o de impactos ambientais \u00e9 instrumento&#8230;<br \/>Gabarito:<\/strong> C<\/p>\n\n\n\n<p><strong>Quest\u00e3o 57: O deferimento do licenciamento ambiental&#8230;<br \/>Gabarito:<\/strong> E<\/p>\n\n\n\n<p><strong>Quest\u00e3o 58: Na elabora\u00e7\u00e3o do EIA&#8230;<br \/>Gabarito:<\/strong> C<\/p>\n\n\n\n<p><strong>Quest\u00e3o 59: A atividade t\u00e9cnica de impactos ambientais&#8230;<br \/>Gabarito:<\/strong> C<\/p>\n\n\n\n<p><strong>Quest\u00e3o 60: A an\u00e1lise do meio socioecon\u00f4mico&#8230; <br \/>Gabarito:<\/strong> E<\/p>\n\n\n\n<p><strong>Quest\u00e3o 61: Para garantir a devida publicidade do procedimento&#8230;<br \/>Gabarito:<\/strong> C<\/p>\n\n\n\n<p><strong>Quest\u00e3o 62: No licenciamento ambiental que envolver&#8230;<br \/>Gabarito:<\/strong> E<\/p>\n\n\n\n<p><strong>Quest\u00e3o 63: No EIA, entre outros conte\u00fados&#8230;<br \/>Gabarito:<\/strong> C <\/p>\n\n\n\n<p><strong>Quest\u00e3o 64: O RIMA n\u00e3o apresenta a melhor alternativa&#8230;<br \/>Gabarito:<\/strong> E<\/p>\n\n\n\n<p><strong>Quest\u00e3o 65: Desde o advento do C\u00f3digo Florestal&#8230;<br \/>Gabarito:<\/strong> E<\/p>\n\n\n\n<p><strong>Quest\u00e3o 66: As \u00e1reas de apicuns caracterizam-se por conter&#8230;<br \/>Gabarito:<\/strong> C<\/p>\n\n\n\n<p><strong>Quest\u00e3o 67: O Zoneamento Ecol\u00f3gico-Econ\u00f4mico da Zona Costeira&#8230; <br \/>Gabarito:<\/strong> E <\/p>\n\n\n\n<p><strong>Quest\u00e3o 68: \u00c9 permitida a regulariza\u00e7\u00e3o de empreendimento de salina&#8230;<br \/>Gabarito:<\/strong> C <\/p>\n\n\n\n<p><strong>Quest\u00e3o 69: As atividades econ\u00f4micas&#8230;<br \/>Gabarito:<\/strong> E<\/p>\n\n\n\n<p><strong>Quest\u00e3o 70: Para fins de atividade de transporte de \u00f3leos e subst\u00e2ncias&#8230;<br \/>Gabarito:<\/strong> E <\/p>\n\n\n\n<p><strong>Quest\u00e3o 71: O IBAMA dever\u00e1 ser comunicado de incidentes envolvendo polui\u00e7\u00e3o&#8230;<br \/>Gabarito:<\/strong> E<\/p>\n\n\n\n<p><strong>Quest\u00e3o 72: As \u00e1guas mar\u00edtimas s\u00e3o aquelas que s\u00e3o submetidas&#8230;<br \/>Gabarito:<\/strong> C<\/p>\n\n\n\n<p><strong>Quest\u00e3o 73: O IBAMA deve divulgar e manter lista atualizada&#8230;<br \/>Gabarito:<\/strong> C<\/p>\n\n\n\n<p><strong>Quest\u00e3o 74: S\u00e3o dispensadas de autoriza\u00e7\u00e3o&#8230;<br \/>Gabarito:<\/strong> E<\/p>\n\n\n\n<p><strong>Quest\u00e3o 75: Consoante a Instru\u00e7\u00e3o Normativa&#8230;<br \/>Gabarito:<\/strong> C <\/p>\n\n\n\n<p><strong>Quest\u00e3o 76: A l\u00f3gica contempor\u00e2nea de mercado imp\u00f5e&#8230; <br \/>Gabarito:<\/strong> C<\/p>\n\n\n\n<p><strong>Quest\u00e3o 77: O planejamento ambiental constitui instrumento&#8230;<br \/>Gabarito:<\/strong> C <\/p>\n\n\n\n<p><strong>Quest\u00e3o 78: A implanta\u00e7\u00e3o, de forma desordenada&#8230; <br \/>Gabarito:<\/strong> C<\/p>\n\n\n\n<p><strong>Quest\u00e3o 79: Os debates ocorridos nos \u00faltimos anos&#8230;<br \/>Gabarito:<\/strong> E<\/p>\n\n\n\n<p><strong>Quest\u00e3o 80: Calungas s\u00e3o os descendentes  de africanos escravizados&#8230;<br \/>Gabarito:<\/strong> C <\/p>\n\n\n\n<p><strong>Quest\u00e3o 81: O atual meio rural brasileiro \u00e9 resultado&#8230;<br \/>Gabarito:<\/strong> E<\/p>\n\n\n\n<p><strong>Quest\u00e3o 82: Os indicadores setoriais de desempenho ambiental&#8230;<br \/>Gabarito:<\/strong> C <\/p>\n\n\n\n<p><strong>Quest\u00e3o 83: O fen\u00f4meno da globaliza\u00e7\u00e3o&#8230;<br \/>Gabarito:<\/strong> E<\/p>\n\n\n\n<p><strong>Quest\u00e3o 84: Ao longo das \u00faltimas d\u00e9cadas, o conceito de sustentabilidade&#8230;<br \/>Gabarito:<\/strong> C <\/p>\n\n\n\n<p><strong>Quest\u00e3o 85: A democracia ecol\u00f3gica est\u00e1 associada&#8230; <br \/>Gabarito:<\/strong> C <\/p>\n\n\n\n<p><strong>Quest\u00e3o 86: Os pre\u00e7os elevados dos biocombust\u00edveis e a demanda crescente&#8230;<br \/>Gabarito:<\/strong> C<\/p>\n\n\n\n<p><strong>Quest\u00e3o 87: De acordo com o Instituto Brasileiro de Geografia e Estat\u00edstica (IBGE)&#8230;<br \/>Gabarito:<\/strong> E<\/p>\n\n\n\n<p><strong>Quest\u00e3o 88: O desenvolvimento econ\u00f4mico e a conserva\u00e7\u00e3o dos recursos&#8230;<br \/>Gabarito:<\/strong> C<\/p>\n\n\n\n<p><strong>Quest\u00e3o 89: Atualmente, o Brasil se encontra em processo de transi\u00e7\u00e3o&#8230;<br \/>Gabarito:<\/strong> E<\/p>\n\n\n\n<p><strong>Quest\u00e3o 90: Se utilizada de forma eficiente&#8230;<\/strong><br \/><strong>Gabarito:<\/strong> E<\/p>\n\n\n\n<p><strong>Quest\u00e3o 91: A fim de engajar as partes interessadas na implanta\u00e7\u00e3o&#8230;<br \/>Gabarito:<\/strong> E<\/p>\n\n\n\n<p><strong>Quest\u00e3o 92: A an\u00e1lise de compara\u00e7\u00e3o dos impactos sociais&#8230;<br \/>Gabarito:<\/strong> C <\/p>\n\n\n\n<p><strong>Quest\u00e3o 93: Um dos impactos ocasionados pela implanta\u00e7\u00e3o de grandes usinas&#8230;<br \/>Gabarito:<\/strong> C<\/p>\n\n\n\n<p><strong>Quest\u00e3o 94: Utilizado na avalia\u00e7\u00e3o de impactos sociais&#8230;<br \/>Gabarito:<\/strong> C <\/p>\n\n\n\n<p><strong>Quest\u00e3o 95: No c\u00e1lculo dos impactos sociais&#8230;<br \/>Gabarito:<\/strong> E <\/p>\n\n\n\n<p><strong>Quest\u00e3o 96: Entre os sat\u00e9lites mencionados&#8230;<br \/>Gabarito:<\/strong> E <\/p>\n\n\n\n<p><strong>Quest\u00e3o 97: Entre os sat\u00e9lites mencionados, o PlanetScope&#8230;<\/strong> <br \/>Gabarito: C<\/p>\n\n\n\n<p><strong>Quest\u00e3o 98: Atualmente, o sistema de proje\u00e7\u00e3o cartogr\u00e1fica&#8230; <br \/>Gabarito:<\/strong> E<\/p>\n\n\n\n<p><strong>Quest\u00e3o 99: Uma \u00e1rea desmatada de 500 hectares&#8230;<br \/>Gabarito:<\/strong> E<\/p>\n\n\n\n<p><strong>Quest\u00e3o 100: Em anos de forte atua\u00e7\u00e3o do fen\u00f4meno La Ni\u00f1a&#8230;<br \/>Gabarito:<\/strong> C<\/p>\n\n\n\n<p><strong>Quest\u00e3o 101: Os gnaisses e os dolomitos encontrados&#8230;<br \/>Gabarito:<\/strong> E<\/p>\n\n\n\n<p><strong>Quest\u00e3o 102: Nenhum estado da Federa\u00e7\u00e3o abrange&#8230;<br \/>Gabarito:<\/strong> E <\/p>\n\n\n\n<p><strong>Quest\u00e3o 103: O bioma pantanal, que ocupa parte dos estados do Mato Grosso e do Mato Grosso do Sul&#8230;<br \/>Gabarito:<\/strong> C<\/p>\n\n\n\n<p><strong>Quest\u00e3o 104: Os latossolos caracterizam-se&#8230; <br \/>Gabarito:<\/strong> E<\/p>\n\n\n\n<p><strong>Quest\u00e3o 105: Os gleissolos s\u00e3o solos minerais formados&#8230;<br \/>Gabarito:<\/strong> C <\/p>\n\n\n\n<p><strong>Quest\u00e3o 106: O termo pr\u00e9-sal est\u00e1 relacionado com&#8230;<br \/>Gabarito:<\/strong> E<\/p>\n\n\n\n<p><strong>Quest\u00e3o 107: A faixa litor\u00e2nea por onde se estende&#8230;<br \/>Gabarito:<\/strong> E <\/p>\n\n\n\n<p><strong>Quest\u00e3o 108: A forma\u00e7\u00e3o dos principais dep\u00f3sitos&#8230;<br \/>Gabarito:<\/strong> E<\/p>\n\n\n\n<p><strong>Quest\u00e3o 109: A impermeabiliza\u00e7\u00e3o do solo&#8230;<br \/>Gabarito:<\/strong> C<\/p>\n\n\n\n<p><strong>Quest\u00e3o 110: A queima de biog\u00e1s est\u00e1 relacionada com&#8230;<br \/>Gabarito:<\/strong> C<\/p>\n\n\n\n<p><strong>Quest\u00e3o 111: O ferro presente em altas concentra\u00e7\u00f5es nos rios&#8230;<br \/>Gabarito:<\/strong> C <\/p>\n\n\n\n<p><strong>Quest\u00e3o 112: A contamina\u00e7\u00e3o de solos e da \u00e1gua&#8230;<br \/>Gabarito:<\/strong> E<\/p>\n\n\n\n<p><strong>Quest\u00e3o 113:  A contamina\u00e7\u00e3o de solos e da \u00e1gua decorrente&#8230;<\/strong> <br \/>Gabarito: C <\/p>\n\n\n\n<p><strong>Quest\u00e3o 114: O merc\u00fario presente em altas concentra\u00e7\u00f5es&#8230;<br \/>Gabarito:<\/strong> C <\/p>\n\n\n\n<p><strong>Quest\u00e3o 115: O par\u00e2metro A corresponde&#8230;<br \/>Gabarito:<\/strong> C<\/p>\n\n\n\n<p><strong>Quest\u00e3o 116: O modal II corresponde ao transporte&#8230;<br \/>Gabarito:<\/strong> C<\/p>\n\n\n\n<p><strong>Quest\u00e3o 117: As produ\u00e7\u00f5es de mat\u00e9rias org\u00e2nicas de todas as cinco medidas&#8230;<br \/>Gabarito:<\/strong> E <\/p>\n\n\n\n<p><strong>Quest\u00e3o 118: A medida biol\u00f3gica I foi a que apresentou&#8230;<br \/>Gabarito:<\/strong> E <\/p>\n\n\n\n<p><strong>Quest\u00e3o 119: Durante o intervalo de medi\u00e7\u00e3o&#8230;<br \/>Gabarito:<\/strong> C<\/p>\n\n\n\n<p><strong>Quest\u00e3o 120: A \u00e1gua desse esgoto pode ser considerada limpa&#8230;<br \/>Gabarito:<\/strong> E<\/p>\n\n\n\n<div class=\"wp-block-image\"><figure class=\"aligncenter size-large is-resized\"><img loading=\"lazy\" decoding=\"async\" src=\"https:\/\/dhg1h5j42swfq.cloudfront.net\/2020\/09\/18141901\/Coruja_Concursos%404x-506x1024.png\" alt=\"Gabarito Extraoficial IBAMA \u2013 Analista Ambiental - Tema 2:\" class=\"wp-image-574355\" width=\"37\" height=\"75\" srcset=\"https:\/\/dhg1h5j42swfq.cloudfront.net\/2020\/09\/18141901\/Coruja_Concursos%404x-506x1024.png 506w, https:\/\/dhg1h5j42swfq.cloudfront.net\/2020\/09\/18141901\/Coruja_Concursos%404x-148x300.png 148w, https:\/\/dhg1h5j42swfq.cloudfront.net\/2020\/09\/18141901\/Coruja_Concursos%404x-610x1236.png 610w, https:\/\/dhg1h5j42swfq.cloudfront.net\/2020\/09\/18141901\/Coruja_Concursos%404x.png 745w\" sizes=\"auto, (max-width: 37px) 100vw, 37px\" \/><\/figure><\/div>\n\n\n\n<p class=\"has-text-align-center has-background has-medium-font-size\" style=\"background-color:#c9d6e0\"><strong>Mais informa\u00e7\u00f5es: <a href=\"https:\/\/www.estrategiaconcursos.com.br\/blog\/concurso-ibama\/\" target=\"_blank\" rel=\"noreferrer noopener\">Concurso IBAMA<\/a><\/strong><\/p>\n\n\n\n<div class=\"container\" id=\"boxes\">\n  <div class=\"row\">\n\n    <div class=\"col-sm\">\n      <div class=\"banner-estrategia\" id=\"box-assinatura\">\n        <h3 class=\"titulo-assinatura\">Cursos para IBAMA<\/h3>\n        <p class=\"subtitulo-assinatura\">Estude conosco<\/p>\n        <div class=\"box-botao\">\n          <a class=\"btn-assinatura\" target=\"_blank\" href=\"https:\/\/www.estrategiaconcursos.com.br\/cursosPorConcurso\/ibama-analista-61\/\" role=\"button\" rel=\"noopener noreferrer\">Conhe\u00e7a os cursos<\/a>\n        <\/div>\n      <\/div>\n     \n    <\/div>\n\n  <\/div>\n<\/div>\n\n\n\n<div class=\"container\" id=\"boxes\">\n  <div class=\"row\">\n\n    <div class=\"col-sm\">\n      <div class=\"estrategia\" id=\"box-assinatura\">\n        <h3 class=\"titulo-assinatura\">Assinatura Concursos<\/h3>\n        <p class=\"subtitulo-assinatura\">Assinatura de 1 ano ou 2 anos<\/p>\n        <div class=\"box-botao\">\n          <a class=\"btn-assinatura\" target=\"_blank\" href=\"https:\/\/www.estrategiaconcursos.com.br\/assinaturas\/\" role=\"button\" rel=\"noopener noreferrer\">ASSINE AGORA<\/a>\n        <\/div>\n      <\/div><\/div><\/div><\/div>\n\n\n\n<h2 class=\"has-text-align-center wp-block-heading\">Quer saber tudo sobre concursos previstos?<br \/>Confira nossos artigos!<\/h2>\n\n\n\n<ul class=\"wp-block-list\"><li><a target=\"_blank\" href=\"https:\/\/www.estrategiaconcursos.com.br\/blog\/concursos-abertos\/\" rel=\"noreferrer noopener\">Concursos abertos<\/a><\/li><li><a target=\"_blank\" href=\"https:\/\/www.estrategiaconcursos.com.br\/blog\/concursos-2022\/\" rel=\"noreferrer noopener\">Concursos 2022<\/a><\/li><\/ul>\n","protected":false},"excerpt":{"rendered":"<p>Foram realizadas neste domingo, 30 de janeiro, as Provas Objetiva e Discursiva do concurso IBAMA, para os cargos de T\u00e9cnico Ambiental, Analista Administrativo e Analista Ambiental. Desta forma, a previs\u00e3o de divulga\u00e7\u00e3o do gabarito preliminar \u00e9 para ter\u00e7a-feira, 1\u00ba de fevereiro, a partir das 19h no site do Cebraspe. Sabemos que a ansiedade para conhecer [&hellip;]<\/p>\n","protected":false},"author":2018,"featured_media":958241,"comment_status":"open","ping_status":"closed","sticky":false,"template":"","format":"standard","meta":{"post_tipo":"news","footnotes":""},"categories":[214992,220219],"tags":[],"tax_estado":[219963],"class_list":["post-957102","post","type-post","status-publish","format-standard","has-post-thumbnail","hentry","category-concursos-administrativos","category-noticias","tax_estado-concursos-federais"],"acf":[],"yoast_head":"<!-- This site is optimized with the Yoast SEO Premium plugin v27.2 (Yoast SEO v27.2) - https:\/\/yoast.com\/product\/yoast-seo-premium-wordpress\/ -->\n<title>Gabarito Extraoficial IBAMA: Analista Ambiental \u2013 Tema 1<\/title>\n<meta name=\"description\" content=\"Foram aplicadas as Provas Objetiva e Discursiva do concurso IBAMA. Confira o Gabarito Extraoficial para Analista Ambiental - Tema 1!\" \/>\n<meta name=\"robots\" content=\"index, follow, max-snippet:-1, max-image-preview:large, max-video-preview:-1\" \/>\n<link rel=\"canonical\" href=\"https:\/\/www.estrategiaconcursos.com.br\/blog\/gabarito-extraoficial-ibama-analista-ambiental-tema-1\/\" \/>\n<meta property=\"og:locale\" content=\"pt_BR\" \/>\n<meta property=\"og:type\" content=\"article\" \/>\n<meta property=\"og:title\" content=\"Gabarito Extraoficial IBAMA: Analista Ambiental \u2013 Tema 1\" \/>\n<meta property=\"og:description\" content=\"Foram aplicadas as Provas Objetiva e Discursiva do concurso IBAMA. Confira o Gabarito Extraoficial para Analista Ambiental - Tema 1!\" \/>\n<meta property=\"og:url\" content=\"https:\/\/www.estrategiaconcursos.com.br\/blog\/gabarito-extraoficial-ibama-analista-ambiental-tema-1\/\" \/>\n<meta property=\"og:site_name\" content=\"Estrat\u00e9gia Concursos\" \/>\n<meta property=\"article:published_time\" content=\"2022-01-31T12:00:00+00:00\" \/>\n<meta property=\"article:modified_time\" content=\"2022-02-01T14:04:10+00:00\" \/>\n<meta property=\"og:image\" content=\"https:\/\/dhg1h5j42swfq.cloudfront.net\/2022\/01\/31103647\/maxresdefault.jpg\" \/>\n\t<meta property=\"og:image:width\" content=\"1280\" \/>\n\t<meta property=\"og:image:height\" content=\"720\" \/>\n\t<meta property=\"og:image:type\" content=\"image\/jpeg\" \/>\n<meta name=\"author\" content=\"B\u00e1rbara Carvalho Santos\" \/>\n<meta name=\"twitter:card\" content=\"summary_large_image\" \/>\n<meta name=\"twitter:creator\" content=\"@EstratConcursos\" \/>\n<meta name=\"twitter:site\" content=\"@EstratConcursos\" \/>\n<meta name=\"twitter:label1\" content=\"Escrito por\" \/>\n\t<meta name=\"twitter:data1\" content=\"B\u00e1rbara Carvalho Santos\" \/>\n\t<meta name=\"twitter:label2\" content=\"Est. tempo de leitura\" \/>\n\t<meta name=\"twitter:data2\" content=\"9 minutos\" \/>\n<script type=\"application\/ld+json\" class=\"yoast-schema-graph\">{\"@context\":\"https:\/\/schema.org\",\"@graph\":[{\"@type\":\"NewsArticle\",\"@id\":\"https:\/\/www.estrategiaconcursos.com.br\/blog\/gabarito-extraoficial-ibama-analista-ambiental-tema-1\/#article\",\"isPartOf\":{\"@id\":\"https:\/\/www.estrategiaconcursos.com.br\/blog\/gabarito-extraoficial-ibama-analista-ambiental-tema-1\/\"},\"author\":{\"name\":\"B\u00e1rbara Carvalho Santos\",\"@id\":\"https:\/\/www.estrategiaconcursos.com.br\/blog\/#\/schema\/person\/e3882259fa157d54c44c21f4ee4e0e60\"},\"headline\":\"Gabarito Extraoficial IBAMA: Analista Ambiental \u2013 Tema 1\",\"datePublished\":\"2022-01-31T12:00:00+00:00\",\"dateModified\":\"2022-02-01T14:04:10+00:00\",\"mainEntityOfPage\":{\"@id\":\"https:\/\/www.estrategiaconcursos.com.br\/blog\/gabarito-extraoficial-ibama-analista-ambiental-tema-1\/\"},\"wordCount\":1688,\"commentCount\":0,\"publisher\":{\"@id\":\"https:\/\/www.estrategiaconcursos.com.br\/blog\/#organization\"},\"image\":{\"@id\":\"https:\/\/www.estrategiaconcursos.com.br\/blog\/gabarito-extraoficial-ibama-analista-ambiental-tema-1\/#primaryimage\"},\"thumbnailUrl\":\"https:\/\/dhg1h5j42swfq.cloudfront.net\/2022\/01\/31103647\/maxresdefault.jpg\",\"articleSection\":[\"Executivo (Administrativa)\",\"\u00daltimas not\u00edcias\"],\"inLanguage\":\"pt-BR\",\"potentialAction\":[{\"@type\":\"CommentAction\",\"name\":\"Comment\",\"target\":[\"https:\/\/www.estrategiaconcursos.com.br\/blog\/gabarito-extraoficial-ibama-analista-ambiental-tema-1\/#respond\"]}],\"copyrightYear\":\"2022\",\"copyrightHolder\":{\"@id\":\"https:\/\/www.estrategiaconcursos.com.br\/blog\/#organization\"}},{\"@type\":\"WebPage\",\"@id\":\"https:\/\/www.estrategiaconcursos.com.br\/blog\/gabarito-extraoficial-ibama-analista-ambiental-tema-1\/\",\"url\":\"https:\/\/www.estrategiaconcursos.com.br\/blog\/gabarito-extraoficial-ibama-analista-ambiental-tema-1\/\",\"name\":\"Gabarito Extraoficial IBAMA: Analista Ambiental \u2013 Tema 1\",\"isPartOf\":{\"@id\":\"https:\/\/www.estrategiaconcursos.com.br\/blog\/#website\"},\"primaryImageOfPage\":{\"@id\":\"https:\/\/www.estrategiaconcursos.com.br\/blog\/gabarito-extraoficial-ibama-analista-ambiental-tema-1\/#primaryimage\"},\"image\":{\"@id\":\"https:\/\/www.estrategiaconcursos.com.br\/blog\/gabarito-extraoficial-ibama-analista-ambiental-tema-1\/#primaryimage\"},\"thumbnailUrl\":\"https:\/\/dhg1h5j42swfq.cloudfront.net\/2022\/01\/31103647\/maxresdefault.jpg\",\"datePublished\":\"2022-01-31T12:00:00+00:00\",\"dateModified\":\"2022-02-01T14:04:10+00:00\",\"description\":\"Foram aplicadas as Provas Objetiva e Discursiva do concurso IBAMA. Confira o Gabarito Extraoficial para Analista Ambiental - Tema 1!\",\"breadcrumb\":{\"@id\":\"https:\/\/www.estrategiaconcursos.com.br\/blog\/gabarito-extraoficial-ibama-analista-ambiental-tema-1\/#breadcrumb\"},\"inLanguage\":\"pt-BR\",\"potentialAction\":[{\"@type\":\"ReadAction\",\"target\":[\"https:\/\/www.estrategiaconcursos.com.br\/blog\/gabarito-extraoficial-ibama-analista-ambiental-tema-1\/\"]}]},{\"@type\":\"ImageObject\",\"inLanguage\":\"pt-BR\",\"@id\":\"https:\/\/www.estrategiaconcursos.com.br\/blog\/gabarito-extraoficial-ibama-analista-ambiental-tema-1\/#primaryimage\",\"url\":\"https:\/\/dhg1h5j42swfq.cloudfront.net\/2022\/01\/31103647\/maxresdefault.jpg\",\"contentUrl\":\"https:\/\/dhg1h5j42swfq.cloudfront.net\/2022\/01\/31103647\/maxresdefault.jpg\",\"width\":1280,\"height\":720},{\"@type\":\"BreadcrumbList\",\"@id\":\"https:\/\/www.estrategiaconcursos.com.br\/blog\/gabarito-extraoficial-ibama-analista-ambiental-tema-1\/#breadcrumb\",\"itemListElement\":[{\"@type\":\"ListItem\",\"position\":1,\"name\":\"In\u00edcio\",\"item\":\"https:\/\/www.estrategiaconcursos.com.br\/blog\/\"},{\"@type\":\"ListItem\",\"position\":2,\"name\":\"Gabarito Extraoficial IBAMA: Analista Ambiental \u2013 Tema 1\"}]},{\"@type\":\"WebSite\",\"@id\":\"https:\/\/www.estrategiaconcursos.com.br\/blog\/#website\",\"url\":\"https:\/\/www.estrategiaconcursos.com.br\/blog\/\",\"name\":\"Estrat\u00e9gia Concursos\",\"description\":\"O blog da Estrat\u00e9gia Concursos traz not\u00edcias sobre concursos e artigos de professores oferecendo cursos para concursos (pdf + videaulas) no site.\",\"publisher\":{\"@id\":\"https:\/\/www.estrategiaconcursos.com.br\/blog\/#organization\"},\"potentialAction\":[{\"@type\":\"SearchAction\",\"target\":{\"@type\":\"EntryPoint\",\"urlTemplate\":\"https:\/\/www.estrategiaconcursos.com.br\/blog\/?s={search_term_string}\"},\"query-input\":{\"@type\":\"PropertyValueSpecification\",\"valueRequired\":true,\"valueName\":\"search_term_string\"}}],\"inLanguage\":\"pt-BR\"},{\"@type\":\"Organization\",\"@id\":\"https:\/\/www.estrategiaconcursos.com.br\/blog\/#organization\",\"name\":\"Estrat\u00e9gia Concursos\",\"url\":\"https:\/\/www.estrategiaconcursos.com.br\/blog\/\",\"logo\":{\"@type\":\"ImageObject\",\"inLanguage\":\"pt-BR\",\"@id\":\"https:\/\/www.estrategiaconcursos.com.br\/blog\/#\/schema\/logo\/image\/\",\"url\":\"https:\/\/dhg1h5j42swfq.cloudfront.net\/2025\/06\/03203428\/logo_concursos-1.jpg\",\"contentUrl\":\"https:\/\/dhg1h5j42swfq.cloudfront.net\/2025\/06\/03203428\/logo_concursos-1.jpg\",\"width\":230,\"height\":60,\"caption\":\"Estrat\u00e9gia Concursos\"},\"image\":{\"@id\":\"https:\/\/www.estrategiaconcursos.com.br\/blog\/#\/schema\/logo\/image\/\"},\"sameAs\":[\"https:\/\/x.com\/EstratConcursos\"]},{\"@type\":\"Person\",\"@id\":\"https:\/\/www.estrategiaconcursos.com.br\/blog\/#\/schema\/person\/e3882259fa157d54c44c21f4ee4e0e60\",\"name\":\"B\u00e1rbara Carvalho Santos\",\"image\":{\"@type\":\"ImageObject\",\"inLanguage\":\"pt-BR\",\"@id\":\"https:\/\/secure.gravatar.com\/avatar\/353300f73140f779692b9be2b39f434d1341e4e34c7f55bd5a990fe29ef352eb?s=96&d=mm&r=g\",\"url\":\"https:\/\/secure.gravatar.com\/avatar\/353300f73140f779692b9be2b39f434d1341e4e34c7f55bd5a990fe29ef352eb?s=96&d=mm&r=g\",\"contentUrl\":\"https:\/\/secure.gravatar.com\/avatar\/353300f73140f779692b9be2b39f434d1341e4e34c7f55bd5a990fe29ef352eb?s=96&d=mm&r=g\",\"caption\":\"B\u00e1rbara Carvalho Santos\"},\"description\":\"M\u00e3e e jornalista formada pela UNIP, possui ampla experi\u00eancia na cobertura de entretenimento em grandes ve\u00edculos, como o site da CNN, RedeTV! e Estrat\u00e9gia Educacional. Atuou tamb\u00e9m em ag\u00eancias de marketing, produtoras musicais e assessorias de imprensa, com foco especial no trabalho com personalidades p\u00fablicas. Atualmente, integra a equipe do Estrat\u00e9gia Concursos, onde \u00e9 respons\u00e1vel pela produ\u00e7\u00e3o de conte\u00fados estrat\u00e9gicos voltados para o setor de concursos p\u00fablicos, com destaque para a \u00e1rea fiscal, gest\u00e3o, controle, concursos administrativos e Minist\u00e9rios participantes do CNU, al\u00e9m de diversos \u00f3rg\u00e3os federais. Tem como miss\u00e3o transformar informa\u00e7\u00f5es complexas em conte\u00fados acess\u00edveis, relevantes e de alto valor para quem sonha com uma carreira no servi\u00e7o p\u00fablico.\",\"url\":\"https:\/\/www.estrategiaconcursos.com.br\/blog\/author\/barbara-santos\/\"}]}<\/script>\n<!-- \/ Yoast SEO Premium plugin. -->","yoast_head_json":{"title":"Gabarito Extraoficial IBAMA: Analista Ambiental \u2013 Tema 1","description":"Foram aplicadas as Provas Objetiva e Discursiva do concurso IBAMA. Confira o Gabarito Extraoficial para Analista Ambiental - Tema 1!","robots":{"index":"index","follow":"follow","max-snippet":"max-snippet:-1","max-image-preview":"max-image-preview:large","max-video-preview":"max-video-preview:-1"},"canonical":"https:\/\/www.estrategiaconcursos.com.br\/blog\/gabarito-extraoficial-ibama-analista-ambiental-tema-1\/","og_locale":"pt_BR","og_type":"article","og_title":"Gabarito Extraoficial IBAMA: Analista Ambiental \u2013 Tema 1","og_description":"Foram aplicadas as Provas Objetiva e Discursiva do concurso IBAMA. Confira o Gabarito Extraoficial para Analista Ambiental - Tema 1!","og_url":"https:\/\/www.estrategiaconcursos.com.br\/blog\/gabarito-extraoficial-ibama-analista-ambiental-tema-1\/","og_site_name":"Estrat\u00e9gia Concursos","article_published_time":"2022-01-31T12:00:00+00:00","article_modified_time":"2022-02-01T14:04:10+00:00","og_image":[{"width":1280,"height":720,"url":"https:\/\/dhg1h5j42swfq.cloudfront.net\/2022\/01\/31103647\/maxresdefault.jpg","type":"image\/jpeg"}],"author":"B\u00e1rbara Carvalho Santos","twitter_card":"summary_large_image","twitter_creator":"@EstratConcursos","twitter_site":"@EstratConcursos","twitter_misc":{"Escrito por":"B\u00e1rbara Carvalho Santos","Est. tempo de leitura":"9 minutos"},"schema":{"@context":"https:\/\/schema.org","@graph":[{"@type":"NewsArticle","@id":"https:\/\/www.estrategiaconcursos.com.br\/blog\/gabarito-extraoficial-ibama-analista-ambiental-tema-1\/#article","isPartOf":{"@id":"https:\/\/www.estrategiaconcursos.com.br\/blog\/gabarito-extraoficial-ibama-analista-ambiental-tema-1\/"},"author":{"name":"B\u00e1rbara Carvalho Santos","@id":"https:\/\/www.estrategiaconcursos.com.br\/blog\/#\/schema\/person\/e3882259fa157d54c44c21f4ee4e0e60"},"headline":"Gabarito Extraoficial IBAMA: Analista Ambiental \u2013 Tema 1","datePublished":"2022-01-31T12:00:00+00:00","dateModified":"2022-02-01T14:04:10+00:00","mainEntityOfPage":{"@id":"https:\/\/www.estrategiaconcursos.com.br\/blog\/gabarito-extraoficial-ibama-analista-ambiental-tema-1\/"},"wordCount":1688,"commentCount":0,"publisher":{"@id":"https:\/\/www.estrategiaconcursos.com.br\/blog\/#organization"},"image":{"@id":"https:\/\/www.estrategiaconcursos.com.br\/blog\/gabarito-extraoficial-ibama-analista-ambiental-tema-1\/#primaryimage"},"thumbnailUrl":"https:\/\/dhg1h5j42swfq.cloudfront.net\/2022\/01\/31103647\/maxresdefault.jpg","articleSection":["Executivo (Administrativa)","\u00daltimas not\u00edcias"],"inLanguage":"pt-BR","potentialAction":[{"@type":"CommentAction","name":"Comment","target":["https:\/\/www.estrategiaconcursos.com.br\/blog\/gabarito-extraoficial-ibama-analista-ambiental-tema-1\/#respond"]}],"copyrightYear":"2022","copyrightHolder":{"@id":"https:\/\/www.estrategiaconcursos.com.br\/blog\/#organization"}},{"@type":"WebPage","@id":"https:\/\/www.estrategiaconcursos.com.br\/blog\/gabarito-extraoficial-ibama-analista-ambiental-tema-1\/","url":"https:\/\/www.estrategiaconcursos.com.br\/blog\/gabarito-extraoficial-ibama-analista-ambiental-tema-1\/","name":"Gabarito Extraoficial IBAMA: Analista Ambiental \u2013 Tema 1","isPartOf":{"@id":"https:\/\/www.estrategiaconcursos.com.br\/blog\/#website"},"primaryImageOfPage":{"@id":"https:\/\/www.estrategiaconcursos.com.br\/blog\/gabarito-extraoficial-ibama-analista-ambiental-tema-1\/#primaryimage"},"image":{"@id":"https:\/\/www.estrategiaconcursos.com.br\/blog\/gabarito-extraoficial-ibama-analista-ambiental-tema-1\/#primaryimage"},"thumbnailUrl":"https:\/\/dhg1h5j42swfq.cloudfront.net\/2022\/01\/31103647\/maxresdefault.jpg","datePublished":"2022-01-31T12:00:00+00:00","dateModified":"2022-02-01T14:04:10+00:00","description":"Foram aplicadas as Provas Objetiva e Discursiva do concurso IBAMA. Confira o Gabarito Extraoficial para Analista Ambiental - Tema 1!","breadcrumb":{"@id":"https:\/\/www.estrategiaconcursos.com.br\/blog\/gabarito-extraoficial-ibama-analista-ambiental-tema-1\/#breadcrumb"},"inLanguage":"pt-BR","potentialAction":[{"@type":"ReadAction","target":["https:\/\/www.estrategiaconcursos.com.br\/blog\/gabarito-extraoficial-ibama-analista-ambiental-tema-1\/"]}]},{"@type":"ImageObject","inLanguage":"pt-BR","@id":"https:\/\/www.estrategiaconcursos.com.br\/blog\/gabarito-extraoficial-ibama-analista-ambiental-tema-1\/#primaryimage","url":"https:\/\/dhg1h5j42swfq.cloudfront.net\/2022\/01\/31103647\/maxresdefault.jpg","contentUrl":"https:\/\/dhg1h5j42swfq.cloudfront.net\/2022\/01\/31103647\/maxresdefault.jpg","width":1280,"height":720},{"@type":"BreadcrumbList","@id":"https:\/\/www.estrategiaconcursos.com.br\/blog\/gabarito-extraoficial-ibama-analista-ambiental-tema-1\/#breadcrumb","itemListElement":[{"@type":"ListItem","position":1,"name":"In\u00edcio","item":"https:\/\/www.estrategiaconcursos.com.br\/blog\/"},{"@type":"ListItem","position":2,"name":"Gabarito Extraoficial IBAMA: Analista Ambiental \u2013 Tema 1"}]},{"@type":"WebSite","@id":"https:\/\/www.estrategiaconcursos.com.br\/blog\/#website","url":"https:\/\/www.estrategiaconcursos.com.br\/blog\/","name":"Estrat\u00e9gia Concursos","description":"O blog da Estrat\u00e9gia Concursos traz not\u00edcias sobre concursos e artigos de professores oferecendo cursos para concursos (pdf + videaulas) no site.","publisher":{"@id":"https:\/\/www.estrategiaconcursos.com.br\/blog\/#organization"},"potentialAction":[{"@type":"SearchAction","target":{"@type":"EntryPoint","urlTemplate":"https:\/\/www.estrategiaconcursos.com.br\/blog\/?s={search_term_string}"},"query-input":{"@type":"PropertyValueSpecification","valueRequired":true,"valueName":"search_term_string"}}],"inLanguage":"pt-BR"},{"@type":"Organization","@id":"https:\/\/www.estrategiaconcursos.com.br\/blog\/#organization","name":"Estrat\u00e9gia Concursos","url":"https:\/\/www.estrategiaconcursos.com.br\/blog\/","logo":{"@type":"ImageObject","inLanguage":"pt-BR","@id":"https:\/\/www.estrategiaconcursos.com.br\/blog\/#\/schema\/logo\/image\/","url":"https:\/\/dhg1h5j42swfq.cloudfront.net\/2025\/06\/03203428\/logo_concursos-1.jpg","contentUrl":"https:\/\/dhg1h5j42swfq.cloudfront.net\/2025\/06\/03203428\/logo_concursos-1.jpg","width":230,"height":60,"caption":"Estrat\u00e9gia Concursos"},"image":{"@id":"https:\/\/www.estrategiaconcursos.com.br\/blog\/#\/schema\/logo\/image\/"},"sameAs":["https:\/\/x.com\/EstratConcursos"]},{"@type":"Person","@id":"https:\/\/www.estrategiaconcursos.com.br\/blog\/#\/schema\/person\/e3882259fa157d54c44c21f4ee4e0e60","name":"B\u00e1rbara Carvalho Santos","image":{"@type":"ImageObject","inLanguage":"pt-BR","@id":"https:\/\/secure.gravatar.com\/avatar\/353300f73140f779692b9be2b39f434d1341e4e34c7f55bd5a990fe29ef352eb?s=96&d=mm&r=g","url":"https:\/\/secure.gravatar.com\/avatar\/353300f73140f779692b9be2b39f434d1341e4e34c7f55bd5a990fe29ef352eb?s=96&d=mm&r=g","contentUrl":"https:\/\/secure.gravatar.com\/avatar\/353300f73140f779692b9be2b39f434d1341e4e34c7f55bd5a990fe29ef352eb?s=96&d=mm&r=g","caption":"B\u00e1rbara Carvalho Santos"},"description":"M\u00e3e e jornalista formada pela UNIP, possui ampla experi\u00eancia na cobertura de entretenimento em grandes ve\u00edculos, como o site da CNN, RedeTV! e Estrat\u00e9gia Educacional. Atuou tamb\u00e9m em ag\u00eancias de marketing, produtoras musicais e assessorias de imprensa, com foco especial no trabalho com personalidades p\u00fablicas. Atualmente, integra a equipe do Estrat\u00e9gia Concursos, onde \u00e9 respons\u00e1vel pela produ\u00e7\u00e3o de conte\u00fados estrat\u00e9gicos voltados para o setor de concursos p\u00fablicos, com destaque para a \u00e1rea fiscal, gest\u00e3o, controle, concursos administrativos e Minist\u00e9rios participantes do CNU, al\u00e9m de diversos \u00f3rg\u00e3os federais. Tem como miss\u00e3o transformar informa\u00e7\u00f5es complexas em conte\u00fados acess\u00edveis, relevantes e de alto valor para quem sonha com uma carreira no servi\u00e7o p\u00fablico.","url":"https:\/\/www.estrategiaconcursos.com.br\/blog\/author\/barbara-santos\/"}]}},"_links":{"self":[{"href":"https:\/\/www.estrategiaconcursos.com.br\/blog\/wp-json\/wp\/v2\/posts\/957102","targetHints":{"allow":["GET"]}}],"collection":[{"href":"https:\/\/www.estrategiaconcursos.com.br\/blog\/wp-json\/wp\/v2\/posts"}],"about":[{"href":"https:\/\/www.estrategiaconcursos.com.br\/blog\/wp-json\/wp\/v2\/types\/post"}],"author":[{"embeddable":true,"href":"https:\/\/www.estrategiaconcursos.com.br\/blog\/wp-json\/wp\/v2\/users\/2018"}],"replies":[{"embeddable":true,"href":"https:\/\/www.estrategiaconcursos.com.br\/blog\/wp-json\/wp\/v2\/comments?post=957102"}],"version-history":[{"count":41,"href":"https:\/\/www.estrategiaconcursos.com.br\/blog\/wp-json\/wp\/v2\/posts\/957102\/revisions"}],"predecessor-version":[{"id":959262,"href":"https:\/\/www.estrategiaconcursos.com.br\/blog\/wp-json\/wp\/v2\/posts\/957102\/revisions\/959262"}],"wp:featuredmedia":[{"embeddable":true,"href":"https:\/\/www.estrategiaconcursos.com.br\/blog\/wp-json\/wp\/v2\/media\/958241"}],"wp:attachment":[{"href":"https:\/\/www.estrategiaconcursos.com.br\/blog\/wp-json\/wp\/v2\/media?parent=957102"}],"wp:term":[{"taxonomy":"category","embeddable":true,"href":"https:\/\/www.estrategiaconcursos.com.br\/blog\/wp-json\/wp\/v2\/categories?post=957102"},{"taxonomy":"post_tag","embeddable":true,"href":"https:\/\/www.estrategiaconcursos.com.br\/blog\/wp-json\/wp\/v2\/tags?post=957102"},{"taxonomy":"tax_estado","embeddable":true,"href":"https:\/\/www.estrategiaconcursos.com.br\/blog\/wp-json\/wp\/v2\/tax_estado?post=957102"}],"curies":[{"name":"wp","href":"https:\/\/api.w.org\/{rel}","templated":true}]}}