{"id":957083,"date":"2022-01-30T19:52:29","date_gmt":"2022-01-30T22:52:29","guid":{"rendered":"https:\/\/www.estrategiaconcursos.com.br\/blog\/?p=957083"},"modified":"2023-02-01T13:27:57","modified_gmt":"2023-02-01T16:27:57","slug":"gabarito-extraoficial-ibama-tecnico-ambiental","status":"publish","type":"post","link":"https:\/\/www.estrategiaconcursos.com.br\/blog\/gabarito-extraoficial-ibama-tecnico-ambiental\/","title":{"rendered":"Gabarito Extraoficial IBAMA: T\u00e9cnico Ambiental"},"content":{"rendered":"\n<p>Foram realizadas neste domingo, 30 de janeiro, <strong>as Provas Objetiva e Discursiva do concurso IBAMA<\/strong>, para os cargos de <strong>T\u00e9cnico Ambiental, Analista Administrativo e Analista Ambiental<\/strong>.<\/p>\n\n\n\n<p>Desta forma, a previs\u00e3o de divulga\u00e7\u00e3o do gabarito preliminar \u00e9 para ter\u00e7a-feira, 1\u00ba de fevereiro, a partir das 19h no site do <a href=\"https:\/\/www.cebraspe.org.br\/concursos\/ibama_21\" target=\"_blank\" rel=\"noreferrer noopener\">Cebraspe<\/a>.<\/p>\n\n\n\n<p>Sabemos que a ansiedade para conhecer seus acertos e erros \u00e9 grande. Por isso, iremos realizar a corre\u00e7\u00e3o ao vivo e o gabarito extraoficial para o cargo de <strong>T\u00e9cnico Ambiental!<\/strong><\/p>\n\n\n\n<p class=\"has-text-align-center has-luminous-vivid-amber-color has-black-background-color has-text-color has-background\" style=\"font-size:clamp(16.293px, 1.018rem + ((1vw - 3.2px) * 0.854), 25px);\"><strong> Corre\u00e7\u00e3o concurso IBAMA, AO VIVO<\/strong>, a partir das 19h!<\/p>\n\n\n\n<figure class=\"wp-block-table is-style-stripes\"><table class=\"has-background has-fixed-layout\" style=\"background-color:#c9d6e0\"><thead><tr><th class=\"has-text-align-center\" data-align=\"center\">DISCIPLINAS<\/th><th class=\"has-text-align-center\" data-align=\"center\">PROFESSORES<\/th><\/tr><\/thead><tbody><tr><td class=\"has-text-align-center\" data-align=\"center\">L\u00edngua Portuguesa<\/td><td class=\"has-text-align-center\" data-align=\"center\">Adriana Figueiredo e Patr\u00edcia<\/td><\/tr><tr><td class=\"has-text-align-center\" data-align=\"center\">\u00c9tica No Servi\u00e7o P\u00fablico e Atos de Improbidade e Processo Administrativo<\/td><td class=\"has-text-align-center\" data-align=\"center\">Ant\u00f4nio Daud<\/td><\/tr><tr><td class=\"has-text-align-center\" data-align=\"center\">Legisla\u00e7\u00e3o Geral E Do Setor De Meio Ambiente<\/td><td class=\"has-text-align-center\" data-align=\"center\">Rosenval J\u00fanior<\/td><\/tr><tr><td class=\"has-text-align-center\" data-align=\"center\">Matem\u00e1tica<\/td><td class=\"has-text-align-center\" data-align=\"center\">Brunno Lima<\/td><\/tr><tr><td class=\"has-text-align-center\" data-align=\"center\">No\u00e7\u00f5es De Inform\u00e1tica<\/td><td class=\"has-text-align-center\" data-align=\"center\">Renato da Costa<\/td><\/tr><tr><td class=\"has-text-align-center\" data-align=\"center\">No\u00e7\u00f5es De Administra\u00e7\u00e3o Financeira E Or\u00e7ament\u00e1ria<\/td><td class=\"has-text-align-center\" data-align=\"center\">Vinicius Nascimento<\/td><\/tr><tr><td class=\"has-text-align-center\" data-align=\"center\">No\u00e7\u00f5es De Administra\u00e7\u00e3o P\u00fablica<\/td><td class=\"has-text-align-center\" data-align=\"center\">Stefan Fantini<\/td><\/tr><tr><td class=\"has-text-align-center\" data-align=\"center\">Educa\u00e7\u00e3o Ambiental, Meio Ambiente, Legisla\u00e7\u00e3o E Normas Ambientais<\/td><td class=\"has-text-align-center\" data-align=\"center\">Andr\u00e9 Rocha<\/td><\/tr><tr><td class=\"has-text-align-center\" data-align=\"center\">No\u00e7\u00f5es De Gest\u00e3o De Pessoas Nas Organiza\u00e7\u00f5es<\/td><td class=\"has-text-align-center\" data-align=\"center\">Elisabete Moreira<\/td><\/tr><tr><td class=\"has-text-align-center\" data-align=\"center\">Atualidades (Somente Para A Prova Discursiva)<\/td><td class=\"has-text-align-center\" data-align=\"center\">Rodolfo Gracioli<\/td><\/tr><\/tbody><\/table><\/figure>\n\n\n\n<h2 class=\"wp-block-heading\" id=\"h-gabarito-extraoficial-ibama-tecnico-ambiental\">Gabarito Extraoficial IBAMA: T\u00e9cnico Ambiental:<\/h2>\n\n\n\n<p><strong>Quest\u00e3o 1: O texto associa a escolha de produtos mais dur\u00e1veis&#8230;<br \/>Gabarito:<\/strong> C<\/p>\n\n\n\n<p><strong>Quest\u00e3o 2: O texto apresenta uma cr\u00edtica ao atual modelo&#8230;<br \/>Gabarito:<\/strong> C<\/p>\n\n\n\n<p><strong>Quest\u00e3o 3: De acordo com as ideias do texto, n\u00e3o haveria pandemia&#8230;<br \/>Gabarito:<\/strong> E<\/p>\n\n\n\n<p><strong>Quest\u00e3o 4: Segundo as informa\u00e7\u00f5es do texto, a pandemia tem&#8230;<br \/>Gabarito:<\/strong> E<\/p>\n\n\n\n<p><strong>Quest\u00e3o 5: Conforme o texto, um dos reflexos da pandemia&#8230;<br \/>Gabarito:<\/strong> C<\/p>\n\n\n\n<p><strong>Quest\u00e3o 6: Feitos os devidos ajustes de mai\u00fasculas e min\u00fasculas&#8230;<br \/>Gabarito:<\/strong> C<\/p>\n\n\n\n<p><strong>Quest\u00e3o 7: O pronome &#8220;que&#8221;&#8230;<br \/>Gabarito:<\/strong> E<\/p>\n\n\n\n<p><strong>Quest\u00e3o 8: No segundo per\u00edodo do terceiro par\u00e1grafo&#8230;<br \/>Gabarito:<\/strong> E<\/p>\n\n\n\n<p><strong>Quest\u00e3o 9:  No segundo per\u00edodo do terceiro par\u00e1grafo, a forma&#8230;<\/strong> <br \/><strong>Gabarito:<\/strong> E<\/p>\n\n\n\n<p><strong>Quest\u00e3o 10: O per\u00edodo &#8220;Toda escolha que fazemos pode&#8230;&#8221;<br \/>Gabarito:<\/strong> C<\/p>\n\n\n\n<p><strong>Quest\u00e3o 11: No Windows, o Explorador de Arquivos&#8230;<br \/>Gabarito:<\/strong> C<\/p>\n\n\n\n<p><strong>Quest\u00e3o 12: No Explorador de Arquivos&#8230;<br \/>Gabarito:<\/strong> C<\/p>\n\n\n\n<p><strong>Quest\u00e3o 13: No bot\u00e3o localizado na barra de ferramentas&#8230;<br \/>Gabarito:<\/strong> C<\/p>\n\n\n\n<p><strong>Quest\u00e3o 14: No Microsoft Word, para inserir uma tabela&#8230;<br \/>Gabarito:<\/strong> E<\/p>\n\n\n\n<p><strong>Quest\u00e3o 15: No Microsoft Word<\/strong>, o <em>layout <\/em>da p\u00e1gina&#8230;<br \/><strong>Gabarito:<\/strong> E<\/p>\n\n\n\n<p><strong>Quest\u00e3o 16: No Microsoft Edge, \u00e9 poss\u00edvel optar&#8230;<br \/>Gabarito:<\/strong> C<\/p>\n\n\n\n<p><strong>Quest\u00e3o 17: O Windows Defender pode ser utilizado&#8230;<br \/>Gabarito:<\/strong> C<\/p>\n\n\n\n<p><strong>Quest\u00e3o 18: O v\u00edrus do tipo <em>ransomware<\/em>&#8230;<br \/>Gabarito:<\/strong> E<\/p>\n\n\n\n<p><strong>Quest\u00e3o 19: Na pasta Rascunhos do Outlook&#8230;<br \/>Gabarito:<\/strong> C<\/p>\n\n\n\n<p><strong>Quest\u00e3o 20: No Outlook<\/strong>, <strong>\u00e9 poss\u00edvel&#8230;<\/strong><br \/><strong>Gabarito:<\/strong> E<\/p>\n\n\n\n<p><strong>Quest\u00e3o 21: O operador que causar dano&#8230;<br \/>Gabarito:<\/strong> E<\/p>\n\n\n\n<p><strong>Quest\u00e3o 22: Para ter acesso a processo administrativo&#8230; <br \/>Gabarito:<\/strong> E<\/p>\n\n\n\n<p><strong>Quest\u00e3o 23: Caso esteja impossibilitado de conceder acesso&#8230; <br \/>Gabarito:<\/strong> E<\/p>\n\n\n\n<p><strong>Quest\u00e3o 24: Na aplica\u00e7\u00e3o da sans\u00e3o de multa&#8230;<br \/>Gabarito:<\/strong> C<\/p>\n\n\n\n<p><strong>Quest\u00e3o 25: Informa\u00e7\u00e3o que possa colocar em risco&#8230;<br \/>Gabarito:<\/strong> C<\/p>\n\n\n\n<p><strong>Quest\u00e3o 26: Apresentada den\u00fancia cab\u00edvel ao IBAMA&#8230;<br \/>Gabarito:<\/strong> C <\/p>\n\n\n\n<p><strong>Quest\u00e3o 27: Servid\u00e3o ambiental \u00e9 instrumento&#8230;<br \/>Gabarito:<\/strong> C<\/p>\n\n\n\n<p><strong>Quest\u00e3o 28: Aquele que praticar as pesca mediante&#8230;<br \/>Gabarito:<\/strong> E <\/p>\n\n\n\n<p><strong>Quest\u00e3o 29: Inexistindo no estado \u00f3rg\u00e3o ambiental&#8230;<br \/>Gabarito:<\/strong> E <\/p>\n\n\n\n<p><strong>Quest\u00e3o 30: Caso tome conhecimento de desmatamento&#8230;<br \/>Gabarito:<\/strong> C <\/p>\n\n\n\n<p><strong>Quest\u00e3o 31: Tal conduta configura ato improbidade&#8230;  <br \/>Gabarito:<\/strong> E<\/p>\n\n\n\n<p><strong>Quest\u00e3o 32: Tal conduta do servidor pode&#8230;<br \/>Gabarito:<\/strong> C<\/p>\n\n\n\n<p><strong>Quest\u00e3o 33: Tal conduta \u00e9 vedada expressamente&#8230;<br \/>Gabarito:<\/strong> C<\/p>\n\n\n\n<p><strong>Quest\u00e3o 34: Tal situa\u00e7\u00e3o configura abandono&#8230;<br \/>Gabarito:<\/strong> E <\/p>\n\n\n\n<p><strong>Quest\u00e3o 35: Para apura\u00e7\u00e3o da conduta do servidor&#8230;<br \/>Gabarito:<\/strong> C<\/p>\n\n\n\n<p><strong>Quest\u00e3o 36: A referida conduta pode acarretar&#8230;<br \/>Gabarito:<\/strong> C<\/p>\n\n\n\n<p><strong>Quest\u00e3o 37: O C\u00f3digo de Conduta \u00c9tica dos Agentes P\u00fablicos do IBAMA&#8230;<br \/>Gabarito:<\/strong> C <\/p>\n\n\n\n<p><strong>Quest\u00e3o 38: A atua\u00e7\u00e3o da citada empresa&#8230;<br \/>Gabarito:<\/strong> E<\/p>\n\n\n\n<p><strong>Quest\u00e3o 39: O agente p\u00fablico do IBAMA&#8230;<br \/>Gabarito:<\/strong> E<\/p>\n\n\n\n<p><strong>Quest\u00e3o 40: O agente p\u00fablico do IBAMA deve abster-se&#8230; <br \/>Gabarito:<\/strong> C<\/p>\n\n\n\n<p><strong>Quest\u00e3o 41: Considere que dois lagartos&#8230;<br \/>Gabarito:<\/strong> E<\/p>\n\n\n\n<p><strong>Quest\u00e3o 42: Considere que tenham sido removidos&#8230;<br \/>Gabarito:<\/strong> E<\/p>\n\n\n\n<p><strong>Quest\u00e3o 43: Dissolvendo-se 450 gramas&#8230;<br \/>Gabarito:<\/strong> C <\/p>\n\n\n\n<p><strong>Quest\u00e3o 44: Considere que 6 bois ou 8 vacas&#8230;<br \/>Gabarito:<\/strong> C <\/p>\n\n\n\n<p><strong>Quest\u00e3o 45: Considere que 9 bi\u00f3logos cataloguem&#8230;<br \/>Gabarito:<\/strong> E<\/p>\n\n\n\n<p><strong>Quest\u00e3o 46: Considere que a soma do peso de tr\u00eas lobos-guar\u00e1&#8230;<br \/>Gabarito:<\/strong> C<\/p>\n\n\n\n<p><strong>Quest\u00e3o 47: Se a taxa de juros de uma multa ambiental&#8230;<br \/>Gabarito:<\/strong> C<\/p>\n\n\n\n<p><strong>Quest\u00e3o 48: Suponha que, quando iniciam suas atividades&#8230;<br \/>Gabarito:<\/strong> E <\/p>\n\n\n\n<p><strong>Quest\u00e3o 49: Suponha que Jones, a fim de pagar&#8230;<br \/>Gabarito:<\/strong> C<\/p>\n\n\n\n<p><strong>Quest\u00e3o 50: Considere que uma empresa de tecnologia&#8230;<br \/>Gabarito:<\/strong> E<\/p>\n\n\n\n<p><strong>Quest\u00e3o 51: Essa entidade se sujeita \u00e0 fiscaliza\u00e7\u00e3o&#8230;<br \/>Gabarito:<\/strong> C <\/p>\n\n\n\n<p><strong>Quest\u00e3o 52: Essa entidade se sujeita \u00e0 necessidade de licita\u00e7\u00e3o&#8230;<br \/>Gabarito:<\/strong> E <\/p>\n\n\n\n<p><strong>Quest\u00e3o 53: As despesas e receitas dessa entidade&#8230;<br \/>Gabarito:<\/strong> C<\/p>\n\n\n\n<p><strong>Quest\u00e3o 54: Essa entidade tem legitimidade&#8230;<br \/>Gabarito:<\/strong> E<\/p>\n\n\n\n<p><strong>Quest\u00e3o 55: Quadros de distribui\u00e7\u00e3o do trabalho s\u00e3o diagramas&#8230;<br \/>Gabarito:<\/strong> E <\/p>\n\n\n\n<p><strong>Quest\u00e3o 56: O diagrama de objetos estabelece&#8230;<br \/>Gabarito:<\/strong> C <\/p>\n\n\n\n<p><strong>Quest\u00e3o 57: Denominam-se processos de suporte&#8230;<br \/>Gabarito:<\/strong> E <\/p>\n\n\n\n<p><strong>Quest\u00e3o 58: Reengenharia consiste na reestrutura\u00e7\u00e3o&#8230; <br \/>Gabarito:<\/strong> C<\/p>\n\n\n\n<p><strong>Quest\u00e3o 59: O balan\u00e7o patrimonial e as demonstra\u00e7\u00f5es&#8230; <br \/>Gabarito:<\/strong> C<\/p>\n\n\n\n<p><strong>Quest\u00e3o 60: As licita\u00e7\u00f5es s\u00e3o sucess\u00edveis quando&#8230;<br \/>Gabarito:<\/strong> E<\/p>\n\n\n\n<p><strong>Quest\u00e3o 61: Para o crit\u00e9rio de reajuste contratual&#8230;<br \/>Gabarito:<\/strong> C <\/p>\n\n\n\n<p><strong>Quest\u00e3o 62: O edital \u00e9 considerado a lei externa&#8230;<br \/>Gabarito:<\/strong> E <\/p>\n\n\n\n<p><strong>Quest\u00e3o 63: No or\u00e7amento base zero&#8230;<br \/>Gabarito:<\/strong> E<\/p>\n\n\n\n<p><strong>Quest\u00e3o 64: Na etapa de elabora\u00e7\u00e3o do or\u00e7amento p\u00fablico&#8230;<br \/>Gabarito:<\/strong> C<\/p>\n\n\n\n<p><strong>Quest\u00e3o 65: S\u00e3o consideradas exce\u00e7\u00f5es ao principio&#8230; <br \/>Gabarito:<\/strong> E<\/p>\n\n\n\n<p><strong>Quest\u00e3o 66: As a\u00e7\u00f5es do tipo atividades&#8230;<br \/>Gabarito:<\/strong> C<\/p>\n\n\n\n<p><strong>Quest\u00e3o 67: \u00c9 vedada a previs\u00e3o, na lei or\u00e7amentaria anual&#8230;<br \/>Gabarito:<\/strong> E<\/p>\n\n\n\n<p><strong>Quest\u00e3o 68: De acordo com a Constitui\u00e7\u00e3o Federal de 1988&#8230;<br \/>Gabarito:<\/strong> C <\/p>\n\n\n\n<p><strong>Quest\u00e3o 69: As receitas correntes tribut\u00e1rias&#8230;<br \/>Gabarito:<\/strong> E<\/p>\n\n\n\n<p><strong>Quest\u00e3o 70: Na etapa de liquida\u00e7\u00e3o da despesa&#8230;<br \/>Gabarito:<\/strong> C <\/p>\n\n\n\n<p><strong>Quest\u00e3o 71: Considere que, e, 30\/09\/X1&#8230;<br \/>Gabarito:<\/strong> C<\/p>\n\n\n\n<p><strong>Quest\u00e3o 72: A lei or\u00e7ament\u00e1ria anual deve ser integrada&#8230;<br \/>Gabarito:<\/strong> E<\/p>\n\n\n\n<p><strong>Quest\u00e3o 73: A rela\u00e7\u00e3o entre gest\u00e3o de pessoas e tecnologia&#8230;<br \/>Gabarito:<\/strong> C<\/p>\n\n\n\n<p><strong>Quest\u00e3o 74: A gest\u00e3o de pessoas busca compreender&#8230;<br \/>Gabarito:<\/strong> C<\/p>\n\n\n\n<p><strong>Quest\u00e3o 75: Ao conhecer as necessidades das pessoas&#8230;<br \/>Gabarito:<\/strong> C<\/p>\n\n\n\n<p><strong>Quest\u00e3o 76: O alinhamento estrat\u00e9gico da gest\u00e3o&#8230;<br \/>Gabarito:<\/strong> E<\/p>\n\n\n\n<p><strong>Quest\u00e3o 77: As pol\u00edticas de gest\u00e3o de pessoas&#8230;<br \/>Gabarito:<\/strong> E <\/p>\n\n\n\n<p><strong>Quest\u00e3o 78: A prontid\u00e3o dos membros de uma equipe&#8230;<br \/>Gabarito:<\/strong> C <\/p>\n\n\n\n<p><strong>Quest\u00e3o 79: Para que as pessoas se sintam motivadas&#8230;<br \/>Gabarito:<\/strong> C <\/p>\n\n\n\n<p><strong>Quest\u00e3o 80: A rela\u00e7\u00e3o entre motiva\u00e7\u00e3o e desempenho&#8230;<br \/>Gabarito:<\/strong> E <\/p>\n\n\n\n<p><strong>Quest\u00e3o 81: As no\u00e7\u00f5es de significa\u00e7\u00e3o, de escolha&#8230;<br \/>Gabarito:<\/strong> C <\/p>\n\n\n\n<p><strong>Quest\u00e3o 82: Ao exercer a lideran\u00e7a transacional&#8230;<br \/>Gabarito:<\/strong> E<\/p>\n\n\n\n<p><strong>Quest\u00e3o 83: Para fins de elabora\u00e7\u00e3o do EIA-RIMA&#8230;<br \/>Gabarito:<\/strong> C <\/p>\n\n\n\n<p><strong>Quest\u00e3o 84: Observados os requisitos legais&#8230;<br \/>Gabarito:<\/strong> C<\/p>\n\n\n\n<p><strong>Quest\u00e3o 85: A licen\u00e7a pr\u00e9via ambiental&#8230;<br \/>Gabarito:<\/strong> E<\/p>\n\n\n\n<p><strong>Quest\u00e3o 86: A reserva de fauna se constitui&#8230; <br \/>Gabarito:<\/strong> C <\/p>\n\n\n\n<p><strong>Quest\u00e3o 87: \u00c9 indeleg\u00e1vel aos estados a compet\u00eancia&#8230; <br \/>Gabarito:<\/strong> E <\/p>\n\n\n\n<p><strong>Quest\u00e3o 88: A avalia\u00e7\u00e3o de desempenho ambiental&#8230;<br \/>Gabarito:<\/strong> E<\/p>\n\n\n\n<p><strong>Quest\u00e3o 89: O princ\u00edpio da integridade&#8230;<br \/>Gabarito:<\/strong> C<\/p>\n\n\n\n<p><strong>Quest\u00e3o 90: Ao determinar os seus aspectos ambientais&#8230;<br \/>Gabarito:<\/strong> C<\/p>\n\n\n\n<p><strong>Quest\u00e3o 91: Crit\u00e9rios de auditoria s\u00e3o um conjunto&#8230;<br \/>Gabarito:<\/strong> C <\/p>\n\n\n\n<p><strong>Quest\u00e3o 92: \u00c1rea \u00f3rf\u00e3 contaminada \u00e9 a \u00e1rea isolada&#8230;<br \/>Gabarito:<\/strong> E<\/p>\n\n\n\n<p><strong>Quest\u00e3o 93: Na gest\u00e3o de res\u00edduos s\u00f3lidos&#8230;<br \/>Gabarito:<\/strong> E<\/p>\n\n\n\n<p><strong>Quest\u00e3o 94: O direito da sociedade \u00e0 informa\u00e7\u00e3o&#8230;<br \/>Gabarito:<\/strong> C <\/p>\n\n\n\n<p><strong>Quest\u00e3o 95: Em cidade onde se decretou situa\u00e7\u00e3o&#8230;<br \/>Gabarito:<\/strong> E<\/p>\n\n\n\n<p><strong>Quest\u00e3o 96: O aumento da popula\u00e7\u00e3o de rebanho bovino&#8230;<br \/>Gabarito:<\/strong> E<\/p>\n\n\n\n<p><strong>Quest\u00e3o 97: O carbono \u00e9 retornado \u00e0 atmosfera&#8230;<br \/>Gabarito:<\/strong> C<\/p>\n\n\n\n<p><strong>Quest\u00e3o 98: A fotoss\u00edntese \u00e9 um processo qu\u00edmico&#8230;<br \/>Gabarito:<\/strong> E<\/p>\n\n\n\n<p><strong>Quest\u00e3o 99: A combust\u00e3o dos derivados do petr\u00f3leo&#8230;<br \/>Gabarito:<\/strong> E <\/p>\n\n\n\n<p><strong>Quest\u00e3o 100: As garrafas pl\u00e1sticas sofrem decomposi\u00e7\u00e3o&#8230;<br \/>Gabarito:<\/strong> E<\/p>\n\n\n\n<p><strong>Quest\u00e3o 101: A espuma formada no rio Tiet\u00ea&#8230;<br \/>Gabarito:<\/strong> C<\/p>\n\n\n\n<p><strong>Quest\u00e3o 102: Embora seja sinal de polui\u00e7\u00e3o&#8230;<br \/>Gabarito:<\/strong> E <\/p>\n\n\n\n<p><strong>Quest\u00e3o 103:  As garrafas pl\u00e1stica<\/strong>s sofrem decomposi\u00e7\u00e3o&#8230;<br \/><strong>Gabarito:<\/strong> E<\/p>\n\n\n\n<p><strong>Quest\u00e3o 104: A espuma formada no rio Tiet\u00ea n\u00e3o afeta a sua flora&#8230;<br \/>Gabarito:<\/strong> E<\/p>\n\n\n\n<p><strong>Quest\u00e3o 105: A descarga de res\u00edduos inertes&#8230;<br \/>Gabarito:<\/strong> E<\/p>\n\n\n\n<p><strong>Quest\u00e3o 106: Ao atingir a atmosfera&#8230;<br \/>Gabarito:<\/strong> C<\/p>\n\n\n\n<p><strong>Quest\u00e3o 107: Com a destrui\u00e7\u00e3o t\u00e9rmica&#8230;<br \/>Gabarito:<\/strong> C <\/p>\n\n\n\n<p><strong>Quest\u00e3o 108: No equipamento ilustrado&#8230;<br \/>Gabarito:<\/strong> E <\/p>\n\n\n\n<p><strong>Quest\u00e3o 109: O enfoque humanista e hol\u00edstico&#8230; <br \/>Gabarito:<\/strong> C <\/p>\n\n\n\n<p><strong>Quest\u00e3o 110: A capacita\u00e7\u00e3o de recursos humanos&#8230;<br \/>Gabarito:<\/strong> C <\/p>\n\n\n\n<p><strong>Quest\u00e3o 111: Recomenda-se a inclus\u00e3o da educa\u00e7\u00e3o ambiental&#8230;<br \/>Gabarito:<\/strong> C <\/p>\n\n\n\n<p><strong>Quest\u00e3o 112: O apoio institucional e financeiro&#8230;<br \/>Gabarito:<\/strong> C <em>*cabe recurso <\/em><\/p>\n\n\n\n<p><strong>Quest\u00e3o 113: A defini\u00e7\u00e3o de diretrizes&#8230;<br \/>Gabarito:<\/strong> E <\/p>\n\n\n\n<p><strong>Quest\u00e3o 114: Visando a forma\u00e7\u00e3o b\u00e1sica do cidad\u00e3o&#8230;<br \/>Gabarito:<\/strong> E<\/p>\n\n\n\n<p><strong>Quest\u00e3o 115: O principal objetivo da cidadania ambiental&#8230;<br \/>Gabarito:<\/strong> C<\/p>\n\n\n\n<p><strong>Quest\u00e3o 116: O projeto Salas Verdes \u00e9 uma estrat\u00e9gia&#8230;<br \/>Gabarito:<\/strong> C <\/p>\n\n\n\n<p><strong>Quest\u00e3o 117: A cria\u00e7\u00e3o \u00e9 a regulamenta\u00e7\u00e3o&#8230;<br \/>Gabarito:<\/strong> E <\/p>\n\n\n\n<p><strong>Quest\u00e3o 118: Para a adequada implementa\u00e7\u00e3o&#8230;<br \/>Gabarito:<\/strong> E<\/p>\n\n\n\n<p><strong>Quest\u00e3o 119: Fazer revis\u00f5es preventivas e peri\u00f3dicas&#8230;<br \/>Gabarito:<\/strong> C<\/p>\n\n\n\n<p><strong>Quest\u00e3o 120: A Agenda Ambiental Urbana&#8230;<br \/>Gabarito:<\/strong> E<\/p>\n\n\n\n<figure class=\"wp-block-image aligncenter size-large is-resized\"><img loading=\"lazy\" decoding=\"async\" src=\"https:\/\/dhg1h5j42swfq.cloudfront.net\/2020\/09\/18141901\/Coruja_Concursos%404x-506x1024.png\" alt=\"Gabarito Extraoficial IBAMA \u2013 Analista Ambiental - Tema 2:\" class=\"wp-image-574355\" width=\"37\" height=\"75\" srcset=\"https:\/\/dhg1h5j42swfq.cloudfront.net\/2020\/09\/18141901\/Coruja_Concursos%404x-506x1024.png 506w, https:\/\/dhg1h5j42swfq.cloudfront.net\/2020\/09\/18141901\/Coruja_Concursos%404x-148x300.png 148w, https:\/\/dhg1h5j42swfq.cloudfront.net\/2020\/09\/18141901\/Coruja_Concursos%404x-610x1236.png 610w, https:\/\/dhg1h5j42swfq.cloudfront.net\/2020\/09\/18141901\/Coruja_Concursos%404x.png 745w\" sizes=\"auto, (max-width: 37px) 100vw, 37px\" \/><\/figure>\n\n\n\n<p class=\"has-text-align-center has-background has-medium-font-size\" style=\"background-color:#c9d6e0\"><strong>Mais informa\u00e7\u00f5es: <a href=\"https:\/\/www.estrategiaconcursos.com.br\/blog\/concurso-ibama\/\" target=\"_blank\" rel=\"noreferrer noopener\">Concurso IBAMA<\/a><\/strong><\/p>\n\n\n\n<div class=\"container\" id=\"boxes\">\n  <div class=\"row\">\n\n    <div class=\"col-sm\">\n      <div class=\"banner-estrategia\" id=\"box-assinatura\">\n        <h3 class=\"titulo-assinatura\">Cursos para IBAMA<\/h3>\n        <p class=\"subtitulo-assinatura\">Estude conosco<\/p>\n        <div class=\"box-botao\">\n          <a class=\"btn-assinatura\" target=\"_blank\" href=\"https:\/\/www.estrategiaconcursos.com.br\/cursosPorConcurso\/ibama-analista-61\/\" role=\"button\" rel=\"noopener noreferrer\">Conhe\u00e7a os cursos<\/a>\n        <\/div>\n      <\/div>\n     \n    <\/div>\n\n  <\/div>\n<\/div>\n\n\n\n<div class=\"container\" id=\"boxes\">\n  <div class=\"row\">\n\n    <div class=\"col-sm\">\n      <div class=\"estrategia\" id=\"box-assinatura\">\n        <h3 class=\"titulo-assinatura\">Assinatura Concursos<\/h3>\n        <p class=\"subtitulo-assinatura\">Assinatura de 1 ano ou 2 anos<\/p>\n        <div class=\"box-botao\">\n          <a class=\"btn-assinatura\" target=\"_blank\" href=\"https:\/\/www.estrategiaconcursos.com.br\/assinaturas\/\" role=\"button\" rel=\"noopener noreferrer\">ASSINE AGORA<\/a>\n        <\/div>\n      <\/div><\/div><\/div><\/div>\n\n\n\n<h2 class=\"has-text-align-center wp-block-heading\">Quer saber tudo sobre concursos previstos?<br \/>Confira nossos artigos!<\/h2>\n\n\n\n<ul class=\"wp-block-list\">\n<li><a target=\"_blank\" href=\"https:\/\/www.estrategiaconcursos.com.br\/blog\/concursos-abertos\/\" rel=\"noreferrer noopener\">Concursos abertos<\/a><\/li>\n\n\n\n<li><a target=\"_blank\" href=\"https:\/\/www.estrategiaconcursos.com.br\/blog\/concursos-2022\/\" rel=\"noreferrer noopener\">Concursos 2022<\/a><\/li>\n<\/ul>\n","protected":false},"excerpt":{"rendered":"<p>Foram realizadas neste domingo, 30 de janeiro, as Provas Objetiva e Discursiva do concurso IBAMA, para os cargos de T\u00e9cnico Ambiental, Analista Administrativo e Analista Ambiental. Desta forma, a previs\u00e3o de divulga\u00e7\u00e3o do gabarito preliminar \u00e9 para ter\u00e7a-feira, 1\u00ba de fevereiro, a partir das 19h no site do Cebraspe. Sabemos que a ansiedade para conhecer [&hellip;]<\/p>\n","protected":false},"author":2018,"featured_media":951975,"comment_status":"open","ping_status":"closed","sticky":false,"template":"","format":"standard","meta":{"post_tipo":"news","footnotes":""},"categories":[214992,220219],"tags":[],"tax_estado":[219963],"class_list":["post-957083","post","type-post","status-publish","format-standard","has-post-thumbnail","hentry","category-concursos-administrativos","category-noticias","tax_estado-concursos-federais"],"acf":[],"yoast_head":"<!-- This site is optimized with the Yoast SEO Premium plugin v27.2 (Yoast SEO v27.2) - https:\/\/yoast.com\/product\/yoast-seo-premium-wordpress\/ -->\n<title>Gabarito Extraoficial IBAMA: T\u00e9cnico Ambiental<\/title>\n<meta name=\"description\" content=\"Provas do concurso IBAMA foram aplicadas neste domingo (30). Acesse o artigo e confira o Gabarito Extraoficial!!\" \/>\n<meta name=\"robots\" content=\"index, follow, max-snippet:-1, max-image-preview:large, max-video-preview:-1\" \/>\n<link rel=\"canonical\" href=\"https:\/\/www.estrategiaconcursos.com.br\/blog\/gabarito-extraoficial-ibama-tecnico-ambiental\/\" \/>\n<meta property=\"og:locale\" content=\"pt_BR\" \/>\n<meta property=\"og:type\" content=\"article\" \/>\n<meta property=\"og:title\" content=\"Gabarito Extraoficial IBAMA: T\u00e9cnico Ambiental\" \/>\n<meta property=\"og:description\" content=\"Provas do concurso IBAMA foram aplicadas neste domingo (30). Acesse o artigo e confira o Gabarito Extraoficial!!\" \/>\n<meta property=\"og:url\" content=\"https:\/\/www.estrategiaconcursos.com.br\/blog\/gabarito-extraoficial-ibama-tecnico-ambiental\/\" \/>\n<meta property=\"og:site_name\" content=\"Estrat\u00e9gia Concursos\" \/>\n<meta property=\"article:published_time\" content=\"2022-01-30T22:52:29+00:00\" \/>\n<meta property=\"article:modified_time\" content=\"2023-02-01T16:27:57+00:00\" \/>\n<meta property=\"og:image\" content=\"https:\/\/dhg1h5j42swfq.cloudfront.net\/2022\/01\/21150137\/ibama-1.jpg\" \/>\n\t<meta property=\"og:image:width\" content=\"300\" \/>\n\t<meta property=\"og:image:height\" content=\"168\" \/>\n\t<meta property=\"og:image:type\" content=\"image\/jpeg\" \/>\n<meta name=\"author\" content=\"B\u00e1rbara Carvalho Santos\" \/>\n<meta name=\"twitter:card\" content=\"summary_large_image\" \/>\n<meta name=\"twitter:creator\" content=\"@EstratConcursos\" \/>\n<meta name=\"twitter:site\" content=\"@EstratConcursos\" \/>\n<meta name=\"twitter:label1\" content=\"Escrito por\" \/>\n\t<meta name=\"twitter:data1\" content=\"B\u00e1rbara Carvalho Santos\" \/>\n\t<meta name=\"twitter:label2\" content=\"Est. tempo de leitura\" \/>\n\t<meta name=\"twitter:data2\" content=\"8 minutos\" \/>\n<script type=\"application\/ld+json\" class=\"yoast-schema-graph\">{\"@context\":\"https:\/\/schema.org\",\"@graph\":[{\"@type\":\"NewsArticle\",\"@id\":\"https:\/\/www.estrategiaconcursos.com.br\/blog\/gabarito-extraoficial-ibama-tecnico-ambiental\/#article\",\"isPartOf\":{\"@id\":\"https:\/\/www.estrategiaconcursos.com.br\/blog\/gabarito-extraoficial-ibama-tecnico-ambiental\/\"},\"author\":{\"name\":\"B\u00e1rbara Carvalho Santos\",\"@id\":\"https:\/\/www.estrategiaconcursos.com.br\/blog\/#\/schema\/person\/e3882259fa157d54c44c21f4ee4e0e60\"},\"headline\":\"Gabarito Extraoficial IBAMA: T\u00e9cnico Ambiental\",\"datePublished\":\"2022-01-30T22:52:29+00:00\",\"dateModified\":\"2023-02-01T16:27:57+00:00\",\"mainEntityOfPage\":{\"@id\":\"https:\/\/www.estrategiaconcursos.com.br\/blog\/gabarito-extraoficial-ibama-tecnico-ambiental\/\"},\"wordCount\":1512,\"commentCount\":0,\"publisher\":{\"@id\":\"https:\/\/www.estrategiaconcursos.com.br\/blog\/#organization\"},\"image\":{\"@id\":\"https:\/\/www.estrategiaconcursos.com.br\/blog\/gabarito-extraoficial-ibama-tecnico-ambiental\/#primaryimage\"},\"thumbnailUrl\":\"https:\/\/dhg1h5j42swfq.cloudfront.net\/2022\/01\/21150137\/ibama-1.jpg\",\"articleSection\":[\"Executivo (Administrativa)\",\"\u00daltimas not\u00edcias\"],\"inLanguage\":\"pt-BR\",\"potentialAction\":[{\"@type\":\"CommentAction\",\"name\":\"Comment\",\"target\":[\"https:\/\/www.estrategiaconcursos.com.br\/blog\/gabarito-extraoficial-ibama-tecnico-ambiental\/#respond\"]}],\"copyrightYear\":\"2022\",\"copyrightHolder\":{\"@id\":\"https:\/\/www.estrategiaconcursos.com.br\/blog\/#organization\"}},{\"@type\":\"WebPage\",\"@id\":\"https:\/\/www.estrategiaconcursos.com.br\/blog\/gabarito-extraoficial-ibama-tecnico-ambiental\/\",\"url\":\"https:\/\/www.estrategiaconcursos.com.br\/blog\/gabarito-extraoficial-ibama-tecnico-ambiental\/\",\"name\":\"Gabarito Extraoficial IBAMA: T\u00e9cnico Ambiental\",\"isPartOf\":{\"@id\":\"https:\/\/www.estrategiaconcursos.com.br\/blog\/#website\"},\"primaryImageOfPage\":{\"@id\":\"https:\/\/www.estrategiaconcursos.com.br\/blog\/gabarito-extraoficial-ibama-tecnico-ambiental\/#primaryimage\"},\"image\":{\"@id\":\"https:\/\/www.estrategiaconcursos.com.br\/blog\/gabarito-extraoficial-ibama-tecnico-ambiental\/#primaryimage\"},\"thumbnailUrl\":\"https:\/\/dhg1h5j42swfq.cloudfront.net\/2022\/01\/21150137\/ibama-1.jpg\",\"datePublished\":\"2022-01-30T22:52:29+00:00\",\"dateModified\":\"2023-02-01T16:27:57+00:00\",\"description\":\"Provas do concurso IBAMA foram aplicadas neste domingo (30). Acesse o artigo e confira o Gabarito Extraoficial!!\",\"breadcrumb\":{\"@id\":\"https:\/\/www.estrategiaconcursos.com.br\/blog\/gabarito-extraoficial-ibama-tecnico-ambiental\/#breadcrumb\"},\"inLanguage\":\"pt-BR\",\"potentialAction\":[{\"@type\":\"ReadAction\",\"target\":[\"https:\/\/www.estrategiaconcursos.com.br\/blog\/gabarito-extraoficial-ibama-tecnico-ambiental\/\"]}]},{\"@type\":\"ImageObject\",\"inLanguage\":\"pt-BR\",\"@id\":\"https:\/\/www.estrategiaconcursos.com.br\/blog\/gabarito-extraoficial-ibama-tecnico-ambiental\/#primaryimage\",\"url\":\"https:\/\/dhg1h5j42swfq.cloudfront.net\/2022\/01\/21150137\/ibama-1.jpg\",\"contentUrl\":\"https:\/\/dhg1h5j42swfq.cloudfront.net\/2022\/01\/21150137\/ibama-1.jpg\",\"width\":300,\"height\":168,\"caption\":\"IBAMA nomea\u00e7\u00f5es\"},{\"@type\":\"BreadcrumbList\",\"@id\":\"https:\/\/www.estrategiaconcursos.com.br\/blog\/gabarito-extraoficial-ibama-tecnico-ambiental\/#breadcrumb\",\"itemListElement\":[{\"@type\":\"ListItem\",\"position\":1,\"name\":\"In\u00edcio\",\"item\":\"https:\/\/www.estrategiaconcursos.com.br\/blog\/\"},{\"@type\":\"ListItem\",\"position\":2,\"name\":\"Gabarito Extraoficial IBAMA: T\u00e9cnico Ambiental\"}]},{\"@type\":\"WebSite\",\"@id\":\"https:\/\/www.estrategiaconcursos.com.br\/blog\/#website\",\"url\":\"https:\/\/www.estrategiaconcursos.com.br\/blog\/\",\"name\":\"Estrat\u00e9gia Concursos\",\"description\":\"O blog da Estrat\u00e9gia Concursos traz not\u00edcias sobre concursos e artigos de professores oferecendo cursos para concursos (pdf + videaulas) no site.\",\"publisher\":{\"@id\":\"https:\/\/www.estrategiaconcursos.com.br\/blog\/#organization\"},\"potentialAction\":[{\"@type\":\"SearchAction\",\"target\":{\"@type\":\"EntryPoint\",\"urlTemplate\":\"https:\/\/www.estrategiaconcursos.com.br\/blog\/?s={search_term_string}\"},\"query-input\":{\"@type\":\"PropertyValueSpecification\",\"valueRequired\":true,\"valueName\":\"search_term_string\"}}],\"inLanguage\":\"pt-BR\"},{\"@type\":\"Organization\",\"@id\":\"https:\/\/www.estrategiaconcursos.com.br\/blog\/#organization\",\"name\":\"Estrat\u00e9gia Concursos\",\"url\":\"https:\/\/www.estrategiaconcursos.com.br\/blog\/\",\"logo\":{\"@type\":\"ImageObject\",\"inLanguage\":\"pt-BR\",\"@id\":\"https:\/\/www.estrategiaconcursos.com.br\/blog\/#\/schema\/logo\/image\/\",\"url\":\"https:\/\/dhg1h5j42swfq.cloudfront.net\/2025\/06\/03203428\/logo_concursos-1.jpg\",\"contentUrl\":\"https:\/\/dhg1h5j42swfq.cloudfront.net\/2025\/06\/03203428\/logo_concursos-1.jpg\",\"width\":230,\"height\":60,\"caption\":\"Estrat\u00e9gia Concursos\"},\"image\":{\"@id\":\"https:\/\/www.estrategiaconcursos.com.br\/blog\/#\/schema\/logo\/image\/\"},\"sameAs\":[\"https:\/\/x.com\/EstratConcursos\"]},{\"@type\":\"Person\",\"@id\":\"https:\/\/www.estrategiaconcursos.com.br\/blog\/#\/schema\/person\/e3882259fa157d54c44c21f4ee4e0e60\",\"name\":\"B\u00e1rbara Carvalho Santos\",\"image\":{\"@type\":\"ImageObject\",\"inLanguage\":\"pt-BR\",\"@id\":\"https:\/\/secure.gravatar.com\/avatar\/353300f73140f779692b9be2b39f434d1341e4e34c7f55bd5a990fe29ef352eb?s=96&d=mm&r=g\",\"url\":\"https:\/\/secure.gravatar.com\/avatar\/353300f73140f779692b9be2b39f434d1341e4e34c7f55bd5a990fe29ef352eb?s=96&d=mm&r=g\",\"contentUrl\":\"https:\/\/secure.gravatar.com\/avatar\/353300f73140f779692b9be2b39f434d1341e4e34c7f55bd5a990fe29ef352eb?s=96&d=mm&r=g\",\"caption\":\"B\u00e1rbara Carvalho Santos\"},\"description\":\"M\u00e3e e jornalista formada pela UNIP, possui ampla experi\u00eancia na cobertura de entretenimento em grandes ve\u00edculos, como o site da CNN, RedeTV! e Estrat\u00e9gia Educacional. Atuou tamb\u00e9m em ag\u00eancias de marketing, produtoras musicais e assessorias de imprensa, com foco especial no trabalho com personalidades p\u00fablicas. Atualmente, integra a equipe do Estrat\u00e9gia Concursos, onde \u00e9 respons\u00e1vel pela produ\u00e7\u00e3o de conte\u00fados estrat\u00e9gicos voltados para o setor de concursos p\u00fablicos, com destaque para a \u00e1rea fiscal, gest\u00e3o, controle, concursos administrativos e Minist\u00e9rios participantes do CNU, al\u00e9m de diversos \u00f3rg\u00e3os federais. Tem como miss\u00e3o transformar informa\u00e7\u00f5es complexas em conte\u00fados acess\u00edveis, relevantes e de alto valor para quem sonha com uma carreira no servi\u00e7o p\u00fablico.\",\"url\":\"https:\/\/www.estrategiaconcursos.com.br\/blog\/author\/barbara-santos\/\"}]}<\/script>\n<!-- \/ Yoast SEO Premium plugin. -->","yoast_head_json":{"title":"Gabarito Extraoficial IBAMA: T\u00e9cnico Ambiental","description":"Provas do concurso IBAMA foram aplicadas neste domingo (30). Acesse o artigo e confira o Gabarito Extraoficial!!","robots":{"index":"index","follow":"follow","max-snippet":"max-snippet:-1","max-image-preview":"max-image-preview:large","max-video-preview":"max-video-preview:-1"},"canonical":"https:\/\/www.estrategiaconcursos.com.br\/blog\/gabarito-extraoficial-ibama-tecnico-ambiental\/","og_locale":"pt_BR","og_type":"article","og_title":"Gabarito Extraoficial IBAMA: T\u00e9cnico Ambiental","og_description":"Provas do concurso IBAMA foram aplicadas neste domingo (30). Acesse o artigo e confira o Gabarito Extraoficial!!","og_url":"https:\/\/www.estrategiaconcursos.com.br\/blog\/gabarito-extraoficial-ibama-tecnico-ambiental\/","og_site_name":"Estrat\u00e9gia Concursos","article_published_time":"2022-01-30T22:52:29+00:00","article_modified_time":"2023-02-01T16:27:57+00:00","og_image":[{"width":300,"height":168,"url":"https:\/\/dhg1h5j42swfq.cloudfront.net\/2022\/01\/21150137\/ibama-1.jpg","type":"image\/jpeg"}],"author":"B\u00e1rbara Carvalho Santos","twitter_card":"summary_large_image","twitter_creator":"@EstratConcursos","twitter_site":"@EstratConcursos","twitter_misc":{"Escrito por":"B\u00e1rbara Carvalho Santos","Est. tempo de leitura":"8 minutos"},"schema":{"@context":"https:\/\/schema.org","@graph":[{"@type":"NewsArticle","@id":"https:\/\/www.estrategiaconcursos.com.br\/blog\/gabarito-extraoficial-ibama-tecnico-ambiental\/#article","isPartOf":{"@id":"https:\/\/www.estrategiaconcursos.com.br\/blog\/gabarito-extraoficial-ibama-tecnico-ambiental\/"},"author":{"name":"B\u00e1rbara Carvalho Santos","@id":"https:\/\/www.estrategiaconcursos.com.br\/blog\/#\/schema\/person\/e3882259fa157d54c44c21f4ee4e0e60"},"headline":"Gabarito Extraoficial IBAMA: T\u00e9cnico Ambiental","datePublished":"2022-01-30T22:52:29+00:00","dateModified":"2023-02-01T16:27:57+00:00","mainEntityOfPage":{"@id":"https:\/\/www.estrategiaconcursos.com.br\/blog\/gabarito-extraoficial-ibama-tecnico-ambiental\/"},"wordCount":1512,"commentCount":0,"publisher":{"@id":"https:\/\/www.estrategiaconcursos.com.br\/blog\/#organization"},"image":{"@id":"https:\/\/www.estrategiaconcursos.com.br\/blog\/gabarito-extraoficial-ibama-tecnico-ambiental\/#primaryimage"},"thumbnailUrl":"https:\/\/dhg1h5j42swfq.cloudfront.net\/2022\/01\/21150137\/ibama-1.jpg","articleSection":["Executivo (Administrativa)","\u00daltimas not\u00edcias"],"inLanguage":"pt-BR","potentialAction":[{"@type":"CommentAction","name":"Comment","target":["https:\/\/www.estrategiaconcursos.com.br\/blog\/gabarito-extraoficial-ibama-tecnico-ambiental\/#respond"]}],"copyrightYear":"2022","copyrightHolder":{"@id":"https:\/\/www.estrategiaconcursos.com.br\/blog\/#organization"}},{"@type":"WebPage","@id":"https:\/\/www.estrategiaconcursos.com.br\/blog\/gabarito-extraoficial-ibama-tecnico-ambiental\/","url":"https:\/\/www.estrategiaconcursos.com.br\/blog\/gabarito-extraoficial-ibama-tecnico-ambiental\/","name":"Gabarito Extraoficial IBAMA: T\u00e9cnico Ambiental","isPartOf":{"@id":"https:\/\/www.estrategiaconcursos.com.br\/blog\/#website"},"primaryImageOfPage":{"@id":"https:\/\/www.estrategiaconcursos.com.br\/blog\/gabarito-extraoficial-ibama-tecnico-ambiental\/#primaryimage"},"image":{"@id":"https:\/\/www.estrategiaconcursos.com.br\/blog\/gabarito-extraoficial-ibama-tecnico-ambiental\/#primaryimage"},"thumbnailUrl":"https:\/\/dhg1h5j42swfq.cloudfront.net\/2022\/01\/21150137\/ibama-1.jpg","datePublished":"2022-01-30T22:52:29+00:00","dateModified":"2023-02-01T16:27:57+00:00","description":"Provas do concurso IBAMA foram aplicadas neste domingo (30). Acesse o artigo e confira o Gabarito Extraoficial!!","breadcrumb":{"@id":"https:\/\/www.estrategiaconcursos.com.br\/blog\/gabarito-extraoficial-ibama-tecnico-ambiental\/#breadcrumb"},"inLanguage":"pt-BR","potentialAction":[{"@type":"ReadAction","target":["https:\/\/www.estrategiaconcursos.com.br\/blog\/gabarito-extraoficial-ibama-tecnico-ambiental\/"]}]},{"@type":"ImageObject","inLanguage":"pt-BR","@id":"https:\/\/www.estrategiaconcursos.com.br\/blog\/gabarito-extraoficial-ibama-tecnico-ambiental\/#primaryimage","url":"https:\/\/dhg1h5j42swfq.cloudfront.net\/2022\/01\/21150137\/ibama-1.jpg","contentUrl":"https:\/\/dhg1h5j42swfq.cloudfront.net\/2022\/01\/21150137\/ibama-1.jpg","width":300,"height":168,"caption":"IBAMA nomea\u00e7\u00f5es"},{"@type":"BreadcrumbList","@id":"https:\/\/www.estrategiaconcursos.com.br\/blog\/gabarito-extraoficial-ibama-tecnico-ambiental\/#breadcrumb","itemListElement":[{"@type":"ListItem","position":1,"name":"In\u00edcio","item":"https:\/\/www.estrategiaconcursos.com.br\/blog\/"},{"@type":"ListItem","position":2,"name":"Gabarito Extraoficial IBAMA: T\u00e9cnico Ambiental"}]},{"@type":"WebSite","@id":"https:\/\/www.estrategiaconcursos.com.br\/blog\/#website","url":"https:\/\/www.estrategiaconcursos.com.br\/blog\/","name":"Estrat\u00e9gia Concursos","description":"O blog da Estrat\u00e9gia Concursos traz not\u00edcias sobre concursos e artigos de professores oferecendo cursos para concursos (pdf + videaulas) no site.","publisher":{"@id":"https:\/\/www.estrategiaconcursos.com.br\/blog\/#organization"},"potentialAction":[{"@type":"SearchAction","target":{"@type":"EntryPoint","urlTemplate":"https:\/\/www.estrategiaconcursos.com.br\/blog\/?s={search_term_string}"},"query-input":{"@type":"PropertyValueSpecification","valueRequired":true,"valueName":"search_term_string"}}],"inLanguage":"pt-BR"},{"@type":"Organization","@id":"https:\/\/www.estrategiaconcursos.com.br\/blog\/#organization","name":"Estrat\u00e9gia Concursos","url":"https:\/\/www.estrategiaconcursos.com.br\/blog\/","logo":{"@type":"ImageObject","inLanguage":"pt-BR","@id":"https:\/\/www.estrategiaconcursos.com.br\/blog\/#\/schema\/logo\/image\/","url":"https:\/\/dhg1h5j42swfq.cloudfront.net\/2025\/06\/03203428\/logo_concursos-1.jpg","contentUrl":"https:\/\/dhg1h5j42swfq.cloudfront.net\/2025\/06\/03203428\/logo_concursos-1.jpg","width":230,"height":60,"caption":"Estrat\u00e9gia Concursos"},"image":{"@id":"https:\/\/www.estrategiaconcursos.com.br\/blog\/#\/schema\/logo\/image\/"},"sameAs":["https:\/\/x.com\/EstratConcursos"]},{"@type":"Person","@id":"https:\/\/www.estrategiaconcursos.com.br\/blog\/#\/schema\/person\/e3882259fa157d54c44c21f4ee4e0e60","name":"B\u00e1rbara Carvalho Santos","image":{"@type":"ImageObject","inLanguage":"pt-BR","@id":"https:\/\/secure.gravatar.com\/avatar\/353300f73140f779692b9be2b39f434d1341e4e34c7f55bd5a990fe29ef352eb?s=96&d=mm&r=g","url":"https:\/\/secure.gravatar.com\/avatar\/353300f73140f779692b9be2b39f434d1341e4e34c7f55bd5a990fe29ef352eb?s=96&d=mm&r=g","contentUrl":"https:\/\/secure.gravatar.com\/avatar\/353300f73140f779692b9be2b39f434d1341e4e34c7f55bd5a990fe29ef352eb?s=96&d=mm&r=g","caption":"B\u00e1rbara Carvalho Santos"},"description":"M\u00e3e e jornalista formada pela UNIP, possui ampla experi\u00eancia na cobertura de entretenimento em grandes ve\u00edculos, como o site da CNN, RedeTV! e Estrat\u00e9gia Educacional. Atuou tamb\u00e9m em ag\u00eancias de marketing, produtoras musicais e assessorias de imprensa, com foco especial no trabalho com personalidades p\u00fablicas. Atualmente, integra a equipe do Estrat\u00e9gia Concursos, onde \u00e9 respons\u00e1vel pela produ\u00e7\u00e3o de conte\u00fados estrat\u00e9gicos voltados para o setor de concursos p\u00fablicos, com destaque para a \u00e1rea fiscal, gest\u00e3o, controle, concursos administrativos e Minist\u00e9rios participantes do CNU, al\u00e9m de diversos \u00f3rg\u00e3os federais. Tem como miss\u00e3o transformar informa\u00e7\u00f5es complexas em conte\u00fados acess\u00edveis, relevantes e de alto valor para quem sonha com uma carreira no servi\u00e7o p\u00fablico.","url":"https:\/\/www.estrategiaconcursos.com.br\/blog\/author\/barbara-santos\/"}]}},"_links":{"self":[{"href":"https:\/\/www.estrategiaconcursos.com.br\/blog\/wp-json\/wp\/v2\/posts\/957083","targetHints":{"allow":["GET"]}}],"collection":[{"href":"https:\/\/www.estrategiaconcursos.com.br\/blog\/wp-json\/wp\/v2\/posts"}],"about":[{"href":"https:\/\/www.estrategiaconcursos.com.br\/blog\/wp-json\/wp\/v2\/types\/post"}],"author":[{"embeddable":true,"href":"https:\/\/www.estrategiaconcursos.com.br\/blog\/wp-json\/wp\/v2\/users\/2018"}],"replies":[{"embeddable":true,"href":"https:\/\/www.estrategiaconcursos.com.br\/blog\/wp-json\/wp\/v2\/comments?post=957083"}],"version-history":[{"count":47,"href":"https:\/\/www.estrategiaconcursos.com.br\/blog\/wp-json\/wp\/v2\/posts\/957083\/revisions"}],"predecessor-version":[{"id":1162951,"href":"https:\/\/www.estrategiaconcursos.com.br\/blog\/wp-json\/wp\/v2\/posts\/957083\/revisions\/1162951"}],"wp:featuredmedia":[{"embeddable":true,"href":"https:\/\/www.estrategiaconcursos.com.br\/blog\/wp-json\/wp\/v2\/media\/951975"}],"wp:attachment":[{"href":"https:\/\/www.estrategiaconcursos.com.br\/blog\/wp-json\/wp\/v2\/media?parent=957083"}],"wp:term":[{"taxonomy":"category","embeddable":true,"href":"https:\/\/www.estrategiaconcursos.com.br\/blog\/wp-json\/wp\/v2\/categories?post=957083"},{"taxonomy":"post_tag","embeddable":true,"href":"https:\/\/www.estrategiaconcursos.com.br\/blog\/wp-json\/wp\/v2\/tags?post=957083"},{"taxonomy":"tax_estado","embeddable":true,"href":"https:\/\/www.estrategiaconcursos.com.br\/blog\/wp-json\/wp\/v2\/tax_estado?post=957083"}],"curies":[{"name":"wp","href":"https:\/\/api.w.org\/{rel}","templated":true}]}}