{"id":956090,"date":"2022-01-31T08:00:00","date_gmt":"2022-01-31T11:00:00","guid":{"rendered":"https:\/\/www.estrategiaconcursos.com.br\/blog\/?p=956090"},"modified":"2023-03-22T10:00:20","modified_gmt":"2023-03-22T13:00:20","slug":"gabarito-extraoficial-ibama-analista-ambiental-tema-2","status":"publish","type":"post","link":"https:\/\/www.estrategiaconcursos.com.br\/blog\/gabarito-extraoficial-ibama-analista-ambiental-tema-2\/","title":{"rendered":"Gabarito Extraoficial IBAMA \u2013 Analista Ambiental &#8211; Tema 2"},"content":{"rendered":"\n<p>Aconteceram no \u00faltimo domingo, 30 de janeiro, as provas objetiva e discursiva do concurso IBAMA, para os cargos de T\u00e9cnico Ambiental, Analista Administrativo e Analista Ambiental.<\/p>\n\n\n\n<p>Com isso, a previs\u00e3o de divulga\u00e7\u00e3o do gabarito preliminar \u00e9 para amanh\u00e3, 1\u00ba de fevereiro, a partir das 19h no site do <a href=\"https:\/\/www.cebraspe.org.br\/concursos\/ibama_21\" target=\"_blank\" rel=\"noreferrer noopener\">Cebraspe<\/a>.<\/p>\n\n\n\n<p>Sabemos que a ansiedade para conhecer seus acertos e erros \u00e9 grande. Por isso, vamos realizar a corre\u00e7\u00e3o ao vivo e o gabarito extraoficial para o cargo de <strong><a href=\"https:\/\/youtu.be\/cQVMYlRwyao\" target=\"_blank\" rel=\"noreferrer noopener\">Analista Ambiental &#8211; Tema 2: Recupera\u00e7\u00e3o Ambiental, Monitoramento e Uso Sustent\u00e1vel da Biodiversidade, Controle e Fiscaliza\u00e7\u00e3o<\/a><\/strong>.<\/p>\n\n\n\n<h2 class=\"wp-block-heading\" id=\"h-gabarito-extraoficial-ibama-analista-ambiental-tema-2\">Gabarito Extraoficial IBAMA: Analista Ambiental &#8211; Tema 2:<\/h2>\n\n\n\n<p><strong>Quest\u00e3o 1:  <\/strong>A rela\u00e7\u00e3o da cultura com a cidadania e a\u2026<strong> <br \/>Gabarito:<\/strong> CERTO<\/p>\n\n\n\n<p><strong>Quest\u00e3o 2:<\/strong> Os sentidos do texto permitem afirmar que o termo &#8220;desculturiza\u00e7\u00e3o&#8221;\u2026<br \/><strong>Gabarito: <\/strong>ERRADO<\/p>\n\n\n\n<p><strong>Quest\u00e3o 3: <\/strong>O segundo per\u00edodo do primeiro par\u00e1grafo apresenta um\u2026<strong><br \/>Gabarito:<\/strong> CERTO<\/p>\n\n\n\n<p><strong>Quest\u00e3o 4: <\/strong>O emprego da express\u00e3o &#8220;\u00c9 (\u2026) que&#8221;, no quarto per\u00edodo\u2026<strong><br \/>Gabarito:<\/strong> CERTO <\/p>\n\n\n\n<p><strong>Quest\u00e3o 5: <\/strong>Os sentidos do segundo per\u00edodo do primeiro par\u00e1grafo seriam alterados\u2026<strong><br \/>Gabarito:<\/strong> ERRADO<\/p>\n\n\n\n<p><strong>Quest\u00e3o 6: <\/strong>A inser\u00e7\u00e3o de uma v\u00edrgula logo ap\u00f3s &#8220;Assim&#8221;, no in\u00edcio do primeiro par\u00e1grafo\u2026<br \/><strong>Gabarito: <\/strong>ERRADO <\/p>\n\n\n\n<p><strong>Quest\u00e3o 7: <\/strong>Seria mantida a coer\u00eancia do texto se a ora\u00e7\u00e3o\u2026<br \/><strong>Gabarito: <\/strong>CERTO<\/p>\n\n\n\n<p><strong>Quest\u00e3o 8: <\/strong>Em &#8220;roubando-lhe parte do ser&#8221; (quarto per\u00edodo do primeiro\u2026<strong><br \/>Gabarito:<\/strong> CERTO<\/p>\n\n\n\n<p><strong>Quest\u00e3o 9:<\/strong> A ora\u00e7\u00e3o &#8220;o que comanda as migra\u00e7\u00f5es&#8221; (segundo par\u00e1grafo) est\u00e1\u2026<strong><br \/>Gabarito:<\/strong>  ERRADO <\/p>\n\n\n\n<p><strong>Quest\u00e3o 10: <\/strong> Em &#8220;a cultura \u00e9 o que nos d\u00e1 a consci\u00eancia de pertencer a um\u2026<br \/>Gabarito:  ERRADO <\/p>\n\n\n\n<p><strong>Quest\u00e3o 11:<\/strong> Bancos de dados do modelo NoSQL s\u00e3o considerados\u2026<br \/><strong>Gabarito:<\/strong> ERRADO<\/p>\n\n\n\n<p><strong>Quest\u00e3o 12: <\/strong>Segundo a Lei n.\u00ba 12.527\/2011, pedido<strong> <\/strong>de acesso a informa\u00e7\u00e3o\u2026<strong><br \/>Gabarito:<\/strong> ERRADO<\/p>\n\n\n\n<p><strong>Quest\u00e3o 13: <\/strong>Dado com identifica\u00e7\u00e3o gen\u00e9tica ou biom\u00e9dica de pessoas\u2026<strong><br \/>Gabarito:<\/strong> CERTO<\/p>\n\n\n\n<p><strong>Quest\u00e3o 14: <\/strong>O Microsoft Office 365 utiliza IaaA (<em>infraestructure as a\u2026<\/em><strong><br \/>Gabarito:<\/strong> ERRADO<\/p>\n\n\n\n<p><strong>Quest\u00e3o 15: <\/strong>Em uma planilha Excel, a divis\u00e3o de qualquer n\u00famero por\u2026<strong><br \/>Gabarito:<\/strong> ERRADO<\/p>\n\n\n\n<p><strong>Quest\u00e3o 16:<\/strong> Em raz\u00e3o da essencialidade do direito ambiental, compete..<strong><br \/>Gabarito:<\/strong> ERRADO<\/p>\n\n\n\n<p><strong>Quest\u00e3o 17: <\/strong>Mediante lei ordin\u00e1ria federal, poder\u00e3o ser fixadas normas\u2026<strong><br \/>Gabarito:<\/strong> ERRADO <\/p>\n\n\n\n<p><strong>Quest\u00e3o 18: <\/strong>Diferentemente da responsabilidade civil ambiental, que \u00e9 da\u2026<strong><br \/>Gabarito:<\/strong> CERTO<\/p>\n\n\n\n<p><strong>Quest\u00e3o 19: <\/strong>De acordo com o entendimento do Superior Tribunal de\u2026<strong><br \/>Gabarito:<\/strong> ERRADO<\/p>\n\n\n\n<p><strong>Quest\u00e3o 20: <\/strong>A participa\u00e7\u00e3o dos cidad\u00e3os na elabora\u00e7\u00e3o de normas do\u2026<strong><br \/>Gabarito:<\/strong> CERTO<\/p>\n\n\n\n<p><strong>Quest\u00e3o 21: <\/strong>O aproveitamento dos recursos h\u00eddricos, a pesquisa e a lavra\u2026<strong><br \/>Gabarito:<\/strong> ERRADO<\/p>\n\n\n\n<p><strong>Quest\u00e3o 22: <\/strong>O IBAMA \u00e9 uma funda\u00e7\u00e3o p\u00fablica, servi\u00e7o aut\u00f4nomo criado\u2026<strong><br \/>Gabarito:<\/strong> ERRADO<\/p>\n\n\n\n<p><strong>Quest\u00e3o 23: <\/strong>Os servi\u00e7os econ\u00f4micos s\u00e3o aqueles que, embora\u2026<strong><br \/>Gabarito:<\/strong> CERTO<\/p>\n\n\n\n<p><strong>Quest\u00e3o 24: <\/strong>Para a contrata\u00e7\u00e3o de obras, servi\u00e7os e compras, o IBAMA\u2026<strong><br \/>Gabarito:<\/strong> CERTO<\/p>\n\n\n\n<p><strong>Quest\u00e3o 25: <\/strong>O IBAMA tem a prerrogativa legal de disponibilizar\u2026<strong><br \/>Gabarito:<\/strong> CERTO <\/p>\n\n\n\n<p><strong>Quest\u00e3o 26: <\/strong>Quando da apura\u00e7\u00e3o de responsabilidade por infra\u00e7\u00e3o\u2026<strong><br \/>Gabarito:<\/strong> CERTO<\/p>\n\n\n\n<p><strong>Quest\u00e3o 27: <\/strong>A assessoria ao presidente da Rep\u00fablica nas diretrizes\u2026<strong><br \/>Gabarito:<\/strong> CERTO <\/p>\n\n\n\n<p><strong>Quest\u00e3o 28: <\/strong>O Conselho Nacional da Amaz\u00f4nia Legal, cujas\u2026<strong><br \/>Gabarito:<\/strong> ERRADO<\/p>\n\n\n\n<p><strong>Quest\u00e3o 29: <\/strong>O fato de que o agente de crime ambiental comunicar\u2026<strong><br \/>Gabarito:<\/strong> CERTO<\/p>\n\n\n\n<p><strong>Quest\u00e3o 30:<\/strong> \u00c9 legalmente previsto que qualquer pessoas, ao constatar\u2026<strong><br \/>Gabarito:<\/strong> ERRADO<\/p>\n\n\n\n<p><strong>Quest\u00e3o 31: <\/strong>Embora os pantanais sejam \u00e1reas de uso restrito, \u00e9 permitida\u2026<strong><br \/>Gabarito:<\/strong> CERTO<\/p>\n\n\n\n<p><strong>Quest\u00e3o 32: <\/strong>O ordenamento dos recursos florestais e uma das atribui\u00e7\u00f5es\u2026<strong><br \/>Gabarito:<\/strong> CERTO<\/p>\n\n\n\n<p><strong>Quest\u00e3o 33: <\/strong>Desde que n\u00e3o sejam impostas restri\u00e7\u00f5es ao uso, \u00e9 permitida\u2026<strong><br \/>Gabarito:<\/strong> ERRADO<\/p>\n\n\n\n<p><strong>Quest\u00e3o 34: <\/strong>Como meio de assegurar a efetividade do direito de todos ao\u2026<strong><br \/>Gabarito:<\/strong> CERTO<\/p>\n\n\n\n<p><strong>Quest\u00e3o 35: <\/strong>O dano moral coletivo ambiental, embora atinja direitos da\u2026<strong><br \/>Gabarito:<\/strong> ERRADO<\/p>\n\n\n\n<p><strong>Quest\u00e3o 36: <\/strong>A altera\u00e7\u00e3o ou supress\u00e3o dos espa\u00e7os territoriais\u2026<strong><br \/>Gabarito:<\/strong> ERRADO<\/p>\n\n\n\n<p><strong>Quest\u00e3o 37: <\/strong>Embora n\u00e3o tenha <em>status <\/em>constitucional, o estudo de impacto\u2026<strong><br \/>Gabarito:<\/strong> ERRADO<\/p>\n\n\n\n<p><strong>Quest\u00e3o 38: <\/strong>Pelo princ\u00edpio do poluidor pagador, aquele que poluir dever\u00e1\u2026<strong><br \/>Gabarito:<\/strong> CERTO<\/p>\n\n\n\n<p><strong>Quest\u00e3o 39: <\/strong>O princ\u00edpio da preven\u00e7\u00e3o \u00e9 adotado pela Pol\u00edtica Nacional do\u2026<strong><br \/>Gabarito:<\/strong> ERRADO<\/p>\n\n\n\n<p><strong>Quest\u00e3o 40:<\/strong> Aquele a quem se impute um dano ambiental potencial\u2026<strong><br \/>Gabarito:<\/strong> CERTO<\/p>\n\n\n\n<p><strong>Quest\u00e3o 41: <\/strong>Em 2022, determinado programa de controle de polui\u00e7\u00e3o do ar\u2026<strong><br \/>Gabarito:<\/strong> ERRADO<\/p>\n\n\n\n<p><strong>Quest\u00e3o 42: <\/strong>Foi aberta consulta p\u00fablica para decis\u00e3o acerca da aloca\u00e7\u00e3o\u2026<strong><br \/>Gabarito:<\/strong> ERRADO<\/p>\n\n\n\n<p><strong>Quest\u00e3o 43: <\/strong>O poder p\u00fablico pretende estabelecer a cobran\u00e7a de tarifa de\u2026<strong><br \/>Gabarito:<\/strong> ERRADO<\/p>\n\n\n\n<p><strong>Quest\u00e3o 44: <\/strong>A partir de 2019, passou a ser cobrada uma taxa de entrada\u2026<strong><br \/>Gabarito:<\/strong> CERTO<\/p>\n\n\n\n<p><strong>Quest\u00e3o 45: <\/strong>Determinado projeto de lei prop\u00f5e que ve\u00edculos el\u00e9tricos ou\u2026<strong><br \/>Gabarito:<\/strong> CERTO<\/p>\n\n\n\n<p><strong>Quest\u00e3o 46: <\/strong>A atua\u00e7\u00e3o do superior hier\u00e1rquico, nesse caso, constitui ato\u2026<strong><br \/>Gabarito:<\/strong> ERRADO<\/p>\n\n\n\n<p><strong>Quest\u00e3o 47: <\/strong>Tal conduta do superior hier\u00e1rquico \u00e9 expressamente vedada\u2026<strong><br \/>Gabarito:<\/strong> CERTO<\/p>\n\n\n\n<p><strong>Quest\u00e3o 48: <\/strong>Tal conduta do superior hier\u00e1rquico configurar\u00e1 ato de\u2026<strong><br \/>Gabarito:<\/strong> CERTO<\/p>\n\n\n\n<p><strong>Quest\u00e3o 49: <\/strong>Tal conduta poder\u00e1 carretar penalidade de demiss\u00e3o ao\u2026<strong><br \/>Gabarito:<\/strong> ERRADO<\/p>\n\n\n\n<p><strong>Quest\u00e3o 50: <\/strong>Trata-se de conduta expressamente proibida pela referida lei\u2026<strong><br \/>Gabarito:<\/strong> CERTO<\/p>\n\n\n\n<p><strong>Quest\u00e3o 51<\/strong>: Al\u00e9m das atividades de elabora\u00e7\u00e3o, acompanhamento e avalia\u00e7\u00e3o\u2026<br \/><strong>Gabarito:<\/strong> CERTO<\/p>\n\n\n\n<p><strong>Quest\u00e3o 52:<\/strong> A atividade de auditoria interna governamental, que tem\u2026<br \/><strong>Gabarito:<\/strong>  CERTO  <\/p>\n\n\n\n<p><strong>Quest\u00e3o 53:<\/strong> A realiza\u00e7\u00e3o de auditoria interna demanda que a alta\u2026<br \/><strong>Gabarito:<\/strong> ERRADO <\/p>\n\n\n\n<p><strong>Quest\u00e3o 54:<\/strong> As estrat\u00e9gias, os objetivos as prioridades e as metas da\u2026<br \/><strong>Gabarito:<\/strong> CERTO  <\/p>\n\n\n\n<p><strong>Quest\u00e3o 55:<\/strong> Sob pena de violar o princ\u00edpio da autonomia, \u00e9 vedada, nas\u2026<br \/><strong>Gabarito:<\/strong>  ERRADO  <\/p>\n\n\n\n<p><strong>Quest\u00e3o 56: <\/strong>A auditoria ambiental, embora envolva objeto espec\u00edfico\u2026<strong><br \/>Gabarito:<\/strong> ERRADO   <\/p>\n\n\n\n<p><strong>Quest\u00e3o 57: <\/strong>Embora n\u00e3o seja necess\u00e1rio, \u00e9 desej\u00e1vel que seja conhecido\u2026<strong><br \/>Gabarito:<\/strong> ERRADO   <\/p>\n\n\n\n<p><strong>Quest\u00e3o 58: <\/strong>As t\u00e9cnicas e os procedimentos a serem utilizados na\u2026<strong><br \/>Gabarito:<\/strong> CERTO   <\/p>\n\n\n\n<p><strong>Quest\u00e3o 59: <\/strong>A auditoria ambiental de conformidade tem por objetivo\u2026<strong><br \/>Gabarito:<\/strong> CERTO   <\/p>\n\n\n\n<p><strong>Quest\u00e3o 60: <\/strong>A auditoria ambiental de natureza operacional inclui, al\u00e9m\u2026<strong><br \/>Gabarito:<\/strong> CERTO   <\/p>\n\n\n\n<p><strong>Quest\u00e3o 61: <\/strong>Somente o destinador de res\u00edduos para reciclagem poder\u00e1\u2026<strong><br \/>Gabarito:<\/strong> CERTO   <\/p>\n\n\n\n<p><strong>Quest\u00e3o 62: <\/strong>Por destina\u00e7\u00e3o normativa, importadores de res\u00edduos s\u00e3o os\u2026<strong><br \/>Gabarito:<\/strong> ERRADO    <\/p>\n\n\n\n<p><strong>Quest\u00e3o 63: <\/strong>Para configurar movimento transfronteiri\u00e7o, o movimento de\u2026<strong><br \/>Gabarito:<\/strong> CERTO     <\/p>\n\n\n\n<p><strong>Quest\u00e3o 64:<\/strong> Qualquer movimento transfronteiri\u00e7o de res\u00edduos dever\u00e1 ser\u2026<strong><br \/>Gabarito:<\/strong> CERTO    <\/p>\n\n\n\n<p><strong>Quest\u00e3o 65: <\/strong>A classifica\u00e7\u00e3o como res\u00edduo de carga importada depende de\u2026<strong><br \/>Gabarito:<\/strong> CERTO     <\/p>\n\n\n\n<p><strong>Quest\u00e3o 66: <\/strong>O est\u00edmulo ao consumo sustent\u00e1vel constitui um dos\u2026<strong><br \/>Gabarito:<\/strong> ERRADO     <\/p>\n\n\n\n<p><strong>Quest\u00e3o 67: <\/strong>A implementa\u00e7\u00e3o e operacionaliza\u00e7\u00e3o dos sistemas de\u2026<strong><br \/>Gabarito:<\/strong> ERRADO     <\/p>\n\n\n\n<p><strong>Quest\u00e3o 68: <\/strong>No caso de uma empresa ter sido contemplada com recursos\u2026<strong><br \/>Gabarito:<\/strong> ERRADO      <\/p>\n\n\n\n<p><strong>Quest\u00e3o 69: <\/strong>O consumidor de subst\u00e2ncia controlada n\u00e3o \u00e9 considerado\u2026<strong><br \/>Gabarito:<\/strong> CERTO      <\/p>\n\n\n\n<p><strong>Quest\u00e3o 70: <\/strong>Por disposi\u00e7\u00e3o normativa, \u00e9 vedado ao Brasil denunciar o<strong>\u2026<br \/>Gabarito:<\/strong> ERRADO      <\/p>\n\n\n\n<p><strong>Quest\u00e3o 71: <\/strong>Se uma pessoa causar polui\u00e7\u00e3o de qualquer natureza em\u2026<strong><br \/>Gabarito:<\/strong> CERTO       <\/p>\n\n\n\n<p><strong>Quest\u00e3o 72: <\/strong>A pena pelo crime ambiental de apanhar esp\u00e9cime da fauna\u2026<strong><br \/>Gabarito:<\/strong> CERTO       <\/p>\n\n\n\n<p><strong>Quest\u00e3o 73: <\/strong>Um estado da Federa\u00e7\u00e3o ter\u00e1 compet\u00eancia para promover, no<strong><br \/>Gabarito:<\/strong> ERRADO <\/p>\n\n\n\n<p><strong>Quest\u00e3o 74: <\/strong>Suponha que uma pessoa tenha sido multada por ter\u2026<strong><br \/>Gabarito:<\/strong> CERTO       <\/p>\n\n\n\n<p><strong>Quest\u00e3o 75: <\/strong>A<strong> <\/strong>institui\u00e7\u00e3o, por ente federado, da cobran\u00e7a de taxa..<strong><br \/>Gabarito:<\/strong> ERRADO<\/p>\n\n\n\n<p><strong>Quest\u00e3o 76: <\/strong>No \u00e2mbito do processo administrativo fiscal, o Conselho\u2026<strong><br \/>Gabarito:<\/strong> CERTO<\/p>\n\n\n\n<p><strong>Quest\u00e3o 77: <\/strong>Uma sociedade empres\u00e1ria que exerce mais de uma\u2026<strong><br \/>Gabarito:<\/strong> CERTO <\/p>\n\n\n\n<p><strong>Quest\u00e3o 78: <\/strong>Para elabora\u00e7\u00e3o do projeto de recupera\u00e7\u00e3o de \u00e1rea degradada\u2026<strong><br \/>Gabarito:<\/strong> ERRADO  <\/p>\n\n\n\n<p><strong>Quest\u00e3o 79: <\/strong>Se um estado da Federa\u00e7\u00e3o criar uma esta\u00e7\u00e3o ecol\u00f3gica, a\u2026<strong><br \/>Gabarito:<\/strong> ERRADO <\/p>\n\n\n\n<p><strong>Quest\u00e3o 80: <\/strong>Suponha que determinado grupo de pessoas tenha invadido\u2026<strong><br \/>Gabarito:<\/strong> ERRADO  <\/p>\n\n\n\n<p><strong>Quest\u00e3o 81:<\/strong> Para aderir ao Programa de Regulariza\u00e7\u00e3o Ambiental (PRA)\u2026<strong><br \/>Gabarito:<\/strong> CERTO<\/p>\n\n\n\n<p><strong>Quest\u00e3o 82: <\/strong>A venda de agrot\u00f3xico por sociedade empres\u00e1ria diretamente\u2026<strong><br \/>Gabarito:<\/strong> CERTO <\/p>\n\n\n\n<p><strong>Quest\u00e3o 83: <\/strong>O uso de fogo em vegeta\u00e7\u00e3o \u00e9 proibido, salvo o emprego da\u2026<strong><br \/>Gabarito:<\/strong> ERRADO   <\/p>\n\n\n\n<p><strong>Quest\u00e3o 84: <\/strong>As importa\u00e7\u00f5es efetuadas com amparo dos benef\u00edcios da\u2026<strong><br \/>Gabarito:<\/strong> ERRADO   <\/p>\n\n\n\n<p><strong>Quest\u00e3o 85: <\/strong>Ao pactuarem a Conven\u00e7\u00e3o de Estocolmo, os pa\u00edses\u2026<strong><br \/>Gabarito:<\/strong> CERTO<\/p>\n\n\n\n<p><strong>Quest\u00e3o 86: <\/strong>Segundo a Conven\u00e7\u00e3o de Roterd\u00e3, subst\u00e2ncia qu\u00edmica\u2026<strong><br \/>Gabarito:<\/strong> ERRADO    <\/p>\n\n\n\n<p><strong>Quest\u00e3o 87: <\/strong>O Fundo Nacional sobre Mudan\u00e7a do Clima (FNMC) \u00e9 de\u2026<strong><br \/>Gabarito:<\/strong> CERTO <\/p>\n\n\n\n<p><strong>Quest\u00e3o 88: <\/strong>Para ser autorizado a produzir eletrodom\u00e9stico que gere\u2026<strong><br \/>Gabarito:<\/strong> ERRADO     <\/p>\n\n\n\n<p><strong>Quest\u00e3o 89: <\/strong>O IBAMA \u00e9 respons\u00e1vel pela coordena\u00e7\u00e3o do Programa\u2026<strong><br \/>Gabarito:<\/strong> ERRADO     <\/p>\n\n\n\n<p><strong>Quest\u00e3o 90: <\/strong>O gerenciamento direto do Programa Nacional de Controle\u2026<strong><br \/>Gabarito:<\/strong> ERRADO     <\/p>\n\n\n\n<p><strong>Quest\u00e3o 91: <\/strong>Cessada a criminaliza\u00e7\u00e3o do tipo penal do curso da a\u00e7\u00e3o\u2026<strong><br \/>Gabarito:<\/strong> CERTO<\/p>\n\n\n\n<p><strong>Quest\u00e3o 92: <\/strong>As circunst\u00e2ncias de prazo fixadas na lei s\u00e3o elementos\u2026<strong><br \/>Gabarito:<\/strong> CERTO  <\/p>\n\n\n\n<p><strong>Quest\u00e3o 93: <\/strong>Para efeitos penais, o dia inicial do prazo de cumprimento da\u2026<strong><br \/>Gabarito:<\/strong> ERRADO       <\/p>\n\n\n\n<p><strong>Quest\u00e3o 94: <\/strong>O tempo de cumprimento da pena come\u00e7ou a contar a partir\u2026<strong><br \/>Gabarito:<\/strong> ERRADO      <\/p>\n\n\n\n<p><strong>Quest\u00e3o 95: <\/strong>Caso se trate de coa\u00e7\u00e3o f\u00edsica absoluta, estar\u00e1 exclu\u00edda a\u2026<strong><br \/>Gabarito:<\/strong> CERTO <\/p>\n\n\n\n<p><strong>Quest\u00e3o 96: <\/strong>Caso se trate de coa\u00e7\u00e3o moral resist\u00edvel, o cidad\u00e3o coagido\u2026<strong><br \/>Gabarito:<\/strong> ERRADO <\/p>\n\n\n\n<p><strong>Quest\u00e3o 97: <\/strong>Caso se trate de coa\u00e7\u00e3o irresist\u00edvel tanto moral quanto f\u00edsica\u2026<strong><br \/>Gabarito:<\/strong> CERTO  <\/p>\n\n\n\n<p><strong>Quest\u00e3o 98: <\/strong>Caso se trate de coa\u00e7\u00e3o moral irresist\u00edvel, a culpabilidade do\u2026<strong><br \/>Gabarito:<\/strong> CERTO  <\/p>\n\n\n\n<p><strong>Quest\u00e3o 99: <\/strong>Um cidad\u00e3o que iniciar a execu\u00e7\u00e3o de um crime, todavia\u2026<strong><br \/>Gabarito:<\/strong> ERRADO   <\/p>\n\n\n\n<p><strong>Quest\u00e3o 100: <\/strong>Os crimes culposos e os habituais n\u00e3o admitem a figura\u2026<strong><br \/>Gabarito:<\/strong> CERTO<\/p>\n\n\n\n<p><strong>Quest\u00e3o 101: <\/strong>Para a puni\u00e7\u00e3o da tentativa delituosa, o C\u00f3digo Penal aplica,\u2026<strong><br \/>Gabarito:<\/strong> ERRADO<\/p>\n\n\n\n<p><strong>Quest\u00e3o 102: <\/strong>Para a configura\u00e7\u00e3o do crime consumado, \u00e9 exigido o seu\u2026<strong><br \/>Gabarito:<\/strong>  ERRADO <\/p>\n\n\n\n<p><strong>Quest\u00e3o 103: <\/strong>Considere que uma mulher penalmente imput\u00e1vel tenha\u2026<strong><br \/>Gabarito:<\/strong> CERTO <\/p>\n\n\n\n<p><strong>Quest\u00e3o 104: <\/strong>Diferentemente do estado de necessidade em que o\u2026<strong><br \/>Gabarito:<\/strong> ERRADO<\/p>\n\n\n\n<p><strong>Quest\u00e3o 105: <\/strong>A leg\u00edtima defesa \u00e9 admitida contra quem pratica a agress\u00e3o\u2026<strong><br \/>Gabarito:<\/strong> CERTO<\/p>\n\n\n\n<p><strong>Quest\u00e3o 106: <\/strong>Celso n\u00e3o tinha plena capacidade de entender o car\u00e1ter il\u00edcito\u2026<strong><br \/>Gabarito:<\/strong> ERRADO  <\/p>\n\n\n\n<p><strong>Quest\u00e3o 107: <\/strong>Bruna \u00e9 respons\u00e1vel pelos fatos ocorridos na cada, inclusive\u2026<strong><br \/>Gabarito:<\/strong>  ERRADO   <\/p>\n\n\n\n<p><strong>Quest\u00e3o 108: <\/strong>As circunst\u00e2ncias de car\u00e1ter pessoal de Celso se comunicam\u2026<strong><br \/>Gabarito:<\/strong> ERRADO   <\/p>\n\n\n\n<p><strong>Quest\u00e3o 109: <\/strong>Eventual lei nova que aumente a pena do crime imputado a\u2026<strong><br \/>Gabarito:<\/strong> CERTO  <\/p>\n\n\n\n<p><strong>Quest\u00e3o 110: <\/strong>Sendo presa e dando \u00e0 luz no pres\u00eddio, Bruna ter\u00e1 o direito\u2026<strong><br \/>Gabarito:<\/strong>  CERTO    <\/p>\n\n\n\n<p><strong>Quest\u00e3o 111: <\/strong>Em observ\u00e2ncia aos princ\u00edpios da inoc\u00eancia e da ampla\u2026<strong><br \/>Gabarito:<\/strong> ERRADO    <\/p>\n\n\n\n<p><strong>Quest\u00e3o 112: <\/strong>A a\u00e7\u00e3o controlada ser\u00e1 previamente comunicada, com\u2026<strong><br \/>Gabarito:<\/strong> CERTO      <\/p>\n\n\n\n<p><strong>Quest\u00e3o 113: <\/strong>Entre os requisitos que definem uma organiza\u00e7\u00e3o criminosa\u2026<strong><br \/>Gabarito:<\/strong> CERTO       <\/p>\n\n\n\n<p><strong>Quest\u00e3o 114: <\/strong>Agente policial n\u00e3o ser\u00e1 punido por te cometido condutas\u2026<strong><br \/>Gabarito:<\/strong> ERRADO     <\/p>\n\n\n\n<p><strong>Quest\u00e3o 115: <\/strong>As tratativas sobre colabora\u00e7\u00e3o premiada devem ser\u2026<strong><br \/>Gabarito:<\/strong> CERTO        <\/p>\n\n\n\n<p><strong>Quest\u00e3o 116: <\/strong>\u00c9 at\u00edpica a conduta descrita em lei como abuso de autoridade\u2026<strong><br \/>Gabarito:<\/strong> ERRADO      <\/p>\n\n\n\n<p><strong>Quest\u00e3o 117: <\/strong>O agente respons\u00e1vel pela investiga\u00e7\u00f5es que antecipar, por\u2026<strong><br \/>Gabarito:<\/strong> CERTO          <\/p>\n\n\n\n<p><strong>Quest\u00e3o 118: <\/strong>A perda e a inabilita\u00e7\u00e3o do agente para o exerc\u00edcio de cargo\u2026<strong><br \/>Gabarito:<\/strong> ERRADO       <\/p>\n\n\n\n<p><strong>Quest\u00e3o 119: <\/strong>\u00c9 il\u00edcita a conduta de agente p\u00fablico negar a interessado\u2026<strong><br \/>Gabarito:<\/strong> ERRADO       <\/p>\n\n\n\n<p><strong>Quest\u00e3o 120: <\/strong>As responsabilidades civil e administrativa s\u00e3o\u2026<strong><br \/>Gabarito:<\/strong> CERTO           <\/p>\n\n\n\n<figure class=\"wp-block-image aligncenter size-large is-resized\"><img loading=\"lazy\" decoding=\"async\" src=\"https:\/\/dhg1h5j42swfq.cloudfront.net\/2020\/09\/18141901\/Coruja_Concursos%404x-506x1024.png\" alt=\"Gabarito Extraoficial IBAMA \u2013 Analista Ambiental - Tema 2:\" class=\"wp-image-574355\" width=\"37\" height=\"75\" srcset=\"https:\/\/dhg1h5j42swfq.cloudfront.net\/2020\/09\/18141901\/Coruja_Concursos%404x-506x1024.png 506w, https:\/\/dhg1h5j42swfq.cloudfront.net\/2020\/09\/18141901\/Coruja_Concursos%404x-148x300.png 148w, https:\/\/dhg1h5j42swfq.cloudfront.net\/2020\/09\/18141901\/Coruja_Concursos%404x-610x1236.png 610w, https:\/\/dhg1h5j42swfq.cloudfront.net\/2020\/09\/18141901\/Coruja_Concursos%404x.png 745w\" sizes=\"auto, (max-width: 37px) 100vw, 37px\" \/><\/figure>\n\n\n\n<p class=\"has-text-align-center has-luminous-vivid-amber-background-color has-background has-medium-font-size\"><strong>Mais informa\u00e7\u00f5es: <a href=\"https:\/\/www.estrategiaconcursos.com.br\/blog\/concurso-ibama\/\" target=\"_blank\" rel=\"noreferrer noopener\">Concurso IBAMA<\/a><\/strong><\/p>\n\n\n\n<div class=\"container\" id=\"boxes\">\n  <div class=\"row\">\n\n    <div class=\"col-sm\">\n      <div class=\"banner-estrategia\" id=\"box-assinatura\">\n        <h3 class=\"titulo-assinatura\">Cursos para IBAMA<\/h3>\n        <p class=\"subtitulo-assinatura\">Estude conosco<\/p>\n        <div class=\"box-botao\">\n          <a class=\"btn-assinatura\" target=\"_blank\" href=\"https:\/\/www.estrategiaconcursos.com.br\/cursosPorConcurso\/ibama-analista-61\/\" role=\"button\" rel=\"noopener noreferrer\">Conhe\u00e7a os cursos<\/a>\n        <\/div>\n      <\/div>\n     \n    <\/div>\n\n  <\/div>\n<\/div>\n\n\n\n<div class=\"container\" id=\"boxes\">\n  <div class=\"row\">\n\n    <div class=\"col-sm\">\n      <div class=\"estrategia\" id=\"box-assinatura\">\n        <h3 class=\"titulo-assinatura\">Assinatura Concursos<\/h3>\n        <p class=\"subtitulo-assinatura\">Assinatura de 1 ano ou 2 anos<\/p>\n        <div class=\"box-botao\">\n          <a class=\"btn-assinatura\" target=\"_blank\" href=\"https:\/\/www.estrategiaconcursos.com.br\/assinaturas\/\" role=\"button\" rel=\"noopener noreferrer\">ASSINE AGORA<\/a>\n        <\/div>\n      <\/div><\/div><\/div><\/div>\n\n\n\n<h2 class=\"has-text-align-center wp-block-heading\">Quer saber tudo sobre concursos previstos?<br \/>Confira nossos artigos!<\/h2>\n\n\n\n<ul class=\"wp-block-list\">\n<li><a target=\"_blank\" href=\"https:\/\/www.estrategiaconcursos.com.br\/blog\/concursos-abertos\/\" rel=\"noreferrer noopener\">Concursos abertos<\/a><\/li>\n\n\n\n<li><a target=\"_blank\" href=\"https:\/\/www.estrategiaconcursos.com.br\/blog\/concursos-2022\/\" rel=\"noreferrer noopener\">Concursos 2022<\/a><\/li>\n<\/ul>\n","protected":false},"excerpt":{"rendered":"<p>Aconteceram no \u00faltimo domingo, 30 de janeiro, as provas objetiva e discursiva do concurso IBAMA, para os cargos de T\u00e9cnico Ambiental, Analista Administrativo e Analista Ambiental. Com isso, a previs\u00e3o de divulga\u00e7\u00e3o do gabarito preliminar \u00e9 para amanh\u00e3, 1\u00ba de fevereiro, a partir das 19h no site do Cebraspe. Sabemos que a ansiedade para conhecer [&hellip;]<\/p>\n","protected":false},"author":659,"featured_media":956092,"comment_status":"open","ping_status":"closed","sticky":false,"template":"","format":"standard","meta":{"post_tipo":"news","footnotes":""},"categories":[214992,220219],"tags":[],"tax_estado":[219963],"class_list":["post-956090","post","type-post","status-publish","format-standard","has-post-thumbnail","hentry","category-concursos-administrativos","category-noticias","tax_estado-concursos-federais"],"acf":[],"yoast_head":"<!-- This site is optimized with the Yoast SEO Premium plugin v27.2 (Yoast SEO v27.2) - https:\/\/yoast.com\/product\/yoast-seo-premium-wordpress\/ -->\n<title>Gabarito Extraoficial IBAMA \u2013 Analista Ambiental - Tema 2<\/title>\n<meta name=\"description\" content=\"Concurso IBAMA: Confira a corre\u00e7\u00e3o da prova com o gabarito extraoficial para o cargo de Analista Ambiental - Tema 2.\" \/>\n<meta name=\"robots\" content=\"index, follow, max-snippet:-1, max-image-preview:large, max-video-preview:-1\" \/>\n<link rel=\"canonical\" href=\"https:\/\/www.estrategiaconcursos.com.br\/blog\/gabarito-extraoficial-ibama-analista-ambiental-tema-2\/\" \/>\n<meta property=\"og:locale\" content=\"pt_BR\" \/>\n<meta property=\"og:type\" content=\"article\" \/>\n<meta property=\"og:title\" content=\"Gabarito Extraoficial IBAMA \u2013 Analista Ambiental - Tema 2\" \/>\n<meta property=\"og:description\" content=\"Concurso IBAMA: Confira a corre\u00e7\u00e3o da prova com o gabarito extraoficial para o cargo de Analista Ambiental - Tema 2.\" \/>\n<meta property=\"og:url\" content=\"https:\/\/www.estrategiaconcursos.com.br\/blog\/gabarito-extraoficial-ibama-analista-ambiental-tema-2\/\" \/>\n<meta property=\"og:site_name\" content=\"Estrat\u00e9gia Concursos\" \/>\n<meta property=\"article:published_time\" content=\"2022-01-31T11:00:00+00:00\" \/>\n<meta property=\"article:modified_time\" content=\"2023-03-22T13:00:20+00:00\" \/>\n<meta property=\"og:image\" content=\"https:\/\/dhg1h5j42swfq.cloudfront.net\/2022\/01\/27110109\/ibama-2.jpg\" \/>\n\t<meta property=\"og:image:width\" content=\"1276\" \/>\n\t<meta property=\"og:image:height\" content=\"651\" \/>\n\t<meta property=\"og:image:type\" content=\"image\/jpeg\" \/>\n<meta name=\"author\" content=\"Camila Leite\" \/>\n<meta name=\"twitter:card\" content=\"summary_large_image\" \/>\n<meta name=\"twitter:creator\" content=\"@EstratConcursos\" \/>\n<meta name=\"twitter:site\" content=\"@EstratConcursos\" \/>\n<meta name=\"twitter:label1\" content=\"Escrito por\" \/>\n\t<meta name=\"twitter:data1\" content=\"Camila Leite\" \/>\n\t<meta name=\"twitter:label2\" content=\"Est. tempo de leitura\" \/>\n\t<meta name=\"twitter:data2\" content=\"10 minutos\" \/>\n<script type=\"application\/ld+json\" class=\"yoast-schema-graph\">{\"@context\":\"https:\/\/schema.org\",\"@graph\":[{\"@type\":\"NewsArticle\",\"@id\":\"https:\/\/www.estrategiaconcursos.com.br\/blog\/gabarito-extraoficial-ibama-analista-ambiental-tema-2\/#article\",\"isPartOf\":{\"@id\":\"https:\/\/www.estrategiaconcursos.com.br\/blog\/gabarito-extraoficial-ibama-analista-ambiental-tema-2\/\"},\"author\":{\"name\":\"Camila Leite\",\"@id\":\"https:\/\/www.estrategiaconcursos.com.br\/blog\/#\/schema\/person\/84ecdc6eb58d3cf1689bf76c5cd8fb38\"},\"headline\":\"Gabarito Extraoficial IBAMA \u2013 Analista Ambiental &#8211; Tema 2\",\"datePublished\":\"2022-01-31T11:00:00+00:00\",\"dateModified\":\"2023-03-22T13:00:20+00:00\",\"mainEntityOfPage\":{\"@id\":\"https:\/\/www.estrategiaconcursos.com.br\/blog\/gabarito-extraoficial-ibama-analista-ambiental-tema-2\/\"},\"wordCount\":1854,\"commentCount\":0,\"publisher\":{\"@id\":\"https:\/\/www.estrategiaconcursos.com.br\/blog\/#organization\"},\"image\":{\"@id\":\"https:\/\/www.estrategiaconcursos.com.br\/blog\/gabarito-extraoficial-ibama-analista-ambiental-tema-2\/#primaryimage\"},\"thumbnailUrl\":\"https:\/\/dhg1h5j42swfq.cloudfront.net\/2022\/01\/27110109\/ibama-2.jpg\",\"articleSection\":[\"Executivo (Administrativa)\",\"\u00daltimas not\u00edcias\"],\"inLanguage\":\"pt-BR\",\"potentialAction\":[{\"@type\":\"CommentAction\",\"name\":\"Comment\",\"target\":[\"https:\/\/www.estrategiaconcursos.com.br\/blog\/gabarito-extraoficial-ibama-analista-ambiental-tema-2\/#respond\"]}],\"copyrightYear\":\"2022\",\"copyrightHolder\":{\"@id\":\"https:\/\/www.estrategiaconcursos.com.br\/blog\/#organization\"}},{\"@type\":\"WebPage\",\"@id\":\"https:\/\/www.estrategiaconcursos.com.br\/blog\/gabarito-extraoficial-ibama-analista-ambiental-tema-2\/\",\"url\":\"https:\/\/www.estrategiaconcursos.com.br\/blog\/gabarito-extraoficial-ibama-analista-ambiental-tema-2\/\",\"name\":\"Gabarito Extraoficial IBAMA \u2013 Analista Ambiental - Tema 2\",\"isPartOf\":{\"@id\":\"https:\/\/www.estrategiaconcursos.com.br\/blog\/#website\"},\"primaryImageOfPage\":{\"@id\":\"https:\/\/www.estrategiaconcursos.com.br\/blog\/gabarito-extraoficial-ibama-analista-ambiental-tema-2\/#primaryimage\"},\"image\":{\"@id\":\"https:\/\/www.estrategiaconcursos.com.br\/blog\/gabarito-extraoficial-ibama-analista-ambiental-tema-2\/#primaryimage\"},\"thumbnailUrl\":\"https:\/\/dhg1h5j42swfq.cloudfront.net\/2022\/01\/27110109\/ibama-2.jpg\",\"datePublished\":\"2022-01-31T11:00:00+00:00\",\"dateModified\":\"2023-03-22T13:00:20+00:00\",\"description\":\"Concurso IBAMA: Confira a corre\u00e7\u00e3o da prova com o gabarito extraoficial para o cargo de Analista Ambiental - Tema 2.\",\"breadcrumb\":{\"@id\":\"https:\/\/www.estrategiaconcursos.com.br\/blog\/gabarito-extraoficial-ibama-analista-ambiental-tema-2\/#breadcrumb\"},\"inLanguage\":\"pt-BR\",\"potentialAction\":[{\"@type\":\"ReadAction\",\"target\":[\"https:\/\/www.estrategiaconcursos.com.br\/blog\/gabarito-extraoficial-ibama-analista-ambiental-tema-2\/\"]}]},{\"@type\":\"ImageObject\",\"inLanguage\":\"pt-BR\",\"@id\":\"https:\/\/www.estrategiaconcursos.com.br\/blog\/gabarito-extraoficial-ibama-analista-ambiental-tema-2\/#primaryimage\",\"url\":\"https:\/\/dhg1h5j42swfq.cloudfront.net\/2022\/01\/27110109\/ibama-2.jpg\",\"contentUrl\":\"https:\/\/dhg1h5j42swfq.cloudfront.net\/2022\/01\/27110109\/ibama-2.jpg\",\"width\":1276,\"height\":651},{\"@type\":\"BreadcrumbList\",\"@id\":\"https:\/\/www.estrategiaconcursos.com.br\/blog\/gabarito-extraoficial-ibama-analista-ambiental-tema-2\/#breadcrumb\",\"itemListElement\":[{\"@type\":\"ListItem\",\"position\":1,\"name\":\"In\u00edcio\",\"item\":\"https:\/\/www.estrategiaconcursos.com.br\/blog\/\"},{\"@type\":\"ListItem\",\"position\":2,\"name\":\"Gabarito Extraoficial IBAMA \u2013 Analista Ambiental &#8211; Tema 2\"}]},{\"@type\":\"WebSite\",\"@id\":\"https:\/\/www.estrategiaconcursos.com.br\/blog\/#website\",\"url\":\"https:\/\/www.estrategiaconcursos.com.br\/blog\/\",\"name\":\"Estrat\u00e9gia Concursos\",\"description\":\"O blog da Estrat\u00e9gia Concursos traz not\u00edcias sobre concursos e artigos de professores oferecendo cursos para concursos (pdf + videaulas) no site.\",\"publisher\":{\"@id\":\"https:\/\/www.estrategiaconcursos.com.br\/blog\/#organization\"},\"potentialAction\":[{\"@type\":\"SearchAction\",\"target\":{\"@type\":\"EntryPoint\",\"urlTemplate\":\"https:\/\/www.estrategiaconcursos.com.br\/blog\/?s={search_term_string}\"},\"query-input\":{\"@type\":\"PropertyValueSpecification\",\"valueRequired\":true,\"valueName\":\"search_term_string\"}}],\"inLanguage\":\"pt-BR\"},{\"@type\":\"Organization\",\"@id\":\"https:\/\/www.estrategiaconcursos.com.br\/blog\/#organization\",\"name\":\"Estrat\u00e9gia Concursos\",\"url\":\"https:\/\/www.estrategiaconcursos.com.br\/blog\/\",\"logo\":{\"@type\":\"ImageObject\",\"inLanguage\":\"pt-BR\",\"@id\":\"https:\/\/www.estrategiaconcursos.com.br\/blog\/#\/schema\/logo\/image\/\",\"url\":\"https:\/\/dhg1h5j42swfq.cloudfront.net\/2025\/06\/03203428\/logo_concursos-1.jpg\",\"contentUrl\":\"https:\/\/dhg1h5j42swfq.cloudfront.net\/2025\/06\/03203428\/logo_concursos-1.jpg\",\"width\":230,\"height\":60,\"caption\":\"Estrat\u00e9gia Concursos\"},\"image\":{\"@id\":\"https:\/\/www.estrategiaconcursos.com.br\/blog\/#\/schema\/logo\/image\/\"},\"sameAs\":[\"https:\/\/x.com\/EstratConcursos\"]},{\"@type\":\"Person\",\"@id\":\"https:\/\/www.estrategiaconcursos.com.br\/blog\/#\/schema\/person\/84ecdc6eb58d3cf1689bf76c5cd8fb38\",\"name\":\"Camila Leite\",\"image\":{\"@type\":\"ImageObject\",\"inLanguage\":\"pt-BR\",\"@id\":\"https:\/\/secure.gravatar.com\/avatar\/f2f8faef639c8a2bfb7fb909912a56917f4c3a0aed064500168e2fb8ea55cf61?s=96&d=mm&r=g\",\"url\":\"https:\/\/secure.gravatar.com\/avatar\/f2f8faef639c8a2bfb7fb909912a56917f4c3a0aed064500168e2fb8ea55cf61?s=96&d=mm&r=g\",\"contentUrl\":\"https:\/\/secure.gravatar.com\/avatar\/f2f8faef639c8a2bfb7fb909912a56917f4c3a0aed064500168e2fb8ea55cf61?s=96&d=mm&r=g\",\"caption\":\"Camila Leite\"},\"description\":\"Formada em Design Gr\u00e1fico e em Propaganda e Marketing pela UNIP, integra a equipe de jornalismo do Estrat\u00e9gia Concursos desde 2018. Ao longo dos anos, construiu uma s\u00f3lida experi\u00eancia na produ\u00e7\u00e3o de conte\u00fado informativo e relevante para concurseiros. Desde 2020, atua na cobertura das \u00e1reas Fiscal \u2014 com \u00eanfase nas Secretarias de Fazenda (Sefaz) das regi\u00f5es Sul e Sudeste \u2014, al\u00e9m da cobertura de concursos federais, como CNU, Petrobras, CGU, Receita Federal, ag\u00eancias reguladoras (Anvisa, ANAC, entre outras) e INSS. Mant\u00e9m contato direto com os principais \u00f3rg\u00e3os p\u00fablicos, acompanhando editais, atualiza\u00e7\u00f5es e movimenta\u00e7\u00f5es importantes para os candidatos.\",\"sameAs\":[\"https:\/\/www.linkedin.com\/in\/camila-pinheiro-leite-9ba135b6\/\"],\"url\":\"https:\/\/www.estrategiaconcursos.com.br\/blog\/author\/camila-leiteestrategiaconcursos-com-br\/\"}]}<\/script>\n<!-- \/ Yoast SEO Premium plugin. -->","yoast_head_json":{"title":"Gabarito Extraoficial IBAMA \u2013 Analista Ambiental - Tema 2","description":"Concurso IBAMA: Confira a corre\u00e7\u00e3o da prova com o gabarito extraoficial para o cargo de Analista Ambiental - Tema 2.","robots":{"index":"index","follow":"follow","max-snippet":"max-snippet:-1","max-image-preview":"max-image-preview:large","max-video-preview":"max-video-preview:-1"},"canonical":"https:\/\/www.estrategiaconcursos.com.br\/blog\/gabarito-extraoficial-ibama-analista-ambiental-tema-2\/","og_locale":"pt_BR","og_type":"article","og_title":"Gabarito Extraoficial IBAMA \u2013 Analista Ambiental - Tema 2","og_description":"Concurso IBAMA: Confira a corre\u00e7\u00e3o da prova com o gabarito extraoficial para o cargo de Analista Ambiental - Tema 2.","og_url":"https:\/\/www.estrategiaconcursos.com.br\/blog\/gabarito-extraoficial-ibama-analista-ambiental-tema-2\/","og_site_name":"Estrat\u00e9gia Concursos","article_published_time":"2022-01-31T11:00:00+00:00","article_modified_time":"2023-03-22T13:00:20+00:00","og_image":[{"width":1276,"height":651,"url":"https:\/\/dhg1h5j42swfq.cloudfront.net\/2022\/01\/27110109\/ibama-2.jpg","type":"image\/jpeg"}],"author":"Camila Leite","twitter_card":"summary_large_image","twitter_creator":"@EstratConcursos","twitter_site":"@EstratConcursos","twitter_misc":{"Escrito por":"Camila Leite","Est. tempo de leitura":"10 minutos"},"schema":{"@context":"https:\/\/schema.org","@graph":[{"@type":"NewsArticle","@id":"https:\/\/www.estrategiaconcursos.com.br\/blog\/gabarito-extraoficial-ibama-analista-ambiental-tema-2\/#article","isPartOf":{"@id":"https:\/\/www.estrategiaconcursos.com.br\/blog\/gabarito-extraoficial-ibama-analista-ambiental-tema-2\/"},"author":{"name":"Camila Leite","@id":"https:\/\/www.estrategiaconcursos.com.br\/blog\/#\/schema\/person\/84ecdc6eb58d3cf1689bf76c5cd8fb38"},"headline":"Gabarito Extraoficial IBAMA \u2013 Analista Ambiental &#8211; Tema 2","datePublished":"2022-01-31T11:00:00+00:00","dateModified":"2023-03-22T13:00:20+00:00","mainEntityOfPage":{"@id":"https:\/\/www.estrategiaconcursos.com.br\/blog\/gabarito-extraoficial-ibama-analista-ambiental-tema-2\/"},"wordCount":1854,"commentCount":0,"publisher":{"@id":"https:\/\/www.estrategiaconcursos.com.br\/blog\/#organization"},"image":{"@id":"https:\/\/www.estrategiaconcursos.com.br\/blog\/gabarito-extraoficial-ibama-analista-ambiental-tema-2\/#primaryimage"},"thumbnailUrl":"https:\/\/dhg1h5j42swfq.cloudfront.net\/2022\/01\/27110109\/ibama-2.jpg","articleSection":["Executivo (Administrativa)","\u00daltimas not\u00edcias"],"inLanguage":"pt-BR","potentialAction":[{"@type":"CommentAction","name":"Comment","target":["https:\/\/www.estrategiaconcursos.com.br\/blog\/gabarito-extraoficial-ibama-analista-ambiental-tema-2\/#respond"]}],"copyrightYear":"2022","copyrightHolder":{"@id":"https:\/\/www.estrategiaconcursos.com.br\/blog\/#organization"}},{"@type":"WebPage","@id":"https:\/\/www.estrategiaconcursos.com.br\/blog\/gabarito-extraoficial-ibama-analista-ambiental-tema-2\/","url":"https:\/\/www.estrategiaconcursos.com.br\/blog\/gabarito-extraoficial-ibama-analista-ambiental-tema-2\/","name":"Gabarito Extraoficial IBAMA \u2013 Analista Ambiental - Tema 2","isPartOf":{"@id":"https:\/\/www.estrategiaconcursos.com.br\/blog\/#website"},"primaryImageOfPage":{"@id":"https:\/\/www.estrategiaconcursos.com.br\/blog\/gabarito-extraoficial-ibama-analista-ambiental-tema-2\/#primaryimage"},"image":{"@id":"https:\/\/www.estrategiaconcursos.com.br\/blog\/gabarito-extraoficial-ibama-analista-ambiental-tema-2\/#primaryimage"},"thumbnailUrl":"https:\/\/dhg1h5j42swfq.cloudfront.net\/2022\/01\/27110109\/ibama-2.jpg","datePublished":"2022-01-31T11:00:00+00:00","dateModified":"2023-03-22T13:00:20+00:00","description":"Concurso IBAMA: Confira a corre\u00e7\u00e3o da prova com o gabarito extraoficial para o cargo de Analista Ambiental - Tema 2.","breadcrumb":{"@id":"https:\/\/www.estrategiaconcursos.com.br\/blog\/gabarito-extraoficial-ibama-analista-ambiental-tema-2\/#breadcrumb"},"inLanguage":"pt-BR","potentialAction":[{"@type":"ReadAction","target":["https:\/\/www.estrategiaconcursos.com.br\/blog\/gabarito-extraoficial-ibama-analista-ambiental-tema-2\/"]}]},{"@type":"ImageObject","inLanguage":"pt-BR","@id":"https:\/\/www.estrategiaconcursos.com.br\/blog\/gabarito-extraoficial-ibama-analista-ambiental-tema-2\/#primaryimage","url":"https:\/\/dhg1h5j42swfq.cloudfront.net\/2022\/01\/27110109\/ibama-2.jpg","contentUrl":"https:\/\/dhg1h5j42swfq.cloudfront.net\/2022\/01\/27110109\/ibama-2.jpg","width":1276,"height":651},{"@type":"BreadcrumbList","@id":"https:\/\/www.estrategiaconcursos.com.br\/blog\/gabarito-extraoficial-ibama-analista-ambiental-tema-2\/#breadcrumb","itemListElement":[{"@type":"ListItem","position":1,"name":"In\u00edcio","item":"https:\/\/www.estrategiaconcursos.com.br\/blog\/"},{"@type":"ListItem","position":2,"name":"Gabarito Extraoficial IBAMA \u2013 Analista Ambiental &#8211; Tema 2"}]},{"@type":"WebSite","@id":"https:\/\/www.estrategiaconcursos.com.br\/blog\/#website","url":"https:\/\/www.estrategiaconcursos.com.br\/blog\/","name":"Estrat\u00e9gia Concursos","description":"O blog da Estrat\u00e9gia Concursos traz not\u00edcias sobre concursos e artigos de professores oferecendo cursos para concursos (pdf + videaulas) no site.","publisher":{"@id":"https:\/\/www.estrategiaconcursos.com.br\/blog\/#organization"},"potentialAction":[{"@type":"SearchAction","target":{"@type":"EntryPoint","urlTemplate":"https:\/\/www.estrategiaconcursos.com.br\/blog\/?s={search_term_string}"},"query-input":{"@type":"PropertyValueSpecification","valueRequired":true,"valueName":"search_term_string"}}],"inLanguage":"pt-BR"},{"@type":"Organization","@id":"https:\/\/www.estrategiaconcursos.com.br\/blog\/#organization","name":"Estrat\u00e9gia Concursos","url":"https:\/\/www.estrategiaconcursos.com.br\/blog\/","logo":{"@type":"ImageObject","inLanguage":"pt-BR","@id":"https:\/\/www.estrategiaconcursos.com.br\/blog\/#\/schema\/logo\/image\/","url":"https:\/\/dhg1h5j42swfq.cloudfront.net\/2025\/06\/03203428\/logo_concursos-1.jpg","contentUrl":"https:\/\/dhg1h5j42swfq.cloudfront.net\/2025\/06\/03203428\/logo_concursos-1.jpg","width":230,"height":60,"caption":"Estrat\u00e9gia Concursos"},"image":{"@id":"https:\/\/www.estrategiaconcursos.com.br\/blog\/#\/schema\/logo\/image\/"},"sameAs":["https:\/\/x.com\/EstratConcursos"]},{"@type":"Person","@id":"https:\/\/www.estrategiaconcursos.com.br\/blog\/#\/schema\/person\/84ecdc6eb58d3cf1689bf76c5cd8fb38","name":"Camila Leite","image":{"@type":"ImageObject","inLanguage":"pt-BR","@id":"https:\/\/secure.gravatar.com\/avatar\/f2f8faef639c8a2bfb7fb909912a56917f4c3a0aed064500168e2fb8ea55cf61?s=96&d=mm&r=g","url":"https:\/\/secure.gravatar.com\/avatar\/f2f8faef639c8a2bfb7fb909912a56917f4c3a0aed064500168e2fb8ea55cf61?s=96&d=mm&r=g","contentUrl":"https:\/\/secure.gravatar.com\/avatar\/f2f8faef639c8a2bfb7fb909912a56917f4c3a0aed064500168e2fb8ea55cf61?s=96&d=mm&r=g","caption":"Camila Leite"},"description":"Formada em Design Gr\u00e1fico e em Propaganda e Marketing pela UNIP, integra a equipe de jornalismo do Estrat\u00e9gia Concursos desde 2018. Ao longo dos anos, construiu uma s\u00f3lida experi\u00eancia na produ\u00e7\u00e3o de conte\u00fado informativo e relevante para concurseiros. Desde 2020, atua na cobertura das \u00e1reas Fiscal \u2014 com \u00eanfase nas Secretarias de Fazenda (Sefaz) das regi\u00f5es Sul e Sudeste \u2014, al\u00e9m da cobertura de concursos federais, como CNU, Petrobras, CGU, Receita Federal, ag\u00eancias reguladoras (Anvisa, ANAC, entre outras) e INSS. Mant\u00e9m contato direto com os principais \u00f3rg\u00e3os p\u00fablicos, acompanhando editais, atualiza\u00e7\u00f5es e movimenta\u00e7\u00f5es importantes para os candidatos.","sameAs":["https:\/\/www.linkedin.com\/in\/camila-pinheiro-leite-9ba135b6\/"],"url":"https:\/\/www.estrategiaconcursos.com.br\/blog\/author\/camila-leiteestrategiaconcursos-com-br\/"}]}},"_links":{"self":[{"href":"https:\/\/www.estrategiaconcursos.com.br\/blog\/wp-json\/wp\/v2\/posts\/956090","targetHints":{"allow":["GET"]}}],"collection":[{"href":"https:\/\/www.estrategiaconcursos.com.br\/blog\/wp-json\/wp\/v2\/posts"}],"about":[{"href":"https:\/\/www.estrategiaconcursos.com.br\/blog\/wp-json\/wp\/v2\/types\/post"}],"author":[{"embeddable":true,"href":"https:\/\/www.estrategiaconcursos.com.br\/blog\/wp-json\/wp\/v2\/users\/659"}],"replies":[{"embeddable":true,"href":"https:\/\/www.estrategiaconcursos.com.br\/blog\/wp-json\/wp\/v2\/comments?post=956090"}],"version-history":[{"count":42,"href":"https:\/\/www.estrategiaconcursos.com.br\/blog\/wp-json\/wp\/v2\/posts\/956090\/revisions"}],"predecessor-version":[{"id":1190368,"href":"https:\/\/www.estrategiaconcursos.com.br\/blog\/wp-json\/wp\/v2\/posts\/956090\/revisions\/1190368"}],"wp:featuredmedia":[{"embeddable":true,"href":"https:\/\/www.estrategiaconcursos.com.br\/blog\/wp-json\/wp\/v2\/media\/956092"}],"wp:attachment":[{"href":"https:\/\/www.estrategiaconcursos.com.br\/blog\/wp-json\/wp\/v2\/media?parent=956090"}],"wp:term":[{"taxonomy":"category","embeddable":true,"href":"https:\/\/www.estrategiaconcursos.com.br\/blog\/wp-json\/wp\/v2\/categories?post=956090"},{"taxonomy":"post_tag","embeddable":true,"href":"https:\/\/www.estrategiaconcursos.com.br\/blog\/wp-json\/wp\/v2\/tags?post=956090"},{"taxonomy":"tax_estado","embeddable":true,"href":"https:\/\/www.estrategiaconcursos.com.br\/blog\/wp-json\/wp\/v2\/tax_estado?post=956090"}],"curies":[{"name":"wp","href":"https:\/\/api.w.org\/{rel}","templated":true}]}}