{"id":956026,"date":"2022-01-28T18:00:00","date_gmt":"2022-01-28T21:00:00","guid":{"rendered":"https:\/\/www.estrategiaconcursos.com.br\/blog\/?p=956026"},"modified":"2023-09-05T13:49:14","modified_gmt":"2023-09-05T16:49:14","slug":"concurso-publico-editais-esta-semana-24-a-28-01","status":"publish","type":"post","link":"https:\/\/www.estrategiaconcursos.com.br\/blog\/concurso-publico-editais-esta-semana-24-a-28-01\/","title":{"rendered":"Concurso P\u00fablico: 21 editais esta semana! Quase 3 mil vagas!"},"content":{"rendered":"\n<p>Essa \u00faltima semana de janeiro foi uma verdadeira chuva de editais. Foram 21 para diversas \u00e1reas e com oportunidades para todas as escolaridades.<\/p>\n\n\n\n<p>Juntos, ofertam<strong> 2.944 vagas<\/strong> imediatas e em cadastro reserva. As remunera\u00e7\u00f5es variam de <span style=\"font-size: revert; color: initial;\">R$ 1.212,00<\/span> a <span style=\"font-size: revert; color: initial;\">R$ 30.404,42<\/span>.<\/p>\n\n\n\n<p>Os grandes destaques v\u00e3o para dois importantes concursos da <a href=\"https:\/\/www.estrategiaconcursos.com.br\/blog\/concursos-tribunais-2022\/\" target=\"_blank\" rel=\"noreferrer noopener\">\u00e1rea de tribunais<\/a>, no Rio Grande do Sul (<strong>TJ RS<\/strong>) e no Distrito Federal (<strong>TJDFT<\/strong>). <\/p>\n\n\n\n<p>Quer ficar informado sobre todos os novos editais de <a href=\"https:\/\/www.estrategiaconcursos.com.br\/blog\/concursos-abertos\/\" target=\"_blank\" rel=\"noreferrer noopener\">concursos publicados<\/a> nos \u00faltimos dias (semana)? <em><strong>Confira mais informa\u00e7\u00f5es ao longo deste artigo!<\/strong><\/em>  <\/p>\n\n\n\n<div class=\"container\" id=\"boxes\">\n  <div class=\"row\">\n\n    <div class=\"col-sm\">\n      <div class=\"banner-estrategia\" id=\"box-assinatura\">\n        <h3 class=\"titulo-assinatura\">Cursos para concursos<\/h3>\n        <p class=\"subtitulo-assinatura\">Estude conosco<\/p>\n        <div class=\"box-botao\">\n          <a class=\"btn-assinatura\" target=\"_blank\" href=\"https:\/\/www.estrategiaconcursos.com.br\/cursos\/\" role=\"button\" rel=\"noopener noreferrer\">Conhe\u00e7a os cursos<\/a>\n        <\/div>\n      <\/div>\n     \n    <\/div>\n\n  <\/div>\n<\/div>\n\n\n\n<h2 class=\"wp-block-heading has-text-align-center has-background\" id=\"h-confira-os-editais-de-concurso-publicados-nesta-semana\" style=\"background-color:#d4bfe7\">Confira os editais de concurso publicados nesta semana:<\/h2>\n\n\n\n<h3 class=\"wp-block-heading\" id=\"h-concurso-tjdft\"><a href=\"https:\/\/www.estrategiaconcursos.com.br\/blog\/concurso-tjdft-2022\/\" target=\"_blank\" rel=\"noreferrer noopener\">Concurso TJDFT<\/a><\/h3>\n\n\n\n<ul class=\"wp-block-list\">\n<li><strong>Banca<\/strong>: FGV<\/li>\n\n\n\n<li><strong>Per\u00edodo de inscri\u00e7\u00f5es<\/strong>: 07\/02 a 14\/03\/2022<\/li>\n\n\n\n<li><strong>Data da prova:<\/strong>&nbsp;29\/05\/2022<\/li>\n\n\n\n<li><strong>Vagas:<\/strong>&nbsp;112<\/li>\n\n\n\n<li><strong>Cargos:<\/strong>&nbsp;Analista Judici\u00e1rio e T\u00e9cnico Judici\u00e1rio<\/li>\n\n\n\n<li><strong>Remunera\u00e7\u00e3o:&nbsp;<\/strong>R$ 7. 591,36 e R$ 12.455,30<\/li>\n\n\n\n<li><strong>Edital<\/strong>:&nbsp;<a href=\"https:\/\/www.in.gov.br\/en\/web\/dou\/-\/edital-n-1-de-27-de-janeiro-de-2022-376723624\" target=\"_blank\" rel=\"noreferrer noopener\">Edital TJDFT<\/a><\/li>\n\n\n\n<li><strong>Curso:<\/strong>&nbsp;<a href=\"https:\/\/www.estrategiaconcursos.com.br\/cursosPorConcurso\/tjdft-125\/\" target=\"_blank\" rel=\"noreferrer noopener\">TJDFT<\/a><\/li>\n<\/ul>\n\n\n\n<h3 class=\"wp-block-heading\" id=\"h-concurso-tj-rs\"><a href=\"https:\/\/www.estrategiaconcursos.com.br\/blog\/concurso-tj-rs\/\" target=\"_blank\" rel=\"noreferrer noopener\">Concurso TJ RS<\/a><\/h3>\n\n\n\n<ul class=\"wp-block-list\">\n<li><strong>Banca<\/strong>: IBADE<\/li>\n\n\n\n<li><strong>Per\u00edodo de inscri\u00e7\u00f5es<\/strong>: 31\/01 a 04\/03\/2022<\/li>\n\n\n\n<li><strong>Data da prova:<\/strong>&nbsp;12\/06\/2022<\/li>\n\n\n\n<li><strong>Vagas:<\/strong>&nbsp;28<\/li>\n\n\n\n<li><strong>Cargos:<\/strong>&nbsp;Oficial de Justi\u00e7a e Assistente Social<\/li>\n\n\n\n<li><strong>Remunera\u00e7\u00e3o:&nbsp;<\/strong>R$ 6.361,94 e R$ 7.352,93<\/li>\n\n\n\n<li><strong>Edital<\/strong>:&nbsp;<a href=\"https:\/\/dhg1h5j42swfq.cloudfront.net\/2022\/01\/27155153\/tj-rs.pdf\" target=\"_blank\" rel=\"noreferrer noopener nofollow\">Edital RJ RS 2022<\/a><\/li>\n\n\n\n<li><strong>Curso:<\/strong>&nbsp;<a href=\"https:\/\/www.estrategiaconcursos.com.br\/cursosPorConcurso\/tribunal-de-justica-do-rio-grande-do-sul-tj-rs\/\" target=\"_blank\" rel=\"noreferrer noopener\">TJ RS<\/a><\/li>\n<\/ul>\n\n\n\n<h3 class=\"wp-block-heading\" id=\"h-concurso-amazul\"><a href=\"https:\/\/www.estrategiaconcursos.com.br\/blog\/concurso-amazul\/\" target=\"_blank\" rel=\"noreferrer noopener\">Concurso Amazul<\/a><\/h3>\n\n\n\n<ul class=\"wp-block-list\">\n<li><strong>Banca<\/strong>: Instituto Selecon<\/li>\n\n\n\n<li><strong>Per\u00edodo de inscri\u00e7\u00f5es<\/strong>: 29\/01 a 06\/03\/2022<\/li>\n\n\n\n<li><strong>Data da prova:<\/strong>&nbsp;27\/03\/2022<\/li>\n\n\n\n<li><strong>Vagas:<\/strong>&nbsp;140 + CR<\/li>\n\n\n\n<li><strong>Cargos:<\/strong>&nbsp;Analista, T\u00e9cnico e Especialista em Desenvolvimento de Tecnologia Nuclear e Defesa<\/li>\n\n\n\n<li><strong>Remunera\u00e7\u00e3o:&nbsp;<\/strong>R$ 2.958,36 a R$ 7.506,47<\/li>\n\n\n\n<li><strong>Edital<\/strong>:&nbsp;<a href=\"https:\/\/dhg1h5j42swfq.cloudfront.net\/2022\/01\/25133414\/edital-001_2022_concurso-publico-amazul.pdf\" target=\"_blank\" rel=\"noreferrer noopener nofollow\">Edital AMAZUL 2022<\/a><\/li>\n\n\n\n<li><strong>Curso:<\/strong>&nbsp;<a href=\"https:\/\/www.estrategiaconcursos.com.br\/cursosPorConcurso\/amazonia-azul-tecnologias-de-defesa-amazul\/\" target=\"_blank\" rel=\"noreferrer noopener\">Amazul<\/a><\/li>\n<\/ul>\n\n\n\n<h3 class=\"wp-block-heading\" id=\"h-concurso-sead-go\"><a href=\"https:\/\/www.estrategiaconcursos.com.br\/blog\/concurso-sead-go\/\" target=\"_blank\" rel=\"noreferrer noopener\">Concurso SEAD GO<\/a><\/h3>\n\n\n\n<ul class=\"wp-block-list\">\n<li><strong>Banca<\/strong>: Instituto AOCP<\/li>\n\n\n\n<li><strong>Per\u00edodo de inscri\u00e7\u00f5es<\/strong>: 10\/02 a 14\/03\/2022<\/li>\n\n\n\n<li><strong>Data da prova:<\/strong>&nbsp;24\/04\/2022<\/li>\n\n\n\n<li><strong>Vagas:<\/strong>&nbsp;329<\/li>\n\n\n\n<li><strong>Cargos:<\/strong>&nbsp;Analista de Gest\u00e3o Governamental<\/li>\n\n\n\n<li><strong>Remunera\u00e7\u00e3o:&nbsp;<\/strong>R$ 4.838,66 + aux\u00edlio alimenta\u00e7\u00e3o de R$ 500<\/li>\n\n\n\n<li><strong>Edital<\/strong>:&nbsp;<a href=\"https:\/\/dhg1h5j42swfq.cloudfront.net\/2022\/01\/25084446\/edital_abertura_01_2022.pdf\" target=\"_blank\" rel=\"noreferrer noopener nofollow\">Edital SEAD GO 2022<\/a><\/li>\n\n\n\n<li><strong>Curso:<\/strong>&nbsp;<a href=\"https:\/\/www.estrategiaconcursos.com.br\/cursosPorConcurso\/sead-go-secretaria-de-estado-da-administracao-do-goias\/\" target=\"_blank\" rel=\"noreferrer noopener\">SEAD GO<\/a><\/li>\n<\/ul>\n\n\n\n<h3 class=\"wp-block-heading\" id=\"h-concurso-docas-pb\"><a href=\"https:\/\/www.estrategiaconcursos.com.br\/blog\/concurso-docas-pb\/\" target=\"_blank\" rel=\"noreferrer noopener\">Concurso Docas PB<\/a><\/h3>\n\n\n\n<ul class=\"wp-block-list\">\n<li><strong>Banca<\/strong>: Vunesp<\/li>\n\n\n\n<li><strong>Per\u00edodo de inscri\u00e7\u00f5es<\/strong>: 07\/02 a 17\/03\/2022<\/li>\n\n\n\n<li><strong>Data da prova:<\/strong>&nbsp;01\/05\/2022<\/li>\n\n\n\n<li><strong>Vagas:<\/strong>&nbsp;15 + CR<\/li>\n\n\n\n<li><strong>Cargos:<\/strong>&nbsp;V\u00e1rios<\/li>\n\n\n\n<li><strong>Remunera\u00e7\u00e3o:&nbsp;<\/strong>R$ 1.680,00 a R$ 6.619,20<\/li>\n\n\n\n<li><strong>Edital<\/strong>:&nbsp;<a href=\"https:\/\/dhg1h5j42swfq.cloudfront.net\/2022\/01\/28073628\/diario-oficial-28-01-2022-7-19-4.pdf\" target=\"_blank\" rel=\"noreferrer noopener nofollow\">Edital Docas PB 2022<\/a><\/li>\n\n\n\n<li><strong>Curso:<\/strong>&nbsp;<a href=\"https:\/\/www.estrategiaconcursos.com.br\/cursos\/\" target=\"_blank\" rel=\"noreferrer noopener\">Docas PB<\/a><\/li>\n<\/ul>\n\n\n\n<h3 class=\"wp-block-heading\" id=\"h-concurso-prefeitura-de-ouro-branco-nbsp-mg\"><a href=\"https:\/\/www.estrategiaconcursos.com.br\/blog\/concurso-ouro-branco-mg\/\" target=\"_blank\" rel=\"noreferrer noopener\">Concurso Prefeitura de Ouro Branco<\/a>&nbsp;(MG)<\/h3>\n\n\n\n<ul class=\"wp-block-list\">\n<li><strong>Banca<\/strong>: Access<\/li>\n\n\n\n<li><strong>Per\u00edodo de inscri\u00e7\u00f5es<\/strong>: 21\/03 a 21\/04\/2022<\/li>\n\n\n\n<li><strong>Data da prova:<\/strong>&nbsp;05\/06\/2022<\/li>\n\n\n\n<li><strong>Vagas:<\/strong>&nbsp;409<\/li>\n\n\n\n<li><strong>Cargos:<\/strong>&nbsp;V\u00e1rios<\/li>\n\n\n\n<li><strong>Remunera\u00e7\u00e3o:&nbsp;<\/strong>R$ 1.212,00 a R$ 3.687,10<\/li>\n\n\n\n<li><strong>Edital<\/strong>:&nbsp;<a href=\"https:\/\/dhg1h5j42swfq.cloudfront.net\/2022\/01\/26112503\/prefeitura-de-ouro-branco-mg-1.pdf\" target=\"_blank\" rel=\"noreferrer noopener nofollow\">Edital 2022<\/a><\/li>\n\n\n\n<li><strong>Curso:<\/strong>&nbsp;<a href=\"https:\/\/www.estrategiaconcursos.com.br\/cursosPorConcurso\/prefeitura-municipal-de-ouro-branco-mg\/\" target=\"_blank\" rel=\"noreferrer noopener\">Ouro Branco MG<\/a><\/li>\n<\/ul>\n\n\n\n<h3 class=\"wp-block-heading\" id=\"h-concurso-prefeitura-de-santos-nbsp-sp\"><a href=\"https:\/\/www.estrategiaconcursos.com.br\/blog\/concurso-prefeitura-de-santos\/\" target=\"_blank\" rel=\"noreferrer noopener\">Concurso Prefeitura de Santos<\/a>&nbsp;(SP)<\/h3>\n\n\n\n<ul class=\"wp-block-list\">\n<li><strong>Banca<\/strong>: IBAM<\/li>\n\n\n\n<li><strong>Per\u00edodo de inscri\u00e7\u00f5es<\/strong>: 25\/01 a 24\/02\/2022<\/li>\n\n\n\n<li><strong>Data da prova:<\/strong>&nbsp;27\/03\/2022<\/li>\n\n\n\n<li><strong>Vagas:<\/strong>&nbsp;V\u00e1rios<\/li>\n\n\n\n<li><strong>Cargos:<\/strong>&nbsp;102<\/li>\n\n\n\n<li><strong>Remunera\u00e7\u00e3o:&nbsp;<\/strong>R$ 2.439,72 a R$ 9.033,90<\/li>\n\n\n\n<li><strong>Edital<\/strong>:&nbsp;<a href=\"https:\/\/dhg1h5j42swfq.cloudfront.net\/2022\/01\/25090723\/01-edital-de-abertura-3.pdf\" target=\"_blank\" rel=\"noreferrer noopener nofollow\">Edital 5\/2022<\/a>&nbsp;|&nbsp;<a href=\"https:\/\/dhg1h5j42swfq.cloudfront.net\/2022\/01\/25090719\/01-edital-de-abertura-1-2.pdf\" target=\"_blank\" rel=\"noreferrer noopener nofollow\">Edital 6\/2022<\/a>&nbsp;|&nbsp;<a href=\"https:\/\/dhg1h5j42swfq.cloudfront.net\/2022\/01\/25090715\/01-edital-de-abertura-2-1.pdf\" target=\"_blank\" rel=\"noreferrer noopener nofollow\">Edital 7\/2022<\/a><\/li>\n\n\n\n<li><strong>Curso:<\/strong>&nbsp;<a href=\"https:\/\/www.estrategiaconcursos.com.br\/cursosPorConcurso\/prefeitura-municipal-de-santos-sp\/\" target=\"_blank\" rel=\"noreferrer noopener\">Pref. de Santos<\/a><\/li>\n<\/ul>\n\n\n\n<h3 class=\"wp-block-heading\" id=\"h-concurso-prefeitura-de-concordia-nbsp-sc\"><a href=\"https:\/\/www.estrategiaconcursos.com.br\/blog\/concurso-concordia\/\" target=\"_blank\" rel=\"noreferrer noopener\">Concurso Prefeitura de Conc\u00f3rdia<\/a>&nbsp;(SC)<\/h3>\n\n\n\n<ul class=\"wp-block-list\">\n<li><strong>Banca<\/strong>: FEPESE<\/li>\n\n\n\n<li><strong>Per\u00edodo de inscri\u00e7\u00f5es<\/strong>: 24\/01 a 23\/02\/2022<\/li>\n\n\n\n<li><strong>Data da prova:<\/strong>&nbsp;13\/03\/2022<\/li>\n\n\n\n<li><strong>Vagas:<\/strong>&nbsp;6 + CR<\/li>\n\n\n\n<li><strong>Cargos:<\/strong>&nbsp;V\u00e1rios<\/li>\n\n\n\n<li><strong>Remunera\u00e7\u00e3o:&nbsp;<\/strong>R$ 1.435,05 a R$ 8.101,01<\/li>\n\n\n\n<li><strong>Edital<\/strong>:&nbsp;<a href=\"https:\/\/dhg1h5j42swfq.cloudfront.net\/2022\/01\/25154650\/2022_concordia_executivo.pdf\" target=\"_blank\" rel=\"noreferrer noopener nofollow\">Edital Executivo<\/a><\/li>\n\n\n\n<li><strong>Curso:<\/strong>&nbsp;<a href=\"https:\/\/www.estrategiaconcursos.com.br\/cursosPorConcurso\/prefeitura-municipal-de-concordia-sc\/\" target=\"_blank\" rel=\"noreferrer noopener\">Pref. de Conc\u00f3rdia<\/a><\/li>\n<\/ul>\n\n\n\n<h3 class=\"wp-block-heading\" id=\"h-concurso-sme-concordia-nbsp-sc\"><a href=\"https:\/\/www.estrategiaconcursos.com.br\/blog\/concurso-concordia\/\" target=\"_blank\" rel=\"noreferrer noopener\">Concurso SME Conc\u00f3rdia<\/a>&nbsp;(SC)<\/h3>\n\n\n\n<ul class=\"wp-block-list\">\n<li><strong>Banca<\/strong>: FEPESE<\/li>\n\n\n\n<li><strong>Per\u00edodo de inscri\u00e7\u00f5es<\/strong>: 24\/01 a 23\/02\/2022<\/li>\n\n\n\n<li><strong>Data da prova:<\/strong>&nbsp;13\/03\/2022<\/li>\n\n\n\n<li><strong>Vagas:<\/strong>&nbsp;4 + CR<\/li>\n\n\n\n<li><strong>Cargos:<\/strong>&nbsp;Professor<\/li>\n\n\n\n<li><strong>Remunera\u00e7\u00e3o:&nbsp;<\/strong>R$ 1.792,73<\/li>\n\n\n\n<li><strong>Edital<\/strong>:&nbsp;<a href=\"https:\/\/dhg1h5j42swfq.cloudfront.net\/2022\/01\/25172739\/2022_concordia_educacao.pdf\" target=\"_blank\" rel=\"noreferrer noopener nofollow\">Edital Educa\u00e7\u00e3o<\/a><\/li>\n\n\n\n<li><strong>Curso:<\/strong>&nbsp;<a href=\"https:\/\/www.estrategiaconcursos.com.br\/cursosPorConcurso\/prefeitura-municipal-de-concordia-sc\/\" target=\"_blank\" rel=\"noreferrer noopener\">Pref. de Conc\u00f3rdia<\/a><\/li>\n<\/ul>\n\n\n\n<h3 class=\"wp-block-heading\" id=\"h-concurso-ufam\"><a href=\"https:\/\/www.estrategiaconcursos.com.br\/blog\/concursos-ufam\/\" target=\"_blank\" rel=\"noreferrer noopener\">Concurso UFAM<\/a><\/h3>\n\n\n\n<ul class=\"wp-block-list\">\n<li><strong>Banca<\/strong>: organiza\u00e7\u00e3o pr\u00f3pria<\/li>\n\n\n\n<li><strong>Per\u00edodo de inscri\u00e7\u00f5es<\/strong>: 24\/02 a 16\/03\/2022<\/li>\n\n\n\n<li><strong>Data da prova:<\/strong>&nbsp;08\/05\/2022<\/li>\n\n\n\n<li><strong>Vagas:<\/strong>&nbsp;31<\/li>\n\n\n\n<li><strong>Cargos:<\/strong>&nbsp;V\u00e1rios<\/li>\n\n\n\n<li><strong>Remunera\u00e7\u00e3o:&nbsp;<\/strong>R$ 2.446,96 a R$ 4.180,66<\/li>\n\n\n\n<li><strong>Edital<\/strong>:&nbsp;<a href=\"https:\/\/www.in.gov.br\/en\/web\/dou\/-\/edital-n-4\/2022-376230449\" target=\"_blank\" rel=\"noreferrer noopener\">N\u00edvel M\u00e9dio<\/a>&nbsp;|&nbsp;<a href=\"https:\/\/www.in.gov.br\/en\/web\/dou\/-\/edital-n-5\/2022-376230531\" target=\"_blank\" rel=\"noreferrer noopener\">N\u00edvel Superior<\/a><\/li>\n\n\n\n<li><strong>Curso:<\/strong>&nbsp;<a href=\"https:\/\/www.estrategiaconcursos.com.br\/cursosPorConcurso\/universidade-federal-do-amazonas-ufam\/\" target=\"_blank\" rel=\"noreferrer noopener\">UFAM<\/a><\/li>\n<\/ul>\n\n\n\n<h3 class=\"wp-block-heading\" id=\"h-concurso-ufsm-nbsp-rs\"><a href=\"https:\/\/www.estrategiaconcursos.com.br\/blog\/concurso-ufsm\/\" target=\"_blank\" rel=\"noreferrer noopener\">Concurso UFSM<\/a>&nbsp;(RS)<\/h3>\n\n\n\n<ul class=\"wp-block-list\">\n<li><strong>Banca<\/strong>: organiza\u00e7\u00e3o pr\u00f3pria<\/li>\n\n\n\n<li><strong>Per\u00edodo de inscri\u00e7\u00f5es<\/strong>: 25\/01 a 23\/02\/2022<\/li>\n\n\n\n<li><strong>Data da prova:<\/strong>&nbsp;10\/04\/2022<\/li>\n\n\n\n<li><strong>Vagas:<\/strong>&nbsp;22<\/li>\n\n\n\n<li><strong>Cargos:<\/strong>&nbsp;T\u00e9cnico-Administrativos em Educa\u00e7\u00e3o<\/li>\n\n\n\n<li><strong>Remunera\u00e7\u00e3o:&nbsp;<\/strong>R$ 2.446,96 a R$ 4.180,66<\/li>\n\n\n\n<li><strong>Edital<\/strong>:&nbsp;<a href=\"https:\/\/dhg1h5j42swfq.cloudfront.net\/2022\/01\/24065456\/ufsm.pdf\" target=\"_blank\" rel=\"noreferrer noopener nofollow\">Edital&nbsp;UFSM<\/a><\/li>\n\n\n\n<li><strong>Curso:<\/strong>&nbsp;<a href=\"https:\/\/www.estrategiaconcursos.com.br\/cursos\/concurso\/\" target=\"_blank\" rel=\"noreferrer noopener\">UFSM<\/a><\/li>\n<\/ul>\n\n\n\n<h3 class=\"wp-block-heading\" id=\"h-concurso-fub-df\"><a href=\"https:\/\/www.estrategiaconcursos.com.br\/blog\/concurso-fub\/\">Concurso FUB\u00a0(DF)<\/a><\/h3>\n\n\n\n<ul class=\"wp-block-list\">\n<li><strong>Banca<\/strong>: Cebraspe<\/li>\n\n\n\n<li><strong>Per\u00edodo de inscri\u00e7\u00f5es<\/strong>: 28\/01 a 15\/02\/2022<\/li>\n\n\n\n<li><strong>Data da prova:<\/strong>&nbsp;10\/04\/2022<\/li>\n\n\n\n<li><strong>Vagas:<\/strong>&nbsp;174<\/li>\n\n\n\n<li><strong>Cargos:<\/strong>&nbsp;T\u00e9cnico-Administrativo em Educa\u00e7\u00e3o<\/li>\n\n\n\n<li><strong>Remunera\u00e7\u00e3o:&nbsp;<\/strong>R$ 2.446,96 a R$ 4.180,66<\/li>\n\n\n\n<li><strong>Edital<\/strong>:&nbsp;<a href=\"https:\/\/dhg1h5j42swfq.cloudfront.net\/2022\/01\/25115345\/fub-1.pdf\" target=\"_blank\" rel=\"noreferrer noopener nofollow\">Edital FUB 2022<\/a><\/li>\n\n\n\n<li><strong>Curso:<\/strong>&nbsp;<a href=\"https:\/\/www.estrategiaconcursos.com.br\/cursosPorConcurso\/fub-fundacao-universidade-de-brasilia-190\/\" target=\"_blank\" rel=\"noreferrer noopener\">FUB<\/a><\/li>\n<\/ul>\n\n\n\n<h3 class=\"wp-block-heading\" id=\"h-concurso-cref-16-nbsp-rn\"><a href=\"https:\/\/www.estrategiaconcursos.com.br\/blog\/concurso-cref-rn\/\" target=\"_blank\" rel=\"noreferrer noopener\">Concurso CREF 16<\/a>&nbsp;(RN)<\/h3>\n\n\n\n<ul class=\"wp-block-list\">\n<li><strong>Banca<\/strong>: UFRN<\/li>\n\n\n\n<li><strong>Per\u00edodo de inscri\u00e7\u00f5es<\/strong>: 14\/02 a 13\/03\/2022<\/li>\n\n\n\n<li><strong>Data da prova:<\/strong>&nbsp;24\/04\/2022<\/li>\n\n\n\n<li><strong>Vagas:<\/strong>&nbsp;02<\/li>\n\n\n\n<li><strong>Cargos:<\/strong>&nbsp;Auxiliar Administrativo e Agente de Orienta\u00e7\u00e3o e Fiscaliza\u00e7\u00e3o<\/li>\n\n\n\n<li><strong>Remunera\u00e7\u00e3o:&nbsp;<\/strong>R$ 1.212,00 e R$ 2.500,00<\/li>\n\n\n\n<li><strong>Edital<\/strong>:&nbsp;<a href=\"https:\/\/www.in.gov.br\/web\/dou\/-\/edital-n-1-de-24-de-janeiro-de-2022-376016810\" target=\"_blank\" rel=\"noreferrer noopener\">Edital CREF RN<\/a><\/li>\n\n\n\n<li><strong>Curso:<\/strong>&nbsp;<a href=\"https:\/\/www.estrategiaconcursos.com.br\/pesquisa\/?q=cref+rn\" target=\"_blank\" rel=\"noreferrer noopener\">CREF 16<\/a><\/li>\n<\/ul>\n\n\n\n<h3 class=\"wp-block-heading\" id=\"h-concurso-crbio-4\"><a href=\"https:\/\/www.estrategiaconcursos.com.br\/blog\/concurso-crbio-4\/\" target=\"_blank\" rel=\"noreferrer noopener\">Concurso CRBIO 4<\/a> <\/h3>\n\n\n\n<ul class=\"wp-block-list\">\n<li><strong>Banca<\/strong>: Instituto Nosso Rumo<\/li>\n\n\n\n<li><strong style=\"color: initial;\">Per\u00edodo de inscri\u00e7\u00f5es<\/strong><span style=\"color: initial;\">:<\/span> 27\/01 a 06\/03\/2022<\/li>\n\n\n\n<li><strong>Data da prova:<\/strong>&nbsp;27\/03\/2022<\/li>\n\n\n\n<li><strong>Vagas:<\/strong>&nbsp;05<\/li>\n\n\n\n<li><strong>Cargos:<\/strong>&nbsp;Analista Administrativo, T\u00e9cnico Agente Fiscal e T\u00e9cnico de Contabilidade e Or\u00e7amento<\/li>\n\n\n\n<li><strong>Remunera\u00e7\u00e3o:&nbsp;<\/strong>R$ 3.657,54 e R$ 7.360,52<\/li>\n\n\n\n<li><strong>Edital<\/strong>: <a href=\"https:\/\/dhg1h5j42swfq.cloudfront.net\/2022\/01\/27102601\/edital-de-abertura_.pdf\" target=\"_blank\" rel=\"noreferrer noopener nofollow\">Edital CRBIO 4<\/a><\/li>\n\n\n\n<li><strong>Curso:<\/strong>&nbsp;<a href=\"https:\/\/www.estrategiaconcursos.com.br\/cursos\/concurso\/\" target=\"_blank\" rel=\"noreferrer noopener\">CRBIO 4<\/a><\/li>\n<\/ul>\n\n\n\n<h3 class=\"wp-block-heading\" id=\"h-concurso-sedu-es\"><a href=\"https:\/\/www.estrategiaconcursos.com.br\/blog\/concurso-sedu-es\/\" target=\"_blank\" rel=\"noreferrer noopener\">Concurso SEDU ES<\/a><\/h3>\n\n\n\n<ul class=\"wp-block-list\">\n<li><strong>Banca<\/strong>: FCC<\/li>\n\n\n\n<li><strong>Per\u00edodo de inscri\u00e7\u00f5es<\/strong>: 28\/01 a 18\/02\/2022<\/li>\n\n\n\n<li><strong>Data da prova:<\/strong>&nbsp;27\/03\/2022<\/li>\n\n\n\n<li><strong>Vagas:<\/strong>&nbsp;1.500<\/li>\n\n\n\n<li><strong>Cargos:<\/strong>&nbsp;1.500<\/li>\n\n\n\n<li><strong>Remunera\u00e7\u00e3o:&nbsp;<\/strong>R$ 1.889,72 a R$ 4.975,43<\/li>\n\n\n\n<li><strong>Edital<\/strong>:&nbsp;<a href=\"https:\/\/dhg1h5j42swfq.cloudfront.net\/2022\/01\/25113319\/sedu-es-1.pdf\" target=\"_blank\" rel=\"noreferrer noopener nofollow\">Edital Sedu ES<\/a><\/li>\n\n\n\n<li><strong>Curso:<\/strong>&nbsp;<a href=\"https:\/\/www.estrategiaconcursos.com.br\/cursosPorConcurso\/sedu-es\/\" target=\"_blank\" rel=\"noreferrer noopener\">Sedu ES<\/a><\/li>\n<\/ul>\n\n\n\n<h3 class=\"wp-block-heading\" id=\"h-concurso-mp-go\"><a href=\"https:\/\/www.estrategiaconcursos.com.br\/blog\/concurso-mp-go\/\" target=\"_blank\" rel=\"noreferrer noopener\">Concurso MP GO<\/a><\/h3>\n\n\n\n<ul class=\"wp-block-list\">\n<li><strong>Banca<\/strong>: FGV<\/li>\n\n\n\n<li><strong>Per\u00edodo de inscri\u00e7\u00f5es<\/strong>: 31\/01 a 07\/03\/2022<\/li>\n\n\n\n<li><strong>Data da prova:<\/strong>&nbsp;01\/05\/2022<\/li>\n\n\n\n<li><strong>Vagas:<\/strong>&nbsp;35 + CR<\/li>\n\n\n\n<li><strong>Cargos:<\/strong>&nbsp;V\u00e1rios<\/li>\n\n\n\n<li><strong>Remunera\u00e7\u00e3o:&nbsp;<\/strong>R$ 4.437,22 a R$ 8.912,97<\/li>\n\n\n\n<li><strong>Edital<\/strong>:&nbsp;<a href=\"https:\/\/dhg1h5j42swfq.cloudfront.net\/2022\/01\/25221645\/sgrh_edital_concurso_de_servidores.pdf\" target=\"_blank\" rel=\"noreferrer noopener nofollow\">Edital MP GO 2022<\/a><\/li>\n\n\n\n<li><strong>Curso:<\/strong> <a href=\"https:\/\/www.estrategiaconcursos.com.br\/cursosPorConcurso\/mp-go-182\/\" target=\"_blank\" rel=\"noreferrer noopener\">MP GO<\/a><\/li>\n<\/ul>\n\n\n\n<h3 class=\"wp-block-heading\" id=\"h-concurso-dpe-pb-defensor\"><a href=\"https:\/\/www.estrategiaconcursos.com.br\/blog\/concurso-dpe-pb-defensor\/\" target=\"_blank\" rel=\"noreferrer noopener\">Concurso DPE PB Defensor<\/a><\/h3>\n\n\n\n<ul class=\"wp-block-list\">\n<li><strong>Banca<\/strong>: FCC<\/li>\n\n\n\n<li><strong>Per\u00edodo de inscri\u00e7\u00f5es<\/strong>: 31\/01 a 09\/03\/2022<\/li>\n\n\n\n<li><strong>Data da prova:<\/strong>&nbsp;24\/04\/2022<\/li>\n\n\n\n<li><strong>Vagas:<\/strong>&nbsp;20<\/li>\n\n\n\n<li><strong>Cargos:<\/strong>&nbsp;Defensor P\u00fablico<\/li>\n\n\n\n<li><strong>Remunera\u00e7\u00e3o:&nbsp;<\/strong>R$ 12.213,70<\/li>\n\n\n\n<li><strong>Edital<\/strong>:&nbsp;<a href=\"https:\/\/dhg1h5j42swfq.cloudfront.net\/2022\/01\/25213125\/edital-dpe-pb.pdf\" target=\"_blank\" rel=\"noreferrer noopener nofollow\">Edital DPE PB Defensor<\/a><\/li>\n\n\n\n<li><strong>Curso:<\/strong>&nbsp;<a href=\"https:\/\/www.estrategiaconcursos.com.br\/cursosPorConcurso\/dpe-pb-defensoria-publica-da-paraiba-defensor-publico\/\" target=\"_blank\" rel=\"noreferrer noopener\">DPE PB<\/a><\/li>\n<\/ul>\n\n\n\n<h3 class=\"wp-block-heading\" id=\"h-concurso-mp-ac-promotor\"><a href=\"https:\/\/www.estrategiaconcursos.com.br\/blog\/concurso-mp-ac-promotor\/\" target=\"_blank\" rel=\"noreferrer noopener\">Concurso MP AC Promotor<\/a><\/h3>\n\n\n\n<ul class=\"wp-block-list\">\n<li><strong>Banca<\/strong>: Cebraspe<\/li>\n\n\n\n<li><strong>Per\u00edodo de inscri\u00e7\u00f5es<\/strong>: 07\/02 a 08\/03\/2022<\/li>\n\n\n\n<li><strong>Data da prova:<\/strong>&nbsp;15\/05\/2022<\/li>\n\n\n\n<li><strong>Vagas:<\/strong>&nbsp;10<\/li>\n\n\n\n<li><strong>Cargos:<\/strong>&nbsp;Promotor de Justi\u00e7a Substituto<\/li>\n\n\n\n<li><strong>Remunera\u00e7\u00e3o:&nbsp;<\/strong>R$ 30.404,42<\/li>\n\n\n\n<li><strong>Edital<\/strong>:&nbsp;<a href=\"https:\/\/dhg1h5j42swfq.cloudfront.net\/2022\/01\/24150738\/ed_1_2021_mpe_ac_promotor_abertura.pdf\" target=\"_blank\" rel=\"noreferrer noopener nofollow\">Edital MP AC Promotor<\/a><\/li>\n\n\n\n<li><strong>Curso:<\/strong>&nbsp;<a href=\"https:\/\/www.estrategiaconcursos.com.br\/curso\/mp-ac-promotor-de-justica-substituto-pacote-completo-2022-pos-edital\/\" target=\"_blank\" rel=\"noreferrer noopener\">MP AC<\/a><\/li>\n<\/ul>\n\n\n\n<p class=\"has-text-align-center has-background\" style=\"background-color:#d4bfe7;font-size:clamp(14.642px, 0.915rem + ((1vw - 3.2px) * 0.721), 22px);px\"><strong>Veja tamb\u00e9m: <a href=\"https:\/\/www.estrategiaconcursos.com.br\/blog\/principais-noticias-do-dia\/\" target=\"_blank\" rel=\"noreferrer noopener\">Principais not\u00edcias do dia<\/a><\/strong><\/p>\n\n\n\n<figure class=\"wp-block-image aligncenter size-large is-resized\"><img loading=\"lazy\" decoding=\"async\" src=\"https:\/\/dhg1h5j42swfq.cloudfront.net\/2020\/09\/18141901\/Coruja_Concursos%404x-506x1024.png\" alt=\"Concurso P\u00fablico: 10 editais esta semana! Mais de 3,5 mil vagas\" class=\"wp-image-574355\" style=\"width:35px;height:71px\" width=\"35\" height=\"71\" srcset=\"https:\/\/dhg1h5j42swfq.cloudfront.net\/2020\/09\/18141901\/Coruja_Concursos%404x-506x1024.png 506w, https:\/\/dhg1h5j42swfq.cloudfront.net\/2020\/09\/18141901\/Coruja_Concursos%404x-148x300.png 148w, https:\/\/dhg1h5j42swfq.cloudfront.net\/2020\/09\/18141901\/Coruja_Concursos%404x-610x1236.png 610w, https:\/\/dhg1h5j42swfq.cloudfront.net\/2020\/09\/18141901\/Coruja_Concursos%404x.png 745w\" sizes=\"auto, (max-width: 35px) 100vw, 35px\" \/><\/figure>\n\n\n\n<div class=\"container\" id=\"boxes\">\n  <div class=\"row\">\n\n    <div class=\"col-sm\">\n      <div class=\"estrategia\" id=\"box-assinatura\">\n        <h3 class=\"titulo-assinatura\">Assinatura Concursos<\/h3>\n        <p class=\"subtitulo-assinatura\">Assinatura de 1 ano ou 2 anos<\/p>\n        <div class=\"box-botao\">\n          <a class=\"btn-assinatura\" target=\"_blank\" href=\"https:\/\/www.estrategiaconcursos.com.br\/assinaturas\/\" role=\"button\" rel=\"noopener noreferrer\">ASSINE AGORA<\/a>\n        <\/div>\n      <\/div><\/div><\/div><\/div>\n\n\n\n<h2 class=\"wp-block-heading has-text-align-center\" id=\"h-quer-saber-tudo-sobre-concursos-previstos-confira-nossos-artigos\">Quer saber tudo sobre concursos previstos?<br \/>Confira nossos artigos!<\/h2>\n\n\n\n<ul class=\"wp-block-list\" id=\"concurso-publico-editais-esta-semana-03-a-07-01\">\n<li><a href=\"https:\/\/www.estrategiaconcursos.com.br\/blog\/concursos-abertos\/\" target=\"_blank\" rel=\"noreferrer noopener\">Concursos abertos<\/a><\/li>\n\n\n\n<li><a href=\"https:\/\/www.estrategiaconcursos.com.br\/blog\/concursos-2022\/\" target=\"_blank\" rel=\"noreferrer noopener\">Concursos 2022<\/a><\/li>\n<\/ul>\n","protected":false},"excerpt":{"rendered":"<p>Essa \u00faltima semana de janeiro foi uma verdadeira chuva de editais. Foram 21 para diversas \u00e1reas e com oportunidades para todas as escolaridades. Juntos, ofertam 2.944 vagas imediatas e em cadastro reserva. As remunera\u00e7\u00f5es variam de R$ 1.212,00 a R$ 30.404,42. Os grandes destaques v\u00e3o para dois importantes concursos da \u00e1rea de tribunais, no Rio [&hellip;]<\/p>\n","protected":false},"author":659,"featured_media":746120,"comment_status":"open","ping_status":"closed","sticky":false,"template":"","format":"standard","meta":{"post_tipo":"news","footnotes":""},"categories":[1,220219],"tags":[],"tax_estado":[219963],"class_list":["post-956026","post","type-post","status-publish","format-standard","has-post-thumbnail","hentry","category-cursos-e-concursos","category-noticias","tax_estado-concursos-federais"],"acf":[],"yoast_head":"<!-- This site is optimized with the Yoast SEO Premium plugin v27.2 (Yoast SEO v27.2) - https:\/\/yoast.com\/product\/yoast-seo-premium-wordpress\/ -->\n<title>Concurso P\u00fablico: 21 editais esta semana! Quase 3 mil vagas!<\/title>\n<meta name=\"description\" content=\"Concurso P\u00fablico 2022: 21 editais sa\u00edram ao longo desta semana (24 a 28\/01). Confira n\u00famero de vagas, remunera\u00e7\u00e3o e principais datas\" \/>\n<meta name=\"robots\" content=\"index, follow, max-snippet:-1, max-image-preview:large, max-video-preview:-1\" \/>\n<link rel=\"canonical\" href=\"https:\/\/www.estrategiaconcursos.com.br\/blog\/concurso-publico-editais-esta-semana-24-a-28-01\/\" \/>\n<meta property=\"og:locale\" content=\"pt_BR\" \/>\n<meta property=\"og:type\" content=\"article\" \/>\n<meta property=\"og:title\" content=\"Concurso P\u00fablico: 21 editais esta semana! Quase 3 mil vagas!\" \/>\n<meta property=\"og:description\" content=\"Concurso P\u00fablico 2022: 21 editais sa\u00edram ao longo desta semana (24 a 28\/01). Confira n\u00famero de vagas, remunera\u00e7\u00e3o e principais datas\" \/>\n<meta property=\"og:url\" content=\"https:\/\/www.estrategiaconcursos.com.br\/blog\/concurso-publico-editais-esta-semana-24-a-28-01\/\" \/>\n<meta property=\"og:site_name\" content=\"Estrat\u00e9gia Concursos\" \/>\n<meta property=\"article:published_time\" content=\"2022-01-28T21:00:00+00:00\" \/>\n<meta property=\"article:modified_time\" content=\"2023-09-05T16:49:14+00:00\" \/>\n<meta property=\"og:image\" content=\"https:\/\/dhg1h5j42swfq.cloudfront.net\/2021\/04\/20121239\/2022_concursos.jpeg\" \/>\n\t<meta property=\"og:image:width\" content=\"768\" \/>\n\t<meta property=\"og:image:height\" content=\"432\" \/>\n\t<meta property=\"og:image:type\" content=\"image\/jpeg\" \/>\n<meta name=\"author\" content=\"Camila Leite\" \/>\n<meta name=\"twitter:card\" content=\"summary_large_image\" \/>\n<meta name=\"twitter:creator\" content=\"@EstratConcursos\" \/>\n<meta name=\"twitter:site\" content=\"@EstratConcursos\" \/>\n<meta name=\"twitter:label1\" content=\"Escrito por\" \/>\n\t<meta name=\"twitter:data1\" content=\"Camila Leite\" \/>\n\t<meta name=\"twitter:label2\" content=\"Est. tempo de leitura\" \/>\n\t<meta name=\"twitter:data2\" content=\"5 minutos\" \/>\n<script type=\"application\/ld+json\" class=\"yoast-schema-graph\">{\"@context\":\"https:\/\/schema.org\",\"@graph\":[{\"@type\":\"NewsArticle\",\"@id\":\"https:\/\/www.estrategiaconcursos.com.br\/blog\/concurso-publico-editais-esta-semana-24-a-28-01\/#article\",\"isPartOf\":{\"@id\":\"https:\/\/www.estrategiaconcursos.com.br\/blog\/concurso-publico-editais-esta-semana-24-a-28-01\/\"},\"author\":{\"name\":\"Camila Leite\",\"@id\":\"https:\/\/www.estrategiaconcursos.com.br\/blog\/#\/schema\/person\/84ecdc6eb58d3cf1689bf76c5cd8fb38\"},\"headline\":\"Concurso P\u00fablico: 21 editais esta semana! Quase 3 mil vagas!\",\"datePublished\":\"2022-01-28T21:00:00+00:00\",\"dateModified\":\"2023-09-05T16:49:14+00:00\",\"mainEntityOfPage\":{\"@id\":\"https:\/\/www.estrategiaconcursos.com.br\/blog\/concurso-publico-editais-esta-semana-24-a-28-01\/\"},\"wordCount\":869,\"commentCount\":0,\"publisher\":{\"@id\":\"https:\/\/www.estrategiaconcursos.com.br\/blog\/#organization\"},\"image\":{\"@id\":\"https:\/\/www.estrategiaconcursos.com.br\/blog\/concurso-publico-editais-esta-semana-24-a-28-01\/#primaryimage\"},\"thumbnailUrl\":\"https:\/\/dhg1h5j42swfq.cloudfront.net\/2021\/04\/20121239\/2022_concursos.jpeg\",\"articleSection\":[\"Concursos P\u00fablicos\",\"\u00daltimas not\u00edcias\"],\"inLanguage\":\"pt-BR\",\"potentialAction\":[{\"@type\":\"CommentAction\",\"name\":\"Comment\",\"target\":[\"https:\/\/www.estrategiaconcursos.com.br\/blog\/concurso-publico-editais-esta-semana-24-a-28-01\/#respond\"]}],\"copyrightYear\":\"2022\",\"copyrightHolder\":{\"@id\":\"https:\/\/www.estrategiaconcursos.com.br\/blog\/#organization\"}},{\"@type\":\"WebPage\",\"@id\":\"https:\/\/www.estrategiaconcursos.com.br\/blog\/concurso-publico-editais-esta-semana-24-a-28-01\/\",\"url\":\"https:\/\/www.estrategiaconcursos.com.br\/blog\/concurso-publico-editais-esta-semana-24-a-28-01\/\",\"name\":\"Concurso P\u00fablico: 21 editais esta semana! Quase 3 mil vagas!\",\"isPartOf\":{\"@id\":\"https:\/\/www.estrategiaconcursos.com.br\/blog\/#website\"},\"primaryImageOfPage\":{\"@id\":\"https:\/\/www.estrategiaconcursos.com.br\/blog\/concurso-publico-editais-esta-semana-24-a-28-01\/#primaryimage\"},\"image\":{\"@id\":\"https:\/\/www.estrategiaconcursos.com.br\/blog\/concurso-publico-editais-esta-semana-24-a-28-01\/#primaryimage\"},\"thumbnailUrl\":\"https:\/\/dhg1h5j42swfq.cloudfront.net\/2021\/04\/20121239\/2022_concursos.jpeg\",\"datePublished\":\"2022-01-28T21:00:00+00:00\",\"dateModified\":\"2023-09-05T16:49:14+00:00\",\"description\":\"Concurso P\u00fablico 2022: 21 editais sa\u00edram ao longo desta semana (24 a 28\/01). Confira n\u00famero de vagas, remunera\u00e7\u00e3o e principais datas\",\"breadcrumb\":{\"@id\":\"https:\/\/www.estrategiaconcursos.com.br\/blog\/concurso-publico-editais-esta-semana-24-a-28-01\/#breadcrumb\"},\"inLanguage\":\"pt-BR\",\"potentialAction\":[{\"@type\":\"ReadAction\",\"target\":[\"https:\/\/www.estrategiaconcursos.com.br\/blog\/concurso-publico-editais-esta-semana-24-a-28-01\/\"]}]},{\"@type\":\"ImageObject\",\"inLanguage\":\"pt-BR\",\"@id\":\"https:\/\/www.estrategiaconcursos.com.br\/blog\/concurso-publico-editais-esta-semana-24-a-28-01\/#primaryimage\",\"url\":\"https:\/\/dhg1h5j42swfq.cloudfront.net\/2021\/04\/20121239\/2022_concursos.jpeg\",\"contentUrl\":\"https:\/\/dhg1h5j42swfq.cloudfront.net\/2021\/04\/20121239\/2022_concursos.jpeg\",\"width\":768,\"height\":432,\"caption\":\"Concursos 2022\"},{\"@type\":\"BreadcrumbList\",\"@id\":\"https:\/\/www.estrategiaconcursos.com.br\/blog\/concurso-publico-editais-esta-semana-24-a-28-01\/#breadcrumb\",\"itemListElement\":[{\"@type\":\"ListItem\",\"position\":1,\"name\":\"In\u00edcio\",\"item\":\"https:\/\/www.estrategiaconcursos.com.br\/blog\/\"},{\"@type\":\"ListItem\",\"position\":2,\"name\":\"Concurso P\u00fablico: 21 editais esta semana! Quase 3 mil vagas!\"}]},{\"@type\":\"WebSite\",\"@id\":\"https:\/\/www.estrategiaconcursos.com.br\/blog\/#website\",\"url\":\"https:\/\/www.estrategiaconcursos.com.br\/blog\/\",\"name\":\"Estrat\u00e9gia Concursos\",\"description\":\"O blog da Estrat\u00e9gia Concursos traz not\u00edcias sobre concursos e artigos de professores oferecendo cursos para concursos (pdf + videaulas) no site.\",\"publisher\":{\"@id\":\"https:\/\/www.estrategiaconcursos.com.br\/blog\/#organization\"},\"potentialAction\":[{\"@type\":\"SearchAction\",\"target\":{\"@type\":\"EntryPoint\",\"urlTemplate\":\"https:\/\/www.estrategiaconcursos.com.br\/blog\/?s={search_term_string}\"},\"query-input\":{\"@type\":\"PropertyValueSpecification\",\"valueRequired\":true,\"valueName\":\"search_term_string\"}}],\"inLanguage\":\"pt-BR\"},{\"@type\":\"Organization\",\"@id\":\"https:\/\/www.estrategiaconcursos.com.br\/blog\/#organization\",\"name\":\"Estrat\u00e9gia Concursos\",\"url\":\"https:\/\/www.estrategiaconcursos.com.br\/blog\/\",\"logo\":{\"@type\":\"ImageObject\",\"inLanguage\":\"pt-BR\",\"@id\":\"https:\/\/www.estrategiaconcursos.com.br\/blog\/#\/schema\/logo\/image\/\",\"url\":\"https:\/\/dhg1h5j42swfq.cloudfront.net\/2025\/06\/03203428\/logo_concursos-1.jpg\",\"contentUrl\":\"https:\/\/dhg1h5j42swfq.cloudfront.net\/2025\/06\/03203428\/logo_concursos-1.jpg\",\"width\":230,\"height\":60,\"caption\":\"Estrat\u00e9gia Concursos\"},\"image\":{\"@id\":\"https:\/\/www.estrategiaconcursos.com.br\/blog\/#\/schema\/logo\/image\/\"},\"sameAs\":[\"https:\/\/x.com\/EstratConcursos\"]},{\"@type\":\"Person\",\"@id\":\"https:\/\/www.estrategiaconcursos.com.br\/blog\/#\/schema\/person\/84ecdc6eb58d3cf1689bf76c5cd8fb38\",\"name\":\"Camila Leite\",\"image\":{\"@type\":\"ImageObject\",\"inLanguage\":\"pt-BR\",\"@id\":\"https:\/\/secure.gravatar.com\/avatar\/f2f8faef639c8a2bfb7fb909912a56917f4c3a0aed064500168e2fb8ea55cf61?s=96&d=mm&r=g\",\"url\":\"https:\/\/secure.gravatar.com\/avatar\/f2f8faef639c8a2bfb7fb909912a56917f4c3a0aed064500168e2fb8ea55cf61?s=96&d=mm&r=g\",\"contentUrl\":\"https:\/\/secure.gravatar.com\/avatar\/f2f8faef639c8a2bfb7fb909912a56917f4c3a0aed064500168e2fb8ea55cf61?s=96&d=mm&r=g\",\"caption\":\"Camila Leite\"},\"description\":\"Formada em Design Gr\u00e1fico e em Propaganda e Marketing pela UNIP, integra a equipe de jornalismo do Estrat\u00e9gia Concursos desde 2018. Ao longo dos anos, construiu uma s\u00f3lida experi\u00eancia na produ\u00e7\u00e3o de conte\u00fado informativo e relevante para concurseiros. Desde 2020, atua na cobertura das \u00e1reas Fiscal \u2014 com \u00eanfase nas Secretarias de Fazenda (Sefaz) das regi\u00f5es Sul e Sudeste \u2014, al\u00e9m da cobertura de concursos federais, como CNU, Petrobras, CGU, Receita Federal, ag\u00eancias reguladoras (Anvisa, ANAC, entre outras) e INSS. Mant\u00e9m contato direto com os principais \u00f3rg\u00e3os p\u00fablicos, acompanhando editais, atualiza\u00e7\u00f5es e movimenta\u00e7\u00f5es importantes para os candidatos.\",\"sameAs\":[\"https:\/\/www.linkedin.com\/in\/camila-pinheiro-leite-9ba135b6\/\"],\"url\":\"https:\/\/www.estrategiaconcursos.com.br\/blog\/author\/camila-leiteestrategiaconcursos-com-br\/\"}]}<\/script>\n<!-- \/ Yoast SEO Premium plugin. -->","yoast_head_json":{"title":"Concurso P\u00fablico: 21 editais esta semana! Quase 3 mil vagas!","description":"Concurso P\u00fablico 2022: 21 editais sa\u00edram ao longo desta semana (24 a 28\/01). Confira n\u00famero de vagas, remunera\u00e7\u00e3o e principais datas","robots":{"index":"index","follow":"follow","max-snippet":"max-snippet:-1","max-image-preview":"max-image-preview:large","max-video-preview":"max-video-preview:-1"},"canonical":"https:\/\/www.estrategiaconcursos.com.br\/blog\/concurso-publico-editais-esta-semana-24-a-28-01\/","og_locale":"pt_BR","og_type":"article","og_title":"Concurso P\u00fablico: 21 editais esta semana! Quase 3 mil vagas!","og_description":"Concurso P\u00fablico 2022: 21 editais sa\u00edram ao longo desta semana (24 a 28\/01). Confira n\u00famero de vagas, remunera\u00e7\u00e3o e principais datas","og_url":"https:\/\/www.estrategiaconcursos.com.br\/blog\/concurso-publico-editais-esta-semana-24-a-28-01\/","og_site_name":"Estrat\u00e9gia Concursos","article_published_time":"2022-01-28T21:00:00+00:00","article_modified_time":"2023-09-05T16:49:14+00:00","og_image":[{"width":768,"height":432,"url":"https:\/\/dhg1h5j42swfq.cloudfront.net\/2021\/04\/20121239\/2022_concursos.jpeg","type":"image\/jpeg"}],"author":"Camila Leite","twitter_card":"summary_large_image","twitter_creator":"@EstratConcursos","twitter_site":"@EstratConcursos","twitter_misc":{"Escrito por":"Camila Leite","Est. tempo de leitura":"5 minutos"},"schema":{"@context":"https:\/\/schema.org","@graph":[{"@type":"NewsArticle","@id":"https:\/\/www.estrategiaconcursos.com.br\/blog\/concurso-publico-editais-esta-semana-24-a-28-01\/#article","isPartOf":{"@id":"https:\/\/www.estrategiaconcursos.com.br\/blog\/concurso-publico-editais-esta-semana-24-a-28-01\/"},"author":{"name":"Camila Leite","@id":"https:\/\/www.estrategiaconcursos.com.br\/blog\/#\/schema\/person\/84ecdc6eb58d3cf1689bf76c5cd8fb38"},"headline":"Concurso P\u00fablico: 21 editais esta semana! Quase 3 mil vagas!","datePublished":"2022-01-28T21:00:00+00:00","dateModified":"2023-09-05T16:49:14+00:00","mainEntityOfPage":{"@id":"https:\/\/www.estrategiaconcursos.com.br\/blog\/concurso-publico-editais-esta-semana-24-a-28-01\/"},"wordCount":869,"commentCount":0,"publisher":{"@id":"https:\/\/www.estrategiaconcursos.com.br\/blog\/#organization"},"image":{"@id":"https:\/\/www.estrategiaconcursos.com.br\/blog\/concurso-publico-editais-esta-semana-24-a-28-01\/#primaryimage"},"thumbnailUrl":"https:\/\/dhg1h5j42swfq.cloudfront.net\/2021\/04\/20121239\/2022_concursos.jpeg","articleSection":["Concursos P\u00fablicos","\u00daltimas not\u00edcias"],"inLanguage":"pt-BR","potentialAction":[{"@type":"CommentAction","name":"Comment","target":["https:\/\/www.estrategiaconcursos.com.br\/blog\/concurso-publico-editais-esta-semana-24-a-28-01\/#respond"]}],"copyrightYear":"2022","copyrightHolder":{"@id":"https:\/\/www.estrategiaconcursos.com.br\/blog\/#organization"}},{"@type":"WebPage","@id":"https:\/\/www.estrategiaconcursos.com.br\/blog\/concurso-publico-editais-esta-semana-24-a-28-01\/","url":"https:\/\/www.estrategiaconcursos.com.br\/blog\/concurso-publico-editais-esta-semana-24-a-28-01\/","name":"Concurso P\u00fablico: 21 editais esta semana! Quase 3 mil vagas!","isPartOf":{"@id":"https:\/\/www.estrategiaconcursos.com.br\/blog\/#website"},"primaryImageOfPage":{"@id":"https:\/\/www.estrategiaconcursos.com.br\/blog\/concurso-publico-editais-esta-semana-24-a-28-01\/#primaryimage"},"image":{"@id":"https:\/\/www.estrategiaconcursos.com.br\/blog\/concurso-publico-editais-esta-semana-24-a-28-01\/#primaryimage"},"thumbnailUrl":"https:\/\/dhg1h5j42swfq.cloudfront.net\/2021\/04\/20121239\/2022_concursos.jpeg","datePublished":"2022-01-28T21:00:00+00:00","dateModified":"2023-09-05T16:49:14+00:00","description":"Concurso P\u00fablico 2022: 21 editais sa\u00edram ao longo desta semana (24 a 28\/01). Confira n\u00famero de vagas, remunera\u00e7\u00e3o e principais datas","breadcrumb":{"@id":"https:\/\/www.estrategiaconcursos.com.br\/blog\/concurso-publico-editais-esta-semana-24-a-28-01\/#breadcrumb"},"inLanguage":"pt-BR","potentialAction":[{"@type":"ReadAction","target":["https:\/\/www.estrategiaconcursos.com.br\/blog\/concurso-publico-editais-esta-semana-24-a-28-01\/"]}]},{"@type":"ImageObject","inLanguage":"pt-BR","@id":"https:\/\/www.estrategiaconcursos.com.br\/blog\/concurso-publico-editais-esta-semana-24-a-28-01\/#primaryimage","url":"https:\/\/dhg1h5j42swfq.cloudfront.net\/2021\/04\/20121239\/2022_concursos.jpeg","contentUrl":"https:\/\/dhg1h5j42swfq.cloudfront.net\/2021\/04\/20121239\/2022_concursos.jpeg","width":768,"height":432,"caption":"Concursos 2022"},{"@type":"BreadcrumbList","@id":"https:\/\/www.estrategiaconcursos.com.br\/blog\/concurso-publico-editais-esta-semana-24-a-28-01\/#breadcrumb","itemListElement":[{"@type":"ListItem","position":1,"name":"In\u00edcio","item":"https:\/\/www.estrategiaconcursos.com.br\/blog\/"},{"@type":"ListItem","position":2,"name":"Concurso P\u00fablico: 21 editais esta semana! Quase 3 mil vagas!"}]},{"@type":"WebSite","@id":"https:\/\/www.estrategiaconcursos.com.br\/blog\/#website","url":"https:\/\/www.estrategiaconcursos.com.br\/blog\/","name":"Estrat\u00e9gia Concursos","description":"O blog da Estrat\u00e9gia Concursos traz not\u00edcias sobre concursos e artigos de professores oferecendo cursos para concursos (pdf + videaulas) no site.","publisher":{"@id":"https:\/\/www.estrategiaconcursos.com.br\/blog\/#organization"},"potentialAction":[{"@type":"SearchAction","target":{"@type":"EntryPoint","urlTemplate":"https:\/\/www.estrategiaconcursos.com.br\/blog\/?s={search_term_string}"},"query-input":{"@type":"PropertyValueSpecification","valueRequired":true,"valueName":"search_term_string"}}],"inLanguage":"pt-BR"},{"@type":"Organization","@id":"https:\/\/www.estrategiaconcursos.com.br\/blog\/#organization","name":"Estrat\u00e9gia Concursos","url":"https:\/\/www.estrategiaconcursos.com.br\/blog\/","logo":{"@type":"ImageObject","inLanguage":"pt-BR","@id":"https:\/\/www.estrategiaconcursos.com.br\/blog\/#\/schema\/logo\/image\/","url":"https:\/\/dhg1h5j42swfq.cloudfront.net\/2025\/06\/03203428\/logo_concursos-1.jpg","contentUrl":"https:\/\/dhg1h5j42swfq.cloudfront.net\/2025\/06\/03203428\/logo_concursos-1.jpg","width":230,"height":60,"caption":"Estrat\u00e9gia Concursos"},"image":{"@id":"https:\/\/www.estrategiaconcursos.com.br\/blog\/#\/schema\/logo\/image\/"},"sameAs":["https:\/\/x.com\/EstratConcursos"]},{"@type":"Person","@id":"https:\/\/www.estrategiaconcursos.com.br\/blog\/#\/schema\/person\/84ecdc6eb58d3cf1689bf76c5cd8fb38","name":"Camila Leite","image":{"@type":"ImageObject","inLanguage":"pt-BR","@id":"https:\/\/secure.gravatar.com\/avatar\/f2f8faef639c8a2bfb7fb909912a56917f4c3a0aed064500168e2fb8ea55cf61?s=96&d=mm&r=g","url":"https:\/\/secure.gravatar.com\/avatar\/f2f8faef639c8a2bfb7fb909912a56917f4c3a0aed064500168e2fb8ea55cf61?s=96&d=mm&r=g","contentUrl":"https:\/\/secure.gravatar.com\/avatar\/f2f8faef639c8a2bfb7fb909912a56917f4c3a0aed064500168e2fb8ea55cf61?s=96&d=mm&r=g","caption":"Camila Leite"},"description":"Formada em Design Gr\u00e1fico e em Propaganda e Marketing pela UNIP, integra a equipe de jornalismo do Estrat\u00e9gia Concursos desde 2018. Ao longo dos anos, construiu uma s\u00f3lida experi\u00eancia na produ\u00e7\u00e3o de conte\u00fado informativo e relevante para concurseiros. Desde 2020, atua na cobertura das \u00e1reas Fiscal \u2014 com \u00eanfase nas Secretarias de Fazenda (Sefaz) das regi\u00f5es Sul e Sudeste \u2014, al\u00e9m da cobertura de concursos federais, como CNU, Petrobras, CGU, Receita Federal, ag\u00eancias reguladoras (Anvisa, ANAC, entre outras) e INSS. Mant\u00e9m contato direto com os principais \u00f3rg\u00e3os p\u00fablicos, acompanhando editais, atualiza\u00e7\u00f5es e movimenta\u00e7\u00f5es importantes para os candidatos.","sameAs":["https:\/\/www.linkedin.com\/in\/camila-pinheiro-leite-9ba135b6\/"],"url":"https:\/\/www.estrategiaconcursos.com.br\/blog\/author\/camila-leiteestrategiaconcursos-com-br\/"}]}},"_links":{"self":[{"href":"https:\/\/www.estrategiaconcursos.com.br\/blog\/wp-json\/wp\/v2\/posts\/956026","targetHints":{"allow":["GET"]}}],"collection":[{"href":"https:\/\/www.estrategiaconcursos.com.br\/blog\/wp-json\/wp\/v2\/posts"}],"about":[{"href":"https:\/\/www.estrategiaconcursos.com.br\/blog\/wp-json\/wp\/v2\/types\/post"}],"author":[{"embeddable":true,"href":"https:\/\/www.estrategiaconcursos.com.br\/blog\/wp-json\/wp\/v2\/users\/659"}],"replies":[{"embeddable":true,"href":"https:\/\/www.estrategiaconcursos.com.br\/blog\/wp-json\/wp\/v2\/comments?post=956026"}],"version-history":[{"count":13,"href":"https:\/\/www.estrategiaconcursos.com.br\/blog\/wp-json\/wp\/v2\/posts\/956026\/revisions"}],"predecessor-version":[{"id":1274123,"href":"https:\/\/www.estrategiaconcursos.com.br\/blog\/wp-json\/wp\/v2\/posts\/956026\/revisions\/1274123"}],"wp:featuredmedia":[{"embeddable":true,"href":"https:\/\/www.estrategiaconcursos.com.br\/blog\/wp-json\/wp\/v2\/media\/746120"}],"wp:attachment":[{"href":"https:\/\/www.estrategiaconcursos.com.br\/blog\/wp-json\/wp\/v2\/media?parent=956026"}],"wp:term":[{"taxonomy":"category","embeddable":true,"href":"https:\/\/www.estrategiaconcursos.com.br\/blog\/wp-json\/wp\/v2\/categories?post=956026"},{"taxonomy":"post_tag","embeddable":true,"href":"https:\/\/www.estrategiaconcursos.com.br\/blog\/wp-json\/wp\/v2\/tags?post=956026"},{"taxonomy":"tax_estado","embeddable":true,"href":"https:\/\/www.estrategiaconcursos.com.br\/blog\/wp-json\/wp\/v2\/tax_estado?post=956026"}],"curies":[{"name":"wp","href":"https:\/\/api.w.org\/{rel}","templated":true}]}}