{"id":955966,"date":"2022-01-27T10:20:55","date_gmt":"2022-01-27T13:20:55","guid":{"rendered":"https:\/\/www.estrategiaconcursos.com.br\/blog\/?p=955966"},"modified":"2022-01-27T10:24:33","modified_gmt":"2022-01-27T13:24:33","slug":"concurso-publico-reajuste-professores-bolsonaro","status":"publish","type":"post","link":"https:\/\/www.estrategiaconcursos.com.br\/blog\/concurso-publico-reajuste-professores-bolsonaro\/","title":{"rendered":"Concurso P\u00fablico: Bolsonaro libera reajuste de 33% para professores"},"content":{"rendered":"\n<p>O Presidente Jair Bolsonaro afirmou na \u00faltima quarta-feira (26\/1) que vai conceder um reajuste salarial de cerca de 33% para <a href=\"https:\/\/www.estrategiaconcursos.com.br\/blog\/concursos-educacao-2022\/\" target=\"_blank\" rel=\"noreferrer noopener\">professores da educa\u00e7\u00e3o b\u00e1sica<\/a> (<strong>concurso p\u00fablico<\/strong>).<\/p>\n\n\n\n<p>A informa\u00e7\u00e3o foi repassada durante reuni\u00e3o interna. De acordo com o ministro da Educa\u00e7\u00e3o, Milton Ribeiro, a pretens\u00e3o do representante do Executivo \u00e9 conceder &#8220;reajuste m\u00e1ximo&#8221;.<\/p>\n\n\n\n<p>O custo estimado de um reajuste de 33% para prefeituras e governos estaduais deve chegar a R$ 30 bilh\u00f5es.<\/p>\n\n\n\n<p>&#8220;O custo pol\u00edtico ficaria todo com o presidente, mas o custo fiscal \u00e9 de prefeitos e governadores que n\u00e3o quiseram pagar o pre\u00e7o do desgaste em ano de elei\u00e7\u00e3o&#8221;, afirmou o ministro. <\/p>\n\n\n\n<p>O valor passa a valer em maio e deve ser publicado em Medida Provis\u00f3ria ainda nesta semana. Aplicando o percentual de 33%, o piso salarial nacional dos professores ir\u00e1 de <strong>R$ 2.886 para R$ 3.845<\/strong>.<\/p>\n\n\n\n<h2 class=\"wp-block-heading\" id=\"h-concurso-publico-editais-previstos-e-confirmados-na-area-da-educacao\">Concurso P\u00fablico: editais previstos e confirmados na \u00e1rea da Educa\u00e7\u00e3o <\/h2>\n\n\n\n<p>A&nbsp;<strong><a href=\"https:\/\/www.estrategiaconcursos.com.br\/cursosPorMateria\/pedagogia-151\/\" target=\"_blank\" rel=\"noreferrer noopener\">\u00e1rea educacional<\/a><\/strong>&nbsp;est\u00e1 recheada de \u00f3timos concursos p\u00fablicos com&nbsp;<strong>editais publicados<\/strong>&nbsp;e tamb\u00e9m que devem ser realizados em breve. <\/p>\n\n\n\n<p>Sabendo de sua import\u00e2ncia para os concurseiros, o Estrat\u00e9gia Concursos separou as&nbsp;<em><strong>principais previs\u00f5es de Concursos Educa\u00e7\u00e3o para 202<\/strong><\/em>2, para voc\u00ea ficar por dentro de tudo!&nbsp;<\/p>\n\n\n\n<p>S\u00e3o previstos&nbsp;<strong>v\u00e1rios editais<\/strong>&nbsp;com vagas para o Magist\u00e9rio e cargos administrativos educacionais.<\/p>\n\n\n\n<p>As oportunidades se dividem entre editais estaduais, federais e municipais para diversas especialidades com excelentes sal\u00e1rios.<\/p>\n\n\n\n<p class=\"has-text-align-center has-white-color has-vivid-cyan-blue-background-color has-text-color has-background has-medium-font-size\"><a href=\"https:\/\/www.estrategiaconcursos.com.br\/blog\/concursos-educacao-2022\/\" target=\"_blank\" rel=\"noreferrer noopener\">Concurso P\u00fablico: oportunidades para \u00e1rea da Educa\u00e7\u00e3o <\/a><\/p>\n\n\n\n<div class=\"col-sm\">\n      <div class=\"banner-estrategia\" id=\"box-assinatura\">\n        <h3 class=\"titulo-assinatura\">Cursos para Educa\u00e7\u00e3o<\/h3>\n        <p class=\"subtitulo-assinatura\">Conhe\u00e7a os cursos<\/p>\n        <div class=\"box-botao\">\n          <a class=\"btn-assinatura\" target=\"_blank\" href=\"https:\/\/www.estrategiaconcursos.com.br\/cursos\/concurso\/\" role=\"button\" rel=\"noopener noreferrer\">Conhe\u00e7a mais<\/a>\n        <\/div>\n      <\/div>\n      <p class=\"texto-auxiliar\">Prepare-se com o melhor material e com quem mais aprova em Concursos P\u00fablicos em todo o pa\u00eds.<\/p>\n    <\/div>\n","protected":false},"excerpt":{"rendered":"<p>O Presidente Jair Bolsonaro afirmou na \u00faltima quarta-feira (26\/1) que vai conceder um reajuste salarial de cerca de 33% para professores da educa\u00e7\u00e3o b\u00e1sica (concurso p\u00fablico). A informa\u00e7\u00e3o foi repassada durante reuni\u00e3o interna. De acordo com o ministro da Educa\u00e7\u00e3o, Milton Ribeiro, a pretens\u00e3o do representante do Executivo \u00e9 conceder &#8220;reajuste m\u00e1ximo&#8221;. O custo estimado [&hellip;]<\/p>\n","protected":false},"author":2319,"featured_media":859600,"comment_status":"open","ping_status":"closed","sticky":false,"template":"","format":"standard","meta":{"post_tipo":"news","footnotes":""},"categories":[1],"tags":[220366,631,220365,37473,220364],"tax_estado":[219963],"class_list":["post-955966","post","type-post","status-publish","format-standard","has-post-thumbnail","hentry","category-cursos-e-concursos","tag-bolsonaro","tag-concurso-publico","tag-concursos-professores","tag-jair-bolsonaro","tag-reajuste-professores","tax_estado-concursos-federais"],"acf":[],"yoast_head":"<!-- This site is optimized with the Yoast SEO Premium plugin v27.2 (Yoast SEO v27.2) - https:\/\/yoast.com\/product\/yoast-seo-premium-wordpress\/ -->\n<title>Concurso P\u00fablico: Bolsonaro libera reajuste de 33% para professores<\/title>\n<meta name=\"description\" content=\"O presidente Jair Bolsonaro afirmou que vai conceder o reajuste salarial para professores de at\u00e9 33% (concurso p\u00fablico)\" \/>\n<meta name=\"robots\" content=\"index, follow, max-snippet:-1, max-image-preview:large, max-video-preview:-1\" \/>\n<link rel=\"canonical\" href=\"https:\/\/www.estrategiaconcursos.com.br\/blog\/concurso-publico-reajuste-professores-bolsonaro\/\" \/>\n<meta property=\"og:locale\" content=\"pt_BR\" \/>\n<meta property=\"og:type\" content=\"article\" \/>\n<meta property=\"og:title\" content=\"Concurso P\u00fablico: Bolsonaro libera reajuste de 33% para professores\" \/>\n<meta property=\"og:description\" content=\"O presidente Jair Bolsonaro afirmou que vai conceder o reajuste salarial para professores de at\u00e9 33% (concurso p\u00fablico)\" \/>\n<meta property=\"og:url\" content=\"https:\/\/www.estrategiaconcursos.com.br\/blog\/concurso-publico-reajuste-professores-bolsonaro\/\" \/>\n<meta property=\"og:site_name\" content=\"Estrat\u00e9gia Concursos\" \/>\n<meta property=\"article:published_time\" content=\"2022-01-27T13:20:55+00:00\" \/>\n<meta property=\"article:modified_time\" content=\"2022-01-27T13:24:33+00:00\" \/>\n<meta property=\"og:image\" content=\"https:\/\/dhg1h5j42swfq.cloudfront.net\/2021\/09\/13085925\/o-presidente-jair-bolsonaro-em-reuniao-do-conselho-do-programa-de-parcerias-de-investimentos-1630017855008_v2_450x337.jpg\" \/>\n\t<meta property=\"og:image:width\" content=\"450\" \/>\n\t<meta property=\"og:image:height\" content=\"337\" \/>\n\t<meta property=\"og:image:type\" content=\"image\/jpeg\" \/>\n<meta name=\"author\" content=\"Let\u00edcia Teixeira\" \/>\n<meta name=\"twitter:card\" content=\"summary_large_image\" \/>\n<meta name=\"twitter:creator\" content=\"@EstratConcursos\" \/>\n<meta name=\"twitter:site\" content=\"@EstratConcursos\" \/>\n<meta name=\"twitter:label1\" content=\"Escrito por\" \/>\n\t<meta name=\"twitter:data1\" content=\"Let\u00edcia Teixeira\" \/>\n\t<meta name=\"twitter:label2\" content=\"Est. tempo de leitura\" \/>\n\t<meta name=\"twitter:data2\" content=\"2 minutos\" \/>\n<script type=\"application\/ld+json\" class=\"yoast-schema-graph\">{\"@context\":\"https:\/\/schema.org\",\"@graph\":[{\"@type\":\"NewsArticle\",\"@id\":\"https:\/\/www.estrategiaconcursos.com.br\/blog\/concurso-publico-reajuste-professores-bolsonaro\/#article\",\"isPartOf\":{\"@id\":\"https:\/\/www.estrategiaconcursos.com.br\/blog\/concurso-publico-reajuste-professores-bolsonaro\/\"},\"author\":{\"name\":\"Let\u00edcia Teixeira\",\"@id\":\"https:\/\/www.estrategiaconcursos.com.br\/blog\/#\/schema\/person\/9b94727dcf4410f4a7931c83966c843b\"},\"headline\":\"Concurso P\u00fablico: Bolsonaro libera reajuste de 33% para professores\",\"datePublished\":\"2022-01-27T13:20:55+00:00\",\"dateModified\":\"2022-01-27T13:24:33+00:00\",\"mainEntityOfPage\":{\"@id\":\"https:\/\/www.estrategiaconcursos.com.br\/blog\/concurso-publico-reajuste-professores-bolsonaro\/\"},\"wordCount\":295,\"commentCount\":0,\"publisher\":{\"@id\":\"https:\/\/www.estrategiaconcursos.com.br\/blog\/#organization\"},\"image\":{\"@id\":\"https:\/\/www.estrategiaconcursos.com.br\/blog\/concurso-publico-reajuste-professores-bolsonaro\/#primaryimage\"},\"thumbnailUrl\":\"https:\/\/dhg1h5j42swfq.cloudfront.net\/2021\/09\/13085925\/o-presidente-jair-bolsonaro-em-reuniao-do-conselho-do-programa-de-parcerias-de-investimentos-1630017855008_v2_450x337.jpg\",\"keywords\":[\"Bolsonaro\",\"concurso p\u00fablico\",\"concursos professores\",\"jair bolsonaro\",\"reajuste professores\"],\"articleSection\":[\"Concursos P\u00fablicos\"],\"inLanguage\":\"pt-BR\",\"potentialAction\":[{\"@type\":\"CommentAction\",\"name\":\"Comment\",\"target\":[\"https:\/\/www.estrategiaconcursos.com.br\/blog\/concurso-publico-reajuste-professores-bolsonaro\/#respond\"]}],\"copyrightYear\":\"2022\",\"copyrightHolder\":{\"@id\":\"https:\/\/www.estrategiaconcursos.com.br\/blog\/#organization\"}},{\"@type\":\"WebPage\",\"@id\":\"https:\/\/www.estrategiaconcursos.com.br\/blog\/concurso-publico-reajuste-professores-bolsonaro\/\",\"url\":\"https:\/\/www.estrategiaconcursos.com.br\/blog\/concurso-publico-reajuste-professores-bolsonaro\/\",\"name\":\"Concurso P\u00fablico: Bolsonaro libera reajuste de 33% para professores\",\"isPartOf\":{\"@id\":\"https:\/\/www.estrategiaconcursos.com.br\/blog\/#website\"},\"primaryImageOfPage\":{\"@id\":\"https:\/\/www.estrategiaconcursos.com.br\/blog\/concurso-publico-reajuste-professores-bolsonaro\/#primaryimage\"},\"image\":{\"@id\":\"https:\/\/www.estrategiaconcursos.com.br\/blog\/concurso-publico-reajuste-professores-bolsonaro\/#primaryimage\"},\"thumbnailUrl\":\"https:\/\/dhg1h5j42swfq.cloudfront.net\/2021\/09\/13085925\/o-presidente-jair-bolsonaro-em-reuniao-do-conselho-do-programa-de-parcerias-de-investimentos-1630017855008_v2_450x337.jpg\",\"datePublished\":\"2022-01-27T13:20:55+00:00\",\"dateModified\":\"2022-01-27T13:24:33+00:00\",\"description\":\"O presidente Jair Bolsonaro afirmou que vai conceder o reajuste salarial para professores de at\u00e9 33% (concurso p\u00fablico)\",\"breadcrumb\":{\"@id\":\"https:\/\/www.estrategiaconcursos.com.br\/blog\/concurso-publico-reajuste-professores-bolsonaro\/#breadcrumb\"},\"inLanguage\":\"pt-BR\",\"potentialAction\":[{\"@type\":\"ReadAction\",\"target\":[\"https:\/\/www.estrategiaconcursos.com.br\/blog\/concurso-publico-reajuste-professores-bolsonaro\/\"]}]},{\"@type\":\"ImageObject\",\"inLanguage\":\"pt-BR\",\"@id\":\"https:\/\/www.estrategiaconcursos.com.br\/blog\/concurso-publico-reajuste-professores-bolsonaro\/#primaryimage\",\"url\":\"https:\/\/dhg1h5j42swfq.cloudfront.net\/2021\/09\/13085925\/o-presidente-jair-bolsonaro-em-reuniao-do-conselho-do-programa-de-parcerias-de-investimentos-1630017855008_v2_450x337.jpg\",\"contentUrl\":\"https:\/\/dhg1h5j42swfq.cloudfront.net\/2021\/09\/13085925\/o-presidente-jair-bolsonaro-em-reuniao-do-conselho-do-programa-de-parcerias-de-investimentos-1630017855008_v2_450x337.jpg\",\"width\":450,\"height\":337},{\"@type\":\"BreadcrumbList\",\"@id\":\"https:\/\/www.estrategiaconcursos.com.br\/blog\/concurso-publico-reajuste-professores-bolsonaro\/#breadcrumb\",\"itemListElement\":[{\"@type\":\"ListItem\",\"position\":1,\"name\":\"In\u00edcio\",\"item\":\"https:\/\/www.estrategiaconcursos.com.br\/blog\/\"},{\"@type\":\"ListItem\",\"position\":2,\"name\":\"Concurso P\u00fablico: Bolsonaro libera reajuste de 33% para professores\"}]},{\"@type\":\"WebSite\",\"@id\":\"https:\/\/www.estrategiaconcursos.com.br\/blog\/#website\",\"url\":\"https:\/\/www.estrategiaconcursos.com.br\/blog\/\",\"name\":\"Estrat\u00e9gia Concursos\",\"description\":\"O blog da Estrat\u00e9gia Concursos traz not\u00edcias sobre concursos e artigos de professores oferecendo cursos para concursos (pdf + videaulas) no site.\",\"publisher\":{\"@id\":\"https:\/\/www.estrategiaconcursos.com.br\/blog\/#organization\"},\"potentialAction\":[{\"@type\":\"SearchAction\",\"target\":{\"@type\":\"EntryPoint\",\"urlTemplate\":\"https:\/\/www.estrategiaconcursos.com.br\/blog\/?s={search_term_string}\"},\"query-input\":{\"@type\":\"PropertyValueSpecification\",\"valueRequired\":true,\"valueName\":\"search_term_string\"}}],\"inLanguage\":\"pt-BR\"},{\"@type\":\"Organization\",\"@id\":\"https:\/\/www.estrategiaconcursos.com.br\/blog\/#organization\",\"name\":\"Estrat\u00e9gia Concursos\",\"url\":\"https:\/\/www.estrategiaconcursos.com.br\/blog\/\",\"logo\":{\"@type\":\"ImageObject\",\"inLanguage\":\"pt-BR\",\"@id\":\"https:\/\/www.estrategiaconcursos.com.br\/blog\/#\/schema\/logo\/image\/\",\"url\":\"https:\/\/dhg1h5j42swfq.cloudfront.net\/2025\/06\/03203428\/logo_concursos-1.jpg\",\"contentUrl\":\"https:\/\/dhg1h5j42swfq.cloudfront.net\/2025\/06\/03203428\/logo_concursos-1.jpg\",\"width\":230,\"height\":60,\"caption\":\"Estrat\u00e9gia Concursos\"},\"image\":{\"@id\":\"https:\/\/www.estrategiaconcursos.com.br\/blog\/#\/schema\/logo\/image\/\"},\"sameAs\":[\"https:\/\/x.com\/EstratConcursos\"]},{\"@type\":\"Person\",\"@id\":\"https:\/\/www.estrategiaconcursos.com.br\/blog\/#\/schema\/person\/9b94727dcf4410f4a7931c83966c843b\",\"name\":\"Let\u00edcia Teixeira\",\"image\":{\"@type\":\"ImageObject\",\"inLanguage\":\"pt-BR\",\"@id\":\"https:\/\/secure.gravatar.com\/avatar\/fb589b06b881e20b676d08f9d03226d1e3291ba2f90e751ddc9ccb21abf0244d?s=96&d=mm&r=g\",\"url\":\"https:\/\/secure.gravatar.com\/avatar\/fb589b06b881e20b676d08f9d03226d1e3291ba2f90e751ddc9ccb21abf0244d?s=96&d=mm&r=g\",\"contentUrl\":\"https:\/\/secure.gravatar.com\/avatar\/fb589b06b881e20b676d08f9d03226d1e3291ba2f90e751ddc9ccb21abf0244d?s=96&d=mm&r=g\",\"caption\":\"Let\u00edcia Teixeira\"},\"description\":\"Jornalista com experi\u00eancia de mais de quatro anos no segmento de concursos p\u00fablicos. Especializada em Narrativa Transm\u00eddia e Storytelling pela Universidade Cat\u00f3lica de Bras\u00edlia, com atua\u00e7\u00e3o nas \u00e1reas de SEO, conte\u00fado, Webwriting e Copywriting.\",\"url\":\"https:\/\/www.estrategiaconcursos.com.br\/blog\/author\/leticia-teixeiraestrategia-com\/\"}]}<\/script>\n<!-- \/ Yoast SEO Premium plugin. -->","yoast_head_json":{"title":"Concurso P\u00fablico: Bolsonaro libera reajuste de 33% para professores","description":"O presidente Jair Bolsonaro afirmou que vai conceder o reajuste salarial para professores de at\u00e9 33% (concurso p\u00fablico)","robots":{"index":"index","follow":"follow","max-snippet":"max-snippet:-1","max-image-preview":"max-image-preview:large","max-video-preview":"max-video-preview:-1"},"canonical":"https:\/\/www.estrategiaconcursos.com.br\/blog\/concurso-publico-reajuste-professores-bolsonaro\/","og_locale":"pt_BR","og_type":"article","og_title":"Concurso P\u00fablico: Bolsonaro libera reajuste de 33% para professores","og_description":"O presidente Jair Bolsonaro afirmou que vai conceder o reajuste salarial para professores de at\u00e9 33% (concurso p\u00fablico)","og_url":"https:\/\/www.estrategiaconcursos.com.br\/blog\/concurso-publico-reajuste-professores-bolsonaro\/","og_site_name":"Estrat\u00e9gia Concursos","article_published_time":"2022-01-27T13:20:55+00:00","article_modified_time":"2022-01-27T13:24:33+00:00","og_image":[{"width":450,"height":337,"url":"https:\/\/dhg1h5j42swfq.cloudfront.net\/2021\/09\/13085925\/o-presidente-jair-bolsonaro-em-reuniao-do-conselho-do-programa-de-parcerias-de-investimentos-1630017855008_v2_450x337.jpg","type":"image\/jpeg"}],"author":"Let\u00edcia Teixeira","twitter_card":"summary_large_image","twitter_creator":"@EstratConcursos","twitter_site":"@EstratConcursos","twitter_misc":{"Escrito por":"Let\u00edcia Teixeira","Est. tempo de leitura":"2 minutos"},"schema":{"@context":"https:\/\/schema.org","@graph":[{"@type":"NewsArticle","@id":"https:\/\/www.estrategiaconcursos.com.br\/blog\/concurso-publico-reajuste-professores-bolsonaro\/#article","isPartOf":{"@id":"https:\/\/www.estrategiaconcursos.com.br\/blog\/concurso-publico-reajuste-professores-bolsonaro\/"},"author":{"name":"Let\u00edcia Teixeira","@id":"https:\/\/www.estrategiaconcursos.com.br\/blog\/#\/schema\/person\/9b94727dcf4410f4a7931c83966c843b"},"headline":"Concurso P\u00fablico: Bolsonaro libera reajuste de 33% para professores","datePublished":"2022-01-27T13:20:55+00:00","dateModified":"2022-01-27T13:24:33+00:00","mainEntityOfPage":{"@id":"https:\/\/www.estrategiaconcursos.com.br\/blog\/concurso-publico-reajuste-professores-bolsonaro\/"},"wordCount":295,"commentCount":0,"publisher":{"@id":"https:\/\/www.estrategiaconcursos.com.br\/blog\/#organization"},"image":{"@id":"https:\/\/www.estrategiaconcursos.com.br\/blog\/concurso-publico-reajuste-professores-bolsonaro\/#primaryimage"},"thumbnailUrl":"https:\/\/dhg1h5j42swfq.cloudfront.net\/2021\/09\/13085925\/o-presidente-jair-bolsonaro-em-reuniao-do-conselho-do-programa-de-parcerias-de-investimentos-1630017855008_v2_450x337.jpg","keywords":["Bolsonaro","concurso p\u00fablico","concursos professores","jair bolsonaro","reajuste professores"],"articleSection":["Concursos P\u00fablicos"],"inLanguage":"pt-BR","potentialAction":[{"@type":"CommentAction","name":"Comment","target":["https:\/\/www.estrategiaconcursos.com.br\/blog\/concurso-publico-reajuste-professores-bolsonaro\/#respond"]}],"copyrightYear":"2022","copyrightHolder":{"@id":"https:\/\/www.estrategiaconcursos.com.br\/blog\/#organization"}},{"@type":"WebPage","@id":"https:\/\/www.estrategiaconcursos.com.br\/blog\/concurso-publico-reajuste-professores-bolsonaro\/","url":"https:\/\/www.estrategiaconcursos.com.br\/blog\/concurso-publico-reajuste-professores-bolsonaro\/","name":"Concurso P\u00fablico: Bolsonaro libera reajuste de 33% para professores","isPartOf":{"@id":"https:\/\/www.estrategiaconcursos.com.br\/blog\/#website"},"primaryImageOfPage":{"@id":"https:\/\/www.estrategiaconcursos.com.br\/blog\/concurso-publico-reajuste-professores-bolsonaro\/#primaryimage"},"image":{"@id":"https:\/\/www.estrategiaconcursos.com.br\/blog\/concurso-publico-reajuste-professores-bolsonaro\/#primaryimage"},"thumbnailUrl":"https:\/\/dhg1h5j42swfq.cloudfront.net\/2021\/09\/13085925\/o-presidente-jair-bolsonaro-em-reuniao-do-conselho-do-programa-de-parcerias-de-investimentos-1630017855008_v2_450x337.jpg","datePublished":"2022-01-27T13:20:55+00:00","dateModified":"2022-01-27T13:24:33+00:00","description":"O presidente Jair Bolsonaro afirmou que vai conceder o reajuste salarial para professores de at\u00e9 33% (concurso p\u00fablico)","breadcrumb":{"@id":"https:\/\/www.estrategiaconcursos.com.br\/blog\/concurso-publico-reajuste-professores-bolsonaro\/#breadcrumb"},"inLanguage":"pt-BR","potentialAction":[{"@type":"ReadAction","target":["https:\/\/www.estrategiaconcursos.com.br\/blog\/concurso-publico-reajuste-professores-bolsonaro\/"]}]},{"@type":"ImageObject","inLanguage":"pt-BR","@id":"https:\/\/www.estrategiaconcursos.com.br\/blog\/concurso-publico-reajuste-professores-bolsonaro\/#primaryimage","url":"https:\/\/dhg1h5j42swfq.cloudfront.net\/2021\/09\/13085925\/o-presidente-jair-bolsonaro-em-reuniao-do-conselho-do-programa-de-parcerias-de-investimentos-1630017855008_v2_450x337.jpg","contentUrl":"https:\/\/dhg1h5j42swfq.cloudfront.net\/2021\/09\/13085925\/o-presidente-jair-bolsonaro-em-reuniao-do-conselho-do-programa-de-parcerias-de-investimentos-1630017855008_v2_450x337.jpg","width":450,"height":337},{"@type":"BreadcrumbList","@id":"https:\/\/www.estrategiaconcursos.com.br\/blog\/concurso-publico-reajuste-professores-bolsonaro\/#breadcrumb","itemListElement":[{"@type":"ListItem","position":1,"name":"In\u00edcio","item":"https:\/\/www.estrategiaconcursos.com.br\/blog\/"},{"@type":"ListItem","position":2,"name":"Concurso P\u00fablico: Bolsonaro libera reajuste de 33% para professores"}]},{"@type":"WebSite","@id":"https:\/\/www.estrategiaconcursos.com.br\/blog\/#website","url":"https:\/\/www.estrategiaconcursos.com.br\/blog\/","name":"Estrat\u00e9gia Concursos","description":"O blog da Estrat\u00e9gia Concursos traz not\u00edcias sobre concursos e artigos de professores oferecendo cursos para concursos (pdf + videaulas) no site.","publisher":{"@id":"https:\/\/www.estrategiaconcursos.com.br\/blog\/#organization"},"potentialAction":[{"@type":"SearchAction","target":{"@type":"EntryPoint","urlTemplate":"https:\/\/www.estrategiaconcursos.com.br\/blog\/?s={search_term_string}"},"query-input":{"@type":"PropertyValueSpecification","valueRequired":true,"valueName":"search_term_string"}}],"inLanguage":"pt-BR"},{"@type":"Organization","@id":"https:\/\/www.estrategiaconcursos.com.br\/blog\/#organization","name":"Estrat\u00e9gia Concursos","url":"https:\/\/www.estrategiaconcursos.com.br\/blog\/","logo":{"@type":"ImageObject","inLanguage":"pt-BR","@id":"https:\/\/www.estrategiaconcursos.com.br\/blog\/#\/schema\/logo\/image\/","url":"https:\/\/dhg1h5j42swfq.cloudfront.net\/2025\/06\/03203428\/logo_concursos-1.jpg","contentUrl":"https:\/\/dhg1h5j42swfq.cloudfront.net\/2025\/06\/03203428\/logo_concursos-1.jpg","width":230,"height":60,"caption":"Estrat\u00e9gia Concursos"},"image":{"@id":"https:\/\/www.estrategiaconcursos.com.br\/blog\/#\/schema\/logo\/image\/"},"sameAs":["https:\/\/x.com\/EstratConcursos"]},{"@type":"Person","@id":"https:\/\/www.estrategiaconcursos.com.br\/blog\/#\/schema\/person\/9b94727dcf4410f4a7931c83966c843b","name":"Let\u00edcia Teixeira","image":{"@type":"ImageObject","inLanguage":"pt-BR","@id":"https:\/\/secure.gravatar.com\/avatar\/fb589b06b881e20b676d08f9d03226d1e3291ba2f90e751ddc9ccb21abf0244d?s=96&d=mm&r=g","url":"https:\/\/secure.gravatar.com\/avatar\/fb589b06b881e20b676d08f9d03226d1e3291ba2f90e751ddc9ccb21abf0244d?s=96&d=mm&r=g","contentUrl":"https:\/\/secure.gravatar.com\/avatar\/fb589b06b881e20b676d08f9d03226d1e3291ba2f90e751ddc9ccb21abf0244d?s=96&d=mm&r=g","caption":"Let\u00edcia Teixeira"},"description":"Jornalista com experi\u00eancia de mais de quatro anos no segmento de concursos p\u00fablicos. Especializada em Narrativa Transm\u00eddia e Storytelling pela Universidade Cat\u00f3lica de Bras\u00edlia, com atua\u00e7\u00e3o nas \u00e1reas de SEO, conte\u00fado, Webwriting e Copywriting.","url":"https:\/\/www.estrategiaconcursos.com.br\/blog\/author\/leticia-teixeiraestrategia-com\/"}]}},"_links":{"self":[{"href":"https:\/\/www.estrategiaconcursos.com.br\/blog\/wp-json\/wp\/v2\/posts\/955966","targetHints":{"allow":["GET"]}}],"collection":[{"href":"https:\/\/www.estrategiaconcursos.com.br\/blog\/wp-json\/wp\/v2\/posts"}],"about":[{"href":"https:\/\/www.estrategiaconcursos.com.br\/blog\/wp-json\/wp\/v2\/types\/post"}],"author":[{"embeddable":true,"href":"https:\/\/www.estrategiaconcursos.com.br\/blog\/wp-json\/wp\/v2\/users\/2319"}],"replies":[{"embeddable":true,"href":"https:\/\/www.estrategiaconcursos.com.br\/blog\/wp-json\/wp\/v2\/comments?post=955966"}],"version-history":[{"count":5,"href":"https:\/\/www.estrategiaconcursos.com.br\/blog\/wp-json\/wp\/v2\/posts\/955966\/revisions"}],"predecessor-version":[{"id":956042,"href":"https:\/\/www.estrategiaconcursos.com.br\/blog\/wp-json\/wp\/v2\/posts\/955966\/revisions\/956042"}],"wp:featuredmedia":[{"embeddable":true,"href":"https:\/\/www.estrategiaconcursos.com.br\/blog\/wp-json\/wp\/v2\/media\/859600"}],"wp:attachment":[{"href":"https:\/\/www.estrategiaconcursos.com.br\/blog\/wp-json\/wp\/v2\/media?parent=955966"}],"wp:term":[{"taxonomy":"category","embeddable":true,"href":"https:\/\/www.estrategiaconcursos.com.br\/blog\/wp-json\/wp\/v2\/categories?post=955966"},{"taxonomy":"post_tag","embeddable":true,"href":"https:\/\/www.estrategiaconcursos.com.br\/blog\/wp-json\/wp\/v2\/tags?post=955966"},{"taxonomy":"tax_estado","embeddable":true,"href":"https:\/\/www.estrategiaconcursos.com.br\/blog\/wp-json\/wp\/v2\/tax_estado?post=955966"}],"curies":[{"name":"wp","href":"https:\/\/api.w.org\/{rel}","templated":true}]}}