{"id":954716,"date":"2022-01-31T00:37:00","date_gmt":"2022-01-31T03:37:00","guid":{"rendered":"https:\/\/www.estrategiaconcursos.com.br\/blog\/?p=954716"},"modified":"2022-01-31T08:27:43","modified_gmt":"2022-01-31T11:27:43","slug":"edital-mp-go-servidores","status":"publish","type":"post","link":"https:\/\/www.estrategiaconcursos.com.br\/blog\/edital-mp-go-servidores\/","title":{"rendered":"Edital MP GO Servidores: inscri\u00e7\u00f5es abertas at\u00e9 07\/03"},"content":{"rendered":"\n<p>Est\u00e3o abertas as inscri\u00e7\u00f5es do concurso MP GO at\u00e9 o dia 07\/03\/2022. Os interessados devem acessar o portal da FGV, preencher os documentos e efetuar o pagamento das taxas. <\/p>\n\n\n\n<p>A taxa de inscri\u00e7\u00e3o do edital MP GO Servidores ficou definida da seguinte maneira: <\/p>\n\n\n\n<ul class=\"wp-block-list\"><li><strong>N\u00edvel m\u00e9dio: <\/strong>R$ 85,00;<\/li><li><strong>N\u00edvel superior: <\/strong>R$ 110,00.<\/li><\/ul>\n\n\n\n<ul id=\"block-ee678516-e9d1-48bd-b327-7b9acd55f0fd\" class=\"has-background wp-block-list\" style=\"background-color:#b4dff9\"><li><strong>Concurso MP GO<\/strong> <strong>Servidores<\/strong><\/li><li><strong>Status:<\/strong>&nbsp;inscri\u00e7\u00f5es abertas<\/li><li><strong>Banca:&nbsp;<\/strong>FGV<\/li><li><strong>Vagas:&nbsp;<\/strong>35 + CR<\/li><li><strong>Sal\u00e1rio inicial: <\/strong>R$ 4.437,22 a R$ 8.912,97<\/li><li><strong>Edital: <a href=\"https:\/\/dhg1h5j42swfq.cloudfront.net\/2022\/01\/25221645\/sgrh_edital_concurso_de_servidores.pdf\" target=\"_blank\" rel=\"noreferrer noopener nofollow\">Edital MP GO 2022<\/a><\/strong><\/li><\/ul>\n\n\n\n<p>S\u00e3o ofertadas <strong>35 vagas<\/strong>, al\u00e9m da forma\u00e7\u00e3o de cadastro reserva, para os n\u00edveis m\u00e9dio e superior de forma\u00e7\u00e3o. A remunera\u00e7\u00e3o inicial \u00e9 de R$ 4.437,22 a R$ 8.912,97, a depender da fun\u00e7\u00e3o escolhida.<\/p>\n\n\n\n<div class=\"container\" id=\"boxes\">\n  <div class=\"row\">\n\n    <div class=\"col-sm\">\n      <div class=\"banner-tribunal\" id=\"box-assinatura\">\n        <h3 class=\"titulo-assinatura\">Cursos para MP GO<\/h3>\n        <p class=\"subtitulo-assinatura\">Conhe\u00e7a os cursos<\/p>\n        <div class=\"box-botao\">\n          <a class=\"btn-assinatura\" target=\"_blank\" href=\"https:\/\/www.estrategiaconcursos.com.br\/cursosPorConcurso\/mp-go-182\/\" rel=\"noopener noreferrer\">Conhe\u00e7a mais<\/a>\n        <\/div>\n      <\/div>\n      \n    <\/div>\n\n  <\/div>\n<\/div>\n\n\n\n<h2 class=\"wp-block-heading\" id=\"situacao\">Situa\u00e7\u00e3o atual do Edital MP GO Servidores<\/h2>\n\n\n\n<h3 class=\"wp-block-heading\" id=\"datas\">Principais datas<\/h3>\n\n\n\n<p class=\"has-background\" style=\"background-color:#c8d3dd\"><strong>Inscri\u00e7\u00f5es<\/strong>: 31\/01 a 07\/03\/2022<br \/><strong>Isen\u00e7\u00e3o da taxa<\/strong>: 31\/01 a 02\/02\/2022<br \/><strong>\u00daltimo dia para pagamento<\/strong>: 08\/03\/2022<br \/><strong>Prova<\/strong>: 01\/05\/2022<\/p>\n\n\n\n<h2 class=\"wp-block-heading\" id=\"cargos\">Edital MP GO Servidores: cargos e vagas<\/h2>\n\n\n\n<h4 class=\"wp-block-heading\">N\u00edvel M\u00e9dio<\/h4>\n\n\n\n<figure class=\"wp-block-table is-style-stripes\"><table class=\"has-background has-fixed-layout\" style=\"background-color:#e7f5fe\"><thead><tr><th class=\"has-text-align-center\" data-align=\"center\">Cargo<\/th><th class=\"has-text-align-center\" data-align=\"center\">Vagas<\/th><th class=\"has-text-align-center\" data-align=\"center\">Sal\u00e1rio<\/th><\/tr><\/thead><tbody><tr><td class=\"has-text-align-center\" data-align=\"center\">Assistente Administrativo<\/td><td class=\"has-text-align-center\" data-align=\"center\">6<\/td><td class=\"has-text-align-center\" data-align=\"center\">R$ 4.437,22<\/td><\/tr><tr><td class=\"has-text-align-center\" data-align=\"center\">Assistente de Inform\u00e1tica<\/td><td class=\"has-text-align-center\" data-align=\"center\">3<\/td><td class=\"has-text-align-center\" data-align=\"center\"> R$ 4.437,22<\/td><\/tr><tr><td class=\"has-text-align-center\" data-align=\"center\">Assistente Programador<\/td><td class=\"has-text-align-center\" data-align=\"center\">4<\/td><td class=\"has-text-align-center\" data-align=\"center\"> R$ 4.437,22<\/td><\/tr><tr><td class=\"has-text-align-center\" data-align=\"center\">Secret\u00e1rio Assistente<\/td><td class=\"has-text-align-center\" data-align=\"center\">11<\/td><td class=\"has-text-align-center\" data-align=\"center\"> R$ 4.437,22<\/td><\/tr><\/tbody><\/table><\/figure>\n\n\n\n<h4 class=\"wp-block-heading\">N\u00edvel Superior<\/h4>\n\n\n\n<figure class=\"wp-block-table is-style-stripes\"><table class=\"has-background has-fixed-layout\" style=\"background-color:#e7f5fe\"><thead><tr><th class=\"has-text-align-center\" data-align=\"center\">Cargo<\/th><th class=\"has-text-align-center\" data-align=\"center\">Vagas<\/th><th class=\"has-text-align-center\" data-align=\"center\">Sal\u00e1rio<\/th><\/tr><\/thead><tbody><tr><td class=\"has-text-align-center\" data-align=\"center\">Analista Cont\u00e1bil<\/td><td class=\"has-text-align-center\" data-align=\"center\">5<\/td><td class=\"has-text-align-center\" data-align=\"center\">R$ 8.912,97<\/td><\/tr><tr><td class=\"has-text-align-center\" data-align=\"center\">Analista em Edifica\u00e7\u00f5es \/ Arquitetura e Urbanismo<\/td><td class=\"has-text-align-center\" data-align=\"center\">2<\/td><td class=\"has-text-align-center\" data-align=\"center\"> R$ 8.912,97<\/td><\/tr><tr><td class=\"has-text-align-center\" data-align=\"center\">Analista em Inform\u00e1tica<\/td><td class=\"has-text-align-center\" data-align=\"center\">1<\/td><td class=\"has-text-align-center\" data-align=\"center\"> R$ 8.912,97<\/td><\/tr><tr><td class=\"has-text-align-center\" data-align=\"center\">Analista em Servi\u00e7o Social<\/td><td class=\"has-text-align-center\" data-align=\"center\">1<\/td><td class=\"has-text-align-center\" data-align=\"center\"> R$ 8.912,97<\/td><\/tr><tr><td class=\"has-text-align-center\" data-align=\"center\">Analista Jur\u00eddico<\/td><td class=\"has-text-align-center\" data-align=\"center\">2<\/td><td class=\"has-text-align-center\" data-align=\"center\">R$ 8.912,97<\/td><\/tr><\/tbody><\/table><\/figure>\n\n\n\n<h3 class=\"wp-block-heading\" id=\"requisitos\">Requisitos dos cargos<\/h3>\n\n\n\n<p>O candidato dever\u00e1 atender, cumulativamente, para investidura no cargo, aos seguintes requisitos:<\/p>\n\n\n\n<ul class=\"wp-block-list\"><li>a) Ser aprovado neste Concurso P\u00fablico;<\/li><li>b) Ter a nacionalidade brasileira ou portuguesa e, no caso de nacionalidade portuguesa, estar amparado pelo estatuto de igualdade entre brasileiros e portugueses, com reconhecimento do gozo dos direitos pol\u00edticos, nos termos do \u00a7 1\u00ba do artigo 12 da Constitui\u00e7\u00e3o Federal;<\/li><li>c) Estar em pleno gozo dos direitos pol\u00edticos;<\/li><li>d) Estar quite com as obriga\u00e7\u00f5es eleitorais;<\/li><li>e) Estar quite com as obriga\u00e7\u00f5es militares, em caso de candidato do sexo masculino;<\/li><li>f) Possuir os requisitos exigidos para o exerc\u00edcio das atribui\u00e7\u00f5es legais do respectivo cargo, conforme mencionado no Anexo II deste Edital;<\/li><li>g) Ter idade m\u00ednima de 18 anos completos na data da posse;<\/li><li>h) Ter aptid\u00e3o f\u00edsica e mental para o exerc\u00edcio das atribui\u00e7\u00f5es do cargo, comprovada por inspe\u00e7\u00e3o m\u00e9dica oficial designada pela Junta M\u00e9dica Oficial do Estado de Goi\u00e1s;<\/li><li>i) Apresentar outros documentos que se fizerem necess\u00e1rios, \u00e0 \u00e9poca da posse;<\/li><li>j) Cumprir as determina\u00e7\u00f5es dos editais do concurso p\u00fablico.<\/li><\/ul>\n\n\n\n<h2 class=\"wp-block-heading\" id=\"etapas\">Etapas e Provas do Edital MP GO Servidores <\/h2>\n\n\n\n<p>O concurso ser\u00e1 realizado em 5 (cinco) etapas para todos os cargos, conforme descrito a seguir:<\/p>\n\n\n\n<ul class=\"wp-block-list\"><li><strong>a) Primeira Etapa: <\/strong>Prova Objetiva, de car\u00e1ter eliminat\u00f3rio e classificat\u00f3rio.<\/li><li><strong>b) Segunda Etapa:<\/strong> Prova Discursiva para os cargos de N\u00edvel Superior e Reda\u00e7\u00e3o para os cargos de N\u00edvel M\u00e9dio, ambas de car\u00e1ter eliminat\u00f3rio e classificat\u00f3rio.<\/li><li><strong>c) Terceira Etapa<\/strong>: Avalia\u00e7\u00e3o de T\u00edtulos, de car\u00e1ter classificat\u00f3rio.<\/li><li><strong>d) Quarta Etapa:<\/strong> Per\u00edcia M\u00e9dica dos candidatos que se declararem com defici\u00eancia, de car\u00e1ter unicamente eliminat\u00f3rio; e<\/li><li><strong>e) Quinta Etapa:<\/strong> Heteroidentifica\u00e7\u00e3o dos candidatos que se declararem negros, de car\u00e1ter unicamente eliminat\u00f3rio.<\/li><\/ul>\n\n\n\n<p>A Prova Objetiva e a Prova Discursiva, de car\u00e1ter eliminat\u00f3rio e classificat\u00f3rio, ser\u00e3o realizadas, preferencialmente na cidade de Goi\u00e2nia\/GO, no dia 01 de maio de 2022, das 08h \u00e0s 12h, para os cargos de N\u00edvel Superior, segundo hor\u00e1rio oficial da cidade de Bras\u00edlia\/DF.<\/p>\n\n\n\n<p>A Prova Objetiva e a Reda\u00e7\u00e3o, de car\u00e1ter eliminat\u00f3rio e classificat\u00f3rio, ser\u00e3o realizadas, preferencialmente, na cidade de Goi\u00e2nia\/GO, no dia 01 de maio de 2022, das 15h \u00e0s 19h, para os cargos de N\u00edvel M\u00e9dio, segundo hor\u00e1rio oficial da cidade de Bras\u00edlia\/DF.<\/p>\n\n\n\n<h3 class=\"wp-block-heading\" id=\"objetivas\">Provas Objetivas<\/h3>\n\n\n\n<p>A Prova Objetiva, de car\u00e1ter eliminat\u00f3rio e classificat\u00f3rio, para todos os cargos ser\u00e1 composta por 60 (sessenta) quest\u00f5es, valendo 1 (um) ponto cada quest\u00e3o, totalizando 60 (sessenta) pontos, sendo 30 (trinta) de conhecimentos b\u00e1sicos e 30 (trinta) de conhecimentos espec\u00edficos. Todas as quest\u00f5es ter\u00e3o 5 (cinco) alternativas.<\/p>\n\n\n\n<p>O quadro a seguir apresenta as disciplinas e n\u00famero de quest\u00f5es por disciplina para os cargos de <strong><span style=\"text-decoration: underline;\">N\u00edvel Superior<\/span><\/strong>:<\/p>\n\n\n\n<div class=\"wp-block-image\"><figure class=\"aligncenter size-full is-resized\"><img loading=\"lazy\" decoding=\"async\" src=\"https:\/\/dhg1h5j42swfq.cloudfront.net\/2022\/01\/25220903\/image-507.png\" alt=\"edital mp go servidores\" class=\"wp-image-954699\" width=\"548\" height=\"142\" srcset=\"https:\/\/dhg1h5j42swfq.cloudfront.net\/2022\/01\/25220903\/image-507.png 647w, https:\/\/dhg1h5j42swfq.cloudfront.net\/2022\/01\/25220903\/image-507-300x78.png 300w, https:\/\/dhg1h5j42swfq.cloudfront.net\/2022\/01\/25220903\/image-507-610x158.png 610w\" sizes=\"auto, (max-width: 548px) 100vw, 548px\" \/><figcaption>Objetiva N\u00edvel Superior<\/figcaption><\/figure><\/div>\n\n\n\n<p>O quadro a seguir apresenta as disciplinas e n\u00famero de quest\u00f5es por disciplina para os cargos de <span style=\"text-decoration: underline;\"><strong>N\u00edvel M\u00e9dio<\/strong><\/span>:<\/p>\n\n\n\n<div class=\"wp-block-image\"><figure class=\"aligncenter size-full is-resized\"><img loading=\"lazy\" decoding=\"async\" src=\"https:\/\/dhg1h5j42swfq.cloudfront.net\/2022\/01\/25220922\/image-508.png\" alt=\"edital mp go servidores\" class=\"wp-image-954700\" width=\"570\" height=\"153\" srcset=\"https:\/\/dhg1h5j42swfq.cloudfront.net\/2022\/01\/25220922\/image-508.png 639w, https:\/\/dhg1h5j42swfq.cloudfront.net\/2022\/01\/25220922\/image-508-300x81.png 300w, https:\/\/dhg1h5j42swfq.cloudfront.net\/2022\/01\/25220922\/image-508-610x164.png 610w\" sizes=\"auto, (max-width: 570px) 100vw, 570px\" \/><figcaption>Objetiva N\u00edvel M\u00e9dio<\/figcaption><\/figure><\/div>\n\n\n\n<p>Ser\u00e1 reprovado nas provas objetivas e eliminado do concurso p\u00fablico o candidato aos cargos de N\u00edvel Superior que n\u00e3o acertar ao menos 50% (cinquenta por cento) do total de quest\u00f5es.<\/p>\n\n\n\n<p>Ser\u00e1 reprovado nas provas objetivas e eliminado do concurso p\u00fablico o candidato aos cargos de N\u00edvel M\u00e9dio que n\u00e3o acertar ao menos 50% (cinquenta por cento) do total de quest\u00f5es.<\/p>\n\n\n\n<h3 class=\"wp-block-heading\" id=\"discursivas\">Provas Discursivas<\/h3>\n\n\n\n<p>As provas discursivas ser\u00e3o aplicadas apenas aos cargos de n\u00edvel superior. <\/p>\n\n\n\n<p>Somente ser\u00e3o corrigidas as Provas Discursivas dos candidatos que forem aprovados na Prova Objetiva conforme quantitativo especificado na tabela a seguir, sendo respeitados os empates na \u00faltima posi\u00e7\u00e3o:<\/p>\n\n\n\n<div class=\"wp-block-image\"><figure class=\"aligncenter size-full is-resized\"><img loading=\"lazy\" decoding=\"async\" src=\"https:\/\/dhg1h5j42swfq.cloudfront.net\/2022\/01\/25221103\/image-509.png\" alt=\"edital mp go servidores\" class=\"wp-image-954701\" width=\"709\" height=\"193\" srcset=\"https:\/\/dhg1h5j42swfq.cloudfront.net\/2022\/01\/25221103\/image-509.png 785w, https:\/\/dhg1h5j42swfq.cloudfront.net\/2022\/01\/25221103\/image-509-300x82.png 300w, https:\/\/dhg1h5j42swfq.cloudfront.net\/2022\/01\/25221103\/image-509-768x209.png 768w, https:\/\/dhg1h5j42swfq.cloudfront.net\/2022\/01\/25221103\/image-509-610x166.png 610w\" sizes=\"auto, (max-width: 709px) 100vw, 709px\" \/><figcaption>Discursivas<\/figcaption><\/figure><\/div>\n\n\n\n<p>A Prova Discursiva, de car\u00e1ter eliminat\u00f3rio e classificat\u00f3rio, totalizando 10 (dez) pontos, ser\u00e1 constitu\u00edda de 2 (duas) quest\u00f5es dissertativas de conhecimentos espec\u00edficos a serem respondidas em at\u00e9 15 (quinze) linhas cada, valendo 05 (cinco) pontos cada quest\u00e3o.<\/p>\n\n\n\n<h3 class=\"wp-block-heading\" id=\"redacao\">Reda\u00e7\u00e3o<\/h3>\n\n\n\n<p>A prova de reda\u00e7\u00e3o ser\u00e1 aplicada apenas aos cargos de n\u00edvel m\u00e9dio.<\/p>\n\n\n\n<p>Somente ser\u00e3o corrigidas as Reda\u00e7\u00f5es dos candidatos que forem aprovados na Prova Objetiva conforme quantitativo especificado na tabela a seguir, sendo respeitados os empates na \u00faltima posi\u00e7\u00e3o:<\/p>\n\n\n\n<div class=\"wp-block-image\"><figure class=\"aligncenter size-full is-resized\"><img loading=\"lazy\" decoding=\"async\" src=\"https:\/\/dhg1h5j42swfq.cloudfront.net\/2022\/01\/25221206\/image-510.png\" alt=\"edital mp go servidores\" class=\"wp-image-954702\" width=\"704\" height=\"178\" srcset=\"https:\/\/dhg1h5j42swfq.cloudfront.net\/2022\/01\/25221206\/image-510.png 770w, https:\/\/dhg1h5j42swfq.cloudfront.net\/2022\/01\/25221206\/image-510-300x76.png 300w, https:\/\/dhg1h5j42swfq.cloudfront.net\/2022\/01\/25221206\/image-510-768x194.png 768w, https:\/\/dhg1h5j42swfq.cloudfront.net\/2022\/01\/25221206\/image-510-610x154.png 610w\" sizes=\"auto, (max-width: 704px) 100vw, 704px\" \/><figcaption>Reda\u00e7\u00e3o<\/figcaption><\/figure><\/div>\n\n\n\n<p>A reda\u00e7\u00e3o dever\u00e1 ser redigida em g\u00eanero dissertativo-argumentativo, com n\u00famero m\u00ednimo de 20 (vinte) e m\u00e1ximo de 30 (trinta) linhas.<\/p>\n\n\n\n<p>A reda\u00e7\u00e3o valer\u00e1 10 (dez) pontos. Em casos de fuga ao tema, de n\u00e3o haver texto, de erro de preenchimento ou de identifica\u00e7\u00e3o em local indevido, o candidato receber\u00e1 nota zero na reda\u00e7\u00e3o<\/p>\n\n\n\n<h3 class=\"wp-block-heading\" id=\"titulos\">Avalia\u00e7\u00e3o de T\u00edtulos<\/h3>\n\n\n\n<p>Os t\u00edtulos para an\u00e1lise dever\u00e3o ser enviados (imagem do documento original em frente e verso) em campo espec\u00edfico no link de inscri\u00e7\u00e3o, das 10h do dia 31 de janeiro de 2022 at\u00e9 as 23h59 do dia 07 de mar\u00e7o de 2022, hor\u00e1rio oficial de Bras\u00edlia\/DF, no site da FGV.<\/p>\n\n\n\n<p>Para os cargos de <strong>N\u00edvel Superior<\/strong>, ser\u00e3o analisados os t\u00edtulos de todos os candidatos n\u00e3o eliminados na Prova Objetiva e na Prova Discursiva.<\/p>\n\n\n\n<div class=\"wp-block-image\"><figure class=\"aligncenter size-full is-resized\"><img loading=\"lazy\" decoding=\"async\" src=\"https:\/\/dhg1h5j42swfq.cloudfront.net\/2022\/01\/25221344\/image-511.png\" alt=\"\" class=\"wp-image-954703\" width=\"754\" height=\"283\" srcset=\"https:\/\/dhg1h5j42swfq.cloudfront.net\/2022\/01\/25221344\/image-511.png 865w, https:\/\/dhg1h5j42swfq.cloudfront.net\/2022\/01\/25221344\/image-511-300x113.png 300w, https:\/\/dhg1h5j42swfq.cloudfront.net\/2022\/01\/25221344\/image-511-768x289.png 768w, https:\/\/dhg1h5j42swfq.cloudfront.net\/2022\/01\/25221344\/image-511-610x229.png 610w\" sizes=\"auto, (max-width: 754px) 100vw, 754px\" \/><figcaption>T\u00edtulos n\u00edvel superior<\/figcaption><\/figure><\/div>\n\n\n\n<p>Para os cargos de <strong>N\u00edvel M\u00e9dio<\/strong>, ser\u00e3o analisados os t\u00edtulos de todos os candidatos n\u00e3o eliminados na Prova Objetiva e na Reda\u00e7\u00e3o.<\/p>\n\n\n\n<div class=\"wp-block-image\"><figure class=\"aligncenter size-full is-resized\"><img loading=\"lazy\" decoding=\"async\" src=\"https:\/\/dhg1h5j42swfq.cloudfront.net\/2022\/01\/25221353\/image-512.png\" alt=\"\" class=\"wp-image-954704\" width=\"779\" height=\"215\" srcset=\"https:\/\/dhg1h5j42swfq.cloudfront.net\/2022\/01\/25221353\/image-512.png 862w, https:\/\/dhg1h5j42swfq.cloudfront.net\/2022\/01\/25221353\/image-512-300x83.png 300w, https:\/\/dhg1h5j42swfq.cloudfront.net\/2022\/01\/25221353\/image-512-768x213.png 768w, https:\/\/dhg1h5j42swfq.cloudfront.net\/2022\/01\/25221353\/image-512-610x169.png 610w\" sizes=\"auto, (max-width: 779px) 100vw, 779px\" \/><figcaption>T\u00edtulos n\u00edvel m\u00e9dio<\/figcaption><\/figure><\/div>\n\n\n\n<h3 class=\"wp-block-heading\" id=\"pericia\">Per\u00edcia M\u00e9dica e Heteroidentifica\u00e7\u00e3o<\/h3>\n\n\n\n<p>A per\u00edcia m\u00e9dica e o procedimento de heteroidentifica\u00e7\u00e3o ser\u00e3o realizados na cidade de Goi\u00e2nia\/GO.<\/p>\n\n\n\n<p>A per\u00edcia m\u00e9dica ter\u00e1 decis\u00e3o terminativa sobre a qualifica\u00e7\u00e3o da defici\u00eancia do candidato classificado.<\/p>\n\n\n\n<p>Conforme o estabelecido na legisla\u00e7\u00e3o vigente, o candidato que n\u00e3o se enquadrar como pessoa com defici\u00eancia na per\u00edcia m\u00e9dica, caso seja aprovado em todas as fases do Concurso P\u00fablico, continuar\u00e1 figurando apenas na listagem de classifica\u00e7\u00e3o geral, desde que se encontre no quantitativo de corte previsto para ampla concorr\u00eancia em cada etapa; caso contr\u00e1rio, ser\u00e1 eliminado do Concurso P\u00fablico.<\/p>\n\n\n\n<h2 class=\"has-text-align-center wp-block-heading\" id=\"h-quer-saber-tudo-sobre-concursos-previstos-confira-nossos-artigos\">Quer saber tudo sobre concursos previstos?<br \/>Confira nossos artigos!<\/h2>\n\n\n\n<ul class=\"wp-block-list\"><li><a href=\"https:\/\/www.estrategiaconcursos.com.br\/blog\/concursos-abertos\/\" target=\"_blank\" rel=\"noreferrer noopener\">Concursos abertos<\/a><\/li><li><a href=\"https:\/\/www.estrategiaconcursos.com.br\/blog\/concursos-2022\/\" target=\"_blank\" rel=\"noreferrer noopener\">Concursos 2022<\/a><\/li><\/ul>\n\n\n\n<h2 class=\"has-text-align-center wp-block-heading\" id=\"curso\">Cursos para o Edital MP GO Servidores!<\/h2>\n\n\n\n<div class=\"container\" id=\"boxes\">\n  <div class=\"row\">\n\n    <div class=\"col-sm\">\n      <div class=\"banner-tribunal\" id=\"box-assinatura\">\n        <h3 class=\"titulo-assinatura\">Cursos para MP GO<\/h3>\n        <p class=\"subtitulo-assinatura\">Conhe\u00e7a os cursos<\/p>\n        <div class=\"box-botao\">\n          <a class=\"btn-assinatura\" target=\"_blank\" href=\"https:\/\/www.estrategiaconcursos.com.br\/cursosPorConcurso\/mp-go-182\/\" rel=\"noopener noreferrer\">Conhe\u00e7a mais<\/a>\n        <\/div>\n      <\/div>\n     \n    <\/div>\n\n  <\/div>\n<\/div>\n\n\n\n<div class=\"container\" id=\"boxes\">\n  <div class=\"row\">\n\n    <div class=\"col-sm\">\n      <div class=\"estrategia\" id=\"box-assinatura\">\n        <h3 class=\"titulo-assinatura\">Assinatura Concursos<\/h3>\n        <p class=\"subtitulo-assinatura\">Assinatura de 1 ano ou 2 anos<\/p>\n        <div class=\"box-botao\">\n          <a class=\"btn-assinatura\" target=\"_blank\" href=\"https:\/\/www.estrategiaconcursos.com.br\/assinaturas\/\" role=\"button\" rel=\"noopener noreferrer\">ASSINE AGORA<\/a>\n        <\/div>\n      <\/div>\n     \n    <\/div><\/div><\/div>\n\n\n\n<figure class=\"wp-block-image size-large is-resized\"><img loading=\"lazy\" decoding=\"async\" src=\"https:\/\/dhg1h5j42swfq.cloudfront.net\/2021\/04\/06115056\/ficha-tecnica-68-1024x632.png\" alt=\"\" class=\"wp-image-708393\" width=\"190\" height=\"116\" srcset=\"https:\/\/dhg1h5j42swfq.cloudfront.net\/2021\/04\/06115056\/ficha-tecnica-68-1024x632.png 1024w, https:\/\/dhg1h5j42swfq.cloudfront.net\/2021\/04\/06115056\/ficha-tecnica-68-300x185.png 300w, https:\/\/dhg1h5j42swfq.cloudfront.net\/2021\/04\/06115056\/ficha-tecnica-68-768x474.png 768w, https:\/\/dhg1h5j42swfq.cloudfront.net\/2021\/04\/06115056\/ficha-tecnica-68-1536x948.png 1536w, https:\/\/dhg1h5j42swfq.cloudfront.net\/2021\/04\/06115056\/ficha-tecnica-68-610x377.png 610w, https:\/\/dhg1h5j42swfq.cloudfront.net\/2021\/04\/06115056\/ficha-tecnica-68.png 1571w\" sizes=\"auto, (max-width: 190px) 100vw, 190px\" \/><\/figure>\n\n\n\n<p><strong>Informa\u00e7\u00f5es sobre o concurso MP GO &#8211; N\u00edvel m\u00e9dio e superior <\/strong><br \/><br \/>\u25ba<strong>Vagas<\/strong>: 35 + CR<br \/>\u25ba<strong>Cargos<\/strong>: diversos<br \/>\u25ba<strong>Escolaridade<\/strong>: M\u00e9dio e Superior <br \/>\u25ba<strong>Banca<\/strong>: FGV <br \/>\u25ba<a href=\"https:\/\/dhg1h5j42swfq.cloudfront.net\/2022\/01\/25221645\/sgrh_edital_concurso_de_servidores.pdf\" target=\"_blank\" rel=\"noreferrer noopener nofollow\">Edital MP GO 2022<\/a><\/p>\n","protected":false},"excerpt":{"rendered":"<p>Est\u00e3o abertas as inscri\u00e7\u00f5es do concurso MP GO at\u00e9 o dia 07\/03\/2022. Os interessados devem acessar o portal da FGV, preencher os documentos e efetuar o pagamento das taxas. A taxa de inscri\u00e7\u00e3o do edital MP GO Servidores ficou definida da seguinte maneira: N\u00edvel m\u00e9dio: R$ 85,00; N\u00edvel superior: R$ 110,00. Concurso MP GO Servidores [&hellip;]<\/p>\n","protected":false},"author":2134,"featured_media":695064,"comment_status":"open","ping_status":"closed","sticky":false,"template":"","format":"standard","meta":{"post_tipo":"news","footnotes":""},"categories":[1984],"tags":[],"tax_estado":[219972],"class_list":["post-954716","post","type-post","status-publish","format-standard","has-post-thumbnail","hentry","category-tribunais","tax_estado-go"],"acf":[],"yoast_head":"<!-- This site is optimized with the Yoast SEO Premium plugin v27.2 (Yoast SEO v27.2) - https:\/\/yoast.com\/product\/yoast-seo-premium-wordpress\/ -->\n<title>Edital MP GO Servidores: inscri\u00e7\u00f5es abertas at\u00e9 07\/03<\/title>\n<meta name=\"description\" content=\"Edital MP GO Servidores: inscri\u00e7\u00f5es abertas! S\u00e3o ofertadas 35 vagas, mais forma\u00e7\u00e3o de cadastro reserva. Iniciais de at\u00e9 R$ 8,9 mil!\" \/>\n<meta name=\"robots\" content=\"index, follow, max-snippet:-1, max-image-preview:large, max-video-preview:-1\" \/>\n<link rel=\"canonical\" href=\"https:\/\/www.estrategiaconcursos.com.br\/blog\/edital-mp-go-servidores\/\" \/>\n<meta property=\"og:locale\" content=\"pt_BR\" \/>\n<meta property=\"og:type\" content=\"article\" \/>\n<meta property=\"og:title\" content=\"Edital MP GO Servidores: inscri\u00e7\u00f5es abertas at\u00e9 07\/03\" \/>\n<meta property=\"og:description\" content=\"Edital MP GO Servidores: inscri\u00e7\u00f5es abertas! S\u00e3o ofertadas 35 vagas, mais forma\u00e7\u00e3o de cadastro reserva. Iniciais de at\u00e9 R$ 8,9 mil!\" \/>\n<meta property=\"og:url\" content=\"https:\/\/www.estrategiaconcursos.com.br\/blog\/edital-mp-go-servidores\/\" \/>\n<meta property=\"og:site_name\" content=\"Estrat\u00e9gia Concursos\" \/>\n<meta property=\"article:published_time\" content=\"2022-01-31T03:37:00+00:00\" \/>\n<meta property=\"article:modified_time\" content=\"2022-01-31T11:27:43+00:00\" \/>\n<meta property=\"og:image\" content=\"https:\/\/dhg1h5j42swfq.cloudfront.net\/2021\/03\/17160609\/mp_go.jpg\" \/>\n\t<meta property=\"og:image:width\" content=\"1200\" \/>\n\t<meta property=\"og:image:height\" content=\"628\" \/>\n\t<meta property=\"og:image:type\" content=\"image\/jpeg\" \/>\n<meta name=\"author\" content=\"Rafaela Teixeira\" \/>\n<meta name=\"twitter:card\" content=\"summary_large_image\" \/>\n<meta name=\"twitter:creator\" content=\"@EstratConcursos\" \/>\n<meta name=\"twitter:site\" content=\"@EstratConcursos\" \/>\n<meta name=\"twitter:label1\" content=\"Escrito por\" \/>\n\t<meta name=\"twitter:data1\" content=\"Rafaela Teixeira\" \/>\n\t<meta name=\"twitter:label2\" content=\"Est. tempo de leitura\" \/>\n\t<meta name=\"twitter:data2\" content=\"8 minutos\" \/>\n<script type=\"application\/ld+json\" class=\"yoast-schema-graph\">{\"@context\":\"https:\/\/schema.org\",\"@graph\":[{\"@type\":\"NewsArticle\",\"@id\":\"https:\/\/www.estrategiaconcursos.com.br\/blog\/edital-mp-go-servidores\/#article\",\"isPartOf\":{\"@id\":\"https:\/\/www.estrategiaconcursos.com.br\/blog\/edital-mp-go-servidores\/\"},\"author\":{\"name\":\"Rafaela Teixeira\",\"@id\":\"https:\/\/www.estrategiaconcursos.com.br\/blog\/#\/schema\/person\/e75352021ea7f60781c599934f916eb1\"},\"headline\":\"Edital MP GO Servidores: inscri\u00e7\u00f5es abertas at\u00e9 07\/03\",\"datePublished\":\"2022-01-31T03:37:00+00:00\",\"dateModified\":\"2022-01-31T11:27:43+00:00\",\"mainEntityOfPage\":{\"@id\":\"https:\/\/www.estrategiaconcursos.com.br\/blog\/edital-mp-go-servidores\/\"},\"wordCount\":1306,\"commentCount\":0,\"publisher\":{\"@id\":\"https:\/\/www.estrategiaconcursos.com.br\/blog\/#organization\"},\"image\":{\"@id\":\"https:\/\/www.estrategiaconcursos.com.br\/blog\/edital-mp-go-servidores\/#primaryimage\"},\"thumbnailUrl\":\"https:\/\/dhg1h5j42swfq.cloudfront.net\/2021\/03\/17160609\/mp_go.jpg\",\"articleSection\":[\"Tribunais\"],\"inLanguage\":\"pt-BR\",\"potentialAction\":[{\"@type\":\"CommentAction\",\"name\":\"Comment\",\"target\":[\"https:\/\/www.estrategiaconcursos.com.br\/blog\/edital-mp-go-servidores\/#respond\"]}],\"copyrightYear\":\"2022\",\"copyrightHolder\":{\"@id\":\"https:\/\/www.estrategiaconcursos.com.br\/blog\/#organization\"}},{\"@type\":\"WebPage\",\"@id\":\"https:\/\/www.estrategiaconcursos.com.br\/blog\/edital-mp-go-servidores\/\",\"url\":\"https:\/\/www.estrategiaconcursos.com.br\/blog\/edital-mp-go-servidores\/\",\"name\":\"Edital MP GO Servidores: inscri\u00e7\u00f5es abertas at\u00e9 07\/03\",\"isPartOf\":{\"@id\":\"https:\/\/www.estrategiaconcursos.com.br\/blog\/#website\"},\"primaryImageOfPage\":{\"@id\":\"https:\/\/www.estrategiaconcursos.com.br\/blog\/edital-mp-go-servidores\/#primaryimage\"},\"image\":{\"@id\":\"https:\/\/www.estrategiaconcursos.com.br\/blog\/edital-mp-go-servidores\/#primaryimage\"},\"thumbnailUrl\":\"https:\/\/dhg1h5j42swfq.cloudfront.net\/2021\/03\/17160609\/mp_go.jpg\",\"datePublished\":\"2022-01-31T03:37:00+00:00\",\"dateModified\":\"2022-01-31T11:27:43+00:00\",\"description\":\"Edital MP GO Servidores: inscri\u00e7\u00f5es abertas! S\u00e3o ofertadas 35 vagas, mais forma\u00e7\u00e3o de cadastro reserva. Iniciais de at\u00e9 R$ 8,9 mil!\",\"breadcrumb\":{\"@id\":\"https:\/\/www.estrategiaconcursos.com.br\/blog\/edital-mp-go-servidores\/#breadcrumb\"},\"inLanguage\":\"pt-BR\",\"potentialAction\":[{\"@type\":\"ReadAction\",\"target\":[\"https:\/\/www.estrategiaconcursos.com.br\/blog\/edital-mp-go-servidores\/\"]}]},{\"@type\":\"ImageObject\",\"inLanguage\":\"pt-BR\",\"@id\":\"https:\/\/www.estrategiaconcursos.com.br\/blog\/edital-mp-go-servidores\/#primaryimage\",\"url\":\"https:\/\/dhg1h5j42swfq.cloudfront.net\/2021\/03\/17160609\/mp_go.jpg\",\"contentUrl\":\"https:\/\/dhg1h5j42swfq.cloudfront.net\/2021\/03\/17160609\/mp_go.jpg\",\"width\":1200,\"height\":628,\"caption\":\"Concurso MP GO\"},{\"@type\":\"BreadcrumbList\",\"@id\":\"https:\/\/www.estrategiaconcursos.com.br\/blog\/edital-mp-go-servidores\/#breadcrumb\",\"itemListElement\":[{\"@type\":\"ListItem\",\"position\":1,\"name\":\"In\u00edcio\",\"item\":\"https:\/\/www.estrategiaconcursos.com.br\/blog\/\"},{\"@type\":\"ListItem\",\"position\":2,\"name\":\"Edital MP GO Servidores: inscri\u00e7\u00f5es abertas at\u00e9 07\/03\"}]},{\"@type\":\"WebSite\",\"@id\":\"https:\/\/www.estrategiaconcursos.com.br\/blog\/#website\",\"url\":\"https:\/\/www.estrategiaconcursos.com.br\/blog\/\",\"name\":\"Estrat\u00e9gia Concursos\",\"description\":\"O blog da Estrat\u00e9gia Concursos traz not\u00edcias sobre concursos e artigos de professores oferecendo cursos para concursos (pdf + videaulas) no site.\",\"publisher\":{\"@id\":\"https:\/\/www.estrategiaconcursos.com.br\/blog\/#organization\"},\"potentialAction\":[{\"@type\":\"SearchAction\",\"target\":{\"@type\":\"EntryPoint\",\"urlTemplate\":\"https:\/\/www.estrategiaconcursos.com.br\/blog\/?s={search_term_string}\"},\"query-input\":{\"@type\":\"PropertyValueSpecification\",\"valueRequired\":true,\"valueName\":\"search_term_string\"}}],\"inLanguage\":\"pt-BR\"},{\"@type\":\"Organization\",\"@id\":\"https:\/\/www.estrategiaconcursos.com.br\/blog\/#organization\",\"name\":\"Estrat\u00e9gia Concursos\",\"url\":\"https:\/\/www.estrategiaconcursos.com.br\/blog\/\",\"logo\":{\"@type\":\"ImageObject\",\"inLanguage\":\"pt-BR\",\"@id\":\"https:\/\/www.estrategiaconcursos.com.br\/blog\/#\/schema\/logo\/image\/\",\"url\":\"https:\/\/dhg1h5j42swfq.cloudfront.net\/2025\/06\/03203428\/logo_concursos-1.jpg\",\"contentUrl\":\"https:\/\/dhg1h5j42swfq.cloudfront.net\/2025\/06\/03203428\/logo_concursos-1.jpg\",\"width\":230,\"height\":60,\"caption\":\"Estrat\u00e9gia Concursos\"},\"image\":{\"@id\":\"https:\/\/www.estrategiaconcursos.com.br\/blog\/#\/schema\/logo\/image\/\"},\"sameAs\":[\"https:\/\/x.com\/EstratConcursos\"]},{\"@type\":\"Person\",\"@id\":\"https:\/\/www.estrategiaconcursos.com.br\/blog\/#\/schema\/person\/e75352021ea7f60781c599934f916eb1\",\"name\":\"Rafaela Teixeira\",\"image\":{\"@type\":\"ImageObject\",\"inLanguage\":\"pt-BR\",\"@id\":\"https:\/\/secure.gravatar.com\/avatar\/8a349a2b22039b1ee88fc06461487c950fd6aa411ea8af8633314b43334ae793?s=96&d=mm&r=g\",\"url\":\"https:\/\/secure.gravatar.com\/avatar\/8a349a2b22039b1ee88fc06461487c950fd6aa411ea8af8633314b43334ae793?s=96&d=mm&r=g\",\"contentUrl\":\"https:\/\/secure.gravatar.com\/avatar\/8a349a2b22039b1ee88fc06461487c950fd6aa411ea8af8633314b43334ae793?s=96&d=mm&r=g\",\"caption\":\"Rafaela Teixeira\"},\"description\":\"Rafaela Teixeira \u00e9 advogada conveniada \u00e0 Defensoria P\u00fablica de S\u00e3o Paulo pela OAB, com experi\u00eancia em reda\u00e7\u00e3o jur\u00eddica e atua\u00e7\u00e3o em institui\u00e7\u00f5es p\u00fablicas, incluindo est\u00e1gio no TRE-SP. Possui mais de 7 anos de experi\u00eancia na produ\u00e7\u00e3o de conte\u00fados voltados ao nicho de concursos p\u00fablicos, com foco em apura\u00e7\u00e3o jornal\u00edstica cont\u00ednua, an\u00e1lise de editais e obten\u00e7\u00e3o de informa\u00e7\u00f5es diretamente junto a \u00f3rg\u00e3os e fontes oficiais. No Blog do Estrat\u00e9gia Concursos, atua como Analista de Conte\u00fado S\u00eanior, respons\u00e1vel pelo jornalismo do per\u00edodo noturno e da madrugada, com atua\u00e7\u00e3o transversal na cobertura de concursos p\u00fablicos, garantindo a continuidade, fluidez e confiabilidade das publica\u00e7\u00f5es e dos bastidores dos certames.\",\"url\":\"https:\/\/www.estrategiaconcursos.com.br\/blog\/author\/rafaela-teixeira\/\"}]}<\/script>\n<!-- \/ Yoast SEO Premium plugin. -->","yoast_head_json":{"title":"Edital MP GO Servidores: inscri\u00e7\u00f5es abertas at\u00e9 07\/03","description":"Edital MP GO Servidores: inscri\u00e7\u00f5es abertas! S\u00e3o ofertadas 35 vagas, mais forma\u00e7\u00e3o de cadastro reserva. Iniciais de at\u00e9 R$ 8,9 mil!","robots":{"index":"index","follow":"follow","max-snippet":"max-snippet:-1","max-image-preview":"max-image-preview:large","max-video-preview":"max-video-preview:-1"},"canonical":"https:\/\/www.estrategiaconcursos.com.br\/blog\/edital-mp-go-servidores\/","og_locale":"pt_BR","og_type":"article","og_title":"Edital MP GO Servidores: inscri\u00e7\u00f5es abertas at\u00e9 07\/03","og_description":"Edital MP GO Servidores: inscri\u00e7\u00f5es abertas! S\u00e3o ofertadas 35 vagas, mais forma\u00e7\u00e3o de cadastro reserva. Iniciais de at\u00e9 R$ 8,9 mil!","og_url":"https:\/\/www.estrategiaconcursos.com.br\/blog\/edital-mp-go-servidores\/","og_site_name":"Estrat\u00e9gia Concursos","article_published_time":"2022-01-31T03:37:00+00:00","article_modified_time":"2022-01-31T11:27:43+00:00","og_image":[{"width":1200,"height":628,"url":"https:\/\/dhg1h5j42swfq.cloudfront.net\/2021\/03\/17160609\/mp_go.jpg","type":"image\/jpeg"}],"author":"Rafaela Teixeira","twitter_card":"summary_large_image","twitter_creator":"@EstratConcursos","twitter_site":"@EstratConcursos","twitter_misc":{"Escrito por":"Rafaela Teixeira","Est. tempo de leitura":"8 minutos"},"schema":{"@context":"https:\/\/schema.org","@graph":[{"@type":"NewsArticle","@id":"https:\/\/www.estrategiaconcursos.com.br\/blog\/edital-mp-go-servidores\/#article","isPartOf":{"@id":"https:\/\/www.estrategiaconcursos.com.br\/blog\/edital-mp-go-servidores\/"},"author":{"name":"Rafaela Teixeira","@id":"https:\/\/www.estrategiaconcursos.com.br\/blog\/#\/schema\/person\/e75352021ea7f60781c599934f916eb1"},"headline":"Edital MP GO Servidores: inscri\u00e7\u00f5es abertas at\u00e9 07\/03","datePublished":"2022-01-31T03:37:00+00:00","dateModified":"2022-01-31T11:27:43+00:00","mainEntityOfPage":{"@id":"https:\/\/www.estrategiaconcursos.com.br\/blog\/edital-mp-go-servidores\/"},"wordCount":1306,"commentCount":0,"publisher":{"@id":"https:\/\/www.estrategiaconcursos.com.br\/blog\/#organization"},"image":{"@id":"https:\/\/www.estrategiaconcursos.com.br\/blog\/edital-mp-go-servidores\/#primaryimage"},"thumbnailUrl":"https:\/\/dhg1h5j42swfq.cloudfront.net\/2021\/03\/17160609\/mp_go.jpg","articleSection":["Tribunais"],"inLanguage":"pt-BR","potentialAction":[{"@type":"CommentAction","name":"Comment","target":["https:\/\/www.estrategiaconcursos.com.br\/blog\/edital-mp-go-servidores\/#respond"]}],"copyrightYear":"2022","copyrightHolder":{"@id":"https:\/\/www.estrategiaconcursos.com.br\/blog\/#organization"}},{"@type":"WebPage","@id":"https:\/\/www.estrategiaconcursos.com.br\/blog\/edital-mp-go-servidores\/","url":"https:\/\/www.estrategiaconcursos.com.br\/blog\/edital-mp-go-servidores\/","name":"Edital MP GO Servidores: inscri\u00e7\u00f5es abertas at\u00e9 07\/03","isPartOf":{"@id":"https:\/\/www.estrategiaconcursos.com.br\/blog\/#website"},"primaryImageOfPage":{"@id":"https:\/\/www.estrategiaconcursos.com.br\/blog\/edital-mp-go-servidores\/#primaryimage"},"image":{"@id":"https:\/\/www.estrategiaconcursos.com.br\/blog\/edital-mp-go-servidores\/#primaryimage"},"thumbnailUrl":"https:\/\/dhg1h5j42swfq.cloudfront.net\/2021\/03\/17160609\/mp_go.jpg","datePublished":"2022-01-31T03:37:00+00:00","dateModified":"2022-01-31T11:27:43+00:00","description":"Edital MP GO Servidores: inscri\u00e7\u00f5es abertas! S\u00e3o ofertadas 35 vagas, mais forma\u00e7\u00e3o de cadastro reserva. Iniciais de at\u00e9 R$ 8,9 mil!","breadcrumb":{"@id":"https:\/\/www.estrategiaconcursos.com.br\/blog\/edital-mp-go-servidores\/#breadcrumb"},"inLanguage":"pt-BR","potentialAction":[{"@type":"ReadAction","target":["https:\/\/www.estrategiaconcursos.com.br\/blog\/edital-mp-go-servidores\/"]}]},{"@type":"ImageObject","inLanguage":"pt-BR","@id":"https:\/\/www.estrategiaconcursos.com.br\/blog\/edital-mp-go-servidores\/#primaryimage","url":"https:\/\/dhg1h5j42swfq.cloudfront.net\/2021\/03\/17160609\/mp_go.jpg","contentUrl":"https:\/\/dhg1h5j42swfq.cloudfront.net\/2021\/03\/17160609\/mp_go.jpg","width":1200,"height":628,"caption":"Concurso MP GO"},{"@type":"BreadcrumbList","@id":"https:\/\/www.estrategiaconcursos.com.br\/blog\/edital-mp-go-servidores\/#breadcrumb","itemListElement":[{"@type":"ListItem","position":1,"name":"In\u00edcio","item":"https:\/\/www.estrategiaconcursos.com.br\/blog\/"},{"@type":"ListItem","position":2,"name":"Edital MP GO Servidores: inscri\u00e7\u00f5es abertas at\u00e9 07\/03"}]},{"@type":"WebSite","@id":"https:\/\/www.estrategiaconcursos.com.br\/blog\/#website","url":"https:\/\/www.estrategiaconcursos.com.br\/blog\/","name":"Estrat\u00e9gia Concursos","description":"O blog da Estrat\u00e9gia Concursos traz not\u00edcias sobre concursos e artigos de professores oferecendo cursos para concursos (pdf + videaulas) no site.","publisher":{"@id":"https:\/\/www.estrategiaconcursos.com.br\/blog\/#organization"},"potentialAction":[{"@type":"SearchAction","target":{"@type":"EntryPoint","urlTemplate":"https:\/\/www.estrategiaconcursos.com.br\/blog\/?s={search_term_string}"},"query-input":{"@type":"PropertyValueSpecification","valueRequired":true,"valueName":"search_term_string"}}],"inLanguage":"pt-BR"},{"@type":"Organization","@id":"https:\/\/www.estrategiaconcursos.com.br\/blog\/#organization","name":"Estrat\u00e9gia Concursos","url":"https:\/\/www.estrategiaconcursos.com.br\/blog\/","logo":{"@type":"ImageObject","inLanguage":"pt-BR","@id":"https:\/\/www.estrategiaconcursos.com.br\/blog\/#\/schema\/logo\/image\/","url":"https:\/\/dhg1h5j42swfq.cloudfront.net\/2025\/06\/03203428\/logo_concursos-1.jpg","contentUrl":"https:\/\/dhg1h5j42swfq.cloudfront.net\/2025\/06\/03203428\/logo_concursos-1.jpg","width":230,"height":60,"caption":"Estrat\u00e9gia Concursos"},"image":{"@id":"https:\/\/www.estrategiaconcursos.com.br\/blog\/#\/schema\/logo\/image\/"},"sameAs":["https:\/\/x.com\/EstratConcursos"]},{"@type":"Person","@id":"https:\/\/www.estrategiaconcursos.com.br\/blog\/#\/schema\/person\/e75352021ea7f60781c599934f916eb1","name":"Rafaela Teixeira","image":{"@type":"ImageObject","inLanguage":"pt-BR","@id":"https:\/\/secure.gravatar.com\/avatar\/8a349a2b22039b1ee88fc06461487c950fd6aa411ea8af8633314b43334ae793?s=96&d=mm&r=g","url":"https:\/\/secure.gravatar.com\/avatar\/8a349a2b22039b1ee88fc06461487c950fd6aa411ea8af8633314b43334ae793?s=96&d=mm&r=g","contentUrl":"https:\/\/secure.gravatar.com\/avatar\/8a349a2b22039b1ee88fc06461487c950fd6aa411ea8af8633314b43334ae793?s=96&d=mm&r=g","caption":"Rafaela Teixeira"},"description":"Rafaela Teixeira \u00e9 advogada conveniada \u00e0 Defensoria P\u00fablica de S\u00e3o Paulo pela OAB, com experi\u00eancia em reda\u00e7\u00e3o jur\u00eddica e atua\u00e7\u00e3o em institui\u00e7\u00f5es p\u00fablicas, incluindo est\u00e1gio no TRE-SP. Possui mais de 7 anos de experi\u00eancia na produ\u00e7\u00e3o de conte\u00fados voltados ao nicho de concursos p\u00fablicos, com foco em apura\u00e7\u00e3o jornal\u00edstica cont\u00ednua, an\u00e1lise de editais e obten\u00e7\u00e3o de informa\u00e7\u00f5es diretamente junto a \u00f3rg\u00e3os e fontes oficiais. No Blog do Estrat\u00e9gia Concursos, atua como Analista de Conte\u00fado S\u00eanior, respons\u00e1vel pelo jornalismo do per\u00edodo noturno e da madrugada, com atua\u00e7\u00e3o transversal na cobertura de concursos p\u00fablicos, garantindo a continuidade, fluidez e confiabilidade das publica\u00e7\u00f5es e dos bastidores dos certames.","url":"https:\/\/www.estrategiaconcursos.com.br\/blog\/author\/rafaela-teixeira\/"}]}},"_links":{"self":[{"href":"https:\/\/www.estrategiaconcursos.com.br\/blog\/wp-json\/wp\/v2\/posts\/954716","targetHints":{"allow":["GET"]}}],"collection":[{"href":"https:\/\/www.estrategiaconcursos.com.br\/blog\/wp-json\/wp\/v2\/posts"}],"about":[{"href":"https:\/\/www.estrategiaconcursos.com.br\/blog\/wp-json\/wp\/v2\/types\/post"}],"author":[{"embeddable":true,"href":"https:\/\/www.estrategiaconcursos.com.br\/blog\/wp-json\/wp\/v2\/users\/2134"}],"replies":[{"embeddable":true,"href":"https:\/\/www.estrategiaconcursos.com.br\/blog\/wp-json\/wp\/v2\/comments?post=954716"}],"version-history":[{"count":6,"href":"https:\/\/www.estrategiaconcursos.com.br\/blog\/wp-json\/wp\/v2\/posts\/954716\/revisions"}],"predecessor-version":[{"id":958111,"href":"https:\/\/www.estrategiaconcursos.com.br\/blog\/wp-json\/wp\/v2\/posts\/954716\/revisions\/958111"}],"wp:featuredmedia":[{"embeddable":true,"href":"https:\/\/www.estrategiaconcursos.com.br\/blog\/wp-json\/wp\/v2\/media\/695064"}],"wp:attachment":[{"href":"https:\/\/www.estrategiaconcursos.com.br\/blog\/wp-json\/wp\/v2\/media?parent=954716"}],"wp:term":[{"taxonomy":"category","embeddable":true,"href":"https:\/\/www.estrategiaconcursos.com.br\/blog\/wp-json\/wp\/v2\/categories?post=954716"},{"taxonomy":"post_tag","embeddable":true,"href":"https:\/\/www.estrategiaconcursos.com.br\/blog\/wp-json\/wp\/v2\/tags?post=954716"},{"taxonomy":"tax_estado","embeddable":true,"href":"https:\/\/www.estrategiaconcursos.com.br\/blog\/wp-json\/wp\/v2\/tax_estado?post=954716"}],"curies":[{"name":"wp","href":"https:\/\/api.w.org\/{rel}","templated":true}]}}