{"id":95408,"date":"2017-11-12T22:40:55","date_gmt":"2017-11-13T01:40:55","guid":{"rendered":"https:\/\/www.estrategiaconcursos.com.br\/blog\/?p=95408"},"modified":"2019-04-09T15:37:26","modified_gmt":"2019-04-09T18:37:26","slug":"questoes-de-direito-tributario-para-semana-especial-do-xxiv-exame-da-oab","status":"publish","type":"post","link":"https:\/\/www.estrategiaconcursos.com.br\/blog\/questoes-de-direito-tributario-para-semana-especial-do-xxiv-exame-da-oab\/","title":{"rendered":"QUEST\u00d5ES DE DIREITO TRIBUT\u00c1RIO PARA A SEMANA ESPECIAL DO XXIV EXAME DA OAB"},"content":{"rendered":"<p>Ol\u00e1 pessoal,<\/p>\n<p>\u00c0queles que ainda n\u00e3o me conhecem, sou o <strong>PROF. RODRIGO MARTINS<\/strong>, professor de Direito Material Tribut\u00e1rio e Direito Processual Tribut\u00e1rio para a 1\u00aa e 2\u00aa fase do Exame da Ordem dos Advogados do Brasil aqui no <strong>ESTRAT\u00c9GIA OAB<\/strong>.<\/p>\n<p>\u00c9 um imenso prazer conhec\u00ea-los!<\/p>\n<p>Como voc\u00eas j\u00e1 sabem, no pr\u00f3ximo domingo, dia 19\/11\/2017, teremos a aplica\u00e7\u00e3o da prova da 1\u00aa fase (prova objetiva) do XXIV Exame da OAB. Por isso planejamos uma semana repleta de atividades especiais para garantir a sua aprova\u00e7\u00e3o: \u00e9 a <strong>SEMANA ESPECIAL OAB<\/strong>, com os melhores professores do Brasil!<\/p>\n<p>A partir do dia 13\/11\/2017 teremos uma verdadeira \u201cmaratona\u201d com todo o conte\u00fado que ser\u00e1 cobrado na primeira fase do Exame da OAB!<\/p>\n<p>Vamos falar tudo o que cair\u00e1 na prova!<\/p>\n<p>Pois bem. A minha aula ser\u00e1 no dia 15\/11\/2017, quarta-feira, a partir das 19:00 horas.<\/p>\n<p>Nessa aula abordaremos os principais t\u00f3picos de Direito Tribut\u00e1rio para a 1\u00aa fase do Exame da OAB.<\/p>\n<p>Como metodologia, escolhemos analisar \u2013 na forma de coment\u00e1rios \u00e0 luz da doutrina e da jurisprud\u00eancia \u2013 as principais quest\u00f5es j\u00e1 elaboradas pela FGV para a 1\u00aa fase. Vamos analisar e comentar as quest\u00f5es mais \u201ccascudas\u201d!<\/p>\n<p>Iremos explicar cada uma das assertivas de cada quest\u00e3o, objetivando esclarecer onde est\u00e3o os erros e, principalmente, os acertos.<\/p>\n<p>Para isso separei 48 quest\u00f5es para analisarmos, que seguem abaixo, separadas por tema. Nem todas as quest\u00f5es podem ser separadas pelo crit\u00e9rio de um \u00fanico tema, mas, na medida do poss\u00edvel, tentamos faz\u00ea-lo.<\/p>\n<p>Para aquelas multitem\u00e1ticas reservamos a parte final, com a nomenclatura \u201cmistas\u201d.<\/p>\n<p>Ent\u00e3o eu deixo essas quest\u00f5es para voc\u00eas j\u00e1 irem respondendo.<\/p>\n<p>Nos vemos na quarta-feira, dia 15\/11\/2017, a partir das 19:00 horas, para conferir e comentar o gabarito!<\/p>\n<p>Acaso precisem entrar em contato comigo, podem me achar em:<\/p>\n<p><a href=\"mailto:rodrigodireitotributario@gmail.com\">rodrigodireitotributario@gmail.com<\/a><\/p>\n<p>F\u00f3rum de D\u00favidas do Portal do Aluno<\/p>\n<p>Ser\u00e1 um prazer poder entrar em contato com voc\u00eas!<\/p>\n<p>&nbsp;<\/p>\n<p>Um forte abra\u00e7o!<\/p>\n<p>&nbsp;<\/p>\n<p><strong>Prof. Rodrigo Martins<\/strong><\/p>\n<p>&nbsp;<\/p>\n<p style=\"text-align: center\"><strong>QUEST\u00d5ES\u00a0<\/strong><\/p>\n<p>&nbsp;<\/p>\n<p><strong>FONTES DO DIREITO TRIBUT\u00c1RIO (LEGISLA\u00c7\u00c3O TRIBUT\u00c1RIA)<\/strong><\/p>\n<p><strong>Fun\u00e7\u00e3o da Lei Complementar e sua aus\u00eancia: <\/strong><\/p>\n<p><strong>1) XV EXAME UNIFICADO DA OAB<\/strong>. O Art. 146, III, a, da Constitui\u00e7\u00e3o Federal estabelece que lei complementar deve trazer a defini\u00e7\u00e3o dos fatos geradores, da base de c\u00e1lculo e dos contribuintes dos impostos previstos na Constitui\u00e7\u00e3o. Caso n\u00e3o exista lei complementar prevendo tais defini\u00e7\u00f5es relativamente aos impostos estaduais, os estados:<\/p>\n<p>A) n\u00e3o podem instituir e cobrar seus impostos, sob pena de viola\u00e7\u00e3o do Art. 146 da Constitui\u00e7\u00e3o.<\/p>\n<p>B) podem instituir e cobrar seus impostos, desde que celebrem conv\u00eanio para estabelecer normas gerais.<\/p>\n<p>C) podem instituir e cobrar seus impostos, pois possuem compet\u00eancia legislativa plena at\u00e9 que a lei complementar venha a ser editada.<\/p>\n<p>D) podem instituir e cobrar seus impostos, desde que seja publicada Medida Provis\u00f3ria autorizando.<\/p>\n<p>&nbsp;<\/p>\n<p><strong>Lei materialmente complementar e lei formalmente complementar:<\/strong><\/p>\n<p><strong>2) XX EXAME UNIFICADO DA OAB<\/strong>. O Estado Alfa institui, por meio de lei complementar, uma taxa pela presta\u00e7\u00e3o de servi\u00e7o p\u00fablico espec\u00edfico e divis\u00edvel. Posteriormente a al\u00edquota e a base de c\u00e1lculo da taxa v\u00eam a ser modificadas por meio de lei ordin\u00e1ria, que as mant\u00e9m em patamares compat\u00edveis com a natureza do tributo e do servi\u00e7o p\u00fablico prestado. A lei ordin\u00e1ria em quest\u00e3o \u00e9:<\/p>\n<p>A) integralmente inv\u00e1lida, pois lei ordin\u00e1ria n\u00e3o pode alterar lei complementar.<\/p>\n<p>B) parcialmente v\u00e1lida \u2013 apenas no que concerne \u00e0 altera\u00e7\u00e3o da base de c\u00e1lculo, pois a modifica\u00e7\u00e3o da al\u00edquota s\u00f3 seria poss\u00edvel por meio de lei complementar.<\/p>\n<p>C) parcialmente v\u00e1lida \u2013 apenas no que concerne \u00e0 altera\u00e7\u00e3o da al\u00edquota, pois a modifica\u00e7\u00e3o da base de c\u00e1lculo s\u00f3 seria poss\u00edvel por meio de lei complementar.<\/p>\n<p>D) integralmente v\u00e1lida, pois a mat\u00e9ria por ela disciplinada n\u00e3o \u00e9 constitucionalmente reservada \u00e0 lei complementar.<\/p>\n<p>&nbsp;<\/p>\n<p><strong>Medida Provis\u00f3ria e Princ\u00edpio da Legalidade:<\/strong><\/p>\n<p><strong>\u00a0<\/strong><strong>3) X EXAME UNIFICADO DA OAB<\/strong>. Suponha que determinada Medida Provis\u00f3ria editada pela Presidenta da Rep\u00fablica, em 29\/09\/2012, estabele\u00e7a, entre outras provid\u00eancias, o aumento para as diversas faixas de al\u00edquotas previstas na legisla\u00e7\u00e3o aplic\u00e1vel ao imposto de renda das pessoas f\u00edsicas. Nesse caso, com base no sistema tribut\u00e1rio nacional, tal Medida Provis\u00f3ria<\/p>\n<p>A) n\u00e3o violaria o princ\u00edpio da legalidade e produzir\u00e1 efeitos a partir da data de sua publica\u00e7\u00e3o.<\/p>\n<p>B) violaria o princ\u00edpio da legalidade, por ser incompat\u00edvel com o processo legislativo previsto na Constitui\u00e7\u00e3o Federal\/88.<\/p>\n<p>C) n\u00e3o violaria o princ\u00edpio da legalidade e produzir\u00e1 efeitos a partir de 90 (noventa) dias contados a partir da data de sua publica\u00e7\u00e3o.<\/p>\n<p>D) n\u00e3o violaria o princ\u00edpio da legalidade e s\u00f3 produzir\u00e1 efeitos a partir do primeiro dia do exerc\u00edcio financeiro subsequente \u00e0 data de sua convers\u00e3o em lei.<\/p>\n<p>&nbsp;<\/p>\n<p><strong>ESP\u00c9CIES TRIBUT\u00c1RIAS<\/strong><\/p>\n<p><strong>\u00a0<\/strong><strong>Regime jur\u00eddico (caracter\u00edsticas) das taxas:<\/strong><\/p>\n<p><strong>\u00a0<\/strong><strong>4) VI EXAME UNIFICADO DA OAB (REAPLICADO\/DUQUE DE CAXIAS\/RJ)<\/strong>. As taxas s\u00e3o os tributos que t\u00eam por hip\u00f3tese de incid\u00eancia uma atua\u00e7\u00e3o estatal. Assinale a alternativa que corretamente delimite tal atua\u00e7\u00e3o, nos termos da Constitui\u00e7\u00e3o da Rep\u00fablica Federativa do Brasil e da legisla\u00e7\u00e3o tribut\u00e1ria.<\/p>\n<p>A) Os servi\u00e7os p\u00fablicos universais (<em>uti universi<\/em>) podem ser custeados por meio de taxas, j\u00e1 que alcan\u00e7am a coletividade considerada como um todo, o mesmo n\u00e3o podendo se dizer a respeito dos atos de pol\u00edcia.<\/p>\n<p>B) Tanto os servi\u00e7os p\u00fablicos uti universi como os <em>uti singuli<\/em>, tamb\u00e9m chamados singulares, na medida em que s\u00e3o mensur\u00e1veis e divis\u00edveis, podem ser custeados por meio de taxas, juntamente com os atos de pol\u00edcia.<\/p>\n<p>C) Somente os servi\u00e7os p\u00fablicos espec\u00edficos, por serem de utiliza\u00e7\u00e3o individual e mensur\u00e1vel, podem ser custeados mediante taxas de servi\u00e7o, ocorrendo o mesmo com os atos de pol\u00edcia, que devem ser espec\u00edficos e divis\u00edveis para serem custeados mediante taxas de pol\u00edcia.<\/p>\n<p>D) A atua\u00e7\u00e3o estatal suscet\u00edvel de ser custeada mediante taxa \u00e9 aquela que se refere indiretamente ao contribuinte, tal como uma obra p\u00fablica que causa valoriza\u00e7\u00e3o imobili\u00e1ria, aumentando o valor de mercado dos im\u00f3veis localizados em suas imedia\u00e7\u00f5es.<\/p>\n<p><strong>\u00a0<\/strong><\/p>\n<p><strong>Regime jur\u00eddico (caracter\u00edsticas) das taxas e a S\u00famula Vinculante n\u00ba 19:<\/strong><\/p>\n<p><strong>\u00a0<\/strong><strong>5) XIII EXAME UNIFICADO DA OAB<\/strong>. Segundo o entendimento do STF, a taxa cobrada exclusivamente em raz\u00e3o dos servi\u00e7os p\u00fablicos de coleta, remo\u00e7\u00e3o e tratamento ou destina\u00e7\u00e3o de lixo ou res\u00edduos provenientes de im\u00f3veis, \u00e9<\/p>\n<p>A) constitucional, por n\u00e3o violar o conceito constitucional de taxa.<\/p>\n<p>B) inconstitucional, por violar o conceito constitucional de taxa.<\/p>\n<p>C) constitucional, por n\u00e3o violar o conceito constitucional de taxa, mas ilegal por violar a defini\u00e7\u00e3o de taxa contida no C\u00f3digo Tribut\u00e1rio Nacional.<\/p>\n<p>D) inconstitucional, por violar o conceito constitucional de taxa, al\u00e9m de ilegal, por violar a defini\u00e7\u00e3o de taxa contida no C\u00f3digo Tribut\u00e1rio Nacional.<\/p>\n<p>&nbsp;<\/p>\n<p><strong>Empr\u00e9stimo compuls\u00f3rio:<\/strong><\/p>\n<p><strong>\u00a0<\/strong><strong>6) XIII EXAME UNIFICADO DA OAB<\/strong>. Jos\u00e9 recebeu auto de infra\u00e7\u00e3o pelo inadimplemento de determinado tributo institu\u00eddo por lei ordin\u00e1ria. Jos\u00e9 contesta a exig\u00eancia fiscal sob o argumento, correto, de que o tributo em quest\u00e3o deveria ter sido institu\u00eddo por lei complementar. A partir da hip\u00f3tese apresentada, assinale a op\u00e7\u00e3o que indica o tributo exigido no referido auto de infra\u00e7\u00e3o.<\/p>\n<p>A) Contribui\u00e7\u00e3o de Interesse de Categoria Profissional.<\/p>\n<p>B) Contribui\u00e7\u00e3o de Melhoria.<\/p>\n<p>C) Contribui\u00e7\u00e3o de Interven\u00e7\u00e3o no Dom\u00ednio Econ\u00f4mico.<\/p>\n<p>D) Empr\u00e9stimo Compuls\u00f3rio.<\/p>\n<p>&nbsp;<\/p>\n<p>&nbsp;<\/p>\n<p><strong>COMPET\u00caNCIA TRIBUT\u00c1RIA E SUAS CARACTER\u00cdSTICAS<\/strong><\/p>\n<p><strong>\u00a0<\/strong><strong>Compet\u00eancia \u00e0 institui\u00e7\u00e3o de imposto residual:<\/strong><\/p>\n<p><strong>7) XIX EXAME UNIFICADO DA OAB<\/strong>. O Estado X, visando aumentar a sua arrecada\u00e7\u00e3o, instituiu novo imposto, n\u00e3o previsto na Constitui\u00e7\u00e3o Federal. Sobre a hip\u00f3tese, assinale a afirmativa correta.<\/p>\n<p>A) O Estado X pode instituir imposto, mediante lei complementar, desde que previsto na Constitui\u00e7\u00e3o Estadual.<\/p>\n<p>B) Para exercer a compet\u00eancia residual do Estado X, \u00e9 necess\u00e1ria lei de iniciativa do Governador do Estado.<\/p>\n<p>C) O Estado X n\u00e3o pode instituir o imposto novo, tendo em vista que a compet\u00eancia residual para a institui\u00e7\u00e3o de novos impostos \u00e9 somente da Uni\u00e3o.<\/p>\n<p>D) \u00c9 vedada \u00e0 Uni\u00e3o, aos Estados, ao Distrito Federal e aos Munic\u00edpios, a institui\u00e7\u00e3o de impostos n\u00e3o previstos na Constitui\u00e7\u00e3o Federal.<\/p>\n<p>&nbsp;<\/p>\n<p><strong>Compet\u00eancia tribut\u00e1ria vs. capacidade tribut\u00e1ria ativa:<\/strong><\/p>\n<p><strong>\u00a0<\/strong><strong>8) XVIII EXAME UNIFICADO DA OAB<\/strong>. A Uni\u00e3o instituiu determinado tributo federal e conferiu a uma autarquia as tarefas de fiscaliz\u00e1-lo e arrecad\u00e1-lo. Tendo em vista a situa\u00e7\u00e3o narrada, assinale a op\u00e7\u00e3o correta.<\/p>\n<p>A) A capacidade tribut\u00e1ria ativa (realizar atos de fiscaliza\u00e7\u00e3o e arrecada\u00e7\u00e3o) \u00e9 deleg\u00e1vel.<\/p>\n<p>B) Trata-se de caso de delega\u00e7\u00e3o da compet\u00eancia tribut\u00e1ria da Uni\u00e3o.<\/p>\n<p>C) N\u00e3o \u00e9 poss\u00edvel que a Uni\u00e3o revogue, a qualquer tempo e por ato unilateral, a atribui\u00e7\u00e3o que conferiu a tal autarquia.<\/p>\n<p>D) Em eventual discuss\u00e3o judicial proposta por um contribuinte do tributo, a autarquia n\u00e3o ter\u00e1 prazo em dobro para recorrer.<\/p>\n<p>&nbsp;<\/p>\n<p><strong>\u00a0<\/strong><\/p>\n<p><strong>PRINC\u00cdPIOS DE DIREITO TRIBUT\u00c1RIO<\/strong><\/p>\n<p><strong>Natureza jur\u00eddica das taxas notariais e princ\u00edpio da legalidade:<\/strong><\/p>\n<p><strong>\u00a09<\/strong><strong>) XVII EXAME UNIFICADO DA OAB<\/strong>. Em 17\/07\/2014, o Tribunal de Justi\u00e7a do Estado X da Federa\u00e7\u00e3o instituiu, por meio de Provimento da Corregedoria Geral da Justi\u00e7a, as custas judiciais e os emolumentos cartor\u00e1rios vigentes a partir da data da publica\u00e7\u00e3o. Sobre a hip\u00f3tese, assinale a afirmativa correta.<\/p>\n<p>A) As custas judiciais e os emolumentos cartor\u00e1rios t\u00eam natureza jur\u00eddica de pre\u00e7o p\u00fablico e, portanto, n\u00e3o est\u00e3o sujeitos \u00e0s limita\u00e7\u00f5es constitucionais ao poder de tributar.<\/p>\n<p>B) As custas judiciais e os emolumentos cartor\u00e1rios t\u00eam natureza jur\u00eddica de taxa de servi\u00e7o. Sendo assim, o provimento da Corregedoria Geral viola os princ\u00edpios da legalidade, da anterioridade de exerc\u00edcio e nonagesimal.<\/p>\n<p>C) As custas judiciais e os emolumentos cartor\u00e1rios t\u00eam natureza jur\u00eddica de contribui\u00e7\u00e3o social. Sendo assim, o provimento da Corregedoria Geral viola os princ\u00edpios da legalidade, da anterioridade de exerc\u00edcio e nonagesimal.<\/p>\n<p>D) As custas judiciais e os emolumentos cartor\u00e1rios t\u00eam natureza jur\u00eddica de taxa de poder de pol\u00edcia. Sendo assim, o provimento da Corregedoria Geral viola os princ\u00edpios da legalidade e da anterioridade de exerc\u00edcio.<\/p>\n<p>&nbsp;<\/p>\n<p><strong>Exce\u00e7\u00f5es ao princ\u00edpio da legalidade quanto \u00e0 majora\u00e7\u00e3o de terminados impostos:<\/strong><\/p>\n<p><strong>\u00a0<\/strong><strong>10) XI EXAME UNIFICADO DA OAB<\/strong>. Assinale a alternativa que indica os impostos cujas al\u00edquotas podem ser majoradas por ato do Poder Executivo, observados os par\u00e2metros legais.<\/p>\n<p>A) Imposto de Renda (IR), Imposto sobre Opera\u00e7\u00f5es Financeiras (IOF) e Imposto sobre a Propriedade Territorial Rural (ITR).<\/p>\n<p>B) Imposto sobre a Importa\u00e7\u00e3o (II), Imposto sobre a Exporta\u00e7\u00e3o (IE) e Imposto sobre Grandes Fortunas (IGF).<\/p>\n<p>C) Imposto de Renda (IR) Imposto sobre a Propriedade Territorial Rural (ITR) e Imposto sobre Grandes Fortunas (IGF).<\/p>\n<p>D) Imposto sobre Produtos Industrializados (IPI), Imposto sobre Opera\u00e7\u00f5es Financeiras (IOF) e Imposto sobre a Importa\u00e7\u00e3o (II).<\/p>\n<p><strong>\u00a0<\/strong><\/p>\n<p><strong>Princ\u00edpio da irretroatividade e sua exce\u00e7\u00e3o:<\/strong><\/p>\n<p><strong>\u00a0<\/strong><strong>11) XVIII EXAME UNIFICADO DA OAB<\/strong>. Ant\u00f4nio, prestador de servi\u00e7o de manuten\u00e7\u00e3o e reparo de instrumentos musicais, sujeito \u00e0 incid\u00eancia do Imposto Sobre Servi\u00e7os (ISS), deixou de recolher o tributo incidente sobre fato gerador consumado em janeiro de 2013 (quando a al\u00edquota do ISS era de 5% sobre o total auferido pelos servi\u00e7os prestados e a multa pelo inadimplemento do tributo era de 25% sobre o ISS devido e n\u00e3o recolhido). Em 30 de agosto de 2013, o Munic\u00edpio credor aprovou lei que: (a) reduziu para 2% a al\u00edquota do ISS sobre a atividade de manuten\u00e7\u00e3o e reparo de instrumentos musicais; e (b) reduziu a multa pelo inadimplemento do imposto incidente nessa mesma atividade, que passou a ser de 10% sobre o ISS devido e n\u00e3o recolhido. Em fevereiro de 2014, o Munic\u00edpio X promoveu o lan\u00e7amento do imposto, exigindo do contribuinte o montante de R$ 25.000,00 \u2013 sendo R$ 20.000,00 de imposto (5% sobre R$ 400.000,00, valor dos servi\u00e7os prestados) e R$ 5.000,00 a t\u00edtulo de multa pela falta de pagamento (25% do imposto devido). Sobre a hip\u00f3tese apresentada, assinale a afirmativa correta.<\/p>\n<p>A) O lan\u00e7amento est\u00e1 correto em rela\u00e7\u00e3o ao imposto e \u00e0 multa.<\/p>\n<p>B) O lan\u00e7amento est\u00e1 incorreto tanto em rela\u00e7\u00e3o ao imposto (que deveria observar a nova al\u00edquota de 2%) quanto em rela\u00e7\u00e3o \u00e0 multa (que deveria ser de 10% sobre o ISS devido e n\u00e3o recolhido).<\/p>\n<p>C) O lan\u00e7amento est\u00e1 correto em rela\u00e7\u00e3o \u00e0 multa, mas incorreto em rela\u00e7\u00e3o ao imposto (que deveria observar a nova al\u00edquota de 2%).<\/p>\n<p>D) O lan\u00e7amento est\u00e1 correto em rela\u00e7\u00e3o ao imposto, mas incorreto em rela\u00e7\u00e3o \u00e0 multa (que deveria ser de 10% sobre o ISS devido e n\u00e3o recolhido).<\/p>\n<p>&nbsp;<\/p>\n<p>&nbsp;<\/p>\n<p><strong>IMUNIDADES TRIBUT\u00c1RIAS<\/strong><\/p>\n<p><strong>\u00a0<\/strong><strong>Extens\u00e3o da imunidade rec\u00edproca \u00e0s autarquias e empresas p\u00fablicas prestadoras de servi\u00e7os p\u00fablicos:<\/strong><\/p>\n<p><strong>\u00a0<\/strong><strong>12) X EXAME UNIFICADO DA OAB<\/strong>. Uma autarquia federal, propriet\u00e1ria de ve\u00edculos automotores adquiridos recentemente, foi surpreendida com a cobran\u00e7a de IPVA pelo Estado respons\u00e1vel pelos respectivos licenciamentos, n\u00e3o obstante vincular a utiliza\u00e7\u00e3o desses ve\u00edculos \u00e0s suas finalidades essenciais. Com base na hip\u00f3tese sugerida, assinale a afirmativa correta.<\/p>\n<p>A) A cobran\u00e7a \u00e9 constitucional, por se tratar de fato gerador do IPVA.<\/p>\n<p>B) A cobran\u00e7a \u00e9 constitucional, por se aplicar o princ\u00edpio da capacidade contributiva.<\/p>\n<p>C) A cobran\u00e7a \u00e9 inconstitucional, por se tratar de isen\u00e7\u00e3o fiscal.<\/p>\n<p>D) A cobran\u00e7a \u00e9 inconstitucional, por tratar de hip\u00f3tese de imunidade tribut\u00e1ria.<\/p>\n<p>&nbsp;<\/p>\n<p><strong>Inexist\u00eancia de imunidade rec\u00edproca para os impostos indiretos:<\/strong><\/p>\n<p><strong>13) IX EXAME UNIFICADO DA OAB<\/strong>. O procurador do munic\u00edpio Gama decide contestar judicialmente a cobran\u00e7a do ICMS discriminada na fatura da conta de luz do im\u00f3vel onde funciona a sede da prefeitura, alegando a condi\u00e7\u00e3o de ente pol\u00edtico para livrar-se da exa\u00e7\u00e3o. A demanda da municipalidade dever\u00e1 ser<\/p>\n<p>A) acolhida, em raz\u00e3o da imunidade rec\u00edproca, que impede que os entes da federa\u00e7\u00e3o instituam impostos sobre bens e servi\u00e7os uns dos outros.<\/p>\n<p>B) rejeitada, pois na situa\u00e7\u00e3o apresentada o munic\u00edpio se apresenta na condi\u00e7\u00e3o de contribuinte de direito do ICMS.<\/p>\n<p>C) acolhida, pois a empresa concession\u00e1ria prestadora do servi\u00e7o de fornecimento de energia n\u00e3o tem compet\u00eancia para cobrar ICMS.<\/p>\n<p>D) rejeitada, pois o munic\u00edpio n\u00e3o goza de imunidade com rela\u00e7\u00e3o a imposto que incide apenas indiretamente sobre seus bens e servi\u00e7os.<\/p>\n<p><strong>\u00a0<\/strong><\/p>\n<p><strong>Inexist\u00eancia de imunidade rec\u00edproca em rela\u00e7\u00e3o \u00e0s taxas:<\/strong><\/p>\n<p><strong>\u00a0<\/strong><strong>14) XXII EXAME UNIFICADO DA OAB<\/strong>. O Munic\u00edpio X instituiu taxa a ser cobrada, exclusivamente, sobre o servi\u00e7o p\u00fablico de coleta, remo\u00e7\u00e3o e tratamento de lixo e res\u00edduos provenientes de im\u00f3veis. A igreja ABC, com sede no Munic\u00edpio X, foi notificada da cobran\u00e7a da referida taxa. Sobre a hip\u00f3tese apresentada, assinale a afirmativa correta.<\/p>\n<p>A) As Igrejas s\u00e3o imunes; portanto, n\u00e3o devem pagar a taxa institu\u00edda pelo Munic\u00edpio X.<\/p>\n<p>B) A taxa \u00e9 inconstitucional, pois n\u00e3o \u00e9 espec\u00edfica e divis\u00edvel.<\/p>\n<p>C) A taxa \u00e9 inconstitucional, uma vez que os Munic\u00edpios n\u00e3o s\u00e3o competentes para a institui\u00e7\u00e3o de taxas de servi\u00e7o p\u00fablico.<\/p>\n<p>D) A taxa \u00e9 constitucional e as Igrejas n\u00e3o s\u00e3o imunes.<\/p>\n<p><strong>\u00a0<\/strong><\/p>\n<p><strong>Imunidade das entidades sem fins lucrativos:<\/strong><\/p>\n<p><strong>\u00a0<\/strong><strong>15) XXIII EXAME UNIFICADO DA OAB. <\/strong>O reitor de uma faculdade privada sem fins lucrativos (cujas receitas, inclusive seus eventuais super\u00e1vits, s\u00e3o integralmente reinvestidas no estabelecimento de ensino) deseja saber se est\u00e1 correta a cobran\u00e7a de impostos efetuada pelo fisco, que negou a pretendida imunidade tribut\u00e1ria, sob o argumento de que a institui\u00e7\u00e3o de ensino privada auferia lucros. Na hip\u00f3tese, sobre a atua\u00e7\u00e3o do fisco, assinale a afirmativa correta.<\/p>\n<p>A) O fisco agiu corretamente, pois a imunidade tribut\u00e1ria apenas alcan\u00e7a institui\u00e7\u00f5es de ensino que n\u00e3o sejam superavit\u00e1rias.<\/p>\n<p>B) O fisco agiu corretamente, pois a imunidade tribut\u00e1ria apenas alcan\u00e7a institui\u00e7\u00f5es p\u00fablicas de ensino.<\/p>\n<p>C) O fisco n\u00e3o agiu corretamente, pois n\u00e3o h\u00e1 impedimento \u00e0 distribui\u00e7\u00e3o de lucro pelo estabelecimento de ensino imune.<\/p>\n<p>D) O fisco n\u00e3o agiu corretamente, pois, para que seja concedida tal imunidade, a institui\u00e7\u00e3o n\u00e3o precisa ser deficit\u00e1ria, desde que o super\u00e1vit seja revertido para suas finalidades.<\/p>\n<p>&nbsp;<\/p>\n<p>&nbsp;<\/p>\n<p><strong>VIG\u00caNCIA, APLICA\u00c7\u00c3O, INTERPRETA\u00c7\u00c3O E INTEGRA\u00c7\u00c3O DA LEGISLA\u00c7\u00c3O TRIBUT\u00c1RIA<\/strong><\/p>\n<p><strong>\u00a0<\/strong><strong>Aplica\u00e7\u00e3o da lei vigente no momento da ocorr\u00eancia do fato gerador:<\/strong><\/p>\n<p><strong>\u00a0<\/strong><strong>16) XXI EXAME UNIFICADO DA OAB<\/strong>. Determinado Estado da Federa\u00e7\u00e3o publicou, em julho de 2015, a Lei n\u00ba 123\/2015, que majorou o valor das multas e das al\u00edquotas de ICMS. Em fevereiro de 2016, em procedimento de fiscaliza\u00e7\u00e3o, aquele Estado constatou que determinado contribuinte, em opera\u00e7\u00f5es realizadas em outubro de 2014, n\u00e3o recolheu o ICMS devido. Por conta disso, foi efetuado o lan\u00e7amento tribut\u00e1rio contra o contribuinte, exigindo-lhe o ICMS n\u00e3o pago e a multa decorrente do inadimplemento. O lan\u00e7amento em quest\u00e3o s\u00f3 estar\u00e1 correto se:<\/p>\n<p>A) as multas e al\u00edquotas forem as previstas na Lei n\u00ba 123\/2015.<\/p>\n<p>B) as al\u00edquotas forem as previstas na Lei n\u00ba 123\/2015 e as multas forem aquelas previstas na lei vigente ao tempo do fato gerador.<\/p>\n<p>C) as multas e as al\u00edquotas forem as previstas na lei vigente ao tempo do fato gerador.<\/p>\n<p>D) as multas forem as previstas na Lei n\u00ba 123\/2015 e as al\u00edquotas forem aquelas previstas na lei vigente ao tempo do fato gerador.<\/p>\n<p>&nbsp;<\/p>\n<p>&nbsp;<\/p>\n<p><strong>OBRIGA\u00c7\u00c3O TRIBUT\u00c1RIA (PRINCIPAL E ACESS\u00d3RIA)<\/strong><\/p>\n<p><strong>\u00a0<\/strong><strong>Princ\u00edpio do <em>non olet<\/em>:<\/strong><\/p>\n<p><strong>\u00a0<\/strong><strong>17) XII EXAME UNIFICADO DA OAB<\/strong>. Em procedimento de fiscaliza\u00e7\u00e3o, a Secretaria da Receita Federal do Brasil identificou lucro n\u00e3o declarado por tr\u00eas sociedades empres\u00e1rias, que o obtiveram em conluio, fruto do tr\u00e1fico de entorpecentes. Sobre a hip\u00f3tese sugerida, assinale a afirmativa correta.<\/p>\n<p>A) O imposto sobre a renda \u00e9 devido face ao princ\u00edpio da interpreta\u00e7\u00e3o objetiva do fato gerador, tamb\u00e9m conhecido como o princ\u00edpio do <em>pecunia non olet<\/em>.<\/p>\n<p>B) N\u00e3o caber\u00e1 tributa\u00e7\u00e3o e, sim, confisco da respectiva renda.<\/p>\n<p>C) N\u00e3o caber\u00e1 tributo, uma vez que tributo n\u00e3o \u00e9 san\u00e7\u00e3o de ato il\u00edcito.<\/p>\n<p>D) Caber\u00e1 aplica\u00e7\u00e3o de multa fiscal pela n\u00e3o declara\u00e7\u00e3o de lucro, ficando afastada a incid\u00eancia do tributo, sem preju\u00edzo da puni\u00e7\u00e3o na esfera penal.<\/p>\n<p><strong>\u00a0<\/strong><\/p>\n<p><strong>\u00a0<\/strong><\/p>\n<p><strong>CR\u00c9DITO TRIBUT\u00c1RIO E MODALIDADES DE LAN\u00c7AMENTOS<\/strong><\/p>\n<p><strong>\u00a0<\/strong><strong>Cr\u00e9dito tribut\u00e1rio e dep\u00f3sito do montante integral:<\/strong><\/p>\n<p><strong>\u00a0<\/strong><strong>18) IX EXAME UNIFICADO DA OAB<\/strong>. Concession\u00e1ria de ve\u00edculos se insurge contra aumento da al\u00edquota do IPI sobre autom\u00f3veis nacionais e, antes mesmo da ocorr\u00eancia do lan\u00e7amento do tributo em quest\u00e3o, aju\u00edza a\u00e7\u00e3o declarat\u00f3ria e efetua o dep\u00f3sito judicial do montante do valor tributado que considera devido. Ap\u00f3s cinco anos e oito meses, ocorre o tr\u00e2nsito em julgado da decis\u00e3o judicial proferida em favor da Fazenda P\u00fablica, a qual entende como devido o IPI integral. Considerando que a Fazenda P\u00fablica n\u00e3o adotou qualquer provid\u00eancia quanto ao lan\u00e7amento do imposto devido durante o tr\u00e2mite da a\u00e7\u00e3o judicial, tem-se que<\/p>\n<p>A) o IPI \u00e9 devido e coincide com o valor depositado.<\/p>\n<p>B) o IPI \u00e9 devido no valor cobrado pela Fazenda P\u00fablica.<\/p>\n<p>C) o IPI n\u00e3o \u00e9 devido, uma vez que ocorreu a prescri\u00e7\u00e3o.<\/p>\n<p>D) o IPI n\u00e3o \u00e9 devido, em raz\u00e3o da decad\u00eancia.<\/p>\n<p><strong>\u00a0<\/strong><\/p>\n<p>&nbsp;<\/p>\n<p><strong>SUJEI\u00c7\u00c3O PASSIVA E RESPONSABILIDADE TRIBUT\u00c1RIA<\/strong><\/p>\n<p><strong>\u00a0<\/strong><strong>Inoponibilidade das conven\u00e7\u00f5es particulares ao Fisco: <\/strong><\/p>\n<p><strong>\u00a0<\/strong><strong>19) XX EXAME UNIFICADO DA OAB (REAPLICA\u00c7\u00c3O\/SALVADOR\/BA)<\/strong>. A pessoa jur\u00eddica XYZ celebra contrato de loca\u00e7\u00e3o de autom\u00f3veis com a pessoa jur\u00eddica ABC, propriet\u00e1ria dos ve\u00edculos, pelo prazo de 5 (cinco) anos. Os autom\u00f3veis ser\u00e3o utilizados pelos diretores da pessoa jur\u00eddica XYZ. Segundo o contrato, a locat\u00e1ria XYZ \u00e9 a respons\u00e1vel pelo pagamento do Imposto sobre Propriedade de Ve\u00edculos Automotores \u2013 IPVA de todos os autom\u00f3veis durante o prazo contratual. Sobre a hip\u00f3tese, assinale a afirmativa correta.<\/p>\n<p>A) O contrato \u00e9 nulo, uma vez que altera, por meio de conven\u00e7\u00e3o particular, a condi\u00e7\u00e3o de sujeito ativo da obriga\u00e7\u00e3o tribut\u00e1ria.<\/p>\n<p>B) O contrato \u00e9 v\u00e1lido e eficaz entre as partes, por\u00e9m n\u00e3o produzir\u00e1 efeito contra a Fazenda P\u00fablica, que poder\u00e1 exigir o IPVA do propriet\u00e1rio dos ve\u00edculos, a pessoa jur\u00eddica ABC.<\/p>\n<p>C) O contrato \u00e9 v\u00e1lido e eficaz entre as partes e poder\u00e1 ser oposto contra a Fazenda P\u00fablica, que somente poder\u00e1 exigir o cumprimento da obriga\u00e7\u00e3o tribut\u00e1ria pela locat\u00e1ria XYZ, conforme previs\u00e3o contratual.<\/p>\n<p>D) O contrato \u00e9 v\u00e1lido e eficaz entre as partes e poder\u00e1 ser oposto contra a Fazenda P\u00fablica desde que seja editada Resolu\u00e7\u00e3o pelo Secret\u00e1rio Estadual de Fazenda autorizando a referida transfer\u00eancia de sujei\u00e7\u00e3o passiva tribut\u00e1ria.<\/p>\n<p><strong>\u00a0<\/strong><\/p>\n<p><strong>Solidariedade tribut\u00e1ria:<\/strong><\/p>\n<p><strong>\u00a0<\/strong><strong>20) X EXAME UNIFICADO DA OAB<\/strong>. Tr\u00eas irm\u00e3os s\u00e3o donos de um im\u00f3vel, em propor\u00e7\u00f5es iguais. Em rela\u00e7\u00e3o ao IPTU, cada irm\u00e3o<\/p>\n<p>A) s\u00f3 pode ser cobrado pelo fisco na raz\u00e3o de 33,33% do imposto.<\/p>\n<p>B) \u00e9 devedor solid\u00e1rio em rela\u00e7\u00e3o ao todo do imposto.<\/p>\n<p>C) \u00e9 devedor na raz\u00e3o de 33,3% do imposto e respons\u00e1vel subsidi\u00e1rio pelo restante.<\/p>\n<p>D) n\u00e3o pode ser cobrado judicialmente pela parte de outro irm\u00e3o que tenha recursos para pag\u00e1-la.<\/p>\n<p>&nbsp;<\/p>\n<p><strong>Isen\u00e7\u00e3o parcial:<\/strong><\/p>\n<p><strong>\u00a0<\/strong><strong>21) XXII EXAME UNIFICADO DA OAB<\/strong>. Jo\u00e3o e Pedro s\u00e3o, por lei, contribuintes obrigados solidariamente a pagar determinado tributo. Foi publicada lei que isenta os ex-combatentes do pagamento de tal tributo, sendo este o caso pessoal somente de Jo\u00e3o. Tendo em vista essa situa\u00e7\u00e3o, assinale a afirmativa correta.<\/p>\n<p>A) Sendo um caso de isen\u00e7\u00e3o pessoal, a lei n\u00e3o exonera Pedro, que permanece obrigado a pagar o saldo remanescente, descontada a parcela isenta em favor de Jo\u00e3o.<\/p>\n<p>B) Pedro ficar\u00e1 totalmente exonerado do pagamento, aproveitando-se da isen\u00e7\u00e3o em favor de Jo\u00e3o.<\/p>\n<p>C) O imposto poder\u00e1 ser cobrado de Pedro ou de Jo\u00e3o, pois a solidariedade afasta a isen\u00e7\u00e3o em favor deste.<\/p>\n<p>D) Pedro permanece obrigado a pagar integralmente o imposto, nada obstante a isen\u00e7\u00e3o em favor de Jo\u00e3o.<\/p>\n<p><strong>\u00a0<\/strong><\/p>\n<p><strong>Responsabilidade tribut\u00e1ria por sucess\u00e3o no caso de aliena\u00e7\u00e3o de im\u00f3vel:<\/strong><\/p>\n<p><strong>22) XII EXAME UNIFICADO DA OAB<\/strong>. Pedro adquire im\u00f3vel de Jo\u00e3o, que o alugava anteriormente a uma sociedade empres\u00e1ria. Sobre esse im\u00f3vel estavam pendentes de pagamento os seguintes tributos: o IPTU, a Contribui\u00e7\u00e3o de Melhoria, a Taxa de Coleta Domiciliar de Lixo e a Taxa de Inspe\u00e7\u00e3o Sanit\u00e1ria devida pelo exerc\u00edcio do poder de pol\u00edcia, em fun\u00e7\u00e3o da atividade ali desenvolvida. Com rela\u00e7\u00e3o \u00e0 responsabilidade tribut\u00e1ria, assinale a afirmativa correta.<\/p>\n<p>A) Pedro s\u00f3 se torna respons\u00e1vel tribut\u00e1rio do IPTU, da Taxa de Coleta Domiciliar de Lixo e da Contribui\u00e7\u00e3o de Melhoria, permanecendo Jo\u00e3o como sujeito passivo da Taxa de Inspe\u00e7\u00e3o Sanit\u00e1ria.<\/p>\n<p>B) Pedro s\u00f3 se torna respons\u00e1vel tribut\u00e1rio do IPTU e da Taxa de Coleta Domiciliar de Lixo, permanecendo Jo\u00e3o como sujeito passivo da Taxa de Inspe\u00e7\u00e3o Sanit\u00e1ria e da Contribui\u00e7\u00e3o de Melhoria.<\/p>\n<p>C) Pedro \u00e9 o respons\u00e1vel tribut\u00e1rio de todos os tributos, devido \u00e0 sucess\u00e3o imobili\u00e1ria.<\/p>\n<p>D) Jo\u00e3o continua sendo o sujeito passivo de todos os tributos, muito embora o im\u00f3vel tenha sido adquirido por Pedro.<\/p>\n<p><strong>\u00a0<\/strong><\/p>\n<p><strong>Responsabilidade tribut\u00e1ria por sucess\u00e3o do administrador da pessoa jur\u00eddica:<\/strong><\/p>\n<p><strong>23) XVII EXAME UNIFICADO DA OAB<\/strong>. A Uni\u00e3o ajuizou execu\u00e7\u00e3o fiscal em face da pessoa jur\u00eddica XYZ Ltda., devedora de tributos federais. No curso da execu\u00e7\u00e3o fiscal, a fal\u00eancia da pessoa jur\u00eddica foi decretada. Ap\u00f3s requerimento da Uni\u00e3o, deferido pelo Ju\u00edzo, Francisco, s\u00f3cio da pessoa jur\u00eddica XYZ Ltda., \u00e9 inclu\u00eddo no polo passivo da execu\u00e7\u00e3o fiscal, em raz\u00e3o da decreta\u00e7\u00e3o de fal\u00eancia. Sobre a hip\u00f3tese, \u00e9 poss\u00edvel afirmar que<\/p>\n<p>A) a decreta\u00e7\u00e3o de fal\u00eancia autoriza o redirecionamento da execu\u00e7\u00e3o fiscal para Francisco, por ser considerada hip\u00f3tese de infra\u00e7\u00e3o \u00e0 lei, que enseja responsabilidade tribut\u00e1ria.<\/p>\n<p>B) o fato de Francisco ser s\u00f3cio da XYZ Ltda. acarreta, por si s\u00f3, responsabilidade pessoal pelos cr\u00e9ditos correspondentes a obriga\u00e7\u00f5es tribut\u00e1rias da pessoa jur\u00eddica.<\/p>\n<p>C) Francisco n\u00e3o poderia ser inclu\u00eddo no polo passivo, ainda que fosse administrador da XYZ Ltda. e tivesse encerrado ilegalmente as atividades da pessoa jur\u00eddica.<\/p>\n<p>D) Francisco n\u00e3o poderia, unicamente em raz\u00e3o da decreta\u00e7\u00e3o de fal\u00eancia de XYZ Ltda., ser inclu\u00eddo no polo passivo da execu\u00e7\u00e3o fiscal.<\/p>\n<p>&nbsp;<\/p>\n<p><strong>Afastamento da responsabilidade por infra\u00e7\u00e3o por den\u00fancia espont\u00e2nea:<\/strong><\/p>\n<p><strong>24) II EXAME UNIFICADO DA OAB<\/strong>. Mauro Ricardo decidiu n\u00e3o pagar o imposto de renda do \u00faltimo ano, pois sua esposa Ana, servidora p\u00fablica, sofreu acidente de carro e foi declarada absolutamente incapaz, em virtude de traumatismo craniano grav\u00edssimo. Ocorre que a Receita Federal efetuou o lan\u00e7amento e notificou Mauro, nos termos da lei, acerca do cr\u00e9dito tribut\u00e1rio em aberto. Quando Mauro recebeu a notifica\u00e7\u00e3o, ele se dirigiu \u00e0 Receita e confessou a infra\u00e7\u00e3o, prontificando-se a pagar, de imediato, o tributo devido, sem multa ou juros de mora. A parti r do exposto acima, assinale a afirmativa correta.<\/p>\n<p>A) A confiss\u00e3o de Mauro tem o cond\u00e3o de excluir a sua responsabilidade, sem a imposi\u00e7\u00e3o de qualquer penalidade. Entretanto, ele deve pagar o tributo devido acrescido dos juros de mora.<\/p>\n<p>B) Mauro somente se apresentou \u00e0 Receita ap\u00f3s a notifica\u00e7\u00e3o, o que exclui qualquer benef\u00edcio oriundo da den\u00fancia espont\u00e2nea, devendo ele recolher o tributo devido, a penalidade imposta e os juros de mora.<\/p>\n<p>C) A incapacidade civil de Ana tem reflexo direto na sua capacidade tribut\u00e1ria, o que significa dizer que, ap\u00f3s a senten\u00e7a judicial de interdi\u00e7\u00e3o, Ana perdeu, igualmente, a sua capacidade tribut\u00e1ria, estando livre de quaisquer obriga\u00e7\u00f5es perante o fisco.<\/p>\n<p>D) Caso Mauro ti vesse procedido com mera culpa, ou seja, se a sonega\u00e7\u00e3o tivesse ocorrido por mero esquecimento, ele poderia pagar somente o tributo e os juros de mora, excluindo o pagamento de multa.<\/p>\n<p>&nbsp;<\/p>\n<p>&nbsp;<\/p>\n<p><strong>SUSPENS\u00c3O DA EXIGIBILIDADE DO CR\u00c9DITO TRIBUT\u00c1RIO<\/strong><\/p>\n<p><strong>\u00a0<\/strong><strong>Suspens\u00e3o da exigibilidade do cr\u00e9dito tribut\u00e1rio e seus efeitos:<\/strong><\/p>\n<p><strong>\u00a0<\/strong><strong>25) IV EXAME UNIFICADO DA OAB<\/strong>. Jos\u00e9 dos Anjos aju\u00edza a\u00e7\u00e3o anulat\u00f3ria de d\u00e9bito fiscal ap\u00f3s realizar dep\u00f3sito do montante integral do cr\u00e9dito que busca a anula\u00e7\u00e3o. Nesse sentido, \u00e9 correto afirmar que<\/p>\n<p>A) o dep\u00f3sito pr\u00e9vio do montante integral \u00e9 requisito de admissibilidade da a\u00e7\u00e3o ajuizada por Jos\u00e9 dos Anjos.<\/p>\n<p>B) o dep\u00f3sito do montante objeto de discuss\u00e3o judicial poder\u00e1 ser levantado caso Jos\u00e9 dos Santos tenha seu pedido julgado procedente perante o ju\u00edzo de primeiro grau.<\/p>\n<p>C) o dep\u00f3sito pr\u00e9vio do montante integral produz os efeitos de impedir a propositura da execu\u00e7\u00e3o fiscal, bem como evita a flu\u00eancia dos juros e a imposi\u00e7\u00e3o de multa.<\/p>\n<p>D) caso o contribuinte saia vencido, caber\u00e1 \u00e0 Fazenda promover execu\u00e7\u00e3o fiscal para fins de receber o cr\u00e9dito que lhe \u00e9 devido.<\/p>\n<p><strong>26) XV EXAME UNIFICADO DA OAB<\/strong>. Um empres\u00e1rio consulta um escrit\u00f3rio de advocacia sobre a possibilidade de a sociedade da qual \u00e9 administrador participar de uma licita\u00e7\u00e3o, sendo certo que, para tal, ter\u00e1 que apresentar uma certid\u00e3o demonstrando a inexist\u00eancia de d\u00e9bitos fiscais com o governo federal. Ele informa que a sociedade foi autuada pelo n\u00e3o recolhimento do Imposto sobre a Renda e Proventos de Qualquer Natureza (IR), e a defesa administrativa, apresentada no prazo, ainda n\u00e3o foi apreciada pelo \u00f3rg\u00e3o competente. Considerando apenas os dados apresentados, afirmar que a sociedade<\/p>\n<p>A) n\u00e3o poder\u00e1 participar da licita\u00e7\u00e3o, pela exist\u00eancia de cr\u00e9dito tribut\u00e1rio vencido e n\u00e3o pago.<\/p>\n<p>B) poder\u00e1 participar da licita\u00e7\u00e3o, pois o cr\u00e9dito tribut\u00e1rio est\u00e1 com a exigibilidade suspensa.<\/p>\n<p>C) poder\u00e1 participar da licita\u00e7\u00e3o somente ap\u00f3s a defesa administrativa ser analisada.<\/p>\n<p>D) somente poder\u00e1 participar da licita\u00e7\u00e3o se depositar o valor do cr\u00e9dito tribut\u00e1rio.<\/p>\n<p>&nbsp;<\/p>\n<p><strong>Suspens\u00e3o da exigibilidade do cr\u00e9dito tribut\u00e1rio e decad\u00eancia: <\/strong><\/p>\n<p><strong>27) VI EXAME UNIFICADO DA OAB<\/strong>. A empresa ABC ingressou com medida judicial destinada a questionar a incid\u00eancia da contribui\u00e7\u00e3o social sobre o lucro. Em sede de exame liminar, o juiz concedeu a medida liminar para que a empresa n\u00e3o recolhesse a contribui\u00e7\u00e3o. Durante a vig\u00eancia da medida judicial, a Receita Federal iniciou procedimento de fiscaliza\u00e7\u00e3o visando \u00e0 cobran\u00e7a da contribui\u00e7\u00e3o social sobre o lucro n\u00e3o recolhida naquele per\u00edodo. Com base no relatado acima, assinale a alternativa correta.<\/p>\n<p>A) A Receita Federal n\u00e3o pode lavrar auto de infra\u00e7\u00e3o, em virtude da liminar concedida na medida judicial em quest\u00e3o.<\/p>\n<p>B) A Receita Federal pode lavrar auto de infra\u00e7\u00e3o, mas somente com a exigibilidade suspensa para prevenir a decad\u00eancia.<\/p>\n<p>C) A empresa ABC, diante da abertura do procedimento de fiscaliza\u00e7\u00e3o, pode solicitar ao juiz nova medida liminar, a fim de que determine o encerramento de tal procedimento.<\/p>\n<p>D) A Receita Federal pode lavrar auto de infra\u00e7\u00e3o, j\u00e1 que a medida liminar possui car\u00e1ter provis\u00f3rio.<\/p>\n<p>&nbsp;<\/p>\n<p>&nbsp;<\/p>\n<p><strong>EXTIN\u00c7\u00c3O DO CR\u00c9DITO TRIBUT\u00c1RIO<\/strong><\/p>\n<p><strong>Extin\u00e7\u00e3o do cr\u00e9dito tribut\u00e1rio e a declara\u00e7\u00e3o da prescri\u00e7\u00e3o:<\/strong><\/p>\n<p><strong>28) XVI EXAME UNIFICADO DA OAB<\/strong>. Em 2007, a pessoa jur\u00eddica Y recebeu notifica\u00e7\u00e3o para pagamento de d\u00e9bitos de Imposto sobre a Propriedade Predial e Territorial Urbana (IPTU). Em 2014, diante da constata\u00e7\u00e3o de que a contribuinte n\u00e3o havia apresentado qualquer impugna\u00e7\u00e3o e nem realizado o pagamento, o Munic\u00edpio X ajuizou execu\u00e7\u00e3o fiscal para a cobran\u00e7a destes cr\u00e9ditos. Considerando os fatos narrados e as disposi\u00e7\u00f5es da Lei n\u00ba 6.830\/80, o juiz, ao analisar a inicial da execu\u00e7\u00e3o fiscal proposta pelo Fisco,<\/p>\n<p>A) poder\u00e1, de of\u00edcio, reconhecer e decretar a prescri\u00e7\u00e3o somente depois de ouvida a Fazenda P\u00fablica.<\/p>\n<p>B) poder\u00e1, de of\u00edcio, reconhecer e decretar a prescri\u00e7\u00e3o somente depois de ouvida a Fazenda P\u00fablica e a contribuinte.<\/p>\n<p>C) poder\u00e1 decretar a prescri\u00e7\u00e3o de of\u00edcio, independentemente da pr\u00e9via oitiva da Fazenda P\u00fablica.<\/p>\n<p>D) s\u00f3 poder\u00e1 decretar a prescri\u00e7\u00e3o se esta vier a ser suscitada pela contribuinte.<\/p>\n<p>&nbsp;<\/p>\n<p><strong>Repeti\u00e7\u00e3o de ind\u00e9bito de tributos indiretos:<\/strong><\/p>\n<p><strong>29) VIII EXAME UNIFICADO DA OAB<\/strong>. O Sr. Afr\u00e2nio dos Santos, administrador da empresa \u201cX\u201d, que atua no ramo industrial, percebeu ter efetuado pagamento do IPI maior que o efetivamente devido, ao longo de certo per\u00edodo. Com base no cen\u00e1rio acima, para fins de aconselhar o administrador acerca da possibilidade de obten\u00e7\u00e3o da restitui\u00e7\u00e3o do montante recolhido a maior, assinale a afirmativa correta.<\/p>\n<p>A) N\u00e3o \u00e9 poss\u00edvel a restitui\u00e7\u00e3o, pois o pagamento foi espont\u00e2neo, incidindo a m\u00e1xima \u201cquem paga mal paga duas vezes\u201d.<\/p>\n<p>B) N\u00e3o \u00e9 poss\u00edvel a restitui\u00e7\u00e3o, pois, embora pago indevidamente, n\u00e3o cabe restitui\u00e7\u00e3o de tributo indireto.<\/p>\n<p>C) Cabe apenas pedido administrativo de restitui\u00e7\u00e3o, em raz\u00e3o do pagamento indevido.<\/p>\n<p>D) Cabe pedido judicial de repeti\u00e7\u00e3o de ind\u00e9bito, desde que a empresa comprove ter assumido o referido encargo, sem t\u00ea\u2010lo transferido a terceiro.<\/p>\n<p>&nbsp;<\/p>\n<p>&nbsp;<\/p>\n<p><strong>EXCLUS\u00c3O DO CR\u00c9DITO TRIBUT\u00c1RIO (ISEN\u00c7\u00c3O E ANISTIA)<\/strong><\/p>\n<p><strong>\u00a0<\/strong><strong>Isen\u00e7\u00e3o e princ\u00edpio da legalidade:<\/strong><\/p>\n<p><strong>\u00a0<\/strong><strong>30) XVIII EXAME UNIFICADO DA OAB<\/strong>. Prefeito de um determinado munic\u00edpio resolveu conceder isen\u00e7\u00e3o de IPTU, por 10 (dez) anos, a propriet\u00e1rios de im\u00f3veis que sejam portadores de defici\u00eancia e que realizem investimento nas condi\u00e7\u00f5es de acessibilidade de suas propriedades. Com base na situa\u00e7\u00e3o apresentada, assinale a afirmativa correta.<\/p>\n<p>A) \u00c9 poss\u00edvel que o munic\u00edpio institua a isen\u00e7\u00e3o por meio de decreto.<\/p>\n<p>B) Tal isen\u00e7\u00e3o constitui caso de suspens\u00e3o da exigibilidade daqueles cr\u00e9ditos tribut\u00e1rios.<\/p>\n<p>C) Somente por meio de lei espec\u00edfica municipal pode ser concedida isen\u00e7\u00e3o de IPTU.<\/p>\n<p>D) A isen\u00e7\u00e3o concedida em fun\u00e7\u00e3o de determinadas condi\u00e7\u00f5es, como \u00e9 o caso, pode ser revogada a qualquer tempo.<\/p>\n<p>&nbsp;<\/p>\n<p><strong>Isen\u00e7\u00e3o e obriga\u00e7\u00f5es acess\u00f3rias:<\/strong><\/p>\n<p><strong>31) XVI EXAME UNIFICADO DA OAB<\/strong>. A Uni\u00e3o concedeu isen\u00e7\u00e3o, pelo prazo de cinco Contribui\u00e7\u00e3o para o Financiamento da Seguridade Social (COFINS) para as ind\u00fastrias de ve\u00edculos automotores terrestres que cumprissem determinadas condi\u00e7\u00f5es. Sobre a isen\u00e7\u00e3o tribut\u00e1ria, \u00e9 poss\u00edvel afirmar que<\/p>\n<p>A) as ind\u00fastrias de avia\u00e7\u00e3o podem requerer a benef\u00edcio, pois a norma que concede isen\u00e7\u00e3o deve ser interpretada extensivamente.<\/p>\n<p>B) a Uni\u00e3o poder\u00e1, a qualquer tempo, revogar ou modificar a isen\u00e7\u00e3o concedida.<\/p>\n<p>C) a isen\u00e7\u00e3o da COFINS pode ser concedida mediante decreto, desde que a norma seja espec\u00edfica.<\/p>\n<p>D) as ind\u00fastrias de ve\u00edculos automotores terrestres n\u00e3o est\u00e3o dispensadas do cumprimento das obriga\u00e7\u00f5es acess\u00f3rias, pois elas s\u00e3o independentes da exist\u00eancia da obriga\u00e7\u00e3o principal.<\/p>\n<p><strong>\u00a0<\/strong><\/p>\n<p><strong>Isen\u00e7\u00e3o condicional por prazo certo:<\/strong><\/p>\n<p><strong>\u00a0<\/strong><strong>32) XVII EXAME UNIFICADO DA OAB<\/strong>. A pessoa jur\u00eddica X foi contemplada com isen\u00e7\u00e3o do Imposto sobre a Propriedade Predial e Territorial Urbana (IPTU) do im\u00f3vel utilizado para suas atividades comerciais. A referida isen\u00e7\u00e3o foi concedida pelo prazo de 5 (cinco) anos e sob a condi\u00e7\u00e3o de que o im\u00f3vel seja utilizado para a produ\u00e7\u00e3o de artesanato regional. Com base no caso apresentado, sobre a referida isen\u00e7\u00e3o assinale a op\u00e7\u00e3o correta.<\/p>\n<p>A) Poder\u00e1 ser suprimida por lei, a qualquer tempo, ainda que o contribuinte atenda \u00e0 condi\u00e7\u00e3o de utilizar o im\u00f3vel para a produ\u00e7\u00e3o de artesanato regional.<\/p>\n<p>B) N\u00e3o poder\u00e1 ser suprimida no prazo de 5 (cinco) anos, caso o contribuinte cumpra a condi\u00e7\u00e3o de utilizar o im\u00f3vel para a produ\u00e7\u00e3o de artesanato regional.<\/p>\n<p>C) N\u00e3o poder\u00e1 ser suprimida no prazo de 5 (cinco) anos, ainda que o contribuinte utilize o im\u00f3vel para a realiza\u00e7\u00e3o de atividades comerciais diversas da produ\u00e7\u00e3o de artesanato regional.<\/p>\n<p>D) Poder\u00e1 ser suprimida por decreto, a qualquer tempo, ainda que o contribuinte cumpra a condi\u00e7\u00e3o de utilizar o im\u00f3vel para a produ\u00e7\u00e3o de artesanato regional.<\/p>\n<p>&nbsp;<\/p>\n<p>&nbsp;<\/p>\n<p><strong>GARANTIAS E PRIVIL\u00c9GIOS DO CR\u00c9DITO TRIBUT\u00c1RIO<\/strong><\/p>\n<p><strong>\u00a0<\/strong><strong>Impenhorabilidades e suas exce\u00e7\u00f5es:<\/strong><\/p>\n<p><strong>\u00a0<\/strong><strong>33) VI EXAME UNIFICADO DA OAB<\/strong>. Fulano de Ara\u00fajo, propriet\u00e1rio de um \u00fanico im\u00f3vel em que reside com sua esposa, no Munic\u00edpio do Rio de Janeiro, \u00e9 r\u00e9u em a\u00e7\u00e3o de execu\u00e7\u00e3o fiscal promovida pela Fazenda P\u00fablica Municipal por falta de pagamento do IPTU. Tendo em vista as disposi\u00e7\u00f5es gerais contidas no C\u00f3digo Tribut\u00e1rio Nacional acerca do cr\u00e9dito tribut\u00e1rio, assinale a alternativa correta.<\/p>\n<p>A) O im\u00f3vel residencial pr\u00f3prio do casal \u00e9 impenhor\u00e1vel, n\u00e3o devendo responder por qualquer tipo de d\u00edvida.<\/p>\n<p>B) Os bens e rendas do sujeito passivo respondem pelo pagamento de todo cr\u00e9dito de natureza tribut\u00e1ria, sem comportar exce\u00e7\u00f5es.<\/p>\n<p>C) Bens gravados por \u00f4nus real ou por cl\u00e1usulas de inalienabilidade n\u00e3o podem ser alcan\u00e7ados para saldar d\u00edvidas tribut\u00e1rias.<\/p>\n<p>D) A impenhorabilidade do bem de fam\u00edlia n\u00e3o \u00e9 opon\u00edvel em face da cobran\u00e7a do Imposto Predial Territorial Urbano.<\/p>\n<p><strong>\u00a0<\/strong><\/p>\n<p><strong>Presun\u00e7\u00e3o de fraude \u00e0 execu\u00e7\u00e3o:<\/strong><\/p>\n<p><strong>\u00a0<\/strong><strong>34) XVI EXAME UNIFICADO DA OAB<\/strong>. Uma obriga\u00e7\u00e3o tribut\u00e1ria referente ao Imposto sobre Circula\u00e7\u00e3o de Mercadorias e Servi\u00e7os (ICMS) teve seu fato gerador ocorrido em 1\u00ba de junho de 2012. O d\u00e9bito foi objeto de lan\u00e7amento em 21 de janeiro de 2014. A inscri\u00e7\u00e3o em d\u00edvida ativa ocorreu em 02 de junho de 2014. A execu\u00e7\u00e3o fiscal foi ajuizada em 21 de outubro de 2014 e, em 02 de mar\u00e7o de 2015, o juiz proferiu despacho citat\u00f3rio nos autos da execu\u00e7\u00e3o fiscal. Considerando que o contribuinte devedor alienou todos os seus bens sem reservar montante suficiente para o pagamento do tributo devido, assinale a op\u00e7\u00e3o que indica o marco temporal, segundo o CTN, caracterizador da fraude \u00e0 execu\u00e7\u00e3o fiscal, em termos de data de aliena\u00e7\u00e3o.<\/p>\n<p>A) 21 de janeiro de 2014<\/p>\n<p>B) 02 de junho de 2014<\/p>\n<p>C) 02 de mar\u00e7o de 2015<\/p>\n<p>D) 21 de outubro de 2014<\/p>\n<p>&nbsp;<\/p>\n<p><strong>\u00a0<\/strong><\/p>\n<p><strong>ADMINISTRA\u00c7\u00c3O TRIBUT\u00c1RIA (FISCALIZA\u00c7\u00c3O, D\u00cdVIDA ATIVA E CERTID\u00d5ES TRIBUT\u00c1RIAS)<\/strong><\/p>\n<p><strong>\u00a0<\/strong><strong>Limites \u00e0 fiscaliza\u00e7\u00e3o tribut\u00e1ria:<\/strong><\/p>\n<p><strong>\u00a0<\/strong><strong>35) VI EXAME UNIFICADO DA OAB (REAPLICADO\/DUQUE DE CAXIAS\/RJ)<\/strong>. Em cumprimento de dilig\u00eancia na sede da gr\u00e1fica Impress\u00f5es Beta, empresa benefici\u00e1ria de imunidade quanto aos impostos incidentes sobre sua atividade de impress\u00e3o de peri\u00f3dicos, fiscais da Fazenda Estadual apreenderam notas e livros fiscais, sem terem apresentado mandado judicial com a previs\u00e3o da medida. Com base no cen\u00e1rio acima, assinale a alternativa correta no que tange \u00e0 conduta dos agentes do Fisco.<\/p>\n<p>A) A a\u00e7\u00e3o n\u00e3o apresenta qualquer ilegalidade, conformando ato regular de fiscaliza\u00e7\u00e3o, representando um poder-dever da Administra\u00e7\u00e3o.<\/p>\n<p>B) A a\u00e7\u00e3o \u00e9 ilegal, pois a legisla\u00e7\u00e3o que rege a fiscaliza\u00e7\u00e3o tribut\u00e1ria n\u00e3o se aplica \u00e0queles que gozam de imunidade tribut\u00e1ria.<\/p>\n<p>C) A a\u00e7\u00e3o \u00e9 ilegal, pois, para o cumprimento da dilig\u00eancia, era imprescind\u00edvel a apresenta\u00e7\u00e3o de mandado judicial.<\/p>\n<p>D) A a\u00e7\u00e3o n\u00e3o apresenta qualquer ilegalidade, j\u00e1 que a fun\u00e7\u00e3o de fiscaliza\u00e7\u00e3o \u00e9 ilimitada, tendo em vista a supremacia do interesse p\u00fablico.<\/p>\n<p>&nbsp;<\/p>\n<p><strong>Esp\u00e9cies de certid\u00f5es tribut\u00e1rias:<\/strong><\/p>\n<p><strong>36) XVII EXAME UNIFICADO DA OAB<\/strong>. Ap\u00f3s ser intimada da lavratura de um auto de infra\u00e7\u00e3o visando \u00e0 cobran\u00e7a da Contribui\u00e7\u00e3o para o Financiamento da Seguridade Social (COFINS) dos \u00faltimos cinco anos, a pessoa jur\u00eddica XYZ Participa\u00e7\u00f5es Ltda. verificou que o tributo n\u00e3o era devido e ofereceu impugna\u00e7\u00e3o ao auto de infra\u00e7\u00e3o. Como ir\u00e1 participar de uma licita\u00e7\u00e3o, a pessoa jur\u00eddica em quest\u00e3o ir\u00e1 precisar de certid\u00e3o de regularidade fiscal \u2013 no caso, Certid\u00e3o Positiva de D\u00e9bito com Efeito de Negativa (CPD-EN). Na hip\u00f3tese, considerando que o contribuinte n\u00e3o possui outros d\u00e9bitos, assinale a afirmativa correta.<\/p>\n<p>A) A impugna\u00e7\u00e3o ao auto de infra\u00e7\u00e3o exclui o cr\u00e9dito tribut\u00e1rio, sendo poss\u00edvel a emiss\u00e3o da CPD-EN.<\/p>\n<p>B) A impugna\u00e7\u00e3o ao auto de infra\u00e7\u00e3o, sem o pagamento do cr\u00e9dito, impede a emiss\u00e3o da CPD-EN.<\/p>\n<p>C) A pessoa jur\u00eddica XYZ Participa\u00e7\u00f5es Ltda. somente ter\u00e1 direito \u00e0 CPD-EN caso realize o dep\u00f3sito do montante integral.<\/p>\n<p>D) A impugna\u00e7\u00e3o ao auto de infra\u00e7\u00e3o suspende a exigibilidade do cr\u00e9dito, sendo poss\u00edvel a emiss\u00e3o da CPD-EN.<\/p>\n<p>&nbsp;<\/p>\n<p><strong>IMPOSTOS E PRINCIPAIS CONTRIBUI\u00c7\u00d5ES FEDERAIS<\/strong><\/p>\n<p><strong>\u00a0<\/strong><strong>Fato gerador do IR:<\/strong><\/p>\n<p><strong>\u00a0<\/strong><strong>37) VIII EXAME UNIFICADO DA OAB<\/strong>. M\u00e1rio inscreveu\u2010se no programa de incentivo \u00e0 aposentadoria mediante indeniza\u00e7\u00e3o, promovido pela empresa em que trabalha. A respeito do caso proposto, assinale a afirmativa correta.<\/p>\n<p>A) M\u00e1rio pagar\u00e1 imposto de renda, j\u00e1 que o valor recebido tem natureza salarial.<\/p>\n<p>B) M\u00e1rio n\u00e3o pagar\u00e1 imposto de renda, j\u00e1 que se trata de verba especial.<\/p>\n<p>C) Mario n\u00e3o pagar\u00e1 imposto de renda, j\u00e1 que o valor recebido tem car\u00e1ter indenizat\u00f3rio.<\/p>\n<p>D) M\u00e1rio pagar\u00e1 imposto de renda, em homenagem ao princ\u00edpio da isonomia.<\/p>\n<p><strong>\u00a0<\/strong><\/p>\n<p><strong>IPI e o princ\u00edpio da seletividade:<\/strong><\/p>\n<p><strong>\u00a0<\/strong><strong>38) XVIII EXAME UNIFICADO DA OAB<\/strong>. A Presid\u00eancia da Rep\u00fablica, por meio do Decreto 123, de 1\u00ba de janeiro de 2015, aprovou novas al\u00edquotas para o Imposto sobre Produtos Industrializados (IPI), dentro das balizas fiadas na lei tribut\u00e1ria, a saber: Cigarro \u2013 al\u00edquota de 100% Vestu\u00e1rio \u2013 al\u00edquota de 10% Macarr\u00e3o \u2013 al\u00edquota zero Sobre a hip\u00f3tese, \u00e9 poss\u00edvel afirmar que:<\/p>\n<p>A) o referido decreto \u00e9 inconstitucional, uma vez que viola o princ\u00edpio da legalidade.<\/p>\n<p>B) o referido decreto \u00e9 inconstitucional, uma vez que viola o princ\u00edpio do n\u00e3o confisco.<\/p>\n<p>C) as al\u00edquotas s\u00e3o diferenciadas em raz\u00e3o da progressividade do IPI.<\/p>\n<p>D) as al\u00edquotas s\u00e3o diferenciadas em raz\u00e3o do princ\u00edpio da seletividade do IPI.<\/p>\n<p>&nbsp;<\/p>\n<p><strong>Base de c\u00e1lculo do IPI:<\/strong><\/p>\n<p><strong>\u00a0<\/strong><strong>39) XXIII EXAME UNIFICADO DA OAB<\/strong>. O laborat\u00f3rio de an\u00e1lises cl\u00ednicas X realizou a importa\u00e7\u00e3o de equipamento eletr\u00f4nico necess\u00e1rio para a realiza\u00e7\u00e3o de alguns exames. Por ocasi\u00e3o do desembara\u00e7o aduaneiro, foi-lhe exigido o pagamento de Imposto sobre Produtos Industrializados (IPI), cuja base de c\u00e1lculo correspondia a 150% do pre\u00e7o corrente do equipamento no mercado atacadista da pra\u00e7a do remetente, acrescido do Imposto de Importa\u00e7\u00e3o (II), das taxas exigidas para a entrada do produto no pa\u00eds e dos encargos cambiais efetivamente pagos pelo laborat\u00f3rio. Sobre a exig\u00eancia feita, assinale a afirmativa correta.<\/p>\n<p>A) \u00c9 ilegal, pois, al\u00e9m dos acr\u00e9scimos, a base de c\u00e1lculo est\u00e1 sendo de 150% do pre\u00e7o corrente do equipamento no mercado atacadista da pra\u00e7a do remetente.<\/p>\n<p>B) \u00c9 ilegal, pois a base de c\u00e1lculo est\u00e1 incluindo o montante correspondente ao imposto de importa\u00e7\u00e3o.<\/p>\n<p>C) \u00c9 ilegal, pois a base de c\u00e1lculo est\u00e1 incluindo o montante correspondente \u00e0s taxas exigidas para a entrada do produto no pa\u00eds.<\/p>\n<p>D) \u00c9 ilegal, pois a base de c\u00e1lculo est\u00e1 incluindo o montante correspondente aos encargos cambiais efetivamente pagos pelo laborat\u00f3rio.<\/p>\n<p>&nbsp;<\/p>\n<p><strong>Institui\u00e7\u00e3o de novas contribui\u00e7\u00f5es sociais:<\/strong><\/p>\n<p><strong>\u00a0<\/strong><strong>40) XXII EXAME UNIFICADO DA OAB<\/strong>. Por meio da Lei Ordin\u00e1ria n\u00ba 123, a Uni\u00e3o instituiu contribui\u00e7\u00e3o n\u00e3o cumulativa destinada a garantir a expans\u00e3o da seguridade social, utilizando, para tanto, fato gerador e base de c\u00e1lculo distintos dos discriminados na Constitui\u00e7\u00e3o da Rep\u00fablica. A referida lei foi publicada em 1\u00ba de setembro de 2015, com entrada em vigor em 2 de janeiro de 2016, determinando o dia 1\u00ba de fevereiro do mesmo ano como data de pagamento. Por considerar indevida a contribui\u00e7\u00e3o criada pela Uni\u00e3o, a pessoa jur\u00eddica A, atuante no ramo de supermercados, n\u00e3o realizou o seu pagamento, raz\u00e3o pela qual, em 5 de julho de 2016, foi lavrado auto de infra\u00e7\u00e3o para a sua cobran\u00e7a. Considerando a situa\u00e7\u00e3o em comento, assinale a op\u00e7\u00e3o que indica o argumento que poder\u00e1 ser alegado pela contribuinte para impugnar a referida cobran\u00e7a.<\/p>\n<p>A) A nova contribui\u00e7\u00e3o viola o princ\u00edpio da anterioridade nonagesimal.<\/p>\n<p>B) A nova contribui\u00e7\u00e3o viola o princ\u00edpio da anterioridade anual.<\/p>\n<p>C) A nova contribui\u00e7\u00e3o somente poderia ser institu\u00edda por meio de lei complementar.<\/p>\n<p>D) A Constitui\u00e7\u00e3o da Rep\u00fablica veda a institui\u00e7\u00e3o de contribui\u00e7\u00f5es n\u00e3o cumulativas.<\/p>\n<p>&nbsp;<\/p>\n<p><strong>IMPOSTOS ESTADUAIS<\/strong><\/p>\n<p><strong>\u00a0<\/strong><strong>Crit\u00e9rios constitucionais \u00e0 fixa\u00e7\u00e3o da al\u00edquota do IPVA:<\/strong><\/p>\n<p><strong>41) XII EXAME UNIFICADO DA OAB<\/strong>. Em rela\u00e7\u00e3o ao imposto sobre a propriedade de ve\u00edculos automotores \u2013 IPVA -, assinale a \u00fanica op\u00e7\u00e3o INCOMPAT\u00cdVEL com o previsto na Constitui\u00e7\u00e3o Federal.<\/p>\n<p>A) Poder\u00e3o ser estabelecidas al\u00edquotas diferenciadas do IPVA em fun\u00e7\u00e3o da proced\u00eancia do ve\u00edculo, se nacional ou estrangeira.<\/p>\n<p>B) O IPVA \u00e9 um imposto de compet\u00eancia dos Estados e do Distrito Federal.<\/p>\n<p>C) Poder\u00e3o ser estabelecidas al\u00edquotas diferenciadas do IPVA em fun\u00e7\u00e3o do tipo e da utiliza\u00e7\u00e3o do ve\u00edculo.<\/p>\n<p>D) Pertence aos munic\u00edpios parte do produto da arrecada\u00e7\u00e3o do IPVA relativamente aos ve\u00edculos automotores licenciados em seus territ\u00f3rios.<\/p>\n<p>&nbsp;<\/p>\n<p><strong>IMPOSTOS MUNICIPAIS<\/strong><\/p>\n<p><strong>\u00a0As<\/strong><strong>pecto espacial do IPTU\/ITR:<\/strong><\/p>\n<p><strong>\u00a0<\/strong><strong>42) II EXAME UNIFICADO DA OAB<\/strong>. Sempr\u00f4nio dos Santos \u00e9 propriet\u00e1rio de um s\u00edtio de recreio, local destinado ao lazer, na \u00e1rea de expans\u00e3o urbana, na regi\u00e3o serrana de Para\u00edso do Alto. A \u00e1rea \u00e9 dotada de rede de abastecimento de \u00e1gua, rede de ilumina\u00e7\u00e3o p\u00fablica e esgotamento mantidas pelo munic\u00edpio, embora n\u00e3o existam pr\u00f3ximos quer escola, quer hospitais p\u00fablicos. Neste caso Sempr\u00f4nio deve pagar o seguinte imposto:<\/p>\n<p>A) o IPTU, por ser \u00e1rea de expans\u00e3o urbana, dotada de melhoramentos.<\/p>\n<p>B) o ITR, por ser s\u00edtio de recreio, n\u00e3o inserido em \u00e1rea urbana.<\/p>\n<p>C) o IPTU, por ser s\u00edtio, explorado para fins empresariais.<\/p>\n<p>D) o ITR, por n\u00e3o haver escola ou hospital pr\u00f3ximos a menos de 3km do im\u00f3vel.<\/p>\n<p><strong>\u00a0<\/strong><\/p>\n<p><strong>PRINCIPAIS ASPECTOS DE DIREITO PROCESSUAL TRIBUT\u00c1RIO<\/strong><\/p>\n<p><strong>\u00a0<\/strong><strong>Prazo para apresenta\u00e7\u00e3o de Embargos \u00e0 execu\u00e7\u00e3o:<\/strong><\/p>\n<p><strong>\u00a0<\/strong><strong>43) XIX EXAME UNIFICADO DA OAB<\/strong>. Jo\u00e3o foi citado, em execu\u00e7\u00e3o fiscal, para pagamento do Imposto sobre a Propriedade Predial e Territorial Urbana (\u201cIPTU\u201d) relativo ao im\u00f3vel em que reside e do qual \u00e9 propriet\u00e1rio. Ocorre que o contribuinte pretende impugnar tal cobran\u00e7a por meio de embargos \u00e0 execu\u00e7\u00e3o. Tendo em vista a disciplina da Lei n\u00ba 6.830\/80, tais embargos poder\u00e3o ser apresentados no prazo de 30 dias, contados a partir:<\/p>\n<p>A) da juntada aos autos do mandado de penhora devidamente cumprido.<\/p>\n<p>B) da sua cita\u00e7\u00e3o.<\/p>\n<p>C) da data da intima\u00e7\u00e3o da penhora.<\/p>\n<p>D) da propositura da execu\u00e7\u00e3o fiscal.<\/p>\n<p>&nbsp;<\/p>\n<p><strong>Efeitos da concomit\u00e2ncia de defesas judicial e administrativa:<\/strong><\/p>\n<p><strong>\u00a0<\/strong><strong>44) XXI EXAME UNIFICADO DA OAB<\/strong>. Jo\u00e3o deixou de pagar o Imposto de Importa\u00e7\u00e3o sobre mercadoria trazida do exterior, sendo notificado pelo fisco federal. Ao receber a notifica\u00e7\u00e3o, logo impugnou administrativamente a cobran\u00e7a. Percebendo que seu recurso administrativo demoraria longo tempo para ser apreciado e querendo resolver a quest\u00e3o o mais r\u00e1pido poss\u00edvel, prop\u00f5e a\u00e7\u00e3o anulat\u00f3ria para discutir mat\u00e9ria id\u00eantica \u00e0quela demandada administrativamente. Com base nesse relato, assinale a afirmativa correta.<\/p>\n<p>A) Haver\u00e1 o sobrestamento da a\u00e7\u00e3o anulat\u00f3ria at\u00e9 que seja efetivamente apreciada a impugna\u00e7\u00e3o administrativa.<\/p>\n<p>B) A medida judicial ser\u00e1 indeferida devido \u00e0 utiliza\u00e7\u00e3o de recurso na esfera administrativa.<\/p>\n<p>C) A propositura de a\u00e7\u00e3o judicial sobre mat\u00e9ria id\u00eantica \u00e0quela demandada na esfera administrativa n\u00e3o constitui em desist\u00eancia de tal esfera.<\/p>\n<p>D) A concomit\u00e2ncia de defesa administrativa com medida judicial versando sobre mat\u00e9rias id\u00eanticas implica desist\u00eancia do recurso administrativo interposto.<\/p>\n<p>&nbsp;<\/p>\n<p><strong>Prazo prescricional para a propositura de a\u00e7\u00e3o anulat\u00f3ria de ato administrativo que denega a repeti\u00e7\u00e3o de ind\u00e9bito: <\/strong><\/p>\n<p><strong>45) XX EXAME UNIFICADO DA OAB<\/strong>. Ap\u00f3s verificar que realizou o pagamento indevido de Imposto sobre Circula\u00e7\u00e3o de Mercadorias e Servi\u00e7os &#8211; ICMS, determinado contribuinte requer administrativamente a restitui\u00e7\u00e3o do valor recolhido. O \u00f3rg\u00e3o administrativo competente denega o pedido de restitui\u00e7\u00e3o. Qual o prazo, bem como o marco inicial, para o contribuinte ajuizar a\u00e7\u00e3o anulat\u00f3ria da decis\u00e3o administrativa que denega a restitui\u00e7\u00e3o?<\/p>\n<p>A) 2 (dois) anos contados da notifica\u00e7\u00e3o do contribuinte da decis\u00e3o administrativa.<\/p>\n<p>B) 5 (cinco) anos contados da notifica\u00e7\u00e3o do contribuinte da decis\u00e3o administrativa.<\/p>\n<p>C) 5 (cinco) anos contados do primeiro dia do exerc\u00edcio seguinte ao fato gerador.<\/p>\n<p>D) 1 (um) ano contado da data do julgamento.<\/p>\n<p>&nbsp;<\/p>\n<p><strong>\u00a0<\/strong><strong>\u201cMISTAS\u201d<\/strong><\/p>\n<p><strong>46) XXI EXAME UNIFICADO DA OAB<\/strong>. Jo\u00e3o, advogado tributarista, \u00e9 procurado para orientar a empresa L a respeito do comportamento da jurisprud\u00eancia do Supremo Tribunal Federal sobre mat\u00e9ria tribut\u00e1ria. Como assistente de Jo\u00e3o, assinale a op\u00e7\u00e3o que veicula enunciado com efeito vinculante em rela\u00e7\u00e3o aos \u00f3rg\u00e3os do Poder Judici\u00e1rio e \u00e0 Administra\u00e7\u00e3o P\u00fablica direta e indireta, nas esferas federal, estadual e municipal.<\/p>\n<p>A) Na entrada de mercadoria importada do exterior \u00e9 leg\u00edtima a cobran\u00e7a do ICMS por ocasi\u00e3o do desembara\u00e7o aduaneiro.<\/p>\n<p>B) Ainda quando alugado a terceiros, o im\u00f3vel pertencente a qualquer das entidades referidas pelo Art. 150, inciso VI, al\u00ednea c, da CRFB\/88, permanece imune ao IPTU, n\u00e3o importando a finalidade a que os alugu\u00e9is se destinem.<\/p>\n<p>C) A norma legal que altera o prazo de recolhimento de obriga\u00e7\u00e3o tribut\u00e1ria est\u00e1 sujeita ao princ\u00edpio da anterioridade.<\/p>\n<p>D) A exig\u00eancia de dep\u00f3sito pr\u00e9vio, como requisito de admissibilidade de a\u00e7\u00e3o judicial na qual se pretenda discutir a exigibilidade de cr\u00e9dito tribut\u00e1rio, \u00e9 constitucional.<\/p>\n<p><strong>47) XII EXAME UNIFICADO DA OAB<\/strong>. A respeito dos Princ\u00edpios Tribut\u00e1rios Expressos e Impl\u00edcitos, \u00e0 luz da Constitui\u00e7\u00e3o da Rep\u00fablica de 1988, assinale a op\u00e7\u00e3o INCORRETA.<\/p>\n<p>A) \u00c9 vedado \u00e0 Uni\u00e3o instituir isen\u00e7\u00f5es de tributos de compet\u00eancia dos Estados, do Distrito Federal e dos Munic\u00edpios.<\/p>\n<p>B) O princ\u00edpio da irretroatividade veda a cobran\u00e7a de tributos em rela\u00e7\u00e3o a fatos geradores ocorridos antes do in\u00edcio da vig\u00eancia da lei que os houver institu\u00eddo ou aumentado.<\/p>\n<p>C) \u00c9 vedado aos Estados, ao Distrito Federal e aos Munic\u00edpios estabelecer diferen\u00e7a tribut\u00e1ria entre bens e servi\u00e7os, de qualquer natureza, em raz\u00e3o de sua proced\u00eancia ou destino.<\/p>\n<p>D) Pelo princ\u00edpio da anterioridade, para que os tributos possam ser cobrados a cada exerc\u00edcio, \u00e9 necess\u00e1ria a pr\u00e9via autoriza\u00e7\u00e3o na lei or\u00e7ament\u00e1ria.<\/p>\n<p><strong>48) VIII EXAME UNIFICADO DA OAB<\/strong>. A respeito dos impostos, assinale a afirmativa correta.<\/p>\n<p>A) O Imposto de Transmiss\u00e3o Causa Mortis e Doa\u00e7\u00e3o (ITCMD) de quaisquer bens e direitos ter\u00e1 suas al\u00edquotas m\u00e1ximas fixadas pelos Estados competentes para a sua institui\u00e7\u00e3o.<\/p>\n<p>B) As al\u00edquotas m\u00e1ximas e m\u00ednimas do Imposto sobre Servi\u00e7os de Qualquer Natureza (ISS) dever\u00e3o ser fixados por lei complementar nacional.<\/p>\n<p>C) O Imposto sobre Opera\u00e7\u00f5es relativas \u00e0 Circula\u00e7\u00e3o de Mercadorias e Presta\u00e7\u00e3o de Servi\u00e7os de Transporte Interestadual e Intermunicipal e de Comunica\u00e7\u00e3o (ICMS) incidir\u00e1 sobre as opera\u00e7\u00f5es que destinem mercadorias e servi\u00e7os ao exterior.<\/p>\n<p>D) A Uni\u00e3o Federal dever\u00e1 instituir, mediante lei complementar, na imin\u00eancia ou no caso de guerra externa, impostos extraordin\u00e1rios, compreendidos ou n\u00e3o em sua compet\u00eancia tribut\u00e1ria, os quais ser\u00e3o suprimidos, gradativamente, cessadas as causas de sua cria\u00e7\u00e3o.<\/p>\n","protected":false},"excerpt":{"rendered":"<p>Ol\u00e1 pessoal, \u00c0queles que ainda n\u00e3o me conhecem, sou o PROF. RODRIGO MARTINS, professor de Direito Material Tribut\u00e1rio e Direito Processual Tribut\u00e1rio para a 1\u00aa e 2\u00aa fase do Exame da Ordem dos Advogados do Brasil aqui no ESTRAT\u00c9GIA OAB. \u00c9 um imenso prazer conhec\u00ea-los! Como voc\u00eas j\u00e1 sabem, no pr\u00f3ximo domingo, dia 19\/11\/2017, teremos [&hellip;]<\/p>\n","protected":false},"author":546,"featured_media":0,"comment_status":"open","ping_status":"open","sticky":false,"template":"","format":"standard","meta":{"post_tipo":"article","footnotes":""},"categories":[1],"tags":[],"tax_estado":[],"class_list":["post-95408","post","type-post","status-publish","format-standard","hentry","category-cursos-e-concursos"],"acf":[],"yoast_head":"<!-- This site is optimized with the Yoast SEO Premium plugin v27.2 (Yoast SEO v27.2) - https:\/\/yoast.com\/product\/yoast-seo-premium-wordpress\/ -->\n<title>QUEST\u00d5ES DE DIREITO TRIBUT\u00c1RIO PARA A SEMANA ESPECIAL DO XXIV EXAME DA OAB<\/title>\n<meta name=\"robots\" content=\"index, follow, max-snippet:-1, max-image-preview:large, max-video-preview:-1\" \/>\n<link rel=\"canonical\" href=\"https:\/\/www.estrategiaconcursos.com.br\/blog\/questoes-de-direito-tributario-para-semana-especial-do-xxiv-exame-da-oab\/\" \/>\n<meta property=\"og:locale\" content=\"pt_BR\" \/>\n<meta property=\"og:type\" content=\"article\" \/>\n<meta property=\"og:title\" content=\"QUEST\u00d5ES DE DIREITO TRIBUT\u00c1RIO PARA A SEMANA ESPECIAL DO XXIV EXAME DA OAB\" \/>\n<meta property=\"og:description\" content=\"Ol\u00e1 pessoal, \u00c0queles que ainda n\u00e3o me conhecem, sou o PROF. RODRIGO MARTINS, professor de Direito Material Tribut\u00e1rio e Direito Processual Tribut\u00e1rio para a 1\u00aa e 2\u00aa fase do Exame da Ordem dos Advogados do Brasil aqui no ESTRAT\u00c9GIA OAB. \u00c9 um imenso prazer conhec\u00ea-los! Como voc\u00eas j\u00e1 sabem, no pr\u00f3ximo domingo, dia 19\/11\/2017, teremos [&hellip;]\" \/>\n<meta property=\"og:url\" content=\"https:\/\/www.estrategiaconcursos.com.br\/blog\/questoes-de-direito-tributario-para-semana-especial-do-xxiv-exame-da-oab\/\" \/>\n<meta property=\"og:site_name\" content=\"Estrat\u00e9gia Concursos\" \/>\n<meta property=\"article:published_time\" content=\"2017-11-13T01:40:55+00:00\" \/>\n<meta property=\"article:modified_time\" content=\"2019-04-09T18:37:26+00:00\" \/>\n<meta name=\"author\" content=\"Rodrigo Martins\" \/>\n<meta name=\"twitter:card\" content=\"summary_large_image\" \/>\n<meta name=\"twitter:creator\" content=\"@EstratConcursos\" \/>\n<meta name=\"twitter:site\" content=\"@EstratConcursos\" \/>\n<meta name=\"twitter:label1\" content=\"Escrito por\" \/>\n\t<meta name=\"twitter:data1\" content=\"Rodrigo Martins\" \/>\n\t<meta name=\"twitter:label2\" content=\"Est. tempo de leitura\" \/>\n\t<meta name=\"twitter:data2\" content=\"42 minutos\" \/>\n<script type=\"application\/ld+json\" class=\"yoast-schema-graph\">{\"@context\":\"https:\/\/schema.org\",\"@graph\":[{\"@type\":\"NewsArticle\",\"@id\":\"https:\/\/www.estrategiaconcursos.com.br\/blog\/questoes-de-direito-tributario-para-semana-especial-do-xxiv-exame-da-oab\/#article\",\"isPartOf\":{\"@id\":\"https:\/\/www.estrategiaconcursos.com.br\/blog\/questoes-de-direito-tributario-para-semana-especial-do-xxiv-exame-da-oab\/\"},\"author\":{\"name\":\"Rodrigo Martins\",\"@id\":\"https:\/\/www.estrategiaconcursos.com.br\/blog\/#\/schema\/person\/89708e3ae26cc02be6f6912e4eb7c8d0\"},\"headline\":\"QUEST\u00d5ES DE DIREITO TRIBUT\u00c1RIO PARA A SEMANA ESPECIAL DO XXIV EXAME DA OAB\",\"datePublished\":\"2017-11-13T01:40:55+00:00\",\"dateModified\":\"2019-04-09T18:37:26+00:00\",\"mainEntityOfPage\":{\"@id\":\"https:\/\/www.estrategiaconcursos.com.br\/blog\/questoes-de-direito-tributario-para-semana-especial-do-xxiv-exame-da-oab\/\"},\"wordCount\":8469,\"commentCount\":4,\"publisher\":{\"@id\":\"https:\/\/www.estrategiaconcursos.com.br\/blog\/#organization\"},\"articleSection\":[\"Concursos P\u00fablicos\"],\"inLanguage\":\"pt-BR\",\"potentialAction\":[{\"@type\":\"CommentAction\",\"name\":\"Comment\",\"target\":[\"https:\/\/www.estrategiaconcursos.com.br\/blog\/questoes-de-direito-tributario-para-semana-especial-do-xxiv-exame-da-oab\/#respond\"]}],\"copyrightYear\":\"2017\",\"copyrightHolder\":{\"@id\":\"https:\/\/www.estrategiaconcursos.com.br\/blog\/#organization\"}},{\"@type\":\"WebPage\",\"@id\":\"https:\/\/www.estrategiaconcursos.com.br\/blog\/questoes-de-direito-tributario-para-semana-especial-do-xxiv-exame-da-oab\/\",\"url\":\"https:\/\/www.estrategiaconcursos.com.br\/blog\/questoes-de-direito-tributario-para-semana-especial-do-xxiv-exame-da-oab\/\",\"name\":\"QUEST\u00d5ES DE DIREITO TRIBUT\u00c1RIO PARA A SEMANA ESPECIAL DO XXIV EXAME DA OAB\",\"isPartOf\":{\"@id\":\"https:\/\/www.estrategiaconcursos.com.br\/blog\/#website\"},\"datePublished\":\"2017-11-13T01:40:55+00:00\",\"dateModified\":\"2019-04-09T18:37:26+00:00\",\"breadcrumb\":{\"@id\":\"https:\/\/www.estrategiaconcursos.com.br\/blog\/questoes-de-direito-tributario-para-semana-especial-do-xxiv-exame-da-oab\/#breadcrumb\"},\"inLanguage\":\"pt-BR\",\"potentialAction\":[{\"@type\":\"ReadAction\",\"target\":[\"https:\/\/www.estrategiaconcursos.com.br\/blog\/questoes-de-direito-tributario-para-semana-especial-do-xxiv-exame-da-oab\/\"]}]},{\"@type\":\"BreadcrumbList\",\"@id\":\"https:\/\/www.estrategiaconcursos.com.br\/blog\/questoes-de-direito-tributario-para-semana-especial-do-xxiv-exame-da-oab\/#breadcrumb\",\"itemListElement\":[{\"@type\":\"ListItem\",\"position\":1,\"name\":\"In\u00edcio\",\"item\":\"https:\/\/www.estrategiaconcursos.com.br\/blog\/\"},{\"@type\":\"ListItem\",\"position\":2,\"name\":\"QUEST\u00d5ES DE DIREITO TRIBUT\u00c1RIO PARA A SEMANA ESPECIAL DO XXIV EXAME DA OAB\"}]},{\"@type\":\"WebSite\",\"@id\":\"https:\/\/www.estrategiaconcursos.com.br\/blog\/#website\",\"url\":\"https:\/\/www.estrategiaconcursos.com.br\/blog\/\",\"name\":\"Estrat\u00e9gia Concursos\",\"description\":\"O blog da Estrat\u00e9gia Concursos traz not\u00edcias sobre concursos e artigos de professores oferecendo cursos para concursos (pdf + videaulas) no site.\",\"publisher\":{\"@id\":\"https:\/\/www.estrategiaconcursos.com.br\/blog\/#organization\"},\"potentialAction\":[{\"@type\":\"SearchAction\",\"target\":{\"@type\":\"EntryPoint\",\"urlTemplate\":\"https:\/\/www.estrategiaconcursos.com.br\/blog\/?s={search_term_string}\"},\"query-input\":{\"@type\":\"PropertyValueSpecification\",\"valueRequired\":true,\"valueName\":\"search_term_string\"}}],\"inLanguage\":\"pt-BR\"},{\"@type\":\"Organization\",\"@id\":\"https:\/\/www.estrategiaconcursos.com.br\/blog\/#organization\",\"name\":\"Estrat\u00e9gia Concursos\",\"url\":\"https:\/\/www.estrategiaconcursos.com.br\/blog\/\",\"logo\":{\"@type\":\"ImageObject\",\"inLanguage\":\"pt-BR\",\"@id\":\"https:\/\/www.estrategiaconcursos.com.br\/blog\/#\/schema\/logo\/image\/\",\"url\":\"https:\/\/dhg1h5j42swfq.cloudfront.net\/2025\/06\/03203428\/logo_concursos-1.jpg\",\"contentUrl\":\"https:\/\/dhg1h5j42swfq.cloudfront.net\/2025\/06\/03203428\/logo_concursos-1.jpg\",\"width\":230,\"height\":60,\"caption\":\"Estrat\u00e9gia Concursos\"},\"image\":{\"@id\":\"https:\/\/www.estrategiaconcursos.com.br\/blog\/#\/schema\/logo\/image\/\"},\"sameAs\":[\"https:\/\/x.com\/EstratConcursos\"]},{\"@type\":\"Person\",\"@id\":\"https:\/\/www.estrategiaconcursos.com.br\/blog\/#\/schema\/person\/89708e3ae26cc02be6f6912e4eb7c8d0\",\"name\":\"Rodrigo Martins\",\"image\":{\"@type\":\"ImageObject\",\"inLanguage\":\"pt-BR\",\"@id\":\"https:\/\/secure.gravatar.com\/avatar\/524bec28aed97e8b25f845b131a7beda7a4b893ecf2c07f19d2e31b5efecd76c?s=96&d=mm&r=g\",\"url\":\"https:\/\/secure.gravatar.com\/avatar\/524bec28aed97e8b25f845b131a7beda7a4b893ecf2c07f19d2e31b5efecd76c?s=96&d=mm&r=g\",\"contentUrl\":\"https:\/\/secure.gravatar.com\/avatar\/524bec28aed97e8b25f845b131a7beda7a4b893ecf2c07f19d2e31b5efecd76c?s=96&d=mm&r=g\",\"caption\":\"Rodrigo Martins\"},\"url\":\"https:\/\/www.estrategiaconcursos.com.br\/blog\/author\/rodrigo-martins-verdegmail-com\/\"}]}<\/script>\n<!-- \/ Yoast SEO Premium plugin. -->","yoast_head_json":{"title":"QUEST\u00d5ES DE DIREITO TRIBUT\u00c1RIO PARA A SEMANA ESPECIAL DO XXIV EXAME DA OAB","robots":{"index":"index","follow":"follow","max-snippet":"max-snippet:-1","max-image-preview":"max-image-preview:large","max-video-preview":"max-video-preview:-1"},"canonical":"https:\/\/www.estrategiaconcursos.com.br\/blog\/questoes-de-direito-tributario-para-semana-especial-do-xxiv-exame-da-oab\/","og_locale":"pt_BR","og_type":"article","og_title":"QUEST\u00d5ES DE DIREITO TRIBUT\u00c1RIO PARA A SEMANA ESPECIAL DO XXIV EXAME DA OAB","og_description":"Ol\u00e1 pessoal, \u00c0queles que ainda n\u00e3o me conhecem, sou o PROF. RODRIGO MARTINS, professor de Direito Material Tribut\u00e1rio e Direito Processual Tribut\u00e1rio para a 1\u00aa e 2\u00aa fase do Exame da Ordem dos Advogados do Brasil aqui no ESTRAT\u00c9GIA OAB. \u00c9 um imenso prazer conhec\u00ea-los! Como voc\u00eas j\u00e1 sabem, no pr\u00f3ximo domingo, dia 19\/11\/2017, teremos [&hellip;]","og_url":"https:\/\/www.estrategiaconcursos.com.br\/blog\/questoes-de-direito-tributario-para-semana-especial-do-xxiv-exame-da-oab\/","og_site_name":"Estrat\u00e9gia Concursos","article_published_time":"2017-11-13T01:40:55+00:00","article_modified_time":"2019-04-09T18:37:26+00:00","author":"Rodrigo Martins","twitter_card":"summary_large_image","twitter_creator":"@EstratConcursos","twitter_site":"@EstratConcursos","twitter_misc":{"Escrito por":"Rodrigo Martins","Est. tempo de leitura":"42 minutos"},"schema":{"@context":"https:\/\/schema.org","@graph":[{"@type":"NewsArticle","@id":"https:\/\/www.estrategiaconcursos.com.br\/blog\/questoes-de-direito-tributario-para-semana-especial-do-xxiv-exame-da-oab\/#article","isPartOf":{"@id":"https:\/\/www.estrategiaconcursos.com.br\/blog\/questoes-de-direito-tributario-para-semana-especial-do-xxiv-exame-da-oab\/"},"author":{"name":"Rodrigo Martins","@id":"https:\/\/www.estrategiaconcursos.com.br\/blog\/#\/schema\/person\/89708e3ae26cc02be6f6912e4eb7c8d0"},"headline":"QUEST\u00d5ES DE DIREITO TRIBUT\u00c1RIO PARA A SEMANA ESPECIAL DO XXIV EXAME DA OAB","datePublished":"2017-11-13T01:40:55+00:00","dateModified":"2019-04-09T18:37:26+00:00","mainEntityOfPage":{"@id":"https:\/\/www.estrategiaconcursos.com.br\/blog\/questoes-de-direito-tributario-para-semana-especial-do-xxiv-exame-da-oab\/"},"wordCount":8469,"commentCount":4,"publisher":{"@id":"https:\/\/www.estrategiaconcursos.com.br\/blog\/#organization"},"articleSection":["Concursos P\u00fablicos"],"inLanguage":"pt-BR","potentialAction":[{"@type":"CommentAction","name":"Comment","target":["https:\/\/www.estrategiaconcursos.com.br\/blog\/questoes-de-direito-tributario-para-semana-especial-do-xxiv-exame-da-oab\/#respond"]}],"copyrightYear":"2017","copyrightHolder":{"@id":"https:\/\/www.estrategiaconcursos.com.br\/blog\/#organization"}},{"@type":"WebPage","@id":"https:\/\/www.estrategiaconcursos.com.br\/blog\/questoes-de-direito-tributario-para-semana-especial-do-xxiv-exame-da-oab\/","url":"https:\/\/www.estrategiaconcursos.com.br\/blog\/questoes-de-direito-tributario-para-semana-especial-do-xxiv-exame-da-oab\/","name":"QUEST\u00d5ES DE DIREITO TRIBUT\u00c1RIO PARA A SEMANA ESPECIAL DO XXIV EXAME DA OAB","isPartOf":{"@id":"https:\/\/www.estrategiaconcursos.com.br\/blog\/#website"},"datePublished":"2017-11-13T01:40:55+00:00","dateModified":"2019-04-09T18:37:26+00:00","breadcrumb":{"@id":"https:\/\/www.estrategiaconcursos.com.br\/blog\/questoes-de-direito-tributario-para-semana-especial-do-xxiv-exame-da-oab\/#breadcrumb"},"inLanguage":"pt-BR","potentialAction":[{"@type":"ReadAction","target":["https:\/\/www.estrategiaconcursos.com.br\/blog\/questoes-de-direito-tributario-para-semana-especial-do-xxiv-exame-da-oab\/"]}]},{"@type":"BreadcrumbList","@id":"https:\/\/www.estrategiaconcursos.com.br\/blog\/questoes-de-direito-tributario-para-semana-especial-do-xxiv-exame-da-oab\/#breadcrumb","itemListElement":[{"@type":"ListItem","position":1,"name":"In\u00edcio","item":"https:\/\/www.estrategiaconcursos.com.br\/blog\/"},{"@type":"ListItem","position":2,"name":"QUEST\u00d5ES DE DIREITO TRIBUT\u00c1RIO PARA A SEMANA ESPECIAL DO XXIV EXAME DA OAB"}]},{"@type":"WebSite","@id":"https:\/\/www.estrategiaconcursos.com.br\/blog\/#website","url":"https:\/\/www.estrategiaconcursos.com.br\/blog\/","name":"Estrat\u00e9gia Concursos","description":"O blog da Estrat\u00e9gia Concursos traz not\u00edcias sobre concursos e artigos de professores oferecendo cursos para concursos (pdf + videaulas) no site.","publisher":{"@id":"https:\/\/www.estrategiaconcursos.com.br\/blog\/#organization"},"potentialAction":[{"@type":"SearchAction","target":{"@type":"EntryPoint","urlTemplate":"https:\/\/www.estrategiaconcursos.com.br\/blog\/?s={search_term_string}"},"query-input":{"@type":"PropertyValueSpecification","valueRequired":true,"valueName":"search_term_string"}}],"inLanguage":"pt-BR"},{"@type":"Organization","@id":"https:\/\/www.estrategiaconcursos.com.br\/blog\/#organization","name":"Estrat\u00e9gia Concursos","url":"https:\/\/www.estrategiaconcursos.com.br\/blog\/","logo":{"@type":"ImageObject","inLanguage":"pt-BR","@id":"https:\/\/www.estrategiaconcursos.com.br\/blog\/#\/schema\/logo\/image\/","url":"https:\/\/dhg1h5j42swfq.cloudfront.net\/2025\/06\/03203428\/logo_concursos-1.jpg","contentUrl":"https:\/\/dhg1h5j42swfq.cloudfront.net\/2025\/06\/03203428\/logo_concursos-1.jpg","width":230,"height":60,"caption":"Estrat\u00e9gia Concursos"},"image":{"@id":"https:\/\/www.estrategiaconcursos.com.br\/blog\/#\/schema\/logo\/image\/"},"sameAs":["https:\/\/x.com\/EstratConcursos"]},{"@type":"Person","@id":"https:\/\/www.estrategiaconcursos.com.br\/blog\/#\/schema\/person\/89708e3ae26cc02be6f6912e4eb7c8d0","name":"Rodrigo Martins","image":{"@type":"ImageObject","inLanguage":"pt-BR","@id":"https:\/\/secure.gravatar.com\/avatar\/524bec28aed97e8b25f845b131a7beda7a4b893ecf2c07f19d2e31b5efecd76c?s=96&d=mm&r=g","url":"https:\/\/secure.gravatar.com\/avatar\/524bec28aed97e8b25f845b131a7beda7a4b893ecf2c07f19d2e31b5efecd76c?s=96&d=mm&r=g","contentUrl":"https:\/\/secure.gravatar.com\/avatar\/524bec28aed97e8b25f845b131a7beda7a4b893ecf2c07f19d2e31b5efecd76c?s=96&d=mm&r=g","caption":"Rodrigo Martins"},"url":"https:\/\/www.estrategiaconcursos.com.br\/blog\/author\/rodrigo-martins-verdegmail-com\/"}]}},"_links":{"self":[{"href":"https:\/\/www.estrategiaconcursos.com.br\/blog\/wp-json\/wp\/v2\/posts\/95408","targetHints":{"allow":["GET"]}}],"collection":[{"href":"https:\/\/www.estrategiaconcursos.com.br\/blog\/wp-json\/wp\/v2\/posts"}],"about":[{"href":"https:\/\/www.estrategiaconcursos.com.br\/blog\/wp-json\/wp\/v2\/types\/post"}],"author":[{"embeddable":true,"href":"https:\/\/www.estrategiaconcursos.com.br\/blog\/wp-json\/wp\/v2\/users\/546"}],"replies":[{"embeddable":true,"href":"https:\/\/www.estrategiaconcursos.com.br\/blog\/wp-json\/wp\/v2\/comments?post=95408"}],"version-history":[{"count":1,"href":"https:\/\/www.estrategiaconcursos.com.br\/blog\/wp-json\/wp\/v2\/posts\/95408\/revisions"}],"predecessor-version":[{"id":95416,"href":"https:\/\/www.estrategiaconcursos.com.br\/blog\/wp-json\/wp\/v2\/posts\/95408\/revisions\/95416"}],"wp:attachment":[{"href":"https:\/\/www.estrategiaconcursos.com.br\/blog\/wp-json\/wp\/v2\/media?parent=95408"}],"wp:term":[{"taxonomy":"category","embeddable":true,"href":"https:\/\/www.estrategiaconcursos.com.br\/blog\/wp-json\/wp\/v2\/categories?post=95408"},{"taxonomy":"post_tag","embeddable":true,"href":"https:\/\/www.estrategiaconcursos.com.br\/blog\/wp-json\/wp\/v2\/tags?post=95408"},{"taxonomy":"tax_estado","embeddable":true,"href":"https:\/\/www.estrategiaconcursos.com.br\/blog\/wp-json\/wp\/v2\/tax_estado?post=95408"}],"curies":[{"name":"wp","href":"https:\/\/api.w.org\/{rel}","templated":true}]}}