{"id":953831,"date":"2022-03-06T23:59:00","date_gmt":"2022-03-07T02:59:00","guid":{"rendered":"https:\/\/www.estrategiaconcursos.com.br\/blog\/?p=953831"},"modified":"2025-10-14T16:34:29","modified_gmt":"2025-10-14T19:34:29","slug":"edital-amazul","status":"publish","type":"post","link":"https:\/\/www.estrategiaconcursos.com.br\/blog\/edital-amazul\/","title":{"rendered":"Edital AMAZUL encerra inscri\u00e7\u00f5es; Provas em mar\u00e7o!"},"content":{"rendered":"\n<p>Ap\u00f3s ter encerrado o seu per\u00edodo de inscri\u00e7\u00f5es, os candidatos do edital AMAZUL devem come\u00e7ar a se preparar para a etapa de provas, prevista para o dia 27 de mar\u00e7o. <\/p>\n\n\n\n<p>Sob organiza\u00e7\u00e3o do Instituto Selecon, as provas ter\u00e3o dura\u00e7\u00e3o de 4 horas e ser\u00e3o realizadas nos munic\u00edpios de S\u00e3o Paulo e Rio de Janeiro. O local de aplica\u00e7\u00e3o ser\u00e1 divulgado em 23 de mar\u00e7o. \u00a0<\/p>\n\n\n\n<p>O edital AMAZUL oferece 22 vagas de n\u00edvel m\u00e9dio e t\u00e9cnico, al\u00e9m de outras 118 oportunidades de n\u00edvel superior, entre analistas e especialistas, com sal\u00e1rios de at\u00e9 R$ 7.506,47.<\/p>\n\n\n\n<div class=\"container\" id=\"boxes\">\n  <div class=\"row\">\n\n    <div class=\"col-sm\">\n      <div class=\"banner-estrategia\" id=\"box-assinatura\">\n        <h3 class=\"titulo-assinatura\">Concurso AMAZUL<\/h3>\n        <p class=\"subtitulo-assinatura\">Conhe\u00e7a os cursos<\/p>\n        <div class=\"box-botao\">\n          <a class=\"btn-assinatura\" target=\"_blank\" href=\"https:\/\/www.estrategiaconcursos.com.br\/cursosPorConcurso\/amazonia-azul-tecnologias-de-defesa-amazul\/\" rel=\"noopener\">Conhe\u00e7a mais<\/a>\n        <\/div>\n      <\/div>\n     \n    <\/div>\n\n  <\/div>\n<\/div>\n\n\n\n<h2 class=\"wp-block-heading\" id=\"situacao\">Situa\u00e7\u00e3o atual do edital AMAZUL<\/h2>\n\n\n\n<h3 class=\"wp-block-heading\" id=\"datas\">Principais datas<\/h3>\n\n\n\n<ul class=\"wp-block-list\"><li><strong>Inscri\u00e7\u00f5es<\/strong>: <s>29\/01 a 06\/03\/2022<\/s><\/li><li><strong>Isen\u00e7\u00e3o da taxa<\/strong>: <s>27 e 28\/01\/2022<\/s><\/li><li><strong>\u00daltimo dia para pagamento<\/strong>: <s>07\/03\/2022<\/s><\/li><li><strong>Prova<\/strong>: 27\/03\/2022<\/li><\/ul>\n\n\n\n<h2 class=\"wp-block-heading\" id=\"cargos-vagas\">Cargos e vagas do edital AMAZUL <\/h2>\n\n\n\n<p>O provimento dos cargos dever\u00e1 ser realizado nos estados de S\u00e3o Paulo e\/ou Rio de Janeiro, ficando a crit\u00e9rio da AMAZUL movimentar o efetivo para outra localidade, se houver necessidade da empresa.<\/p>\n\n\n\n<p class=\"has-cyan-bluish-gray-background-color has-background\" style=\"font-size:clamp(14px, 0.875rem + ((1vw - 3.2px) * 0.392), 18px);\"><strong>N\u00edveis m\u00e9dio e m\u00e9dio\/t\u00e9cnico:<\/strong><\/p>\n\n\n\n<ul class=\"wp-block-list\"><li>Assistente Administrativo &#8211; 2 vagas mais CR;<\/li><li>Operador de Processos &#8211; CR;<\/li><li>Projetista de Eletricidade &#8211; 1 vaga mais CR;<\/li><li>Projetista de Engenharia Civil &#8211; 2 vagas mais CR;<\/li><li>Projetista de Instrumenta\u00e7\u00e3o e Controle &#8211; 1 vaga mais CR;<\/li><li>Projetista Mec\u00e2nico \/ Tubula\u00e7\u00e3o &#8211; 1 vaga mais CR;<\/li><li>Projetista Mec\u00e2nico &#8211; 1 vaga mais CR;<\/li><li>T\u00e9cnico Eletrot\u00e9cnica &#8211; 2 vagas mais CR;<\/li><li>T\u00e9cnico Industrial \/ Estruturas &#8211; 3 vagas mais CR;<\/li><li>T\u00e9cnico de Edifica\u00e7\u00f5es &#8211; apenas CR;<\/li><li>T\u00e9cnico de Eletricidade \/ Eletrot\u00e9cnica &#8211; apenas CR;<\/li><li>T\u00e9cnico de Eletr\u00f4nica &#8211; apenas CR;<\/li><li>T\u00e9cnico de Inform\u00e1tica &#8211; CR;<\/li><li>T\u00e9cnico de Instrumenta\u00e7\u00e3o &#8211; CR;<\/li><li>T\u00e9cnico de Qu\u00edmica &#8211; 1 vaga mais CR;<\/li><li>T\u00e9cnico de Mec\u00e2nica &#8211; 5 vagas mais CR;<\/li><li>T\u00e9cnico de Radioprote\u00e7\u00e3o &#8211; CR;<\/li><li>T\u00e9cnico de Secretariado &#8211; CR;<\/li><li>T\u00e9cnico Projetista &#8211; 2 vagas mais CR;<\/li><li>T\u00e9cnico de Soldagem &#8211; 1 vaga mais CR;<\/li><\/ul>\n\n\n\n<p class=\"has-cyan-bluish-gray-background-color has-background\" style=\"font-size:clamp(14px, 0.875rem + ((1vw - 3.2px) * 0.392), 18px);\"><strong>N\u00edvel superior:<\/strong><\/p>\n\n\n\n<ul class=\"wp-block-list\"><li>Advogado &#8211; 3 vagas mais CR;<\/li><li>Analista de Administra\u00e7\u00e3o &#8211; 4 vagas mais CR;<\/li><li>Analista de Desenvolvimento de Sistemas &#8211; 2 vagas mais CR;<\/li><li>Analista de Neg\u00f3cios &#8211; 1 vaga mais CR;<\/li><li>Analista de Recursos Humanos &#8211; 2 vagas mais CR;<\/li><li>Analista de Rela\u00e7\u00f5es Institucionais &#8211; 1 vaga mais CR;<\/li><li>Arquiteto &#8211; 2 vagas mais CR;<\/li><li>Assistente Social &#8211; apenas CR;<\/li><li>Contador &#8211; 1 vaga mais CR;<\/li><li>Designer Gr\u00e1fico &#8211; 1 vaga mais CR;<\/li><li>Editor de TV e V\u00eddeo &#8211; apenas CR;<\/li><li>Engenheiro Aplicativo em Computadores &#8211; 1 vaga mais CR;<\/li><li>Engenheiro Civil &#8211; 3 vagas mais CR;<\/li><li>Engenheiro de Computa\u00e7\u00e3o &#8211; 3 vagas mais CR;<\/li><li>Engenheiro De Controle Da Qualidade &#8211; 1 vaga mais CR;<\/li><li>Engenheiro de Controle e Automa\u00e7\u00e3o &#8211; 5 vagas mais CR;<\/li><li>Engenheiro de Materiais &#8211; 6 vagas mais CR;<\/li><li>Engenheiro de Seguran\u00e7a do Trabalho &#8211; 2 vagas mais CR;<\/li><li>Engenheiro Eletricista &#8211; 9 vagas mais CR;<\/li><li>Engenheiro Eletr\u00f4nico &#8211; 2 vagas mais CR;<\/li><li>Engenheiro Energia &#8211; 3 vagas mais CR;<\/li><li>Engenheiro Mec\u00e2nico &#8211; 26 vagas mais CR;<\/li><li>Engenheiro Mecatr\u00f4nico &#8211; 2 vagas mais CR;<\/li><li>Engenheiro Naval &#8211; 4 vagas mais CR;<\/li><li>Engenheiro Nuclear &#8211; 8 vagas mais CR;<\/li><li>Engenheiro Produ\u00e7\u00e3o &#8211; 9 vagas mais CR;<\/li><li>Engenheiro Qu\u00edmico &#8211; 10 vagas mais CR;<\/li><li>Engenheiro Telecomunica\u00e7\u00f5es &#8211; 3 vagas mais CR;<\/li><li>Especialista de Radioprote\u00e7\u00e3o &#8211; apenas CR;<\/li><li>Estat\u00edstico &#8211; apenas CR;<\/li><li>Farmac\u00eautico &#8211; apenas CR;<\/li><li>F\u00edsico &#8211; 1 vaga mais CR;<\/li><li>Jornalista &#8211; apenas CR;<\/li><li>Matem\u00e1tico &#8211; 1 vaga mais CR;<\/li><li>M\u00e9dico do Trabalho &#8211; 1 vaga mais CR;<\/li><li>Psic\u00f3logo &#8211; apenas CR;<\/li><li>Qu\u00edmico &#8211; 1vaga mais CR;<\/li><li>Tecn\u00f3logo em Fabrica\u00e7\u00e3o Mec\u00e2nica &#8211; apenas CR.<\/li><\/ul>\n\n\n\n<h2 class=\"wp-block-heading\" id=\"edital-amazul-salarios-dos-cargos\">Edital AMAZUL: sal\u00e1rios dos cargos <\/h2>\n\n\n\n<p>O edital AMAZUL oferece sal\u00e1rios de R$ 2.958,36, para m\u00e9dio e t\u00e9cnico. J\u00e1 para os cargos de n\u00edvel superior, as remunera\u00e7\u00f5es variam entre R$ 6.511,33 e R$ 7.506,47, respectivamente. <\/p>\n\n\n\n<p>Al\u00e9m do vale-transporte e da previd\u00eancia complementar (contribut\u00e1ria), os principais benef\u00edcios oferecidos pela Amazul est\u00e3o previstos no Acordo Coletivo de Trabalho (ACT) e atualmente s\u00e3o: <\/p>\n\n\n\n<p>Alimenta\u00e7\u00e3o no local de trabalho ou vale-refei\u00e7\u00e3o, a crit\u00e9rio da empresa; seguro de vida (contribut\u00e1rio); cesta alimenta\u00e7\u00e3o; conv\u00eanios assistenciais e educacionais; aux\u00edlio-creche; e Benef\u00edcio de Assist\u00eancia \u00e0 Sa\u00fade (contribut\u00e1rio). <\/p>\n\n\n\n<p>Lembrando que os contratos firmados ser\u00e3o regidos pela Consolida\u00e7\u00e3o das Leis do Trabalho (CLT). <\/p>\n\n\n\n<ul class=\"has-background wp-block-list\" style=\"background-color:#ededed\"><li><strong>Os sal\u00e1rios na \u00edntegra constam na <a href=\"https:\/\/www.amazul.mar.mil.br\/pessoas\/plano-de-cargos-remuneracao-e-carreira\" target=\"_blank\" rel=\"noreferrer noopener\">tabela salarial<\/a><\/strong><\/li><\/ul>\n\n\n\n<h2 class=\"wp-block-heading\" id=\"etapas\">Etapas e provas do edital AMAZUL <\/h2>\n\n\n\n<p>Os candidatos inscritos no edital AMAZUL ser\u00e3o avaliados por meio das seguintes etapas: <\/p>\n\n\n\n<ol class=\"wp-block-list\"><li><strong>Prova Objetiva (PO)<\/strong>, de car\u00e1ter eliminat\u00f3rio e classificat\u00f3rio, para os candidatos a todos os cargos, conforme previsto no Anexo III;<\/li><li><strong>Reda\u00e7\u00e3o (R)<\/strong>, de car\u00e1ter eliminat\u00f3rio e classificat\u00f3rio, para os candidatos a todos os cargos, conforme previsto no Anexo III;<\/li><li><strong>Avalia\u00e7\u00e3o de T\u00edtulos (AT)<\/strong>, de car\u00e1ter classificat\u00f3rio, para os candidatos a todos os cargos; e<\/li><li><strong>Verifica\u00e7\u00e3o de Requisitos e Comprova\u00e7\u00e3o de Documentos<\/strong>, para todos os candidatos, de car\u00e1ter eliminat\u00f3rio (em caso de convoca\u00e7\u00e3o para contrata\u00e7\u00e3o).<\/li><\/ol>\n\n\n\n<h3 class=\"wp-block-heading\" id=\"objetiva\">Provas Objetivas<\/h3>\n\n\n\n<p>As provas objetivas e a reda\u00e7\u00e3o, com dura\u00e7\u00e3o de tr\u00eas horas, ser\u00e3o realizadas no dia <strong>27 de mar\u00e7o<\/strong>, nos munic\u00edpios de S\u00e3o Paulo e Rio de Janeiro. O local das provas ser\u00e1 divulgado em 23 de mar\u00e7o. &nbsp;<\/p>\n\n\n\n<p>Al\u00e9m disso, a prova objetiva ser\u00e1 composta de quest\u00f5es do tipo m\u00faltipla escolha e ser\u00e1 avaliada com o valor m\u00e1ximo de 120 pontos. <\/p>\n\n\n\n<h3 class=\"wp-block-heading\" id=\"prova-discursiva\">Prova Discursiva<\/h3>\n\n\n\n<p>A Reda\u00e7\u00e3o, de car\u00e1ter eliminat\u00f3rio e classificat\u00f3rio, ser\u00e1 aplicada para todos os cargos. Deve ser estruturada na forma de texto em prosa do tipo dissertativo-argumentativo, e valer\u00e1 100,0 pontos.<\/p>\n\n\n\n<h3 class=\"wp-block-heading\" id=\"avaliacao\">Avalia\u00e7\u00e3o de T\u00edtulos<\/h3>\n\n\n\n<p>Avalia\u00e7\u00e3o de T\u00edtulos&nbsp;do edital AMAZUL ser\u00e1 classificat\u00f3ria, sendo selecionados para esta etapa os candidatos classificados at\u00e9 o limite de at\u00e9 50 vezes o n\u00famero de vagas, al\u00e9m de todos os empatados na \u00faltima nota da linha de corte.<\/p>\n\n\n\n<p><strong><em>M\u00e9dio e M\u00e9dio T\u00e9cnico:<\/em><\/strong><\/p>\n\n\n\n<figure class=\"wp-block-image\"><img loading=\"lazy\" decoding=\"async\" width=\"883\" height=\"206\" src=\"https:\/\/dhg1h5j42swfq.cloudfront.net\/2022\/01\/25135313\/image-482.png\" alt=\"\" class=\"wp-image-954203\" srcset=\"https:\/\/dhg1h5j42swfq.cloudfront.net\/2022\/01\/25135313\/image-482.png 883w, https:\/\/dhg1h5j42swfq.cloudfront.net\/2022\/01\/25135313\/image-482-300x70.png 300w, https:\/\/dhg1h5j42swfq.cloudfront.net\/2022\/01\/25135313\/image-482-768x179.png 768w, https:\/\/dhg1h5j42swfq.cloudfront.net\/2022\/01\/25135313\/image-482-610x142.png 610w\" sizes=\"auto, (max-width: 883px) 100vw, 883px\" \/><\/figure>\n\n\n\n<p><strong><em>Superior:<\/em><\/strong><\/p>\n\n\n\n<figure class=\"wp-block-image\"><img loading=\"lazy\" decoding=\"async\" width=\"882\" height=\"427\" src=\"https:\/\/dhg1h5j42swfq.cloudfront.net\/2022\/01\/25135541\/image-484.png\" alt=\"\" class=\"wp-image-954207\" srcset=\"https:\/\/dhg1h5j42swfq.cloudfront.net\/2022\/01\/25135541\/image-484.png 882w, https:\/\/dhg1h5j42swfq.cloudfront.net\/2022\/01\/25135541\/image-484-300x145.png 300w, https:\/\/dhg1h5j42swfq.cloudfront.net\/2022\/01\/25135541\/image-484-768x372.png 768w, https:\/\/dhg1h5j42swfq.cloudfront.net\/2022\/01\/25135541\/image-484-610x295.png 610w\" sizes=\"auto, (max-width: 882px) 100vw, 882px\" \/><\/figure>\n\n\n\n<p><em>Para conferir todos os detalhes acerca das provas, bem como das demais disposi\u00e7\u00f5es do edital AMAZUL, acesse agora mesmo o artigo exclusivo e muito mais completo que preparamos para voc\u00ea. O link est\u00e1 dispon\u00edvel logo abaixo:<\/em><\/p>\n\n\n\n<p class=\"has-text-align-center has-cyan-bluish-gray-background-color has-background\" style=\"font-size:clamp(14.642px, 0.915rem + ((1vw - 3.2px) * 0.721), 22px);\"><strong>Saiba mais: <a href=\"https:\/\/www.estrategiaconcursos.com.br\/blog\/concurso-amazul\/\" target=\"_blank\" rel=\"noreferrer noopener\">Concurso AMAZUL<\/a><\/strong><\/p>\n\n\n\n<hr class=\"wp-block-separator\"\/>\n\n\n\n<h2 class=\"has-text-align-center wp-block-heading\" id=\"cursos-assinatura\">Quer estudar para o edital AMAZUL?<\/h2>\n\n\n\n<div class=\"container\" id=\"boxes\">\n  <div class=\"row\">\n\n    <div class=\"col-sm\">\n      <div class=\"banner-estrategia\" id=\"box-assinatura\">\n        <h3 class=\"titulo-assinatura\">Concurso AMAZUL<\/h3>\n        <p class=\"subtitulo-assinatura\">Conhe\u00e7a os cursos<\/p>\n        <div class=\"box-botao\">\n          <a class=\"btn-assinatura\" target=\"_blank\" href=\"https:\/\/www.estrategiaconcursos.com.br\/cursosPorConcurso\/amazonia-azul-tecnologias-de-defesa-amazul\/\" rel=\"noopener\">Conhe\u00e7a mais<\/a>\n        <\/div>\n      <\/div>\n     \n    <\/div>\n\n  <\/div>\n<\/div>\n\n\n\n<div class=\"container\" id=\"boxes\">\n  <div class=\"row\">\n\n    <div class=\"col-sm\">\n      <div class=\"estrategia\" id=\"box-assinatura\">\n        <h3 class=\"titulo-assinatura\">Assinatura Concursos<\/h3>\n        <p class=\"subtitulo-assinatura\">Assinatura de 1 ano ou 2 anos<\/p>\n        <div class=\"box-botao\">\n          <a class=\"btn-assinatura\" target=\"_blank\" href=\"https:\/\/www.estrategiaconcursos.com.br\/assinaturas\/\" role=\"button\" rel=\"noopener noreferrer\">ASSINE AGORA<\/a>\n        <\/div>\n      <\/div><\/div><\/div><\/div>\n\n\n\n<h2 class=\"has-text-align-center wp-block-heading\" id=\"h-quer-saber-tudo-sobre-concursos-previstos-confira-nossos-artigos\">Quer saber tudo sobre concursos previstos?<br \/>Confira  nossos artigos!<\/h2>\n\n\n\n<ul class=\"wp-block-list\"><li><a href=\"https:\/\/www.estrategiaconcursos.com.br\/blog\/concursos-abertos\/\" target=\"_blank\" rel=\"noreferrer noopener\">Concursos abertos<\/a><\/li><li><a href=\"https:\/\/www.estrategiaconcursos.com.br\/blog\/concursos-2022\/\" target=\"_blank\" rel=\"noreferrer noopener\">Concursos 2022<\/a><\/li><\/ul>\n\n\n\n<figure class=\"wp-block-image size-large is-resized\"><img loading=\"lazy\" decoding=\"async\" src=\"https:\/\/dhg1h5j42swfq.cloudfront.net\/2025\/06\/27101122\/ficha-tecnica-1-1024x632.png\" alt=\"\" class=\"wp-image-702728\" width=\"269\" height=\"166\" srcset=\"https:\/\/dhg1h5j42swfq.cloudfront.net\/2025\/06\/27101122\/ficha-tecnica-1-1024x632.png 1024w, https:\/\/dhg1h5j42swfq.cloudfront.net\/2025\/06\/27101122\/ficha-tecnica-1-300x185.png 300w, https:\/\/dhg1h5j42swfq.cloudfront.net\/2025\/06\/27101122\/ficha-tecnica-1-768x474.png 768w, https:\/\/dhg1h5j42swfq.cloudfront.net\/2025\/06\/27101122\/ficha-tecnica-1-1536x948.png 1536w, https:\/\/dhg1h5j42swfq.cloudfront.net\/2025\/06\/27101122\/ficha-tecnica-1-610x377.png 610w, https:\/\/dhg1h5j42swfq.cloudfront.net\/2025\/06\/27101122\/ficha-tecnica-1.png 1571w\" sizes=\"auto, (max-width: 269px) 100vw, 269px\" \/><\/figure>\n\n\n\n<h3 class=\"wp-block-heading\" id=\"ficha\">Informa\u00e7\u00f5es do edital AMAZUL<\/h3>\n\n\n\n<ul class=\"wp-block-list\"><li><strong style=\"color: initial;\">Provas<\/strong><span style=\"color: initial;\">: <\/span>27\/03\/2022<\/li><li><strong>Vagas<\/strong>: 140 + CR<\/li><li><strong>Cargos<\/strong>: diversos<\/li><li><strong>Banca<\/strong>: Instituto Selecon<\/li><li><strong>Escolaridade<\/strong>: N\u00edveis m\u00e9dio\/t\u00e9cnico e superior<\/li><li><strong>Edital<\/strong>:&nbsp;<a href=\"https:\/\/dhg1h5j42swfq.cloudfront.net\/2022\/01\/25143212\/edital-001_2022_concurso-publico-amazul-2.pdf\" target=\"_blank\" rel=\"noreferrer noopener nofollow\">AMAZUL 2022<\/a> <\/li><\/ul>\n","protected":false},"excerpt":{"rendered":"<p>Ap\u00f3s ter encerrado o seu per\u00edodo de inscri\u00e7\u00f5es, os candidatos do edital AMAZUL devem come\u00e7ar a se preparar para a etapa de provas, prevista para o dia 27 de mar\u00e7o. Sob organiza\u00e7\u00e3o do Instituto Selecon, as provas ter\u00e3o dura\u00e7\u00e3o de 4 horas e ser\u00e3o realizadas nos munic\u00edpios de S\u00e3o Paulo e Rio de Janeiro. O [&hellip;]<\/p>\n","protected":false},"author":656,"featured_media":704515,"comment_status":"open","ping_status":"closed","sticky":false,"template":"","format":"standard","meta":{"post_tipo":"news","footnotes":""},"categories":[214992,220219],"tags":[],"tax_estado":[219982,219989],"class_list":["post-953831","post","type-post","status-publish","format-standard","has-post-thumbnail","hentry","category-concursos-administrativos","category-noticias","tax_estado-rj","tax_estado-sp"],"acf":[],"yoast_head":"<!-- This site is optimized with the Yoast SEO Premium plugin v27.2 (Yoast SEO v27.2) - https:\/\/yoast.com\/product\/yoast-seo-premium-wordpress\/ -->\n<title>Edital AMAZUL encerra inscri\u00e7\u00f5es; Provas em mar\u00e7o!<\/title>\n<meta name=\"description\" content=\"Edital AMAZUL: inscri\u00e7\u00f5es encerradas no site da banca organizadora, o Instituto Selecon. Provas ser\u00e3o aplicadas no final do m\u00eas.\" \/>\n<meta name=\"robots\" content=\"index, follow, max-snippet:-1, max-image-preview:large, max-video-preview:-1\" \/>\n<link rel=\"canonical\" href=\"https:\/\/www.estrategiaconcursos.com.br\/blog\/edital-amazul\/\" \/>\n<meta property=\"og:locale\" content=\"pt_BR\" \/>\n<meta property=\"og:type\" content=\"article\" \/>\n<meta property=\"og:title\" content=\"Edital AMAZUL encerra inscri\u00e7\u00f5es; Provas em mar\u00e7o!\" \/>\n<meta property=\"og:description\" content=\"Edital AMAZUL: inscri\u00e7\u00f5es encerradas no site da banca organizadora, o Instituto Selecon. Provas ser\u00e3o aplicadas no final do m\u00eas.\" \/>\n<meta property=\"og:url\" content=\"https:\/\/www.estrategiaconcursos.com.br\/blog\/edital-amazul\/\" \/>\n<meta property=\"og:site_name\" content=\"Estrat\u00e9gia Concursos\" \/>\n<meta property=\"article:published_time\" content=\"2022-03-07T02:59:00+00:00\" \/>\n<meta property=\"article:modified_time\" content=\"2025-10-14T19:34:29+00:00\" \/>\n<meta property=\"og:image\" content=\"https:\/\/dhg1h5j42swfq.cloudfront.net\/2021\/03\/30113751\/amazul.jpg\" \/>\n\t<meta property=\"og:image:width\" content=\"1200\" \/>\n\t<meta property=\"og:image:height\" content=\"628\" \/>\n\t<meta property=\"og:image:type\" content=\"image\/jpeg\" \/>\n<meta name=\"author\" content=\"F\u00e1bio Scaldelai\" \/>\n<meta name=\"twitter:card\" content=\"summary_large_image\" \/>\n<meta name=\"twitter:creator\" content=\"@EstratConcursos\" \/>\n<meta name=\"twitter:site\" content=\"@EstratConcursos\" \/>\n<meta name=\"twitter:label1\" content=\"Escrito por\" \/>\n\t<meta name=\"twitter:data1\" content=\"F\u00e1bio Scaldelai\" \/>\n\t<meta name=\"twitter:label2\" content=\"Est. tempo de leitura\" \/>\n\t<meta name=\"twitter:data2\" content=\"6 minutos\" \/>\n<script type=\"application\/ld+json\" class=\"yoast-schema-graph\">{\"@context\":\"https:\/\/schema.org\",\"@graph\":[{\"@type\":\"NewsArticle\",\"@id\":\"https:\/\/www.estrategiaconcursos.com.br\/blog\/edital-amazul\/#article\",\"isPartOf\":{\"@id\":\"https:\/\/www.estrategiaconcursos.com.br\/blog\/edital-amazul\/\"},\"author\":{\"name\":\"F\u00e1bio Scaldelai\",\"@id\":\"https:\/\/www.estrategiaconcursos.com.br\/blog\/#\/schema\/person\/e3b6b7ce0192dd4ad270655969d61750\"},\"headline\":\"Edital AMAZUL encerra inscri\u00e7\u00f5es; Provas em mar\u00e7o!\",\"datePublished\":\"2022-03-07T02:59:00+00:00\",\"dateModified\":\"2025-10-14T19:34:29+00:00\",\"mainEntityOfPage\":{\"@id\":\"https:\/\/www.estrategiaconcursos.com.br\/blog\/edital-amazul\/\"},\"wordCount\":1124,\"commentCount\":0,\"publisher\":{\"@id\":\"https:\/\/www.estrategiaconcursos.com.br\/blog\/#organization\"},\"image\":{\"@id\":\"https:\/\/www.estrategiaconcursos.com.br\/blog\/edital-amazul\/#primaryimage\"},\"thumbnailUrl\":\"https:\/\/dhg1h5j42swfq.cloudfront.net\/2021\/03\/30113751\/amazul.jpg\",\"articleSection\":[\"Executivo (Administrativa)\",\"\u00daltimas not\u00edcias\"],\"inLanguage\":\"pt-BR\",\"potentialAction\":[{\"@type\":\"CommentAction\",\"name\":\"Comment\",\"target\":[\"https:\/\/www.estrategiaconcursos.com.br\/blog\/edital-amazul\/#respond\"]}],\"copyrightYear\":\"2022\",\"copyrightHolder\":{\"@id\":\"https:\/\/www.estrategiaconcursos.com.br\/blog\/#organization\"}},{\"@type\":\"WebPage\",\"@id\":\"https:\/\/www.estrategiaconcursos.com.br\/blog\/edital-amazul\/\",\"url\":\"https:\/\/www.estrategiaconcursos.com.br\/blog\/edital-amazul\/\",\"name\":\"Edital AMAZUL encerra inscri\u00e7\u00f5es; Provas em mar\u00e7o!\",\"isPartOf\":{\"@id\":\"https:\/\/www.estrategiaconcursos.com.br\/blog\/#website\"},\"primaryImageOfPage\":{\"@id\":\"https:\/\/www.estrategiaconcursos.com.br\/blog\/edital-amazul\/#primaryimage\"},\"image\":{\"@id\":\"https:\/\/www.estrategiaconcursos.com.br\/blog\/edital-amazul\/#primaryimage\"},\"thumbnailUrl\":\"https:\/\/dhg1h5j42swfq.cloudfront.net\/2021\/03\/30113751\/amazul.jpg\",\"datePublished\":\"2022-03-07T02:59:00+00:00\",\"dateModified\":\"2025-10-14T19:34:29+00:00\",\"description\":\"Edital AMAZUL: inscri\u00e7\u00f5es encerradas no site da banca organizadora, o Instituto Selecon. Provas ser\u00e3o aplicadas no final do m\u00eas.\",\"breadcrumb\":{\"@id\":\"https:\/\/www.estrategiaconcursos.com.br\/blog\/edital-amazul\/#breadcrumb\"},\"inLanguage\":\"pt-BR\",\"potentialAction\":[{\"@type\":\"ReadAction\",\"target\":[\"https:\/\/www.estrategiaconcursos.com.br\/blog\/edital-amazul\/\"]}]},{\"@type\":\"ImageObject\",\"inLanguage\":\"pt-BR\",\"@id\":\"https:\/\/www.estrategiaconcursos.com.br\/blog\/edital-amazul\/#primaryimage\",\"url\":\"https:\/\/dhg1h5j42swfq.cloudfront.net\/2021\/03\/30113751\/amazul.jpg\",\"contentUrl\":\"https:\/\/dhg1h5j42swfq.cloudfront.net\/2021\/03\/30113751\/amazul.jpg\",\"width\":1200,\"height\":628,\"caption\":\"Edital Amazul\"},{\"@type\":\"BreadcrumbList\",\"@id\":\"https:\/\/www.estrategiaconcursos.com.br\/blog\/edital-amazul\/#breadcrumb\",\"itemListElement\":[{\"@type\":\"ListItem\",\"position\":1,\"name\":\"In\u00edcio\",\"item\":\"https:\/\/www.estrategiaconcursos.com.br\/blog\/\"},{\"@type\":\"ListItem\",\"position\":2,\"name\":\"Edital AMAZUL encerra inscri\u00e7\u00f5es; Provas em mar\u00e7o!\"}]},{\"@type\":\"WebSite\",\"@id\":\"https:\/\/www.estrategiaconcursos.com.br\/blog\/#website\",\"url\":\"https:\/\/www.estrategiaconcursos.com.br\/blog\/\",\"name\":\"Estrat\u00e9gia Concursos\",\"description\":\"O blog da Estrat\u00e9gia Concursos traz not\u00edcias sobre concursos e artigos de professores oferecendo cursos para concursos (pdf + videaulas) no site.\",\"publisher\":{\"@id\":\"https:\/\/www.estrategiaconcursos.com.br\/blog\/#organization\"},\"potentialAction\":[{\"@type\":\"SearchAction\",\"target\":{\"@type\":\"EntryPoint\",\"urlTemplate\":\"https:\/\/www.estrategiaconcursos.com.br\/blog\/?s={search_term_string}\"},\"query-input\":{\"@type\":\"PropertyValueSpecification\",\"valueRequired\":true,\"valueName\":\"search_term_string\"}}],\"inLanguage\":\"pt-BR\"},{\"@type\":\"Organization\",\"@id\":\"https:\/\/www.estrategiaconcursos.com.br\/blog\/#organization\",\"name\":\"Estrat\u00e9gia Concursos\",\"url\":\"https:\/\/www.estrategiaconcursos.com.br\/blog\/\",\"logo\":{\"@type\":\"ImageObject\",\"inLanguage\":\"pt-BR\",\"@id\":\"https:\/\/www.estrategiaconcursos.com.br\/blog\/#\/schema\/logo\/image\/\",\"url\":\"https:\/\/dhg1h5j42swfq.cloudfront.net\/2025\/06\/03203428\/logo_concursos-1.jpg\",\"contentUrl\":\"https:\/\/dhg1h5j42swfq.cloudfront.net\/2025\/06\/03203428\/logo_concursos-1.jpg\",\"width\":230,\"height\":60,\"caption\":\"Estrat\u00e9gia Concursos\"},\"image\":{\"@id\":\"https:\/\/www.estrategiaconcursos.com.br\/blog\/#\/schema\/logo\/image\/\"},\"sameAs\":[\"https:\/\/x.com\/EstratConcursos\"]},{\"@type\":\"Person\",\"@id\":\"https:\/\/www.estrategiaconcursos.com.br\/blog\/#\/schema\/person\/e3b6b7ce0192dd4ad270655969d61750\",\"name\":\"F\u00e1bio Scaldelai\",\"image\":{\"@type\":\"ImageObject\",\"inLanguage\":\"pt-BR\",\"@id\":\"https:\/\/secure.gravatar.com\/avatar\/8ed7492c4d88d8495bc0cb24cda6847b8ae23eec459a919e08e77d0ca0fd79ec?s=96&d=mm&r=g\",\"url\":\"https:\/\/secure.gravatar.com\/avatar\/8ed7492c4d88d8495bc0cb24cda6847b8ae23eec459a919e08e77d0ca0fd79ec?s=96&d=mm&r=g\",\"contentUrl\":\"https:\/\/secure.gravatar.com\/avatar\/8ed7492c4d88d8495bc0cb24cda6847b8ae23eec459a919e08e77d0ca0fd79ec?s=96&d=mm&r=g\",\"caption\":\"F\u00e1bio Scaldelai\"},\"description\":\"Jornalista no Estrat\u00e9gia Concursos e Produtor de Televis\u00e3o, formado em Jornalismo, R\u00e1dio e TV pela Faculdade Integrada Rio Branco, com especializa\u00e7\u00f5es em Gest\u00e3o Empresarial e Marketing pelo M\u00f3dulo. Atuou como produtor no SBT, TV Bandeirantes e R\u00e1dio Band FM, al\u00e9m de acumular tr\u00eas anos de experi\u00eancia no setor de concursos p\u00fablicos pela LFG (Luiz Fl\u00e1vio Gomes). No Estrat\u00e9gia Concursos, atua na apura\u00e7\u00e3o de not\u00edcias da \u00e1rea fiscal, al\u00e9m de coberturas sobre concursos das \u00e1reas de controle (TCU, TCE, etc), concurso AFT, \u00e1rea de gest\u00e3o e administrativa, bem como dos \u00f3rg\u00e3os participantes do CNU. Tamb\u00e9m possui experi\u00eancia em link building e an\u00e1lise de m\u00eddia, adquirida durante sua atua\u00e7\u00e3o na ag\u00eancia SEO Marketing.\",\"url\":\"https:\/\/www.estrategiaconcursos.com.br\/blog\/author\/fabio-scaldelaiestrategiaconcursos-com-br\/\"}]}<\/script>\n<!-- \/ Yoast SEO Premium plugin. -->","yoast_head_json":{"title":"Edital AMAZUL encerra inscri\u00e7\u00f5es; Provas em mar\u00e7o!","description":"Edital AMAZUL: inscri\u00e7\u00f5es encerradas no site da banca organizadora, o Instituto Selecon. Provas ser\u00e3o aplicadas no final do m\u00eas.","robots":{"index":"index","follow":"follow","max-snippet":"max-snippet:-1","max-image-preview":"max-image-preview:large","max-video-preview":"max-video-preview:-1"},"canonical":"https:\/\/www.estrategiaconcursos.com.br\/blog\/edital-amazul\/","og_locale":"pt_BR","og_type":"article","og_title":"Edital AMAZUL encerra inscri\u00e7\u00f5es; Provas em mar\u00e7o!","og_description":"Edital AMAZUL: inscri\u00e7\u00f5es encerradas no site da banca organizadora, o Instituto Selecon. Provas ser\u00e3o aplicadas no final do m\u00eas.","og_url":"https:\/\/www.estrategiaconcursos.com.br\/blog\/edital-amazul\/","og_site_name":"Estrat\u00e9gia Concursos","article_published_time":"2022-03-07T02:59:00+00:00","article_modified_time":"2025-10-14T19:34:29+00:00","og_image":[{"width":1200,"height":628,"url":"https:\/\/dhg1h5j42swfq.cloudfront.net\/2021\/03\/30113751\/amazul.jpg","type":"image\/jpeg"}],"author":"F\u00e1bio Scaldelai","twitter_card":"summary_large_image","twitter_creator":"@EstratConcursos","twitter_site":"@EstratConcursos","twitter_misc":{"Escrito por":"F\u00e1bio Scaldelai","Est. tempo de leitura":"6 minutos"},"schema":{"@context":"https:\/\/schema.org","@graph":[{"@type":"NewsArticle","@id":"https:\/\/www.estrategiaconcursos.com.br\/blog\/edital-amazul\/#article","isPartOf":{"@id":"https:\/\/www.estrategiaconcursos.com.br\/blog\/edital-amazul\/"},"author":{"name":"F\u00e1bio Scaldelai","@id":"https:\/\/www.estrategiaconcursos.com.br\/blog\/#\/schema\/person\/e3b6b7ce0192dd4ad270655969d61750"},"headline":"Edital AMAZUL encerra inscri\u00e7\u00f5es; Provas em mar\u00e7o!","datePublished":"2022-03-07T02:59:00+00:00","dateModified":"2025-10-14T19:34:29+00:00","mainEntityOfPage":{"@id":"https:\/\/www.estrategiaconcursos.com.br\/blog\/edital-amazul\/"},"wordCount":1124,"commentCount":0,"publisher":{"@id":"https:\/\/www.estrategiaconcursos.com.br\/blog\/#organization"},"image":{"@id":"https:\/\/www.estrategiaconcursos.com.br\/blog\/edital-amazul\/#primaryimage"},"thumbnailUrl":"https:\/\/dhg1h5j42swfq.cloudfront.net\/2021\/03\/30113751\/amazul.jpg","articleSection":["Executivo (Administrativa)","\u00daltimas not\u00edcias"],"inLanguage":"pt-BR","potentialAction":[{"@type":"CommentAction","name":"Comment","target":["https:\/\/www.estrategiaconcursos.com.br\/blog\/edital-amazul\/#respond"]}],"copyrightYear":"2022","copyrightHolder":{"@id":"https:\/\/www.estrategiaconcursos.com.br\/blog\/#organization"}},{"@type":"WebPage","@id":"https:\/\/www.estrategiaconcursos.com.br\/blog\/edital-amazul\/","url":"https:\/\/www.estrategiaconcursos.com.br\/blog\/edital-amazul\/","name":"Edital AMAZUL encerra inscri\u00e7\u00f5es; Provas em mar\u00e7o!","isPartOf":{"@id":"https:\/\/www.estrategiaconcursos.com.br\/blog\/#website"},"primaryImageOfPage":{"@id":"https:\/\/www.estrategiaconcursos.com.br\/blog\/edital-amazul\/#primaryimage"},"image":{"@id":"https:\/\/www.estrategiaconcursos.com.br\/blog\/edital-amazul\/#primaryimage"},"thumbnailUrl":"https:\/\/dhg1h5j42swfq.cloudfront.net\/2021\/03\/30113751\/amazul.jpg","datePublished":"2022-03-07T02:59:00+00:00","dateModified":"2025-10-14T19:34:29+00:00","description":"Edital AMAZUL: inscri\u00e7\u00f5es encerradas no site da banca organizadora, o Instituto Selecon. Provas ser\u00e3o aplicadas no final do m\u00eas.","breadcrumb":{"@id":"https:\/\/www.estrategiaconcursos.com.br\/blog\/edital-amazul\/#breadcrumb"},"inLanguage":"pt-BR","potentialAction":[{"@type":"ReadAction","target":["https:\/\/www.estrategiaconcursos.com.br\/blog\/edital-amazul\/"]}]},{"@type":"ImageObject","inLanguage":"pt-BR","@id":"https:\/\/www.estrategiaconcursos.com.br\/blog\/edital-amazul\/#primaryimage","url":"https:\/\/dhg1h5j42swfq.cloudfront.net\/2021\/03\/30113751\/amazul.jpg","contentUrl":"https:\/\/dhg1h5j42swfq.cloudfront.net\/2021\/03\/30113751\/amazul.jpg","width":1200,"height":628,"caption":"Edital Amazul"},{"@type":"BreadcrumbList","@id":"https:\/\/www.estrategiaconcursos.com.br\/blog\/edital-amazul\/#breadcrumb","itemListElement":[{"@type":"ListItem","position":1,"name":"In\u00edcio","item":"https:\/\/www.estrategiaconcursos.com.br\/blog\/"},{"@type":"ListItem","position":2,"name":"Edital AMAZUL encerra inscri\u00e7\u00f5es; Provas em mar\u00e7o!"}]},{"@type":"WebSite","@id":"https:\/\/www.estrategiaconcursos.com.br\/blog\/#website","url":"https:\/\/www.estrategiaconcursos.com.br\/blog\/","name":"Estrat\u00e9gia Concursos","description":"O blog da Estrat\u00e9gia Concursos traz not\u00edcias sobre concursos e artigos de professores oferecendo cursos para concursos (pdf + videaulas) no site.","publisher":{"@id":"https:\/\/www.estrategiaconcursos.com.br\/blog\/#organization"},"potentialAction":[{"@type":"SearchAction","target":{"@type":"EntryPoint","urlTemplate":"https:\/\/www.estrategiaconcursos.com.br\/blog\/?s={search_term_string}"},"query-input":{"@type":"PropertyValueSpecification","valueRequired":true,"valueName":"search_term_string"}}],"inLanguage":"pt-BR"},{"@type":"Organization","@id":"https:\/\/www.estrategiaconcursos.com.br\/blog\/#organization","name":"Estrat\u00e9gia Concursos","url":"https:\/\/www.estrategiaconcursos.com.br\/blog\/","logo":{"@type":"ImageObject","inLanguage":"pt-BR","@id":"https:\/\/www.estrategiaconcursos.com.br\/blog\/#\/schema\/logo\/image\/","url":"https:\/\/dhg1h5j42swfq.cloudfront.net\/2025\/06\/03203428\/logo_concursos-1.jpg","contentUrl":"https:\/\/dhg1h5j42swfq.cloudfront.net\/2025\/06\/03203428\/logo_concursos-1.jpg","width":230,"height":60,"caption":"Estrat\u00e9gia Concursos"},"image":{"@id":"https:\/\/www.estrategiaconcursos.com.br\/blog\/#\/schema\/logo\/image\/"},"sameAs":["https:\/\/x.com\/EstratConcursos"]},{"@type":"Person","@id":"https:\/\/www.estrategiaconcursos.com.br\/blog\/#\/schema\/person\/e3b6b7ce0192dd4ad270655969d61750","name":"F\u00e1bio Scaldelai","image":{"@type":"ImageObject","inLanguage":"pt-BR","@id":"https:\/\/secure.gravatar.com\/avatar\/8ed7492c4d88d8495bc0cb24cda6847b8ae23eec459a919e08e77d0ca0fd79ec?s=96&d=mm&r=g","url":"https:\/\/secure.gravatar.com\/avatar\/8ed7492c4d88d8495bc0cb24cda6847b8ae23eec459a919e08e77d0ca0fd79ec?s=96&d=mm&r=g","contentUrl":"https:\/\/secure.gravatar.com\/avatar\/8ed7492c4d88d8495bc0cb24cda6847b8ae23eec459a919e08e77d0ca0fd79ec?s=96&d=mm&r=g","caption":"F\u00e1bio Scaldelai"},"description":"Jornalista no Estrat\u00e9gia Concursos e Produtor de Televis\u00e3o, formado em Jornalismo, R\u00e1dio e TV pela Faculdade Integrada Rio Branco, com especializa\u00e7\u00f5es em Gest\u00e3o Empresarial e Marketing pelo M\u00f3dulo. Atuou como produtor no SBT, TV Bandeirantes e R\u00e1dio Band FM, al\u00e9m de acumular tr\u00eas anos de experi\u00eancia no setor de concursos p\u00fablicos pela LFG (Luiz Fl\u00e1vio Gomes). No Estrat\u00e9gia Concursos, atua na apura\u00e7\u00e3o de not\u00edcias da \u00e1rea fiscal, al\u00e9m de coberturas sobre concursos das \u00e1reas de controle (TCU, TCE, etc), concurso AFT, \u00e1rea de gest\u00e3o e administrativa, bem como dos \u00f3rg\u00e3os participantes do CNU. Tamb\u00e9m possui experi\u00eancia em link building e an\u00e1lise de m\u00eddia, adquirida durante sua atua\u00e7\u00e3o na ag\u00eancia SEO Marketing.","url":"https:\/\/www.estrategiaconcursos.com.br\/blog\/author\/fabio-scaldelaiestrategiaconcursos-com-br\/"}]}},"_links":{"self":[{"href":"https:\/\/www.estrategiaconcursos.com.br\/blog\/wp-json\/wp\/v2\/posts\/953831","targetHints":{"allow":["GET"]}}],"collection":[{"href":"https:\/\/www.estrategiaconcursos.com.br\/blog\/wp-json\/wp\/v2\/posts"}],"about":[{"href":"https:\/\/www.estrategiaconcursos.com.br\/blog\/wp-json\/wp\/v2\/types\/post"}],"author":[{"embeddable":true,"href":"https:\/\/www.estrategiaconcursos.com.br\/blog\/wp-json\/wp\/v2\/users\/656"}],"replies":[{"embeddable":true,"href":"https:\/\/www.estrategiaconcursos.com.br\/blog\/wp-json\/wp\/v2\/comments?post=953831"}],"version-history":[{"count":32,"href":"https:\/\/www.estrategiaconcursos.com.br\/blog\/wp-json\/wp\/v2\/posts\/953831\/revisions"}],"predecessor-version":[{"id":982111,"href":"https:\/\/www.estrategiaconcursos.com.br\/blog\/wp-json\/wp\/v2\/posts\/953831\/revisions\/982111"}],"wp:featuredmedia":[{"embeddable":true,"href":"https:\/\/www.estrategiaconcursos.com.br\/blog\/wp-json\/wp\/v2\/media\/704515"}],"wp:attachment":[{"href":"https:\/\/www.estrategiaconcursos.com.br\/blog\/wp-json\/wp\/v2\/media?parent=953831"}],"wp:term":[{"taxonomy":"category","embeddable":true,"href":"https:\/\/www.estrategiaconcursos.com.br\/blog\/wp-json\/wp\/v2\/categories?post=953831"},{"taxonomy":"post_tag","embeddable":true,"href":"https:\/\/www.estrategiaconcursos.com.br\/blog\/wp-json\/wp\/v2\/tags?post=953831"},{"taxonomy":"tax_estado","embeddable":true,"href":"https:\/\/www.estrategiaconcursos.com.br\/blog\/wp-json\/wp\/v2\/tax_estado?post=953831"}],"curies":[{"name":"wp","href":"https:\/\/api.w.org\/{rel}","templated":true}]}}