{"id":95342,"date":"2018-06-20T04:00:13","date_gmt":"2018-06-20T07:00:13","guid":{"rendered":"https:\/\/www.estrategiaconcursos.com.br\/blog\/?p=95342"},"modified":"2026-01-28T16:39:21","modified_gmt":"2026-01-28T19:39:21","slug":"concurso-bombeiros-2018-es-projeto-basico","status":"publish","type":"post","link":"https:\/\/www.estrategiaconcursos.com.br\/blog\/concurso-bombeiros-2018-es-projeto-basico\/","title":{"rendered":"Concurso Bombeiros ES: projeto b\u00e1sico \u00e9 publicado com 127 vagas para Oficial e Soldado"},"content":{"rendered":"<p>Nesta quinta-feira, 20 de junho, foi publicado o edital dos cargos de&nbsp;<strong>Oficial e Soldado Combatente do Corpo de Bombeiros ES<\/strong>. Ser\u00e3o ofertadas <strong>07 vagas para Oficial<\/strong> e <strong>120 vagas para Soldado<\/strong>.<\/p>\n<p>Segundo o edital publicado pela banca organizadora do certame, AOCP, as inscri\u00e7\u00f5es ser\u00e3o abertas no dia 25\/06, e seguem at\u00e9 o dia 26\/07.<\/p>\n<p>As&nbsp;<strong>inscri\u00e7\u00f5es<\/strong> estar\u00e3o abertas a partir do dia <strong>25 de junho<\/strong> e segue at\u00e9 o dia <strong>26 de julho<\/strong>, observando o hor\u00e1rio de Bras\u00edlia.<\/p>\n<p>As taxas de inscri\u00e7\u00e3o s\u00e3o de:R$120,00 para o cargo de Oficial e de R$ 60,00 para Soldado<\/p>\n<p>&nbsp;<\/p>\n<p>As <strong>provas objetivas e dissertativas<\/strong> j\u00e1 est\u00e3o previstas para ocorrer no dia <strong>26 de agosto.&nbsp;<\/strong><\/p>\n<p>Voc\u00ea encontra todas as informa\u00e7\u00f5es sobre as provas clicando no link abaixo:<\/p>\n<p style=\"text-align: center;\"><span style=\"font-size: 18pt;\"><em><strong><a href=\"https:\/\/www.estrategiaconcursos.com.br\/blog\/edital-bombeiros-es-2018\/\" target=\"_blank\" rel=\"noopener noreferrer\">Tudo sobre o edital dos Bombeiros<\/a><\/strong><\/em><\/span><\/p>\n<p>&nbsp;<\/p>\n<h3>Relembre a situa\u00e7\u00e3o urgente na seguran\u00e7a que mostrou a necessidade de concursos<\/h3>\n<p>No dia 8 de junho, foi publicado no Di\u00e1rio Legislativo do Estado do Esp\u00edrito Santo uma discuss\u00e3o parlamentar sobre a situa\u00e7\u00e3o da seguran\u00e7a p\u00fablica. Em pauta estava o&nbsp;Projeto de Lei n.\u00ba 133\/2018, que visa ceder ao governo um empr\u00e9stimo junto ao BNDES.<\/p>\n<p><img loading=\"lazy\" decoding=\"async\" class=\"alignnone size-full wp-image-125269\" src=\"https:\/\/dhg1h5j42swfq.cloudfront.net\/2018\/04\/08171848\/Concurso-Bombeiros-ES.jpg\" alt=\"concurso bombeiro \" width=\"378\" height=\"314\" srcset=\"https:\/\/dhg1h5j42swfq.cloudfront.net\/2018\/04\/08171848\/Concurso-Bombeiros-ES.jpg 378w, https:\/\/dhg1h5j42swfq.cloudfront.net\/2018\/04\/08171848\/Concurso-Bombeiros-ES.jpg 300w\" sizes=\"auto, (max-width: 378px) 100vw, 378px\" \/><\/p>\n<p>O valor do empr\u00e9stimo \u00e9 de R$188 milh\u00f5es, sendo inclusos mais R$40 milh\u00f5es por parte do pr\u00f3prio Governo. O investimento seria em \u00e1reas que ainda carecem de estrutura, mesmo ap\u00f3s o Estado ter realizado o maior investimento de sua hist\u00f3ria em seguran\u00e7a p\u00fablica.<\/p>\n<p>Todos os deputados presentes votaram \u00e0 favor do projeto, mas a maioria fez ressalvas, destacando a necessidade do dinheiro ser distribu\u00eddo de forma justa, e que n\u00e3o apenas Pol\u00edcia Militar e Civil recebessem investimentos, mas que os Bombeiros tamb\u00e9m fossem inclu\u00eddos.<\/p>\n<p>Foi proposto tamb\u00e9m a realiza\u00e7\u00e3o de mais concursos p\u00fablicos, para trazer mais pessoas qualificadas para o setor. Com a urg\u00eancia, \u00e9 poss\u00edvel que o edital do concurso Bombeiros ES seja publicado em breve<\/p>\n<h2>O que \u00e9 necess\u00e1rio para fazer parte do Corpo de Bombeiros ES<\/h2>\n<p style=\"text-align: left;\"><span style=\"color: #000000;\"><span style=\"text-decoration: underline;\">Para o cargo de Oficial \u00e9 necess\u00e1rio<\/span>:&nbsp;ter idade m\u00ednima de 17 anos e m\u00e1xima de 25 anos, at\u00e9 a data da&nbsp;Incorpora\u00e7\u00e3o, se civil. Se Militar Estadual da Ativa no Esp\u00edrito Santo, descontado o tempo de&nbsp;efetivo servi\u00e7o prestado \u00e0 Corpora\u00e7\u00e3o, atinja a idade m\u00e1xima de 25 anos, at\u00e9 a data&nbsp;da matr\u00edcula no Curso de Forma\u00e7\u00e3o de Oficiais.<\/span><\/p>\n<p style=\"text-align: left;\"><span style=\"color: #000000;\"><span style=\"text-decoration: underline;\">Para o cargo de Soldado<\/span>:&nbsp;ter, no m\u00ednimo, 18 anos de idade e, no m\u00e1ximo, 28 anos de idade;<\/span><\/p>\n<h3>Remunera\u00e7\u00e3o<\/h3>\n<p><img loading=\"lazy\" decoding=\"async\" class=\"alignnone size-full wp-image-118366\" src=\"https:\/\/dhg1h5j42swfq.cloudfront.net\/2018\/04\/26143702\/remunera%C3%A7%C3%A3o2.jpg\" alt=\"\" width=\"822\" height=\"550\" srcset=\"https:\/\/dhg1h5j42swfq.cloudfront.net\/2018\/04\/26143702\/remunera%C3%A7%C3%A3o2.jpg 822w, https:\/\/dhg1h5j42swfq.cloudfront.net\/2018\/04\/26143702\/remunera%C3%A7%C3%A3o2.jpg 300w, https:\/\/dhg1h5j42swfq.cloudfront.net\/2018\/04\/26143702\/remunera%C3%A7%C3%A3o2.jpg 768w, https:\/\/dhg1h5j42swfq.cloudfront.net\/2018\/04\/26143702\/remunera%C3%A7%C3%A3o2.jpg 610w\" sizes=\"auto, (max-width: 822px) 100vw, 822px\" \/><\/p>\n<h2>O Termo de Refer\u00eancia<\/h2>\n<p>De acordo com o termo para contrata\u00e7\u00e3o da banca organizadora, o certame ocorrer\u00e1 da seguinte forma:<\/p>\n<h3 style=\"text-align: justify;\">Etapas para o cargo de Oficial<\/h3>\n<p style=\"text-align: justify;\">Comum para os dois cargos:<\/p>\n<ol style=\"text-align: justify;\">\n<li style=\"text-align: left;\"><strong>Primeira Etapa:<\/strong><br \/>\nI) Exame intelectual com a aplica\u00e7\u00e3o de prova objetiva e prova de reda\u00e7\u00e3o a todos&nbsp;os candidatos inscritos, com o resultado em ordem classificat\u00f3ria decrescente;<\/li>\n<li style=\"text-align: left;\"><strong>Segunda Etapa:<\/strong><br \/>\nI) <strong>Oficial<\/strong>: Recebimento de toda a&nbsp;documenta\u00e7\u00e3o exigida e aferi\u00e7\u00e3o de idade dos candidatos aprovados e&nbsp;classificados na 1\u00aa etapa dos cinco concursos p\u00fablicos;<br \/>\nII) <strong>Soldado<\/strong>: al\u00e9m da aferi\u00e7\u00e3o de idade, h\u00e1 tamb\u00e9m, a confer\u00eancia e&nbsp;registro da pontua\u00e7\u00e3o inerente \u00e0 categoria da Carteira Nacional de Habilita\u00e7\u00e3o (CNH), a fim&nbsp;de compor a nota da prova de t\u00edtulos para esse cargo.<\/li>\n<li style=\"text-align: left;\"><strong>Terceira Etapa:<\/strong><br \/>\nAplica\u00e7\u00e3o de Exame de Aptid\u00e3o F\u00edsica nos candidatos aprovados na 2\u00aa etapa&nbsp;observando a regra de propor\u00e7\u00e3o de candidatos por vaga estabelecida<\/li>\n<li style=\"text-align: left;\"><strong>Quarta Etapa:<\/strong><br \/>\nAplica\u00e7\u00e3o de Exame de Avalia\u00e7\u00e3o Psicossom\u00e1tica (Psicol\u00f3gica) nos candidatos&nbsp;aprovados na 3\u00aa etapa, objetivando-se o provimento das vagas&nbsp;autorizadas, que ainda passar\u00e3o pelas seguintes avalia\u00e7\u00f5es: Inspe\u00e7\u00e3o de Sa\u00fade;&nbsp;Exame Toxicol\u00f3gico;&nbsp;Investiga\u00e7\u00e3o Social; Apresenta\u00e7\u00e3o ao Depto de RH, para inscri\u00e7\u00e3o no Curso de&nbsp;Forma\u00e7\u00e3o;&nbsp;Curso de Forma\u00e7\u00e3o de Oficiais do CBMES.<\/li>\n<\/ol>\n<h3 style=\"text-align: justify;\">As Provas<\/h3>\n<p>Os locais para realiza\u00e7\u00e3o da <em>primeira etapa do concurso<\/em> <strong>dever\u00e3o<\/strong> estar&nbsp;localizados obrigatoriamente nas cidades de:<\/p>\n<p>a) Cachoeiro de Itapemirim;<br \/>\nb) Colatina;<br \/>\nc) Linhares;<br \/>\nd) Nova Ven\u00e9cia;<br \/>\ne) S\u00e3o Mateus;<br \/>\nf) Venda Nova do Imigrante;<br \/>\ng) Regi\u00e3o Metropolitana da Grande Vit\u00f3ria (Vit\u00f3ria, Cariacica, Serra ou Vila&nbsp;Velha).<\/p>\n<p><em><strong>Obs.:<\/strong><\/em> As demais etapas ser\u00e3o realizadas exclusivamente na Regi\u00e3o Metropolitana&nbsp;da Grande Vit\u00f3ria (Vit\u00f3ria, Cariacica, Serra ou Vila Velha).<\/p>\n<p><strong> Do exame intelectual &#8211; prova objetiva e reda\u00e7\u00e3o (1\u00aa Etapa) &#8211; OFICIAIS<\/strong><\/p>\n<p>A prova objetiva totalizar\u00e1 80 quest\u00f5es, cujo conte\u00fado dever\u00e1 ser&nbsp;distribu\u00eddo da seguinte forma:<\/p>\n<ul>\n<li>20 quest\u00f5es na \u00e1rea&nbsp;de Ci\u00eancias Humanas e suas tecnologias,<\/li>\n<li>20 quest\u00f5es na \u00e1rea de ci\u00eancias da&nbsp;natureza e suas tecnologias,<\/li>\n<li>20 quest\u00f5es na \u00e1rea de linguagens, c\u00f3digos e&nbsp;suas tecnologias, e<\/li>\n<li>20 quest\u00f5es na \u00e1rea de Matem\u00e1tica e suas tecnologias.<\/li>\n<\/ul>\n<p>As quest\u00f5es dever\u00e3o conter cinco alternativas de respostas e somente uma correta, totalizando 80 pontos.&nbsp;A reda\u00e7\u00e3o ser\u00e1 valorada de 0 a 40 pontos.<\/p>\n<p><strong>Do exame intelectual &#8211; prova objetiva e reda\u00e7\u00e3o (1\u00aa Etapa) &#8211; SOLDADO<\/strong><\/p>\n<p>As 80 quest\u00f5es objetivas ser\u00e3o divididas entre:<\/p>\n<ul>\n<li>40 quest\u00f5es da disciplina de&nbsp;L\u00edngua Portuguesa;<\/li>\n<li>40 quest\u00f5es da disciplina de Matem\u00e1tica.<\/li>\n<\/ul>\n<p>As quest\u00f5es dever\u00e3o&nbsp;conter cinco alternativas de respostas e somente uma correta, totalizando&nbsp;80 pontos a prova objetiva. A reda\u00e7\u00e3o ser\u00e1 valorada em 40 pontos, .<\/p>\n<hr \/>\n<h2 style=\"text-align: justify;\">\u00daltimo Concurso Bombeiros ES<\/h2>\n<p style=\"text-align: left;\">Realizado em 2011 pelo Cespe, os dois editais publicados para cargos no Corpo de Bombeiros Militar do Esp\u00edrito Santo ofereceram 228 vagas, sendo 220 para Soldado e 08 para Oficial Combatente.<\/p>\n<h3>Demanda por Vaga<\/h3>\n<p>Juntos, os dois editais somaram um total de <strong>11.327 inscritos<\/strong>. Veja nas imagens abaixo, a rela\u00e7\u00e3o de candidatos por vaga oferecida:<\/p>\n<p><img loading=\"lazy\" decoding=\"async\" class=\"alignnone size-full wp-image-118367\" src=\"https:\/\/dhg1h5j42swfq.cloudfront.net\/2018\/04\/26145001\/cbm.jpg\" alt=\"\" width=\"782\" height=\"61\" srcset=\"https:\/\/dhg1h5j42swfq.cloudfront.net\/2018\/04\/26145001\/cbm.jpg 782w, https:\/\/dhg1h5j42swfq.cloudfront.net\/2018\/04\/26145001\/cbm.jpg 300w, https:\/\/dhg1h5j42swfq.cloudfront.net\/2018\/04\/26145001\/cbm.jpg 768w, https:\/\/dhg1h5j42swfq.cloudfront.net\/2018\/04\/26145001\/cbm.jpg 610w\" sizes=\"auto, (max-width: 782px) 100vw, 782px\" \/><\/p>\n<p><img loading=\"lazy\" decoding=\"async\" class=\"alignnone size-full wp-image-118368\" src=\"https:\/\/dhg1h5j42swfq.cloudfront.net\/2018\/04\/26145259\/soldado.jpg\" alt=\"\" width=\"782\" height=\"60\" srcset=\"https:\/\/dhg1h5j42swfq.cloudfront.net\/2018\/04\/26145259\/soldado.jpg 782w, https:\/\/dhg1h5j42swfq.cloudfront.net\/2018\/04\/26145259\/soldado.jpg 300w, https:\/\/dhg1h5j42swfq.cloudfront.net\/2018\/04\/26145259\/soldado.jpg 768w, https:\/\/dhg1h5j42swfq.cloudfront.net\/2018\/04\/26145259\/soldado.jpg 610w\" sizes=\"auto, (max-width: 782px) 100vw, 782px\" \/><\/p>\n<p><span style=\"font-size: 14pt;\"><span style=\"font-size: 18pt;\">\u21d2&nbsp;<\/span>Al\u00e9m do Concurso Bombeiros ES, ser\u00e1 lan\u00e7ado edital para a Pol\u00edcia Militar do Estado&nbsp;e e voc\u00ea&nbsp;&nbsp;que voc\u00ea pode conferir clicando no link:<\/span><\/p>\n<p style=\"text-align: center;\"><span style=\"font-size: 18pt;\"><span style=\"text-decoration: underline;\"><strong><a href=\"https:\/\/www.estrategiaconcursos.com.br\/blog\/concurso-pm-es\/\" target=\"_blank\" rel=\"noopener noreferrer\">Concurso PM ES 2018<\/a><\/strong><\/span><\/span><\/p>\n<h3><img loading=\"lazy\" decoding=\"async\" class=\"alignnone\" src=\"https:\/\/www.estrategiaconcursos.com.br\/blog\/wp-content\/uploads\/2017\/01\/coruja-ficha-tecnica-300x102.png\" alt=\"Concurso Bombeiros ES 2018\" width=\"300\" height=\"102\"\/><\/h3>\n<p><strong>\u2666Informa\u00e7\u00f5es do Pr\u00f3ximo Concurso<\/strong><\/p>\n<p>\u25baData da prova: <strong>a definir<\/strong><br \/>\n\u25baVagas: <strong>127<\/strong><br \/>\n\u25baLota\u00e7\u00f5es: <strong>Esp\u00edrito Santo<\/strong><br \/>\n\u25baRequisito: <strong>N\u00edvel M\u00e9dio<\/strong><br \/>\n\u25baBanca: <strong>AOCP<\/strong><br \/>\n\u25baTermo de Refer\u00eancia:&nbsp;<strong><a href=\"https:\/\/www.estrategiaconcursos.com.br\/blog\/wp-content\/uploads\/2018\/03\/TERMO-DE-REFERENCIA-CONCURSOS-PM-e-CBM-2018-FEV.2018.pdf\" target=\"_blank\" rel=\"noopener noreferrer\">Termo CBM ES 2018<\/a><\/strong><\/p>\n<p><strong>\u25baEditais 2011:<\/strong>&nbsp;<a href=\"https:\/\/www.estrategiaconcursos.com.br\/blog\/wp-content\/uploads\/2017\/11\/Edital-CBM-ES-2011-Oficial.pdf\" target=\"_blank\" rel=\"noopener noreferrer\">Edital CBM ES 2011 &#8211; Oficial<\/a>&nbsp;<strong>\/<\/strong> <a href=\"https:\/\/www.estrategiaconcursos.com.br\/blog\/wp-content\/uploads\/2017\/11\/Edital-CBM-ES-2011-Pra\u00e7a.pdf\" target=\"_blank\" rel=\"noopener noreferrer\">Edital CBM ES 2011 Pra\u00e7a<\/a><\/p>\n<p>Nat\u00e1lia Scarano<em><br \/>\n<\/em><em>Ascom Estrat\u00e9gia<\/em><br \/>\n<em>ascomestrategia@gmail.com<\/em><\/p>\n<hr \/>\n<p style=\"text-align: center;\"><span style=\"font-size: 18pt;\"><em><strong>Receba not\u00edcias de Concursos no seu WhatsApp e\/ou Telegram!<\/strong><\/em><\/span><\/p>\n<p style=\"text-align: center;\"><em><strong><span style=\"font-size: 14pt;\">Cadastre-se clicando no \u00edcone abaixo<\/span><br \/>\n<a href=\"https:\/\/www.estrategiaconcursos.com.br\/blog\/noticias-de-concursos-whatsapp-estrategia-concursos\/\" target=\"_blank\" rel=\"noopener noreferrer\"><img loading=\"lazy\" decoding=\"async\" class=\"aligncenter wp-image-112824 \" src=\"https:\/\/www.estrategiaconcursos.com.br\/blog\/wp-content\/uploads\/2018\/03\/whatsapptelegram.png\" alt=\"\" width=\"220\" height=\"124\"\/><\/a><br \/>\n<\/strong><\/em><a href=\"https:\/\/www.estrategiaconcursos.com.br\/blog\/noticias-de-concursos-whatsapp-estrategia-concursos\/\" target=\"_blank\" rel=\"noopener noreferrer\">Not\u00edcias de concursos no seu WhatsApp e\/ou Telegram<\/a><\/p>\n","protected":false},"excerpt":{"rendered":"<p>Nesta quinta-feira, 20 de junho, foi publicado o edital dos cargos de&nbsp;Oficial e Soldado Combatente do Corpo de Bombeiros ES. Ser\u00e3o ofertadas 07 vagas para Oficial e 120 vagas para Soldado. Segundo o edital publicado pela banca organizadora do certame, AOCP, as inscri\u00e7\u00f5es ser\u00e3o abertas no dia 25\/06, e seguem at\u00e9 o dia 26\/07. As&nbsp;inscri\u00e7\u00f5es [&hellip;]<\/p>\n","protected":false},"author":1,"featured_media":118364,"comment_status":"open","ping_status":"open","sticky":false,"template":"","format":"standard","meta":{"post_tipo":"news","footnotes":""},"categories":[1],"tags":[3593],"tax_estado":[],"class_list":["post-95342","post","type-post","status-publish","format-standard","has-post-thumbnail","hentry","category-cursos-e-concursos","tag-bombeiros-es"],"acf":[],"yoast_head":"<!-- This site is optimized with the Yoast SEO Premium plugin v27.2 (Yoast SEO v27.2) - https:\/\/yoast.com\/product\/yoast-seo-premium-wordpress\/ -->\n<title>Concurso Bombeiros ES: projeto b\u00e1sico \u00e9 publicado com 127 vagas para Oficial e Soldado<\/title>\n<meta name=\"description\" content=\"Concurso Bombeiros ES: Ap\u00f3s discuss\u00e3o sobre a situa\u00e7\u00e3o de seguran\u00e7a do Estado, o edital do concurso foi revelado pela banca organizadora\" \/>\n<meta name=\"robots\" content=\"index, follow, max-snippet:-1, max-image-preview:large, max-video-preview:-1\" \/>\n<link rel=\"canonical\" href=\"https:\/\/www.estrategiaconcursos.com.br\/blog\/concurso-bombeiros-2018-es-projeto-basico\/\" \/>\n<meta property=\"og:locale\" content=\"pt_BR\" \/>\n<meta property=\"og:type\" content=\"article\" \/>\n<meta property=\"og:title\" content=\"Concurso Bombeiros ES: projeto b\u00e1sico \u00e9 publicado com 127 vagas para Oficial e Soldado\" \/>\n<meta property=\"og:description\" content=\"Concurso Bombeiros ES: Ap\u00f3s discuss\u00e3o sobre a situa\u00e7\u00e3o de seguran\u00e7a do Estado, o edital do concurso foi revelado pela banca organizadora\" \/>\n<meta property=\"og:url\" content=\"https:\/\/www.estrategiaconcursos.com.br\/blog\/concurso-bombeiros-2018-es-projeto-basico\/\" \/>\n<meta property=\"og:site_name\" content=\"Estrat\u00e9gia Concursos\" \/>\n<meta property=\"article:author\" content=\"https:\/\/www.facebook.com\/EstrategiaConcursos\" \/>\n<meta property=\"article:published_time\" content=\"2018-06-20T07:00:13+00:00\" \/>\n<meta property=\"article:modified_time\" content=\"2026-01-28T19:39:21+00:00\" \/>\n<meta property=\"og:image\" content=\"https:\/\/dhg1h5j42swfq.cloudfront.net\/2018\/04\/26143214\/jornalismo-BOMBEIROS-BANCA-e1529525448488.png\" \/>\n\t<meta property=\"og:image:width\" content=\"400\" \/>\n\t<meta property=\"og:image:height\" content=\"209\" \/>\n\t<meta property=\"og:image:type\" content=\"image\/png\" \/>\n<meta name=\"author\" content=\"Coordena\u00e7\u00e3o\" \/>\n<meta name=\"twitter:card\" content=\"summary_large_image\" \/>\n<meta name=\"twitter:creator\" content=\"@EstratConcursos\" \/>\n<meta name=\"twitter:site\" content=\"@EstratConcursos\" \/>\n<meta name=\"twitter:label1\" content=\"Escrito por\" \/>\n\t<meta name=\"twitter:data1\" content=\"Coordena\u00e7\u00e3o\" \/>\n\t<meta name=\"twitter:label2\" content=\"Est. tempo de leitura\" \/>\n\t<meta name=\"twitter:data2\" content=\"5 minutos\" \/>\n<script type=\"application\/ld+json\" class=\"yoast-schema-graph\">{\"@context\":\"https:\/\/schema.org\",\"@graph\":[{\"@type\":\"NewsArticle\",\"@id\":\"https:\/\/www.estrategiaconcursos.com.br\/blog\/concurso-bombeiros-2018-es-projeto-basico\/#article\",\"isPartOf\":{\"@id\":\"https:\/\/www.estrategiaconcursos.com.br\/blog\/concurso-bombeiros-2018-es-projeto-basico\/\"},\"author\":{\"name\":\"Coordena\u00e7\u00e3o\",\"@id\":\"https:\/\/www.estrategiaconcursos.com.br\/blog\/#\/schema\/person\/b4a388c97673c5f483d72185668afa1f\"},\"headline\":\"Concurso Bombeiros ES: projeto b\u00e1sico \u00e9 publicado com 127 vagas para Oficial e Soldado\",\"datePublished\":\"2018-06-20T07:00:13+00:00\",\"dateModified\":\"2026-01-28T19:39:21+00:00\",\"mainEntityOfPage\":{\"@id\":\"https:\/\/www.estrategiaconcursos.com.br\/blog\/concurso-bombeiros-2018-es-projeto-basico\/\"},\"wordCount\":1104,\"commentCount\":3,\"publisher\":{\"@id\":\"https:\/\/www.estrategiaconcursos.com.br\/blog\/#organization\"},\"image\":{\"@id\":\"https:\/\/www.estrategiaconcursos.com.br\/blog\/concurso-bombeiros-2018-es-projeto-basico\/#primaryimage\"},\"thumbnailUrl\":\"https:\/\/dhg1h5j42swfq.cloudfront.net\/2018\/04\/26143214\/jornalismo-BOMBEIROS-BANCA-e1529525448488.png\",\"keywords\":[\"Bombeiros ES\"],\"articleSection\":[\"Concursos P\u00fablicos\"],\"inLanguage\":\"pt-BR\",\"potentialAction\":[{\"@type\":\"CommentAction\",\"name\":\"Comment\",\"target\":[\"https:\/\/www.estrategiaconcursos.com.br\/blog\/concurso-bombeiros-2018-es-projeto-basico\/#respond\"]}],\"copyrightYear\":\"2018\",\"copyrightHolder\":{\"@id\":\"https:\/\/www.estrategiaconcursos.com.br\/blog\/#organization\"}},{\"@type\":\"WebPage\",\"@id\":\"https:\/\/www.estrategiaconcursos.com.br\/blog\/concurso-bombeiros-2018-es-projeto-basico\/\",\"url\":\"https:\/\/www.estrategiaconcursos.com.br\/blog\/concurso-bombeiros-2018-es-projeto-basico\/\",\"name\":\"Concurso Bombeiros ES: projeto b\u00e1sico \u00e9 publicado com 127 vagas para Oficial e Soldado\",\"isPartOf\":{\"@id\":\"https:\/\/www.estrategiaconcursos.com.br\/blog\/#website\"},\"primaryImageOfPage\":{\"@id\":\"https:\/\/www.estrategiaconcursos.com.br\/blog\/concurso-bombeiros-2018-es-projeto-basico\/#primaryimage\"},\"image\":{\"@id\":\"https:\/\/www.estrategiaconcursos.com.br\/blog\/concurso-bombeiros-2018-es-projeto-basico\/#primaryimage\"},\"thumbnailUrl\":\"https:\/\/dhg1h5j42swfq.cloudfront.net\/2018\/04\/26143214\/jornalismo-BOMBEIROS-BANCA-e1529525448488.png\",\"datePublished\":\"2018-06-20T07:00:13+00:00\",\"dateModified\":\"2026-01-28T19:39:21+00:00\",\"description\":\"Concurso Bombeiros ES: Ap\u00f3s discuss\u00e3o sobre a situa\u00e7\u00e3o de seguran\u00e7a do Estado, o edital do concurso foi revelado pela banca organizadora\",\"breadcrumb\":{\"@id\":\"https:\/\/www.estrategiaconcursos.com.br\/blog\/concurso-bombeiros-2018-es-projeto-basico\/#breadcrumb\"},\"inLanguage\":\"pt-BR\",\"potentialAction\":[{\"@type\":\"ReadAction\",\"target\":[\"https:\/\/www.estrategiaconcursos.com.br\/blog\/concurso-bombeiros-2018-es-projeto-basico\/\"]}]},{\"@type\":\"ImageObject\",\"inLanguage\":\"pt-BR\",\"@id\":\"https:\/\/www.estrategiaconcursos.com.br\/blog\/concurso-bombeiros-2018-es-projeto-basico\/#primaryimage\",\"url\":\"https:\/\/dhg1h5j42swfq.cloudfront.net\/2018\/04\/26143214\/jornalismo-BOMBEIROS-BANCA-e1529525448488.png\",\"contentUrl\":\"https:\/\/dhg1h5j42swfq.cloudfront.net\/2018\/04\/26143214\/jornalismo-BOMBEIROS-BANCA-e1529525448488.png\",\"width\":400,\"height\":209,\"caption\":\"concurso bombeiros es\"},{\"@type\":\"BreadcrumbList\",\"@id\":\"https:\/\/www.estrategiaconcursos.com.br\/blog\/concurso-bombeiros-2018-es-projeto-basico\/#breadcrumb\",\"itemListElement\":[{\"@type\":\"ListItem\",\"position\":1,\"name\":\"In\u00edcio\",\"item\":\"https:\/\/www.estrategiaconcursos.com.br\/blog\/\"},{\"@type\":\"ListItem\",\"position\":2,\"name\":\"Concurso Bombeiros ES: projeto b\u00e1sico \u00e9 publicado com 127 vagas para Oficial e Soldado\"}]},{\"@type\":\"WebSite\",\"@id\":\"https:\/\/www.estrategiaconcursos.com.br\/blog\/#website\",\"url\":\"https:\/\/www.estrategiaconcursos.com.br\/blog\/\",\"name\":\"Estrat\u00e9gia Concursos\",\"description\":\"O blog da Estrat\u00e9gia Concursos traz not\u00edcias sobre concursos e artigos de professores oferecendo cursos para concursos (pdf + videaulas) no site.\",\"publisher\":{\"@id\":\"https:\/\/www.estrategiaconcursos.com.br\/blog\/#organization\"},\"potentialAction\":[{\"@type\":\"SearchAction\",\"target\":{\"@type\":\"EntryPoint\",\"urlTemplate\":\"https:\/\/www.estrategiaconcursos.com.br\/blog\/?s={search_term_string}\"},\"query-input\":{\"@type\":\"PropertyValueSpecification\",\"valueRequired\":true,\"valueName\":\"search_term_string\"}}],\"inLanguage\":\"pt-BR\"},{\"@type\":\"Organization\",\"@id\":\"https:\/\/www.estrategiaconcursos.com.br\/blog\/#organization\",\"name\":\"Estrat\u00e9gia Concursos\",\"url\":\"https:\/\/www.estrategiaconcursos.com.br\/blog\/\",\"logo\":{\"@type\":\"ImageObject\",\"inLanguage\":\"pt-BR\",\"@id\":\"https:\/\/www.estrategiaconcursos.com.br\/blog\/#\/schema\/logo\/image\/\",\"url\":\"https:\/\/dhg1h5j42swfq.cloudfront.net\/2025\/06\/03203428\/logo_concursos-1.jpg\",\"contentUrl\":\"https:\/\/dhg1h5j42swfq.cloudfront.net\/2025\/06\/03203428\/logo_concursos-1.jpg\",\"width\":230,\"height\":60,\"caption\":\"Estrat\u00e9gia Concursos\"},\"image\":{\"@id\":\"https:\/\/www.estrategiaconcursos.com.br\/blog\/#\/schema\/logo\/image\/\"},\"sameAs\":[\"https:\/\/x.com\/EstratConcursos\"]},{\"@type\":\"Person\",\"@id\":\"https:\/\/www.estrategiaconcursos.com.br\/blog\/#\/schema\/person\/b4a388c97673c5f483d72185668afa1f\",\"name\":\"Coordena\u00e7\u00e3o\",\"image\":{\"@type\":\"ImageObject\",\"inLanguage\":\"pt-BR\",\"@id\":\"https:\/\/secure.gravatar.com\/avatar\/b720319e4c9a967eb58678d110f4fe35452fc5d5f97b202bac7b8acceb18c6ad?s=96&d=mm&r=g\",\"url\":\"https:\/\/secure.gravatar.com\/avatar\/b720319e4c9a967eb58678d110f4fe35452fc5d5f97b202bac7b8acceb18c6ad?s=96&d=mm&r=g\",\"contentUrl\":\"https:\/\/secure.gravatar.com\/avatar\/b720319e4c9a967eb58678d110f4fe35452fc5d5f97b202bac7b8acceb18c6ad?s=96&d=mm&r=g\",\"caption\":\"Coordena\u00e7\u00e3o\"},\"sameAs\":[\"https:\/\/www.facebook.com\/EstrategiaConcursos\",\"https:\/\/x.com\/EstratConcursos\"],\"url\":\"https:\/\/www.estrategiaconcursos.com.br\/blog\/author\/estrategia2013\/\"}]}<\/script>\n<!-- \/ Yoast SEO Premium plugin. -->","yoast_head_json":{"title":"Concurso Bombeiros ES: projeto b\u00e1sico \u00e9 publicado com 127 vagas para Oficial e Soldado","description":"Concurso Bombeiros ES: Ap\u00f3s discuss\u00e3o sobre a situa\u00e7\u00e3o de seguran\u00e7a do Estado, o edital do concurso foi revelado pela banca organizadora","robots":{"index":"index","follow":"follow","max-snippet":"max-snippet:-1","max-image-preview":"max-image-preview:large","max-video-preview":"max-video-preview:-1"},"canonical":"https:\/\/www.estrategiaconcursos.com.br\/blog\/concurso-bombeiros-2018-es-projeto-basico\/","og_locale":"pt_BR","og_type":"article","og_title":"Concurso Bombeiros ES: projeto b\u00e1sico \u00e9 publicado com 127 vagas para Oficial e Soldado","og_description":"Concurso Bombeiros ES: Ap\u00f3s discuss\u00e3o sobre a situa\u00e7\u00e3o de seguran\u00e7a do Estado, o edital do concurso foi revelado pela banca organizadora","og_url":"https:\/\/www.estrategiaconcursos.com.br\/blog\/concurso-bombeiros-2018-es-projeto-basico\/","og_site_name":"Estrat\u00e9gia Concursos","article_author":"https:\/\/www.facebook.com\/EstrategiaConcursos","article_published_time":"2018-06-20T07:00:13+00:00","article_modified_time":"2026-01-28T19:39:21+00:00","og_image":[{"width":400,"height":209,"url":"https:\/\/dhg1h5j42swfq.cloudfront.net\/2018\/04\/26143214\/jornalismo-BOMBEIROS-BANCA-e1529525448488.png","type":"image\/png"}],"author":"Coordena\u00e7\u00e3o","twitter_card":"summary_large_image","twitter_creator":"@EstratConcursos","twitter_site":"@EstratConcursos","twitter_misc":{"Escrito por":"Coordena\u00e7\u00e3o","Est. tempo de leitura":"5 minutos"},"schema":{"@context":"https:\/\/schema.org","@graph":[{"@type":"NewsArticle","@id":"https:\/\/www.estrategiaconcursos.com.br\/blog\/concurso-bombeiros-2018-es-projeto-basico\/#article","isPartOf":{"@id":"https:\/\/www.estrategiaconcursos.com.br\/blog\/concurso-bombeiros-2018-es-projeto-basico\/"},"author":{"name":"Coordena\u00e7\u00e3o","@id":"https:\/\/www.estrategiaconcursos.com.br\/blog\/#\/schema\/person\/b4a388c97673c5f483d72185668afa1f"},"headline":"Concurso Bombeiros ES: projeto b\u00e1sico \u00e9 publicado com 127 vagas para Oficial e Soldado","datePublished":"2018-06-20T07:00:13+00:00","dateModified":"2026-01-28T19:39:21+00:00","mainEntityOfPage":{"@id":"https:\/\/www.estrategiaconcursos.com.br\/blog\/concurso-bombeiros-2018-es-projeto-basico\/"},"wordCount":1104,"commentCount":3,"publisher":{"@id":"https:\/\/www.estrategiaconcursos.com.br\/blog\/#organization"},"image":{"@id":"https:\/\/www.estrategiaconcursos.com.br\/blog\/concurso-bombeiros-2018-es-projeto-basico\/#primaryimage"},"thumbnailUrl":"https:\/\/dhg1h5j42swfq.cloudfront.net\/2018\/04\/26143214\/jornalismo-BOMBEIROS-BANCA-e1529525448488.png","keywords":["Bombeiros ES"],"articleSection":["Concursos P\u00fablicos"],"inLanguage":"pt-BR","potentialAction":[{"@type":"CommentAction","name":"Comment","target":["https:\/\/www.estrategiaconcursos.com.br\/blog\/concurso-bombeiros-2018-es-projeto-basico\/#respond"]}],"copyrightYear":"2018","copyrightHolder":{"@id":"https:\/\/www.estrategiaconcursos.com.br\/blog\/#organization"}},{"@type":"WebPage","@id":"https:\/\/www.estrategiaconcursos.com.br\/blog\/concurso-bombeiros-2018-es-projeto-basico\/","url":"https:\/\/www.estrategiaconcursos.com.br\/blog\/concurso-bombeiros-2018-es-projeto-basico\/","name":"Concurso Bombeiros ES: projeto b\u00e1sico \u00e9 publicado com 127 vagas para Oficial e Soldado","isPartOf":{"@id":"https:\/\/www.estrategiaconcursos.com.br\/blog\/#website"},"primaryImageOfPage":{"@id":"https:\/\/www.estrategiaconcursos.com.br\/blog\/concurso-bombeiros-2018-es-projeto-basico\/#primaryimage"},"image":{"@id":"https:\/\/www.estrategiaconcursos.com.br\/blog\/concurso-bombeiros-2018-es-projeto-basico\/#primaryimage"},"thumbnailUrl":"https:\/\/dhg1h5j42swfq.cloudfront.net\/2018\/04\/26143214\/jornalismo-BOMBEIROS-BANCA-e1529525448488.png","datePublished":"2018-06-20T07:00:13+00:00","dateModified":"2026-01-28T19:39:21+00:00","description":"Concurso Bombeiros ES: Ap\u00f3s discuss\u00e3o sobre a situa\u00e7\u00e3o de seguran\u00e7a do Estado, o edital do concurso foi revelado pela banca organizadora","breadcrumb":{"@id":"https:\/\/www.estrategiaconcursos.com.br\/blog\/concurso-bombeiros-2018-es-projeto-basico\/#breadcrumb"},"inLanguage":"pt-BR","potentialAction":[{"@type":"ReadAction","target":["https:\/\/www.estrategiaconcursos.com.br\/blog\/concurso-bombeiros-2018-es-projeto-basico\/"]}]},{"@type":"ImageObject","inLanguage":"pt-BR","@id":"https:\/\/www.estrategiaconcursos.com.br\/blog\/concurso-bombeiros-2018-es-projeto-basico\/#primaryimage","url":"https:\/\/dhg1h5j42swfq.cloudfront.net\/2018\/04\/26143214\/jornalismo-BOMBEIROS-BANCA-e1529525448488.png","contentUrl":"https:\/\/dhg1h5j42swfq.cloudfront.net\/2018\/04\/26143214\/jornalismo-BOMBEIROS-BANCA-e1529525448488.png","width":400,"height":209,"caption":"concurso bombeiros es"},{"@type":"BreadcrumbList","@id":"https:\/\/www.estrategiaconcursos.com.br\/blog\/concurso-bombeiros-2018-es-projeto-basico\/#breadcrumb","itemListElement":[{"@type":"ListItem","position":1,"name":"In\u00edcio","item":"https:\/\/www.estrategiaconcursos.com.br\/blog\/"},{"@type":"ListItem","position":2,"name":"Concurso Bombeiros ES: projeto b\u00e1sico \u00e9 publicado com 127 vagas para Oficial e Soldado"}]},{"@type":"WebSite","@id":"https:\/\/www.estrategiaconcursos.com.br\/blog\/#website","url":"https:\/\/www.estrategiaconcursos.com.br\/blog\/","name":"Estrat\u00e9gia Concursos","description":"O blog da Estrat\u00e9gia Concursos traz not\u00edcias sobre concursos e artigos de professores oferecendo cursos para concursos (pdf + videaulas) no site.","publisher":{"@id":"https:\/\/www.estrategiaconcursos.com.br\/blog\/#organization"},"potentialAction":[{"@type":"SearchAction","target":{"@type":"EntryPoint","urlTemplate":"https:\/\/www.estrategiaconcursos.com.br\/blog\/?s={search_term_string}"},"query-input":{"@type":"PropertyValueSpecification","valueRequired":true,"valueName":"search_term_string"}}],"inLanguage":"pt-BR"},{"@type":"Organization","@id":"https:\/\/www.estrategiaconcursos.com.br\/blog\/#organization","name":"Estrat\u00e9gia Concursos","url":"https:\/\/www.estrategiaconcursos.com.br\/blog\/","logo":{"@type":"ImageObject","inLanguage":"pt-BR","@id":"https:\/\/www.estrategiaconcursos.com.br\/blog\/#\/schema\/logo\/image\/","url":"https:\/\/dhg1h5j42swfq.cloudfront.net\/2025\/06\/03203428\/logo_concursos-1.jpg","contentUrl":"https:\/\/dhg1h5j42swfq.cloudfront.net\/2025\/06\/03203428\/logo_concursos-1.jpg","width":230,"height":60,"caption":"Estrat\u00e9gia Concursos"},"image":{"@id":"https:\/\/www.estrategiaconcursos.com.br\/blog\/#\/schema\/logo\/image\/"},"sameAs":["https:\/\/x.com\/EstratConcursos"]},{"@type":"Person","@id":"https:\/\/www.estrategiaconcursos.com.br\/blog\/#\/schema\/person\/b4a388c97673c5f483d72185668afa1f","name":"Coordena\u00e7\u00e3o","image":{"@type":"ImageObject","inLanguage":"pt-BR","@id":"https:\/\/secure.gravatar.com\/avatar\/b720319e4c9a967eb58678d110f4fe35452fc5d5f97b202bac7b8acceb18c6ad?s=96&d=mm&r=g","url":"https:\/\/secure.gravatar.com\/avatar\/b720319e4c9a967eb58678d110f4fe35452fc5d5f97b202bac7b8acceb18c6ad?s=96&d=mm&r=g","contentUrl":"https:\/\/secure.gravatar.com\/avatar\/b720319e4c9a967eb58678d110f4fe35452fc5d5f97b202bac7b8acceb18c6ad?s=96&d=mm&r=g","caption":"Coordena\u00e7\u00e3o"},"sameAs":["https:\/\/www.facebook.com\/EstrategiaConcursos","https:\/\/x.com\/EstratConcursos"],"url":"https:\/\/www.estrategiaconcursos.com.br\/blog\/author\/estrategia2013\/"}]}},"_links":{"self":[{"href":"https:\/\/www.estrategiaconcursos.com.br\/blog\/wp-json\/wp\/v2\/posts\/95342","targetHints":{"allow":["GET"]}}],"collection":[{"href":"https:\/\/www.estrategiaconcursos.com.br\/blog\/wp-json\/wp\/v2\/posts"}],"about":[{"href":"https:\/\/www.estrategiaconcursos.com.br\/blog\/wp-json\/wp\/v2\/types\/post"}],"author":[{"embeddable":true,"href":"https:\/\/www.estrategiaconcursos.com.br\/blog\/wp-json\/wp\/v2\/users\/1"}],"replies":[{"embeddable":true,"href":"https:\/\/www.estrategiaconcursos.com.br\/blog\/wp-json\/wp\/v2\/comments?post=95342"}],"version-history":[{"count":18,"href":"https:\/\/www.estrategiaconcursos.com.br\/blog\/wp-json\/wp\/v2\/posts\/95342\/revisions"}],"predecessor-version":[{"id":408987,"href":"https:\/\/www.estrategiaconcursos.com.br\/blog\/wp-json\/wp\/v2\/posts\/95342\/revisions\/408987"}],"wp:featuredmedia":[{"embeddable":true,"href":"https:\/\/www.estrategiaconcursos.com.br\/blog\/wp-json\/wp\/v2\/media\/118364"}],"wp:attachment":[{"href":"https:\/\/www.estrategiaconcursos.com.br\/blog\/wp-json\/wp\/v2\/media?parent=95342"}],"wp:term":[{"taxonomy":"category","embeddable":true,"href":"https:\/\/www.estrategiaconcursos.com.br\/blog\/wp-json\/wp\/v2\/categories?post=95342"},{"taxonomy":"post_tag","embeddable":true,"href":"https:\/\/www.estrategiaconcursos.com.br\/blog\/wp-json\/wp\/v2\/tags?post=95342"},{"taxonomy":"tax_estado","embeddable":true,"href":"https:\/\/www.estrategiaconcursos.com.br\/blog\/wp-json\/wp\/v2\/tax_estado?post=95342"}],"curies":[{"name":"wp","href":"https:\/\/api.w.org\/{rel}","templated":true}]}}