{"id":952929,"date":"2022-01-24T10:15:15","date_gmt":"2022-01-24T13:15:15","guid":{"rendered":"https:\/\/www.estrategiaconcursos.com.br\/blog\/?p=952929"},"modified":"2022-01-24T11:04:21","modified_gmt":"2022-01-24T14:04:21","slug":"concurso-publico-orcamento-2022","status":"publish","type":"post","link":"https:\/\/www.estrategiaconcursos.com.br\/blog\/concurso-publico-orcamento-2022\/","title":{"rendered":"Concurso P\u00fablico: Or\u00e7amento para 2022 prev\u00ea 2,1 mil vagas no Judici\u00e1rio"},"content":{"rendered":"\n<p>O <a href=\"https:\/\/www.estrategiaconcursos.com.br\/blog\/concursos-2022-orcamento-sancionado\/\" target=\"_blank\" rel=\"noreferrer noopener\">Or\u00e7amento federal para exerc\u00edcio em 2022<\/a> foi publicado nesta segunda-feira (24\/1) por meio do Di\u00e1rio Oficial da Uni\u00e3o com a previs\u00e3o de vagas em diversas esferas p\u00fablicas (<strong>concurso p\u00fablico<\/strong>).<\/p>\n\n\n\n<p>Para o poder Judici\u00e1rio o documento traz a previs\u00e3o de<strong> 2.117 vagas de cria\u00e7\u00e3o<\/strong> e outras 1.490 vagas em provimento.<\/p>\n\n\n\n<p>O valor total da verba destinada ao Judici\u00e1rio \u00e9 de R$ 219.379. O provimentos se dividem da seguinte forma:<\/p>\n\n\n\n<ul class=\"wp-block-list\"><li><strong>Supremo Tribunal Federal:<\/strong>&nbsp;33 provimentos autorizados<\/li><li><strong>Superior Tribunal de Justi\u00e7a:<\/strong>&nbsp;57 provimentos autorizados<\/li><li><strong>Justi\u00e7a Federal:<\/strong>&nbsp;326 provimentos autorizados + 775 para cria\u00e7\u00e3o<\/li><li><strong>Justi\u00e7a Militar da Uni\u00e3o:<\/strong>&nbsp;22 provimentos autorizados + 740 para cria\u00e7\u00e3o<\/li><li><strong><a href=\"https:\/\/www.estrategiaconcursos.com.br\/blog\/ploa-2022-trts-tres\/\" target=\"_blank\" rel=\"noreferrer noopener\">Justi\u00e7a Eleitoral<\/a>:<\/strong>&nbsp;762 provimentos autorizados + 530 para cria\u00e7\u00e3o<\/li><li><a href=\"https:\/\/www.estrategiaconcursos.com.br\/blog\/ploa-2022-trts-tres\/\" target=\"_blank\" rel=\"noreferrer noopener\"><strong>Justi\u00e7a do Trabalho<\/strong><\/a><strong>:<\/strong>&nbsp;180 provimentos autorizados + 52 para cria\u00e7\u00e3o<\/li><li><strong><a href=\"https:\/\/www.estrategiaconcursos.com.br\/blog\/concurso-tjdft-2021\/\" target=\"_blank\" rel=\"noreferrer noopener\">Justi\u00e7a do Distrito Federal e Territ\u00f3rios (TJDFT)<\/a>:<\/strong>&nbsp;101 provimentos autorizados<\/li><li><strong>Conselho Nacional de Justi\u00e7a:<\/strong>&nbsp;9 provimentos autorizados + 20 para cria\u00e7\u00e3o<\/li><\/ul>\n\n\n\n<p>Veja a lista detalhada na imagem abaixo:<\/p>\n\n\n\n<div class=\"wp-block-image\"><figure class=\"aligncenter size-large\"><img loading=\"lazy\" decoding=\"async\" width=\"1024\" height=\"585\" src=\"https:\/\/dhg1h5j42swfq.cloudfront.net\/2022\/01\/24101008\/captura-de-tela-2022-01-24-as-10-08-34-1024x585.png\" alt=\"Concurso P\u00fablico: vagas previstas no Or\u00e7amento para 2022\" class=\"wp-image-952964\" srcset=\"https:\/\/dhg1h5j42swfq.cloudfront.net\/2022\/01\/24101008\/captura-de-tela-2022-01-24-as-10-08-34-1024x585.png 1024w, https:\/\/dhg1h5j42swfq.cloudfront.net\/2022\/01\/24101008\/captura-de-tela-2022-01-24-as-10-08-34-300x171.png 300w, https:\/\/dhg1h5j42swfq.cloudfront.net\/2022\/01\/24101008\/captura-de-tela-2022-01-24-as-10-08-34-768x439.png 768w, https:\/\/dhg1h5j42swfq.cloudfront.net\/2022\/01\/24101008\/captura-de-tela-2022-01-24-as-10-08-34-610x349.png 610w, https:\/\/dhg1h5j42swfq.cloudfront.net\/2022\/01\/24101008\/captura-de-tela-2022-01-24-as-10-08-34.png 1284w\" sizes=\"auto, (max-width: 1024px) 100vw, 1024px\" \/><figcaption>Concurso P\u00fablico: vagas previstas no Or\u00e7amento para 2022<\/figcaption><\/figure><\/div>\n\n\n\n<p>Importante destacar que a previs\u00e3o or\u00e7ament\u00e1ria n\u00e3o torna obrigat\u00f3ria a realiza\u00e7\u00e3o de novos concursos p\u00fablicos. <\/p>\n\n\n\n<p>Os \u00f3rg\u00e3os podem, por exemplo, preencher as vac\u00e2ncias por meio do reaproveitamento da lista de aprovados em editais ainda vigentes.<\/p>\n\n\n\n<p>Al\u00e9m das vagas e prov\u00e1veis <strong>concursos p\u00fablicos<\/strong>, havia grande expectativa de que o Or\u00e7amento trouxesse o veto ou a verba para a realiza\u00e7\u00e3o do <strong>reajuste salarial <\/strong>para servidores da \u00e1rea de Seguran\u00e7a.<\/p>\n\n\n\n<p>No entanto, de acordo com representantes do governo, a decis\u00e3o final sobre o veto ou concess\u00e3o do reajuste salarial ser\u00e1 publicada em <strong>mar\u00e7o de 2022<\/strong>. <\/p>\n\n\n\n<h2 class=\"wp-block-heading\">Concurso P\u00fablico: material de estudos <\/h2>\n\n\n\n<div class=\"container\" id=\"boxes\">\n  <div class=\"row\">\n\n    <div class=\"col-sm\">\n      <div class=\"banner-adm\" id=\"box-assinatura\">\n        <h3 class=\"titulo-assinatura\">Concursos 2022<\/h3>\n        <p class=\"subtitulo-assinatura\">Estude conosco<\/p>\n        <div class=\"box-botao\">\n          <a class=\"btn-assinatura\" target=\"_blank\" href=\"https:\/\/www.estrategiaconcursos.com.br\/cursos\/\" role=\"button\" rel=\"noopener noreferrer\">Conhe\u00e7a os cursos<\/a>\n        <\/div>\n      <\/div>\n      \n    <\/div>\n\n  <\/div>\n<\/div>\n\n\n\n<div class=\"container\" id=\"boxes\">\n  <div class=\"row\">\n\n    <div class=\"col-sm\">\n      <div class=\"estrategia\" id=\"box-assinatura\">\n        <h3 class=\"titulo-assinatura\">Assinatura de Concursos<\/h3>\n        <p class=\"subtitulo-assinatura\">Assinatura de 1 ano ou 2 anos<\/p>\n        <div class=\"box-botao\">\n          <a class=\"btn-assinatura\" target=\"_blank\" href=\"https:\/\/www.estrategiaconcursos.com.br\/assinaturas\/\" role=\"button\" rel=\"noopener noreferrer\">ASSINE AGORA<\/a>\n        <\/div>\n      <\/div>\n     \n    <\/div><\/div><\/div>\n\n\n\n<h2 class=\"has-text-align-center wp-block-heading\" id=\"h-confira-todas-as-vagas-de-concurso-publico-2022-previstas-em-nossos-artigos\">Confira todas as vagas de concurso p\u00fablico 2022 previstas em nossos artigos!<\/h2>\n\n\n\n<ul class=\"wp-block-list\"><li><a href=\"https:\/\/www.estrategiaconcursos.com.br\/blog\/concursos-abertos\/\" target=\"_blank\" rel=\"noreferrer noopener\">Concursos abertos<\/a><\/li><li><a href=\"https:\/\/www.estrategiaconcursos.com.br\/blog\/concursos-2022\/\" target=\"_blank\" rel=\"noreferrer noopener\">Concursos 2022<\/a><\/li><\/ul>\n","protected":false},"excerpt":{"rendered":"<p>O Or\u00e7amento federal para exerc\u00edcio em 2022 foi publicado nesta segunda-feira (24\/1) por meio do Di\u00e1rio Oficial da Uni\u00e3o com a previs\u00e3o de vagas em diversas esferas p\u00fablicas (concurso p\u00fablico). Para o poder Judici\u00e1rio o documento traz a previs\u00e3o de 2.117 vagas de cria\u00e7\u00e3o e outras 1.490 vagas em provimento. O valor total da verba [&hellip;]<\/p>\n","protected":false},"author":2319,"featured_media":512324,"comment_status":"open","ping_status":"closed","sticky":false,"template":"","format":"standard","meta":{"post_tipo":"news","footnotes":""},"categories":[1984],"tags":[631,1792,220299,820],"tax_estado":[219963],"class_list":["post-952929","post","type-post","status-publish","format-standard","has-post-thumbnail","hentry","category-tribunais","tag-concurso-publico","tag-concurso-tribunais","tag-concurso-tribunal","tag-concursos-publicos","tax_estado-concursos-federais"],"acf":[],"yoast_head":"<!-- This site is optimized with the Yoast SEO Premium plugin v27.2 (Yoast SEO v27.2) - https:\/\/yoast.com\/product\/yoast-seo-premium-wordpress\/ -->\n<title>Concurso P\u00fablico: Or\u00e7amento para 2022 prev\u00ea 2,1 mil vagas no Judici\u00e1rio<\/title>\n<meta name=\"description\" content=\"O Or\u00e7amento federal para 2022 foi publicado nesta segunda-feira (24\/1) com a previs\u00e3o de vagas em diversas esferas (concurso p\u00fablico).\" \/>\n<meta name=\"robots\" content=\"index, follow, max-snippet:-1, max-image-preview:large, max-video-preview:-1\" \/>\n<link rel=\"canonical\" href=\"https:\/\/www.estrategiaconcursos.com.br\/blog\/concurso-publico-orcamento-2022\/\" \/>\n<meta property=\"og:locale\" content=\"pt_BR\" \/>\n<meta property=\"og:type\" content=\"article\" \/>\n<meta property=\"og:title\" content=\"Concurso P\u00fablico: Or\u00e7amento para 2022 prev\u00ea 2,1 mil vagas no Judici\u00e1rio\" \/>\n<meta property=\"og:description\" content=\"O Or\u00e7amento federal para 2022 foi publicado nesta segunda-feira (24\/1) com a previs\u00e3o de vagas em diversas esferas (concurso p\u00fablico).\" \/>\n<meta property=\"og:url\" content=\"https:\/\/www.estrategiaconcursos.com.br\/blog\/concurso-publico-orcamento-2022\/\" \/>\n<meta property=\"og:site_name\" content=\"Estrat\u00e9gia Concursos\" \/>\n<meta property=\"article:published_time\" content=\"2022-01-24T13:15:15+00:00\" \/>\n<meta property=\"article:modified_time\" content=\"2022-01-24T14:04:21+00:00\" \/>\n<meta property=\"og:image\" content=\"https:\/\/dhg1h5j42swfq.cloudfront.net\/2020\/05\/07201230\/EsplanadadosMinist%C3%A9rios.jpg\" \/>\n\t<meta property=\"og:image:width\" content=\"500\" \/>\n\t<meta property=\"og:image:height\" content=\"333\" \/>\n\t<meta property=\"og:image:type\" content=\"image\/jpeg\" \/>\n<meta name=\"author\" content=\"Let\u00edcia Teixeira\" \/>\n<meta name=\"twitter:card\" content=\"summary_large_image\" \/>\n<meta name=\"twitter:creator\" content=\"@EstratConcursos\" \/>\n<meta name=\"twitter:site\" content=\"@EstratConcursos\" \/>\n<meta name=\"twitter:label1\" content=\"Escrito por\" \/>\n\t<meta name=\"twitter:data1\" content=\"Let\u00edcia Teixeira\" \/>\n\t<meta name=\"twitter:label2\" content=\"Est. tempo de leitura\" \/>\n\t<meta name=\"twitter:data2\" content=\"2 minutos\" \/>\n<script type=\"application\/ld+json\" class=\"yoast-schema-graph\">{\"@context\":\"https:\/\/schema.org\",\"@graph\":[{\"@type\":\"NewsArticle\",\"@id\":\"https:\/\/www.estrategiaconcursos.com.br\/blog\/concurso-publico-orcamento-2022\/#article\",\"isPartOf\":{\"@id\":\"https:\/\/www.estrategiaconcursos.com.br\/blog\/concurso-publico-orcamento-2022\/\"},\"author\":{\"name\":\"Let\u00edcia Teixeira\",\"@id\":\"https:\/\/www.estrategiaconcursos.com.br\/blog\/#\/schema\/person\/9b94727dcf4410f4a7931c83966c843b\"},\"headline\":\"Concurso P\u00fablico: Or\u00e7amento para 2022 prev\u00ea 2,1 mil vagas no Judici\u00e1rio\",\"datePublished\":\"2022-01-24T13:15:15+00:00\",\"dateModified\":\"2022-01-24T14:04:21+00:00\",\"mainEntityOfPage\":{\"@id\":\"https:\/\/www.estrategiaconcursos.com.br\/blog\/concurso-publico-orcamento-2022\/\"},\"wordCount\":326,\"commentCount\":0,\"publisher\":{\"@id\":\"https:\/\/www.estrategiaconcursos.com.br\/blog\/#organization\"},\"image\":{\"@id\":\"https:\/\/www.estrategiaconcursos.com.br\/blog\/concurso-publico-orcamento-2022\/#primaryimage\"},\"thumbnailUrl\":\"https:\/\/dhg1h5j42swfq.cloudfront.net\/2020\/05\/07201230\/EsplanadadosMinist%C3%A9rios.jpg\",\"keywords\":[\"concurso p\u00fablico\",\"concurso tribunais\",\"concurso Tribunal\",\"concursos p\u00fablicos\"],\"articleSection\":[\"Tribunais\"],\"inLanguage\":\"pt-BR\",\"potentialAction\":[{\"@type\":\"CommentAction\",\"name\":\"Comment\",\"target\":[\"https:\/\/www.estrategiaconcursos.com.br\/blog\/concurso-publico-orcamento-2022\/#respond\"]}],\"copyrightYear\":\"2022\",\"copyrightHolder\":{\"@id\":\"https:\/\/www.estrategiaconcursos.com.br\/blog\/#organization\"}},{\"@type\":\"WebPage\",\"@id\":\"https:\/\/www.estrategiaconcursos.com.br\/blog\/concurso-publico-orcamento-2022\/\",\"url\":\"https:\/\/www.estrategiaconcursos.com.br\/blog\/concurso-publico-orcamento-2022\/\",\"name\":\"Concurso P\u00fablico: Or\u00e7amento para 2022 prev\u00ea 2,1 mil vagas no Judici\u00e1rio\",\"isPartOf\":{\"@id\":\"https:\/\/www.estrategiaconcursos.com.br\/blog\/#website\"},\"primaryImageOfPage\":{\"@id\":\"https:\/\/www.estrategiaconcursos.com.br\/blog\/concurso-publico-orcamento-2022\/#primaryimage\"},\"image\":{\"@id\":\"https:\/\/www.estrategiaconcursos.com.br\/blog\/concurso-publico-orcamento-2022\/#primaryimage\"},\"thumbnailUrl\":\"https:\/\/dhg1h5j42swfq.cloudfront.net\/2020\/05\/07201230\/EsplanadadosMinist%C3%A9rios.jpg\",\"datePublished\":\"2022-01-24T13:15:15+00:00\",\"dateModified\":\"2022-01-24T14:04:21+00:00\",\"description\":\"O Or\u00e7amento federal para 2022 foi publicado nesta segunda-feira (24\/1) com a previs\u00e3o de vagas em diversas esferas (concurso p\u00fablico).\",\"breadcrumb\":{\"@id\":\"https:\/\/www.estrategiaconcursos.com.br\/blog\/concurso-publico-orcamento-2022\/#breadcrumb\"},\"inLanguage\":\"pt-BR\",\"potentialAction\":[{\"@type\":\"ReadAction\",\"target\":[\"https:\/\/www.estrategiaconcursos.com.br\/blog\/concurso-publico-orcamento-2022\/\"]}]},{\"@type\":\"ImageObject\",\"inLanguage\":\"pt-BR\",\"@id\":\"https:\/\/www.estrategiaconcursos.com.br\/blog\/concurso-publico-orcamento-2022\/#primaryimage\",\"url\":\"https:\/\/dhg1h5j42swfq.cloudfront.net\/2020\/05\/07201230\/EsplanadadosMinist%C3%A9rios.jpg\",\"contentUrl\":\"https:\/\/dhg1h5j42swfq.cloudfront.net\/2020\/05\/07201230\/EsplanadadosMinist%C3%A9rios.jpg\",\"width\":500,\"height\":333,\"caption\":\"Resumo sobre Administra\u00e7\u00e3o P\u00fablica\"},{\"@type\":\"BreadcrumbList\",\"@id\":\"https:\/\/www.estrategiaconcursos.com.br\/blog\/concurso-publico-orcamento-2022\/#breadcrumb\",\"itemListElement\":[{\"@type\":\"ListItem\",\"position\":1,\"name\":\"In\u00edcio\",\"item\":\"https:\/\/www.estrategiaconcursos.com.br\/blog\/\"},{\"@type\":\"ListItem\",\"position\":2,\"name\":\"Concurso P\u00fablico: Or\u00e7amento para 2022 prev\u00ea 2,1 mil vagas no Judici\u00e1rio\"}]},{\"@type\":\"WebSite\",\"@id\":\"https:\/\/www.estrategiaconcursos.com.br\/blog\/#website\",\"url\":\"https:\/\/www.estrategiaconcursos.com.br\/blog\/\",\"name\":\"Estrat\u00e9gia Concursos\",\"description\":\"O blog da Estrat\u00e9gia Concursos traz not\u00edcias sobre concursos e artigos de professores oferecendo cursos para concursos (pdf + videaulas) no site.\",\"publisher\":{\"@id\":\"https:\/\/www.estrategiaconcursos.com.br\/blog\/#organization\"},\"potentialAction\":[{\"@type\":\"SearchAction\",\"target\":{\"@type\":\"EntryPoint\",\"urlTemplate\":\"https:\/\/www.estrategiaconcursos.com.br\/blog\/?s={search_term_string}\"},\"query-input\":{\"@type\":\"PropertyValueSpecification\",\"valueRequired\":true,\"valueName\":\"search_term_string\"}}],\"inLanguage\":\"pt-BR\"},{\"@type\":\"Organization\",\"@id\":\"https:\/\/www.estrategiaconcursos.com.br\/blog\/#organization\",\"name\":\"Estrat\u00e9gia Concursos\",\"url\":\"https:\/\/www.estrategiaconcursos.com.br\/blog\/\",\"logo\":{\"@type\":\"ImageObject\",\"inLanguage\":\"pt-BR\",\"@id\":\"https:\/\/www.estrategiaconcursos.com.br\/blog\/#\/schema\/logo\/image\/\",\"url\":\"https:\/\/dhg1h5j42swfq.cloudfront.net\/2025\/06\/03203428\/logo_concursos-1.jpg\",\"contentUrl\":\"https:\/\/dhg1h5j42swfq.cloudfront.net\/2025\/06\/03203428\/logo_concursos-1.jpg\",\"width\":230,\"height\":60,\"caption\":\"Estrat\u00e9gia Concursos\"},\"image\":{\"@id\":\"https:\/\/www.estrategiaconcursos.com.br\/blog\/#\/schema\/logo\/image\/\"},\"sameAs\":[\"https:\/\/x.com\/EstratConcursos\"]},{\"@type\":\"Person\",\"@id\":\"https:\/\/www.estrategiaconcursos.com.br\/blog\/#\/schema\/person\/9b94727dcf4410f4a7931c83966c843b\",\"name\":\"Let\u00edcia Teixeira\",\"image\":{\"@type\":\"ImageObject\",\"inLanguage\":\"pt-BR\",\"@id\":\"https:\/\/secure.gravatar.com\/avatar\/fb589b06b881e20b676d08f9d03226d1e3291ba2f90e751ddc9ccb21abf0244d?s=96&d=mm&r=g\",\"url\":\"https:\/\/secure.gravatar.com\/avatar\/fb589b06b881e20b676d08f9d03226d1e3291ba2f90e751ddc9ccb21abf0244d?s=96&d=mm&r=g\",\"contentUrl\":\"https:\/\/secure.gravatar.com\/avatar\/fb589b06b881e20b676d08f9d03226d1e3291ba2f90e751ddc9ccb21abf0244d?s=96&d=mm&r=g\",\"caption\":\"Let\u00edcia Teixeira\"},\"description\":\"Jornalista com experi\u00eancia de mais de quatro anos no segmento de concursos p\u00fablicos. Especializada em Narrativa Transm\u00eddia e Storytelling pela Universidade Cat\u00f3lica de Bras\u00edlia, com atua\u00e7\u00e3o nas \u00e1reas de SEO, conte\u00fado, Webwriting e Copywriting.\",\"url\":\"https:\/\/www.estrategiaconcursos.com.br\/blog\/author\/leticia-teixeiraestrategia-com\/\"}]}<\/script>\n<!-- \/ Yoast SEO Premium plugin. -->","yoast_head_json":{"title":"Concurso P\u00fablico: Or\u00e7amento para 2022 prev\u00ea 2,1 mil vagas no Judici\u00e1rio","description":"O Or\u00e7amento federal para 2022 foi publicado nesta segunda-feira (24\/1) com a previs\u00e3o de vagas em diversas esferas (concurso p\u00fablico).","robots":{"index":"index","follow":"follow","max-snippet":"max-snippet:-1","max-image-preview":"max-image-preview:large","max-video-preview":"max-video-preview:-1"},"canonical":"https:\/\/www.estrategiaconcursos.com.br\/blog\/concurso-publico-orcamento-2022\/","og_locale":"pt_BR","og_type":"article","og_title":"Concurso P\u00fablico: Or\u00e7amento para 2022 prev\u00ea 2,1 mil vagas no Judici\u00e1rio","og_description":"O Or\u00e7amento federal para 2022 foi publicado nesta segunda-feira (24\/1) com a previs\u00e3o de vagas em diversas esferas (concurso p\u00fablico).","og_url":"https:\/\/www.estrategiaconcursos.com.br\/blog\/concurso-publico-orcamento-2022\/","og_site_name":"Estrat\u00e9gia Concursos","article_published_time":"2022-01-24T13:15:15+00:00","article_modified_time":"2022-01-24T14:04:21+00:00","og_image":[{"width":500,"height":333,"url":"https:\/\/dhg1h5j42swfq.cloudfront.net\/2020\/05\/07201230\/EsplanadadosMinist%C3%A9rios.jpg","type":"image\/jpeg"}],"author":"Let\u00edcia Teixeira","twitter_card":"summary_large_image","twitter_creator":"@EstratConcursos","twitter_site":"@EstratConcursos","twitter_misc":{"Escrito por":"Let\u00edcia Teixeira","Est. tempo de leitura":"2 minutos"},"schema":{"@context":"https:\/\/schema.org","@graph":[{"@type":"NewsArticle","@id":"https:\/\/www.estrategiaconcursos.com.br\/blog\/concurso-publico-orcamento-2022\/#article","isPartOf":{"@id":"https:\/\/www.estrategiaconcursos.com.br\/blog\/concurso-publico-orcamento-2022\/"},"author":{"name":"Let\u00edcia Teixeira","@id":"https:\/\/www.estrategiaconcursos.com.br\/blog\/#\/schema\/person\/9b94727dcf4410f4a7931c83966c843b"},"headline":"Concurso P\u00fablico: Or\u00e7amento para 2022 prev\u00ea 2,1 mil vagas no Judici\u00e1rio","datePublished":"2022-01-24T13:15:15+00:00","dateModified":"2022-01-24T14:04:21+00:00","mainEntityOfPage":{"@id":"https:\/\/www.estrategiaconcursos.com.br\/blog\/concurso-publico-orcamento-2022\/"},"wordCount":326,"commentCount":0,"publisher":{"@id":"https:\/\/www.estrategiaconcursos.com.br\/blog\/#organization"},"image":{"@id":"https:\/\/www.estrategiaconcursos.com.br\/blog\/concurso-publico-orcamento-2022\/#primaryimage"},"thumbnailUrl":"https:\/\/dhg1h5j42swfq.cloudfront.net\/2020\/05\/07201230\/EsplanadadosMinist%C3%A9rios.jpg","keywords":["concurso p\u00fablico","concurso tribunais","concurso Tribunal","concursos p\u00fablicos"],"articleSection":["Tribunais"],"inLanguage":"pt-BR","potentialAction":[{"@type":"CommentAction","name":"Comment","target":["https:\/\/www.estrategiaconcursos.com.br\/blog\/concurso-publico-orcamento-2022\/#respond"]}],"copyrightYear":"2022","copyrightHolder":{"@id":"https:\/\/www.estrategiaconcursos.com.br\/blog\/#organization"}},{"@type":"WebPage","@id":"https:\/\/www.estrategiaconcursos.com.br\/blog\/concurso-publico-orcamento-2022\/","url":"https:\/\/www.estrategiaconcursos.com.br\/blog\/concurso-publico-orcamento-2022\/","name":"Concurso P\u00fablico: Or\u00e7amento para 2022 prev\u00ea 2,1 mil vagas no Judici\u00e1rio","isPartOf":{"@id":"https:\/\/www.estrategiaconcursos.com.br\/blog\/#website"},"primaryImageOfPage":{"@id":"https:\/\/www.estrategiaconcursos.com.br\/blog\/concurso-publico-orcamento-2022\/#primaryimage"},"image":{"@id":"https:\/\/www.estrategiaconcursos.com.br\/blog\/concurso-publico-orcamento-2022\/#primaryimage"},"thumbnailUrl":"https:\/\/dhg1h5j42swfq.cloudfront.net\/2020\/05\/07201230\/EsplanadadosMinist%C3%A9rios.jpg","datePublished":"2022-01-24T13:15:15+00:00","dateModified":"2022-01-24T14:04:21+00:00","description":"O Or\u00e7amento federal para 2022 foi publicado nesta segunda-feira (24\/1) com a previs\u00e3o de vagas em diversas esferas (concurso p\u00fablico).","breadcrumb":{"@id":"https:\/\/www.estrategiaconcursos.com.br\/blog\/concurso-publico-orcamento-2022\/#breadcrumb"},"inLanguage":"pt-BR","potentialAction":[{"@type":"ReadAction","target":["https:\/\/www.estrategiaconcursos.com.br\/blog\/concurso-publico-orcamento-2022\/"]}]},{"@type":"ImageObject","inLanguage":"pt-BR","@id":"https:\/\/www.estrategiaconcursos.com.br\/blog\/concurso-publico-orcamento-2022\/#primaryimage","url":"https:\/\/dhg1h5j42swfq.cloudfront.net\/2020\/05\/07201230\/EsplanadadosMinist%C3%A9rios.jpg","contentUrl":"https:\/\/dhg1h5j42swfq.cloudfront.net\/2020\/05\/07201230\/EsplanadadosMinist%C3%A9rios.jpg","width":500,"height":333,"caption":"Resumo sobre Administra\u00e7\u00e3o P\u00fablica"},{"@type":"BreadcrumbList","@id":"https:\/\/www.estrategiaconcursos.com.br\/blog\/concurso-publico-orcamento-2022\/#breadcrumb","itemListElement":[{"@type":"ListItem","position":1,"name":"In\u00edcio","item":"https:\/\/www.estrategiaconcursos.com.br\/blog\/"},{"@type":"ListItem","position":2,"name":"Concurso P\u00fablico: Or\u00e7amento para 2022 prev\u00ea 2,1 mil vagas no Judici\u00e1rio"}]},{"@type":"WebSite","@id":"https:\/\/www.estrategiaconcursos.com.br\/blog\/#website","url":"https:\/\/www.estrategiaconcursos.com.br\/blog\/","name":"Estrat\u00e9gia Concursos","description":"O blog da Estrat\u00e9gia Concursos traz not\u00edcias sobre concursos e artigos de professores oferecendo cursos para concursos (pdf + videaulas) no site.","publisher":{"@id":"https:\/\/www.estrategiaconcursos.com.br\/blog\/#organization"},"potentialAction":[{"@type":"SearchAction","target":{"@type":"EntryPoint","urlTemplate":"https:\/\/www.estrategiaconcursos.com.br\/blog\/?s={search_term_string}"},"query-input":{"@type":"PropertyValueSpecification","valueRequired":true,"valueName":"search_term_string"}}],"inLanguage":"pt-BR"},{"@type":"Organization","@id":"https:\/\/www.estrategiaconcursos.com.br\/blog\/#organization","name":"Estrat\u00e9gia Concursos","url":"https:\/\/www.estrategiaconcursos.com.br\/blog\/","logo":{"@type":"ImageObject","inLanguage":"pt-BR","@id":"https:\/\/www.estrategiaconcursos.com.br\/blog\/#\/schema\/logo\/image\/","url":"https:\/\/dhg1h5j42swfq.cloudfront.net\/2025\/06\/03203428\/logo_concursos-1.jpg","contentUrl":"https:\/\/dhg1h5j42swfq.cloudfront.net\/2025\/06\/03203428\/logo_concursos-1.jpg","width":230,"height":60,"caption":"Estrat\u00e9gia Concursos"},"image":{"@id":"https:\/\/www.estrategiaconcursos.com.br\/blog\/#\/schema\/logo\/image\/"},"sameAs":["https:\/\/x.com\/EstratConcursos"]},{"@type":"Person","@id":"https:\/\/www.estrategiaconcursos.com.br\/blog\/#\/schema\/person\/9b94727dcf4410f4a7931c83966c843b","name":"Let\u00edcia Teixeira","image":{"@type":"ImageObject","inLanguage":"pt-BR","@id":"https:\/\/secure.gravatar.com\/avatar\/fb589b06b881e20b676d08f9d03226d1e3291ba2f90e751ddc9ccb21abf0244d?s=96&d=mm&r=g","url":"https:\/\/secure.gravatar.com\/avatar\/fb589b06b881e20b676d08f9d03226d1e3291ba2f90e751ddc9ccb21abf0244d?s=96&d=mm&r=g","contentUrl":"https:\/\/secure.gravatar.com\/avatar\/fb589b06b881e20b676d08f9d03226d1e3291ba2f90e751ddc9ccb21abf0244d?s=96&d=mm&r=g","caption":"Let\u00edcia Teixeira"},"description":"Jornalista com experi\u00eancia de mais de quatro anos no segmento de concursos p\u00fablicos. Especializada em Narrativa Transm\u00eddia e Storytelling pela Universidade Cat\u00f3lica de Bras\u00edlia, com atua\u00e7\u00e3o nas \u00e1reas de SEO, conte\u00fado, Webwriting e Copywriting.","url":"https:\/\/www.estrategiaconcursos.com.br\/blog\/author\/leticia-teixeiraestrategia-com\/"}]}},"_links":{"self":[{"href":"https:\/\/www.estrategiaconcursos.com.br\/blog\/wp-json\/wp\/v2\/posts\/952929","targetHints":{"allow":["GET"]}}],"collection":[{"href":"https:\/\/www.estrategiaconcursos.com.br\/blog\/wp-json\/wp\/v2\/posts"}],"about":[{"href":"https:\/\/www.estrategiaconcursos.com.br\/blog\/wp-json\/wp\/v2\/types\/post"}],"author":[{"embeddable":true,"href":"https:\/\/www.estrategiaconcursos.com.br\/blog\/wp-json\/wp\/v2\/users\/2319"}],"replies":[{"embeddable":true,"href":"https:\/\/www.estrategiaconcursos.com.br\/blog\/wp-json\/wp\/v2\/comments?post=952929"}],"version-history":[{"count":4,"href":"https:\/\/www.estrategiaconcursos.com.br\/blog\/wp-json\/wp\/v2\/posts\/952929\/revisions"}],"predecessor-version":[{"id":953047,"href":"https:\/\/www.estrategiaconcursos.com.br\/blog\/wp-json\/wp\/v2\/posts\/952929\/revisions\/953047"}],"wp:featuredmedia":[{"embeddable":true,"href":"https:\/\/www.estrategiaconcursos.com.br\/blog\/wp-json\/wp\/v2\/media\/512324"}],"wp:attachment":[{"href":"https:\/\/www.estrategiaconcursos.com.br\/blog\/wp-json\/wp\/v2\/media?parent=952929"}],"wp:term":[{"taxonomy":"category","embeddable":true,"href":"https:\/\/www.estrategiaconcursos.com.br\/blog\/wp-json\/wp\/v2\/categories?post=952929"},{"taxonomy":"post_tag","embeddable":true,"href":"https:\/\/www.estrategiaconcursos.com.br\/blog\/wp-json\/wp\/v2\/tags?post=952929"},{"taxonomy":"tax_estado","embeddable":true,"href":"https:\/\/www.estrategiaconcursos.com.br\/blog\/wp-json\/wp\/v2\/tax_estado?post=952929"}],"curies":[{"name":"wp","href":"https:\/\/api.w.org\/{rel}","templated":true}]}}