{"id":952767,"date":"2022-01-31T08:10:00","date_gmt":"2022-01-31T11:10:00","guid":{"rendered":"https:\/\/www.estrategiaconcursos.com.br\/blog\/?p=952767"},"modified":"2022-09-01T16:12:22","modified_gmt":"2022-09-01T19:12:22","slug":"garantias-privilegios-credito-tributario","status":"publish","type":"post","link":"https:\/\/www.estrategiaconcursos.com.br\/blog\/garantias-privilegios-credito-tributario\/","title":{"rendered":"Garantias e Privil\u00e9gios do Cr\u00e9dito Tribut\u00e1rio e Jurisprud\u00eancia"},"content":{"rendered":"\n<h2 class=\"wp-block-heading\" id=\"h-conceitos-iniciais\"><strong>Conceitos Iniciais<\/strong><\/h2>\n\n\n\n<p>Este artigo se destina a explicar as garantias e privil\u00e9gios do cr\u00e9dito tribut\u00e1rio em todas as suas respectivas formas. A rela\u00e7\u00e3o <strong>jur\u00eddico-tribut\u00e1ria<\/strong> \u00e9 a rela\u00e7\u00e3o entre o ente estatal e o contribuinte, surgida em fun\u00e7\u00e3o da ocorr\u00eancia do <strong>fato gerador<\/strong>.<\/p>\n\n\n\n<p>O <strong>fato gerador<\/strong>, por sua vez, \u00e9 a <strong>concretiza\u00e7\u00e3o<\/strong>, no mundo real, de uma <strong>hip\u00f3tese de incid\u00eancia<\/strong> prevista em <strong>lei<\/strong>, que descreve uma circunst\u00e2ncia que, uma vez ocorrida no mundo dos fatos, leva tamb\u00e9m ao surgimento da <strong>obriga\u00e7\u00e3o tribut\u00e1ria principal<\/strong> \u2013 a obriga\u00e7\u00e3o de recolher determinado montante a t\u00edtulo de tributo, que quem realiza o <strong>fato gerador<\/strong> deve pagar (o <strong>contribuinte<\/strong> ou <strong>respons\u00e1vel \u2013 sujeitos passivos<\/strong>) ao ente estatal competente para exigir o seu cumprimento (o <strong>ente estatal<\/strong>, nessa rela\u00e7\u00e3o o <strong>sujeito ativo<\/strong>).<\/p>\n\n\n\n<p>Com o procedimento administrativo <strong>vinculado<\/strong> e <strong>obrigat\u00f3rio<\/strong> denominado <strong>lan\u00e7amento<\/strong>, essa <strong>obriga\u00e7\u00e3o tribut\u00e1ria <\/strong>\u00e9 convertida em <strong>cr\u00e9dito tribut\u00e1rio<\/strong> \u2013 <strong>l\u00edquido<\/strong> (quanto ao <strong>valor<\/strong>) e <strong>certo<\/strong> (quanto \u00e0 <strong>exigibilidade<\/strong>). E esta rela\u00e7\u00e3o persiste entre o <strong>sujeito ativo<\/strong> e o <strong>sujeito passivo<\/strong> at\u00e9 a sua respectiva <strong>extin\u00e7\u00e3o<\/strong>, que se d\u00e1 predominantemente com o seu <strong>pagamento. <\/strong>Entretanto, nem sempre essa rela\u00e7\u00e3o jur\u00eddico-tribut\u00e1ria \u00e9 pac\u00edfica ou volunt\u00e1ria entre as partes. H\u00e1 situa\u00e7\u00f5es em que o <strong>sujeito passivo<\/strong> ou o <strong>respons\u00e1vel<\/strong> n\u00e3o arcam com suas devidas obriga\u00e7\u00f5es.<\/p>\n\n\n\n<p>Desta forma, o direito tribut\u00e1rio <strong>atribui<\/strong> ao <strong>ente estatal<\/strong> <strong>poderes especiais<\/strong> para possibilitar que o <strong>fisco <\/strong>consiga receber o tributo devido \u2013 a despeito da vontade contr\u00e1ria do contribuinte. S\u00e3o <strong>garantias<\/strong> e <strong>privil\u00e9gios<\/strong> do cr\u00e9dito tribut\u00e1rio para fazer valer o seu mister, sua fun\u00e7\u00e3o essencial, a de arrecadar seus respectivos tributos junto aos contribuintes.<\/p>\n\n\n\n<p>Tais prerrogativas especiais do cr\u00e9dito tribut\u00e1rio <strong>n\u00e3o suplantam<\/strong> os <strong>direitos e garantias individuais<\/strong> das pessoas contidos na <a href=\"http:\/\/www.planalto.gov.br\/ccivil_03\/constituicao\/constituicao.htm\">Constitui\u00e7\u00e3o Federal de 1988 (CF\/88)<\/a> \u2013 mas delineiam uma \u00e1rea na qual s\u00e3o <strong>garantidos<\/strong> ao fisco <strong>poderes especiais<\/strong> para que prevale\u00e7am os benef\u00edcios \u00e0 coletividade, decorrente da atividade tribut\u00e1ria. Estes privil\u00e9gios e garantias do fisco est\u00e3o disseminados pela <a href=\"http:\/\/www.planalto.gov.br\/ccivil_03\/leis\/l5172compilado.htm\">lei n. 5.172\/1966, o C\u00f3digo Tribut\u00e1rio Nacional (CTN)<\/a>, no Cap\u00edtulo VI \u2013 Garantias e Privil\u00e9gios do Cr\u00e9dito Tribut\u00e1rio, do art. 183 ao art. 193.<\/p>\n\n\n\n<h2 class=\"wp-block-heading\" id=\"h-natureza-das-garantias-e-privilegios-do-credito-tributario-e-ponto-de-desequilibrio\"><strong>Natureza das Garantias e Privil\u00e9gios do Cr\u00e9dito Tribut\u00e1rio e Ponto de Desequil\u00edbrio<\/strong><\/h2>\n\n\n\n<p>O tema da <strong>natureza <\/strong>das <strong>garantias<\/strong> e <strong>privil\u00e9gios<\/strong> \u00e9 muito importante para o fisco. Em regra, n\u00e3o h\u00e1 comunicabilidade entre a <strong>natureza <\/strong>das <strong>garantias<\/strong> e a <strong>natureza <\/strong>do <strong>cr\u00e9dito tribut\u00e1rio<\/strong>. Conforme o art. 183, par\u00e1g. \u00danico: \u201c<em>A natureza das garantias atribu\u00eddas ao cr\u00e9dito tribut\u00e1rio n\u00e3o altera a natureza deste nem a da obriga\u00e7\u00e3o tribut\u00e1ria a que corresponda.\u201d<\/em> Isso quer dizer o seguinte: se um contribuinte devedor oferece uma <strong>hipoteca<\/strong> como forma de <strong>garantia<\/strong> do cr\u00e9dito tribut\u00e1rio <strong>n\u00e3o muda sua natureza jur\u00eddica<\/strong> nem transforma o cr\u00e9dito tribut\u00e1rio em <strong>cr\u00e9dito imobili\u00e1rio<\/strong> \u2013 persistindo, portanto, sua fei\u00e7\u00e3o tribut\u00e1ria.<\/p>\n\n\n\n<p>Dentro da rela\u00e7\u00e3o jur\u00eddico-tribut\u00e1ria h\u00e1 um <strong>desequil\u00edbrio de poderes<\/strong>. Esse desequil\u00edbrio \u00e9 demonstrado pelo <strong>contribuinte<\/strong>, que responde por seus respectivos <strong>interesses<\/strong>, contraposto ao <strong>fisco<\/strong>, que representa a <strong>coletividade. <\/strong>O art. 184 exp\u00f5e essa preponder\u00e2ncia do Estado perante o contribuinte: \u201c<em>Sem preju\u00edzo dos privil\u00e9gios especiais sobre determinados bens, que sejam previstos em lei, responde pelo pagamento do cr\u00e9dito tribut\u00e1rio a totalidade dos bens e das rendas, de qualquer origem ou natureza, do sujeito passivo, seu esp\u00f3lio ou sua massa falida, inclusive os gravados por \u00f4nus real ou cl\u00e1usula de inalienabilidade ou impenhorabilidade, seja qual for a data da constitui\u00e7\u00e3o do \u00f4nus ou da cl\u00e1usula, excetuados unicamente os bens e rendas que a lei declare absolutamente impenhor\u00e1veis.\u201d<\/em><\/p>\n\n\n\n<p>Por esse dispositivo o CTN declara que os bens e rendas do <strong>sujeito passivo <\/strong>est\u00e3o \u00e0 merc\u00ea do fisco na liquida\u00e7\u00e3o do cr\u00e9dito tribut\u00e1rio, exceto aqueles que a lei declare <strong>absolutamente impenhor\u00e1veis<\/strong>. Em decorr\u00eancia das <strong>garantias e privil\u00e9gios <\/strong>do cr\u00e9dito tribut\u00e1rio, ocorre que a <strong>incid\u00eancia patrimonial<\/strong> do cr\u00e9dito \u00e9 deveras <strong>abrangente<\/strong>, atingindo tanto o <strong>plano material<\/strong> como o <strong>plano pessoal<\/strong>.<\/p>\n\n\n\n<p>No <strong>plano material<\/strong> o cr\u00e9dito alcan\u00e7a <strong>todos os bens e rendas<\/strong>, de qualquer natureza ou origem, incluindo os bens gravados por \u00f4nus real ou cl\u00e1usula de inalienabilidade ou impenhorabilidade, sem que se releve a data de constitui\u00e7\u00e3o do \u00f4nus ou da cl\u00e1usula.<\/p>\n\n\n\n<p>No <strong>plano pessoal<\/strong> o patrim\u00f4nio do devedor \u00e9 atingido, bem como seu <strong>esp\u00f3lio<\/strong> ou <strong>massa falida.<\/strong><\/p>\n\n\n\n<figure class=\"wp-block-image size-large\"><img loading=\"lazy\" decoding=\"async\" width=\"1024\" height=\"683\" src=\"https:\/\/dhg1h5j42swfq.cloudfront.net\/2022\/01\/23172836\/valhalla-3706774-1024x683.jpg\" alt=\"O Estado possui preponder\u00e2ncia sobre o indiv\u00edduo, por isso, s\u00e3o concedidos garantias e privil\u00e9gios.\" class=\"wp-image-952774\" srcset=\"https:\/\/dhg1h5j42swfq.cloudfront.net\/2022\/01\/23172836\/valhalla-3706774-1024x683.jpg 1024w, https:\/\/dhg1h5j42swfq.cloudfront.net\/2022\/01\/23172836\/valhalla-3706774-300x200.jpg 300w, https:\/\/dhg1h5j42swfq.cloudfront.net\/2022\/01\/23172836\/valhalla-3706774-768x513.jpg 768w, https:\/\/dhg1h5j42swfq.cloudfront.net\/2022\/01\/23172836\/valhalla-3706774-1536x1025.jpg 1536w, https:\/\/dhg1h5j42swfq.cloudfront.net\/2022\/01\/23172836\/valhalla-3706774-2048x1367.jpg 2048w, https:\/\/dhg1h5j42swfq.cloudfront.net\/2022\/01\/23172836\/valhalla-3706774-610x407.jpg 610w\" sizes=\"auto, (max-width: 1024px) 100vw, 1024px\" \/><figcaption>O Estado possui preponder\u00e2ncia sobre o indiv\u00edduo: por esse motivos, ao cr\u00e9dito tribut\u00e1rio s\u00e3o concedidos garantias e privil\u00e9gios especiais<\/figcaption><\/figure>\n\n\n\n<h2 class=\"wp-block-heading\" id=\"h-garantias-e-privilegios-do-credito-tributario-fraude-a-execucao-fiscal-e-meios-de-cobranca-judicial\">Garantias e Privil\u00e9gios do Cr\u00e9dito Tribut\u00e1rio: <strong>Fraude \u00e0 Execu\u00e7\u00e3o Fiscal e Meios de Cobran\u00e7a Judicial<\/strong><\/h2>\n\n\n\n<p>A <strong>fraude \u00e0 execu\u00e7\u00e3o fiscal<\/strong> \u00e9 o ato do sujeito passivo que indica ao <strong>fisco<\/strong> que ele n\u00e3o ir\u00e1 pagar o cr\u00e9dito tribut\u00e1rio. Quando ela \u00e9 caracterizada, tem-se que o sujeito passivo come\u00e7a a <strong>dilapidar<\/strong> seu <strong>patrim\u00f4nio<\/strong>, com o intuito de n\u00e3o deixar bens suficientes para pagar o cr\u00e9dito tribut\u00e1rio.<\/p>\n\n\n\n<p>O <strong>momento<\/strong> que indica essa <strong>presun\u00e7\u00e3o <\/strong>de <strong>fraude \u00e0 execu\u00e7\u00e3o fiscal <\/strong>se d\u00e1 quando ocorre a <strong>inscri\u00e7\u00e3o em d\u00edvida ativa<\/strong> do <strong>cr\u00e9dito tribut\u00e1rio<\/strong> \u2013 provid\u00eancia efetuada pela fazenda p\u00fablica para assegurar a cobran\u00e7a de seus cr\u00e9ditos por a\u00e7\u00e3o judicial e execu\u00e7\u00e3o fiscal. No momento em que ocorre a inscri\u00e7\u00e3o, a <strong>presun\u00e7\u00e3o<\/strong> passa de <strong>relativa <\/strong>\u00e0 <strong>absoluta<\/strong>. Se ap\u00f3s a inscri\u00e7\u00e3o em d\u00edvida ativa o devedor se desfaz de seu patrim\u00f4nio, tal ato pode ser considerado <strong>fraudulento<\/strong> perante o fisco \u2013 este \u00e9 mais um exemplo de <strong>garantias e privil\u00e9gios <\/strong>do cr\u00e9dito tribut\u00e1rio.<\/p>\n\n\n\n<p>E anteriormente \u00e0 inscri\u00e7\u00e3o? Tamb\u00e9m pode ser considerada <strong>fraudulenta<\/strong> \u2013 mas neste caso a <strong>presun\u00e7\u00e3o<\/strong> \u00e9 <strong>relativa<\/strong>, cabendo \u00e0 fazenda o \u00f4nus da prova.<\/p>\n\n\n\n<p>Todavia, a quest\u00e3o da <strong>presun\u00e7\u00e3o absoluta<\/strong>, mesmo depois da inscri\u00e7\u00e3o em d\u00edvida ativa, pode ser afastada \u2013 basta que o devedor <strong>reserve<\/strong> bens <strong>suficientes<\/strong> ao pagamento do cr\u00e9dito tribut\u00e1rio.<\/p>\n\n\n\n<p>Ap\u00f3s a inscri\u00e7\u00e3o em d\u00edvida ativa ocorre a execu\u00e7\u00e3o fiscal, caso o devedor tribut\u00e1rio n\u00e3o promova o pagamento. E na a\u00e7\u00e3o de execu\u00e7\u00e3o fiscal se inicia um rito no qual o devedor \u00e9 <strong>citado<\/strong> para <strong>pagar <\/strong>ou <strong>apresentar bens \u00e0 penhora<\/strong>, com o objetivo de liquidar sua d\u00edvida tribut\u00e1ria. O juiz procede conforme especificado no art. 185-A: \u201c<em>Na hip\u00f3tese de o devedor tribut\u00e1rio, devidamente citado, n\u00e3o pagar nem apresentar bens \u00e0 penhora no prazo legal e n\u00e3o forem encontrados bens penhor\u00e1veis, o juiz determinar\u00e1 a indisponibilidade de seus bens e direitos, comunicando a decis\u00e3o, preferencialmente por meio eletr\u00f4nico, aos \u00f3rg\u00e3os e entidades que promovem registros de transfer\u00eancia de bens, especialmente ao registro p\u00fablico de im\u00f3veis e \u00e0s autoridades supervisoras do mercado banc\u00e1rio e do mercado de capitais, a fim de que, no \u00e2mbito de suas atribui\u00e7\u00f5es, fa\u00e7am cumprir a ordem judicial.<\/em><\/p>\n\n\n\n<p>&nbsp;&nbsp;&nbsp;&nbsp;&nbsp;&nbsp;&nbsp; <em>\u00a7 1o A indisponibilidade de que trata o caput deste artigo limitar-se-\u00e1 ao valor total exig\u00edvel, devendo o juiz determinar o imediato levantamento da indisponibilidade dos bens ou valores que excederem esse limite.<\/em><\/p>\n\n\n\n<p><em>&nbsp;&nbsp;&nbsp;&nbsp;&nbsp;&nbsp;&nbsp; \u00a7 2o Os \u00f3rg\u00e3os e entidades aos quais se fizer a comunica\u00e7\u00e3o de que trata o caput deste artigo enviar\u00e3o imediatamente ao ju\u00edzo a rela\u00e7\u00e3o discriminada dos bens e direitos cuja indisponibilidade houverem promovido.\u201d<\/em><\/p>\n\n\n\n<p>Por esse artigo, \u00e9 poss\u00edvel notar que o juiz promove uma <strong>busca<\/strong> por <strong>ativos<\/strong> do devedor, no sentido de <strong>garantir<\/strong> a liquida\u00e7\u00e3o do cr\u00e9dito tribut\u00e1rio. S\u00e3o procurados registros em cart\u00f3rios de im\u00f3veis, bens m\u00f3veis como autom\u00f3veis, conta corrente, conta de investimento e outros ativos que possam ser <strong>penhorados<\/strong> para satisfazer a exig\u00eancia da execu\u00e7\u00e3o fiscal.<\/p>\n\n\n\n<p>E se os bens forem de R$ 1 milh\u00e3o, com d\u00edvida de R$ 500 mil? Ser\u00e3o <strong>penhorados <\/strong>os bens at\u00e9 o <strong>limite da d\u00edvida<\/strong>, deixando <strong>livre<\/strong> o <strong>restante<\/strong>. E se forem bens de R$ 500 mil com d\u00edvida de R$ 1 milh\u00e3o? Bem, <strong>todo o patrim\u00f4nio<\/strong> encontrado ser\u00e1 <strong>penhorado<\/strong>, nesse caso, em mais um exemplo de como funcionam as <strong>garantias e privil\u00e9gios<\/strong> do cr\u00e9dito tribut\u00e1rio.<\/p>\n\n\n\n<figure class=\"wp-block-image size-large\"><img loading=\"lazy\" decoding=\"async\" width=\"1024\" height=\"642\" src=\"https:\/\/dhg1h5j42swfq.cloudfront.net\/2022\/01\/23173008\/ec-1058106-1024x642.png\" alt=\"\u00c9 como se o fisco tivesse um cart\u00e3o de cr\u00e9dito sem limites.\" class=\"wp-image-952776\" srcset=\"https:\/\/dhg1h5j42swfq.cloudfront.net\/2022\/01\/23173008\/ec-1058106-1024x642.png 1024w, https:\/\/dhg1h5j42swfq.cloudfront.net\/2022\/01\/23173008\/ec-1058106-300x188.png 300w, https:\/\/dhg1h5j42swfq.cloudfront.net\/2022\/01\/23173008\/ec-1058106-768x481.png 768w, https:\/\/dhg1h5j42swfq.cloudfront.net\/2022\/01\/23173008\/ec-1058106-1536x962.png 1536w, https:\/\/dhg1h5j42swfq.cloudfront.net\/2022\/01\/23173008\/ec-1058106-2048x1283.png 2048w, https:\/\/dhg1h5j42swfq.cloudfront.net\/2022\/01\/23173008\/ec-1058106-610x382.png 610w\" sizes=\"auto, (max-width: 1024px) 100vw, 1024px\" \/><figcaption>Dadas as garantias e privil\u00e9gios do cr\u00e9dito tribut\u00e1rio, \u00e9 como se o fisco tivesse um cart\u00e3o de cr\u00e9dito sem limites<\/figcaption><\/figure>\n\n\n\n<h2 class=\"wp-block-heading\" id=\"h-preferencias-ou-privilegios-do-credito-tributario\"><strong>Prefer\u00eancias ou Privil\u00e9gios do Cr\u00e9dito Tribut\u00e1rio<\/strong><\/h2>\n\n\n\n<p>As prefer\u00eancias ou privil\u00e9gios do cr\u00e9dito tribut\u00e1rio s\u00e3o estabelecidas no CTN. Logo no in\u00edcio desta parte, no art. 186, \u00e9 exposta a <strong>preponder\u00e2ncia<\/strong> do cr\u00e9dito tribut\u00e1rio a quaisquer outros, <strong>excetuados apenas <\/strong>os cr\u00e9ditos decorrentes da <strong>legisla\u00e7\u00e3o do trabalho ou do acidente do trabalho<\/strong>. Aqui \u00e9 demonstrada a <strong>primazia<\/strong> do cr\u00e9dito tribut\u00e1rio em condi\u00e7\u00f5es normais, ressalvando-se dessa primazia os cr\u00e9ditos do <strong>trabalhador<\/strong> \u2013 j\u00e1 considerado <strong>hipossuficiente<\/strong> nas rela\u00e7\u00f5es de trabalho.<\/p>\n\n\n\n<p>Depois, existem as considera\u00e7\u00f5es relativas \u00e0 <strong>fal\u00eancia<\/strong>, condi\u00e7\u00e3o especial de vulnerabilidade da empresa, na qual ela geralmente <strong>n\u00e3o possui fundos suficientes<\/strong> para arcar com suas d\u00edvidas. Aqui o cr\u00e9dito tribut\u00e1rio <strong>n\u00e3o possui<\/strong> a <strong>mesma primazia<\/strong>, <strong>n\u00e3o preferindo<\/strong> aos cr\u00e9ditos <strong>extraconcursais<\/strong> (surgidos no curso da fal\u00eancia) ou \u00e0s import\u00e2ncias <strong>pass\u00edveis de restitui\u00e7\u00e3o<\/strong>, nos termos da lei falimentar, nem aos cr\u00e9ditos <strong>com garantia real<\/strong>, no <strong>limite<\/strong> do <strong>valor do bem gravado.<\/strong><\/p>\n\n\n\n<p>Isso quer dizer que na fal\u00eancia o cr\u00e9dito tribut\u00e1rio <strong>n\u00e3o possui primazia <\/strong>sobre esses cr\u00e9ditos. Por exemplo, sobre os <strong>honor\u00e1rios do administrador judicial<\/strong>, sobre uma <strong>hipoteca de um im\u00f3vel<\/strong> da empresa, ou mesmo <strong>cr\u00e9ditos tribut\u00e1rios surgidos na \u00e9poca da fal\u00eancia<\/strong>.<\/p>\n\n\n\n<p>Por outro lado, no caso da <strong>fal\u00eancia<\/strong>, o CTN prev\u00ea que a <strong>lei<\/strong> pode estabelecer <strong>limites e condi\u00e7\u00f5es<\/strong> para os cr\u00e9ditos decorrentes da legisla\u00e7\u00e3o do trabalho \u2013 o que a lei de <strong>fal\u00eancia <\/strong>efetivamente faz, determinando a quantia de <strong>150 sal\u00e1rios-m\u00ednimos<\/strong> como esse <strong>limite<\/strong>. Acima desse limite tais cr\u00e9ditos trabalhistas s\u00e3o considerados <strong>quirograf\u00e1rios \u2013 <\/strong>n\u00e3o possuem a mesma natureza salarial protegida pela lei.<\/p>\n\n\n\n<p>Nesta se\u00e7\u00e3o, tamb\u00e9m \u00e9 definida a prefer\u00eancia da <strong>multa tribut\u00e1ria<\/strong>, que prefere <strong>apenas <\/strong>aos <strong>cr\u00e9ditos subordinados<\/strong> \u2013 cr\u00e9ditos <strong>previstos em lei ou contrato<\/strong>, bem como os cr\u00e9ditos dos <strong>s\u00f3cios e dos administradores sem v\u00ednculo empregat\u00edcio<\/strong>. Este dispositivo busca <strong>n\u00e3o penalizar indevidamente empregados<\/strong> pelas <strong>infra\u00e7\u00f5es<\/strong> cometidas pela empresa.<\/p>\n\n\n\n<p>Nesta se\u00e7\u00e3o tamb\u00e9m fica claro que a cobran\u00e7a judicial do cr\u00e9dito tribut\u00e1rio <strong>n\u00e3o se sujeita <\/strong>a <strong>concurso de credores ou habilita\u00e7\u00e3o<\/strong> em <strong>fal\u00eancia, recupera\u00e7\u00e3o judicial, concordata, invent\u00e1rio ou arrolamento.<\/strong> S\u00f3 se admite <strong>prefer\u00eancia<\/strong> entre pessoas jur\u00eddicas de <strong>direito p\u00fablico, <\/strong>na seguinte ordem: <strong>Uni\u00e3o; Estados, Distrito Federal e Territ\u00f3rios, conjuntamente e pr\u00f3-rata; <\/strong>&nbsp;e <strong>Munic\u00edpios, conjuntamente e pr\u00f3-rata.<\/strong><\/p>\n\n\n\n<p>S\u00e3o pagos preferencialmente a quaisquer cr\u00e9ditos habilitados em invent\u00e1rio ou arrolamento, ou a outros encargos do monte, os cr\u00e9ditos tribut\u00e1rios vencidos ou vincendos, a cargo do de cujus ou de seu esp\u00f3lio, exig\u00edveis no decurso do processo de <strong>invent\u00e1rio ou arrolamento<\/strong>. Contestado o cr\u00e9dito tribut\u00e1rio, o juiz mandar\u00e1 reservar bens suficientes \u00e0 extin\u00e7\u00e3o total do cr\u00e9dito, ouvido, quanto \u00e0 natureza e valor dos bens reservados, o representante do fisco.<\/p>\n\n\n\n<p>S\u00e3o tamb\u00e9m pagos preferencialmente a quaisquer outros os <strong>cr\u00e9ditos tribut\u00e1rios vencidos ou vincendos<\/strong>, a cargo de pessoas jur\u00eddicas de direito privado em <strong>liquida\u00e7\u00e3o judicial ou volunt\u00e1ria<\/strong>, exig\u00edveis no decurso da liquida\u00e7\u00e3o. A extin\u00e7\u00e3o das obriga\u00e7\u00f5es do falido requer prova de quita\u00e7\u00e3o de todos os tributos.<\/p>\n\n\n\n<p>A <strong>concess\u00e3o<\/strong> de <strong>recupera\u00e7\u00e3o judicial<\/strong> depende da apresenta\u00e7\u00e3o da prova de <strong>quita\u00e7\u00e3o<\/strong> de todos os <strong>tributos<\/strong>. <strong>Nenhuma senten\u00e7a<\/strong> de julgamento de <strong>partilha ou adjudica\u00e7\u00e3o<\/strong> ser\u00e1 <strong>proferida<\/strong> <strong>sem<\/strong> prova da <strong>quita\u00e7\u00e3o<\/strong> de <strong>todos os tributos<\/strong> relativos aos bens do esp\u00f3lio, ou \u00e0s suas rendas.<\/p>\n\n\n\n<p>Por \u00faltimo, salvo quando expressamente autorizado por lei, ente federativo <strong>n\u00e3o poder\u00e1<\/strong> celebrar contrato ou aceitar proposta em concorr\u00eancia p\u00fablica sem que o contratante ou proponente esteja em dia com todos os tributos devidos, relativos \u00e0 atividade em cujo exerc\u00edcio contrata ou concorre, desta forma demonstrando mais uma vez as <strong>garantias e privil\u00e9gios <\/strong>do cr\u00e9dito tribut\u00e1rio.<\/p>\n\n\n\n<figure class=\"wp-block-image size-large\"><img loading=\"lazy\" decoding=\"async\" width=\"1024\" height=\"576\" src=\"https:\/\/dhg1h5j42swfq.cloudfront.net\/2022\/01\/23173159\/chess-2727443-1024x576.jpg\" alt=\"Apesar das garantias e privil\u00e9gios do cr\u00e9dito tribut\u00e1rio, na fal\u00eancia elas s\u00e3o mais limitadas\" class=\"wp-image-952777\" srcset=\"https:\/\/dhg1h5j42swfq.cloudfront.net\/2022\/01\/23173159\/chess-2727443-1024x576.jpg 1024w, https:\/\/dhg1h5j42swfq.cloudfront.net\/2022\/01\/23173159\/chess-2727443-300x169.jpg 300w, https:\/\/dhg1h5j42swfq.cloudfront.net\/2022\/01\/23173159\/chess-2727443-768x432.jpg 768w, https:\/\/dhg1h5j42swfq.cloudfront.net\/2022\/01\/23173159\/chess-2727443-1536x864.jpg 1536w, https:\/\/dhg1h5j42swfq.cloudfront.net\/2022\/01\/23173159\/chess-2727443-2048x1152.jpg 2048w, https:\/\/dhg1h5j42swfq.cloudfront.net\/2022\/01\/23173159\/chess-2727443-610x343.jpg 610w\" sizes=\"auto, (max-width: 1024px) 100vw, 1024px\" \/><figcaption>Apesar das garantias e privil\u00e9gios do cr\u00e9dito tribut\u00e1rio, na fal\u00eancia elas s\u00e3o mais limitadas<\/figcaption><\/figure>\n\n\n\n<h2 class=\"wp-block-heading\" id=\"h-garantias-e-privilegios-do-credito-tributario-e-jurisprudencia\"><strong>Garantias e Privil\u00e9gios do Cr\u00e9dito Tribut\u00e1rio e Jurisprud\u00eancia<\/strong><\/h2>\n\n\n\n<p>As <strong>garantias e privil\u00e9gios<\/strong> do cr\u00e9dito tribut\u00e1rio tamb\u00e9m foram moldados pela jurisprud\u00eancia. Na jurisprud\u00eancia do Supremo Tribunal Federal (STF) \u00e9 c\u00e9lebre a decis\u00e3o sobre os limites e prerrogativas da fiscaliza\u00e7\u00e3o tribut\u00e1ria. Como decorr\u00eancia l\u00f3gica da <strong>sofistica\u00e7\u00e3o <\/strong>da atividade criminal, a Lei Complementar n. 105\/2001 foi elaborada para garantir maior <strong>poder fiscalizat\u00f3rio<\/strong> para a Receita Federal do Brasil no sentido de <strong>investigar crimes tribut\u00e1rios<\/strong> que envolvam <strong>lavagem de dinheiro<\/strong>.<\/p>\n\n\n\n<p>Com a <strong>globaliza\u00e7\u00e3o<\/strong> da circula\u00e7\u00e3o de recursos financeiros, a atividade criminosa e terrorista passou a depender cada vez mais da movimenta\u00e7\u00e3o financeira por todo o mundo. Os fluxos financeiros aumentaram significativamente, exigindo mais capacidade de fiscaliza\u00e7\u00e3o dos \u00f3rg\u00e3os tribut\u00e1rios. A Lei Complementar n. 105\/2001 veio para dar mais poderes para a fiscaliza\u00e7\u00e3o tribut\u00e1ria.<\/p>\n\n\n\n<p>Por outro lado, <strong>pessoas f\u00edsicas e jur\u00eddicas<\/strong> come\u00e7aram a alegar, em <strong>a\u00e7\u00f5es judiciais<\/strong>, que suas informa\u00e7\u00f5es estavam sendo <strong>invadidas<\/strong> pelo \u00f3rg\u00e3o, constituindo assim uma real <strong>viola\u00e7\u00e3o de privacidade<\/strong>. Nesse caso, o que deveria prevalecer? O direito individual \u00e0 privacidade, ou o poder fiscalizat\u00f3rio do estado?<\/p>\n\n\n\n<p>O STF enfrentou esse julgado em 2016, com uma decis\u00e3o que <strong>referendou<\/strong> o poder fiscalizat\u00f3rio estatal, conforme consta neste artigo sobre <a href=\"https:\/\/www.estrategiaconcursos.com.br\/blog\/wp-admin\/post.php?post=677235&amp;action=edit\">a quest\u00e3o do direito ao sigilo e o direito do fisco<\/a>, desde que haja um processo administrativo instaurado \u2013 para que o poder estatal n\u00e3o possa ser utilizado indevidamente para perseguir quaisquer pessoas.<\/p>\n\n\n\n<p>Outra decis\u00e3o foi sobre o rito procedimental da execu\u00e7\u00e3o fiscal, em s\u00famula aprovada pelo Superior Tribunal de Justi\u00e7a, na S\u00famula STJ-560: \u201c<em>A decreta\u00e7\u00e3o da indisponibilidade de bens e direitos, na forma do art. 185-A do CTN, pressup\u00f5e o exaurimento das dilig\u00eancias na busca por bens penhor\u00e1veis, o qual fica caracterizado quando infrut\u00edferos o pedido de constri\u00e7\u00e3o sobre ativos financeiros e a expedi\u00e7\u00e3o de of\u00edcios aos registros p\u00fablicos do domic\u00edlio do executado, ao Denatran ou Detran.\u201d<\/em><\/p>\n\n\n\n<h2 class=\"wp-block-heading\" id=\"h-conclusoes\"><strong>Conclus\u00f5es<\/strong><\/h2>\n\n\n\n<p>Neste artigo buscou-se recapitular a rela\u00e7\u00e3o jur\u00eddico-tribut\u00e1ria, trazida pela <strong>obriga\u00e7\u00e3o tribut\u00e1ria<\/strong>, que, por sua vez, surge com a ocorr\u00eancia do <strong>fato gerador<\/strong>. Esta rela\u00e7\u00e3o possui alguns aspectos, a saber: o <strong>aspecto material<\/strong>, definido pelo <strong>acontecimento<\/strong> que constitui o <strong>fato gerador<\/strong>; o <strong>aspecto espacial<\/strong>, <strong>onde<\/strong> ocorre tal fato gerador; o <strong>aspecto temporal<\/strong>, <strong>quando<\/strong> se considera ocorrido o fato gerador; o <strong>aspecto quantitativo<\/strong>, ou seja, a respectiva <strong>base de c\u00e1lculo<\/strong> e <strong>al\u00edquota<\/strong>; e o <strong>aspecto subjetivo<\/strong>, que define quem s\u00e3o os sujeitos <strong>ativo <\/strong>e<strong> passivo<\/strong>.<\/p>\n\n\n\n<p>Nesta rela\u00e7\u00e3o jur\u00eddico-tribut\u00e1ria, temos o <strong>sujeito passivo<\/strong>, que \u00e9 <strong>contribuinte<\/strong> ou <strong>respons\u00e1vel<\/strong>, que dever\u00e1 <strong>adimplir <\/strong>com sua respectiva obriga\u00e7\u00e3o tribut\u00e1ria. Do outro lado, temos o <strong>sujeito ativo<\/strong>, que representa o <strong>ente estatal<\/strong> que \u00e9 competente para <strong>exigir<\/strong> este tributo. O ente estatal na verdade representa a <strong>coletividade<\/strong>: ele representa a personifica\u00e7\u00e3o da sociedade, atrav\u00e9s de uma unidade administrativa, incumbida de cuidar do bem estar da sociedade.<\/p>\n\n\n\n<p>Entre os direitos individuais do <strong>contribuinte<\/strong> e os direitos da <strong>coletividade<\/strong> como um todo h\u00e1 um <strong>desequil\u00edbrio<\/strong>, pois o bem-estar da sociedade se <strong>sobrep\u00f5e<\/strong> ao bem-estar individual, por isso o ente estatal possui poderes maiores que os do contribuinte, para fazer cumprir as obriga\u00e7\u00f5es tribut\u00e1rias. Desta forma, este \u00e9 dos motivos pelos quais o <strong>cr\u00e9dito tribut\u00e1rio<\/strong> possui <strong>garantias<\/strong> e <strong>privil\u00e9gios<\/strong> que asseguram \u00e0 fazenda p\u00fablica maior efetividade na cobran\u00e7a do cr\u00e9dito tribut\u00e1rio.<\/p>\n\n\n\n<p>Uma dessas <strong>garantias<\/strong> e <strong>privil\u00e9gios<\/strong> caracteriza a onera\u00e7\u00e3o de bens e rendas do sujeito passivo como <strong>fraudulenta<\/strong> ap\u00f3s a inscri\u00e7\u00e3o de seu d\u00e9bito em <strong>d\u00edvida ativa<\/strong>. Esta \u00e9 uma <strong>presun\u00e7\u00e3o absoluta<\/strong>, que encontra <strong>ressalva<\/strong> quando o <strong>devedor<\/strong> deixe <strong>reservados fundos suficientes<\/strong> para cumprir com o <strong>pagamento de sua d\u00edvida.<\/strong><\/p>\n\n\n\n<p>Outras dessas <strong>garantias <\/strong>e <strong>privil\u00e9gios<\/strong> <strong>exige<\/strong> a <strong>quita\u00e7\u00e3o<\/strong> de <strong>tributos<\/strong> que o sujeito passivo obtenha <strong>senten\u00e7a<\/strong> de <strong>adjudica\u00e7\u00e3o<\/strong> e <strong>partilha<\/strong> em seus processos de <strong>invent\u00e1rio<\/strong> e <strong>arrolamento. <\/strong>Ou at\u00e9 mesmo a <strong>quita\u00e7\u00e3o de tributos<\/strong> para a concess\u00e3o de <strong>recupera\u00e7\u00e3o judicial.<\/strong><\/p>\n\n\n\n<p>Outra forma de se verificar essas <strong>garantias<\/strong> e <strong>privil\u00e9gios<\/strong> \u00e9 a que a <strong>primazia<\/strong> de que o cr\u00e9dito tribut\u00e1rio goza \u00e9 de tal maneira que ele sua cobran\u00e7a judicial <strong>n\u00e3o se sujeita a concurso de prefer\u00eancias entre credores<\/strong> \u2013 ressalvando-se apenas alguns tipos de cr\u00e9ditos na <strong>fal\u00eancia. <\/strong>E outros <strong>cr\u00e9ditos extraconcursais<\/strong> (surgidos durante o processo de <strong>fal\u00eancia<\/strong> ou <strong>recupera\u00e7\u00e3o judicial<\/strong>).<\/p>\n\n\n\n<p>A <strong>prefer\u00eancia<\/strong> entre <strong>credores<\/strong>, em regra, <strong>somente<\/strong> \u00e9 <strong>admitida<\/strong> entre <strong>pessoas jur\u00eddicas<\/strong> de <strong>direito p\u00fablico: Uni\u00e3o; Estados, Distrito Federal e Territ\u00f3rios, conjuntamente e pr\u00f3-rata; e Munic\u00edpios, conjuntamente e pr\u00f3-rata.<\/strong><\/p>\n\n\n\n<p>Ricardo Pereira de Oliveira<\/p>\n\n\n\n<h2 class=\"has-text-align-center wp-block-heading\" id=\"h-cursos-e-assinaturas\">Cursos e Assinaturas <\/h2>\n\n\n\n<p>Prepare-se com o melhor material e com quem mais aprova em Concursos P\u00fablicos em todo o pa\u00eds!<\/p>\n\n\n\n<div class=\"container\" id=\"boxes\">\n  <div class=\"row\">\n    <div class=\"col-sm\">\n      <div class=\"estrategia\" id=\"box-assinatura\">\n        <h3 class=\"titulo-assinatura\">Assinatura de Concursos<\/h3>\n        <p class=\"subtitulo-assinatura\">Assinatura de 1 ano ou 2 anos<\/p>\n        <div class=\"box-botao\">\n          <a class=\"btn-assinatura\" target=\"_blank\" href=\"https:\/\/www.estrategiaconcursos.com.br\/assinaturas\/\" role=\"button\" rel=\"noopener noreferrer\">ASSINE AGORA<\/a>\n        <\/div>\n      <\/div>\n      <p class=\"texto-auxiliar\"><\/p>\n    <\/div>\n    <div class=\"col-sm\">\n      <div class=\"questoes\" id=\"box-assinatura\">\n        <h3 class=\"titulo-assinatura\">Sistema de Quest\u00f5es<\/h3>\n        <p class=\"subtitulo-assinatura\">Assinatura de 1 ano ou 2 anos\n<\/p>\n        <div class=\"box-botao\">\n          <a class=\"btn-assinatura\" target=\"_blank\" href=\"https:\/\/www.estrategiaconcursos.com.br\/cursosPorConcurso\/sistema-de-questoes\/#\/\" role=\"button\" rel=\"noopener noreferrer\">ASSINE AGORA<\/a>\n        <\/div>\n      <\/div>\n      <p class=\"texto-auxiliar\"><\/p>\n    <\/div>\n  <\/div>\n<\/div>\n\n\n\n<p><\/p>\n\n\n\n<p class=\"has-text-align-center has-white-color has-vivid-purple-background-color has-text-color has-background\"><a href=\"https:\/\/www.estrategiaconcursos.com.br\/blog\/concursos-abertos\/\" target=\"_blank\" rel=\"noreferrer noopener\"><strong><span class=\"has-inline-color has-white-color\">Concursos abertos<\/span><\/strong><\/a><\/p>\n\n\n\n<p class=\"has-text-align-center has-white-color has-vivid-purple-background-color has-text-color has-background\"><strong><a href=\"https:\/\/www.estrategiaconcursos.com.br\/blog\/concursos-2022\/\" target=\"_blank\" rel=\"noreferrer noopener\"><span class=\"has-inline-color has-white-color\">Concursos 2022<\/span><\/a><\/strong><\/p>\n\n\n\n<div class=\"container\" id=\"boxes\">\n  <div class=\"row\">\n    <div class=\"col-sm\">\n      <div class=\"estrategia\" id=\"box-assinatura\">\n        <h3 class=\"titulo-assinatura\">Assinatura de Concursos<\/h3>\n        <p class=\"subtitulo-assinatura\">Assinatura de 1 ano ou 2 anos<\/p>\n        <div class=\"box-botao\">\n          <a class=\"btn-assinatura\" target=\"_blank\" href=\"https:\/\/www.estrategiaconcursos.com.br\/assinaturas\/\" role=\"button\" rel=\"noopener noreferrer\">ASSINE AGORA<\/a>\n        <\/div>\n      <\/div>\n      \n    <\/div><\/div><\/div>\n","protected":false},"excerpt":{"rendered":"<p>Conceitos Iniciais Este artigo se destina a explicar as garantias e privil\u00e9gios do cr\u00e9dito tribut\u00e1rio em todas as suas respectivas formas. A rela\u00e7\u00e3o jur\u00eddico-tribut\u00e1ria \u00e9 a rela\u00e7\u00e3o entre o ente estatal e o contribuinte, surgida em fun\u00e7\u00e3o da ocorr\u00eancia do fato gerador. O fato gerador, por sua vez, \u00e9 a concretiza\u00e7\u00e3o, no mundo real, de [&hellip;]<\/p>\n","protected":false},"author":1979,"featured_media":952773,"comment_status":"open","ping_status":"closed","sticky":false,"template":"","format":"standard","meta":{"post_tipo":"article","footnotes":""},"categories":[220215,220216,1,220180,214992,1983,220182,220183,2185,2017,1984,214710],"tags":[],"tax_estado":[219964,219965,219966,219967,219968,219969,219963,219970,219971,219972,219973,219974,219975,219976,219977,219978,219979,219980,219981,219982,219983,219984,219985,219986,219987,219988,219989,219990],"class_list":["post-952767","post","type-post","status-publish","format-standard","has-post-thumbnail","hentry","category-agencia-reguladora","category-agencia-reguladora-agencia-reguladora","category-cursos-e-concursos","category-controle-gestao","category-concursos-administrativos","category-fiscal-estadual","category-fiscal-federal","category-fiscal-municipal","category-carreiras-juridicas","category-concursos-legislativos","category-tribunais","category-tribunais-de-contas","tax_estado-ac","tax_estado-al","tax_estado-am","tax_estado-ap","tax_estado-ba","tax_estado-ce","tax_estado-concursos-federais","tax_estado-df","tax_estado-es","tax_estado-go","tax_estado-ma","tax_estado-mg","tax_estado-ms","tax_estado-mt","tax_estado-pa","tax_estado-pb","tax_estado-pe","tax_estado-pi","tax_estado-pr","tax_estado-rj","tax_estado-rn","tax_estado-ro","tax_estado-rr","tax_estado-rs","tax_estado-sc","tax_estado-se","tax_estado-sp","tax_estado-to"],"acf":[],"yoast_head":"<!-- This site is optimized with the Yoast SEO Premium plugin v27.2 (Yoast SEO v27.2) - https:\/\/yoast.com\/product\/yoast-seo-premium-wordpress\/ -->\n<title>Garantias e Privil\u00e9gios do Cr\u00e9dito Tribut\u00e1rio e Jurisprud\u00eancia<\/title>\n<meta name=\"description\" content=\"Este artigo se destina a explicar as garantias e privil\u00e9gios do cr\u00e9dito tribut\u00e1rio em todas as suas respectivas formas\" \/>\n<meta name=\"robots\" content=\"index, follow, max-snippet:-1, max-image-preview:large, max-video-preview:-1\" \/>\n<link rel=\"canonical\" href=\"https:\/\/www.estrategiaconcursos.com.br\/blog\/garantias-privilegios-credito-tributario\/\" \/>\n<meta property=\"og:locale\" content=\"pt_BR\" \/>\n<meta property=\"og:type\" content=\"article\" \/>\n<meta property=\"og:title\" content=\"Garantias e Privil\u00e9gios do Cr\u00e9dito Tribut\u00e1rio e Jurisprud\u00eancia\" \/>\n<meta property=\"og:description\" content=\"Este artigo se destina a explicar as garantias e privil\u00e9gios do cr\u00e9dito tribut\u00e1rio em todas as suas respectivas formas\" \/>\n<meta property=\"og:url\" content=\"https:\/\/www.estrategiaconcursos.com.br\/blog\/garantias-privilegios-credito-tributario\/\" \/>\n<meta property=\"og:site_name\" content=\"Estrat\u00e9gia Concursos\" \/>\n<meta property=\"article:published_time\" content=\"2022-01-31T11:10:00+00:00\" \/>\n<meta property=\"article:modified_time\" content=\"2022-09-01T19:12:22+00:00\" \/>\n<meta property=\"og:image\" content=\"https:\/\/dhg1h5j42swfq.cloudfront.net\/2022\/01\/23171720\/logo-stf-2-1.jpg\" \/>\n\t<meta property=\"og:image:width\" content=\"295\" \/>\n\t<meta property=\"og:image:height\" content=\"171\" \/>\n\t<meta property=\"og:image:type\" content=\"image\/jpeg\" \/>\n<meta name=\"author\" content=\"Ricardo Pereira de Oliveira\" \/>\n<meta name=\"twitter:card\" content=\"summary_large_image\" \/>\n<meta name=\"twitter:creator\" content=\"@EstratConcursos\" \/>\n<meta name=\"twitter:site\" content=\"@EstratConcursos\" \/>\n<meta name=\"twitter:label1\" content=\"Escrito por\" \/>\n\t<meta name=\"twitter:data1\" content=\"Ricardo Pereira de Oliveira\" \/>\n\t<meta name=\"twitter:label2\" content=\"Est. tempo de leitura\" \/>\n\t<meta name=\"twitter:data2\" content=\"15 minutos\" \/>\n<script type=\"application\/ld+json\" class=\"yoast-schema-graph\">{\"@context\":\"https:\/\/schema.org\",\"@graph\":[{\"@type\":\"NewsArticle\",\"@id\":\"https:\/\/www.estrategiaconcursos.com.br\/blog\/garantias-privilegios-credito-tributario\/#article\",\"isPartOf\":{\"@id\":\"https:\/\/www.estrategiaconcursos.com.br\/blog\/garantias-privilegios-credito-tributario\/\"},\"author\":{\"name\":\"Ricardo Pereira de Oliveira\",\"@id\":\"https:\/\/www.estrategiaconcursos.com.br\/blog\/#\/schema\/person\/bddec4cfff57a846dbc506e0bc7a5b36\"},\"headline\":\"Garantias e Privil\u00e9gios do Cr\u00e9dito Tribut\u00e1rio e Jurisprud\u00eancia\",\"datePublished\":\"2022-01-31T11:10:00+00:00\",\"dateModified\":\"2022-09-01T19:12:22+00:00\",\"mainEntityOfPage\":{\"@id\":\"https:\/\/www.estrategiaconcursos.com.br\/blog\/garantias-privilegios-credito-tributario\/\"},\"wordCount\":3021,\"commentCount\":0,\"publisher\":{\"@id\":\"https:\/\/www.estrategiaconcursos.com.br\/blog\/#organization\"},\"image\":{\"@id\":\"https:\/\/www.estrategiaconcursos.com.br\/blog\/garantias-privilegios-credito-tributario\/#primaryimage\"},\"thumbnailUrl\":\"https:\/\/dhg1h5j42swfq.cloudfront.net\/2022\/01\/23171720\/logo-stf-2-1.jpg\",\"articleSection\":[\"Ag\u00eancia Reguladora\",\"Ag\u00eancia Reguladora\",\"Concursos P\u00fablicos\",\"Controladorias\/Gest\u00e3o (CGU, CGE, STN, EPPGG)\",\"Executivo (Administrativa)\",\"Fiscal - Estadual (ICMS)\",\"Fiscal - Federal (RFB e AFT)\",\"Fiscal - Municipal (ISS)\",\"Jur\u00eddico\",\"Legislativo\",\"Tribunais\",\"Tribunais de Contas (TCU, TCE, TCM)\"],\"inLanguage\":\"pt-BR\",\"potentialAction\":[{\"@type\":\"CommentAction\",\"name\":\"Comment\",\"target\":[\"https:\/\/www.estrategiaconcursos.com.br\/blog\/garantias-privilegios-credito-tributario\/#respond\"]}],\"copyrightYear\":\"2022\",\"copyrightHolder\":{\"@id\":\"https:\/\/www.estrategiaconcursos.com.br\/blog\/#organization\"}},{\"@type\":\"WebPage\",\"@id\":\"https:\/\/www.estrategiaconcursos.com.br\/blog\/garantias-privilegios-credito-tributario\/\",\"url\":\"https:\/\/www.estrategiaconcursos.com.br\/blog\/garantias-privilegios-credito-tributario\/\",\"name\":\"Garantias e Privil\u00e9gios do Cr\u00e9dito Tribut\u00e1rio e Jurisprud\u00eancia\",\"isPartOf\":{\"@id\":\"https:\/\/www.estrategiaconcursos.com.br\/blog\/#website\"},\"primaryImageOfPage\":{\"@id\":\"https:\/\/www.estrategiaconcursos.com.br\/blog\/garantias-privilegios-credito-tributario\/#primaryimage\"},\"image\":{\"@id\":\"https:\/\/www.estrategiaconcursos.com.br\/blog\/garantias-privilegios-credito-tributario\/#primaryimage\"},\"thumbnailUrl\":\"https:\/\/dhg1h5j42swfq.cloudfront.net\/2022\/01\/23171720\/logo-stf-2-1.jpg\",\"datePublished\":\"2022-01-31T11:10:00+00:00\",\"dateModified\":\"2022-09-01T19:12:22+00:00\",\"description\":\"Este artigo se destina a explicar as garantias e privil\u00e9gios do cr\u00e9dito tribut\u00e1rio em todas as suas respectivas formas\",\"breadcrumb\":{\"@id\":\"https:\/\/www.estrategiaconcursos.com.br\/blog\/garantias-privilegios-credito-tributario\/#breadcrumb\"},\"inLanguage\":\"pt-BR\",\"potentialAction\":[{\"@type\":\"ReadAction\",\"target\":[\"https:\/\/www.estrategiaconcursos.com.br\/blog\/garantias-privilegios-credito-tributario\/\"]}]},{\"@type\":\"ImageObject\",\"inLanguage\":\"pt-BR\",\"@id\":\"https:\/\/www.estrategiaconcursos.com.br\/blog\/garantias-privilegios-credito-tributario\/#primaryimage\",\"url\":\"https:\/\/dhg1h5j42swfq.cloudfront.net\/2022\/01\/23171720\/logo-stf-2-1.jpg\",\"contentUrl\":\"https:\/\/dhg1h5j42swfq.cloudfront.net\/2022\/01\/23171720\/logo-stf-2-1.jpg\",\"width\":295,\"height\":171},{\"@type\":\"BreadcrumbList\",\"@id\":\"https:\/\/www.estrategiaconcursos.com.br\/blog\/garantias-privilegios-credito-tributario\/#breadcrumb\",\"itemListElement\":[{\"@type\":\"ListItem\",\"position\":1,\"name\":\"In\u00edcio\",\"item\":\"https:\/\/www.estrategiaconcursos.com.br\/blog\/\"},{\"@type\":\"ListItem\",\"position\":2,\"name\":\"Garantias e Privil\u00e9gios do Cr\u00e9dito Tribut\u00e1rio e Jurisprud\u00eancia\"}]},{\"@type\":\"WebSite\",\"@id\":\"https:\/\/www.estrategiaconcursos.com.br\/blog\/#website\",\"url\":\"https:\/\/www.estrategiaconcursos.com.br\/blog\/\",\"name\":\"Estrat\u00e9gia Concursos\",\"description\":\"O blog da Estrat\u00e9gia Concursos traz not\u00edcias sobre concursos e artigos de professores oferecendo cursos para concursos (pdf + videaulas) no site.\",\"publisher\":{\"@id\":\"https:\/\/www.estrategiaconcursos.com.br\/blog\/#organization\"},\"potentialAction\":[{\"@type\":\"SearchAction\",\"target\":{\"@type\":\"EntryPoint\",\"urlTemplate\":\"https:\/\/www.estrategiaconcursos.com.br\/blog\/?s={search_term_string}\"},\"query-input\":{\"@type\":\"PropertyValueSpecification\",\"valueRequired\":true,\"valueName\":\"search_term_string\"}}],\"inLanguage\":\"pt-BR\"},{\"@type\":\"Organization\",\"@id\":\"https:\/\/www.estrategiaconcursos.com.br\/blog\/#organization\",\"name\":\"Estrat\u00e9gia Concursos\",\"url\":\"https:\/\/www.estrategiaconcursos.com.br\/blog\/\",\"logo\":{\"@type\":\"ImageObject\",\"inLanguage\":\"pt-BR\",\"@id\":\"https:\/\/www.estrategiaconcursos.com.br\/blog\/#\/schema\/logo\/image\/\",\"url\":\"https:\/\/dhg1h5j42swfq.cloudfront.net\/2025\/06\/03203428\/logo_concursos-1.jpg\",\"contentUrl\":\"https:\/\/dhg1h5j42swfq.cloudfront.net\/2025\/06\/03203428\/logo_concursos-1.jpg\",\"width\":230,\"height\":60,\"caption\":\"Estrat\u00e9gia Concursos\"},\"image\":{\"@id\":\"https:\/\/www.estrategiaconcursos.com.br\/blog\/#\/schema\/logo\/image\/\"},\"sameAs\":[\"https:\/\/x.com\/EstratConcursos\"]},{\"@type\":\"Person\",\"@id\":\"https:\/\/www.estrategiaconcursos.com.br\/blog\/#\/schema\/person\/bddec4cfff57a846dbc506e0bc7a5b36\",\"name\":\"Ricardo Pereira de Oliveira\",\"image\":{\"@type\":\"ImageObject\",\"inLanguage\":\"pt-BR\",\"@id\":\"https:\/\/secure.gravatar.com\/avatar\/a16d5759c3d4edc0896235928b70e4a79ec591848bb173a92801d67dcb8492b1?s=96&d=mm&r=g\",\"url\":\"https:\/\/secure.gravatar.com\/avatar\/a16d5759c3d4edc0896235928b70e4a79ec591848bb173a92801d67dcb8492b1?s=96&d=mm&r=g\",\"contentUrl\":\"https:\/\/secure.gravatar.com\/avatar\/a16d5759c3d4edc0896235928b70e4a79ec591848bb173a92801d67dcb8492b1?s=96&d=mm&r=g\",\"caption\":\"Ricardo Pereira de Oliveira\"},\"description\":\"Formado em Administra\u00e7\u00e3o de Empresas pelo Mackenzie, p\u00f3s-graduado em Marketing pela ESPM. Concurseiro desde 2014. Auditor Fiscal da Receita Municipal de Campo Grande\/MS Ex-Fiscal de Rendas de Tabo\u00e3o da Serra\/SP\",\"url\":\"https:\/\/www.estrategiaconcursos.com.br\/blog\/author\/ricperogmail-com\/\"}]}<\/script>\n<!-- \/ Yoast SEO Premium plugin. -->","yoast_head_json":{"title":"Garantias e Privil\u00e9gios do Cr\u00e9dito Tribut\u00e1rio e Jurisprud\u00eancia","description":"Este artigo se destina a explicar as garantias e privil\u00e9gios do cr\u00e9dito tribut\u00e1rio em todas as suas respectivas formas","robots":{"index":"index","follow":"follow","max-snippet":"max-snippet:-1","max-image-preview":"max-image-preview:large","max-video-preview":"max-video-preview:-1"},"canonical":"https:\/\/www.estrategiaconcursos.com.br\/blog\/garantias-privilegios-credito-tributario\/","og_locale":"pt_BR","og_type":"article","og_title":"Garantias e Privil\u00e9gios do Cr\u00e9dito Tribut\u00e1rio e Jurisprud\u00eancia","og_description":"Este artigo se destina a explicar as garantias e privil\u00e9gios do cr\u00e9dito tribut\u00e1rio em todas as suas respectivas formas","og_url":"https:\/\/www.estrategiaconcursos.com.br\/blog\/garantias-privilegios-credito-tributario\/","og_site_name":"Estrat\u00e9gia Concursos","article_published_time":"2022-01-31T11:10:00+00:00","article_modified_time":"2022-09-01T19:12:22+00:00","og_image":[{"width":295,"height":171,"url":"https:\/\/dhg1h5j42swfq.cloudfront.net\/2022\/01\/23171720\/logo-stf-2-1.jpg","type":"image\/jpeg"}],"author":"Ricardo Pereira de Oliveira","twitter_card":"summary_large_image","twitter_creator":"@EstratConcursos","twitter_site":"@EstratConcursos","twitter_misc":{"Escrito por":"Ricardo Pereira de Oliveira","Est. tempo de leitura":"15 minutos"},"schema":{"@context":"https:\/\/schema.org","@graph":[{"@type":"NewsArticle","@id":"https:\/\/www.estrategiaconcursos.com.br\/blog\/garantias-privilegios-credito-tributario\/#article","isPartOf":{"@id":"https:\/\/www.estrategiaconcursos.com.br\/blog\/garantias-privilegios-credito-tributario\/"},"author":{"name":"Ricardo Pereira de Oliveira","@id":"https:\/\/www.estrategiaconcursos.com.br\/blog\/#\/schema\/person\/bddec4cfff57a846dbc506e0bc7a5b36"},"headline":"Garantias e Privil\u00e9gios do Cr\u00e9dito Tribut\u00e1rio e Jurisprud\u00eancia","datePublished":"2022-01-31T11:10:00+00:00","dateModified":"2022-09-01T19:12:22+00:00","mainEntityOfPage":{"@id":"https:\/\/www.estrategiaconcursos.com.br\/blog\/garantias-privilegios-credito-tributario\/"},"wordCount":3021,"commentCount":0,"publisher":{"@id":"https:\/\/www.estrategiaconcursos.com.br\/blog\/#organization"},"image":{"@id":"https:\/\/www.estrategiaconcursos.com.br\/blog\/garantias-privilegios-credito-tributario\/#primaryimage"},"thumbnailUrl":"https:\/\/dhg1h5j42swfq.cloudfront.net\/2022\/01\/23171720\/logo-stf-2-1.jpg","articleSection":["Ag\u00eancia Reguladora","Ag\u00eancia Reguladora","Concursos P\u00fablicos","Controladorias\/Gest\u00e3o (CGU, CGE, STN, EPPGG)","Executivo (Administrativa)","Fiscal - Estadual (ICMS)","Fiscal - Federal (RFB e AFT)","Fiscal - Municipal (ISS)","Jur\u00eddico","Legislativo","Tribunais","Tribunais de Contas (TCU, TCE, TCM)"],"inLanguage":"pt-BR","potentialAction":[{"@type":"CommentAction","name":"Comment","target":["https:\/\/www.estrategiaconcursos.com.br\/blog\/garantias-privilegios-credito-tributario\/#respond"]}],"copyrightYear":"2022","copyrightHolder":{"@id":"https:\/\/www.estrategiaconcursos.com.br\/blog\/#organization"}},{"@type":"WebPage","@id":"https:\/\/www.estrategiaconcursos.com.br\/blog\/garantias-privilegios-credito-tributario\/","url":"https:\/\/www.estrategiaconcursos.com.br\/blog\/garantias-privilegios-credito-tributario\/","name":"Garantias e Privil\u00e9gios do Cr\u00e9dito Tribut\u00e1rio e Jurisprud\u00eancia","isPartOf":{"@id":"https:\/\/www.estrategiaconcursos.com.br\/blog\/#website"},"primaryImageOfPage":{"@id":"https:\/\/www.estrategiaconcursos.com.br\/blog\/garantias-privilegios-credito-tributario\/#primaryimage"},"image":{"@id":"https:\/\/www.estrategiaconcursos.com.br\/blog\/garantias-privilegios-credito-tributario\/#primaryimage"},"thumbnailUrl":"https:\/\/dhg1h5j42swfq.cloudfront.net\/2022\/01\/23171720\/logo-stf-2-1.jpg","datePublished":"2022-01-31T11:10:00+00:00","dateModified":"2022-09-01T19:12:22+00:00","description":"Este artigo se destina a explicar as garantias e privil\u00e9gios do cr\u00e9dito tribut\u00e1rio em todas as suas respectivas formas","breadcrumb":{"@id":"https:\/\/www.estrategiaconcursos.com.br\/blog\/garantias-privilegios-credito-tributario\/#breadcrumb"},"inLanguage":"pt-BR","potentialAction":[{"@type":"ReadAction","target":["https:\/\/www.estrategiaconcursos.com.br\/blog\/garantias-privilegios-credito-tributario\/"]}]},{"@type":"ImageObject","inLanguage":"pt-BR","@id":"https:\/\/www.estrategiaconcursos.com.br\/blog\/garantias-privilegios-credito-tributario\/#primaryimage","url":"https:\/\/dhg1h5j42swfq.cloudfront.net\/2022\/01\/23171720\/logo-stf-2-1.jpg","contentUrl":"https:\/\/dhg1h5j42swfq.cloudfront.net\/2022\/01\/23171720\/logo-stf-2-1.jpg","width":295,"height":171},{"@type":"BreadcrumbList","@id":"https:\/\/www.estrategiaconcursos.com.br\/blog\/garantias-privilegios-credito-tributario\/#breadcrumb","itemListElement":[{"@type":"ListItem","position":1,"name":"In\u00edcio","item":"https:\/\/www.estrategiaconcursos.com.br\/blog\/"},{"@type":"ListItem","position":2,"name":"Garantias e Privil\u00e9gios do Cr\u00e9dito Tribut\u00e1rio e Jurisprud\u00eancia"}]},{"@type":"WebSite","@id":"https:\/\/www.estrategiaconcursos.com.br\/blog\/#website","url":"https:\/\/www.estrategiaconcursos.com.br\/blog\/","name":"Estrat\u00e9gia Concursos","description":"O blog da Estrat\u00e9gia Concursos traz not\u00edcias sobre concursos e artigos de professores oferecendo cursos para concursos (pdf + videaulas) no site.","publisher":{"@id":"https:\/\/www.estrategiaconcursos.com.br\/blog\/#organization"},"potentialAction":[{"@type":"SearchAction","target":{"@type":"EntryPoint","urlTemplate":"https:\/\/www.estrategiaconcursos.com.br\/blog\/?s={search_term_string}"},"query-input":{"@type":"PropertyValueSpecification","valueRequired":true,"valueName":"search_term_string"}}],"inLanguage":"pt-BR"},{"@type":"Organization","@id":"https:\/\/www.estrategiaconcursos.com.br\/blog\/#organization","name":"Estrat\u00e9gia Concursos","url":"https:\/\/www.estrategiaconcursos.com.br\/blog\/","logo":{"@type":"ImageObject","inLanguage":"pt-BR","@id":"https:\/\/www.estrategiaconcursos.com.br\/blog\/#\/schema\/logo\/image\/","url":"https:\/\/dhg1h5j42swfq.cloudfront.net\/2025\/06\/03203428\/logo_concursos-1.jpg","contentUrl":"https:\/\/dhg1h5j42swfq.cloudfront.net\/2025\/06\/03203428\/logo_concursos-1.jpg","width":230,"height":60,"caption":"Estrat\u00e9gia Concursos"},"image":{"@id":"https:\/\/www.estrategiaconcursos.com.br\/blog\/#\/schema\/logo\/image\/"},"sameAs":["https:\/\/x.com\/EstratConcursos"]},{"@type":"Person","@id":"https:\/\/www.estrategiaconcursos.com.br\/blog\/#\/schema\/person\/bddec4cfff57a846dbc506e0bc7a5b36","name":"Ricardo Pereira de Oliveira","image":{"@type":"ImageObject","inLanguage":"pt-BR","@id":"https:\/\/secure.gravatar.com\/avatar\/a16d5759c3d4edc0896235928b70e4a79ec591848bb173a92801d67dcb8492b1?s=96&d=mm&r=g","url":"https:\/\/secure.gravatar.com\/avatar\/a16d5759c3d4edc0896235928b70e4a79ec591848bb173a92801d67dcb8492b1?s=96&d=mm&r=g","contentUrl":"https:\/\/secure.gravatar.com\/avatar\/a16d5759c3d4edc0896235928b70e4a79ec591848bb173a92801d67dcb8492b1?s=96&d=mm&r=g","caption":"Ricardo Pereira de Oliveira"},"description":"Formado em Administra\u00e7\u00e3o de Empresas pelo Mackenzie, p\u00f3s-graduado em Marketing pela ESPM. Concurseiro desde 2014. Auditor Fiscal da Receita Municipal de Campo Grande\/MS Ex-Fiscal de Rendas de Tabo\u00e3o da Serra\/SP","url":"https:\/\/www.estrategiaconcursos.com.br\/blog\/author\/ricperogmail-com\/"}]}},"_links":{"self":[{"href":"https:\/\/www.estrategiaconcursos.com.br\/blog\/wp-json\/wp\/v2\/posts\/952767","targetHints":{"allow":["GET"]}}],"collection":[{"href":"https:\/\/www.estrategiaconcursos.com.br\/blog\/wp-json\/wp\/v2\/posts"}],"about":[{"href":"https:\/\/www.estrategiaconcursos.com.br\/blog\/wp-json\/wp\/v2\/types\/post"}],"author":[{"embeddable":true,"href":"https:\/\/www.estrategiaconcursos.com.br\/blog\/wp-json\/wp\/v2\/users\/1979"}],"replies":[{"embeddable":true,"href":"https:\/\/www.estrategiaconcursos.com.br\/blog\/wp-json\/wp\/v2\/comments?post=952767"}],"version-history":[{"count":5,"href":"https:\/\/www.estrategiaconcursos.com.br\/blog\/wp-json\/wp\/v2\/posts\/952767\/revisions"}],"predecessor-version":[{"id":1087851,"href":"https:\/\/www.estrategiaconcursos.com.br\/blog\/wp-json\/wp\/v2\/posts\/952767\/revisions\/1087851"}],"wp:featuredmedia":[{"embeddable":true,"href":"https:\/\/www.estrategiaconcursos.com.br\/blog\/wp-json\/wp\/v2\/media\/952773"}],"wp:attachment":[{"href":"https:\/\/www.estrategiaconcursos.com.br\/blog\/wp-json\/wp\/v2\/media?parent=952767"}],"wp:term":[{"taxonomy":"category","embeddable":true,"href":"https:\/\/www.estrategiaconcursos.com.br\/blog\/wp-json\/wp\/v2\/categories?post=952767"},{"taxonomy":"post_tag","embeddable":true,"href":"https:\/\/www.estrategiaconcursos.com.br\/blog\/wp-json\/wp\/v2\/tags?post=952767"},{"taxonomy":"tax_estado","embeddable":true,"href":"https:\/\/www.estrategiaconcursos.com.br\/blog\/wp-json\/wp\/v2\/tax_estado?post=952767"}],"curies":[{"name":"wp","href":"https:\/\/api.w.org\/{rel}","templated":true}]}}