{"id":952608,"date":"2022-01-22T11:38:20","date_gmt":"2022-01-22T14:38:20","guid":{"rendered":"https:\/\/www.estrategiaconcursos.com.br\/blog\/?p=952608"},"modified":"2022-01-22T12:02:47","modified_gmt":"2022-01-22T15:02:47","slug":"concursos-policiais-am-provas-podem-ser-adiadas","status":"publish","type":"post","link":"https:\/\/www.estrategiaconcursos.com.br\/blog\/concursos-policiais-am-provas-podem-ser-adiadas\/","title":{"rendered":"Concursos Policiais AM: provas podem ser adiadas?"},"content":{"rendered":"\n<p>Mesmo ap\u00f3s a FGV ter <a href=\"https:\/\/dhg1h5j42swfq.cloudfront.net\/2022\/01\/22112840\/comunicado_data_de_prova-1.pdf\" target=\"_blank\" rel=\"noreferrer noopener nofollow\">confirmado<\/a> a realiza\u00e7\u00e3o do concurso PM AM, os concursos policiais do Amazonas (AM) podem ter provas adiadas por decis\u00e3o do Tribunal de Contas do Estado (TCE AM).<\/p>\n\n\n\n<div class=\"wp-block-image\"><figure class=\"aligncenter size-full\"><img loading=\"lazy\" decoding=\"async\" width=\"613\" height=\"402\" src=\"https:\/\/dhg1h5j42swfq.cloudfront.net\/2022\/01\/22112523\/image-437.png\" alt=\"Concursos Policiais AM: provas podem ser adiadas\" class=\"wp-image-952617\" srcset=\"https:\/\/dhg1h5j42swfq.cloudfront.net\/2022\/01\/22112523\/image-437.png 613w, https:\/\/dhg1h5j42swfq.cloudfront.net\/2022\/01\/22112523\/image-437-300x197.png 300w, https:\/\/dhg1h5j42swfq.cloudfront.net\/2022\/01\/22112523\/image-437-610x400.png 610w\" sizes=\"auto, (max-width: 613px) 100vw, 613px\" \/><figcaption>Concursos Policiais AM: provas podem ser adiadas | Imagem: reprodu\u00e7\u00e3o<\/figcaption><\/figure><\/div>\n\n\n\n<p>Isso porque foi enviado ao TCE AM uma representa\u00e7\u00e3o que pede a suspens\u00e3o da aplica\u00e7\u00e3o das provas dos concursos para Bombeiros AM, PM AM, PC AM e SSP AM.<\/p>\n\n\n\n<p>A representa\u00e7\u00e3o com pedido de medida cautelar apresenta como argumento o aumento do n\u00famero de casos de Covid-19 na regi\u00e3o. A alta \u00e9 impulsionada pela variante \u00d4micron, com 22 casos j\u00e1 confirmados.<\/p>\n\n\n\n<p>O presidente do TCE AM, \u00c9rico Desterro, informou que o pedido foi encaminhado ao relator para ser analisada a aplica\u00e7\u00e3o da medida cautelar. De acordo com o presidente, o relator \u00e9 quem decide se haver\u00e1 a suspens\u00e3o.<\/p>\n\n\n\n<p>As provas dos concursos policiais est\u00e3o marcadas para acontecer nas seguintes datas:<\/p>\n\n\n\n<ul class=\"has-very-light-gray-to-cyan-bluish-gray-gradient-background has-background wp-block-list\"><li><strong>PM AM:<\/strong>&nbsp;6 de fevereiro;<\/li><li><strong>Bombeiros AM:&nbsp;<\/strong>13 de fevereiro;<\/li><li><strong>SSP AM: <\/strong>13 de mar\u00e7o;<\/li><li><strong>PC AM:&nbsp;<\/strong>27 de mar\u00e7o para o cargo de delegado e 3 de abril para os outros cargos.<\/li><\/ul>\n\n\n\n<h2 class=\"has-text-align-center has-normal-font-size wp-block-heading\">Preparamos artigos completos com mais informa\u00e7\u00f5es sobre os concursos policiais AM.<\/h2>\n\n\n\n<h3 class=\"has-text-align-center has-cyan-bluish-gray-background-color has-background wp-block-heading\" id=\"h-saiba-mais-pm-am-pc-am-bombeiros-am-ssp-am\">Saiba mais: <a href=\"https:\/\/www.estrategiaconcursos.com.br\/blog\/concurso-pm-am\/\" target=\"_blank\" rel=\"noreferrer noopener\">PM AM<\/a> | <a href=\"https:\/\/www.estrategiaconcursos.com.br\/blog\/concurso-pc-am\/\" target=\"_blank\" rel=\"noreferrer noopener\">PC AM<\/a> | <a href=\"https:\/\/www.estrategiaconcursos.com.br\/blog\/concurso-bombeiro-am\/\" target=\"_blank\" rel=\"noreferrer noopener\">Bombeiros AM<\/a> | <a href=\"https:\/\/www.estrategiaconcursos.com.br\/blog\/concurso-ssp-am\/\" target=\"_blank\" rel=\"noreferrer noopener\">SSP AM<\/a><\/h3>\n\n\n\n<div class=\"container\" id=\"boxes\">\n  <div class=\"row\">\n\n    <div class=\"col-sm\">\n      <div class=\"estrategia\" id=\"box-assinatura\">\n        <h3 class=\"titulo-assinatura\">Assinatura de Concursos<\/h3>\n        <p class=\"subtitulo-assinatura\">Assinatura de 1 ano ou 2 anos<\/p>\n        <div class=\"box-botao\">\n          <a class=\"btn-assinatura\" target=\"_blank\" href=\"https:\/\/www.estrategiaconcursos.com.br\/assinaturas\/\" role=\"button\" rel=\"noopener noreferrer\">ASSINE AGORA<\/a>\n        <\/div>\n      <\/div>\n     \n    <\/div><\/div><\/div>\n\n\n\n<h2 class=\"has-text-align-center wp-block-heading\" id=\"h-quer-saber-tudo-sobre-concursos-policiais-previstos-confira-nossos-artigos\">Quer saber tudo sobre concursos policiais previstos?<br \/>Confira nossos artigos!<\/h2>\n\n\n\n<ul class=\"wp-block-list\"><li><a href=\"https:\/\/www.estrategiaconcursos.com.br\/blog\/concursos-abertos\/\" target=\"_blank\" rel=\"noreferrer noopener\">Concursos abertos<\/a><\/li><li><a href=\"https:\/\/www.estrategiaconcursos.com.br\/blog\/concursos-2022\/\" target=\"_blank\" rel=\"noreferrer noopener\">Concursos 2022<\/a><\/li><li><a href=\"https:\/\/www.estrategiaconcursos.com.br\/blog\/concursos-de-policia\/\" target=\"_blank\" rel=\"noreferrer noopener\">Concursos de Pol\u00edcia<\/a><\/li><\/ul>\n","protected":false},"excerpt":{"rendered":"<p>Mesmo ap\u00f3s a FGV ter confirmado a realiza\u00e7\u00e3o do concurso PM AM, os concursos policiais do Amazonas (AM) podem ter provas adiadas por decis\u00e3o do Tribunal de Contas do Estado (TCE AM). Isso porque foi enviado ao TCE AM uma representa\u00e7\u00e3o que pede a suspens\u00e3o da aplica\u00e7\u00e3o das provas dos concursos para Bombeiros AM, PM [&hellip;]<\/p>\n","protected":false},"author":2041,"featured_media":415333,"comment_status":"open","ping_status":"closed","sticky":false,"template":"","format":"standard","meta":{"post_tipo":"news","footnotes":""},"categories":[1988,220190,220186,220187,220219],"tags":[],"tax_estado":[219966],"class_list":["post-952608","post","type-post","status-publish","format-standard","has-post-thumbnail","hentry","category-policia","category-policial-peritos","category-policial-oficial","category-policial-pracas","category-noticias","tax_estado-am"],"acf":[],"yoast_head":"<!-- This site is optimized with the Yoast SEO Premium plugin v27.2 (Yoast SEO v27.2) - https:\/\/yoast.com\/product\/yoast-seo-premium-wordpress\/ -->\n<title>Concursos Policiais AM: provas podem ser adiadas?<\/title>\n<meta name=\"description\" content=\"Mesmo ap\u00f3s a FGV ter confirmado a realiza\u00e7\u00e3o do concurso PM AM, os concursos policiais do Amazonas (AM) podem ter provas adiadas.\" \/>\n<meta name=\"robots\" content=\"index, follow, max-snippet:-1, max-image-preview:large, max-video-preview:-1\" \/>\n<link rel=\"canonical\" href=\"https:\/\/www.estrategiaconcursos.com.br\/blog\/concursos-policiais-am-provas-podem-ser-adiadas\/\" \/>\n<meta property=\"og:locale\" content=\"pt_BR\" \/>\n<meta property=\"og:type\" content=\"article\" \/>\n<meta property=\"og:title\" content=\"Concursos Policiais AM: provas podem ser adiadas?\" \/>\n<meta property=\"og:description\" content=\"Mesmo ap\u00f3s a FGV ter confirmado a realiza\u00e7\u00e3o do concurso PM AM, os concursos policiais do Amazonas (AM) podem ter provas adiadas.\" \/>\n<meta property=\"og:url\" content=\"https:\/\/www.estrategiaconcursos.com.br\/blog\/concursos-policiais-am-provas-podem-ser-adiadas\/\" \/>\n<meta property=\"og:site_name\" content=\"Estrat\u00e9gia Concursos\" \/>\n<meta property=\"article:published_time\" content=\"2022-01-22T14:38:20+00:00\" \/>\n<meta property=\"article:modified_time\" content=\"2022-01-22T15:02:47+00:00\" \/>\n<meta property=\"og:image\" content=\"https:\/\/dhg1h5j42swfq.cloudfront.net\/2019\/08\/02120847\/JORNALISMO_MA_1.jpg\" \/>\n\t<meta property=\"og:image:width\" content=\"1200\" \/>\n\t<meta property=\"og:image:height\" content=\"628\" \/>\n\t<meta property=\"og:image:type\" content=\"image\/jpeg\" \/>\n<meta name=\"author\" content=\"Thiago Cavalcante Gomes\" \/>\n<meta name=\"twitter:card\" content=\"summary_large_image\" \/>\n<meta name=\"twitter:creator\" content=\"@EstratConcursos\" \/>\n<meta name=\"twitter:site\" content=\"@EstratConcursos\" \/>\n<meta name=\"twitter:label1\" content=\"Escrito por\" \/>\n\t<meta name=\"twitter:data1\" content=\"Thiago Cavalcante Gomes\" \/>\n\t<meta name=\"twitter:label2\" content=\"Est. tempo de leitura\" \/>\n\t<meta name=\"twitter:data2\" content=\"2 minutos\" \/>\n<script type=\"application\/ld+json\" class=\"yoast-schema-graph\">{\"@context\":\"https:\/\/schema.org\",\"@graph\":[{\"@type\":\"NewsArticle\",\"@id\":\"https:\/\/www.estrategiaconcursos.com.br\/blog\/concursos-policiais-am-provas-podem-ser-adiadas\/#article\",\"isPartOf\":{\"@id\":\"https:\/\/www.estrategiaconcursos.com.br\/blog\/concursos-policiais-am-provas-podem-ser-adiadas\/\"},\"author\":{\"name\":\"Thiago Cavalcante Gomes\",\"@id\":\"https:\/\/www.estrategiaconcursos.com.br\/blog\/#\/schema\/person\/4970184533d0a3ffa5b0299ae0a2b21f\"},\"headline\":\"Concursos Policiais AM: provas podem ser adiadas?\",\"datePublished\":\"2022-01-22T14:38:20+00:00\",\"dateModified\":\"2022-01-22T15:02:47+00:00\",\"mainEntityOfPage\":{\"@id\":\"https:\/\/www.estrategiaconcursos.com.br\/blog\/concursos-policiais-am-provas-podem-ser-adiadas\/\"},\"wordCount\":250,\"commentCount\":0,\"publisher\":{\"@id\":\"https:\/\/www.estrategiaconcursos.com.br\/blog\/#organization\"},\"image\":{\"@id\":\"https:\/\/www.estrategiaconcursos.com.br\/blog\/concursos-policiais-am-provas-podem-ser-adiadas\/#primaryimage\"},\"thumbnailUrl\":\"https:\/\/dhg1h5j42swfq.cloudfront.net\/2019\/08\/02120847\/JORNALISMO_MA_1.jpg\",\"articleSection\":[\"Policial (Agente, Escriv\u00e3o e Investigador)\",\"Policial (Peritos, Papiloscopistas)\",\"Policial (PM\/BM - Oficial)\",\"Policial (PM\/BM - Pra\u00e7as)\",\"\u00daltimas not\u00edcias\"],\"inLanguage\":\"pt-BR\",\"potentialAction\":[{\"@type\":\"CommentAction\",\"name\":\"Comment\",\"target\":[\"https:\/\/www.estrategiaconcursos.com.br\/blog\/concursos-policiais-am-provas-podem-ser-adiadas\/#respond\"]}],\"copyrightYear\":\"2022\",\"copyrightHolder\":{\"@id\":\"https:\/\/www.estrategiaconcursos.com.br\/blog\/#organization\"}},{\"@type\":\"WebPage\",\"@id\":\"https:\/\/www.estrategiaconcursos.com.br\/blog\/concursos-policiais-am-provas-podem-ser-adiadas\/\",\"url\":\"https:\/\/www.estrategiaconcursos.com.br\/blog\/concursos-policiais-am-provas-podem-ser-adiadas\/\",\"name\":\"Concursos Policiais AM: provas podem ser adiadas?\",\"isPartOf\":{\"@id\":\"https:\/\/www.estrategiaconcursos.com.br\/blog\/#website\"},\"primaryImageOfPage\":{\"@id\":\"https:\/\/www.estrategiaconcursos.com.br\/blog\/concursos-policiais-am-provas-podem-ser-adiadas\/#primaryimage\"},\"image\":{\"@id\":\"https:\/\/www.estrategiaconcursos.com.br\/blog\/concursos-policiais-am-provas-podem-ser-adiadas\/#primaryimage\"},\"thumbnailUrl\":\"https:\/\/dhg1h5j42swfq.cloudfront.net\/2019\/08\/02120847\/JORNALISMO_MA_1.jpg\",\"datePublished\":\"2022-01-22T14:38:20+00:00\",\"dateModified\":\"2022-01-22T15:02:47+00:00\",\"description\":\"Mesmo ap\u00f3s a FGV ter confirmado a realiza\u00e7\u00e3o do concurso PM AM, os concursos policiais do Amazonas (AM) podem ter provas adiadas.\",\"breadcrumb\":{\"@id\":\"https:\/\/www.estrategiaconcursos.com.br\/blog\/concursos-policiais-am-provas-podem-ser-adiadas\/#breadcrumb\"},\"inLanguage\":\"pt-BR\",\"potentialAction\":[{\"@type\":\"ReadAction\",\"target\":[\"https:\/\/www.estrategiaconcursos.com.br\/blog\/concursos-policiais-am-provas-podem-ser-adiadas\/\"]}]},{\"@type\":\"ImageObject\",\"inLanguage\":\"pt-BR\",\"@id\":\"https:\/\/www.estrategiaconcursos.com.br\/blog\/concursos-policiais-am-provas-podem-ser-adiadas\/#primaryimage\",\"url\":\"https:\/\/dhg1h5j42swfq.cloudfront.net\/2019\/08\/02120847\/JORNALISMO_MA_1.jpg\",\"contentUrl\":\"https:\/\/dhg1h5j42swfq.cloudfront.net\/2019\/08\/02120847\/JORNALISMO_MA_1.jpg\",\"width\":1200,\"height\":628,\"caption\":\"concursos am\"},{\"@type\":\"BreadcrumbList\",\"@id\":\"https:\/\/www.estrategiaconcursos.com.br\/blog\/concursos-policiais-am-provas-podem-ser-adiadas\/#breadcrumb\",\"itemListElement\":[{\"@type\":\"ListItem\",\"position\":1,\"name\":\"In\u00edcio\",\"item\":\"https:\/\/www.estrategiaconcursos.com.br\/blog\/\"},{\"@type\":\"ListItem\",\"position\":2,\"name\":\"Concursos Policiais AM: provas podem ser adiadas?\"}]},{\"@type\":\"WebSite\",\"@id\":\"https:\/\/www.estrategiaconcursos.com.br\/blog\/#website\",\"url\":\"https:\/\/www.estrategiaconcursos.com.br\/blog\/\",\"name\":\"Estrat\u00e9gia Concursos\",\"description\":\"O blog da Estrat\u00e9gia Concursos traz not\u00edcias sobre concursos e artigos de professores oferecendo cursos para concursos (pdf + videaulas) no site.\",\"publisher\":{\"@id\":\"https:\/\/www.estrategiaconcursos.com.br\/blog\/#organization\"},\"potentialAction\":[{\"@type\":\"SearchAction\",\"target\":{\"@type\":\"EntryPoint\",\"urlTemplate\":\"https:\/\/www.estrategiaconcursos.com.br\/blog\/?s={search_term_string}\"},\"query-input\":{\"@type\":\"PropertyValueSpecification\",\"valueRequired\":true,\"valueName\":\"search_term_string\"}}],\"inLanguage\":\"pt-BR\"},{\"@type\":\"Organization\",\"@id\":\"https:\/\/www.estrategiaconcursos.com.br\/blog\/#organization\",\"name\":\"Estrat\u00e9gia Concursos\",\"url\":\"https:\/\/www.estrategiaconcursos.com.br\/blog\/\",\"logo\":{\"@type\":\"ImageObject\",\"inLanguage\":\"pt-BR\",\"@id\":\"https:\/\/www.estrategiaconcursos.com.br\/blog\/#\/schema\/logo\/image\/\",\"url\":\"https:\/\/dhg1h5j42swfq.cloudfront.net\/2025\/06\/03203428\/logo_concursos-1.jpg\",\"contentUrl\":\"https:\/\/dhg1h5j42swfq.cloudfront.net\/2025\/06\/03203428\/logo_concursos-1.jpg\",\"width\":230,\"height\":60,\"caption\":\"Estrat\u00e9gia Concursos\"},\"image\":{\"@id\":\"https:\/\/www.estrategiaconcursos.com.br\/blog\/#\/schema\/logo\/image\/\"},\"sameAs\":[\"https:\/\/x.com\/EstratConcursos\"]},{\"@type\":\"Person\",\"@id\":\"https:\/\/www.estrategiaconcursos.com.br\/blog\/#\/schema\/person\/4970184533d0a3ffa5b0299ae0a2b21f\",\"name\":\"Thiago Cavalcante Gomes\",\"image\":{\"@type\":\"ImageObject\",\"inLanguage\":\"pt-BR\",\"@id\":\"https:\/\/secure.gravatar.com\/avatar\/?s=96&d=mm&r=g\",\"url\":\"https:\/\/secure.gravatar.com\/avatar\/?s=96&d=mm&r=g\",\"contentUrl\":\"https:\/\/secure.gravatar.com\/avatar\/?s=96&d=mm&r=g\",\"caption\":\"Thiago Cavalcante Gomes\"},\"url\":\"https:\/\/www.estrategiaconcursos.com.br\/blog\/author\/thiago-gomes\/\"}]}<\/script>\n<!-- \/ Yoast SEO Premium plugin. -->","yoast_head_json":{"title":"Concursos Policiais AM: provas podem ser adiadas?","description":"Mesmo ap\u00f3s a FGV ter confirmado a realiza\u00e7\u00e3o do concurso PM AM, os concursos policiais do Amazonas (AM) podem ter provas adiadas.","robots":{"index":"index","follow":"follow","max-snippet":"max-snippet:-1","max-image-preview":"max-image-preview:large","max-video-preview":"max-video-preview:-1"},"canonical":"https:\/\/www.estrategiaconcursos.com.br\/blog\/concursos-policiais-am-provas-podem-ser-adiadas\/","og_locale":"pt_BR","og_type":"article","og_title":"Concursos Policiais AM: provas podem ser adiadas?","og_description":"Mesmo ap\u00f3s a FGV ter confirmado a realiza\u00e7\u00e3o do concurso PM AM, os concursos policiais do Amazonas (AM) podem ter provas adiadas.","og_url":"https:\/\/www.estrategiaconcursos.com.br\/blog\/concursos-policiais-am-provas-podem-ser-adiadas\/","og_site_name":"Estrat\u00e9gia Concursos","article_published_time":"2022-01-22T14:38:20+00:00","article_modified_time":"2022-01-22T15:02:47+00:00","og_image":[{"width":1200,"height":628,"url":"https:\/\/dhg1h5j42swfq.cloudfront.net\/2019\/08\/02120847\/JORNALISMO_MA_1.jpg","type":"image\/jpeg"}],"author":"Thiago Cavalcante Gomes","twitter_card":"summary_large_image","twitter_creator":"@EstratConcursos","twitter_site":"@EstratConcursos","twitter_misc":{"Escrito por":"Thiago Cavalcante Gomes","Est. tempo de leitura":"2 minutos"},"schema":{"@context":"https:\/\/schema.org","@graph":[{"@type":"NewsArticle","@id":"https:\/\/www.estrategiaconcursos.com.br\/blog\/concursos-policiais-am-provas-podem-ser-adiadas\/#article","isPartOf":{"@id":"https:\/\/www.estrategiaconcursos.com.br\/blog\/concursos-policiais-am-provas-podem-ser-adiadas\/"},"author":{"name":"Thiago Cavalcante Gomes","@id":"https:\/\/www.estrategiaconcursos.com.br\/blog\/#\/schema\/person\/4970184533d0a3ffa5b0299ae0a2b21f"},"headline":"Concursos Policiais AM: provas podem ser adiadas?","datePublished":"2022-01-22T14:38:20+00:00","dateModified":"2022-01-22T15:02:47+00:00","mainEntityOfPage":{"@id":"https:\/\/www.estrategiaconcursos.com.br\/blog\/concursos-policiais-am-provas-podem-ser-adiadas\/"},"wordCount":250,"commentCount":0,"publisher":{"@id":"https:\/\/www.estrategiaconcursos.com.br\/blog\/#organization"},"image":{"@id":"https:\/\/www.estrategiaconcursos.com.br\/blog\/concursos-policiais-am-provas-podem-ser-adiadas\/#primaryimage"},"thumbnailUrl":"https:\/\/dhg1h5j42swfq.cloudfront.net\/2019\/08\/02120847\/JORNALISMO_MA_1.jpg","articleSection":["Policial (Agente, Escriv\u00e3o e Investigador)","Policial (Peritos, Papiloscopistas)","Policial (PM\/BM - Oficial)","Policial (PM\/BM - Pra\u00e7as)","\u00daltimas not\u00edcias"],"inLanguage":"pt-BR","potentialAction":[{"@type":"CommentAction","name":"Comment","target":["https:\/\/www.estrategiaconcursos.com.br\/blog\/concursos-policiais-am-provas-podem-ser-adiadas\/#respond"]}],"copyrightYear":"2022","copyrightHolder":{"@id":"https:\/\/www.estrategiaconcursos.com.br\/blog\/#organization"}},{"@type":"WebPage","@id":"https:\/\/www.estrategiaconcursos.com.br\/blog\/concursos-policiais-am-provas-podem-ser-adiadas\/","url":"https:\/\/www.estrategiaconcursos.com.br\/blog\/concursos-policiais-am-provas-podem-ser-adiadas\/","name":"Concursos Policiais AM: provas podem ser adiadas?","isPartOf":{"@id":"https:\/\/www.estrategiaconcursos.com.br\/blog\/#website"},"primaryImageOfPage":{"@id":"https:\/\/www.estrategiaconcursos.com.br\/blog\/concursos-policiais-am-provas-podem-ser-adiadas\/#primaryimage"},"image":{"@id":"https:\/\/www.estrategiaconcursos.com.br\/blog\/concursos-policiais-am-provas-podem-ser-adiadas\/#primaryimage"},"thumbnailUrl":"https:\/\/dhg1h5j42swfq.cloudfront.net\/2019\/08\/02120847\/JORNALISMO_MA_1.jpg","datePublished":"2022-01-22T14:38:20+00:00","dateModified":"2022-01-22T15:02:47+00:00","description":"Mesmo ap\u00f3s a FGV ter confirmado a realiza\u00e7\u00e3o do concurso PM AM, os concursos policiais do Amazonas (AM) podem ter provas adiadas.","breadcrumb":{"@id":"https:\/\/www.estrategiaconcursos.com.br\/blog\/concursos-policiais-am-provas-podem-ser-adiadas\/#breadcrumb"},"inLanguage":"pt-BR","potentialAction":[{"@type":"ReadAction","target":["https:\/\/www.estrategiaconcursos.com.br\/blog\/concursos-policiais-am-provas-podem-ser-adiadas\/"]}]},{"@type":"ImageObject","inLanguage":"pt-BR","@id":"https:\/\/www.estrategiaconcursos.com.br\/blog\/concursos-policiais-am-provas-podem-ser-adiadas\/#primaryimage","url":"https:\/\/dhg1h5j42swfq.cloudfront.net\/2019\/08\/02120847\/JORNALISMO_MA_1.jpg","contentUrl":"https:\/\/dhg1h5j42swfq.cloudfront.net\/2019\/08\/02120847\/JORNALISMO_MA_1.jpg","width":1200,"height":628,"caption":"concursos am"},{"@type":"BreadcrumbList","@id":"https:\/\/www.estrategiaconcursos.com.br\/blog\/concursos-policiais-am-provas-podem-ser-adiadas\/#breadcrumb","itemListElement":[{"@type":"ListItem","position":1,"name":"In\u00edcio","item":"https:\/\/www.estrategiaconcursos.com.br\/blog\/"},{"@type":"ListItem","position":2,"name":"Concursos Policiais AM: provas podem ser adiadas?"}]},{"@type":"WebSite","@id":"https:\/\/www.estrategiaconcursos.com.br\/blog\/#website","url":"https:\/\/www.estrategiaconcursos.com.br\/blog\/","name":"Estrat\u00e9gia Concursos","description":"O blog da Estrat\u00e9gia Concursos traz not\u00edcias sobre concursos e artigos de professores oferecendo cursos para concursos (pdf + videaulas) no site.","publisher":{"@id":"https:\/\/www.estrategiaconcursos.com.br\/blog\/#organization"},"potentialAction":[{"@type":"SearchAction","target":{"@type":"EntryPoint","urlTemplate":"https:\/\/www.estrategiaconcursos.com.br\/blog\/?s={search_term_string}"},"query-input":{"@type":"PropertyValueSpecification","valueRequired":true,"valueName":"search_term_string"}}],"inLanguage":"pt-BR"},{"@type":"Organization","@id":"https:\/\/www.estrategiaconcursos.com.br\/blog\/#organization","name":"Estrat\u00e9gia Concursos","url":"https:\/\/www.estrategiaconcursos.com.br\/blog\/","logo":{"@type":"ImageObject","inLanguage":"pt-BR","@id":"https:\/\/www.estrategiaconcursos.com.br\/blog\/#\/schema\/logo\/image\/","url":"https:\/\/dhg1h5j42swfq.cloudfront.net\/2025\/06\/03203428\/logo_concursos-1.jpg","contentUrl":"https:\/\/dhg1h5j42swfq.cloudfront.net\/2025\/06\/03203428\/logo_concursos-1.jpg","width":230,"height":60,"caption":"Estrat\u00e9gia Concursos"},"image":{"@id":"https:\/\/www.estrategiaconcursos.com.br\/blog\/#\/schema\/logo\/image\/"},"sameAs":["https:\/\/x.com\/EstratConcursos"]},{"@type":"Person","@id":"https:\/\/www.estrategiaconcursos.com.br\/blog\/#\/schema\/person\/4970184533d0a3ffa5b0299ae0a2b21f","name":"Thiago Cavalcante Gomes","image":{"@type":"ImageObject","inLanguage":"pt-BR","@id":"https:\/\/secure.gravatar.com\/avatar\/?s=96&d=mm&r=g","url":"https:\/\/secure.gravatar.com\/avatar\/?s=96&d=mm&r=g","contentUrl":"https:\/\/secure.gravatar.com\/avatar\/?s=96&d=mm&r=g","caption":"Thiago Cavalcante Gomes"},"url":"https:\/\/www.estrategiaconcursos.com.br\/blog\/author\/thiago-gomes\/"}]}},"_links":{"self":[{"href":"https:\/\/www.estrategiaconcursos.com.br\/blog\/wp-json\/wp\/v2\/posts\/952608","targetHints":{"allow":["GET"]}}],"collection":[{"href":"https:\/\/www.estrategiaconcursos.com.br\/blog\/wp-json\/wp\/v2\/posts"}],"about":[{"href":"https:\/\/www.estrategiaconcursos.com.br\/blog\/wp-json\/wp\/v2\/types\/post"}],"author":[{"embeddable":true,"href":"https:\/\/www.estrategiaconcursos.com.br\/blog\/wp-json\/wp\/v2\/users\/2041"}],"replies":[{"embeddable":true,"href":"https:\/\/www.estrategiaconcursos.com.br\/blog\/wp-json\/wp\/v2\/comments?post=952608"}],"version-history":[{"count":5,"href":"https:\/\/www.estrategiaconcursos.com.br\/blog\/wp-json\/wp\/v2\/posts\/952608\/revisions"}],"predecessor-version":[{"id":952661,"href":"https:\/\/www.estrategiaconcursos.com.br\/blog\/wp-json\/wp\/v2\/posts\/952608\/revisions\/952661"}],"wp:featuredmedia":[{"embeddable":true,"href":"https:\/\/www.estrategiaconcursos.com.br\/blog\/wp-json\/wp\/v2\/media\/415333"}],"wp:attachment":[{"href":"https:\/\/www.estrategiaconcursos.com.br\/blog\/wp-json\/wp\/v2\/media?parent=952608"}],"wp:term":[{"taxonomy":"category","embeddable":true,"href":"https:\/\/www.estrategiaconcursos.com.br\/blog\/wp-json\/wp\/v2\/categories?post=952608"},{"taxonomy":"post_tag","embeddable":true,"href":"https:\/\/www.estrategiaconcursos.com.br\/blog\/wp-json\/wp\/v2\/tags?post=952608"},{"taxonomy":"tax_estado","embeddable":true,"href":"https:\/\/www.estrategiaconcursos.com.br\/blog\/wp-json\/wp\/v2\/tax_estado?post=952608"}],"curies":[{"name":"wp","href":"https:\/\/api.w.org\/{rel}","templated":true}]}}