{"id":95257,"date":"2017-11-09T14:16:08","date_gmt":"2017-11-09T17:16:08","guid":{"rendered":"https:\/\/www.estrategiaconcursos.com.br\/blog\/?p=95257"},"modified":"2022-10-26T15:07:10","modified_gmt":"2022-10-26T18:07:10","slug":"atualizacaorevogacao-legislacao-relativa-ao-dprf-decreto-9-15017-estrutura-regimental-do-mj","status":"publish","type":"post","link":"https:\/\/www.estrategiaconcursos.com.br\/blog\/atualizacaorevogacao-legislacao-relativa-ao-dprf-decreto-9-15017-estrutura-regimental-do-mj\/","title":{"rendered":"Atualiza\u00e7\u00f5es &#8211; Legisla\u00e7\u00e3o Relativa ao DPRF &#8211; Decreto 9.150\/17 (Estrutura Regimental do MJ)!"},"content":{"rendered":"<p>Ol\u00e1, meus amigos!<\/p>\n<p>Estou escrevendo este artigo para voc\u00eas que est\u00e3o se preparando para o pr\u00f3ximo concurso da PRF.<\/p>\n<p style=\"text-align: justify;\">Como a maioria de voc\u00eas deve saber, foram solicitadas, ao Minist\u00e9rio do Planejamento, <strong>1300 vagas<\/strong>. Assim, n\u00e3o podemos perder tempo. Quem estuda com mais anteced\u00eancia tem mais chances de passar!<\/p>\n<p style=\"text-align: justify;\">Em setembro foi revogado\u00a0<strong>o Decreto 8.668\/16<\/strong> pelo <strong>Decreto 9.150\/17.<\/strong> O Decreto trata da <strong>Estrutura Regimental do Minist\u00e9rio da Justi\u00e7a &#8211; MJ<\/strong>. Neste, voc\u00eas v\u00e3o aprender quais s\u00e3o os \u00f3rg\u00e3os que fazem parte do MJ e suas compet\u00eancias.<\/p>\n<p style=\"text-align: justify;\">Outra coisa, todos j\u00e1 devem saber que, ano passado,\u00a0tivemos uma pequena reforma no C\u00f3digo de Tr\u00e2nsito Brasileiro \u2013 CTB, atrav\u00e9s da <strong>Lei 13.281\/16<\/strong>, al\u00e9m disso, tivemos mais altera\u00e7\u00f5es pela<strong>\u00a0Lei 13.290\/16<\/strong>, que alterou o art. 40, I; e o art. 250, I, b. O CTB j\u00e1 mencionava, no seu art. 40, que o condutor deve manter\u00a0acesos os far\u00f3is do ve\u00edculo, <strong>utilizando luz baixa<\/strong>, <strong>durante a noite e durante o dia<\/strong> nos t\u00faneis providos de ilumina\u00e7\u00e3o p\u00fablica. Agora, essa regra passa a valer para o condutor que transitar <strong>nas rodovias. <\/strong>Assim, deixar de manter acesa a luz baixa de dia, no caso acima, estar\u00e1 sujeito a uma infra\u00e7\u00e3o de natureza m\u00e9dia!<\/p>\n<p style=\"text-align: justify;\">Al\u00e9m dessas atualiza\u00e7\u00f5es, m\u00eas passado, tivemos a mais recente atualiza\u00e7\u00e3o do C\u00f3digo de Tr\u00e2nsito\u00a0 &#8211; a<strong>\u00a0lei 13.495\/17 <\/strong>. Houve a inclus\u00e3o dos par\u00e1grafos d\u00e9cimo e d\u00e9cimo primeiro no art. 257, que trata das responsabilidades das penalidades, al\u00e9m disso, houve a altera\u00e7\u00e3o do s\u00e9timo par\u00e1grafo do mesmo artigo. Confira:<\/p>\n<p style=\"text-align: justify;\" align=\"center\"><em><strong>&#8220;LEI N\u00ba 13.495, DE 24.10.2017<\/strong><\/em><\/p>\n<p style=\"text-align: justify;\" align=\"center\"><em>Altera dispositivos da Lei n\u00ba 9.503, de 23 de setembro de 1997 (C\u00f3digo de Tr\u00e2nsito Brasileiro), para possibilitar ao propriet\u00e1rio cadastrar o principal condutor do ve\u00edculo automotor no Registro Nacional de Ve\u00edculos Automotores (Renavam), para fins de responsabilidade.<\/em><\/p>\n<p style=\"text-align: justify;\"><em>O PRESIDENT E DA REP\u00daBLICA<\/em><\/p>\n<p style=\"text-align: justify;\"><em>Fa\u00e7o saber que o Congresso Nacional decreta e eu sanciono a seguinte Lei:<\/em><\/p>\n<p style=\"text-align: justify;\"><em><strong>Art. 1\u00ba\u00a0<\/strong>Esta Lei altera a Lei n\u00ba 9.503, de 23 de setembro de 1997 (C\u00f3digo de Tr\u00e2nsito Brasileiro), para possibilitar ao propriet\u00e1rio cadastrar o principal condutor do ve\u00edculo automotor no Registro Nacional de Ve\u00edculos Automotores (Renavam), para fins de responsabilidade.<\/em><\/p>\n<p style=\"text-align: justify;\"><em><strong>Art. 2\u00ba<\/strong>\u00a0O art. 257 da Lei n\u00ba 9.503, de 23 de setembro de 1997 (C\u00f3digo de Tr\u00e2nsito Brasileiro), passa a vigorar com as seguintes altera\u00e7\u00f5es:<\/em><\/p>\n<p style=\"text-align: justify;\"><em>&#8220;Art. 257. &#8230;&#8230;&#8230;&#8230;&#8230;&#8230;&#8230;&#8230;&#8230;&#8230;&#8230;&#8230;&#8230;&#8230;&#8230;&#8230;&#8230;&#8230;&#8230;&#8230;&#8230;&#8230;&#8230;&#8230;&#8230;&#8230;..<\/em><\/p>\n<p style=\"text-align: justify;\"><em>&#8230;&#8230;&#8230;&#8230;&#8230;&#8230;&#8230;&#8230;&#8230;&#8230;&#8230;&#8230;&#8230;&#8230;&#8230;&#8230;&#8230;&#8230;&#8230;&#8230;&#8230;&#8230;&#8230;&#8230;&#8230;&#8230;&#8230;&#8230;&#8230;&#8230;&#8230;&#8230;&#8230;&#8230;&#8230;<\/em><\/p>\n<p style=\"text-align: justify;\"><em>\u00a7 7\u00ba N\u00e3o sendo imediata a identifica\u00e7\u00e3o do infrator, o principal condutor ou o propriet\u00e1rio do ve\u00edculo ter\u00e1 quinze dias de prazo, ap\u00f3s a notifica\u00e7\u00e3o da autua\u00e7\u00e3o, para apresent\u00e1-lo, na forma em que dispuser o Conselho Nacional de Tr\u00e2nsito (Contran), ao fim do qual, n\u00e3o o fazendo, ser\u00e1 considerado respons\u00e1vel pela infra\u00e7\u00e3o o principal condutor ou, em sua aus\u00eancia, o propriet\u00e1rio do ve\u00edculo.<\/em><\/p>\n<p style=\"text-align: justify;\"><em>&#8230;&#8230;&#8230;&#8230;&#8230;&#8230;&#8230;&#8230;&#8230;&#8230;&#8230;&#8230;&#8230;&#8230;&#8230;&#8230;&#8230;&#8230;&#8230;&#8230;&#8230;&#8230;&#8230;&#8230;&#8230;&#8230;&#8230;&#8230;&#8230;&#8230;&#8230;&#8230;&#8230;&#8230;&#8230;<\/em><\/p>\n<p style=\"text-align: justify;\"><em>\u00a7 10. O propriet\u00e1rio poder\u00e1 indicar ao \u00f3rg\u00e3o executivo de tr\u00e2nsito o principal condutor do ve\u00edculo, o qual, ap\u00f3s aceitar a indica\u00e7\u00e3o, ter\u00e1 seu nome inscrito em campo pr\u00f3prio do cadastro do ve\u00edculo no Renavam.<\/em><\/p>\n<p style=\"text-align: justify;\"><em>\u00a7 11. O principal condutor ser\u00e1 exclu\u00eddo do Renavam:<\/em><\/p>\n<p style=\"text-align: justify;\"><em>I &#8211; quando houver transfer\u00eancia de propriedade do ve\u00edculo;<\/em><\/p>\n<p style=\"text-align: justify;\"><em>II &#8211; mediante requerimento pr\u00f3prio ou do propriet\u00e1rio do ve\u00edculo;<\/em><\/p>\n<p style=\"text-align: justify;\"><em>III &#8211; a partir da indica\u00e7\u00e3o de outro principal condutor.&#8221; (NR)<\/em><\/p>\n<p style=\"text-align: justify;\"><em><strong>Art. 3\u00ba\u00a0<\/strong>Esta Lei entra em vigor ap\u00f3s decorridos noventa dias de sua publica\u00e7\u00e3o oficial.<\/em><\/p>\n<p style=\"text-align: justify;\" align=\"center\"><em>Bras\u00edlia, 24 de outubro de 2017; 196\u00ba da Independ\u00eancia e 129\u00ba da Rep\u00fablica<\/em><\/p>\n<p style=\"text-align: justify;\" align=\"center\"><em>MICHEL TEMER<\/em><br \/>\n<em>Eliseu Padilha<\/em><br \/>\n<em>Grace Maria Fernandes Mendon\u00e7a&#8221;<\/em><\/p>\n<p style=\"text-align: justify;\">Pessoal, essas altera\u00e7\u00f5es e, outras dicas para Carreiras Policiais, encontram-se no canal do YouTube<strong>.\u00a0<\/strong>\u00c9 s\u00f3 acompanhar no link abaixo. Vale a pena assistir!<\/p>\n<p>Meus amigos, todas essas atualiza\u00e7\u00f5es (Decreto 9.150\/17, Lei 13.290\/16 e Lei 13.281), que j\u00e1 est\u00e3o em vigor, j\u00e1 foram inseridas nos meus cursos. Seguem os links abaixo:<\/p>\n<p><a href=\"https:\/\/www.estrategiaconcursos.com.br\/curso\/1000-questoes-comentadas-legislacao-relativa-ao-dprf-p-prf-policial-2017\/\">1000 QUEST\u00d5ES COMENTADAS PENAL, P. PENAL E LEIS PENAIS &#8211; PRF 2017\/2018 (VIDEOAULAS)<\/a><\/p>\n<p><a href=\"https:\/\/www.estrategiaconcursos.com.br\/curso\/1000-questoes-comentadas-de-legislacao-de-transito-p-prf-e-detrans-com-videoaulas\/\">1000 QUEST\u00d5ES COMENTADAS &#8211; LEGISLA\u00c7\u00c3O DE TR\u00c2NSITO &#8211; PRF E DETRANS &#8211; 2017\/2018 (VIDEOAULAS)<\/a><\/p>\n<p><a href=\"https:\/\/www.estrategiaconcursos.com.br\/curso\/legislacao-relativa-ao-dprf-p-prf-policial-2017-2018-prof-alexandre-herculano\/\">LEGISLA\u00c7\u00c3O RELATIVA AO DPRF P\/ PRF &#8211; POLICIAL &#8211; 2017\/2018 (VIDEOAULAS)<\/a><\/p>\n<p>Grande abra\u00e7o e bons estudos!<\/p>\n<p>;-)<\/p>\n","protected":false},"excerpt":{"rendered":"<p>Ol\u00e1, meus amigos! Estou escrevendo este artigo para voc\u00eas que est\u00e3o se preparando para o pr\u00f3ximo concurso da PRF. Como a maioria de voc\u00eas deve saber, foram solicitadas, ao Minist\u00e9rio do Planejamento, 1300 vagas. Assim, n\u00e3o podemos perder tempo. Quem estuda com mais anteced\u00eancia tem mais chances de passar! Em setembro foi revogado\u00a0o Decreto 8.668\/16 [&hellip;]<\/p>\n","protected":false},"author":86,"featured_media":0,"comment_status":"open","ping_status":"open","sticky":false,"template":"","format":"standard","meta":{"post_tipo":"article","footnotes":""},"categories":[1],"tags":[1626,910,2470,1242,1244],"tax_estado":[],"class_list":["post-95257","post","type-post","status-publish","format-standard","hentry","category-cursos-e-concursos","tag-concurso-policia-rodoviaria-federal","tag-concurso-prf","tag-curso-intensivo-prf","tag-dprf","tag-legislacao-relativa-ao-dprf"],"acf":[],"yoast_head":"<!-- This site is optimized with the Yoast SEO Premium plugin v27.2 (Yoast SEO v27.2) - https:\/\/yoast.com\/product\/yoast-seo-premium-wordpress\/ -->\n<title>Atualiza\u00e7\u00f5es - Legisla\u00e7\u00e3o Relativa ao DPRF - Decreto 9.150\/17 (Estrutura Regimental do MJ)!<\/title>\n<meta name=\"robots\" content=\"index, follow, max-snippet:-1, max-image-preview:large, max-video-preview:-1\" \/>\n<link rel=\"canonical\" href=\"https:\/\/www.estrategiaconcursos.com.br\/blog\/atualizacaorevogacao-legislacao-relativa-ao-dprf-decreto-9-15017-estrutura-regimental-do-mj\/\" \/>\n<meta property=\"og:locale\" content=\"pt_BR\" \/>\n<meta property=\"og:type\" content=\"article\" \/>\n<meta property=\"og:title\" content=\"Atualiza\u00e7\u00f5es - Legisla\u00e7\u00e3o Relativa ao DPRF - Decreto 9.150\/17 (Estrutura Regimental do MJ)!\" \/>\n<meta property=\"og:description\" content=\"Ol\u00e1, meus amigos! Estou escrevendo este artigo para voc\u00eas que est\u00e3o se preparando para o pr\u00f3ximo concurso da PRF. Como a maioria de voc\u00eas deve saber, foram solicitadas, ao Minist\u00e9rio do Planejamento, 1300 vagas. Assim, n\u00e3o podemos perder tempo. Quem estuda com mais anteced\u00eancia tem mais chances de passar! Em setembro foi revogado\u00a0o Decreto 8.668\/16 [&hellip;]\" \/>\n<meta property=\"og:url\" content=\"https:\/\/www.estrategiaconcursos.com.br\/blog\/atualizacaorevogacao-legislacao-relativa-ao-dprf-decreto-9-15017-estrutura-regimental-do-mj\/\" \/>\n<meta property=\"og:site_name\" content=\"Estrat\u00e9gia Concursos\" \/>\n<meta property=\"article:published_time\" content=\"2017-11-09T17:16:08+00:00\" \/>\n<meta property=\"article:modified_time\" content=\"2022-10-26T18:07:10+00:00\" \/>\n<meta name=\"author\" content=\"Alexandre Herculano\" \/>\n<meta name=\"twitter:card\" content=\"summary_large_image\" \/>\n<meta name=\"twitter:creator\" content=\"@EstratConcursos\" \/>\n<meta name=\"twitter:site\" content=\"@EstratConcursos\" \/>\n<meta name=\"twitter:label1\" content=\"Escrito por\" \/>\n\t<meta name=\"twitter:data1\" content=\"Alexandre Herculano\" \/>\n\t<meta name=\"twitter:label2\" content=\"Est. tempo de leitura\" \/>\n\t<meta name=\"twitter:data2\" content=\"3 minutos\" \/>\n<script type=\"application\/ld+json\" class=\"yoast-schema-graph\">{\"@context\":\"https:\/\/schema.org\",\"@graph\":[{\"@type\":\"NewsArticle\",\"@id\":\"https:\/\/www.estrategiaconcursos.com.br\/blog\/atualizacaorevogacao-legislacao-relativa-ao-dprf-decreto-9-15017-estrutura-regimental-do-mj\/#article\",\"isPartOf\":{\"@id\":\"https:\/\/www.estrategiaconcursos.com.br\/blog\/atualizacaorevogacao-legislacao-relativa-ao-dprf-decreto-9-15017-estrutura-regimental-do-mj\/\"},\"author\":{\"name\":\"Alexandre Herculano\",\"@id\":\"https:\/\/www.estrategiaconcursos.com.br\/blog\/#\/schema\/person\/edda4e500c7c5065d53cfab276ffa8dd\"},\"headline\":\"Atualiza\u00e7\u00f5es &#8211; Legisla\u00e7\u00e3o Relativa ao DPRF &#8211; Decreto 9.150\/17 (Estrutura Regimental do MJ)!\",\"datePublished\":\"2017-11-09T17:16:08+00:00\",\"dateModified\":\"2022-10-26T18:07:10+00:00\",\"mainEntityOfPage\":{\"@id\":\"https:\/\/www.estrategiaconcursos.com.br\/blog\/atualizacaorevogacao-legislacao-relativa-ao-dprf-decreto-9-15017-estrutura-regimental-do-mj\/\"},\"wordCount\":713,\"commentCount\":0,\"publisher\":{\"@id\":\"https:\/\/www.estrategiaconcursos.com.br\/blog\/#organization\"},\"keywords\":[\"concurso pol\u00edcia rodovi\u00e1ria federal\",\"concurso prf\",\"curso intensivo prf\",\"DPRF\",\"LEGISLA\u00c7\u00c3O RELATIVA AO DPRF\"],\"articleSection\":[\"Concursos P\u00fablicos\"],\"inLanguage\":\"pt-BR\",\"potentialAction\":[{\"@type\":\"CommentAction\",\"name\":\"Comment\",\"target\":[\"https:\/\/www.estrategiaconcursos.com.br\/blog\/atualizacaorevogacao-legislacao-relativa-ao-dprf-decreto-9-15017-estrutura-regimental-do-mj\/#respond\"]}],\"copyrightYear\":\"2017\",\"copyrightHolder\":{\"@id\":\"https:\/\/www.estrategiaconcursos.com.br\/blog\/#organization\"}},{\"@type\":\"WebPage\",\"@id\":\"https:\/\/www.estrategiaconcursos.com.br\/blog\/atualizacaorevogacao-legislacao-relativa-ao-dprf-decreto-9-15017-estrutura-regimental-do-mj\/\",\"url\":\"https:\/\/www.estrategiaconcursos.com.br\/blog\/atualizacaorevogacao-legislacao-relativa-ao-dprf-decreto-9-15017-estrutura-regimental-do-mj\/\",\"name\":\"Atualiza\u00e7\u00f5es - Legisla\u00e7\u00e3o Relativa ao DPRF - Decreto 9.150\/17 (Estrutura Regimental do MJ)!\",\"isPartOf\":{\"@id\":\"https:\/\/www.estrategiaconcursos.com.br\/blog\/#website\"},\"datePublished\":\"2017-11-09T17:16:08+00:00\",\"dateModified\":\"2022-10-26T18:07:10+00:00\",\"breadcrumb\":{\"@id\":\"https:\/\/www.estrategiaconcursos.com.br\/blog\/atualizacaorevogacao-legislacao-relativa-ao-dprf-decreto-9-15017-estrutura-regimental-do-mj\/#breadcrumb\"},\"inLanguage\":\"pt-BR\",\"potentialAction\":[{\"@type\":\"ReadAction\",\"target\":[\"https:\/\/www.estrategiaconcursos.com.br\/blog\/atualizacaorevogacao-legislacao-relativa-ao-dprf-decreto-9-15017-estrutura-regimental-do-mj\/\"]}]},{\"@type\":\"BreadcrumbList\",\"@id\":\"https:\/\/www.estrategiaconcursos.com.br\/blog\/atualizacaorevogacao-legislacao-relativa-ao-dprf-decreto-9-15017-estrutura-regimental-do-mj\/#breadcrumb\",\"itemListElement\":[{\"@type\":\"ListItem\",\"position\":1,\"name\":\"In\u00edcio\",\"item\":\"https:\/\/www.estrategiaconcursos.com.br\/blog\/\"},{\"@type\":\"ListItem\",\"position\":2,\"name\":\"Atualiza\u00e7\u00f5es &#8211; Legisla\u00e7\u00e3o Relativa ao DPRF &#8211; Decreto 9.150\/17 (Estrutura Regimental do MJ)!\"}]},{\"@type\":\"WebSite\",\"@id\":\"https:\/\/www.estrategiaconcursos.com.br\/blog\/#website\",\"url\":\"https:\/\/www.estrategiaconcursos.com.br\/blog\/\",\"name\":\"Estrat\u00e9gia Concursos\",\"description\":\"O blog da Estrat\u00e9gia Concursos traz not\u00edcias sobre concursos e artigos de professores oferecendo cursos para concursos (pdf + videaulas) no site.\",\"publisher\":{\"@id\":\"https:\/\/www.estrategiaconcursos.com.br\/blog\/#organization\"},\"potentialAction\":[{\"@type\":\"SearchAction\",\"target\":{\"@type\":\"EntryPoint\",\"urlTemplate\":\"https:\/\/www.estrategiaconcursos.com.br\/blog\/?s={search_term_string}\"},\"query-input\":{\"@type\":\"PropertyValueSpecification\",\"valueRequired\":true,\"valueName\":\"search_term_string\"}}],\"inLanguage\":\"pt-BR\"},{\"@type\":\"Organization\",\"@id\":\"https:\/\/www.estrategiaconcursos.com.br\/blog\/#organization\",\"name\":\"Estrat\u00e9gia Concursos\",\"url\":\"https:\/\/www.estrategiaconcursos.com.br\/blog\/\",\"logo\":{\"@type\":\"ImageObject\",\"inLanguage\":\"pt-BR\",\"@id\":\"https:\/\/www.estrategiaconcursos.com.br\/blog\/#\/schema\/logo\/image\/\",\"url\":\"https:\/\/dhg1h5j42swfq.cloudfront.net\/2025\/06\/03203428\/logo_concursos-1.jpg\",\"contentUrl\":\"https:\/\/dhg1h5j42swfq.cloudfront.net\/2025\/06\/03203428\/logo_concursos-1.jpg\",\"width\":230,\"height\":60,\"caption\":\"Estrat\u00e9gia Concursos\"},\"image\":{\"@id\":\"https:\/\/www.estrategiaconcursos.com.br\/blog\/#\/schema\/logo\/image\/\"},\"sameAs\":[\"https:\/\/x.com\/EstratConcursos\"]},{\"@type\":\"Person\",\"@id\":\"https:\/\/www.estrategiaconcursos.com.br\/blog\/#\/schema\/person\/edda4e500c7c5065d53cfab276ffa8dd\",\"name\":\"Alexandre Herculano\",\"image\":{\"@type\":\"ImageObject\",\"inLanguage\":\"pt-BR\",\"@id\":\"https:\/\/secure.gravatar.com\/avatar\/38cb0c33a42096a75e0d9cdd0d8f7413cf51bcfdd398eb7a35bdcd48e89060f8?s=96&d=mm&r=g\",\"url\":\"https:\/\/secure.gravatar.com\/avatar\/38cb0c33a42096a75e0d9cdd0d8f7413cf51bcfdd398eb7a35bdcd48e89060f8?s=96&d=mm&r=g\",\"contentUrl\":\"https:\/\/secure.gravatar.com\/avatar\/38cb0c33a42096a75e0d9cdd0d8f7413cf51bcfdd398eb7a35bdcd48e89060f8?s=96&d=mm&r=g\",\"caption\":\"Alexandre Herculano\"},\"url\":\"https:\/\/www.estrategiaconcursos.com.br\/blog\/author\/alexandreherculanoestrategiaconcursos-com-br\/\"}]}<\/script>\n<!-- \/ Yoast SEO Premium plugin. -->","yoast_head_json":{"title":"Atualiza\u00e7\u00f5es - Legisla\u00e7\u00e3o Relativa ao DPRF - Decreto 9.150\/17 (Estrutura Regimental do MJ)!","robots":{"index":"index","follow":"follow","max-snippet":"max-snippet:-1","max-image-preview":"max-image-preview:large","max-video-preview":"max-video-preview:-1"},"canonical":"https:\/\/www.estrategiaconcursos.com.br\/blog\/atualizacaorevogacao-legislacao-relativa-ao-dprf-decreto-9-15017-estrutura-regimental-do-mj\/","og_locale":"pt_BR","og_type":"article","og_title":"Atualiza\u00e7\u00f5es - Legisla\u00e7\u00e3o Relativa ao DPRF - Decreto 9.150\/17 (Estrutura Regimental do MJ)!","og_description":"Ol\u00e1, meus amigos! Estou escrevendo este artigo para voc\u00eas que est\u00e3o se preparando para o pr\u00f3ximo concurso da PRF. Como a maioria de voc\u00eas deve saber, foram solicitadas, ao Minist\u00e9rio do Planejamento, 1300 vagas. Assim, n\u00e3o podemos perder tempo. Quem estuda com mais anteced\u00eancia tem mais chances de passar! Em setembro foi revogado\u00a0o Decreto 8.668\/16 [&hellip;]","og_url":"https:\/\/www.estrategiaconcursos.com.br\/blog\/atualizacaorevogacao-legislacao-relativa-ao-dprf-decreto-9-15017-estrutura-regimental-do-mj\/","og_site_name":"Estrat\u00e9gia Concursos","article_published_time":"2017-11-09T17:16:08+00:00","article_modified_time":"2022-10-26T18:07:10+00:00","author":"Alexandre Herculano","twitter_card":"summary_large_image","twitter_creator":"@EstratConcursos","twitter_site":"@EstratConcursos","twitter_misc":{"Escrito por":"Alexandre Herculano","Est. tempo de leitura":"3 minutos"},"schema":{"@context":"https:\/\/schema.org","@graph":[{"@type":"NewsArticle","@id":"https:\/\/www.estrategiaconcursos.com.br\/blog\/atualizacaorevogacao-legislacao-relativa-ao-dprf-decreto-9-15017-estrutura-regimental-do-mj\/#article","isPartOf":{"@id":"https:\/\/www.estrategiaconcursos.com.br\/blog\/atualizacaorevogacao-legislacao-relativa-ao-dprf-decreto-9-15017-estrutura-regimental-do-mj\/"},"author":{"name":"Alexandre Herculano","@id":"https:\/\/www.estrategiaconcursos.com.br\/blog\/#\/schema\/person\/edda4e500c7c5065d53cfab276ffa8dd"},"headline":"Atualiza\u00e7\u00f5es &#8211; Legisla\u00e7\u00e3o Relativa ao DPRF &#8211; Decreto 9.150\/17 (Estrutura Regimental do MJ)!","datePublished":"2017-11-09T17:16:08+00:00","dateModified":"2022-10-26T18:07:10+00:00","mainEntityOfPage":{"@id":"https:\/\/www.estrategiaconcursos.com.br\/blog\/atualizacaorevogacao-legislacao-relativa-ao-dprf-decreto-9-15017-estrutura-regimental-do-mj\/"},"wordCount":713,"commentCount":0,"publisher":{"@id":"https:\/\/www.estrategiaconcursos.com.br\/blog\/#organization"},"keywords":["concurso pol\u00edcia rodovi\u00e1ria federal","concurso prf","curso intensivo prf","DPRF","LEGISLA\u00c7\u00c3O RELATIVA AO DPRF"],"articleSection":["Concursos P\u00fablicos"],"inLanguage":"pt-BR","potentialAction":[{"@type":"CommentAction","name":"Comment","target":["https:\/\/www.estrategiaconcursos.com.br\/blog\/atualizacaorevogacao-legislacao-relativa-ao-dprf-decreto-9-15017-estrutura-regimental-do-mj\/#respond"]}],"copyrightYear":"2017","copyrightHolder":{"@id":"https:\/\/www.estrategiaconcursos.com.br\/blog\/#organization"}},{"@type":"WebPage","@id":"https:\/\/www.estrategiaconcursos.com.br\/blog\/atualizacaorevogacao-legislacao-relativa-ao-dprf-decreto-9-15017-estrutura-regimental-do-mj\/","url":"https:\/\/www.estrategiaconcursos.com.br\/blog\/atualizacaorevogacao-legislacao-relativa-ao-dprf-decreto-9-15017-estrutura-regimental-do-mj\/","name":"Atualiza\u00e7\u00f5es - Legisla\u00e7\u00e3o Relativa ao DPRF - Decreto 9.150\/17 (Estrutura Regimental do MJ)!","isPartOf":{"@id":"https:\/\/www.estrategiaconcursos.com.br\/blog\/#website"},"datePublished":"2017-11-09T17:16:08+00:00","dateModified":"2022-10-26T18:07:10+00:00","breadcrumb":{"@id":"https:\/\/www.estrategiaconcursos.com.br\/blog\/atualizacaorevogacao-legislacao-relativa-ao-dprf-decreto-9-15017-estrutura-regimental-do-mj\/#breadcrumb"},"inLanguage":"pt-BR","potentialAction":[{"@type":"ReadAction","target":["https:\/\/www.estrategiaconcursos.com.br\/blog\/atualizacaorevogacao-legislacao-relativa-ao-dprf-decreto-9-15017-estrutura-regimental-do-mj\/"]}]},{"@type":"BreadcrumbList","@id":"https:\/\/www.estrategiaconcursos.com.br\/blog\/atualizacaorevogacao-legislacao-relativa-ao-dprf-decreto-9-15017-estrutura-regimental-do-mj\/#breadcrumb","itemListElement":[{"@type":"ListItem","position":1,"name":"In\u00edcio","item":"https:\/\/www.estrategiaconcursos.com.br\/blog\/"},{"@type":"ListItem","position":2,"name":"Atualiza\u00e7\u00f5es &#8211; Legisla\u00e7\u00e3o Relativa ao DPRF &#8211; Decreto 9.150\/17 (Estrutura Regimental do MJ)!"}]},{"@type":"WebSite","@id":"https:\/\/www.estrategiaconcursos.com.br\/blog\/#website","url":"https:\/\/www.estrategiaconcursos.com.br\/blog\/","name":"Estrat\u00e9gia Concursos","description":"O blog da Estrat\u00e9gia Concursos traz not\u00edcias sobre concursos e artigos de professores oferecendo cursos para concursos (pdf + videaulas) no site.","publisher":{"@id":"https:\/\/www.estrategiaconcursos.com.br\/blog\/#organization"},"potentialAction":[{"@type":"SearchAction","target":{"@type":"EntryPoint","urlTemplate":"https:\/\/www.estrategiaconcursos.com.br\/blog\/?s={search_term_string}"},"query-input":{"@type":"PropertyValueSpecification","valueRequired":true,"valueName":"search_term_string"}}],"inLanguage":"pt-BR"},{"@type":"Organization","@id":"https:\/\/www.estrategiaconcursos.com.br\/blog\/#organization","name":"Estrat\u00e9gia Concursos","url":"https:\/\/www.estrategiaconcursos.com.br\/blog\/","logo":{"@type":"ImageObject","inLanguage":"pt-BR","@id":"https:\/\/www.estrategiaconcursos.com.br\/blog\/#\/schema\/logo\/image\/","url":"https:\/\/dhg1h5j42swfq.cloudfront.net\/2025\/06\/03203428\/logo_concursos-1.jpg","contentUrl":"https:\/\/dhg1h5j42swfq.cloudfront.net\/2025\/06\/03203428\/logo_concursos-1.jpg","width":230,"height":60,"caption":"Estrat\u00e9gia Concursos"},"image":{"@id":"https:\/\/www.estrategiaconcursos.com.br\/blog\/#\/schema\/logo\/image\/"},"sameAs":["https:\/\/x.com\/EstratConcursos"]},{"@type":"Person","@id":"https:\/\/www.estrategiaconcursos.com.br\/blog\/#\/schema\/person\/edda4e500c7c5065d53cfab276ffa8dd","name":"Alexandre Herculano","image":{"@type":"ImageObject","inLanguage":"pt-BR","@id":"https:\/\/secure.gravatar.com\/avatar\/38cb0c33a42096a75e0d9cdd0d8f7413cf51bcfdd398eb7a35bdcd48e89060f8?s=96&d=mm&r=g","url":"https:\/\/secure.gravatar.com\/avatar\/38cb0c33a42096a75e0d9cdd0d8f7413cf51bcfdd398eb7a35bdcd48e89060f8?s=96&d=mm&r=g","contentUrl":"https:\/\/secure.gravatar.com\/avatar\/38cb0c33a42096a75e0d9cdd0d8f7413cf51bcfdd398eb7a35bdcd48e89060f8?s=96&d=mm&r=g","caption":"Alexandre Herculano"},"url":"https:\/\/www.estrategiaconcursos.com.br\/blog\/author\/alexandreherculanoestrategiaconcursos-com-br\/"}]}},"_links":{"self":[{"href":"https:\/\/www.estrategiaconcursos.com.br\/blog\/wp-json\/wp\/v2\/posts\/95257","targetHints":{"allow":["GET"]}}],"collection":[{"href":"https:\/\/www.estrategiaconcursos.com.br\/blog\/wp-json\/wp\/v2\/posts"}],"about":[{"href":"https:\/\/www.estrategiaconcursos.com.br\/blog\/wp-json\/wp\/v2\/types\/post"}],"author":[{"embeddable":true,"href":"https:\/\/www.estrategiaconcursos.com.br\/blog\/wp-json\/wp\/v2\/users\/86"}],"replies":[{"embeddable":true,"href":"https:\/\/www.estrategiaconcursos.com.br\/blog\/wp-json\/wp\/v2\/comments?post=95257"}],"version-history":[{"count":6,"href":"https:\/\/www.estrategiaconcursos.com.br\/blog\/wp-json\/wp\/v2\/posts\/95257\/revisions"}],"predecessor-version":[{"id":1116010,"href":"https:\/\/www.estrategiaconcursos.com.br\/blog\/wp-json\/wp\/v2\/posts\/95257\/revisions\/1116010"}],"wp:attachment":[{"href":"https:\/\/www.estrategiaconcursos.com.br\/blog\/wp-json\/wp\/v2\/media?parent=95257"}],"wp:term":[{"taxonomy":"category","embeddable":true,"href":"https:\/\/www.estrategiaconcursos.com.br\/blog\/wp-json\/wp\/v2\/categories?post=95257"},{"taxonomy":"post_tag","embeddable":true,"href":"https:\/\/www.estrategiaconcursos.com.br\/blog\/wp-json\/wp\/v2\/tags?post=95257"},{"taxonomy":"tax_estado","embeddable":true,"href":"https:\/\/www.estrategiaconcursos.com.br\/blog\/wp-json\/wp\/v2\/tax_estado?post=95257"}],"curies":[{"name":"wp","href":"https:\/\/api.w.org\/{rel}","templated":true}]}}