{"id":952080,"date":"2022-01-24T09:00:00","date_gmt":"2022-01-24T12:00:00","guid":{"rendered":"https:\/\/www.estrategiaconcursos.com.br\/blog\/?p=952080"},"modified":"2023-09-05T13:29:00","modified_gmt":"2023-09-05T16:29:00","slug":"carta-aos-assinantes-065","status":"publish","type":"post","link":"https:\/\/www.estrategiaconcursos.com.br\/blog\/carta-aos-assinantes-065\/","title":{"rendered":"Carta aos Assinantes do Estrat\u00e9gia Concursos &#8211; 065"},"content":{"rendered":"\n<p class=\"has-text-align-right has-luminous-vivid-amber-background-color has-background\"><em>Confira, em nossa <strong>sexag\u00e9sima quinta carta aos assinantes<\/strong>, a nossa programa\u00e7\u00e3o semanal, as novidades do nosso Sistema de Quest\u00f5es e as principais movimenta\u00e7\u00f5es de concursos.<\/em><\/p>\n\n\n\n<p>Ol\u00e1, pessoal. Tudo bem?<\/p>\n\n\n\n<p>Aqui \u00e9 o <strong>Prof. Diego Cerqueira<\/strong>, em nossa <strong><span class=\"has-inline-color has-vivid-purple-color\">sexag\u00e9sima quinta carta aos Assinantes<\/span><\/strong> do Estrat\u00e9gia Concursos.<\/p>\n\n\n\n<p>Gostaria de iniciar esta carta com um recado especial para os alunos que est\u00e3o se preparando para o <strong><span class=\"has-inline-color has-vivid-purple-color\">concurso da PCERJ<\/span><\/strong>. No dia 12\/02\/2022 teremos a realiza\u00e7\u00e3o da <strong><span class=\"has-inline-color has-vivid-purple-color\">Revis\u00e3o de V\u00e9spera Presencial<\/span><\/strong> para o cargo de Investigador. Ser\u00e1 um dia intenso de aulas, iniciando \u00e0s 7h, na cidade do Rio de Janeiro. N\u00e3o perca esse evento especial.<\/p>\n\n\n\n<p><em>Garanta a sua vaga pelo link abaixo!<\/em><\/p>\n\n\n\n<p class=\"has-text-align-center has-pale-cyan-blue-background-color has-background\"><a href=\"https:\/\/www.estrategiaconcursos.com.br\/curso\/revisao-de-vespera-presencial-para-o-pc-rj-investigador\/\">REVIS\u00c3O DE V\u00c9SPERA PRESENCIAL PCERJ &#8211; INVESTIGADOR<\/a><\/p>\n\n\n\n<p>E para ficar por dentro de tudo que vai rolar nessa Reta Final de prepara\u00e7\u00e3o, entre no <a href=\"https:\/\/t.me\/operacaopf\">Canal do Telegram da \u00c1rea Policial<\/a> e cadastre-se na <a href=\"https:\/\/gratis.estrategiaconcursos.com.br\/area-do-candidato-pcerj\/\">\u00c1rea do Candidato PCERJ<\/a>. Por l\u00e1 ser\u00e3o divulgadas aulas online, maratonas, simulados, materiais de revis\u00e3o e dicas de prepara\u00e7\u00e3o que a equipe da coruja est\u00e1 preparando para voc\u00eas.<\/p>\n\n\n\n<p>Al\u00e9m disso, estamos na <strong><span class=\"has-inline-color has-vivid-purple-color\">Reta Final para o concurso do IBAMA<\/span><\/strong>. Convido os alunos que participar\u00e3o deste certame a ficarem de olho na <strong>programa\u00e7\u00e3o especial<\/strong> que a equipe do Estrat\u00e9gia preparou para essa semana. Teremos transmiss\u00f5es de <strong>Hora da Verdade e Revis\u00e3o de V\u00e9spera<\/strong> para todos os cargos, al\u00e9m do nosso tradicional <strong>Gabarito Extraoficial<\/strong> e levantamento de possibilidades de <strong>recursos<\/strong>.<\/p>\n\n\n\n<p>Inscreva-se j\u00e1 na \u00c1rea do Candidato IBAMA e n\u00e3o perca nada <a href=\"https:\/\/gratis.estrategiaconcursos.com.br\/area-do-candidato-ibama\">(clique aqui!<\/a>).<\/p>\n\n\n\n<p><em>Fique por dentro de todos os eventos que preparamos para voc\u00eas!<\/em><\/p>\n\n\n\n<p class=\"has-text-align-center has-pale-cyan-blue-background-color has-background\"><a href=\"https:\/\/t.me\/Ibama_e_ICMBio\">CANAL DO TELEGRAM &#8211; IBAMA<\/a><\/p>\n\n\n\n<h2 class=\"wp-block-heading\" id=\"block-544baa21-48b3-40a4-9b25-7e4ba69d9430\"><strong>Sistema de Quest\u00f5es do Estrat\u00e9gia<\/strong> &#8211; Carta aos Assinantes<\/h2>\n\n\n\n<p>Na \u00faltima semana tivemos a <strong><span class=\"has-inline-color has-vivid-purple-color\">atualiza\u00e7\u00e3o dos artigos de quest\u00f5es in\u00e9ditas para os concursos da Brigada Militar do RS e da SEFA PA<\/span><\/strong>. J\u00e1 sabemos que a resolu\u00e7\u00e3o de quest\u00f5es \u00e9 de extrema import\u00e2ncia para otimizar a sua prepara\u00e7\u00e3o. O SQ j\u00e1 conta com cerca de <strong>780 quest\u00f5es in\u00e9ditas cadastradas para a SEFA PA<\/strong> e cerca de <strong>630 para a Brigada Militar do RS<\/strong>.<\/p>\n\n\n\n<p><em>Acesse os cadernos de quest\u00f5es dispon\u00edveis e turbine a sua prepara\u00e7\u00e3o.<\/em><\/p>\n\n\n\n<ul class=\"wp-block-list\">\n<li>Quest\u00f5es In\u00e9ditas SEFA PA (<a href=\"https:\/\/www.estrategiaconcursos.com.br\/blog\/questoes-ineditas-sefa-pa\/\">Clique aqui!<\/a>)<\/li>\n\n\n\n<li>Quest\u00f5es In\u00e9ditas Brigada Militar do RS (<a href=\"https:\/\/www.estrategiaconcursos.com.br\/blog\/questoes-ineditas-brigada-militar-do-rs\/\">Clique aqui!<\/a>)<\/li>\n<\/ul>\n\n\n\n<p>Al\u00e9m disso, no pr\u00f3ximo domingo, dia 30\/01, teremos a realiza\u00e7\u00e3o de dois <strong><span class=\"has-inline-color has-vivid-purple-color\">Simulados no Sistema de Quest\u00f5es<\/span><\/strong>:<\/p>\n\n\n\n<ul class=\"wp-block-list\">\n<li><strong>Simulado da Premoni\u00e7\u00e3o para PM SP (Cargo: Soldado)<\/strong><\/li>\n\n\n\n<li><strong>3\u00ba Simulado do SQ para TCU (Cargo: Auditor Federal de Controle Externo)<\/strong><\/li>\n<\/ul>\n\n\n\n<p>A realiza\u00e7\u00e3o de simulados \u00e9 uma \u00f3tima maneira de revisar as disciplinas e simular o ambiente de prova para que voc\u00ea chegue bem preparado no dia do concurso! Os simulados em quest\u00e3o ser\u00e3o realizados pelo SQ, com acesso liberado para todos! Ent\u00e3o, n\u00e3o deixe de participar!<\/p>\n\n\n\n<p><em>Acompanhe nosso blog e redes sociais para ficar por dentro!<\/em><\/p>\n\n\n\n<h2 class=\"wp-block-heading\" id=\"block-70e62fc5-ea6c-4280-9c1f-64e4fe8a4c23\"><strong>Agora, vamos ver as principais movimenta\u00e7\u00f5es de concursos da \u00faltima semana?<\/strong><\/h2>\n\n\n\n<ul class=\"wp-block-list\">\n<li><a href=\"https:\/\/www.estrategiaconcursos.com.br\/blog\/concurso-ijsn\/\">IJSN<\/a>: Foi publicado no Di\u00e1rio Oficial do Estado do Esp\u00edrito Santo desta quinta-feira, 20 de janeiro, o extrato de contrato que oficializa o Instituto AOCP como banca organizadora do concurso Instituto Jones dos Santos Neves (IJSN). Agora, o pr\u00f3ximo passo ser\u00e1 a publica\u00e7\u00e3o do edital de abertura. S\u00e3o previstas seis vagas imediatas para o cargo de Especialista em Estudos e Pesquisas Governamentais, al\u00e9m de forma\u00e7\u00e3o em cadastro de reserva. Vale frisar que a fun\u00e7\u00e3o de Especialista exige n\u00edvel superior e oferece sal\u00e1rio inicial no valor de R$ 6.851,96, enquanto que o valor final chega a R$ 10.882,40.<\/li>\n<\/ul>\n\n\n\n<ul class=\"wp-block-list\">\n<li><a href=\"https:\/\/www.estrategiaconcursos.com.br\/blog\/concurso-sefaz-am\/\">Sefaz AM<\/a>: Foi publicado no Di\u00e1rio Oficial do Amazonas desta quarta-feira, 19 de janeiro, o extrato de contrato firmado entre a Sefaz AM e a banca organizadora do seu novo concurso, a Funda\u00e7\u00e3o Get\u00falio Vargas (FGV). Conforme adiantado exclusivamente pela equipe de jornalismo do Estrat\u00e9gia, o edital segue previsto para a \u00faltima semana deste m\u00eas de janeiro. Ser\u00e3o oferecidas 210 vagas mais oportunidades em cadastro de reserva, para cargos de n\u00edvel m\u00e9dio e superior. As provas ser\u00e3o aplicadas no m\u00eas de mar\u00e7o, conforme adiantado pelo \u00f3rg\u00e3o. A expectativa \u00e9 de um total de 15 mil candidatos de n\u00edvel m\u00e9dio e 10 mil para as carreiras de n\u00edvel superior.<\/li>\n<\/ul>\n\n\n\n<ul class=\"wp-block-list\">\n<li><a href=\"https:\/\/www.estrategiaconcursos.com.br\/blog\/concurso-tce-ms\/\">TCE MS<\/a>: Foi publicado no Di\u00e1rio Oficial do Tribunal de Contas do Estado do Mato Grosso do Sul desta sexta-feira, 21 de janeiro, o regulamento do concurso p\u00fablico para provimento de vagas nos cargos de Auditor Estadual, Analista e T\u00e9cnico de Gest\u00e3o Institucional. De acordo com o documento, os candidatos do pr\u00f3ximo certame ser\u00e3o avaliados por meio de provas objetivas, discursiva, avalia\u00e7\u00e3o de t\u00edtulos, investiga\u00e7\u00e3o social e avalia\u00e7\u00e3o de sanidade f\u00edsica e mental. Em breve, deve ser formada uma Comiss\u00e3o respons\u00e1vel pelo acompanhamento e elabora\u00e7\u00e3o do edital, al\u00e9m da escolha da banca organizadora.<\/li>\n<\/ul>\n\n\n\n<ul class=\"wp-block-list\">\n<li><a href=\"https:\/\/www.estrategiaconcursos.com.br\/blog\/concurso-pc-to\/\">PC TO<\/a>: Foi divulgada, no Di\u00e1rio Oficial do Tocantins, a nova comiss\u00e3o do concurso p\u00fablico da Pol\u00edcia Civil do Estado. O grupo \u00e9 formado por sete membros, de diferentes secretarias. A previs\u00e3o \u00e9 de que sejam ofertadas 313 vagas, distribu\u00eddas entre os cargos de Agente de Pol\u00edcia, Agente de Necrotomia, Delegado, Escriv\u00e3o, Papiloscopista e Peritos. Os sal\u00e1rios variam de R$ 10,2 mil a R$ 25,2 mil.<\/li>\n<\/ul>\n\n\n\n<ul class=\"wp-block-list\">\n<li><a href=\"https:\/\/www.estrategiaconcursos.com.br\/blog\/concurso-pericia-oficial-al\/\">Per\u00edcia Oficial AL<\/a>: Foi divulgada, no Di\u00e1rio Oficial de Alagoas, a comiss\u00e3o mista respons\u00e1vel pelo concurso Per\u00edcia Oficial AL. Segundo autoriza\u00e7\u00e3o, s\u00e3o previstas 81 vagas, distribu\u00eddas entre os cargos de Perito Criminal, Perito M\u00e9dico-Legista, Odontologista, Papiloscopista e T\u00e9cnico Forense.<\/li>\n<\/ul>\n\n\n\n<ul class=\"wp-block-list\">\n<li><a href=\"https:\/\/www.estrategiaconcursos.com.br\/blog\/concurso-guarda-de-osasco\/\">Guarda de Osasco<\/a>: Foi publicado o concurso Guarda Osasco com a oferta de 160 vagas imediatas para Guarda Civil Municipal. Os interessados devem possuir forma\u00e7\u00e3o de n\u00edvel m\u00e9dio completo, al\u00e9m de CNH nas categorias B, C ou superior. O sal\u00e1rio inicial \u00e9 de R$ 1.309,02 (acrescido de 80% de adicional de Regime Especial de Trabalho Policial \u2013 RETP). As inscri\u00e7\u00f5es podem ser realizadas de 1\u00ba de fevereiro a 10 de mar\u00e7o, no site da Funda\u00e7\u00e3o Vunesp, ao custo de R$ 68,50. A prova objetiva deve ocorrer na data prevista de 17 de abril.<\/li>\n<\/ul>\n\n\n\n<ul class=\"wp-block-list\">\n<li><a href=\"https:\/\/www.estrategiaconcursos.com.br\/blog\/concurso-camara-jaboatao-dos-guararapes\/\">C\u00e2mara de Jaboat\u00e3o dos Guararapes<\/a>: Foi publicado o edital do concurso C\u00e2mara Jaboat\u00e3o dos Guararapes, estado do Pernambuco, com 33 vagas imediatas, al\u00e9m de 124 para cadastro reserva. As oportunidades s\u00e3o para os n\u00edveis m\u00e9dio e superior, com sal\u00e1rio inicial de R$ 1.575,00 a R$ 3.150,00. Com inscri\u00e7\u00f5es abertas, os interessados devem se candidatar at\u00e9 o dia 28 de fevereiro, no site da banca organizadora, IDIB, ao custo de R$ 100,00 a R$ 130,00. A prova \u00e9 prevista para 17 de abril.<\/li>\n<\/ul>\n\n\n\n<ul class=\"wp-block-list\">\n<li><a href=\"https:\/\/www.estrategiaconcursos.com.br\/blog\/concurso-pmdf\/\">PMDF<\/a>: Foi divulgada uma portaria que disp\u00f5e da autoriza\u00e7\u00e3o de concurso p\u00fablico para provimento de 46 vagas para Oficiais do Quadro da Sa\u00fade da Pol\u00edcia Militar do Distrito Federal (PMDF). A previs\u00e3o de ingresso dos aprovados \u00e9 a partir de janeiro de 2023. Segundo o \u00faltimo edital de 2014, a exig\u00eancia era n\u00edvel superior na especialidade pretendida, com sal\u00e1rio inicial de R$ 7.947,50.<\/li>\n<\/ul>\n\n\n\n<ul class=\"wp-block-list\">\n<li><a href=\"https:\/\/www.estrategiaconcursos.com.br\/blog\/concurso-mp-pe-promotor\/\">MP PE Promotor<\/a>: Foi publicado o edital do concurso que oferta 15 vagas para o cargo de Promotor de Justi\u00e7a e Promotor de Justi\u00e7a Substituto de 1\u00aa Entr\u00e2ncia no estado de Pernambuco, com remunera\u00e7\u00e3o inicial de R$ 30.404,42. Sob organiza\u00e7\u00e3o da FCC, as inscri\u00e7\u00f5es podem ser realizadas entre 28 de janeiro a 21 de fevereiro, ao custo de R$ 295,00. Para participar, o candidato dever\u00e1 comprovar ter conclu\u00eddo o curso de bacharelado em Direito e a realiza\u00e7\u00e3o de, no m\u00ednimo, tr\u00eas anos de atividade jur\u00eddica.<\/li>\n<\/ul>\n\n\n\n<ul class=\"wp-block-list\">\n<li><a href=\"https:\/\/www.estrategiaconcursos.com.br\/blog\/concurso-dpe-pr-defensor\/\">DPE PR Defensor<\/a>: Est\u00e3o abertas as inscri\u00e7\u00f5es do concurso que oferta 4 vagas diretas mais forma\u00e7\u00e3o de cadastro de reserva para Defensor P\u00fablico do Paran\u00e1, com remunera\u00e7\u00e3o inicial de R$ 16.587,80. As inscri\u00e7\u00f5es podem ser realizadas de 19 de janeiro at\u00e9 18 de fevereiro de 2022, no site da AOCP. A taxa de inscri\u00e7\u00e3o foi fixada em R$ 250,00. As provas ocorrer\u00e3o o dia 20 de mar\u00e7o de 2022. Para participar, \u00e9 necess\u00e1rio ser bacharel em Direito, possuir registro na OAB e contar com tr\u00eas anos completos de pr\u00e1tica profissional na \u00e1rea.<\/li>\n<\/ul>\n\n\n\n<ul class=\"wp-block-list\">\n<li><a href=\"https:\/\/www.estrategiaconcursos.com.br\/blog\/concurso-procurador-tce-ms\/\">TCE MS<\/a>: Foi publicado o regulamento do novo concurso para Procurador do Tribunal de Constas do Estado de Mato Grosso do Sul, com remunera\u00e7\u00e3o inicial de R$ 35.462,28. A comiss\u00e3o do concurso ser\u00e1 integrada por um Conselheiro, um Procurador de Contas e dois servidores do TCE-MS, al\u00e9m de um representante da Ordem dos Advogados do Brasil \u2013 Se\u00e7\u00e3o MS (OAB-MS). O candidato dever\u00e1 comprovar a conclus\u00e3o do curso de bacharelado em Direito e a realiza\u00e7\u00e3o de, no m\u00ednimo, tr\u00eas anos de atividade jur\u00eddica.<\/li>\n<\/ul>\n\n\n\n<ul class=\"wp-block-list\">\n<li><a href=\"https:\/\/www.estrategiaconcursos.com.br\/blog\/concurso-mp-go\/%20(banc\">MP GO<\/a>: O Minist\u00e9rio P\u00fablico de Goi\u00e1s formou a comiss\u00e3o organizadora do pr\u00f3ximo concurso que ofertar\u00e1 vagas para provimento imediato e forma\u00e7\u00e3o de cadastro de reserva, de cargos de n\u00edveis m\u00e9dio e superior, com lota\u00e7\u00e3o em Goi\u00e2nia e remunera\u00e7\u00f5es que variam entre R$ 4.437,22 e R$ 8.912,97. O grupo \u00e9 formado por tr\u00eas membros e tr\u00eas servidores lotados na Capital. Vale lembrar que o \u00f3rg\u00e3o j\u00e1 divulgou o extrato de contrato que oficializa a Funda\u00e7\u00e3o Get\u00falio Vargas (FGV) como banca do certame.<\/li>\n<\/ul>\n\n\n\n<ul class=\"wp-block-list\">\n<li><a href=\"https:\/\/www.estrategiaconcursos.com.br\/blog\/concurso-tjmg\/\">TJ MG<\/a>: Foi definida para 1\u00ba de fevereiro a data de realiza\u00e7\u00e3o do preg\u00e3o eletr\u00f4nico para a escolha da banca organizadora do concurso que ofertar\u00e1 vagas em cargos de n\u00edvel m\u00e9dio e n\u00edvel superior no Tribunal de Justi\u00e7a de Minas Gerais. As remunera\u00e7\u00f5es iniciais variam de R$ 2.986,57 a R$ 4.677,09. O \u00f3rg\u00e3o tamb\u00e9m j\u00e1 divulgou o Projeto B\u00e1sico do concurso. O certame ser\u00e1 composto de uma Prova Objetiva e uma Prova Discursiva e o valor das inscri\u00e7\u00f5es variar\u00e1 de R$ 80,00 a R$ 100,00.<\/li>\n<\/ul>\n\n\n\n<ul class=\"wp-block-list\">\n<li><a href=\"https:\/\/www.estrategiaconcursos.com.br\/blog\/concurso-tj-ms\/\">TJ MS<\/a>: A Funda\u00e7\u00e3o Getulio Vargas (FGV) foi definida, por meio de dispensa de licita\u00e7\u00e3o, como a banca respons\u00e1vel pelo pr\u00f3ximo concurso do Tribunal de Justi\u00e7a do Estado do Mato Grosso do Sul (TJ MS). Est\u00e3o previstas, nesta nova sele\u00e7\u00e3o, 200 vagas para o cargo de Analista Judici\u00e1rio \u2013 \u00c1rea Fim (Bacharel em Direito), com remunera\u00e7\u00e3o inicial de R$ 6.189,29. O d\u00e9ficit de cargos para Analista Judici\u00e1rio no \u00f3rg\u00e3o \u00e9 de 546 cargos.<\/li>\n<\/ul>\n\n\n\n<ul class=\"wp-block-list\">\n<li>FUB: Foi divulgado o extrato do contrato entre a Funda\u00e7\u00e3o Universidade de Bras\u00edlia e o Cebraspe oficializando este como banca organizadora do seu mais novo concurso FUB, que ofertar\u00e1 174 vagas para cargos de T\u00e9cnico-Administrativo em Educa\u00e7\u00e3o, de n\u00edveis m\u00e9dio e superior de escolaridade e remunera\u00e7\u00f5es que variam entre R$ 2.446,96 at\u00e9 R$ 4.180,66.<\/li>\n<\/ul>\n\n\n\n<p>Desejo a todos uma excelente semana de estudos!<\/p>\n\n\n\n<p>Abra\u00e7os,<\/p>\n\n\n\n<p><strong>Prof. Diego Cerqueira<\/strong><\/p>\n","protected":false},"excerpt":{"rendered":"<p>Confira, em nossa sexag\u00e9sima quinta carta aos assinantes, a nossa programa\u00e7\u00e3o semanal, as novidades do nosso Sistema de Quest\u00f5es e as principais movimenta\u00e7\u00f5es de concursos. Ol\u00e1, pessoal. Tudo bem? Aqui \u00e9 o Prof. Diego Cerqueira, em nossa sexag\u00e9sima quinta carta aos Assinantes do Estrat\u00e9gia Concursos. Gostaria de iniciar esta carta com um recado especial para [&hellip;]<\/p>\n","protected":false},"author":1789,"featured_media":952092,"comment_status":"open","ping_status":"closed","sticky":false,"template":"","format":"standard","meta":{"post_tipo":"article","footnotes":""},"categories":[1],"tags":[],"tax_estado":[219964,219965,219966,219967,219968,219969,219963,219970,219971,219972,219973,219974,219975,219976,219977,219978,219979,219980,219981,219982,219983,219984,219985,219986,219987,219988,219989,219990],"class_list":["post-952080","post","type-post","status-publish","format-standard","has-post-thumbnail","hentry","category-cursos-e-concursos","tax_estado-ac","tax_estado-al","tax_estado-am","tax_estado-ap","tax_estado-ba","tax_estado-ce","tax_estado-concursos-federais","tax_estado-df","tax_estado-es","tax_estado-go","tax_estado-ma","tax_estado-mg","tax_estado-ms","tax_estado-mt","tax_estado-pa","tax_estado-pb","tax_estado-pe","tax_estado-pi","tax_estado-pr","tax_estado-rj","tax_estado-rn","tax_estado-ro","tax_estado-rr","tax_estado-rs","tax_estado-sc","tax_estado-se","tax_estado-sp","tax_estado-to"],"acf":[],"yoast_head":"<!-- This site is optimized with the Yoast SEO Premium plugin v27.2 (Yoast SEO v27.2) - https:\/\/yoast.com\/product\/yoast-seo-premium-wordpress\/ -->\n<title>Carta aos Assinantes do Estrat\u00e9gia Concursos - 065<\/title>\n<meta name=\"description\" content=\"Confira, em nossa 65\u00aa carta aos assinantes, a nossa programa\u00e7\u00e3o semanal, as novidades do nosso SQ e as principais movimenta\u00e7\u00f5es de concursos.\" \/>\n<meta name=\"robots\" content=\"index, follow, max-snippet:-1, max-image-preview:large, max-video-preview:-1\" \/>\n<link rel=\"canonical\" href=\"https:\/\/www.estrategiaconcursos.com.br\/blog\/carta-aos-assinantes-065\/\" \/>\n<meta property=\"og:locale\" content=\"pt_BR\" \/>\n<meta property=\"og:type\" content=\"article\" \/>\n<meta property=\"og:title\" content=\"Carta aos Assinantes do Estrat\u00e9gia Concursos - 065\" \/>\n<meta property=\"og:description\" content=\"Confira, em nossa 65\u00aa carta aos assinantes, a nossa programa\u00e7\u00e3o semanal, as novidades do nosso SQ e as principais movimenta\u00e7\u00f5es de concursos.\" \/>\n<meta property=\"og:url\" content=\"https:\/\/www.estrategiaconcursos.com.br\/blog\/carta-aos-assinantes-065\/\" \/>\n<meta property=\"og:site_name\" content=\"Estrat\u00e9gia Concursos\" \/>\n<meta property=\"article:published_time\" content=\"2022-01-24T12:00:00+00:00\" \/>\n<meta property=\"article:modified_time\" content=\"2023-09-05T16:29:00+00:00\" \/>\n<meta property=\"og:image\" content=\"https:\/\/dhg1h5j42swfq.cloudfront.net\/2022\/01\/21174528\/imagem-carta-aos-assinantes-2.png\" \/>\n\t<meta property=\"og:image:width\" content=\"800\" \/>\n\t<meta property=\"og:image:height\" content=\"450\" \/>\n\t<meta property=\"og:image:type\" content=\"image\/png\" \/>\n<meta name=\"author\" content=\"Coordena\u00e7\u00e3o Estrat\u00e9gia\" \/>\n<meta name=\"twitter:card\" content=\"summary_large_image\" \/>\n<meta name=\"twitter:creator\" content=\"@EstratConcursos\" \/>\n<meta name=\"twitter:site\" content=\"@EstratConcursos\" \/>\n<meta name=\"twitter:label1\" content=\"Escrito por\" \/>\n\t<meta name=\"twitter:data1\" content=\"Coordena\u00e7\u00e3o Estrat\u00e9gia\" \/>\n\t<meta name=\"twitter:label2\" content=\"Est. tempo de leitura\" \/>\n\t<meta name=\"twitter:data2\" content=\"10 minutos\" \/>\n<script type=\"application\/ld+json\" class=\"yoast-schema-graph\">{\"@context\":\"https:\/\/schema.org\",\"@graph\":[{\"@type\":\"NewsArticle\",\"@id\":\"https:\/\/www.estrategiaconcursos.com.br\/blog\/carta-aos-assinantes-065\/#article\",\"isPartOf\":{\"@id\":\"https:\/\/www.estrategiaconcursos.com.br\/blog\/carta-aos-assinantes-065\/\"},\"author\":{\"name\":\"Coordena\u00e7\u00e3o Estrat\u00e9gia\",\"@id\":\"https:\/\/www.estrategiaconcursos.com.br\/blog\/#\/schema\/person\/ba5fab3b1fa4a358429e37bc50f74021\"},\"headline\":\"Carta aos Assinantes do Estrat\u00e9gia Concursos &#8211; 065\",\"datePublished\":\"2022-01-24T12:00:00+00:00\",\"dateModified\":\"2023-09-05T16:29:00+00:00\",\"mainEntityOfPage\":{\"@id\":\"https:\/\/www.estrategiaconcursos.com.br\/blog\/carta-aos-assinantes-065\/\"},\"wordCount\":1820,\"commentCount\":0,\"publisher\":{\"@id\":\"https:\/\/www.estrategiaconcursos.com.br\/blog\/#organization\"},\"image\":{\"@id\":\"https:\/\/www.estrategiaconcursos.com.br\/blog\/carta-aos-assinantes-065\/#primaryimage\"},\"thumbnailUrl\":\"https:\/\/dhg1h5j42swfq.cloudfront.net\/2022\/01\/21174528\/imagem-carta-aos-assinantes-2.png\",\"articleSection\":[\"Concursos P\u00fablicos\"],\"inLanguage\":\"pt-BR\",\"potentialAction\":[{\"@type\":\"CommentAction\",\"name\":\"Comment\",\"target\":[\"https:\/\/www.estrategiaconcursos.com.br\/blog\/carta-aos-assinantes-065\/#respond\"]}],\"copyrightYear\":\"2022\",\"copyrightHolder\":{\"@id\":\"https:\/\/www.estrategiaconcursos.com.br\/blog\/#organization\"}},{\"@type\":\"WebPage\",\"@id\":\"https:\/\/www.estrategiaconcursos.com.br\/blog\/carta-aos-assinantes-065\/\",\"url\":\"https:\/\/www.estrategiaconcursos.com.br\/blog\/carta-aos-assinantes-065\/\",\"name\":\"Carta aos Assinantes do Estrat\u00e9gia Concursos - 065\",\"isPartOf\":{\"@id\":\"https:\/\/www.estrategiaconcursos.com.br\/blog\/#website\"},\"primaryImageOfPage\":{\"@id\":\"https:\/\/www.estrategiaconcursos.com.br\/blog\/carta-aos-assinantes-065\/#primaryimage\"},\"image\":{\"@id\":\"https:\/\/www.estrategiaconcursos.com.br\/blog\/carta-aos-assinantes-065\/#primaryimage\"},\"thumbnailUrl\":\"https:\/\/dhg1h5j42swfq.cloudfront.net\/2022\/01\/21174528\/imagem-carta-aos-assinantes-2.png\",\"datePublished\":\"2022-01-24T12:00:00+00:00\",\"dateModified\":\"2023-09-05T16:29:00+00:00\",\"description\":\"Confira, em nossa 65\u00aa carta aos assinantes, a nossa programa\u00e7\u00e3o semanal, as novidades do nosso SQ e as principais movimenta\u00e7\u00f5es de concursos.\",\"breadcrumb\":{\"@id\":\"https:\/\/www.estrategiaconcursos.com.br\/blog\/carta-aos-assinantes-065\/#breadcrumb\"},\"inLanguage\":\"pt-BR\",\"potentialAction\":[{\"@type\":\"ReadAction\",\"target\":[\"https:\/\/www.estrategiaconcursos.com.br\/blog\/carta-aos-assinantes-065\/\"]}]},{\"@type\":\"ImageObject\",\"inLanguage\":\"pt-BR\",\"@id\":\"https:\/\/www.estrategiaconcursos.com.br\/blog\/carta-aos-assinantes-065\/#primaryimage\",\"url\":\"https:\/\/dhg1h5j42swfq.cloudfront.net\/2022\/01\/21174528\/imagem-carta-aos-assinantes-2.png\",\"contentUrl\":\"https:\/\/dhg1h5j42swfq.cloudfront.net\/2022\/01\/21174528\/imagem-carta-aos-assinantes-2.png\",\"width\":800,\"height\":450,\"caption\":\"carta aos assinantes\"},{\"@type\":\"BreadcrumbList\",\"@id\":\"https:\/\/www.estrategiaconcursos.com.br\/blog\/carta-aos-assinantes-065\/#breadcrumb\",\"itemListElement\":[{\"@type\":\"ListItem\",\"position\":1,\"name\":\"In\u00edcio\",\"item\":\"https:\/\/www.estrategiaconcursos.com.br\/blog\/\"},{\"@type\":\"ListItem\",\"position\":2,\"name\":\"Carta aos Assinantes do Estrat\u00e9gia Concursos &#8211; 065\"}]},{\"@type\":\"WebSite\",\"@id\":\"https:\/\/www.estrategiaconcursos.com.br\/blog\/#website\",\"url\":\"https:\/\/www.estrategiaconcursos.com.br\/blog\/\",\"name\":\"Estrat\u00e9gia Concursos\",\"description\":\"O blog da Estrat\u00e9gia Concursos traz not\u00edcias sobre concursos e artigos de professores oferecendo cursos para concursos (pdf + videaulas) no site.\",\"publisher\":{\"@id\":\"https:\/\/www.estrategiaconcursos.com.br\/blog\/#organization\"},\"potentialAction\":[{\"@type\":\"SearchAction\",\"target\":{\"@type\":\"EntryPoint\",\"urlTemplate\":\"https:\/\/www.estrategiaconcursos.com.br\/blog\/?s={search_term_string}\"},\"query-input\":{\"@type\":\"PropertyValueSpecification\",\"valueRequired\":true,\"valueName\":\"search_term_string\"}}],\"inLanguage\":\"pt-BR\"},{\"@type\":\"Organization\",\"@id\":\"https:\/\/www.estrategiaconcursos.com.br\/blog\/#organization\",\"name\":\"Estrat\u00e9gia Concursos\",\"url\":\"https:\/\/www.estrategiaconcursos.com.br\/blog\/\",\"logo\":{\"@type\":\"ImageObject\",\"inLanguage\":\"pt-BR\",\"@id\":\"https:\/\/www.estrategiaconcursos.com.br\/blog\/#\/schema\/logo\/image\/\",\"url\":\"https:\/\/dhg1h5j42swfq.cloudfront.net\/2025\/06\/03203428\/logo_concursos-1.jpg\",\"contentUrl\":\"https:\/\/dhg1h5j42swfq.cloudfront.net\/2025\/06\/03203428\/logo_concursos-1.jpg\",\"width\":230,\"height\":60,\"caption\":\"Estrat\u00e9gia Concursos\"},\"image\":{\"@id\":\"https:\/\/www.estrategiaconcursos.com.br\/blog\/#\/schema\/logo\/image\/\"},\"sameAs\":[\"https:\/\/x.com\/EstratConcursos\"]},{\"@type\":\"Person\",\"@id\":\"https:\/\/www.estrategiaconcursos.com.br\/blog\/#\/schema\/person\/ba5fab3b1fa4a358429e37bc50f74021\",\"name\":\"Coordena\u00e7\u00e3o Estrat\u00e9gia\",\"image\":{\"@type\":\"ImageObject\",\"inLanguage\":\"pt-BR\",\"@id\":\"https:\/\/secure.gravatar.com\/avatar\/adff33ff18541ba37c900dd2b1e82dbfb0fe33d873b92636b4827a8da462feb3?s=96&d=mm&r=g\",\"url\":\"https:\/\/secure.gravatar.com\/avatar\/adff33ff18541ba37c900dd2b1e82dbfb0fe33d873b92636b4827a8da462feb3?s=96&d=mm&r=g\",\"contentUrl\":\"https:\/\/secure.gravatar.com\/avatar\/adff33ff18541ba37c900dd2b1e82dbfb0fe33d873b92636b4827a8da462feb3?s=96&d=mm&r=g\",\"caption\":\"Coordena\u00e7\u00e3o Estrat\u00e9gia\"},\"url\":\"https:\/\/www.estrategiaconcursos.com.br\/blog\/author\/victor-tanakaaestrategiaconcursos-com-br\/\"}]}<\/script>\n<!-- \/ Yoast SEO Premium plugin. -->","yoast_head_json":{"title":"Carta aos Assinantes do Estrat\u00e9gia Concursos - 065","description":"Confira, em nossa 65\u00aa carta aos assinantes, a nossa programa\u00e7\u00e3o semanal, as novidades do nosso SQ e as principais movimenta\u00e7\u00f5es de concursos.","robots":{"index":"index","follow":"follow","max-snippet":"max-snippet:-1","max-image-preview":"max-image-preview:large","max-video-preview":"max-video-preview:-1"},"canonical":"https:\/\/www.estrategiaconcursos.com.br\/blog\/carta-aos-assinantes-065\/","og_locale":"pt_BR","og_type":"article","og_title":"Carta aos Assinantes do Estrat\u00e9gia Concursos - 065","og_description":"Confira, em nossa 65\u00aa carta aos assinantes, a nossa programa\u00e7\u00e3o semanal, as novidades do nosso SQ e as principais movimenta\u00e7\u00f5es de concursos.","og_url":"https:\/\/www.estrategiaconcursos.com.br\/blog\/carta-aos-assinantes-065\/","og_site_name":"Estrat\u00e9gia Concursos","article_published_time":"2022-01-24T12:00:00+00:00","article_modified_time":"2023-09-05T16:29:00+00:00","og_image":[{"width":800,"height":450,"url":"https:\/\/dhg1h5j42swfq.cloudfront.net\/2022\/01\/21174528\/imagem-carta-aos-assinantes-2.png","type":"image\/png"}],"author":"Coordena\u00e7\u00e3o Estrat\u00e9gia","twitter_card":"summary_large_image","twitter_creator":"@EstratConcursos","twitter_site":"@EstratConcursos","twitter_misc":{"Escrito por":"Coordena\u00e7\u00e3o Estrat\u00e9gia","Est. tempo de leitura":"10 minutos"},"schema":{"@context":"https:\/\/schema.org","@graph":[{"@type":"NewsArticle","@id":"https:\/\/www.estrategiaconcursos.com.br\/blog\/carta-aos-assinantes-065\/#article","isPartOf":{"@id":"https:\/\/www.estrategiaconcursos.com.br\/blog\/carta-aos-assinantes-065\/"},"author":{"name":"Coordena\u00e7\u00e3o Estrat\u00e9gia","@id":"https:\/\/www.estrategiaconcursos.com.br\/blog\/#\/schema\/person\/ba5fab3b1fa4a358429e37bc50f74021"},"headline":"Carta aos Assinantes do Estrat\u00e9gia Concursos &#8211; 065","datePublished":"2022-01-24T12:00:00+00:00","dateModified":"2023-09-05T16:29:00+00:00","mainEntityOfPage":{"@id":"https:\/\/www.estrategiaconcursos.com.br\/blog\/carta-aos-assinantes-065\/"},"wordCount":1820,"commentCount":0,"publisher":{"@id":"https:\/\/www.estrategiaconcursos.com.br\/blog\/#organization"},"image":{"@id":"https:\/\/www.estrategiaconcursos.com.br\/blog\/carta-aos-assinantes-065\/#primaryimage"},"thumbnailUrl":"https:\/\/dhg1h5j42swfq.cloudfront.net\/2022\/01\/21174528\/imagem-carta-aos-assinantes-2.png","articleSection":["Concursos P\u00fablicos"],"inLanguage":"pt-BR","potentialAction":[{"@type":"CommentAction","name":"Comment","target":["https:\/\/www.estrategiaconcursos.com.br\/blog\/carta-aos-assinantes-065\/#respond"]}],"copyrightYear":"2022","copyrightHolder":{"@id":"https:\/\/www.estrategiaconcursos.com.br\/blog\/#organization"}},{"@type":"WebPage","@id":"https:\/\/www.estrategiaconcursos.com.br\/blog\/carta-aos-assinantes-065\/","url":"https:\/\/www.estrategiaconcursos.com.br\/blog\/carta-aos-assinantes-065\/","name":"Carta aos Assinantes do Estrat\u00e9gia Concursos - 065","isPartOf":{"@id":"https:\/\/www.estrategiaconcursos.com.br\/blog\/#website"},"primaryImageOfPage":{"@id":"https:\/\/www.estrategiaconcursos.com.br\/blog\/carta-aos-assinantes-065\/#primaryimage"},"image":{"@id":"https:\/\/www.estrategiaconcursos.com.br\/blog\/carta-aos-assinantes-065\/#primaryimage"},"thumbnailUrl":"https:\/\/dhg1h5j42swfq.cloudfront.net\/2022\/01\/21174528\/imagem-carta-aos-assinantes-2.png","datePublished":"2022-01-24T12:00:00+00:00","dateModified":"2023-09-05T16:29:00+00:00","description":"Confira, em nossa 65\u00aa carta aos assinantes, a nossa programa\u00e7\u00e3o semanal, as novidades do nosso SQ e as principais movimenta\u00e7\u00f5es de concursos.","breadcrumb":{"@id":"https:\/\/www.estrategiaconcursos.com.br\/blog\/carta-aos-assinantes-065\/#breadcrumb"},"inLanguage":"pt-BR","potentialAction":[{"@type":"ReadAction","target":["https:\/\/www.estrategiaconcursos.com.br\/blog\/carta-aos-assinantes-065\/"]}]},{"@type":"ImageObject","inLanguage":"pt-BR","@id":"https:\/\/www.estrategiaconcursos.com.br\/blog\/carta-aos-assinantes-065\/#primaryimage","url":"https:\/\/dhg1h5j42swfq.cloudfront.net\/2022\/01\/21174528\/imagem-carta-aos-assinantes-2.png","contentUrl":"https:\/\/dhg1h5j42swfq.cloudfront.net\/2022\/01\/21174528\/imagem-carta-aos-assinantes-2.png","width":800,"height":450,"caption":"carta aos assinantes"},{"@type":"BreadcrumbList","@id":"https:\/\/www.estrategiaconcursos.com.br\/blog\/carta-aos-assinantes-065\/#breadcrumb","itemListElement":[{"@type":"ListItem","position":1,"name":"In\u00edcio","item":"https:\/\/www.estrategiaconcursos.com.br\/blog\/"},{"@type":"ListItem","position":2,"name":"Carta aos Assinantes do Estrat\u00e9gia Concursos &#8211; 065"}]},{"@type":"WebSite","@id":"https:\/\/www.estrategiaconcursos.com.br\/blog\/#website","url":"https:\/\/www.estrategiaconcursos.com.br\/blog\/","name":"Estrat\u00e9gia Concursos","description":"O blog da Estrat\u00e9gia Concursos traz not\u00edcias sobre concursos e artigos de professores oferecendo cursos para concursos (pdf + videaulas) no site.","publisher":{"@id":"https:\/\/www.estrategiaconcursos.com.br\/blog\/#organization"},"potentialAction":[{"@type":"SearchAction","target":{"@type":"EntryPoint","urlTemplate":"https:\/\/www.estrategiaconcursos.com.br\/blog\/?s={search_term_string}"},"query-input":{"@type":"PropertyValueSpecification","valueRequired":true,"valueName":"search_term_string"}}],"inLanguage":"pt-BR"},{"@type":"Organization","@id":"https:\/\/www.estrategiaconcursos.com.br\/blog\/#organization","name":"Estrat\u00e9gia Concursos","url":"https:\/\/www.estrategiaconcursos.com.br\/blog\/","logo":{"@type":"ImageObject","inLanguage":"pt-BR","@id":"https:\/\/www.estrategiaconcursos.com.br\/blog\/#\/schema\/logo\/image\/","url":"https:\/\/dhg1h5j42swfq.cloudfront.net\/2025\/06\/03203428\/logo_concursos-1.jpg","contentUrl":"https:\/\/dhg1h5j42swfq.cloudfront.net\/2025\/06\/03203428\/logo_concursos-1.jpg","width":230,"height":60,"caption":"Estrat\u00e9gia Concursos"},"image":{"@id":"https:\/\/www.estrategiaconcursos.com.br\/blog\/#\/schema\/logo\/image\/"},"sameAs":["https:\/\/x.com\/EstratConcursos"]},{"@type":"Person","@id":"https:\/\/www.estrategiaconcursos.com.br\/blog\/#\/schema\/person\/ba5fab3b1fa4a358429e37bc50f74021","name":"Coordena\u00e7\u00e3o Estrat\u00e9gia","image":{"@type":"ImageObject","inLanguage":"pt-BR","@id":"https:\/\/secure.gravatar.com\/avatar\/adff33ff18541ba37c900dd2b1e82dbfb0fe33d873b92636b4827a8da462feb3?s=96&d=mm&r=g","url":"https:\/\/secure.gravatar.com\/avatar\/adff33ff18541ba37c900dd2b1e82dbfb0fe33d873b92636b4827a8da462feb3?s=96&d=mm&r=g","contentUrl":"https:\/\/secure.gravatar.com\/avatar\/adff33ff18541ba37c900dd2b1e82dbfb0fe33d873b92636b4827a8da462feb3?s=96&d=mm&r=g","caption":"Coordena\u00e7\u00e3o Estrat\u00e9gia"},"url":"https:\/\/www.estrategiaconcursos.com.br\/blog\/author\/victor-tanakaaestrategiaconcursos-com-br\/"}]}},"_links":{"self":[{"href":"https:\/\/www.estrategiaconcursos.com.br\/blog\/wp-json\/wp\/v2\/posts\/952080","targetHints":{"allow":["GET"]}}],"collection":[{"href":"https:\/\/www.estrategiaconcursos.com.br\/blog\/wp-json\/wp\/v2\/posts"}],"about":[{"href":"https:\/\/www.estrategiaconcursos.com.br\/blog\/wp-json\/wp\/v2\/types\/post"}],"author":[{"embeddable":true,"href":"https:\/\/www.estrategiaconcursos.com.br\/blog\/wp-json\/wp\/v2\/users\/1789"}],"replies":[{"embeddable":true,"href":"https:\/\/www.estrategiaconcursos.com.br\/blog\/wp-json\/wp\/v2\/comments?post=952080"}],"version-history":[{"count":3,"href":"https:\/\/www.estrategiaconcursos.com.br\/blog\/wp-json\/wp\/v2\/posts\/952080\/revisions"}],"predecessor-version":[{"id":1274106,"href":"https:\/\/www.estrategiaconcursos.com.br\/blog\/wp-json\/wp\/v2\/posts\/952080\/revisions\/1274106"}],"wp:featuredmedia":[{"embeddable":true,"href":"https:\/\/www.estrategiaconcursos.com.br\/blog\/wp-json\/wp\/v2\/media\/952092"}],"wp:attachment":[{"href":"https:\/\/www.estrategiaconcursos.com.br\/blog\/wp-json\/wp\/v2\/media?parent=952080"}],"wp:term":[{"taxonomy":"category","embeddable":true,"href":"https:\/\/www.estrategiaconcursos.com.br\/blog\/wp-json\/wp\/v2\/categories?post=952080"},{"taxonomy":"post_tag","embeddable":true,"href":"https:\/\/www.estrategiaconcursos.com.br\/blog\/wp-json\/wp\/v2\/tags?post=952080"},{"taxonomy":"tax_estado","embeddable":true,"href":"https:\/\/www.estrategiaconcursos.com.br\/blog\/wp-json\/wp\/v2\/tax_estado?post=952080"}],"curies":[{"name":"wp","href":"https:\/\/api.w.org\/{rel}","templated":true}]}}