{"id":951237,"date":"2022-01-20T16:10:43","date_gmt":"2022-01-20T19:10:43","guid":{"rendered":"https:\/\/www.estrategiaconcursos.com.br\/blog\/?p=951237"},"modified":"2022-01-21T18:49:30","modified_gmt":"2022-01-21T21:49:30","slug":"concurso-ufrj-cargos-e-vagas","status":"publish","type":"post","link":"https:\/\/www.estrategiaconcursos.com.br\/blog\/concurso-ufrj-cargos-e-vagas\/","title":{"rendered":"Concurso UFRJ: publicada a divis\u00e3o das vagas do novo edital"},"content":{"rendered":"\n<p>A <a href=\"https:\/\/www.estrategiaconcursos.com.br\/pesquisa\/?q=ufrj\" target=\"_blank\" rel=\"noreferrer noopener\">Universidade Federal do Rio de Janeiro<\/a> (<strong>concurso UFRJ<\/strong>) publicou nesta quinta-feira (20\/1) o documento que detalha a divis\u00e3o das vagas para os novos editais destinados \u00e0 carreira de t\u00e9cnico-administrativo.<\/p>\n\n\n\n<p>De acordo com o documento disponibilizado no Di\u00e1rio Oficial da Uni\u00e3o, a disposi\u00e7\u00e3o das <strong>193 vagas de n\u00edveis m\u00e9dio<\/strong> <strong>e superior<\/strong> se deu da seguinte forma:<\/p>\n\n\n\n<h2 class=\"wp-block-heading\" id=\"h-concurso-ufrj-divisao-das-vagas-de-nivel-medio-e-superior\">Concurso UFRJ: divis\u00e3o das vagas de n\u00edvel m\u00e9dio e superior <\/h2>\n\n\n\n<h3 class=\"wp-block-heading\">N\u00edvel m\u00e9dio<\/h3>\n\n\n\n<ul class=\"wp-block-list\"><li><strong>Assistente em Administra\u00e7\u00e3o<\/strong>: 82 vagas<\/li><li><strong>T\u00e9cnico de Laborat\u00f3rio:<\/strong>&nbsp;8 vagas<\/li><li><strong>T\u00e9cnico de T.I<\/strong>: 3 vagas<\/li><li><strong>T\u00e9cnico de Contabilidade<\/strong>: 11 vagas<\/li><\/ul>\n\n\n\n<h3 class=\"wp-block-heading\">N\u00edvel superior <\/h3>\n\n\n\n<ul class=\"wp-block-list\"><li><strong>N\u00edvel Superior<\/strong><ul><li><strong>Analista de T.I<\/strong>: 1 vaga<\/li><li><strong>Arquiteto e Urbanista<\/strong>: 1 vaga<\/li><li><strong>Arquivista<\/strong>: 1 vaga<\/li><li><strong>Assistente Social<\/strong>: 1 vaga<\/li><li><strong>Auditor<\/strong>: 5 vagas<\/li><li><strong>Bibliotec\u00e1rio-Documentalista<\/strong>: 4 vagas<\/li><li><strong>Bi\u00f3logo<\/strong>: 2 vagas<\/li><li><strong>Contador<\/strong>: 1 vaga<\/li><li><strong>Enfermeiro<\/strong>: 25 vagas<\/li><li><strong>Engenheiro<\/strong>: 5 vagas<\/li><li><strong>Estat\u00edstica<\/strong>: 1 vaga<\/li><li><strong>Farmac\u00eautico<\/strong>: 2 vagas<\/li><li><strong>Farmac\u00eautico Bioqu\u00edmico<\/strong>: 1 vaga<\/li><li><strong>M\u00e9dico<\/strong>: 24 vagas<\/li><li><strong>M\u00fasica<\/strong>: 3 vagas<\/li><li><strong>Nutricionista<\/strong>: 2 vagas<\/li><li><strong>Odont\u00f3logo<\/strong>: 5 vagas<\/li><li><strong>Pedagogo<\/strong>: 1 vaga<\/li><li><strong>Psic\u00f3logo<\/strong>: 1 vaga<\/li><li><strong>Qu\u00edmico<\/strong>: 1 vaga<\/li><li><strong>T\u00e9cnico em Assuntos Educacionais:<\/strong>&nbsp;3 vagas<\/li><li><strong>T\u00e9cnico Desportivo<\/strong>: 1 vaga<\/li><\/ul><\/li><\/ul>\n\n\n\n<p>Al\u00e9m disso, algumas vagas ser\u00e3o sorteadas pelas \u00e1reas de atua\u00e7\u00e3o, conforme descrito na imagem abaixo:<\/p>\n\n\n\n<div class=\"wp-block-image\"><figure class=\"aligncenter size-large\"><img loading=\"lazy\" decoding=\"async\" width=\"1024\" height=\"330\" src=\"https:\/\/dhg1h5j42swfq.cloudfront.net\/2022\/01\/20160933\/captura-de-tela-2022-01-20-as-16-08-24-1024x330.png\" alt=\"Concurso UFRJ: sorteio das vagas\" class=\"wp-image-951261\" srcset=\"https:\/\/dhg1h5j42swfq.cloudfront.net\/2022\/01\/20160933\/captura-de-tela-2022-01-20-as-16-08-24-1024x330.png 1024w, https:\/\/dhg1h5j42swfq.cloudfront.net\/2022\/01\/20160933\/captura-de-tela-2022-01-20-as-16-08-24-300x97.png 300w, https:\/\/dhg1h5j42swfq.cloudfront.net\/2022\/01\/20160933\/captura-de-tela-2022-01-20-as-16-08-24-768x247.png 768w, https:\/\/dhg1h5j42swfq.cloudfront.net\/2022\/01\/20160933\/captura-de-tela-2022-01-20-as-16-08-24-610x196.png 610w, https:\/\/dhg1h5j42swfq.cloudfront.net\/2022\/01\/20160933\/captura-de-tela-2022-01-20-as-16-08-24.png 1386w\" sizes=\"auto, (max-width: 1024px) 100vw, 1024px\" \/><figcaption>Concurso UFRJ: sorteio das vagas<\/figcaption><\/figure><\/div>\n\n\n\n<p>De acordo com plano de cargos e sal\u00e1rios da UFRJ,o cargo de  assistente em administra\u00e7\u00e3o tem<strong>&nbsp;remunera\u00e7\u00e3o inicial de&nbsp;R$2.904,96<\/strong>, j\u00e1 com o aux\u00edlio-alimenta\u00e7\u00e3o.<\/p>\n\n\n\n<p>Al\u00e9m dos vencimento b\u00e1sico, os aprovados ter\u00e3o direito aos seguinte benef\u00edcios:<\/p>\n\n\n\n<ul class=\"wp-block-list\"><li>aux\u00edlio-alimenta\u00e7\u00e3o de R$458 (j\u00e1 somado na remunera\u00e7\u00e3o);<\/li><li>aux\u00edlio-creche (R$321 para quem tem dependentes de at\u00e9 cinco&nbsp;anos);<\/li><li>promo\u00e7\u00f5es a cada 18 meses (ap\u00f3s avalia\u00e7\u00e3o, com reajuste salarial); e<\/li><li>gratifica\u00e7\u00e3o por qualifica\u00e7\u00e3o profissional.<\/li><\/ul>\n\n\n\n<p class=\"has-text-align-center has-white-color has-black-background-color has-text-color has-background has-medium-font-size\"><a href=\"https:\/\/www.estrategiaconcursos.com.br\/blog\/concurso-ufrj-2\/\" target=\"_blank\" rel=\"noreferrer noopener\">Saiba mais: concurso UFRJ<\/a><\/p>\n\n\n\n<div class=\"col-sm\">\n      <div class=\"banner-estrategia\" id=\"box-assinatura\">\n        <h3 class=\"titulo-assinatura\">Cursos para Educa\u00e7\u00e3o<\/h3>\n        <p class=\"subtitulo-assinatura\">Conhe\u00e7a os cursos<\/p>\n        <div class=\"box-botao\">\n          <a class=\"btn-assinatura\" target=\"_blank\" href=\"https:\/\/www.estrategiaconcursos.com.br\/cursos\/concurso\/\" role=\"button\" rel=\"noopener noreferrer\">Conhe\u00e7a mais<\/a>\n        <\/div>\n      <\/div>\n      <p class=\"texto-auxiliar\">Prepare-se com o melhor material e com quem mais aprova em Concursos P\u00fablicos em todo o pa\u00eds.<\/p>\n    <\/div>\n","protected":false},"excerpt":{"rendered":"<p>A Universidade Federal do Rio de Janeiro (concurso UFRJ) publicou nesta quinta-feira (20\/1) o documento que detalha a divis\u00e3o das vagas para os novos editais destinados \u00e0 carreira de t\u00e9cnico-administrativo. De acordo com o documento disponibilizado no Di\u00e1rio Oficial da Uni\u00e3o, a disposi\u00e7\u00e3o das 193 vagas de n\u00edveis m\u00e9dio e superior se deu da seguinte [&hellip;]<\/p>\n","protected":false},"author":2319,"featured_media":413852,"comment_status":"open","ping_status":"closed","sticky":false,"template":"","format":"standard","meta":{"post_tipo":"news","footnotes":""},"categories":[3766],"tags":[2804,220340,220339],"tax_estado":[219982],"class_list":["post-951237","post","type-post","status-publish","format-standard","has-post-thumbnail","hentry","category-educacional","tag-concurso-ufrj","tag-edital-ufrj","tag-vagas-ufrj","tax_estado-rj"],"acf":[],"yoast_head":"<!-- This site is optimized with the Yoast SEO Premium plugin v27.2 (Yoast SEO v27.2) - https:\/\/yoast.com\/product\/yoast-seo-premium-wordpress\/ -->\n<title>Concurso UFRJ: publicada a divis\u00e3o das vagas do novo edital<\/title>\n<meta name=\"description\" content=\"O edital do concurso para a Universidade Federal do Rio de Janeiro foi publicado (concurso UFRJ). Confira todos os detalhes\" \/>\n<meta name=\"robots\" content=\"index, follow, max-snippet:-1, max-image-preview:large, max-video-preview:-1\" \/>\n<link rel=\"canonical\" href=\"https:\/\/www.estrategiaconcursos.com.br\/blog\/concurso-ufrj-cargos-e-vagas\/\" \/>\n<meta property=\"og:locale\" content=\"pt_BR\" \/>\n<meta property=\"og:type\" content=\"article\" \/>\n<meta property=\"og:title\" content=\"Concurso UFRJ: publicada a divis\u00e3o das vagas do novo edital\" \/>\n<meta property=\"og:description\" content=\"O edital do concurso para a Universidade Federal do Rio de Janeiro foi publicado (concurso UFRJ). Confira todos os detalhes\" \/>\n<meta property=\"og:url\" content=\"https:\/\/www.estrategiaconcursos.com.br\/blog\/concurso-ufrj-cargos-e-vagas\/\" \/>\n<meta property=\"og:site_name\" content=\"Estrat\u00e9gia Concursos\" \/>\n<meta property=\"article:published_time\" content=\"2022-01-20T19:10:43+00:00\" \/>\n<meta property=\"article:modified_time\" content=\"2022-01-21T21:49:30+00:00\" \/>\n<meta property=\"og:image\" content=\"https:\/\/dhg1h5j42swfq.cloudfront.net\/2019\/08\/28102941\/download.jpg\" \/>\n\t<meta property=\"og:image:width\" content=\"283\" \/>\n\t<meta property=\"og:image:height\" content=\"178\" \/>\n\t<meta property=\"og:image:type\" content=\"image\/jpeg\" \/>\n<meta name=\"author\" content=\"Let\u00edcia Teixeira\" \/>\n<meta name=\"twitter:card\" content=\"summary_large_image\" \/>\n<meta name=\"twitter:creator\" content=\"@EstratConcursos\" \/>\n<meta name=\"twitter:site\" content=\"@EstratConcursos\" \/>\n<meta name=\"twitter:label1\" content=\"Escrito por\" \/>\n\t<meta name=\"twitter:data1\" content=\"Let\u00edcia Teixeira\" \/>\n\t<meta name=\"twitter:label2\" content=\"Est. tempo de leitura\" \/>\n\t<meta name=\"twitter:data2\" content=\"2 minutos\" \/>\n<script type=\"application\/ld+json\" class=\"yoast-schema-graph\">{\"@context\":\"https:\/\/schema.org\",\"@graph\":[{\"@type\":\"NewsArticle\",\"@id\":\"https:\/\/www.estrategiaconcursos.com.br\/blog\/concurso-ufrj-cargos-e-vagas\/#article\",\"isPartOf\":{\"@id\":\"https:\/\/www.estrategiaconcursos.com.br\/blog\/concurso-ufrj-cargos-e-vagas\/\"},\"author\":{\"name\":\"Let\u00edcia Teixeira\",\"@id\":\"https:\/\/www.estrategiaconcursos.com.br\/blog\/#\/schema\/person\/9b94727dcf4410f4a7931c83966c843b\"},\"headline\":\"Concurso UFRJ: publicada a divis\u00e3o das vagas do novo edital\",\"datePublished\":\"2022-01-20T19:10:43+00:00\",\"dateModified\":\"2022-01-21T21:49:30+00:00\",\"mainEntityOfPage\":{\"@id\":\"https:\/\/www.estrategiaconcursos.com.br\/blog\/concurso-ufrj-cargos-e-vagas\/\"},\"wordCount\":331,\"commentCount\":0,\"publisher\":{\"@id\":\"https:\/\/www.estrategiaconcursos.com.br\/blog\/#organization\"},\"image\":{\"@id\":\"https:\/\/www.estrategiaconcursos.com.br\/blog\/concurso-ufrj-cargos-e-vagas\/#primaryimage\"},\"thumbnailUrl\":\"https:\/\/dhg1h5j42swfq.cloudfront.net\/2019\/08\/28102941\/download.jpg\",\"keywords\":[\"Concurso UFRJ\",\"edital UFRJ\",\"vagas UFRJ\"],\"articleSection\":[\"Educa\u00e7\u00e3o\"],\"inLanguage\":\"pt-BR\",\"potentialAction\":[{\"@type\":\"CommentAction\",\"name\":\"Comment\",\"target\":[\"https:\/\/www.estrategiaconcursos.com.br\/blog\/concurso-ufrj-cargos-e-vagas\/#respond\"]}],\"copyrightYear\":\"2022\",\"copyrightHolder\":{\"@id\":\"https:\/\/www.estrategiaconcursos.com.br\/blog\/#organization\"}},{\"@type\":\"WebPage\",\"@id\":\"https:\/\/www.estrategiaconcursos.com.br\/blog\/concurso-ufrj-cargos-e-vagas\/\",\"url\":\"https:\/\/www.estrategiaconcursos.com.br\/blog\/concurso-ufrj-cargos-e-vagas\/\",\"name\":\"Concurso UFRJ: publicada a divis\u00e3o das vagas do novo edital\",\"isPartOf\":{\"@id\":\"https:\/\/www.estrategiaconcursos.com.br\/blog\/#website\"},\"primaryImageOfPage\":{\"@id\":\"https:\/\/www.estrategiaconcursos.com.br\/blog\/concurso-ufrj-cargos-e-vagas\/#primaryimage\"},\"image\":{\"@id\":\"https:\/\/www.estrategiaconcursos.com.br\/blog\/concurso-ufrj-cargos-e-vagas\/#primaryimage\"},\"thumbnailUrl\":\"https:\/\/dhg1h5j42swfq.cloudfront.net\/2019\/08\/28102941\/download.jpg\",\"datePublished\":\"2022-01-20T19:10:43+00:00\",\"dateModified\":\"2022-01-21T21:49:30+00:00\",\"description\":\"O edital do concurso para a Universidade Federal do Rio de Janeiro foi publicado (concurso UFRJ). Confira todos os detalhes\",\"breadcrumb\":{\"@id\":\"https:\/\/www.estrategiaconcursos.com.br\/blog\/concurso-ufrj-cargos-e-vagas\/#breadcrumb\"},\"inLanguage\":\"pt-BR\",\"potentialAction\":[{\"@type\":\"ReadAction\",\"target\":[\"https:\/\/www.estrategiaconcursos.com.br\/blog\/concurso-ufrj-cargos-e-vagas\/\"]}]},{\"@type\":\"ImageObject\",\"inLanguage\":\"pt-BR\",\"@id\":\"https:\/\/www.estrategiaconcursos.com.br\/blog\/concurso-ufrj-cargos-e-vagas\/#primaryimage\",\"url\":\"https:\/\/dhg1h5j42swfq.cloudfront.net\/2019\/08\/28102941\/download.jpg\",\"contentUrl\":\"https:\/\/dhg1h5j42swfq.cloudfront.net\/2019\/08\/28102941\/download.jpg\",\"width\":283,\"height\":178,\"caption\":\"ufrj\"},{\"@type\":\"BreadcrumbList\",\"@id\":\"https:\/\/www.estrategiaconcursos.com.br\/blog\/concurso-ufrj-cargos-e-vagas\/#breadcrumb\",\"itemListElement\":[{\"@type\":\"ListItem\",\"position\":1,\"name\":\"In\u00edcio\",\"item\":\"https:\/\/www.estrategiaconcursos.com.br\/blog\/\"},{\"@type\":\"ListItem\",\"position\":2,\"name\":\"Concurso UFRJ: publicada a divis\u00e3o das vagas do novo edital\"}]},{\"@type\":\"WebSite\",\"@id\":\"https:\/\/www.estrategiaconcursos.com.br\/blog\/#website\",\"url\":\"https:\/\/www.estrategiaconcursos.com.br\/blog\/\",\"name\":\"Estrat\u00e9gia Concursos\",\"description\":\"O blog da Estrat\u00e9gia Concursos traz not\u00edcias sobre concursos e artigos de professores oferecendo cursos para concursos (pdf + videaulas) no site.\",\"publisher\":{\"@id\":\"https:\/\/www.estrategiaconcursos.com.br\/blog\/#organization\"},\"potentialAction\":[{\"@type\":\"SearchAction\",\"target\":{\"@type\":\"EntryPoint\",\"urlTemplate\":\"https:\/\/www.estrategiaconcursos.com.br\/blog\/?s={search_term_string}\"},\"query-input\":{\"@type\":\"PropertyValueSpecification\",\"valueRequired\":true,\"valueName\":\"search_term_string\"}}],\"inLanguage\":\"pt-BR\"},{\"@type\":\"Organization\",\"@id\":\"https:\/\/www.estrategiaconcursos.com.br\/blog\/#organization\",\"name\":\"Estrat\u00e9gia Concursos\",\"url\":\"https:\/\/www.estrategiaconcursos.com.br\/blog\/\",\"logo\":{\"@type\":\"ImageObject\",\"inLanguage\":\"pt-BR\",\"@id\":\"https:\/\/www.estrategiaconcursos.com.br\/blog\/#\/schema\/logo\/image\/\",\"url\":\"https:\/\/dhg1h5j42swfq.cloudfront.net\/2025\/06\/03203428\/logo_concursos-1.jpg\",\"contentUrl\":\"https:\/\/dhg1h5j42swfq.cloudfront.net\/2025\/06\/03203428\/logo_concursos-1.jpg\",\"width\":230,\"height\":60,\"caption\":\"Estrat\u00e9gia Concursos\"},\"image\":{\"@id\":\"https:\/\/www.estrategiaconcursos.com.br\/blog\/#\/schema\/logo\/image\/\"},\"sameAs\":[\"https:\/\/x.com\/EstratConcursos\"]},{\"@type\":\"Person\",\"@id\":\"https:\/\/www.estrategiaconcursos.com.br\/blog\/#\/schema\/person\/9b94727dcf4410f4a7931c83966c843b\",\"name\":\"Let\u00edcia Teixeira\",\"image\":{\"@type\":\"ImageObject\",\"inLanguage\":\"pt-BR\",\"@id\":\"https:\/\/secure.gravatar.com\/avatar\/fb589b06b881e20b676d08f9d03226d1e3291ba2f90e751ddc9ccb21abf0244d?s=96&d=mm&r=g\",\"url\":\"https:\/\/secure.gravatar.com\/avatar\/fb589b06b881e20b676d08f9d03226d1e3291ba2f90e751ddc9ccb21abf0244d?s=96&d=mm&r=g\",\"contentUrl\":\"https:\/\/secure.gravatar.com\/avatar\/fb589b06b881e20b676d08f9d03226d1e3291ba2f90e751ddc9ccb21abf0244d?s=96&d=mm&r=g\",\"caption\":\"Let\u00edcia Teixeira\"},\"description\":\"Jornalista com experi\u00eancia de mais de quatro anos no segmento de concursos p\u00fablicos. Especializada em Narrativa Transm\u00eddia e Storytelling pela Universidade Cat\u00f3lica de Bras\u00edlia, com atua\u00e7\u00e3o nas \u00e1reas de SEO, conte\u00fado, Webwriting e Copywriting.\",\"url\":\"https:\/\/www.estrategiaconcursos.com.br\/blog\/author\/leticia-teixeiraestrategia-com\/\"}]}<\/script>\n<!-- \/ Yoast SEO Premium plugin. -->","yoast_head_json":{"title":"Concurso UFRJ: publicada a divis\u00e3o das vagas do novo edital","description":"O edital do concurso para a Universidade Federal do Rio de Janeiro foi publicado (concurso UFRJ). Confira todos os detalhes","robots":{"index":"index","follow":"follow","max-snippet":"max-snippet:-1","max-image-preview":"max-image-preview:large","max-video-preview":"max-video-preview:-1"},"canonical":"https:\/\/www.estrategiaconcursos.com.br\/blog\/concurso-ufrj-cargos-e-vagas\/","og_locale":"pt_BR","og_type":"article","og_title":"Concurso UFRJ: publicada a divis\u00e3o das vagas do novo edital","og_description":"O edital do concurso para a Universidade Federal do Rio de Janeiro foi publicado (concurso UFRJ). Confira todos os detalhes","og_url":"https:\/\/www.estrategiaconcursos.com.br\/blog\/concurso-ufrj-cargos-e-vagas\/","og_site_name":"Estrat\u00e9gia Concursos","article_published_time":"2022-01-20T19:10:43+00:00","article_modified_time":"2022-01-21T21:49:30+00:00","og_image":[{"width":283,"height":178,"url":"https:\/\/dhg1h5j42swfq.cloudfront.net\/2019\/08\/28102941\/download.jpg","type":"image\/jpeg"}],"author":"Let\u00edcia Teixeira","twitter_card":"summary_large_image","twitter_creator":"@EstratConcursos","twitter_site":"@EstratConcursos","twitter_misc":{"Escrito por":"Let\u00edcia Teixeira","Est. tempo de leitura":"2 minutos"},"schema":{"@context":"https:\/\/schema.org","@graph":[{"@type":"NewsArticle","@id":"https:\/\/www.estrategiaconcursos.com.br\/blog\/concurso-ufrj-cargos-e-vagas\/#article","isPartOf":{"@id":"https:\/\/www.estrategiaconcursos.com.br\/blog\/concurso-ufrj-cargos-e-vagas\/"},"author":{"name":"Let\u00edcia Teixeira","@id":"https:\/\/www.estrategiaconcursos.com.br\/blog\/#\/schema\/person\/9b94727dcf4410f4a7931c83966c843b"},"headline":"Concurso UFRJ: publicada a divis\u00e3o das vagas do novo edital","datePublished":"2022-01-20T19:10:43+00:00","dateModified":"2022-01-21T21:49:30+00:00","mainEntityOfPage":{"@id":"https:\/\/www.estrategiaconcursos.com.br\/blog\/concurso-ufrj-cargos-e-vagas\/"},"wordCount":331,"commentCount":0,"publisher":{"@id":"https:\/\/www.estrategiaconcursos.com.br\/blog\/#organization"},"image":{"@id":"https:\/\/www.estrategiaconcursos.com.br\/blog\/concurso-ufrj-cargos-e-vagas\/#primaryimage"},"thumbnailUrl":"https:\/\/dhg1h5j42swfq.cloudfront.net\/2019\/08\/28102941\/download.jpg","keywords":["Concurso UFRJ","edital UFRJ","vagas UFRJ"],"articleSection":["Educa\u00e7\u00e3o"],"inLanguage":"pt-BR","potentialAction":[{"@type":"CommentAction","name":"Comment","target":["https:\/\/www.estrategiaconcursos.com.br\/blog\/concurso-ufrj-cargos-e-vagas\/#respond"]}],"copyrightYear":"2022","copyrightHolder":{"@id":"https:\/\/www.estrategiaconcursos.com.br\/blog\/#organization"}},{"@type":"WebPage","@id":"https:\/\/www.estrategiaconcursos.com.br\/blog\/concurso-ufrj-cargos-e-vagas\/","url":"https:\/\/www.estrategiaconcursos.com.br\/blog\/concurso-ufrj-cargos-e-vagas\/","name":"Concurso UFRJ: publicada a divis\u00e3o das vagas do novo edital","isPartOf":{"@id":"https:\/\/www.estrategiaconcursos.com.br\/blog\/#website"},"primaryImageOfPage":{"@id":"https:\/\/www.estrategiaconcursos.com.br\/blog\/concurso-ufrj-cargos-e-vagas\/#primaryimage"},"image":{"@id":"https:\/\/www.estrategiaconcursos.com.br\/blog\/concurso-ufrj-cargos-e-vagas\/#primaryimage"},"thumbnailUrl":"https:\/\/dhg1h5j42swfq.cloudfront.net\/2019\/08\/28102941\/download.jpg","datePublished":"2022-01-20T19:10:43+00:00","dateModified":"2022-01-21T21:49:30+00:00","description":"O edital do concurso para a Universidade Federal do Rio de Janeiro foi publicado (concurso UFRJ). Confira todos os detalhes","breadcrumb":{"@id":"https:\/\/www.estrategiaconcursos.com.br\/blog\/concurso-ufrj-cargos-e-vagas\/#breadcrumb"},"inLanguage":"pt-BR","potentialAction":[{"@type":"ReadAction","target":["https:\/\/www.estrategiaconcursos.com.br\/blog\/concurso-ufrj-cargos-e-vagas\/"]}]},{"@type":"ImageObject","inLanguage":"pt-BR","@id":"https:\/\/www.estrategiaconcursos.com.br\/blog\/concurso-ufrj-cargos-e-vagas\/#primaryimage","url":"https:\/\/dhg1h5j42swfq.cloudfront.net\/2019\/08\/28102941\/download.jpg","contentUrl":"https:\/\/dhg1h5j42swfq.cloudfront.net\/2019\/08\/28102941\/download.jpg","width":283,"height":178,"caption":"ufrj"},{"@type":"BreadcrumbList","@id":"https:\/\/www.estrategiaconcursos.com.br\/blog\/concurso-ufrj-cargos-e-vagas\/#breadcrumb","itemListElement":[{"@type":"ListItem","position":1,"name":"In\u00edcio","item":"https:\/\/www.estrategiaconcursos.com.br\/blog\/"},{"@type":"ListItem","position":2,"name":"Concurso UFRJ: publicada a divis\u00e3o das vagas do novo edital"}]},{"@type":"WebSite","@id":"https:\/\/www.estrategiaconcursos.com.br\/blog\/#website","url":"https:\/\/www.estrategiaconcursos.com.br\/blog\/","name":"Estrat\u00e9gia Concursos","description":"O blog da Estrat\u00e9gia Concursos traz not\u00edcias sobre concursos e artigos de professores oferecendo cursos para concursos (pdf + videaulas) no site.","publisher":{"@id":"https:\/\/www.estrategiaconcursos.com.br\/blog\/#organization"},"potentialAction":[{"@type":"SearchAction","target":{"@type":"EntryPoint","urlTemplate":"https:\/\/www.estrategiaconcursos.com.br\/blog\/?s={search_term_string}"},"query-input":{"@type":"PropertyValueSpecification","valueRequired":true,"valueName":"search_term_string"}}],"inLanguage":"pt-BR"},{"@type":"Organization","@id":"https:\/\/www.estrategiaconcursos.com.br\/blog\/#organization","name":"Estrat\u00e9gia Concursos","url":"https:\/\/www.estrategiaconcursos.com.br\/blog\/","logo":{"@type":"ImageObject","inLanguage":"pt-BR","@id":"https:\/\/www.estrategiaconcursos.com.br\/blog\/#\/schema\/logo\/image\/","url":"https:\/\/dhg1h5j42swfq.cloudfront.net\/2025\/06\/03203428\/logo_concursos-1.jpg","contentUrl":"https:\/\/dhg1h5j42swfq.cloudfront.net\/2025\/06\/03203428\/logo_concursos-1.jpg","width":230,"height":60,"caption":"Estrat\u00e9gia Concursos"},"image":{"@id":"https:\/\/www.estrategiaconcursos.com.br\/blog\/#\/schema\/logo\/image\/"},"sameAs":["https:\/\/x.com\/EstratConcursos"]},{"@type":"Person","@id":"https:\/\/www.estrategiaconcursos.com.br\/blog\/#\/schema\/person\/9b94727dcf4410f4a7931c83966c843b","name":"Let\u00edcia Teixeira","image":{"@type":"ImageObject","inLanguage":"pt-BR","@id":"https:\/\/secure.gravatar.com\/avatar\/fb589b06b881e20b676d08f9d03226d1e3291ba2f90e751ddc9ccb21abf0244d?s=96&d=mm&r=g","url":"https:\/\/secure.gravatar.com\/avatar\/fb589b06b881e20b676d08f9d03226d1e3291ba2f90e751ddc9ccb21abf0244d?s=96&d=mm&r=g","contentUrl":"https:\/\/secure.gravatar.com\/avatar\/fb589b06b881e20b676d08f9d03226d1e3291ba2f90e751ddc9ccb21abf0244d?s=96&d=mm&r=g","caption":"Let\u00edcia Teixeira"},"description":"Jornalista com experi\u00eancia de mais de quatro anos no segmento de concursos p\u00fablicos. Especializada em Narrativa Transm\u00eddia e Storytelling pela Universidade Cat\u00f3lica de Bras\u00edlia, com atua\u00e7\u00e3o nas \u00e1reas de SEO, conte\u00fado, Webwriting e Copywriting.","url":"https:\/\/www.estrategiaconcursos.com.br\/blog\/author\/leticia-teixeiraestrategia-com\/"}]}},"_links":{"self":[{"href":"https:\/\/www.estrategiaconcursos.com.br\/blog\/wp-json\/wp\/v2\/posts\/951237","targetHints":{"allow":["GET"]}}],"collection":[{"href":"https:\/\/www.estrategiaconcursos.com.br\/blog\/wp-json\/wp\/v2\/posts"}],"about":[{"href":"https:\/\/www.estrategiaconcursos.com.br\/blog\/wp-json\/wp\/v2\/types\/post"}],"author":[{"embeddable":true,"href":"https:\/\/www.estrategiaconcursos.com.br\/blog\/wp-json\/wp\/v2\/users\/2319"}],"replies":[{"embeddable":true,"href":"https:\/\/www.estrategiaconcursos.com.br\/blog\/wp-json\/wp\/v2\/comments?post=951237"}],"version-history":[{"count":6,"href":"https:\/\/www.estrategiaconcursos.com.br\/blog\/wp-json\/wp\/v2\/posts\/951237\/revisions"}],"predecessor-version":[{"id":952167,"href":"https:\/\/www.estrategiaconcursos.com.br\/blog\/wp-json\/wp\/v2\/posts\/951237\/revisions\/952167"}],"wp:featuredmedia":[{"embeddable":true,"href":"https:\/\/www.estrategiaconcursos.com.br\/blog\/wp-json\/wp\/v2\/media\/413852"}],"wp:attachment":[{"href":"https:\/\/www.estrategiaconcursos.com.br\/blog\/wp-json\/wp\/v2\/media?parent=951237"}],"wp:term":[{"taxonomy":"category","embeddable":true,"href":"https:\/\/www.estrategiaconcursos.com.br\/blog\/wp-json\/wp\/v2\/categories?post=951237"},{"taxonomy":"post_tag","embeddable":true,"href":"https:\/\/www.estrategiaconcursos.com.br\/blog\/wp-json\/wp\/v2\/tags?post=951237"},{"taxonomy":"tax_estado","embeddable":true,"href":"https:\/\/www.estrategiaconcursos.com.br\/blog\/wp-json\/wp\/v2\/tax_estado?post=951237"}],"curies":[{"name":"wp","href":"https:\/\/api.w.org\/{rel}","templated":true}]}}