{"id":9507,"date":"2012-12-28T18:22:42","date_gmt":"2012-12-28T18:22:42","guid":{"rendered":"https:\/\/www.estrategiaconcursos.com.br\/blog\/256-alunos-aprovados-no-atrfb-4\/"},"modified":"2016-03-10T11:34:08","modified_gmt":"2016-03-10T14:34:08","slug":"256-alunos-aprovados-no-atrfb-4","status":"publish","type":"post","link":"https:\/\/www.estrategiaconcursos.com.br\/blog\/256-alunos-aprovados-no-atrfb-4\/","title":{"rendered":"256 Alunos Aprovados no ATRFB!!! =)"},"content":{"rendered":"<div style=\"text-align: justify;\">Boa tarde Concurseiro! =)<\/div>\n<div style=\"text-align: justify;\"><\/div>\n<div style=\"text-align: justify;\">Na tarde de hoje foi publicado, no site da ESAF, o resultado definitivo do concurso p\u00fablico para o provimento do cargo de Analista-Tribut\u00e1rio da Receita Federal do Brasil (ATRFB). E para a minha felicidade e satisfa\u00e7\u00e3o, dos 750 aprovados, 256 foram meus alunos em algum de nossos cursos ministrados aqui no Estrat\u00e9gia (Curso de Teoria e Quest\u00f5es Comentadas, de Quest\u00f5es Comentadas ou de Temas para Discursiva).<\/div>\n<div style=\"text-align: justify;\"><\/div>\n<div style=\"text-align: justify;\">Comemorem, mas comemorem muito! Voc\u00eas merecem! Lograram \u00eaxito no certame de ATRFB mais dif\u00edcil da hist\u00f3ria. =)<\/div>\n<div style=\"text-align: justify;\"><\/div>\n<div style=\"text-align: justify;\"><b><span style=\"color: #ff0000;\">Queria deixar uma congratula\u00e7\u00e3o totalmente especial para minha esposa, Elizabeth Sato Jaha, que iniciou os seus estudos no p\u00f3s-edital desse certame e conquistou uma grande vit\u00f3ria na data de hoje! =)<\/span><\/b><\/div>\n<div style=\"text-align: justify;\"><\/div>\n<div style=\"text-align: justify;\">S\u00f3 para lembrar, nas \u00faltimas semanas foi conclu\u00edda a negocia\u00e7\u00e3o referente ao reajuste da classe, sendo que para Janeiro\/2013, considerando que o servidor tenha um dependente, temos as seguintes remunera\u00e7\u00f5es para o cargo:<\/div>\n<div style=\"text-align: justify;\"><\/div>\n<div style=\"text-align: justify;\"><b><span style=\"color: #ff0000;\">Inicial: R$ 8.950,00 \u0096 Final: R$ 12.700,00<\/span><\/b><\/div>\n<div style=\"text-align: justify;\"><\/div>\n<div style=\"text-align: justify;\">Segue a lista dos 256 alunos aprovados:<\/div>\n<div style=\"text-align: justify;\"><\/div>\n<div style=\"text-align: justify;\"><b><span style=\"color: #330000;\">ADRIANA CRISTINA REPELEVICZ DE ALBERNAZ<\/span><\/b><\/div>\n<div style=\"text-align: justify;\"><b><span style=\"color: #330000;\">ADRIANA DE ALMEIDA PAFIADACHE<\/span><\/b><\/div>\n<div style=\"text-align: justify;\"><b><span style=\"color: #330000;\">ADRIANA SILVA ARAUJO<\/span><\/b><\/div>\n<div style=\"text-align: justify;\"><b><span style=\"color: #330000;\">ADRIANE BEVILAQUA<\/span><\/b><\/div>\n<div style=\"text-align: justify;\"><b><span style=\"color: #330000;\">AGATHA PINHEIRO LIEBSCHER<\/span><\/b><\/div>\n<div style=\"text-align: justify;\"><b><span style=\"color: #330000;\">AILSON ROSA SOARES E SILVA SEGUNDO<\/span><\/b><\/div>\n<div style=\"text-align: justify;\"><b><span style=\"color: #330000;\">ALAN C\u00c9ZANNE RAMOS DE MORAES<\/span><\/b><\/div>\n<div style=\"text-align: justify;\"><b><span style=\"color: #330000;\">ALEX SANDER FERREIRA DA SILVA<\/span><\/b><\/div>\n<div style=\"text-align: justify;\"><b><span style=\"color: #330000;\">ALEXANDRE NAKANISHI<\/span><\/b><\/div>\n<div style=\"text-align: justify;\"><b><span style=\"color: #330000;\">ALEXANDRE OLIVEIRA DOS SANTOS<\/span><\/b><\/div>\n<div style=\"text-align: justify;\"><b><span style=\"color: #330000;\">ALINE LEONARDI DUTRA JUENGE<\/span><\/b><\/div>\n<div style=\"text-align: justify;\"><b><span style=\"color: #330000;\">ALMERINDA ALVES DE OLIVEIRA<\/span><\/b><\/div>\n<div style=\"text-align: justify;\"><b><span style=\"color: #330000;\">ANA CAROLINA SOARES NOGUEIRA<\/span><\/b><\/div>\n<div style=\"text-align: justify;\"><b><span style=\"color: #330000;\">ANA CLAUDIA CAMARA VICELLI<\/span><\/b><\/div>\n<div style=\"text-align: justify;\"><b><span style=\"color: #330000;\">ANA LUIZA NEHMY CAVALCANTI<\/span><\/b><\/div>\n<div style=\"text-align: justify;\"><b><span style=\"color: #330000;\">ANA PAULA BARROS LOVIZARO DOS SANTOS<\/span><\/b><\/div>\n<div style=\"text-align: justify;\"><b><span style=\"color: #330000;\">ANA PAULA BOECHAT<\/span><\/b><\/div>\n<div style=\"text-align: justify;\"><b><span style=\"color: #330000;\">ANA PAULA MARCON<\/span><\/b><\/div>\n<div style=\"text-align: justify;\"><b><span style=\"color: #330000;\">ANA PAULA TOMAS<\/span><\/b><\/div>\n<div style=\"text-align: justify;\"><b><span style=\"color: #330000;\">ANDERSON LUIZ DE FRAN\u00c7A SILVA<\/span><\/b><\/div>\n<div style=\"text-align: justify;\"><b><span style=\"color: #330000;\">ANDR\u00c9 FRIZON<\/span><\/b><\/div>\n<div style=\"text-align: justify;\"><b><span style=\"color: #330000;\">ANDRE TEIXEIRA LOPES<\/span><\/b><\/div>\n<div style=\"text-align: justify;\"><b><span style=\"color: #330000;\">ANGELA MORA DE MARCO GAVIOLI<\/span><\/b><\/div>\n<div style=\"text-align: justify;\"><b><span style=\"color: #330000;\">ANNA CAROLINA MAZETO MANZAN<\/span><\/b><\/div>\n<div style=\"text-align: justify;\"><b><span style=\"color: #330000;\">ANNA LUISA CASTANHEIRA<\/span><\/b><\/div>\n<div style=\"text-align: justify;\"><b><span style=\"color: #330000;\">ANTONIO AUGUSTO CASTRO FERREIRA<\/span><\/b><\/div>\n<div style=\"text-align: justify;\"><b><span style=\"color: #330000;\">ANTONIO DEM\u00c9TRIO SOUZA J\u00daNIOR<\/span><\/b><\/div>\n<div style=\"text-align: justify;\"><b><span style=\"color: #330000;\">ARLINDO CESAR BARROS<\/span><\/b><\/div>\n<div style=\"text-align: justify;\"><b><span style=\"color: #330000;\">BERGSON DE ALMEIDA BRAGA<\/span><\/b><\/div>\n<div style=\"text-align: justify;\"><b><span style=\"color: #330000;\">BETINA SIMON BARBOSA<\/span><\/b><\/div>\n<div style=\"text-align: justify;\"><b><span style=\"color: #330000;\">BRENO SCALLA OLIANI<\/span><\/b><\/div>\n<div style=\"text-align: justify;\"><b><span style=\"color: #330000;\">BRUNA DUARTE MENDES<\/span><\/b><\/div>\n<div style=\"text-align: justify;\"><b><span style=\"color: #330000;\">BRUNA GUEDES BOMFIM<\/span><\/b><\/div>\n<div style=\"text-align: justify;\"><b><span style=\"color: #330000;\">BRUNO HENRIQUE CARVALHO MAIA<\/span><\/b><\/div>\n<div style=\"text-align: justify;\"><b><span style=\"color: #330000;\">BRUNO TALIBERTI ALVES PINTO<\/span><\/b><\/div>\n<div style=\"text-align: justify;\"><b><span style=\"color: #330000;\">CAIO DE OLIVEIRA BARBOSA<\/span><\/b><\/div>\n<div style=\"text-align: justify;\"><b><span style=\"color: #330000;\">CAIO PAGANELLI SILVEIRA<\/span><\/b><\/div>\n<div style=\"text-align: justify;\"><b><span style=\"color: #330000;\">CAMILA FERREIRA DE CERQUEIRA<\/span><\/b><\/div>\n<div style=\"text-align: justify;\"><b><span style=\"color: #330000;\">CANDICE MORAIS BRITO DE SANTANA<\/span><\/b><\/div>\n<div style=\"text-align: justify;\"><b><span style=\"color: #330000;\">CARMEM LUCIA LAURENTINO<\/span><\/b><\/div>\n<div style=\"text-align: justify;\"><b><span style=\"color: #330000;\">CAROLINA PINTO LOUZA<\/span><\/b><\/div>\n<div style=\"text-align: justify;\"><b><span style=\"color: #330000;\">CAROLINE VALAD\u00c3O DE OLIVEIRA<\/span><\/b><\/div>\n<div style=\"text-align: justify;\"><b><span style=\"color: #330000;\">C\u00c1TIA ERENO VIERO<\/span><\/b><\/div>\n<div style=\"text-align: justify;\"><b><span style=\"color: #330000;\">CECILIA REGINA DE ALMEIDA VIANA<\/span><\/b><\/div>\n<div style=\"text-align: justify;\"><b><span style=\"color: #330000;\">CEZAR AUGUSTO FALC\u00c3O<\/span><\/b><\/div>\n<div style=\"text-align: justify;\"><b><span style=\"color: #330000;\">CHEIENE SILVA CONSTANCIO MEYER<\/span><\/b><\/div>\n<div style=\"text-align: justify;\"><b><span style=\"color: #330000;\">C\u00cdNTIA DE SOUZA LONARDONI<\/span><\/b><\/div>\n<div style=\"text-align: justify;\"><b><span style=\"color: #330000;\">CLAUBER KEMMUEL PEREIRA FELICIANO<\/span><\/b><\/div>\n<div style=\"text-align: justify;\"><b><span style=\"color: #330000;\">CL\u00c1UDIA BRUNATTO BITTENCOURT<\/span><\/b><\/div>\n<div style=\"text-align: justify;\"><b><span style=\"color: #330000;\">CL\u00c1UDIO GRAMIGNA DE MAGALH\u00c3ES<\/span><\/b><\/div>\n<div style=\"text-align: justify;\"><b><span style=\"color: #330000;\">DANIEL DO NASCIMENTO ANDRADE BENTO<\/span><\/b><\/div>\n<div style=\"text-align: justify;\"><b><span style=\"color: #330000;\">DANIEL MAMEDE BORGES<\/span><\/b><\/div>\n<div style=\"text-align: justify;\"><b><span style=\"color: #330000;\">DANIEL PINHEIRO SOBREIRA<\/span><\/b><\/div>\n<div style=\"text-align: justify;\"><b><span style=\"color: #330000;\">DANIEL PRADO DE SOUZA<\/span><\/b><\/div>\n<div style=\"text-align: justify;\"><b><span style=\"color: #330000;\">DAVI ROMBOLI DE ALCANTARA<\/span><\/b><\/div>\n<div style=\"text-align: justify;\"><b><span style=\"color: #330000;\">D\u00c9BORA BRITO VELOSO MARTINS<\/span><\/b><\/div>\n<div style=\"text-align: justify;\"><b><span style=\"color: #330000;\">DENILTON SILVA RAMOS<\/span><\/b><\/div>\n<div style=\"text-align: justify;\"><b><span style=\"color: #330000;\">DENIS FERREIRA LIMA<\/span><\/b><\/div>\n<div style=\"text-align: justify;\"><b><span style=\"color: #330000;\">DENISE RODRIGUES DE FIGUEREDO<\/span><\/b><\/div>\n<div style=\"text-align: justify;\"><b><span style=\"color: #330000;\">DIEGO DE OLIVEIRA LEITE<\/span><\/b><\/div>\n<div style=\"text-align: justify;\"><b><span style=\"color: #330000;\">DIEGO MARCIAL TORALES PALACIOS<\/span><\/b><\/div>\n<div style=\"text-align: justify;\"><b><span style=\"color: #330000;\">DIEGO MOREIRA REBOU\u00c7AS<\/span><\/b><\/div>\n<div style=\"text-align: justify;\"><b><span style=\"color: #330000;\">DIEGO SANTIAGO FIGUEIR\u00d4A<\/span><\/b><\/div>\n<div style=\"text-align: justify;\"><b><span style=\"color: #330000;\">DIOGO SHIVA VIANA DE CASTRO<\/span><\/b><\/div>\n<div style=\"text-align: justify;\"><b><span style=\"color: #330000;\">DIOGO SURDI<\/span><\/b><\/div>\n<div style=\"text-align: justify;\"><b><span style=\"color: #330000;\">DOUGLAS ROBERTO WALKBRING<\/span><\/b><\/div>\n<div style=\"text-align: justify;\"><b><span style=\"color: #330000;\">EDGAR PALHARI LIMA<\/span><\/b><\/div>\n<div style=\"text-align: justify;\"><b><span style=\"color: #330000;\">EDNALDO TAVARES RUFINO FILHO<\/span><\/b><\/div>\n<div style=\"text-align: justify;\"><b><span style=\"color: #330000;\">EDSON CHAVES DA SILVA<\/span><\/b><\/div>\n<div style=\"text-align: justify;\"><b><span style=\"color: #330000;\">EDUARDO SANTOS DE SOUZA<\/span><\/b><\/div>\n<div style=\"text-align: justify;\"><b><span style=\"color: #330000;\">EDUARDO SILVA<\/span><\/b><\/div>\n<div style=\"text-align: justify;\"><b><span style=\"color: #330000;\">ELENICE APARECIDA DOS SANTOS TOBALDINI<\/span><\/b><\/div>\n<div style=\"text-align: justify;\"><b><span style=\"color: #330000;\">ELIO JOS\u00c9 COSTA FILHO<\/span><\/b><\/div>\n<div style=\"text-align: justify;\"><b><span style=\"color: #330000;\">ELIZABETH CRISTINA SATO JAHA<\/span><\/b><\/div>\n<div style=\"text-align: justify;\"><b><span style=\"color: #330000;\">ELOA NOGUEIRA<\/span><\/b><\/div>\n<div style=\"text-align: justify;\"><b><span style=\"color: #330000;\">ERASMO DE SOUZA DIAS<\/span><\/b><\/div>\n<div style=\"text-align: justify;\"><b><span style=\"color: #330000;\">ERICA HITOMI IWAMOTO<\/span><\/b><\/div>\n<div style=\"text-align: justify;\"><b><span style=\"color: #330000;\">ESTELA ISABEL MALLMANN<\/span><\/b><\/div>\n<div style=\"text-align: justify;\"><b><span style=\"color: #330000;\">\u00c9VERTON RATIER DE QUEVEDO<\/span><\/b><\/div>\n<div style=\"text-align: justify;\"><b><span style=\"color: #330000;\">FABIAN FERNANDES DE OLIVEIRA<\/span><\/b><\/div>\n<div style=\"text-align: justify;\"><b><span style=\"color: #330000;\">FABIANA ANGELICA MORAIS PEREIRA<\/span><\/b><\/div>\n<div style=\"text-align: justify;\"><b><span style=\"color: #330000;\">FABIANO TSUNEO GOTO<\/span><\/b><\/div>\n<div style=\"text-align: justify;\"><b><span style=\"color: #330000;\">FABIO EDUARDO RIBEIRO LIMA<\/span><\/b><\/div>\n<div style=\"text-align: justify;\"><b><span style=\"color: #330000;\">F\u00c1BIO GUEDES DE ARA\u00daJO R\u00caGO<\/span><\/b><\/div>\n<div style=\"text-align: justify;\"><b><span style=\"color: #330000;\">FABIO RICARDO FORTE<\/span><\/b><\/div>\n<div style=\"text-align: justify;\"><b><span style=\"color: #330000;\">FABIOLA ALBUQUERQUE BRANDT<\/span><\/b><\/div>\n<div style=\"text-align: justify;\"><b><span style=\"color: #330000;\">FELIPE DA SILVA FERNANDES<\/span><\/b><\/div>\n<div style=\"text-align: justify;\"><b><span style=\"color: #330000;\">FELIPE LINASSI<\/span><\/b><\/div>\n<div style=\"text-align: justify;\"><b><span style=\"color: #330000;\">FELIPPE RODRIGUES FRANCO<\/span><\/b><\/div>\n<div style=\"text-align: justify;\"><b><span style=\"color: #330000;\">FERNANDA ALBUQUERQUE CUNHA<\/span><\/b><\/div>\n<div style=\"text-align: justify;\"><b><span style=\"color: #330000;\">FERNANDA FRANCO VASQUEZ GUASTELLA<\/span><\/b><\/div>\n<div style=\"text-align: justify;\"><b><span style=\"color: #330000;\">FERNANDA GABRIELLE SILVA MARTINS<\/span><\/b><\/div>\n<div style=\"text-align: justify;\"><b><span style=\"color: #330000;\">FERNANDA GALV\u00c3O DE BARBA<\/span><\/b><\/div>\n<div style=\"text-align: justify;\"><b><span style=\"color: #330000;\">FERNANDA MALLMANN<\/span><\/b><\/div>\n<div style=\"text-align: justify;\"><b><span style=\"color: #330000;\">FERNANDA TIEMI HASSUI<\/span><\/b><\/div>\n<div style=\"text-align: justify;\"><b><span style=\"color: #330000;\">FERNANDO CARVALHO DA ROCHA<\/span><\/b><\/div>\n<div style=\"text-align: justify;\"><b><span style=\"color: #330000;\">FERNANDO KUMAI<\/span><\/b><\/div>\n<div style=\"text-align: justify;\"><b><span style=\"color: #330000;\">FLAVIA OLIVEIRA DOMINGO<\/span><\/b><\/div>\n<div style=\"text-align: justify;\"><b><span style=\"color: #330000;\">FL\u00c1VIO DE CASTRO LAGES<\/span><\/b><\/div>\n<div style=\"text-align: justify;\"><b><span style=\"color: #330000;\">FRANCIELE PIVETTA DE MELO SALDANHA<\/span><\/b><\/div>\n<div style=\"text-align: justify;\"><b><span style=\"color: #330000;\">FRANCISCA MARCELA CARVALHO KIELING<\/span><\/b><\/div>\n<div style=\"text-align: justify;\"><b><span style=\"color: #330000;\">FRANCISCO TIAGO BARROS CONDE<\/span><\/b><\/div>\n<div style=\"text-align: justify;\"><b><span style=\"color: #330000;\">GABRIEL RISSATO LEITE RIBEIRO<\/span><\/b><\/div>\n<div style=\"text-align: justify;\"><b><span style=\"color: #330000;\">GABRIELA MAPURUNGA REZENDE DE SALES<\/span><\/b><\/div>\n<div style=\"text-align: justify;\"><b><span style=\"color: #330000;\">GENIVAL MUNIZ DA SILVA FILHO<\/span><\/b><\/div>\n<div style=\"text-align: justify;\"><b><span style=\"color: #330000;\">GEORGE AUGUSTO PEREIRA DE MOURA<\/span><\/b><\/div>\n<div style=\"text-align: justify;\"><b><span style=\"color: #330000;\">GERLON HONORATO REGIS<\/span><\/b><\/div>\n<div style=\"text-align: justify;\"><b><span style=\"color: #330000;\">GILBERLANIA DE PAULA DELFINO<\/span><\/b><\/div>\n<div style=\"text-align: justify;\"><b><span style=\"color: #330000;\">GILMAR RODRIGUES DE MELO JUNIOR<\/span><\/b><\/div>\n<div style=\"text-align: justify;\"><b><span style=\"color: #330000;\">GISELLE CHATER<\/span><\/b><\/div>\n<div style=\"text-align: justify;\"><b><span style=\"color: #330000;\">GUILHERME MAGOGA DE QUADROS<\/span><\/b><\/div>\n<div style=\"text-align: justify;\"><b><span style=\"color: #330000;\">GUILHERME OLIVEIRA AMES<\/span><\/b><\/div>\n<div style=\"text-align: justify;\"><b><span style=\"color: #330000;\">GUILHERME SUMINSKI MENDES<\/span><\/b><\/div>\n<div style=\"text-align: justify;\"><b><span style=\"color: #330000;\">HAENDEL ASSUN\u00c7\u00c3O MELO<\/span><\/b><\/div>\n<div style=\"text-align: justify;\"><b><span style=\"color: #330000;\">HUGO EDGAR P\u00d3VOA PULLEN PARENTE<\/span><\/b><\/div>\n<div style=\"text-align: justify;\"><b><span style=\"color: #330000;\">IGOR ALAN PEZZINI DE NADAI<\/span><\/b><\/div>\n<div style=\"text-align: justify;\"><b><span style=\"color: #330000;\">IGOR LUIZ SANTOS FERNANDES SARAIVA<\/span><\/b><\/div>\n<div style=\"text-align: justify;\"><b><span style=\"color: #330000;\">ISABEL KARASEK ROCHA BELLAGUARDA<\/span><\/b><\/div>\n<div style=\"text-align: justify;\"><b><span style=\"color: #330000;\">ISABELLA GAGLIARDI HANEDA<\/span><\/b><\/div>\n<div style=\"text-align: justify;\"><b><span style=\"color: #330000;\">\u00cdTALO ALVES DE ARA\u00daJO J\u00daNIOR<\/span><\/b><\/div>\n<div style=\"text-align: justify;\"><b><span style=\"color: #330000;\">JACQUELINE CAVALIERI<\/span><\/b><\/div>\n<div style=\"text-align: justify;\"><b><span style=\"color: #330000;\">JANINE RIZOTO DE JESUS<\/span><\/b><\/div>\n<div style=\"text-align: justify;\"><b><span style=\"color: #330000;\">JEANE APARECIDA DA SILVA<\/span><\/b><\/div>\n<div style=\"text-align: justify;\"><b><span style=\"color: #330000;\">JEANE CURY RODRIGUES<\/span><\/b><\/div>\n<div style=\"text-align: justify;\"><b><span style=\"color: #330000;\">JOANA VERAS DOS SANTOS<\/span><\/b><\/div>\n<div style=\"text-align: justify;\"><b><span style=\"color: #330000;\">JO\u00c3O GABRIEL TORTORELLI MARQUES<\/span><\/b><\/div>\n<div style=\"text-align: justify;\"><b><span style=\"color: #330000;\">JOCIMAR FERREIRA DOS SANTOS<\/span><\/b><\/div>\n<div style=\"text-align: justify;\"><b><span style=\"color: #330000;\">JOS\u00c9 CARLOS DE SOUZA COSTA NEVES<\/span><\/b><\/div>\n<div style=\"text-align: justify;\"><b><span style=\"color: #330000;\">JOS\u00c9 EVERALDO DE ARA\u00daJO J\u00daNIOR<\/span><\/b><\/div>\n<div style=\"text-align: justify;\"><b><span style=\"color: #330000;\">JOS\u00c9 VLADEMIR BARBOSA<\/span><\/b><\/div>\n<div style=\"text-align: justify;\"><b><span style=\"color: #330000;\">JOSE WELLINGTON DE SOUSA RAMOS<\/span><\/b><\/div>\n<div style=\"text-align: justify;\"><b><span style=\"color: #330000;\">JOZSEF CSEKE JUNIOR<\/span><\/b><\/div>\n<div style=\"text-align: justify;\"><b><span style=\"color: #330000;\">JULIANA FONSATTI<\/span><\/b><\/div>\n<div style=\"text-align: justify;\"><b><span style=\"color: #330000;\">JULIANA MAIA KETTL<\/span><\/b><\/div>\n<div style=\"text-align: justify;\"><b><span style=\"color: #330000;\">JULIANA MARIA CERQUEIRA NEVES<\/span><\/b><\/div>\n<div style=\"text-align: justify;\"><b><span style=\"color: #330000;\">J\u00daLIO C\u00c9SAR DE OLIVEIRA ANDRADE<\/span><\/b><\/div>\n<div style=\"text-align: justify;\"><b><span style=\"color: #330000;\">KAREN YUKARI YOKOYAMA<\/span><\/b><\/div>\n<div style=\"text-align: justify;\"><b><span style=\"color: #330000;\">KARINA SUGUIURA<\/span><\/b><\/div>\n<div style=\"text-align: justify;\"><b><span style=\"color: #330000;\">KATIA VALERIA BORSOI<\/span><\/b><\/div>\n<div style=\"text-align: justify;\"><b><span style=\"color: #330000;\">KATIA VANESSA GOMES GOURSAND<\/span><\/b><\/div>\n<div style=\"text-align: justify;\"><b><span style=\"color: #330000;\">KELLY CRISTINA ARABORI<\/span><\/b><\/div>\n<div style=\"text-align: justify;\"><b><span style=\"color: #330000;\">LAILA CHAHINE FELTRIN<\/span><\/b><\/div>\n<div style=\"text-align: justify;\"><b><span style=\"color: #330000;\">LAIS GABRIELA BRITO DE OLIVEIRA<\/span><\/b><\/div>\n<div style=\"text-align: justify;\"><b><span style=\"color: #330000;\">LEANDRO TAKATA KURIHARA<\/span><\/b><\/div>\n<div style=\"text-align: justify;\"><b><span style=\"color: #330000;\">LEIZ DUTRA BELLEZA<\/span><\/b><\/div>\n<div style=\"text-align: justify;\"><b><span style=\"color: #330000;\">LEONARDO CALDAS NUNES PEREIRA<\/span><\/b><\/div>\n<div style=\"text-align: justify;\"><b><span style=\"color: #330000;\">LEONARDO SASAKI TAKAHASHI<\/span><\/b><\/div>\n<div style=\"text-align: justify;\"><b><span style=\"color: #330000;\">LETICIA FERRAZ FERNANDES<\/span><\/b><\/div>\n<div style=\"text-align: justify;\"><b><span style=\"color: #330000;\">LILIANE WANDERLEY DE ARAUJO<\/span><\/b><\/div>\n<div style=\"text-align: justify;\"><b><span style=\"color: #330000;\">L\u00cdVIA GOBBO LOPES<\/span><\/b><\/div>\n<div style=\"text-align: justify;\"><b><span style=\"color: #330000;\">LOUISE PACHECO DA SILVA<\/span><\/b><\/div>\n<div style=\"text-align: justify;\"><b><span style=\"color: #330000;\">LUANA ALMEIDA FELIX<\/span><\/b><\/div>\n<div style=\"text-align: justify;\"><b><span style=\"color: #330000;\">LUCAS SOARES DAMAS<\/span><\/b><\/div>\n<div style=\"text-align: justify;\"><b><span style=\"color: #330000;\">LUCAS VENTURA DE SOUZA<\/span><\/b><\/div>\n<div style=\"text-align: justify;\"><b><span style=\"color: #330000;\">LUCI GON\u00c7ALVES COSTA TORRE<\/span><\/b><\/div>\n<div style=\"text-align: justify;\"><b><span style=\"color: #330000;\">LUCIANA HENMEI YUE CESENA BARBOSA<\/span><\/b><\/div>\n<div style=\"text-align: justify;\"><b><span style=\"color: #330000;\">LUCIANA NAOMI MEGURO<\/span><\/b><\/div>\n<div style=\"text-align: justify;\"><b><span style=\"color: #330000;\">LUCIANE PINATTO DE ALMEIDA<\/span><\/b><\/div>\n<div style=\"text-align: justify;\"><b><span style=\"color: #330000;\">LUCIO NUNES DUTRA<\/span><\/b><\/div>\n<div style=\"text-align: justify;\"><b><span style=\"color: #330000;\">LUDMILA VERSIANI PIMENTA<\/span><\/b><\/div>\n<div style=\"text-align: justify;\"><b><span style=\"color: #330000;\">LU\u00cdS EDUARDO SALOM\u00c3O LOPES<\/span><\/b><\/div>\n<div style=\"text-align: justify;\"><b><span style=\"color: #330000;\">LUIZ CAIRES DE SOUZA<\/span><\/b><\/div>\n<div style=\"text-align: justify;\"><b><span style=\"color: #330000;\">LUIZ CARLOS CARDOSO GOMES<\/span><\/b><\/div>\n<div style=\"text-align: justify;\"><b><span style=\"color: #330000;\">LUIZ GONZAGA CALDAS V\u00c9RAS NETO<\/span><\/b><\/div>\n<div style=\"text-align: justify;\"><b><span style=\"color: #330000;\">LYCIA NOBRE DE OLIVEIRA<\/span><\/b><\/div>\n<div style=\"text-align: justify;\"><b><span style=\"color: #330000;\">MANOELA LARA CAMPOLINA<\/span><\/b><\/div>\n<div style=\"text-align: justify;\"><b><span style=\"color: #330000;\">MARCEL JOS\u00c9 SIQUEIRA<\/span><\/b><\/div>\n<div style=\"text-align: justify;\"><b><span style=\"color: #330000;\">MARCELLE LAGE REIS<\/span><\/b><\/div>\n<div style=\"text-align: justify;\"><b><span style=\"color: #330000;\">MARCELO TEIXEIRA TORRETTA<\/span><\/b><\/div>\n<div style=\"text-align: justify;\"><b><span style=\"color: #330000;\">MARCIANO DANTAS DO VALE<\/span><\/b><\/div>\n<div style=\"text-align: justify;\"><b><span style=\"color: #330000;\">MARCIO ANTONIO BRAGA DE SOUSA<\/span><\/b><\/div>\n<div style=\"text-align: justify;\"><b><span style=\"color: #330000;\">MARCIO DE MENDON\u00c7A NEVES<\/span><\/b><\/div>\n<div style=\"text-align: justify;\"><b><span style=\"color: #330000;\">M\u00c1RCIO VENDRAMIN<\/span><\/b><\/div>\n<div style=\"text-align: justify;\"><b><span style=\"color: #330000;\">MARCO AORELIO LEMES DE QUADROS<\/span><\/b><\/div>\n<div style=\"text-align: justify;\"><b><span style=\"color: #330000;\">MARIA CRISTINA ROCHA PIMENTA<\/span><\/b><\/div>\n<div style=\"text-align: justify;\"><b><span style=\"color: #330000;\">MARIA DA CONCEI\u00c7\u00c3O DE SOUSA MEDEIROS<\/span><\/b><\/div>\n<div style=\"text-align: justify;\"><b><span style=\"color: #330000;\">M\u00c1RIO BALDONADO MARTINS<\/span><\/b><\/div>\n<div style=\"text-align: justify;\"><b><span style=\"color: #330000;\">MARISSOL YUKA SATO<\/span><\/b><\/div>\n<div style=\"text-align: justify;\"><b><span style=\"color: #330000;\">MAYRA SAMARA MOURA<\/span><\/b><\/div>\n<div style=\"text-align: justify;\"><b><span style=\"color: #330000;\">MICHELI VERLY DE LEMOS RODRIGUES<\/span><\/b><\/div>\n<div style=\"text-align: justify;\"><b><span style=\"color: #330000;\">MICHELLE APARECIDA DE OLIVEIRA<\/span><\/b><\/div>\n<div style=\"text-align: justify;\"><b><span style=\"color: #330000;\">MILA BRAND\u00c3O FIUZA<\/span><\/b><\/div>\n<div style=\"text-align: justify;\"><b><span style=\"color: #330000;\">MILLENA WIESE<\/span><\/b><\/div>\n<div style=\"text-align: justify;\"><b><span style=\"color: #330000;\">MIRYAN PEREIRA CARDOSO<\/span><\/b><\/div>\n<div style=\"text-align: justify;\"><b><span style=\"color: #330000;\">NADJER MILHOMEM PINHEIRO<\/span><\/b><\/div>\n<div style=\"text-align: justify;\"><b><span style=\"color: #330000;\">NATASHA DO AMARAL DELEVEDOVE<\/span><\/b><\/div>\n<div style=\"text-align: justify;\"><b><span style=\"color: #330000;\">NELSON ELIZEU DIAS<\/span><\/b><\/div>\n<div style=\"text-align: justify;\"><b><span style=\"color: #330000;\">NILSON TSUCUDA<\/span><\/b><\/div>\n<div style=\"text-align: justify;\"><b><span style=\"color: #330000;\">OBERDAN LEITE GON\u00c7ALVES<\/span><\/b><\/div>\n<div style=\"text-align: justify;\"><b><span style=\"color: #330000;\">OLIVER ERIC ZACHEO<\/span><\/b><\/div>\n<div style=\"text-align: justify;\"><b><span style=\"color: #330000;\">PATRICIA PINTO ALEXANDRE<\/span><\/b><\/div>\n<div style=\"text-align: justify;\"><b><span style=\"color: #330000;\">PATR\u00cdCIA SANTOS DA CUNHA<\/span><\/b><\/div>\n<div style=\"text-align: justify;\"><b><span style=\"color: #330000;\">PAULA TAVEIRA REIS<\/span><\/b><\/div>\n<div style=\"text-align: justify;\"><b><span style=\"color: #330000;\">PAULO ANT\u00d4NIO FERREIRA SYLVESTRE<\/span><\/b><\/div>\n<div style=\"text-align: justify;\"><b><span style=\"color: #330000;\">PAULO ELISEU WEBER<\/span><\/b><\/div>\n<div style=\"text-align: justify;\"><b><span style=\"color: #330000;\">PAULO FERNANDO MENESES THOM\u00c9<\/span><\/b><\/div>\n<div style=\"text-align: justify;\"><b><span style=\"color: #330000;\">PAULO RENATO SOUTO<\/span><\/b><\/div>\n<div style=\"text-align: justify;\"><b><span style=\"color: #330000;\">PEDRO SOUSA MARIENSE<\/span><\/b><\/div>\n<div style=\"text-align: justify;\"><b><span style=\"color: #330000;\">PIERRE LANGONI<\/span><\/b><\/div>\n<div style=\"text-align: justify;\"><b><span style=\"color: #330000;\">PIETRO PORTELA DE LIMA<\/span><\/b><\/div>\n<div style=\"text-align: justify;\"><b><span style=\"color: #330000;\">PRISCILA LESSA DE SIQUEIRA<\/span><\/b><\/div>\n<div style=\"text-align: justify;\"><b><span style=\"color: #330000;\">PRISCILLA MAGALH\u00c3ES RODRIGUES<\/span><\/b><\/div>\n<div style=\"text-align: justify;\"><b><span style=\"color: #330000;\">RAFAEL GOMES LIMA<\/span><\/b><\/div>\n<div style=\"text-align: justify;\"><b><span style=\"color: #330000;\">RAFAEL MASSAO OTSUKA<\/span><\/b><\/div>\n<div style=\"text-align: justify;\"><b><span style=\"color: #330000;\">RAFAEL OLIVEIRA MADEIRA<\/span><\/b><\/div>\n<div style=\"text-align: justify;\"><b><span style=\"color: #330000;\">RAFAEL PETER GONCALVES PIRES<\/span><\/b><\/div>\n<div style=\"text-align: justify;\"><b><span style=\"color: #330000;\">RAINER WEBBER<\/span><\/b><\/div>\n<div style=\"text-align: justify;\"><b><span style=\"color: #330000;\">RAQUEL GIOVANINA SCARPELLI REIS<\/span><\/b><\/div>\n<div style=\"text-align: justify;\"><b><span style=\"color: #330000;\">RAQUEL THOMAZ ANDRADE<\/span><\/b><\/div>\n<div style=\"text-align: justify;\"><b><span style=\"color: #330000;\">RAQUEL VALADARES VON GLEHN RIBEIRO<\/span><\/b><\/div>\n<div style=\"text-align: justify;\"><b><span style=\"color: #330000;\">RAYNER VIANA AZAR<\/span><\/b><\/div>\n<div style=\"text-align: justify;\"><b><span style=\"color: #330000;\">REGINA CHAN<\/span><\/b><\/div>\n<div style=\"text-align: justify;\"><b><span style=\"color: #330000;\">RENATA CRISTINA DE OLIVEIRA<\/span><\/b><\/div>\n<div style=\"text-align: justify;\"><b><span style=\"color: #330000;\">RENATA MENDES ARA\u00daJO<\/span><\/b><\/div>\n<div style=\"text-align: justify;\"><b><span style=\"color: #330000;\">RENATO BASTOS EVARISTO<\/span><\/b><\/div>\n<div style=\"text-align: justify;\"><b><span style=\"color: #330000;\">RENATO HIROSE<\/span><\/b><\/div>\n<div style=\"text-align: justify;\"><b><span style=\"color: #330000;\">RICARDO AUGUSTO DE CARVALHO PIMENTEL<\/span><\/b><\/div>\n<div style=\"text-align: justify;\"><b><span style=\"color: #330000;\">RICARDO MARTINS CANUTO ROCHA<\/span><\/b><\/div>\n<div style=\"text-align: justify;\"><b><span style=\"color: #330000;\">RICARDO SILVA HERNANDES<\/span><\/b><\/div>\n<div style=\"text-align: justify;\"><b><span style=\"color: #330000;\">RODRIGO DA SILVA ASSIS COELHO<\/span><\/b><\/div>\n<div style=\"text-align: justify;\"><b><span style=\"color: #330000;\">RODRIGO MARQUES MIORIM<\/span><\/b><\/div>\n<div style=\"text-align: justify;\"><b><span style=\"color: #330000;\">RODRIGO RIBEIRO GON\u00c7ALVES FERREIRA<\/span><\/b><\/div>\n<div style=\"text-align: justify;\"><b><span style=\"color: #330000;\">RODRIGO SCARPARO MINELLI<\/span><\/b><\/div>\n<div style=\"text-align: justify;\"><b><span style=\"color: #330000;\">R\u00d4MULO LEONARDO DE AZEVEDO<\/span><\/b><\/div>\n<div style=\"text-align: justify;\"><b><span style=\"color: #330000;\">RONI LENHARDT<\/span><\/b><\/div>\n<div style=\"text-align: justify;\"><b><span style=\"color: #330000;\">ROSA AC\u00c1CIA SARMENTO CORDEIRO DACACH<\/span><\/b><\/div>\n<div style=\"text-align: justify;\"><b><span style=\"color: #330000;\">ROSANIA ROSA CARDOSO DE OLIVEIRA<\/span><\/b><\/div>\n<div style=\"text-align: justify;\"><b><span style=\"color: #330000;\">ROSEMEIRE SENNA<\/span><\/b><\/div>\n<div style=\"text-align: justify;\"><b><span style=\"color: #330000;\">ROXANA SOARES SILVEIRA<\/span><\/b><\/div>\n<div style=\"text-align: justify;\"><b><span style=\"color: #330000;\">SAMANTA ELEA SOARES<\/span><\/b><\/div>\n<div style=\"text-align: justify;\"><b><span style=\"color: #330000;\">SAMIA MARQUES RUSSO<\/span><\/b><\/div>\n<div style=\"text-align: justify;\"><b><span style=\"color: #330000;\">SAMILA FERREIRA VARGAS BASTIANI<\/span><\/b><\/div>\n<div style=\"text-align: justify;\"><b><span style=\"color: #330000;\">SANDRA CRISTINA AVELAR RABELO<\/span><\/b><\/div>\n<div style=\"text-align: justify;\"><b><span style=\"color: #330000;\">SANDRA HARUMI SAWAI MORIMITSU<\/span><\/b><\/div>\n<div style=\"text-align: justify;\"><b><span style=\"color: #330000;\">SAULO MEGA SOARES E SILVA<\/span><\/b><\/div>\n<div style=\"text-align: justify;\"><b><span style=\"color: #330000;\">SERGIO FRANCO ARRUDA FILHO<\/span><\/b><\/div>\n<div style=\"text-align: justify;\"><b><span style=\"color: #330000;\">S\u00c9RGIO MARTINS DA SILVA<\/span><\/b><\/div>\n<div style=\"text-align: justify;\"><b><span style=\"color: #330000;\">SIMONE KANAYMA MORATO<\/span><\/b><\/div>\n<div style=\"text-align: justify;\"><b><span style=\"color: #330000;\">SUSANA FERREIRA DE ARA\u00daJO<\/span><\/b><\/div>\n<div style=\"text-align: justify;\"><b><span style=\"color: #330000;\">TAFAREL COSME ALMEIDA<\/span><\/b><\/div>\n<div style=\"text-align: justify;\"><b><span style=\"color: #330000;\">TATIANA DE FREITAS WERNER<\/span><\/b><\/div>\n<div style=\"text-align: justify;\"><b><span style=\"color: #330000;\">THIAGO MORELLO PERES<\/span><\/b><\/div>\n<div style=\"text-align: justify;\"><b><span style=\"color: #330000;\">TIAGO FRAN\u00c7A DOS SANTOS<\/span><\/b><\/div>\n<div style=\"text-align: justify;\"><b><span style=\"color: #330000;\">TIAGO JOS\u00c9 KICH TEMPERANI<\/span><\/b><\/div>\n<div style=\"text-align: justify;\"><b><span style=\"color: #330000;\">TOBIAS DE S\u00c3O PEDRO<\/span><\/b><\/div>\n<div style=\"text-align: justify;\"><b><span style=\"color: #330000;\">VAGNER ROSSANO KRUEL PADOIN<\/span><\/b><\/div>\n<div style=\"text-align: justify;\"><b><span style=\"color: #330000;\">VAL\u00c9RIA CRISTINA DA SILVA<\/span><\/b><\/div>\n<div style=\"text-align: justify;\"><b><span style=\"color: #330000;\">VALERIA ZORZI PEDRAZOLI<\/span><\/b><\/div>\n<div style=\"text-align: justify;\"><b><span style=\"color: #330000;\">VALERIO HILARIO CORDEIRO JUNIOR<\/span><\/b><\/div>\n<div style=\"text-align: justify;\"><b><span style=\"color: #330000;\">VINICIUS BARRETO DE ALENCAR<\/span><\/b><\/div>\n<div style=\"text-align: justify;\"><b><span style=\"color: #330000;\">VITOR FERNANDES RIBEIRO DE OLIVEIRA<\/span><\/b><\/div>\n<div style=\"text-align: justify;\"><b><span style=\"color: #330000;\">WAGNER ALEXANDRE ALBUQUERQUE PESSOA<\/span><\/b><\/div>\n<div style=\"text-align: justify;\"><b><span style=\"color: #330000;\">WALKEI ANTONIO MOTTER CERBARO<\/span><\/b><\/div>\n<div style=\"text-align: justify;\"><b><span style=\"color: #330000;\">WALTER FERNANDO PAIX\u00c3O DE ASSIS<\/span><\/b><\/div>\n<div style=\"text-align: justify;\"><b><span style=\"color: #330000;\">WLAMIR MARCUS SANTOS CHAVES<\/span><\/b><\/div>\n<div style=\"text-align: justify;\"><b><span style=\"color: #330000;\">YURI BALZANI DA FONSECA<\/span><\/b><\/div>\n<div style=\"text-align: justify;\"><\/div>\n<div style=\"text-align: justify;\">Antes de concluir, ainda tenho que ressaltar que tenho 110 alunos entre os Excedentes do ATRFB, que muito provavelmente tamb\u00e9m ser\u00e3o nomeados. Segue a lista:<\/div>\n<div style=\"text-align: justify;\"><\/div>\n<div style=\"text-align: justify;\"><b><span style=\"color: #330000;\">AD\u00c3O FRANCISCO DA SILVA<\/span><\/b><\/div>\n<div style=\"text-align: justify;\"><b><span style=\"color: #330000;\">ADRIANA CORREA DA SILVA<\/span><\/b><\/div>\n<div style=\"text-align: justify;\"><b><span style=\"color: #330000;\">ADRIANO DE OLIVEIRA CORREIA<\/span><\/b><\/div>\n<div style=\"text-align: justify;\"><b><span style=\"color: #330000;\">AMANDA DE SOUZA CASTRO E SILVA<\/span><\/b><\/div>\n<div style=\"text-align: justify;\"><b><span style=\"color: #330000;\">AMANDA SILVA ANTONELLI<\/span><\/b><\/div>\n<div style=\"text-align: justify;\"><b><span style=\"color: #330000;\">ANA CAROLINA DE SOUZA RIGUEIRA RIBEIRO<\/span><\/b><\/div>\n<div style=\"text-align: justify;\"><b><span style=\"color: #330000;\">ANA M\u00cdRIAN RIBEIRO COSTA CAVALCANTE<\/span><\/b><\/div>\n<div style=\"text-align: justify;\"><b><span style=\"color: #330000;\">ANDERSON ALVES CAMARGO<\/span><\/b><\/div>\n<div style=\"text-align: justify;\"><b><span style=\"color: #330000;\">ANG\u00c9LICA DE CASTRO LERBACH<\/span><\/b><\/div>\n<div style=\"text-align: justify;\"><b><span style=\"color: #330000;\">ANIE POTER<\/span><\/b><\/div>\n<div style=\"text-align: justify;\"><b><span style=\"color: #330000;\">ARTHUR HENRIQUE DE AZEVEDO SANTANA<\/span><\/b><\/div>\n<div style=\"text-align: justify;\"><b><span style=\"color: #330000;\">B\u00c1RBARA ROSAS LOPES<\/span><\/b><\/div>\n<div style=\"text-align: justify;\"><b><span style=\"color: #330000;\">BRUNA MARA OKANO S\u00c3O PEDRO<\/span><\/b><\/div>\n<div style=\"text-align: justify;\"><b><span style=\"color: #330000;\">BRUNO RODRIGUES BORDIN<\/span><\/b><\/div>\n<div style=\"text-align: justify;\"><b><span style=\"color: #330000;\">CAMILA ELIAS PAVANI<\/span><\/b><\/div>\n<div style=\"text-align: justify;\"><b><span style=\"color: #330000;\">CAMILLA MAGALH\u00c3ES PROC\u00d3PIO<\/span><\/b><\/div>\n<div style=\"text-align: justify;\"><b><span style=\"color: #330000;\">CARLA ALMEIDA BRESCIA<\/span><\/b><\/div>\n<div style=\"text-align: justify;\"><b><span style=\"color: #330000;\">CARLOS GALBERTO SILVA RIBEIRO<\/span><\/b><\/div>\n<div style=\"text-align: justify;\"><b><span style=\"color: #330000;\">CAROLINE GUIMAR\u00c3ES XAVIER<\/span><\/b><\/div>\n<div style=\"text-align: justify;\"><b><span style=\"color: #330000;\">CLARISSA ZUCCHETTI SCHONS C\u00c2NCIO<\/span><\/b><\/div>\n<div style=\"text-align: justify;\"><b><span style=\"color: #330000;\">CL\u00c1UDIA ABDALLA DE SOUZA<\/span><\/b><\/div>\n<div style=\"text-align: justify;\"><b><span style=\"color: #330000;\">CLAUDIA APARECIDA OLIAN<\/span><\/b><\/div>\n<div style=\"text-align: justify;\"><b><span style=\"color: #330000;\">CLAUDIA DA SILVA<\/span><\/b><\/div>\n<div style=\"text-align: justify;\"><b><span style=\"color: #330000;\">CLEIBER FERREIRA<\/span><\/b><\/div>\n<div style=\"text-align: justify;\"><b><span style=\"color: #330000;\">CLEYTON IGLEIA CORREA DOS SANTOS<\/span><\/b><\/div>\n<div style=\"text-align: justify;\"><b><span style=\"color: #330000;\">CRISTIANE MARQUES BOMTEMPO<\/span><\/b><\/div>\n<div style=\"text-align: justify;\"><b><span style=\"color: #330000;\">DAIANE LENZ PILAU<\/span><\/b><\/div>\n<div style=\"text-align: justify;\"><b><span style=\"color: #330000;\">DANIEL DA MOTTA FERNANDES<\/span><\/b><\/div>\n<div style=\"text-align: justify;\"><b><span style=\"color: #330000;\">DAVID BEVILAQUA DE SALES DUARTE<\/span><\/b><\/div>\n<div style=\"text-align: justify;\"><b><span style=\"color: #330000;\">DEBORA MAKI HINO<\/span><\/b><\/div>\n<div style=\"text-align: justify;\"><b><span style=\"color: #330000;\">DENISE FEL\u00cdCIO DE MORAES<\/span><\/b><\/div>\n<div style=\"text-align: justify;\"><b><span style=\"color: #330000;\">DEVERLEI FERNANDES DOS SANTOS<\/span><\/b><\/div>\n<div style=\"text-align: justify;\"><b><span style=\"color: #330000;\">EDERSON RAFAEL GOMES<\/span><\/b><\/div>\n<div style=\"text-align: justify;\"><b><span style=\"color: #330000;\">EDILENE PEREIRA MEDEIROS<\/span><\/b><\/div>\n<div style=\"text-align: justify;\"><b><span style=\"color: #330000;\">EDNA FERREIRA DA SILVA<\/span><\/b><\/div>\n<div style=\"text-align: justify;\"><b><span style=\"color: #330000;\">EDUARDO ALEXANDRE DE SOUZA<\/span><\/b><\/div>\n<div style=\"text-align: justify;\"><b><span style=\"color: #330000;\">EDUARDO ROJAS MARTINES<\/span><\/b><\/div>\n<div style=\"text-align: justify;\"><b><span style=\"color: #330000;\">EDUARDO VON POSER TOIGO<\/span><\/b><\/div>\n<div style=\"text-align: justify;\"><b><span style=\"color: #330000;\">ELAINE CRISTINA GUERIERO<\/span><\/b><\/div>\n<div style=\"text-align: justify;\"><b><span style=\"color: #330000;\">ELANE SANTANA PASSOS<\/span><\/b><\/div>\n<div style=\"text-align: justify;\"><b><span style=\"color: #330000;\">ELIETI CADAMURO GUEDES<\/span><\/b><\/div>\n<div style=\"text-align: justify;\"><b><span style=\"color: #330000;\">ELILA QUEIROZ DA COSTA<\/span><\/b><\/div>\n<div style=\"text-align: justify;\"><b><span style=\"color: #330000;\">ERIKA CRISTIANE SANTANA<\/span><\/b><\/div>\n<div style=\"text-align: justify;\"><b><span style=\"color: #330000;\">FABRICIO HENDLER HAHN<\/span><\/b><\/div>\n<div style=\"text-align: justify;\"><b><span style=\"color: #330000;\">FELIPE GENARO RODRIGUES<\/span><\/b><\/div>\n<div style=\"text-align: justify;\"><b><span style=\"color: #330000;\">FERNANDA MENDON\u00c7A FRANCO<\/span><\/b><\/div>\n<div style=\"text-align: justify;\"><b><span style=\"color: #330000;\">GABRIELA DOS SANTOS LOPES<\/span><\/b><\/div>\n<div style=\"text-align: justify;\"><b><span style=\"color: #330000;\">GIOVANE CLAUDINEI SPOHR<\/span><\/b><\/div>\n<div style=\"text-align: justify;\"><b><span style=\"color: #330000;\">GISELLE DE MELLO COELHO FERNANDES<\/span><\/b><\/div>\n<div style=\"text-align: justify;\"><b><span style=\"color: #330000;\">HEBER GRABOSCHII DE SOUSA LIMA<\/span><\/b><\/div>\n<div style=\"text-align: justify;\"><b><span style=\"color: #330000;\">HULISSES FERNANDES<\/span><\/b><\/div>\n<div style=\"text-align: justify;\"><b><span style=\"color: #330000;\">IGOR RODRIGUES FERREIRA DE MENEZES<\/span><\/b><\/div>\n<div style=\"text-align: justify;\"><b><span style=\"color: #330000;\">JOSE FERNANDES DE QUEIROGA JUNIOR<\/span><\/b><\/div>\n<div style=\"text-align: justify;\"><b><span style=\"color: #330000;\">JOS\u00c9 RICARDO PANIAGUA JUSTINO<\/span><\/b><\/div>\n<div style=\"text-align: justify;\"><b><span style=\"color: #330000;\">JULIANA FINAMORE MARTINS<\/span><\/b><\/div>\n<div style=\"text-align: justify;\"><b><span style=\"color: #330000;\">JULIANA GONTIJO FONSECA<\/span><\/b><\/div>\n<div style=\"text-align: justify;\"><b><span style=\"color: #330000;\">JULIANO KENJI KUVABARA<\/span><\/b><\/div>\n<div style=\"text-align: justify;\"><b><span style=\"color: #330000;\">JULINEY FERREIRA COSTA<\/span><\/b><\/div>\n<div style=\"text-align: justify;\"><b><span style=\"color: #330000;\">JULIO C\u00c9SAR FERREIRA<\/span><\/b><\/div>\n<div style=\"text-align: justify;\"><b><span style=\"color: #330000;\">LEANDRO MARCHEZAN DO NASCIMENTO<\/span><\/b><\/div>\n<div style=\"text-align: justify;\"><b><span style=\"color: #330000;\">LEONARDO PEIXOTO DE QUEIROZ<\/span><\/b><\/div>\n<div style=\"text-align: justify;\"><b><span style=\"color: #330000;\">LUANA BARROS LOB\u00c3O<\/span><\/b><\/div>\n<div style=\"text-align: justify;\"><b><span style=\"color: #330000;\">LUCIANA ALVES DE SOUZA<\/span><\/b><\/div>\n<div style=\"text-align: justify;\"><b><span style=\"color: #330000;\">LUCIANA DE AQUINO GOMES<\/span><\/b><\/div>\n<div style=\"text-align: justify;\"><b><span style=\"color: #330000;\">LUCIANA KIMIKO MORI NAKAO<\/span><\/b><\/div>\n<div style=\"text-align: justify;\"><b><span style=\"color: #330000;\">LUCIANE CARVALHO DION\u00cdSIO<\/span><\/b><\/div>\n<div style=\"text-align: justify;\"><b><span style=\"color: #330000;\">LUCIANO BEZERRA CORDEIRO<\/span><\/b><\/div>\n<div style=\"text-align: justify;\"><b><span style=\"color: #330000;\">LUCIO FLAVIO DE CASTRO GOMES DA SILVA<\/span><\/b><\/div>\n<div style=\"text-align: justify;\"><b><span style=\"color: #330000;\">MAICON LUIZ WEIDGENANT<\/span><\/b><\/div>\n<div style=\"text-align: justify;\"><b><span style=\"color: #330000;\">MAIKO FERREIRA CASARINI<\/span><\/b><\/div>\n<div style=\"text-align: justify;\"><b><span style=\"color: #330000;\">MARCELA P\u00c9GOLO DA SILVEIRA<\/span><\/b><\/div>\n<div style=\"text-align: justify;\"><b><span style=\"color: #330000;\">MARIA CLARA SILVEIRA DE SOUZA<\/span><\/b><\/div>\n<div style=\"text-align: justify;\"><b><span style=\"color: #330000;\">MARIANA DE FREITAS PINTO<\/span><\/b><\/div>\n<div style=\"text-align: justify;\"><b><span style=\"color: #330000;\">MARIANA MACHADO BARRETO FONT\u00c3O<\/span><\/b><\/div>\n<div style=\"text-align: justify;\"><b><span style=\"color: #330000;\">MARINA TOLEDO DINI<\/span><\/b><\/div>\n<div style=\"text-align: justify;\"><b><span style=\"color: #330000;\">MARIO ALBERTO ANTONI<\/span><\/b><\/div>\n<div style=\"text-align: justify;\"><b><span style=\"color: #330000;\">MATEUS AGUIAR LOPES<\/span><\/b><\/div>\n<div style=\"text-align: justify;\"><b><span style=\"color: #330000;\">MATEUS FERNANDES DA CUNHA<\/span><\/b><\/div>\n<div style=\"text-align: justify;\"><b><span style=\"color: #330000;\">NAPOLE\u00c3O DOS SANTOS RIBEIRO<\/span><\/b><\/div>\n<div style=\"text-align: justify;\"><b><span style=\"color: #330000;\">NATALIA VASCONCELOS SILVA<\/span><\/b><\/div>\n<div style=\"text-align: justify;\"><b><span style=\"color: #330000;\">NATH\u00c1LIA CALDEIRA MARQUES<\/span><\/b><\/div>\n<div style=\"text-align: justify;\"><b><span style=\"color: #330000;\">NEY OSCAR RIBEIRO DE CARVALHO FILHO<\/span><\/b><\/div>\n<div style=\"text-align: justify;\"><b><span style=\"color: #330000;\">N\u00cdVEA MARIA PACHECO<\/span><\/b><\/div>\n<div style=\"text-align: justify;\"><b><span style=\"color: #330000;\">PABLO ALONSO TEIXEIRA DA SILVA<\/span><\/b><\/div>\n<div style=\"text-align: justify;\"><b><span style=\"color: #330000;\">PAMELA CARDOSO<\/span><\/b><\/div>\n<div style=\"text-align: justify;\"><b><span style=\"color: #330000;\">PAULO SOUSA LE\u00c3O MENEZES<\/span><\/b><\/div>\n<div style=\"text-align: justify;\"><b><span style=\"color: #330000;\">PEDRO AFONSO FERREIRA DO LAGO<\/span><\/b><\/div>\n<div style=\"text-align: justify;\"><b><span style=\"color: #330000;\">PEDRO DE OLIVEIRA ANDRADE<\/span><\/b><\/div>\n<div style=\"text-align: justify;\"><b><span style=\"color: #330000;\">RENAN DE OLIVEIRA MOREIRA<\/span><\/b><\/div>\n<div style=\"text-align: justify;\"><b><span style=\"color: #330000;\">RENATA DA ROCHA SILVA SANTANA<\/span><\/b><\/div>\n<div style=\"text-align: justify;\"><b><span style=\"color: #330000;\">RENATO AMARAL KORLOSS<\/span><\/b><\/div>\n<div style=\"text-align: justify;\"><b><span style=\"color: #330000;\">RODRIGO DOS SANTOS WATZL COSTA LIMA<\/span><\/b><\/div>\n<div style=\"text-align: justify;\"><b><span style=\"color: #330000;\">RODRIGO HAESE GOMES<\/span><\/b><\/div>\n<div style=\"text-align: justify;\"><b><span style=\"color: #330000;\">RODRIGO S\u00c9RGIO CAIAFA LOUZADA<\/span><\/b><\/div>\n<div style=\"text-align: justify;\"><b><span style=\"color: #330000;\">RODRIGO TRINDADE GON\u00c7ALVES<\/span><\/b><\/div>\n<div style=\"text-align: justify;\"><b><span style=\"color: #330000;\">R\u00d4MULO SANTOS BADIN<\/span><\/b><\/div>\n<div style=\"text-align: justify;\"><b><span style=\"color: #330000;\">SANDRIONI DIONISIO CALHEIROS<\/span><\/b><\/div>\n<div style=\"text-align: justify;\"><b><span style=\"color: #330000;\">S\u00c9RGIO ALEX BAIERLE<\/span><\/b><\/div>\n<div style=\"text-align: justify;\"><b><span style=\"color: #330000;\">SERVIO TULIUS BARBOSA DE ARAUJO<\/span><\/b><\/div>\n<div style=\"text-align: justify;\"><b><span style=\"color: #330000;\">SILVANIO JOSE DA SILVA<\/span><\/b><\/div>\n<div style=\"text-align: justify;\"><b><span style=\"color: #330000;\">SONIA MARIA OLIVEIRA DE SOUSA<\/span><\/b><\/div>\n<div style=\"text-align: justify;\"><b><span style=\"color: #330000;\">SORAYA LAPA HASIN<\/span><\/b><\/div>\n<div style=\"text-align: justify;\"><b><span style=\"color: #330000;\">SULIANE COUTINHO DOS SANTOS<\/span><\/b><\/div>\n<div style=\"text-align: justify;\"><b><span style=\"color: #330000;\">THADEU ARGOLO DE ANDRADE<\/span><\/b><\/div>\n<div style=\"text-align: justify;\"><b><span style=\"color: #330000;\">THALLES AUGUSTO MARQUES OLIVEIRA<\/span><\/b><\/div>\n<div style=\"text-align: justify;\"><b><span style=\"color: #330000;\">THIAGO BRUNO DA SILVA CELESTINO<\/span><\/b><\/div>\n<div style=\"text-align: justify;\"><b><span style=\"color: #330000;\">VITOR PERALVA SANTOS<\/span><\/b><\/div>\n<div style=\"text-align: justify;\"><b><span style=\"color: #330000;\">WALBERT OT\u00c1VIO XAVIER DA SILVA<\/span><\/b><\/div>\n<div style=\"text-align: justify;\"><b><span style=\"color: #330000;\">WESLEI JOS\u00c9 RODRIGUES<\/span><\/b><\/div>\n<div style=\"text-align: justify;\"><b><span style=\"color: #330000;\">YGOR SHIMABUKURO<\/span><\/b><\/div>\n<div style=\"text-align: justify;\"><\/div>\n<div style=\"text-align: justify;\">Grande abra\u00e7o! Fique com Deus!<\/div>\n<div style=\"text-align: justify;\"><\/div>\n<div style=\"text-align: justify;\">Ali Mohamad Jaha<\/div>\n<div style=\"text-align: justify;\"><\/div>\n<div style=\"text-align: justify;\">Auditor-Fiscal da Receita Federal do Brasil<\/div>\n<div style=\"text-align: justify;\">Professor de Direito Previdenci\u00e1rio do Estrat\u00e9gia Concursos<\/div>\n<div style=\"text-align: justify;\">Especialista em Administra\u00e7\u00e3o Tribut\u00e1ria<\/div>\n<div style=\"text-align: justify;\">Especialista em Gest\u00e3o de Pol\u00edticas P\u00fablicas<\/div>\n<div style=\"text-align: justify;\"><\/div>\n<div style=\"text-align: justify;\"><\/div>\n<div style=\"text-align: justify;\">ali.tributario@gmail.com<\/div>\n<div style=\"text-align: justify;\">alijaha@estrategiaconcursos.com.br<\/div>\n","protected":false},"excerpt":{"rendered":"<p>Boa tarde Concurseiro! =) Na tarde de hoje foi publicado, no site da ESAF, o resultado definitivo do concurso p\u00fablico para o provimento do cargo de Analista-Tribut\u00e1rio da Receita Federal do Brasil (ATRFB). E para a minha felicidade e satisfa\u00e7\u00e3o, dos 750 aprovados, 256 foram meus alunos em algum de nossos cursos ministrados aqui no [&hellip;]<\/p>\n","protected":false},"author":45,"featured_media":0,"comment_status":"open","ping_status":"open","sticky":false,"template":"","format":"standard","meta":{"post_tipo":"article","footnotes":""},"categories":[1],"tags":[],"tax_estado":[],"class_list":["post-9507","post","type-post","status-publish","format-standard","hentry","category-cursos-e-concursos"],"acf":[],"yoast_head":"<!-- This site is optimized with the Yoast SEO Premium plugin v27.2 (Yoast SEO v27.2) - https:\/\/yoast.com\/product\/yoast-seo-premium-wordpress\/ -->\n<title>256 Alunos Aprovados no ATRFB!!! =)<\/title>\n<meta name=\"robots\" content=\"index, follow, max-snippet:-1, max-image-preview:large, max-video-preview:-1\" \/>\n<link rel=\"canonical\" href=\"https:\/\/www.estrategiaconcursos.com.br\/blog\/256-alunos-aprovados-no-atrfb-4\/\" \/>\n<meta property=\"og:locale\" content=\"pt_BR\" \/>\n<meta property=\"og:type\" content=\"article\" \/>\n<meta property=\"og:title\" content=\"256 Alunos Aprovados no ATRFB!!! =)\" \/>\n<meta property=\"og:description\" content=\"Boa tarde Concurseiro! =) Na tarde de hoje foi publicado, no site da ESAF, o resultado definitivo do concurso p\u00fablico para o provimento do cargo de Analista-Tribut\u00e1rio da Receita Federal do Brasil (ATRFB). E para a minha felicidade e satisfa\u00e7\u00e3o, dos 750 aprovados, 256 foram meus alunos em algum de nossos cursos ministrados aqui no [&hellip;]\" \/>\n<meta property=\"og:url\" content=\"https:\/\/www.estrategiaconcursos.com.br\/blog\/256-alunos-aprovados-no-atrfb-4\/\" \/>\n<meta property=\"og:site_name\" content=\"Estrat\u00e9gia Concursos\" \/>\n<meta property=\"article:author\" content=\"http:\/\/www.facebook.com\/amjaha\" \/>\n<meta property=\"article:published_time\" content=\"2012-12-28T18:22:42+00:00\" \/>\n<meta property=\"article:modified_time\" content=\"2016-03-10T14:34:08+00:00\" \/>\n<meta name=\"author\" content=\"Ali Mohamad Jaha\" \/>\n<meta name=\"twitter:card\" content=\"summary_large_image\" \/>\n<meta name=\"twitter:creator\" content=\"@EstratConcursos\" \/>\n<meta name=\"twitter:site\" content=\"@EstratConcursos\" \/>\n<meta name=\"twitter:label1\" content=\"Escrito por\" \/>\n\t<meta name=\"twitter:data1\" content=\"Ali Mohamad Jaha\" \/>\n\t<meta name=\"twitter:label2\" content=\"Est. tempo de leitura\" \/>\n\t<meta name=\"twitter:data2\" content=\"8 minutos\" \/>\n<script type=\"application\/ld+json\" class=\"yoast-schema-graph\">{\"@context\":\"https:\/\/schema.org\",\"@graph\":[{\"@type\":\"NewsArticle\",\"@id\":\"https:\/\/www.estrategiaconcursos.com.br\/blog\/256-alunos-aprovados-no-atrfb-4\/#article\",\"isPartOf\":{\"@id\":\"https:\/\/www.estrategiaconcursos.com.br\/blog\/256-alunos-aprovados-no-atrfb-4\/\"},\"author\":{\"name\":\"Ali Mohamad Jaha\",\"@id\":\"https:\/\/www.estrategiaconcursos.com.br\/blog\/#\/schema\/person\/5caef5684d9fe56108eff29afc128dca\"},\"headline\":\"256 Alunos Aprovados no ATRFB!!! =)\",\"datePublished\":\"2012-12-28T18:22:42+00:00\",\"dateModified\":\"2016-03-10T14:34:08+00:00\",\"mainEntityOfPage\":{\"@id\":\"https:\/\/www.estrategiaconcursos.com.br\/blog\/256-alunos-aprovados-no-atrfb-4\/\"},\"wordCount\":1666,\"commentCount\":0,\"publisher\":{\"@id\":\"https:\/\/www.estrategiaconcursos.com.br\/blog\/#organization\"},\"articleSection\":[\"Concursos P\u00fablicos\"],\"inLanguage\":\"pt-BR\",\"potentialAction\":[{\"@type\":\"CommentAction\",\"name\":\"Comment\",\"target\":[\"https:\/\/www.estrategiaconcursos.com.br\/blog\/256-alunos-aprovados-no-atrfb-4\/#respond\"]}],\"copyrightYear\":\"2012\",\"copyrightHolder\":{\"@id\":\"https:\/\/www.estrategiaconcursos.com.br\/blog\/#organization\"}},{\"@type\":\"WebPage\",\"@id\":\"https:\/\/www.estrategiaconcursos.com.br\/blog\/256-alunos-aprovados-no-atrfb-4\/\",\"url\":\"https:\/\/www.estrategiaconcursos.com.br\/blog\/256-alunos-aprovados-no-atrfb-4\/\",\"name\":\"256 Alunos Aprovados no ATRFB!!! =)\",\"isPartOf\":{\"@id\":\"https:\/\/www.estrategiaconcursos.com.br\/blog\/#website\"},\"datePublished\":\"2012-12-28T18:22:42+00:00\",\"dateModified\":\"2016-03-10T14:34:08+00:00\",\"breadcrumb\":{\"@id\":\"https:\/\/www.estrategiaconcursos.com.br\/blog\/256-alunos-aprovados-no-atrfb-4\/#breadcrumb\"},\"inLanguage\":\"pt-BR\",\"potentialAction\":[{\"@type\":\"ReadAction\",\"target\":[\"https:\/\/www.estrategiaconcursos.com.br\/blog\/256-alunos-aprovados-no-atrfb-4\/\"]}]},{\"@type\":\"BreadcrumbList\",\"@id\":\"https:\/\/www.estrategiaconcursos.com.br\/blog\/256-alunos-aprovados-no-atrfb-4\/#breadcrumb\",\"itemListElement\":[{\"@type\":\"ListItem\",\"position\":1,\"name\":\"In\u00edcio\",\"item\":\"https:\/\/www.estrategiaconcursos.com.br\/blog\/\"},{\"@type\":\"ListItem\",\"position\":2,\"name\":\"256 Alunos Aprovados no ATRFB!!! =)\"}]},{\"@type\":\"WebSite\",\"@id\":\"https:\/\/www.estrategiaconcursos.com.br\/blog\/#website\",\"url\":\"https:\/\/www.estrategiaconcursos.com.br\/blog\/\",\"name\":\"Estrat\u00e9gia Concursos\",\"description\":\"O blog da Estrat\u00e9gia Concursos traz not\u00edcias sobre concursos e artigos de professores oferecendo cursos para concursos (pdf + videaulas) no site.\",\"publisher\":{\"@id\":\"https:\/\/www.estrategiaconcursos.com.br\/blog\/#organization\"},\"potentialAction\":[{\"@type\":\"SearchAction\",\"target\":{\"@type\":\"EntryPoint\",\"urlTemplate\":\"https:\/\/www.estrategiaconcursos.com.br\/blog\/?s={search_term_string}\"},\"query-input\":{\"@type\":\"PropertyValueSpecification\",\"valueRequired\":true,\"valueName\":\"search_term_string\"}}],\"inLanguage\":\"pt-BR\"},{\"@type\":\"Organization\",\"@id\":\"https:\/\/www.estrategiaconcursos.com.br\/blog\/#organization\",\"name\":\"Estrat\u00e9gia Concursos\",\"url\":\"https:\/\/www.estrategiaconcursos.com.br\/blog\/\",\"logo\":{\"@type\":\"ImageObject\",\"inLanguage\":\"pt-BR\",\"@id\":\"https:\/\/www.estrategiaconcursos.com.br\/blog\/#\/schema\/logo\/image\/\",\"url\":\"https:\/\/dhg1h5j42swfq.cloudfront.net\/2025\/06\/03203428\/logo_concursos-1.jpg\",\"contentUrl\":\"https:\/\/dhg1h5j42swfq.cloudfront.net\/2025\/06\/03203428\/logo_concursos-1.jpg\",\"width\":230,\"height\":60,\"caption\":\"Estrat\u00e9gia Concursos\"},\"image\":{\"@id\":\"https:\/\/www.estrategiaconcursos.com.br\/blog\/#\/schema\/logo\/image\/\"},\"sameAs\":[\"https:\/\/x.com\/EstratConcursos\"]},{\"@type\":\"Person\",\"@id\":\"https:\/\/www.estrategiaconcursos.com.br\/blog\/#\/schema\/person\/5caef5684d9fe56108eff29afc128dca\",\"name\":\"Ali Mohamad Jaha\",\"image\":{\"@type\":\"ImageObject\",\"inLanguage\":\"pt-BR\",\"@id\":\"https:\/\/secure.gravatar.com\/avatar\/d2d32b2c5ba0b3d1fcbc7c351539c7f9052f5e52461adc4d346787a9c2579056?s=96&d=mm&r=g\",\"url\":\"https:\/\/secure.gravatar.com\/avatar\/d2d32b2c5ba0b3d1fcbc7c351539c7f9052f5e52461adc4d346787a9c2579056?s=96&d=mm&r=g\",\"contentUrl\":\"https:\/\/secure.gravatar.com\/avatar\/d2d32b2c5ba0b3d1fcbc7c351539c7f9052f5e52461adc4d346787a9c2579056?s=96&d=mm&r=g\",\"caption\":\"Ali Mohamad Jaha\"},\"description\":\"Professor de Direito Previdenci\u00e1rio, Legisla\u00e7\u00e3o Previdenci\u00e1ria, Legisla\u00e7\u00e3o da Sa\u00fade, Legisla\u00e7\u00e3o Espec\u00edfica e Discursivas. Auditor-Fiscal da Receita Federal do Brasil \u2013 DRF-Cascavel\/PR. Especialista em Administra\u00e7\u00e3o Tribut\u00e1ria pela Universidade Castelo Branco\/RJ. Especialista em Gest\u00e3o de Pol\u00edticas P\u00fablicas pela Universidade do Iva\u00ed\/PR. Bacharel em Engenharia Civil pela Universidade Estadual de Maring\u00e1\/PR.\",\"sameAs\":[\"http:\/\/www.facebook.com\/amjaha\"],\"url\":\"https:\/\/www.estrategiaconcursos.com.br\/blog\/author\/alijahaestrategiaconcursos-com-br\/\"}]}<\/script>\n<!-- \/ Yoast SEO Premium plugin. -->","yoast_head_json":{"title":"256 Alunos Aprovados no ATRFB!!! =)","robots":{"index":"index","follow":"follow","max-snippet":"max-snippet:-1","max-image-preview":"max-image-preview:large","max-video-preview":"max-video-preview:-1"},"canonical":"https:\/\/www.estrategiaconcursos.com.br\/blog\/256-alunos-aprovados-no-atrfb-4\/","og_locale":"pt_BR","og_type":"article","og_title":"256 Alunos Aprovados no ATRFB!!! =)","og_description":"Boa tarde Concurseiro! =) Na tarde de hoje foi publicado, no site da ESAF, o resultado definitivo do concurso p\u00fablico para o provimento do cargo de Analista-Tribut\u00e1rio da Receita Federal do Brasil (ATRFB). E para a minha felicidade e satisfa\u00e7\u00e3o, dos 750 aprovados, 256 foram meus alunos em algum de nossos cursos ministrados aqui no [&hellip;]","og_url":"https:\/\/www.estrategiaconcursos.com.br\/blog\/256-alunos-aprovados-no-atrfb-4\/","og_site_name":"Estrat\u00e9gia Concursos","article_author":"http:\/\/www.facebook.com\/amjaha","article_published_time":"2012-12-28T18:22:42+00:00","article_modified_time":"2016-03-10T14:34:08+00:00","author":"Ali Mohamad Jaha","twitter_card":"summary_large_image","twitter_creator":"@EstratConcursos","twitter_site":"@EstratConcursos","twitter_misc":{"Escrito por":"Ali Mohamad Jaha","Est. tempo de leitura":"8 minutos"},"schema":{"@context":"https:\/\/schema.org","@graph":[{"@type":"NewsArticle","@id":"https:\/\/www.estrategiaconcursos.com.br\/blog\/256-alunos-aprovados-no-atrfb-4\/#article","isPartOf":{"@id":"https:\/\/www.estrategiaconcursos.com.br\/blog\/256-alunos-aprovados-no-atrfb-4\/"},"author":{"name":"Ali Mohamad Jaha","@id":"https:\/\/www.estrategiaconcursos.com.br\/blog\/#\/schema\/person\/5caef5684d9fe56108eff29afc128dca"},"headline":"256 Alunos Aprovados no ATRFB!!! =)","datePublished":"2012-12-28T18:22:42+00:00","dateModified":"2016-03-10T14:34:08+00:00","mainEntityOfPage":{"@id":"https:\/\/www.estrategiaconcursos.com.br\/blog\/256-alunos-aprovados-no-atrfb-4\/"},"wordCount":1666,"commentCount":0,"publisher":{"@id":"https:\/\/www.estrategiaconcursos.com.br\/blog\/#organization"},"articleSection":["Concursos P\u00fablicos"],"inLanguage":"pt-BR","potentialAction":[{"@type":"CommentAction","name":"Comment","target":["https:\/\/www.estrategiaconcursos.com.br\/blog\/256-alunos-aprovados-no-atrfb-4\/#respond"]}],"copyrightYear":"2012","copyrightHolder":{"@id":"https:\/\/www.estrategiaconcursos.com.br\/blog\/#organization"}},{"@type":"WebPage","@id":"https:\/\/www.estrategiaconcursos.com.br\/blog\/256-alunos-aprovados-no-atrfb-4\/","url":"https:\/\/www.estrategiaconcursos.com.br\/blog\/256-alunos-aprovados-no-atrfb-4\/","name":"256 Alunos Aprovados no ATRFB!!! =)","isPartOf":{"@id":"https:\/\/www.estrategiaconcursos.com.br\/blog\/#website"},"datePublished":"2012-12-28T18:22:42+00:00","dateModified":"2016-03-10T14:34:08+00:00","breadcrumb":{"@id":"https:\/\/www.estrategiaconcursos.com.br\/blog\/256-alunos-aprovados-no-atrfb-4\/#breadcrumb"},"inLanguage":"pt-BR","potentialAction":[{"@type":"ReadAction","target":["https:\/\/www.estrategiaconcursos.com.br\/blog\/256-alunos-aprovados-no-atrfb-4\/"]}]},{"@type":"BreadcrumbList","@id":"https:\/\/www.estrategiaconcursos.com.br\/blog\/256-alunos-aprovados-no-atrfb-4\/#breadcrumb","itemListElement":[{"@type":"ListItem","position":1,"name":"In\u00edcio","item":"https:\/\/www.estrategiaconcursos.com.br\/blog\/"},{"@type":"ListItem","position":2,"name":"256 Alunos Aprovados no ATRFB!!! =)"}]},{"@type":"WebSite","@id":"https:\/\/www.estrategiaconcursos.com.br\/blog\/#website","url":"https:\/\/www.estrategiaconcursos.com.br\/blog\/","name":"Estrat\u00e9gia Concursos","description":"O blog da Estrat\u00e9gia Concursos traz not\u00edcias sobre concursos e artigos de professores oferecendo cursos para concursos (pdf + videaulas) no site.","publisher":{"@id":"https:\/\/www.estrategiaconcursos.com.br\/blog\/#organization"},"potentialAction":[{"@type":"SearchAction","target":{"@type":"EntryPoint","urlTemplate":"https:\/\/www.estrategiaconcursos.com.br\/blog\/?s={search_term_string}"},"query-input":{"@type":"PropertyValueSpecification","valueRequired":true,"valueName":"search_term_string"}}],"inLanguage":"pt-BR"},{"@type":"Organization","@id":"https:\/\/www.estrategiaconcursos.com.br\/blog\/#organization","name":"Estrat\u00e9gia Concursos","url":"https:\/\/www.estrategiaconcursos.com.br\/blog\/","logo":{"@type":"ImageObject","inLanguage":"pt-BR","@id":"https:\/\/www.estrategiaconcursos.com.br\/blog\/#\/schema\/logo\/image\/","url":"https:\/\/dhg1h5j42swfq.cloudfront.net\/2025\/06\/03203428\/logo_concursos-1.jpg","contentUrl":"https:\/\/dhg1h5j42swfq.cloudfront.net\/2025\/06\/03203428\/logo_concursos-1.jpg","width":230,"height":60,"caption":"Estrat\u00e9gia Concursos"},"image":{"@id":"https:\/\/www.estrategiaconcursos.com.br\/blog\/#\/schema\/logo\/image\/"},"sameAs":["https:\/\/x.com\/EstratConcursos"]},{"@type":"Person","@id":"https:\/\/www.estrategiaconcursos.com.br\/blog\/#\/schema\/person\/5caef5684d9fe56108eff29afc128dca","name":"Ali Mohamad Jaha","image":{"@type":"ImageObject","inLanguage":"pt-BR","@id":"https:\/\/secure.gravatar.com\/avatar\/d2d32b2c5ba0b3d1fcbc7c351539c7f9052f5e52461adc4d346787a9c2579056?s=96&d=mm&r=g","url":"https:\/\/secure.gravatar.com\/avatar\/d2d32b2c5ba0b3d1fcbc7c351539c7f9052f5e52461adc4d346787a9c2579056?s=96&d=mm&r=g","contentUrl":"https:\/\/secure.gravatar.com\/avatar\/d2d32b2c5ba0b3d1fcbc7c351539c7f9052f5e52461adc4d346787a9c2579056?s=96&d=mm&r=g","caption":"Ali Mohamad Jaha"},"description":"Professor de Direito Previdenci\u00e1rio, Legisla\u00e7\u00e3o Previdenci\u00e1ria, Legisla\u00e7\u00e3o da Sa\u00fade, Legisla\u00e7\u00e3o Espec\u00edfica e Discursivas. Auditor-Fiscal da Receita Federal do Brasil \u2013 DRF-Cascavel\/PR. Especialista em Administra\u00e7\u00e3o Tribut\u00e1ria pela Universidade Castelo Branco\/RJ. Especialista em Gest\u00e3o de Pol\u00edticas P\u00fablicas pela Universidade do Iva\u00ed\/PR. Bacharel em Engenharia Civil pela Universidade Estadual de Maring\u00e1\/PR.","sameAs":["http:\/\/www.facebook.com\/amjaha"],"url":"https:\/\/www.estrategiaconcursos.com.br\/blog\/author\/alijahaestrategiaconcursos-com-br\/"}]}},"_links":{"self":[{"href":"https:\/\/www.estrategiaconcursos.com.br\/blog\/wp-json\/wp\/v2\/posts\/9507","targetHints":{"allow":["GET"]}}],"collection":[{"href":"https:\/\/www.estrategiaconcursos.com.br\/blog\/wp-json\/wp\/v2\/posts"}],"about":[{"href":"https:\/\/www.estrategiaconcursos.com.br\/blog\/wp-json\/wp\/v2\/types\/post"}],"author":[{"embeddable":true,"href":"https:\/\/www.estrategiaconcursos.com.br\/blog\/wp-json\/wp\/v2\/users\/45"}],"replies":[{"embeddable":true,"href":"https:\/\/www.estrategiaconcursos.com.br\/blog\/wp-json\/wp\/v2\/comments?post=9507"}],"version-history":[{"count":1,"href":"https:\/\/www.estrategiaconcursos.com.br\/blog\/wp-json\/wp\/v2\/posts\/9507\/revisions"}],"predecessor-version":[{"id":18872,"href":"https:\/\/www.estrategiaconcursos.com.br\/blog\/wp-json\/wp\/v2\/posts\/9507\/revisions\/18872"}],"wp:attachment":[{"href":"https:\/\/www.estrategiaconcursos.com.br\/blog\/wp-json\/wp\/v2\/media?parent=9507"}],"wp:term":[{"taxonomy":"category","embeddable":true,"href":"https:\/\/www.estrategiaconcursos.com.br\/blog\/wp-json\/wp\/v2\/categories?post=9507"},{"taxonomy":"post_tag","embeddable":true,"href":"https:\/\/www.estrategiaconcursos.com.br\/blog\/wp-json\/wp\/v2\/tags?post=9507"},{"taxonomy":"tax_estado","embeddable":true,"href":"https:\/\/www.estrategiaconcursos.com.br\/blog\/wp-json\/wp\/v2\/tax_estado?post=9507"}],"curies":[{"name":"wp","href":"https:\/\/api.w.org\/{rel}","templated":true}]}}