{"id":950470,"date":"2022-01-20T09:17:31","date_gmt":"2022-01-20T12:17:31","guid":{"rendered":"https:\/\/www.estrategiaconcursos.com.br\/blog\/?p=950470"},"modified":"2022-01-20T18:09:18","modified_gmt":"2022-01-20T21:09:18","slug":"semae-mogi-das-cruzes-concurso-cancelado","status":"publish","type":"post","link":"https:\/\/www.estrategiaconcursos.com.br\/blog\/semae-mogi-das-cruzes-concurso-cancelado\/","title":{"rendered":"SEMAE Mogi das Cruzes: concurso cancelado! Confira aqui!"},"content":{"rendered":"\n<p>O <strong>concurso do Servi\u00e7o Municipal de \u00c1guas e Esgotos (SEMAE) de Mogi das Cruzes<\/strong> est\u00e1 oficialmente cancelado. A informa\u00e7\u00e3o foi obtida, <strong>exclusivamente<\/strong>, pela equipe de jornalismo do Estrat\u00e9gia. <\/p>\n\n\n\n<p>Conforme contato com o \u00f3rg\u00e3o, fomos atualizados de que o contrato firmado com a <a href=\"https:\/\/www.vunesp.com.br\/\" target=\"_blank\" rel=\"noreferrer noopener\">Vunesp<\/a>, at\u00e9 ent\u00e3o banca do certame, precisou ser <strong>rescindido<\/strong>, por conta do adiamento na realiza\u00e7\u00e3o do certame.<\/p>\n\n\n\n<p>A decis\u00e3o foi tomada, pois ser\u00e1 necess\u00e1rio realizar uma <strong>reestrutura\u00e7\u00e3o no quadro de pessoal<\/strong>. Somente ap\u00f3s isso, uma nova sele\u00e7\u00e3o poder\u00e1 voltar a ser planejada.<\/p>\n\n\n\n<div class=\"wp-block-image\"><figure class=\"aligncenter size-large is-resized\"><img loading=\"lazy\" decoding=\"async\" src=\"https:\/\/dhg1h5j42swfq.cloudfront.net\/2022\/01\/20091159\/semae-mogi-das-cruzes-1200x900-1-1024x768.jpg\" alt=\"SEMAE Mogi das Cruzes: concurso cancelado! Confira aqui!\" class=\"wp-image-950898\" width=\"569\" height=\"427\" srcset=\"https:\/\/dhg1h5j42swfq.cloudfront.net\/2022\/01\/20091159\/semae-mogi-das-cruzes-1200x900-1-1024x768.jpg 1024w, https:\/\/dhg1h5j42swfq.cloudfront.net\/2022\/01\/20091159\/semae-mogi-das-cruzes-1200x900-1-300x225.jpg 300w, https:\/\/dhg1h5j42swfq.cloudfront.net\/2022\/01\/20091159\/semae-mogi-das-cruzes-1200x900-1-768x576.jpg 768w, https:\/\/dhg1h5j42swfq.cloudfront.net\/2022\/01\/20091159\/semae-mogi-das-cruzes-1200x900-1-610x458.jpg 610w, https:\/\/dhg1h5j42swfq.cloudfront.net\/2022\/01\/20091159\/semae-mogi-das-cruzes-1200x900-1.jpg 1200w\" sizes=\"auto, (max-width: 569px) 100vw, 569px\" \/><\/figure><\/div>\n\n\n\n<p>Dessa forma, ainda <strong>n\u00e3o h\u00e1 uma previs\u00e3o<\/strong> de quando o concurso deve ocorrer. Vale lembrar que, at\u00e9 ent\u00e3o, ainda n\u00e3o haviam sido divulgadas informa\u00e7\u00f5es sobre n\u00famero de vagas e cargos.<\/p>\n\n\n\n<p>O \u00faltimo concurso da Semae Mogi das Cruzes aconteceu em <strong>2014<\/strong>, sob organiza\u00e7\u00e3o a CAIP. Na ocasi\u00e3o, foram ofertadas 168 vagas.<\/p>\n\n\n\n<p class=\"has-text-align-center\"><em>Quer ficar por dentro de todas as informa\u00e7\u00f5es sobre o concurso Semae Mogi das Cruzes? Ent\u00e3o n\u00e3o deixe de conferir nosso artigo completo sobre a sele\u00e7\u00e3o:<\/em><\/p>\n\n\n\n<p class=\"has-text-align-center has-luminous-vivid-amber-background-color has-background has-medium-font-size\"><strong>Mais informa\u00e7\u00f5es: <a href=\"https:\/\/www.estrategiaconcursos.com.br\/blog\/concurso-semae-mogi-das-cruzes\" target=\"_blank\" rel=\"noreferrer noopener\">Concurso SEMAE Mogi das Cruzes<\/a><\/strong><\/p>\n\n\n\n<div class=\"container\" id=\"boxes\">\n  <div class=\"row\">\n\n    <div class=\"col-sm\">\n      <div class=\"banner-adm\" id=\"box-assinatura\">\n        <h3 class=\"titulo-assinatura\">Concurso SEMAE Mogi das Cruzes<\/h3>\n        <p class=\"subtitulo-assinatura\">Estude conosco<\/p>\n        <div class=\"box-botao\">\n          <a class=\"btn-assinatura\" target=\"_blank\" href=\"https:\/\/www.estrategiaconcursos.com.br\/cursos\/\" role=\"button\" rel=\"noopener noreferrer\">Conhe\u00e7a os cursos<\/a>\n        <\/div>\n      <\/div>\n    \n    <\/div>\n\n  <\/div>\n<\/div>\n\n\n\n<div class=\"container\" id=\"boxes\">\n  <div class=\"row\">\n\n    <div class=\"col-sm\">\n      <div class=\"estrategia\" id=\"box-assinatura\">\n        <h3 class=\"titulo-assinatura\">Assinatura Concursos<\/h3>\n        <p class=\"subtitulo-assinatura\">Assinatura de 1 ano ou 2 anos<\/p>\n        <div class=\"box-botao\">\n          <a class=\"btn-assinatura\" target=\"_blank\" href=\"https:\/\/www.estrategiaconcursos.com.br\/assinaturas\/\" role=\"button\" rel=\"noopener noreferrer\">ASSINE AGORA<\/a>\n        <\/div>\n      <\/div><\/div><\/div><\/div>\n\n\n\n<h2 class=\"has-text-align-center wp-block-heading\" id=\"h-quer-saber-tudo-sobre-concursos-previstos-confira-nossos-artigos\">Quer saber tudo sobre concursos previstos?<br \/>Confira nossos artigos!<\/h2>\n\n\n\n<ul class=\"wp-block-list\"><li><a href=\"https:\/\/www.estrategiaconcursos.com.br\/blog\/concursos-abertos\/\" target=\"_blank\" rel=\"noreferrer noopener\">Concursos abertos<\/a><\/li><li><a href=\"https:\/\/www.estrategiaconcursos.com.br\/blog\/concursos-2022\/\" target=\"_blank\" rel=\"noreferrer noopener\">Concursos 2022<\/a><\/li><\/ul>\n","protected":false},"excerpt":{"rendered":"<p>O concurso do Servi\u00e7o Municipal de \u00c1guas e Esgotos (SEMAE) de Mogi das Cruzes est\u00e1 oficialmente cancelado. A informa\u00e7\u00e3o foi obtida, exclusivamente, pela equipe de jornalismo do Estrat\u00e9gia. Conforme contato com o \u00f3rg\u00e3o, fomos atualizados de que o contrato firmado com a Vunesp, at\u00e9 ent\u00e3o banca do certame, precisou ser rescindido, por conta do adiamento [&hellip;]<\/p>\n","protected":false},"author":583,"featured_media":616643,"comment_status":"open","ping_status":"closed","sticky":false,"template":"","format":"standard","meta":{"post_tipo":"news","footnotes":""},"categories":[214992,220219],"tags":[],"tax_estado":[219989],"class_list":["post-950470","post","type-post","status-publish","format-standard","has-post-thumbnail","hentry","category-concursos-administrativos","category-noticias","tax_estado-sp"],"acf":[],"yoast_head":"<!-- This site is optimized with the Yoast SEO Premium plugin v27.2 (Yoast SEO v27.2) - https:\/\/yoast.com\/product\/yoast-seo-premium-wordpress\/ -->\n<title>SEMAE Mogi das Cruzes: concurso cancelado! Confira aqui!<\/title>\n<meta name=\"description\" content=\"Concurso SEMAE Mogi das Cruzes: contrato com a Funda\u00e7\u00e3o Vunesp \u00e9 rescindido e certame cancelado. Quadro de pessoal deve ser reestruturado.\" \/>\n<meta name=\"robots\" content=\"index, follow, max-snippet:-1, max-image-preview:large, max-video-preview:-1\" \/>\n<link rel=\"canonical\" href=\"https:\/\/www.estrategiaconcursos.com.br\/blog\/semae-mogi-das-cruzes-concurso-cancelado\/\" \/>\n<meta property=\"og:locale\" content=\"pt_BR\" \/>\n<meta property=\"og:type\" content=\"article\" \/>\n<meta property=\"og:title\" content=\"SEMAE Mogi das Cruzes: concurso cancelado! Confira aqui!\" \/>\n<meta property=\"og:description\" content=\"Concurso SEMAE Mogi das Cruzes: contrato com a Funda\u00e7\u00e3o Vunesp \u00e9 rescindido e certame cancelado. Quadro de pessoal deve ser reestruturado.\" \/>\n<meta property=\"og:url\" content=\"https:\/\/www.estrategiaconcursos.com.br\/blog\/semae-mogi-das-cruzes-concurso-cancelado\/\" \/>\n<meta property=\"og:site_name\" content=\"Estrat\u00e9gia Concursos\" \/>\n<meta property=\"article:published_time\" content=\"2022-01-20T12:17:31+00:00\" \/>\n<meta property=\"article:modified_time\" content=\"2022-01-20T21:09:18+00:00\" \/>\n<meta property=\"og:image\" content=\"https:\/\/dhg1h5j42swfq.cloudfront.net\/2019\/12\/25101648\/MOGI-1.jpg\" \/>\n\t<meta property=\"og:image:width\" content=\"1200\" \/>\n\t<meta property=\"og:image:height\" content=\"628\" \/>\n\t<meta property=\"og:image:type\" content=\"image\/jpeg\" \/>\n<meta name=\"author\" content=\"Camila Leite\" \/>\n<meta name=\"twitter:card\" content=\"summary_large_image\" \/>\n<meta name=\"twitter:creator\" content=\"@EstratConcursos\" \/>\n<meta name=\"twitter:site\" content=\"@EstratConcursos\" \/>\n<meta name=\"twitter:label1\" content=\"Escrito por\" \/>\n\t<meta name=\"twitter:data1\" content=\"Camila Leite\" \/>\n\t<meta name=\"twitter:label2\" content=\"Est. tempo de leitura\" \/>\n\t<meta name=\"twitter:data2\" content=\"2 minutos\" \/>\n<script type=\"application\/ld+json\" class=\"yoast-schema-graph\">{\"@context\":\"https:\/\/schema.org\",\"@graph\":[{\"@type\":\"NewsArticle\",\"@id\":\"https:\/\/www.estrategiaconcursos.com.br\/blog\/semae-mogi-das-cruzes-concurso-cancelado\/#article\",\"isPartOf\":{\"@id\":\"https:\/\/www.estrategiaconcursos.com.br\/blog\/semae-mogi-das-cruzes-concurso-cancelado\/\"},\"author\":{\"name\":\"Camila Leite\",\"@id\":\"https:\/\/www.estrategiaconcursos.com.br\/blog\/#\/schema\/person\/db8724bac5a760038e4ccf70f5ef0982\"},\"headline\":\"SEMAE Mogi das Cruzes: concurso cancelado! Confira aqui!\",\"datePublished\":\"2022-01-20T12:17:31+00:00\",\"dateModified\":\"2022-01-20T21:09:18+00:00\",\"mainEntityOfPage\":{\"@id\":\"https:\/\/www.estrategiaconcursos.com.br\/blog\/semae-mogi-das-cruzes-concurso-cancelado\/\"},\"wordCount\":230,\"commentCount\":0,\"publisher\":{\"@id\":\"https:\/\/www.estrategiaconcursos.com.br\/blog\/#organization\"},\"image\":{\"@id\":\"https:\/\/www.estrategiaconcursos.com.br\/blog\/semae-mogi-das-cruzes-concurso-cancelado\/#primaryimage\"},\"thumbnailUrl\":\"https:\/\/dhg1h5j42swfq.cloudfront.net\/2019\/12\/25101648\/MOGI-1.jpg\",\"articleSection\":[\"Executivo (Administrativa)\",\"\u00daltimas not\u00edcias\"],\"inLanguage\":\"pt-BR\",\"potentialAction\":[{\"@type\":\"CommentAction\",\"name\":\"Comment\",\"target\":[\"https:\/\/www.estrategiaconcursos.com.br\/blog\/semae-mogi-das-cruzes-concurso-cancelado\/#respond\"]}],\"copyrightYear\":\"2022\",\"copyrightHolder\":{\"@id\":\"https:\/\/www.estrategiaconcursos.com.br\/blog\/#organization\"}},{\"@type\":\"WebPage\",\"@id\":\"https:\/\/www.estrategiaconcursos.com.br\/blog\/semae-mogi-das-cruzes-concurso-cancelado\/\",\"url\":\"https:\/\/www.estrategiaconcursos.com.br\/blog\/semae-mogi-das-cruzes-concurso-cancelado\/\",\"name\":\"SEMAE Mogi das Cruzes: concurso cancelado! Confira aqui!\",\"isPartOf\":{\"@id\":\"https:\/\/www.estrategiaconcursos.com.br\/blog\/#website\"},\"primaryImageOfPage\":{\"@id\":\"https:\/\/www.estrategiaconcursos.com.br\/blog\/semae-mogi-das-cruzes-concurso-cancelado\/#primaryimage\"},\"image\":{\"@id\":\"https:\/\/www.estrategiaconcursos.com.br\/blog\/semae-mogi-das-cruzes-concurso-cancelado\/#primaryimage\"},\"thumbnailUrl\":\"https:\/\/dhg1h5j42swfq.cloudfront.net\/2019\/12\/25101648\/MOGI-1.jpg\",\"datePublished\":\"2022-01-20T12:17:31+00:00\",\"dateModified\":\"2022-01-20T21:09:18+00:00\",\"description\":\"Concurso SEMAE Mogi das Cruzes: contrato com a Funda\u00e7\u00e3o Vunesp \u00e9 rescindido e certame cancelado. Quadro de pessoal deve ser reestruturado.\",\"breadcrumb\":{\"@id\":\"https:\/\/www.estrategiaconcursos.com.br\/blog\/semae-mogi-das-cruzes-concurso-cancelado\/#breadcrumb\"},\"inLanguage\":\"pt-BR\",\"potentialAction\":[{\"@type\":\"ReadAction\",\"target\":[\"https:\/\/www.estrategiaconcursos.com.br\/blog\/semae-mogi-das-cruzes-concurso-cancelado\/\"]}]},{\"@type\":\"ImageObject\",\"inLanguage\":\"pt-BR\",\"@id\":\"https:\/\/www.estrategiaconcursos.com.br\/blog\/semae-mogi-das-cruzes-concurso-cancelado\/#primaryimage\",\"url\":\"https:\/\/dhg1h5j42swfq.cloudfront.net\/2019\/12\/25101648\/MOGI-1.jpg\",\"contentUrl\":\"https:\/\/dhg1h5j42swfq.cloudfront.net\/2019\/12\/25101648\/MOGI-1.jpg\",\"width\":1200,\"height\":628},{\"@type\":\"BreadcrumbList\",\"@id\":\"https:\/\/www.estrategiaconcursos.com.br\/blog\/semae-mogi-das-cruzes-concurso-cancelado\/#breadcrumb\",\"itemListElement\":[{\"@type\":\"ListItem\",\"position\":1,\"name\":\"In\u00edcio\",\"item\":\"https:\/\/www.estrategiaconcursos.com.br\/blog\/\"},{\"@type\":\"ListItem\",\"position\":2,\"name\":\"SEMAE Mogi das Cruzes: concurso cancelado! Confira aqui!\"}]},{\"@type\":\"WebSite\",\"@id\":\"https:\/\/www.estrategiaconcursos.com.br\/blog\/#website\",\"url\":\"https:\/\/www.estrategiaconcursos.com.br\/blog\/\",\"name\":\"Estrat\u00e9gia Concursos\",\"description\":\"O blog da Estrat\u00e9gia Concursos traz not\u00edcias sobre concursos e artigos de professores oferecendo cursos para concursos (pdf + videaulas) no site.\",\"publisher\":{\"@id\":\"https:\/\/www.estrategiaconcursos.com.br\/blog\/#organization\"},\"potentialAction\":[{\"@type\":\"SearchAction\",\"target\":{\"@type\":\"EntryPoint\",\"urlTemplate\":\"https:\/\/www.estrategiaconcursos.com.br\/blog\/?s={search_term_string}\"},\"query-input\":{\"@type\":\"PropertyValueSpecification\",\"valueRequired\":true,\"valueName\":\"search_term_string\"}}],\"inLanguage\":\"pt-BR\"},{\"@type\":\"Organization\",\"@id\":\"https:\/\/www.estrategiaconcursos.com.br\/blog\/#organization\",\"name\":\"Estrat\u00e9gia Concursos\",\"url\":\"https:\/\/www.estrategiaconcursos.com.br\/blog\/\",\"logo\":{\"@type\":\"ImageObject\",\"inLanguage\":\"pt-BR\",\"@id\":\"https:\/\/www.estrategiaconcursos.com.br\/blog\/#\/schema\/logo\/image\/\",\"url\":\"https:\/\/dhg1h5j42swfq.cloudfront.net\/2025\/06\/03203428\/logo_concursos-1.jpg\",\"contentUrl\":\"https:\/\/dhg1h5j42swfq.cloudfront.net\/2025\/06\/03203428\/logo_concursos-1.jpg\",\"width\":230,\"height\":60,\"caption\":\"Estrat\u00e9gia Concursos\"},\"image\":{\"@id\":\"https:\/\/www.estrategiaconcursos.com.br\/blog\/#\/schema\/logo\/image\/\"},\"sameAs\":[\"https:\/\/x.com\/EstratConcursos\"]},{\"@type\":\"Person\",\"@id\":\"https:\/\/www.estrategiaconcursos.com.br\/blog\/#\/schema\/person\/db8724bac5a760038e4ccf70f5ef0982\",\"name\":\"Camila Leite\",\"image\":{\"@type\":\"ImageObject\",\"inLanguage\":\"pt-BR\",\"@id\":\"https:\/\/secure.gravatar.com\/avatar\/01eea2a9fff7395278d6f5bc2f2de9deeef3e67190f5abe8f9955ac67d5629f5?s=96&d=mm&r=g\",\"url\":\"https:\/\/secure.gravatar.com\/avatar\/01eea2a9fff7395278d6f5bc2f2de9deeef3e67190f5abe8f9955ac67d5629f5?s=96&d=mm&r=g\",\"contentUrl\":\"https:\/\/secure.gravatar.com\/avatar\/01eea2a9fff7395278d6f5bc2f2de9deeef3e67190f5abe8f9955ac67d5629f5?s=96&d=mm&r=g\",\"caption\":\"Camila Leite\"},\"url\":\"https:\/\/www.estrategiaconcursos.com.br\/blog\/author\/camila-leite\/\"}]}<\/script>\n<!-- \/ Yoast SEO Premium plugin. -->","yoast_head_json":{"title":"SEMAE Mogi das Cruzes: concurso cancelado! Confira aqui!","description":"Concurso SEMAE Mogi das Cruzes: contrato com a Funda\u00e7\u00e3o Vunesp \u00e9 rescindido e certame cancelado. Quadro de pessoal deve ser reestruturado.","robots":{"index":"index","follow":"follow","max-snippet":"max-snippet:-1","max-image-preview":"max-image-preview:large","max-video-preview":"max-video-preview:-1"},"canonical":"https:\/\/www.estrategiaconcursos.com.br\/blog\/semae-mogi-das-cruzes-concurso-cancelado\/","og_locale":"pt_BR","og_type":"article","og_title":"SEMAE Mogi das Cruzes: concurso cancelado! Confira aqui!","og_description":"Concurso SEMAE Mogi das Cruzes: contrato com a Funda\u00e7\u00e3o Vunesp \u00e9 rescindido e certame cancelado. Quadro de pessoal deve ser reestruturado.","og_url":"https:\/\/www.estrategiaconcursos.com.br\/blog\/semae-mogi-das-cruzes-concurso-cancelado\/","og_site_name":"Estrat\u00e9gia Concursos","article_published_time":"2022-01-20T12:17:31+00:00","article_modified_time":"2022-01-20T21:09:18+00:00","og_image":[{"width":1200,"height":628,"url":"https:\/\/dhg1h5j42swfq.cloudfront.net\/2019\/12\/25101648\/MOGI-1.jpg","type":"image\/jpeg"}],"author":"Camila Leite","twitter_card":"summary_large_image","twitter_creator":"@EstratConcursos","twitter_site":"@EstratConcursos","twitter_misc":{"Escrito por":"Camila Leite","Est. tempo de leitura":"2 minutos"},"schema":{"@context":"https:\/\/schema.org","@graph":[{"@type":"NewsArticle","@id":"https:\/\/www.estrategiaconcursos.com.br\/blog\/semae-mogi-das-cruzes-concurso-cancelado\/#article","isPartOf":{"@id":"https:\/\/www.estrategiaconcursos.com.br\/blog\/semae-mogi-das-cruzes-concurso-cancelado\/"},"author":{"name":"Camila Leite","@id":"https:\/\/www.estrategiaconcursos.com.br\/blog\/#\/schema\/person\/db8724bac5a760038e4ccf70f5ef0982"},"headline":"SEMAE Mogi das Cruzes: concurso cancelado! Confira aqui!","datePublished":"2022-01-20T12:17:31+00:00","dateModified":"2022-01-20T21:09:18+00:00","mainEntityOfPage":{"@id":"https:\/\/www.estrategiaconcursos.com.br\/blog\/semae-mogi-das-cruzes-concurso-cancelado\/"},"wordCount":230,"commentCount":0,"publisher":{"@id":"https:\/\/www.estrategiaconcursos.com.br\/blog\/#organization"},"image":{"@id":"https:\/\/www.estrategiaconcursos.com.br\/blog\/semae-mogi-das-cruzes-concurso-cancelado\/#primaryimage"},"thumbnailUrl":"https:\/\/dhg1h5j42swfq.cloudfront.net\/2019\/12\/25101648\/MOGI-1.jpg","articleSection":["Executivo (Administrativa)","\u00daltimas not\u00edcias"],"inLanguage":"pt-BR","potentialAction":[{"@type":"CommentAction","name":"Comment","target":["https:\/\/www.estrategiaconcursos.com.br\/blog\/semae-mogi-das-cruzes-concurso-cancelado\/#respond"]}],"copyrightYear":"2022","copyrightHolder":{"@id":"https:\/\/www.estrategiaconcursos.com.br\/blog\/#organization"}},{"@type":"WebPage","@id":"https:\/\/www.estrategiaconcursos.com.br\/blog\/semae-mogi-das-cruzes-concurso-cancelado\/","url":"https:\/\/www.estrategiaconcursos.com.br\/blog\/semae-mogi-das-cruzes-concurso-cancelado\/","name":"SEMAE Mogi das Cruzes: concurso cancelado! Confira aqui!","isPartOf":{"@id":"https:\/\/www.estrategiaconcursos.com.br\/blog\/#website"},"primaryImageOfPage":{"@id":"https:\/\/www.estrategiaconcursos.com.br\/blog\/semae-mogi-das-cruzes-concurso-cancelado\/#primaryimage"},"image":{"@id":"https:\/\/www.estrategiaconcursos.com.br\/blog\/semae-mogi-das-cruzes-concurso-cancelado\/#primaryimage"},"thumbnailUrl":"https:\/\/dhg1h5j42swfq.cloudfront.net\/2019\/12\/25101648\/MOGI-1.jpg","datePublished":"2022-01-20T12:17:31+00:00","dateModified":"2022-01-20T21:09:18+00:00","description":"Concurso SEMAE Mogi das Cruzes: contrato com a Funda\u00e7\u00e3o Vunesp \u00e9 rescindido e certame cancelado. Quadro de pessoal deve ser reestruturado.","breadcrumb":{"@id":"https:\/\/www.estrategiaconcursos.com.br\/blog\/semae-mogi-das-cruzes-concurso-cancelado\/#breadcrumb"},"inLanguage":"pt-BR","potentialAction":[{"@type":"ReadAction","target":["https:\/\/www.estrategiaconcursos.com.br\/blog\/semae-mogi-das-cruzes-concurso-cancelado\/"]}]},{"@type":"ImageObject","inLanguage":"pt-BR","@id":"https:\/\/www.estrategiaconcursos.com.br\/blog\/semae-mogi-das-cruzes-concurso-cancelado\/#primaryimage","url":"https:\/\/dhg1h5j42swfq.cloudfront.net\/2019\/12\/25101648\/MOGI-1.jpg","contentUrl":"https:\/\/dhg1h5j42swfq.cloudfront.net\/2019\/12\/25101648\/MOGI-1.jpg","width":1200,"height":628},{"@type":"BreadcrumbList","@id":"https:\/\/www.estrategiaconcursos.com.br\/blog\/semae-mogi-das-cruzes-concurso-cancelado\/#breadcrumb","itemListElement":[{"@type":"ListItem","position":1,"name":"In\u00edcio","item":"https:\/\/www.estrategiaconcursos.com.br\/blog\/"},{"@type":"ListItem","position":2,"name":"SEMAE Mogi das Cruzes: concurso cancelado! Confira aqui!"}]},{"@type":"WebSite","@id":"https:\/\/www.estrategiaconcursos.com.br\/blog\/#website","url":"https:\/\/www.estrategiaconcursos.com.br\/blog\/","name":"Estrat\u00e9gia Concursos","description":"O blog da Estrat\u00e9gia Concursos traz not\u00edcias sobre concursos e artigos de professores oferecendo cursos para concursos (pdf + videaulas) no site.","publisher":{"@id":"https:\/\/www.estrategiaconcursos.com.br\/blog\/#organization"},"potentialAction":[{"@type":"SearchAction","target":{"@type":"EntryPoint","urlTemplate":"https:\/\/www.estrategiaconcursos.com.br\/blog\/?s={search_term_string}"},"query-input":{"@type":"PropertyValueSpecification","valueRequired":true,"valueName":"search_term_string"}}],"inLanguage":"pt-BR"},{"@type":"Organization","@id":"https:\/\/www.estrategiaconcursos.com.br\/blog\/#organization","name":"Estrat\u00e9gia Concursos","url":"https:\/\/www.estrategiaconcursos.com.br\/blog\/","logo":{"@type":"ImageObject","inLanguage":"pt-BR","@id":"https:\/\/www.estrategiaconcursos.com.br\/blog\/#\/schema\/logo\/image\/","url":"https:\/\/dhg1h5j42swfq.cloudfront.net\/2025\/06\/03203428\/logo_concursos-1.jpg","contentUrl":"https:\/\/dhg1h5j42swfq.cloudfront.net\/2025\/06\/03203428\/logo_concursos-1.jpg","width":230,"height":60,"caption":"Estrat\u00e9gia Concursos"},"image":{"@id":"https:\/\/www.estrategiaconcursos.com.br\/blog\/#\/schema\/logo\/image\/"},"sameAs":["https:\/\/x.com\/EstratConcursos"]},{"@type":"Person","@id":"https:\/\/www.estrategiaconcursos.com.br\/blog\/#\/schema\/person\/db8724bac5a760038e4ccf70f5ef0982","name":"Camila Leite","image":{"@type":"ImageObject","inLanguage":"pt-BR","@id":"https:\/\/secure.gravatar.com\/avatar\/01eea2a9fff7395278d6f5bc2f2de9deeef3e67190f5abe8f9955ac67d5629f5?s=96&d=mm&r=g","url":"https:\/\/secure.gravatar.com\/avatar\/01eea2a9fff7395278d6f5bc2f2de9deeef3e67190f5abe8f9955ac67d5629f5?s=96&d=mm&r=g","contentUrl":"https:\/\/secure.gravatar.com\/avatar\/01eea2a9fff7395278d6f5bc2f2de9deeef3e67190f5abe8f9955ac67d5629f5?s=96&d=mm&r=g","caption":"Camila Leite"},"url":"https:\/\/www.estrategiaconcursos.com.br\/blog\/author\/camila-leite\/"}]}},"_links":{"self":[{"href":"https:\/\/www.estrategiaconcursos.com.br\/blog\/wp-json\/wp\/v2\/posts\/950470","targetHints":{"allow":["GET"]}}],"collection":[{"href":"https:\/\/www.estrategiaconcursos.com.br\/blog\/wp-json\/wp\/v2\/posts"}],"about":[{"href":"https:\/\/www.estrategiaconcursos.com.br\/blog\/wp-json\/wp\/v2\/types\/post"}],"author":[{"embeddable":true,"href":"https:\/\/www.estrategiaconcursos.com.br\/blog\/wp-json\/wp\/v2\/users\/583"}],"replies":[{"embeddable":true,"href":"https:\/\/www.estrategiaconcursos.com.br\/blog\/wp-json\/wp\/v2\/comments?post=950470"}],"version-history":[{"count":2,"href":"https:\/\/www.estrategiaconcursos.com.br\/blog\/wp-json\/wp\/v2\/posts\/950470\/revisions"}],"predecessor-version":[{"id":950905,"href":"https:\/\/www.estrategiaconcursos.com.br\/blog\/wp-json\/wp\/v2\/posts\/950470\/revisions\/950905"}],"wp:featuredmedia":[{"embeddable":true,"href":"https:\/\/www.estrategiaconcursos.com.br\/blog\/wp-json\/wp\/v2\/media\/616643"}],"wp:attachment":[{"href":"https:\/\/www.estrategiaconcursos.com.br\/blog\/wp-json\/wp\/v2\/media?parent=950470"}],"wp:term":[{"taxonomy":"category","embeddable":true,"href":"https:\/\/www.estrategiaconcursos.com.br\/blog\/wp-json\/wp\/v2\/categories?post=950470"},{"taxonomy":"post_tag","embeddable":true,"href":"https:\/\/www.estrategiaconcursos.com.br\/blog\/wp-json\/wp\/v2\/tags?post=950470"},{"taxonomy":"tax_estado","embeddable":true,"href":"https:\/\/www.estrategiaconcursos.com.br\/blog\/wp-json\/wp\/v2\/tax_estado?post=950470"}],"curies":[{"name":"wp","href":"https:\/\/api.w.org\/{rel}","templated":true}]}}