{"id":950384,"date":"2022-01-21T12:00:00","date_gmt":"2022-01-21T15:00:00","guid":{"rendered":"https:\/\/www.estrategiaconcursos.com.br\/blog\/?p=950384"},"modified":"2022-01-19T13:57:06","modified_gmt":"2022-01-19T16:57:06","slug":"mpdft-promotor-curso-oral-presencial","status":"publish","type":"post","link":"https:\/\/www.estrategiaconcursos.com.br\/blog\/mpdft-promotor-curso-oral-presencial\/","title":{"rendered":"MPDFT Promotor: curso oral presencial; de 22 a 23\/01\/2022"},"content":{"rendered":"\n<p>Acontece nos dias 22 e 23\/01\/2022, das 13:30 \u00e0s 18:00, o evento presencial do concurso MPDFT que abordar\u00e1 a prova oral para o cargo de Promotor. O evento ser\u00e1 em Bras\u00edlia. <\/p>\n\n\n\n<p>Sabendo que essa etapa \u00e9 uma das mais importantes do certame, \u00e9 primordial que voc\u00ea, candidato, participe para chegar muito bem preparado no dia &#8220;D&#8221;. <\/p>\n\n\n\n<p>Confira abaixo: <\/p>\n\n\n\n<h3 class=\"wp-block-heading\">MPDFT Promotor: cronograma<\/h3>\n\n\n\n<div class=\"wp-block-image\"><figure class=\"aligncenter size-full\"><img loading=\"lazy\" decoding=\"async\" width=\"528\" height=\"537\" src=\"https:\/\/dhg1h5j42swfq.cloudfront.net\/2022\/01\/19134836\/image-384.png\" alt=\"\" class=\"wp-image-950392\" srcset=\"https:\/\/dhg1h5j42swfq.cloudfront.net\/2022\/01\/19134836\/image-384.png 528w, https:\/\/dhg1h5j42swfq.cloudfront.net\/2022\/01\/19134836\/image-384-295x300.png 295w\" sizes=\"auto, (max-width: 528px) 100vw, 528px\" \/><figcaption>MPDFT &#8211; CRONOGRAMA<\/figcaption><\/figure><\/div>\n\n\n\n<p class=\"has-text-align-center has-cyan-bluish-gray-background-color has-background has-medium-font-size\"><strong><a href=\"https:\/\/www.youtube.com\/channel\/UClbMGuYbj2Mh1m3w144ETWQ\" target=\"_blank\" rel=\"noreferrer noopener\">Youtube &#8211; Estrat\u00e9gia Carreira Jur\u00eddica<\/a><\/strong><\/p>\n\n\n\n<h3 class=\"wp-block-heading\">MPDFT Promotor: curiosidades<\/h3>\n\n\n\n<p>Nas provas orais o candidato ser\u00e1 arguido por um ou mais dos membros da Comiss\u00e3o Examinadora em sess\u00e3o p\u00fablica.<\/p>\n\n\n\n<p>Para cada Grupo de disciplina \u00e9 concedido prazo de at\u00e9 20 minutos para a argui\u00e7\u00e3o. A ordem de argui\u00e7\u00e3o dos candidatos definir-se-\u00e1 pela ordem crescente do n\u00famero de inscri\u00e7\u00e3o no concurso.<\/p>\n\n\n\n<p>O programa \u00e9 dividido em pontos e divulgado no s\u00edtio eletr\u00f4nico do Minist\u00e9rio P\u00fablico at\u00e9 5 dias antes da realiza\u00e7\u00e3o da prova oral. A argui\u00e7\u00e3o do candidato versar\u00e1 sobre o ponto do programa sorteado no momento da primeira argui\u00e7\u00e3o, de cada per\u00edodo do dia, conforme o cronograma da prova oral.<\/p>\n\n\n\n<p>\u00c0 Banca Examinadora cabe avaliar, do candidato arguido, o dom\u00ednio do conhecimento jur\u00eddico, a adequa\u00e7\u00e3o da linguagem, a articula\u00e7\u00e3o do racioc\u00ednio, a capacidade de argumenta\u00e7\u00e3o, o uso correto do vern\u00e1culo e a apresenta\u00e7\u00e3o pessoal e postura.<\/p>\n\n\n\n<p>\u00c9 atribu\u00edda nota na escala de 0 a 100 ao candidato, por grupo de disciplinas. A prova ter\u00e1 peso 1,0. A nota final da prova oral somar\u00e1 o resultado da m\u00e9dia aritm\u00e9tica simples das notas atribu\u00eddas pelos examinadores.<\/p>\n\n\n\n<p>Ser\u00e3o aprovados e habilitados para a pr\u00f3xima etapa os candidatos que obtiverem, em cada grupo, nota n\u00e3o inferior a 60 pontos.<\/p>\n\n\n\n<p class=\"has-text-align-center has-luminous-vivid-amber-background-color has-background has-medium-font-size\"><strong>Saiba mais: <a href=\"https:\/\/www.estrategiaconcursos.com.br\/blog\/concurso-mpdft-promotor\/\" target=\"_blank\" rel=\"noreferrer noopener\">concurso MPDFT Promotor<\/a><\/strong><\/p>\n\n\n\n<h2 class=\"has-text-align-center wp-block-heading\" id=\"h-quer-saber-tudo-sobre-concursos-previstos-confira-nossos-artigos\">Quer saber tudo sobre concursos previstos?<br \/>Confira nossos artigos!<\/h2>\n\n\n\n<ul class=\"wp-block-list\"><li><a href=\"https:\/\/www.estrategiaconcursos.com.br\/blog\/concursos-abertos\/\" target=\"_blank\" rel=\"noreferrer noopener\">Concursos abertos<\/a><\/li><li><a href=\"https:\/\/www.estrategiaconcursos.com.br\/blog\/concursos-2022\/\" target=\"_blank\" rel=\"noreferrer noopener\">Concursos 2022<\/a><\/li><\/ul>\n\n\n\n<h2 class=\"has-text-align-center wp-block-heading\" id=\"cursos\"><strong>Quer estudar para o concurso MPDFT Promotor?<\/strong><\/h2>\n\n\n\n<p class=\"has-text-align-center\"><em>Gostou dessa oportunidade e deseja se preparar para o concurso MPDFT Promotor Acesse e confira nosso curso abaixo:<\/em><\/p>\n\n\n\n<div id=\"boxes\" class=\"container\">\n<div class=\"row\">\n<div class=\"col-sm\">\n<div id=\"box-assinatura\" class=\"banner-ecj\">\n<h3 class=\"titulo-assinatura\">Curso MPDFT Promotor<\/h3>\n<p class=\"subtitulo-assinatura\">Conhe\u00e7a o curso<\/p>\n<div class=\"box-botao\"><a class=\"btn-assinatura\" role=\"button\" href=\"https:\/\/www.estrategiaconcursos.com.br\/cursosPorConcurso\/ministerio-publico-do-distrito-federal-e-territorios-mpdft-promotor-de-justica\/\" target=\"_blank\" rel=\"noopener noreferrer\">Conhe\u00e7a mais<\/a><\/div>\n<\/div>\n<p class=\"texto-auxiliar\"><\/p>\n<\/div>\n<\/div>\n<\/div>\n\n\n\n<div id=\"boxes\" class=\"container\">\n<div class=\"row\">\n<div class=\"col-sm\">\n<div id=\"box-assinatura\" class=\"banner-ecj\">\n<h3 class=\"titulo-assinatura\">Assinatura Jur\u00eddica<\/h3>\n<p class=\"subtitulo-assinatura\">Conhe\u00e7a os planos<\/p>\n<div class=\"box-botao\"><a class=\"btn-assinatura\" role=\"button\" href=\"https:\/\/www.estrategiaconcursos.com.br\/assinaturas-ecj\/\" target=\"_blank\" rel=\"noopener noreferrer\">Conhe\u00e7a mais<\/a><\/div>\n<\/div>\n<p class=\"texto-auxiliar\"><\/p>\n<\/div>\n<\/div>\n<\/div>\n","protected":false},"excerpt":{"rendered":"<p>Acontece nos dias 22 e 23\/01\/2022, das 13:30 \u00e0s 18:00, o evento presencial do concurso MPDFT que abordar\u00e1 a prova oral para o cargo de Promotor. O evento ser\u00e1 em Bras\u00edlia. Sabendo que essa etapa \u00e9 uma das mais importantes do certame, \u00e9 primordial que voc\u00ea, candidato, participe para chegar muito bem preparado no dia [&hellip;]<\/p>\n","protected":false},"author":1,"featured_media":705060,"comment_status":"open","ping_status":"closed","sticky":false,"template":"","format":"standard","meta":{"post_tipo":"news","footnotes":""},"categories":[220197],"tags":[],"tax_estado":[219970],"class_list":["post-950384","post","type-post","status-publish","format-standard","has-post-thumbnail","hentry","category-promotor-de-justica","tax_estado-df"],"acf":[],"yoast_head":"<!-- This site is optimized with the Yoast SEO Premium plugin v27.2 (Yoast SEO v27.2) - https:\/\/yoast.com\/product\/yoast-seo-premium-wordpress\/ -->\n<title>MPDFT Promotor: curso oral presencial; de 22 a 23\/01\/2022<\/title>\n<meta name=\"description\" content=\"Participe do Curso Oral Presencial que abordar\u00e1 uma das etapas mais importantes do concurso MPDFT Promotor.\" \/>\n<meta name=\"robots\" content=\"index, follow, max-snippet:-1, max-image-preview:large, max-video-preview:-1\" \/>\n<link rel=\"canonical\" href=\"https:\/\/www.estrategiaconcursos.com.br\/blog\/mpdft-promotor-curso-oral-presencial\/\" \/>\n<meta property=\"og:locale\" content=\"pt_BR\" \/>\n<meta property=\"og:type\" content=\"article\" \/>\n<meta property=\"og:title\" content=\"MPDFT Promotor: curso oral presencial; de 22 a 23\/01\/2022\" \/>\n<meta property=\"og:description\" content=\"Participe do Curso Oral Presencial que abordar\u00e1 uma das etapas mais importantes do concurso MPDFT Promotor.\" \/>\n<meta property=\"og:url\" content=\"https:\/\/www.estrategiaconcursos.com.br\/blog\/mpdft-promotor-curso-oral-presencial\/\" \/>\n<meta property=\"og:site_name\" content=\"Estrat\u00e9gia Concursos\" \/>\n<meta property=\"article:author\" content=\"https:\/\/www.facebook.com\/EstrategiaConcursos\" \/>\n<meta property=\"article:published_time\" content=\"2022-01-21T15:00:00+00:00\" \/>\n<meta property=\"og:image\" content=\"https:\/\/dhg1h5j42swfq.cloudfront.net\/2021\/03\/31094258\/mpdft-promotor.jpg\" \/>\n\t<meta property=\"og:image:width\" content=\"1200\" \/>\n\t<meta property=\"og:image:height\" content=\"628\" \/>\n\t<meta property=\"og:image:type\" content=\"image\/jpeg\" \/>\n<meta name=\"author\" content=\"Coordena\u00e7\u00e3o\" \/>\n<meta name=\"twitter:card\" content=\"summary_large_image\" \/>\n<meta name=\"twitter:creator\" content=\"@EstratConcursos\" \/>\n<meta name=\"twitter:site\" content=\"@EstratConcursos\" \/>\n<meta name=\"twitter:label1\" content=\"Escrito por\" \/>\n\t<meta name=\"twitter:data1\" content=\"Coordena\u00e7\u00e3o\" \/>\n\t<meta name=\"twitter:label2\" content=\"Est. tempo de leitura\" \/>\n\t<meta name=\"twitter:data2\" content=\"2 minutos\" \/>\n<script type=\"application\/ld+json\" class=\"yoast-schema-graph\">{\"@context\":\"https:\/\/schema.org\",\"@graph\":[{\"@type\":\"NewsArticle\",\"@id\":\"https:\/\/www.estrategiaconcursos.com.br\/blog\/mpdft-promotor-curso-oral-presencial\/#article\",\"isPartOf\":{\"@id\":\"https:\/\/www.estrategiaconcursos.com.br\/blog\/mpdft-promotor-curso-oral-presencial\/\"},\"author\":{\"name\":\"Coordena\u00e7\u00e3o\",\"@id\":\"https:\/\/www.estrategiaconcursos.com.br\/blog\/#\/schema\/person\/b4a388c97673c5f483d72185668afa1f\"},\"headline\":\"MPDFT Promotor: curso oral presencial; de 22 a 23\/01\/2022\",\"datePublished\":\"2022-01-21T15:00:00+00:00\",\"mainEntityOfPage\":{\"@id\":\"https:\/\/www.estrategiaconcursos.com.br\/blog\/mpdft-promotor-curso-oral-presencial\/\"},\"wordCount\":353,\"commentCount\":0,\"publisher\":{\"@id\":\"https:\/\/www.estrategiaconcursos.com.br\/blog\/#organization\"},\"image\":{\"@id\":\"https:\/\/www.estrategiaconcursos.com.br\/blog\/mpdft-promotor-curso-oral-presencial\/#primaryimage\"},\"thumbnailUrl\":\"https:\/\/dhg1h5j42swfq.cloudfront.net\/2021\/03\/31094258\/mpdft-promotor.jpg\",\"articleSection\":[\"Jur\u00eddico - Promotor de Justi\u00e7a\"],\"inLanguage\":\"pt-BR\",\"potentialAction\":[{\"@type\":\"CommentAction\",\"name\":\"Comment\",\"target\":[\"https:\/\/www.estrategiaconcursos.com.br\/blog\/mpdft-promotor-curso-oral-presencial\/#respond\"]}],\"copyrightYear\":\"2022\",\"copyrightHolder\":{\"@id\":\"https:\/\/www.estrategiaconcursos.com.br\/blog\/#organization\"}},{\"@type\":\"WebPage\",\"@id\":\"https:\/\/www.estrategiaconcursos.com.br\/blog\/mpdft-promotor-curso-oral-presencial\/\",\"url\":\"https:\/\/www.estrategiaconcursos.com.br\/blog\/mpdft-promotor-curso-oral-presencial\/\",\"name\":\"MPDFT Promotor: curso oral presencial; de 22 a 23\/01\/2022\",\"isPartOf\":{\"@id\":\"https:\/\/www.estrategiaconcursos.com.br\/blog\/#website\"},\"primaryImageOfPage\":{\"@id\":\"https:\/\/www.estrategiaconcursos.com.br\/blog\/mpdft-promotor-curso-oral-presencial\/#primaryimage\"},\"image\":{\"@id\":\"https:\/\/www.estrategiaconcursos.com.br\/blog\/mpdft-promotor-curso-oral-presencial\/#primaryimage\"},\"thumbnailUrl\":\"https:\/\/dhg1h5j42swfq.cloudfront.net\/2021\/03\/31094258\/mpdft-promotor.jpg\",\"datePublished\":\"2022-01-21T15:00:00+00:00\",\"description\":\"Participe do Curso Oral Presencial que abordar\u00e1 uma das etapas mais importantes do concurso MPDFT Promotor.\",\"breadcrumb\":{\"@id\":\"https:\/\/www.estrategiaconcursos.com.br\/blog\/mpdft-promotor-curso-oral-presencial\/#breadcrumb\"},\"inLanguage\":\"pt-BR\",\"potentialAction\":[{\"@type\":\"ReadAction\",\"target\":[\"https:\/\/www.estrategiaconcursos.com.br\/blog\/mpdft-promotor-curso-oral-presencial\/\"]}]},{\"@type\":\"ImageObject\",\"inLanguage\":\"pt-BR\",\"@id\":\"https:\/\/www.estrategiaconcursos.com.br\/blog\/mpdft-promotor-curso-oral-presencial\/#primaryimage\",\"url\":\"https:\/\/dhg1h5j42swfq.cloudfront.net\/2021\/03\/31094258\/mpdft-promotor.jpg\",\"contentUrl\":\"https:\/\/dhg1h5j42swfq.cloudfront.net\/2021\/03\/31094258\/mpdft-promotor.jpg\",\"width\":1200,\"height\":628,\"caption\":\"Concurso MPDFT Promotor\"},{\"@type\":\"BreadcrumbList\",\"@id\":\"https:\/\/www.estrategiaconcursos.com.br\/blog\/mpdft-promotor-curso-oral-presencial\/#breadcrumb\",\"itemListElement\":[{\"@type\":\"ListItem\",\"position\":1,\"name\":\"In\u00edcio\",\"item\":\"https:\/\/www.estrategiaconcursos.com.br\/blog\/\"},{\"@type\":\"ListItem\",\"position\":2,\"name\":\"MPDFT Promotor: curso oral presencial; de 22 a 23\/01\/2022\"}]},{\"@type\":\"WebSite\",\"@id\":\"https:\/\/www.estrategiaconcursos.com.br\/blog\/#website\",\"url\":\"https:\/\/www.estrategiaconcursos.com.br\/blog\/\",\"name\":\"Estrat\u00e9gia Concursos\",\"description\":\"O blog da Estrat\u00e9gia Concursos traz not\u00edcias sobre concursos e artigos de professores oferecendo cursos para concursos (pdf + videaulas) no site.\",\"publisher\":{\"@id\":\"https:\/\/www.estrategiaconcursos.com.br\/blog\/#organization\"},\"potentialAction\":[{\"@type\":\"SearchAction\",\"target\":{\"@type\":\"EntryPoint\",\"urlTemplate\":\"https:\/\/www.estrategiaconcursos.com.br\/blog\/?s={search_term_string}\"},\"query-input\":{\"@type\":\"PropertyValueSpecification\",\"valueRequired\":true,\"valueName\":\"search_term_string\"}}],\"inLanguage\":\"pt-BR\"},{\"@type\":\"Organization\",\"@id\":\"https:\/\/www.estrategiaconcursos.com.br\/blog\/#organization\",\"name\":\"Estrat\u00e9gia Concursos\",\"url\":\"https:\/\/www.estrategiaconcursos.com.br\/blog\/\",\"logo\":{\"@type\":\"ImageObject\",\"inLanguage\":\"pt-BR\",\"@id\":\"https:\/\/www.estrategiaconcursos.com.br\/blog\/#\/schema\/logo\/image\/\",\"url\":\"https:\/\/dhg1h5j42swfq.cloudfront.net\/2025\/06\/03203428\/logo_concursos-1.jpg\",\"contentUrl\":\"https:\/\/dhg1h5j42swfq.cloudfront.net\/2025\/06\/03203428\/logo_concursos-1.jpg\",\"width\":230,\"height\":60,\"caption\":\"Estrat\u00e9gia Concursos\"},\"image\":{\"@id\":\"https:\/\/www.estrategiaconcursos.com.br\/blog\/#\/schema\/logo\/image\/\"},\"sameAs\":[\"https:\/\/x.com\/EstratConcursos\"]},{\"@type\":\"Person\",\"@id\":\"https:\/\/www.estrategiaconcursos.com.br\/blog\/#\/schema\/person\/b4a388c97673c5f483d72185668afa1f\",\"name\":\"Coordena\u00e7\u00e3o\",\"image\":{\"@type\":\"ImageObject\",\"inLanguage\":\"pt-BR\",\"@id\":\"https:\/\/secure.gravatar.com\/avatar\/b720319e4c9a967eb58678d110f4fe35452fc5d5f97b202bac7b8acceb18c6ad?s=96&d=mm&r=g\",\"url\":\"https:\/\/secure.gravatar.com\/avatar\/b720319e4c9a967eb58678d110f4fe35452fc5d5f97b202bac7b8acceb18c6ad?s=96&d=mm&r=g\",\"contentUrl\":\"https:\/\/secure.gravatar.com\/avatar\/b720319e4c9a967eb58678d110f4fe35452fc5d5f97b202bac7b8acceb18c6ad?s=96&d=mm&r=g\",\"caption\":\"Coordena\u00e7\u00e3o\"},\"sameAs\":[\"https:\/\/www.facebook.com\/EstrategiaConcursos\",\"https:\/\/x.com\/EstratConcursos\"],\"url\":\"https:\/\/www.estrategiaconcursos.com.br\/blog\/author\/estrategia2013\/\"}]}<\/script>\n<!-- \/ Yoast SEO Premium plugin. -->","yoast_head_json":{"title":"MPDFT Promotor: curso oral presencial; de 22 a 23\/01\/2022","description":"Participe do Curso Oral Presencial que abordar\u00e1 uma das etapas mais importantes do concurso MPDFT Promotor.","robots":{"index":"index","follow":"follow","max-snippet":"max-snippet:-1","max-image-preview":"max-image-preview:large","max-video-preview":"max-video-preview:-1"},"canonical":"https:\/\/www.estrategiaconcursos.com.br\/blog\/mpdft-promotor-curso-oral-presencial\/","og_locale":"pt_BR","og_type":"article","og_title":"MPDFT Promotor: curso oral presencial; de 22 a 23\/01\/2022","og_description":"Participe do Curso Oral Presencial que abordar\u00e1 uma das etapas mais importantes do concurso MPDFT Promotor.","og_url":"https:\/\/www.estrategiaconcursos.com.br\/blog\/mpdft-promotor-curso-oral-presencial\/","og_site_name":"Estrat\u00e9gia Concursos","article_author":"https:\/\/www.facebook.com\/EstrategiaConcursos","article_published_time":"2022-01-21T15:00:00+00:00","og_image":[{"width":1200,"height":628,"url":"https:\/\/dhg1h5j42swfq.cloudfront.net\/2021\/03\/31094258\/mpdft-promotor.jpg","type":"image\/jpeg"}],"author":"Coordena\u00e7\u00e3o","twitter_card":"summary_large_image","twitter_creator":"@EstratConcursos","twitter_site":"@EstratConcursos","twitter_misc":{"Escrito por":"Coordena\u00e7\u00e3o","Est. tempo de leitura":"2 minutos"},"schema":{"@context":"https:\/\/schema.org","@graph":[{"@type":"NewsArticle","@id":"https:\/\/www.estrategiaconcursos.com.br\/blog\/mpdft-promotor-curso-oral-presencial\/#article","isPartOf":{"@id":"https:\/\/www.estrategiaconcursos.com.br\/blog\/mpdft-promotor-curso-oral-presencial\/"},"author":{"name":"Coordena\u00e7\u00e3o","@id":"https:\/\/www.estrategiaconcursos.com.br\/blog\/#\/schema\/person\/b4a388c97673c5f483d72185668afa1f"},"headline":"MPDFT Promotor: curso oral presencial; de 22 a 23\/01\/2022","datePublished":"2022-01-21T15:00:00+00:00","mainEntityOfPage":{"@id":"https:\/\/www.estrategiaconcursos.com.br\/blog\/mpdft-promotor-curso-oral-presencial\/"},"wordCount":353,"commentCount":0,"publisher":{"@id":"https:\/\/www.estrategiaconcursos.com.br\/blog\/#organization"},"image":{"@id":"https:\/\/www.estrategiaconcursos.com.br\/blog\/mpdft-promotor-curso-oral-presencial\/#primaryimage"},"thumbnailUrl":"https:\/\/dhg1h5j42swfq.cloudfront.net\/2021\/03\/31094258\/mpdft-promotor.jpg","articleSection":["Jur\u00eddico - Promotor de Justi\u00e7a"],"inLanguage":"pt-BR","potentialAction":[{"@type":"CommentAction","name":"Comment","target":["https:\/\/www.estrategiaconcursos.com.br\/blog\/mpdft-promotor-curso-oral-presencial\/#respond"]}],"copyrightYear":"2022","copyrightHolder":{"@id":"https:\/\/www.estrategiaconcursos.com.br\/blog\/#organization"}},{"@type":"WebPage","@id":"https:\/\/www.estrategiaconcursos.com.br\/blog\/mpdft-promotor-curso-oral-presencial\/","url":"https:\/\/www.estrategiaconcursos.com.br\/blog\/mpdft-promotor-curso-oral-presencial\/","name":"MPDFT Promotor: curso oral presencial; de 22 a 23\/01\/2022","isPartOf":{"@id":"https:\/\/www.estrategiaconcursos.com.br\/blog\/#website"},"primaryImageOfPage":{"@id":"https:\/\/www.estrategiaconcursos.com.br\/blog\/mpdft-promotor-curso-oral-presencial\/#primaryimage"},"image":{"@id":"https:\/\/www.estrategiaconcursos.com.br\/blog\/mpdft-promotor-curso-oral-presencial\/#primaryimage"},"thumbnailUrl":"https:\/\/dhg1h5j42swfq.cloudfront.net\/2021\/03\/31094258\/mpdft-promotor.jpg","datePublished":"2022-01-21T15:00:00+00:00","description":"Participe do Curso Oral Presencial que abordar\u00e1 uma das etapas mais importantes do concurso MPDFT Promotor.","breadcrumb":{"@id":"https:\/\/www.estrategiaconcursos.com.br\/blog\/mpdft-promotor-curso-oral-presencial\/#breadcrumb"},"inLanguage":"pt-BR","potentialAction":[{"@type":"ReadAction","target":["https:\/\/www.estrategiaconcursos.com.br\/blog\/mpdft-promotor-curso-oral-presencial\/"]}]},{"@type":"ImageObject","inLanguage":"pt-BR","@id":"https:\/\/www.estrategiaconcursos.com.br\/blog\/mpdft-promotor-curso-oral-presencial\/#primaryimage","url":"https:\/\/dhg1h5j42swfq.cloudfront.net\/2021\/03\/31094258\/mpdft-promotor.jpg","contentUrl":"https:\/\/dhg1h5j42swfq.cloudfront.net\/2021\/03\/31094258\/mpdft-promotor.jpg","width":1200,"height":628,"caption":"Concurso MPDFT Promotor"},{"@type":"BreadcrumbList","@id":"https:\/\/www.estrategiaconcursos.com.br\/blog\/mpdft-promotor-curso-oral-presencial\/#breadcrumb","itemListElement":[{"@type":"ListItem","position":1,"name":"In\u00edcio","item":"https:\/\/www.estrategiaconcursos.com.br\/blog\/"},{"@type":"ListItem","position":2,"name":"MPDFT Promotor: curso oral presencial; de 22 a 23\/01\/2022"}]},{"@type":"WebSite","@id":"https:\/\/www.estrategiaconcursos.com.br\/blog\/#website","url":"https:\/\/www.estrategiaconcursos.com.br\/blog\/","name":"Estrat\u00e9gia Concursos","description":"O blog da Estrat\u00e9gia Concursos traz not\u00edcias sobre concursos e artigos de professores oferecendo cursos para concursos (pdf + videaulas) no site.","publisher":{"@id":"https:\/\/www.estrategiaconcursos.com.br\/blog\/#organization"},"potentialAction":[{"@type":"SearchAction","target":{"@type":"EntryPoint","urlTemplate":"https:\/\/www.estrategiaconcursos.com.br\/blog\/?s={search_term_string}"},"query-input":{"@type":"PropertyValueSpecification","valueRequired":true,"valueName":"search_term_string"}}],"inLanguage":"pt-BR"},{"@type":"Organization","@id":"https:\/\/www.estrategiaconcursos.com.br\/blog\/#organization","name":"Estrat\u00e9gia Concursos","url":"https:\/\/www.estrategiaconcursos.com.br\/blog\/","logo":{"@type":"ImageObject","inLanguage":"pt-BR","@id":"https:\/\/www.estrategiaconcursos.com.br\/blog\/#\/schema\/logo\/image\/","url":"https:\/\/dhg1h5j42swfq.cloudfront.net\/2025\/06\/03203428\/logo_concursos-1.jpg","contentUrl":"https:\/\/dhg1h5j42swfq.cloudfront.net\/2025\/06\/03203428\/logo_concursos-1.jpg","width":230,"height":60,"caption":"Estrat\u00e9gia Concursos"},"image":{"@id":"https:\/\/www.estrategiaconcursos.com.br\/blog\/#\/schema\/logo\/image\/"},"sameAs":["https:\/\/x.com\/EstratConcursos"]},{"@type":"Person","@id":"https:\/\/www.estrategiaconcursos.com.br\/blog\/#\/schema\/person\/b4a388c97673c5f483d72185668afa1f","name":"Coordena\u00e7\u00e3o","image":{"@type":"ImageObject","inLanguage":"pt-BR","@id":"https:\/\/secure.gravatar.com\/avatar\/b720319e4c9a967eb58678d110f4fe35452fc5d5f97b202bac7b8acceb18c6ad?s=96&d=mm&r=g","url":"https:\/\/secure.gravatar.com\/avatar\/b720319e4c9a967eb58678d110f4fe35452fc5d5f97b202bac7b8acceb18c6ad?s=96&d=mm&r=g","contentUrl":"https:\/\/secure.gravatar.com\/avatar\/b720319e4c9a967eb58678d110f4fe35452fc5d5f97b202bac7b8acceb18c6ad?s=96&d=mm&r=g","caption":"Coordena\u00e7\u00e3o"},"sameAs":["https:\/\/www.facebook.com\/EstrategiaConcursos","https:\/\/x.com\/EstratConcursos"],"url":"https:\/\/www.estrategiaconcursos.com.br\/blog\/author\/estrategia2013\/"}]}},"_links":{"self":[{"href":"https:\/\/www.estrategiaconcursos.com.br\/blog\/wp-json\/wp\/v2\/posts\/950384","targetHints":{"allow":["GET"]}}],"collection":[{"href":"https:\/\/www.estrategiaconcursos.com.br\/blog\/wp-json\/wp\/v2\/posts"}],"about":[{"href":"https:\/\/www.estrategiaconcursos.com.br\/blog\/wp-json\/wp\/v2\/types\/post"}],"author":[{"embeddable":true,"href":"https:\/\/www.estrategiaconcursos.com.br\/blog\/wp-json\/wp\/v2\/users\/1"}],"replies":[{"embeddable":true,"href":"https:\/\/www.estrategiaconcursos.com.br\/blog\/wp-json\/wp\/v2\/comments?post=950384"}],"version-history":[{"count":8,"href":"https:\/\/www.estrategiaconcursos.com.br\/blog\/wp-json\/wp\/v2\/posts\/950384\/revisions"}],"predecessor-version":[{"id":950401,"href":"https:\/\/www.estrategiaconcursos.com.br\/blog\/wp-json\/wp\/v2\/posts\/950384\/revisions\/950401"}],"wp:featuredmedia":[{"embeddable":true,"href":"https:\/\/www.estrategiaconcursos.com.br\/blog\/wp-json\/wp\/v2\/media\/705060"}],"wp:attachment":[{"href":"https:\/\/www.estrategiaconcursos.com.br\/blog\/wp-json\/wp\/v2\/media?parent=950384"}],"wp:term":[{"taxonomy":"category","embeddable":true,"href":"https:\/\/www.estrategiaconcursos.com.br\/blog\/wp-json\/wp\/v2\/categories?post=950384"},{"taxonomy":"post_tag","embeddable":true,"href":"https:\/\/www.estrategiaconcursos.com.br\/blog\/wp-json\/wp\/v2\/tags?post=950384"},{"taxonomy":"tax_estado","embeddable":true,"href":"https:\/\/www.estrategiaconcursos.com.br\/blog\/wp-json\/wp\/v2\/tax_estado?post=950384"}],"curies":[{"name":"wp","href":"https:\/\/api.w.org\/{rel}","templated":true}]}}