{"id":950359,"date":"2022-01-19T12:35:17","date_gmt":"2022-01-19T15:35:17","guid":{"rendered":"https:\/\/www.estrategiaconcursos.com.br\/blog\/?p=950359"},"modified":"2022-01-19T12:38:30","modified_gmt":"2022-01-19T15:38:30","slug":"concurso-tjmg-sindicato-edital-19-de-janeiro","status":"publish","type":"post","link":"https:\/\/www.estrategiaconcursos.com.br\/blog\/concurso-tjmg-sindicato-edital-19-de-janeiro\/","title":{"rendered":"Concurso TJMG: Sindicato confirma fala do presidente e n\u00e3o descarta edital"},"content":{"rendered":"\n<p>O Sindicato de Servidores da Justi\u00e7a de Minas Gerais (Sinjus) confirmou a fala do presidente do <a href=\"https:\/\/www.estrategiaconcursos.com.br\/cursosPorConcurso\/tj-mg-oficial-de-apoio-judicial-e-judiciario\/\" target=\"_blank\" rel=\"noreferrer noopener\">Tribunal de Justi\u00e7a de Minas Gerais <\/a>(<strong>concurso TJMG<\/strong>) sobre a possibilidade do novo edital ser publicado nesta quarta-feira (19\/1).<\/p>\n\n\n\n<p>De acordo com as informa\u00e7\u00f5es repassadas \u00e0 equipe de jornalismo do Estrat\u00e9gia Concursos, a fala do presidente, desembargador Gilson Soares Lemes, ocorreu em reuni\u00e3o interna do <strong>TJMG<\/strong>.<\/p>\n\n\n\n<p>No entanto, ainda de acordo com o Sindicato, n\u00e3o h\u00e1 informa\u00e7\u00f5es sobre a empresa que ser\u00e1 respons\u00e1vel pela publica\u00e7\u00e3o e organiza\u00e7\u00e3o do referido edital.<\/p>\n\n\n\n<p>&#8220;\u00c9 uma d\u00favida pertinente &#8211; sobre a escolha da banca organizadora &#8211; , mas n\u00e3o temos informa\u00e7\u00f5es al\u00e9m da divulgada at\u00e9 o momento. O edital &#8216;poder\u00e1&#8217; sair hoje&#8221;, disse um dos representantes do sindicato.<\/p>\n\n\n\n<p>Apesar da possibilidade repassada pelo presidente do \u00f3rg\u00e3o, bem como pelo Sindicato, a Assessoria do TJMG afirmou que &#8220;estudos ainda est\u00e3o sendo realizados.<\/p>\n\n\n\n<p>Importante destacar que, em 2019, o \u00f3rg\u00e3o  havia definido e assinado o contrato com a empresa<a href=\"https:\/\/www.ibfc.org.br\" target=\"_blank\" rel=\"noreferrer noopener\"> <strong>IBFC<\/strong><\/a> para a organiza\u00e7\u00e3o do edital do <strong>concurso TJMG<\/strong> que acabou sendo cancelado.<\/p>\n\n\n\n<p>O cancelamento se deu em raz\u00e3o da unifica\u00e7\u00e3o das inst\u00e2ncias do Tribunal. As duas inst\u00e2ncias foram unificadas e o quadro de pessoal modificado.<\/p>\n\n\n\n<p>Na \u00e9poca, as informa\u00e7\u00f5es do Tribunal eram de que o contrato com a empresa definida para a organiza\u00e7\u00e3o do edital do <strong>concurso TJMG<\/strong> tamb\u00e9m seria cancelado. <\/p>\n\n\n\n<p>A<strong> <a href=\"#examinadora\">comiss\u00e3o examinadora<\/a> <\/strong>de um novo <strong>concurso TJMG<\/strong> para os cargos de Analista Judici\u00e1rio (n\u00edvel superior) e Oficial de Justi\u00e7a (n\u00edvel m\u00e9dio) j\u00e1 est\u00e1 formada. <\/p>\n\n\n\n<p>O pr\u00f3ximo passo, antes da publica\u00e7\u00e3o do edital, seria o in\u00edcio do processo licitat\u00f3rio da escolha da banca organizadora.<\/p>\n\n\n\n<h2 class=\"wp-block-heading\" id=\"h-concurso-tjmg-material-de-estudos\">Concurso TJMG: material de estudos<\/h2>\n\n\n\n<p class=\"has-text-align-center has-black-color has-cyan-bluish-gray-background-color has-text-color has-background\">Voc\u00ea sabia que&nbsp;<em><strong>\u00edndice de aprova\u00e7\u00e3o dos alunos do Estrat\u00e9gia<\/strong><\/em>&nbsp;nos <strong>concursos de tribunais<\/strong>&nbsp;<strong>varia<\/strong>&nbsp;de&nbsp;<strong>40% at\u00e9 70%<\/strong>?! Ent\u00e3o, se voc\u00ea quer se preparar ou est\u00e1 se preparando para este tipo de sele\u00e7\u00e3o, conhe\u00e7a nosso curso exclusivo e totalmente direcionado ao <strong>concurso TJMG<\/strong> no banner abaixo:<\/p>\n\n\n\n<div class=\"container\" id=\"boxes\">\n  <div class=\"row\">\n\n    <div class=\"col-sm\">\n      <div class=\"banner-tribunal\" id=\"box-assinatura\">\n        <h3 class=\"titulo-assinatura\">Curso TJ MG<\/h3>\n        <p class=\"subtitulo-assinatura\">Conhe\u00e7a os cursos<\/p>\n        <div class=\"box-botao\">\n          <a class=\"btn-assinatura\" target=\"_blank\" href=\"https:\/\/www.estrategiaconcursos.com.br\/cursosPorConcurso\/tj-mg-oficial-de-apoio-judicial-e-judiciario\/\" role=\"button\" rel=\"noopener noreferrer\">Conhe\u00e7a mais<\/a>\n        <\/div>\n      <\/div>\n      <p class=\"texto-auxiliar\">Prepare-se com o melhor material e com quem mais aprova em Concursos P\u00fablicos em todo o pa\u00eds.<\/p>\n    <\/div>\n\n  <\/div>\n<\/div>\n","protected":false},"excerpt":{"rendered":"<p>O Sindicato de Servidores da Justi\u00e7a de Minas Gerais (Sinjus) confirmou a fala do presidente do Tribunal de Justi\u00e7a de Minas Gerais (concurso TJMG) sobre a possibilidade do novo edital ser publicado nesta quarta-feira (19\/1). De acordo com as informa\u00e7\u00f5es repassadas \u00e0 equipe de jornalismo do Estrat\u00e9gia Concursos, a fala do presidente, desembargador Gilson Soares [&hellip;]<\/p>\n","protected":false},"author":2319,"featured_media":868651,"comment_status":"open","ping_status":"closed","sticky":false,"template":"","format":"standard","meta":{"post_tipo":"news","footnotes":""},"categories":[1984],"tags":[220337,1704,1703,1620],"tax_estado":[219974],"class_list":["post-950359","post","type-post","status-publish","format-standard","has-post-thumbnail","hentry","category-tribunais","tag-banca-tjmg","tag-concurso-tjmg","tag-edital-tjmg","tag-tjmg","tax_estado-mg"],"acf":[],"yoast_head":"<!-- This site is optimized with the Yoast SEO Premium plugin v27.2 (Yoast SEO v27.2) - https:\/\/yoast.com\/product\/yoast-seo-premium-wordpress\/ -->\n<title>Concurso TJMG: Sindicato confirma fala do presidente e n\u00e3o descarta edital<\/title>\n<meta name=\"description\" content=\"O Sindicato de Servidores da Justi\u00e7a de Minas Gerais confirmou a fala do presidente do Tribunal de Justi\u00e7a de Minas Gerais (concurso TJMG)\" \/>\n<meta name=\"robots\" content=\"index, follow, max-snippet:-1, max-image-preview:large, max-video-preview:-1\" \/>\n<link rel=\"canonical\" href=\"https:\/\/www.estrategiaconcursos.com.br\/blog\/concurso-tjmg-sindicato-edital-19-de-janeiro\/\" \/>\n<meta property=\"og:locale\" content=\"pt_BR\" \/>\n<meta property=\"og:type\" content=\"article\" \/>\n<meta property=\"og:title\" content=\"Concurso TJMG: Sindicato confirma fala do presidente e n\u00e3o descarta edital\" \/>\n<meta property=\"og:description\" content=\"O Sindicato de Servidores da Justi\u00e7a de Minas Gerais confirmou a fala do presidente do Tribunal de Justi\u00e7a de Minas Gerais (concurso TJMG)\" \/>\n<meta property=\"og:url\" content=\"https:\/\/www.estrategiaconcursos.com.br\/blog\/concurso-tjmg-sindicato-edital-19-de-janeiro\/\" \/>\n<meta property=\"og:site_name\" content=\"Estrat\u00e9gia Concursos\" \/>\n<meta property=\"article:published_time\" content=\"2022-01-19T15:35:17+00:00\" \/>\n<meta property=\"article:modified_time\" content=\"2022-01-19T15:38:30+00:00\" \/>\n<meta property=\"og:image\" content=\"https:\/\/dhg1h5j42swfq.cloudfront.net\/2021\/09\/23140041\/tj-mg.jpg\" \/>\n\t<meta property=\"og:image:width\" content=\"1200\" \/>\n\t<meta property=\"og:image:height\" content=\"628\" \/>\n\t<meta property=\"og:image:type\" content=\"image\/jpeg\" \/>\n<meta name=\"author\" content=\"Let\u00edcia Teixeira\" \/>\n<meta name=\"twitter:card\" content=\"summary_large_image\" \/>\n<meta name=\"twitter:creator\" content=\"@EstratConcursos\" \/>\n<meta name=\"twitter:site\" content=\"@EstratConcursos\" \/>\n<meta name=\"twitter:label1\" content=\"Escrito por\" \/>\n\t<meta name=\"twitter:data1\" content=\"Let\u00edcia Teixeira\" \/>\n\t<meta name=\"twitter:label2\" content=\"Est. tempo de leitura\" \/>\n\t<meta name=\"twitter:data2\" content=\"2 minutos\" \/>\n<script type=\"application\/ld+json\" class=\"yoast-schema-graph\">{\"@context\":\"https:\/\/schema.org\",\"@graph\":[{\"@type\":\"NewsArticle\",\"@id\":\"https:\/\/www.estrategiaconcursos.com.br\/blog\/concurso-tjmg-sindicato-edital-19-de-janeiro\/#article\",\"isPartOf\":{\"@id\":\"https:\/\/www.estrategiaconcursos.com.br\/blog\/concurso-tjmg-sindicato-edital-19-de-janeiro\/\"},\"author\":{\"name\":\"Let\u00edcia Teixeira\",\"@id\":\"https:\/\/www.estrategiaconcursos.com.br\/blog\/#\/schema\/person\/9b94727dcf4410f4a7931c83966c843b\"},\"headline\":\"Concurso TJMG: Sindicato confirma fala do presidente e n\u00e3o descarta edital\",\"datePublished\":\"2022-01-19T15:35:17+00:00\",\"dateModified\":\"2022-01-19T15:38:30+00:00\",\"mainEntityOfPage\":{\"@id\":\"https:\/\/www.estrategiaconcursos.com.br\/blog\/concurso-tjmg-sindicato-edital-19-de-janeiro\/\"},\"wordCount\":396,\"commentCount\":0,\"publisher\":{\"@id\":\"https:\/\/www.estrategiaconcursos.com.br\/blog\/#organization\"},\"image\":{\"@id\":\"https:\/\/www.estrategiaconcursos.com.br\/blog\/concurso-tjmg-sindicato-edital-19-de-janeiro\/#primaryimage\"},\"thumbnailUrl\":\"https:\/\/dhg1h5j42swfq.cloudfront.net\/2021\/09\/23140041\/tj-mg.jpg\",\"keywords\":[\"banca TJMG\",\"CONCURSO TJMG\",\"EDITAL TJMG\",\"TJMG\"],\"articleSection\":[\"Tribunais\"],\"inLanguage\":\"pt-BR\",\"potentialAction\":[{\"@type\":\"CommentAction\",\"name\":\"Comment\",\"target\":[\"https:\/\/www.estrategiaconcursos.com.br\/blog\/concurso-tjmg-sindicato-edital-19-de-janeiro\/#respond\"]}],\"copyrightYear\":\"2022\",\"copyrightHolder\":{\"@id\":\"https:\/\/www.estrategiaconcursos.com.br\/blog\/#organization\"}},{\"@type\":\"WebPage\",\"@id\":\"https:\/\/www.estrategiaconcursos.com.br\/blog\/concurso-tjmg-sindicato-edital-19-de-janeiro\/\",\"url\":\"https:\/\/www.estrategiaconcursos.com.br\/blog\/concurso-tjmg-sindicato-edital-19-de-janeiro\/\",\"name\":\"Concurso TJMG: Sindicato confirma fala do presidente e n\u00e3o descarta edital\",\"isPartOf\":{\"@id\":\"https:\/\/www.estrategiaconcursos.com.br\/blog\/#website\"},\"primaryImageOfPage\":{\"@id\":\"https:\/\/www.estrategiaconcursos.com.br\/blog\/concurso-tjmg-sindicato-edital-19-de-janeiro\/#primaryimage\"},\"image\":{\"@id\":\"https:\/\/www.estrategiaconcursos.com.br\/blog\/concurso-tjmg-sindicato-edital-19-de-janeiro\/#primaryimage\"},\"thumbnailUrl\":\"https:\/\/dhg1h5j42swfq.cloudfront.net\/2021\/09\/23140041\/tj-mg.jpg\",\"datePublished\":\"2022-01-19T15:35:17+00:00\",\"dateModified\":\"2022-01-19T15:38:30+00:00\",\"description\":\"O Sindicato de Servidores da Justi\u00e7a de Minas Gerais confirmou a fala do presidente do Tribunal de Justi\u00e7a de Minas Gerais (concurso TJMG)\",\"breadcrumb\":{\"@id\":\"https:\/\/www.estrategiaconcursos.com.br\/blog\/concurso-tjmg-sindicato-edital-19-de-janeiro\/#breadcrumb\"},\"inLanguage\":\"pt-BR\",\"potentialAction\":[{\"@type\":\"ReadAction\",\"target\":[\"https:\/\/www.estrategiaconcursos.com.br\/blog\/concurso-tjmg-sindicato-edital-19-de-janeiro\/\"]}]},{\"@type\":\"ImageObject\",\"inLanguage\":\"pt-BR\",\"@id\":\"https:\/\/www.estrategiaconcursos.com.br\/blog\/concurso-tjmg-sindicato-edital-19-de-janeiro\/#primaryimage\",\"url\":\"https:\/\/dhg1h5j42swfq.cloudfront.net\/2021\/09\/23140041\/tj-mg.jpg\",\"contentUrl\":\"https:\/\/dhg1h5j42swfq.cloudfront.net\/2021\/09\/23140041\/tj-mg.jpg\",\"width\":1200,\"height\":628,\"caption\":\"Concurso Magistratura MG\"},{\"@type\":\"BreadcrumbList\",\"@id\":\"https:\/\/www.estrategiaconcursos.com.br\/blog\/concurso-tjmg-sindicato-edital-19-de-janeiro\/#breadcrumb\",\"itemListElement\":[{\"@type\":\"ListItem\",\"position\":1,\"name\":\"In\u00edcio\",\"item\":\"https:\/\/www.estrategiaconcursos.com.br\/blog\/\"},{\"@type\":\"ListItem\",\"position\":2,\"name\":\"Concurso TJMG: Sindicato confirma fala do presidente e n\u00e3o descarta edital\"}]},{\"@type\":\"WebSite\",\"@id\":\"https:\/\/www.estrategiaconcursos.com.br\/blog\/#website\",\"url\":\"https:\/\/www.estrategiaconcursos.com.br\/blog\/\",\"name\":\"Estrat\u00e9gia Concursos\",\"description\":\"O blog da Estrat\u00e9gia Concursos traz not\u00edcias sobre concursos e artigos de professores oferecendo cursos para concursos (pdf + videaulas) no site.\",\"publisher\":{\"@id\":\"https:\/\/www.estrategiaconcursos.com.br\/blog\/#organization\"},\"potentialAction\":[{\"@type\":\"SearchAction\",\"target\":{\"@type\":\"EntryPoint\",\"urlTemplate\":\"https:\/\/www.estrategiaconcursos.com.br\/blog\/?s={search_term_string}\"},\"query-input\":{\"@type\":\"PropertyValueSpecification\",\"valueRequired\":true,\"valueName\":\"search_term_string\"}}],\"inLanguage\":\"pt-BR\"},{\"@type\":\"Organization\",\"@id\":\"https:\/\/www.estrategiaconcursos.com.br\/blog\/#organization\",\"name\":\"Estrat\u00e9gia Concursos\",\"url\":\"https:\/\/www.estrategiaconcursos.com.br\/blog\/\",\"logo\":{\"@type\":\"ImageObject\",\"inLanguage\":\"pt-BR\",\"@id\":\"https:\/\/www.estrategiaconcursos.com.br\/blog\/#\/schema\/logo\/image\/\",\"url\":\"https:\/\/dhg1h5j42swfq.cloudfront.net\/2025\/06\/03203428\/logo_concursos-1.jpg\",\"contentUrl\":\"https:\/\/dhg1h5j42swfq.cloudfront.net\/2025\/06\/03203428\/logo_concursos-1.jpg\",\"width\":230,\"height\":60,\"caption\":\"Estrat\u00e9gia Concursos\"},\"image\":{\"@id\":\"https:\/\/www.estrategiaconcursos.com.br\/blog\/#\/schema\/logo\/image\/\"},\"sameAs\":[\"https:\/\/x.com\/EstratConcursos\"]},{\"@type\":\"Person\",\"@id\":\"https:\/\/www.estrategiaconcursos.com.br\/blog\/#\/schema\/person\/9b94727dcf4410f4a7931c83966c843b\",\"name\":\"Let\u00edcia Teixeira\",\"image\":{\"@type\":\"ImageObject\",\"inLanguage\":\"pt-BR\",\"@id\":\"https:\/\/secure.gravatar.com\/avatar\/fb589b06b881e20b676d08f9d03226d1e3291ba2f90e751ddc9ccb21abf0244d?s=96&d=mm&r=g\",\"url\":\"https:\/\/secure.gravatar.com\/avatar\/fb589b06b881e20b676d08f9d03226d1e3291ba2f90e751ddc9ccb21abf0244d?s=96&d=mm&r=g\",\"contentUrl\":\"https:\/\/secure.gravatar.com\/avatar\/fb589b06b881e20b676d08f9d03226d1e3291ba2f90e751ddc9ccb21abf0244d?s=96&d=mm&r=g\",\"caption\":\"Let\u00edcia Teixeira\"},\"description\":\"Jornalista com experi\u00eancia de mais de quatro anos no segmento de concursos p\u00fablicos. Especializada em Narrativa Transm\u00eddia e Storytelling pela Universidade Cat\u00f3lica de Bras\u00edlia, com atua\u00e7\u00e3o nas \u00e1reas de SEO, conte\u00fado, Webwriting e Copywriting.\",\"url\":\"https:\/\/www.estrategiaconcursos.com.br\/blog\/author\/leticia-teixeiraestrategia-com\/\"}]}<\/script>\n<!-- \/ Yoast SEO Premium plugin. -->","yoast_head_json":{"title":"Concurso TJMG: Sindicato confirma fala do presidente e n\u00e3o descarta edital","description":"O Sindicato de Servidores da Justi\u00e7a de Minas Gerais confirmou a fala do presidente do Tribunal de Justi\u00e7a de Minas Gerais (concurso TJMG)","robots":{"index":"index","follow":"follow","max-snippet":"max-snippet:-1","max-image-preview":"max-image-preview:large","max-video-preview":"max-video-preview:-1"},"canonical":"https:\/\/www.estrategiaconcursos.com.br\/blog\/concurso-tjmg-sindicato-edital-19-de-janeiro\/","og_locale":"pt_BR","og_type":"article","og_title":"Concurso TJMG: Sindicato confirma fala do presidente e n\u00e3o descarta edital","og_description":"O Sindicato de Servidores da Justi\u00e7a de Minas Gerais confirmou a fala do presidente do Tribunal de Justi\u00e7a de Minas Gerais (concurso TJMG)","og_url":"https:\/\/www.estrategiaconcursos.com.br\/blog\/concurso-tjmg-sindicato-edital-19-de-janeiro\/","og_site_name":"Estrat\u00e9gia Concursos","article_published_time":"2022-01-19T15:35:17+00:00","article_modified_time":"2022-01-19T15:38:30+00:00","og_image":[{"width":1200,"height":628,"url":"https:\/\/dhg1h5j42swfq.cloudfront.net\/2021\/09\/23140041\/tj-mg.jpg","type":"image\/jpeg"}],"author":"Let\u00edcia Teixeira","twitter_card":"summary_large_image","twitter_creator":"@EstratConcursos","twitter_site":"@EstratConcursos","twitter_misc":{"Escrito por":"Let\u00edcia Teixeira","Est. tempo de leitura":"2 minutos"},"schema":{"@context":"https:\/\/schema.org","@graph":[{"@type":"NewsArticle","@id":"https:\/\/www.estrategiaconcursos.com.br\/blog\/concurso-tjmg-sindicato-edital-19-de-janeiro\/#article","isPartOf":{"@id":"https:\/\/www.estrategiaconcursos.com.br\/blog\/concurso-tjmg-sindicato-edital-19-de-janeiro\/"},"author":{"name":"Let\u00edcia Teixeira","@id":"https:\/\/www.estrategiaconcursos.com.br\/blog\/#\/schema\/person\/9b94727dcf4410f4a7931c83966c843b"},"headline":"Concurso TJMG: Sindicato confirma fala do presidente e n\u00e3o descarta edital","datePublished":"2022-01-19T15:35:17+00:00","dateModified":"2022-01-19T15:38:30+00:00","mainEntityOfPage":{"@id":"https:\/\/www.estrategiaconcursos.com.br\/blog\/concurso-tjmg-sindicato-edital-19-de-janeiro\/"},"wordCount":396,"commentCount":0,"publisher":{"@id":"https:\/\/www.estrategiaconcursos.com.br\/blog\/#organization"},"image":{"@id":"https:\/\/www.estrategiaconcursos.com.br\/blog\/concurso-tjmg-sindicato-edital-19-de-janeiro\/#primaryimage"},"thumbnailUrl":"https:\/\/dhg1h5j42swfq.cloudfront.net\/2021\/09\/23140041\/tj-mg.jpg","keywords":["banca TJMG","CONCURSO TJMG","EDITAL TJMG","TJMG"],"articleSection":["Tribunais"],"inLanguage":"pt-BR","potentialAction":[{"@type":"CommentAction","name":"Comment","target":["https:\/\/www.estrategiaconcursos.com.br\/blog\/concurso-tjmg-sindicato-edital-19-de-janeiro\/#respond"]}],"copyrightYear":"2022","copyrightHolder":{"@id":"https:\/\/www.estrategiaconcursos.com.br\/blog\/#organization"}},{"@type":"WebPage","@id":"https:\/\/www.estrategiaconcursos.com.br\/blog\/concurso-tjmg-sindicato-edital-19-de-janeiro\/","url":"https:\/\/www.estrategiaconcursos.com.br\/blog\/concurso-tjmg-sindicato-edital-19-de-janeiro\/","name":"Concurso TJMG: Sindicato confirma fala do presidente e n\u00e3o descarta edital","isPartOf":{"@id":"https:\/\/www.estrategiaconcursos.com.br\/blog\/#website"},"primaryImageOfPage":{"@id":"https:\/\/www.estrategiaconcursos.com.br\/blog\/concurso-tjmg-sindicato-edital-19-de-janeiro\/#primaryimage"},"image":{"@id":"https:\/\/www.estrategiaconcursos.com.br\/blog\/concurso-tjmg-sindicato-edital-19-de-janeiro\/#primaryimage"},"thumbnailUrl":"https:\/\/dhg1h5j42swfq.cloudfront.net\/2021\/09\/23140041\/tj-mg.jpg","datePublished":"2022-01-19T15:35:17+00:00","dateModified":"2022-01-19T15:38:30+00:00","description":"O Sindicato de Servidores da Justi\u00e7a de Minas Gerais confirmou a fala do presidente do Tribunal de Justi\u00e7a de Minas Gerais (concurso TJMG)","breadcrumb":{"@id":"https:\/\/www.estrategiaconcursos.com.br\/blog\/concurso-tjmg-sindicato-edital-19-de-janeiro\/#breadcrumb"},"inLanguage":"pt-BR","potentialAction":[{"@type":"ReadAction","target":["https:\/\/www.estrategiaconcursos.com.br\/blog\/concurso-tjmg-sindicato-edital-19-de-janeiro\/"]}]},{"@type":"ImageObject","inLanguage":"pt-BR","@id":"https:\/\/www.estrategiaconcursos.com.br\/blog\/concurso-tjmg-sindicato-edital-19-de-janeiro\/#primaryimage","url":"https:\/\/dhg1h5j42swfq.cloudfront.net\/2021\/09\/23140041\/tj-mg.jpg","contentUrl":"https:\/\/dhg1h5j42swfq.cloudfront.net\/2021\/09\/23140041\/tj-mg.jpg","width":1200,"height":628,"caption":"Concurso Magistratura MG"},{"@type":"BreadcrumbList","@id":"https:\/\/www.estrategiaconcursos.com.br\/blog\/concurso-tjmg-sindicato-edital-19-de-janeiro\/#breadcrumb","itemListElement":[{"@type":"ListItem","position":1,"name":"In\u00edcio","item":"https:\/\/www.estrategiaconcursos.com.br\/blog\/"},{"@type":"ListItem","position":2,"name":"Concurso TJMG: Sindicato confirma fala do presidente e n\u00e3o descarta edital"}]},{"@type":"WebSite","@id":"https:\/\/www.estrategiaconcursos.com.br\/blog\/#website","url":"https:\/\/www.estrategiaconcursos.com.br\/blog\/","name":"Estrat\u00e9gia Concursos","description":"O blog da Estrat\u00e9gia Concursos traz not\u00edcias sobre concursos e artigos de professores oferecendo cursos para concursos (pdf + videaulas) no site.","publisher":{"@id":"https:\/\/www.estrategiaconcursos.com.br\/blog\/#organization"},"potentialAction":[{"@type":"SearchAction","target":{"@type":"EntryPoint","urlTemplate":"https:\/\/www.estrategiaconcursos.com.br\/blog\/?s={search_term_string}"},"query-input":{"@type":"PropertyValueSpecification","valueRequired":true,"valueName":"search_term_string"}}],"inLanguage":"pt-BR"},{"@type":"Organization","@id":"https:\/\/www.estrategiaconcursos.com.br\/blog\/#organization","name":"Estrat\u00e9gia Concursos","url":"https:\/\/www.estrategiaconcursos.com.br\/blog\/","logo":{"@type":"ImageObject","inLanguage":"pt-BR","@id":"https:\/\/www.estrategiaconcursos.com.br\/blog\/#\/schema\/logo\/image\/","url":"https:\/\/dhg1h5j42swfq.cloudfront.net\/2025\/06\/03203428\/logo_concursos-1.jpg","contentUrl":"https:\/\/dhg1h5j42swfq.cloudfront.net\/2025\/06\/03203428\/logo_concursos-1.jpg","width":230,"height":60,"caption":"Estrat\u00e9gia Concursos"},"image":{"@id":"https:\/\/www.estrategiaconcursos.com.br\/blog\/#\/schema\/logo\/image\/"},"sameAs":["https:\/\/x.com\/EstratConcursos"]},{"@type":"Person","@id":"https:\/\/www.estrategiaconcursos.com.br\/blog\/#\/schema\/person\/9b94727dcf4410f4a7931c83966c843b","name":"Let\u00edcia Teixeira","image":{"@type":"ImageObject","inLanguage":"pt-BR","@id":"https:\/\/secure.gravatar.com\/avatar\/fb589b06b881e20b676d08f9d03226d1e3291ba2f90e751ddc9ccb21abf0244d?s=96&d=mm&r=g","url":"https:\/\/secure.gravatar.com\/avatar\/fb589b06b881e20b676d08f9d03226d1e3291ba2f90e751ddc9ccb21abf0244d?s=96&d=mm&r=g","contentUrl":"https:\/\/secure.gravatar.com\/avatar\/fb589b06b881e20b676d08f9d03226d1e3291ba2f90e751ddc9ccb21abf0244d?s=96&d=mm&r=g","caption":"Let\u00edcia Teixeira"},"description":"Jornalista com experi\u00eancia de mais de quatro anos no segmento de concursos p\u00fablicos. Especializada em Narrativa Transm\u00eddia e Storytelling pela Universidade Cat\u00f3lica de Bras\u00edlia, com atua\u00e7\u00e3o nas \u00e1reas de SEO, conte\u00fado, Webwriting e Copywriting.","url":"https:\/\/www.estrategiaconcursos.com.br\/blog\/author\/leticia-teixeiraestrategia-com\/"}]}},"_links":{"self":[{"href":"https:\/\/www.estrategiaconcursos.com.br\/blog\/wp-json\/wp\/v2\/posts\/950359","targetHints":{"allow":["GET"]}}],"collection":[{"href":"https:\/\/www.estrategiaconcursos.com.br\/blog\/wp-json\/wp\/v2\/posts"}],"about":[{"href":"https:\/\/www.estrategiaconcursos.com.br\/blog\/wp-json\/wp\/v2\/types\/post"}],"author":[{"embeddable":true,"href":"https:\/\/www.estrategiaconcursos.com.br\/blog\/wp-json\/wp\/v2\/users\/2319"}],"replies":[{"embeddable":true,"href":"https:\/\/www.estrategiaconcursos.com.br\/blog\/wp-json\/wp\/v2\/comments?post=950359"}],"version-history":[{"count":4,"href":"https:\/\/www.estrategiaconcursos.com.br\/blog\/wp-json\/wp\/v2\/posts\/950359\/revisions"}],"predecessor-version":[{"id":950370,"href":"https:\/\/www.estrategiaconcursos.com.br\/blog\/wp-json\/wp\/v2\/posts\/950359\/revisions\/950370"}],"wp:featuredmedia":[{"embeddable":true,"href":"https:\/\/www.estrategiaconcursos.com.br\/blog\/wp-json\/wp\/v2\/media\/868651"}],"wp:attachment":[{"href":"https:\/\/www.estrategiaconcursos.com.br\/blog\/wp-json\/wp\/v2\/media?parent=950359"}],"wp:term":[{"taxonomy":"category","embeddable":true,"href":"https:\/\/www.estrategiaconcursos.com.br\/blog\/wp-json\/wp\/v2\/categories?post=950359"},{"taxonomy":"post_tag","embeddable":true,"href":"https:\/\/www.estrategiaconcursos.com.br\/blog\/wp-json\/wp\/v2\/tags?post=950359"},{"taxonomy":"tax_estado","embeddable":true,"href":"https:\/\/www.estrategiaconcursos.com.br\/blog\/wp-json\/wp\/v2\/tax_estado?post=950359"}],"curies":[{"name":"wp","href":"https:\/\/api.w.org\/{rel}","templated":true}]}}