{"id":94990,"date":"2026-03-17T07:40:00","date_gmt":"2026-03-17T10:40:00","guid":{"rendered":"https:\/\/www.estrategiaconcursos.com.br\/blog\/?p=94990"},"modified":"2026-03-18T08:24:28","modified_gmt":"2026-03-18T11:24:28","slug":"concurso-pm-es","status":"publish","type":"post","link":"https:\/\/www.estrategiaconcursos.com.br\/blog\/concurso-pm-es\/","title":{"rendered":"Concurso PM ES: 1.008 vagas de Soldado. Idecan \u00e9 banca!"},"content":{"rendered":"\n<p class=\"has-text-align-left\" style=\"font-size:clamp(15.197px, 0.95rem + ((1vw - 3.2px) * 0.765), 23px);\"><strong><em>Novo concurso Pol\u00edcia Militar ES ter\u00e1 vagas para Soldado Combatente e M\u00fasico. Edital PM ES \u00e9 previsto na LOA 2026 e sair\u00e1 em mar\u00e7o!<\/em><\/strong><\/p>\n\n\n\n<div style=\"height:20px\" aria-hidden=\"true\" class=\"wp-block-spacer\"><\/div>\n\n\n\n<hr class=\"wp-block-separator has-alpha-channel-opacity\"\/>\n\n\n<a id=\"cta-icon\" href=\"https:\/\/www.redirectmais.com\/wpp\/pm-es-grupo\" target=\"blank\" style=\"background:rgb(41,166,26)\">\n            <img decoding=\"async\" src=\"https:\/\/dhg1h5j42swfq.cloudfront.net\/2023\/12\/07154107\/whatsapp_13851.png\" alt=\"logo grupo whatsapp estrat\u00e9gia concursos\" alt=\"whatsapp_1385[1]\"><span > Acesse agora o Grupo de Estudos para o Concurso PM ES<\/span><\/a>\n\n\n\n<div style=\"height:20px\" aria-hidden=\"true\" class=\"wp-block-spacer\"><\/div>\n\n\n\n<p>O novo <strong>concurso PM ES<\/strong> (<a href=\"https:\/\/www.estrategiaconcursos.com.br\/cursosPorConcurso\/policia-militar-do-espirito-santo-pm-es\/\" target=\"_blank\" rel=\"noreferrer noopener\">Pol\u00edcia Militar do Esp\u00edrito Santo<\/a>) ser\u00e1 organizado pelo IDECAN! Inclusive, foi <a href=\"https:\/\/www.estrategiaconcursos.com.br\/blog\/concurso-pm-es-contrato-idecan-edital-iminente\/\" target=\"_blank\" rel=\"noreferrer noopener\">divulgado o contrato com a empresa<\/a>.<\/p>\n\n\n\n<p>Ao todo, ser\u00e3o <strong>ofertadas 1.008 vagas imediatas<\/strong>, distribu\u00eddas entre os cargos de Soldado Combatente (1.000) e Soldado M\u00fasico (8). O sal\u00e1rio \u00e9 de R$ 5.520,63.<\/p>\n\n\n\n<p>A <strong>publica\u00e7\u00e3o do edital \u00e9 iminente e deve ocorrer ainda em mar\u00e7o<\/strong>. Al\u00e9m disso, o cronograma preliminar da Pol\u00edcia Militar do Esp\u00edrito Santo prev\u00ea a aplica\u00e7\u00e3o das provas ainda no 1\u00ba semestre.<\/p>\n\n\n\n<p>Recentemente, foram divulgados o <a href=\"#termo\">termo de refer\u00eancia<\/a> e o estudo t\u00e9cnico preliminar com novos detalhes acerca do certame.<\/p>\n\n\n\n<ul class=\"wp-block-list has-very-light-gray-to-cyan-bluish-gray-gradient-background has-background\">\n<li><strong>Concurso PM ES<\/strong><\/li>\n\n\n\n<li><strong>Situa\u00e7\u00e3o<\/strong>: banca definida (IDECAN)<\/li>\n\n\n\n<li><strong>Vagas<\/strong>: 1.008<\/li>\n\n\n\n<li><strong>Sal\u00e1rio:<\/strong>&nbsp;R$ 5.520,63<\/li>\n\n\n\n<li><strong>Editais Soldados 2022:<\/strong> <a href=\"https:\/\/dhg1h5j42swfq.cloudfront.net\/2022\/06\/07072311\/edital-publicado-pm-es-soldado-1.pdf\" target=\"_blank\" rel=\"noreferrer noopener nofollow\">Combatente<\/a> | <a href=\"https:\/\/dhg1h5j42swfq.cloudfront.net\/2022\/06\/07072310\/edital-publicado-pm-es-musico-1.pdf\" target=\"_blank\" rel=\"noreferrer noopener nofollow\">M\u00fasico<\/a> | <a href=\"https:\/\/dhg1h5j42swfq.cloudfront.net\/2022\/06\/07072310\/edital-publicado-pm-es-saude-1.pdf\" target=\"_blank\" rel=\"noreferrer noopener nofollow\">Auxiliar Sa\u00fade<\/a> <\/li>\n<\/ul>\n\n\n\n<p>Confira neste artigo informa\u00e7\u00f5es atualizadas da Pol\u00edcia Militar do Esp\u00edrito Santo. Acompanhe os t\u00f3picos abaixo e n\u00e3o perca nenhum detalhe:<\/p>\n\n\n\n<ul id=\"indice\" class=\"wp-block-list\">\n<li><a href=\"#novo-soldado\">Novo concurso para Soldado<\/a>\n<ul class=\"wp-block-list\">\n<li><a href=\"#previsao-edital\">Previs\u00e3o de edital<\/a><\/li>\n\n\n\n<li><a href=\"#banca\">Banca organizadora<\/a><\/li>\n\n\n\n<li><a href=\"#termo\">Termo de refer\u00eancia<\/a><\/li>\n\n\n\n<li><a href=\"#autorizacao\">Autoriza\u00e7\u00e3o<\/a><\/li>\n\n\n\n<li><a href=\"#vagas\">Vagas anunciadas<\/a><\/li>\n<\/ul>\n<\/li>\n\n\n\n<li><a href=\"#sobre-os-cargos\">Cargos da PM ES<\/a>\n<ul class=\"wp-block-list\">\n<li><a href=\"#remuneracoes\">Remunera\u00e7\u00f5es<\/a><\/li>\n\n\n\n<li><a href=\"#requisitos\">Requisitos<\/a><\/li>\n<\/ul>\n<\/li>\n\n\n\n<li><a href=\"#oficial-combatente\">Edital Oficial Combatente &#8211; 2024<\/a>\n<ul class=\"wp-block-list\">\n<li><a href=\"#vagas-2024\">Cargo e vagas<\/a><\/li>\n\n\n\n<li><a href=\"#etapas-2024\">Etapas e provas<\/a><\/li>\n<\/ul>\n<\/li>\n\n\n\n<li><a href=\"#soldado-2022\">Edital Soldado &#8211; 2022<\/a>\n<ul class=\"wp-block-list\">\n<li><a href=\"#cargos-vagas\">Cargos e vagas<\/a><\/li>\n\n\n\n<li><a href=\"#etapas\">Etapas e provas<\/a><\/li>\n\n\n\n<li><a href=\"#edital-estrategico-pm-es-soldado\">Edital Estrat\u00e9gico<\/a><\/li>\n<\/ul>\n<\/li>\n\n\n\n<li><a href=\"#edital-oficial\">Edital Oficial Sa\u00fade e M\u00fasico &#8211; 2022<\/a>\n<ul class=\"wp-block-list\">\n<li><a href=\"#cargos-vagas-oficial\">Cargos e vagas<\/a><\/li>\n\n\n\n<li><a href=\"#etapas-oficial\">Etapas e provas<\/a><\/li>\n<\/ul>\n<\/li>\n\n\n\n<li><a href=\"#cursos-assinatura\">Cursos e Assinatura<\/a><\/li>\n\n\n\n<li><a href=\"#ficha\">Ficha t\u00e9cnica<\/a><\/li>\n<\/ul>\n\n\n\n<div id=\"boxes\" class=\"container\">\n<div class=\"row\">\n<div class=\"col-sm\">\n<div id=\"box-assinatura\" class=\"banner-policia-militar\">\n<h2 class=\"titulo-assinatura\">Concurso PM ES<\/h2>\n<p class=\"subtitulo-assinatura\">Rumo \u00e0 carreira policial dos seus sonhos! \u2b50<\/p>\n<div class=\"box-botao\"><a class=\"btn-assinatura\" role=\"button\" href=\"https:\/\/www.estrategiaconcursos.com.br\/cursosPorConcurso\/policia-militar-do-espirito-santo-pm-es\/?utm_source=blog&#038;utm_medium=banner&#038;utm_campaign=pmes-conv-x-ec-tp\" target=\"_blank\" rel=\"noopener noreferrer\">VER CURSOS<\/a><\/div>\n<\/div>\n\n<\/div>\n<\/div>\n<\/div>\n\n\n\n<h2 class=\"wp-block-heading has-cyan-bluish-gray-background-color has-background\" id=\"novo-soldado\">Concurso PM ES: novo edital Soldado<\/h2>\n\n\n\n<p>Veja abaixo as informa\u00e7\u00f5es mais importantes sobre o Concurso PM ES Soldado:<\/p>\n\n\n\n<h3 class=\"wp-block-heading\" id=\"previsao-edital\">Previs\u00e3o de edital<\/h3>\n\n\n\n<p>A realiza\u00e7\u00e3o do novo concurso PM ES est\u00e1 cada vez mais pr\u00f3xima! Isso porque a <strong>publica\u00e7\u00e3o do edital deve ocorrer at\u00e9 o m\u00eas de mar\u00e7o<\/strong>!<\/p>\n\n\n\n<p>Segundo informa\u00e7\u00f5es divulgadas, o cronograma preliminar da Pol\u00edcia Militar do Esp\u00edrito Santo prev\u00ea a <strong>aplica\u00e7\u00e3o das provas ainda no 1\u00ba semestre<\/strong>.<\/p>\n\n\n\n<h3 class=\"wp-block-heading\" id=\"banca\">Banca organizadora<\/h3>\n\n\n\n<p>O <strong>Idecan<\/strong> foi confirmado como <strong>banca organizadora do novo concurso PM ES<\/strong>. Ap\u00f3s <a href=\"https:\/\/dhg1h5j42swfq.cloudfront.net\/2026\/03\/10005218\/image-57.png\" target=\"_blank\" rel=\"noreferrer noopener nofollow\">dispensa de licita\u00e7\u00e3o<\/a>, foi divulgado o resumo do contrato.<\/p>\n\n\n\n<figure class=\"wp-block-image aligncenter size-full\"><img loading=\"lazy\" decoding=\"async\" width=\"394\" height=\"510\" src=\"https:\/\/dhg1h5j42swfq.cloudfront.net\/2026\/03\/16163323\/resumo-pm-es-1.jpg\" alt=\"Idecan \u00e9 a banca do novo concurso PM ES\" class=\"wp-image-1735453\" srcset=\"https:\/\/dhg1h5j42swfq.cloudfront.net\/2026\/03\/16163323\/resumo-pm-es-1.jpg 394w, https:\/\/dhg1h5j42swfq.cloudfront.net\/2026\/03\/16163323\/resumo-pm-es-1-232x300.jpg 232w, https:\/\/dhg1h5j42swfq.cloudfront.net\/2026\/03\/16163323\/resumo-pm-es-1-150x194.jpg 150w\" sizes=\"auto, (max-width: 394px) 100vw, 394px\" \/><figcaption class=\"wp-element-caption\">Idecan \u00e9 a banca do novo concurso PM ES<\/figcaption><\/figure>\n\n\n\n<h3 class=\"wp-block-heading\" id=\"termo\">Termo de refer\u00eancia e contrato do concurso PM ES<\/h3>\n\n\n\n<p>O documento traz atualiza\u00e7\u00f5es importantes sobre as vagas, provas e outros detalhes do certame.<\/p>\n\n\n\n<p id=\"p-rc_4c7dd45099eada6a-39\">S\u00e3o previstas <strong>1.008 vagas<\/strong> no total, distribu\u00eddas da seguinte maneira:<\/p>\n\n\n\n<ul class=\"wp-block-list\">\n<li><strong>Soldado Combatente:<\/strong> 1.000 vagas; e<\/li>\n\n\n\n<li><strong>Soldado M\u00fasico:<\/strong> 08 vagas + cadastro de reserva.<\/li>\n<\/ul>\n\n\n\n<figure class=\"wp-block-table is-style-stripes\"><table class=\"has-very-light-gray-to-cyan-bluish-gray-gradient-background has-background has-fixed-layout\"><thead><tr><th class=\"has-text-align-center\" data-align=\"center\">Cargo<\/th><th class=\"has-text-align-center\" data-align=\"center\">Vagas<\/th><\/tr><\/thead><tbody><tr><td class=\"has-text-align-center\" data-align=\"center\">Soldado Combatente<\/td><td class=\"has-text-align-center\" data-align=\"center\">1.000<\/td><\/tr><tr><td class=\"has-text-align-center\" data-align=\"center\">Soldado M\u00fasico &#8211; Clarineta em S\u00ed bemol<\/td><td class=\"has-text-align-center\" data-align=\"center\">01<\/td><\/tr><tr><td class=\"has-text-align-center\" data-align=\"center\">Soldado M\u00fasico &#8211; Saxofone Bar\u00edtono em M\u00ed bemol<\/td><td class=\"has-text-align-center\" data-align=\"center\">01<\/td><\/tr><tr><td class=\"has-text-align-center\" data-align=\"center\">Soldado M\u00fasico &#8211; Trompa em F\u00e1<\/td><td class=\"has-text-align-center\" data-align=\"center\">01<\/td><\/tr><tr><td class=\"has-text-align-center\" data-align=\"center\">Soldado M\u00fasico &#8211; Trompete em S\u00ed bemol<\/td><td class=\"has-text-align-center\" data-align=\"center\">01<\/td><\/tr><tr><td class=\"has-text-align-center\" data-align=\"center\">Soldado M\u00fasico &#8211; Trombone de Vara em S\u00ed bemol<\/td><td class=\"has-text-align-center\" data-align=\"center\">01<\/td><\/tr><tr><td class=\"has-text-align-center\" data-align=\"center\">Soldado M\u00fasico &#8211; Bombardino em S\u00ed bemol<\/td><td class=\"has-text-align-center\" data-align=\"center\">01<\/td><\/tr><tr><td class=\"has-text-align-center\" data-align=\"center\">Soldado M\u00fasico &#8211; Tuba em S\u00ed bemol<\/td><td class=\"has-text-align-center\" data-align=\"center\">01<\/td><\/tr><tr><td class=\"has-text-align-center\" data-align=\"center\">Soldado M\u00fasico &#8211; Percuss\u00e3o<\/td><td class=\"has-text-align-center\" data-align=\"center\">01<\/td><\/tr><\/tbody><\/table><\/figure>\n\n\n\n<h4 class=\"wp-block-heading\" id=\"h-requisitos-e-estimativas\">Requisitos e estimativas<\/h4>\n\n\n\n<ul class=\"wp-block-list\">\n<li><strong>Escolaridade:<\/strong> n\u00edvel m\u00e9dio;<\/li>\n\n\n\n<li><strong>Idade:<\/strong> a idade m\u00e1xima \u00e9 verificada no <strong>primeiro dia de inscri\u00e7\u00e3o<\/strong> e a idade m\u00ednima na <strong>data da matr\u00edcula<\/strong> no curso;<\/li>\n\n\n\n<li><strong>Inscritos:<\/strong> A PMES estima em <strong>32.000 candidatos inscritos<\/strong> no concurso.<\/li>\n<\/ul>\n\n\n\n<p id=\"p-rc_4c7dd45099eada6a-42\">O IDECAN ser\u00e1 respons\u00e1vel pelas etapas iniciais do certame: <\/p>\n\n\n\n<ul start=\"1\" class=\"wp-block-list\">\n<li><strong>Exame Intelectual<\/strong> (Prova objetiva e reda\u00e7\u00e3o);<\/li>\n\n\n\n<li><strong>Aferi\u00e7\u00e3o de Idade<\/strong>;<\/li>\n\n\n\n<li><strong>Teste de Aptid\u00e3o F\u00edsica (TAF)<\/strong>;<\/li>\n\n\n\n<li><strong>Avalia\u00e7\u00e3o Psicol\u00f3gica<\/strong>; e<\/li>\n\n\n\n<li><strong>Prova Pr\u00e1tica de M\u00fasica<\/strong> (exclusiva para o cargo de M\u00fasico).<\/li>\n<\/ul>\n\n\n\n<p id=\"p-rc_e1c48ccb364b7d31-67\">O candidato dever\u00e1 escolher uma dessas cidades para realizar a <strong>primeira etapa<\/strong> (Exame Intelectual)<sup><\/sup>:<\/p>\n\n\n\n<ul class=\"wp-block-list\">\n<li>Alegre<\/li>\n\n\n\n<li>Aracruz<\/li>\n\n\n\n<li>Barra de S\u00e3o Francisco<\/li>\n\n\n\n<li>Cachoeiro de Itapemirim<\/li>\n\n\n\n<li>Colatina<\/li>\n\n\n\n<li>Linhares<\/li>\n\n\n\n<li>Nova Ven\u00e9cia<\/li>\n\n\n\n<li>S\u00e3o Mateus<\/li>\n\n\n\n<li>Venda Nova do Imigrante<\/li>\n\n\n\n<li>Regi\u00e3o Metropolitana da Grande Vit\u00f3ria (Vit\u00f3ria, Cariacica, Serra, Vila Velha, Guarapari, Fund\u00e3o e Viana)<\/li>\n<\/ul>\n\n\n\n<p id=\"p-rc_e1c48ccb364b7d31-78\">As <strong>demais etapas<\/strong> (TAF, Psicol\u00f3gico e Prova Pr\u00e1tica) ser\u00e3o realizadas exclusivamente na Grande Vit\u00f3ria.<\/p>\n\n\n\n<h4 class=\"wp-block-heading\" id=\"h-estrutura-das-provas\">Estrutura das Provas<\/h4>\n\n\n\n<ul class=\"wp-block-list\">\n<li><strong>Soldado Combatente:<\/strong> 80 quest\u00f5es (20 de Portugu\u00eas, 20 de Racioc\u00ednio L\u00f3gico\/Matem\u00e1tica, 20 de Geografia e 20 de Hist\u00f3ria);<\/li>\n\n\n\n<li><strong>Soldado M\u00fasico:<\/strong> 80 quest\u00f5es (20 de Portugu\u00eas, 20 de Racioc\u00ednio L\u00f3gico\/Matem\u00e1tica e 40 de Conhecimentos Espec\u00edficos de M\u00fasica);<\/li>\n\n\n\n<li><strong>Reda\u00e7\u00e3o:<\/strong> texto dissertativo de at\u00e9 30 linhas, valendo 40 pontos; e<\/li>\n\n\n\n<li><strong>Crit\u00e9rios de aprova\u00e7\u00e3o:<\/strong> m\u00ednimo de 50% na prova objetiva total, 30% em cada \u00e1rea de conhecimento e 50% (20 pontos) na reda\u00e7\u00e3o.<\/li>\n<\/ul>\n\n\n\n<h4 class=\"wp-block-heading\" id=\"h-tabela-do-taf\">Tabela do TAF<\/h4>\n\n\n\n<p id=\"p-rc_e1c48ccb364b7d31-83\">Os \u00edndices m\u00ednimos para aprova\u00e7\u00e3o no <strong>Teste de Avalia\u00e7\u00e3o F\u00edsica (TAF)<\/strong> s\u00e3o:<\/p>\n\n\n\n<ul class=\"wp-block-list\">\n<li><strong>Masculino:<\/strong> 04 barras fixas, agilidade em 10,5 seg, 35 abdominais (1 min) e 2.400m em 12min; e<\/li>\n\n\n\n<li><strong>Feminino:<\/strong> 01 barra fixa, agilidade em 11,5 seg, 30 abdominais (1 min) e 2.400m em 15min54seg.<\/li>\n<\/ul>\n\n\n\n<p class=\"has-text-align-center has-very-light-gray-to-cyan-bluish-gray-gradient-background has-background\"><strong><a href=\"https:\/\/dhg1h5j42swfq.cloudfront.net\/2026\/03\/10152749\/termo_de_referencia_consolidado_-_cfsd_2026_-_.pdf\" target=\"_blank\" rel=\"noreferrer noopener nofollow\">Termo de refer\u00eancia PM ES<\/a><\/strong><\/p>\n\n\n\n<p class=\"has-text-align-center has-very-light-gray-to-cyan-bluish-gray-gradient-background has-background\"><a href=\"https:\/\/dhg1h5j42swfq.cloudfront.net\/2026\/03\/17160519\/contraton2026-000013-45103-01idecanconcursocfsdcombatenteemsico.pdf\" target=\"_blank\" rel=\"noreferrer noopener nofollow\"><strong>Contrato IDECAN &#8211;  PM ES<\/strong><\/a><\/p>\n\n\n\n<h3 class=\"wp-block-heading\" id=\"autorizacao\">Concurso PM ES autorizado<\/h3>\n\n\n\n<p>O governador do Esp\u00edrito Santo, Renato Casagrande, anunciou a <strong>autoriza\u00e7\u00e3o para um novo concurso p\u00fablico da Pol\u00edcia Militar.<\/strong>.<\/p>\n\n\n\n<p><em>&#8220;Al\u00e9m do novo concurso, j\u00e1 temos mais de 1.000 soldados em est\u00e1gio nas ruas e 659 iniciar\u00e3o a forma\u00e7\u00e3o, fortalecendo ainda mais nossas for\u00e7as. Todas essas a\u00e7\u00f5es fazem parte do programa Estado Presente em Defesa da Vida, que une preven\u00e7\u00e3o, intelig\u00eancia e repress\u00e3o qualificada para garantir mais seguran\u00e7a \u00e0s fam\u00edlias capixabas.&#8221;<\/em><\/p>\n\n\n\n<h3 class=\"wp-block-heading\" id=\"vagas\">Vagas confirmadas<\/h3>\n\n\n\n<p>O pr\u00f3ximo concurso PM ES contar\u00e1 com a <strong>oferta de mil vagas para o cargo de Soldado Combatente e oito para M\u00fasicos<\/strong>. A informa\u00e7\u00e3o foi confirmada pelo comandante-geral da corpora\u00e7\u00e3o, coronel Douglas Caus, durante entrevista ao portal &#8220;A Gazeta&#8221;.<\/p>\n\n\n\n<p><em>\u201cEsse ano ter\u00e1 nova autoriza\u00e7\u00e3o (de novo concurso p\u00fablico) para mais mil (para soldado), o que vai nos proporcionar no finalzinho de 2026 para 2027 mais mil policiais para Pol\u00edcia Militar\u201d,<\/em> declarou Caus.<\/p>\n\n\n\n<h2 class=\"wp-block-heading has-cyan-bluish-gray-background-color has-background\" id=\"sobre-os-cargos\">Concurso PM ES: sobre os cargos<\/h2>\n\n\n\n<h3 class=\"wp-block-heading\" id=\"remuneracoes\">Remunera\u00e7\u00f5es<\/h3>\n\n\n\n<p>De acordo com os dados dispon\u00edveis no Portal da Transpar\u00eancia do Esp\u00edrito Santo, abaixo voc\u00ea verifica os cargos da Pol\u00edcia Militar do Estado e suas respectivas remunera\u00e7\u00f5es iniciais e finais.<\/p>\n\n\n\n<figure class=\"wp-block-image aligncenter size-large\"><img loading=\"lazy\" decoding=\"async\" width=\"1024\" height=\"411\" src=\"https:\/\/dhg1h5j42swfq.cloudfront.net\/2025\/11\/10223745\/image-71-1024x411.png\" alt=\"Tabela remunerat\u00f3ria da PM ES\" class=\"wp-image-1668326\" srcset=\"https:\/\/dhg1h5j42swfq.cloudfront.net\/2025\/11\/10223745\/image-71-1024x411.png 1024w, https:\/\/dhg1h5j42swfq.cloudfront.net\/2025\/11\/10223745\/image-71-300x120.png 300w, https:\/\/dhg1h5j42swfq.cloudfront.net\/2025\/11\/10223745\/image-71-768x308.png 768w, https:\/\/dhg1h5j42swfq.cloudfront.net\/2025\/11\/10223745\/image-71-150x60.png 150w, https:\/\/dhg1h5j42swfq.cloudfront.net\/2025\/11\/10223745\/image-71.png 1537w\" sizes=\"auto, (max-width: 1024px) 100vw, 1024px\" \/><figcaption class=\"wp-element-caption\">Tabela remunerat\u00f3ria da PM ES<\/figcaption><\/figure>\n\n\n\n<h4 class=\"wp-block-heading\" id=\"h-salario-real-dos-servidores-da-pmes\">Sal\u00e1rio real dos servidores da PMES<\/h4>\n\n\n\n<figure class=\"wp-block-image aligncenter size-large\"><img loading=\"lazy\" decoding=\"async\" width=\"1024\" height=\"404\" src=\"https:\/\/dhg1h5j42swfq.cloudfront.net\/2025\/11\/13152732\/image-120-1024x404.png\" alt=\"\" class=\"wp-image-1670204\" srcset=\"https:\/\/dhg1h5j42swfq.cloudfront.net\/2025\/11\/13152732\/image-120-1024x404.png 1024w, https:\/\/dhg1h5j42swfq.cloudfront.net\/2025\/11\/13152732\/image-120-300x118.png 300w, https:\/\/dhg1h5j42swfq.cloudfront.net\/2025\/11\/13152732\/image-120-768x303.png 768w, https:\/\/dhg1h5j42swfq.cloudfront.net\/2025\/11\/13152732\/image-120-150x59.png 150w, https:\/\/dhg1h5j42swfq.cloudfront.net\/2025\/11\/13152732\/image-120.png 1330w\" sizes=\"auto, (max-width: 1024px) 100vw, 1024px\" \/><figcaption class=\"wp-element-caption\">Sal\u00e1rio do servidor de Aluno Oficial &#8211; admiss\u00e3o em 04\/2025<\/figcaption><\/figure>\n\n\n\n<figure class=\"wp-block-image aligncenter size-large\"><img loading=\"lazy\" decoding=\"async\" width=\"1024\" height=\"428\" src=\"https:\/\/dhg1h5j42swfq.cloudfront.net\/2025\/11\/13152926\/image-122-1024x428.png\" alt=\"\" class=\"wp-image-1670206\" srcset=\"https:\/\/dhg1h5j42swfq.cloudfront.net\/2025\/11\/13152926\/image-122-1024x428.png 1024w, https:\/\/dhg1h5j42swfq.cloudfront.net\/2025\/11\/13152926\/image-122-300x125.png 300w, https:\/\/dhg1h5j42swfq.cloudfront.net\/2025\/11\/13152926\/image-122-768x321.png 768w, https:\/\/dhg1h5j42swfq.cloudfront.net\/2025\/11\/13152926\/image-122-150x63.png 150w, https:\/\/dhg1h5j42swfq.cloudfront.net\/2025\/11\/13152926\/image-122.png 1315w\" sizes=\"auto, (max-width: 1024px) 100vw, 1024px\" \/><figcaption class=\"wp-element-caption\">Sal\u00e1rio do servidor de Aluno Soldado &#8211; admiss\u00e3o em 01\/2025<\/figcaption><\/figure>\n\n\n\n<ul class=\"wp-block-list\">\n<li><a href=\"https:\/\/transparencia.es.gov.br\/pessoal\" target=\"_blank\" rel=\"noreferrer noopener\">Confira aqui o portal da transpar\u00eancia ES<\/a><\/li>\n<\/ul>\n\n\n\n<h3 class=\"wp-block-heading\" id=\"requisitos\">Requisitos da PM ES<\/h3>\n\n\n\n<p>Entre os principais requisitos do concurso PM ES, est\u00e3o:<\/p>\n\n\n\n<ul class=\"wp-block-list\">\n<li>Possuir altura m\u00ednima, descal\u00e7o e descoberto, de 1,65m (homens) e de 1,60m (mulheres);<\/li>\n\n\n\n<li>Possuir Carteira Nacional de Habilita\u00e7\u00e3o (CNH) ou permiss\u00e3o para dirigir autom\u00f3vel, no m\u00ednimo na categoria \u201cB\u201d (caso exigido em edital);<\/li>\n\n\n\n<li>Ter, no m\u00ednimo, 18 anos de idade na data de matr\u00edcula no Curso de Forma\u00e7\u00e3o e, no m\u00e1ximo, 28 no primeiro dia de inscri\u00e7\u00e3o no concurso (exceto para ingresso no Quadro de Oficiais M\u00e9dicos, em que dever\u00e1 ter no m\u00e1ximo 35 anos);<\/li>\n\n\n\n<li>Forma\u00e7\u00e3o de n\u00edvel m\u00e9dio de escolaridade (Oficial, Soldado e M\u00fasicos);<\/li>\n\n\n\n<li>Forma\u00e7\u00e3o de n\u00edvel superior de escolaridade (Oficiais da Sa\u00fade\/1\u00ba Tenente).<\/li>\n<\/ul>\n\n\n\n<h2 class=\"wp-block-heading has-cyan-bluish-gray-background-color has-background\" id=\"oficial-combatente\">Concurso PM ES: edital Oficial Combatente &#8211; 2024<\/h2>\n\n\n\n<ul class=\"wp-block-list\">\n<li><strong>Banca<\/strong>: <a href=\"https:\/\/idecan.selecao.net.br\/informacoes\/52\/\" target=\"_blank\" rel=\"noreferrer noopener\">Idecan<\/a><\/li>\n\n\n\n<li><strong>Vagas<\/strong>: 40<\/li>\n\n\n\n<li><strong>Sal\u00e1rio:<\/strong>&nbsp;R$ 10.005,36<\/li>\n\n\n\n<li><strong>Edital<\/strong>: <a href=\"https:\/\/dhg1h5j42swfq.cloudfront.net\/2024\/06\/04113055\/edital-cfo-oficial-versao-final-pdf-1.pdf\" target=\"_blank\" rel=\"noreferrer noopener nofollow\">Oficial PM ES-2024<\/a><\/li>\n<\/ul>\n\n\n\n<h3 class=\"wp-block-heading\" id=\"vagas-2024\">Cargos e vagas do concurso PM ES<\/h3>\n\n\n\n<figure class=\"wp-block-table is-style-stripes\"><table class=\"has-very-light-gray-to-cyan-bluish-gray-gradient-background has-background has-fixed-layout\"><thead><tr><th class=\"has-text-align-center\" data-align=\"center\"> Cargos <\/th><th class=\"has-text-align-center\" data-align=\"center\"> Vagas <\/th><\/tr><\/thead><tbody><tr><td class=\"has-text-align-center\" data-align=\"center\">Oficial Combatente<\/td><td class=\"has-text-align-center\" data-align=\"center\">40<\/td><\/tr><\/tbody><\/table><\/figure>\n\n\n\n<p><strong>Principais requisitos: <\/strong><\/p>\n\n\n\n<ul class=\"wp-block-list\">\n<li>n\u00edvel m\u00e9dio de escolaridade completo;<\/li>\n\n\n\n<li>ter altura m\u00ednima, descal\u00e7o e descoberto, de 1,65m para homens e de 1,60m para mulheres;<\/li>\n\n\n\n<li>possuir Carteira Nacional de Habilita\u00e7\u00e3o (CNH) ou permiss\u00e3o para dirigir autom\u00f3vel, no m\u00ednimo na categoria \u201cB\u201d que esteja em pleno vigor, conforme o C\u00f3digo Tr\u00e2nsito Brasileiro, n\u00e3o podendo est\u00e1 cassada ou suspensa no ato da Entrega de Documenta\u00e7\u00e3o para fins de matr\u00edcula no curso de forma\u00e7\u00e3o;<\/li>\n\n\n\n<li>idade m\u00ednima de 18 anos na data de matr\u00edcula no Curso de Forma\u00e7\u00e3o de Oficiais;<\/li>\n\n\n\n<li>idade m\u00e1xima de 28 anos, no primeiro dia de inscri\u00e7\u00e3o neste concurso.<\/li>\n<\/ul>\n\n\n\n<p><strong>Sal\u00e1rio:<\/strong><\/p>\n\n\n\n<ul class=\"wp-block-list\">\n<li>Aluno 1\u00ba ano \u2013 R$ 4.384,75<\/li>\n\n\n\n<li>Aluno 2\u00ba ano \u2013 R$ 5.225,81<\/li>\n\n\n\n<li>Aluno 3\u00ba ano \u2013 R$ 5.646,34<\/li>\n\n\n\n<li>Aspirante a Oficial \u2013 R$ 10.005,36<\/li>\n<\/ul>\n\n\n\n<p><strong>Benef\u00edcios:<\/strong><\/p>\n\n\n\n<ul class=\"wp-block-list\">\n<li>Assist\u00eancia m\u00e9dica e odontol\u00f3gica;<\/li>\n\n\n\n<li>Subs\u00eddio bruto do Aluno Oficial com Aux\u00edlio-alimenta\u00e7\u00e3o;<\/li>\n\n\n\n<li>Subs\u00eddio bruto do Aspirante a Oficial com Aux\u00edlio-alimenta\u00e7\u00e3o e GSE. Al\u00e9m do subs\u00eddio, o militar far\u00e1 jus ao Aux\u00edlio-Fardamento recebido uma vez ao ano.<\/li>\n<\/ul>\n\n\n\n<h3 class=\"wp-block-heading\" id=\"etapas-2024\">Etapas e provas  do concurso PM ES<\/h3>\n\n\n\n<p>Os candidatos do concurso da Pol\u00edcia Militar do Esp\u00edrito Santo foram avaliados por meio de at\u00e9 oito etapas, sendo:<\/p>\n\n\n\n<ul class=\"wp-block-list\">\n<li><strong>1\u00aa Etapa<\/strong>: Aferi\u00e7\u00e3o de Idade (Eliminat\u00f3ria), Exame intelectual com a aplica\u00e7\u00e3o de prova objetiva e prova discursiva (reda\u00e7\u00e3o) a todos os candidatos inscritos (eliminat\u00f3ria e classificat\u00f3ria) e Procedimentos de heteroidentifica\u00e7\u00e3o;<\/li>\n\n\n\n<li><strong>2\u00aa Etapa<\/strong>: Aplica\u00e7\u00e3o de Exame de Aptid\u00e3o F\u00edsica (eliminat\u00f3rio);<\/li>\n\n\n\n<li><strong>3\u00aa Etapa<\/strong>: Exame de Avalia\u00e7\u00e3o Psicol\u00f3gica (eliminat\u00f3rio);<\/li>\n\n\n\n<li><strong>4\u00aa Etapa<\/strong>: Investiga\u00e7\u00e3o Social (eliminat\u00f3rio);<\/li>\n\n\n\n<li><strong>5\u00aa Etapa<\/strong>: Exame de Sa\u00fade (eliminat\u00f3rio);<\/li>\n\n\n\n<li><strong>6\u00aa Etapa<\/strong>: Entrega de documenta\u00e7\u00e3o (eliminat\u00f3rio);<\/li>\n\n\n\n<li><strong>7\u00aa Etapa<\/strong>: Classifica\u00e7\u00e3o para Fins de Matr\u00edcula no Curso de Forma\u00e7\u00e3o (Classificat\u00f3rio);<\/li>\n\n\n\n<li><strong>8\u00aa Etapa<\/strong>: Curso de Forma\u00e7\u00e3o de Oficiais (eliminat\u00f3rio e classificat\u00f3rio).<\/li>\n<\/ul>\n\n\n\n<p>A 1\u00ba Etapa do Concurso foi realizada nos munic\u00edpios de: Cachoeiro de Itapemirim; Colatina; Linhares; Nova Ven\u00e9cia; S\u00e3o Mateus; Venda Nova do Imigrante; Regi\u00e3o Metropolitana da Grande Vit\u00f3ria\/ES (Vit\u00f3ria, Cariacica, Serra ou Vila Velha).<\/p>\n\n\n\n<p>As demais etapas ser\u00e3o realizadas exclusivamente na Regi\u00e3o Metropolitana da Grande Vit\u00f3ria\/ES (Vit\u00f3ria, Cariacica, Serra ou Vila Velha).<\/p>\n\n\n\n<h4 class=\"wp-block-heading\" id=\"objetiva\">Provas Objetivas<\/h4>\n\n\n\n<p>As provas objetivas de car\u00e1ter eliminat\u00f3rio e classificat\u00f3rio, constou de 80 quest\u00f5es de m\u00faltipla escolha (cinco alternativas).<\/p>\n\n\n\n<ul class=\"wp-block-list\">\n<li><strong>Conhecimentos Comuns:<\/strong>\n<ul class=\"wp-block-list\">\n<li>L\u00edngua Portuguesa &#8211; 15 <\/li>\n\n\n\n<li>Racioc\u00ednio L\u00f3gico e Matem\u00e1tico &#8211; 15 <\/li>\n\n\n\n<li>Geografia &#8211; 15 <\/li>\n\n\n\n<li>Hist\u00f3ria &#8211; 15 <\/li>\n\n\n\n<li>Inform\u00e1tica &#8211; 10 <\/li>\n<\/ul>\n<\/li>\n\n\n\n<li><strong>Conhecimentos Espec\u00edficos:<\/strong>\n<ul class=\"wp-block-list\">\n<li>No\u00e7\u00f5es de Direito Administrativo e Constitucional &#8211; 10<\/li>\n<\/ul>\n<\/li>\n<\/ul>\n\n\n\n<p>Foi considerado aprovado o candidato que obteve:<\/p>\n\n\n\n<ul class=\"wp-block-list\">\n<li>I- no m\u00ednimo, 50% da pontua\u00e7\u00e3o m\u00e1xima poss\u00edvel na Prova Objetiva; e<\/li>\n\n\n\n<li>II- no m\u00ednimo, 20% da pontua\u00e7\u00e3o m\u00e1xima poss\u00edvel em cada disciplina, exceto em rela\u00e7\u00e3o \u00e0 prova discursiva.<\/li>\n<\/ul>\n\n\n\n<h4 class=\"wp-block-heading\" id=\"discursiva\">Prova Discursiva<\/h4>\n\n\n\n<p>Foi aplicada prova discursiva no mesmo dia da prova objetiva, constitu\u00edda de 1 quest\u00e3o respondida no limite de 20 a 30 linhas, a respeito de tema constante do conte\u00fado program\u00e1tico de conhecimentos gerais ou espec\u00edficos.<\/p>\n\n\n\n<p>A prova tem o valor de 40 pontos, sendo considerados aprovados apenas os candidatos que obtiverem o percentual m\u00ednimo de 50% de aproveitamento do total dos pontos.<\/p>\n\n\n\n<h4 class=\"wp-block-heading\" id=\"pratica\">Teste de Aptid\u00e3o F\u00edsica <\/h4>\n\n\n\n<p>O <a href=\"https:\/\/www.estrategiaconcursos.com.br\/blog\/preparacao-teste-aptidao-fisica\/\" target=\"_blank\" rel=\"noreferrer noopener\">Teste de Aptid\u00e3o F\u00edsica<\/a> consistir\u00e1 na realiza\u00e7\u00e3o de 04 provas, sendo convocados todos os candidatos aprovados na 1\u00aa Etapa, em at\u00e9 tr\u00eas vezes a quantidade de vagas, respeitados os empatados em \u00faltima posi\u00e7\u00e3o.<\/p>\n\n\n\n<p>A referida etapa do concurso PM ES para Oficial ser\u00e1 constitu\u00edda de flex\u00e3o na barra fixa, agilidade, corrida de 2.400m e abdominal remador.<\/p>\n\n\n\n<figure class=\"wp-block-image aligncenter size-full\"><img loading=\"lazy\" decoding=\"async\" width=\"704\" height=\"552\" src=\"https:\/\/dhg1h5j42swfq.cloudfront.net\/2024\/06\/04115804\/image-66.png\" alt=\"\u00cdndices do teste f\u00edsico do edital PM ES\" class=\"wp-image-1409291\" srcset=\"https:\/\/dhg1h5j42swfq.cloudfront.net\/2024\/06\/04115804\/image-66.png 704w, https:\/\/dhg1h5j42swfq.cloudfront.net\/2024\/06\/04115804\/image-66-300x235.png 300w, https:\/\/dhg1h5j42swfq.cloudfront.net\/2024\/06\/04115804\/image-66-610x478.png 610w, https:\/\/dhg1h5j42swfq.cloudfront.net\/2024\/06\/04115804\/image-66-150x118.png 150w\" sizes=\"auto, (max-width: 704px) 100vw, 704px\" \/><figcaption class=\"wp-element-caption\">\u00cdndices do teste f\u00edsico do edital PM ES<\/figcaption><\/figure>\n\n\n\n<h3 class=\"wp-block-heading\" id=\"h-guia-de-estudos-pm-es-2024\">Guia de Estudos PM ES 2024 <\/h3>\n\n\n\n<ul class=\"wp-block-list\">\n<li><a href=\"https:\/\/www.estrategiaconcursos.com.br\/blog\/guia-de-estudos-para-pm-es-2024\/\" target=\"_blank\" rel=\"noreferrer noopener\">Guia de Estudos PM ES 2024 &#8211; Oficial Combatente<\/a><\/li>\n<\/ul>\n\n\n\n<h2 class=\"wp-block-heading has-cyan-bluish-gray-background-color has-background\" id=\"soldado-2022\">Concurso PM ES: \u00faltimas provas<\/h2>\n\n\n\n<h3 class=\"wp-block-heading has-cyan-bluish-gray-background-color has-background\" id=\"soldado-2022\">Concurso PM ES: edital Soldado &#8211; 2022<\/h3>\n\n\n\n<h4 class=\"wp-block-heading\" id=\"cargos-vagas\">Cargos e vagas do concurso PM ES<\/h4>\n\n\n\n<figure class=\"wp-block-table is-style-stripes\"><table class=\"has-very-light-gray-to-cyan-bluish-gray-gradient-background has-background has-fixed-layout\"><thead><tr><th class=\"has-text-align-center\" data-align=\"center\"> Cargos <\/th><th class=\"has-text-align-center\" data-align=\"center\"> Escolaridade <\/th><th class=\"has-text-align-center\" data-align=\"center\"> Vagas <\/th><\/tr><\/thead><tbody><tr><td class=\"has-text-align-center\" data-align=\"center\">Soldado Combatente (QPMP-C)<\/td><td class=\"has-text-align-center\" data-align=\"center\">N\u00edvel M\u00e9dio<\/td><td class=\"has-text-align-center\" data-align=\"center\">1.000<\/td><\/tr><tr><td class=\"has-text-align-center\" data-align=\"center\">Soldado M\u00fasico (QPMP-M)*<\/td><td class=\"has-text-align-center\" data-align=\"center\">N\u00edvel M\u00e9dio<\/td><td class=\"has-text-align-center\" data-align=\"center\">22<\/td><\/tr><tr><td class=\"has-text-align-center\" data-align=\"center\">Soldado Auxiliar de Sa\u00fade (QPMP-S)**<\/td><td class=\"has-text-align-center\" data-align=\"center\">N\u00edvel T\u00e9cnico<\/td><td class=\"has-text-align-center\" data-align=\"center\">30<\/td><\/tr><\/tbody><\/table><figcaption class=\"wp-element-caption\">Quadro de cargos e vagas do Edital para Soldado.<\/figcaption><\/figure>\n\n\n\n<ul class=\"wp-block-list\">\n<li><strong>Sal\u00e1rio<\/strong>: R$ 3.735,79 (bruto) + R$ 300,00 de aux\u00edlio-alimenta\u00e7\u00e3o<\/li>\n<\/ul>\n\n\n\n<p>*<strong>Especialidades<\/strong>: Flautim em D\u00f3, Clarineta em Si bemol, Saxofone Tenor em Si bemol, TROMPA em F\u00c1, Trompete em Si bemol, Trombone de Vara em Si bemol, Bombardino em Si bemol, TUBA em Si bemol e Percuss\u00e3o.<\/p>\n\n\n\n<p>**<strong>Especialidades<\/strong>: <a href=\"https:\/\/www.estrategiaconcursos.com.br\/curso\/06-pm-es-soldado-tecnico-em-farmacia-pacote-2022-pos-edital\/\" target=\"_blank\" rel=\"noreferrer noopener\">T\u00e9cnico em Farm\u00e1cia<\/a>, <a href=\"https:\/\/www.estrategiaconcursos.com.br\/curso\/04-pm-es-soldado-tecnico-em-laboratorio-pacote-2022-pos-edital\/\" target=\"_blank\" rel=\"noreferrer noopener\">T\u00e9cnico em Laborat\u00f3rio<\/a>, <a href=\"https:\/\/www.estrategiaconcursos.com.br\/curso\/05-pm-es-soldado-tecnico-em-saude-bucal-pacote-2022-pos-edital\/\" target=\"_blank\" rel=\"noreferrer noopener\">T\u00e9cnico em Sa\u00fade Bucal<\/a>, <a href=\"https:\/\/www.estrategiaconcursos.com.br\/curso\/02-pm-es-soldado-tecnico-em-enfermagem-pacote-2022-pos-edital\/\" target=\"_blank\" rel=\"noreferrer noopener\">T\u00e9cnico em Enfermagem<\/a> e T\u00e9cnico em Veterin\u00e1ria.<\/p>\n\n\n\n<h4 class=\"wp-block-heading\" id=\"etapas\">Etapas e provas do concurso PM ES<\/h4>\n\n\n\n<p>Os candidatos do concurso PM ES s\u00e3o avaliados atrav\u00e9s das seguintes etapas:<\/p>\n\n\n\n<ul class=\"wp-block-list\">\n<li><strong>Prova Objetiva \u2013<\/strong> eliminat\u00f3rio e classificat\u00f3rio;<\/li>\n\n\n\n<li><strong>Prova de Reda\u00e7\u00e3o<\/strong> <strong>\u2013<\/strong> eliminat\u00f3rio e classificat\u00f3rio;<\/li>\n\n\n\n<li><strong>Entrega de Documenta\u00e7\u00e3o para Aferi\u00e7\u00e3o de Idade<\/strong> <strong>\u2013<\/strong> eliminat\u00f3rio;<\/li>\n\n\n\n<li><strong>Teste de Aptid\u00e3o F\u00edsica<\/strong> <strong>\u2013<\/strong> eliminat\u00f3rio;<\/li>\n\n\n\n<li><strong>Avalia\u00e7\u00e3o Psicol\u00f3gica  \u2013<\/strong> eliminat\u00f3rio;<\/li>\n\n\n\n<li><strong>Prova Pr\u00e1tica de M\u00fasica <\/strong> <strong>\u2013<\/strong> eliminat\u00f3rio <em>(somente para M\u00fasicos)<\/em>;<\/li>\n\n\n\n<li><strong>Investiga\u00e7\u00e3o Social  \u2013<\/strong> eliminat\u00f3rio;<\/li>\n\n\n\n<li><strong>Exames de Sa\u00fade<\/strong>  <strong>\u2013<\/strong> eliminat\u00f3rio;<\/li>\n\n\n\n<li><strong>Classifica\u00e7\u00e3o Final para Curso de Forma\u00e7\u00e3o<\/strong>  <strong>\u2013<\/strong> eliminat\u00f3rio e classificat\u00f3rio;<\/li>\n\n\n\n<li><strong>Entrega de Documentos para Matr\u00edcula<\/strong>  <strong>\u2013<\/strong> eliminat\u00f3rio;<\/li>\n\n\n\n<li><strong>Curso de Forma\u00e7\u00e3o<\/strong>  <strong>\u2013<\/strong> eliminat\u00f3rio e classificat\u00f3rio;<\/li>\n<\/ul>\n\n\n\n<h4 class=\"wp-block-heading\" id=\"objetiva\">Provas Objetivas<\/h4>\n\n\n\n<p>A Prova Objetiva foi composta de 80 quest\u00f5es, distribu\u00eddas por \u00e1reas de conhecimento. Cada quest\u00e3o da etapa teve cinco alternativas e apenas uma correta.<\/p>\n\n\n\n<ul class=\"wp-block-list\">\n<li><strong>Soldado Combatente (QPMP-C)<\/strong>:\n<ul class=\"wp-block-list\">\n<li>L\u00edngua Portuguesa &#8211; 20 <\/li>\n\n\n\n<li>Racioc\u00ednio L\u00f3gico e Matem\u00e1tico &#8211; 20 <\/li>\n\n\n\n<li>Geografia Geral, Brasil e do Esp\u00edrito Santo &#8211; 20 <\/li>\n\n\n\n<li>Hist\u00f3ria do Brasil e do Esp\u00edrito Santo &#8211; 20 <\/li>\n<\/ul>\n<\/li>\n<\/ul>\n\n\n\n<ul class=\"wp-block-list\">\n<li><strong>Soldado M\u00fasico (QPMP-M)<\/strong>:\n<ul class=\"wp-block-list\">\n<li>L\u00edngua Portuguesa &#8211; 25 <\/li>\n\n\n\n<li>Racioc\u00ednio L\u00f3gico e Matem\u00e1tico &#8211; 25 <\/li>\n\n\n\n<li>Conhecimento espec\u00edfico de m\u00fasica &#8211; 30 <\/li>\n<\/ul>\n<\/li>\n<\/ul>\n\n\n\n<ul class=\"wp-block-list\">\n<li><strong>Soldado Auxiliar de Sa\u00fade (QPMP-S)<\/strong>:\n<ul class=\"wp-block-list\">\n<li>L\u00edngua Portuguesa &#8211; 20 <\/li>\n\n\n\n<li>Racioc\u00ednio L\u00f3gico e Matem\u00e1tico &#8211; 15 <\/li>\n\n\n\n<li>Conhecimentos b\u00e1sicos de Sa\u00fade P\u00fablica e Gest\u00e3o de Sa\u00fade &#8211; 15 <\/li>\n\n\n\n<li>\u00c1rea de Conhecimentos espec\u00edficos &#8211; 30 <\/li>\n<\/ul>\n<\/li>\n<\/ul>\n\n\n\n<p>As Provas Objetiva e de Reda\u00e7\u00e3o foram aplicadas nas cidades de Cachoeiro de Itapemirim, Colatina, Linhares, Nova Ven\u00e9cia, S\u00e3o Mateus, Venda Nova do Imigrante e na Grande Vit\u00f3ria (Vit\u00f3ria, Vila Velha,  Serra).<\/p>\n\n\n\n<p>O candidato, para ser aprovado na Prova Objetiva do concurso PM ES deveria, al\u00e9m de n\u00e3o ser eliminado por outros crit\u00e9rios:<\/p>\n\n\n\n<ul class=\"wp-block-list\">\n<li>Obter, no m\u00ednimo, 40% da pontua\u00e7\u00e3o m\u00e1xima poss\u00edvel; <\/li>\n\n\n\n<li>Obter, no m\u00ednimo, 30% da pontua\u00e7\u00e3o m\u00e1xima poss\u00edvel em cada \u00e1rea de conhecimento (Soldado Sa\u00fade);<\/li>\n\n\n\n<li>Obter, no m\u00ednimo, 20% da pontua\u00e7\u00e3o m\u00e1xima poss\u00edvel em cada \u00e1rea de conhecimento (Soldado Combatente e M\u00fasico).<\/li>\n<\/ul>\n\n\n\n<h4 class=\"wp-block-heading\" id=\"discursiva\">Prova de Reda\u00e7\u00e3o<\/h4>\n\n\n\n<p>A Prova de Reda\u00e7\u00e3o foi realizada juntamente \u00e0 Prova Objetiva. A etapa foi elaborada a partir de um tema proposto (15 a 30 linhas), baseado em um ou mais textos ou fragmentos de textos. <\/p>\n\n\n\n<p>A reda\u00e7\u00e3o do concurso PM ES teve a pontua\u00e7\u00e3o m\u00e1xima de 40 pontos e o candidato precisou obter 20 pontos ou mais para n\u00e3o ser eliminado.<\/p>\n\n\n\n<h4 class=\"wp-block-heading\" id=\"pratica\">Teste de Aptid\u00e3o F\u00edsica (TAF)<\/h4>\n\n\n\n<p>O <a href=\"https:\/\/www.estrategiaconcursos.com.br\/blog\/preparacao-teste-aptidao-fisica\/\" target=\"_blank\" rel=\"noreferrer noopener\">Teste de Aptid\u00e3o F\u00edsica<\/a> do concurso PM ES teve car\u00e1ter eliminat\u00f3rio e foi realizado na regi\u00e3o Metropolitana da Grande Vit\u00f3ria (ES). Os exerc\u00edcios do TAF deveriam ser executados da forma relacionada nos itens seguintes:<\/p>\n\n\n\n<ul class=\"wp-block-list\">\n<li>Flex\u00e3o na barra fixa (masculino e feminino);<\/li>\n\n\n\n<li>Abdominal remador (masculino e feminino);<\/li>\n\n\n\n<li>Agilidade (masculino e feminino);<\/li>\n\n\n\n<li>Corrida 2.400 m (masculino e feminino).<\/li>\n<\/ul>\n\n\n\n<figure class=\"wp-block-image aligncenter size-large\"><img loading=\"lazy\" decoding=\"async\" width=\"1024\" height=\"457\" src=\"https:\/\/dhg1h5j42swfq.cloudfront.net\/2022\/06\/07075558\/image-81-1024x457.png\" alt=\"Quadro com os exerc\u00edcios exigidos no Teste de Aptid\u00e3o F\u00edsica da PM ES.\" class=\"wp-image-1040637\" srcset=\"https:\/\/dhg1h5j42swfq.cloudfront.net\/2022\/06\/07075558\/image-81-1024x457.png 1024w, https:\/\/dhg1h5j42swfq.cloudfront.net\/2022\/06\/07075558\/image-81-300x134.png 300w, https:\/\/dhg1h5j42swfq.cloudfront.net\/2022\/06\/07075558\/image-81-768x342.png 768w, https:\/\/dhg1h5j42swfq.cloudfront.net\/2022\/06\/07075558\/image-81-610x272.png 610w, https:\/\/dhg1h5j42swfq.cloudfront.net\/2022\/06\/07075558\/image-81.png 1249w\" sizes=\"auto, (max-width: 1024px) 100vw, 1024px\" \/><figcaption class=\"wp-element-caption\">Quadro com exerc\u00edcios do TAF do concurso PM ES<\/figcaption><\/figure>\n\n\n\n<h4 class=\"wp-block-heading\" id=\"h-prova-pratica-de-musico\">Prova Pr\u00e1tica de M\u00fasico<\/h4>\n\n\n\n<p>A Prova Pr\u00e1tica do concurso PM ES para o cargo de Soldado M\u00fasico foi composta das seguintes avalia\u00e7\u00f5es de execu\u00e7\u00e3o instrumental:<\/p>\n\n\n\n<ol class=\"wp-block-list\">\n<li>Confronto, que consiste na execu\u00e7\u00e3o de uma pe\u00e7a musical;<\/li>\n\n\n\n<li>Livre Escolha, que consiste na execu\u00e7\u00e3o de uma pe\u00e7a musical de livre escolha do candidato, n\u00e3o podendo ultrapassar 10 minutos de dura\u00e7\u00e3o;<\/li>\n\n\n\n<li>Repert\u00f3rio para Banda de M\u00fasica 1 e Repert\u00f3rio para Banda de M\u00fasica 2, que consistem na execu\u00e7\u00e3o de trechos do repert\u00f3rio para Banda de M\u00fasica, nacional e internacional;<\/li>\n\n\n\n<li>Leitura \u00e0 Primeira Vista, que consiste na execu\u00e7\u00e3o de trechos musicais extra\u00eddos de m\u00e9todos de t\u00e9cnicas instrumentais ou de obras musicais diversas, determinados pela banca examinadora.<\/li>\n<\/ol>\n\n\n\n<p>Em cada avalia\u00e7\u00e3o o candidato foi mensurado em sua habilidade e conhecimento musical por meio da avalia\u00e7\u00e3o de sua performance, segundo os itens e respectiva pontua\u00e7\u00e3o m\u00e1xima:<\/p>\n\n\n\n<ul class=\"wp-block-list\">\n<li>T\u00e9cnica Instrumental (0,00 a 70,00 pontos);<\/li>\n\n\n\n<li>Fraseado e Din\u00e2mica (0,00 a 20,00 pontos);<\/li>\n\n\n\n<li>Postura (0,00 a 10,00 pontos).<\/li>\n<\/ul>\n\n\n\n<p>A nota final correspondeu \u00e0 media aritm\u00e9tica das notas obtidas em cada uma das avalia\u00e7\u00f5es. Considerou-se aprovado aquele que obteve nota igual ou superior a 50,00.<\/p>\n\n\n\n<h4 class=\"wp-block-heading\" id=\"edital-estrategico-pm-es-soldado\">Edital Estrat\u00e9gico PM ES &#8211; Soldado<\/h4>\n\n\n\n<ul class=\"wp-block-list\">\n<li><strong><a href=\"https:\/\/docs.google.com\/spreadsheets\/d\/1HhNdBt3KFNFqRxJF_pFHk7Gk1c6MBkqW\/edit#gid=644265957\" target=\"_blank\" rel=\"noreferrer noopener\">Soldado Combatente<\/a><\/strong><\/li>\n<\/ul>\n\n\n\n<p><strong>IMPORTANTE:&nbsp;<\/strong>Ao clicar nos links acima, vai ser aberta uma janela do Google Drive que tentar\u00e1 carregar a visualiza\u00e7\u00e3o da planilha no seu navegador. N\u00e3o h\u00e1 necessidade de esperar essa visualiza\u00e7\u00e3o (talvez at\u00e9 nem carregue, j\u00e1 que os arquivos s\u00e3o pesados).<\/p>\n\n\n\n<p>Fa\u00e7a o download clicando na seta para baixo no canto superior direito da janela do Google Drive que vai ser aberta ao clicar nos links acima.<\/p>\n\n\n\n<p>Todos os arquivos foram testados em diferentes computadores e celulares e est\u00e3o ok. Talvez alguma incompatibilidade (ou mensagem de erro, como \u201carquivo inv\u00e1lido\u201d) ocorra em virtude do seu pr\u00f3prio computador ou do tamanho dos arquivos que possuem mais conte\u00fado.<\/p>\n\n\n\n<h3 class=\"wp-block-heading has-cyan-bluish-gray-background-color has-background\" id=\"edital-oficial\">Concurso PM ES: edital Oficial Sa\u00fade e M\u00fasico &#8211; 2022<\/h3>\n\n\n\n<h4 class=\"wp-block-heading\" id=\"cargos-vagas-oficial\">Cargos e vagas do concurso PM ES<\/h4>\n\n\n\n<figure class=\"wp-block-table is-style-stripes\"><table class=\"has-very-light-gray-to-cyan-bluish-gray-gradient-background has-background has-fixed-layout\"><thead><tr><th class=\"has-text-align-center\" data-align=\"center\"> Cargos <\/th><th class=\"has-text-align-center\" data-align=\"center\"> Vagas <\/th><th class=\"has-text-align-center\" data-align=\"center\">Remunera\u00e7\u00e3o<\/th><\/tr><\/thead><tbody><tr><td class=\"has-text-align-center\" data-align=\"center\">Oficiais M\u00e9dicos (QOM)<\/td><td class=\"has-text-align-center\" data-align=\"center\">20<\/td><td class=\"has-text-align-center\" data-align=\"center\">R$ 9.478,27 + R$ 300,00 (aux\u00edlio-alimenta\u00e7\u00e3o)<\/td><\/tr><tr><td class=\"has-text-align-center\" data-align=\"center\">Oficiais Dentistas (QOD)<\/td><td class=\"has-text-align-center\" data-align=\"center\">20<\/td><td class=\"has-text-align-center\" data-align=\"center\">R$ 9.478,27 + R$ 300,00 (aux\u00edlio-alimenta\u00e7\u00e3o)<\/td><\/tr><tr><td class=\"has-text-align-center\" data-align=\"center\">Oficiais Enfermeiros (QOE)<\/td><td class=\"has-text-align-center\" data-align=\"center\">10<\/td><td class=\"has-text-align-center\" data-align=\"center\">R$ 9.478,27 + R$ 300,00 (aux\u00edlio-alimenta\u00e7\u00e3o)<\/td><\/tr><tr><td class=\"has-text-align-center\" data-align=\"center\">Oficiais Farmac\u00eauticos Bioqu\u00edmicos (QOFB)<\/td><td class=\"has-text-align-center\" data-align=\"center\">05<\/td><td class=\"has-text-align-center\" data-align=\"center\">R$ 9.478,27 + R$ 300,00 (aux\u00edlio-alimenta\u00e7\u00e3o)<\/td><\/tr><tr><td class=\"has-text-align-center\" data-align=\"center\">Oficiais M\u00e9dicos Veterin\u00e1rios (QOMV)<\/td><td class=\"has-text-align-center\" data-align=\"center\">02<\/td><td class=\"has-text-align-center\" data-align=\"center\">R$ 9.478,27 + R$ 300,00 (aux\u00edlio-alimenta\u00e7\u00e3o)<\/td><\/tr><tr><td class=\"has-text-align-center\" data-align=\"center\">Oficiais M\u00fasicos (QOMus)<\/td><td class=\"has-text-align-center\" data-align=\"center\">02<\/td><td class=\"has-text-align-center\" data-align=\"center\">R$ 11.006,75 + R$ 300,00 (aux\u00edlio-alimenta\u00e7\u00e3o)<\/td><\/tr><\/tbody><\/table><figcaption class=\"wp-element-caption\">Quadro de cargos e vagas do edital de Oficial.<\/figcaption><\/figure>\n\n\n\n<ul class=\"wp-block-list\">\n<li><a href=\"https:\/\/www.estrategiaconcursos.com.br\/blog\/concurso-pm-es-especialidades-oficial-saude\/\" target=\"_blank\" rel=\"noreferrer noopener\">Confira as especialidades de Oficial da Sa\u00fade<\/a><\/li>\n<\/ul>\n\n\n\n<h4 class=\"wp-block-heading\" id=\"etapas-oficial\">Etapas e provas do concurso PM ES<\/h4>\n\n\n\n<p>Os candidatos do concurso PM ES foram avaliados atrav\u00e9s das seguintes etapas:<\/p>\n\n\n\n<ul class=\"wp-block-list\">\n<li><strong>Prova Objetiva \u2013<\/strong> eliminat\u00f3rio e classificat\u00f3rio;<\/li>\n\n\n\n<li><strong>Prova Discursiva<\/strong> <strong>\u2013<\/strong> eliminat\u00f3rio e classificat\u00f3rio;<\/li>\n\n\n\n<li><strong>Entrega de Documenta\u00e7\u00e3o para Aferi\u00e7\u00e3o de Idade e dos T\u00edtulos<\/strong> <strong>\u2013<\/strong> eliminat\u00f3rio;<\/li>\n\n\n\n<li><strong>Teste de Aptid\u00e3o F\u00edsica<\/strong> <strong>\u2013<\/strong> eliminat\u00f3rio;<\/li>\n\n\n\n<li><strong>Avalia\u00e7\u00e3o Psicol\u00f3gica  \u2013<\/strong> eliminat\u00f3rio;<\/li>\n\n\n\n<li><strong>Prova Pr\u00e1tica de M\u00fasica <\/strong> <strong>\u2013<\/strong> eliminat\u00f3rio <em>(somente para M\u00fasicos)<\/em>;<\/li>\n\n\n\n<li><strong>Investiga\u00e7\u00e3o Social  \u2013<\/strong> eliminat\u00f3rio;<\/li>\n\n\n\n<li><strong>Inspe\u00e7\u00e3o de Sa\u00fade<\/strong>  <strong>\u2013<\/strong> eliminat\u00f3rio.<\/li>\n<\/ul>\n\n\n\n<h4 class=\"wp-block-heading\" id=\"objetiva\">Provas Objetivas<\/h4>\n\n\n\n<p>A Prova Objetiva foi composta de 80 quest\u00f5es, distribu\u00eddas por \u00e1reas de conhecimento. Cada quest\u00e3o da etapa teve cinco alternativas e apenas uma correta.<\/p>\n\n\n\n<ul class=\"wp-block-list\">\n<li><strong>Oficial M\u00fasico<\/strong>:\n<ul class=\"wp-block-list\">\n<li>L\u00edngua Portuguesa &#8211; 25 <\/li>\n\n\n\n<li>Racioc\u00ednio L\u00f3gico e Matem\u00e1tico &#8211; 25 <\/li>\n\n\n\n<li>Conhecimento espec\u00edfico de m\u00fasica &#8211; 30 <\/li>\n<\/ul>\n<\/li>\n<\/ul>\n\n\n\n<ul class=\"wp-block-list\">\n<li><strong>Oficial M\u00e9dico<\/strong>:\n<ul class=\"wp-block-list\">\n<li>Conhecimentos em Sa\u00fade P\u00fablica e Gest\u00e3o de Sa\u00fade <em>&#8211; 25 <\/em><\/li>\n\n\n\n<li>Conhecimentos em Medicina &#8211; 25 <\/li>\n\n\n\n<li>Conhecimentos Espec\u00edficos &#8211; 30 <\/li>\n<\/ul>\n<\/li>\n<\/ul>\n\n\n\n<ul class=\"wp-block-list\">\n<li><strong>Oficial Farmac\u00eautico<\/strong>:\n<ul class=\"wp-block-list\">\n<li>Conhecimentos em Sa\u00fade P\u00fablica e Gest\u00e3o de Sa\u00fade <em>&#8211; 25 <\/em><\/li>\n\n\n\n<li>Conhecimentos em Farm\u00e1cia e Bioqu\u00edmica &#8211; 55<\/li>\n<\/ul>\n<\/li>\n<\/ul>\n\n\n\n<ul class=\"wp-block-list\">\n<li><strong>Oficial Dentista<\/strong>:<ul><li>Conhecimentos em Sa\u00fade P\u00fablica e Gest\u00e3o de Sa\u00fade &#8211; 25 <\/li><\/ul>\n<ul class=\"wp-block-list\">\n<li>Conhecimentos em Odontologia &#8211; 25 <\/li>\n\n\n\n<li>Conhecimentos Espec\u00edficos &#8211; 30 <\/li>\n<\/ul>\n<\/li>\n<\/ul>\n\n\n\n<ul class=\"wp-block-list\">\n<li><strong>Oficial Enfermeiro<\/strong>:\n<ul class=\"wp-block-list\">\n<li>Conhecimentos em Sa\u00fade P\u00fablica e Gest\u00e3o de Sa\u00fade <em>&#8211; 25 <\/em><\/li>\n\n\n\n<li>Conhecimentos em Enfermagem &#8211; 55<\/li>\n<\/ul>\n<\/li>\n<\/ul>\n\n\n\n<ul class=\"wp-block-list\">\n<li><strong>Oficial M\u00e9dico Veterin\u00e1rio<\/strong>:\n<ul class=\"wp-block-list\">\n<li>Conhecimentos em Sa\u00fade P\u00fablica e Gest\u00e3o de Sa\u00fade <em>&#8211; 25 <\/em><\/li>\n\n\n\n<li>Conhecimentos em Medicina Veterin\u00e1ria <em>&#8211; 55<\/em><\/li>\n<\/ul>\n<\/li>\n<\/ul>\n\n\n\n<p>As Provas Objetiva e de Reda\u00e7\u00e3o foram aplicadas nas cidades de Cachoeiro de Itapemirim, Colatina, Linhares, Nova Ven\u00e9cia, S\u00e3o Mateus, Venda Nova do Imigrante ou na Grande Vit\u00f3ria (Vit\u00f3ria, Vila Velha,  Serra).<\/p>\n\n\n\n<p>O candidato, para ser aprovado na Prova Objetiva do concurso PM ES deveria, al\u00e9m de n\u00e3o ser eliminado por outros crit\u00e9rios:<\/p>\n\n\n\n<ul class=\"wp-block-list\">\n<li>Obter, no m\u00ednimo, 40% da pontua\u00e7\u00e3o m\u00e1xima poss\u00edvel; <\/li>\n\n\n\n<li>Obter, no m\u00ednimo, 20% da pontua\u00e7\u00e3o m\u00e1xima poss\u00edvel em cada \u00e1rea de conhecimento.<\/li>\n<\/ul>\n\n\n\n<h4 class=\"wp-block-heading\" id=\"discursiva\">Prova Discursiva<\/h4>\n\n\n\n<p>A Prova Discursiva foi composta por 01 quest\u00e3o de Conhecimentos B\u00e1sicos de Sa\u00fade P\u00fablica e Gest\u00e3o de Sa\u00fade (Oficial Sa\u00fade) e de Conhecimentos espec\u00edficos de M\u00fasica (Oficial M\u00fasico), conforme abaixo:<\/p>\n\n\n\n<ul class=\"wp-block-list\">\n<li><strong>Oficiais M\u00fasico<\/strong>: pontua\u00e7\u00e3o m\u00e1xima de 40 pontos, sendo que o candidato deve obter 20 pontos ou mais do total para n\u00e3o ser eliminado;<\/li>\n\n\n\n<li><strong>Oficial Sa\u00fade<\/strong>: pontua\u00e7\u00e3o m\u00e1xima de 30 pontos, sendo que o candidato deve obter 10 pontos ou mais do total para n\u00e3o ser eliminado.<\/li>\n<\/ul>\n\n\n\n<p>O candidato disp\u00f4s de, no m\u00ednimo, 10 linhas e, no m\u00e1ximo, 30 linhas para elaborar a resposta da quest\u00e3o da Prova Discursiva.<\/p>\n\n\n\n<h4 class=\"wp-block-heading\" id=\"titulos\">Aferi\u00e7\u00e3o de Idade e T\u00edtulos<\/h4>\n\n\n\n<p>A etapa de Entrega de Documenta\u00e7\u00e3o para Aferi\u00e7\u00e3o de Idade era apenas de car\u00e1ter eliminat\u00f3rio. Para a fase, o candidato deveria, obrigatoriamente, enviar a documenta\u00e7\u00e3o em c\u00f3pias devidamente autenticadas: <\/p>\n\n\n\n<ul class=\"wp-block-list\">\n<li><strong>a)<\/strong> C\u00e9dula de Identidade \u2013 RG;<\/li>\n\n\n\n<li><strong>b)<\/strong> Cadastro de Pessoa F\u00edsica \u2013 CPF;<\/li>\n\n\n\n<li><strong>c)<\/strong> Certid\u00e3o de nascimento, casamento ou uni\u00e3o est\u00e1vel.<\/li>\n<\/ul>\n\n\n\n<p>A Prova de T\u00edtulos foi avaliada numa escala de 0 a 14 pontos, ainda que a soma dos valores dos t\u00edtulos apresentados fosse superior a este valor, v\u00e1lida apenas aos candidatos do cargo de Oficial de Sa\u00fade.<\/p>\n\n\n\n<h4 class=\"wp-block-heading\" id=\"pratica\">Teste de Aptid\u00e3o F\u00edsica<\/h4>\n\n\n\n<p>O Teste de Aptid\u00e3o F\u00edsica do concurso PM ES teve car\u00e1ter eliminat\u00f3rio e foi realizado na regi\u00e3o Metropolitana da Grande Vit\u00f3ria (ES). Os exerc\u00edcios do TAF deveriam ser executados da forma relacionada nos itens seguintes:<\/p>\n\n\n\n<ul class=\"wp-block-list\">\n<li>Apoio de Frente (masculino e feminino);<\/li>\n\n\n\n<li>Abdominal remador (masculino e feminino);<\/li>\n\n\n\n<li><span style=\"color: initial;\">Corrida 2.400 m (masculino e feminino).<\/span><\/li>\n<\/ul>\n\n\n\n<figure class=\"wp-block-image aligncenter size-full\"><img loading=\"lazy\" decoding=\"async\" width=\"853\" height=\"335\" src=\"https:\/\/dhg1h5j42swfq.cloudfront.net\/2022\/06\/14085113\/image-188.png\" alt=\"Quadro com exerc\u00edcios do TAF do concurso PM ES para Oficial.\" class=\"wp-image-1044566\" srcset=\"https:\/\/dhg1h5j42swfq.cloudfront.net\/2022\/06\/14085113\/image-188.png 853w, https:\/\/dhg1h5j42swfq.cloudfront.net\/2022\/06\/14085113\/image-188-300x118.png 300w, https:\/\/dhg1h5j42swfq.cloudfront.net\/2022\/06\/14085113\/image-188-768x302.png 768w, https:\/\/dhg1h5j42swfq.cloudfront.net\/2022\/06\/14085113\/image-188-610x240.png 610w\" sizes=\"auto, (max-width: 853px) 100vw, 853px\" \/><figcaption class=\"wp-element-caption\">Quadro com exerc\u00edcios do TAF do concurso PM ES Oficial<\/figcaption><\/figure>\n\n\n\n<h4 class=\"wp-block-heading\" id=\"h-prova-pratica-de-musico-0\">Prova Pr\u00e1tica de M\u00fasico<\/h4>\n\n\n\n<p>A Prova Pr\u00e1tica do concurso PM ES para o cargo de Oficial M\u00fasico foi aplicada de acordo com os crit\u00e9rios descritos abaixo:<\/p>\n\n\n\n<ul class=\"wp-block-list\">\n<li><strong>1 &#8211; Primeira Parte<\/strong>: Ditado Musical. A prova ter\u00e1 o valor de 5 pontos. O Ditado Musical ser\u00e1 aplicado coletivamente, onde o candidato dever\u00e1 transcrever para a pauta musical, uma melodia in\u00e9dita que ser\u00e1 executada ao piano, teclado ou meios eletr\u00f4nicos que caracterizem instrumento musical temperado. <span style=\"text-decoration: underline;\">Dura\u00e7\u00e3o<\/span>: 120 min.<\/li>\n\n\n\n<li><strong>2 &#8211; Segunda Parte<\/strong>: Solfejo Musical e An\u00e1lise Musical. A prova ter\u00e1 o valor de 5 pontos para o Solfejo Musical e 5 pontos para a An\u00e1lise Musical. O candidato receber\u00e1 uma pe\u00e7a musical para fazer a An\u00e1lise Musical; durante esta prova, o candidato ser\u00e1 chamado \u00e0 outra sala, por ordem de inscri\u00e7\u00e3o, para a execu\u00e7\u00e3o do Solfejo Musical \u00e0 primeira vista, onde dever\u00e1 entoar uma melodia in\u00e9dita, pronunciando o nome das notas musicais, observando os intervalos, entoa\u00e7\u00e3o das notas, divis\u00f5es r\u00edtmicas e a marca\u00e7\u00e3o dos tempos dos compassos; retornar\u00e1 para continuar a An\u00e1lise Musical, se por ventura n\u00e3o a tiver finalizado. <span style=\"text-decoration: underline;\">Dura\u00e7\u00e3o<\/span>: 120 min.<\/li>\n\n\n\n<li><strong>3 &#8211; Terceira Parte<\/strong>: Arranjo. A prova do Arranjo ter\u00e1 o valor 15 pontos. O candidato receber\u00e1 uma melodia para elaborar uma orquestra\u00e7\u00e3o para Banda de M\u00fasica. <span style=\"text-decoration: underline;\">Dura\u00e7\u00e3o<\/span>: 240 min.<\/li>\n\n\n\n<li><strong>4 &#8211; Quarta Parte<\/strong>: Afina\u00e7\u00e3o e Reg\u00eancia. Ter\u00e1 valor total de 70 pontos, distribu\u00eddos da seguinte forma: 10 pontos para Afina\u00e7\u00e3o; 20 pontos para Reg\u00eancia de uma Obra de Confronto; 20 pontos para Reg\u00eancia da Melodia orquestrada para Banda de M\u00fasica na Terceira Parte; e 20 pontos para Reg\u00eancia de uma pe\u00e7a a Escolha do Candidato dentre as que forem anunciadas. Ser\u00e1 aplicada individualmente aos Candidatos por sorteio. <span style=\"text-decoration: underline;\">Dura\u00e7\u00e3o<\/span>: 30 min para cada candidato.<\/li>\n<\/ul>\n\n\n\n<p>Cada Examinador atribuiu uma nota de 0 a 100 para cada avalia\u00e7\u00e3o de execu\u00e7\u00e3o instrumental. Foi eliminado o candidato que obteve a m\u00e9dia menor que 50 em qualquer uma das provas.<\/p>\n\n\n\n<hr class=\"wp-block-separator has-css-opacity\"\/>\n\n\n\n<h2 class=\"wp-block-heading has-text-align-center\" id=\"h-quer-saber-tudo-sobre-concursos-previstos-confira-nossos-artigos\">Quer saber tudo sobre concursos previstos?<br \/>Confira nossos artigos!<\/h2>\n\n\n\n<ul class=\"wp-block-list\">\n<li><a href=\"https:\/\/www.estrategiaconcursos.com.br\/blog\/concursos-abertos\/\" target=\"_blank\" rel=\"noreferrer noopener\">Concursos abertos<\/a><\/li>\n\n\n\n<li><a href=\"https:\/\/www.estrategiaconcursos.com.br\/blog\/concursos-de-policia\/\" target=\"_blank\" rel=\"noreferrer noopener\">Concursos de pol\u00edcia<\/a><\/li>\n\n\n\n<li><a href=\"https:\/\/www.estrategiaconcursos.com.br\/blog\/concursos-2026\/\" target=\"_blank\" rel=\"noreferrer noopener\">Concursos 2026<\/a><\/li>\n<\/ul>\n\n\n\n<h2 class=\"wp-block-heading has-text-align-center\" id=\"cursos-assinatura\">Quer estudar para o concurso Pol\u00edcia Militar ES?<\/h2>\n\n\n\n<div id=\"boxes\" class=\"container\">\n<div class=\"row\">\n<div class=\"col-sm\">\n<div id=\"box-assinatura\" class=\"banner-policia-militar\">\n<h3 class=\"titulo-assinatura\">Concurso PM ES<\/h3>\n<p class=\"subtitulo-assinatura\">Prepara\u00e7\u00e3o completa para a carreira na PM ES<\/p>\n<div class=\"box-botao\"><a class=\"btn-assinatura\" role=\"button\" href=\"https:\/\/www.estrategiaconcursos.com.br\/cursosPorConcurso\/policia-militar-do-espirito-santo-pm-es\/?utm_source=blog&#038;utm_medium=banner&#038;utm_campaign=pmes-conv-x-ec-fn\" target=\"_blank\" rel=\"noopener noreferrer\">EXPLORAR CURSOS<\/a><\/div>\n<\/div>\n\n<\/div>\n<\/div>\n<\/div>\n\n\n\n<div id=\"boxes\" class=\"container\">\n<div class=\"row\">\n<div class=\"col-sm\">\n<div id=\"box-assinatura\" class=\"estrategia\">\n<h3 class=\"titulo-assinatura\">Assinatura de Concursos<\/h3>\n<p class=\"subtitulo-assinatura\">Assinatura de 1 ou 2 anos<\/p>\n<div class=\"box-botao\"><a class=\"btn-assinatura\" role=\"button\" href=\"https:\/\/www.estrategiaconcursos.com.br\/assinaturas\/\" target=\"_blank\" rel=\"noopener noreferrer\">ASSINE AGORA<\/a><\/div>\n<\/div>\n<p class=\"texto-auxiliar\">&nbsp;<\/p><\/div><\/div><\/div>\n\n\n\n<figure class=\"wp-block-image size-large is-resized\"><img loading=\"lazy\" decoding=\"async\" width=\"1024\" height=\"632\" src=\"https:\/\/dhg1h5j42swfq.cloudfront.net\/2021\/05\/06090527\/ficha-tecnica-12-1024x632.png\" alt=\"Ficha t\u00e9cnica\" class=\"wp-image-732530\" style=\"width:256px;height:auto\" srcset=\"https:\/\/dhg1h5j42swfq.cloudfront.net\/2021\/05\/06090527\/ficha-tecnica-12-1024x632.png 1024w, https:\/\/dhg1h5j42swfq.cloudfront.net\/2021\/05\/06090527\/ficha-tecnica-12-300x185.png 300w, https:\/\/dhg1h5j42swfq.cloudfront.net\/2021\/05\/06090527\/ficha-tecnica-12-768x474.png 768w, https:\/\/dhg1h5j42swfq.cloudfront.net\/2021\/05\/06090527\/ficha-tecnica-12-1536x948.png 1536w, https:\/\/dhg1h5j42swfq.cloudfront.net\/2021\/05\/06090527\/ficha-tecnica-12-610x377.png 610w, https:\/\/dhg1h5j42swfq.cloudfront.net\/2021\/05\/06090527\/ficha-tecnica-12.png 1571w\" sizes=\"auto, (max-width: 1024px) 100vw, 1024px\" \/><\/figure>\n\n\n\n<h2 class=\"wp-block-heading\" id=\"ficha\">Ficha t\u00e9cnica do concurso PM ES<\/h2>\n\n\n\n<h3 class=\"wp-block-heading\">Informa\u00e7\u00f5es do concurso PM ES<\/h3>\n\n\n\n<ul class=\"wp-block-list\">\n<li><strong>Data prevista:&nbsp;<\/strong>2026<\/li>\n\n\n\n<li><strong>Vagas:&nbsp;<\/strong>1.008<\/li>\n\n\n\n<li><strong>Cargos<\/strong>:&nbsp;Soldado e Soldado M\u00fasico<\/li>\n\n\n\n<li><strong>Banca:<\/strong> IDECAN<\/li>\n\n\n\n<li><strong>Escolaridade:<\/strong>&nbsp;n\u00edvel m\u00e9dio<\/li>\n<\/ul>\n\n\n\n<h3 class=\"wp-block-heading\" id=\"h-informacoes-dos-ultimos-concursos-pm-es\">Informa\u00e7\u00f5es dos \u00faltimos concursos PM ES<\/h3>\n\n\n\n<p><strong>Oficial<\/strong><\/p>\n\n\n\n<ul class=\"wp-block-list\">\n<li><strong>Provas<\/strong>: 15\/09\/2024<\/li>\n\n\n\n<li><strong>Vagas:&nbsp;<\/strong>40<\/li>\n\n\n\n<li><strong>Cargos<\/strong>:&nbsp;Oficial Combatente<\/li>\n\n\n\n<li><strong>Banca:<\/strong>&nbsp;Idecan<\/li>\n\n\n\n<li><strong>Escolaridade:<\/strong>&nbsp;n\u00edvel m\u00e9dio<\/li>\n\n\n\n<li><strong>Edital<\/strong>: <a href=\"https:\/\/dhg1h5j42swfq.cloudfront.net\/2024\/06\/04113055\/edital-cfo-oficial-versao-final-pdf-1.pdf\" target=\"_blank\" rel=\"noreferrer noopener nofollow\">Oficial PM ES-2024<\/a><\/li>\n<\/ul>\n\n\n\n<p><strong>Soldado e Oficial<\/strong><\/p>\n\n\n\n<ul class=\"wp-block-list\">\n<li><strong>Provas:&nbsp;<\/strong>21\/08\/2022<\/li>\n\n\n\n<li><strong>Vagas:&nbsp;<\/strong>1.111<\/li>\n\n\n\n<li><strong>Cargos<\/strong>:&nbsp;Soldados e Oficiais<\/li>\n\n\n\n<li><strong>Banca:<\/strong>&nbsp;Instituto AOCP<\/li>\n\n\n\n<li><strong>Escolaridade:<\/strong>&nbsp;n\u00edvel m\u00e9dio e superior<\/li>\n\n\n\n<li><strong>Editais<\/strong>: <a href=\"https:\/\/dhg1h5j42swfq.cloudfront.net\/2022\/06\/07072311\/edital-publicado-pm-es-soldado-1.pdf\" target=\"_blank\" rel=\"noreferrer noopener nofollow\">Soldado<\/a> | <a href=\"https:\/\/dhg1h5j42swfq.cloudfront.net\/2022\/06\/07072310\/edital-publicado-pm-es-musico-1.pdf\" target=\"_blank\" rel=\"noreferrer noopener nofollow\">M\u00fasico<\/a> | <a href=\"https:\/\/dhg1h5j42swfq.cloudfront.net\/2022\/06\/07072310\/edital-publicado-pm-es-saude-1.pdf\" target=\"_blank\" rel=\"noreferrer noopener nofollow\">Auxiliar Sa\u00fade<\/a><\/li>\n\n\n\n<li><strong>Editais Oficiais<\/strong>: <a href=\"https:\/\/dhg1h5j42swfq.cloudfront.net\/2022\/06\/14081502\/edital-pm-es-oficial-saude.pdf\" target=\"_blank\" rel=\"noreferrer noopener nofollow\">Oficial Sa\u00fade<\/a> | <a href=\"https:\/\/dhg1h5j42swfq.cloudfront.net\/2022\/06\/14081456\/edital-pm-es-oficial-musico.pdf\" target=\"_blank\" rel=\"noreferrer noopener nofollow\">Oficial M\u00fasico<\/a><\/li>\n<\/ul>\n","protected":false},"excerpt":{"rendered":"<p>Novo concurso Pol\u00edcia Militar ES ter\u00e1 vagas para Soldado Combatente e M\u00fasico. Edital PM ES \u00e9 previsto na LOA 2026 e sair\u00e1 em mar\u00e7o! O novo concurso PM ES (Pol\u00edcia Militar do Esp\u00edrito Santo) ser\u00e1 organizado pelo IDECAN! Inclusive, foi divulgado o contrato com a empresa. Ao todo, ser\u00e3o ofertadas 1.008 vagas imediatas, distribu\u00eddas entre [&hellip;]<\/p>\n","protected":false},"author":1206,"featured_media":838260,"comment_status":"open","ping_status":"open","sticky":false,"template":"","format":"standard","meta":{"post_tipo":"news_page","footnotes":""},"categories":[220186,220187],"tags":[3070,3071],"tax_estado":[219971],"class_list":["post-94990","post","type-post","status-publish","format-standard","has-post-thumbnail","hentry","category-policial-oficial","category-policial-pracas","tag-pm-es","tag-policia-militar-es","tax_estado-es"],"acf":[],"yoast_head":"<!-- This site is optimized with the Yoast SEO Premium plugin v27.2 (Yoast SEO v27.2) - https:\/\/yoast.com\/product\/yoast-seo-premium-wordpress\/ -->\n<title>Concurso PM ES: 1.008 vagas de Soldado. Idecan \u00e9 banca!<\/title>\n<meta name=\"description\" content=\"Novo edital do Concurso PM ES Soldado ter\u00e1 1.008 vagas. Edital deve sair at\u00e9 mar\u00e7o, sob organiza\u00e7\u00e3o do Idecan. Veja no site!\" \/>\n<meta name=\"robots\" content=\"index, follow, max-snippet:-1, max-image-preview:large, max-video-preview:-1\" \/>\n<link rel=\"canonical\" href=\"https:\/\/www.estrategiaconcursos.com.br\/blog\/concurso-pm-es\/\" \/>\n<meta property=\"og:locale\" content=\"pt_BR\" \/>\n<meta property=\"og:type\" content=\"article\" \/>\n<meta property=\"og:title\" content=\"Concurso PM ES: 1.008 vagas de Soldado. Idecan \u00e9 banca!\" \/>\n<meta property=\"og:description\" content=\"Novo edital do Concurso PM ES Soldado ter\u00e1 1.008 vagas. Edital deve sair at\u00e9 mar\u00e7o, sob organiza\u00e7\u00e3o do Idecan. Veja no site!\" \/>\n<meta property=\"og:url\" content=\"https:\/\/www.estrategiaconcursos.com.br\/blog\/concurso-pm-es\/\" \/>\n<meta property=\"og:site_name\" content=\"Estrat\u00e9gia Concursos\" \/>\n<meta property=\"article:published_time\" content=\"2026-03-17T10:40:00+00:00\" \/>\n<meta property=\"article:modified_time\" content=\"2026-03-18T11:24:28+00:00\" \/>\n<meta property=\"og:image\" content=\"https:\/\/dhg1h5j42swfq.cloudfront.net\/2021\/08\/17104115\/pm-es.jpeg\" \/>\n\t<meta property=\"og:image:width\" content=\"768\" \/>\n\t<meta property=\"og:image:height\" content=\"432\" \/>\n\t<meta property=\"og:image:type\" content=\"image\/jpeg\" \/>\n<meta name=\"author\" content=\"Bruna de Andrade Fran\u00e7a\" \/>\n<meta name=\"twitter:card\" content=\"summary_large_image\" \/>\n<meta name=\"twitter:creator\" content=\"@EstratConcursos\" \/>\n<meta name=\"twitter:site\" content=\"@EstratConcursos\" \/>\n<meta name=\"twitter:label1\" content=\"Escrito por\" \/>\n\t<meta name=\"twitter:data1\" content=\"Bruna de Andrade Fran\u00e7a\" \/>\n\t<meta name=\"twitter:label2\" content=\"Est. tempo de leitura\" \/>\n\t<meta name=\"twitter:data2\" content=\"23 minutos\" \/>\n<script type=\"application\/ld+json\" class=\"yoast-schema-graph\">{\"@context\":\"https:\/\/schema.org\",\"@graph\":[{\"@type\":\"NewsArticle\",\"@id\":\"https:\/\/www.estrategiaconcursos.com.br\/blog\/concurso-pm-es\/#article\",\"isPartOf\":{\"@id\":\"https:\/\/www.estrategiaconcursos.com.br\/blog\/concurso-pm-es\/\"},\"author\":{\"name\":\"Bruna de Andrade Fran\u00e7a\",\"@id\":\"https:\/\/www.estrategiaconcursos.com.br\/blog\/#\/schema\/person\/6630f91134abc08115cca62ce6372855\"},\"headline\":\"Concurso PM ES: 1.008 vagas de Soldado. Idecan \u00e9 banca!\",\"datePublished\":\"2026-03-17T10:40:00+00:00\",\"dateModified\":\"2026-03-18T11:24:28+00:00\",\"mainEntityOfPage\":{\"@id\":\"https:\/\/www.estrategiaconcursos.com.br\/blog\/concurso-pm-es\/\"},\"wordCount\":3973,\"commentCount\":52,\"publisher\":{\"@id\":\"https:\/\/www.estrategiaconcursos.com.br\/blog\/#organization\"},\"image\":{\"@id\":\"https:\/\/www.estrategiaconcursos.com.br\/blog\/concurso-pm-es\/#primaryimage\"},\"thumbnailUrl\":\"https:\/\/dhg1h5j42swfq.cloudfront.net\/2021\/08\/17104115\/pm-es.jpeg\",\"keywords\":[\"PM ES\",\"Pol\u00edcia Militar ES\"],\"articleSection\":[\"Policial (PM\/BM - Oficial)\",\"Policial (PM\/BM - Pra\u00e7as)\"],\"inLanguage\":\"pt-BR\",\"potentialAction\":[{\"@type\":\"CommentAction\",\"name\":\"Comment\",\"target\":[\"https:\/\/www.estrategiaconcursos.com.br\/blog\/concurso-pm-es\/#respond\"]}],\"copyrightYear\":\"2026\",\"copyrightHolder\":{\"@id\":\"https:\/\/www.estrategiaconcursos.com.br\/blog\/#organization\"}},{\"@type\":\"WebPage\",\"@id\":\"https:\/\/www.estrategiaconcursos.com.br\/blog\/concurso-pm-es\/\",\"url\":\"https:\/\/www.estrategiaconcursos.com.br\/blog\/concurso-pm-es\/\",\"name\":\"Concurso PM ES: 1.008 vagas de Soldado. Idecan \u00e9 banca!\",\"isPartOf\":{\"@id\":\"https:\/\/www.estrategiaconcursos.com.br\/blog\/#website\"},\"primaryImageOfPage\":{\"@id\":\"https:\/\/www.estrategiaconcursos.com.br\/blog\/concurso-pm-es\/#primaryimage\"},\"image\":{\"@id\":\"https:\/\/www.estrategiaconcursos.com.br\/blog\/concurso-pm-es\/#primaryimage\"},\"thumbnailUrl\":\"https:\/\/dhg1h5j42swfq.cloudfront.net\/2021\/08\/17104115\/pm-es.jpeg\",\"datePublished\":\"2026-03-17T10:40:00+00:00\",\"dateModified\":\"2026-03-18T11:24:28+00:00\",\"description\":\"Novo edital do Concurso PM ES Soldado ter\u00e1 1.008 vagas. Edital deve sair at\u00e9 mar\u00e7o, sob organiza\u00e7\u00e3o do Idecan. Veja no site!\",\"breadcrumb\":{\"@id\":\"https:\/\/www.estrategiaconcursos.com.br\/blog\/concurso-pm-es\/#breadcrumb\"},\"inLanguage\":\"pt-BR\",\"potentialAction\":[{\"@type\":\"ReadAction\",\"target\":[\"https:\/\/www.estrategiaconcursos.com.br\/blog\/concurso-pm-es\/\"]}]},{\"@type\":\"ImageObject\",\"inLanguage\":\"pt-BR\",\"@id\":\"https:\/\/www.estrategiaconcursos.com.br\/blog\/concurso-pm-es\/#primaryimage\",\"url\":\"https:\/\/dhg1h5j42swfq.cloudfront.net\/2021\/08\/17104115\/pm-es.jpeg\",\"contentUrl\":\"https:\/\/dhg1h5j42swfq.cloudfront.net\/2021\/08\/17104115\/pm-es.jpeg\",\"width\":768,\"height\":432,\"caption\":\"concurso PM ES\"},{\"@type\":\"BreadcrumbList\",\"@id\":\"https:\/\/www.estrategiaconcursos.com.br\/blog\/concurso-pm-es\/#breadcrumb\",\"itemListElement\":[{\"@type\":\"ListItem\",\"position\":1,\"name\":\"In\u00edcio\",\"item\":\"https:\/\/www.estrategiaconcursos.com.br\/blog\/\"},{\"@type\":\"ListItem\",\"position\":2,\"name\":\"Concurso PM ES: 1.008 vagas de Soldado. Idecan \u00e9 banca!\"}]},{\"@type\":\"WebSite\",\"@id\":\"https:\/\/www.estrategiaconcursos.com.br\/blog\/#website\",\"url\":\"https:\/\/www.estrategiaconcursos.com.br\/blog\/\",\"name\":\"Estrat\u00e9gia Concursos\",\"description\":\"O blog da Estrat\u00e9gia Concursos traz not\u00edcias sobre concursos e artigos de professores oferecendo cursos para concursos (pdf + videaulas) no site.\",\"publisher\":{\"@id\":\"https:\/\/www.estrategiaconcursos.com.br\/blog\/#organization\"},\"potentialAction\":[{\"@type\":\"SearchAction\",\"target\":{\"@type\":\"EntryPoint\",\"urlTemplate\":\"https:\/\/www.estrategiaconcursos.com.br\/blog\/?s={search_term_string}\"},\"query-input\":{\"@type\":\"PropertyValueSpecification\",\"valueRequired\":true,\"valueName\":\"search_term_string\"}}],\"inLanguage\":\"pt-BR\"},{\"@type\":\"Organization\",\"@id\":\"https:\/\/www.estrategiaconcursos.com.br\/blog\/#organization\",\"name\":\"Estrat\u00e9gia Concursos\",\"url\":\"https:\/\/www.estrategiaconcursos.com.br\/blog\/\",\"logo\":{\"@type\":\"ImageObject\",\"inLanguage\":\"pt-BR\",\"@id\":\"https:\/\/www.estrategiaconcursos.com.br\/blog\/#\/schema\/logo\/image\/\",\"url\":\"https:\/\/dhg1h5j42swfq.cloudfront.net\/2025\/06\/03203428\/logo_concursos-1.jpg\",\"contentUrl\":\"https:\/\/dhg1h5j42swfq.cloudfront.net\/2025\/06\/03203428\/logo_concursos-1.jpg\",\"width\":230,\"height\":60,\"caption\":\"Estrat\u00e9gia Concursos\"},\"image\":{\"@id\":\"https:\/\/www.estrategiaconcursos.com.br\/blog\/#\/schema\/logo\/image\/\"},\"sameAs\":[\"https:\/\/x.com\/EstratConcursos\"]},{\"@type\":\"Person\",\"@id\":\"https:\/\/www.estrategiaconcursos.com.br\/blog\/#\/schema\/person\/6630f91134abc08115cca62ce6372855\",\"name\":\"Bruna de Andrade Fran\u00e7a\",\"image\":{\"@type\":\"ImageObject\",\"inLanguage\":\"pt-BR\",\"@id\":\"https:\/\/secure.gravatar.com\/avatar\/d6316d36d50cea0fadae28ed3015b8870cc90a2d3d8a95c37b44006af36a00e3?s=96&d=mm&r=g\",\"url\":\"https:\/\/secure.gravatar.com\/avatar\/d6316d36d50cea0fadae28ed3015b8870cc90a2d3d8a95c37b44006af36a00e3?s=96&d=mm&r=g\",\"contentUrl\":\"https:\/\/secure.gravatar.com\/avatar\/d6316d36d50cea0fadae28ed3015b8870cc90a2d3d8a95c37b44006af36a00e3?s=96&d=mm&r=g\",\"caption\":\"Bruna de Andrade Fran\u00e7a\"},\"description\":\"Bruna de Andrade Fran\u00e7a \u00e9 publicit\u00e1ria com p\u00f3s-gradua\u00e7\u00e3o em Marketing &amp; Growth, atuando h\u00e1 mais de 6 anos no universo dos concursos p\u00fablicos. Desde 2021, lidera no Blog do Estrat\u00e9gia Concursos a cobertura editorial especializada em Concursos Policiais (PF, PRF, PM, PC, etc.), al\u00e9m das frentes de concursos banc\u00e1rios, de sa\u00fade e da \u00e1rea legislativa. Especialista em reda\u00e7\u00e3o, com pr\u00e1ticas de SEO e Copywriting, possui tamb\u00e9m atua\u00e7\u00e3o pr\u00e1tica de contato direto com \u00f3rg\u00e3os p\u00fablicos respons\u00e1veis por editais, permitindo acesso antecipado a informa\u00e7\u00f5es, desdobramentos importantes e atualiza\u00e7\u00e3o eficiente dos concursos p\u00fablicos.\",\"url\":\"https:\/\/www.estrategiaconcursos.com.br\/blog\/author\/bruna-andrade\/\"}]}<\/script>\n<!-- \/ Yoast SEO Premium plugin. -->","yoast_head_json":{"title":"Concurso PM ES: 1.008 vagas de Soldado. Idecan \u00e9 banca!","description":"Novo edital do Concurso PM ES Soldado ter\u00e1 1.008 vagas. Edital deve sair at\u00e9 mar\u00e7o, sob organiza\u00e7\u00e3o do Idecan. Veja no site!","robots":{"index":"index","follow":"follow","max-snippet":"max-snippet:-1","max-image-preview":"max-image-preview:large","max-video-preview":"max-video-preview:-1"},"canonical":"https:\/\/www.estrategiaconcursos.com.br\/blog\/concurso-pm-es\/","og_locale":"pt_BR","og_type":"article","og_title":"Concurso PM ES: 1.008 vagas de Soldado. Idecan \u00e9 banca!","og_description":"Novo edital do Concurso PM ES Soldado ter\u00e1 1.008 vagas. Edital deve sair at\u00e9 mar\u00e7o, sob organiza\u00e7\u00e3o do Idecan. Veja no site!","og_url":"https:\/\/www.estrategiaconcursos.com.br\/blog\/concurso-pm-es\/","og_site_name":"Estrat\u00e9gia Concursos","article_published_time":"2026-03-17T10:40:00+00:00","article_modified_time":"2026-03-18T11:24:28+00:00","og_image":[{"width":768,"height":432,"url":"https:\/\/dhg1h5j42swfq.cloudfront.net\/2021\/08\/17104115\/pm-es.jpeg","type":"image\/jpeg"}],"author":"Bruna de Andrade Fran\u00e7a","twitter_card":"summary_large_image","twitter_creator":"@EstratConcursos","twitter_site":"@EstratConcursos","twitter_misc":{"Escrito por":"Bruna de Andrade Fran\u00e7a","Est. tempo de leitura":"23 minutos"},"schema":{"@context":"https:\/\/schema.org","@graph":[{"@type":"NewsArticle","@id":"https:\/\/www.estrategiaconcursos.com.br\/blog\/concurso-pm-es\/#article","isPartOf":{"@id":"https:\/\/www.estrategiaconcursos.com.br\/blog\/concurso-pm-es\/"},"author":{"name":"Bruna de Andrade Fran\u00e7a","@id":"https:\/\/www.estrategiaconcursos.com.br\/blog\/#\/schema\/person\/6630f91134abc08115cca62ce6372855"},"headline":"Concurso PM ES: 1.008 vagas de Soldado. Idecan \u00e9 banca!","datePublished":"2026-03-17T10:40:00+00:00","dateModified":"2026-03-18T11:24:28+00:00","mainEntityOfPage":{"@id":"https:\/\/www.estrategiaconcursos.com.br\/blog\/concurso-pm-es\/"},"wordCount":3973,"commentCount":52,"publisher":{"@id":"https:\/\/www.estrategiaconcursos.com.br\/blog\/#organization"},"image":{"@id":"https:\/\/www.estrategiaconcursos.com.br\/blog\/concurso-pm-es\/#primaryimage"},"thumbnailUrl":"https:\/\/dhg1h5j42swfq.cloudfront.net\/2021\/08\/17104115\/pm-es.jpeg","keywords":["PM ES","Pol\u00edcia Militar ES"],"articleSection":["Policial (PM\/BM - Oficial)","Policial (PM\/BM - Pra\u00e7as)"],"inLanguage":"pt-BR","potentialAction":[{"@type":"CommentAction","name":"Comment","target":["https:\/\/www.estrategiaconcursos.com.br\/blog\/concurso-pm-es\/#respond"]}],"copyrightYear":"2026","copyrightHolder":{"@id":"https:\/\/www.estrategiaconcursos.com.br\/blog\/#organization"}},{"@type":"WebPage","@id":"https:\/\/www.estrategiaconcursos.com.br\/blog\/concurso-pm-es\/","url":"https:\/\/www.estrategiaconcursos.com.br\/blog\/concurso-pm-es\/","name":"Concurso PM ES: 1.008 vagas de Soldado. Idecan \u00e9 banca!","isPartOf":{"@id":"https:\/\/www.estrategiaconcursos.com.br\/blog\/#website"},"primaryImageOfPage":{"@id":"https:\/\/www.estrategiaconcursos.com.br\/blog\/concurso-pm-es\/#primaryimage"},"image":{"@id":"https:\/\/www.estrategiaconcursos.com.br\/blog\/concurso-pm-es\/#primaryimage"},"thumbnailUrl":"https:\/\/dhg1h5j42swfq.cloudfront.net\/2021\/08\/17104115\/pm-es.jpeg","datePublished":"2026-03-17T10:40:00+00:00","dateModified":"2026-03-18T11:24:28+00:00","description":"Novo edital do Concurso PM ES Soldado ter\u00e1 1.008 vagas. Edital deve sair at\u00e9 mar\u00e7o, sob organiza\u00e7\u00e3o do Idecan. Veja no site!","breadcrumb":{"@id":"https:\/\/www.estrategiaconcursos.com.br\/blog\/concurso-pm-es\/#breadcrumb"},"inLanguage":"pt-BR","potentialAction":[{"@type":"ReadAction","target":["https:\/\/www.estrategiaconcursos.com.br\/blog\/concurso-pm-es\/"]}]},{"@type":"ImageObject","inLanguage":"pt-BR","@id":"https:\/\/www.estrategiaconcursos.com.br\/blog\/concurso-pm-es\/#primaryimage","url":"https:\/\/dhg1h5j42swfq.cloudfront.net\/2021\/08\/17104115\/pm-es.jpeg","contentUrl":"https:\/\/dhg1h5j42swfq.cloudfront.net\/2021\/08\/17104115\/pm-es.jpeg","width":768,"height":432,"caption":"concurso PM ES"},{"@type":"BreadcrumbList","@id":"https:\/\/www.estrategiaconcursos.com.br\/blog\/concurso-pm-es\/#breadcrumb","itemListElement":[{"@type":"ListItem","position":1,"name":"In\u00edcio","item":"https:\/\/www.estrategiaconcursos.com.br\/blog\/"},{"@type":"ListItem","position":2,"name":"Concurso PM ES: 1.008 vagas de Soldado. Idecan \u00e9 banca!"}]},{"@type":"WebSite","@id":"https:\/\/www.estrategiaconcursos.com.br\/blog\/#website","url":"https:\/\/www.estrategiaconcursos.com.br\/blog\/","name":"Estrat\u00e9gia Concursos","description":"O blog da Estrat\u00e9gia Concursos traz not\u00edcias sobre concursos e artigos de professores oferecendo cursos para concursos (pdf + videaulas) no site.","publisher":{"@id":"https:\/\/www.estrategiaconcursos.com.br\/blog\/#organization"},"potentialAction":[{"@type":"SearchAction","target":{"@type":"EntryPoint","urlTemplate":"https:\/\/www.estrategiaconcursos.com.br\/blog\/?s={search_term_string}"},"query-input":{"@type":"PropertyValueSpecification","valueRequired":true,"valueName":"search_term_string"}}],"inLanguage":"pt-BR"},{"@type":"Organization","@id":"https:\/\/www.estrategiaconcursos.com.br\/blog\/#organization","name":"Estrat\u00e9gia Concursos","url":"https:\/\/www.estrategiaconcursos.com.br\/blog\/","logo":{"@type":"ImageObject","inLanguage":"pt-BR","@id":"https:\/\/www.estrategiaconcursos.com.br\/blog\/#\/schema\/logo\/image\/","url":"https:\/\/dhg1h5j42swfq.cloudfront.net\/2025\/06\/03203428\/logo_concursos-1.jpg","contentUrl":"https:\/\/dhg1h5j42swfq.cloudfront.net\/2025\/06\/03203428\/logo_concursos-1.jpg","width":230,"height":60,"caption":"Estrat\u00e9gia Concursos"},"image":{"@id":"https:\/\/www.estrategiaconcursos.com.br\/blog\/#\/schema\/logo\/image\/"},"sameAs":["https:\/\/x.com\/EstratConcursos"]},{"@type":"Person","@id":"https:\/\/www.estrategiaconcursos.com.br\/blog\/#\/schema\/person\/6630f91134abc08115cca62ce6372855","name":"Bruna de Andrade Fran\u00e7a","image":{"@type":"ImageObject","inLanguage":"pt-BR","@id":"https:\/\/secure.gravatar.com\/avatar\/d6316d36d50cea0fadae28ed3015b8870cc90a2d3d8a95c37b44006af36a00e3?s=96&d=mm&r=g","url":"https:\/\/secure.gravatar.com\/avatar\/d6316d36d50cea0fadae28ed3015b8870cc90a2d3d8a95c37b44006af36a00e3?s=96&d=mm&r=g","contentUrl":"https:\/\/secure.gravatar.com\/avatar\/d6316d36d50cea0fadae28ed3015b8870cc90a2d3d8a95c37b44006af36a00e3?s=96&d=mm&r=g","caption":"Bruna de Andrade Fran\u00e7a"},"description":"Bruna de Andrade Fran\u00e7a \u00e9 publicit\u00e1ria com p\u00f3s-gradua\u00e7\u00e3o em Marketing &amp; Growth, atuando h\u00e1 mais de 6 anos no universo dos concursos p\u00fablicos. Desde 2021, lidera no Blog do Estrat\u00e9gia Concursos a cobertura editorial especializada em Concursos Policiais (PF, PRF, PM, PC, etc.), al\u00e9m das frentes de concursos banc\u00e1rios, de sa\u00fade e da \u00e1rea legislativa. Especialista em reda\u00e7\u00e3o, com pr\u00e1ticas de SEO e Copywriting, possui tamb\u00e9m atua\u00e7\u00e3o pr\u00e1tica de contato direto com \u00f3rg\u00e3os p\u00fablicos respons\u00e1veis por editais, permitindo acesso antecipado a informa\u00e7\u00f5es, desdobramentos importantes e atualiza\u00e7\u00e3o eficiente dos concursos p\u00fablicos.","url":"https:\/\/www.estrategiaconcursos.com.br\/blog\/author\/bruna-andrade\/"}]}},"_links":{"self":[{"href":"https:\/\/www.estrategiaconcursos.com.br\/blog\/wp-json\/wp\/v2\/posts\/94990","targetHints":{"allow":["GET"]}}],"collection":[{"href":"https:\/\/www.estrategiaconcursos.com.br\/blog\/wp-json\/wp\/v2\/posts"}],"about":[{"href":"https:\/\/www.estrategiaconcursos.com.br\/blog\/wp-json\/wp\/v2\/types\/post"}],"author":[{"embeddable":true,"href":"https:\/\/www.estrategiaconcursos.com.br\/blog\/wp-json\/wp\/v2\/users\/1206"}],"replies":[{"embeddable":true,"href":"https:\/\/www.estrategiaconcursos.com.br\/blog\/wp-json\/wp\/v2\/comments?post=94990"}],"version-history":[{"count":281,"href":"https:\/\/www.estrategiaconcursos.com.br\/blog\/wp-json\/wp\/v2\/posts\/94990\/revisions"}],"predecessor-version":[{"id":1738385,"href":"https:\/\/www.estrategiaconcursos.com.br\/blog\/wp-json\/wp\/v2\/posts\/94990\/revisions\/1738385"}],"wp:featuredmedia":[{"embeddable":true,"href":"https:\/\/www.estrategiaconcursos.com.br\/blog\/wp-json\/wp\/v2\/media\/838260"}],"wp:attachment":[{"href":"https:\/\/www.estrategiaconcursos.com.br\/blog\/wp-json\/wp\/v2\/media?parent=94990"}],"wp:term":[{"taxonomy":"category","embeddable":true,"href":"https:\/\/www.estrategiaconcursos.com.br\/blog\/wp-json\/wp\/v2\/categories?post=94990"},{"taxonomy":"post_tag","embeddable":true,"href":"https:\/\/www.estrategiaconcursos.com.br\/blog\/wp-json\/wp\/v2\/tags?post=94990"},{"taxonomy":"tax_estado","embeddable":true,"href":"https:\/\/www.estrategiaconcursos.com.br\/blog\/wp-json\/wp\/v2\/tax_estado?post=94990"}],"curies":[{"name":"wp","href":"https:\/\/api.w.org\/{rel}","templated":true}]}}