{"id":948970,"date":"2022-01-17T18:00:00","date_gmt":"2022-01-17T21:00:00","guid":{"rendered":"https:\/\/www.estrategiaconcursos.com.br\/blog\/?p=948970"},"modified":"2023-03-13T16:54:06","modified_gmt":"2023-03-13T19:54:06","slug":"preparacao-turbo-sefaz-se-contabilidade","status":"publish","type":"post","link":"https:\/\/www.estrategiaconcursos.com.br\/blog\/preparacao-turbo-sefaz-se-contabilidade\/","title":{"rendered":"Prepara\u00e7\u00e3o Turbo SEFAZ SE: Contabilidade"},"content":{"rendered":"\n<p>Aten\u00e7\u00e3o, estrategistas!<\/p>\n\n\n\n<p>As inscri\u00e7\u00f5es para concurso <strong>SEFAZ SE<\/strong> ficar\u00e3o abertas at\u00e9 o dia <strong>06 de fevereiro<\/strong>. Os interessados devem realizar o procedimento no site da banca organizadora, o <a href=\"https:\/\/www.cebraspe.org.br\/concursos\/sefaz_se_21_auditor\" target=\"_blank\" rel=\"noreferrer noopener\">Cebraspe<\/a>.<\/p>\n\n\n\n<p>A primeira etapa da avalia\u00e7\u00e3o est\u00e1 marcada para o dia <strong>03 de abril<\/strong> e, at\u00e9 l\u00e1, queremos ver nossos concurseiros afiad\u00edssimos em <strong>Contabilidade<\/strong> para garantir o sal\u00e1rio de mais de<strong> R$ 9 mil<\/strong> por m\u00eas.<\/p>\n\n\n\n<p>Para te ajudar, vou ministrar a <strong>Prepara\u00e7\u00e3o Turbo SEFAZ SE: Contabilidade<\/strong>. S\u00e3o <strong>08 aulas<\/strong> com revis\u00e3o te\u00f3rica e resolu\u00e7\u00e3o de exerc\u00edcios para voc\u00ea realizar a prova com tranquilidade.<\/p>\n\n\n\n<p class=\"has-text-align-left\">Confira abaixo as datas e hor\u00e1rios das aulas:<\/p>\n\n\n\n<ul class=\"wp-block-list\">\n<li>17\/01 (seg) &#8211; 19h;<\/li>\n\n\n\n<li>19\/01 (qua) &#8211; 19h;<\/li>\n\n\n\n<li>24\/01 (seg) &#8211; 14h;<\/li>\n\n\n\n<li>25\/01 (ter) &#8211; 14h;<\/li>\n\n\n\n<li>26\/01 (qua) &#8211; 19h;<\/li>\n\n\n\n<li>27\/01 (qui) &#8211; 19h;<\/li>\n\n\n\n<li>28\/01 (sex) &#8211; 19h;<\/li>\n\n\n\n<li>31\/01 (seg) &#8211; 14h.<\/li>\n<\/ul>\n\n\n\n<p>Te espero l\u00e1!<\/p>\n\n\n\n<p class=\"has-text-align-center has-background\" style=\"background-color:#93c4ff;font-size:clamp(14.642px, 0.915rem + ((1vw - 3.2px) * 0.721), 22px);\"><strong>Saiba mais: <a href=\"https:\/\/www.estrategiaconcursos.com.br\/blog\/concurso-sefaz-se\/\" target=\"_blank\" rel=\"noreferrer noopener\">Concurso Sefaz SE<\/a><\/strong><\/p>\n\n\n\n<hr class=\"wp-block-separator has-css-opacity\"\/>\n\n\n\n<h2 class=\"has-text-align-center wp-block-heading\"><em><strong>Cursos&nbsp;para&nbsp;o&nbsp;Concurso SEFAZ SE<\/strong><\/em><\/h2>\n\n\n\n<div class=\"container\" id=\"boxes\">\n  <div class=\"row\">\n\n    <div class=\"col-sm\">\n      <div class=\"banner-fiscal-01\" id=\"box-assinatura\">\n        <h3 class=\"titulo-assinatura\">Carreiras Fiscais<\/h3>\n        <p class=\"subtitulo-assinatura\">Conhe\u00e7a os cursos para Sefaz SE<\/p>\n        <div class=\"box-botao\">\n          <a class=\"btn-assinatura\" target=\"_blank\" href=\"https:\/\/www.estrategiaconcursos.com.br\/cursosPorConcurso\/secretaria-da-fazenda-de-sergipe-sefaz-se\/\" role=\"button\" rel=\"noopener noreferrer\">Conhe\u00e7a mais<\/a>\n        <\/div>\n      <\/div>\n     \n    <\/div>\n\n  <\/div>\n<\/div>\n\n\n\n<div class=\"container\" id=\"boxes\">\n  <div class=\"row\">\n\n    <div class=\"col-sm\">\n      <div class=\"estrategia\" id=\"box-assinatura\">\n        <h3 class=\"titulo-assinatura\">Assinatura Concursos<\/h3>\n        <p class=\"subtitulo-assinatura\">Assinatura de 1 ano ou 2 anos<\/p>\n        <div class=\"box-botao\">\n          <a class=\"btn-assinatura\" target=\"_blank\" href=\"https:\/\/www.estrategiaconcursos.com.br\/assinaturas\/\" role=\"button\" rel=\"noopener noreferrer\">ASSINE AGORA<\/a>\n        <\/div>\n      <\/div><\/div><\/div><\/div>\n\n\n\n<h2 class=\"has-text-align-center wp-block-heading\" id=\"h-quer-saber-tudo-sobre-concursos-previstos-confira-nossos-artigos\">Quer saber tudo sobre concursos previstos?<br \/>Confira nossos artigos!<\/h2>\n\n\n\n<ul class=\"wp-block-list\">\n<li><a href=\"https:\/\/www.estrategiaconcursos.com.br\/blog\/concursos-abertos\/\" target=\"_blank\" rel=\"noreferrer noopener\">Concursos abertos<\/a><\/li>\n\n\n\n<li><a href=\"https:\/\/www.estrategiaconcursos.com.br\/blog\/concursos-2022\/\" target=\"_blank\" rel=\"noreferrer noopener\">Concursos 2022<\/a><\/li>\n<\/ul>\n","protected":false},"excerpt":{"rendered":"<p>Aten\u00e7\u00e3o, estrategistas! As inscri\u00e7\u00f5es para concurso SEFAZ SE ficar\u00e3o abertas at\u00e9 o dia 06 de fevereiro. Os interessados devem realizar o procedimento no site da banca organizadora, o Cebraspe. A primeira etapa da avalia\u00e7\u00e3o est\u00e1 marcada para o dia 03 de abril e, at\u00e9 l\u00e1, queremos ver nossos concurseiros afiad\u00edssimos em Contabilidade para garantir o [&hellip;]<\/p>\n","protected":false},"author":1551,"featured_media":905414,"comment_status":"open","ping_status":"closed","sticky":false,"template":"","format":"standard","meta":{"post_tipo":"news","footnotes":""},"categories":[1983,220219],"tags":[],"tax_estado":[219988],"class_list":["post-948970","post","type-post","status-publish","format-standard","has-post-thumbnail","hentry","category-fiscal-estadual","category-noticias","tax_estado-se"],"acf":[],"yoast_head":"<!-- This site is optimized with the Yoast SEO Premium plugin v27.2 (Yoast SEO v27.2) - https:\/\/yoast.com\/product\/yoast-seo-premium-wordpress\/ -->\n<title>Prepara\u00e7\u00e3o Turbo SEFAZ SE: Contabilidade<\/title>\n<meta name=\"description\" content=\"Professor Silvio Sande realiza a &quot;Prepara\u00e7\u00e3o Turbo SEFAZ SE: Contabilidade&quot; a partir do dia 17\/01, \u00e0s 19h. Acesse para saber mais!\" \/>\n<meta name=\"robots\" content=\"index, follow, max-snippet:-1, max-image-preview:large, max-video-preview:-1\" \/>\n<link rel=\"canonical\" href=\"https:\/\/www.estrategiaconcursos.com.br\/blog\/preparacao-turbo-sefaz-se-contabilidade\/\" \/>\n<meta property=\"og:locale\" content=\"pt_BR\" \/>\n<meta property=\"og:type\" content=\"article\" \/>\n<meta property=\"og:title\" content=\"Prepara\u00e7\u00e3o Turbo SEFAZ SE: Contabilidade\" \/>\n<meta property=\"og:description\" content=\"Professor Silvio Sande realiza a &quot;Prepara\u00e7\u00e3o Turbo SEFAZ SE: Contabilidade&quot; a partir do dia 17\/01, \u00e0s 19h. Acesse para saber mais!\" \/>\n<meta property=\"og:url\" content=\"https:\/\/www.estrategiaconcursos.com.br\/blog\/preparacao-turbo-sefaz-se-contabilidade\/\" \/>\n<meta property=\"og:site_name\" content=\"Estrat\u00e9gia Concursos\" \/>\n<meta property=\"article:published_time\" content=\"2022-01-17T21:00:00+00:00\" \/>\n<meta property=\"article:modified_time\" content=\"2023-03-13T19:54:06+00:00\" \/>\n<meta property=\"og:image\" content=\"https:\/\/dhg1h5j42swfq.cloudfront.net\/2021\/11\/10115112\/sefaz.jpg\" \/>\n\t<meta property=\"og:image:width\" content=\"768\" \/>\n\t<meta property=\"og:image:height\" content=\"432\" \/>\n\t<meta property=\"og:image:type\" content=\"image\/jpeg\" \/>\n<meta name=\"author\" content=\"Silvio Sande\" \/>\n<meta name=\"twitter:card\" content=\"summary_large_image\" \/>\n<meta name=\"twitter:creator\" content=\"@EstratConcursos\" \/>\n<meta name=\"twitter:site\" content=\"@EstratConcursos\" \/>\n<meta name=\"twitter:label1\" content=\"Escrito por\" \/>\n\t<meta name=\"twitter:data1\" content=\"Silvio Sande\" \/>\n\t<meta name=\"twitter:label2\" content=\"Est. tempo de leitura\" \/>\n\t<meta name=\"twitter:data2\" content=\"1 minuto\" \/>\n<script type=\"application\/ld+json\" class=\"yoast-schema-graph\">{\"@context\":\"https:\/\/schema.org\",\"@graph\":[{\"@type\":\"NewsArticle\",\"@id\":\"https:\/\/www.estrategiaconcursos.com.br\/blog\/preparacao-turbo-sefaz-se-contabilidade\/#article\",\"isPartOf\":{\"@id\":\"https:\/\/www.estrategiaconcursos.com.br\/blog\/preparacao-turbo-sefaz-se-contabilidade\/\"},\"author\":{\"name\":\"Silvio Sande\",\"@id\":\"https:\/\/www.estrategiaconcursos.com.br\/blog\/#\/schema\/person\/d3fdf11dcb0a6c5d1f662e4f5aea2a3a\"},\"headline\":\"Prepara\u00e7\u00e3o Turbo SEFAZ SE: Contabilidade\",\"datePublished\":\"2022-01-17T21:00:00+00:00\",\"dateModified\":\"2023-03-13T19:54:06+00:00\",\"mainEntityOfPage\":{\"@id\":\"https:\/\/www.estrategiaconcursos.com.br\/blog\/preparacao-turbo-sefaz-se-contabilidade\/\"},\"wordCount\":190,\"commentCount\":0,\"publisher\":{\"@id\":\"https:\/\/www.estrategiaconcursos.com.br\/blog\/#organization\"},\"image\":{\"@id\":\"https:\/\/www.estrategiaconcursos.com.br\/blog\/preparacao-turbo-sefaz-se-contabilidade\/#primaryimage\"},\"thumbnailUrl\":\"https:\/\/dhg1h5j42swfq.cloudfront.net\/2021\/11\/10115112\/sefaz.jpg\",\"articleSection\":[\"Fiscal - Estadual (ICMS)\",\"\u00daltimas not\u00edcias\"],\"inLanguage\":\"pt-BR\",\"potentialAction\":[{\"@type\":\"CommentAction\",\"name\":\"Comment\",\"target\":[\"https:\/\/www.estrategiaconcursos.com.br\/blog\/preparacao-turbo-sefaz-se-contabilidade\/#respond\"]}],\"copyrightYear\":\"2022\",\"copyrightHolder\":{\"@id\":\"https:\/\/www.estrategiaconcursos.com.br\/blog\/#organization\"}},{\"@type\":\"WebPage\",\"@id\":\"https:\/\/www.estrategiaconcursos.com.br\/blog\/preparacao-turbo-sefaz-se-contabilidade\/\",\"url\":\"https:\/\/www.estrategiaconcursos.com.br\/blog\/preparacao-turbo-sefaz-se-contabilidade\/\",\"name\":\"Prepara\u00e7\u00e3o Turbo SEFAZ SE: Contabilidade\",\"isPartOf\":{\"@id\":\"https:\/\/www.estrategiaconcursos.com.br\/blog\/#website\"},\"primaryImageOfPage\":{\"@id\":\"https:\/\/www.estrategiaconcursos.com.br\/blog\/preparacao-turbo-sefaz-se-contabilidade\/#primaryimage\"},\"image\":{\"@id\":\"https:\/\/www.estrategiaconcursos.com.br\/blog\/preparacao-turbo-sefaz-se-contabilidade\/#primaryimage\"},\"thumbnailUrl\":\"https:\/\/dhg1h5j42swfq.cloudfront.net\/2021\/11\/10115112\/sefaz.jpg\",\"datePublished\":\"2022-01-17T21:00:00+00:00\",\"dateModified\":\"2023-03-13T19:54:06+00:00\",\"description\":\"Professor Silvio Sande realiza a \\\"Prepara\u00e7\u00e3o Turbo SEFAZ SE: Contabilidade\\\" a partir do dia 17\/01, \u00e0s 19h. Acesse para saber mais!\",\"breadcrumb\":{\"@id\":\"https:\/\/www.estrategiaconcursos.com.br\/blog\/preparacao-turbo-sefaz-se-contabilidade\/#breadcrumb\"},\"inLanguage\":\"pt-BR\",\"potentialAction\":[{\"@type\":\"ReadAction\",\"target\":[\"https:\/\/www.estrategiaconcursos.com.br\/blog\/preparacao-turbo-sefaz-se-contabilidade\/\"]}]},{\"@type\":\"ImageObject\",\"inLanguage\":\"pt-BR\",\"@id\":\"https:\/\/www.estrategiaconcursos.com.br\/blog\/preparacao-turbo-sefaz-se-contabilidade\/#primaryimage\",\"url\":\"https:\/\/dhg1h5j42swfq.cloudfront.net\/2021\/11\/10115112\/sefaz.jpg\",\"contentUrl\":\"https:\/\/dhg1h5j42swfq.cloudfront.net\/2021\/11\/10115112\/sefaz.jpg\",\"width\":768,\"height\":432,\"caption\":\"Concurso Sefaz SE contrata\u00e7\u00f5es\"},{\"@type\":\"BreadcrumbList\",\"@id\":\"https:\/\/www.estrategiaconcursos.com.br\/blog\/preparacao-turbo-sefaz-se-contabilidade\/#breadcrumb\",\"itemListElement\":[{\"@type\":\"ListItem\",\"position\":1,\"name\":\"In\u00edcio\",\"item\":\"https:\/\/www.estrategiaconcursos.com.br\/blog\/\"},{\"@type\":\"ListItem\",\"position\":2,\"name\":\"Prepara\u00e7\u00e3o Turbo SEFAZ SE: Contabilidade\"}]},{\"@type\":\"WebSite\",\"@id\":\"https:\/\/www.estrategiaconcursos.com.br\/blog\/#website\",\"url\":\"https:\/\/www.estrategiaconcursos.com.br\/blog\/\",\"name\":\"Estrat\u00e9gia Concursos\",\"description\":\"O blog da Estrat\u00e9gia Concursos traz not\u00edcias sobre concursos e artigos de professores oferecendo cursos para concursos (pdf + videaulas) no site.\",\"publisher\":{\"@id\":\"https:\/\/www.estrategiaconcursos.com.br\/blog\/#organization\"},\"potentialAction\":[{\"@type\":\"SearchAction\",\"target\":{\"@type\":\"EntryPoint\",\"urlTemplate\":\"https:\/\/www.estrategiaconcursos.com.br\/blog\/?s={search_term_string}\"},\"query-input\":{\"@type\":\"PropertyValueSpecification\",\"valueRequired\":true,\"valueName\":\"search_term_string\"}}],\"inLanguage\":\"pt-BR\"},{\"@type\":\"Organization\",\"@id\":\"https:\/\/www.estrategiaconcursos.com.br\/blog\/#organization\",\"name\":\"Estrat\u00e9gia Concursos\",\"url\":\"https:\/\/www.estrategiaconcursos.com.br\/blog\/\",\"logo\":{\"@type\":\"ImageObject\",\"inLanguage\":\"pt-BR\",\"@id\":\"https:\/\/www.estrategiaconcursos.com.br\/blog\/#\/schema\/logo\/image\/\",\"url\":\"https:\/\/dhg1h5j42swfq.cloudfront.net\/2025\/06\/03203428\/logo_concursos-1.jpg\",\"contentUrl\":\"https:\/\/dhg1h5j42swfq.cloudfront.net\/2025\/06\/03203428\/logo_concursos-1.jpg\",\"width\":230,\"height\":60,\"caption\":\"Estrat\u00e9gia Concursos\"},\"image\":{\"@id\":\"https:\/\/www.estrategiaconcursos.com.br\/blog\/#\/schema\/logo\/image\/\"},\"sameAs\":[\"https:\/\/x.com\/EstratConcursos\"]},{\"@type\":\"Person\",\"@id\":\"https:\/\/www.estrategiaconcursos.com.br\/blog\/#\/schema\/person\/d3fdf11dcb0a6c5d1f662e4f5aea2a3a\",\"name\":\"Silvio Sande\",\"image\":{\"@type\":\"ImageObject\",\"inLanguage\":\"pt-BR\",\"@id\":\"https:\/\/secure.gravatar.com\/avatar\/aff0d2496ed5a6c2a83263144475c015afefc5781a32ffc5be2a1823cfa881fa?s=96&d=mm&r=g\",\"url\":\"https:\/\/secure.gravatar.com\/avatar\/aff0d2496ed5a6c2a83263144475c015afefc5781a32ffc5be2a1823cfa881fa?s=96&d=mm&r=g\",\"contentUrl\":\"https:\/\/secure.gravatar.com\/avatar\/aff0d2496ed5a6c2a83263144475c015afefc5781a32ffc5be2a1823cfa881fa?s=96&d=mm&r=g\",\"caption\":\"Silvio Sande\"},\"url\":\"https:\/\/www.estrategiaconcursos.com.br\/blog\/author\/silviosandehotmail-com\/\"}]}<\/script>\n<!-- \/ Yoast SEO Premium plugin. -->","yoast_head_json":{"title":"Prepara\u00e7\u00e3o Turbo SEFAZ SE: Contabilidade","description":"Professor Silvio Sande realiza a \"Prepara\u00e7\u00e3o Turbo SEFAZ SE: Contabilidade\" a partir do dia 17\/01, \u00e0s 19h. Acesse para saber mais!","robots":{"index":"index","follow":"follow","max-snippet":"max-snippet:-1","max-image-preview":"max-image-preview:large","max-video-preview":"max-video-preview:-1"},"canonical":"https:\/\/www.estrategiaconcursos.com.br\/blog\/preparacao-turbo-sefaz-se-contabilidade\/","og_locale":"pt_BR","og_type":"article","og_title":"Prepara\u00e7\u00e3o Turbo SEFAZ SE: Contabilidade","og_description":"Professor Silvio Sande realiza a \"Prepara\u00e7\u00e3o Turbo SEFAZ SE: Contabilidade\" a partir do dia 17\/01, \u00e0s 19h. Acesse para saber mais!","og_url":"https:\/\/www.estrategiaconcursos.com.br\/blog\/preparacao-turbo-sefaz-se-contabilidade\/","og_site_name":"Estrat\u00e9gia Concursos","article_published_time":"2022-01-17T21:00:00+00:00","article_modified_time":"2023-03-13T19:54:06+00:00","og_image":[{"width":768,"height":432,"url":"https:\/\/dhg1h5j42swfq.cloudfront.net\/2021\/11\/10115112\/sefaz.jpg","type":"image\/jpeg"}],"author":"Silvio Sande","twitter_card":"summary_large_image","twitter_creator":"@EstratConcursos","twitter_site":"@EstratConcursos","twitter_misc":{"Escrito por":"Silvio Sande","Est. tempo de leitura":"1 minuto"},"schema":{"@context":"https:\/\/schema.org","@graph":[{"@type":"NewsArticle","@id":"https:\/\/www.estrategiaconcursos.com.br\/blog\/preparacao-turbo-sefaz-se-contabilidade\/#article","isPartOf":{"@id":"https:\/\/www.estrategiaconcursos.com.br\/blog\/preparacao-turbo-sefaz-se-contabilidade\/"},"author":{"name":"Silvio Sande","@id":"https:\/\/www.estrategiaconcursos.com.br\/blog\/#\/schema\/person\/d3fdf11dcb0a6c5d1f662e4f5aea2a3a"},"headline":"Prepara\u00e7\u00e3o Turbo SEFAZ SE: Contabilidade","datePublished":"2022-01-17T21:00:00+00:00","dateModified":"2023-03-13T19:54:06+00:00","mainEntityOfPage":{"@id":"https:\/\/www.estrategiaconcursos.com.br\/blog\/preparacao-turbo-sefaz-se-contabilidade\/"},"wordCount":190,"commentCount":0,"publisher":{"@id":"https:\/\/www.estrategiaconcursos.com.br\/blog\/#organization"},"image":{"@id":"https:\/\/www.estrategiaconcursos.com.br\/blog\/preparacao-turbo-sefaz-se-contabilidade\/#primaryimage"},"thumbnailUrl":"https:\/\/dhg1h5j42swfq.cloudfront.net\/2021\/11\/10115112\/sefaz.jpg","articleSection":["Fiscal - Estadual (ICMS)","\u00daltimas not\u00edcias"],"inLanguage":"pt-BR","potentialAction":[{"@type":"CommentAction","name":"Comment","target":["https:\/\/www.estrategiaconcursos.com.br\/blog\/preparacao-turbo-sefaz-se-contabilidade\/#respond"]}],"copyrightYear":"2022","copyrightHolder":{"@id":"https:\/\/www.estrategiaconcursos.com.br\/blog\/#organization"}},{"@type":"WebPage","@id":"https:\/\/www.estrategiaconcursos.com.br\/blog\/preparacao-turbo-sefaz-se-contabilidade\/","url":"https:\/\/www.estrategiaconcursos.com.br\/blog\/preparacao-turbo-sefaz-se-contabilidade\/","name":"Prepara\u00e7\u00e3o Turbo SEFAZ SE: Contabilidade","isPartOf":{"@id":"https:\/\/www.estrategiaconcursos.com.br\/blog\/#website"},"primaryImageOfPage":{"@id":"https:\/\/www.estrategiaconcursos.com.br\/blog\/preparacao-turbo-sefaz-se-contabilidade\/#primaryimage"},"image":{"@id":"https:\/\/www.estrategiaconcursos.com.br\/blog\/preparacao-turbo-sefaz-se-contabilidade\/#primaryimage"},"thumbnailUrl":"https:\/\/dhg1h5j42swfq.cloudfront.net\/2021\/11\/10115112\/sefaz.jpg","datePublished":"2022-01-17T21:00:00+00:00","dateModified":"2023-03-13T19:54:06+00:00","description":"Professor Silvio Sande realiza a \"Prepara\u00e7\u00e3o Turbo SEFAZ SE: Contabilidade\" a partir do dia 17\/01, \u00e0s 19h. Acesse para saber mais!","breadcrumb":{"@id":"https:\/\/www.estrategiaconcursos.com.br\/blog\/preparacao-turbo-sefaz-se-contabilidade\/#breadcrumb"},"inLanguage":"pt-BR","potentialAction":[{"@type":"ReadAction","target":["https:\/\/www.estrategiaconcursos.com.br\/blog\/preparacao-turbo-sefaz-se-contabilidade\/"]}]},{"@type":"ImageObject","inLanguage":"pt-BR","@id":"https:\/\/www.estrategiaconcursos.com.br\/blog\/preparacao-turbo-sefaz-se-contabilidade\/#primaryimage","url":"https:\/\/dhg1h5j42swfq.cloudfront.net\/2021\/11\/10115112\/sefaz.jpg","contentUrl":"https:\/\/dhg1h5j42swfq.cloudfront.net\/2021\/11\/10115112\/sefaz.jpg","width":768,"height":432,"caption":"Concurso Sefaz SE contrata\u00e7\u00f5es"},{"@type":"BreadcrumbList","@id":"https:\/\/www.estrategiaconcursos.com.br\/blog\/preparacao-turbo-sefaz-se-contabilidade\/#breadcrumb","itemListElement":[{"@type":"ListItem","position":1,"name":"In\u00edcio","item":"https:\/\/www.estrategiaconcursos.com.br\/blog\/"},{"@type":"ListItem","position":2,"name":"Prepara\u00e7\u00e3o Turbo SEFAZ SE: Contabilidade"}]},{"@type":"WebSite","@id":"https:\/\/www.estrategiaconcursos.com.br\/blog\/#website","url":"https:\/\/www.estrategiaconcursos.com.br\/blog\/","name":"Estrat\u00e9gia Concursos","description":"O blog da Estrat\u00e9gia Concursos traz not\u00edcias sobre concursos e artigos de professores oferecendo cursos para concursos (pdf + videaulas) no site.","publisher":{"@id":"https:\/\/www.estrategiaconcursos.com.br\/blog\/#organization"},"potentialAction":[{"@type":"SearchAction","target":{"@type":"EntryPoint","urlTemplate":"https:\/\/www.estrategiaconcursos.com.br\/blog\/?s={search_term_string}"},"query-input":{"@type":"PropertyValueSpecification","valueRequired":true,"valueName":"search_term_string"}}],"inLanguage":"pt-BR"},{"@type":"Organization","@id":"https:\/\/www.estrategiaconcursos.com.br\/blog\/#organization","name":"Estrat\u00e9gia Concursos","url":"https:\/\/www.estrategiaconcursos.com.br\/blog\/","logo":{"@type":"ImageObject","inLanguage":"pt-BR","@id":"https:\/\/www.estrategiaconcursos.com.br\/blog\/#\/schema\/logo\/image\/","url":"https:\/\/dhg1h5j42swfq.cloudfront.net\/2025\/06\/03203428\/logo_concursos-1.jpg","contentUrl":"https:\/\/dhg1h5j42swfq.cloudfront.net\/2025\/06\/03203428\/logo_concursos-1.jpg","width":230,"height":60,"caption":"Estrat\u00e9gia Concursos"},"image":{"@id":"https:\/\/www.estrategiaconcursos.com.br\/blog\/#\/schema\/logo\/image\/"},"sameAs":["https:\/\/x.com\/EstratConcursos"]},{"@type":"Person","@id":"https:\/\/www.estrategiaconcursos.com.br\/blog\/#\/schema\/person\/d3fdf11dcb0a6c5d1f662e4f5aea2a3a","name":"Silvio Sande","image":{"@type":"ImageObject","inLanguage":"pt-BR","@id":"https:\/\/secure.gravatar.com\/avatar\/aff0d2496ed5a6c2a83263144475c015afefc5781a32ffc5be2a1823cfa881fa?s=96&d=mm&r=g","url":"https:\/\/secure.gravatar.com\/avatar\/aff0d2496ed5a6c2a83263144475c015afefc5781a32ffc5be2a1823cfa881fa?s=96&d=mm&r=g","contentUrl":"https:\/\/secure.gravatar.com\/avatar\/aff0d2496ed5a6c2a83263144475c015afefc5781a32ffc5be2a1823cfa881fa?s=96&d=mm&r=g","caption":"Silvio Sande"},"url":"https:\/\/www.estrategiaconcursos.com.br\/blog\/author\/silviosandehotmail-com\/"}]}},"_links":{"self":[{"href":"https:\/\/www.estrategiaconcursos.com.br\/blog\/wp-json\/wp\/v2\/posts\/948970","targetHints":{"allow":["GET"]}}],"collection":[{"href":"https:\/\/www.estrategiaconcursos.com.br\/blog\/wp-json\/wp\/v2\/posts"}],"about":[{"href":"https:\/\/www.estrategiaconcursos.com.br\/blog\/wp-json\/wp\/v2\/types\/post"}],"author":[{"embeddable":true,"href":"https:\/\/www.estrategiaconcursos.com.br\/blog\/wp-json\/wp\/v2\/users\/1551"}],"replies":[{"embeddable":true,"href":"https:\/\/www.estrategiaconcursos.com.br\/blog\/wp-json\/wp\/v2\/comments?post=948970"}],"version-history":[{"count":6,"href":"https:\/\/www.estrategiaconcursos.com.br\/blog\/wp-json\/wp\/v2\/posts\/948970\/revisions"}],"predecessor-version":[{"id":1185987,"href":"https:\/\/www.estrategiaconcursos.com.br\/blog\/wp-json\/wp\/v2\/posts\/948970\/revisions\/1185987"}],"wp:featuredmedia":[{"embeddable":true,"href":"https:\/\/www.estrategiaconcursos.com.br\/blog\/wp-json\/wp\/v2\/media\/905414"}],"wp:attachment":[{"href":"https:\/\/www.estrategiaconcursos.com.br\/blog\/wp-json\/wp\/v2\/media?parent=948970"}],"wp:term":[{"taxonomy":"category","embeddable":true,"href":"https:\/\/www.estrategiaconcursos.com.br\/blog\/wp-json\/wp\/v2\/categories?post=948970"},{"taxonomy":"post_tag","embeddable":true,"href":"https:\/\/www.estrategiaconcursos.com.br\/blog\/wp-json\/wp\/v2\/tags?post=948970"},{"taxonomy":"tax_estado","embeddable":true,"href":"https:\/\/www.estrategiaconcursos.com.br\/blog\/wp-json\/wp\/v2\/tax_estado?post=948970"}],"curies":[{"name":"wp","href":"https:\/\/api.w.org\/{rel}","templated":true}]}}