{"id":947762,"date":"2022-01-14T18:17:10","date_gmt":"2022-01-14T21:17:10","guid":{"rendered":"https:\/\/www.estrategiaconcursos.com.br\/blog\/?p=947762"},"modified":"2022-01-21T18:49:57","modified_gmt":"2022-01-21T21:49:57","slug":"concurso-publico-editais-esta-semana-10-a-14-01","status":"publish","type":"post","link":"https:\/\/www.estrategiaconcursos.com.br\/blog\/concurso-publico-editais-esta-semana-10-a-14-01\/","title":{"rendered":"Concurso P\u00fablico: 14 editais esta semana! Mais de 2,6 mil vagas"},"content":{"rendered":"\n<p>A semana vai chegando ao final com um excelente saldo de editais e vagas em concursos p\u00fablicos e processos seletivos por todo o pa\u00eds.<\/p>\n\n\n\n<p>S\u00e3o mais de 2,6 mil vagas imediatas e em cadastro reserva para as mais diversas \u00e1reas, como <a href=\"https:\/\/www.estrategiaconcursos.com.br\/blog\/concursos-de-policia\/\" target=\"_blank\" rel=\"noreferrer noopener\">seguran\u00e7a p\u00fablica<\/a>, <a href=\"https:\/\/www.estrategiaconcursos.com.br\/blog\/concursos-area-da-saude\/\" target=\"_blank\" rel=\"noreferrer noopener\">sa\u00fade<\/a> e <a href=\"https:\/\/www.estrategiaconcursos.com.br\/blog\/concursos-administrativos-2022\/\" target=\"_blank\" rel=\"noreferrer noopener\">administrativa<\/a>.<\/p>\n\n\n\n<p>S\u00f3 nesta sexta-feira, foram publicados os editais do <strong>EBSERH<\/strong>, <strong>SUSEPE RS<\/strong>,<strong> Prefeitura de Len\u00e7\u00f3is Paulista\/SP<\/strong> e <strong>Prefeitura de Lagoa Santa\/MG<\/strong>.<\/p>\n\n\n\n<p>Quer ficar informado sobre todos os novos editais de <a href=\"https:\/\/www.estrategiaconcursos.com.br\/blog\/concursos-abertos\/\" target=\"_blank\" rel=\"noreferrer noopener\">concursos publicados<\/a> nos \u00faltimos dias? <em><strong>Confira mais informa\u00e7\u00f5es ao longo deste artigo!<\/strong><\/em>  <\/p>\n\n\n\n<div class=\"container\" id=\"boxes\">\n  <div class=\"row\">\n\n    <div class=\"col-sm\">\n      <div class=\"banner-estrategia\" id=\"box-assinatura\">\n        <h3 class=\"titulo-assinatura\">Cursos para concursos<\/h3>\n        <p class=\"subtitulo-assinatura\">Estude conosco<\/p>\n        <div class=\"box-botao\">\n          <a class=\"btn-assinatura\" target=\"_blank\" href=\"https:\/\/www.estrategiaconcursos.com.br\/cursos\/\" role=\"button\" rel=\"noopener noreferrer\">Conhe\u00e7a os cursos<\/a>\n        <\/div>\n      <\/div>\n     \n    <\/div>\n\n  <\/div>\n<\/div>\n\n\n\n<h2 class=\"has-text-align-center has-background wp-block-heading\" id=\"h-confira-os-editais-publicados\" style=\"background-color:#d4bfe7\">Confira os editais publicados:<\/h2>\n\n\n\n<h3 class=\"wp-block-heading\" id=\"h-concurso-ebserh\"><a href=\"https:\/\/www.estrategiaconcursos.com.br\/blog\/concurso-ebserh-4\/\" target=\"_blank\" rel=\"noreferrer noopener\">Concurso EBSERH<\/a><\/h3>\n\n\n\n<ul class=\"wp-block-list\"><li><strong>Banca<\/strong>: IBFC<\/li><li><strong>Per\u00edodo de inscri\u00e7\u00f5es<\/strong>: 18\/01 a 21\/02\/2022<\/li><li><strong>Data da prova:<\/strong> 03\/04\/2022<\/li><li><strong>Vagas:<\/strong>&nbsp;701 + CR<\/li><li><strong>Cargos:<\/strong>&nbsp;V\u00e1rios<\/li><li><strong>Remunera\u00e7\u00e3o:&nbsp;<\/strong>R$ 2.254,85 a R$ 10.754,11<\/li><li><strong>Edital<\/strong>:&nbsp;<a href=\"https:\/\/dhg1h5j42swfq.cloudfront.net\/2022\/01\/14113146\/eb8239430b1270b2afeca5fee250efb5-1.pdf\" target=\"_blank\" rel=\"noreferrer noopener nofollow\">\u00c1rea-Adm.<\/a>&nbsp;|&nbsp;<a href=\"https:\/\/dhg1h5j42swfq.cloudfront.net\/2022\/01\/14113153\/68eaf7c4ce04be871a13077f62dfc031-1.pdf\" target=\"_blank\" rel=\"noreferrer noopener nofollow\">\u00c1rea-Assist.<\/a>&nbsp;|&nbsp;<a href=\"https:\/\/dhg1h5j42swfq.cloudfront.net\/2022\/01\/14113200\/d4933f3b28dd61df21be4e894ae50fc0-1.pdf\" target=\"_blank\" rel=\"noreferrer noopener nofollow\">\u00c1rea-M\u00e9dica<\/a><\/li><li><strong>Curso:<\/strong>&nbsp;<a href=\"https:\/\/www.estrategiaconcursos.com.br\/cursosPorConcurso\/ebserh-107\/\" target=\"_blank\" rel=\"noreferrer noopener\">EBSERH<\/a><\/li><\/ul>\n\n\n\n<h3 class=\"wp-block-heading\" id=\"h-processo-seletivo-ministerio-da-economia\"><a href=\"\/blog\/concurso-ministerio-da-economia\/\" target=\"_blank\" rel=\"noreferrer noopener\">Processo seletivo Minist\u00e9rio da Economia<\/a><\/h3>\n\n\n\n<ul class=\"wp-block-list\"><li><strong>Banca<\/strong>: IDIB<\/li><li><strong>Per\u00edodo de inscri\u00e7\u00f5es<\/strong>: temporariamente suspensas<\/li><li><strong>Data da prova:<\/strong> suspensa<\/li><li><strong>Vagas:<\/strong>&nbsp;300 + CR<\/li><li><strong>Cargos:<\/strong>&nbsp;Analista de Neg\u00f3cios, Analista t\u00e9cnico de demandas previdenci\u00e1rias e T\u00e9cnico em atividades previdenci\u00e1rias&nbsp;<\/li><li><strong>Remunera\u00e7\u00e3o:&nbsp;<\/strong>R$ 1.700,00 a R$ 6.130,00<\/li><li><strong>Edital<\/strong>:&nbsp;<a href=\"https:\/\/dhg1h5j42swfq.cloudfront.net\/2022\/01\/10071644\/edital_minist__rio_da_economia_2022-1.pdf\" target=\"_blank\" rel=\"noreferrer noopener nofollow\">pss ME 2022<\/a><\/li><li><strong>Curso:<\/strong>&nbsp;<a href=\"https:\/\/www.estrategiaconcursos.com.br\/cursosPorConcurso\/ministerio-da-economia\/\" target=\"_blank\" rel=\"noreferrer noopener\">Minist\u00e9rio da Economia<\/a><\/li><\/ul>\n\n\n\n<h3 class=\"wp-block-heading\" id=\"h-processo-seletivo-ibge\"><a href=\"https:\/\/www.estrategiaconcursos.com.br\/blog\/concurso-ibge-2\/\" target=\"_blank\" rel=\"noreferrer noopener\">Processo seletivo IBGE<\/a><\/h3>\n\n\n\n<ul class=\"wp-block-list\"><li><strong>Banca<\/strong>: IDECAN<\/li><li><strong>Per\u00edodo de inscri\u00e7\u00f5es<\/strong>: 10\/01 a 02\/02\/2022<\/li><li><strong>Data da prova:<\/strong> 20\/03\/2022<\/li><li><strong>Vagas:<\/strong>&nbsp;192<\/li><li><strong>Cargos:<\/strong>&nbsp;Supervisor Censit\u00e1rio de Pesquisas e Codifica\u00e7\u00e3o e Agente Censit\u00e1rio de Pesquisas por Telefone<\/li><li><strong>Remunera\u00e7\u00e3o:&nbsp;<\/strong>R$ 998,00 e R$ 4.200,00<\/li><li><strong>Edital<\/strong>:&nbsp;<a href=\"https:\/\/dhg1h5j42swfq.cloudfront.net\/2022\/01\/10083016\/e69ed2gcajm98pf51bq2uas8qpfspvsaws1xynhnvxwwtc6yfcxk7qwh8k0p582nbxjnaappl6xliy811630.pdf\" target=\"_blank\" rel=\"noreferrer noopener nofollow\">Edital IBGE 2022<\/a><\/li><li><strong>Curso:<\/strong>&nbsp;<a href=\"https:\/\/www.estrategiaconcursos.com.br\/cursosPorConcurso\/ibge-204\/\" target=\"_blank\" rel=\"noreferrer noopener\">IBGE<\/a><\/li><\/ul>\n\n\n\n<h3 class=\"wp-block-heading\" id=\"h-concurso-bombeiro-ac\"><a href=\"https:\/\/www.estrategiaconcursos.com.br\/blog\/concurso-bombeiro-ac\/\" target=\"_blank\" rel=\"noreferrer noopener\">Concurso Bombeiro AC<\/a><\/h3>\n\n\n\n<ul class=\"wp-block-list\"><li><strong>Banca<\/strong>: IBFC<\/li><li><strong>Per\u00edodo de inscri\u00e7\u00f5es<\/strong>: 11\/01 a 07\/02\/2022<\/li><li><strong>Data da prova:<\/strong> 06\/03\/2022<\/li><li><strong>Vagas:<\/strong>&nbsp;153<\/li><li><strong>Cargos:<\/strong>&nbsp;Aluno Soldado Combatente<\/li><li><strong>Remunera\u00e7\u00e3o:&nbsp;<\/strong>R$ 4.344,22<\/li><li><strong>Edital<\/strong>:&nbsp;<a href=\"https:\/\/dhg1h5j42swfq.cloudfront.net\/2022\/01\/10083829\/do16417682805433-23-37.pdf\" target=\"_blank\" rel=\"noreferrer noopener\">Bo<\/a><a href=\"https:\/\/dhg1h5j42swfq.cloudfront.net\/2022\/01\/10083829\/do16417682805433-23-37.pdf\" target=\"_blank\" rel=\"noreferrer noopener nofollow\">mbeiros AC<\/a><\/li><li><strong>Curso:<\/strong>&nbsp;<a href=\"https:\/\/www.estrategiaconcursos.com.br\/cursosPorConcurso\/corpo-de-bombeiro-do-acre-cbm-ac\/\" target=\"_blank\" rel=\"noreferrer noopener\">CBM AC<\/a><\/li><\/ul>\n\n\n\n<h3 class=\"wp-block-heading\" id=\"h-concurso-susepe-rs\"><a href=\"https:\/\/www.estrategiaconcursos.com.br\/blog\/concurso-susepe-rs\/\" target=\"_blank\" rel=\"noreferrer noopener\">Concurso SUSEPE<\/a> (RS)<\/h3>\n\n\n\n<ul class=\"wp-block-list\"><li><strong>Banca<\/strong>: Fundatec<\/li><li><strong>Per\u00edodo de inscri\u00e7\u00f5es<\/strong>: 14\/01 a 14\/02\/2022<\/li><li><strong>Data da prova:<\/strong> 27\/03\/2022<\/li><li><strong>Vagas:<\/strong>&nbsp;80 + CR<\/li><li><strong>Cargos:<\/strong>&nbsp;Agente Penitenci\u00e1rio Administrativo, Agente Penitenci\u00e1rio e T\u00e9cnico Superior Penitenci\u00e1rio<\/li><li><strong>Remunera\u00e7\u00e3o:&nbsp;<\/strong>R$ 4.500,00 a R$ 8.500,00<\/li><li><strong>Edital<\/strong>:&nbsp;<a href=\"https:\/\/dhg1h5j42swfq.cloudfront.net\/2022\/01\/14172005\/edital_abertura_65061e1cdd802fc9.pdf\" target=\"_blank\" rel=\"noreferrer noopener nofollow\">Edital SUSEPE RS<\/a><\/li><li><strong>Curso:<\/strong>&nbsp;<a href=\"https:\/\/www.estrategiaconcursos.com.br\/cursosPorConcurso\/superintendencia-de-servicos-penitenciarios-do-rio-grande-do-sul-susepe-rs\/\" target=\"_blank\" rel=\"noreferrer noopener\">Susepe RS<\/a><\/li><\/ul>\n\n\n\n<h3 class=\"wp-block-heading\" id=\"h-concurso-ufma\"><a href=\"https:\/\/www.estrategiaconcursos.com.br\/blog\/concurso-ufma-2022\/\" target=\"_blank\" rel=\"noreferrer noopener\">Concurso UFMA<\/a><\/h3>\n\n\n\n<ul class=\"wp-block-list\"><li><strong>Banca<\/strong>: organiza\u00e7\u00e3o pr\u00f3pria<\/li><li><strong>Per\u00edodo de inscri\u00e7\u00f5es<\/strong>: 12\/01 a 10\/02\/2022<\/li><li><strong>Data da prova:<\/strong> 20\/03\/2022<\/li><li><strong>Vagas:<\/strong>&nbsp;17<\/li><li><strong>Cargos:<\/strong>&nbsp;V\u00e1rios<\/li><li><strong>Remunera\u00e7\u00e3o:&nbsp;<\/strong>&nbsp;R$ 1.945,07 a R$ 4.180,66<\/li><li><strong>Edital<\/strong>:&nbsp;<a href=\"https:\/\/www.in.gov.br\/en\/web\/dou\/-\/edital-n-10-de-7-de-janeiro-de-2022-373050617\" target=\"_blank\" rel=\"noreferrer noopener nofollow\">Edital&nbsp;UFMA 2022<\/a><\/li><li><strong>Curso:<\/strong>&nbsp;<a href=\"https:\/\/www.estrategiaconcursos.com.br\/cursos\/concurso\/\" target=\"_blank\" rel=\"noreferrer noopener\">UFMA<\/a><\/li><\/ul>\n\n\n\n<h3 class=\"wp-block-heading\" id=\"h-concurso-ufpa\"><a href=\"https:\/\/www.estrategiaconcursos.com.br\/blog\/concurso-ufpa\/\" target=\"_blank\" rel=\"noreferrer noopener\">Concurso UFPA<\/a><\/h3>\n\n\n\n<ul class=\"wp-block-list\"><li><strong>Banca<\/strong>: PROGEP<\/li><li><strong>Per\u00edodo de inscri\u00e7\u00f5es<\/strong>: 17\/01 a 15\/02\/2022<\/li><li><strong>Data da prova:<\/strong> 13\/03\/2022<\/li><li><strong>Vagas:<\/strong>&nbsp;62<\/li><li><strong>Cargos:<\/strong>&nbsp;V\u00e1rios<\/li><li><strong>Remunera\u00e7\u00e3o:&nbsp;<\/strong>R$ 2.446,96 a R$ 4.180,66<\/li><li><strong>Edital<\/strong>:&nbsp;<a href=\"https:\/\/dhg1h5j42swfq.cloudfront.net\/2022\/01\/11071221\/2022_01_11_assinado_do3-80-87-1.pdf\" target=\"_blank\" rel=\"noreferrer noopener nofollow\">Edital UFPA 2022<\/a><\/li><li><strong>Curso:<\/strong>&nbsp;<a href=\"https:\/\/www.estrategiaconcursos.com.br\/cursos\/concurso\/\" target=\"_blank\" rel=\"noreferrer noopener\">UFPA<\/a><\/li><\/ul>\n\n\n\n<h3 class=\"wp-block-heading\" id=\"h-concurso-crmv-sp\"><a href=\"https:\/\/www.estrategiaconcursos.com.br\/blog\/concurso-crmv-sp\/\" target=\"_blank\" rel=\"noreferrer noopener\">Concurso CRMV SP<\/a><\/h3>\n\n\n\n<ul class=\"wp-block-list\"><li><strong>Banca<\/strong>: Quadrix<\/li><li><strong>Per\u00edodo de inscri\u00e7\u00f5es<\/strong>: 11\/01 a 14\/02\/2022<\/li><li><strong>Data da prova:<\/strong> 03\/04\/2022<\/li><li><strong>Vagas:<\/strong>&nbsp;15 + 820 CR<\/li><li><strong>Cargos:<\/strong>&nbsp;V\u00e1rios<\/li><li><strong>Remunera\u00e7\u00e3o:&nbsp;<\/strong>R$ 3.077,75 a R$ 9.341,97<\/li><li><strong>Edital<\/strong>:&nbsp;<a href=\"https:\/\/dhg1h5j42swfq.cloudfront.net\/2022\/01\/11123452\/1_crmv-sp_concurso_publico_2022_edital_1-1.pdf\" target=\"_blank\" rel=\"noreferrer noopener nofollow\">Edital CRMV SP 2022<\/a><\/li><li><strong>Curso:<\/strong>&nbsp;<a href=\"https:\/\/www.estrategiaconcursos.com.br\/cursos\/concurso\/\" target=\"_blank\" rel=\"noreferrer noopener\">CRMV SP<\/a><\/li><\/ul>\n\n\n\n<h3 class=\"wp-block-heading\" id=\"h-concurso-sme-santos-sp\"><a href=\"https:\/\/www.estrategiaconcursos.com.br\/blog\/concurso-santos-sp-professor\/\" target=\"_blank\" rel=\"noreferrer noopener\">Concurso SME Santos<\/a> (SP)<\/h3>\n\n\n\n<ul class=\"wp-block-list\"><li><strong>Banca<\/strong>: IBAM<\/li><li><strong>Per\u00edodo de inscri\u00e7\u00f5es<\/strong>: 11\/01 a 10\/02\/2022<\/li><li><strong>Data da prova:<\/strong> 13\/03\/2022<\/li><li><strong>Vagas:<\/strong>&nbsp;115<\/li><li><strong>Cargos:<\/strong>&nbsp;&nbsp;Professor Adjunto I e II<\/li><li><strong>Remunera\u00e7\u00e3o:&nbsp;<\/strong>R$ 1.916,44 a R$ 2.154,71<\/li><li><strong>Edital<\/strong>:&nbsp;<a href=\"https:\/\/dhg1h5j42swfq.cloudfront.net\/2022\/01\/11092537\/01-edital-de-abertura-1-1.pdf\" target=\"_blank\" rel=\"noreferrer noopener nofollow\">Edital Professor Santos 2022<\/a><\/li><li><strong>Curso:<\/strong>&nbsp;<a href=\"https:\/\/www.estrategiaconcursos.com.br\/cursos\/concurso\/\" target=\"_blank\" rel=\"noreferrer noopener\">Santos Professor<\/a><\/li><\/ul>\n\n\n\n<h3 class=\"wp-block-heading\" id=\"h-concurso-prefeitura-de-presidente-venceslau-sp\"><a href=\"https:\/\/www.estrategiaconcursos.com.br\/blog\/concurso-prefeitura-presidente-venceslau\/\" target=\"_blank\" rel=\"noreferrer noopener\">Concurso Prefeitura de Presidente Venceslau<\/a> (SP)<\/h3>\n\n\n\n<ul class=\"wp-block-list\"><li><strong>Banca<\/strong>: KLC Concursos<\/li><li><strong>Per\u00edodo de inscri\u00e7\u00f5es<\/strong>: 13 a 25\/01\/2022<\/li><li><strong>Data da prova:<\/strong> 20\/02\/2022<\/li><li><strong>Vagas:<\/strong>&nbsp;40 + CR<\/li><li><strong>Cargos:<\/strong>&nbsp;V\u00e1rios<\/li><li><strong>Remunera\u00e7\u00e3o:<\/strong>&nbsp;R$ 991,80 a R$ 3.489,02<\/li><li><strong>Edital<\/strong>:&nbsp;<a href=\"https:\/\/dhg1h5j42swfq.cloudfront.net\/2022\/01\/13144305\/668d1217989a0effddf2e1ade425d4c0.pdf\" target=\"_blank\" rel=\"noreferrer noopener nofollow\">Edital Presidente Venceslau 2022<\/a><\/li><li><strong>Curso:<\/strong>&nbsp;<a href=\"https:\/\/www.estrategiaconcursos.com.br\/cursos\/\" target=\"_blank\" rel=\"noreferrer noopener\">PPV<\/a><\/li><\/ul>\n\n\n\n<h3 class=\"wp-block-heading\" id=\"h-concurso-prefeitura-de-lencois-paulista-sp\"><a href=\"https:\/\/www.estrategiaconcursos.com.br\/blog\/concurso-lencois-paulista\/\" target=\"_blank\" rel=\"noreferrer noopener\">Concurso Prefeitura de Len\u00e7\u00f3is Paulista<\/a> (SP)<\/h3>\n\n\n\n<ul class=\"wp-block-list\"><li><strong>Banca<\/strong>: OMNI Concursos<\/li><li><strong>Per\u00edodo de inscri\u00e7\u00f5es<\/strong>: 14 a 31\/01\/2022<\/li><li><strong>Data da prova:<\/strong> 13\/02\/2022<\/li><li><strong>Vagas:<\/strong>&nbsp;06<\/li><li><strong>Cargos:<\/strong>&nbsp;V\u00e1rios<\/li><li><strong>Remunera\u00e7\u00e3o:&nbsp;<\/strong>R$ 1.170,10 a R$ 3.595,77<\/li><li><strong>Edital<\/strong>:&nbsp;<a href=\"https:\/\/dhg1h5j42swfq.cloudfront.net\/2022\/01\/14105346\/4huvc2gbeoauornxw85nzmylqkrt7sgt5hppvq0y.pdf\" target=\"_blank\" rel=\"noreferrer noopener nofollow\">Prefeitura de Len\u00e7\u00f3is Paulista 2022<\/a><\/li><li><strong>Curso:<\/strong>&nbsp;<a href=\"https:\/\/www.estrategiaconcursos.com.br\/cursos\/\" target=\"_blank\" rel=\"noreferrer noopener\">PLP<\/a><\/li><\/ul>\n\n\n\n<h3 class=\"wp-block-heading\" id=\"h-concurso-prefeitura-de-lagoa-santa-mg\"><a href=\"https:\/\/www.estrategiaconcursos.com.br\/blog\/concurso-prefeitura-lagoa-santa\/\" target=\"_blank\" rel=\"noreferrer noopener\">Concurso Prefeitura de Lagoa Santa<\/a> (MG)<\/h3>\n\n\n\n<ul class=\"wp-block-list\"><li><strong>Banca<\/strong>: Fundep<\/li><li><strong>Per\u00edodo de inscri\u00e7\u00f5es<\/strong>: 24\/01 a 14\/02\/2022<\/li><li><strong>Data da prova:<\/strong> 06\/03\/2022<\/li><li><strong>Vagas:<\/strong>&nbsp;169 + CR<\/li><li><strong>Cargos:<\/strong>&nbsp;V\u00e1rios<\/li><li><strong>Remunera\u00e7\u00e3o:&nbsp;<\/strong>R$ 1.212,00 a R$ 4.680,46<\/li><li><strong>Edital<\/strong>:&nbsp;<a href=\"https:\/\/dhg1h5j42swfq.cloudfront.net\/2022\/01\/14125220\/edital-001-2022-psppt-pmls-versao-final-publicacao.pdf\" target=\"_blank\" rel=\"noreferrer noopener nofollow\">Prefeitura de Lagoa Santa 2022<\/a><\/li><li><strong>Curso:<\/strong>&nbsp;<a href=\"https:\/\/www.estrategiaconcursos.com.br\/cursos\/\" target=\"_blank\" rel=\"noreferrer noopener\">PLS<\/a><\/li><\/ul>\n\n\n\n<p class=\"has-text-align-center has-background\" style=\"background-color:#d4bfe7;font-size:clamp(14.642px, 0.915rem + ((1vw - 3.2px) * 0.721), 22px);px\"><strong>Veja tamb\u00e9m: <a href=\"https:\/\/www.estrategiaconcursos.com.br\/blog\/principais-noticias-do-dia\/\" target=\"_blank\" rel=\"noreferrer noopener\">Principais not\u00edcias do dia<\/a><\/strong><\/p>\n\n\n\n<div class=\"wp-block-image\"><figure class=\"aligncenter size-large is-resized\"><img loading=\"lazy\" decoding=\"async\" src=\"https:\/\/dhg1h5j42swfq.cloudfront.net\/2020\/09\/18141901\/Coruja_Concursos%404x-506x1024.png\" alt=\"Concurso P\u00fablico: 10 editais esta semana! Mais de 3,5 mil vagas\" class=\"wp-image-574355\" width=\"35\" height=\"71\" srcset=\"https:\/\/dhg1h5j42swfq.cloudfront.net\/2020\/09\/18141901\/Coruja_Concursos%404x-506x1024.png 506w, https:\/\/dhg1h5j42swfq.cloudfront.net\/2020\/09\/18141901\/Coruja_Concursos%404x-148x300.png 148w, https:\/\/dhg1h5j42swfq.cloudfront.net\/2020\/09\/18141901\/Coruja_Concursos%404x-610x1236.png 610w, https:\/\/dhg1h5j42swfq.cloudfront.net\/2020\/09\/18141901\/Coruja_Concursos%404x.png 745w\" sizes=\"auto, (max-width: 35px) 100vw, 35px\" \/><\/figure><\/div>\n\n\n\n<div class=\"container\" id=\"boxes\">\n  <div class=\"row\">\n\n    <div class=\"col-sm\">\n      <div class=\"estrategia\" id=\"box-assinatura\">\n        <h3 class=\"titulo-assinatura\">Assinatura Concursos<\/h3>\n        <p class=\"subtitulo-assinatura\">Assinatura de 1 ano ou 2 anos<\/p>\n        <div class=\"box-botao\">\n          <a class=\"btn-assinatura\" target=\"_blank\" href=\"https:\/\/www.estrategiaconcursos.com.br\/assinaturas\/\" role=\"button\" rel=\"noopener noreferrer\">ASSINE AGORA<\/a>\n        <\/div>\n      <\/div><\/div><\/div><\/div>\n\n\n\n<h2 class=\"has-text-align-center wp-block-heading\" id=\"h-quer-saber-tudo-sobre-concursos-previstos-confira-nossos-artigos\">Quer saber tudo sobre concursos previstos?<br \/>Confira nossos artigos!<\/h2>\n\n\n\n<ul class=\"wp-block-list\" id=\"concurso-publico-editais-esta-semana-03-a-07-01\"><li><a href=\"https:\/\/www.estrategiaconcursos.com.br\/blog\/concursos-abertos\/\" target=\"_blank\" rel=\"noreferrer noopener\">Concursos abertos<\/a><\/li><li><a href=\"https:\/\/www.estrategiaconcursos.com.br\/blog\/concursos-2022\/\" target=\"_blank\" rel=\"noreferrer noopener\">Concursos 2022<\/a><\/li><\/ul>\n","protected":false},"excerpt":{"rendered":"<p>A semana vai chegando ao final com um excelente saldo de editais e vagas em concursos p\u00fablicos e processos seletivos por todo o pa\u00eds. S\u00e3o mais de 2,6 mil vagas imediatas e em cadastro reserva para as mais diversas \u00e1reas, como seguran\u00e7a p\u00fablica, sa\u00fade e administrativa. S\u00f3 nesta sexta-feira, foram publicados os editais do EBSERH, [&hellip;]<\/p>\n","protected":false},"author":659,"featured_media":746120,"comment_status":"open","ping_status":"closed","sticky":false,"template":"","format":"standard","meta":{"post_tipo":"news","footnotes":""},"categories":[214992,220219],"tags":[],"tax_estado":[219963],"class_list":["post-947762","post","type-post","status-publish","format-standard","has-post-thumbnail","hentry","category-concursos-administrativos","category-noticias","tax_estado-concursos-federais"],"acf":[],"yoast_head":"<!-- This site is optimized with the Yoast SEO Premium plugin v27.2 (Yoast SEO v27.2) - https:\/\/yoast.com\/product\/yoast-seo-premium-wordpress\/ -->\n<title>Concurso P\u00fablico: 14 editais esta semana! Mais de 2,6 mil vagas<\/title>\n<meta name=\"description\" content=\"Concurso P\u00fablico 2022: 13 editais sa\u00edram ao longo desta semana (10 a 14\/01). Confira n\u00famero de vagas, remunera\u00e7\u00e3o e principais datas!\" \/>\n<meta name=\"robots\" content=\"index, follow, max-snippet:-1, max-image-preview:large, max-video-preview:-1\" \/>\n<link rel=\"canonical\" href=\"https:\/\/www.estrategiaconcursos.com.br\/blog\/concurso-publico-editais-esta-semana-10-a-14-01\/\" \/>\n<meta property=\"og:locale\" content=\"pt_BR\" \/>\n<meta property=\"og:type\" content=\"article\" \/>\n<meta property=\"og:title\" content=\"Concurso P\u00fablico: 14 editais esta semana! Mais de 2,6 mil vagas\" \/>\n<meta property=\"og:description\" content=\"Concurso P\u00fablico 2022: 13 editais sa\u00edram ao longo desta semana (10 a 14\/01). Confira n\u00famero de vagas, remunera\u00e7\u00e3o e principais datas!\" \/>\n<meta property=\"og:url\" content=\"https:\/\/www.estrategiaconcursos.com.br\/blog\/concurso-publico-editais-esta-semana-10-a-14-01\/\" \/>\n<meta property=\"og:site_name\" content=\"Estrat\u00e9gia Concursos\" \/>\n<meta property=\"article:published_time\" content=\"2022-01-14T21:17:10+00:00\" \/>\n<meta property=\"article:modified_time\" content=\"2022-01-21T21:49:57+00:00\" \/>\n<meta property=\"og:image\" content=\"https:\/\/dhg1h5j42swfq.cloudfront.net\/2021\/04\/20121239\/2022_concursos.jpeg\" \/>\n\t<meta property=\"og:image:width\" content=\"768\" \/>\n\t<meta property=\"og:image:height\" content=\"432\" \/>\n\t<meta property=\"og:image:type\" content=\"image\/jpeg\" \/>\n<meta name=\"author\" content=\"Camila Leite\" \/>\n<meta name=\"twitter:card\" content=\"summary_large_image\" \/>\n<meta name=\"twitter:creator\" content=\"@EstratConcursos\" \/>\n<meta name=\"twitter:site\" content=\"@EstratConcursos\" \/>\n<meta name=\"twitter:label1\" content=\"Escrito por\" \/>\n\t<meta name=\"twitter:data1\" content=\"Camila Leite\" \/>\n\t<meta name=\"twitter:label2\" content=\"Est. tempo de leitura\" \/>\n\t<meta name=\"twitter:data2\" content=\"4 minutos\" \/>\n<script type=\"application\/ld+json\" class=\"yoast-schema-graph\">{\"@context\":\"https:\/\/schema.org\",\"@graph\":[{\"@type\":\"NewsArticle\",\"@id\":\"https:\/\/www.estrategiaconcursos.com.br\/blog\/concurso-publico-editais-esta-semana-10-a-14-01\/#article\",\"isPartOf\":{\"@id\":\"https:\/\/www.estrategiaconcursos.com.br\/blog\/concurso-publico-editais-esta-semana-10-a-14-01\/\"},\"author\":{\"name\":\"Camila Leite\",\"@id\":\"https:\/\/www.estrategiaconcursos.com.br\/blog\/#\/schema\/person\/84ecdc6eb58d3cf1689bf76c5cd8fb38\"},\"headline\":\"Concurso P\u00fablico: 14 editais esta semana! Mais de 2,6 mil vagas\",\"datePublished\":\"2022-01-14T21:17:10+00:00\",\"dateModified\":\"2022-01-21T21:49:57+00:00\",\"mainEntityOfPage\":{\"@id\":\"https:\/\/www.estrategiaconcursos.com.br\/blog\/concurso-publico-editais-esta-semana-10-a-14-01\/\"},\"wordCount\":638,\"commentCount\":0,\"publisher\":{\"@id\":\"https:\/\/www.estrategiaconcursos.com.br\/blog\/#organization\"},\"image\":{\"@id\":\"https:\/\/www.estrategiaconcursos.com.br\/blog\/concurso-publico-editais-esta-semana-10-a-14-01\/#primaryimage\"},\"thumbnailUrl\":\"https:\/\/dhg1h5j42swfq.cloudfront.net\/2021\/04\/20121239\/2022_concursos.jpeg\",\"articleSection\":[\"Executivo (Administrativa)\",\"\u00daltimas not\u00edcias\"],\"inLanguage\":\"pt-BR\",\"potentialAction\":[{\"@type\":\"CommentAction\",\"name\":\"Comment\",\"target\":[\"https:\/\/www.estrategiaconcursos.com.br\/blog\/concurso-publico-editais-esta-semana-10-a-14-01\/#respond\"]}],\"copyrightYear\":\"2022\",\"copyrightHolder\":{\"@id\":\"https:\/\/www.estrategiaconcursos.com.br\/blog\/#organization\"}},{\"@type\":\"WebPage\",\"@id\":\"https:\/\/www.estrategiaconcursos.com.br\/blog\/concurso-publico-editais-esta-semana-10-a-14-01\/\",\"url\":\"https:\/\/www.estrategiaconcursos.com.br\/blog\/concurso-publico-editais-esta-semana-10-a-14-01\/\",\"name\":\"Concurso P\u00fablico: 14 editais esta semana! Mais de 2,6 mil vagas\",\"isPartOf\":{\"@id\":\"https:\/\/www.estrategiaconcursos.com.br\/blog\/#website\"},\"primaryImageOfPage\":{\"@id\":\"https:\/\/www.estrategiaconcursos.com.br\/blog\/concurso-publico-editais-esta-semana-10-a-14-01\/#primaryimage\"},\"image\":{\"@id\":\"https:\/\/www.estrategiaconcursos.com.br\/blog\/concurso-publico-editais-esta-semana-10-a-14-01\/#primaryimage\"},\"thumbnailUrl\":\"https:\/\/dhg1h5j42swfq.cloudfront.net\/2021\/04\/20121239\/2022_concursos.jpeg\",\"datePublished\":\"2022-01-14T21:17:10+00:00\",\"dateModified\":\"2022-01-21T21:49:57+00:00\",\"description\":\"Concurso P\u00fablico 2022: 13 editais sa\u00edram ao longo desta semana (10 a 14\/01). Confira n\u00famero de vagas, remunera\u00e7\u00e3o e principais datas!\",\"breadcrumb\":{\"@id\":\"https:\/\/www.estrategiaconcursos.com.br\/blog\/concurso-publico-editais-esta-semana-10-a-14-01\/#breadcrumb\"},\"inLanguage\":\"pt-BR\",\"potentialAction\":[{\"@type\":\"ReadAction\",\"target\":[\"https:\/\/www.estrategiaconcursos.com.br\/blog\/concurso-publico-editais-esta-semana-10-a-14-01\/\"]}]},{\"@type\":\"ImageObject\",\"inLanguage\":\"pt-BR\",\"@id\":\"https:\/\/www.estrategiaconcursos.com.br\/blog\/concurso-publico-editais-esta-semana-10-a-14-01\/#primaryimage\",\"url\":\"https:\/\/dhg1h5j42swfq.cloudfront.net\/2021\/04\/20121239\/2022_concursos.jpeg\",\"contentUrl\":\"https:\/\/dhg1h5j42swfq.cloudfront.net\/2021\/04\/20121239\/2022_concursos.jpeg\",\"width\":768,\"height\":432,\"caption\":\"Concursos 2022\"},{\"@type\":\"BreadcrumbList\",\"@id\":\"https:\/\/www.estrategiaconcursos.com.br\/blog\/concurso-publico-editais-esta-semana-10-a-14-01\/#breadcrumb\",\"itemListElement\":[{\"@type\":\"ListItem\",\"position\":1,\"name\":\"In\u00edcio\",\"item\":\"https:\/\/www.estrategiaconcursos.com.br\/blog\/\"},{\"@type\":\"ListItem\",\"position\":2,\"name\":\"Concurso P\u00fablico: 14 editais esta semana! Mais de 2,6 mil vagas\"}]},{\"@type\":\"WebSite\",\"@id\":\"https:\/\/www.estrategiaconcursos.com.br\/blog\/#website\",\"url\":\"https:\/\/www.estrategiaconcursos.com.br\/blog\/\",\"name\":\"Estrat\u00e9gia Concursos\",\"description\":\"O blog da Estrat\u00e9gia Concursos traz not\u00edcias sobre concursos e artigos de professores oferecendo cursos para concursos (pdf + videaulas) no site.\",\"publisher\":{\"@id\":\"https:\/\/www.estrategiaconcursos.com.br\/blog\/#organization\"},\"potentialAction\":[{\"@type\":\"SearchAction\",\"target\":{\"@type\":\"EntryPoint\",\"urlTemplate\":\"https:\/\/www.estrategiaconcursos.com.br\/blog\/?s={search_term_string}\"},\"query-input\":{\"@type\":\"PropertyValueSpecification\",\"valueRequired\":true,\"valueName\":\"search_term_string\"}}],\"inLanguage\":\"pt-BR\"},{\"@type\":\"Organization\",\"@id\":\"https:\/\/www.estrategiaconcursos.com.br\/blog\/#organization\",\"name\":\"Estrat\u00e9gia Concursos\",\"url\":\"https:\/\/www.estrategiaconcursos.com.br\/blog\/\",\"logo\":{\"@type\":\"ImageObject\",\"inLanguage\":\"pt-BR\",\"@id\":\"https:\/\/www.estrategiaconcursos.com.br\/blog\/#\/schema\/logo\/image\/\",\"url\":\"https:\/\/dhg1h5j42swfq.cloudfront.net\/2025\/06\/03203428\/logo_concursos-1.jpg\",\"contentUrl\":\"https:\/\/dhg1h5j42swfq.cloudfront.net\/2025\/06\/03203428\/logo_concursos-1.jpg\",\"width\":230,\"height\":60,\"caption\":\"Estrat\u00e9gia Concursos\"},\"image\":{\"@id\":\"https:\/\/www.estrategiaconcursos.com.br\/blog\/#\/schema\/logo\/image\/\"},\"sameAs\":[\"https:\/\/x.com\/EstratConcursos\"]},{\"@type\":\"Person\",\"@id\":\"https:\/\/www.estrategiaconcursos.com.br\/blog\/#\/schema\/person\/84ecdc6eb58d3cf1689bf76c5cd8fb38\",\"name\":\"Camila Leite\",\"image\":{\"@type\":\"ImageObject\",\"inLanguage\":\"pt-BR\",\"@id\":\"https:\/\/secure.gravatar.com\/avatar\/f2f8faef639c8a2bfb7fb909912a56917f4c3a0aed064500168e2fb8ea55cf61?s=96&d=mm&r=g\",\"url\":\"https:\/\/secure.gravatar.com\/avatar\/f2f8faef639c8a2bfb7fb909912a56917f4c3a0aed064500168e2fb8ea55cf61?s=96&d=mm&r=g\",\"contentUrl\":\"https:\/\/secure.gravatar.com\/avatar\/f2f8faef639c8a2bfb7fb909912a56917f4c3a0aed064500168e2fb8ea55cf61?s=96&d=mm&r=g\",\"caption\":\"Camila Leite\"},\"description\":\"Formada em Design Gr\u00e1fico e em Propaganda e Marketing pela UNIP, integra a equipe de jornalismo do Estrat\u00e9gia Concursos desde 2018. Ao longo dos anos, construiu uma s\u00f3lida experi\u00eancia na produ\u00e7\u00e3o de conte\u00fado informativo e relevante para concurseiros. Desde 2020, atua na cobertura das \u00e1reas Fiscal \u2014 com \u00eanfase nas Secretarias de Fazenda (Sefaz) das regi\u00f5es Sul e Sudeste \u2014, al\u00e9m da cobertura de concursos federais, como CNU, Petrobras, CGU, Receita Federal, ag\u00eancias reguladoras (Anvisa, ANAC, entre outras) e INSS. Mant\u00e9m contato direto com os principais \u00f3rg\u00e3os p\u00fablicos, acompanhando editais, atualiza\u00e7\u00f5es e movimenta\u00e7\u00f5es importantes para os candidatos.\",\"sameAs\":[\"https:\/\/www.linkedin.com\/in\/camila-pinheiro-leite-9ba135b6\/\"],\"url\":\"https:\/\/www.estrategiaconcursos.com.br\/blog\/author\/camila-leiteestrategiaconcursos-com-br\/\"}]}<\/script>\n<!-- \/ Yoast SEO Premium plugin. -->","yoast_head_json":{"title":"Concurso P\u00fablico: 14 editais esta semana! Mais de 2,6 mil vagas","description":"Concurso P\u00fablico 2022: 13 editais sa\u00edram ao longo desta semana (10 a 14\/01). Confira n\u00famero de vagas, remunera\u00e7\u00e3o e principais datas!","robots":{"index":"index","follow":"follow","max-snippet":"max-snippet:-1","max-image-preview":"max-image-preview:large","max-video-preview":"max-video-preview:-1"},"canonical":"https:\/\/www.estrategiaconcursos.com.br\/blog\/concurso-publico-editais-esta-semana-10-a-14-01\/","og_locale":"pt_BR","og_type":"article","og_title":"Concurso P\u00fablico: 14 editais esta semana! Mais de 2,6 mil vagas","og_description":"Concurso P\u00fablico 2022: 13 editais sa\u00edram ao longo desta semana (10 a 14\/01). Confira n\u00famero de vagas, remunera\u00e7\u00e3o e principais datas!","og_url":"https:\/\/www.estrategiaconcursos.com.br\/blog\/concurso-publico-editais-esta-semana-10-a-14-01\/","og_site_name":"Estrat\u00e9gia Concursos","article_published_time":"2022-01-14T21:17:10+00:00","article_modified_time":"2022-01-21T21:49:57+00:00","og_image":[{"width":768,"height":432,"url":"https:\/\/dhg1h5j42swfq.cloudfront.net\/2021\/04\/20121239\/2022_concursos.jpeg","type":"image\/jpeg"}],"author":"Camila Leite","twitter_card":"summary_large_image","twitter_creator":"@EstratConcursos","twitter_site":"@EstratConcursos","twitter_misc":{"Escrito por":"Camila Leite","Est. tempo de leitura":"4 minutos"},"schema":{"@context":"https:\/\/schema.org","@graph":[{"@type":"NewsArticle","@id":"https:\/\/www.estrategiaconcursos.com.br\/blog\/concurso-publico-editais-esta-semana-10-a-14-01\/#article","isPartOf":{"@id":"https:\/\/www.estrategiaconcursos.com.br\/blog\/concurso-publico-editais-esta-semana-10-a-14-01\/"},"author":{"name":"Camila Leite","@id":"https:\/\/www.estrategiaconcursos.com.br\/blog\/#\/schema\/person\/84ecdc6eb58d3cf1689bf76c5cd8fb38"},"headline":"Concurso P\u00fablico: 14 editais esta semana! Mais de 2,6 mil vagas","datePublished":"2022-01-14T21:17:10+00:00","dateModified":"2022-01-21T21:49:57+00:00","mainEntityOfPage":{"@id":"https:\/\/www.estrategiaconcursos.com.br\/blog\/concurso-publico-editais-esta-semana-10-a-14-01\/"},"wordCount":638,"commentCount":0,"publisher":{"@id":"https:\/\/www.estrategiaconcursos.com.br\/blog\/#organization"},"image":{"@id":"https:\/\/www.estrategiaconcursos.com.br\/blog\/concurso-publico-editais-esta-semana-10-a-14-01\/#primaryimage"},"thumbnailUrl":"https:\/\/dhg1h5j42swfq.cloudfront.net\/2021\/04\/20121239\/2022_concursos.jpeg","articleSection":["Executivo (Administrativa)","\u00daltimas not\u00edcias"],"inLanguage":"pt-BR","potentialAction":[{"@type":"CommentAction","name":"Comment","target":["https:\/\/www.estrategiaconcursos.com.br\/blog\/concurso-publico-editais-esta-semana-10-a-14-01\/#respond"]}],"copyrightYear":"2022","copyrightHolder":{"@id":"https:\/\/www.estrategiaconcursos.com.br\/blog\/#organization"}},{"@type":"WebPage","@id":"https:\/\/www.estrategiaconcursos.com.br\/blog\/concurso-publico-editais-esta-semana-10-a-14-01\/","url":"https:\/\/www.estrategiaconcursos.com.br\/blog\/concurso-publico-editais-esta-semana-10-a-14-01\/","name":"Concurso P\u00fablico: 14 editais esta semana! Mais de 2,6 mil vagas","isPartOf":{"@id":"https:\/\/www.estrategiaconcursos.com.br\/blog\/#website"},"primaryImageOfPage":{"@id":"https:\/\/www.estrategiaconcursos.com.br\/blog\/concurso-publico-editais-esta-semana-10-a-14-01\/#primaryimage"},"image":{"@id":"https:\/\/www.estrategiaconcursos.com.br\/blog\/concurso-publico-editais-esta-semana-10-a-14-01\/#primaryimage"},"thumbnailUrl":"https:\/\/dhg1h5j42swfq.cloudfront.net\/2021\/04\/20121239\/2022_concursos.jpeg","datePublished":"2022-01-14T21:17:10+00:00","dateModified":"2022-01-21T21:49:57+00:00","description":"Concurso P\u00fablico 2022: 13 editais sa\u00edram ao longo desta semana (10 a 14\/01). Confira n\u00famero de vagas, remunera\u00e7\u00e3o e principais datas!","breadcrumb":{"@id":"https:\/\/www.estrategiaconcursos.com.br\/blog\/concurso-publico-editais-esta-semana-10-a-14-01\/#breadcrumb"},"inLanguage":"pt-BR","potentialAction":[{"@type":"ReadAction","target":["https:\/\/www.estrategiaconcursos.com.br\/blog\/concurso-publico-editais-esta-semana-10-a-14-01\/"]}]},{"@type":"ImageObject","inLanguage":"pt-BR","@id":"https:\/\/www.estrategiaconcursos.com.br\/blog\/concurso-publico-editais-esta-semana-10-a-14-01\/#primaryimage","url":"https:\/\/dhg1h5j42swfq.cloudfront.net\/2021\/04\/20121239\/2022_concursos.jpeg","contentUrl":"https:\/\/dhg1h5j42swfq.cloudfront.net\/2021\/04\/20121239\/2022_concursos.jpeg","width":768,"height":432,"caption":"Concursos 2022"},{"@type":"BreadcrumbList","@id":"https:\/\/www.estrategiaconcursos.com.br\/blog\/concurso-publico-editais-esta-semana-10-a-14-01\/#breadcrumb","itemListElement":[{"@type":"ListItem","position":1,"name":"In\u00edcio","item":"https:\/\/www.estrategiaconcursos.com.br\/blog\/"},{"@type":"ListItem","position":2,"name":"Concurso P\u00fablico: 14 editais esta semana! Mais de 2,6 mil vagas"}]},{"@type":"WebSite","@id":"https:\/\/www.estrategiaconcursos.com.br\/blog\/#website","url":"https:\/\/www.estrategiaconcursos.com.br\/blog\/","name":"Estrat\u00e9gia Concursos","description":"O blog da Estrat\u00e9gia Concursos traz not\u00edcias sobre concursos e artigos de professores oferecendo cursos para concursos (pdf + videaulas) no site.","publisher":{"@id":"https:\/\/www.estrategiaconcursos.com.br\/blog\/#organization"},"potentialAction":[{"@type":"SearchAction","target":{"@type":"EntryPoint","urlTemplate":"https:\/\/www.estrategiaconcursos.com.br\/blog\/?s={search_term_string}"},"query-input":{"@type":"PropertyValueSpecification","valueRequired":true,"valueName":"search_term_string"}}],"inLanguage":"pt-BR"},{"@type":"Organization","@id":"https:\/\/www.estrategiaconcursos.com.br\/blog\/#organization","name":"Estrat\u00e9gia Concursos","url":"https:\/\/www.estrategiaconcursos.com.br\/blog\/","logo":{"@type":"ImageObject","inLanguage":"pt-BR","@id":"https:\/\/www.estrategiaconcursos.com.br\/blog\/#\/schema\/logo\/image\/","url":"https:\/\/dhg1h5j42swfq.cloudfront.net\/2025\/06\/03203428\/logo_concursos-1.jpg","contentUrl":"https:\/\/dhg1h5j42swfq.cloudfront.net\/2025\/06\/03203428\/logo_concursos-1.jpg","width":230,"height":60,"caption":"Estrat\u00e9gia Concursos"},"image":{"@id":"https:\/\/www.estrategiaconcursos.com.br\/blog\/#\/schema\/logo\/image\/"},"sameAs":["https:\/\/x.com\/EstratConcursos"]},{"@type":"Person","@id":"https:\/\/www.estrategiaconcursos.com.br\/blog\/#\/schema\/person\/84ecdc6eb58d3cf1689bf76c5cd8fb38","name":"Camila Leite","image":{"@type":"ImageObject","inLanguage":"pt-BR","@id":"https:\/\/secure.gravatar.com\/avatar\/f2f8faef639c8a2bfb7fb909912a56917f4c3a0aed064500168e2fb8ea55cf61?s=96&d=mm&r=g","url":"https:\/\/secure.gravatar.com\/avatar\/f2f8faef639c8a2bfb7fb909912a56917f4c3a0aed064500168e2fb8ea55cf61?s=96&d=mm&r=g","contentUrl":"https:\/\/secure.gravatar.com\/avatar\/f2f8faef639c8a2bfb7fb909912a56917f4c3a0aed064500168e2fb8ea55cf61?s=96&d=mm&r=g","caption":"Camila Leite"},"description":"Formada em Design Gr\u00e1fico e em Propaganda e Marketing pela UNIP, integra a equipe de jornalismo do Estrat\u00e9gia Concursos desde 2018. Ao longo dos anos, construiu uma s\u00f3lida experi\u00eancia na produ\u00e7\u00e3o de conte\u00fado informativo e relevante para concurseiros. Desde 2020, atua na cobertura das \u00e1reas Fiscal \u2014 com \u00eanfase nas Secretarias de Fazenda (Sefaz) das regi\u00f5es Sul e Sudeste \u2014, al\u00e9m da cobertura de concursos federais, como CNU, Petrobras, CGU, Receita Federal, ag\u00eancias reguladoras (Anvisa, ANAC, entre outras) e INSS. Mant\u00e9m contato direto com os principais \u00f3rg\u00e3os p\u00fablicos, acompanhando editais, atualiza\u00e7\u00f5es e movimenta\u00e7\u00f5es importantes para os candidatos.","sameAs":["https:\/\/www.linkedin.com\/in\/camila-pinheiro-leite-9ba135b6\/"],"url":"https:\/\/www.estrategiaconcursos.com.br\/blog\/author\/camila-leiteestrategiaconcursos-com-br\/"}]}},"_links":{"self":[{"href":"https:\/\/www.estrategiaconcursos.com.br\/blog\/wp-json\/wp\/v2\/posts\/947762","targetHints":{"allow":["GET"]}}],"collection":[{"href":"https:\/\/www.estrategiaconcursos.com.br\/blog\/wp-json\/wp\/v2\/posts"}],"about":[{"href":"https:\/\/www.estrategiaconcursos.com.br\/blog\/wp-json\/wp\/v2\/types\/post"}],"author":[{"embeddable":true,"href":"https:\/\/www.estrategiaconcursos.com.br\/blog\/wp-json\/wp\/v2\/users\/659"}],"replies":[{"embeddable":true,"href":"https:\/\/www.estrategiaconcursos.com.br\/blog\/wp-json\/wp\/v2\/comments?post=947762"}],"version-history":[{"count":9,"href":"https:\/\/www.estrategiaconcursos.com.br\/blog\/wp-json\/wp\/v2\/posts\/947762\/revisions"}],"predecessor-version":[{"id":947804,"href":"https:\/\/www.estrategiaconcursos.com.br\/blog\/wp-json\/wp\/v2\/posts\/947762\/revisions\/947804"}],"wp:featuredmedia":[{"embeddable":true,"href":"https:\/\/www.estrategiaconcursos.com.br\/blog\/wp-json\/wp\/v2\/media\/746120"}],"wp:attachment":[{"href":"https:\/\/www.estrategiaconcursos.com.br\/blog\/wp-json\/wp\/v2\/media?parent=947762"}],"wp:term":[{"taxonomy":"category","embeddable":true,"href":"https:\/\/www.estrategiaconcursos.com.br\/blog\/wp-json\/wp\/v2\/categories?post=947762"},{"taxonomy":"post_tag","embeddable":true,"href":"https:\/\/www.estrategiaconcursos.com.br\/blog\/wp-json\/wp\/v2\/tags?post=947762"},{"taxonomy":"tax_estado","embeddable":true,"href":"https:\/\/www.estrategiaconcursos.com.br\/blog\/wp-json\/wp\/v2\/tax_estado?post=947762"}],"curies":[{"name":"wp","href":"https:\/\/api.w.org\/{rel}","templated":true}]}}