{"id":947688,"date":"2022-01-23T18:41:00","date_gmt":"2022-01-23T21:41:00","guid":{"rendered":"https:\/\/www.estrategiaconcursos.com.br\/blog\/?p=947688"},"modified":"2022-01-15T14:01:43","modified_gmt":"2022-01-15T17:01:43","slug":"causas-nao-litigiosas-extincao-credito-tributario","status":"publish","type":"post","link":"https:\/\/www.estrategiaconcursos.com.br\/blog\/causas-nao-litigiosas-extincao-credito-tributario\/","title":{"rendered":"Causas N\u00e3o-Litigiosas de Extin\u00e7\u00e3o do Cr\u00e9dito Tribut\u00e1rio"},"content":{"rendered":"\n<h2 class=\"wp-block-heading\" id=\"h-conceitos-iniciais\"><strong>Conceitos Iniciais<\/strong><\/h2>\n\n\n\n<p>Este artigo se destina a expor e explicar causas n\u00e3o-litigiosas de extin\u00e7\u00e3o do cr\u00e9dito tribut\u00e1rio e como a doutrina e jurisprud\u00eancia guiaram o alcance desse conceito. A <strong>extin\u00e7\u00e3o <\/strong>do <strong>cr\u00e9dito tribut\u00e1rio<\/strong> pressup\u00f5e, antes de mais nada, a exist\u00eancia desse cr\u00e9dito.<\/p>\n\n\n\n<p>Retrocedendo um pouco mais, o <strong>cr\u00e9dito tribut\u00e1rio <\/strong>somente pode ser criado com o surgimento da <strong>obriga\u00e7\u00e3o tribut\u00e1ria principal<\/strong> \u2013 que surge com a ocorr\u00eancia do <strong>fato gerador<\/strong>. O <strong>fato gerador<\/strong>, por sua vez, \u00e9 aquela situa\u00e7\u00e3o ocorrida no mundo dos fatos que <strong>coincide <\/strong>com a <strong>hip\u00f3tese de incid\u00eancia<\/strong>, que foi prevista em <strong>lei<\/strong>, elencando uma situa\u00e7\u00e3o que, uma vez concretizada, estabelece o v\u00ednculo jur\u00eddico-tribut\u00e1rio entre o sujeito ativo (o ente estatal competente para cobrar o tributo) e o sujeito passivo (o contribuinte ou respons\u00e1vel, quem deve pagar o tributo).<\/p>\n\n\n\n<p>O surgimento da <strong>obriga\u00e7\u00e3o tribut\u00e1ria<\/strong> n\u00e3o \u00e9 suficiente para possibilitar a sua exigibilidade pela administra\u00e7\u00e3o tribut\u00e1ria. Para isso \u00e9 necess\u00e1rio o procedimento <strong>vinculado <\/strong>e <strong>obrigat\u00f3rio<\/strong> chamado <strong>lan\u00e7amento<\/strong>, que \u00e9 <strong>declarat\u00f3rio <\/strong>da <strong>obriga\u00e7\u00e3o tribut\u00e1ria<\/strong> e <strong>constitutivo<\/strong> do <strong>cr\u00e9dito tribut\u00e1rio<\/strong>. Com este procedimento, passa a ser criado o <strong>cr\u00e9dito tribut\u00e1rio<\/strong>, que \u00e9 <strong>obriga\u00e7\u00e3o tribut\u00e1ria<\/strong> tornada <strong>l\u00edquida<\/strong> e <strong>certa<\/strong>: <strong>l\u00edquida<\/strong> quanto ao <strong>valor pecuni\u00e1rio<\/strong>, <strong>mensur\u00e1vel<\/strong>, ao mesmo tempo que <strong>certa<\/strong> quanto \u00e0 sua <strong>exigibilidade<\/strong>.<\/p>\n\n\n\n<p>Constitu\u00eddo o <strong>cr\u00e9dito tribut\u00e1rio<\/strong>, ele somente pode ser <strong>encerrado<\/strong> ou <strong>extinto<\/strong> com seu respectivo <strong>pagamento<\/strong> \u2013 o que \u00e9 <strong>l\u00f3gico<\/strong>, uma vez que a <strong>obriga\u00e7\u00e3o tribut\u00e1ria principal<\/strong> \u00e9 a obriga\u00e7\u00e3o de <strong>pagar<\/strong> <strong>presta\u00e7\u00e3o pecuni\u00e1ria<\/strong>. Todavia, o <strong>pagamento<\/strong> n\u00e3o \u00e9 a <strong>\u00fanica causa<\/strong> de <strong>extin\u00e7\u00e3o <\/strong>do cr\u00e9dito tribut\u00e1rio. H\u00e1 ainda outras <strong>causas n\u00e3o-litigiosas<\/strong> de <strong>extin\u00e7\u00e3o<\/strong> do <strong>cr\u00e9dito tribut\u00e1rio<\/strong>, tais como: a <strong>compensa\u00e7\u00e3o<\/strong>, a <strong>remiss\u00e3o<\/strong>, a <strong>prescri\u00e7\u00e3o<\/strong> e a <strong>decad\u00eancia<\/strong>, o <strong>pagamento antecipado<\/strong> e a <strong>homologa\u00e7\u00e3o <\/strong>deste e, por \u00faltimo, a <strong>da\u00e7\u00e3o em pagamento em bens im\u00f3veis<\/strong>.<\/p>\n\n\n\n<p>\u00c0 exce\u00e7\u00e3o da <a href=\"https:\/\/www.estrategiaconcursos.com.br\/blog\/wp-admin\/post.php?post=786549&amp;action=edit\"><strong>decad\u00eancia<\/strong> e <strong>prescri\u00e7\u00e3o<\/strong><\/a>, abordadas em artigo anterior, todas essas causas de <strong>extin\u00e7\u00e3o n\u00e3o-litigiosas<\/strong> ser\u00e3o analisadas neste artigo.<\/p>\n\n\n\n<p>Essas causas de <strong>extin\u00e7\u00e3o <\/strong>do <strong>cr\u00e9dito tribut\u00e1rio<\/strong> est\u00e3o elencadas na lei <a href=\"http:\/\/www.planalto.gov.br\/ccivil_03\/leis\/l5172compilado.htm\">n. 5.172\/1966, o <strong>C\u00f3digo Tribut\u00e1rio Nacional<\/strong> (CTN)<\/a>, que foi recepcionado pela <a href=\"http:\/\/www.planalto.gov.br\/ccivil_03\/constituicao\/constituicao.htm\">Constitui\u00e7\u00e3o Federal de 1988 (CF\/88)<\/a> como lei complementar, em jurisprud\u00eancia redigida pelo Supremo Tribunal Federal (STF).<\/p>\n\n\n\n<h2 class=\"wp-block-heading\" id=\"h-causa-da-extincao-nao-litigiosa-do-pagamento-e-pagamento-antecipado-com-homologacao\"><strong>Causa da<\/strong> <strong>Extin\u00e7\u00e3o n\u00e3o-litigiosa do pagamento e pagamento antecipado com homologa\u00e7\u00e3o<\/strong><\/h2>\n\n\n\n<p>O <strong>pagamento<\/strong> \u00e9 a principal forma de <strong>extin\u00e7\u00e3o<\/strong> n\u00e3o-litigiosa do <strong>cr\u00e9dito tribut\u00e1rio<\/strong>, sendo disciplinado por um conjunto de normas espec\u00edficas dos artigos 157 a 169. Quanto \u00e0s formas de pagamento, s\u00e3o expressamente aceitas a <strong>moeda corrente<\/strong>, <strong>cheque<\/strong> ou <strong>vale postal<\/strong>, al\u00e9m de prever a <strong>estampilha<\/strong> \u2013 uma esp\u00e9cie de <strong>selo fiscal<\/strong>. A <strong>legisla\u00e7\u00e3o tribut\u00e1ria<\/strong> pode determinar as <strong>garantias<\/strong> exigidas pelo <strong>pagamento<\/strong> em <strong>cheque ou vale postal<\/strong> \u2013 desde que <strong>n\u00e3o impossibilite<\/strong> ou o <strong>torne mais oneroso<\/strong> que o pagamento em moeda corrente.<\/p>\n\n\n\n<p>O <strong>pagamento <\/strong>de um cr\u00e9dito n\u00e3o presume, quando <strong>parcial<\/strong>, das <strong>presta\u00e7\u00f5es <\/strong>em que se decomponha, bem como, quando <strong>total<\/strong>, de outros cr\u00e9ditos referentes ao mesmo ou de outros tributos. Aqui a <strong>presun\u00e7\u00e3o<\/strong> de pagamento funciona <strong>diferentemente<\/strong> da presun\u00e7\u00e3o prevista no C\u00f3digo Civil \u2013 a de que o pagamento de uma presta\u00e7\u00e3o <strong>posterior<\/strong> presume o pagamento da <strong>anterior.<\/strong><\/p>\n\n\n\n<p>Outra determina\u00e7\u00e3o do CTN \u00e9 que a imposi\u00e7\u00e3o da <strong>penalidade<\/strong> <strong>n\u00e3o elide<\/strong> (ou seja, n\u00e3o afasta ou dispensa) o pagamento integral do cr\u00e9dito tribut\u00e1rio. Afinal de contas, em jurisprud\u00eancia do Superior Tribunal de Justi\u00e7a (STJ) <em>\u201c(&#8230;) observa-se que cr\u00e9dito tribut\u00e1rio n\u00e3o diz respeito apenas a tributo em sentido estrito, mas alcan\u00e7a, tamb\u00e9m, as penalidades que incidam sobre ele.\u201d<\/em><\/p>\n\n\n\n<p>O local de <strong>pagamento<\/strong> \u00e9 outra defini\u00e7\u00e3o importante. Salvo disposi\u00e7\u00e3o em contr\u00e1rio da legisla\u00e7\u00e3o pertinente, o local de pagamento \u00e9 a reparti\u00e7\u00e3o competente do <strong>domic\u00edlio do sujeito passivo<\/strong>. Isso se d\u00e1 em fun\u00e7\u00e3o do car\u00e1ter <strong>port\u00e1vel<\/strong> do cr\u00e9dito tribut\u00e1rio, ou seja, a obriga\u00e7\u00e3o reside com seu <strong>portador. <\/strong>Quanto ao <strong>tempo do pagamento<\/strong>, quando a legisla\u00e7\u00e3o <strong>n\u00e3o fixar<\/strong> o per\u00edodo, o vencimento do cr\u00e9dito tribut\u00e1rio ocorre em 30 dias depois da data de notifica\u00e7\u00e3o do sujeito passivo.<\/p>\n\n\n\n<p>No <strong>pagamento antecipado<\/strong> de tributos lan\u00e7ados por <strong>homologa\u00e7\u00e3o, <\/strong>ocorre o <strong>pagamento<\/strong>, que \u00e9 <strong>antecipado,<\/strong> porque neste tipo de lan\u00e7amento todos os atos concernentes \u00e0 forma\u00e7\u00e3o do cr\u00e9dito tribut\u00e1rio s\u00e3o realizados pelo sujeito passivo, cabendo \u00e0 autoridade administrativa t\u00e3o somente a extin\u00e7\u00e3o n\u00e3o-litigiosa pela <strong>homologa\u00e7\u00e3o<\/strong> do <strong>pagamento<\/strong> (a verifica\u00e7\u00e3o do pagamento do tributo) \u2013 que pode ser <strong>expressa<\/strong> (com manifesta\u00e7\u00e3o da autoridade) ou <strong>t\u00e1cita<\/strong> (sem manifesta\u00e7\u00e3o). Depois de <strong>5 anos<\/strong> da <strong>ocorr\u00eancia do fato gerador<\/strong>, est\u00e1 <strong>extinto<\/strong> o direito da fazenda p\u00fablica de lan\u00e7ar o tributo.<\/p>\n\n\n\n<p>E se ocorrer pagamento a maior? Neste caso, o sujeito passivo possui at\u00e9 <strong>5 anos<\/strong> ap\u00f3s a <strong>extin\u00e7\u00e3o <\/strong>do cr\u00e9dito tribut\u00e1rio, pleiteando a <strong>repeti\u00e7\u00e3o do ind\u00e9bito <\/strong>(a restitui\u00e7\u00e3o do valor pago a maior). Caso a fazenda p\u00fablica <strong>denegue <\/strong>(negue a restitui\u00e7\u00e3o)<strong>, <\/strong>o contribuinte pode pleitear a <strong>a\u00e7\u00e3o anulat\u00f3ria da denegat\u00f3ria<\/strong> de seu direito a receber. Este prazo n\u00e3o pode ser suspenso, somente interrompido, recome\u00e7ando seu curso, pela <strong>metade <\/strong>de seu turno, a contar da data da intima\u00e7\u00e3o validamente feita \u00e0 fazenda p\u00fablica.<\/p>\n\n\n\n<figure class=\"wp-block-image size-large\"><img loading=\"lazy\" decoding=\"async\" width=\"1024\" height=\"613\" src=\"https:\/\/dhg1h5j42swfq.cloudfront.net\/2022\/01\/14173700\/hands-4604066_1920-1024x613.png\" alt=\"A extin\u00e7\u00e3o n\u00e3o-litigiosa por pagamento \u00e9 a mais usual das extin\u00e7\u00f5es do cr\u00e9dito tribut\u00e1rio\" class=\"wp-image-947729\" srcset=\"https:\/\/dhg1h5j42swfq.cloudfront.net\/2022\/01\/14173700\/hands-4604066_1920-1024x613.png 1024w, https:\/\/dhg1h5j42swfq.cloudfront.net\/2022\/01\/14173700\/hands-4604066_1920-300x180.png 300w, https:\/\/dhg1h5j42swfq.cloudfront.net\/2022\/01\/14173700\/hands-4604066_1920-768x460.png 768w, https:\/\/dhg1h5j42swfq.cloudfront.net\/2022\/01\/14173700\/hands-4604066_1920-1536x919.png 1536w, https:\/\/dhg1h5j42swfq.cloudfront.net\/2022\/01\/14173700\/hands-4604066_1920-610x365.png 610w, https:\/\/dhg1h5j42swfq.cloudfront.net\/2022\/01\/14173700\/hands-4604066_1920.png 1920w\" sizes=\"auto, (max-width: 1024px) 100vw, 1024px\" \/><figcaption>A extin\u00e7\u00e3o n\u00e3o-litigiosa por pagamento \u00e9 a mais usual das extin\u00e7\u00f5es do cr\u00e9dito tribut\u00e1rio<\/figcaption><\/figure>\n\n\n\n<h2 class=\"wp-block-heading\" id=\"h-causa-da-extincao-nao-litigiosa-do-credito-tributario-pela-compensacao\"><strong>Causa da<\/strong> <strong>Extin\u00e7\u00e3o n\u00e3o-litigiosa do cr\u00e9dito tribut\u00e1rio pela compensa\u00e7\u00e3o<\/strong><\/h2>\n\n\n\n<p>A <strong>compensa\u00e7\u00e3o<\/strong> pode ocorrer quando as duas partes (sujeitos ativo e passivo) da rela\u00e7\u00e3o jur\u00eddico-tribut\u00e1ria s\u00e3o <strong>devedores e credores<\/strong> ao mesmo tempo. Desta forma h\u00e1 a <strong>extin\u00e7\u00e3o <\/strong>de <strong>obriga\u00e7\u00f5es rec\u00edprocas<\/strong> que se reputam pagas.<\/p>\n\n\n\n<p>Conforme preceitua o CTN, no art. 170: \u201c<em>A lei pode, nas condi\u00e7\u00f5es e sob as garantias que estipular, ou cuja estipula\u00e7\u00e3o em cada caso atribuir \u00e0 autoridade administrativa, autorizar a compensa\u00e7\u00e3o de cr\u00e9ditos tribut\u00e1rios com cr\u00e9ditos l\u00edquidos e certos, vencidos ou vincendos, do sujeito passivo contra a Fazenda p\u00fablica.<\/em><\/p>\n\n\n\n<p><em>&nbsp;&nbsp;&nbsp;&nbsp;&nbsp;&nbsp;&nbsp; Par\u00e1grafo \u00fanico. Sendo vincendo o cr\u00e9dito do sujeito passivo, a lei determinar\u00e1, para os efeitos deste artigo, a apura\u00e7\u00e3o do seu montante, n\u00e3o podendo, por\u00e9m, cominar redu\u00e7\u00e3o maior que a correspondente ao juro de 1% (um por cento) ao m\u00eas pelo tempo a decorrer entre a data da compensa\u00e7\u00e3o e a do vencimento.\u201d<\/em><\/p>\n\n\n\n<p>Assim \u00e9 poss\u00edvel notar que h\u00e1 uma <strong>faculdade<\/strong> do ente tributante em <strong>possibilitar <\/strong>a <strong>compensa\u00e7\u00e3o<\/strong> como uma extin\u00e7\u00e3o n\u00e3o-litigiosa, n\u00e3o uma <strong>obriga\u00e7\u00e3o.<\/strong> N\u00e3o \u00e9 suficiente que o CTN disponha a respeito, deve haver <strong>lei<\/strong> disciplinando este instituto, por parte de cada ente tributante.<\/p>\n\n\n\n<p>Posteriormente foi inclu\u00eddo o art. 170-A: \u201c<em>\u00c9 vedada a compensa\u00e7\u00e3o mediante o aproveitamento de tributo, objeto de contesta\u00e7\u00e3o judicial pelo sujeito passivo, antes do tr\u00e2nsito em julgado da respectiva decis\u00e3o judicial.\u201d<\/em> Simplesmente porque n\u00e3o faz sentido englobar d\u00e9bitos contestados judicialmente em uma compensa\u00e7\u00e3o, visto que os mesmos podem ser extintos judicialmente.<\/p>\n\n\n\n<p>A jurisprud\u00eancia do STJ admite o mandado de seguran\u00e7a para a declara\u00e7\u00e3o do direito \u00e0 compensa\u00e7\u00e3o, na s\u00famula STJ-213: \u201c<em>O mandado de seguran\u00e7a constitui a\u00e7\u00e3o adequada para a declara\u00e7\u00e3o do direito \u00e0 compensa\u00e7\u00e3o tribut\u00e1ria.<\/em>\u201d Entretanto, o mesmo tribunal veda em sua jurisprud\u00eancia a compensa\u00e7\u00e3o por liminar, conforme s\u00famula STJ-212: \u201c<em>A compensa\u00e7\u00e3o de cr\u00e9ditos tribut\u00e1rios n\u00e3o pode ser deferida por medida liminar cautelar ou antecipat\u00f3ria.<\/em>\u201d<\/p>\n\n\n\n<figure class=\"wp-block-image size-large\"><img loading=\"lazy\" decoding=\"async\" width=\"1024\" height=\"724\" src=\"https:\/\/dhg1h5j42swfq.cloudfront.net\/2022\/01\/14173828\/monitor-376211-1024x724.jpg\" alt=\"A compensa\u00e7\u00e3o surge quando ambos s\u00e3o devedores e credores entre si, devendo ser estabelecida por lei\" class=\"wp-image-947734\" srcset=\"https:\/\/dhg1h5j42swfq.cloudfront.net\/2022\/01\/14173828\/monitor-376211-1024x724.jpg 1024w, https:\/\/dhg1h5j42swfq.cloudfront.net\/2022\/01\/14173828\/monitor-376211-300x212.jpg 300w, https:\/\/dhg1h5j42swfq.cloudfront.net\/2022\/01\/14173828\/monitor-376211-768x543.jpg 768w, https:\/\/dhg1h5j42swfq.cloudfront.net\/2022\/01\/14173828\/monitor-376211-1536x1086.jpg 1536w, https:\/\/dhg1h5j42swfq.cloudfront.net\/2022\/01\/14173828\/monitor-376211-2048x1448.jpg 2048w, https:\/\/dhg1h5j42swfq.cloudfront.net\/2022\/01\/14173828\/monitor-376211-610x431.jpg 610w\" sizes=\"auto, (max-width: 1024px) 100vw, 1024px\" \/><figcaption>A compensa\u00e7\u00e3o surge quando ambos s\u00e3o devedores e credores entre si, devendo ser estabelecida por lei<\/figcaption><\/figure>\n\n\n\n<h2 class=\"wp-block-heading\" id=\"h-causa-da-extincao-nao-litigiosa-do-credito-tributario-pela-remissao\"> <strong>Causa da<\/strong> <strong>Extin\u00e7\u00e3o n\u00e3o-litigiosa do cr\u00e9dito tribut\u00e1rio pela remiss\u00e3o<\/strong><\/h2>\n\n\n\n<p>A <strong>remiss\u00e3o<\/strong> de cr\u00e9dito tribut\u00e1rio acontece quando o fisco, por <strong>ato unilateral<\/strong>, concede o <strong>perd\u00e3o<\/strong> da d\u00edvida tribut\u00e1ria. A <strong>remiss\u00e3o,<\/strong> como causa de <strong>extin\u00e7\u00e3o n\u00e3o-litigiosa<\/strong>, exige <strong>lei<\/strong> que a estabele\u00e7a, conforme o art. 172 do CTN: \u201c<em>A lei pode autorizar a autoridade administrativa a conceder, por despacho fundamentado, remiss\u00e3o total ou parcial do cr\u00e9dito tribut\u00e1rio, atendendo:<\/em><\/p>\n\n\n\n<p><em>I &#8211; \u00e0 situa\u00e7\u00e3o econ\u00f4mica do sujeito passivo;<\/em><\/p>\n\n\n\n<p><em>II &#8211; ao erro ou ignor\u00e2ncia excus\u00e1veis do sujeito passivo, quanto a mat\u00e9ria de fato;<\/em><\/p>\n\n\n\n<p><em>III &#8211; \u00e0 diminuta import\u00e2ncia do cr\u00e9dito tribut\u00e1rio;<\/em><\/p>\n\n\n\n<p><em>IV &#8211; a considera\u00e7\u00f5es de eq\u00fcidade, em rela\u00e7\u00e3o com as caracter\u00edsticas pessoais ou materiais do caso;<\/em><\/p>\n\n\n\n<p><em>V &#8211; a condi\u00e7\u00f5es peculiares a determinada regi\u00e3o do territ\u00f3rio da entidade tributante.<\/em><\/p>\n\n\n\n<p><em>Par\u00e1grafo \u00fanico. O despacho referido neste artigo n\u00e3o gera direito adquirido, aplicando-se, quando cab\u00edvel, o disposto no artigo 155.\u201d<\/em><\/p>\n\n\n\n<p>A <strong>remiss\u00e3o<\/strong> deve ser prevista em <strong>lei <\/strong>a <strong>considera\u00e7\u00f5es especiais<\/strong>, como \u00e0 <strong>situa\u00e7\u00e3o econ\u00f4mica<\/strong> do sujeito passivo; a <strong>erro ou ignor\u00e2ncia<\/strong> que possam ser <strong>desculp\u00e1veis<\/strong> por parte do sujeito passivo quanto \u00e0 mat\u00e9ria de fato; \u00e0 <strong>diminuta import\u00e2ncia <\/strong>do cr\u00e9dito tribut\u00e1rio em quest\u00e3o, cujos custos de cobran\u00e7a sejam maiores; a considera\u00e7\u00f5es de <strong>equidade<\/strong>, buscando atenuar um efeito adverso ao contribuinte, tendo em vista caracter\u00edsticas <strong>pessoais<\/strong> ou <strong>materiais<\/strong> do caso; por \u00faltimo, a <strong>condi\u00e7\u00f5es peculiares<\/strong> a determinada <strong>regi\u00e3o <\/strong>do territ\u00f3rio da entidade tributante.<\/p>\n\n\n\n<p>A <strong>remiss\u00e3o n\u00e3o gera direito adquirido<\/strong>, sempre dependendo de <strong>lei, <\/strong>em rela\u00e7\u00e3o a cada uma de suas concess\u00f5es. O artigo 155 do CTN se refere \u00e0 morat\u00f3ria, com as considera\u00e7\u00f5es de que ser\u00e1 revogada de of\u00edcio, sempre que se apure que o beneficiado n\u00e3o atendia ou deixou de atender aos <strong>requisitos <\/strong>da mesma \u2013 cobrando-se o cr\u00e9dito tribut\u00e1rio <strong>acrescido dos juros de mora, <\/strong>nos casos de <strong>dolo <\/strong>ou <strong>simula\u00e7\u00e3o<\/strong> do beneficiado ou em terceiro em benef\u00edcio daquele; ou <strong>sem imposi\u00e7\u00e3o de penalidade<\/strong>, nos demais casos.<\/p>\n\n\n\n<h2 class=\"wp-block-heading\" id=\"h-causa-da-extincao-nao-litigiosa-da-dacao-em-pagamento-em-bens-imoveis\"> <strong>Causa da<\/strong> <strong>Extin\u00e7\u00e3o n\u00e3o-litigiosa da da\u00e7\u00e3o em pagamento em bens im\u00f3veis<\/strong><\/h2>\n\n\n\n<p>A <strong>da\u00e7\u00e3o em pagamento em bens im\u00f3veis<\/strong> \u00e9 o ato do sujeito passivo em que, n\u00e3o possuindo fundos suficientes para pagar o cr\u00e9dito tribut\u00e1rio, <strong>oferece bem ou bens im\u00f3veis <\/strong>de sua propriedade com o fito de extinguir a obriga\u00e7\u00e3o.<\/p>\n\n\n\n<p>Como outras formas de extin\u00e7\u00e3o n\u00e3o-litigiosa do cr\u00e9dito tribut\u00e1rio, a <strong>da\u00e7\u00e3o em pagamento em bens im\u00f3veis <\/strong>\u00e9 uma forma <strong>indireta<\/strong> de extin\u00e7\u00e3o, e, portanto, depende de lei que estabele\u00e7a as condi\u00e7\u00f5es em que se poder\u00e1 oferecer bens im\u00f3veis em pagamento.<\/p>\n\n\n\n<p>Cabe lembrar que o pr\u00f3prio CTN abre essa possibilidade em seu art. 3.o: \u201c<em>Tributo \u00e9 toda presta\u00e7\u00e3o pecuni\u00e1ria compuls\u00f3ria, em moeda <strong>ou cujo valor nela se possa exprimir<\/strong>, que n\u00e3o constitua san\u00e7\u00e3o de ato il\u00edcito, institu\u00edda em lei e cobrada mediante atividade administrativa plenamente vinculada<\/em>.\u201d<\/p>\n\n\n\n<p>A <strong>da\u00e7\u00e3o em pagamento em bens im\u00f3veis<\/strong> como causa da extin\u00e7\u00e3o n\u00e3o-litigiosa do cr\u00e9dito tribut\u00e1rio n\u00e3o constava do texto original do CTN, tendo sido inclu\u00edda posteriormente pela Lei Complementar n. 104\/2001. Como o CTN foi recepcionado pelo Supremo como Lei Complementar, por tratar <strong>materialmente<\/strong> de assunto de normas gerais sobre direito tribut\u00e1rio, somente uma outra Lei Complementar poderia incluir mais uma hip\u00f3tese de extin\u00e7\u00e3o do cr\u00e9dito tribut\u00e1rio.<\/p>\n\n\n\n<p>Neste racioc\u00ednio, as causas de extin\u00e7\u00e3o do cr\u00e9dito tribut\u00e1rio, tanto as n\u00e3o-litigiosas como as contenciosas s\u00e3o <strong>hip\u00f3teses exaustivas<\/strong> \u2013 ou seja, somente pode ser inclu\u00edda qualquer outra causa por meio de Lei Complementar, a exemplo do que ocorreu com a <strong>da\u00e7\u00e3o em pagamento em bens im\u00f3veis<\/strong>.<\/p>\n\n\n\n<p>Sobre essa causa de extin\u00e7\u00e3o n\u00e3o-litigiosa, o STF julgou uma lei do Distrito Federal que inclu\u00eda a <strong>da\u00e7\u00e3o em pagamento em bens im\u00f3veis e m\u00f3veis<\/strong>, tamb\u00e9m. \u00c0 \u00e9poca, o excelso tribunal entendeu que a hip\u00f3tese de da\u00e7\u00e3o em <strong>bens m\u00f3veis<\/strong> ofendia a exig\u00eancia constitucional de licita\u00e7\u00e3o dos entes federativos, declarando a lei inconstitucional. N\u00e3o cabe, ent\u00e3o, ao ente federativo receber seus tributos por outros meios al\u00e9m dos estabelecidos no art. 156 do CTN.<\/p>\n\n\n\n<figure class=\"wp-block-image size-large\"><img loading=\"lazy\" decoding=\"async\" width=\"1024\" height=\"683\" src=\"https:\/\/dhg1h5j42swfq.cloudfront.net\/2022\/01\/14173935\/mortgage-5266520-1024x683.jpg\" alt=\"E quando n\u00e3o h\u00e1 fundos suficientes? O CTN preveu a da\u00e7\u00e3o em pagamento de bens im\u00f3veis\" class=\"wp-image-947738\" srcset=\"https:\/\/dhg1h5j42swfq.cloudfront.net\/2022\/01\/14173935\/mortgage-5266520-1024x683.jpg 1024w, https:\/\/dhg1h5j42swfq.cloudfront.net\/2022\/01\/14173935\/mortgage-5266520-300x200.jpg 300w, https:\/\/dhg1h5j42swfq.cloudfront.net\/2022\/01\/14173935\/mortgage-5266520-768x513.jpg 768w, https:\/\/dhg1h5j42swfq.cloudfront.net\/2022\/01\/14173935\/mortgage-5266520-1536x1025.jpg 1536w, https:\/\/dhg1h5j42swfq.cloudfront.net\/2022\/01\/14173935\/mortgage-5266520-2048x1367.jpg 2048w, https:\/\/dhg1h5j42swfq.cloudfront.net\/2022\/01\/14173935\/mortgage-5266520-610x407.jpg 610w\" sizes=\"auto, (max-width: 1024px) 100vw, 1024px\" \/><figcaption>E quando n\u00e3o h\u00e1 fundos suficientes? O CTN previu a da\u00e7\u00e3o em pagamento de bens im\u00f3veis<\/figcaption><\/figure>\n\n\n\n<h2 class=\"wp-block-heading\" id=\"h-conclusoes-extincao-nao-litigiosa-do-credito-tributario\"><strong>Conclus\u00f5es<\/strong> &#8211;  Extin\u00e7\u00e3o n\u00e3o-litigiosa do cr\u00e9dito tribut\u00e1rio <\/h2>\n\n\n\n<p>A <strong>obriga\u00e7\u00e3o tribut\u00e1ria principal<\/strong>, surgida com a ocorr\u00eancia do <strong>fato gerador<\/strong>, inicia o <strong>v\u00ednculo<\/strong> da rela\u00e7\u00e3o <strong>jur\u00eddico-tribut\u00e1ria<\/strong> entre sujeito ativo, que \u00e9 competente para exigir o pagamento do tributo, bem como o sujeito passivo, contribuinte ou respons\u00e1vel, que ir\u00e1 suportar o encargo de satisfazer essa obriga\u00e7\u00e3o, tornada <strong>l\u00edquida e certa<\/strong> pela constitui\u00e7\u00e3o do <strong>cr\u00e9dito tribut\u00e1rio<\/strong>.<\/p>\n\n\n\n<p>Existem v\u00e1rias formas de causas de extin\u00e7\u00e3o do cr\u00e9dito tribut\u00e1rio, que se dividem em n\u00e3o-litigiosas e contenciosas. As formas n\u00e3o-litigiosas s\u00e3o, respectivamente: o <strong>pagamento<\/strong> e o <strong>pagamento antecipado <\/strong>com a <strong>ulterior homologa\u00e7\u00e3o do pagamento<\/strong>; a <strong>compensa\u00e7\u00e3o<\/strong>; a <strong>remiss\u00e3o<\/strong> e a <strong>da\u00e7\u00e3o em pagamento em bens im\u00f3veis<\/strong>.<\/p>\n\n\n\n<p>O <strong>pagamento<\/strong> \u00e9 a mais simples causa de extin\u00e7\u00e3o <strong>n\u00e3o-litigiosa<\/strong> do cr\u00e9dito tribut\u00e1rio. Ele pode ser feito em <strong>esp\u00e9cie<\/strong>, <strong>cheque<\/strong> (documento de ordem de pagamento \u00e0 \u00e9poca do CTN), <strong>vale postal<\/strong> ou <strong>estampilha<\/strong>, que \u00e9 um tipo de <strong>selo fiscal<\/strong>. A lei pode disciplinar o pagamento por qualquer uma destas formas \u2013 desde que <strong>n\u00e3o<\/strong> as <strong>torne<\/strong> <strong>mais dif\u00edceis<\/strong> ou <strong>mais onerosas<\/strong> ao contribuinte. O <strong>pagamento antecipado<\/strong> com <strong>ulterior homologa\u00e7\u00e3o do pagamento<\/strong> tornou-se a mais comum entre as hip\u00f3teses de pagamento, t\u00edpica de tributos lan\u00e7ados por homologa\u00e7\u00e3o.<\/p>\n\n\n\n<p>A <strong>compensa\u00e7\u00e3o<\/strong> \u00e9 um instituto emprestado do direito civil, situa\u00e7\u00e3o em que as partes s\u00e3o, <strong>concomitantemente<\/strong>, <strong>credoras e devedoras<\/strong>. Desta forma, desde que prevista em lei que estabele\u00e7a as condi\u00e7\u00f5es para que a <strong>compensa\u00e7\u00e3o<\/strong> ocorra, as obriga\u00e7\u00f5es m\u00fatuas se <strong>compensam <\/strong>at\u00e9 as suas respectivas extin\u00e7\u00f5es.<\/p>\n\n\n\n<p>A <strong>remiss\u00e3o <\/strong>\u00e9 a causa de extin\u00e7\u00e3o n\u00e3o-litigiosa do cr\u00e9dito tribut\u00e1rio baseada no <strong>perd\u00e3o<\/strong> <strong>da d\u00edvida<\/strong> tribut\u00e1ria. Por defini\u00e7\u00e3o, deve tamb\u00e9m estar prevista em lei e se aplica ao <strong>cr\u00e9dito tribut\u00e1rio<\/strong>, <strong>total <\/strong>ou <strong>parcialmente. <\/strong>Na <strong>remiss\u00e3o<\/strong>, o <strong>perd\u00e3o <\/strong>incide sobre o <strong>conjunto do cr\u00e9dito tribut\u00e1rio <\/strong>(tributo + penalidades).<\/p>\n\n\n\n<p>Por \u00faltimo, uma causa de extin\u00e7\u00e3o n\u00e3o-litigiosa acrescentada ao CTN foi a <strong>da\u00e7\u00e3o em pagamento em bens im\u00f3veis<\/strong>, em que o sujeito passivo, tolhido de recursos para realizar o pagamento do tributo, oferece bens im\u00f3veis para a extin\u00e7\u00e3o de sua obriga\u00e7\u00e3o. A <strong>da\u00e7\u00e3o em pagamento em bens im\u00f3veis <\/strong>precisa estar prevista em<strong> lei <\/strong>que estabele\u00e7a condi\u00e7\u00f5es que o sujeito passivo dever\u00e1 atender.<\/p>\n\n\n\n<p>Ricardo Pereira de Oliveira<\/p>\n\n\n\n<h2 class=\"has-text-align-center wp-block-heading\" id=\"h-cursos-e-assinaturas\">Cursos e Assinaturas <\/h2>\n\n\n\n<p>Prepare-se com o melhor material e com quem mais aprova em Concursos P\u00fablicos em todo o pa\u00eds!<\/p>\n\n\n\n<div class=\"container\" id=\"boxes\">\n  <div class=\"row\">\n    <div class=\"col-sm\">\n      <div class=\"estrategia\" id=\"box-assinatura\">\n        <h3 class=\"titulo-assinatura\">Assinatura de Concursos<\/h3>\n        <p class=\"subtitulo-assinatura\">Assinatura de 1 ano ou 2 anos<\/p>\n        <div class=\"box-botao\">\n          <a class=\"btn-assinatura\" target=\"_blank\" href=\"https:\/\/www.estrategiaconcursos.com.br\/assinaturas\/\" role=\"button\" rel=\"noopener noreferrer\">ASSINE AGORA<\/a>\n        <\/div>\n      <\/div>\n      <p class=\"texto-auxiliar\"><\/p>\n    <\/div>\n    <div class=\"col-sm\">\n      <div class=\"questoes\" id=\"box-assinatura\">\n        <h3 class=\"titulo-assinatura\">Sistema de Quest\u00f5es<\/h3>\n        <p class=\"subtitulo-assinatura\">Assinatura de 1 ano ou 2 anos\n<\/p>\n        <div class=\"box-botao\">\n          <a class=\"btn-assinatura\" target=\"_blank\" href=\"https:\/\/www.estrategiaconcursos.com.br\/cursosPorConcurso\/sistema-de-questoes\/#\/\" role=\"button\" rel=\"noopener noreferrer\">ASSINE AGORA<\/a>\n        <\/div>\n      <\/div>\n      <p class=\"texto-auxiliar\"><\/p>\n    <\/div>\n  <\/div>\n<\/div>\n\n\n\n<p><\/p>\n\n\n\n<p class=\"has-text-align-center has-white-color has-vivid-purple-background-color has-text-color has-background\"><a href=\"https:\/\/www.estrategiaconcursos.com.br\/blog\/concursos-abertos\/\" target=\"_blank\" rel=\"noreferrer noopener\"><strong><span class=\"has-inline-color has-white-color\">Concursos abertos<\/span><\/strong><\/a><\/p>\n\n\n\n<p class=\"has-text-align-center has-white-color has-vivid-purple-background-color has-text-color has-background\"><strong><a href=\"https:\/\/www.estrategiaconcursos.com.br\/blog\/concursos-2022\/\" target=\"_blank\" rel=\"noreferrer noopener\"><span class=\"has-inline-color has-white-color\">Concursos 2022<\/span><\/a><\/strong><\/p>\n\n\n\n<div class=\"container\" id=\"boxes\">\n  <div class=\"row\">\n    <div class=\"col-sm\">\n      <div class=\"estrategia\" id=\"box-assinatura\">\n        <h3 class=\"titulo-assinatura\">Assinatura de Concursos<\/h3>\n        <p class=\"subtitulo-assinatura\">Assinatura de 1 ano ou 2 anos<\/p>\n        <div class=\"box-botao\">\n          <a class=\"btn-assinatura\" target=\"_blank\" href=\"https:\/\/www.estrategiaconcursos.com.br\/assinaturas\/\" role=\"button\" rel=\"noopener noreferrer\">ASSINE AGORA<\/a>\n        <\/div>\n      <\/div>\n      \n    <\/div><\/div><\/div>\n\n\n\n<h2 class=\"has-text-align-center wp-block-heading\">Extin\u00e7\u00e3o n\u00e3o-litigiosa do cr\u00e9dito tribut\u00e1rio<\/h2>\n","protected":false},"excerpt":{"rendered":"<p>Conceitos Iniciais Este artigo se destina a expor e explicar causas n\u00e3o-litigiosas de extin\u00e7\u00e3o do cr\u00e9dito tribut\u00e1rio e como a doutrina e jurisprud\u00eancia guiaram o alcance desse conceito. A extin\u00e7\u00e3o do cr\u00e9dito tribut\u00e1rio pressup\u00f5e, antes de mais nada, a exist\u00eancia desse cr\u00e9dito. Retrocedendo um pouco mais, o cr\u00e9dito tribut\u00e1rio somente pode ser criado com o [&hellip;]<\/p>\n","protected":false},"author":1979,"featured_media":947708,"comment_status":"open","ping_status":"closed","sticky":false,"template":"","format":"standard","meta":{"post_tipo":"article","footnotes":""},"categories":[220215,220216,220015,1,220180,214992,1983,220182,220183,2185,220195,2017,1984,214710],"tags":[],"tax_estado":[219964,219965,219966,219967,219968,219969,219963,219970,219971,219972,219973,219974,219975,219976,219977,219978,219979,219980,219981,219982,219983,219984,219985,219986,219987,219988,219989,219990],"class_list":["post-947688","post","type-post","status-publish","format-standard","has-post-thumbnail","hentry","category-agencia-reguladora","category-agencia-reguladora-agencia-reguladora","category-cfc","category-cursos-e-concursos","category-controle-gestao","category-concursos-administrativos","category-fiscal-estadual","category-fiscal-federal","category-fiscal-municipal","category-carreiras-juridicas","category-magistratura","category-concursos-legislativos","category-tribunais","category-tribunais-de-contas","tax_estado-ac","tax_estado-al","tax_estado-am","tax_estado-ap","tax_estado-ba","tax_estado-ce","tax_estado-concursos-federais","tax_estado-df","tax_estado-es","tax_estado-go","tax_estado-ma","tax_estado-mg","tax_estado-ms","tax_estado-mt","tax_estado-pa","tax_estado-pb","tax_estado-pe","tax_estado-pi","tax_estado-pr","tax_estado-rj","tax_estado-rn","tax_estado-ro","tax_estado-rr","tax_estado-rs","tax_estado-sc","tax_estado-se","tax_estado-sp","tax_estado-to"],"acf":[],"yoast_head":"<!-- This site is optimized with the Yoast SEO Premium plugin v27.2 (Yoast SEO v27.2) - https:\/\/yoast.com\/product\/yoast-seo-premium-wordpress\/ -->\n<title>Extin\u00e7\u00e3o do Cr\u00e9dito Tribut\u00e1rio - Causas N\u00e3o-Litigiosas<\/title>\n<meta name=\"description\" content=\"Este artigo se destina a expor formas n\u00e3o-litigiosas de extin\u00e7\u00e3o do cr\u00e9dito tribut\u00e1rio e como jurisprud\u00eancia e doutrina ajustaram limites.\" \/>\n<meta name=\"robots\" content=\"index, follow, max-snippet:-1, max-image-preview:large, max-video-preview:-1\" \/>\n<link rel=\"canonical\" href=\"https:\/\/www.estrategiaconcursos.com.br\/blog\/causas-nao-litigiosas-extincao-credito-tributario\/\" \/>\n<meta property=\"og:locale\" content=\"pt_BR\" \/>\n<meta property=\"og:type\" content=\"article\" \/>\n<meta property=\"og:title\" content=\"Causas N\u00e3o-Litigiosas de Extin\u00e7\u00e3o do Cr\u00e9dito Tribut\u00e1rio\" \/>\n<meta property=\"og:description\" content=\"Este artigo se destina a expor formas n\u00e3o-litigiosas de extin\u00e7\u00e3o do cr\u00e9dito tribut\u00e1rio e como jurisprud\u00eancia e doutrina ajustaram limites.\" \/>\n<meta property=\"og:url\" content=\"https:\/\/www.estrategiaconcursos.com.br\/blog\/causas-nao-litigiosas-extincao-credito-tributario\/\" \/>\n<meta property=\"og:site_name\" content=\"Estrat\u00e9gia Concursos\" \/>\n<meta property=\"article:published_time\" content=\"2022-01-23T21:41:00+00:00\" \/>\n<meta property=\"og:image\" content=\"https:\/\/dhg1h5j42swfq.cloudfront.net\/2022\/01\/14172219\/stf-logo-2.png\" \/>\n\t<meta property=\"og:image:width\" content=\"200\" \/>\n\t<meta property=\"og:image:height\" content=\"200\" \/>\n\t<meta property=\"og:image:type\" content=\"image\/png\" \/>\n<meta name=\"author\" content=\"Ricardo Pereira de Oliveira\" \/>\n<meta name=\"twitter:card\" content=\"summary_large_image\" \/>\n<meta name=\"twitter:creator\" content=\"@EstratConcursos\" \/>\n<meta name=\"twitter:site\" content=\"@EstratConcursos\" \/>\n<meta name=\"twitter:label1\" content=\"Escrito por\" \/>\n\t<meta name=\"twitter:data1\" content=\"Ricardo Pereira de Oliveira\" \/>\n\t<meta name=\"twitter:label2\" content=\"Est. tempo de leitura\" \/>\n\t<meta name=\"twitter:data2\" content=\"13 minutos\" \/>\n<script type=\"application\/ld+json\" class=\"yoast-schema-graph\">{\"@context\":\"https:\/\/schema.org\",\"@graph\":[{\"@type\":\"NewsArticle\",\"@id\":\"https:\/\/www.estrategiaconcursos.com.br\/blog\/causas-nao-litigiosas-extincao-credito-tributario\/#article\",\"isPartOf\":{\"@id\":\"https:\/\/www.estrategiaconcursos.com.br\/blog\/causas-nao-litigiosas-extincao-credito-tributario\/\"},\"author\":{\"name\":\"Ricardo Pereira de Oliveira\",\"@id\":\"https:\/\/www.estrategiaconcursos.com.br\/blog\/#\/schema\/person\/bddec4cfff57a846dbc506e0bc7a5b36\"},\"headline\":\"Causas N\u00e3o-Litigiosas de Extin\u00e7\u00e3o do Cr\u00e9dito Tribut\u00e1rio\",\"datePublished\":\"2022-01-23T21:41:00+00:00\",\"mainEntityOfPage\":{\"@id\":\"https:\/\/www.estrategiaconcursos.com.br\/blog\/causas-nao-litigiosas-extincao-credito-tributario\/\"},\"wordCount\":2601,\"commentCount\":0,\"publisher\":{\"@id\":\"https:\/\/www.estrategiaconcursos.com.br\/blog\/#organization\"},\"image\":{\"@id\":\"https:\/\/www.estrategiaconcursos.com.br\/blog\/causas-nao-litigiosas-extincao-credito-tributario\/#primaryimage\"},\"thumbnailUrl\":\"https:\/\/dhg1h5j42swfq.cloudfront.net\/2022\/01\/14172219\/stf-logo-2.png\",\"articleSection\":[\"Ag\u00eancia Reguladora\",\"Ag\u00eancia Reguladora\",\"CFC\",\"Concursos P\u00fablicos\",\"Controladorias\/Gest\u00e3o (CGU, CGE, STN, EPPGG)\",\"Executivo (Administrativa)\",\"Fiscal - Estadual (ICMS)\",\"Fiscal - Federal (RFB e AFT)\",\"Fiscal - Municipal (ISS)\",\"Jur\u00eddico\",\"Jur\u00eddico - Magistratura\",\"Legislativo\",\"Tribunais\",\"Tribunais de Contas (TCU, TCE, TCM)\"],\"inLanguage\":\"pt-BR\",\"potentialAction\":[{\"@type\":\"CommentAction\",\"name\":\"Comment\",\"target\":[\"https:\/\/www.estrategiaconcursos.com.br\/blog\/causas-nao-litigiosas-extincao-credito-tributario\/#respond\"]}],\"copyrightYear\":\"2022\",\"copyrightHolder\":{\"@id\":\"https:\/\/www.estrategiaconcursos.com.br\/blog\/#organization\"}},{\"@type\":\"WebPage\",\"@id\":\"https:\/\/www.estrategiaconcursos.com.br\/blog\/causas-nao-litigiosas-extincao-credito-tributario\/\",\"url\":\"https:\/\/www.estrategiaconcursos.com.br\/blog\/causas-nao-litigiosas-extincao-credito-tributario\/\",\"name\":\"Extin\u00e7\u00e3o do Cr\u00e9dito Tribut\u00e1rio - Causas N\u00e3o-Litigiosas\",\"isPartOf\":{\"@id\":\"https:\/\/www.estrategiaconcursos.com.br\/blog\/#website\"},\"primaryImageOfPage\":{\"@id\":\"https:\/\/www.estrategiaconcursos.com.br\/blog\/causas-nao-litigiosas-extincao-credito-tributario\/#primaryimage\"},\"image\":{\"@id\":\"https:\/\/www.estrategiaconcursos.com.br\/blog\/causas-nao-litigiosas-extincao-credito-tributario\/#primaryimage\"},\"thumbnailUrl\":\"https:\/\/dhg1h5j42swfq.cloudfront.net\/2022\/01\/14172219\/stf-logo-2.png\",\"datePublished\":\"2022-01-23T21:41:00+00:00\",\"description\":\"Este artigo se destina a expor formas n\u00e3o-litigiosas de extin\u00e7\u00e3o do cr\u00e9dito tribut\u00e1rio e como jurisprud\u00eancia e doutrina ajustaram limites.\",\"breadcrumb\":{\"@id\":\"https:\/\/www.estrategiaconcursos.com.br\/blog\/causas-nao-litigiosas-extincao-credito-tributario\/#breadcrumb\"},\"inLanguage\":\"pt-BR\",\"potentialAction\":[{\"@type\":\"ReadAction\",\"target\":[\"https:\/\/www.estrategiaconcursos.com.br\/blog\/causas-nao-litigiosas-extincao-credito-tributario\/\"]}]},{\"@type\":\"ImageObject\",\"inLanguage\":\"pt-BR\",\"@id\":\"https:\/\/www.estrategiaconcursos.com.br\/blog\/causas-nao-litigiosas-extincao-credito-tributario\/#primaryimage\",\"url\":\"https:\/\/dhg1h5j42swfq.cloudfront.net\/2022\/01\/14172219\/stf-logo-2.png\",\"contentUrl\":\"https:\/\/dhg1h5j42swfq.cloudfront.net\/2022\/01\/14172219\/stf-logo-2.png\",\"width\":200,\"height\":200},{\"@type\":\"BreadcrumbList\",\"@id\":\"https:\/\/www.estrategiaconcursos.com.br\/blog\/causas-nao-litigiosas-extincao-credito-tributario\/#breadcrumb\",\"itemListElement\":[{\"@type\":\"ListItem\",\"position\":1,\"name\":\"In\u00edcio\",\"item\":\"https:\/\/www.estrategiaconcursos.com.br\/blog\/\"},{\"@type\":\"ListItem\",\"position\":2,\"name\":\"Causas N\u00e3o-Litigiosas de Extin\u00e7\u00e3o do Cr\u00e9dito Tribut\u00e1rio\"}]},{\"@type\":\"WebSite\",\"@id\":\"https:\/\/www.estrategiaconcursos.com.br\/blog\/#website\",\"url\":\"https:\/\/www.estrategiaconcursos.com.br\/blog\/\",\"name\":\"Estrat\u00e9gia Concursos\",\"description\":\"O blog da Estrat\u00e9gia Concursos traz not\u00edcias sobre concursos e artigos de professores oferecendo cursos para concursos (pdf + videaulas) no site.\",\"publisher\":{\"@id\":\"https:\/\/www.estrategiaconcursos.com.br\/blog\/#organization\"},\"potentialAction\":[{\"@type\":\"SearchAction\",\"target\":{\"@type\":\"EntryPoint\",\"urlTemplate\":\"https:\/\/www.estrategiaconcursos.com.br\/blog\/?s={search_term_string}\"},\"query-input\":{\"@type\":\"PropertyValueSpecification\",\"valueRequired\":true,\"valueName\":\"search_term_string\"}}],\"inLanguage\":\"pt-BR\"},{\"@type\":\"Organization\",\"@id\":\"https:\/\/www.estrategiaconcursos.com.br\/blog\/#organization\",\"name\":\"Estrat\u00e9gia Concursos\",\"url\":\"https:\/\/www.estrategiaconcursos.com.br\/blog\/\",\"logo\":{\"@type\":\"ImageObject\",\"inLanguage\":\"pt-BR\",\"@id\":\"https:\/\/www.estrategiaconcursos.com.br\/blog\/#\/schema\/logo\/image\/\",\"url\":\"https:\/\/dhg1h5j42swfq.cloudfront.net\/2025\/06\/03203428\/logo_concursos-1.jpg\",\"contentUrl\":\"https:\/\/dhg1h5j42swfq.cloudfront.net\/2025\/06\/03203428\/logo_concursos-1.jpg\",\"width\":230,\"height\":60,\"caption\":\"Estrat\u00e9gia Concursos\"},\"image\":{\"@id\":\"https:\/\/www.estrategiaconcursos.com.br\/blog\/#\/schema\/logo\/image\/\"},\"sameAs\":[\"https:\/\/x.com\/EstratConcursos\"]},{\"@type\":\"Person\",\"@id\":\"https:\/\/www.estrategiaconcursos.com.br\/blog\/#\/schema\/person\/bddec4cfff57a846dbc506e0bc7a5b36\",\"name\":\"Ricardo Pereira de Oliveira\",\"image\":{\"@type\":\"ImageObject\",\"inLanguage\":\"pt-BR\",\"@id\":\"https:\/\/secure.gravatar.com\/avatar\/a16d5759c3d4edc0896235928b70e4a79ec591848bb173a92801d67dcb8492b1?s=96&d=mm&r=g\",\"url\":\"https:\/\/secure.gravatar.com\/avatar\/a16d5759c3d4edc0896235928b70e4a79ec591848bb173a92801d67dcb8492b1?s=96&d=mm&r=g\",\"contentUrl\":\"https:\/\/secure.gravatar.com\/avatar\/a16d5759c3d4edc0896235928b70e4a79ec591848bb173a92801d67dcb8492b1?s=96&d=mm&r=g\",\"caption\":\"Ricardo Pereira de Oliveira\"},\"description\":\"Formado em Administra\u00e7\u00e3o de Empresas pelo Mackenzie, p\u00f3s-graduado em Marketing pela ESPM. Concurseiro desde 2014. Auditor Fiscal da Receita Municipal de Campo Grande\/MS Ex-Fiscal de Rendas de Tabo\u00e3o da Serra\/SP\",\"url\":\"https:\/\/www.estrategiaconcursos.com.br\/blog\/author\/ricperogmail-com\/\"}]}<\/script>\n<!-- \/ Yoast SEO Premium plugin. -->","yoast_head_json":{"title":"Extin\u00e7\u00e3o do Cr\u00e9dito Tribut\u00e1rio - Causas N\u00e3o-Litigiosas","description":"Este artigo se destina a expor formas n\u00e3o-litigiosas de extin\u00e7\u00e3o do cr\u00e9dito tribut\u00e1rio e como jurisprud\u00eancia e doutrina ajustaram limites.","robots":{"index":"index","follow":"follow","max-snippet":"max-snippet:-1","max-image-preview":"max-image-preview:large","max-video-preview":"max-video-preview:-1"},"canonical":"https:\/\/www.estrategiaconcursos.com.br\/blog\/causas-nao-litigiosas-extincao-credito-tributario\/","og_locale":"pt_BR","og_type":"article","og_title":"Causas N\u00e3o-Litigiosas de Extin\u00e7\u00e3o do Cr\u00e9dito Tribut\u00e1rio","og_description":"Este artigo se destina a expor formas n\u00e3o-litigiosas de extin\u00e7\u00e3o do cr\u00e9dito tribut\u00e1rio e como jurisprud\u00eancia e doutrina ajustaram limites.","og_url":"https:\/\/www.estrategiaconcursos.com.br\/blog\/causas-nao-litigiosas-extincao-credito-tributario\/","og_site_name":"Estrat\u00e9gia Concursos","article_published_time":"2022-01-23T21:41:00+00:00","og_image":[{"width":200,"height":200,"url":"https:\/\/dhg1h5j42swfq.cloudfront.net\/2022\/01\/14172219\/stf-logo-2.png","type":"image\/png"}],"author":"Ricardo Pereira de Oliveira","twitter_card":"summary_large_image","twitter_creator":"@EstratConcursos","twitter_site":"@EstratConcursos","twitter_misc":{"Escrito por":"Ricardo Pereira de Oliveira","Est. tempo de leitura":"13 minutos"},"schema":{"@context":"https:\/\/schema.org","@graph":[{"@type":"NewsArticle","@id":"https:\/\/www.estrategiaconcursos.com.br\/blog\/causas-nao-litigiosas-extincao-credito-tributario\/#article","isPartOf":{"@id":"https:\/\/www.estrategiaconcursos.com.br\/blog\/causas-nao-litigiosas-extincao-credito-tributario\/"},"author":{"name":"Ricardo Pereira de Oliveira","@id":"https:\/\/www.estrategiaconcursos.com.br\/blog\/#\/schema\/person\/bddec4cfff57a846dbc506e0bc7a5b36"},"headline":"Causas N\u00e3o-Litigiosas de Extin\u00e7\u00e3o do Cr\u00e9dito Tribut\u00e1rio","datePublished":"2022-01-23T21:41:00+00:00","mainEntityOfPage":{"@id":"https:\/\/www.estrategiaconcursos.com.br\/blog\/causas-nao-litigiosas-extincao-credito-tributario\/"},"wordCount":2601,"commentCount":0,"publisher":{"@id":"https:\/\/www.estrategiaconcursos.com.br\/blog\/#organization"},"image":{"@id":"https:\/\/www.estrategiaconcursos.com.br\/blog\/causas-nao-litigiosas-extincao-credito-tributario\/#primaryimage"},"thumbnailUrl":"https:\/\/dhg1h5j42swfq.cloudfront.net\/2022\/01\/14172219\/stf-logo-2.png","articleSection":["Ag\u00eancia Reguladora","Ag\u00eancia Reguladora","CFC","Concursos P\u00fablicos","Controladorias\/Gest\u00e3o (CGU, CGE, STN, EPPGG)","Executivo (Administrativa)","Fiscal - Estadual (ICMS)","Fiscal - Federal (RFB e AFT)","Fiscal - Municipal (ISS)","Jur\u00eddico","Jur\u00eddico - Magistratura","Legislativo","Tribunais","Tribunais de Contas (TCU, TCE, TCM)"],"inLanguage":"pt-BR","potentialAction":[{"@type":"CommentAction","name":"Comment","target":["https:\/\/www.estrategiaconcursos.com.br\/blog\/causas-nao-litigiosas-extincao-credito-tributario\/#respond"]}],"copyrightYear":"2022","copyrightHolder":{"@id":"https:\/\/www.estrategiaconcursos.com.br\/blog\/#organization"}},{"@type":"WebPage","@id":"https:\/\/www.estrategiaconcursos.com.br\/blog\/causas-nao-litigiosas-extincao-credito-tributario\/","url":"https:\/\/www.estrategiaconcursos.com.br\/blog\/causas-nao-litigiosas-extincao-credito-tributario\/","name":"Extin\u00e7\u00e3o do Cr\u00e9dito Tribut\u00e1rio - Causas N\u00e3o-Litigiosas","isPartOf":{"@id":"https:\/\/www.estrategiaconcursos.com.br\/blog\/#website"},"primaryImageOfPage":{"@id":"https:\/\/www.estrategiaconcursos.com.br\/blog\/causas-nao-litigiosas-extincao-credito-tributario\/#primaryimage"},"image":{"@id":"https:\/\/www.estrategiaconcursos.com.br\/blog\/causas-nao-litigiosas-extincao-credito-tributario\/#primaryimage"},"thumbnailUrl":"https:\/\/dhg1h5j42swfq.cloudfront.net\/2022\/01\/14172219\/stf-logo-2.png","datePublished":"2022-01-23T21:41:00+00:00","description":"Este artigo se destina a expor formas n\u00e3o-litigiosas de extin\u00e7\u00e3o do cr\u00e9dito tribut\u00e1rio e como jurisprud\u00eancia e doutrina ajustaram limites.","breadcrumb":{"@id":"https:\/\/www.estrategiaconcursos.com.br\/blog\/causas-nao-litigiosas-extincao-credito-tributario\/#breadcrumb"},"inLanguage":"pt-BR","potentialAction":[{"@type":"ReadAction","target":["https:\/\/www.estrategiaconcursos.com.br\/blog\/causas-nao-litigiosas-extincao-credito-tributario\/"]}]},{"@type":"ImageObject","inLanguage":"pt-BR","@id":"https:\/\/www.estrategiaconcursos.com.br\/blog\/causas-nao-litigiosas-extincao-credito-tributario\/#primaryimage","url":"https:\/\/dhg1h5j42swfq.cloudfront.net\/2022\/01\/14172219\/stf-logo-2.png","contentUrl":"https:\/\/dhg1h5j42swfq.cloudfront.net\/2022\/01\/14172219\/stf-logo-2.png","width":200,"height":200},{"@type":"BreadcrumbList","@id":"https:\/\/www.estrategiaconcursos.com.br\/blog\/causas-nao-litigiosas-extincao-credito-tributario\/#breadcrumb","itemListElement":[{"@type":"ListItem","position":1,"name":"In\u00edcio","item":"https:\/\/www.estrategiaconcursos.com.br\/blog\/"},{"@type":"ListItem","position":2,"name":"Causas N\u00e3o-Litigiosas de Extin\u00e7\u00e3o do Cr\u00e9dito Tribut\u00e1rio"}]},{"@type":"WebSite","@id":"https:\/\/www.estrategiaconcursos.com.br\/blog\/#website","url":"https:\/\/www.estrategiaconcursos.com.br\/blog\/","name":"Estrat\u00e9gia Concursos","description":"O blog da Estrat\u00e9gia Concursos traz not\u00edcias sobre concursos e artigos de professores oferecendo cursos para concursos (pdf + videaulas) no site.","publisher":{"@id":"https:\/\/www.estrategiaconcursos.com.br\/blog\/#organization"},"potentialAction":[{"@type":"SearchAction","target":{"@type":"EntryPoint","urlTemplate":"https:\/\/www.estrategiaconcursos.com.br\/blog\/?s={search_term_string}"},"query-input":{"@type":"PropertyValueSpecification","valueRequired":true,"valueName":"search_term_string"}}],"inLanguage":"pt-BR"},{"@type":"Organization","@id":"https:\/\/www.estrategiaconcursos.com.br\/blog\/#organization","name":"Estrat\u00e9gia Concursos","url":"https:\/\/www.estrategiaconcursos.com.br\/blog\/","logo":{"@type":"ImageObject","inLanguage":"pt-BR","@id":"https:\/\/www.estrategiaconcursos.com.br\/blog\/#\/schema\/logo\/image\/","url":"https:\/\/dhg1h5j42swfq.cloudfront.net\/2025\/06\/03203428\/logo_concursos-1.jpg","contentUrl":"https:\/\/dhg1h5j42swfq.cloudfront.net\/2025\/06\/03203428\/logo_concursos-1.jpg","width":230,"height":60,"caption":"Estrat\u00e9gia Concursos"},"image":{"@id":"https:\/\/www.estrategiaconcursos.com.br\/blog\/#\/schema\/logo\/image\/"},"sameAs":["https:\/\/x.com\/EstratConcursos"]},{"@type":"Person","@id":"https:\/\/www.estrategiaconcursos.com.br\/blog\/#\/schema\/person\/bddec4cfff57a846dbc506e0bc7a5b36","name":"Ricardo Pereira de Oliveira","image":{"@type":"ImageObject","inLanguage":"pt-BR","@id":"https:\/\/secure.gravatar.com\/avatar\/a16d5759c3d4edc0896235928b70e4a79ec591848bb173a92801d67dcb8492b1?s=96&d=mm&r=g","url":"https:\/\/secure.gravatar.com\/avatar\/a16d5759c3d4edc0896235928b70e4a79ec591848bb173a92801d67dcb8492b1?s=96&d=mm&r=g","contentUrl":"https:\/\/secure.gravatar.com\/avatar\/a16d5759c3d4edc0896235928b70e4a79ec591848bb173a92801d67dcb8492b1?s=96&d=mm&r=g","caption":"Ricardo Pereira de Oliveira"},"description":"Formado em Administra\u00e7\u00e3o de Empresas pelo Mackenzie, p\u00f3s-graduado em Marketing pela ESPM. Concurseiro desde 2014. Auditor Fiscal da Receita Municipal de Campo Grande\/MS Ex-Fiscal de Rendas de Tabo\u00e3o da Serra\/SP","url":"https:\/\/www.estrategiaconcursos.com.br\/blog\/author\/ricperogmail-com\/"}]}},"_links":{"self":[{"href":"https:\/\/www.estrategiaconcursos.com.br\/blog\/wp-json\/wp\/v2\/posts\/947688","targetHints":{"allow":["GET"]}}],"collection":[{"href":"https:\/\/www.estrategiaconcursos.com.br\/blog\/wp-json\/wp\/v2\/posts"}],"about":[{"href":"https:\/\/www.estrategiaconcursos.com.br\/blog\/wp-json\/wp\/v2\/types\/post"}],"author":[{"embeddable":true,"href":"https:\/\/www.estrategiaconcursos.com.br\/blog\/wp-json\/wp\/v2\/users\/1979"}],"replies":[{"embeddable":true,"href":"https:\/\/www.estrategiaconcursos.com.br\/blog\/wp-json\/wp\/v2\/comments?post=947688"}],"version-history":[{"count":7,"href":"https:\/\/www.estrategiaconcursos.com.br\/blog\/wp-json\/wp\/v2\/posts\/947688\/revisions"}],"predecessor-version":[{"id":948265,"href":"https:\/\/www.estrategiaconcursos.com.br\/blog\/wp-json\/wp\/v2\/posts\/947688\/revisions\/948265"}],"wp:featuredmedia":[{"embeddable":true,"href":"https:\/\/www.estrategiaconcursos.com.br\/blog\/wp-json\/wp\/v2\/media\/947708"}],"wp:attachment":[{"href":"https:\/\/www.estrategiaconcursos.com.br\/blog\/wp-json\/wp\/v2\/media?parent=947688"}],"wp:term":[{"taxonomy":"category","embeddable":true,"href":"https:\/\/www.estrategiaconcursos.com.br\/blog\/wp-json\/wp\/v2\/categories?post=947688"},{"taxonomy":"post_tag","embeddable":true,"href":"https:\/\/www.estrategiaconcursos.com.br\/blog\/wp-json\/wp\/v2\/tags?post=947688"},{"taxonomy":"tax_estado","embeddable":true,"href":"https:\/\/www.estrategiaconcursos.com.br\/blog\/wp-json\/wp\/v2\/tax_estado?post=947688"}],"curies":[{"name":"wp","href":"https:\/\/api.w.org\/{rel}","templated":true}]}}