{"id":947615,"date":"2022-01-16T08:30:00","date_gmt":"2022-01-16T11:30:00","guid":{"rendered":"https:\/\/www.estrategiaconcursos.com.br\/blog\/?p=947615"},"modified":"2023-08-28T15:50:58","modified_gmt":"2023-08-28T18:50:58","slug":"gabarito-extraoficial-promotor-mp-go","status":"publish","type":"post","link":"https:\/\/www.estrategiaconcursos.com.br\/blog\/gabarito-extraoficial-promotor-mp-go\/","title":{"rendered":"Gabarito Extraoficial Promotor MP GO"},"content":{"rendered":"\n<p>Foi aplicada, neste domingo (16), a prova do <strong>concurso MP GO Promotor.<\/strong> E, para ajudar voc\u00ea a conferir seu desempenho nesta etapa, a equipe de professores do Estrat\u00e9gia Carreira Jur\u00eddica apresentar\u00e1, a partir das 19h, o <span style=\"text-decoration: underline;\">Gabarito Extraoficial Promotor MP GO.<\/span><\/p>\n\n\n\n<p><strong style=\"font-size: revert; color: initial;\">O edital oferta <\/strong><strong>39 vagas para o cargo de Promotor<\/strong>, com exig\u00eancia de n\u00edvel superior de escolaridade. Para ingressar na carreira \u00e9 necess\u00e1rio ser&nbsp;<strong>bacharel em Direito<\/strong>&nbsp;e contar, no tempo da inscri\u00e7\u00e3o definitiva, com&nbsp;<strong>tr\u00eas anos de atividade jur\u00eddica<\/strong>, exercida ap\u00f3s a cola\u00e7\u00e3o de grau no curso superior.  <\/p>\n\n\n\n<p>A prova preambular foi composta por<strong> 100 quest\u00f5es<\/strong> de m\u00faltipla escolha com cinco alternativas, divididas em\u00a0<strong>seis <\/strong> disciplinas, e com dura\u00e7\u00e3o de <strong>5 horas<\/strong>, sendo proibida a consulta a qualquer tipo de material de apoio ou apontamentos, inclusive legisla\u00e7\u00e3o sem coment\u00e1rios, s\u00famulas e jurisprud\u00eancia dos tribunais. <\/p>\n\n\n\n<h2 class=\"wp-block-heading\" id=\"h-gabarito-extraoficial-promotor-mp-go-programacao\">Gabarito Extraoficial Promotor MP GO: programa\u00e7\u00e3o<\/h2>\n\n\n\n<p>O evento contar\u00e1 com a presen\u00e7a dos seguintes professores: <\/p>\n\n\n\n<ul class=\"wp-block-list\">\n<li><em>Direito Penal &#8211; Fl\u00e1vio Milhomen<\/em><\/li>\n\n\n\n<li><em>Legisla\u00e7\u00e3o Penal Especial &#8211; Alex Fadel<\/em><\/li>\n\n\n\n<li><em>Direito Processual Penal &#8211; Guilherme Rezende<\/em><\/li>\n\n\n\n<li><em>Direito Constitucional &#8211; Nelma Fontana<\/em><\/li>\n\n\n\n<li><em>Direito Civil &#8211; Gustavo Arruda<\/em><\/li>\n\n\n\n<li><em>Direito Processual Civil &#8211; Rog\u00e9rio Cunha<\/em><\/li>\n\n\n\n<li><em>Difusos, Coletivos e Individuais Homog\u00eaneos &#8211; Henrique da Rosa<\/em><\/li>\n\n\n\n<li><em>Direito Administrativo &#8211; Bruno Betti<\/em><\/li>\n\n\n\n<li><em>Direito Eleitoral &#8211; Rafael Barretto<\/em><\/li>\n\n\n\n<li><em>Legisla\u00e7\u00e3o do MP &#8211; Henrique da Rosa<\/em><\/li>\n\n\n\n<li><em>Direito Empresarial &#8211; Alessandro Sanchez<\/em><\/li>\n\n\n\n<li><em>Direitos Humanos &#8211; Rafael Barretto<\/em><\/li>\n<\/ul>\n\n\n\n<h3 class=\"wp-block-heading\" id=\"h-gabarito-extraoficial-promotor-mp-go\">Gabarito Extraoficial Promotor MP GO<\/h3>\n\n\n\n<p>Abaixo, voc\u00ea confere o  Gabarito Extraoficial Promotor MP GO com as quest\u00f5es que ser\u00e3o corrigidas pelos nossos professores. Fique atento ao in\u00edcio da quest\u00e3o, j\u00e1 que existem v\u00e1rios tipos de provas:<\/p>\n\n\n\n<h3 class=\"wp-block-heading\">Prova Tipo 4 &#8211; Azul<\/h3>\n\n\n\n<figure class=\"wp-block-table is-style-stripes\"><table><tbody><tr><td class=\"has-text-align-center\" data-align=\"center\"><strong>Quest\u00f5es<\/strong><\/td><td class=\"has-text-align-center\" data-align=\"center\"><strong>Alternativas<\/strong><\/td><\/tr><tr><td class=\"has-text-align-center\" data-align=\"center\">1) Maria e Joanna, ativistas de direitos humanos&#8230;<\/td><td class=\"has-text-align-center\" data-align=\"center\">E &#8211; Maria e Joana est\u00e3o parcialmente&#8230;<\/td><\/tr><tr><td class=\"has-text-align-center\" data-align=\"center\">2) O promotor de justi\u00e7a da Comarca Alfa&#8230;<\/td><td class=\"has-text-align-center\" data-align=\"center\">C &#8211; apenas em 2.<\/td><\/tr><tr><td class=\"has-text-align-center\" data-align=\"center\">3) Johan nasceu em territ\u00f3rio brasileiro&#8230;<\/td><td class=\"has-text-align-center\" data-align=\"center\">B &#8211; al\u00e9m de ter&#8230;<\/td><\/tr><tr><td class=\"has-text-align-center\" data-align=\"center\">4) Sens\u00edvel \u00e0s longas filas que se formavam&#8230;<\/td><td class=\"has-text-align-center\" data-align=\"center\">A &#8211; materialmente inconstitucional&#8230;<\/td><\/tr><tr><td class=\"has-text-align-center\" data-align=\"center\">5) O governador do Estado-membro Alta editou&#8230;<\/td><td class=\"has-text-align-center\" data-align=\"center\">D &#8211; por ostentar&#8230;.<\/td><\/tr><tr><td class=\"has-text-align-center\" data-align=\"center\">6) D\u00e9bora foi aprovada em concurso p\u00fablico de provas e t\u00edtulos&#8230;<\/td><td class=\"has-text-align-center\" data-align=\"center\">C &#8211; n\u00e3o far\u00e1 jus&#8230;<\/td><\/tr><tr><td class=\"has-text-align-center\" data-align=\"center\">7) O Estado federado Alfa, em medida muito comemorada&#8230;<\/td><td class=\"has-text-align-center\" data-align=\"center\">A &#8211; \u00e9 inconstitucional, sendo corretas&#8230;<\/td><\/tr><tr><td class=\"has-text-align-center\" data-align=\"center\">8) A Rep\u00fablica Federativa do Brasil celebrou tratado&#8230;<\/td><td class=\"has-text-align-center\" data-align=\"center\">C &#8211; apenas como emenda &#8230; supralegal.<\/td><\/tr><tr><td class=\"has-text-align-center\" data-align=\"center\">9) O governador do Estado-membro Alfa apresentou o projeto&#8230;<\/td><td class=\"has-text-align-center\" data-align=\"center\">B &#8211; apenas em 2 e 3.<\/td><\/tr><tr><td class=\"has-text-align-center\" data-align=\"center\">10) Maria requereu o recebimento de pens\u00e3o t\u00e3o logo ocorreu&#8230;<\/td><td class=\"has-text-align-center\" data-align=\"center\">B &#8211; n\u00e3o&#8230; mas foi correta a execu\u00e7\u00e3o&#8230;<\/td><\/tr><tr><td class=\"has-text-align-center\" data-align=\"center\">11) A lei federal n\u00ba XX foi impugnada em sede de a\u00e7\u00e3o direta&#8230;<\/td><td class=\"has-text-align-center\" data-align=\"center\">D &#8211; a Medida Provis\u00f3ria&#8230;<\/td><\/tr><tr><td class=\"has-text-align-center\" data-align=\"center\">12) Com o objetivo de reequilibras as contas p\u00fablicas&#8230;<\/td><td class=\"has-text-align-center\" data-align=\"center\">A &#8211; apenas os comandos 1 e 2&#8230;<\/td><\/tr><tr><td class=\"has-text-align-center\" data-align=\"center\">13) Pedro, professor em\u00e9rito de direito constitucional&#8230;<\/td><td class=\"has-text-align-center\" data-align=\"center\">C &#8211; o positivismo enquanto teoria&#8230;<\/td><\/tr><tr><td class=\"has-text-align-center\" data-align=\"center\">14) O Tribunal de Contas do Estado-membro Alfa recebeu&#8230;<\/td><td class=\"has-text-align-center\" data-align=\"center\">D &#8211; 1 e 2 est\u00e3o corretas&#8230;<\/td><\/tr><tr><td class=\"has-text-align-center\" data-align=\"center\">15) Jo\u00e3o foi condenado \u00e0 pena de deten\u00e7\u00e3o, a ser inicialmente&#8230;<\/td><td class=\"has-text-align-center\" data-align=\"center\">B &#8211; incorreta&#8230; vagas.<\/td><\/tr><tr><td class=\"has-text-align-center\" data-align=\"center\">16) O Superior Tribunal de Justi\u00e7a entende que o princ\u00edpio&#8230;<\/td><td class=\"has-text-align-center\" data-align=\"center\">D &#8211; for um&#8230; ainda que ofendidos&#8230;<\/td><\/tr><tr><td class=\"has-text-align-center\" data-align=\"center\">17) Em rela\u00e7\u00e3o ao procedimento fixado na Lei n\u00ba 8.038\/1990&#8230;<\/td><td class=\"has-text-align-center\" data-align=\"center\">A &#8211; ap\u00f3s o oferecimento&#8230;<\/td><\/tr><tr><td class=\"has-text-align-center\" data-align=\"center\">18) A medida assecurat\u00f3ria de indisponibilidade de bens prevista&#8230;<\/td><td class=\"has-text-align-center\" data-align=\"center\">E &#8211; bens, direitos&#8230; para repara\u00e7\u00e3o&#8230;<\/td><\/tr><tr><td class=\"has-text-align-center\" data-align=\"center\">19) Segundo a orienta\u00e7\u00e3o do Supremo Tribunal Federal&#8230;<\/td><td class=\"has-text-align-center\" data-align=\"center\">D &#8211; podem ser ratificadas.<\/td><\/tr><tr><td class=\"has-text-align-center\" data-align=\"center\">20) Quanto \u00e0 interpreta\u00e7\u00e3o conferida ao delito previsto no art&#8230;<\/td><td class=\"has-text-align-center\" data-align=\"center\">C &#8211; a configura\u00e7\u00e3o do delito&#8230;<\/td><\/tr><tr><td class=\"has-text-align-center\" data-align=\"center\">21) Em rela\u00e7\u00e3o ao delito de inc\u00eandio qualificado&#8230;<\/td><td class=\"has-text-align-center\" data-align=\"center\">D &#8211; \u00e9 poss\u00edvel&#8230; punibilidade.<\/td><\/tr><tr><td class=\"has-text-align-center\" data-align=\"center\">22) Considerando a quest\u00e3o concreta delineada no texto 1&#8230;<\/td><td class=\"has-text-align-center\" data-align=\"center\">A &#8211; apela\u00e7\u00e3o, para atacar a rejei\u00e7\u00e3o e a absolvi\u00e7\u00e3o&#8230;<\/td><\/tr><tr><td class=\"has-text-align-center\" data-align=\"center\">23) Considerando o caso concreto no texto 1, caso o Minist\u00e9rio&#8230;<\/td><td class=\"has-text-align-center\" data-align=\"center\">E &#8211; a\u00e7\u00e3o cautelar&#8230;<\/td><\/tr><tr><td class=\"has-text-align-center\" data-align=\"center\">24) No que concerne \u00e0 fixa\u00e7\u00e3o da pena-base, \u00e9 certo que&#8230;<\/td><td class=\"has-text-align-center\" data-align=\"center\">B &#8211; antecedentes.<\/td><\/tr><tr><td class=\"has-text-align-center\" data-align=\"center\">25) No que diz respeito aos procedimentos que envolvam&#8230;<\/td><td class=\"has-text-align-center\" data-align=\"center\"><\/td><\/tr><tr><td class=\"has-text-align-center\" data-align=\"center\">26) Quanto ao delito de apropria\u00e7\u00e3o ind\u00e9bita&#8230;<\/td><td class=\"has-text-align-center\" data-align=\"center\">A &#8211; o fato de que&#8230;<\/td><\/tr><tr><td class=\"has-text-align-center\" data-align=\"center\">27) Segundo a jurisprud\u00eancia do Supremo Tribunal Federal&#8230;<\/td><td class=\"has-text-align-center\" data-align=\"center\">B &#8211; pr\u00f3prios e admitem participa\u00e7\u00e3o&#8230;<\/td><\/tr><tr><td class=\"has-text-align-center\" data-align=\"center\">28) Para configura\u00e7\u00e3o da majorante da transnacionalidade&#8230;<\/td><td class=\"has-text-align-center\" data-align=\"center\">A &#8211; pretendia disseminar a droga&#8230;<\/td><\/tr><tr><td class=\"has-text-align-center\" data-align=\"center\">29) Em rela\u00e7\u00e3o \u00e0s t\u00e9cnicas especiais de investiga\u00e7\u00e3o&#8230;<\/td><td class=\"has-text-align-center\" data-align=\"center\">D &#8211; decis\u00f5es proferidas&#8230;<\/td><\/tr><tr><td class=\"has-text-align-center\" data-align=\"center\">30) Segundo orienta\u00e7\u00e3o firmada pelo Supremo Tribunal Federal&#8230;<\/td><td class=\"has-text-align-center\" data-align=\"center\">E &#8211; quando a cis\u00e3o&#8230;<\/td><\/tr><tr><td class=\"has-text-align-center\" data-align=\"center\">31) A causa de diminui\u00e7\u00e3o do Art. 16 do C\u00f3digo Penal&#8230;<\/td><td class=\"has-text-align-center\" data-align=\"center\">B &#8211; a integral&#8230; v\u00edtima.<\/td><\/tr><tr><td class=\"has-text-align-center\" data-align=\"center\">32) No que concerne \u00e0 legitimidade ativa &#8211; tanto <em>ad causam<\/em>&#8230;<\/td><td class=\"has-text-align-center\" data-align=\"center\">A &#8211; possui ampla&#8230;<\/td><\/tr><tr><td class=\"has-text-align-center\" data-align=\"center\">33) Em virtude de desaven\u00e7a familiar no interior de&#8230;<\/td><td class=\"has-text-align-center\" data-align=\"center\">B &#8211; deferir&#8230; familiares.<\/td><\/tr><tr><td class=\"has-text-align-center\" data-align=\"center\">34) Em rela\u00e7\u00e3o \u00e0 contagem de tempo pra remi\u00e7\u00e3o da pena&#8230;<\/td><td class=\"has-text-align-center\" data-align=\"center\">A &#8211; o direito \u00e0 remi\u00e7\u00e3o n\u00e3o prescinde&#8230;<\/td><\/tr><tr><td class=\"has-text-align-center\" data-align=\"center\">35) Em rela\u00e7\u00e3o \u00e0 dita legitimidade ativa para o acordo&#8230;<\/td><td class=\"has-text-align-center\" data-align=\"center\">D &#8211; o Minist\u00e9rio&#8230; sendo sua manifesta\u00e7\u00e3o&#8230;<\/td><\/tr><tr><td class=\"has-text-align-center\" data-align=\"center\">36) De acordo com o Art. 327, \u00a7 2\u00ba, do C\u00f3digo Penal&#8230;<\/td><td class=\"has-text-align-center\" data-align=\"center\">A &#8211; n\u00e3o deve&#8230; pena.<\/td><\/tr><tr><td class=\"has-text-align-center\" data-align=\"center\">37) Segundo orienta\u00e7\u00e3o do Supremo Tribunal de Justi\u00e7a, o &#8220;poder..<\/td><td class=\"has-text-align-center\" data-align=\"center\">A &#8211; pode ser&#8230; pessoa.<\/td><\/tr><tr><td class=\"has-text-align-center\" data-align=\"center\">38) Segundo entendimento do Supremo Tribunal de Justi\u00e7a, tendo&#8230;<\/td><td class=\"has-text-align-center\" data-align=\"center\"><\/td><\/tr><tr><td class=\"has-text-align-center\" data-align=\"center\">39) Sobre a possibilidade de imposi\u00e7\u00e3o de astreintes&#8230;<\/td><td class=\"has-text-align-center\" data-align=\"center\">E &#8211; n\u00e3o viola&#8230;<\/td><\/tr><tr><td class=\"has-text-align-center\" data-align=\"center\">40) Sobre a pris\u00e3o preventiva, \u00e9 correto afirmar que&#8230;<\/td><td class=\"has-text-align-center\" data-align=\"center\">D &#8211; a inobserv\u00e2ncia&#8230;<\/td><\/tr><tr><td class=\"has-text-align-center\" data-align=\"center\">41) Segundo orienta\u00e7\u00e3o do Supremo&#8230; a constri\u00e7\u00e3o&#8230;<\/td><td class=\"has-text-align-center\" data-align=\"center\">D &#8211; r\u00e9us&#8230;<\/td><\/tr><tr><td class=\"has-text-align-center\" data-align=\"center\">42) O Art. 122 da Lei de Execu\u00e7\u00e3o Penal exige, para a concess\u00e3o&#8230;<\/td><td class=\"has-text-align-center\" data-align=\"center\">A &#8211; lapso temporal e bom&#8230;<\/td><\/tr><tr><td class=\"has-text-align-center\" data-align=\"center\">43) Ao exercer as atribui\u00e7\u00f5es de promotor de justi\u00e7a durante&#8230;<\/td><td class=\"has-text-align-center\" data-align=\"center\">A &#8211; \u00e9 incab\u00edvel&#8230;<\/td><\/tr><tr><td class=\"has-text-align-center\" data-align=\"center\">44) Em rela\u00e7\u00e3o \u00e0 redu\u00e7\u00e3o da pena de corr\u00e9u, por for\u00e7a de dela\u00e7\u00e3o&#8230;<\/td><td class=\"has-text-align-center\" data-align=\"center\">C &#8211; os benef\u00edcios s\u00f3 alcan\u00e7am&#8230;<\/td><\/tr><tr><td class=\"has-text-align-center\" data-align=\"center\">45) Ao requisitar dados pessoas armazenados por provedor de&#8230;<\/td><td class=\"has-text-align-center\" data-align=\"center\">D &#8211; ind\u00edcios do il\u00edcito&#8230;<\/td><\/tr><tr><td class=\"has-text-align-center\" data-align=\"center\">46) Em rela\u00e7\u00e3o ao <em>iter criminis<\/em>, nos termos das teorias objetiva&#8230;<\/td><td class=\"has-text-align-center\" data-align=\"center\">A &#8211; o in\u00edcio&#8230;<\/td><\/tr><tr><td class=\"has-text-align-center\" data-align=\"center\">47) O registrador titular do Of\u00edcio de Registro de Im\u00f3veis&#8230;<\/td><td class=\"has-text-align-center\" data-align=\"center\">D &#8211; o tipo exige&#8230;<\/td><\/tr><tr><td class=\"has-text-align-center\" data-align=\"center\">48) Russel teve instaurada contra si medida cautelar de aliena\u00e7\u00e3o&#8230;<\/td><td class=\"has-text-align-center\" data-align=\"center\"><\/td><\/tr><tr><td class=\"has-text-align-center\" data-align=\"center\">49) \u00c0 luz da moderna orienta\u00e7\u00e3o do Supremo Tribunal de Justi\u00e7a&#8230;<\/td><td class=\"has-text-align-center\" data-align=\"center\">D &#8211; deve influir&#8230;<\/td><\/tr><tr><td class=\"has-text-align-center\" data-align=\"center\">50) A jurisprud\u00eancia do Supremo Tribunal Federal \u00e9 no sentido&#8230;<\/td><td class=\"has-text-align-center\" data-align=\"center\">C &#8211; o excesso de trabalho&#8230;<\/td><\/tr><tr><td class=\"has-text-align-center\" data-align=\"center\">51) Provocado por diversas representa\u00e7\u00f5es, o Minist\u00e9rio P\u00fablico&#8230;<\/td><td class=\"has-text-align-center\" data-align=\"center\">E &#8211; implementadas todas as medidas&#8230;<\/td><\/tr><tr><td class=\"has-text-align-center\" data-align=\"center\">52) A respeito da a\u00e7\u00e3o popular, \u00e0 luz da legisla\u00e7\u00e3o&#8230;<\/td><td class=\"has-text-align-center\" data-align=\"center\">B &#8211; cabe agravo de instrumento&#8230;<\/td><\/tr><tr><td class=\"has-text-align-center\" data-align=\"center\">53) Ap\u00f3s investiga\u00e7\u00f5es em sede extrajudicial, o Minist\u00e9rio P\u00fablico&#8230;<\/td><td class=\"has-text-align-center\" data-align=\"center\">D &#8211; demonstrados de plano&#8230; multa civil.<\/td><\/tr><tr><td class=\"has-text-align-center\" data-align=\"center\">54) A Promotoria de Justi\u00e7a respons\u00e1vel apurou que a Prefeitura&#8230;<\/td><td class=\"has-text-align-center\" data-align=\"center\">D &#8211; poderia ser financiado com recursos inclu\u00eddos&#8230;<\/td><\/tr><tr><td class=\"has-text-align-center\" data-align=\"center\">55) A Promotoria de Justi\u00e7a de Goi\u00e2nia (GO) com atribui\u00e7\u00e3o&#8230;<\/td><td class=\"has-text-align-center\" data-align=\"center\">A &#8211; caso seja julgada&#8230;<\/td><\/tr><tr><td class=\"has-text-align-center\" data-align=\"center\">56) O Minist\u00e9rio P\u00fablico do Estado de Goi\u00e1s ajuizou a\u00e7\u00e3o civil&#8230;<\/td><td class=\"has-text-align-center\" data-align=\"center\">C &#8211; n\u00e3o poder\u00e1 impor a Jo\u00e3o&#8230;<\/td><\/tr><tr><td class=\"has-text-align-center\" data-align=\"center\">57) A Lei de Responsabilidade Fiscal estabelece limites para a&#8230;<\/td><td class=\"has-text-align-center\" data-align=\"center\">E &#8211; na verifica\u00e7\u00e3o do atendimento&#8230;<\/td><\/tr><tr><td class=\"has-text-align-center\" data-align=\"center\">58) Sob a influ\u00eancia de um esfor\u00e7o internacional de converg\u00eancia&#8230;<\/td><td class=\"has-text-align-center\" data-align=\"center\">B &#8211; a Lei Anticorrup\u00e7\u00e3o&#8230;<\/td><\/tr><tr><td class=\"has-text-align-center\" data-align=\"center\">59) Na regi\u00e3o da bacia do rio Araguaia, uma tentativa de assalto&#8230;<\/td><td class=\"has-text-align-center\" data-align=\"center\">D &#8211; a sociedade&#8230; indenizar.<\/td><\/tr><tr><td class=\"has-text-align-center\" data-align=\"center\">60) A Cota de Reserva Ambiental (CRA) foi introduzido pela Lei&#8230;<\/td><td class=\"has-text-align-center\" data-align=\"center\">B &#8211; a compensa\u00e7\u00e3o&#8230;<\/td><\/tr><tr><td class=\"has-text-align-center\" data-align=\"center\">61) A Associa\u00e7\u00e3o dos Usu\u00e1rios de Transportes Coletivos&#8230;<\/td><td class=\"has-text-align-center\" data-align=\"center\">A &#8211; a execu\u00e7\u00e3o&#8230; mas n\u00e3o a liquida\u00e7\u00e3o&#8230;<\/td><\/tr><tr><td class=\"has-text-align-center\" data-align=\"center\">62) Sobre a rela\u00e7\u00e3o entre a a\u00e7\u00e3o coletiva e a a\u00e7\u00e3o individual&#8230;<\/td><td class=\"has-text-align-center\" data-align=\"center\">D &#8211; com o escopo de privilegiar&#8230;<\/td><\/tr><tr><td class=\"has-text-align-center\" data-align=\"center\">63) Ao ensejo de apontar o problema de oferta insuficiente de&#8230;<\/td><td class=\"has-text-align-center\" data-align=\"center\">D &#8211; acertou a afirmar&#8230; abandono.<\/td><\/tr><tr><td class=\"has-text-align-center\" data-align=\"center\">64) A 7\u00aa Promotoria da Comarca de Luzi\u00e2nia (GO) recebeu not\u00edcia&#8230;<\/td><td class=\"has-text-align-center\" data-align=\"center\">E &#8211; tenha not\u00edcia&#8230;<\/td><\/tr><tr><td class=\"has-text-align-center\" data-align=\"center\">65) A educa\u00e7\u00e3o b\u00e1sica obrigat\u00f3ria \u00e9 direito indispon\u00edvel&#8230;<\/td><td class=\"has-text-align-center\" data-align=\"center\">C &#8211; o ensino.. educa\u00e7\u00e3o.<\/td><\/tr><tr><td class=\"has-text-align-center\" data-align=\"center\">66) Sobre a legitima\u00e7\u00e3o ad causam nas a\u00e7\u00f5es coletivas&#8230;<\/td><td class=\"has-text-align-center\" data-align=\"center\">A &#8211; a exig\u00eancia..<\/td><\/tr><tr><td class=\"has-text-align-center\" data-align=\"center\">67) A Declara\u00e7\u00e3o de Direitos de Liberdade Econ\u00f4mica, institu\u00edda&#8230;<\/td><td class=\"has-text-align-center\" data-align=\"center\">D &#8211; \u00e9 aplic\u00e1vel&#8230;<\/td><\/tr><tr><td class=\"has-text-align-center\" data-align=\"center\">68) Sobre a evolu\u00e7\u00e3o hist\u00f3ria do processo coletivo e o modelo&#8230;<\/td><td class=\"has-text-align-center\" data-align=\"center\">E &#8211; no que tange \u00e0&#8230;<\/td><\/tr><tr><td class=\"has-text-align-center\" data-align=\"center\">69) Em raz\u00e3o de intensas chuvas ocorridas em Cavalcante&#8230;<\/td><td class=\"has-text-align-center\" data-align=\"center\">E &#8211; pode ser&#8230; emerg\u00eancia.<\/td><\/tr><tr><td class=\"has-text-align-center\" data-align=\"center\">70) Para instruir a peti\u00e7\u00e3o inicial de uma a\u00e7\u00e3o judicial de&#8230;<\/td><td class=\"has-text-align-center\" data-align=\"center\">B &#8211; o defensor&#8230;<\/td><\/tr><tr><td class=\"has-text-align-center\" data-align=\"center\">71) A empresa nacional Gama Ltda. firmou contrato de&#8230;<\/td><td class=\"has-text-align-center\" data-align=\"center\">C &#8211; a decis\u00e3o estrangeira&#8230;<\/td><\/tr><tr><td class=\"has-text-align-center\" data-align=\"center\">72) Manoel ajuizou a\u00e7\u00e3o indenizat\u00f3ria em face de Joaquim&#8230;<\/td><td class=\"has-text-align-center\" data-align=\"center\">D &#8211; se acolhido&#8230;<\/td><\/tr><tr><td class=\"has-text-align-center\" data-align=\"center\">73) Aceb\u00edades veio a falecer em 2015, aos 70 anos de idade&#8230;<\/td><td class=\"has-text-align-center\" data-align=\"center\">D &#8211; Pedro est\u00e1 exclu\u00eddo&#8230;<\/td><\/tr><tr><td class=\"has-text-align-center\" data-align=\"center\">74) Jo\u00e3o doou a seus netos im\u00f3vel residencial, com reserva de&#8230;<\/td><td class=\"has-text-align-center\" data-align=\"center\">E &#8211; o usufruto&#8230;<\/td><\/tr><tr><td class=\"has-text-align-center\" data-align=\"center\">75) Am\u00e1lia se casou com Bruno, em 2016 sob o regime de&#8230;<\/td><td class=\"has-text-align-center\" data-align=\"center\">E &#8211; o valor aplicado por Am\u00e1lia&#8230;<\/td><\/tr><tr><td class=\"has-text-align-center\" data-align=\"center\">76) Andr\u00e9 identificou excelente oportunidade de neg\u00f3cio ao ver&#8230;<\/td><td class=\"has-text-align-center\" data-align=\"center\">D &#8211; se o terceiro&#8230;<\/td><\/tr><tr><td class=\"has-text-align-center\" data-align=\"center\">77) Em rela\u00e7\u00e3o aos mecanismos de uniformiza\u00e7\u00e3o de&#8230;<\/td><td class=\"has-text-align-center\" data-align=\"center\">D &#8211; a revis\u00e3o da tese&#8230;<\/td><\/tr><tr><td class=\"has-text-align-center\" data-align=\"center\">78) Humberto desapareceu do seu domic\u00edlio na cidade&#8230;<\/td><td class=\"has-text-align-center\" data-align=\"center\">D &#8211; o sucessor&#8230;<\/td><\/tr><tr><td class=\"has-text-align-center\" data-align=\"center\">79) O Estatuto da Pessoa com Defici\u00eancia, como ficou conhecida&#8230;<\/td><td class=\"has-text-align-center\" data-align=\"center\">E &#8211; apesar de desej\u00e1vel&#8230;<\/td><\/tr><tr><td class=\"has-text-align-center\" data-align=\"center\">80) Em a\u00e7\u00e3o judicial com dois pedidos distintos&#8230;<\/td><td class=\"has-text-align-center\" data-align=\"center\">E &#8211; pode ser objeto&#8230;<\/td><\/tr><tr><td class=\"has-text-align-center\" data-align=\"center\">81) Caio e T\u00edcio eram s\u00f3cios de uma sociedade empres\u00e1ria&#8230;<\/td><td class=\"has-text-align-center\" data-align=\"center\">D &#8211; a propositura&#8230;<\/td><\/tr><tr><td class=\"has-text-align-center\" data-align=\"center\">82) A t\u00e9cnica de julgamento estendido, estabelecida&#8230;<\/td><td class=\"has-text-align-center\" data-align=\"center\">C &#8211; ao agravo&#8230;<\/td><\/tr><tr><td class=\"has-text-align-center\" data-align=\"center\">83) A moradia constitui direito fundamental como corol\u00e1rio&#8230;<\/td><td class=\"has-text-align-center\" data-align=\"center\">C &#8211; a pretens\u00e3o&#8230;<\/td><\/tr><tr><td class=\"has-text-align-center\" data-align=\"center\">84) Maria e Joana, s\u00f3cias de uma empresa de eventos&#8230;<\/td><td class=\"has-text-align-center\" data-align=\"center\">C &#8211; n\u00e3o havendo previs\u00e3o&#8230;<\/td><\/tr><tr><td class=\"has-text-align-center\" data-align=\"center\">85) A Robuster Ltda. foi contratada pelo condom\u00ednio do edif\u00edcio&#8230;<\/td><td class=\"has-text-align-center\" data-align=\"center\">A &#8211; atualiza\u00e7\u00e3o&#8230; presta\u00e7\u00e3o.<\/td><\/tr><tr><td class=\"has-text-align-center\" data-align=\"center\">86) O Estado editou legisla\u00e7\u00e3o que (i) define&#8230;<\/td><td class=\"has-text-align-center\" data-align=\"center\">D &#8211; constitucional&#8230; Tribunal de Contas.<\/td><\/tr><tr><td class=\"has-text-align-center\" data-align=\"center\">87) No ano de 2015, ent\u00e3o secret\u00e1rio de Sa\u00fade do Estado Beta&#8230;<\/td><td class=\"has-text-align-center\" data-align=\"center\">B &#8211; inconstitucional&#8230;<\/td><\/tr><tr><td class=\"has-text-align-center\" data-align=\"center\">88) O Minist\u00e9rio P\u00fablico recebeu representa\u00e7\u00e3o dando conta&#8230;<\/td><td class=\"has-text-align-center\" data-align=\"center\">C &#8211; ajuizar a\u00e7\u00e3o civil p\u00fablica&#8230;<\/td><\/tr><tr><td class=\"has-text-align-center\" data-align=\"center\">89) A Constitui\u00e7\u00e3o da Rep\u00fablica de 1988 trouxe nova configura\u00e7\u00e3o&#8230;<\/td><td class=\"has-text-align-center\" data-align=\"center\">B &#8211; pelos princ\u00edpios&#8230;<\/td><\/tr><tr><td class=\"has-text-align-center\" data-align=\"center\">90) M\u00e1rio exerceu mandato eletivo de prefeito no Munic\u00edpio&#8230;<\/td><td class=\"has-text-align-center\" data-align=\"center\">A &#8211; acolher integralmente&#8230;<\/td><\/tr><tr><td class=\"has-text-align-center\" data-align=\"center\">91) Jos\u00e9 foi condenado pela pr\u00e1tica do crime de homic\u00eddio&#8230;<\/td><td class=\"has-text-align-center\" data-align=\"center\">A &#8211; proced\u00eancia do pedido indenizat\u00f3rio&#8230;<\/td><\/tr><tr><td class=\"has-text-align-center\" data-align=\"center\">92) Joana est\u00e1 prestando concurso p\u00fablico para o cargo&#8230;<\/td><td class=\"has-text-align-center\" data-align=\"center\">A &#8211; concess\u00e3o da ordem&#8230; ampa defesa.<\/td><\/tr><tr><td class=\"has-text-align-center\" data-align=\"center\">93) Em dezembro de 2021, o Minist\u00e9rio P\u00fablico do Estado \u00d4mega&#8230;<\/td><td class=\"has-text-align-center\" data-align=\"center\">C &#8211; o desenvolvimento&#8230; regulamento.<\/td><\/tr><tr><td class=\"has-text-align-center\" data-align=\"center\">94) Com base em legisla\u00e7\u00e3o estadual dos anos 1990, o Estado&#8230;<\/td><td class=\"has-text-align-center\" data-align=\"center\">A &#8211; ajuizar a\u00e7\u00e3o&#8230; licita\u00e7\u00e3o.<\/td><\/tr><tr><td class=\"has-text-align-center\" data-align=\"center\">95) O direito de ser votado pressup\u00f5e que o cidad\u00e3o&#8230;<\/td><td class=\"has-text-align-center\" data-align=\"center\">B &#8211; o candidato escolhido&#8230;<\/td><\/tr><tr><td class=\"has-text-align-center\" data-align=\"center\">96) O promotor de justi\u00e7a Jo\u00e3o, do Minist\u00e9rio P\u00fablico do Estado&#8230;<\/td><td class=\"has-text-align-center\" data-align=\"center\"><\/td><\/tr><tr><td class=\"has-text-align-center\" data-align=\"center\">97) Durante a pandemia do novo coronav\u00edrus, o Estado Alfa&#8230;<\/td><td class=\"has-text-align-center\" data-align=\"center\"><\/td><\/tr><tr><td class=\"has-text-align-center\" data-align=\"center\">98) O Minist\u00e9rio P\u00fablico do Estado de Goi\u00e1s, ap\u00f3s os devidos&#8230;<\/td><td class=\"has-text-align-center\" data-align=\"center\"><\/td><\/tr><tr><td class=\"has-text-align-center\" data-align=\"center\">99) Ao promotor de justi\u00e7a Andr\u00e9 lotado em Promotoria&#8230;<\/td><td class=\"has-text-align-center\" data-align=\"center\"><\/td><\/tr><tr><td class=\"has-text-align-center\" data-align=\"center\">100) O promotor de justi\u00e7a vital\u00edcio Jos\u00e9 foi condenado em a\u00e7\u00e3o&#8230;<\/td><td class=\"has-text-align-center\" data-align=\"center\"><\/td><\/tr><\/tbody><\/table><\/figure>\n\n\n\n<p class=\"has-text-align-center has-black-color has-luminous-vivid-amber-background-color has-text-color has-background has-medium-font-size\"><strong><a href=\"https:\/\/www.estrategiaconcursos.com.br\/blog\/concurso-mp-go-promotor\/\" target=\"_blank\" rel=\"noreferrer noopener\">Concurso MP GO Promotor<\/a><\/strong><\/p>\n\n\n\n<h2 class=\"wp-block-heading has-text-align-center\" id=\"h-quer-saber-tudo-sobre-concursos-previstos-confira-nossos-artigos\">Quer saber tudo sobre concursos previstos?<br \/>Confira  nossos artigos!<\/h2>\n\n\n\n<ul class=\"wp-block-list\">\n<li><a href=\"https:\/\/www.estrategiaconcursos.com.br\/blog\/concursos-abertos\/\" target=\"_blank\" rel=\"noreferrer noopener\">Concursos abertos<\/a><\/li>\n\n\n\n<li><a href=\"https:\/\/www.estrategiaconcursos.com.br\/blog\/concursos-2022\/\" target=\"_blank\" rel=\"noreferrer noopener\">Concursos 2022<\/a><\/li>\n<\/ul>\n\n\n\n<h2 class=\"wp-block-heading has-text-align-center\" id=\"cursos\">Cursos para o concurso MP GO Promotor<\/h2>\n\n\n\n<p class=\"has-text-align-center\"><em>Gostou dessa oportunidade e deseja se preparar para o concurso MP GO Promotor? O Estrat\u00e9gia Concurso pode lan\u00e7ar cursos espec\u00edficos em breve. Acompanhe as novidades:<\/em><\/p>\n\n\n\n<div id=\"boxes\" class=\"container\">\n<div class=\"row\">\n<div class=\"col-sm\">\n<div id=\"box-assinatura\" class=\"banner-ecj\">\n<h3 class=\"titulo-assinatura\">Curso MP GO Promotor<\/h3>\n<p class=\"subtitulo-assinatura\">Conhe\u00e7a o curso<\/p>\n<div class=\"box-botao\"><a class=\"btn-assinatura\" role=\"button\" href=\"https:\/\/www.estrategiaconcursos.com.br\/cursosPorConcurso\/mp-go-ministerio-publico-de-goias-promotor-justica\/\" target=\"_blank\" rel=\"noopener noreferrer\">Conhe\u00e7a mais<\/a><\/div>\n<\/div>\n<p class=\"texto-auxiliar\"><\/p>\n<\/div>\n<\/div>\n<\/div>\n\n\n\n<div id=\"boxes\" class=\"container\">\n<div class=\"row\">\n<div class=\"col-sm\">\n<div id=\"box-assinatura\" class=\"banner-ecj\">\n<h3 class=\"titulo-assinatura\">Assinatura Jur\u00eddica<\/h3>\n<p class=\"subtitulo-assinatura\">Conhe\u00e7a os planos<\/p>\n<div class=\"box-botao\"><a class=\"btn-assinatura\" role=\"button\" href=\"https:\/\/www.estrategiaconcursos.com.br\/assinaturas-ecj\/\" target=\"_blank\" rel=\"noopener noreferrer\">Conhe\u00e7a mais<\/a><\/div>\n<\/div>\n<p class=\"texto-auxiliar\"><\/p>\n<\/div>\n<\/div>\n<\/div>\n","protected":false},"excerpt":{"rendered":"<p>Foi aplicada, neste domingo (16), a prova do concurso MP GO Promotor. E, para ajudar voc\u00ea a conferir seu desempenho nesta etapa, a equipe de professores do Estrat\u00e9gia Carreira Jur\u00eddica apresentar\u00e1, a partir das 19h, o Gabarito Extraoficial Promotor MP GO. O edital oferta 39 vagas para o cargo de Promotor, com exig\u00eancia de n\u00edvel [&hellip;]<\/p>\n","protected":false},"author":1,"featured_media":947630,"comment_status":"open","ping_status":"closed","sticky":false,"template":"","format":"standard","meta":{"post_tipo":"news","footnotes":""},"categories":[220197,220219],"tags":[],"tax_estado":[219972],"class_list":["post-947615","post","type-post","status-publish","format-standard","has-post-thumbnail","hentry","category-promotor-de-justica","category-noticias","tax_estado-go"],"acf":[],"yoast_head":"<!-- This site is optimized with the Yoast SEO Premium plugin v27.2 (Yoast SEO v27.2) - https:\/\/yoast.com\/product\/yoast-seo-premium-wordpress\/ -->\n<title>Gabarito Extraoficial Promotor MP GO<\/title>\n<meta name=\"description\" content=\"Gabarito Extraoficial Promotor MP GO: confira a corre\u00e7\u00e3o do exame neste domingo, 16 de janeiro, a partir das 19:00.\" \/>\n<meta name=\"robots\" content=\"index, follow, max-snippet:-1, max-image-preview:large, max-video-preview:-1\" \/>\n<link rel=\"canonical\" href=\"https:\/\/www.estrategiaconcursos.com.br\/blog\/gabarito-extraoficial-promotor-mp-go\/\" \/>\n<meta property=\"og:locale\" content=\"pt_BR\" \/>\n<meta property=\"og:type\" content=\"article\" \/>\n<meta property=\"og:title\" content=\"Gabarito Extraoficial Promotor MP GO\" \/>\n<meta property=\"og:description\" content=\"Gabarito Extraoficial Promotor MP GO: confira a corre\u00e7\u00e3o do exame neste domingo, 16 de janeiro, a partir das 19:00.\" \/>\n<meta property=\"og:url\" content=\"https:\/\/www.estrategiaconcursos.com.br\/blog\/gabarito-extraoficial-promotor-mp-go\/\" \/>\n<meta property=\"og:site_name\" content=\"Estrat\u00e9gia Concursos\" \/>\n<meta property=\"article:author\" content=\"https:\/\/www.facebook.com\/EstrategiaConcursos\" \/>\n<meta property=\"article:published_time\" content=\"2022-01-16T11:30:00+00:00\" \/>\n<meta property=\"article:modified_time\" content=\"2023-08-28T18:50:58+00:00\" \/>\n<meta property=\"og:image\" content=\"https:\/\/dhg1h5j42swfq.cloudfront.net\/2022\/01\/14161659\/1280-720-max-18.jpg\" \/>\n\t<meta property=\"og:image:width\" content=\"1280\" \/>\n\t<meta property=\"og:image:height\" content=\"720\" \/>\n\t<meta property=\"og:image:type\" content=\"image\/jpeg\" \/>\n<meta name=\"author\" content=\"Coordena\u00e7\u00e3o\" \/>\n<meta name=\"twitter:card\" content=\"summary_large_image\" \/>\n<meta name=\"twitter:creator\" content=\"@EstratConcursos\" \/>\n<meta name=\"twitter:site\" content=\"@EstratConcursos\" \/>\n<meta name=\"twitter:label1\" content=\"Escrito por\" \/>\n\t<meta name=\"twitter:data1\" content=\"Coordena\u00e7\u00e3o\" \/>\n\t<meta name=\"twitter:label2\" content=\"Est. tempo de leitura\" \/>\n\t<meta name=\"twitter:data2\" content=\"10 minutos\" \/>\n<script type=\"application\/ld+json\" class=\"yoast-schema-graph\">{\"@context\":\"https:\/\/schema.org\",\"@graph\":[{\"@type\":\"NewsArticle\",\"@id\":\"https:\/\/www.estrategiaconcursos.com.br\/blog\/gabarito-extraoficial-promotor-mp-go\/#article\",\"isPartOf\":{\"@id\":\"https:\/\/www.estrategiaconcursos.com.br\/blog\/gabarito-extraoficial-promotor-mp-go\/\"},\"author\":{\"name\":\"Coordena\u00e7\u00e3o\",\"@id\":\"https:\/\/www.estrategiaconcursos.com.br\/blog\/#\/schema\/person\/b4a388c97673c5f483d72185668afa1f\"},\"headline\":\"Gabarito Extraoficial Promotor MP GO\",\"datePublished\":\"2022-01-16T11:30:00+00:00\",\"dateModified\":\"2023-08-28T18:50:58+00:00\",\"mainEntityOfPage\":{\"@id\":\"https:\/\/www.estrategiaconcursos.com.br\/blog\/gabarito-extraoficial-promotor-mp-go\/\"},\"wordCount\":1899,\"commentCount\":0,\"publisher\":{\"@id\":\"https:\/\/www.estrategiaconcursos.com.br\/blog\/#organization\"},\"image\":{\"@id\":\"https:\/\/www.estrategiaconcursos.com.br\/blog\/gabarito-extraoficial-promotor-mp-go\/#primaryimage\"},\"thumbnailUrl\":\"https:\/\/dhg1h5j42swfq.cloudfront.net\/2022\/01\/14161659\/1280-720-max-18.jpg\",\"articleSection\":[\"Jur\u00eddico - Promotor de Justi\u00e7a\",\"\u00daltimas not\u00edcias\"],\"inLanguage\":\"pt-BR\",\"potentialAction\":[{\"@type\":\"CommentAction\",\"name\":\"Comment\",\"target\":[\"https:\/\/www.estrategiaconcursos.com.br\/blog\/gabarito-extraoficial-promotor-mp-go\/#respond\"]}],\"copyrightYear\":\"2022\",\"copyrightHolder\":{\"@id\":\"https:\/\/www.estrategiaconcursos.com.br\/blog\/#organization\"}},{\"@type\":\"WebPage\",\"@id\":\"https:\/\/www.estrategiaconcursos.com.br\/blog\/gabarito-extraoficial-promotor-mp-go\/\",\"url\":\"https:\/\/www.estrategiaconcursos.com.br\/blog\/gabarito-extraoficial-promotor-mp-go\/\",\"name\":\"Gabarito Extraoficial Promotor MP GO\",\"isPartOf\":{\"@id\":\"https:\/\/www.estrategiaconcursos.com.br\/blog\/#website\"},\"primaryImageOfPage\":{\"@id\":\"https:\/\/www.estrategiaconcursos.com.br\/blog\/gabarito-extraoficial-promotor-mp-go\/#primaryimage\"},\"image\":{\"@id\":\"https:\/\/www.estrategiaconcursos.com.br\/blog\/gabarito-extraoficial-promotor-mp-go\/#primaryimage\"},\"thumbnailUrl\":\"https:\/\/dhg1h5j42swfq.cloudfront.net\/2022\/01\/14161659\/1280-720-max-18.jpg\",\"datePublished\":\"2022-01-16T11:30:00+00:00\",\"dateModified\":\"2023-08-28T18:50:58+00:00\",\"description\":\"Gabarito Extraoficial Promotor MP GO: confira a corre\u00e7\u00e3o do exame neste domingo, 16 de janeiro, a partir das 19:00.\",\"breadcrumb\":{\"@id\":\"https:\/\/www.estrategiaconcursos.com.br\/blog\/gabarito-extraoficial-promotor-mp-go\/#breadcrumb\"},\"inLanguage\":\"pt-BR\",\"potentialAction\":[{\"@type\":\"ReadAction\",\"target\":[\"https:\/\/www.estrategiaconcursos.com.br\/blog\/gabarito-extraoficial-promotor-mp-go\/\"]}]},{\"@type\":\"ImageObject\",\"inLanguage\":\"pt-BR\",\"@id\":\"https:\/\/www.estrategiaconcursos.com.br\/blog\/gabarito-extraoficial-promotor-mp-go\/#primaryimage\",\"url\":\"https:\/\/dhg1h5j42swfq.cloudfront.net\/2022\/01\/14161659\/1280-720-max-18.jpg\",\"contentUrl\":\"https:\/\/dhg1h5j42swfq.cloudfront.net\/2022\/01\/14161659\/1280-720-max-18.jpg\",\"width\":1280,\"height\":720},{\"@type\":\"BreadcrumbList\",\"@id\":\"https:\/\/www.estrategiaconcursos.com.br\/blog\/gabarito-extraoficial-promotor-mp-go\/#breadcrumb\",\"itemListElement\":[{\"@type\":\"ListItem\",\"position\":1,\"name\":\"In\u00edcio\",\"item\":\"https:\/\/www.estrategiaconcursos.com.br\/blog\/\"},{\"@type\":\"ListItem\",\"position\":2,\"name\":\"Gabarito Extraoficial Promotor MP GO\"}]},{\"@type\":\"WebSite\",\"@id\":\"https:\/\/www.estrategiaconcursos.com.br\/blog\/#website\",\"url\":\"https:\/\/www.estrategiaconcursos.com.br\/blog\/\",\"name\":\"Estrat\u00e9gia Concursos\",\"description\":\"O blog da Estrat\u00e9gia Concursos traz not\u00edcias sobre concursos e artigos de professores oferecendo cursos para concursos (pdf + videaulas) no site.\",\"publisher\":{\"@id\":\"https:\/\/www.estrategiaconcursos.com.br\/blog\/#organization\"},\"potentialAction\":[{\"@type\":\"SearchAction\",\"target\":{\"@type\":\"EntryPoint\",\"urlTemplate\":\"https:\/\/www.estrategiaconcursos.com.br\/blog\/?s={search_term_string}\"},\"query-input\":{\"@type\":\"PropertyValueSpecification\",\"valueRequired\":true,\"valueName\":\"search_term_string\"}}],\"inLanguage\":\"pt-BR\"},{\"@type\":\"Organization\",\"@id\":\"https:\/\/www.estrategiaconcursos.com.br\/blog\/#organization\",\"name\":\"Estrat\u00e9gia Concursos\",\"url\":\"https:\/\/www.estrategiaconcursos.com.br\/blog\/\",\"logo\":{\"@type\":\"ImageObject\",\"inLanguage\":\"pt-BR\",\"@id\":\"https:\/\/www.estrategiaconcursos.com.br\/blog\/#\/schema\/logo\/image\/\",\"url\":\"https:\/\/dhg1h5j42swfq.cloudfront.net\/2025\/06\/03203428\/logo_concursos-1.jpg\",\"contentUrl\":\"https:\/\/dhg1h5j42swfq.cloudfront.net\/2025\/06\/03203428\/logo_concursos-1.jpg\",\"width\":230,\"height\":60,\"caption\":\"Estrat\u00e9gia Concursos\"},\"image\":{\"@id\":\"https:\/\/www.estrategiaconcursos.com.br\/blog\/#\/schema\/logo\/image\/\"},\"sameAs\":[\"https:\/\/x.com\/EstratConcursos\"]},{\"@type\":\"Person\",\"@id\":\"https:\/\/www.estrategiaconcursos.com.br\/blog\/#\/schema\/person\/b4a388c97673c5f483d72185668afa1f\",\"name\":\"Coordena\u00e7\u00e3o\",\"image\":{\"@type\":\"ImageObject\",\"inLanguage\":\"pt-BR\",\"@id\":\"https:\/\/secure.gravatar.com\/avatar\/b720319e4c9a967eb58678d110f4fe35452fc5d5f97b202bac7b8acceb18c6ad?s=96&d=mm&r=g\",\"url\":\"https:\/\/secure.gravatar.com\/avatar\/b720319e4c9a967eb58678d110f4fe35452fc5d5f97b202bac7b8acceb18c6ad?s=96&d=mm&r=g\",\"contentUrl\":\"https:\/\/secure.gravatar.com\/avatar\/b720319e4c9a967eb58678d110f4fe35452fc5d5f97b202bac7b8acceb18c6ad?s=96&d=mm&r=g\",\"caption\":\"Coordena\u00e7\u00e3o\"},\"sameAs\":[\"https:\/\/www.facebook.com\/EstrategiaConcursos\",\"https:\/\/x.com\/EstratConcursos\"],\"url\":\"https:\/\/www.estrategiaconcursos.com.br\/blog\/author\/estrategia2013\/\"}]}<\/script>\n<!-- \/ Yoast SEO Premium plugin. -->","yoast_head_json":{"title":"Gabarito Extraoficial Promotor MP GO","description":"Gabarito Extraoficial Promotor MP GO: confira a corre\u00e7\u00e3o do exame neste domingo, 16 de janeiro, a partir das 19:00.","robots":{"index":"index","follow":"follow","max-snippet":"max-snippet:-1","max-image-preview":"max-image-preview:large","max-video-preview":"max-video-preview:-1"},"canonical":"https:\/\/www.estrategiaconcursos.com.br\/blog\/gabarito-extraoficial-promotor-mp-go\/","og_locale":"pt_BR","og_type":"article","og_title":"Gabarito Extraoficial Promotor MP GO","og_description":"Gabarito Extraoficial Promotor MP GO: confira a corre\u00e7\u00e3o do exame neste domingo, 16 de janeiro, a partir das 19:00.","og_url":"https:\/\/www.estrategiaconcursos.com.br\/blog\/gabarito-extraoficial-promotor-mp-go\/","og_site_name":"Estrat\u00e9gia Concursos","article_author":"https:\/\/www.facebook.com\/EstrategiaConcursos","article_published_time":"2022-01-16T11:30:00+00:00","article_modified_time":"2023-08-28T18:50:58+00:00","og_image":[{"width":1280,"height":720,"url":"https:\/\/dhg1h5j42swfq.cloudfront.net\/2022\/01\/14161659\/1280-720-max-18.jpg","type":"image\/jpeg"}],"author":"Coordena\u00e7\u00e3o","twitter_card":"summary_large_image","twitter_creator":"@EstratConcursos","twitter_site":"@EstratConcursos","twitter_misc":{"Escrito por":"Coordena\u00e7\u00e3o","Est. tempo de leitura":"10 minutos"},"schema":{"@context":"https:\/\/schema.org","@graph":[{"@type":"NewsArticle","@id":"https:\/\/www.estrategiaconcursos.com.br\/blog\/gabarito-extraoficial-promotor-mp-go\/#article","isPartOf":{"@id":"https:\/\/www.estrategiaconcursos.com.br\/blog\/gabarito-extraoficial-promotor-mp-go\/"},"author":{"name":"Coordena\u00e7\u00e3o","@id":"https:\/\/www.estrategiaconcursos.com.br\/blog\/#\/schema\/person\/b4a388c97673c5f483d72185668afa1f"},"headline":"Gabarito Extraoficial Promotor MP GO","datePublished":"2022-01-16T11:30:00+00:00","dateModified":"2023-08-28T18:50:58+00:00","mainEntityOfPage":{"@id":"https:\/\/www.estrategiaconcursos.com.br\/blog\/gabarito-extraoficial-promotor-mp-go\/"},"wordCount":1899,"commentCount":0,"publisher":{"@id":"https:\/\/www.estrategiaconcursos.com.br\/blog\/#organization"},"image":{"@id":"https:\/\/www.estrategiaconcursos.com.br\/blog\/gabarito-extraoficial-promotor-mp-go\/#primaryimage"},"thumbnailUrl":"https:\/\/dhg1h5j42swfq.cloudfront.net\/2022\/01\/14161659\/1280-720-max-18.jpg","articleSection":["Jur\u00eddico - Promotor de Justi\u00e7a","\u00daltimas not\u00edcias"],"inLanguage":"pt-BR","potentialAction":[{"@type":"CommentAction","name":"Comment","target":["https:\/\/www.estrategiaconcursos.com.br\/blog\/gabarito-extraoficial-promotor-mp-go\/#respond"]}],"copyrightYear":"2022","copyrightHolder":{"@id":"https:\/\/www.estrategiaconcursos.com.br\/blog\/#organization"}},{"@type":"WebPage","@id":"https:\/\/www.estrategiaconcursos.com.br\/blog\/gabarito-extraoficial-promotor-mp-go\/","url":"https:\/\/www.estrategiaconcursos.com.br\/blog\/gabarito-extraoficial-promotor-mp-go\/","name":"Gabarito Extraoficial Promotor MP GO","isPartOf":{"@id":"https:\/\/www.estrategiaconcursos.com.br\/blog\/#website"},"primaryImageOfPage":{"@id":"https:\/\/www.estrategiaconcursos.com.br\/blog\/gabarito-extraoficial-promotor-mp-go\/#primaryimage"},"image":{"@id":"https:\/\/www.estrategiaconcursos.com.br\/blog\/gabarito-extraoficial-promotor-mp-go\/#primaryimage"},"thumbnailUrl":"https:\/\/dhg1h5j42swfq.cloudfront.net\/2022\/01\/14161659\/1280-720-max-18.jpg","datePublished":"2022-01-16T11:30:00+00:00","dateModified":"2023-08-28T18:50:58+00:00","description":"Gabarito Extraoficial Promotor MP GO: confira a corre\u00e7\u00e3o do exame neste domingo, 16 de janeiro, a partir das 19:00.","breadcrumb":{"@id":"https:\/\/www.estrategiaconcursos.com.br\/blog\/gabarito-extraoficial-promotor-mp-go\/#breadcrumb"},"inLanguage":"pt-BR","potentialAction":[{"@type":"ReadAction","target":["https:\/\/www.estrategiaconcursos.com.br\/blog\/gabarito-extraoficial-promotor-mp-go\/"]}]},{"@type":"ImageObject","inLanguage":"pt-BR","@id":"https:\/\/www.estrategiaconcursos.com.br\/blog\/gabarito-extraoficial-promotor-mp-go\/#primaryimage","url":"https:\/\/dhg1h5j42swfq.cloudfront.net\/2022\/01\/14161659\/1280-720-max-18.jpg","contentUrl":"https:\/\/dhg1h5j42swfq.cloudfront.net\/2022\/01\/14161659\/1280-720-max-18.jpg","width":1280,"height":720},{"@type":"BreadcrumbList","@id":"https:\/\/www.estrategiaconcursos.com.br\/blog\/gabarito-extraoficial-promotor-mp-go\/#breadcrumb","itemListElement":[{"@type":"ListItem","position":1,"name":"In\u00edcio","item":"https:\/\/www.estrategiaconcursos.com.br\/blog\/"},{"@type":"ListItem","position":2,"name":"Gabarito Extraoficial Promotor MP GO"}]},{"@type":"WebSite","@id":"https:\/\/www.estrategiaconcursos.com.br\/blog\/#website","url":"https:\/\/www.estrategiaconcursos.com.br\/blog\/","name":"Estrat\u00e9gia Concursos","description":"O blog da Estrat\u00e9gia Concursos traz not\u00edcias sobre concursos e artigos de professores oferecendo cursos para concursos (pdf + videaulas) no site.","publisher":{"@id":"https:\/\/www.estrategiaconcursos.com.br\/blog\/#organization"},"potentialAction":[{"@type":"SearchAction","target":{"@type":"EntryPoint","urlTemplate":"https:\/\/www.estrategiaconcursos.com.br\/blog\/?s={search_term_string}"},"query-input":{"@type":"PropertyValueSpecification","valueRequired":true,"valueName":"search_term_string"}}],"inLanguage":"pt-BR"},{"@type":"Organization","@id":"https:\/\/www.estrategiaconcursos.com.br\/blog\/#organization","name":"Estrat\u00e9gia Concursos","url":"https:\/\/www.estrategiaconcursos.com.br\/blog\/","logo":{"@type":"ImageObject","inLanguage":"pt-BR","@id":"https:\/\/www.estrategiaconcursos.com.br\/blog\/#\/schema\/logo\/image\/","url":"https:\/\/dhg1h5j42swfq.cloudfront.net\/2025\/06\/03203428\/logo_concursos-1.jpg","contentUrl":"https:\/\/dhg1h5j42swfq.cloudfront.net\/2025\/06\/03203428\/logo_concursos-1.jpg","width":230,"height":60,"caption":"Estrat\u00e9gia Concursos"},"image":{"@id":"https:\/\/www.estrategiaconcursos.com.br\/blog\/#\/schema\/logo\/image\/"},"sameAs":["https:\/\/x.com\/EstratConcursos"]},{"@type":"Person","@id":"https:\/\/www.estrategiaconcursos.com.br\/blog\/#\/schema\/person\/b4a388c97673c5f483d72185668afa1f","name":"Coordena\u00e7\u00e3o","image":{"@type":"ImageObject","inLanguage":"pt-BR","@id":"https:\/\/secure.gravatar.com\/avatar\/b720319e4c9a967eb58678d110f4fe35452fc5d5f97b202bac7b8acceb18c6ad?s=96&d=mm&r=g","url":"https:\/\/secure.gravatar.com\/avatar\/b720319e4c9a967eb58678d110f4fe35452fc5d5f97b202bac7b8acceb18c6ad?s=96&d=mm&r=g","contentUrl":"https:\/\/secure.gravatar.com\/avatar\/b720319e4c9a967eb58678d110f4fe35452fc5d5f97b202bac7b8acceb18c6ad?s=96&d=mm&r=g","caption":"Coordena\u00e7\u00e3o"},"sameAs":["https:\/\/www.facebook.com\/EstrategiaConcursos","https:\/\/x.com\/EstratConcursos"],"url":"https:\/\/www.estrategiaconcursos.com.br\/blog\/author\/estrategia2013\/"}]}},"_links":{"self":[{"href":"https:\/\/www.estrategiaconcursos.com.br\/blog\/wp-json\/wp\/v2\/posts\/947615","targetHints":{"allow":["GET"]}}],"collection":[{"href":"https:\/\/www.estrategiaconcursos.com.br\/blog\/wp-json\/wp\/v2\/posts"}],"about":[{"href":"https:\/\/www.estrategiaconcursos.com.br\/blog\/wp-json\/wp\/v2\/types\/post"}],"author":[{"embeddable":true,"href":"https:\/\/www.estrategiaconcursos.com.br\/blog\/wp-json\/wp\/v2\/users\/1"}],"replies":[{"embeddable":true,"href":"https:\/\/www.estrategiaconcursos.com.br\/blog\/wp-json\/wp\/v2\/comments?post=947615"}],"version-history":[{"count":47,"href":"https:\/\/www.estrategiaconcursos.com.br\/blog\/wp-json\/wp\/v2\/posts\/947615\/revisions"}],"predecessor-version":[{"id":1270248,"href":"https:\/\/www.estrategiaconcursos.com.br\/blog\/wp-json\/wp\/v2\/posts\/947615\/revisions\/1270248"}],"wp:featuredmedia":[{"embeddable":true,"href":"https:\/\/www.estrategiaconcursos.com.br\/blog\/wp-json\/wp\/v2\/media\/947630"}],"wp:attachment":[{"href":"https:\/\/www.estrategiaconcursos.com.br\/blog\/wp-json\/wp\/v2\/media?parent=947615"}],"wp:term":[{"taxonomy":"category","embeddable":true,"href":"https:\/\/www.estrategiaconcursos.com.br\/blog\/wp-json\/wp\/v2\/categories?post=947615"},{"taxonomy":"post_tag","embeddable":true,"href":"https:\/\/www.estrategiaconcursos.com.br\/blog\/wp-json\/wp\/v2\/tags?post=947615"},{"taxonomy":"tax_estado","embeddable":true,"href":"https:\/\/www.estrategiaconcursos.com.br\/blog\/wp-json\/wp\/v2\/tax_estado?post=947615"}],"curies":[{"name":"wp","href":"https:\/\/api.w.org\/{rel}","templated":true}]}}