{"id":947046,"date":"2022-01-20T09:12:00","date_gmt":"2022-01-20T12:12:00","guid":{"rendered":"https:\/\/www.estrategiaconcursos.com.br\/blog\/?p=947046"},"modified":"2022-01-14T17:35:57","modified_gmt":"2022-01-14T20:35:57","slug":"incidencia-icms-para-sefaz-pa","status":"publish","type":"post","link":"https:\/\/www.estrategiaconcursos.com.br\/blog\/incidencia-icms-para-sefaz-pa\/","title":{"rendered":"Resumo sobre a incid\u00eancia do ICMS para SEFAZ-PA"},"content":{"rendered":"\n<p>Ol\u00e1, pessoal. Tudo certo? No artigo de hoje veremos o Resumo sobre a incid\u00eancia do ICMS para SEFAZ-PA, tema disciplinado principalmente no Regulamento do ICMS.<\/p>\n\n\n\n<p>Boa parte do conte\u00fado \u00e9 reprodu\u00e7\u00e3o da Lei Kandir, assim vamos focar naquilo que difere da Kandir ou julguemos que mere\u00e7a algum refor\u00e7o, combinado?<\/p>\n\n\n\n<p>Dividiremos da seguinte forma:<\/p>\n\n\n\n<ul class=\"wp-block-list\"><li>Incid\u00eancia<\/li><li>N\u00e3o Incid\u00eancia<\/li><\/ul>\n\n\n\n<div class=\"wp-block-image\"><figure class=\"aligncenter size-full\"><img loading=\"lazy\" decoding=\"async\" width=\"440\" height=\"112\" src=\"https:\/\/dhg1h5j42swfq.cloudfront.net\/2022\/01\/13190310\/image-285.png\" alt=\"Resumo sobre a incid\u00eancia do ICMS para SEFAZ-PA\" class=\"wp-image-947070\" srcset=\"https:\/\/dhg1h5j42swfq.cloudfront.net\/2022\/01\/13190310\/image-285.png 440w, https:\/\/dhg1h5j42swfq.cloudfront.net\/2022\/01\/13190310\/image-285-300x76.png 300w\" sizes=\"auto, (max-width: 440px) 100vw, 440px\" \/><figcaption>Resumo sobre a incid\u00eancia do ICMS para SEFAZ-PA<\/figcaption><\/figure><\/div>\n\n\n\n<p>Sem mais delongas, vamos l\u00e1.<\/p>\n\n\n\n<h2 class=\"wp-block-heading\">Incid\u00eancia<\/h2>\n\n\n\n<p>Dando in\u00edcio ao Resumo sobre a incid\u00eancia do ICMS para SEFAZ-PA, vamos conhecer as hip\u00f3teses de incid\u00eancia, entretanto j\u00e1 ressaltemos que a maior parte se trata apenas de reprodu\u00e7\u00e3o da Kandir.<\/p>\n\n\n\n<p><span class=\"has-inline-color has-vivid-cyan-blue-color\"><strong>Incid\u00eancia<\/strong> <\/span>(Art. 1):<\/p>\n\n\n\n<ul class=\"wp-block-list\"><li>IV &#8211; a presta\u00e7\u00e3o de<span class=\"has-inline-color has-vivid-green-cyan-color\"> <strong>servi\u00e7o efetuada ou iniciada no exterior<\/strong><\/span>;<\/li><li>V &#8211; a <strong><span class=\"has-inline-color has-vivid-green-cyan-color\">entrada<\/span><\/strong>, em <strong>territ\u00f3rio paraense, de <span class=\"has-inline-color has-vivid-green-cyan-color\">petr\u00f3leo<\/span><\/strong>, inclusive lubrificantes e combust\u00edveis l\u00edquidos e gasosos dele derivados, e de <strong><span class=\"has-inline-color has-vivid-green-cyan-color\">energia el\u00e9trica<\/span><\/strong>, quando <strong>n\u00e3o destinados \u00e0 comercializa\u00e7\u00e3o ou \u00e0 industrializa\u00e7\u00e3o<\/strong>, decorrentes de opera\u00e7\u00f5es interestaduais, cabendo o imposto ao Estado do Par\u00e1;<\/li><li>VIII &#8211; a <strong><span class=\"has-inline-color has-vivid-green-cyan-color\">venda do bem ao arrendat\u00e1rio<\/span><\/strong>, na <strong>opera\u00e7\u00e3o de arrendamento mercantil<\/strong><\/li><\/ul>\n\n\n\n<p>Lembre-se sempre que o fato gerador independe da natureza jur\u00eddica da opera\u00e7\u00e3o, validade jur\u00eddica, efeitos dos fatos, cumprimento de exig\u00eancias legais e etc (Art. 1\u00ba, \u00a71\u00ba)<\/p>\n\n\n\n<p>Ainda, vamos conhecer algumas importantes defini\u00e7\u00f5es trazidas pelo RICMS.<\/p>\n\n\n\n<p><strong>Considera-se mercadoria <\/strong>(\u00a72\u00ba, I):<\/p>\n\n\n\n<ul class=\"wp-block-list\"><li><strong><span class=\"has-inline-color has-vivid-purple-color\">qualquer bem m\u00f3vel<\/span><\/strong>, <strong>novo ou usado<\/strong>, inclusive semoventes;<\/li><li>a <strong><span class=\"has-inline-color has-vivid-purple-color\">energia el\u00e9trica<\/span><\/strong>;<\/li><\/ul>\n\n\n\n<p><strong>Equipara-se \u00e0 mercadoria<\/strong> (\u00a72\u00ba, II):<\/p>\n\n\n\n<ul class=\"wp-block-list\"><li>o <strong><span class=\"has-inline-color has-vivid-purple-color\">bem importado<\/span><\/strong>, <strong>destinado \u00e0 pessoa f\u00edsica ou, se pessoa jur\u00eddica<\/strong>, destinado a uso ou consumo ou ao ativo permanente do estabelecimento destinat\u00e1rio;<\/li><li>o <strong><span class=\"has-inline-color has-vivid-purple-color\">bem <\/span>importado<\/strong> que tenha sido <strong><span class=\"has-inline-color has-vivid-purple-color\">apreendido ou abandonado<\/span><\/strong>.<\/li><\/ul>\n\n\n\n<p>Agora, <strong><span class=\"has-inline-color has-vivid-red-color\">aten\u00e7\u00e3o m\u00e1xima <\/span><\/strong>para essa literalidade!<\/p>\n\n\n\n<p>Art. 1, \u00a74\u00ba O <strong>imposto \u00e9 seletivo<\/strong> em fun\u00e7\u00e3o da essencialidade das mercadorias e dos servi\u00e7os. -&gt; Na CF fala que o ICMS poder\u00e1 ser seletivo<\/p>\n\n\n\n<p>Assim, podemos esquematizar:<\/p>\n\n\n\n<p><strong><span class=\"has-inline-color has-cyan-bluish-gray-color\">Seletividade do ICMS<\/span><\/strong><\/p>\n\n\n\n<ul class=\"wp-block-list\"><li><span class=\"has-inline-color has-vivid-purple-color\"><strong>RICMS<\/strong> <\/span>-&gt; \u00c9 seletivo<\/li><li><span class=\"has-inline-color has-vivid-purple-color\"><strong>CF<\/strong> <\/span>-&gt; Pode ser seletivo<\/li><\/ul>\n\n\n\n<h2 class=\"wp-block-heading\">N\u00e3o Incid\u00eancia<\/h2>\n\n\n\n<p>Continuemos no Resumo sobre a incid\u00eancia do ICMS para SEFAZ-PA, agora com a <strong><span class=\"has-inline-color has-vivid-cyan-blue-color\">n\u00e3o incid\u00eancia<\/span><\/strong> do ICMS.<\/p>\n\n\n\n<p>Para fins did\u00e1ticos, vamos categorizar as n\u00e3o incid\u00eancias (Art. 5\u00ba) e focar naquilo que \u00e9 novidade.<\/p>\n\n\n\n<h3 class=\"wp-block-heading\">Papel<\/h3>\n\n\n\n<p><em>I &#8211; opera\u00e7\u00f5es com <strong><span class=\"has-inline-color has-vivid-green-cyan-color\">livros, jornais, peri\u00f3dicos<\/span><\/strong> e o <span class=\"has-inline-color has-vivid-green-cyan-color\"><strong>papel<\/strong> <\/span>destinado \u00e0 sua impress\u00e3o, <strong>inclusive o servi\u00e7o de transporte dos mesmos;<\/strong><\/em><\/p>\n\n\n\n<p>Trata-se de uma n\u00e3o incid\u00eancia conhecida, entretendo vejamos algumas disposi\u00e7\u00f5es.<\/p>\n\n\n\n<p><strong><span class=\"has-inline-color has-vivid-green-cyan-color\">Considera-se livro<\/span><\/strong> (Art. 5, \u00a71\u00ba):&nbsp; volume ou tomo de publica\u00e7\u00e3o de <strong>conte\u00fado liter\u00e1rio, did\u00e1tico, cient\u00edfico, t\u00e9cnico ou de entretenimento<\/strong>, <strong>exclu\u00eddos<\/strong>:<\/p>\n\n\n\n<ul class=\"wp-block-list\"><li>I &#8211; os <strong><span class=\"has-inline-color has-vivid-purple-color\">livros<\/span><\/strong><span class=\"has-inline-color has-vivid-purple-color\"><strong> em branco<\/strong> <\/span>ou simplesmente pautados, bem como os riscados para <strong>escritura\u00e7\u00e3o de qualquer natureza<\/strong>;<\/li><li>I &#8211; os livros pautados de <strong><span class=\"has-inline-color has-vivid-purple-color\">uso comercial<\/span><\/strong>;<\/li><li>III &#8211; <strong>as <\/strong><span class=\"has-inline-color has-vivid-purple-color\"><strong>agendas<\/strong> <\/span>e todos os livros deste tipo;<\/li><li>IV &#8211; os <strong><span class=\"has-inline-color has-vivid-purple-color\">cat\u00e1logos<\/span><\/strong>, listas e outros impressos que contenham <strong>propaganda comercial<\/strong>.<\/li><\/ul>\n\n\n\n<p>Ainda, saiba que<span class=\"has-inline-color has-luminous-vivid-orange-color\"> <strong>n\u00e3o se aplica<\/strong><\/span> a papel encontrado com <strong>pessoa diversa<\/strong> de empresa jornal\u00edstica, editora ou gr\u00e1fica impressora de livro, jornal ou peri\u00f3dico (Art. 5, \u00a72\u00ba) e que a n\u00e3o incid\u00eancia <span class=\"has-inline-color has-luminous-vivid-orange-color\"><strong>depende<\/strong> <\/span>pr\u00e9vio <strong>reconhecimento da SEFAZ<\/strong> (Art. 5, \u00a77\u00ba)<\/p>\n\n\n\n<h3 class=\"wp-block-heading\">Exporta\u00e7\u00e3o<\/h3>\n\n\n\n<p><em>II &#8211; opera\u00e7\u00f5es e presta\u00e7\u00f5es que destinem ao <strong><span class=\"has-inline-color has-vivid-green-cyan-color\">exterior<\/span><\/strong> mercadorias, inclusive produtos prim\u00e1rios e produtos industrializados semielaborados, ou servi\u00e7os;<\/em><\/p>\n\n\n\n<p>Atente-se as<span class=\"has-inline-color has-vivid-green-cyan-color\"> <strong>equipara\u00e7\u00f5es a exporta\u00e7\u00e3o<\/strong><\/span> (Art. 5, 3\u00ba), sa\u00edda destinada a:<\/p>\n\n\n\n<ul class=\"wp-block-list\"><li>I &#8211; <strong>empresa comercial exportadora<\/strong>, inclusive tradings companies, ou outro estabelecimento da mesma empresa;<\/li><li>II &#8211; <strong>armaz\u00e9m alfandegado<\/strong> ou entreposto aduaneiro.<\/li><\/ul>\n\n\n\n<p>Entretanto, <span class=\"has-inline-color has-vivid-purple-color\"><strong>n\u00e3o inclui<\/strong> <\/span>o servi\u00e7o de transporte (<strong>frete<\/strong>) relacionado (Art. 5, \u00a76\u00ba).<\/p>\n\n\n\n<p>Al\u00e9m disso, <strong>aplica-se \u00e0 sa\u00edda de produto industrializado de origem<\/strong> <strong>nacional<\/strong> para <strong>uso ou consumo em embarca\u00e7\u00e3o<\/strong> <strong>ou aeronave de bandeira estrangeira aportada no Pa\u00eds <\/strong>(Art. 5, \u00a74\u00ba), qualquer que seja a finalidade do produto a bordo (Art. 5, \u00a75\u00ba).<\/p>\n\n\n\n<h3 class=\"wp-block-heading\">Trespasse<\/h3>\n\n\n\n<p><em>VI &#8211; <strong>opera\u00e7\u00f5es <\/strong><span class=\"has-inline-color has-vivid-red-color\"><strong>internas<\/strong> <\/span>de qualquer natureza decorrentes da <span class=\"has-inline-color has-vivid-green-cyan-color\"><strong>transfer\u00eancia<\/strong> <\/span>ou transmiss\u00e3o de propriedade de <span class=\"has-inline-color has-vivid-green-cyan-color\"><strong>estabelecimento<\/strong> <\/span>industrial, comercial ou de outra esp\u00e9cie:&nbsp;<\/em><\/p>\n\n\n\n<p><em>a) a herdeiro ou legat\u00e1rio, em raz\u00e3o de sucess\u00e3o &#8220;<strong><span class=\"has-inline-color has-vivid-purple-color\">causa mortis<\/span><\/strong>&#8220;, nos legados ou processos de invent\u00e1rio ou arrolamento;<\/em><\/p>\n\n\n\n<p><em>b) em caso de sucess\u00e3o &#8220;<strong><span class=\"has-inline-color has-vivid-purple-color\">inter vivos<\/span>&#8220;,<\/strong> tais como venda de estabelecimento ou fundo de com\u00e9rcio, transforma\u00e7\u00e3o, incorpora\u00e7\u00e3o, fus\u00e3o ou cis\u00e3o;<\/em><\/p>\n\n\n\n<p>Veja que transfer\u00eancias <strong>internas<\/strong> causa mortis ou inter vivos n\u00e3o incidem ICMS.<\/p>\n\n\n\n<h3 class=\"wp-block-heading\">Aliena\u00e7\u00e3o fiduci\u00e1ria<\/h3>\n\n\n\n<p><em>VII &#8211; opera\u00e7\u00e3o decorrente de <strong><span class=\"has-inline-color has-vivid-green-cyan-color\">aliena\u00e7\u00e3o fiduci\u00e1ria em garantia<\/span><\/strong>, inclusive na:<\/em><\/p>\n\n\n\n<ul class=\"wp-block-list\"><li>transmiss\u00e3o do dom\u00ednio, feita pelo <strong>devedor fiduciante em favor do credor fiduci\u00e1rio<\/strong>;<\/li><li>transfer\u00eancia da posse, em favor do credor fiduci\u00e1rio, em virtude de <strong>inadimplemento do devedor fiduciante<\/strong>;<\/li><li>transmiss\u00e3o do dom\u00ednio, <strong>do credor em favor do devedor<\/strong>, em virtude da extin\u00e7\u00e3o da garantia pelo pagamento;<\/li><\/ul>\n\n\n\n<h3 class=\"wp-block-heading\">Transporte de carga pr\u00f3pria<\/h3>\n\n\n\n<p><em>XI &#8211; o<span class=\"has-inline-color has-vivid-green-cyan-color\"> <strong>transporte de carga pr\u00f3pria<\/strong><\/span>, <strong>desde<\/strong> que <strong>acompanhada de Nota Fiscal <\/strong>correspondente e que se comprove tratar-se de <strong>ve\u00edculo pr\u00f3prio ou locado<\/strong>, observado o disposto no \u00a7 3\u00ba do art. 576;&nbsp; <\/em><span class=\"has-inline-color has-vivid-purple-color\">-&gt; exceto se houver cobran\u00e7a, pelo remetente, de frete ou qualquer despesa acess\u00f3ria do adquirente da mercadoria, hip\u00f3tese em que o valor cobrado integrar\u00e1 a base de c\u00e1lculo da opera\u00e7\u00e3o (Art. 576, \u00a73\u00ba)<\/span><\/p>\n\n\n\n<h3 class=\"wp-block-heading\">Mudan\u00e7a de endere\u00e7o<\/h3>\n\n\n\n<p><em>XII &#8211; a <strong>circula\u00e7\u00e3o f\u00edsica<\/strong> de mercadoria em virtude de <strong><span class=\"has-inline-color has-vivid-green-cyan-color\">mudan\u00e7a de endere\u00e7o<\/span><\/strong> do estabelecimento, <strong>neste Estado<\/strong>;<\/em><\/p>\n\n\n\n<p>Veja que a mera mudan\u00e7a de endere\u00e7o interna (no Par\u00e1) n\u00e3o incide ICMS.<\/p>\n\n\n\n<h3 class=\"wp-block-heading\">ISS<\/h3>\n\n\n\n<p>Sabemos que n\u00e3o incide ICMS quando a opera\u00e7\u00e3o est\u00e1 no campo de incid\u00eancia do ISS, assim o RICMS elencou algumas possibilidades, que na realidade s\u00e3o reprodu\u00e7\u00f5es da LC 116.<\/p>\n\n\n\n<ul class=\"wp-block-list\"><li><em>V &#8211; <strong>opera\u00e7\u00f5es<\/strong> de remessa ou retorno de mercadorias ou bens utilizados pelo pr\u00f3prio autor da sa\u00edda, na presta\u00e7\u00e3o de servi\u00e7o de qualquer natureza, definido em lei complementar como sujeito ao imposto sobre servi\u00e7os, de <strong><span class=\"has-inline-color has-vivid-green-cyan-color\">compet\u00eancia dos Munic\u00edpios<\/span><\/strong>, ressalvadas as hip\u00f3teses previstas na referida lei;<\/em><\/li><\/ul>\n\n\n\n<ul class=\"wp-block-list\"><li><em>XIV &#8211; o fornecimento de <strong><span class=\"has-inline-color has-vivid-green-cyan-color\">refei\u00e7\u00f5es em hot\u00e9is, mot\u00e9is, pens\u00f5es<\/span><\/strong> e cong\u00eaneres, sempre que o respectivo valor estiver <strong><span class=\"has-inline-color has-black-color\">inclu\u00eddo no pre\u00e7o da di\u00e1ria<\/span> ou mensalidade<\/strong>;<\/em><\/li><\/ul>\n\n\n\n<ul class=\"wp-block-list\"><li><em>XV &#8211; o fornecimento de <strong><span class=\"has-inline-color has-vivid-green-cyan-color\">medicamentos e de alimenta\u00e7\u00e3o em hospitais<\/span><\/strong>, sanat\u00f3rios, casas de sa\u00fade, extensivo ao acompanhante, <strong>desde que inclu\u00eddo<\/strong> seu valor na respectiva conta de <strong>presta\u00e7\u00e3o de servi\u00e7o;<\/strong><\/em><\/li><\/ul>\n\n\n\n<ul class=\"wp-block-list\"><li><em>XVI &#8211; a sa\u00edda, do estabelecimento prestador de servi\u00e7o, de<span class=\"has-inline-color has-vivid-green-cyan-color\"> <strong>programa para computador<\/strong><\/span> elaborado s<strong>ob encomenda<\/strong>, de <strong>uso espec\u00edfico do encomendante<\/strong>;<\/em><\/li><\/ul>\n\n\n\n<ul class=\"wp-block-list\"><li><em>XVII &#8211; a sa\u00edda efetuada por prestador de<span class=\"has-inline-color has-vivid-green-cyan-color\"> <strong>servi\u00e7os gr\u00e1ficos<\/strong> <\/span>de mercadoria produzida em seu estabelecimento <strong>sob encomenda<\/strong> direta do consumidor final, assim entendidos os impressos que n<strong>\u00e3o se destinem \u00e0 participa\u00e7\u00e3o,<\/strong> de alguma forma, de <strong>etapas<\/strong> seguintes de <strong>comercializa\u00e7\u00e3o ou industrializa\u00e7\u00e3o<\/strong>;<\/em><\/li><\/ul>\n\n\n\n<ul class=\"wp-block-list\"><li><em>XXI &#8211; a <strong><span class=\"has-inline-color has-vivid-green-cyan-color\">sa\u00edda <\/span>de bens e materiais<\/strong>, efetuada por <strong>empresa <span class=\"has-inline-color has-vivid-green-cyan-color\">funer\u00e1ria<\/span><\/strong>, <strong>vinculada \u00e0 presta\u00e7\u00e3o de seus servi\u00e7os<\/strong>;<\/em><\/li><\/ul>\n\n\n\n<h3 class=\"wp-block-heading\">Ferramentas de manuten\u00e7\u00e3o<\/h3>\n\n\n\n<p><em>XVIII &#8211; a <strong>sa\u00edda<\/strong> de m\u00e1quinas, <strong>equipamentos<\/strong>, ve\u00edculos, ferramentas e <strong>objetos de uso de pessoa natural ou n\u00e3o-contribuinte<\/strong> do imposto, bem como suas partes e pe\u00e7as, para fins de lubrifica\u00e7\u00e3o, limpeza, revis\u00e3o, <strong><span class=\"has-inline-color has-vivid-green-cyan-color\">conserto<\/span><\/strong>, restaura\u00e7\u00e3o ou recondicionamento;<\/em><\/p>\n\n\n\n<p><em>XIX &#8211; a sa\u00edda, em <strong><span class=\"has-inline-color has-vivid-green-cyan-color\">retorno<\/span><\/strong> <strong>ao remetente<\/strong>, dos bens mencionados no inciso anterior, <strong>excetuado<\/strong> o fornecimento de pe\u00e7as, <strong>partes e outras mercadorias aplicadas pelo prestador do servi\u00e7o<\/strong>, observado o disposto no inciso II do art. 1\u00ba;<\/em><\/p>\n\n\n\n<p>Assim, n\u00e3o incide sobre ferramentas utilizadas em manuten\u00e7\u00e3o externa, assim como seu retorno. Aten\u00e7\u00e3o, pois se houver fornecimento de pe\u00e7as, ir\u00e1 incidir ICMS.<\/p>\n\n\n\n<h3 class=\"wp-block-heading\">Integraliza\u00e7\u00e3o e Desincorpora\u00e7\u00e3o<\/h3>\n\n\n\n<p>Para finalizar o Resumo sobre a incid\u00eancia do ICMS para SEFAZ-PA, vejamos n\u00e3o incid\u00eancia referente \u00e0 integraliza\u00e7\u00e3o e desincorpora\u00e7\u00e3o de ativo permanente.<\/p>\n\n\n\n<p><em>XIII &#8211; opera\u00e7\u00f5es de <strong><span class=\"has-inline-color has-vivid-green-cyan-color\">incorpora\u00e7\u00e3o <\/span>de ve\u00edculos, m\u00e1quinas<\/strong>, equipamentos, instala\u00e7\u00f5es, <strong>m\u00f3veis<\/strong> e utens\u00edlios ao ativo permanente de pessoas jur\u00eddicas, destinadas \u00e0 <strong>realiza\u00e7\u00e3o de capital social subscrito<\/strong>;<\/em><\/p>\n\n\n\n<p><em>XXII &#8211; a <strong>sa\u00edda<\/strong> interna e interestadual de <strong>bem <\/strong><span class=\"has-inline-color has-vivid-green-cyan-color\"><strong>desincorporado<\/strong> <\/span>do ativo permanente, <strong><span class=\"has-inline-color has-vivid-red-color\">ap\u00f3s <\/span>12 meses<\/strong> da data da <strong>incorpora\u00e7\u00e3o<\/strong>.<\/em><\/p>\n\n\n\n<p>Ou seja, antes de 12 meses incide ICMS, aten\u00e7\u00e3o!<\/p>\n\n\n\n<h2 class=\"wp-block-heading\">Considera\u00e7\u00f5es Finais<\/h2>\n\n\n\n<p>Pessoal, chegamos ao final do Resumo sobre as Resumo sobre a incid\u00eancia do ICMS para SEFAZ-PA. Espero que tenham gostado.<\/p>\n\n\n\n<p>Como o conte\u00fado apresenta regras espec\u00edficas e \u00e0s vezes at\u00e9 divergentes na Lei Kandir, n\u00e3o deixe de treinar as disposi\u00e7\u00f5es por meio de quest\u00f5es in\u00e9ditas em nosso sistema de quest\u00e3o.<\/p>\n\n\n\n<p><a href=\"https:\/\/concursos.estrategiaeducacional.com.br\/\">Sistema de Quest\u00f5es (SQ) \u2013 Estrat\u00e9gia Concursos<\/a><\/p>\n\n\n\n<p>Gostou do artigo? Siga-nos<\/p>\n\n\n\n<p class=\"has-text-align-center\"><a href=\"https:\/\/www.instagram.com\/resumospassarin\/\">https:\/\/www.instagram.com\/resumospassarin\/<\/a><\/p>\n\n\n\n<h2 class=\"has-text-align-center wp-block-heading\" id=\"h-cursos-e-assinaturas\">Cursos e Assinaturas<\/h2>\n\n\n\n<div class=\"container\" id=\"boxes\">\n  <div class=\"row\">\n\n    <div class=\"col-sm\">\n      <div class=\"estrategia\" id=\"box-assinatura\">\n        <h3 class=\"titulo-assinatura\">Assinatura Concursos<\/h3>\n        <p class=\"subtitulo-assinatura\">Assinatura de 1 ano ou 2 anos<\/p>\n        <div class=\"box-botao\">\n          <a class=\"btn-assinatura\" target=\"_blank\" href=\"https:\/\/www.estrategiaconcursos.com.br\/assinaturas\/\" role=\"button\" rel=\"noopener noreferrer\">ASSINE AGORA<\/a>\n        <\/div>\n      <\/div><\/div><\/div><\/div>\n\n\n\n<p>At\u00e9 mais e bons estudos!<\/p>\n","protected":false},"excerpt":{"rendered":"<p>Ol\u00e1, pessoal. Tudo certo? No artigo de hoje veremos o Resumo sobre a incid\u00eancia do ICMS para SEFAZ-PA, tema disciplinado principalmente no Regulamento do ICMS. Boa parte do conte\u00fado \u00e9 reprodu\u00e7\u00e3o da Lei Kandir, assim vamos focar naquilo que difere da Kandir ou julguemos que mere\u00e7a algum refor\u00e7o, combinado? Dividiremos da seguinte forma: Incid\u00eancia N\u00e3o [&hellip;]<\/p>\n","protected":false},"author":1763,"featured_media":529497,"comment_status":"open","ping_status":"closed","sticky":false,"template":"","format":"standard","meta":{"post_tipo":"article","footnotes":""},"categories":[1],"tags":[],"tax_estado":[219977],"class_list":["post-947046","post","type-post","status-publish","format-standard","has-post-thumbnail","hentry","category-cursos-e-concursos","tax_estado-pa"],"acf":[],"yoast_head":"<!-- This site is optimized with the Yoast SEO Premium plugin v27.2 (Yoast SEO v27.2) - https:\/\/yoast.com\/product\/yoast-seo-premium-wordpress\/ -->\n<title>Resumo sobre a incid\u00eancia do ICMS para SEFAZ-PA<\/title>\n<meta name=\"description\" content=\"Veja neste artigo o Resumo sobre a incid\u00eancia do ICMS para SEFAZ-PA, tema disciplinado principalmente no Regulamento do ICMS.\" \/>\n<meta name=\"robots\" content=\"index, follow, max-snippet:-1, max-image-preview:large, max-video-preview:-1\" \/>\n<link rel=\"canonical\" href=\"https:\/\/www.estrategiaconcursos.com.br\/blog\/incidencia-icms-para-sefaz-pa\/\" \/>\n<meta property=\"og:locale\" content=\"pt_BR\" \/>\n<meta property=\"og:type\" content=\"article\" \/>\n<meta property=\"og:title\" content=\"Resumo sobre a incid\u00eancia do ICMS para SEFAZ-PA\" \/>\n<meta property=\"og:description\" content=\"Veja neste artigo o Resumo sobre a incid\u00eancia do ICMS para SEFAZ-PA, tema disciplinado principalmente no Regulamento do ICMS.\" \/>\n<meta property=\"og:url\" content=\"https:\/\/www.estrategiaconcursos.com.br\/blog\/incidencia-icms-para-sefaz-pa\/\" \/>\n<meta property=\"og:site_name\" content=\"Estrat\u00e9gia Concursos\" \/>\n<meta property=\"article:published_time\" content=\"2022-01-20T12:12:00+00:00\" \/>\n<meta property=\"og:image\" content=\"https:\/\/dhg1h5j42swfq.cloudfront.net\/2020\/06\/20105647\/sefaz-pa.jpg\" \/>\n\t<meta property=\"og:image:width\" content=\"1200\" \/>\n\t<meta property=\"og:image:height\" content=\"628\" \/>\n\t<meta property=\"og:image:type\" content=\"image\/jpeg\" \/>\n<meta name=\"author\" content=\"Leonardo Menezes Passarin\" \/>\n<meta name=\"twitter:card\" content=\"summary_large_image\" \/>\n<meta name=\"twitter:creator\" content=\"@EstratConcursos\" \/>\n<meta name=\"twitter:site\" content=\"@EstratConcursos\" \/>\n<meta name=\"twitter:label1\" content=\"Escrito por\" \/>\n\t<meta name=\"twitter:data1\" content=\"Leonardo Menezes Passarin\" \/>\n\t<meta name=\"twitter:label2\" content=\"Est. tempo de leitura\" \/>\n\t<meta name=\"twitter:data2\" content=\"8 minutos\" \/>\n<script type=\"application\/ld+json\" class=\"yoast-schema-graph\">{\"@context\":\"https:\/\/schema.org\",\"@graph\":[{\"@type\":\"NewsArticle\",\"@id\":\"https:\/\/www.estrategiaconcursos.com.br\/blog\/incidencia-icms-para-sefaz-pa\/#article\",\"isPartOf\":{\"@id\":\"https:\/\/www.estrategiaconcursos.com.br\/blog\/incidencia-icms-para-sefaz-pa\/\"},\"author\":{\"name\":\"Leonardo Menezes Passarin\",\"@id\":\"https:\/\/www.estrategiaconcursos.com.br\/blog\/#\/schema\/person\/245b44e43eb13f0dbd04a7a078cd0d0d\"},\"headline\":\"Resumo sobre a incid\u00eancia do ICMS para SEFAZ-PA\",\"datePublished\":\"2022-01-20T12:12:00+00:00\",\"mainEntityOfPage\":{\"@id\":\"https:\/\/www.estrategiaconcursos.com.br\/blog\/incidencia-icms-para-sefaz-pa\/\"},\"wordCount\":1487,\"commentCount\":0,\"publisher\":{\"@id\":\"https:\/\/www.estrategiaconcursos.com.br\/blog\/#organization\"},\"image\":{\"@id\":\"https:\/\/www.estrategiaconcursos.com.br\/blog\/incidencia-icms-para-sefaz-pa\/#primaryimage\"},\"thumbnailUrl\":\"https:\/\/dhg1h5j42swfq.cloudfront.net\/2020\/06\/20105647\/sefaz-pa.jpg\",\"articleSection\":[\"Concursos P\u00fablicos\"],\"inLanguage\":\"pt-BR\",\"potentialAction\":[{\"@type\":\"CommentAction\",\"name\":\"Comment\",\"target\":[\"https:\/\/www.estrategiaconcursos.com.br\/blog\/incidencia-icms-para-sefaz-pa\/#respond\"]}],\"copyrightYear\":\"2022\",\"copyrightHolder\":{\"@id\":\"https:\/\/www.estrategiaconcursos.com.br\/blog\/#organization\"}},{\"@type\":\"WebPage\",\"@id\":\"https:\/\/www.estrategiaconcursos.com.br\/blog\/incidencia-icms-para-sefaz-pa\/\",\"url\":\"https:\/\/www.estrategiaconcursos.com.br\/blog\/incidencia-icms-para-sefaz-pa\/\",\"name\":\"Resumo sobre a incid\u00eancia do ICMS para SEFAZ-PA\",\"isPartOf\":{\"@id\":\"https:\/\/www.estrategiaconcursos.com.br\/blog\/#website\"},\"primaryImageOfPage\":{\"@id\":\"https:\/\/www.estrategiaconcursos.com.br\/blog\/incidencia-icms-para-sefaz-pa\/#primaryimage\"},\"image\":{\"@id\":\"https:\/\/www.estrategiaconcursos.com.br\/blog\/incidencia-icms-para-sefaz-pa\/#primaryimage\"},\"thumbnailUrl\":\"https:\/\/dhg1h5j42swfq.cloudfront.net\/2020\/06\/20105647\/sefaz-pa.jpg\",\"datePublished\":\"2022-01-20T12:12:00+00:00\",\"description\":\"Veja neste artigo o Resumo sobre a incid\u00eancia do ICMS para SEFAZ-PA, tema disciplinado principalmente no Regulamento do ICMS.\",\"breadcrumb\":{\"@id\":\"https:\/\/www.estrategiaconcursos.com.br\/blog\/incidencia-icms-para-sefaz-pa\/#breadcrumb\"},\"inLanguage\":\"pt-BR\",\"potentialAction\":[{\"@type\":\"ReadAction\",\"target\":[\"https:\/\/www.estrategiaconcursos.com.br\/blog\/incidencia-icms-para-sefaz-pa\/\"]}]},{\"@type\":\"ImageObject\",\"inLanguage\":\"pt-BR\",\"@id\":\"https:\/\/www.estrategiaconcursos.com.br\/blog\/incidencia-icms-para-sefaz-pa\/#primaryimage\",\"url\":\"https:\/\/dhg1h5j42swfq.cloudfront.net\/2020\/06\/20105647\/sefaz-pa.jpg\",\"contentUrl\":\"https:\/\/dhg1h5j42swfq.cloudfront.net\/2020\/06\/20105647\/sefaz-pa.jpg\",\"width\":1200,\"height\":628,\"caption\":\"Sefaz Par\u00e1 2021\"},{\"@type\":\"BreadcrumbList\",\"@id\":\"https:\/\/www.estrategiaconcursos.com.br\/blog\/incidencia-icms-para-sefaz-pa\/#breadcrumb\",\"itemListElement\":[{\"@type\":\"ListItem\",\"position\":1,\"name\":\"In\u00edcio\",\"item\":\"https:\/\/www.estrategiaconcursos.com.br\/blog\/\"},{\"@type\":\"ListItem\",\"position\":2,\"name\":\"Resumo sobre a incid\u00eancia do ICMS para SEFAZ-PA\"}]},{\"@type\":\"WebSite\",\"@id\":\"https:\/\/www.estrategiaconcursos.com.br\/blog\/#website\",\"url\":\"https:\/\/www.estrategiaconcursos.com.br\/blog\/\",\"name\":\"Estrat\u00e9gia Concursos\",\"description\":\"O blog da Estrat\u00e9gia Concursos traz not\u00edcias sobre concursos e artigos de professores oferecendo cursos para concursos (pdf + videaulas) no site.\",\"publisher\":{\"@id\":\"https:\/\/www.estrategiaconcursos.com.br\/blog\/#organization\"},\"potentialAction\":[{\"@type\":\"SearchAction\",\"target\":{\"@type\":\"EntryPoint\",\"urlTemplate\":\"https:\/\/www.estrategiaconcursos.com.br\/blog\/?s={search_term_string}\"},\"query-input\":{\"@type\":\"PropertyValueSpecification\",\"valueRequired\":true,\"valueName\":\"search_term_string\"}}],\"inLanguage\":\"pt-BR\"},{\"@type\":\"Organization\",\"@id\":\"https:\/\/www.estrategiaconcursos.com.br\/blog\/#organization\",\"name\":\"Estrat\u00e9gia Concursos\",\"url\":\"https:\/\/www.estrategiaconcursos.com.br\/blog\/\",\"logo\":{\"@type\":\"ImageObject\",\"inLanguage\":\"pt-BR\",\"@id\":\"https:\/\/www.estrategiaconcursos.com.br\/blog\/#\/schema\/logo\/image\/\",\"url\":\"https:\/\/dhg1h5j42swfq.cloudfront.net\/2025\/06\/03203428\/logo_concursos-1.jpg\",\"contentUrl\":\"https:\/\/dhg1h5j42swfq.cloudfront.net\/2025\/06\/03203428\/logo_concursos-1.jpg\",\"width\":230,\"height\":60,\"caption\":\"Estrat\u00e9gia Concursos\"},\"image\":{\"@id\":\"https:\/\/www.estrategiaconcursos.com.br\/blog\/#\/schema\/logo\/image\/\"},\"sameAs\":[\"https:\/\/x.com\/EstratConcursos\"]},{\"@type\":\"Person\",\"@id\":\"https:\/\/www.estrategiaconcursos.com.br\/blog\/#\/schema\/person\/245b44e43eb13f0dbd04a7a078cd0d0d\",\"name\":\"Leonardo Menezes Passarin\",\"image\":{\"@type\":\"ImageObject\",\"inLanguage\":\"pt-BR\",\"@id\":\"https:\/\/secure.gravatar.com\/avatar\/fc0e5714ceaa97f24e6e6a30eab74ba8a701c2b62f8cab100ffdb22c6d8f42c3?s=96&d=mm&r=g\",\"url\":\"https:\/\/secure.gravatar.com\/avatar\/fc0e5714ceaa97f24e6e6a30eab74ba8a701c2b62f8cab100ffdb22c6d8f42c3?s=96&d=mm&r=g\",\"contentUrl\":\"https:\/\/secure.gravatar.com\/avatar\/fc0e5714ceaa97f24e6e6a30eab74ba8a701c2b62f8cab100ffdb22c6d8f42c3?s=96&d=mm&r=g\",\"caption\":\"Leonardo Menezes Passarin\"},\"url\":\"https:\/\/www.estrategiaconcursos.com.br\/blog\/author\/passarin-leonardohotmail-com\/\"}]}<\/script>\n<!-- \/ Yoast SEO Premium plugin. -->","yoast_head_json":{"title":"Resumo sobre a incid\u00eancia do ICMS para SEFAZ-PA","description":"Veja neste artigo o Resumo sobre a incid\u00eancia do ICMS para SEFAZ-PA, tema disciplinado principalmente no Regulamento do ICMS.","robots":{"index":"index","follow":"follow","max-snippet":"max-snippet:-1","max-image-preview":"max-image-preview:large","max-video-preview":"max-video-preview:-1"},"canonical":"https:\/\/www.estrategiaconcursos.com.br\/blog\/incidencia-icms-para-sefaz-pa\/","og_locale":"pt_BR","og_type":"article","og_title":"Resumo sobre a incid\u00eancia do ICMS para SEFAZ-PA","og_description":"Veja neste artigo o Resumo sobre a incid\u00eancia do ICMS para SEFAZ-PA, tema disciplinado principalmente no Regulamento do ICMS.","og_url":"https:\/\/www.estrategiaconcursos.com.br\/blog\/incidencia-icms-para-sefaz-pa\/","og_site_name":"Estrat\u00e9gia Concursos","article_published_time":"2022-01-20T12:12:00+00:00","og_image":[{"width":1200,"height":628,"url":"https:\/\/dhg1h5j42swfq.cloudfront.net\/2020\/06\/20105647\/sefaz-pa.jpg","type":"image\/jpeg"}],"author":"Leonardo Menezes Passarin","twitter_card":"summary_large_image","twitter_creator":"@EstratConcursos","twitter_site":"@EstratConcursos","twitter_misc":{"Escrito por":"Leonardo Menezes Passarin","Est. tempo de leitura":"8 minutos"},"schema":{"@context":"https:\/\/schema.org","@graph":[{"@type":"NewsArticle","@id":"https:\/\/www.estrategiaconcursos.com.br\/blog\/incidencia-icms-para-sefaz-pa\/#article","isPartOf":{"@id":"https:\/\/www.estrategiaconcursos.com.br\/blog\/incidencia-icms-para-sefaz-pa\/"},"author":{"name":"Leonardo Menezes Passarin","@id":"https:\/\/www.estrategiaconcursos.com.br\/blog\/#\/schema\/person\/245b44e43eb13f0dbd04a7a078cd0d0d"},"headline":"Resumo sobre a incid\u00eancia do ICMS para SEFAZ-PA","datePublished":"2022-01-20T12:12:00+00:00","mainEntityOfPage":{"@id":"https:\/\/www.estrategiaconcursos.com.br\/blog\/incidencia-icms-para-sefaz-pa\/"},"wordCount":1487,"commentCount":0,"publisher":{"@id":"https:\/\/www.estrategiaconcursos.com.br\/blog\/#organization"},"image":{"@id":"https:\/\/www.estrategiaconcursos.com.br\/blog\/incidencia-icms-para-sefaz-pa\/#primaryimage"},"thumbnailUrl":"https:\/\/dhg1h5j42swfq.cloudfront.net\/2020\/06\/20105647\/sefaz-pa.jpg","articleSection":["Concursos P\u00fablicos"],"inLanguage":"pt-BR","potentialAction":[{"@type":"CommentAction","name":"Comment","target":["https:\/\/www.estrategiaconcursos.com.br\/blog\/incidencia-icms-para-sefaz-pa\/#respond"]}],"copyrightYear":"2022","copyrightHolder":{"@id":"https:\/\/www.estrategiaconcursos.com.br\/blog\/#organization"}},{"@type":"WebPage","@id":"https:\/\/www.estrategiaconcursos.com.br\/blog\/incidencia-icms-para-sefaz-pa\/","url":"https:\/\/www.estrategiaconcursos.com.br\/blog\/incidencia-icms-para-sefaz-pa\/","name":"Resumo sobre a incid\u00eancia do ICMS para SEFAZ-PA","isPartOf":{"@id":"https:\/\/www.estrategiaconcursos.com.br\/blog\/#website"},"primaryImageOfPage":{"@id":"https:\/\/www.estrategiaconcursos.com.br\/blog\/incidencia-icms-para-sefaz-pa\/#primaryimage"},"image":{"@id":"https:\/\/www.estrategiaconcursos.com.br\/blog\/incidencia-icms-para-sefaz-pa\/#primaryimage"},"thumbnailUrl":"https:\/\/dhg1h5j42swfq.cloudfront.net\/2020\/06\/20105647\/sefaz-pa.jpg","datePublished":"2022-01-20T12:12:00+00:00","description":"Veja neste artigo o Resumo sobre a incid\u00eancia do ICMS para SEFAZ-PA, tema disciplinado principalmente no Regulamento do ICMS.","breadcrumb":{"@id":"https:\/\/www.estrategiaconcursos.com.br\/blog\/incidencia-icms-para-sefaz-pa\/#breadcrumb"},"inLanguage":"pt-BR","potentialAction":[{"@type":"ReadAction","target":["https:\/\/www.estrategiaconcursos.com.br\/blog\/incidencia-icms-para-sefaz-pa\/"]}]},{"@type":"ImageObject","inLanguage":"pt-BR","@id":"https:\/\/www.estrategiaconcursos.com.br\/blog\/incidencia-icms-para-sefaz-pa\/#primaryimage","url":"https:\/\/dhg1h5j42swfq.cloudfront.net\/2020\/06\/20105647\/sefaz-pa.jpg","contentUrl":"https:\/\/dhg1h5j42swfq.cloudfront.net\/2020\/06\/20105647\/sefaz-pa.jpg","width":1200,"height":628,"caption":"Sefaz Par\u00e1 2021"},{"@type":"BreadcrumbList","@id":"https:\/\/www.estrategiaconcursos.com.br\/blog\/incidencia-icms-para-sefaz-pa\/#breadcrumb","itemListElement":[{"@type":"ListItem","position":1,"name":"In\u00edcio","item":"https:\/\/www.estrategiaconcursos.com.br\/blog\/"},{"@type":"ListItem","position":2,"name":"Resumo sobre a incid\u00eancia do ICMS para SEFAZ-PA"}]},{"@type":"WebSite","@id":"https:\/\/www.estrategiaconcursos.com.br\/blog\/#website","url":"https:\/\/www.estrategiaconcursos.com.br\/blog\/","name":"Estrat\u00e9gia Concursos","description":"O blog da Estrat\u00e9gia Concursos traz not\u00edcias sobre concursos e artigos de professores oferecendo cursos para concursos (pdf + videaulas) no site.","publisher":{"@id":"https:\/\/www.estrategiaconcursos.com.br\/blog\/#organization"},"potentialAction":[{"@type":"SearchAction","target":{"@type":"EntryPoint","urlTemplate":"https:\/\/www.estrategiaconcursos.com.br\/blog\/?s={search_term_string}"},"query-input":{"@type":"PropertyValueSpecification","valueRequired":true,"valueName":"search_term_string"}}],"inLanguage":"pt-BR"},{"@type":"Organization","@id":"https:\/\/www.estrategiaconcursos.com.br\/blog\/#organization","name":"Estrat\u00e9gia Concursos","url":"https:\/\/www.estrategiaconcursos.com.br\/blog\/","logo":{"@type":"ImageObject","inLanguage":"pt-BR","@id":"https:\/\/www.estrategiaconcursos.com.br\/blog\/#\/schema\/logo\/image\/","url":"https:\/\/dhg1h5j42swfq.cloudfront.net\/2025\/06\/03203428\/logo_concursos-1.jpg","contentUrl":"https:\/\/dhg1h5j42swfq.cloudfront.net\/2025\/06\/03203428\/logo_concursos-1.jpg","width":230,"height":60,"caption":"Estrat\u00e9gia Concursos"},"image":{"@id":"https:\/\/www.estrategiaconcursos.com.br\/blog\/#\/schema\/logo\/image\/"},"sameAs":["https:\/\/x.com\/EstratConcursos"]},{"@type":"Person","@id":"https:\/\/www.estrategiaconcursos.com.br\/blog\/#\/schema\/person\/245b44e43eb13f0dbd04a7a078cd0d0d","name":"Leonardo Menezes Passarin","image":{"@type":"ImageObject","inLanguage":"pt-BR","@id":"https:\/\/secure.gravatar.com\/avatar\/fc0e5714ceaa97f24e6e6a30eab74ba8a701c2b62f8cab100ffdb22c6d8f42c3?s=96&d=mm&r=g","url":"https:\/\/secure.gravatar.com\/avatar\/fc0e5714ceaa97f24e6e6a30eab74ba8a701c2b62f8cab100ffdb22c6d8f42c3?s=96&d=mm&r=g","contentUrl":"https:\/\/secure.gravatar.com\/avatar\/fc0e5714ceaa97f24e6e6a30eab74ba8a701c2b62f8cab100ffdb22c6d8f42c3?s=96&d=mm&r=g","caption":"Leonardo Menezes Passarin"},"url":"https:\/\/www.estrategiaconcursos.com.br\/blog\/author\/passarin-leonardohotmail-com\/"}]}},"_links":{"self":[{"href":"https:\/\/www.estrategiaconcursos.com.br\/blog\/wp-json\/wp\/v2\/posts\/947046","targetHints":{"allow":["GET"]}}],"collection":[{"href":"https:\/\/www.estrategiaconcursos.com.br\/blog\/wp-json\/wp\/v2\/posts"}],"about":[{"href":"https:\/\/www.estrategiaconcursos.com.br\/blog\/wp-json\/wp\/v2\/types\/post"}],"author":[{"embeddable":true,"href":"https:\/\/www.estrategiaconcursos.com.br\/blog\/wp-json\/wp\/v2\/users\/1763"}],"replies":[{"embeddable":true,"href":"https:\/\/www.estrategiaconcursos.com.br\/blog\/wp-json\/wp\/v2\/comments?post=947046"}],"version-history":[{"count":2,"href":"https:\/\/www.estrategiaconcursos.com.br\/blog\/wp-json\/wp\/v2\/posts\/947046\/revisions"}],"predecessor-version":[{"id":947727,"href":"https:\/\/www.estrategiaconcursos.com.br\/blog\/wp-json\/wp\/v2\/posts\/947046\/revisions\/947727"}],"wp:featuredmedia":[{"embeddable":true,"href":"https:\/\/www.estrategiaconcursos.com.br\/blog\/wp-json\/wp\/v2\/media\/529497"}],"wp:attachment":[{"href":"https:\/\/www.estrategiaconcursos.com.br\/blog\/wp-json\/wp\/v2\/media?parent=947046"}],"wp:term":[{"taxonomy":"category","embeddable":true,"href":"https:\/\/www.estrategiaconcursos.com.br\/blog\/wp-json\/wp\/v2\/categories?post=947046"},{"taxonomy":"post_tag","embeddable":true,"href":"https:\/\/www.estrategiaconcursos.com.br\/blog\/wp-json\/wp\/v2\/tags?post=947046"},{"taxonomy":"tax_estado","embeddable":true,"href":"https:\/\/www.estrategiaconcursos.com.br\/blog\/wp-json\/wp\/v2\/tax_estado?post=947046"}],"curies":[{"name":"wp","href":"https:\/\/api.w.org\/{rel}","templated":true}]}}