{"id":946891,"date":"2022-01-13T19:47:00","date_gmt":"2022-01-13T22:47:00","guid":{"rendered":"https:\/\/www.estrategiaconcursos.com.br\/blog\/?p=946891"},"modified":"2022-01-13T16:49:04","modified_gmt":"2022-01-13T19:49:04","slug":"sedu-es-tem-banca-definida","status":"publish","type":"post","link":"https:\/\/www.estrategiaconcursos.com.br\/blog\/sedu-es-tem-banca-definida\/","title":{"rendered":"SEDU-ES tem banca definida! Confira nesta quinta-feira, AO VIVO!"},"content":{"rendered":"\n<p>O professor <em><strong><em><strong><em><strong>Jonathan Roitman<\/strong><\/em><\/strong><\/em><\/strong><\/em> ministra nesta quinta-feira, 13 de janeiro de 2022, \u00e0s 21 horas, o evento &#8220;<em>SEDU-ES tem banca definida!<\/em>&#8220;. Acompanhe ao vivo e gratuitamente pelo canal do Estrat\u00e9gia Concursos no Youtube! Confira abaixo as principais informa\u00e7\u00f5es: <\/p>\n\n\n\n<h3 class=\"wp-block-heading\" id=\"h-sedu-es-tem-banca-definida-cronograma\">SEDU-ES tem banca definida!: cronograma<\/h3>\n\n\n\n<p class=\"has-background\" style=\"background-color:#c8ade0\"><strong>Data: 13\/01\/2022<br \/>Hor\u00e1rio: 21:00<\/strong><br \/><strong>Onde: <a href=\"https:\/\/www.youtube.com\/channel\/UChvwkhC3eHxJsVxW_ItDjdA\" target=\"_blank\" rel=\"noreferrer noopener\">canal do Estrat\u00e9gia Concursos no Youtube<\/a> <\/strong><br \/><strong>Professor: <\/strong>Jonathan Roitman <\/p>\n\n\n<figure class=\"wp-block-embed-youtube wp-block-embed is-type-video is-provider-youtube wp-embed-aspect-16-9 wp-has-aspect-ratio\"><div class=\"lyte-wrapper\" style=\"width:853px;max-width:100%;margin:5px;\"><div class=\"lyMe\" id=\"WYL_kFT4y-Ovw3g\"><div id=\"lyte_kFT4y-Ovw3g\" data-src=\"\/\/i.ytimg.com\/vi\/kFT4y-Ovw3g\/hqdefault.jpg\" class=\"pL\"><div class=\"tC\"><div class=\"tT\"><\/div><\/div><div class=\"play\"><\/div><div class=\"ctrl\"><div class=\"Lctrl\"><\/div><div class=\"Rctrl\"><\/div><\/div><\/div><noscript><a href=\"https:\/\/youtu.be\/kFT4y-Ovw3g\" rel=\"nofollow\"><img loading=\"lazy\" decoding=\"async\" src=\"https:\/\/i.ytimg.com\/vi\/kFT4y-Ovw3g\/0.jpg\" alt=\"YouTube video thumbnail\" width=\"853\" height=\"460\" \/><br \/>Assista a este v\u00eddeo no YouTube<\/a><\/noscript><\/div><\/div><div class=\"lL\" style=\"max-width:100%;width:853px;margin:5px;\"><\/div><figcaption><\/figcaption><\/figure>\n\n\n<h3 class=\"wp-block-heading\" id=\"h-sedu-es-tem-banca-definida-curiosidades\">SEDU-ES tem banca definida!: curiosidades<\/h3>\n\n\n\n<p>O <strong>concurso Sedu ES<\/strong> j\u00e1 est\u00e1 com banca organizadora definida! Foi divulgado o extrato do contrato firmado com a  <strong>FCC<\/strong>. A confirma\u00e7\u00e3o veio em publica\u00e7\u00e3o no Di\u00e1rio Oficial do Estado. Ser\u00e3o ofertadas <strong>1.500 vagas<\/strong> para os cargos de <strong>Professor MaPB<\/strong> (800), <strong>Professor MaPP <\/strong>(100) e<strong> Agente de Suporte Educacional<\/strong> (600).<\/p>\n\n\n\n<p>Vale lembrar que a sele\u00e7\u00e3o j\u00e1 possui comiss\u00e3o formada, inclusive, o grupo j\u00e1 passou por altera\u00e7\u00f5es. A Lei Or\u00e7ament\u00e1ria Anual 2022 (LOA) do\u00a0Governo do Estado do Esp\u00edrito Santo, tamb\u00e9m prev\u00ea a\u00a0realiza\u00e7\u00e3o de um novo concurso para a Secretaria de Educa\u00e7\u00e3o do Estado. <\/p>\n\n\n\n<p>O cargo de agente de suporte educacional se divide em 15 n\u00edveis e tr\u00eas classes, variando de acordo com o tempo de servi\u00e7o do servidor no \u00f3rg\u00e3o. A remunera\u00e7\u00e3o inicial \u00e9 de R$ 1.889,72.<\/p>\n\n\n\n<p>J\u00e1 a estrutura remunerat\u00f3ria dos professores se divide em 16 n\u00edveis e sete classes para uma carga hor\u00e1ria de 25 horas semanais, que variam de acordo com a especialidade do cargo, que se divide em <em>tr\u00eas escalas <\/em>e uma grada\u00e7\u00e3o de classes:<em><strong> Professor &#8220;A&#8221;, Professor &#8220;B&#8221; e Professor &#8220;P&#8221; (pedagogo)<\/strong><\/em>. Para os cargos de  <em><strong>Professor &#8220;A&#8221;<\/strong><\/em>, o subs\u00eddio inicial \u00e9 de <strong>R$ 1.818,22<\/strong>. Para <em><strong>Professor &#8220;B&#8221; e Professor &#8220;P&#8221; (pedagogo)<\/strong><\/em>, por sua vez, a remunera\u00e7\u00e3o come\u00e7a em <strong>R$ 2.103,24<\/strong>.<\/p>\n\n\n\n<p class=\"has-text-align-center has-pale-cyan-blue-background-color has-background has-medium-font-size\"><strong>Mais informa\u00e7\u00f5es: <a href=\"https:\/\/www.estrategiaconcursos.com.br\/blog\/concurso-sedu-es\" target=\"_blank\" rel=\"noreferrer noopener\">Concurso SEDU ES<\/a><\/strong><\/p>\n\n\n\n<h2 class=\"has-text-align-center wp-block-heading\" id=\"CURSO\">Cursos para o concurso Sedu ES<\/h2>\n\n\n\n<div class=\"col-sm\">\n      <div class=\"banner-estrategia\" id=\"box-assinatura\">\n        <h3 class=\"titulo-assinatura\">Cursos para SEDU ES<\/h3>\n        <p class=\"subtitulo-assinatura\">Conhe\u00e7a os cursos<\/p>\n        <div class=\"box-botao\">\n          <a class=\"btn-assinatura\" target=\"_blank\" href=\"https:\/\/www.estrategiaconcursos.com.br\/cursosPorConcurso\/sedu-es\/\" role=\"button\" rel=\"noopener noreferrer\">Conhe\u00e7a mais<\/a>\n        <\/div>\n      <\/div>\n      \n    <\/div>\n\n\n\n<div class=\"container\" id=\"boxes\">\n  <div class=\"row\">\n\n    <div class=\"col-sm\">\n      <div class=\"estrategia\" id=\"box-assinatura\">\n        <h3 class=\"titulo-assinatura\">Assinaturas<\/h3>\n        <p class=\"subtitulo-assinatura\">Assinatura de 1 ano ou 2 anos<\/p>\n        <div class=\"box-botao\">\n          <a class=\"btn-assinatura\" target=\"_blank\" href=\"https:\/\/www.estrategiaconcursos.com.br\/assinaturas\/\" role=\"button\" rel=\"noopener noreferrer\">ASSINE AGORA<\/a>\n        <\/div>\n      <\/div>\n     \n    <\/div><\/div><\/div>\n\n\n\n<h2 class=\"has-text-align-center wp-block-heading\" id=\"h-quer-saber-tudo-sobre-concursos-previstos-confira-nossos-artigos\">Quer saber tudo sobre concursos previstos?<br \/>Confira nossos artigos!<\/h2>\n\n\n\n<ul class=\"wp-block-list\"><li><a href=\"https:\/\/www.estrategiaconcursos.com.br\/blog\/concursos-abertos\/\" target=\"_blank\" rel=\"noreferrer noopener\">Concursos abertos<\/a><\/li><li><a href=\"https:\/\/www.estrategiaconcursos.com.br\/blog\/concursos-2022\/\" target=\"_blank\" rel=\"noreferrer noopener\">Concursos 2022<\/a><\/li><\/ul>\n","protected":false},"excerpt":{"rendered":"<p>O professor Jonathan Roitman ministra nesta quinta-feira, 13 de janeiro de 2022, \u00e0s 21 horas, o evento &#8220;SEDU-ES tem banca definida!&#8220;. Acompanhe ao vivo e gratuitamente pelo canal do Estrat\u00e9gia Concursos no Youtube! Confira abaixo as principais informa\u00e7\u00f5es: SEDU-ES tem banca definida!: cronograma Data: 13\/01\/2022Hor\u00e1rio: 21:00Onde: canal do Estrat\u00e9gia Concursos no Youtube Professor: Jonathan Roitman [&hellip;]<\/p>\n","protected":false},"author":741,"featured_media":946908,"comment_status":"open","ping_status":"closed","sticky":false,"template":"","format":"standard","meta":{"post_tipo":"news","footnotes":""},"categories":[3766],"tags":[],"tax_estado":[219971],"class_list":["post-946891","post","type-post","status-publish","format-standard","has-post-thumbnail","hentry","category-educacional","tax_estado-es"],"acf":[],"yoast_head":"<!-- This site is optimized with the Yoast SEO Premium plugin v27.2 (Yoast SEO v27.2) - https:\/\/yoast.com\/product\/yoast-seo-premium-wordpress\/ -->\n<title>SEDU-ES tem banca definida! Confira nesta quinta-feira, AO VIVO!<\/title>\n<meta name=\"description\" content=\"Confira, nesta quinta-feira, o evento ao vivo e gratuito SEDU-ES tem banca definida! e saiba mais informa\u00e7\u00f5es detalhadas sobre o certame!\" \/>\n<meta name=\"robots\" content=\"index, follow, max-snippet:-1, max-image-preview:large, max-video-preview:-1\" \/>\n<link rel=\"canonical\" href=\"https:\/\/www.estrategiaconcursos.com.br\/blog\/sedu-es-tem-banca-definida\/\" \/>\n<meta property=\"og:locale\" content=\"pt_BR\" \/>\n<meta property=\"og:type\" content=\"article\" \/>\n<meta property=\"og:title\" content=\"SEDU-ES tem banca definida! Confira nesta quinta-feira, AO VIVO!\" \/>\n<meta property=\"og:description\" content=\"Confira, nesta quinta-feira, o evento ao vivo e gratuito SEDU-ES tem banca definida! e saiba mais informa\u00e7\u00f5es detalhadas sobre o certame!\" \/>\n<meta property=\"og:url\" content=\"https:\/\/www.estrategiaconcursos.com.br\/blog\/sedu-es-tem-banca-definida\/\" \/>\n<meta property=\"og:site_name\" content=\"Estrat\u00e9gia Concursos\" \/>\n<meta property=\"article:published_time\" content=\"2022-01-13T22:47:00+00:00\" \/>\n<meta property=\"og:image\" content=\"https:\/\/dhg1h5j42swfq.cloudfront.net\/2022\/01\/13164632\/1280-720-max-1-3.jpg\" \/>\n\t<meta property=\"og:image:width\" content=\"1280\" \/>\n\t<meta property=\"og:image:height\" content=\"720\" \/>\n\t<meta property=\"og:image:type\" content=\"image\/jpeg\" \/>\n<meta name=\"author\" content=\"Brunno Lima\" \/>\n<meta name=\"twitter:card\" content=\"summary_large_image\" \/>\n<meta name=\"twitter:creator\" content=\"@EstratConcursos\" \/>\n<meta name=\"twitter:site\" content=\"@EstratConcursos\" \/>\n<meta name=\"twitter:label1\" content=\"Escrito por\" \/>\n\t<meta name=\"twitter:data1\" content=\"Brunno Lima\" \/>\n\t<meta name=\"twitter:label2\" content=\"Est. tempo de leitura\" \/>\n\t<meta name=\"twitter:data2\" content=\"2 minutos\" \/>\n<script type=\"application\/ld+json\" class=\"yoast-schema-graph\">{\"@context\":\"https:\/\/schema.org\",\"@graph\":[{\"@type\":\"NewsArticle\",\"@id\":\"https:\/\/www.estrategiaconcursos.com.br\/blog\/sedu-es-tem-banca-definida\/#article\",\"isPartOf\":{\"@id\":\"https:\/\/www.estrategiaconcursos.com.br\/blog\/sedu-es-tem-banca-definida\/\"},\"author\":{\"name\":\"Brunno Lima\",\"@id\":\"https:\/\/www.estrategiaconcursos.com.br\/blog\/#\/schema\/person\/2865ec132c3404c9912015dd7a24eb1e\"},\"headline\":\"SEDU-ES tem banca definida! Confira nesta quinta-feira, AO VIVO!\",\"datePublished\":\"2022-01-13T22:47:00+00:00\",\"mainEntityOfPage\":{\"@id\":\"https:\/\/www.estrategiaconcursos.com.br\/blog\/sedu-es-tem-banca-definida\/\"},\"wordCount\":342,\"commentCount\":0,\"publisher\":{\"@id\":\"https:\/\/www.estrategiaconcursos.com.br\/blog\/#organization\"},\"image\":{\"@id\":\"https:\/\/www.estrategiaconcursos.com.br\/blog\/sedu-es-tem-banca-definida\/#primaryimage\"},\"thumbnailUrl\":\"https:\/\/dhg1h5j42swfq.cloudfront.net\/2022\/01\/13164632\/1280-720-max-1-3.jpg\",\"articleSection\":[\"Educa\u00e7\u00e3o\"],\"inLanguage\":\"pt-BR\",\"potentialAction\":[{\"@type\":\"CommentAction\",\"name\":\"Comment\",\"target\":[\"https:\/\/www.estrategiaconcursos.com.br\/blog\/sedu-es-tem-banca-definida\/#respond\"]}],\"copyrightYear\":\"2022\",\"copyrightHolder\":{\"@id\":\"https:\/\/www.estrategiaconcursos.com.br\/blog\/#organization\"}},{\"@type\":\"WebPage\",\"@id\":\"https:\/\/www.estrategiaconcursos.com.br\/blog\/sedu-es-tem-banca-definida\/\",\"url\":\"https:\/\/www.estrategiaconcursos.com.br\/blog\/sedu-es-tem-banca-definida\/\",\"name\":\"SEDU-ES tem banca definida! Confira nesta quinta-feira, AO VIVO!\",\"isPartOf\":{\"@id\":\"https:\/\/www.estrategiaconcursos.com.br\/blog\/#website\"},\"primaryImageOfPage\":{\"@id\":\"https:\/\/www.estrategiaconcursos.com.br\/blog\/sedu-es-tem-banca-definida\/#primaryimage\"},\"image\":{\"@id\":\"https:\/\/www.estrategiaconcursos.com.br\/blog\/sedu-es-tem-banca-definida\/#primaryimage\"},\"thumbnailUrl\":\"https:\/\/dhg1h5j42swfq.cloudfront.net\/2022\/01\/13164632\/1280-720-max-1-3.jpg\",\"datePublished\":\"2022-01-13T22:47:00+00:00\",\"description\":\"Confira, nesta quinta-feira, o evento ao vivo e gratuito SEDU-ES tem banca definida! e saiba mais informa\u00e7\u00f5es detalhadas sobre o certame!\",\"breadcrumb\":{\"@id\":\"https:\/\/www.estrategiaconcursos.com.br\/blog\/sedu-es-tem-banca-definida\/#breadcrumb\"},\"inLanguage\":\"pt-BR\",\"potentialAction\":[{\"@type\":\"ReadAction\",\"target\":[\"https:\/\/www.estrategiaconcursos.com.br\/blog\/sedu-es-tem-banca-definida\/\"]}]},{\"@type\":\"ImageObject\",\"inLanguage\":\"pt-BR\",\"@id\":\"https:\/\/www.estrategiaconcursos.com.br\/blog\/sedu-es-tem-banca-definida\/#primaryimage\",\"url\":\"https:\/\/dhg1h5j42swfq.cloudfront.net\/2022\/01\/13164632\/1280-720-max-1-3.jpg\",\"contentUrl\":\"https:\/\/dhg1h5j42swfq.cloudfront.net\/2022\/01\/13164632\/1280-720-max-1-3.jpg\",\"width\":1280,\"height\":720,\"caption\":\"SEDU-ES tem banca definida!\"},{\"@type\":\"BreadcrumbList\",\"@id\":\"https:\/\/www.estrategiaconcursos.com.br\/blog\/sedu-es-tem-banca-definida\/#breadcrumb\",\"itemListElement\":[{\"@type\":\"ListItem\",\"position\":1,\"name\":\"In\u00edcio\",\"item\":\"https:\/\/www.estrategiaconcursos.com.br\/blog\/\"},{\"@type\":\"ListItem\",\"position\":2,\"name\":\"SEDU-ES tem banca definida! Confira nesta quinta-feira, AO VIVO!\"}]},{\"@type\":\"WebSite\",\"@id\":\"https:\/\/www.estrategiaconcursos.com.br\/blog\/#website\",\"url\":\"https:\/\/www.estrategiaconcursos.com.br\/blog\/\",\"name\":\"Estrat\u00e9gia Concursos\",\"description\":\"O blog da Estrat\u00e9gia Concursos traz not\u00edcias sobre concursos e artigos de professores oferecendo cursos para concursos (pdf + videaulas) no site.\",\"publisher\":{\"@id\":\"https:\/\/www.estrategiaconcursos.com.br\/blog\/#organization\"},\"potentialAction\":[{\"@type\":\"SearchAction\",\"target\":{\"@type\":\"EntryPoint\",\"urlTemplate\":\"https:\/\/www.estrategiaconcursos.com.br\/blog\/?s={search_term_string}\"},\"query-input\":{\"@type\":\"PropertyValueSpecification\",\"valueRequired\":true,\"valueName\":\"search_term_string\"}}],\"inLanguage\":\"pt-BR\"},{\"@type\":\"Organization\",\"@id\":\"https:\/\/www.estrategiaconcursos.com.br\/blog\/#organization\",\"name\":\"Estrat\u00e9gia Concursos\",\"url\":\"https:\/\/www.estrategiaconcursos.com.br\/blog\/\",\"logo\":{\"@type\":\"ImageObject\",\"inLanguage\":\"pt-BR\",\"@id\":\"https:\/\/www.estrategiaconcursos.com.br\/blog\/#\/schema\/logo\/image\/\",\"url\":\"https:\/\/dhg1h5j42swfq.cloudfront.net\/2025\/06\/03203428\/logo_concursos-1.jpg\",\"contentUrl\":\"https:\/\/dhg1h5j42swfq.cloudfront.net\/2025\/06\/03203428\/logo_concursos-1.jpg\",\"width\":230,\"height\":60,\"caption\":\"Estrat\u00e9gia Concursos\"},\"image\":{\"@id\":\"https:\/\/www.estrategiaconcursos.com.br\/blog\/#\/schema\/logo\/image\/\"},\"sameAs\":[\"https:\/\/x.com\/EstratConcursos\"]},{\"@type\":\"Person\",\"@id\":\"https:\/\/www.estrategiaconcursos.com.br\/blog\/#\/schema\/person\/2865ec132c3404c9912015dd7a24eb1e\",\"name\":\"Brunno Lima\",\"image\":{\"@type\":\"ImageObject\",\"inLanguage\":\"pt-BR\",\"@id\":\"https:\/\/secure.gravatar.com\/avatar\/d40b472e5e2856222d4a4a1c3ee2189ed7d7a9f67dc3343b880cc1889a7bd6af?s=96&d=mm&r=g\",\"url\":\"https:\/\/secure.gravatar.com\/avatar\/d40b472e5e2856222d4a4a1c3ee2189ed7d7a9f67dc3343b880cc1889a7bd6af?s=96&d=mm&r=g\",\"contentUrl\":\"https:\/\/secure.gravatar.com\/avatar\/d40b472e5e2856222d4a4a1c3ee2189ed7d7a9f67dc3343b880cc1889a7bd6af?s=96&d=mm&r=g\",\"caption\":\"Brunno Lima\"},\"url\":\"https:\/\/www.estrategiaconcursos.com.br\/blog\/author\/brunnoestrategiaconcursos-com-br\/\"}]}<\/script>\n<!-- \/ Yoast SEO Premium plugin. -->","yoast_head_json":{"title":"SEDU-ES tem banca definida! Confira nesta quinta-feira, AO VIVO!","description":"Confira, nesta quinta-feira, o evento ao vivo e gratuito SEDU-ES tem banca definida! e saiba mais informa\u00e7\u00f5es detalhadas sobre o certame!","robots":{"index":"index","follow":"follow","max-snippet":"max-snippet:-1","max-image-preview":"max-image-preview:large","max-video-preview":"max-video-preview:-1"},"canonical":"https:\/\/www.estrategiaconcursos.com.br\/blog\/sedu-es-tem-banca-definida\/","og_locale":"pt_BR","og_type":"article","og_title":"SEDU-ES tem banca definida! Confira nesta quinta-feira, AO VIVO!","og_description":"Confira, nesta quinta-feira, o evento ao vivo e gratuito SEDU-ES tem banca definida! e saiba mais informa\u00e7\u00f5es detalhadas sobre o certame!","og_url":"https:\/\/www.estrategiaconcursos.com.br\/blog\/sedu-es-tem-banca-definida\/","og_site_name":"Estrat\u00e9gia Concursos","article_published_time":"2022-01-13T22:47:00+00:00","og_image":[{"width":1280,"height":720,"url":"https:\/\/dhg1h5j42swfq.cloudfront.net\/2022\/01\/13164632\/1280-720-max-1-3.jpg","type":"image\/jpeg"}],"author":"Brunno Lima","twitter_card":"summary_large_image","twitter_creator":"@EstratConcursos","twitter_site":"@EstratConcursos","twitter_misc":{"Escrito por":"Brunno Lima","Est. tempo de leitura":"2 minutos"},"schema":{"@context":"https:\/\/schema.org","@graph":[{"@type":"NewsArticle","@id":"https:\/\/www.estrategiaconcursos.com.br\/blog\/sedu-es-tem-banca-definida\/#article","isPartOf":{"@id":"https:\/\/www.estrategiaconcursos.com.br\/blog\/sedu-es-tem-banca-definida\/"},"author":{"name":"Brunno Lima","@id":"https:\/\/www.estrategiaconcursos.com.br\/blog\/#\/schema\/person\/2865ec132c3404c9912015dd7a24eb1e"},"headline":"SEDU-ES tem banca definida! Confira nesta quinta-feira, AO VIVO!","datePublished":"2022-01-13T22:47:00+00:00","mainEntityOfPage":{"@id":"https:\/\/www.estrategiaconcursos.com.br\/blog\/sedu-es-tem-banca-definida\/"},"wordCount":342,"commentCount":0,"publisher":{"@id":"https:\/\/www.estrategiaconcursos.com.br\/blog\/#organization"},"image":{"@id":"https:\/\/www.estrategiaconcursos.com.br\/blog\/sedu-es-tem-banca-definida\/#primaryimage"},"thumbnailUrl":"https:\/\/dhg1h5j42swfq.cloudfront.net\/2022\/01\/13164632\/1280-720-max-1-3.jpg","articleSection":["Educa\u00e7\u00e3o"],"inLanguage":"pt-BR","potentialAction":[{"@type":"CommentAction","name":"Comment","target":["https:\/\/www.estrategiaconcursos.com.br\/blog\/sedu-es-tem-banca-definida\/#respond"]}],"copyrightYear":"2022","copyrightHolder":{"@id":"https:\/\/www.estrategiaconcursos.com.br\/blog\/#organization"}},{"@type":"WebPage","@id":"https:\/\/www.estrategiaconcursos.com.br\/blog\/sedu-es-tem-banca-definida\/","url":"https:\/\/www.estrategiaconcursos.com.br\/blog\/sedu-es-tem-banca-definida\/","name":"SEDU-ES tem banca definida! Confira nesta quinta-feira, AO VIVO!","isPartOf":{"@id":"https:\/\/www.estrategiaconcursos.com.br\/blog\/#website"},"primaryImageOfPage":{"@id":"https:\/\/www.estrategiaconcursos.com.br\/blog\/sedu-es-tem-banca-definida\/#primaryimage"},"image":{"@id":"https:\/\/www.estrategiaconcursos.com.br\/blog\/sedu-es-tem-banca-definida\/#primaryimage"},"thumbnailUrl":"https:\/\/dhg1h5j42swfq.cloudfront.net\/2022\/01\/13164632\/1280-720-max-1-3.jpg","datePublished":"2022-01-13T22:47:00+00:00","description":"Confira, nesta quinta-feira, o evento ao vivo e gratuito SEDU-ES tem banca definida! e saiba mais informa\u00e7\u00f5es detalhadas sobre o certame!","breadcrumb":{"@id":"https:\/\/www.estrategiaconcursos.com.br\/blog\/sedu-es-tem-banca-definida\/#breadcrumb"},"inLanguage":"pt-BR","potentialAction":[{"@type":"ReadAction","target":["https:\/\/www.estrategiaconcursos.com.br\/blog\/sedu-es-tem-banca-definida\/"]}]},{"@type":"ImageObject","inLanguage":"pt-BR","@id":"https:\/\/www.estrategiaconcursos.com.br\/blog\/sedu-es-tem-banca-definida\/#primaryimage","url":"https:\/\/dhg1h5j42swfq.cloudfront.net\/2022\/01\/13164632\/1280-720-max-1-3.jpg","contentUrl":"https:\/\/dhg1h5j42swfq.cloudfront.net\/2022\/01\/13164632\/1280-720-max-1-3.jpg","width":1280,"height":720,"caption":"SEDU-ES tem banca definida!"},{"@type":"BreadcrumbList","@id":"https:\/\/www.estrategiaconcursos.com.br\/blog\/sedu-es-tem-banca-definida\/#breadcrumb","itemListElement":[{"@type":"ListItem","position":1,"name":"In\u00edcio","item":"https:\/\/www.estrategiaconcursos.com.br\/blog\/"},{"@type":"ListItem","position":2,"name":"SEDU-ES tem banca definida! Confira nesta quinta-feira, AO VIVO!"}]},{"@type":"WebSite","@id":"https:\/\/www.estrategiaconcursos.com.br\/blog\/#website","url":"https:\/\/www.estrategiaconcursos.com.br\/blog\/","name":"Estrat\u00e9gia Concursos","description":"O blog da Estrat\u00e9gia Concursos traz not\u00edcias sobre concursos e artigos de professores oferecendo cursos para concursos (pdf + videaulas) no site.","publisher":{"@id":"https:\/\/www.estrategiaconcursos.com.br\/blog\/#organization"},"potentialAction":[{"@type":"SearchAction","target":{"@type":"EntryPoint","urlTemplate":"https:\/\/www.estrategiaconcursos.com.br\/blog\/?s={search_term_string}"},"query-input":{"@type":"PropertyValueSpecification","valueRequired":true,"valueName":"search_term_string"}}],"inLanguage":"pt-BR"},{"@type":"Organization","@id":"https:\/\/www.estrategiaconcursos.com.br\/blog\/#organization","name":"Estrat\u00e9gia Concursos","url":"https:\/\/www.estrategiaconcursos.com.br\/blog\/","logo":{"@type":"ImageObject","inLanguage":"pt-BR","@id":"https:\/\/www.estrategiaconcursos.com.br\/blog\/#\/schema\/logo\/image\/","url":"https:\/\/dhg1h5j42swfq.cloudfront.net\/2025\/06\/03203428\/logo_concursos-1.jpg","contentUrl":"https:\/\/dhg1h5j42swfq.cloudfront.net\/2025\/06\/03203428\/logo_concursos-1.jpg","width":230,"height":60,"caption":"Estrat\u00e9gia Concursos"},"image":{"@id":"https:\/\/www.estrategiaconcursos.com.br\/blog\/#\/schema\/logo\/image\/"},"sameAs":["https:\/\/x.com\/EstratConcursos"]},{"@type":"Person","@id":"https:\/\/www.estrategiaconcursos.com.br\/blog\/#\/schema\/person\/2865ec132c3404c9912015dd7a24eb1e","name":"Brunno Lima","image":{"@type":"ImageObject","inLanguage":"pt-BR","@id":"https:\/\/secure.gravatar.com\/avatar\/d40b472e5e2856222d4a4a1c3ee2189ed7d7a9f67dc3343b880cc1889a7bd6af?s=96&d=mm&r=g","url":"https:\/\/secure.gravatar.com\/avatar\/d40b472e5e2856222d4a4a1c3ee2189ed7d7a9f67dc3343b880cc1889a7bd6af?s=96&d=mm&r=g","contentUrl":"https:\/\/secure.gravatar.com\/avatar\/d40b472e5e2856222d4a4a1c3ee2189ed7d7a9f67dc3343b880cc1889a7bd6af?s=96&d=mm&r=g","caption":"Brunno Lima"},"url":"https:\/\/www.estrategiaconcursos.com.br\/blog\/author\/brunnoestrategiaconcursos-com-br\/"}]}},"_links":{"self":[{"href":"https:\/\/www.estrategiaconcursos.com.br\/blog\/wp-json\/wp\/v2\/posts\/946891","targetHints":{"allow":["GET"]}}],"collection":[{"href":"https:\/\/www.estrategiaconcursos.com.br\/blog\/wp-json\/wp\/v2\/posts"}],"about":[{"href":"https:\/\/www.estrategiaconcursos.com.br\/blog\/wp-json\/wp\/v2\/types\/post"}],"author":[{"embeddable":true,"href":"https:\/\/www.estrategiaconcursos.com.br\/blog\/wp-json\/wp\/v2\/users\/741"}],"replies":[{"embeddable":true,"href":"https:\/\/www.estrategiaconcursos.com.br\/blog\/wp-json\/wp\/v2\/comments?post=946891"}],"version-history":[{"count":16,"href":"https:\/\/www.estrategiaconcursos.com.br\/blog\/wp-json\/wp\/v2\/posts\/946891\/revisions"}],"predecessor-version":[{"id":946916,"href":"https:\/\/www.estrategiaconcursos.com.br\/blog\/wp-json\/wp\/v2\/posts\/946891\/revisions\/946916"}],"wp:featuredmedia":[{"embeddable":true,"href":"https:\/\/www.estrategiaconcursos.com.br\/blog\/wp-json\/wp\/v2\/media\/946908"}],"wp:attachment":[{"href":"https:\/\/www.estrategiaconcursos.com.br\/blog\/wp-json\/wp\/v2\/media?parent=946891"}],"wp:term":[{"taxonomy":"category","embeddable":true,"href":"https:\/\/www.estrategiaconcursos.com.br\/blog\/wp-json\/wp\/v2\/categories?post=946891"},{"taxonomy":"post_tag","embeddable":true,"href":"https:\/\/www.estrategiaconcursos.com.br\/blog\/wp-json\/wp\/v2\/tags?post=946891"},{"taxonomy":"tax_estado","embeddable":true,"href":"https:\/\/www.estrategiaconcursos.com.br\/blog\/wp-json\/wp\/v2\/tax_estado?post=946891"}],"curies":[{"name":"wp","href":"https:\/\/api.w.org\/{rel}","templated":true}]}}