{"id":946873,"date":"2022-01-13T16:25:18","date_gmt":"2022-01-13T19:25:18","guid":{"rendered":"https:\/\/www.estrategiaconcursos.com.br\/blog\/?p=946873"},"modified":"2023-09-01T10:53:05","modified_gmt":"2023-09-01T13:53:05","slug":"concurso-pc-sp-editais-organizados-vunesp","status":"publish","type":"post","link":"https:\/\/www.estrategiaconcursos.com.br\/blog\/concurso-pc-sp-editais-organizados-vunesp\/","title":{"rendered":"Concurso PC SP: conhe\u00e7a outros editais organizados pela Vunesp"},"content":{"rendered":"\n<p>O <strong>novo concurso da Pol\u00edcia Civil de S\u00e3o Paulo<\/strong> segue bastante aguardado pelos concurseiros e, segundo boatos e palpites de professores e especialistas da \u00e1rea, o <strong>edital PC SP organizado pela Vunesp pode ser publicado nesta sexta-feira, 14<\/strong>.<\/p>\n\n\n\n<p>S\u00e3o previstas <strong>2.939 vagas<\/strong>&nbsp;para os cargos de Escriv\u00e3o, Investigador, M\u00e9dico Legista e Delegado, todos de n\u00edvel superior. O sal\u00e1rio inicial das carreiras devem variar de R$ 3 mil a R$ 10 mil.<\/p>\n\n\n\n<p>Definida no m\u00eas de outubro de 2021, a <a href=\"https:\/\/www.vunesp.com.br\/\" target=\"_blank\" rel=\"noreferrer noopener\">Funda\u00e7\u00e3o Vunesp<\/a> teve sua contrata\u00e7\u00e3o como respons\u00e1vel pelo concurso PC SP oficializada em novembro. Agora, resta apenas o devido lan\u00e7amento do edital.<\/p>\n\n\n\n<p class=\"has-background\" style=\"background-color:#abb7c270\">E voc\u00ea sabia que uma das formas de aprender o perfil de cobran\u00e7a da banca \u00e9 conhecendo outros certames organizados pela empresa? Portanto, confira abaixo alguns dos concursos abertos pela funda\u00e7\u00e3o paulista:<\/p>\n\n\n\n<h2 class=\"wp-block-heading\" id=\"h-concursos-abertos-vunesp\">Concursos abertos Vunesp<\/h2>\n\n\n\n<h3 class=\"wp-block-heading\" id=\"concurso-pm-ce-oficial\">Concurso PM CE Oficial<\/h3>\n\n\n\n<ul class=\"wp-block-list\">\n<li><strong>Per\u00edodo de inscri\u00e7\u00f5es<\/strong>:<strong>&nbsp;<\/strong>03\/01 a 03\/02\/2022<\/li>\n\n\n\n<li><strong>Data da prova<\/strong>: 13\/03\/2022<\/li>\n\n\n\n<li><strong>Taxa de inscri\u00e7\u00e3o<\/strong>: R$ 180,00<\/li>\n\n\n\n<li><strong>Vagas:<\/strong>&nbsp;50<\/li>\n\n\n\n<li><strong>Cargos:<\/strong>&nbsp;Oficiais da Sa\u00fade<\/li>\n\n\n\n<li><strong>Sal\u00e1rio<\/strong>: R$ 6.787,18<\/li>\n\n\n\n<li><strong>Mais informa\u00e7\u00f5es<\/strong>:&nbsp;<a href=\"https:\/\/www.estrategiaconcursos.com.br\/blog\/concurso-pm-ce\/\">Concurso PM CE<\/a><\/li>\n<\/ul>\n\n\n\n<h3 class=\"wp-block-heading\" id=\"concurso-pm-sp-oficial\">Concurso PM SP Oficial<\/h3>\n\n\n\n<ul class=\"wp-block-list\">\n<li><strong>Per\u00edodo de inscri\u00e7\u00f5es<\/strong>:<strong>&nbsp;<\/strong>15\/12 a 20\/01\/2022<\/li>\n\n\n\n<li><strong>Data da prova<\/strong>: 20\/03\/2022<\/li>\n\n\n\n<li><strong>Taxa de inscri\u00e7\u00e3o<\/strong>: R$ 130,00<\/li>\n\n\n\n<li><strong>Vagas:<\/strong>&nbsp;220<\/li>\n\n\n\n<li><strong>Cargos:<\/strong>&nbsp;Aluno-Oficial<\/li>\n\n\n\n<li><strong>Sal\u00e1rio<\/strong>: R$ 3.310,13<\/li>\n\n\n\n<li><strong>Mais informa\u00e7\u00f5es<\/strong>:\u00a0<a href=\"https:\/\/www.estrategiaconcursos.com.br\/blog\/concurso-pm-sp\/\" target=\"_blank\" rel=\"noreferrer noopener\">Concurso PM SP<\/a><\/li>\n<\/ul>\n\n\n\n<h3 class=\"wp-block-heading\" id=\"concurso-guarda-de-guarulhos\">Concurso Guarda de Guarulhos<\/h3>\n\n\n\n<ul class=\"wp-block-list\">\n<li><strong>Per\u00edodo de inscri\u00e7\u00f5es<\/strong>:<strong>&nbsp;<\/strong>13\/12 a 04\/02\/2022<\/li>\n\n\n\n<li><strong>Data da prova<\/strong>: 13\/03\/2022<\/li>\n\n\n\n<li><strong>Taxa de inscri\u00e7\u00e3o<\/strong>: R$ 95,60<\/li>\n\n\n\n<li><strong>Vagas:<\/strong>&nbsp;50<\/li>\n\n\n\n<li><strong>Cargos:<\/strong>&nbsp;Guarda Civil Municipal<\/li>\n\n\n\n<li><strong>Sal\u00e1rio<\/strong>: R$ 2.089,23<\/li>\n\n\n\n<li><strong>Mais informa\u00e7\u00f5es<\/strong>:&nbsp;<a href=\"https:\/\/www.estrategiaconcursos.com.br\/blog\/concurso-guarda-de-guarulhos\/\">Concurso Guarda de Guarulhos<\/a><\/li>\n<\/ul>\n\n\n\n<h3 class=\"wp-block-heading\" id=\"concurso-pgm-presidente-prudente\">Concurso PGM Presidente Prudente<\/h3>\n\n\n\n<ul class=\"wp-block-list\">\n<li><strong>Per\u00edodo de inscri\u00e7\u00f5es<\/strong>:<strong>&nbsp;<\/strong>17\/12 a 19\/01\/2022<\/li>\n\n\n\n<li><strong>Data da prova<\/strong>: 06\/03\/2022<\/li>\n\n\n\n<li><strong>Taxa de inscri\u00e7\u00e3o<\/strong>: R$ 82,20<\/li>\n\n\n\n<li><strong>Vagas:&nbsp;<\/strong>1<\/li>\n\n\n\n<li><strong>Cargo:<\/strong>&nbsp;Procurador<\/li>\n\n\n\n<li><strong>Sal\u00e1rio:<\/strong>&nbsp;&nbsp;R$ 8.189,93<\/li>\n\n\n\n<li><strong>Mais informa\u00e7\u00f5es:<\/strong>&nbsp;<a href=\"https:\/\/www.estrategiaconcursos.com.br\/blog\/concurso-pgm-presidente-prudente\/\">Concurso Procurador Presidente Prudente<\/a><\/li>\n<\/ul>\n\n\n\n<h3 class=\"wp-block-heading\" id=\"cartorio-sp\">Cart\u00f3rio SP<\/h3>\n\n\n\n<ul class=\"wp-block-list\">\n<li><strong>Per\u00edodo de inscri\u00e7\u00f5es<\/strong>:<strong>&nbsp;<\/strong>13\/12 a 20\/01\/2022<\/li>\n\n\n\n<li><strong>Data da prova<\/strong>: 13&nbsp;e&nbsp;20\/03\/2022<\/li>\n\n\n\n<li><strong>Taxa de inscri\u00e7\u00e3o<\/strong>:&nbsp;R$ 199,00<\/li>\n\n\n\n<li><strong>Vagas:&nbsp;<\/strong>219<\/li>\n\n\n\n<li><strong>Cargo:<\/strong>&nbsp;Not\u00e1rio e Registrador<\/li>\n\n\n\n<li><strong>Sal\u00e1rio:<\/strong>&nbsp;&nbsp;13 sal\u00e1rios m\u00ednimos mensais<\/li>\n\n\n\n<li><strong>Mais informa\u00e7\u00f5es:<\/strong>\u00a0<a href=\"https:\/\/cj.estrategia.com\/portal\/concurso-cartorio-sp\/\" target=\"_blank\" rel=\"noreferrer noopener\">Cart\u00f3rio SP<\/a><\/li>\n<\/ul>\n\n\n\n<h3 class=\"wp-block-heading\" id=\"concurso-camara-de-piracicaba\">Concurso C\u00e2mara de Piracicaba<\/h3>\n\n\n\n<ul class=\"wp-block-list\">\n<li><strong>Per\u00edodo de inscri\u00e7\u00f5es<\/strong>: A definir<\/li>\n\n\n\n<li><strong>Data da prova<\/strong>: 03\/04\/2022<\/li>\n\n\n\n<li><strong>Taxa de inscri\u00e7\u00e3o<\/strong>: R$ 57,00<\/li>\n\n\n\n<li><strong>Vagas:<\/strong>&nbsp;7<\/li>\n\n\n\n<li><strong>Cargo<\/strong>: Assistente de Rela\u00e7\u00f5es P\u00fablicas e Cerimonial<\/li>\n\n\n\n<li><strong>Sal\u00e1rio<\/strong>: R$ 4.105,87<\/li>\n\n\n\n<li><strong>Mais informa\u00e7\u00f5es<\/strong>:&nbsp;<a href=\"https:\/\/www.estrategiaconcursos.com.br\/blog\/concurso-camara-de-piracicaba\/\">Concurso C\u00e2mara de Piracicaba<\/a><\/li>\n<\/ul>\n\n\n\n<h3 class=\"wp-block-heading\" id=\"concurso-prefeitura-de-presidente-prudente-sp\">Concurso Prefeitura de Presidente Prudente (SP)<\/h3>\n\n\n\n<ul class=\"wp-block-list\">\n<li><strong>Per\u00edodo de inscri\u00e7\u00f5es<\/strong>: 17\/12 a 19\/01\/2022<\/li>\n\n\n\n<li><strong>Taxa de inscri\u00e7\u00e3o:&nbsp;<\/strong>R$ 44,50 a R$ 82,20<\/li>\n\n\n\n<li><strong>Data da prova:<\/strong>&nbsp;06\/03\/2022<\/li>\n\n\n\n<li><strong>Vagas:<\/strong>&nbsp;54<\/li>\n\n\n\n<li><strong>Cargos:<\/strong>&nbsp;V\u00e1rios<\/li>\n\n\n\n<li><strong>Mais informa\u00e7\u00f5es<\/strong>:&nbsp;<a href=\"https:\/\/www.estrategiaconcursos.com.br\/blog\/concurso-prefeitura-presidente-prudente\/\">Prefeitura de Presidente Prudente<\/a><\/li>\n<\/ul>\n\n\n\n<h3 class=\"wp-block-heading\" id=\"concurso-prudenco\">Concurso Prudenco<\/h3>\n\n\n\n<ul class=\"wp-block-list\">\n<li><strong>Per\u00edodo de inscri\u00e7\u00f5es<\/strong>: 11\/01 a 14\/02\/2022<\/li>\n\n\n\n<li><strong>Data da prova<\/strong>:&nbsp;27\/03\/2022<\/li>\n\n\n\n<li><strong>Taxa de inscri\u00e7\u00e3o<\/strong>:&nbsp;R$ 44,50&nbsp;a R$ 82,20<\/li>\n\n\n\n<li><strong>Vagas:<\/strong>&nbsp;152 + CR<\/li>\n\n\n\n<li><strong>Cargos:<\/strong>&nbsp;V\u00e1rios<\/li>\n\n\n\n<li><strong>Sal\u00e1rio:&nbsp;<\/strong>at\u00e9 R$ 7.613,90<\/li>\n\n\n\n<li><strong>Mais informa\u00e7\u00f5es<\/strong>:<a href=\"https:\/\/www.estrategiaconcursos.com.br\/blog\/concurso-prudenco\/\">&nbsp;Concurso Prudenco<\/a><\/li>\n<\/ul>\n\n\n\n<h3 class=\"wp-block-heading\" id=\"concurso-hortoprev-sp\">Concurso HortoPrev SP<\/h3>\n\n\n\n<ul class=\"wp-block-list\">\n<li><strong>Per\u00edodo de Inscri\u00e7\u00f5es<\/strong>:&nbsp;06\/01 a 27\/01\/2022<\/li>\n\n\n\n<li><strong>Data da prova<\/strong>:&nbsp;20\/03\/2022<\/li>\n\n\n\n<li><strong>Taxa de inscri\u00e7\u00e3o<\/strong>: R$ 44,40, R$ 56,50 e R$ 82,20<\/li>\n\n\n\n<li><strong>Vagas:<\/strong>&nbsp;05<\/li>\n\n\n\n<li><strong>Cargos<\/strong>: diversos<\/li>\n\n\n\n<li><strong>Sal\u00e1rio<\/strong>: at\u00e9 R$ 9.777,24<\/li>\n\n\n\n<li><strong>Mais informa\u00e7\u00f5es:<\/strong>&nbsp;<a href=\"https:\/\/www.estrategiaconcursos.com.br\/blog\/concurso-hortoprev\/\">Concurso HortoPrev<\/a><\/li>\n<\/ul>\n\n\n\n<p>Para mais informa\u00e7\u00f5es sobre a Funda\u00e7\u00e3o Vunesp e todos os detalhes do concurso PC SP, acesse nosso artigo na \u00edntegra:<\/p>\n\n\n\n<p><\/p>\n\n\n\n<p class=\"has-text-align-center has-background has-medium-font-size\" style=\"background-color:#8dd2fc4f\"><strong>Saiba mais: <a href=\"https:\/\/www.estrategiaconcursos.com.br\/blog\/concurso-policia-civil-sp\/\" target=\"_blank\" rel=\"noreferrer noopener\">Concurso Pol\u00edcia Civil SP<\/a><\/strong><\/p>\n\n\n\n<hr class=\"wp-block-separator has-css-opacity\"\/>\n\n\n\n<h2 class=\"wp-block-heading has-text-align-center\" id=\"h-quer-saber-tudo-sobre-concursos-previstos-confira-nossos-artigos\">Quer saber tudo sobre concursos previstos?<br \/>Confira nossos artigos!<\/h2>\n\n\n\n<ul class=\"wp-block-list\">\n<li><a href=\"https:\/\/www.estrategiaconcursos.com.br\/blog\/concursos-abertos\/\" target=\"_blank\" rel=\"noreferrer noopener\">Concursos abertos<\/a><\/li>\n\n\n\n<li><a href=\"https:\/\/www.estrategiaconcursos.com.br\/blog\/concursos-de-policia\/\" target=\"_blank\" rel=\"noreferrer noopener\">Concursos policiais<\/a><\/li>\n<\/ul>\n\n\n\n<div class=\"container\" id=\"boxes\">\n  <div class=\"row\">\n\n    <div class=\"col-sm\">\n      <div class=\"banner-policial\" id=\"box-assinatura\">\n        <h3 class=\"titulo-assinatura\">Concurso PC SP<\/h3>\n        <p class=\"subtitulo-assinatura\">Conhe\u00e7a os cursos<\/p>\n        <div class=\"box-botao\">\n          <a class=\"btn-assinatura\" target=\"_blank\" href=\"https:\/\/www.estrategiaconcursos.com.br\/cursosPorConcurso\/policia-civil-sp\/\" role=\"button\" rel=\"noopener noreferrer\">Conhe\u00e7a mais<\/a>\n        <\/div>\n      <\/div>\n   \n    <\/div>\n\n  <\/div>\n<\/div>\n\n\n\n<div class=\"container\" id=\"boxes\">\n  <div class=\"row\">\n\n    <div class=\"col-sm\">\n      <div class=\"estrategia\" id=\"box-assinatura\">\n        <h3 class=\"titulo-assinatura\">Assinatura de Concursos<\/h3>\n        <p class=\"subtitulo-assinatura\">Assinatura de 1 ano ou 2 anos<\/p>\n        <div class=\"box-botao\">\n          <a class=\"btn-assinatura\" target=\"_blank\" href=\"https:\/\/www.estrategiaconcursos.com.br\/assinaturas\/\" role=\"button\" rel=\"noopener noreferrer\">ASSINE AGORA<\/a>\n        <\/div>\n      <\/div>\n     \n    <\/div><\/div><\/div>\n","protected":false},"excerpt":{"rendered":"<p>O novo concurso da Pol\u00edcia Civil de S\u00e3o Paulo segue bastante aguardado pelos concurseiros e, segundo boatos e palpites de professores e especialistas da \u00e1rea, o edital PC SP organizado pela Vunesp pode ser publicado nesta sexta-feira, 14. S\u00e3o previstas 2.939 vagas&nbsp;para os cargos de Escriv\u00e3o, Investigador, M\u00e9dico Legista e Delegado, todos de n\u00edvel superior. [&hellip;]<\/p>\n","protected":false},"author":1206,"featured_media":715844,"comment_status":"open","ping_status":"closed","sticky":false,"template":"","format":"standard","meta":{"post_tipo":"news","footnotes":""},"categories":[1988,220190],"tags":[],"tax_estado":[219989],"class_list":["post-946873","post","type-post","status-publish","format-standard","has-post-thumbnail","hentry","category-policia","category-policial-peritos","tax_estado-sp"],"acf":[],"yoast_head":"<!-- This site is optimized with the Yoast SEO Premium plugin v27.2 (Yoast SEO v27.2) - https:\/\/yoast.com\/product\/yoast-seo-premium-wordpress\/ -->\n<title>Concurso PC SP: conhe\u00e7a outros editais organizados pela Vunesp<\/title>\n<meta name=\"description\" content=\"Publica\u00e7\u00e3o do edital do concurso PC SP pode acontecer a qualquer momento! Conhe\u00e7a outros certames organizados pela Vunesp.\" \/>\n<meta name=\"robots\" content=\"index, follow, max-snippet:-1, max-image-preview:large, max-video-preview:-1\" \/>\n<link rel=\"canonical\" href=\"https:\/\/www.estrategiaconcursos.com.br\/blog\/concurso-pc-sp-editais-organizados-vunesp\/\" \/>\n<meta property=\"og:locale\" content=\"pt_BR\" \/>\n<meta property=\"og:type\" content=\"article\" \/>\n<meta property=\"og:title\" content=\"Concurso PC SP: conhe\u00e7a outros editais organizados pela Vunesp\" \/>\n<meta property=\"og:description\" content=\"Publica\u00e7\u00e3o do edital do concurso PC SP pode acontecer a qualquer momento! Conhe\u00e7a outros certames organizados pela Vunesp.\" \/>\n<meta property=\"og:url\" content=\"https:\/\/www.estrategiaconcursos.com.br\/blog\/concurso-pc-sp-editais-organizados-vunesp\/\" \/>\n<meta property=\"og:site_name\" content=\"Estrat\u00e9gia Concursos\" \/>\n<meta property=\"article:published_time\" content=\"2022-01-13T19:25:18+00:00\" \/>\n<meta property=\"article:modified_time\" content=\"2023-09-01T13:53:05+00:00\" \/>\n<meta property=\"og:image\" content=\"https:\/\/dhg1h5j42swfq.cloudfront.net\/2021\/03\/16163250\/pc_sp.jpg\" \/>\n\t<meta property=\"og:image:width\" content=\"768\" \/>\n\t<meta property=\"og:image:height\" content=\"432\" \/>\n\t<meta property=\"og:image:type\" content=\"image\/jpeg\" \/>\n<meta name=\"author\" content=\"Bruna de Andrade Fran\u00e7a\" \/>\n<meta name=\"twitter:card\" content=\"summary_large_image\" \/>\n<meta name=\"twitter:creator\" content=\"@EstratConcursos\" \/>\n<meta name=\"twitter:site\" content=\"@EstratConcursos\" \/>\n<meta name=\"twitter:label1\" content=\"Escrito por\" \/>\n\t<meta name=\"twitter:data1\" content=\"Bruna de Andrade Fran\u00e7a\" \/>\n\t<meta name=\"twitter:label2\" content=\"Est. tempo de leitura\" \/>\n\t<meta name=\"twitter:data2\" content=\"4 minutos\" \/>\n<script type=\"application\/ld+json\" class=\"yoast-schema-graph\">{\"@context\":\"https:\/\/schema.org\",\"@graph\":[{\"@type\":\"NewsArticle\",\"@id\":\"https:\/\/www.estrategiaconcursos.com.br\/blog\/concurso-pc-sp-editais-organizados-vunesp\/#article\",\"isPartOf\":{\"@id\":\"https:\/\/www.estrategiaconcursos.com.br\/blog\/concurso-pc-sp-editais-organizados-vunesp\/\"},\"author\":{\"name\":\"Bruna de Andrade Fran\u00e7a\",\"@id\":\"https:\/\/www.estrategiaconcursos.com.br\/blog\/#\/schema\/person\/6630f91134abc08115cca62ce6372855\"},\"headline\":\"Concurso PC SP: conhe\u00e7a outros editais organizados pela Vunesp\",\"datePublished\":\"2022-01-13T19:25:18+00:00\",\"dateModified\":\"2023-09-01T13:53:05+00:00\",\"mainEntityOfPage\":{\"@id\":\"https:\/\/www.estrategiaconcursos.com.br\/blog\/concurso-pc-sp-editais-organizados-vunesp\/\"},\"wordCount\":562,\"commentCount\":0,\"publisher\":{\"@id\":\"https:\/\/www.estrategiaconcursos.com.br\/blog\/#organization\"},\"image\":{\"@id\":\"https:\/\/www.estrategiaconcursos.com.br\/blog\/concurso-pc-sp-editais-organizados-vunesp\/#primaryimage\"},\"thumbnailUrl\":\"https:\/\/dhg1h5j42swfq.cloudfront.net\/2021\/03\/16163250\/pc_sp.jpg\",\"articleSection\":[\"Policial (Agente, Escriv\u00e3o e Investigador)\",\"Policial (Peritos, Papiloscopistas)\"],\"inLanguage\":\"pt-BR\",\"potentialAction\":[{\"@type\":\"CommentAction\",\"name\":\"Comment\",\"target\":[\"https:\/\/www.estrategiaconcursos.com.br\/blog\/concurso-pc-sp-editais-organizados-vunesp\/#respond\"]}],\"copyrightYear\":\"2022\",\"copyrightHolder\":{\"@id\":\"https:\/\/www.estrategiaconcursos.com.br\/blog\/#organization\"}},{\"@type\":\"WebPage\",\"@id\":\"https:\/\/www.estrategiaconcursos.com.br\/blog\/concurso-pc-sp-editais-organizados-vunesp\/\",\"url\":\"https:\/\/www.estrategiaconcursos.com.br\/blog\/concurso-pc-sp-editais-organizados-vunesp\/\",\"name\":\"Concurso PC SP: conhe\u00e7a outros editais organizados pela Vunesp\",\"isPartOf\":{\"@id\":\"https:\/\/www.estrategiaconcursos.com.br\/blog\/#website\"},\"primaryImageOfPage\":{\"@id\":\"https:\/\/www.estrategiaconcursos.com.br\/blog\/concurso-pc-sp-editais-organizados-vunesp\/#primaryimage\"},\"image\":{\"@id\":\"https:\/\/www.estrategiaconcursos.com.br\/blog\/concurso-pc-sp-editais-organizados-vunesp\/#primaryimage\"},\"thumbnailUrl\":\"https:\/\/dhg1h5j42swfq.cloudfront.net\/2021\/03\/16163250\/pc_sp.jpg\",\"datePublished\":\"2022-01-13T19:25:18+00:00\",\"dateModified\":\"2023-09-01T13:53:05+00:00\",\"description\":\"Publica\u00e7\u00e3o do edital do concurso PC SP pode acontecer a qualquer momento! Conhe\u00e7a outros certames organizados pela Vunesp.\",\"breadcrumb\":{\"@id\":\"https:\/\/www.estrategiaconcursos.com.br\/blog\/concurso-pc-sp-editais-organizados-vunesp\/#breadcrumb\"},\"inLanguage\":\"pt-BR\",\"potentialAction\":[{\"@type\":\"ReadAction\",\"target\":[\"https:\/\/www.estrategiaconcursos.com.br\/blog\/concurso-pc-sp-editais-organizados-vunesp\/\"]}]},{\"@type\":\"ImageObject\",\"inLanguage\":\"pt-BR\",\"@id\":\"https:\/\/www.estrategiaconcursos.com.br\/blog\/concurso-pc-sp-editais-organizados-vunesp\/#primaryimage\",\"url\":\"https:\/\/dhg1h5j42swfq.cloudfront.net\/2021\/03\/16163250\/pc_sp.jpg\",\"contentUrl\":\"https:\/\/dhg1h5j42swfq.cloudfront.net\/2021\/03\/16163250\/pc_sp.jpg\",\"width\":768,\"height\":432,\"caption\":\"Concurso PC SP\"},{\"@type\":\"BreadcrumbList\",\"@id\":\"https:\/\/www.estrategiaconcursos.com.br\/blog\/concurso-pc-sp-editais-organizados-vunesp\/#breadcrumb\",\"itemListElement\":[{\"@type\":\"ListItem\",\"position\":1,\"name\":\"In\u00edcio\",\"item\":\"https:\/\/www.estrategiaconcursos.com.br\/blog\/\"},{\"@type\":\"ListItem\",\"position\":2,\"name\":\"Concurso PC SP: conhe\u00e7a outros editais organizados pela Vunesp\"}]},{\"@type\":\"WebSite\",\"@id\":\"https:\/\/www.estrategiaconcursos.com.br\/blog\/#website\",\"url\":\"https:\/\/www.estrategiaconcursos.com.br\/blog\/\",\"name\":\"Estrat\u00e9gia Concursos\",\"description\":\"O blog da Estrat\u00e9gia Concursos traz not\u00edcias sobre concursos e artigos de professores oferecendo cursos para concursos (pdf + videaulas) no site.\",\"publisher\":{\"@id\":\"https:\/\/www.estrategiaconcursos.com.br\/blog\/#organization\"},\"potentialAction\":[{\"@type\":\"SearchAction\",\"target\":{\"@type\":\"EntryPoint\",\"urlTemplate\":\"https:\/\/www.estrategiaconcursos.com.br\/blog\/?s={search_term_string}\"},\"query-input\":{\"@type\":\"PropertyValueSpecification\",\"valueRequired\":true,\"valueName\":\"search_term_string\"}}],\"inLanguage\":\"pt-BR\"},{\"@type\":\"Organization\",\"@id\":\"https:\/\/www.estrategiaconcursos.com.br\/blog\/#organization\",\"name\":\"Estrat\u00e9gia Concursos\",\"url\":\"https:\/\/www.estrategiaconcursos.com.br\/blog\/\",\"logo\":{\"@type\":\"ImageObject\",\"inLanguage\":\"pt-BR\",\"@id\":\"https:\/\/www.estrategiaconcursos.com.br\/blog\/#\/schema\/logo\/image\/\",\"url\":\"https:\/\/dhg1h5j42swfq.cloudfront.net\/2025\/06\/03203428\/logo_concursos-1.jpg\",\"contentUrl\":\"https:\/\/dhg1h5j42swfq.cloudfront.net\/2025\/06\/03203428\/logo_concursos-1.jpg\",\"width\":230,\"height\":60,\"caption\":\"Estrat\u00e9gia Concursos\"},\"image\":{\"@id\":\"https:\/\/www.estrategiaconcursos.com.br\/blog\/#\/schema\/logo\/image\/\"},\"sameAs\":[\"https:\/\/x.com\/EstratConcursos\"]},{\"@type\":\"Person\",\"@id\":\"https:\/\/www.estrategiaconcursos.com.br\/blog\/#\/schema\/person\/6630f91134abc08115cca62ce6372855\",\"name\":\"Bruna de Andrade Fran\u00e7a\",\"image\":{\"@type\":\"ImageObject\",\"inLanguage\":\"pt-BR\",\"@id\":\"https:\/\/secure.gravatar.com\/avatar\/d6316d36d50cea0fadae28ed3015b8870cc90a2d3d8a95c37b44006af36a00e3?s=96&d=mm&r=g\",\"url\":\"https:\/\/secure.gravatar.com\/avatar\/d6316d36d50cea0fadae28ed3015b8870cc90a2d3d8a95c37b44006af36a00e3?s=96&d=mm&r=g\",\"contentUrl\":\"https:\/\/secure.gravatar.com\/avatar\/d6316d36d50cea0fadae28ed3015b8870cc90a2d3d8a95c37b44006af36a00e3?s=96&d=mm&r=g\",\"caption\":\"Bruna de Andrade Fran\u00e7a\"},\"description\":\"Bruna de Andrade Fran\u00e7a \u00e9 publicit\u00e1ria com p\u00f3s-gradua\u00e7\u00e3o em Marketing &amp; Growth, atuando h\u00e1 mais de 6 anos no universo dos concursos p\u00fablicos. Desde 2021, lidera no Blog do Estrat\u00e9gia Concursos a cobertura editorial especializada em Concursos Policiais (PF, PRF, PM, PC, etc.), al\u00e9m das frentes de concursos banc\u00e1rios, de sa\u00fade e da \u00e1rea legislativa. Especialista em reda\u00e7\u00e3o, com pr\u00e1ticas de SEO e Copywriting, possui tamb\u00e9m atua\u00e7\u00e3o pr\u00e1tica de contato direto com \u00f3rg\u00e3os p\u00fablicos respons\u00e1veis por editais, permitindo acesso antecipado a informa\u00e7\u00f5es, desdobramentos importantes e atualiza\u00e7\u00e3o eficiente dos concursos p\u00fablicos.\",\"url\":\"https:\/\/www.estrategiaconcursos.com.br\/blog\/author\/bruna-andrade\/\"}]}<\/script>\n<!-- \/ Yoast SEO Premium plugin. -->","yoast_head_json":{"title":"Concurso PC SP: conhe\u00e7a outros editais organizados pela Vunesp","description":"Publica\u00e7\u00e3o do edital do concurso PC SP pode acontecer a qualquer momento! Conhe\u00e7a outros certames organizados pela Vunesp.","robots":{"index":"index","follow":"follow","max-snippet":"max-snippet:-1","max-image-preview":"max-image-preview:large","max-video-preview":"max-video-preview:-1"},"canonical":"https:\/\/www.estrategiaconcursos.com.br\/blog\/concurso-pc-sp-editais-organizados-vunesp\/","og_locale":"pt_BR","og_type":"article","og_title":"Concurso PC SP: conhe\u00e7a outros editais organizados pela Vunesp","og_description":"Publica\u00e7\u00e3o do edital do concurso PC SP pode acontecer a qualquer momento! Conhe\u00e7a outros certames organizados pela Vunesp.","og_url":"https:\/\/www.estrategiaconcursos.com.br\/blog\/concurso-pc-sp-editais-organizados-vunesp\/","og_site_name":"Estrat\u00e9gia Concursos","article_published_time":"2022-01-13T19:25:18+00:00","article_modified_time":"2023-09-01T13:53:05+00:00","og_image":[{"width":768,"height":432,"url":"https:\/\/dhg1h5j42swfq.cloudfront.net\/2021\/03\/16163250\/pc_sp.jpg","type":"image\/jpeg"}],"author":"Bruna de Andrade Fran\u00e7a","twitter_card":"summary_large_image","twitter_creator":"@EstratConcursos","twitter_site":"@EstratConcursos","twitter_misc":{"Escrito por":"Bruna de Andrade Fran\u00e7a","Est. tempo de leitura":"4 minutos"},"schema":{"@context":"https:\/\/schema.org","@graph":[{"@type":"NewsArticle","@id":"https:\/\/www.estrategiaconcursos.com.br\/blog\/concurso-pc-sp-editais-organizados-vunesp\/#article","isPartOf":{"@id":"https:\/\/www.estrategiaconcursos.com.br\/blog\/concurso-pc-sp-editais-organizados-vunesp\/"},"author":{"name":"Bruna de Andrade Fran\u00e7a","@id":"https:\/\/www.estrategiaconcursos.com.br\/blog\/#\/schema\/person\/6630f91134abc08115cca62ce6372855"},"headline":"Concurso PC SP: conhe\u00e7a outros editais organizados pela Vunesp","datePublished":"2022-01-13T19:25:18+00:00","dateModified":"2023-09-01T13:53:05+00:00","mainEntityOfPage":{"@id":"https:\/\/www.estrategiaconcursos.com.br\/blog\/concurso-pc-sp-editais-organizados-vunesp\/"},"wordCount":562,"commentCount":0,"publisher":{"@id":"https:\/\/www.estrategiaconcursos.com.br\/blog\/#organization"},"image":{"@id":"https:\/\/www.estrategiaconcursos.com.br\/blog\/concurso-pc-sp-editais-organizados-vunesp\/#primaryimage"},"thumbnailUrl":"https:\/\/dhg1h5j42swfq.cloudfront.net\/2021\/03\/16163250\/pc_sp.jpg","articleSection":["Policial (Agente, Escriv\u00e3o e Investigador)","Policial (Peritos, Papiloscopistas)"],"inLanguage":"pt-BR","potentialAction":[{"@type":"CommentAction","name":"Comment","target":["https:\/\/www.estrategiaconcursos.com.br\/blog\/concurso-pc-sp-editais-organizados-vunesp\/#respond"]}],"copyrightYear":"2022","copyrightHolder":{"@id":"https:\/\/www.estrategiaconcursos.com.br\/blog\/#organization"}},{"@type":"WebPage","@id":"https:\/\/www.estrategiaconcursos.com.br\/blog\/concurso-pc-sp-editais-organizados-vunesp\/","url":"https:\/\/www.estrategiaconcursos.com.br\/blog\/concurso-pc-sp-editais-organizados-vunesp\/","name":"Concurso PC SP: conhe\u00e7a outros editais organizados pela Vunesp","isPartOf":{"@id":"https:\/\/www.estrategiaconcursos.com.br\/blog\/#website"},"primaryImageOfPage":{"@id":"https:\/\/www.estrategiaconcursos.com.br\/blog\/concurso-pc-sp-editais-organizados-vunesp\/#primaryimage"},"image":{"@id":"https:\/\/www.estrategiaconcursos.com.br\/blog\/concurso-pc-sp-editais-organizados-vunesp\/#primaryimage"},"thumbnailUrl":"https:\/\/dhg1h5j42swfq.cloudfront.net\/2021\/03\/16163250\/pc_sp.jpg","datePublished":"2022-01-13T19:25:18+00:00","dateModified":"2023-09-01T13:53:05+00:00","description":"Publica\u00e7\u00e3o do edital do concurso PC SP pode acontecer a qualquer momento! Conhe\u00e7a outros certames organizados pela Vunesp.","breadcrumb":{"@id":"https:\/\/www.estrategiaconcursos.com.br\/blog\/concurso-pc-sp-editais-organizados-vunesp\/#breadcrumb"},"inLanguage":"pt-BR","potentialAction":[{"@type":"ReadAction","target":["https:\/\/www.estrategiaconcursos.com.br\/blog\/concurso-pc-sp-editais-organizados-vunesp\/"]}]},{"@type":"ImageObject","inLanguage":"pt-BR","@id":"https:\/\/www.estrategiaconcursos.com.br\/blog\/concurso-pc-sp-editais-organizados-vunesp\/#primaryimage","url":"https:\/\/dhg1h5j42swfq.cloudfront.net\/2021\/03\/16163250\/pc_sp.jpg","contentUrl":"https:\/\/dhg1h5j42swfq.cloudfront.net\/2021\/03\/16163250\/pc_sp.jpg","width":768,"height":432,"caption":"Concurso PC SP"},{"@type":"BreadcrumbList","@id":"https:\/\/www.estrategiaconcursos.com.br\/blog\/concurso-pc-sp-editais-organizados-vunesp\/#breadcrumb","itemListElement":[{"@type":"ListItem","position":1,"name":"In\u00edcio","item":"https:\/\/www.estrategiaconcursos.com.br\/blog\/"},{"@type":"ListItem","position":2,"name":"Concurso PC SP: conhe\u00e7a outros editais organizados pela Vunesp"}]},{"@type":"WebSite","@id":"https:\/\/www.estrategiaconcursos.com.br\/blog\/#website","url":"https:\/\/www.estrategiaconcursos.com.br\/blog\/","name":"Estrat\u00e9gia Concursos","description":"O blog da Estrat\u00e9gia Concursos traz not\u00edcias sobre concursos e artigos de professores oferecendo cursos para concursos (pdf + videaulas) no site.","publisher":{"@id":"https:\/\/www.estrategiaconcursos.com.br\/blog\/#organization"},"potentialAction":[{"@type":"SearchAction","target":{"@type":"EntryPoint","urlTemplate":"https:\/\/www.estrategiaconcursos.com.br\/blog\/?s={search_term_string}"},"query-input":{"@type":"PropertyValueSpecification","valueRequired":true,"valueName":"search_term_string"}}],"inLanguage":"pt-BR"},{"@type":"Organization","@id":"https:\/\/www.estrategiaconcursos.com.br\/blog\/#organization","name":"Estrat\u00e9gia Concursos","url":"https:\/\/www.estrategiaconcursos.com.br\/blog\/","logo":{"@type":"ImageObject","inLanguage":"pt-BR","@id":"https:\/\/www.estrategiaconcursos.com.br\/blog\/#\/schema\/logo\/image\/","url":"https:\/\/dhg1h5j42swfq.cloudfront.net\/2025\/06\/03203428\/logo_concursos-1.jpg","contentUrl":"https:\/\/dhg1h5j42swfq.cloudfront.net\/2025\/06\/03203428\/logo_concursos-1.jpg","width":230,"height":60,"caption":"Estrat\u00e9gia Concursos"},"image":{"@id":"https:\/\/www.estrategiaconcursos.com.br\/blog\/#\/schema\/logo\/image\/"},"sameAs":["https:\/\/x.com\/EstratConcursos"]},{"@type":"Person","@id":"https:\/\/www.estrategiaconcursos.com.br\/blog\/#\/schema\/person\/6630f91134abc08115cca62ce6372855","name":"Bruna de Andrade Fran\u00e7a","image":{"@type":"ImageObject","inLanguage":"pt-BR","@id":"https:\/\/secure.gravatar.com\/avatar\/d6316d36d50cea0fadae28ed3015b8870cc90a2d3d8a95c37b44006af36a00e3?s=96&d=mm&r=g","url":"https:\/\/secure.gravatar.com\/avatar\/d6316d36d50cea0fadae28ed3015b8870cc90a2d3d8a95c37b44006af36a00e3?s=96&d=mm&r=g","contentUrl":"https:\/\/secure.gravatar.com\/avatar\/d6316d36d50cea0fadae28ed3015b8870cc90a2d3d8a95c37b44006af36a00e3?s=96&d=mm&r=g","caption":"Bruna de Andrade Fran\u00e7a"},"description":"Bruna de Andrade Fran\u00e7a \u00e9 publicit\u00e1ria com p\u00f3s-gradua\u00e7\u00e3o em Marketing &amp; Growth, atuando h\u00e1 mais de 6 anos no universo dos concursos p\u00fablicos. Desde 2021, lidera no Blog do Estrat\u00e9gia Concursos a cobertura editorial especializada em Concursos Policiais (PF, PRF, PM, PC, etc.), al\u00e9m das frentes de concursos banc\u00e1rios, de sa\u00fade e da \u00e1rea legislativa. Especialista em reda\u00e7\u00e3o, com pr\u00e1ticas de SEO e Copywriting, possui tamb\u00e9m atua\u00e7\u00e3o pr\u00e1tica de contato direto com \u00f3rg\u00e3os p\u00fablicos respons\u00e1veis por editais, permitindo acesso antecipado a informa\u00e7\u00f5es, desdobramentos importantes e atualiza\u00e7\u00e3o eficiente dos concursos p\u00fablicos.","url":"https:\/\/www.estrategiaconcursos.com.br\/blog\/author\/bruna-andrade\/"}]}},"_links":{"self":[{"href":"https:\/\/www.estrategiaconcursos.com.br\/blog\/wp-json\/wp\/v2\/posts\/946873","targetHints":{"allow":["GET"]}}],"collection":[{"href":"https:\/\/www.estrategiaconcursos.com.br\/blog\/wp-json\/wp\/v2\/posts"}],"about":[{"href":"https:\/\/www.estrategiaconcursos.com.br\/blog\/wp-json\/wp\/v2\/types\/post"}],"author":[{"embeddable":true,"href":"https:\/\/www.estrategiaconcursos.com.br\/blog\/wp-json\/wp\/v2\/users\/1206"}],"replies":[{"embeddable":true,"href":"https:\/\/www.estrategiaconcursos.com.br\/blog\/wp-json\/wp\/v2\/comments?post=946873"}],"version-history":[{"count":8,"href":"https:\/\/www.estrategiaconcursos.com.br\/blog\/wp-json\/wp\/v2\/posts\/946873\/revisions"}],"predecessor-version":[{"id":1272573,"href":"https:\/\/www.estrategiaconcursos.com.br\/blog\/wp-json\/wp\/v2\/posts\/946873\/revisions\/1272573"}],"wp:featuredmedia":[{"embeddable":true,"href":"https:\/\/www.estrategiaconcursos.com.br\/blog\/wp-json\/wp\/v2\/media\/715844"}],"wp:attachment":[{"href":"https:\/\/www.estrategiaconcursos.com.br\/blog\/wp-json\/wp\/v2\/media?parent=946873"}],"wp:term":[{"taxonomy":"category","embeddable":true,"href":"https:\/\/www.estrategiaconcursos.com.br\/blog\/wp-json\/wp\/v2\/categories?post=946873"},{"taxonomy":"post_tag","embeddable":true,"href":"https:\/\/www.estrategiaconcursos.com.br\/blog\/wp-json\/wp\/v2\/tags?post=946873"},{"taxonomy":"tax_estado","embeddable":true,"href":"https:\/\/www.estrategiaconcursos.com.br\/blog\/wp-json\/wp\/v2\/tax_estado?post=946873"}],"curies":[{"name":"wp","href":"https:\/\/api.w.org\/{rel}","templated":true}]}}