{"id":94685,"date":"2020-09-22T08:40:49","date_gmt":"2020-09-22T11:40:49","guid":{"rendered":"https:\/\/www.estrategiaconcursos.com.br\/blog\/?p=94685"},"modified":"2020-10-28T11:48:30","modified_gmt":"2020-10-28T14:48:30","slug":"concurso-pgm-manaus","status":"publish","type":"post","link":"https:\/\/www.estrategiaconcursos.com.br\/blog\/concurso-pgm-manaus\/","title":{"rendered":"Concurso PGM Manaus: certame prorrogado at\u00e9 2022"},"content":{"rendered":"\n<h2 class=\"wp-block-heading\"><em>Aprovados ainda poder\u00e3o ser convocados!<\/em><\/h2>\n\n\n\n<p>O Prefeito de Manaus, <strong>Arthur Virg\u00edlio Neto<\/strong>, decidiu <a rel=\"noreferrer noopener\" href=\"https:\/\/dhg1h5j42swfq.cloudfront.net\/2020\/09\/22082030\/pgm-manaus.pdf\" target=\"_blank\">prorrogar o prazo de validade<\/a> do concurso PGM Manaus, por mais dois anos. Sendo assim, o certame que j\u00e1 havia sido prorrogado, agora ficar\u00e1 v\u00e1lido at\u00e9 2022. <\/p>\n\n\n\n<p>A medida foi tomada para que o \u00f3rg\u00e3o consiga convocar os aprovados antes do encerramento do prazo de validade. Acredita-se que essa nova prorroga\u00e7\u00e3o do prazo de validade ir\u00e1 acelerar as convoca\u00e7\u00f5es. <\/p>\n\n\n\n<p class=\"has-text-align-left\"><span style=\"color: #000000;\">O edital do certame foi publicado em janeiro de 2018.&nbsp;Segundo o edital, foram ofertadas 08 vagas imediatas mais <\/span>cadastro de reserva para o cargo de Procurador. <span style=\"color: #000000;\">A remunera\u00e7\u00e3o mensal \u00e9 de <em><strong>R$19.343,91<\/strong><\/em> para desempenhar a fun\u00e7\u00e3o e ter\u00e3o jornada semanal de 20h.<\/span><\/p>\n\n\n\n<div class=\"container\" id=\"boxes\">\n  <div class=\"row\">\n\n    <div class=\"col-sm\">\n      <div class=\"banner-ecj\" id=\"box-assinatura\">\n        <h3 class=\"titulo-assinatura\">Curso para PGM Manaus <\/h3>\n        <p class=\"subtitulo-assinatura\">Cursos focados no edital do concurso<\/p>\n        <div class=\"box-botao\">\n          <a class=\"btn-assinatura\" target=\"_blank\" href=\"https:\/\/www.estrategiaconcursos.com.br\/cursosPorConcurso\/procuradorias-municipais-pgms-cursos-regulares-procurador\/\" role=\"button\" rel=\"noopener noreferrer\">Conhe\u00e7a mais<\/a>\n        <\/div>\n      <\/div>\n      <p class=\"texto-auxiliar\">Prepare-se com o melhor material e com quem mais aprova em concursos de Procuradorias em todo o pa\u00eds. \n<\/p>\n    <\/div>\n\n  <\/div>\n<\/div>\n\n\n\n<ul class=\"wp-block-list\"><li><strong><a href=\"#atual\">Situa\u00e7\u00e3o atual do concurso<\/a><\/strong><\/li><li><strong><a href=\"#carreira\">Carreira<\/a><\/strong><ul><li><strong><a href=\"#cargo\">Cargos, vagas e Sal\u00e1rios<\/a><\/strong><\/li><li><strong><a href=\"#requisitos\">Requisitos <\/a><\/strong><\/li><\/ul><\/li><li><strong><a href=\"#prova\">Etapas de provas <\/a><\/strong><\/li><li><strong><a href=\"#objetiva\">Provas do Concurso PGM Manaus<\/a><\/strong><ul><li><strong><a href=\"#objetiva\">Prova Objetiva<\/a><\/strong><\/li><li><strong><a href=\"#discursiva\">Prova Discursiva<\/a><\/strong><\/li><li><strong><a href=\"#t\u00edtulo\">Avalia\u00e7\u00e3o de T\u00edtulos<\/a><\/strong><\/li><\/ul><\/li><li><strong><a href=\"#curso\">Cursos e Assinaturas <\/a><\/strong><\/li><li><strong><a href=\"#ficha\">Ficha T\u00e9cnica<\/a><\/strong><\/li><\/ul>\n\n\n\n<h2 class=\"wp-block-heading\" id=\"atual\">Concurso PGM Manaus: Situa\u00e7\u00e3o atual <\/h2>\n\n\n\n<h3 class=\"wp-block-heading\" id=\"cargo\">Cargos, vagas e sal\u00e1rios<\/h3>\n\n\n\n<figure class=\"wp-block-table is-style-stripes\"><table class=\"has-subtle-pale-blue-background-color has-background\"><tbody><tr><td>CARGOS<\/td><td><strong>VAGAS<\/strong><\/td><td><strong>REMUNERA\u00c7\u00d5ES<\/strong><\/td><\/tr><tr><td>Procurador<\/td><td>08 + CR<\/td><td>R$19.343,91<\/td><\/tr><\/tbody><\/table><\/figure>\n\n\n\n<h2 class=\"wp-block-heading\" id=\"carreira\">Concurso PGM Manaus: Carreira<\/h2>\n\n\n\n<h3 class=\"wp-block-heading\" id=\"requisitos\">Requisitos <\/h3>\n\n\n\n<p class=\"has-text-align-left\"><span style=\"color: #000000;\">Para a investidura no cargo, exigiu-se dos candidatos o diploma de bacharel em Direito, al\u00e9m da inscri\u00e7\u00e3o regular como advogado na <em><strong>OAB<\/strong>.<\/em>&nbsp;<\/span><\/p>\n\n\n\n<p class=\"has-text-align-left\"><em><strong>Importante<\/strong><\/em>: o concurso da Procuradoria Geral do Munic\u00edpio de Manaus <em><strong>n\u00e3o<\/strong><\/em>&nbsp;tem tempo m\u00ednimo de <a rel=\"noopener noreferrer\" href=\"https:\/\/www.estrategiaconcursos.com.br\/blog\/atividade-juridica-concursos-publicos\/\" target=\"_blank\">atividade jur\u00eddica<\/a>&nbsp;como requisito para a investidura no cargo de Procurador do Munic\u00edpio de 3\u00aa classe. <\/p>\n\n\n\n<h2 class=\"has-text-align-left wp-block-heading\" id=\"prova\">Concurso PGM Manaus: Etapas de provas <\/h2>\n\n\n\n<p class=\"has-text-align-left\"><span style=\"color: #000000;\">O certame foi segmentado em 3 etapas, sendo:&nbsp;<\/span><\/p>\n\n\n\n<p class=\"has-text-align-left\"><span style=\"color: #000000;\"><strong><em>1\u00aa)<\/em><\/strong> <em><strong>Prova objetiva <\/strong>(eliminat\u00f3ria e classificat\u00f3ria)<\/em>;<\/span><\/p>\n\n\n\n<p class=\"has-text-align-left\"><span style=\"color: #000000;\"><strong><em>2\u00aa)&nbsp;<\/em><\/strong><em><strong>Prova discursiva&nbsp;<\/strong>(eliminat\u00f3ria e classificat\u00f3ria);&nbsp;<\/em><\/span><\/p>\n\n\n\n<p class=\"has-text-align-left\"><span style=\"color: #000000;\"><strong><em>3\u00aa)<\/em> <em>Avalia\u00e7\u00e3o de T\u00edtulos<\/em><\/strong> <em>(Classificat\u00f3ria)<\/em>.<\/span><\/p>\n\n\n\n<h3 class=\"has-text-align-left wp-block-heading\" id=\"objetiva\">Provas do Concurso PGM Manaus<\/h3>\n\n\n\n<p class=\"has-text-align-left\"><span style=\"color: #000000;\">O certame contou com&nbsp;<strong><em>duas provas<\/em><\/strong>, uma&nbsp;<strong><em>objetiva<\/em><\/strong> e outra&nbsp;<em><strong>discursiva<\/strong><\/em>. Todas as fases do concurso ocorrer\u00e3o em Manaus (AM).<\/span><\/p>\n\n\n\n<p class=\"has-text-align-left\"><span style=\"color: #000000;\">Al\u00e9m disso, os candidatos aprovados na fase de prova discursiva puderam apresentar t\u00edtulos, aos quais ser\u00e3o atribu\u00eddos pontos. Os t\u00edtulos representam uma s\u00e9rie de atividades, profissionais e acad\u00eamicas.<\/span><\/p>\n\n\n\n<h3 class=\"has-text-align-left wp-block-heading\" id=\"objetiva\">Prova Objetiva (P\u00b9)<\/h3>\n\n\n\n<p class=\"has-text-align-left\"><span style=\"color: #000000;\">A&nbsp;<strong><em>Prova Objetiva<\/em><\/strong> ocorreu em 20 de maio de 2018&nbsp;no per\u00edodo da tarde, com dura\u00e7\u00e3o m\u00e1xima de&nbsp;<strong><em>5 horas<\/em><\/strong>.<\/span><\/p>\n\n\n\n<p class=\"has-text-align-left\"><span style=\"color: #000000;\">A P\u00b9 foi composta por <strong><em>150 itens<\/em><\/strong> para julgamento agrupados por comandos.&nbsp; Os itens dever\u00e3o ser valorados como <strong><em>CERTO<\/em><\/strong> ou <em><strong>ERRADO<\/strong><\/em>.<\/span><\/p>\n\n\n\n<p class=\"has-text-align-left\"><span style=\"color: #000000;\"><strong><em>Total de pontos<\/em><\/strong>: 150.<\/span><\/p>\n\n\n\n<p class=\"has-text-align-left\"><span style=\"color: #000000;\"><strong><em>Forma de avalia\u00e7\u00e3o<\/em><\/strong>:<\/span><\/p>\n\n\n\n<p class=\"has-text-align-left\"><span style=\"color: #000000;\">+1 ponto se a resposta estiver correta.<\/span><br \/><span style=\"color: #000000;\"> &#8211; 1 ponto se a marca\u00e7\u00e3o estiver incorreta.<\/span><br \/><span style=\"color: #000000;\"> 0 ponto em caso de dupla marca\u00e7\u00e3o ou em branco.<\/span><\/p>\n\n\n\n<p class=\"has-text-align-left\"><span style=\"color: #000000;\"><strong><em>Nota m\u00ednima para aprova\u00e7\u00e3o<\/em><\/strong>: 45 pontos.<\/span><\/p>\n\n\n\n<h3 class=\"has-text-align-left wp-block-heading\" id=\"discursiva\">Prova Discursiva (P\u00b2)<\/h3>\n\n\n\n<p class=\"has-text-align-left\"><span style=\"color: #000000;\">A&nbsp;<strong><em>Prova Discursiva<\/em><\/strong> foi aplicada no dia&nbsp;1\u00ba de julho de 2018 no per\u00edodo da tarde, com dura\u00e7\u00e3o de&nbsp;<strong><em>5 horas<\/em><\/strong><em>,&nbsp;<\/em>no turno da tarde.<\/span><\/p>\n\n\n\n<p class=\"has-text-align-left\"><span style=\"color: #000000;\">Foram convocados para a P\u00b2 os 190 melhores classificados na categoria ampla concorr\u00eancia e os 10 melhores classificados entre os concorrentes \u00e0s vagas destinadas \u00e0 candidatos com defici\u00eancia.<\/span><\/p>\n\n\n\n<p class=\"has-text-align-left\"><span style=\"color: #000000;\">Se n\u00e3o tivesse candidatos aprovados na categoria PcD, o \u00f3rg\u00e3o iria convocar os 200 melhores classificados na lista geral. Foram respeitados os empates. A P\u00b2 foi composta por <em><strong>3 quest\u00f5es discursivas<\/strong><\/em> e <strong><em>1 pe\u00e7a jur\u00eddica<\/em><\/strong>.<\/span><\/p>\n\n\n\n<p class=\"has-text-align-left\"><span style=\"color: #000000;\">Ambas as partes da P\u00b2 versaram sobre um ou mais temas constantes no conte\u00fado program\u00e1tico do concurso.<\/span><\/p>\n\n\n\n<figure class=\"wp-block-table is-style-stripes\"><table class=\"has-subtle-pale-green-background-color has-background\"><tbody><tr><td>Prova<\/td><td>\u00c1rea de conhecimento<\/td><td>N\u00famero de itens<\/td><td>Car\u00e1ter<\/td><\/tr><tr><td>Discursiva<\/td><td>&#8211;<\/td><td>3 quest\u00f5es pr\u00e1ticas<\/td><td>Eliminat\u00f3rio e Classificat\u00f3rio<\/td><\/tr><tr><td>Avalia\u00e7\u00e3o de t\u00edtulos<\/td><td>&#8211;<\/td><td>1 pe\u00e7a jur\u00eddica<\/td><td>Classificat\u00f3rio<\/td><\/tr><\/tbody><\/table><\/figure>\n\n\n\n<p class=\"has-text-align-left\"><span style=\"color: #000000;\"><strong><em>Total de pontos<\/em><\/strong>: 100.<\/span><\/p>\n\n\n\n<p class=\"has-text-align-left\"><span style=\"color: #000000;\"><strong><em>Quest\u00f5es discursivas (3)<\/em><\/strong>: valor de 15 pontos por quest\u00e3o (45 pontos no total), com respostas em at\u00e9 20 linhas.<\/span><\/p>\n\n\n\n<p class=\"has-text-align-left\"><span style=\"color: #000000;\"><strong><em>Pe\u00e7a Jur\u00eddica (1)<\/em><\/strong>: valor de 55 pontos, devendo ser elaborada em at\u00e9 120 linhas.<\/span><\/p>\n\n\n\n<p class=\"has-text-align-left\"><span style=\"color: #000000;\"><strong><em>Notas m\u00ednimas<\/em><\/strong>: 22 pontos nas quest\u00f5es, 27 pontos na pe\u00e7a jur\u00eddica.<\/span><\/p>\n\n\n\n<h3 class=\"has-text-align-left wp-block-heading\" id=\"t\u00edtulo\">Avalia\u00e7\u00e3o de T\u00edtulos<\/h3>\n\n\n\n<p class=\"has-text-align-left\"><span style=\"color: #000000;\">Ocorreu depois da divulga\u00e7\u00e3o do resultado da Prova Discursiva. Foram concedidos, pelo total de t\u00edtulos apresentados, o valor m\u00e1ximo de <strong><em>11,5 pontos<\/em><\/strong>. Confira abaixo a lista de t\u00edtulos:<\/span><\/p>\n\n\n\n<div class=\"wp-block-image\"><figure class=\"aligncenter is-resized\"><img loading=\"lazy\" decoding=\"async\" src=\"https:\/\/dhg1h5j42swfq.cloudfront.net\/2018\/01\/31104053\/pgm-manaus-titulos.jpg\" alt=\"concurso pgm manaus\" class=\"wp-image-104678\" width=\"349\" height=\"574\"\/><\/figure><\/div>\n\n\n\n<h3 class=\"wp-block-heading\">Conte\u00fados Exigidos<\/h3>\n\n\n\n<p><span style=\"color: #000000;\">Os conte\u00fados cobrados para o cargo de Procurador s\u00e3o :<\/span><\/p>\n\n\n\n<p><span style=\"color: #000000;\"><em>Direito Ambiental<\/em><\/span><\/p>\n\n\n\n<p><span style=\"color: #000000;\"><em>Direito Civil<\/em><\/span><\/p>\n\n\n\n<p><span style=\"color: #000000;\"><em>Direito Processual Civil<\/em><\/span><\/p>\n\n\n\n<p><span style=\"color: #000000;\"><em>Direito Constitucional<\/em><\/span><\/p>\n\n\n\n<p><span style=\"color: #000000;\"><em>Direito do Trabalho<\/em><\/span><\/p>\n\n\n\n<p><span style=\"color: #000000;\"><em>Direito Processual do Trabalho<\/em><\/span><\/p>\n\n\n\n<p><span style=\"color: #000000;\"><em>Direito Administrativo<\/em><\/span><\/p>\n\n\n\n<p><span style=\"color: #000000;\"><em>Direito Financeiro&nbsp;<\/em><\/span><\/p>\n\n\n\n<p><span style=\"color: #000000;\"><em>Direito Municipal&nbsp;<\/em><\/span><\/p>\n\n\n\n<p><span style=\"color: #000000;\"><em>Direito Tribut\u00e1rio<\/em><\/span><\/p>\n\n\n\n<p><span style=\"color: #000000;\"><em>Direito Previdenci\u00e1rio&nbsp;<\/em><\/span><\/p>\n\n\n\n<h2 class=\"has-text-align-center wp-block-heading\" id=\"cursos\">Quer estudar para o concurso PGM Manaus?<\/h2>\n\n\n\n<p class=\"has-text-align-center\"><em>Gostou desta oportunidade e deseja come\u00e7ar se preparar agora mesmo? Ent\u00e3o, confira os nossos cursos e comece a estudar:<\/em><\/p>\n\n\n\n<div class=\"container\" id=\"boxes\">\n  <div class=\"row\">\n\n    <div class=\"col-sm\">\n      <div class=\"banner-ecj\" id=\"box-assinatura\">\n        <h3 class=\"titulo-assinatura\">Curso para PGM Manaus <\/h3>\n        <p class=\"subtitulo-assinatura\">Cursos focados no edital do concurso<\/p>\n        <div class=\"box-botao\">\n          <a class=\"btn-assinatura\" target=\"_blank\" href=\"https:\/\/www.estrategiaconcursos.com.br\/cursosPorConcurso\/procuradorias-municipais-pgms-cursos-regulares-procurador\/\" role=\"button\" rel=\"noopener noreferrer\">Conhe\u00e7a mais<\/a>\n        <\/div>\n      <\/div>\n      <p class=\"texto-auxiliar\">Prepare-se com o melhor material e com quem mais aprova em concursos de Procuradorias em todo o pa\u00eds. \n<\/p>\n    <\/div>\n\n  <\/div>\n<\/div>\n\n\n\n<div class=\"container\" id=\"boxes\">\n  <div class=\"row\">\n\n    <div class=\"col-sm\">\n      <div class=\"questoes\" id=\"box-assinatura\">\n        <h3 class=\"titulo-assinatura\">Sistema de Quest\u00f5es<\/h3>\n        <p class=\"subtitulo-assinatura\">Assinatura Ilimitada*\n<\/p>\n        <div class=\"box-botao\">\n          <a class=\"btn-assinatura\" target=\"_blank\" href=\"https:\/\/www.estrategiaconcursos.com.br\/cursosPorConcurso\/sistema-de-questoes\/#\/\" role=\"button\" rel=\"noopener noreferrer\">ASSINE AGORA<\/a>\n        <\/div>\n      <\/div>\n      <p class=\"texto-auxiliar\">Estrat\u00e9gia Quest\u00f5es nasceu maior do que todos os concorrentes, com mais quest\u00f5es cadastradas e mais solu\u00e7\u00f5es por professores. Clique no link e aproveite os descontos e b\u00f4nus imperd\u00edveis!<\/p>\n    <\/div>\n  <\/div>\n<\/div>\n\n\n\n<div class=\"container\" id=\"boxes\">\n  <div class=\"row\">\n\n    <div class=\"col-sm\">\n      <div class=\"banner-ecj\" id=\"box-assinatura\">\n        <h3 class=\"titulo-assinatura\">Assinatura Jur\u00eddica <\/h3>\n        <p class=\"subtitulo-assinatura\">Conhe\u00e7a os planos<\/p>\n        <div class=\"box-botao\">\n          <a class=\"btn-assinatura\" target=\"_blank\" href=\"https:\/\/www.estrategiaconcursos.com.br\/assinaturas-ecj\/\" role=\"button\" rel=\"noopener noreferrer\">Conhe\u00e7a mais<\/a>\n        <\/div>\n      <\/div>\n      <p class=\"texto-auxiliar\">Prepare-se com o melhor material e com quem mais aprova em Concursos P\u00fablicos em todo o pa\u00eds. \n<\/p>\n    <\/div>\n\n  <\/div>\n<\/div>\n\n\n\n<div class=\"container\" id=\"boxes\">\n  <div class=\"row\">\n\n    <div class=\"col-sm\" id=\"boxes-concursos\">\n      <div style=\"background-color: #005DAD;\" class=\"conteudo-concursos\" id=\"box-concursos\">\n        <h3 class=\"titulo-assinatura\">Concursos Abertos<\/h3>\n        <p class=\"subtitulo-assinatura\">mais de 15 mil vagas<\/p>\n        <div class=\"box-botao\">\n          <a class=\"btn-assinatura\" target=\"_blank\" href=\"https:\/\/www.estrategiaconcursos.com.br\/blog\/concursos-abertos\/\" role=\"button\" rel=\"noopener noreferrer\">Conhe\u00e7a Agora<\/a>\n        <\/div>\n      <\/div>\n    <\/div>\n\n    <div class=\"col-sm\" id=\"boxes-concursos\">\n      <div style=\"background-color: #1A7ED5;\" class=\"conteudo-concursos\" id=\"box-concursos\">\n        <h3 class=\"titulo-assinatura\">Concursos 2020<\/h3>\n        <p class=\"subtitulo-assinatura\">mais de 11 mil vagas<\/p>\n        <div class=\"box-botao\">\n          <a class=\"btn-assinatura\" target=\"_blank\" href=\"https:\/\/www.estrategiaconcursos.com.br\/blog\/concursos-2020\/\" role=\"button\" rel=\"noopener noreferrer\">Conhe\u00e7a Agora<\/a>\n        <\/div>\n      <\/div>\n    <\/div>\n\n    <div class=\"col-sm\" id=\"boxes-concursos\">\n      <div style=\"background-color: #419FF0;\" class=\"conteudo-concursos\" id=\"box-concursos\">\n        <h3 class=\"titulo-assinatura\">Concursos 2021<\/h3>\n        <p class=\"subtitulo-assinatura\">mais de 17 mil vagas<\/p>\n        <div class=\"box-botao\">\n          <a class=\"btn-assinatura\" target=\"_blank\" href=\"https:\/\/www.estrategiaconcursos.com.br\/blog\/concursos-2021\/\" role=\"button\" rel=\"noopener noreferrer\">Conhe\u00e7a Agora<\/a>\n        <\/div>\n      <\/div>\n    <\/div>\n\n<div class=\"col-sm\" id=\"boxes-concursos\">\n      <div style=\"background-color: #1A7ED5;\" class=\"conteudo-concursos\" id=\"box-concursos\">\n        <h3 class=\"titulo-assinatura\">Concursos de Direito<\/h3>\n        <p class=\"subtitulo-assinatura\">Vagas para a \u00e1rea jur\u00eddica<\/p>\n        <div class=\"box-botao\">\n          <a class=\"btn-assinatura\" target=\"_blank\" href=\"https:\/\/www.estrategiaconcursos.com.br\/blog\/concursos-de-direito\/\" role=\"button\" rel=\"noopener noreferrer\">Conhe\u00e7a Agora<\/a>\n        <\/div>\n      <\/div>\n    <\/div>\n\n  <\/div>\n<\/div>\n\n\n\n<h2 class=\"wp-block-heading\" id=\"telegram\">Participe de nossos grupos no Telegram<\/h2>\n\n\n\n<ul class=\"wp-block-list\"><li>Estrat\u00e9gia Magitratura Federal &#8211; <a href=\"https:\/\/t.me\/juizfederal\" target=\"_blank\" rel=\"noreferrer noopener\">https:\/\/t.me\/juizfederal<\/a><\/li><li>Estrat\u00e9gia Delegado Federal &#8211; <a href=\"https:\/\/t.me\/delegadofederal\" target=\"_blank\" rel=\"noreferrer noopener\">https:\/\/t.me\/delegadofederal<\/a><\/li><li>Estrat\u00e9gia Delegado Civil &#8211; <a href=\"https:\/\/t.me\/estrategiadelta\" target=\"_blank\" rel=\"noreferrer noopener\">https:\/\/t.me\/estrategiadelta<\/a><\/li><li>Estrat\u00e9gia Promotor de Justi\u00e7a &#8211; <a href=\"https:\/\/t.me\/estrategiamp\" target=\"_blank\" rel=\"noreferrer noopener\">https:\/\/t.me\/estrategiamp<\/a><\/li><li>Estrat\u00e9gia Defensor P\u00fablico &#8211; <a href=\"https:\/\/t.me\/estrategiadpe\" target=\"_blank\" rel=\"noreferrer noopener\">https:\/\/t.me\/estrategiadpe<\/a><\/li><li>Estrat\u00e9gia Magistratura Estadual &#8211; <a href=\"https:\/\/t.me\/juizestadual\" target=\"_blank\" rel=\"noreferrer noopener\">https:\/\/t.me\/juizestadual<\/a><\/li><li>Estrat\u00e9gia Procuradorias &#8211; <a href=\"https:\/\/t.me\/estrategiaprocuradorias\" target=\"_blank\" rel=\"noreferrer noopener\">https:\/\/t.me\/estrategiaprocuradorias<\/a><\/li><\/ul>\n\n\n\n<h2 class=\"wp-block-heading\">&nbsp;<img loading=\"lazy\" decoding=\"async\" width=\"300\" height=\"102\" class=\"size-full wp-image-68542 alignleft\" src=\"https:\/\/dhg1h5j42swfq.cloudfront.net\/2017\/03\/28152500\/coruja-ficha-tecnica-300x102.png\" alt=\"\"\/><\/h2>\n\n\n\n<p><\/p>\n\n\n\n<h4 class=\"wp-block-heading\" id=\"ficha\"><strong>Informa\u00e7\u00f5es do Concurso PGM Manaus 2018&nbsp;<\/strong><\/h4>\n\n\n\n<p>\u25baData da prova discursiva: <s>1\u00ba de julho<\/s><br \/>\u25baVagas: 08 vagas + CR<br \/>\u25baLota\u00e7\u00f5es: Manaus (AM)<br \/>\u25baRemunera\u00e7\u00e3o inicial:&nbsp;<span style=\"color: #000000;\"><strong>R$19.343,91<\/strong> <\/span><br \/>\u25baBanca:&nbsp;Cebraspe<br \/>\u25baEscolaridade: diploma de n\u00edvel superior em Direito<br \/>\u25baEdital: <a rel=\"noopener noreferrer\" href=\"https:\/\/dhg1h5j42swfq.cloudfront.net\/2017\/12\/31055837\/edital-concurso-PGM-Manaus.pdf\" target=\"_blank\">Edital Concurso PGM Manaus <\/a><\/p>\n","protected":false},"excerpt":{"rendered":"<p>Aprovados ainda poder\u00e3o ser convocados! O Prefeito de Manaus, Arthur Virg\u00edlio Neto, decidiu prorrogar o prazo de validade do concurso PGM Manaus, por mais dois anos. Sendo assim, o certame que j\u00e1 havia sido prorrogado, agora ficar\u00e1 v\u00e1lido at\u00e9 2022. A medida foi tomada para que o \u00f3rg\u00e3o consiga convocar os aprovados antes do encerramento [&hellip;]<\/p>\n","protected":false},"author":1,"featured_media":100151,"comment_status":"open","ping_status":"open","sticky":false,"template":"","format":"standard","meta":{"post_tipo":"news","footnotes":""},"categories":[2185],"tags":[3046],"tax_estado":[],"class_list":["post-94685","post","type-post","status-publish","format-standard","has-post-thumbnail","hentry","category-carreiras-juridicas","tag-pgm-manaus"],"acf":[],"yoast_head":"<!-- This site is optimized with the Yoast SEO Premium plugin v27.2 (Yoast SEO v27.2) - https:\/\/yoast.com\/product\/yoast-seo-premium-wordpress\/ -->\n<title>Concurso PGM Manaus: certame prorrogado at\u00e9 2022<\/title>\n<meta name=\"description\" content=\"O Prefeito de Manaus prorrogou o prazo de validade do concurso PGM Manaus at\u00e9 2022. Saiba mais informa\u00e7\u00f5es sobre o certame neste artigo.\" \/>\n<meta name=\"robots\" content=\"index, follow, max-snippet:-1, max-image-preview:large, max-video-preview:-1\" \/>\n<link rel=\"canonical\" href=\"https:\/\/www.estrategiaconcursos.com.br\/blog\/concurso-pgm-manaus\/\" \/>\n<meta property=\"og:locale\" content=\"pt_BR\" \/>\n<meta property=\"og:type\" content=\"article\" \/>\n<meta property=\"og:title\" content=\"Concurso PGM Manaus: certame prorrogado at\u00e9 2022\" \/>\n<meta property=\"og:description\" content=\"O Prefeito de Manaus prorrogou o prazo de validade do concurso PGM Manaus at\u00e9 2022. Saiba mais informa\u00e7\u00f5es sobre o certame neste artigo.\" \/>\n<meta property=\"og:url\" content=\"https:\/\/www.estrategiaconcursos.com.br\/blog\/concurso-pgm-manaus\/\" \/>\n<meta property=\"og:site_name\" content=\"Estrat\u00e9gia Concursos\" \/>\n<meta property=\"article:author\" content=\"https:\/\/www.facebook.com\/EstrategiaConcursos\" \/>\n<meta property=\"article:published_time\" content=\"2020-09-22T11:40:49+00:00\" \/>\n<meta property=\"article:modified_time\" content=\"2020-10-28T14:48:30+00:00\" \/>\n<meta property=\"og:image\" content=\"https:\/\/dhg1h5j42swfq.cloudfront.net\/2017\/11\/21074949\/concurso-pgm-manaus-41.jpg\" \/>\n\t<meta property=\"og:image:width\" content=\"1200\" \/>\n\t<meta property=\"og:image:height\" content=\"628\" \/>\n\t<meta property=\"og:image:type\" content=\"image\/jpeg\" \/>\n<meta name=\"author\" content=\"Coordena\u00e7\u00e3o\" \/>\n<meta name=\"twitter:card\" content=\"summary_large_image\" \/>\n<meta name=\"twitter:creator\" content=\"@EstratConcursos\" \/>\n<meta name=\"twitter:site\" content=\"@EstratConcursos\" \/>\n<meta name=\"twitter:label1\" content=\"Escrito por\" \/>\n\t<meta name=\"twitter:data1\" content=\"Coordena\u00e7\u00e3o\" \/>\n\t<meta name=\"twitter:label2\" content=\"Est. tempo de leitura\" \/>\n\t<meta name=\"twitter:data2\" content=\"5 minutos\" \/>\n<script type=\"application\/ld+json\" class=\"yoast-schema-graph\">{\"@context\":\"https:\/\/schema.org\",\"@graph\":[{\"@type\":\"NewsArticle\",\"@id\":\"https:\/\/www.estrategiaconcursos.com.br\/blog\/concurso-pgm-manaus\/#article\",\"isPartOf\":{\"@id\":\"https:\/\/www.estrategiaconcursos.com.br\/blog\/concurso-pgm-manaus\/\"},\"author\":{\"name\":\"Coordena\u00e7\u00e3o\",\"@id\":\"https:\/\/www.estrategiaconcursos.com.br\/blog\/#\/schema\/person\/b4a388c97673c5f483d72185668afa1f\"},\"headline\":\"Concurso PGM Manaus: certame prorrogado at\u00e9 2022\",\"datePublished\":\"2020-09-22T11:40:49+00:00\",\"dateModified\":\"2020-10-28T14:48:30+00:00\",\"mainEntityOfPage\":{\"@id\":\"https:\/\/www.estrategiaconcursos.com.br\/blog\/concurso-pgm-manaus\/\"},\"wordCount\":1022,\"commentCount\":3,\"publisher\":{\"@id\":\"https:\/\/www.estrategiaconcursos.com.br\/blog\/#organization\"},\"image\":{\"@id\":\"https:\/\/www.estrategiaconcursos.com.br\/blog\/concurso-pgm-manaus\/#primaryimage\"},\"thumbnailUrl\":\"https:\/\/dhg1h5j42swfq.cloudfront.net\/2017\/11\/21074949\/concurso-pgm-manaus-41.jpg\",\"keywords\":[\"PGM Manaus\"],\"articleSection\":[\"Jur\u00eddico\"],\"inLanguage\":\"pt-BR\",\"potentialAction\":[{\"@type\":\"CommentAction\",\"name\":\"Comment\",\"target\":[\"https:\/\/www.estrategiaconcursos.com.br\/blog\/concurso-pgm-manaus\/#respond\"]}],\"copyrightYear\":\"2020\",\"copyrightHolder\":{\"@id\":\"https:\/\/www.estrategiaconcursos.com.br\/blog\/#organization\"}},{\"@type\":\"WebPage\",\"@id\":\"https:\/\/www.estrategiaconcursos.com.br\/blog\/concurso-pgm-manaus\/\",\"url\":\"https:\/\/www.estrategiaconcursos.com.br\/blog\/concurso-pgm-manaus\/\",\"name\":\"Concurso PGM Manaus: certame prorrogado at\u00e9 2022\",\"isPartOf\":{\"@id\":\"https:\/\/www.estrategiaconcursos.com.br\/blog\/#website\"},\"primaryImageOfPage\":{\"@id\":\"https:\/\/www.estrategiaconcursos.com.br\/blog\/concurso-pgm-manaus\/#primaryimage\"},\"image\":{\"@id\":\"https:\/\/www.estrategiaconcursos.com.br\/blog\/concurso-pgm-manaus\/#primaryimage\"},\"thumbnailUrl\":\"https:\/\/dhg1h5j42swfq.cloudfront.net\/2017\/11\/21074949\/concurso-pgm-manaus-41.jpg\",\"datePublished\":\"2020-09-22T11:40:49+00:00\",\"dateModified\":\"2020-10-28T14:48:30+00:00\",\"description\":\"O Prefeito de Manaus prorrogou o prazo de validade do concurso PGM Manaus at\u00e9 2022. Saiba mais informa\u00e7\u00f5es sobre o certame neste artigo.\",\"breadcrumb\":{\"@id\":\"https:\/\/www.estrategiaconcursos.com.br\/blog\/concurso-pgm-manaus\/#breadcrumb\"},\"inLanguage\":\"pt-BR\",\"potentialAction\":[{\"@type\":\"ReadAction\",\"target\":[\"https:\/\/www.estrategiaconcursos.com.br\/blog\/concurso-pgm-manaus\/\"]}]},{\"@type\":\"ImageObject\",\"inLanguage\":\"pt-BR\",\"@id\":\"https:\/\/www.estrategiaconcursos.com.br\/blog\/concurso-pgm-manaus\/#primaryimage\",\"url\":\"https:\/\/dhg1h5j42swfq.cloudfront.net\/2017\/11\/21074949\/concurso-pgm-manaus-41.jpg\",\"contentUrl\":\"https:\/\/dhg1h5j42swfq.cloudfront.net\/2017\/11\/21074949\/concurso-pgm-manaus-41.jpg\",\"width\":1200,\"height\":628,\"caption\":\"concurso pgm manaus\"},{\"@type\":\"BreadcrumbList\",\"@id\":\"https:\/\/www.estrategiaconcursos.com.br\/blog\/concurso-pgm-manaus\/#breadcrumb\",\"itemListElement\":[{\"@type\":\"ListItem\",\"position\":1,\"name\":\"In\u00edcio\",\"item\":\"https:\/\/www.estrategiaconcursos.com.br\/blog\/\"},{\"@type\":\"ListItem\",\"position\":2,\"name\":\"Concurso PGM Manaus: certame prorrogado at\u00e9 2022\"}]},{\"@type\":\"WebSite\",\"@id\":\"https:\/\/www.estrategiaconcursos.com.br\/blog\/#website\",\"url\":\"https:\/\/www.estrategiaconcursos.com.br\/blog\/\",\"name\":\"Estrat\u00e9gia Concursos\",\"description\":\"O blog da Estrat\u00e9gia Concursos traz not\u00edcias sobre concursos e artigos de professores oferecendo cursos para concursos (pdf + videaulas) no site.\",\"publisher\":{\"@id\":\"https:\/\/www.estrategiaconcursos.com.br\/blog\/#organization\"},\"potentialAction\":[{\"@type\":\"SearchAction\",\"target\":{\"@type\":\"EntryPoint\",\"urlTemplate\":\"https:\/\/www.estrategiaconcursos.com.br\/blog\/?s={search_term_string}\"},\"query-input\":{\"@type\":\"PropertyValueSpecification\",\"valueRequired\":true,\"valueName\":\"search_term_string\"}}],\"inLanguage\":\"pt-BR\"},{\"@type\":\"Organization\",\"@id\":\"https:\/\/www.estrategiaconcursos.com.br\/blog\/#organization\",\"name\":\"Estrat\u00e9gia Concursos\",\"url\":\"https:\/\/www.estrategiaconcursos.com.br\/blog\/\",\"logo\":{\"@type\":\"ImageObject\",\"inLanguage\":\"pt-BR\",\"@id\":\"https:\/\/www.estrategiaconcursos.com.br\/blog\/#\/schema\/logo\/image\/\",\"url\":\"https:\/\/dhg1h5j42swfq.cloudfront.net\/2025\/06\/03203428\/logo_concursos-1.jpg\",\"contentUrl\":\"https:\/\/dhg1h5j42swfq.cloudfront.net\/2025\/06\/03203428\/logo_concursos-1.jpg\",\"width\":230,\"height\":60,\"caption\":\"Estrat\u00e9gia Concursos\"},\"image\":{\"@id\":\"https:\/\/www.estrategiaconcursos.com.br\/blog\/#\/schema\/logo\/image\/\"},\"sameAs\":[\"https:\/\/x.com\/EstratConcursos\"]},{\"@type\":\"Person\",\"@id\":\"https:\/\/www.estrategiaconcursos.com.br\/blog\/#\/schema\/person\/b4a388c97673c5f483d72185668afa1f\",\"name\":\"Coordena\u00e7\u00e3o\",\"image\":{\"@type\":\"ImageObject\",\"inLanguage\":\"pt-BR\",\"@id\":\"https:\/\/secure.gravatar.com\/avatar\/b720319e4c9a967eb58678d110f4fe35452fc5d5f97b202bac7b8acceb18c6ad?s=96&d=mm&r=g\",\"url\":\"https:\/\/secure.gravatar.com\/avatar\/b720319e4c9a967eb58678d110f4fe35452fc5d5f97b202bac7b8acceb18c6ad?s=96&d=mm&r=g\",\"contentUrl\":\"https:\/\/secure.gravatar.com\/avatar\/b720319e4c9a967eb58678d110f4fe35452fc5d5f97b202bac7b8acceb18c6ad?s=96&d=mm&r=g\",\"caption\":\"Coordena\u00e7\u00e3o\"},\"sameAs\":[\"https:\/\/www.facebook.com\/EstrategiaConcursos\",\"https:\/\/x.com\/EstratConcursos\"],\"url\":\"https:\/\/www.estrategiaconcursos.com.br\/blog\/author\/estrategia2013\/\"}]}<\/script>\n<!-- \/ Yoast SEO Premium plugin. -->","yoast_head_json":{"title":"Concurso PGM Manaus: certame prorrogado at\u00e9 2022","description":"O Prefeito de Manaus prorrogou o prazo de validade do concurso PGM Manaus at\u00e9 2022. Saiba mais informa\u00e7\u00f5es sobre o certame neste artigo.","robots":{"index":"index","follow":"follow","max-snippet":"max-snippet:-1","max-image-preview":"max-image-preview:large","max-video-preview":"max-video-preview:-1"},"canonical":"https:\/\/www.estrategiaconcursos.com.br\/blog\/concurso-pgm-manaus\/","og_locale":"pt_BR","og_type":"article","og_title":"Concurso PGM Manaus: certame prorrogado at\u00e9 2022","og_description":"O Prefeito de Manaus prorrogou o prazo de validade do concurso PGM Manaus at\u00e9 2022. Saiba mais informa\u00e7\u00f5es sobre o certame neste artigo.","og_url":"https:\/\/www.estrategiaconcursos.com.br\/blog\/concurso-pgm-manaus\/","og_site_name":"Estrat\u00e9gia Concursos","article_author":"https:\/\/www.facebook.com\/EstrategiaConcursos","article_published_time":"2020-09-22T11:40:49+00:00","article_modified_time":"2020-10-28T14:48:30+00:00","og_image":[{"width":1200,"height":628,"url":"https:\/\/dhg1h5j42swfq.cloudfront.net\/2017\/11\/21074949\/concurso-pgm-manaus-41.jpg","type":"image\/jpeg"}],"author":"Coordena\u00e7\u00e3o","twitter_card":"summary_large_image","twitter_creator":"@EstratConcursos","twitter_site":"@EstratConcursos","twitter_misc":{"Escrito por":"Coordena\u00e7\u00e3o","Est. tempo de leitura":"5 minutos"},"schema":{"@context":"https:\/\/schema.org","@graph":[{"@type":"NewsArticle","@id":"https:\/\/www.estrategiaconcursos.com.br\/blog\/concurso-pgm-manaus\/#article","isPartOf":{"@id":"https:\/\/www.estrategiaconcursos.com.br\/blog\/concurso-pgm-manaus\/"},"author":{"name":"Coordena\u00e7\u00e3o","@id":"https:\/\/www.estrategiaconcursos.com.br\/blog\/#\/schema\/person\/b4a388c97673c5f483d72185668afa1f"},"headline":"Concurso PGM Manaus: certame prorrogado at\u00e9 2022","datePublished":"2020-09-22T11:40:49+00:00","dateModified":"2020-10-28T14:48:30+00:00","mainEntityOfPage":{"@id":"https:\/\/www.estrategiaconcursos.com.br\/blog\/concurso-pgm-manaus\/"},"wordCount":1022,"commentCount":3,"publisher":{"@id":"https:\/\/www.estrategiaconcursos.com.br\/blog\/#organization"},"image":{"@id":"https:\/\/www.estrategiaconcursos.com.br\/blog\/concurso-pgm-manaus\/#primaryimage"},"thumbnailUrl":"https:\/\/dhg1h5j42swfq.cloudfront.net\/2017\/11\/21074949\/concurso-pgm-manaus-41.jpg","keywords":["PGM Manaus"],"articleSection":["Jur\u00eddico"],"inLanguage":"pt-BR","potentialAction":[{"@type":"CommentAction","name":"Comment","target":["https:\/\/www.estrategiaconcursos.com.br\/blog\/concurso-pgm-manaus\/#respond"]}],"copyrightYear":"2020","copyrightHolder":{"@id":"https:\/\/www.estrategiaconcursos.com.br\/blog\/#organization"}},{"@type":"WebPage","@id":"https:\/\/www.estrategiaconcursos.com.br\/blog\/concurso-pgm-manaus\/","url":"https:\/\/www.estrategiaconcursos.com.br\/blog\/concurso-pgm-manaus\/","name":"Concurso PGM Manaus: certame prorrogado at\u00e9 2022","isPartOf":{"@id":"https:\/\/www.estrategiaconcursos.com.br\/blog\/#website"},"primaryImageOfPage":{"@id":"https:\/\/www.estrategiaconcursos.com.br\/blog\/concurso-pgm-manaus\/#primaryimage"},"image":{"@id":"https:\/\/www.estrategiaconcursos.com.br\/blog\/concurso-pgm-manaus\/#primaryimage"},"thumbnailUrl":"https:\/\/dhg1h5j42swfq.cloudfront.net\/2017\/11\/21074949\/concurso-pgm-manaus-41.jpg","datePublished":"2020-09-22T11:40:49+00:00","dateModified":"2020-10-28T14:48:30+00:00","description":"O Prefeito de Manaus prorrogou o prazo de validade do concurso PGM Manaus at\u00e9 2022. Saiba mais informa\u00e7\u00f5es sobre o certame neste artigo.","breadcrumb":{"@id":"https:\/\/www.estrategiaconcursos.com.br\/blog\/concurso-pgm-manaus\/#breadcrumb"},"inLanguage":"pt-BR","potentialAction":[{"@type":"ReadAction","target":["https:\/\/www.estrategiaconcursos.com.br\/blog\/concurso-pgm-manaus\/"]}]},{"@type":"ImageObject","inLanguage":"pt-BR","@id":"https:\/\/www.estrategiaconcursos.com.br\/blog\/concurso-pgm-manaus\/#primaryimage","url":"https:\/\/dhg1h5j42swfq.cloudfront.net\/2017\/11\/21074949\/concurso-pgm-manaus-41.jpg","contentUrl":"https:\/\/dhg1h5j42swfq.cloudfront.net\/2017\/11\/21074949\/concurso-pgm-manaus-41.jpg","width":1200,"height":628,"caption":"concurso pgm manaus"},{"@type":"BreadcrumbList","@id":"https:\/\/www.estrategiaconcursos.com.br\/blog\/concurso-pgm-manaus\/#breadcrumb","itemListElement":[{"@type":"ListItem","position":1,"name":"In\u00edcio","item":"https:\/\/www.estrategiaconcursos.com.br\/blog\/"},{"@type":"ListItem","position":2,"name":"Concurso PGM Manaus: certame prorrogado at\u00e9 2022"}]},{"@type":"WebSite","@id":"https:\/\/www.estrategiaconcursos.com.br\/blog\/#website","url":"https:\/\/www.estrategiaconcursos.com.br\/blog\/","name":"Estrat\u00e9gia Concursos","description":"O blog da Estrat\u00e9gia Concursos traz not\u00edcias sobre concursos e artigos de professores oferecendo cursos para concursos (pdf + videaulas) no site.","publisher":{"@id":"https:\/\/www.estrategiaconcursos.com.br\/blog\/#organization"},"potentialAction":[{"@type":"SearchAction","target":{"@type":"EntryPoint","urlTemplate":"https:\/\/www.estrategiaconcursos.com.br\/blog\/?s={search_term_string}"},"query-input":{"@type":"PropertyValueSpecification","valueRequired":true,"valueName":"search_term_string"}}],"inLanguage":"pt-BR"},{"@type":"Organization","@id":"https:\/\/www.estrategiaconcursos.com.br\/blog\/#organization","name":"Estrat\u00e9gia Concursos","url":"https:\/\/www.estrategiaconcursos.com.br\/blog\/","logo":{"@type":"ImageObject","inLanguage":"pt-BR","@id":"https:\/\/www.estrategiaconcursos.com.br\/blog\/#\/schema\/logo\/image\/","url":"https:\/\/dhg1h5j42swfq.cloudfront.net\/2025\/06\/03203428\/logo_concursos-1.jpg","contentUrl":"https:\/\/dhg1h5j42swfq.cloudfront.net\/2025\/06\/03203428\/logo_concursos-1.jpg","width":230,"height":60,"caption":"Estrat\u00e9gia Concursos"},"image":{"@id":"https:\/\/www.estrategiaconcursos.com.br\/blog\/#\/schema\/logo\/image\/"},"sameAs":["https:\/\/x.com\/EstratConcursos"]},{"@type":"Person","@id":"https:\/\/www.estrategiaconcursos.com.br\/blog\/#\/schema\/person\/b4a388c97673c5f483d72185668afa1f","name":"Coordena\u00e7\u00e3o","image":{"@type":"ImageObject","inLanguage":"pt-BR","@id":"https:\/\/secure.gravatar.com\/avatar\/b720319e4c9a967eb58678d110f4fe35452fc5d5f97b202bac7b8acceb18c6ad?s=96&d=mm&r=g","url":"https:\/\/secure.gravatar.com\/avatar\/b720319e4c9a967eb58678d110f4fe35452fc5d5f97b202bac7b8acceb18c6ad?s=96&d=mm&r=g","contentUrl":"https:\/\/secure.gravatar.com\/avatar\/b720319e4c9a967eb58678d110f4fe35452fc5d5f97b202bac7b8acceb18c6ad?s=96&d=mm&r=g","caption":"Coordena\u00e7\u00e3o"},"sameAs":["https:\/\/www.facebook.com\/EstrategiaConcursos","https:\/\/x.com\/EstratConcursos"],"url":"https:\/\/www.estrategiaconcursos.com.br\/blog\/author\/estrategia2013\/"}]}},"_links":{"self":[{"href":"https:\/\/www.estrategiaconcursos.com.br\/blog\/wp-json\/wp\/v2\/posts\/94685","targetHints":{"allow":["GET"]}}],"collection":[{"href":"https:\/\/www.estrategiaconcursos.com.br\/blog\/wp-json\/wp\/v2\/posts"}],"about":[{"href":"https:\/\/www.estrategiaconcursos.com.br\/blog\/wp-json\/wp\/v2\/types\/post"}],"author":[{"embeddable":true,"href":"https:\/\/www.estrategiaconcursos.com.br\/blog\/wp-json\/wp\/v2\/users\/1"}],"replies":[{"embeddable":true,"href":"https:\/\/www.estrategiaconcursos.com.br\/blog\/wp-json\/wp\/v2\/comments?post=94685"}],"version-history":[{"count":100,"href":"https:\/\/www.estrategiaconcursos.com.br\/blog\/wp-json\/wp\/v2\/posts\/94685\/revisions"}],"predecessor-version":[{"id":597974,"href":"https:\/\/www.estrategiaconcursos.com.br\/blog\/wp-json\/wp\/v2\/posts\/94685\/revisions\/597974"}],"wp:featuredmedia":[{"embeddable":true,"href":"https:\/\/www.estrategiaconcursos.com.br\/blog\/wp-json\/wp\/v2\/media\/100151"}],"wp:attachment":[{"href":"https:\/\/www.estrategiaconcursos.com.br\/blog\/wp-json\/wp\/v2\/media?parent=94685"}],"wp:term":[{"taxonomy":"category","embeddable":true,"href":"https:\/\/www.estrategiaconcursos.com.br\/blog\/wp-json\/wp\/v2\/categories?post=94685"},{"taxonomy":"post_tag","embeddable":true,"href":"https:\/\/www.estrategiaconcursos.com.br\/blog\/wp-json\/wp\/v2\/tags?post=94685"},{"taxonomy":"tax_estado","embeddable":true,"href":"https:\/\/www.estrategiaconcursos.com.br\/blog\/wp-json\/wp\/v2\/tax_estado?post=94685"}],"curies":[{"name":"wp","href":"https:\/\/api.w.org\/{rel}","templated":true}]}}