{"id":946366,"date":"2022-01-13T09:28:32","date_gmt":"2022-01-13T12:28:32","guid":{"rendered":"https:\/\/www.estrategiaconcursos.com.br\/blog\/?p=946366"},"modified":"2022-01-13T09:28:35","modified_gmt":"2022-01-13T12:28:35","slug":"concurso-pc-rj-novos-editais","status":"publish","type":"post","link":"https:\/\/www.estrategiaconcursos.com.br\/blog\/concurso-pc-rj-novos-editais\/","title":{"rendered":"Concurso PC RJ: secret\u00e1rio confirma novos editais! Saiba mais!"},"content":{"rendered":"\n<p>Aten\u00e7\u00e3o, interessados no <strong>concurso PC RJ:<\/strong> o secret\u00e1rio da Pol\u00edcia Civil do Rio de Janeiro, Allan Turnowski, afirmou nas <a href=\"https:\/\/www.instagram.com\/allanturnowski\/?hl=pt-br\" target=\"_blank\" rel=\"noreferrer noopener\"><em>redes sociais<\/em><\/a> que a corpora\u00e7\u00e3o pretende lan\u00e7ar novos editais e ser\u00e1 <em>&#8220;um concurso atr\u00e1s do outro&#8221;.<\/em><\/p>\n\n\n\n<p>Com rela\u00e7\u00e3o \u00e0 convoca\u00e7\u00e3o dos excedentes da sele\u00e7\u00e3o em andamento, Turnowski afirmou que, embora exista o atual Regime de Recupera\u00e7\u00e3o Fiscal no estado, a meta \u00e9 tentar convocar o m\u00e1ximo de candidatos aprovados.<\/p>\n\n\n\n<blockquote class=\"wp-block-quote is-layout-flow wp-block-quote-is-layout-flow\"><p>&#8220;<em>A gente sabe que a necessidade da Pol\u00edcia Civil \u00e9 muito maior do que as vagas abertas. Existe hoje um Regime de Recupera\u00e7\u00e3o Fiscal que, para voc\u00ea aumentar o n\u00famero de vagas, voc\u00ea tem que cumprir uma s\u00e9rie de exig\u00eancias. E \u00e9 \u00f3bvio que, no momento certo, a gente vai ver a necessidade das pol\u00edcias para tentar colocar o m\u00e1ximo de pessoas poss\u00edveis na nossa pol\u00edcia por uma quest\u00e3o de necessidade. Mas independentemente dessa quest\u00e3o de buscar mais vagas neste concurso, uma coisa \u00e9 certa: vai ser um concurso atr\u00e1s do outro. Ent\u00e3o perdeu esse, continua estudando porque a gente vai abrir outro&#8221;<\/em>, declarou o secret\u00e1rio.<\/p><p><em>&#8220;Vou querer o mais r\u00e1pido poss\u00edvel. No dia que forem aprovados, quanto tempo demora para todo mundo assinar a ficha? \u00c9 isso que vai demorar. Nem um dia a mais&#8221;, <\/em>acrescentou Turnowski.<\/p><\/blockquote>\n\n\n\n<p>Al\u00e9m disso, conforme noticiado recentemente, apesar da alta incid\u00eancia nos casos de Covid-19 e da Gripe Influenza-A, o cronograma de atividades do concurso da <a href=\"http:\/\/www.policiacivilrj.net.br\/\" target=\"_blank\" rel=\"noreferrer noopener\">Pol\u00edcia Civil do Rio de Janeiro<\/a> (PC RJ) ser\u00e1 mantido!<\/p>\n\n\n\n<p>Desta forma, a aplica\u00e7\u00e3o das provas objetivas continuar\u00e1 com a seguinte previs\u00e3o:<\/p>\n\n\n\n<ul class=\"wp-block-list\"><li><span style=\"text-decoration: underline;\">Auxiliar de necropsia<\/span>: 23 de janeiro de 2022;<\/li><li><span style=\"text-decoration: underline;\">Inspetor<\/span>: 30 de janeiro de 2022;<\/li><li><span style=\"text-decoration: underline;\">T\u00e9cnico de necropsia<\/span>: 06 de fevereiro de 2022; e<\/li><li><span style=\"text-decoration: underline;\">Investigador<\/span>: 13 de fevereiro de 2022.<\/li><\/ul>\n\n\n\n<p>Importante relembrar que para os cargos de <span style=\"font-size: revert; color: initial; text-decoration-line: underline;\">Perito Criminal e Perito Legista<\/span>, a etapa foi realizada no dia 05 de dezembro de 2021, cujos gabaritos preliminares j\u00e1 foram disponibilizados.<\/p>\n\n\n\n<p>Quanto \u00e0 sele\u00e7\u00e3o em andamento para <a href=\"https:\/\/www.estrategiaconcursos.com.br\/blog\/concurso-delegado-rj\/\" target=\"_blank\" rel=\"noreferrer noopener\">Delegado<\/a>, recentemente, em <a href=\"https:\/\/dhg1h5j42swfq.cloudfront.net\/2021\/12\/15113649\/pcrj_comunicado_suspenso-1.pdf\" target=\"_blank\" rel=\"noreferrer noopener\">comunicado<\/a>, o Cebraspe<strong> <\/strong>anunciou a suspens\u00e3o das provas devido \u00e0s fortes chuvas que atingiram o estado no dia 12 de dezembro. Agora, a etapa ser\u00e1 realizada no dia 13 de mar\u00e7o. <\/p>\n\n\n\n<p>O concurso PC RJ oferta 350 oportunidades para Inspetor, Investigador, Perito Criminal, Perito Legista, T\u00e9cnico de Necropsia e Auxiliar de Necropsia, com iniciais que podem chegar a R$ 9.924,06.<\/p>\n\n\n\n<p>Confira as informa\u00e7\u00f5es completas do concurso PC RJ, que ter\u00e1 novos editais publicados, em nosso artigo completo e exclusivo:<\/p>\n\n\n\n<h2 class=\"has-text-align-center has-cyan-bluish-gray-background-color has-background has-medium-font-size wp-block-heading\" id=\"h-saiba-mais-concurso-policia-civil-rj\"><span class=\"has-inline-color has-black-color\">Saiba mais:<\/span> <a href=\"https:\/\/www.estrategiaconcursos.com.br\/blog\/concurso-policia-civil-rj\/\" target=\"_blank\" rel=\"noreferrer noopener\">Concurso Pol\u00edcia Civil RJ<\/a><\/h2>\n\n\n\n<h2 class=\"has-text-align-center wp-block-heading\" id=\"cursos\">Quer estudar para concurso Pol\u00edcia Civil RJ?<\/h2>\n\n\n\n<div class=\"container\" id=\"boxes\">\n  <div class=\"row\">\n\n    <div class=\"col-sm\">\n      <div class=\"banner-policial\" id=\"box-assinatura\">\n        <h3 class=\"titulo-assinatura\">Concurso PC RJ<\/h3>\n        <p class=\"subtitulo-assinatura\">Conhe\u00e7a os cursos<\/p>\n        <div class=\"box-botao\">\n          <a class=\"btn-assinatura\" target=\"_blank\" href=\"https:\/\/www.estrategiaconcursos.com.br\/cursosPorConcurso\/policia-civil-rj-pc-rj\/\/\" role=\"button\" rel=\"noopener noreferrer\">Conhe\u00e7a mais<\/a>\n        <\/div>\n      <\/div>\n    \n    <\/div>\n\n  <\/div>\n<\/div>\n\n\n\n<div class=\"container\" id=\"boxes\">\n  <div class=\"row\">\n\n    <div class=\"col-sm\">\n      <div class=\"estrategia\" id=\"box-assinatura\">\n        <h3 class=\"titulo-assinatura\">Assinatura de Concursos<\/h3>\n        <p class=\"subtitulo-assinatura\">Assinatura de 1 ou 2 anos<\/p>\n        <div class=\"box-botao\">\n          <a class=\"btn-assinatura\" target=\"_blank\" href=\"https:\/\/www.estrategiaconcursos.com.br\/assinaturas\/\" role=\"button\" rel=\"noopener noreferrer\">ASSINE AGORA<\/a>\n        <\/div>\n      <\/div>\n      <p .<=\"\" p=\"\">\n    <\/p><\/div><\/div><\/div>\n\n\n\n<h2 class=\"has-text-align-center wp-block-heading\" id=\"cursos\">Quer saber tudo sobre concursos previstos? <br \/>Confira nossos artigos!<\/h2>\n\n\n\n<ul class=\"wp-block-list\"><li><a href=\"https:\/\/www.estrategiaconcursos.com.br\/blog\/concursos-abertos\/\">Concursos abertos<\/a><\/li><li><a href=\"https:\/\/www.estrategiaconcursos.com.br\/blog\/concursos-2022\/\">Concursos 2022<\/a><\/li><\/ul>\n","protected":false},"excerpt":{"rendered":"<p>Aten\u00e7\u00e3o, interessados no concurso PC RJ: o secret\u00e1rio da Pol\u00edcia Civil do Rio de Janeiro, Allan Turnowski, afirmou nas redes sociais que a corpora\u00e7\u00e3o pretende lan\u00e7ar novos editais e ser\u00e1 &#8220;um concurso atr\u00e1s do outro&#8221;. Com rela\u00e7\u00e3o \u00e0 convoca\u00e7\u00e3o dos excedentes da sele\u00e7\u00e3o em andamento, Turnowski afirmou que, embora exista o atual Regime de Recupera\u00e7\u00e3o [&hellip;]<\/p>\n","protected":false},"author":2134,"featured_media":727294,"comment_status":"open","ping_status":"closed","sticky":false,"template":"","format":"standard","meta":{"post_tipo":"news","footnotes":""},"categories":[220194,1988,220190,220219],"tags":[],"tax_estado":[219982],"class_list":["post-946366","post","type-post","status-publish","format-standard","has-post-thumbnail","hentry","category-delegado","category-policia","category-policial-peritos","category-noticias","tax_estado-rj"],"acf":[],"yoast_head":"<!-- This site is optimized with the Yoast SEO Premium plugin v27.2 (Yoast SEO v27.2) - https:\/\/yoast.com\/product\/yoast-seo-premium-wordpress\/ -->\n<title>Concurso PC RJ: secret\u00e1rio confirma novos editais! Saiba mais!<\/title>\n<meta name=\"description\" content=\"Concurso PC RJ: secret\u00e1rio confirma novos editais para a corpora\u00e7\u00e3o. Sele\u00e7\u00e3o em andamento tem cronograma mantido! Confira os detalhes!\" \/>\n<meta name=\"robots\" content=\"index, follow, max-snippet:-1, max-image-preview:large, max-video-preview:-1\" \/>\n<link rel=\"canonical\" href=\"https:\/\/www.estrategiaconcursos.com.br\/blog\/concurso-pc-rj-novos-editais\/\" \/>\n<meta property=\"og:locale\" content=\"pt_BR\" \/>\n<meta property=\"og:type\" content=\"article\" \/>\n<meta property=\"og:title\" content=\"Concurso PC RJ: secret\u00e1rio confirma novos editais! Saiba mais!\" \/>\n<meta property=\"og:description\" content=\"Concurso PC RJ: secret\u00e1rio confirma novos editais para a corpora\u00e7\u00e3o. Sele\u00e7\u00e3o em andamento tem cronograma mantido! Confira os detalhes!\" \/>\n<meta property=\"og:url\" content=\"https:\/\/www.estrategiaconcursos.com.br\/blog\/concurso-pc-rj-novos-editais\/\" \/>\n<meta property=\"og:site_name\" content=\"Estrat\u00e9gia Concursos\" \/>\n<meta property=\"article:published_time\" content=\"2022-01-13T12:28:32+00:00\" \/>\n<meta property=\"article:modified_time\" content=\"2022-01-13T12:28:35+00:00\" \/>\n<meta property=\"og:image\" content=\"https:\/\/dhg1h5j42swfq.cloudfront.net\/2021\/04\/29174108\/concurso-pc-rj.jpg\" \/>\n\t<meta property=\"og:image:width\" content=\"768\" \/>\n\t<meta property=\"og:image:height\" content=\"432\" \/>\n\t<meta property=\"og:image:type\" content=\"image\/jpeg\" \/>\n<meta name=\"author\" content=\"Rafaela Teixeira\" \/>\n<meta name=\"twitter:card\" content=\"summary_large_image\" \/>\n<meta name=\"twitter:creator\" content=\"@EstratConcursos\" \/>\n<meta name=\"twitter:site\" content=\"@EstratConcursos\" \/>\n<meta name=\"twitter:label1\" content=\"Escrito por\" \/>\n\t<meta name=\"twitter:data1\" content=\"Rafaela Teixeira\" \/>\n\t<meta name=\"twitter:label2\" content=\"Est. tempo de leitura\" \/>\n\t<meta name=\"twitter:data2\" content=\"3 minutos\" \/>\n<script type=\"application\/ld+json\" class=\"yoast-schema-graph\">{\"@context\":\"https:\/\/schema.org\",\"@graph\":[{\"@type\":\"NewsArticle\",\"@id\":\"https:\/\/www.estrategiaconcursos.com.br\/blog\/concurso-pc-rj-novos-editais\/#article\",\"isPartOf\":{\"@id\":\"https:\/\/www.estrategiaconcursos.com.br\/blog\/concurso-pc-rj-novos-editais\/\"},\"author\":{\"name\":\"Rafaela Teixeira\",\"@id\":\"https:\/\/www.estrategiaconcursos.com.br\/blog\/#\/schema\/person\/e75352021ea7f60781c599934f916eb1\"},\"headline\":\"Concurso PC RJ: secret\u00e1rio confirma novos editais! Saiba mais!\",\"datePublished\":\"2022-01-13T12:28:32+00:00\",\"dateModified\":\"2022-01-13T12:28:35+00:00\",\"mainEntityOfPage\":{\"@id\":\"https:\/\/www.estrategiaconcursos.com.br\/blog\/concurso-pc-rj-novos-editais\/\"},\"wordCount\":459,\"commentCount\":0,\"publisher\":{\"@id\":\"https:\/\/www.estrategiaconcursos.com.br\/blog\/#organization\"},\"image\":{\"@id\":\"https:\/\/www.estrategiaconcursos.com.br\/blog\/concurso-pc-rj-novos-editais\/#primaryimage\"},\"thumbnailUrl\":\"https:\/\/dhg1h5j42swfq.cloudfront.net\/2021\/04\/29174108\/concurso-pc-rj.jpg\",\"articleSection\":[\"Jur\u00eddico - Delegado\",\"Policial (Agente, Escriv\u00e3o e Investigador)\",\"Policial (Peritos, Papiloscopistas)\",\"\u00daltimas not\u00edcias\"],\"inLanguage\":\"pt-BR\",\"potentialAction\":[{\"@type\":\"CommentAction\",\"name\":\"Comment\",\"target\":[\"https:\/\/www.estrategiaconcursos.com.br\/blog\/concurso-pc-rj-novos-editais\/#respond\"]}],\"copyrightYear\":\"2022\",\"copyrightHolder\":{\"@id\":\"https:\/\/www.estrategiaconcursos.com.br\/blog\/#organization\"}},{\"@type\":\"WebPage\",\"@id\":\"https:\/\/www.estrategiaconcursos.com.br\/blog\/concurso-pc-rj-novos-editais\/\",\"url\":\"https:\/\/www.estrategiaconcursos.com.br\/blog\/concurso-pc-rj-novos-editais\/\",\"name\":\"Concurso PC RJ: secret\u00e1rio confirma novos editais! Saiba mais!\",\"isPartOf\":{\"@id\":\"https:\/\/www.estrategiaconcursos.com.br\/blog\/#website\"},\"primaryImageOfPage\":{\"@id\":\"https:\/\/www.estrategiaconcursos.com.br\/blog\/concurso-pc-rj-novos-editais\/#primaryimage\"},\"image\":{\"@id\":\"https:\/\/www.estrategiaconcursos.com.br\/blog\/concurso-pc-rj-novos-editais\/#primaryimage\"},\"thumbnailUrl\":\"https:\/\/dhg1h5j42swfq.cloudfront.net\/2021\/04\/29174108\/concurso-pc-rj.jpg\",\"datePublished\":\"2022-01-13T12:28:32+00:00\",\"dateModified\":\"2022-01-13T12:28:35+00:00\",\"description\":\"Concurso PC RJ: secret\u00e1rio confirma novos editais para a corpora\u00e7\u00e3o. Sele\u00e7\u00e3o em andamento tem cronograma mantido! Confira os detalhes!\",\"breadcrumb\":{\"@id\":\"https:\/\/www.estrategiaconcursos.com.br\/blog\/concurso-pc-rj-novos-editais\/#breadcrumb\"},\"inLanguage\":\"pt-BR\",\"potentialAction\":[{\"@type\":\"ReadAction\",\"target\":[\"https:\/\/www.estrategiaconcursos.com.br\/blog\/concurso-pc-rj-novos-editais\/\"]}]},{\"@type\":\"ImageObject\",\"inLanguage\":\"pt-BR\",\"@id\":\"https:\/\/www.estrategiaconcursos.com.br\/blog\/concurso-pc-rj-novos-editais\/#primaryimage\",\"url\":\"https:\/\/dhg1h5j42swfq.cloudfront.net\/2021\/04\/29174108\/concurso-pc-rj.jpg\",\"contentUrl\":\"https:\/\/dhg1h5j42swfq.cloudfront.net\/2021\/04\/29174108\/concurso-pc-rj.jpg\",\"width\":768,\"height\":432,\"caption\":\"concurso pc rj\"},{\"@type\":\"BreadcrumbList\",\"@id\":\"https:\/\/www.estrategiaconcursos.com.br\/blog\/concurso-pc-rj-novos-editais\/#breadcrumb\",\"itemListElement\":[{\"@type\":\"ListItem\",\"position\":1,\"name\":\"In\u00edcio\",\"item\":\"https:\/\/www.estrategiaconcursos.com.br\/blog\/\"},{\"@type\":\"ListItem\",\"position\":2,\"name\":\"Concurso PC RJ: secret\u00e1rio confirma novos editais! Saiba mais!\"}]},{\"@type\":\"WebSite\",\"@id\":\"https:\/\/www.estrategiaconcursos.com.br\/blog\/#website\",\"url\":\"https:\/\/www.estrategiaconcursos.com.br\/blog\/\",\"name\":\"Estrat\u00e9gia Concursos\",\"description\":\"O blog da Estrat\u00e9gia Concursos traz not\u00edcias sobre concursos e artigos de professores oferecendo cursos para concursos (pdf + videaulas) no site.\",\"publisher\":{\"@id\":\"https:\/\/www.estrategiaconcursos.com.br\/blog\/#organization\"},\"potentialAction\":[{\"@type\":\"SearchAction\",\"target\":{\"@type\":\"EntryPoint\",\"urlTemplate\":\"https:\/\/www.estrategiaconcursos.com.br\/blog\/?s={search_term_string}\"},\"query-input\":{\"@type\":\"PropertyValueSpecification\",\"valueRequired\":true,\"valueName\":\"search_term_string\"}}],\"inLanguage\":\"pt-BR\"},{\"@type\":\"Organization\",\"@id\":\"https:\/\/www.estrategiaconcursos.com.br\/blog\/#organization\",\"name\":\"Estrat\u00e9gia Concursos\",\"url\":\"https:\/\/www.estrategiaconcursos.com.br\/blog\/\",\"logo\":{\"@type\":\"ImageObject\",\"inLanguage\":\"pt-BR\",\"@id\":\"https:\/\/www.estrategiaconcursos.com.br\/blog\/#\/schema\/logo\/image\/\",\"url\":\"https:\/\/dhg1h5j42swfq.cloudfront.net\/2025\/06\/03203428\/logo_concursos-1.jpg\",\"contentUrl\":\"https:\/\/dhg1h5j42swfq.cloudfront.net\/2025\/06\/03203428\/logo_concursos-1.jpg\",\"width\":230,\"height\":60,\"caption\":\"Estrat\u00e9gia Concursos\"},\"image\":{\"@id\":\"https:\/\/www.estrategiaconcursos.com.br\/blog\/#\/schema\/logo\/image\/\"},\"sameAs\":[\"https:\/\/x.com\/EstratConcursos\"]},{\"@type\":\"Person\",\"@id\":\"https:\/\/www.estrategiaconcursos.com.br\/blog\/#\/schema\/person\/e75352021ea7f60781c599934f916eb1\",\"name\":\"Rafaela Teixeira\",\"image\":{\"@type\":\"ImageObject\",\"inLanguage\":\"pt-BR\",\"@id\":\"https:\/\/secure.gravatar.com\/avatar\/8a349a2b22039b1ee88fc06461487c950fd6aa411ea8af8633314b43334ae793?s=96&d=mm&r=g\",\"url\":\"https:\/\/secure.gravatar.com\/avatar\/8a349a2b22039b1ee88fc06461487c950fd6aa411ea8af8633314b43334ae793?s=96&d=mm&r=g\",\"contentUrl\":\"https:\/\/secure.gravatar.com\/avatar\/8a349a2b22039b1ee88fc06461487c950fd6aa411ea8af8633314b43334ae793?s=96&d=mm&r=g\",\"caption\":\"Rafaela Teixeira\"},\"description\":\"Rafaela Teixeira \u00e9 advogada conveniada \u00e0 Defensoria P\u00fablica de S\u00e3o Paulo pela OAB, com experi\u00eancia em reda\u00e7\u00e3o jur\u00eddica e atua\u00e7\u00e3o em institui\u00e7\u00f5es p\u00fablicas, incluindo est\u00e1gio no TRE-SP. Possui mais de 7 anos de experi\u00eancia na produ\u00e7\u00e3o de conte\u00fados voltados ao nicho de concursos p\u00fablicos, com foco em apura\u00e7\u00e3o jornal\u00edstica cont\u00ednua, an\u00e1lise de editais e obten\u00e7\u00e3o de informa\u00e7\u00f5es diretamente junto a \u00f3rg\u00e3os e fontes oficiais. No Blog do Estrat\u00e9gia Concursos, atua como Analista de Conte\u00fado S\u00eanior, respons\u00e1vel pelo jornalismo do per\u00edodo noturno e da madrugada, com atua\u00e7\u00e3o transversal na cobertura de concursos p\u00fablicos, garantindo a continuidade, fluidez e confiabilidade das publica\u00e7\u00f5es e dos bastidores dos certames.\",\"url\":\"https:\/\/www.estrategiaconcursos.com.br\/blog\/author\/rafaela-teixeira\/\"}]}<\/script>\n<!-- \/ Yoast SEO Premium plugin. -->","yoast_head_json":{"title":"Concurso PC RJ: secret\u00e1rio confirma novos editais! Saiba mais!","description":"Concurso PC RJ: secret\u00e1rio confirma novos editais para a corpora\u00e7\u00e3o. Sele\u00e7\u00e3o em andamento tem cronograma mantido! Confira os detalhes!","robots":{"index":"index","follow":"follow","max-snippet":"max-snippet:-1","max-image-preview":"max-image-preview:large","max-video-preview":"max-video-preview:-1"},"canonical":"https:\/\/www.estrategiaconcursos.com.br\/blog\/concurso-pc-rj-novos-editais\/","og_locale":"pt_BR","og_type":"article","og_title":"Concurso PC RJ: secret\u00e1rio confirma novos editais! Saiba mais!","og_description":"Concurso PC RJ: secret\u00e1rio confirma novos editais para a corpora\u00e7\u00e3o. Sele\u00e7\u00e3o em andamento tem cronograma mantido! Confira os detalhes!","og_url":"https:\/\/www.estrategiaconcursos.com.br\/blog\/concurso-pc-rj-novos-editais\/","og_site_name":"Estrat\u00e9gia Concursos","article_published_time":"2022-01-13T12:28:32+00:00","article_modified_time":"2022-01-13T12:28:35+00:00","og_image":[{"width":768,"height":432,"url":"https:\/\/dhg1h5j42swfq.cloudfront.net\/2021\/04\/29174108\/concurso-pc-rj.jpg","type":"image\/jpeg"}],"author":"Rafaela Teixeira","twitter_card":"summary_large_image","twitter_creator":"@EstratConcursos","twitter_site":"@EstratConcursos","twitter_misc":{"Escrito por":"Rafaela Teixeira","Est. tempo de leitura":"3 minutos"},"schema":{"@context":"https:\/\/schema.org","@graph":[{"@type":"NewsArticle","@id":"https:\/\/www.estrategiaconcursos.com.br\/blog\/concurso-pc-rj-novos-editais\/#article","isPartOf":{"@id":"https:\/\/www.estrategiaconcursos.com.br\/blog\/concurso-pc-rj-novos-editais\/"},"author":{"name":"Rafaela Teixeira","@id":"https:\/\/www.estrategiaconcursos.com.br\/blog\/#\/schema\/person\/e75352021ea7f60781c599934f916eb1"},"headline":"Concurso PC RJ: secret\u00e1rio confirma novos editais! Saiba mais!","datePublished":"2022-01-13T12:28:32+00:00","dateModified":"2022-01-13T12:28:35+00:00","mainEntityOfPage":{"@id":"https:\/\/www.estrategiaconcursos.com.br\/blog\/concurso-pc-rj-novos-editais\/"},"wordCount":459,"commentCount":0,"publisher":{"@id":"https:\/\/www.estrategiaconcursos.com.br\/blog\/#organization"},"image":{"@id":"https:\/\/www.estrategiaconcursos.com.br\/blog\/concurso-pc-rj-novos-editais\/#primaryimage"},"thumbnailUrl":"https:\/\/dhg1h5j42swfq.cloudfront.net\/2021\/04\/29174108\/concurso-pc-rj.jpg","articleSection":["Jur\u00eddico - Delegado","Policial (Agente, Escriv\u00e3o e Investigador)","Policial (Peritos, Papiloscopistas)","\u00daltimas not\u00edcias"],"inLanguage":"pt-BR","potentialAction":[{"@type":"CommentAction","name":"Comment","target":["https:\/\/www.estrategiaconcursos.com.br\/blog\/concurso-pc-rj-novos-editais\/#respond"]}],"copyrightYear":"2022","copyrightHolder":{"@id":"https:\/\/www.estrategiaconcursos.com.br\/blog\/#organization"}},{"@type":"WebPage","@id":"https:\/\/www.estrategiaconcursos.com.br\/blog\/concurso-pc-rj-novos-editais\/","url":"https:\/\/www.estrategiaconcursos.com.br\/blog\/concurso-pc-rj-novos-editais\/","name":"Concurso PC RJ: secret\u00e1rio confirma novos editais! Saiba mais!","isPartOf":{"@id":"https:\/\/www.estrategiaconcursos.com.br\/blog\/#website"},"primaryImageOfPage":{"@id":"https:\/\/www.estrategiaconcursos.com.br\/blog\/concurso-pc-rj-novos-editais\/#primaryimage"},"image":{"@id":"https:\/\/www.estrategiaconcursos.com.br\/blog\/concurso-pc-rj-novos-editais\/#primaryimage"},"thumbnailUrl":"https:\/\/dhg1h5j42swfq.cloudfront.net\/2021\/04\/29174108\/concurso-pc-rj.jpg","datePublished":"2022-01-13T12:28:32+00:00","dateModified":"2022-01-13T12:28:35+00:00","description":"Concurso PC RJ: secret\u00e1rio confirma novos editais para a corpora\u00e7\u00e3o. Sele\u00e7\u00e3o em andamento tem cronograma mantido! Confira os detalhes!","breadcrumb":{"@id":"https:\/\/www.estrategiaconcursos.com.br\/blog\/concurso-pc-rj-novos-editais\/#breadcrumb"},"inLanguage":"pt-BR","potentialAction":[{"@type":"ReadAction","target":["https:\/\/www.estrategiaconcursos.com.br\/blog\/concurso-pc-rj-novos-editais\/"]}]},{"@type":"ImageObject","inLanguage":"pt-BR","@id":"https:\/\/www.estrategiaconcursos.com.br\/blog\/concurso-pc-rj-novos-editais\/#primaryimage","url":"https:\/\/dhg1h5j42swfq.cloudfront.net\/2021\/04\/29174108\/concurso-pc-rj.jpg","contentUrl":"https:\/\/dhg1h5j42swfq.cloudfront.net\/2021\/04\/29174108\/concurso-pc-rj.jpg","width":768,"height":432,"caption":"concurso pc rj"},{"@type":"BreadcrumbList","@id":"https:\/\/www.estrategiaconcursos.com.br\/blog\/concurso-pc-rj-novos-editais\/#breadcrumb","itemListElement":[{"@type":"ListItem","position":1,"name":"In\u00edcio","item":"https:\/\/www.estrategiaconcursos.com.br\/blog\/"},{"@type":"ListItem","position":2,"name":"Concurso PC RJ: secret\u00e1rio confirma novos editais! Saiba mais!"}]},{"@type":"WebSite","@id":"https:\/\/www.estrategiaconcursos.com.br\/blog\/#website","url":"https:\/\/www.estrategiaconcursos.com.br\/blog\/","name":"Estrat\u00e9gia Concursos","description":"O blog da Estrat\u00e9gia Concursos traz not\u00edcias sobre concursos e artigos de professores oferecendo cursos para concursos (pdf + videaulas) no site.","publisher":{"@id":"https:\/\/www.estrategiaconcursos.com.br\/blog\/#organization"},"potentialAction":[{"@type":"SearchAction","target":{"@type":"EntryPoint","urlTemplate":"https:\/\/www.estrategiaconcursos.com.br\/blog\/?s={search_term_string}"},"query-input":{"@type":"PropertyValueSpecification","valueRequired":true,"valueName":"search_term_string"}}],"inLanguage":"pt-BR"},{"@type":"Organization","@id":"https:\/\/www.estrategiaconcursos.com.br\/blog\/#organization","name":"Estrat\u00e9gia Concursos","url":"https:\/\/www.estrategiaconcursos.com.br\/blog\/","logo":{"@type":"ImageObject","inLanguage":"pt-BR","@id":"https:\/\/www.estrategiaconcursos.com.br\/blog\/#\/schema\/logo\/image\/","url":"https:\/\/dhg1h5j42swfq.cloudfront.net\/2025\/06\/03203428\/logo_concursos-1.jpg","contentUrl":"https:\/\/dhg1h5j42swfq.cloudfront.net\/2025\/06\/03203428\/logo_concursos-1.jpg","width":230,"height":60,"caption":"Estrat\u00e9gia Concursos"},"image":{"@id":"https:\/\/www.estrategiaconcursos.com.br\/blog\/#\/schema\/logo\/image\/"},"sameAs":["https:\/\/x.com\/EstratConcursos"]},{"@type":"Person","@id":"https:\/\/www.estrategiaconcursos.com.br\/blog\/#\/schema\/person\/e75352021ea7f60781c599934f916eb1","name":"Rafaela Teixeira","image":{"@type":"ImageObject","inLanguage":"pt-BR","@id":"https:\/\/secure.gravatar.com\/avatar\/8a349a2b22039b1ee88fc06461487c950fd6aa411ea8af8633314b43334ae793?s=96&d=mm&r=g","url":"https:\/\/secure.gravatar.com\/avatar\/8a349a2b22039b1ee88fc06461487c950fd6aa411ea8af8633314b43334ae793?s=96&d=mm&r=g","contentUrl":"https:\/\/secure.gravatar.com\/avatar\/8a349a2b22039b1ee88fc06461487c950fd6aa411ea8af8633314b43334ae793?s=96&d=mm&r=g","caption":"Rafaela Teixeira"},"description":"Rafaela Teixeira \u00e9 advogada conveniada \u00e0 Defensoria P\u00fablica de S\u00e3o Paulo pela OAB, com experi\u00eancia em reda\u00e7\u00e3o jur\u00eddica e atua\u00e7\u00e3o em institui\u00e7\u00f5es p\u00fablicas, incluindo est\u00e1gio no TRE-SP. Possui mais de 7 anos de experi\u00eancia na produ\u00e7\u00e3o de conte\u00fados voltados ao nicho de concursos p\u00fablicos, com foco em apura\u00e7\u00e3o jornal\u00edstica cont\u00ednua, an\u00e1lise de editais e obten\u00e7\u00e3o de informa\u00e7\u00f5es diretamente junto a \u00f3rg\u00e3os e fontes oficiais. No Blog do Estrat\u00e9gia Concursos, atua como Analista de Conte\u00fado S\u00eanior, respons\u00e1vel pelo jornalismo do per\u00edodo noturno e da madrugada, com atua\u00e7\u00e3o transversal na cobertura de concursos p\u00fablicos, garantindo a continuidade, fluidez e confiabilidade das publica\u00e7\u00f5es e dos bastidores dos certames.","url":"https:\/\/www.estrategiaconcursos.com.br\/blog\/author\/rafaela-teixeira\/"}]}},"_links":{"self":[{"href":"https:\/\/www.estrategiaconcursos.com.br\/blog\/wp-json\/wp\/v2\/posts\/946366","targetHints":{"allow":["GET"]}}],"collection":[{"href":"https:\/\/www.estrategiaconcursos.com.br\/blog\/wp-json\/wp\/v2\/posts"}],"about":[{"href":"https:\/\/www.estrategiaconcursos.com.br\/blog\/wp-json\/wp\/v2\/types\/post"}],"author":[{"embeddable":true,"href":"https:\/\/www.estrategiaconcursos.com.br\/blog\/wp-json\/wp\/v2\/users\/2134"}],"replies":[{"embeddable":true,"href":"https:\/\/www.estrategiaconcursos.com.br\/blog\/wp-json\/wp\/v2\/comments?post=946366"}],"version-history":[{"count":3,"href":"https:\/\/www.estrategiaconcursos.com.br\/blog\/wp-json\/wp\/v2\/posts\/946366\/revisions"}],"predecessor-version":[{"id":946393,"href":"https:\/\/www.estrategiaconcursos.com.br\/blog\/wp-json\/wp\/v2\/posts\/946366\/revisions\/946393"}],"wp:featuredmedia":[{"embeddable":true,"href":"https:\/\/www.estrategiaconcursos.com.br\/blog\/wp-json\/wp\/v2\/media\/727294"}],"wp:attachment":[{"href":"https:\/\/www.estrategiaconcursos.com.br\/blog\/wp-json\/wp\/v2\/media?parent=946366"}],"wp:term":[{"taxonomy":"category","embeddable":true,"href":"https:\/\/www.estrategiaconcursos.com.br\/blog\/wp-json\/wp\/v2\/categories?post=946366"},{"taxonomy":"post_tag","embeddable":true,"href":"https:\/\/www.estrategiaconcursos.com.br\/blog\/wp-json\/wp\/v2\/tags?post=946366"},{"taxonomy":"tax_estado","embeddable":true,"href":"https:\/\/www.estrategiaconcursos.com.br\/blog\/wp-json\/wp\/v2\/tax_estado?post=946366"}],"curies":[{"name":"wp","href":"https:\/\/api.w.org\/{rel}","templated":true}]}}