{"id":946196,"date":"2026-01-22T23:25:14","date_gmt":"2026-01-23T02:25:14","guid":{"rendered":"https:\/\/www.estrategiaconcursos.com.br\/blog\/?p=946196"},"modified":"2026-01-23T08:25:48","modified_gmt":"2026-01-23T11:25:48","slug":"concurso-mp-ro","status":"publish","type":"post","link":"https:\/\/www.estrategiaconcursos.com.br\/blog\/concurso-mp-ro\/","title":{"rendered":"Concurso MP RO \u00e9 previsto para 2026!"},"content":{"rendered":"\n<p>O <a href=\"https:\/\/www.estrategiaconcursos.com.br\/cursos\/concurso\/\" target=\"_blank\" rel=\"noreferrer noopener\">Minist\u00e9rio Publico de Rond\u00f4nia<\/a> (<strong>MP RO<\/strong>) tem um novo edital de concurso p\u00fablico previsto para o ano de 2026.<\/p>\n\n\n\n<p>A medida consta no Plano Plurianual 2025-2027, que teve a publica\u00e7\u00e3o sobre as previs\u00f5es deste ano no dia 22 de janeiro de 2026. <\/p>\n\n\n\n<ul class=\"wp-block-list\">\n<li><a href=\"https:\/\/dhg1h5j42swfq.cloudfront.net\/2026\/01\/22231718\/plurianual.pdf\" target=\"_blank\" rel=\"noreferrer noopener\">Plano Plurianual 2025-27<\/a>.<\/li>\n<\/ul>\n\n\n\n<p>Apesar disso, a reserva or\u00e7ament\u00e1ria n\u00e3o confirma necessariamente a realiza\u00e7\u00e3o em 2026. Para isso, \u00e9 ainda necess\u00e1rio a autoriza\u00e7\u00e3o do governador.<\/p>\n\n\n\n<p>Vale lembrar que existem <strong>854 cargos vagos<\/strong> no MP RO. Al\u00e9m disso, foi publicada a Lei Complementar N\u00b0 1.311, que altera a <a href=\"https:\/\/www.estrategiaconcursos.com.br\/blog\/lei-complementar-altera-lei-organica-do-mp-ro\/\">Lei Org\u00e2nica<\/a> (nas Leis Complementares n\u00b0 93, de 3 de novembro de 1993, e n\u00b0 303, de 26 de julho de 2004) do\u00a0MP RO.<\/p>\n\n\n\n<ul id=\"block-ee678516-e9d1-48bd-b327-7b9acd55f0fd\" class=\"wp-block-list has-very-light-gray-to-cyan-bluish-gray-gradient-background has-background\">\n<li><strong>Status:<\/strong> resultado final<\/li>\n\n\n\n<li><strong style=\"background-color: initial; color: initial;\">Banca:<\/strong> <a href=\"https:\/\/www.cebraspe.org.br\/concursos\/mpe_ro_23\">Cebraspe<\/a><\/li>\n\n\n\n<li><strong>Vagas:<\/strong> 12 + 420 CR<\/li>\n\n\n\n<li><strong>Cargo<\/strong>: diversos <\/li>\n\n\n\n<li><strong>Sal\u00e1rio inicial:<\/strong> at\u00e9 R$ 11.183,80<\/li>\n\n\n\n<li><strong>Edital: <\/strong><a href=\"https:\/\/cdn.cebraspe.org.br\/concursos\/MPE_RO_23\/arquivos\/ED_1_2023_MPE_RO_SERVIDOR_ABERTURA.PDF\" target=\"_blank\" rel=\"noreferrer noopener\">MP RO 2023<\/a><\/li>\n<\/ul>\n\n\n\n<p>Ademais, est\u00e1 dispon\u00edvel a consulta ao <a href=\"https:\/\/dhg1h5j42swfq.cloudfront.net\/2023\/11\/17132139\/ed_9_mpro_res_fin_desemp_e_concurso.pdf\" target=\"_blank\" rel=\"noreferrer noopener nofollow\">resultado final<\/a> do concurso de 2023. O certame ofertou <strong>432 vagas<\/strong>, sendo 12 imediatas e 420 para forma\u00e7\u00e3o de cadastro de reserva.<\/p>\n\n\n\n<p>As oportunidades foram para a \u00e1rea de <strong>Tecnologia da Informa\u00e7\u00e3o (TI)<\/strong>, distribu\u00eddas entre os cargos de Analista Programador, Analista de Redes e Comunica\u00e7\u00e3o de Dados, Analista de Sistemas e Analista de Suporte Computacional.<\/p>\n\n\n\n<p>Segundo dados publicados pela banca Cebraspre, o edital registrou <a href=\"https:\/\/cdn.cebraspe.org.br\/concursos\/MPE_RO_23\/arquivos\/MPE_RO_23___DEMANDA_CANDIDATOS_POR_VAGA.PDF\">1.699 inscri\u00e7\u00f5es<\/a>. <\/p>\n\n\n\n<p>Confira mais informa\u00e7\u00f5es no decorrer do artigo!<\/p>\n\n\n\n<div class=\"container\" id=\"boxes\">\n  <div class=\"row\">\n\n    <div class=\"col-sm\">\n      <div class=\"banner-tribunal\" id=\"box-assinatura\">\n        <h3 class=\"titulo-assinatura\">Cursos para MP RO<\/h3>\n        <p class=\"subtitulo-assinatura\">Conhe\u00e7a os cursos<\/p>\n        <div class=\"box-botao\">\n          <a class=\"btn-assinatura\" target=\"_blank\" href=\"https:\/\/www.estrategiaconcursos.com.br\/cursosPorConcurso\/mp-ro-ministerio-publico-de-rondonia-servidores\/\" rel=\"noopener noreferrer\">Conhe\u00e7a mais<\/a>\n        <\/div>\n      <\/div>\n      \n    <\/div>\n\n  <\/div>\n<\/div>\n\n\n\n<p>Para saber mais informa\u00e7\u00f5es sobre os cargos da carreira no Minist\u00e9rio P\u00fablico de Rond\u00f4nia, acompanhe este artigo at\u00e9 o final: <\/p>\n\n\n\n<ul id=\"indice\" class=\"wp-block-list\">\n<li><strong><a href=\"#atual\">Situa\u00e7\u00e3o atual<\/a><\/strong>\n<ul class=\"wp-block-list\">\n<li><a href=\"#h-mudanca-na-lei-organica-do-mp-ro\">Mudan\u00e7a na Lei Org\u00e2nica do MP<\/a><\/li>\n\n\n\n<li><a href=\"#h-cargos-vagos-2025\"><strong>Cargos vagos<\/strong><\/a><\/li>\n<\/ul>\n<\/li>\n\n\n\n<li><a href=\"#cargos-vagas-e-remuneracoes\"><strong>Cargos, vagas e remunera\u00e7\u00f5es<\/strong><\/a><\/li>\n\n\n\n<li><a href=\"#requisitos\"><strong>Requisitos<\/strong><\/a><\/li>\n\n\n\n<li><a href=\"#etapas\"><strong>Etapas<\/strong><\/a><\/li>\n\n\n\n<li><strong><a href=\"#carreira\" target=\"_blank\" rel=\"noreferrer noopener\">Carreira<\/a><\/strong>\n<ul class=\"wp-block-list\">\n<li><strong><a href=\"#vagos\">Cargos vagos e ocupados<\/a><\/strong><\/li>\n\n\n\n<li><strong><a href=\"#remuneracao\">Estrutura remunerat\u00f3ria<\/a><\/strong><\/li>\n<\/ul>\n<\/li>\n\n\n\n<li><a href=\"#\u00faltimo-concurso\"><strong>\u00daltimo concurso<\/strong><\/a><\/li>\n\n\n\n<li><strong><a href=\"#cursos\">Cursos<\/a><\/strong><\/li>\n\n\n\n<li><strong><a href=\"#ficha\">Ficha T\u00e9cnica<\/a><\/strong><\/li>\n<\/ul>\n\n\n\n<h2 class=\"wp-block-heading\" id=\"atual\">Concurso MP RO: situa\u00e7\u00e3o atual<\/h2>\n\n\n\n<h3 class=\"wp-block-heading\" id=\"h-mudanca-na-lei-organica-do-mp-ro\">Mudan\u00e7a na Lei Org\u00e2nica do MP RO<\/h3>\n\n\n\n<p>O governador de Rond\u00f4nia, Marcos Rocha, publicou o Di\u00e1rio Oficial desta sexta-feira (5) a <a href=\"https:\/\/www.estrategiaconcursos.com.br\/blog\/lei-complementar-altera-lei-organica-do-mp-ro\/\">Lei Complementar N\u00b0 1.311<\/a>, que altera a Lei Org\u00e2nica (nas Leis Complementares n\u00b0 93, de 3 de novembro de 1993, e n\u00b0 303, de 26 de julho de 2004) do\u00a0Minist\u00e9rio Publico de Rond\u00f4nia.<\/p>\n\n\n\n<p>Dentre as modifica\u00e7\u00f5es est\u00e1:<\/p>\n\n\n\n<p><strong>Art. 7\u00b0Ficam unificados no cargo de Analista do Minist\u00e9rio P\u00fablico todos os cargos de n\u00edvel superior, c\u00f3digo MP-NS, previstos na parte I do Anexo I da Lei Complementar n\u00b0 303, de 2004, que passa a vigorar na forma do Anexo I desta Lei Complementar.<\/strong><\/p>\n\n\n\n<figure class=\"wp-block-image size-large\"><img loading=\"lazy\" decoding=\"async\" width=\"1024\" height=\"120\" src=\"https:\/\/dhg1h5j42swfq.cloudfront.net\/2025\/12\/05175104\/captura-de-tela-2025-12-05-as-17-50-45-1024x120.png\" alt=\"\" class=\"wp-image-1681083\" srcset=\"https:\/\/dhg1h5j42swfq.cloudfront.net\/2025\/12\/05175104\/captura-de-tela-2025-12-05-as-17-50-45-1024x120.png 1024w, https:\/\/dhg1h5j42swfq.cloudfront.net\/2025\/12\/05175104\/captura-de-tela-2025-12-05-as-17-50-45-300x35.png 300w, https:\/\/dhg1h5j42swfq.cloudfront.net\/2025\/12\/05175104\/captura-de-tela-2025-12-05-as-17-50-45-768x90.png 768w, https:\/\/dhg1h5j42swfq.cloudfront.net\/2025\/12\/05175104\/captura-de-tela-2025-12-05-as-17-50-45-150x18.png 150w, https:\/\/dhg1h5j42swfq.cloudfront.net\/2025\/12\/05175104\/captura-de-tela-2025-12-05-as-17-50-45.png 1516w\" sizes=\"auto, (max-width: 1024px) 100vw, 1024px\" \/><\/figure>\n\n\n\n<h3 class=\"wp-block-heading\" id=\"h-cargos-vagos-em-2025\">Cargos vagos em 2025<\/h3>\n\n\n\n<p>Atualmente o \u00f3rg\u00e3o conta com 854 cargos vagos para servidores do MP RO. Confira a divis\u00e3o abaixo: <\/p>\n\n\n\n<figure class=\"wp-block-table is-style-stripes\"><table class=\"has-very-light-gray-to-cyan-bluish-gray-gradient-background has-background has-fixed-layout\"><thead><tr><th>Cargos<\/th><th class=\"has-text-align-center\" data-align=\"center\">Vagos<\/th><\/tr><\/thead><tbody><tr><td>ANALISTA CONT\u00c1BIL<\/td><td class=\"has-text-align-center\" data-align=\"center\">6<\/td><\/tr><tr><td>ANALISTA DE INFORMA\u00c7\u00d5ES E PESQUISAS<\/td><td class=\"has-text-align-center\" data-align=\"center\">21<\/td><\/tr><tr><td>ANALISTA DE REDES E COMUNICA\u00c7\u00c3O DE DADOS<\/td><td class=\"has-text-align-center\" data-align=\"center\">10<\/td><\/tr><tr><td>ANALISTA DE SISTEMAS<\/td><td class=\"has-text-align-center\" data-align=\"center\">16<\/td><\/tr><tr><td>ANALISTA DE SUPORTE COMPUTACIONAL<\/td><td class=\"has-text-align-center\" data-align=\"center\">12<\/td><\/tr><tr><td>ANALISTA EM ADMINISTRA\u00c7\u00c3O<\/td><td class=\"has-text-align-center\" data-align=\"center\">13<\/td><\/tr><tr><td>ANALISTA EM AGRONOMIA<\/td><td class=\"has-text-align-center\" data-align=\"center\">8<\/td><\/tr><tr><td>ANALISTA EM ARQUITETURA<\/td><td class=\"has-text-align-center\" data-align=\"center\">8<\/td><\/tr><tr><td>ANALISTA EM ASSIST\u00caNCIA SOCIAL<\/td><td class=\"has-text-align-center\" data-align=\"center\">9<\/td><\/tr><tr><td>ANALISTA EM AUDITORIA<\/td><td class=\"has-text-align-center\" data-align=\"center\">5<\/td><\/tr><tr><td>ANALISTA EM AUDITORIA<\/td><td class=\"has-text-align-center\" data-align=\"center\">2<\/td><\/tr><tr><td>ANALISTA EM AUDITORIA<\/td><td class=\"has-text-align-center\" data-align=\"center\">2<\/td><\/tr><tr><td>ANALISTA EM BIBLIOTECONOMIA<\/td><td class=\"has-text-align-center\" data-align=\"center\">6<\/td><\/tr><tr><td>ANALISTA EM BIOLOGIA<\/td><td class=\"has-text-align-center\" data-align=\"center\">6<\/td><\/tr><tr><td>ANALISTA EM ECONOMIA<\/td><td class=\"has-text-align-center\" data-align=\"center\">9<\/td><\/tr><tr><td>ANALISTA EM ENFERMAGEM<\/td><td class=\"has-text-align-center\" data-align=\"center\">6<\/td><\/tr><tr><td>ANALISTA EM ENGENHARIA CIVIL<\/td><td class=\"has-text-align-center\" data-align=\"center\">10<\/td><\/tr><tr><td>ANALISTA EM ENGENHARIA EL\u00c9TRICA<\/td><td class=\"has-text-align-center\" data-align=\"center\">7<\/td><\/tr><tr><td>ANALISTA EM ENGENHARIA FLORESTAL<\/td><td class=\"has-text-align-center\" data-align=\"center\">5<\/td><\/tr><tr><td>ANALISTA EM ENGENHARIA SANIT\u00c1RIA<\/td><td class=\"has-text-align-center\" data-align=\"center\">5<\/td><\/tr><tr><td>ANALISTA EM ESTAT\u00cdSTICA<\/td><td class=\"has-text-align-center\" data-align=\"center\">7<\/td><\/tr><tr><td>ANALISTA EM GEOLOGIA<\/td><td class=\"has-text-align-center\" data-align=\"center\">8<\/td><\/tr><tr><td>ANALISTA EM GEOPROCESSAMENTO<\/td><td class=\"has-text-align-center\" data-align=\"center\">10<\/td><\/tr><tr><td>ANALISTA EM JORNALISMO<\/td><td class=\"has-text-align-center\" data-align=\"center\">5<\/td><\/tr><tr><td>ANALISTA EM NUTRI\u00c7\u00c3O<\/td><td class=\"has-text-align-center\" data-align=\"center\">4<\/td><\/tr><tr><td>ANALISTA EM PEDAGOGIA<\/td><td class=\"has-text-align-center\" data-align=\"center\">7<\/td><\/tr><tr><td>ANALISTA EM PSICOLOGIA<\/td><td class=\"has-text-align-center\" data-align=\"center\">12<\/td><\/tr><tr><td>ANALISTA EM REDA\u00c7\u00c3O<\/td><td class=\"has-text-align-center\" data-align=\"center\">6<\/td><\/tr><tr><td>ANALISTA EM SOCIOLOGIA<\/td><td class=\"has-text-align-center\" data-align=\"center\">4<\/td><\/tr><tr><td>ANALISTA PROCESSUAL<\/td><td class=\"has-text-align-center\" data-align=\"center\">0<\/td><\/tr><tr><td>ANALISTA PROGRAMADOR<\/td><td class=\"has-text-align-center\" data-align=\"center\">14<\/td><\/tr><tr><td>AUXILIAR DE COPA E COZINHA<\/td><td class=\"has-text-align-center\" data-align=\"center\">0<\/td><\/tr><tr><td>AUXILIAR DE ENFERMAGEM<\/td><td class=\"has-text-align-center\" data-align=\"center\">0<\/td><\/tr><tr><td>AUXILIAR DE MANUTEN\u00c7\u00c3O<\/td><td class=\"has-text-align-center\" data-align=\"center\">0<\/td><\/tr><tr><td>AUXILIAR DO MINIST\u00c9RIO P\u00daBLICO<\/td><td class=\"has-text-align-center\" data-align=\"center\">159<\/td><\/tr><tr><td>CHEFE DE GABINETE DA CORREGEDORIA-GERAL<\/td><td class=\"has-text-align-center\" data-align=\"center\">1<\/td><\/tr><tr><td>CHEFE DE GABINETE DA PROCURADORIA-GERAL DE JUSTI\u00c7A<\/td><td class=\"has-text-align-center\" data-align=\"center\">1<\/td><\/tr><tr><td>CHEFE DE GABINETE DAS SUBPROCURADORIAS-GERAIS DE JUSTI\u00c7A<\/td><td class=\"has-text-align-center\" data-align=\"center\">1<\/td><\/tr><tr><td>CONSELHEIRO DO CSMP<\/td><td class=\"has-text-align-center\" data-align=\"center\">7<\/td><\/tr><tr><td>COORD. PROTE\u00c7\u00c3O DADOS PESSOAIS TRANS DES<\/td><td class=\"has-text-align-center\" data-align=\"center\">1<\/td><\/tr><tr><td>COORDENADOR DE GRUPO DE ATUA\u00c7\u00c3O ESPECIAL<\/td><td class=\"has-text-align-center\" data-align=\"center\">7<\/td><\/tr><tr><td>COORDENADOR DE N\u00daCLEO DE ATUA\u00c7\u00c3O ESPECIALIZADA<\/td><td class=\"has-text-align-center\" data-align=\"center\">10<\/td><\/tr><tr><td>COORDENADOR DE PLANEJAMENTO E GEST\u00c3O<\/td><td class=\"has-text-align-center\" data-align=\"center\">1<\/td><\/tr><tr><td>COORDENADOR DE PROMOTORIA DE JUSTI\u00c7A<\/td><td class=\"has-text-align-center\" data-align=\"center\">24<\/td><\/tr><tr><td>COORDENADOR DO N\u00daCLEO DE POL\u00cdTICAS DE TI<\/td><td class=\"has-text-align-center\" data-align=\"center\">1<\/td><\/tr><tr><td>CORONEL BOMBEIRO MILITAR<\/td><td class=\"has-text-align-center\" data-align=\"center\">2<\/td><\/tr><tr><td>DIRETOR DO CENTRO DE APOIO OPERACIONAL<\/td><td class=\"has-text-align-center\" data-align=\"center\">1<\/td><\/tr><tr><td>DIRETOR DO CENTRO DE ATIVIDADES EXTRAJUDICIAIS<\/td><td class=\"has-text-align-center\" data-align=\"center\">1<\/td><\/tr><tr><td>DIRETOR DO CENTRO DE ATIVIDADES JUDICIAIS<\/td><td class=\"has-text-align-center\" data-align=\"center\">1<\/td><\/tr><tr><td>DIRETOR DO CENTRO DE CONTROLE DISCIPLINAR<\/td><td class=\"has-text-align-center\" data-align=\"center\">1<\/td><\/tr><tr><td>DIRETOR DO CENTRO DE CONTROLE INSTITUCIONAL<\/td><td class=\"has-text-align-center\" data-align=\"center\">1<\/td><\/tr><tr><td>DIRETOR DO N\u00daCLEO RECURSAL<\/td><td class=\"has-text-align-center\" data-align=\"center\">1<\/td><\/tr><tr><td>DIRETOR-GERAL DA EMPRO<\/td><td class=\"has-text-align-center\" data-align=\"center\">1<\/td><\/tr><tr><td>FISIOTERAPEUTA<\/td><td class=\"has-text-align-center\" data-align=\"center\">1<\/td><\/tr><tr><td>M\u00c9DICO<\/td><td class=\"has-text-align-center\" data-align=\"center\">7<\/td><\/tr><tr><td>MOTORISTA<\/td><td class=\"has-text-align-center\" data-align=\"center\">1<\/td><\/tr><tr><td>MP-RESIDENTE DE ARQUIVOLOGIA<\/td><td class=\"has-text-align-center\" data-align=\"center\">1<\/td><\/tr><tr><td>MP-RESIDENTE DE ENGENHARIA EL\u00c9TRICA<\/td><td class=\"has-text-align-center\" data-align=\"center\">1<\/td><\/tr><tr><td>MP-RESIDENTE DE GEOPROCESSAMENTO<\/td><td class=\"has-text-align-center\" data-align=\"center\">1<\/td><\/tr><tr><td>MP-RESIDENTE DE TECNOLOGIA EM GEST\u00c3O DE RECURSOS HUMANOS<\/td><td class=\"has-text-align-center\" data-align=\"center\">4<\/td><\/tr><tr><td>OFICIAL DE SEGURAN\u00c7A INSTITUCIONAL<\/td><td class=\"has-text-align-center\" data-align=\"center\">44<\/td><\/tr><tr><td>OFICIAL DO MINIST\u00c9RIO P\u00daBLICO<\/td><td class=\"has-text-align-center\" data-align=\"center\">40<\/td><\/tr><tr><td>OUVIDOR DO MPRO<\/td><td class=\"has-text-align-center\" data-align=\"center\">1<\/td><\/tr><tr><td>SECRET\u00c1RIO DO COL\u00c9GIO DE PROCURADORES DE JUSTI\u00c7A<\/td><td class=\"has-text-align-center\" data-align=\"center\">1<\/td><\/tr><tr><td>SECRET\u00c1RIO DO CONSELHO SUPERIOR<\/td><td class=\"has-text-align-center\" data-align=\"center\">1<\/td><\/tr><tr><td>SECRET\u00c1RIO-GERAL<\/td><td class=\"has-text-align-center\" data-align=\"center\">1<\/td><\/tr><tr><td>SECRET\u00c1RIO-GERAL DO CIRA<\/td><td class=\"has-text-align-center\" data-align=\"center\">1<\/td><\/tr><tr><td>SUBPROCURADOR-GERAL DE JUSTI\u00c7A ADMINISTRATIVO<\/td><td class=\"has-text-align-center\" data-align=\"center\">1<\/td><\/tr><tr><td>SUBBPROCURADOR-GERAL DE JUSTI\u00c7A JUR\u00cdDICO<\/td><td class=\"has-text-align-center\" data-align=\"center\">1<\/td><\/tr><tr><td>SUBTENENTE PM<\/td><td class=\"has-text-align-center\" data-align=\"center\">2<\/td><\/tr><tr><td>T\u00c9CNICO DO MINIST\u00c9RIO P\u00daBLICO<\/td><td class=\"has-text-align-center\" data-align=\"center\">160<\/td><\/tr><tr><td>T\u00c9CNICO EM CONTABILIDADE<\/td><td class=\"has-text-align-center\" data-align=\"center\">0<\/td><\/tr><tr><td>T\u00c9CNICO EM INFORM\u00c1TICA<\/td><td class=\"has-text-align-center\" data-align=\"center\">77<\/td><\/tr><tr><td>TELEFONISTA<\/td><td class=\"has-text-align-center\" data-align=\"center\">40<\/td><\/tr><tr><td>VIGILANTE<\/td><td class=\"has-text-align-center\" data-align=\"center\">1<\/td><\/tr><tr><td>ZELADOR<\/td><td class=\"has-text-align-center\" data-align=\"center\">2<\/td><\/tr><\/tbody><\/table><figcaption class=\"wp-element-caption\">Cargos vagos no MP RO<\/figcaption><\/figure>\n\n\n\n<h2 class=\"wp-block-heading\" id=\"cargos-vagas\">Concurso MP RO: cargos, vagas e remunera\u00e7\u00f5es<\/h2>\n\n\n\n<figure class=\"wp-block-table is-style-stripes\"><table class=\"has-very-light-gray-to-cyan-bluish-gray-gradient-background has-background has-fixed-layout\"><thead><tr><th class=\"has-text-align-center\" data-align=\"center\">CARGOS<\/th><th class=\"has-text-align-center\" data-align=\"center\">VAGAS<\/th><th class=\"has-text-align-center\" data-align=\"center\">SAL\u00c1RIO<\/th><\/tr><\/thead><tbody><tr><td class=\"has-text-align-center\" data-align=\"center\">Analista<br \/>Cont\u00e1bil<\/td><td class=\"has-text-align-center\" data-align=\"center\">01 + 50 CR<\/td><td class=\"has-text-align-center\" data-align=\"center\">R$ 6.971,12<\/td><\/tr><tr><td class=\"has-text-align-center\" data-align=\"center\">Analista de<br \/>Redes e Comunica\u00e7\u00e3o<br \/>de Dado<\/td><td class=\"has-text-align-center\" data-align=\"center\">02 + 50 CR<\/td><td class=\"has-text-align-center\" data-align=\"center\">R$ 6.971,12<\/td><\/tr><tr><td class=\"has-text-align-center\" data-align=\"center\">Analista de<br \/>Sistemas<\/td><td class=\"has-text-align-center\" data-align=\"center\">02 + 50 CR<\/td><td class=\"has-text-align-center\" data-align=\"center\">R$ 6.971,12<\/td><\/tr><tr><td class=\"has-text-align-center\" data-align=\"center\">Analista<br \/>de Suporte<br \/>Computacional<\/td><td class=\"has-text-align-center\" data-align=\"center\">01 + 50 CR<\/td><td class=\"has-text-align-center\" data-align=\"center\">R$ 6.971,12<\/td><\/tr><tr><td class=\"has-text-align-center\" data-align=\"center\">Analista em<br \/>Auditoria<\/td><td class=\"has-text-align-center\" data-align=\"center\">01 + 50 CR<\/td><td class=\"has-text-align-center\" data-align=\"center\">R$ 6.971,12<\/td><\/tr><tr><td class=\"has-text-align-center\" data-align=\"center\">Analista em<br \/>Estat\u00edstica<\/td><td class=\"has-text-align-center\" data-align=\"center\">01 + 50 CR<\/td><td class=\"has-text-align-center\" data-align=\"center\">R$ 6.971,12<\/td><\/tr><tr><td class=\"has-text-align-center\" data-align=\"center\">Analista em<br \/>Jornalismo<\/td><td class=\"has-text-align-center\" data-align=\"center\">01 + 50 CR<\/td><td class=\"has-text-align-center\" data-align=\"center\">R$ 6.971,12<\/td><\/tr><tr><td class=\"has-text-align-center\" data-align=\"center\">Analista<br \/>Programado<\/td><td class=\"has-text-align-center\" data-align=\"center\">02 + 50 CR<\/td><td class=\"has-text-align-center\" data-align=\"center\">R$ 6.971,12<\/td><\/tr><tr><td class=\"has-text-align-center\" data-align=\"center\">M\u00e9dico<\/td><td class=\"has-text-align-center\" data-align=\"center\">01 + 20 CR<\/td><td class=\"has-text-align-center\" data-align=\"center\">R$ 11.183,80<\/td><\/tr><\/tbody><\/table><\/figure>\n\n\n\n<h2 class=\"wp-block-heading\" id=\"h-concurso-mp-ro-requisitos\">Concurso MP RO: requisitos <\/h2>\n\n\n\n<ul id=\"block-9228f645-69e3-4ecc-b66f-6d2a7ee503e2\" class=\"wp-block-list\">\n<li><strong>Analista Cont\u00e1bil<\/strong>: Bacharelado em Ci\u00eancias Cont\u00e1beis e registro no \u00f3rg\u00e3o de classe.<\/li>\n\n\n\n<li><strong>Analista de Redes e Comunica\u00e7\u00e3o de Dados<\/strong>: Bacharelado em Ci\u00eancias da Computa\u00e7\u00e3o ou \u00e1rea afim.<\/li>\n\n\n\n<li><strong>Analista de Sistemas<\/strong>: Bacharelado em Ci\u00eancias da Computa\u00e7\u00e3o ou \u00e1rea afim.<\/li>\n\n\n\n<li><strong>Analista de Suporte Computacional<\/strong>: Bacharelado em Ci\u00eancias da Computa\u00e7\u00e3o ou \u00e1rea afim.<\/li>\n\n\n\n<li><strong>Analista em Auditoria<\/strong>: Bacharelado em Ci\u00eancias Cont\u00e1beis e registro no \u00f3rg\u00e3o de classe.<\/li>\n\n\n\n<li><strong>Analista em Estat\u00edstica<\/strong>: Bacharelado em Estat\u00edstica e registro no \u00f3rg\u00e3o de classe.<\/li>\n\n\n\n<li><strong>Analista em Jornalismo<\/strong>: Bacharelado em Comunica\u00e7\u00e3o Social e registro no \u00f3rg\u00e3o de classe.<\/li>\n\n\n\n<li><strong>Analista Programador<\/strong>: Bacharelado em Ci\u00eancias da Computa\u00e7\u00e3o ou \u00e1rea afim.<\/li>\n\n\n\n<li><strong>M\u00e9dico<\/strong>: Bacharelado em Medicina e registro no \u00f3rg\u00e3o de classe.<\/li>\n<\/ul>\n\n\n\n<h2 class=\"wp-block-heading\" id=\"etapas\">Concurso MP RO: etapas e provas <\/h2>\n\n\n\n<p>A sele\u00e7\u00e3o dos candidatos inscritos no edital MP RO se deu mediante aplica\u00e7\u00e3o das seguintes etapas:<\/p>\n\n\n\n<ul class=\"wp-block-list\">\n<li><strong>Provas objetivas<\/strong>, de car\u00e1ter eliminat\u00f3rio e classificat\u00f3rio, para todos os cargos; e<\/li>\n\n\n\n<li><strong>Prova discursiva<\/strong>, de car\u00e1ter eliminat\u00f3rio e classificat\u00f3rio, somente para o Cargo 7: Analista em Jornalismo.<\/li>\n<\/ul>\n\n\n\n<p>Foram 30 quest\u00f5es de conhecimentos gerais e 40 de conhecimentos espec\u00edficos. As provas objetivas para todos os cargos, exceto para o Cargo 7: Analista em Jornalismo, tiveram a dura\u00e7\u00e3o de 4 horas e foram<br \/>aplicadas no turno da manh\u00e3.<\/p>\n\n\n\n<p>As provas objetivas e a prova discursiva, somente para o <strong>Cargo 7: Analista em Jornalismo<\/strong>, tiveram a dura\u00e7\u00e3o de 5 horas e foram aplicadas no turno da tarde.<\/p>\n\n\n\n<p>As quest\u00f5es das provas objetivas foram do tipo m\u00faltipla escolha, com cinco op\u00e7\u00f5es (A, B, C, D e E), sendo uma \u00fanica resposta correta, de acordo com o comando da quest\u00e3o. <\/p>\n\n\n\n<p>A prova discursiva, somente para o Cargo 7: Analista em Jornalismo, valeu10,00 pontos e consistiu na reda\u00e7\u00e3o de texto dissertativo, de at\u00e9 30 linhas, a respeito de temas relacionados a conhecimentos espec\u00edficos do cargo.<\/p>\n\n\n\n<h2 class=\"wp-block-heading\" id=\"carreira\">Carreira no MP RO<\/h2>\n\n\n\n<h3 class=\"wp-block-heading\" id=\"remuneracao\">Estrutura Remunerat\u00f3ria <\/h3>\n\n\n\n<p>Confira abaixo a estrutura remunerat\u00f3ria dos cargos a depender do grau de escolaridade do servidor: <\/p>\n\n\n\n<figure class=\"wp-block-image size-full is-resized\"><img loading=\"lazy\" decoding=\"async\" width=\"810\" height=\"515\" src=\"https:\/\/dhg1h5j42swfq.cloudfront.net\/2022\/01\/12210353\/image-256.png\" alt=\"Tabela remunerat\u00f3ria do MP RO\" class=\"wp-image-946208\" style=\"width:849px;height:540px\" srcset=\"https:\/\/dhg1h5j42swfq.cloudfront.net\/2022\/01\/12210353\/image-256.png 810w, https:\/\/dhg1h5j42swfq.cloudfront.net\/2022\/01\/12210353\/image-256-300x191.png 300w, https:\/\/dhg1h5j42swfq.cloudfront.net\/2022\/01\/12210353\/image-256-768x488.png 768w, https:\/\/dhg1h5j42swfq.cloudfront.net\/2022\/01\/12210353\/image-256-610x388.png 610w\" sizes=\"auto, (max-width: 810px) 100vw, 810px\" \/><\/figure>\n\n\n\n<h2 class=\"wp-block-heading\" id=\"\u00faltimo-concurso\">\u00daltimo concurso MP RO<\/h2>\n\n\n\n<p>O \u00faltimo concurso MP RO, com edital publicado em 2011 e realizado em 2012, ofertou ao todo <strong>112 vagas imediatas<\/strong> mais forma\u00e7\u00e3o de cadastro de reserva para os cargos de <strong>T\u00e9cnico<\/strong> e <strong>Analista<\/strong> em diversas especialidades, de n\u00edveis m\u00e9dio e superior de escolaridade.<\/p>\n\n\n\n<p>A organiza\u00e7\u00e3o do certame ficou a cargo da banca Funcab. Confira abaixo:<\/p>\n\n\n\n<h3 class=\"wp-block-heading\">Cargos e vagas<\/h3>\n\n\n\n<h4 class=\"wp-block-heading\" id=\"tecnico\">N\u00edvel m\u00e9dio\/t\u00e9cnico<\/h4>\n\n\n\n<figure class=\"wp-block-table is-style-stripes\"><table class=\"has-very-light-gray-to-cyan-bluish-gray-gradient-background has-background has-fixed-layout\"><thead><tr><th class=\"has-text-align-center\" data-align=\"center\">ESPECILIADIDADES<\/th><th class=\"has-text-align-center\" data-align=\"center\">VAGAS<\/th><th class=\"has-text-align-center\" data-align=\"center\">SAL\u00c1RIO<\/th><\/tr><\/thead><tbody><tr><td class=\"has-text-align-center\" data-align=\"center\">T\u00e9cnico Administrativo<\/td><td class=\"has-text-align-center\" data-align=\"center\">23 + CR<\/td><td class=\"has-text-align-center\" data-align=\"center\">R$ 2.108,43<\/td><\/tr><tr><td class=\"has-text-align-center\" data-align=\"center\">T\u00e9cnico em Inform\u00e1tica<\/td><td class=\"has-text-align-center\" data-align=\"center\">05 + CR<\/td><td class=\"has-text-align-center\" data-align=\"center\">R$ 2.108,43<\/td><\/tr><tr><td class=\"has-text-align-center\" data-align=\"center\">Oficial de Dilig\u00eancias <\/td><td class=\"has-text-align-center\" data-align=\"center\">02 + CR<\/td><td class=\"has-text-align-center\" data-align=\"center\">R$ 2.108,43<\/td><\/tr><tr><td class=\"has-text-align-center\" data-align=\"center\">Oficial de Seguran\u00e7a Institucional<\/td><td class=\"has-text-align-center\" data-align=\"center\">05 + CR<\/td><td class=\"has-text-align-center\" data-align=\"center\">R$ 2.108,43<\/td><\/tr><\/tbody><\/table><figcaption class=\"wp-element-caption\">\u00daltimo concurso MP RO- cargos de n\u00edvel m\u00e9dio<\/figcaption><\/figure>\n\n\n\n<h3 class=\"wp-block-heading\" id=\"superior\">N\u00edvel superior<\/h3>\n\n\n\n<figure class=\"wp-block-table is-style-stripes\"><table class=\"has-very-light-gray-to-cyan-bluish-gray-gradient-background has-background has-fixed-layout\"><thead><tr><th class=\"has-text-align-center\" data-align=\"center\">Especialidades<\/th><th class=\"has-text-align-center\" data-align=\"center\">VAGAS<\/th><th class=\"has-text-align-center\" data-align=\"center\">SAL\u00c1RIO<\/th><\/tr><\/thead><tbody><tr><td class=\"has-text-align-center\" data-align=\"center\">Administra\u00e7\u00e3o<\/td><td class=\"has-text-align-center\" data-align=\"center\">01<\/td><td class=\"has-text-align-center\" data-align=\"center\">R$ 4.000,62<\/td><\/tr><tr><td class=\"has-text-align-center\" data-align=\"center\">Agronomia<\/td><td class=\"has-text-align-center\" data-align=\"center\">CR<\/td><td class=\"has-text-align-center\" data-align=\"center\">R$ 4.000,62<\/td><\/tr><tr><td class=\"has-text-align-center\" data-align=\"center\">Arquitetura<\/td><td class=\"has-text-align-center\" data-align=\"center\">CR<\/td><td class=\"has-text-align-center\" data-align=\"center\">R$ 4.000,62<\/td><\/tr><tr><td class=\"has-text-align-center\" data-align=\"center\">Assistente Social<\/td><td class=\"has-text-align-center\" data-align=\"center\">06 + CR<\/td><td class=\"has-text-align-center\" data-align=\"center\">R$ 4.000,62<\/td><\/tr><tr><td class=\"has-text-align-center\" data-align=\"center\">Auditoria<\/td><td class=\"has-text-align-center\" data-align=\"center\">01<\/td><td class=\"has-text-align-center\" data-align=\"center\">R$ 4.000,62<\/td><\/tr><tr><td class=\"has-text-align-center\" data-align=\"center\">Biblioteconomia<\/td><td class=\"has-text-align-center\" data-align=\"center\">CR<\/td><td class=\"has-text-align-center\" data-align=\"center\">R$ 4.000,62<\/td><\/tr><tr><td class=\"has-text-align-center\" data-align=\"center\">Biologia<\/td><td class=\"has-text-align-center\" data-align=\"center\">01<\/td><td class=\"has-text-align-center\" data-align=\"center\">R$ 4.000,62<\/td><\/tr><tr><td class=\"has-text-align-center\" data-align=\"center\">Bioqu\u00edmica<\/td><td class=\"has-text-align-center\" data-align=\"center\">01<\/td><td class=\"has-text-align-center\" data-align=\"center\">R$ 4.000,62<\/td><\/tr><tr><td class=\"has-text-align-center\" data-align=\"center\">Cont\u00e1bil<\/td><td class=\"has-text-align-center\" data-align=\"center\">CR<\/td><td class=\"has-text-align-center\" data-align=\"center\">R$ 4.000,62<\/td><\/tr><tr><td class=\"has-text-align-center\" data-align=\"center\">Cirurgi\u00e3o Dentista<\/td><td class=\"has-text-align-center\" data-align=\"center\">CR<\/td><td class=\"has-text-align-center\" data-align=\"center\">R$ 4.000,62<\/td><\/tr><tr><td class=\"has-text-align-center\" data-align=\"center\">Economia<\/td><td class=\"has-text-align-center\" data-align=\"center\">01<\/td><td class=\"has-text-align-center\" data-align=\"center\">R$ 4.000,62<\/td><\/tr><tr><td class=\"has-text-align-center\" data-align=\"center\">Enfermagem<\/td><td class=\"has-text-align-center\" data-align=\"center\">CR<\/td><td class=\"has-text-align-center\" data-align=\"center\">R$ 4.000,62<\/td><\/tr><tr><td class=\"has-text-align-center\" data-align=\"center\">Engenharia Civil<\/td><td class=\"has-text-align-center\" data-align=\"center\">06 + CR<\/td><td class=\"has-text-align-center\" data-align=\"center\">R$ 4.000,62<\/td><\/tr><tr><td class=\"has-text-align-center\" data-align=\"center\">Engenharia El\u00e9trica<\/td><td class=\"has-text-align-center\" data-align=\"center\">02<\/td><td class=\"has-text-align-center\" data-align=\"center\">R$ 4.000,62<\/td><\/tr><tr><td class=\"has-text-align-center\" data-align=\"center\">Engenharia Florestal<\/td><td class=\"has-text-align-center\" data-align=\"center\">03 + CR<\/td><td class=\"has-text-align-center\" data-align=\"center\">R$ 4.000,62<\/td><\/tr><tr><td class=\"has-text-align-center\" data-align=\"center\">Engenharia Sanit\u00e1ria<\/td><td class=\"has-text-align-center\" data-align=\"center\">06 + CR<\/td><td class=\"has-text-align-center\" data-align=\"center\">R$ 4.000,62<\/td><\/tr><tr><td class=\"has-text-align-center\" data-align=\"center\">Estat\u00edstica<\/td><td class=\"has-text-align-center\" data-align=\"center\">CR<\/td><td class=\"has-text-align-center\" data-align=\"center\">R$ 4.000,62<\/td><\/tr><tr><td class=\"has-text-align-center\" data-align=\"center\">Geologia<\/td><td class=\"has-text-align-center\" data-align=\"center\">01<\/td><td class=\"has-text-align-center\" data-align=\"center\">R$ 4.000,62<\/td><\/tr><tr><td class=\"has-text-align-center\" data-align=\"center\">Geoprocessamento<\/td><td class=\"has-text-align-center\" data-align=\"center\">06 + CR<\/td><td class=\"has-text-align-center\" data-align=\"center\">R$ 4.000,62<\/td><\/tr><tr><td class=\"has-text-align-center\" data-align=\"center\">Informa\u00e7\u00f5es e Pesquisas<\/td><td class=\"has-text-align-center\" data-align=\"center\">06 + CR<\/td><td class=\"has-text-align-center\" data-align=\"center\">R$ 4.000,62<\/td><\/tr><tr><td class=\"has-text-align-center\" data-align=\"center\">Jornalismo<\/td><td class=\"has-text-align-center\" data-align=\"center\">CR<\/td><td class=\"has-text-align-center\" data-align=\"center\">R$ 4.000,62<\/td><\/tr><tr><td class=\"has-text-align-center\" data-align=\"center\">M\u00e9dico<\/td><td class=\"has-text-align-center\" data-align=\"center\">02<\/td><td class=\"has-text-align-center\" data-align=\"center\">R$ 4.000,62<\/td><\/tr><tr><td class=\"has-text-align-center\" data-align=\"center\">Pedagogia<\/td><td class=\"has-text-align-center\" data-align=\"center\">06 + CR<\/td><td class=\"has-text-align-center\" data-align=\"center\">R$ 4.000,62<\/td><\/tr><tr><td class=\"has-text-align-center\" data-align=\"center\">Programador<\/td><td class=\"has-text-align-center\" data-align=\"center\">01<\/td><td class=\"has-text-align-center\" data-align=\"center\">R$ 4.000,62<\/td><\/tr><tr><td class=\"has-text-align-center\" data-align=\"center\">Processual<\/td><td class=\"has-text-align-center\" data-align=\"center\">15 + CR<\/td><td class=\"has-text-align-center\" data-align=\"center\">R$ 4.000,62<\/td><\/tr><tr><td class=\"has-text-align-center\" data-align=\"center\">Psicologia<\/td><td class=\"has-text-align-center\" data-align=\"center\">06 + CR<\/td><td class=\"has-text-align-center\" data-align=\"center\">R$ 4.000,62<\/td><\/tr><tr><td class=\"has-text-align-center\" data-align=\"center\">Reda\u00e7\u00e3o<\/td><td class=\"has-text-align-center\" data-align=\"center\">01<\/td><td class=\"has-text-align-center\" data-align=\"center\">R$ 4.000,62<\/td><\/tr><tr><td class=\"has-text-align-center\" data-align=\"center\">Redes e Comunica\u00e7\u00e3o de Dados<\/td><td class=\"has-text-align-center\" data-align=\"center\">01 + CR<\/td><td class=\"has-text-align-center\" data-align=\"center\">R$ 4.000,62<\/td><\/tr><tr><td class=\"has-text-align-center\" data-align=\"center\">Sistemas<\/td><td class=\"has-text-align-center\" data-align=\"center\">01<\/td><td class=\"has-text-align-center\" data-align=\"center\">R$ 4.000,62<\/td><\/tr><tr><td class=\"has-text-align-center\" data-align=\"center\">Sociologia<\/td><td class=\"has-text-align-center\" data-align=\"center\">01<\/td><td class=\"has-text-align-center\" data-align=\"center\">R$ 4.000,62<\/td><\/tr><tr><td class=\"has-text-align-center\" data-align=\"center\">Suporte Computacional<\/td><td class=\"has-text-align-center\" data-align=\"center\">01 + CR<\/td><td class=\"has-text-align-center\" data-align=\"center\">R$ 4.000,62<\/td><\/tr><\/tbody><\/table><figcaption class=\"wp-element-caption\">\u00daltimo concurso MP RO- cargos de n\u00edvel superior<\/figcaption><\/figure>\n\n\n\n<h3 class=\"wp-block-heading\" id=\"h-etapas-e-provas\">Etapas e provas<\/h3>\n\n\n\n<p>Os candidatos foram avaliados pelas seguintes etapas:<\/p>\n\n\n\n<p><strong>Para os cargos de N\u00edvel M\u00e9dio T\u00e9cnico:<\/strong><\/p>\n\n\n\n<ul class=\"wp-block-list\">\n<li>1\u00aa Etapa: Prova Objetiva de car\u00e1ter classificat\u00f3rio e eliminat\u00f3rio.<\/li>\n\n\n\n<li>2\u00aa Etapa: Teste de Aptid\u00e3o F\u00edsica, para o cargo Oficial de Seguran\u00e7a Institucional, de car\u00e1ter eliminat\u00f3rio.<\/li>\n<\/ul>\n\n\n\n<p><strong>Para os cargos de N\u00edvel Superior:<\/strong><\/p>\n\n\n\n<ul class=\"wp-block-list\">\n<li>1\u00aa Etapa: Prova Objetiva de car\u00e1ter classificat\u00f3rio e eliminat\u00f3rio;<\/li>\n\n\n\n<li>2\u00aa Etapa: Prova de t\u00edtulos, de car\u00e1ter unicamente classificat\u00f3rio.<\/li>\n<\/ul>\n\n\n\n<p>As provas foram aplicadas no dia 05 de fevereiro de 2012, nos turnos da manh\u00e3 para os cargos de n\u00edvel m\u00e9dio, e no turno da tarde para os de n\u00edvel superior.<\/p>\n\n\n\n<h4 class=\"wp-block-heading\" id=\"h-provas-objetivas\">Provas objetivas<\/h4>\n\n\n\n<p>As provas objetivas foram compostas por 100 quest\u00f5es de m\u00faltipla escolha para os cargos de n\u00edvel m\u00e9dio, e 130 quest\u00f5es para os de n\u00edvel superior, sobre conhecimentos gerais e espec\u00edficos de acordo com o cargo pretendido.<\/p>\n\n\n\n<p>A etapa teve 04 horas de dura\u00e7\u00e3o.<\/p>\n\n\n\n<h4 class=\"wp-block-heading\">Teste de Aptid\u00e3o F\u00edsica <\/h4>\n\n\n\n<p>O Teste de Aptid\u00e3o F\u00edsica foi aplicado para os candidato ao cargo de Oficial de Seguran\u00e7a Institucional. A etapa possui car\u00e1ter eliminat\u00f3rio e teve por objetivo avaliar a agilidade, resist\u00eancia muscular e aer\u00f3bica do candidato, consideradas indispens\u00e1veis ao exerc\u00edcio de suas atividades.<\/p>\n\n\n\n<p>Os exerc\u00edcios f\u00edsicos para a realiza\u00e7\u00e3o do Teste de Aptid\u00e3o F\u00edsica foram os seguintes:<\/p>\n\n\n\n<ul class=\"wp-block-list\">\n<li><strong>Apoio de frente sobre o solo:<\/strong> o exerc\u00edcio ser\u00e1 executado sem contagem de tempo, onde o m\u00ednimo de repeti\u00e7\u00f5es exigidas ser\u00e1 12 (doze), sendo com 06 (seis) apoios para os candidatos do sexo  feminino, e 15 (quinze) repeti\u00e7\u00f5es com 04 (quatro) apoios para os do sexo masculino.<\/li>\n\n\n\n<li><strong>Abdominais:<\/strong> ser\u00e1 executada sequ\u00eancia de abdominais de, no m\u00ednimo, 20 (vinte) repeti\u00e7\u00f5es para o sexo feminino e de 25 (vinte e cinco) repeti\u00e7\u00f5es para o sexo masculino, no tempo de 1 (um) minuto.<\/li>\n\n\n\n<li><strong>Corrida<\/strong> \u2013 Tempo de 12 (doze) minutos: efetuar\u00e1 um deslocamento cont\u00ednuo, podendo andar ou correr, onde a dist\u00e2ncia m\u00ednima exigida ser\u00e1 de 1400m para o sexo feminino e 1900m para o sexo masculino.<\/li>\n<\/ul>\n\n\n\n<h4 class=\"wp-block-heading\">Prova de T\u00edtulos<\/h4>\n\n\n\n<p>Todos os candidatos aos cargos de N\u00edvel Superior, aprovados na Prova Objetiva, foram convocados para<br \/>essa etapa.<\/p>\n\n\n\n<h2 class=\"wp-block-heading has-text-align-center\" id=\"h-quer-saber-tudo-sobre-concursos-previstos-confira-nossos-artigos\">Quer saber tudo sobre concursos previstos?<br \/>Confira nossos artigos!<\/h2>\n\n\n\n<ul class=\"wp-block-list\">\n<li><a href=\"https:\/\/www.estrategiaconcursos.com.br\/blog\/concursos-abertos\/\" target=\"_blank\" rel=\"noreferrer noopener\">Concursos abertos<\/a><\/li>\n\n\n\n<li><a href=\"https:\/\/www.estrategiaconcursos.com.br\/blog\/concursos-mp\/\">Concursos MP<\/a><\/li>\n\n\n\n<li><a href=\"https:\/\/www.estrategiaconcursos.com.br\/blog\/concursos-2026\/\">Concursos 2026<\/a><\/li>\n<\/ul>\n\n\n\n<h2 class=\"wp-block-heading has-text-align-center\" id=\"curso\">Cursos para concurso MP RO<\/h2>\n\n\n\n<div class=\"container\" id=\"boxes\">\n  <div class=\"row\">\n\n    <div class=\"col-sm\">\n      <div class=\"banner-tribunal\" id=\"box-assinatura\">\n        <h3 class=\"titulo-assinatura\">Cursos para MP RO<\/h3>\n        <p class=\"subtitulo-assinatura\">Conhe\u00e7a os cursos<\/p>\n        <div class=\"box-botao\">\n          <a class=\"btn-assinatura\" target=\"_blank\" href=\"https:\/\/www.estrategiaconcursos.com.br\/cursosPorConcurso\/mp-ro-ministerio-publico-de-rondonia-servidores\/\" rel=\"noopener noreferrer\">Conhe\u00e7a mais<\/a>\n        <\/div>\n      <\/div>\n      \n    <\/div>\n\n  <\/div>\n<\/div>\n\n\n\n<div class=\"container\" id=\"boxes\">\n  <div class=\"row\">\n\n    <div class=\"col-sm\">\n      <div class=\"estrategia\" id=\"box-assinatura\">\n        <h3 class=\"titulo-assinatura\">Assinaturas<\/h3>\n        <p class=\"subtitulo-assinatura\">Assinatura de 1 ano ou 2 anos<\/p>\n        <div class=\"box-botao\">\n          <a class=\"btn-assinatura\" target=\"_blank\" href=\"https:\/\/www.estrategiaconcursos.com.br\/assinaturas\/\" role=\"button\" rel=\"noopener noreferrer\">ASSINE AGORA<\/a>\n        <\/div>\n      <\/div>\n     \n    <\/div><\/div><\/div>\n\n\n\n<figure class=\"wp-block-image size-large is-resized\"><img loading=\"lazy\" decoding=\"async\" width=\"1024\" height=\"632\" src=\"https:\/\/dhg1h5j42swfq.cloudfront.net\/2021\/04\/06115056\/ficha-tecnica-68-1024x632.png\" alt=\"\" class=\"wp-image-708393\" style=\"aspect-ratio:1.6379310344827587;width:267px;height:auto\" srcset=\"https:\/\/dhg1h5j42swfq.cloudfront.net\/2021\/04\/06115056\/ficha-tecnica-68-1024x632.png 1024w, https:\/\/dhg1h5j42swfq.cloudfront.net\/2021\/04\/06115056\/ficha-tecnica-68-300x185.png 300w, https:\/\/dhg1h5j42swfq.cloudfront.net\/2021\/04\/06115056\/ficha-tecnica-68-768x474.png 768w, https:\/\/dhg1h5j42swfq.cloudfront.net\/2021\/04\/06115056\/ficha-tecnica-68-1536x948.png 1536w, https:\/\/dhg1h5j42swfq.cloudfront.net\/2021\/04\/06115056\/ficha-tecnica-68-610x377.png 610w, https:\/\/dhg1h5j42swfq.cloudfront.net\/2021\/04\/06115056\/ficha-tecnica-68.png 1571w\" sizes=\"auto, (max-width: 1024px) 100vw, 1024px\" \/><\/figure>\n\n\n\n<h3 class=\"wp-block-heading\" id=\"block-ba1614b5-988b-41ef-892d-f4c9f7e9dd42\">Informa\u00e7\u00f5es do edital MP RO <\/h3>\n\n\n\n<ul id=\"block-46dd482c-33cf-409c-8762-75c111403f14\" class=\"wp-block-list\">\n<li><strong>Provas<\/strong>: <s>06\/08\/2023<\/s><\/li>\n\n\n\n<li><strong>Vagas<\/strong>: 12 + 420 CR <\/li>\n\n\n\n<li><strong>Cargos<\/strong>: diversos <\/li>\n\n\n\n<li><strong>Banca<\/strong>: Cebraspe<\/li>\n\n\n\n<li><strong>Escolaridade<\/strong>: superior<\/li>\n\n\n\n<li><strong>Edital<\/strong>:&nbsp;<a href=\"https:\/\/cdn.cebraspe.org.br\/concursos\/MPE_RO_23\/arquivos\/ED_1_2023_MPE_RO_SERVIDOR_ABERTURA.PDF\" target=\"_blank\" rel=\"noreferrer noopener\">MP RO 2023<\/a><\/li>\n<\/ul>\n","protected":false},"excerpt":{"rendered":"<p>O Minist\u00e9rio Publico de Rond\u00f4nia (MP RO) tem um novo edital de concurso p\u00fablico previsto para o ano de 2026. A medida consta no Plano Plurianual 2025-2027, que teve a publica\u00e7\u00e3o sobre as previs\u00f5es deste ano no dia 22 de janeiro de 2026. Apesar disso, a reserva or\u00e7ament\u00e1ria n\u00e3o confirma necessariamente a realiza\u00e7\u00e3o em 2026. [&hellip;]<\/p>\n","protected":false},"author":1,"featured_media":1224644,"comment_status":"open","ping_status":"closed","sticky":false,"template":"","format":"standard","meta":{"post_tipo":"news_page","footnotes":""},"categories":[1984],"tags":[],"tax_estado":[219984],"class_list":["post-946196","post","type-post","status-publish","format-standard","has-post-thumbnail","hentry","category-tribunais","tax_estado-ro"],"acf":[],"yoast_head":"<!-- This site is optimized with the Yoast SEO Premium plugin v27.2 (Yoast SEO v27.2) - https:\/\/yoast.com\/product\/yoast-seo-premium-wordpress\/ -->\n<title>Concurso MP RO \u00e9 previsto para 2026!<\/title>\n<meta name=\"description\" content=\"Concurso MP RO: \u00f3rg\u00e3o conta com 854 cargos vagos para servidores! \u00daltimo edital contou com a oferta de 432 vagas. Previsto para 2026!\" \/>\n<meta name=\"robots\" content=\"index, follow, max-snippet:-1, max-image-preview:large, max-video-preview:-1\" \/>\n<link rel=\"canonical\" href=\"https:\/\/www.estrategiaconcursos.com.br\/blog\/concurso-mp-ro\/\" \/>\n<meta property=\"og:locale\" content=\"pt_BR\" \/>\n<meta property=\"og:type\" content=\"article\" \/>\n<meta property=\"og:title\" content=\"Concurso MP RO \u00e9 previsto para 2026!\" \/>\n<meta property=\"og:description\" content=\"Concurso MP RO: \u00f3rg\u00e3o conta com 854 cargos vagos para servidores! \u00daltimo edital contou com a oferta de 432 vagas. Previsto para 2026!\" \/>\n<meta property=\"og:url\" content=\"https:\/\/www.estrategiaconcursos.com.br\/blog\/concurso-mp-ro\/\" \/>\n<meta property=\"og:site_name\" content=\"Estrat\u00e9gia Concursos\" \/>\n<meta property=\"article:author\" content=\"https:\/\/www.facebook.com\/EstrategiaConcursos\" \/>\n<meta property=\"article:published_time\" content=\"2026-01-23T02:25:14+00:00\" \/>\n<meta property=\"article:modified_time\" content=\"2026-01-23T11:25:48+00:00\" \/>\n<meta property=\"og:image\" content=\"https:\/\/dhg1h5j42swfq.cloudfront.net\/2023\/05\/30160730\/mp-ro.jpg\" \/>\n\t<meta property=\"og:image:width\" content=\"768\" \/>\n\t<meta property=\"og:image:height\" content=\"432\" \/>\n\t<meta property=\"og:image:type\" content=\"image\/jpeg\" \/>\n<meta name=\"author\" content=\"Coordena\u00e7\u00e3o\" \/>\n<meta name=\"twitter:card\" content=\"summary_large_image\" \/>\n<meta name=\"twitter:creator\" content=\"@EstratConcursos\" \/>\n<meta name=\"twitter:site\" content=\"@EstratConcursos\" \/>\n<meta name=\"twitter:label1\" content=\"Escrito por\" \/>\n\t<meta name=\"twitter:data1\" content=\"Coordena\u00e7\u00e3o\" \/>\n\t<meta name=\"twitter:label2\" content=\"Est. tempo de leitura\" \/>\n\t<meta name=\"twitter:data2\" content=\"4 minutos\" \/>\n<script type=\"application\/ld+json\" class=\"yoast-schema-graph\">{\"@context\":\"https:\/\/schema.org\",\"@graph\":[{\"@type\":\"NewsArticle\",\"@id\":\"https:\/\/www.estrategiaconcursos.com.br\/blog\/concurso-mp-ro\/#article\",\"isPartOf\":{\"@id\":\"https:\/\/www.estrategiaconcursos.com.br\/blog\/concurso-mp-ro\/\"},\"author\":{\"name\":\"Coordena\u00e7\u00e3o\",\"@id\":\"https:\/\/www.estrategiaconcursos.com.br\/blog\/#\/schema\/person\/b4a388c97673c5f483d72185668afa1f\"},\"headline\":\"Concurso MP RO \u00e9 previsto para 2026!\",\"datePublished\":\"2026-01-23T02:25:14+00:00\",\"dateModified\":\"2026-01-23T11:25:48+00:00\",\"mainEntityOfPage\":{\"@id\":\"https:\/\/www.estrategiaconcursos.com.br\/blog\/concurso-mp-ro\/\"},\"wordCount\":1814,\"commentCount\":0,\"publisher\":{\"@id\":\"https:\/\/www.estrategiaconcursos.com.br\/blog\/#organization\"},\"image\":{\"@id\":\"https:\/\/www.estrategiaconcursos.com.br\/blog\/concurso-mp-ro\/#primaryimage\"},\"thumbnailUrl\":\"https:\/\/dhg1h5j42swfq.cloudfront.net\/2023\/05\/30160730\/mp-ro.jpg\",\"articleSection\":[\"Tribunais\"],\"inLanguage\":\"pt-BR\",\"potentialAction\":[{\"@type\":\"CommentAction\",\"name\":\"Comment\",\"target\":[\"https:\/\/www.estrategiaconcursos.com.br\/blog\/concurso-mp-ro\/#respond\"]}],\"copyrightYear\":\"2026\",\"copyrightHolder\":{\"@id\":\"https:\/\/www.estrategiaconcursos.com.br\/blog\/#organization\"}},{\"@type\":\"WebPage\",\"@id\":\"https:\/\/www.estrategiaconcursos.com.br\/blog\/concurso-mp-ro\/\",\"url\":\"https:\/\/www.estrategiaconcursos.com.br\/blog\/concurso-mp-ro\/\",\"name\":\"Concurso MP RO \u00e9 previsto para 2026!\",\"isPartOf\":{\"@id\":\"https:\/\/www.estrategiaconcursos.com.br\/blog\/#website\"},\"primaryImageOfPage\":{\"@id\":\"https:\/\/www.estrategiaconcursos.com.br\/blog\/concurso-mp-ro\/#primaryimage\"},\"image\":{\"@id\":\"https:\/\/www.estrategiaconcursos.com.br\/blog\/concurso-mp-ro\/#primaryimage\"},\"thumbnailUrl\":\"https:\/\/dhg1h5j42swfq.cloudfront.net\/2023\/05\/30160730\/mp-ro.jpg\",\"datePublished\":\"2026-01-23T02:25:14+00:00\",\"dateModified\":\"2026-01-23T11:25:48+00:00\",\"description\":\"Concurso MP RO: \u00f3rg\u00e3o conta com 854 cargos vagos para servidores! \u00daltimo edital contou com a oferta de 432 vagas. Previsto para 2026!\",\"breadcrumb\":{\"@id\":\"https:\/\/www.estrategiaconcursos.com.br\/blog\/concurso-mp-ro\/#breadcrumb\"},\"inLanguage\":\"pt-BR\",\"potentialAction\":[{\"@type\":\"ReadAction\",\"target\":[\"https:\/\/www.estrategiaconcursos.com.br\/blog\/concurso-mp-ro\/\"]}]},{\"@type\":\"ImageObject\",\"inLanguage\":\"pt-BR\",\"@id\":\"https:\/\/www.estrategiaconcursos.com.br\/blog\/concurso-mp-ro\/#primaryimage\",\"url\":\"https:\/\/dhg1h5j42swfq.cloudfront.net\/2023\/05\/30160730\/mp-ro.jpg\",\"contentUrl\":\"https:\/\/dhg1h5j42swfq.cloudfront.net\/2023\/05\/30160730\/mp-ro.jpg\",\"width\":768,\"height\":432,\"caption\":\"lei complementar mp ro\"},{\"@type\":\"BreadcrumbList\",\"@id\":\"https:\/\/www.estrategiaconcursos.com.br\/blog\/concurso-mp-ro\/#breadcrumb\",\"itemListElement\":[{\"@type\":\"ListItem\",\"position\":1,\"name\":\"In\u00edcio\",\"item\":\"https:\/\/www.estrategiaconcursos.com.br\/blog\/\"},{\"@type\":\"ListItem\",\"position\":2,\"name\":\"Concurso MP RO \u00e9 previsto para 2026!\"}]},{\"@type\":\"WebSite\",\"@id\":\"https:\/\/www.estrategiaconcursos.com.br\/blog\/#website\",\"url\":\"https:\/\/www.estrategiaconcursos.com.br\/blog\/\",\"name\":\"Estrat\u00e9gia Concursos\",\"description\":\"O blog da Estrat\u00e9gia Concursos traz not\u00edcias sobre concursos e artigos de professores oferecendo cursos para concursos (pdf + videaulas) no site.\",\"publisher\":{\"@id\":\"https:\/\/www.estrategiaconcursos.com.br\/blog\/#organization\"},\"potentialAction\":[{\"@type\":\"SearchAction\",\"target\":{\"@type\":\"EntryPoint\",\"urlTemplate\":\"https:\/\/www.estrategiaconcursos.com.br\/blog\/?s={search_term_string}\"},\"query-input\":{\"@type\":\"PropertyValueSpecification\",\"valueRequired\":true,\"valueName\":\"search_term_string\"}}],\"inLanguage\":\"pt-BR\"},{\"@type\":\"Organization\",\"@id\":\"https:\/\/www.estrategiaconcursos.com.br\/blog\/#organization\",\"name\":\"Estrat\u00e9gia Concursos\",\"url\":\"https:\/\/www.estrategiaconcursos.com.br\/blog\/\",\"logo\":{\"@type\":\"ImageObject\",\"inLanguage\":\"pt-BR\",\"@id\":\"https:\/\/www.estrategiaconcursos.com.br\/blog\/#\/schema\/logo\/image\/\",\"url\":\"https:\/\/dhg1h5j42swfq.cloudfront.net\/2025\/06\/03203428\/logo_concursos-1.jpg\",\"contentUrl\":\"https:\/\/dhg1h5j42swfq.cloudfront.net\/2025\/06\/03203428\/logo_concursos-1.jpg\",\"width\":230,\"height\":60,\"caption\":\"Estrat\u00e9gia Concursos\"},\"image\":{\"@id\":\"https:\/\/www.estrategiaconcursos.com.br\/blog\/#\/schema\/logo\/image\/\"},\"sameAs\":[\"https:\/\/x.com\/EstratConcursos\"]},{\"@type\":\"Person\",\"@id\":\"https:\/\/www.estrategiaconcursos.com.br\/blog\/#\/schema\/person\/b4a388c97673c5f483d72185668afa1f\",\"name\":\"Coordena\u00e7\u00e3o\",\"image\":{\"@type\":\"ImageObject\",\"inLanguage\":\"pt-BR\",\"@id\":\"https:\/\/secure.gravatar.com\/avatar\/b720319e4c9a967eb58678d110f4fe35452fc5d5f97b202bac7b8acceb18c6ad?s=96&d=mm&r=g\",\"url\":\"https:\/\/secure.gravatar.com\/avatar\/b720319e4c9a967eb58678d110f4fe35452fc5d5f97b202bac7b8acceb18c6ad?s=96&d=mm&r=g\",\"contentUrl\":\"https:\/\/secure.gravatar.com\/avatar\/b720319e4c9a967eb58678d110f4fe35452fc5d5f97b202bac7b8acceb18c6ad?s=96&d=mm&r=g\",\"caption\":\"Coordena\u00e7\u00e3o\"},\"sameAs\":[\"https:\/\/www.facebook.com\/EstrategiaConcursos\",\"https:\/\/x.com\/EstratConcursos\"],\"url\":\"https:\/\/www.estrategiaconcursos.com.br\/blog\/author\/estrategia2013\/\"}]}<\/script>\n<!-- \/ Yoast SEO Premium plugin. -->","yoast_head_json":{"title":"Concurso MP RO \u00e9 previsto para 2026!","description":"Concurso MP RO: \u00f3rg\u00e3o conta com 854 cargos vagos para servidores! \u00daltimo edital contou com a oferta de 432 vagas. Previsto para 2026!","robots":{"index":"index","follow":"follow","max-snippet":"max-snippet:-1","max-image-preview":"max-image-preview:large","max-video-preview":"max-video-preview:-1"},"canonical":"https:\/\/www.estrategiaconcursos.com.br\/blog\/concurso-mp-ro\/","og_locale":"pt_BR","og_type":"article","og_title":"Concurso MP RO \u00e9 previsto para 2026!","og_description":"Concurso MP RO: \u00f3rg\u00e3o conta com 854 cargos vagos para servidores! \u00daltimo edital contou com a oferta de 432 vagas. Previsto para 2026!","og_url":"https:\/\/www.estrategiaconcursos.com.br\/blog\/concurso-mp-ro\/","og_site_name":"Estrat\u00e9gia Concursos","article_author":"https:\/\/www.facebook.com\/EstrategiaConcursos","article_published_time":"2026-01-23T02:25:14+00:00","article_modified_time":"2026-01-23T11:25:48+00:00","og_image":[{"width":768,"height":432,"url":"https:\/\/dhg1h5j42swfq.cloudfront.net\/2023\/05\/30160730\/mp-ro.jpg","type":"image\/jpeg"}],"author":"Coordena\u00e7\u00e3o","twitter_card":"summary_large_image","twitter_creator":"@EstratConcursos","twitter_site":"@EstratConcursos","twitter_misc":{"Escrito por":"Coordena\u00e7\u00e3o","Est. tempo de leitura":"4 minutos"},"schema":{"@context":"https:\/\/schema.org","@graph":[{"@type":"NewsArticle","@id":"https:\/\/www.estrategiaconcursos.com.br\/blog\/concurso-mp-ro\/#article","isPartOf":{"@id":"https:\/\/www.estrategiaconcursos.com.br\/blog\/concurso-mp-ro\/"},"author":{"name":"Coordena\u00e7\u00e3o","@id":"https:\/\/www.estrategiaconcursos.com.br\/blog\/#\/schema\/person\/b4a388c97673c5f483d72185668afa1f"},"headline":"Concurso MP RO \u00e9 previsto para 2026!","datePublished":"2026-01-23T02:25:14+00:00","dateModified":"2026-01-23T11:25:48+00:00","mainEntityOfPage":{"@id":"https:\/\/www.estrategiaconcursos.com.br\/blog\/concurso-mp-ro\/"},"wordCount":1814,"commentCount":0,"publisher":{"@id":"https:\/\/www.estrategiaconcursos.com.br\/blog\/#organization"},"image":{"@id":"https:\/\/www.estrategiaconcursos.com.br\/blog\/concurso-mp-ro\/#primaryimage"},"thumbnailUrl":"https:\/\/dhg1h5j42swfq.cloudfront.net\/2023\/05\/30160730\/mp-ro.jpg","articleSection":["Tribunais"],"inLanguage":"pt-BR","potentialAction":[{"@type":"CommentAction","name":"Comment","target":["https:\/\/www.estrategiaconcursos.com.br\/blog\/concurso-mp-ro\/#respond"]}],"copyrightYear":"2026","copyrightHolder":{"@id":"https:\/\/www.estrategiaconcursos.com.br\/blog\/#organization"}},{"@type":"WebPage","@id":"https:\/\/www.estrategiaconcursos.com.br\/blog\/concurso-mp-ro\/","url":"https:\/\/www.estrategiaconcursos.com.br\/blog\/concurso-mp-ro\/","name":"Concurso MP RO \u00e9 previsto para 2026!","isPartOf":{"@id":"https:\/\/www.estrategiaconcursos.com.br\/blog\/#website"},"primaryImageOfPage":{"@id":"https:\/\/www.estrategiaconcursos.com.br\/blog\/concurso-mp-ro\/#primaryimage"},"image":{"@id":"https:\/\/www.estrategiaconcursos.com.br\/blog\/concurso-mp-ro\/#primaryimage"},"thumbnailUrl":"https:\/\/dhg1h5j42swfq.cloudfront.net\/2023\/05\/30160730\/mp-ro.jpg","datePublished":"2026-01-23T02:25:14+00:00","dateModified":"2026-01-23T11:25:48+00:00","description":"Concurso MP RO: \u00f3rg\u00e3o conta com 854 cargos vagos para servidores! \u00daltimo edital contou com a oferta de 432 vagas. Previsto para 2026!","breadcrumb":{"@id":"https:\/\/www.estrategiaconcursos.com.br\/blog\/concurso-mp-ro\/#breadcrumb"},"inLanguage":"pt-BR","potentialAction":[{"@type":"ReadAction","target":["https:\/\/www.estrategiaconcursos.com.br\/blog\/concurso-mp-ro\/"]}]},{"@type":"ImageObject","inLanguage":"pt-BR","@id":"https:\/\/www.estrategiaconcursos.com.br\/blog\/concurso-mp-ro\/#primaryimage","url":"https:\/\/dhg1h5j42swfq.cloudfront.net\/2023\/05\/30160730\/mp-ro.jpg","contentUrl":"https:\/\/dhg1h5j42swfq.cloudfront.net\/2023\/05\/30160730\/mp-ro.jpg","width":768,"height":432,"caption":"lei complementar mp ro"},{"@type":"BreadcrumbList","@id":"https:\/\/www.estrategiaconcursos.com.br\/blog\/concurso-mp-ro\/#breadcrumb","itemListElement":[{"@type":"ListItem","position":1,"name":"In\u00edcio","item":"https:\/\/www.estrategiaconcursos.com.br\/blog\/"},{"@type":"ListItem","position":2,"name":"Concurso MP RO \u00e9 previsto para 2026!"}]},{"@type":"WebSite","@id":"https:\/\/www.estrategiaconcursos.com.br\/blog\/#website","url":"https:\/\/www.estrategiaconcursos.com.br\/blog\/","name":"Estrat\u00e9gia Concursos","description":"O blog da Estrat\u00e9gia Concursos traz not\u00edcias sobre concursos e artigos de professores oferecendo cursos para concursos (pdf + videaulas) no site.","publisher":{"@id":"https:\/\/www.estrategiaconcursos.com.br\/blog\/#organization"},"potentialAction":[{"@type":"SearchAction","target":{"@type":"EntryPoint","urlTemplate":"https:\/\/www.estrategiaconcursos.com.br\/blog\/?s={search_term_string}"},"query-input":{"@type":"PropertyValueSpecification","valueRequired":true,"valueName":"search_term_string"}}],"inLanguage":"pt-BR"},{"@type":"Organization","@id":"https:\/\/www.estrategiaconcursos.com.br\/blog\/#organization","name":"Estrat\u00e9gia Concursos","url":"https:\/\/www.estrategiaconcursos.com.br\/blog\/","logo":{"@type":"ImageObject","inLanguage":"pt-BR","@id":"https:\/\/www.estrategiaconcursos.com.br\/blog\/#\/schema\/logo\/image\/","url":"https:\/\/dhg1h5j42swfq.cloudfront.net\/2025\/06\/03203428\/logo_concursos-1.jpg","contentUrl":"https:\/\/dhg1h5j42swfq.cloudfront.net\/2025\/06\/03203428\/logo_concursos-1.jpg","width":230,"height":60,"caption":"Estrat\u00e9gia Concursos"},"image":{"@id":"https:\/\/www.estrategiaconcursos.com.br\/blog\/#\/schema\/logo\/image\/"},"sameAs":["https:\/\/x.com\/EstratConcursos"]},{"@type":"Person","@id":"https:\/\/www.estrategiaconcursos.com.br\/blog\/#\/schema\/person\/b4a388c97673c5f483d72185668afa1f","name":"Coordena\u00e7\u00e3o","image":{"@type":"ImageObject","inLanguage":"pt-BR","@id":"https:\/\/secure.gravatar.com\/avatar\/b720319e4c9a967eb58678d110f4fe35452fc5d5f97b202bac7b8acceb18c6ad?s=96&d=mm&r=g","url":"https:\/\/secure.gravatar.com\/avatar\/b720319e4c9a967eb58678d110f4fe35452fc5d5f97b202bac7b8acceb18c6ad?s=96&d=mm&r=g","contentUrl":"https:\/\/secure.gravatar.com\/avatar\/b720319e4c9a967eb58678d110f4fe35452fc5d5f97b202bac7b8acceb18c6ad?s=96&d=mm&r=g","caption":"Coordena\u00e7\u00e3o"},"sameAs":["https:\/\/www.facebook.com\/EstrategiaConcursos","https:\/\/x.com\/EstratConcursos"],"url":"https:\/\/www.estrategiaconcursos.com.br\/blog\/author\/estrategia2013\/"}]}},"_links":{"self":[{"href":"https:\/\/www.estrategiaconcursos.com.br\/blog\/wp-json\/wp\/v2\/posts\/946196","targetHints":{"allow":["GET"]}}],"collection":[{"href":"https:\/\/www.estrategiaconcursos.com.br\/blog\/wp-json\/wp\/v2\/posts"}],"about":[{"href":"https:\/\/www.estrategiaconcursos.com.br\/blog\/wp-json\/wp\/v2\/types\/post"}],"author":[{"embeddable":true,"href":"https:\/\/www.estrategiaconcursos.com.br\/blog\/wp-json\/wp\/v2\/users\/1"}],"replies":[{"embeddable":true,"href":"https:\/\/www.estrategiaconcursos.com.br\/blog\/wp-json\/wp\/v2\/comments?post=946196"}],"version-history":[{"count":62,"href":"https:\/\/www.estrategiaconcursos.com.br\/blog\/wp-json\/wp\/v2\/posts\/946196\/revisions"}],"predecessor-version":[{"id":1703930,"href":"https:\/\/www.estrategiaconcursos.com.br\/blog\/wp-json\/wp\/v2\/posts\/946196\/revisions\/1703930"}],"wp:featuredmedia":[{"embeddable":true,"href":"https:\/\/www.estrategiaconcursos.com.br\/blog\/wp-json\/wp\/v2\/media\/1224644"}],"wp:attachment":[{"href":"https:\/\/www.estrategiaconcursos.com.br\/blog\/wp-json\/wp\/v2\/media?parent=946196"}],"wp:term":[{"taxonomy":"category","embeddable":true,"href":"https:\/\/www.estrategiaconcursos.com.br\/blog\/wp-json\/wp\/v2\/categories?post=946196"},{"taxonomy":"post_tag","embeddable":true,"href":"https:\/\/www.estrategiaconcursos.com.br\/blog\/wp-json\/wp\/v2\/tags?post=946196"},{"taxonomy":"tax_estado","embeddable":true,"href":"https:\/\/www.estrategiaconcursos.com.br\/blog\/wp-json\/wp\/v2\/tax_estado?post=946196"}],"curies":[{"name":"wp","href":"https:\/\/api.w.org\/{rel}","templated":true}]}}