{"id":945977,"date":"2022-01-15T07:30:00","date_gmt":"2022-01-15T10:30:00","guid":{"rendered":"https:\/\/www.estrategiaconcursos.com.br\/blog\/?p=945977"},"modified":"2023-08-03T10:12:40","modified_gmt":"2023-08-03T13:12:40","slug":"4a-maratona-iss-bh-pos-edital","status":"publish","type":"post","link":"https:\/\/www.estrategiaconcursos.com.br\/blog\/4a-maratona-iss-bh-pos-edital\/","title":{"rendered":"4\u00aa Maratona ISS BH \u2013 P\u00f3s-Edital"},"content":{"rendered":"\n<p>Aten\u00e7\u00e3o, estrategistas!<\/p>\n\n\n\n<p>Para melhorar seu desempenho nos estudos, o Estrat\u00e9gia realiza HOJE (15) a <strong>4\u00aa Maratona ISS BH \u2013 P\u00f3s-Edital<\/strong>!<\/p>\n\n\n\n<p>Ser\u00e3o <strong>12 horas<\/strong> com os melhores professores ministrando as disciplinas mais cobradas no concurso ISS BH. Voc\u00ea n\u00e3o pode perder!<\/p>\n\n\n\n<p class=\"has-text-align-center\">Confira nossa programa\u00e7\u00e3o abaixo:<\/p>\n\n\n\n<figure class=\"wp-block-table aligncenter is-style-stripes\"><table class=\"has-fixed-layout\"><thead><tr><th class=\"has-text-align-center\" data-align=\"center\">Hor\u00e1rio<\/th><th class=\"has-text-align-center\" data-align=\"center\">Disciplina<\/th><th class=\"has-text-align-center\" data-align=\"center\">Professor<\/th><\/tr><\/thead><tbody><tr><td class=\"has-text-align-center\" data-align=\"center\">8h30 \u00e0s 9h30<\/td><td class=\"has-text-align-center\" data-align=\"center\">Contabilidade Geral e Avan\u00e7ada<\/td><td class=\"has-text-align-center\" data-align=\"center\">Silvio Sande<\/td><\/tr><tr><td class=\"has-text-align-center\" data-align=\"center\">9h30 \u00e0s 10h30<\/td><td class=\"has-text-align-center\" data-align=\"center\">Matem\u00e1tica e Racioc\u00ednio L\u00f3gico<\/td><td class=\"has-text-align-center\" data-align=\"center\">Brunno Lima<\/td><\/tr><tr><td class=\"has-text-align-center\" data-align=\"center\">10h30 \u00e0s 11h30<\/td><td class=\"has-text-align-center\" data-align=\"center\">Direito Tribut\u00e1rio<\/td><td class=\"has-text-align-center\" data-align=\"center\">Fernando Maur\u00edcio<\/td><\/tr><tr><td class=\"has-text-align-center\" data-align=\"center\">11h30 \u00e0s 12h30<\/td><td class=\"has-text-align-center\" data-align=\"center\">Legisla\u00e7\u00e3o Tribut\u00e1ria Municipal<\/td><td class=\"has-text-align-center\" data-align=\"center\">Rafael Rocha<\/td><\/tr><tr><td class=\"has-text-align-center\" data-align=\"center\">13h30 \u00e0s 14h30<\/td><td class=\"has-text-align-center\" data-align=\"center\">Direito Constitucional<\/td><td class=\"has-text-align-center\" data-align=\"center\">Emerson Bruno<\/td><\/tr><tr><td class=\"has-text-align-center\" data-align=\"center\">14h30 \u00e0s 15h30<\/td><td class=\"has-text-align-center\" data-align=\"center\">Economia e Finan\u00e7as P\u00fablicas<\/td><td class=\"has-text-align-center\" data-align=\"center\">Amanda Aires<\/td><\/tr><tr><td class=\"has-text-align-center\" data-align=\"center\">15h30 \u00e0s 16h30<\/td><td class=\"has-text-align-center\" data-align=\"center\">L\u00edngua Portuguesa<\/td><td class=\"has-text-align-center\" data-align=\"center\">Fabricio Dutra<\/td><\/tr><tr><td class=\"has-text-align-center\" data-align=\"center\">16h30 \u00e0s 17h30<\/td><td class=\"has-text-align-center\" data-align=\"center\">Direitos Administrativo<\/td><td class=\"has-text-align-center\" data-align=\"center\">Ant\u00f4nio Daud<\/td><\/tr><tr><td class=\"has-text-align-center\" data-align=\"center\">17h30 \u00e0s 18h30<\/td><td class=\"has-text-align-center\" data-align=\"center\">Direito Penal<\/td><td class=\"has-text-align-center\" data-align=\"center\">Renan Araujo<\/td><\/tr><tr><td class=\"has-text-align-center\" data-align=\"center\">18h30 \u00e0s 19h30<\/td><td class=\"has-text-align-center\" data-align=\"center\">Auditoria<\/td><td class=\"has-text-align-center\" data-align=\"center\">Guilherme Santanna<\/td><\/tr><tr><td class=\"has-text-align-center\" data-align=\"center\">19h30 \u00e0s 20h<\/td><td class=\"has-text-align-center\" data-align=\"center\">Direito Empresarial<\/td><td class=\"has-text-align-center\" data-align=\"center\">Cadu Carrilho<\/td><\/tr><tr><td class=\"has-text-align-center\" data-align=\"center\">20h \u00e0s 20h30<\/td><td class=\"has-text-align-center\" data-align=\"center\">Direito Civil<\/td><td class=\"has-text-align-center\" data-align=\"center\">G\u00e9ssica Ehle<\/td><\/tr><\/tbody><\/table><\/figure>\n\n\n\n<p>Contamos com sua presen\u00e7a!<\/p>\n\n\n\n<p class=\"has-text-align-center\"><em>Para mais detalhes do concurso ISS BH, acesse o link abaixo. Preparamos um artigo completo, separado por t\u00f3picos, para facilitar a sua compreens\u00e3o:<\/em><\/p>\n\n\n\n<p class=\"has-text-align-center has-background has-medium-font-size\" style=\"background-color:#cad5de\"><strong>Saiba mais: <a href=\"https:\/\/www.estrategiaconcursos.com.br\/blog\/concurso-iss-belo-horizonte\/\" target=\"_blank\" rel=\"noreferrer noopener\">concurso ISS BH<\/a><\/strong><\/p>\n\n\n\n<hr class=\"wp-block-separator has-css-opacity\"\/>\n\n\n\n<h2 class=\"wp-block-heading has-text-align-center\" id=\"cursos-assinatura\"><em>Quer estudar para o concurso ISS Belo Horizonte?<\/em><\/h2>\n\n\n\n<div id=\"boxes\" class=\"container\">\n<div class=\"row\">\n<div class=\"col-sm\">\n<div id=\"box-assinatura\" class=\"banner-fiscal-01\">\n<h3 class=\"titulo-assinatura\">Concurso ISS BH<\/h3>\n<p class=\"subtitulo-assinatura\">Conhe\u00e7a os cursos<\/p>\n<div class=\"box-botao\"><a class=\"btn-assinatura\" role=\"button\" href=\"https:\/\/www.estrategiaconcursos.com.br\/cursosPorConcurso\/prefeitura-municipal-de-belo-horizonte\/\" target=\"_blank\" rel=\"noopener noreferrer\">Saiba mais<\/a><\/div>\n<\/div>\n<\/div>\n<\/div>\n<\/div>\n\n\n\n<div class=\"container\" id=\"boxes\">\n  <div class=\"row\">\n\n    <div class=\"col-sm\">\n      <div class=\"estrategia\" id=\"box-assinatura\">\n        <h3 class=\"titulo-assinatura\">Assinatura Concursos<\/h3>\n        <p class=\"subtitulo-assinatura\">Assinatura de 1 ano ou 2 anos<\/p>\n        <div class=\"box-botao\">\n          <a class=\"btn-assinatura\" target=\"_blank\" href=\"https:\/\/www.estrategiaconcursos.com.br\/assinaturas\/\" role=\"button\" rel=\"noopener noreferrer\">ASSINE AGORA<\/a>\n        <\/div>\n      <\/div>\n     \n    <\/div><\/div><\/div>\n\n\n\n<h2 class=\"wp-block-heading has-text-align-center\">Quer saber tudo sobre concursos previstos?<br \/>Confira nossos artigos!<\/h2>\n\n\n\n<ul class=\"wp-block-list\">\n<li><a target=\"_blank\" href=\"https:\/\/www.estrategiaconcursos.com.br\/blog\/concursos-abertos\/\" rel=\"noreferrer noopener\">Concursos abertos<\/a><\/li>\n\n\n\n<li><a target=\"_blank\" href=\"https:\/\/www.estrategiaconcursos.com.br\/blog\/concursos-2022\/\" rel=\"noreferrer noopener\">Concursos 2022<\/a><\/li>\n<\/ul>\n","protected":false},"excerpt":{"rendered":"<p>Aten\u00e7\u00e3o, estrategistas! Para melhorar seu desempenho nos estudos, o Estrat\u00e9gia realiza HOJE (15) a 4\u00aa Maratona ISS BH \u2013 P\u00f3s-Edital! Ser\u00e3o 12 horas com os melhores professores ministrando as disciplinas mais cobradas no concurso ISS BH. Voc\u00ea n\u00e3o pode perder! Confira nossa programa\u00e7\u00e3o abaixo: Hor\u00e1rio Disciplina Professor 8h30 \u00e0s 9h30 Contabilidade Geral e Avan\u00e7ada Silvio [&hellip;]<\/p>\n","protected":false},"author":1551,"featured_media":700099,"comment_status":"open","ping_status":"closed","sticky":false,"template":"","format":"standard","meta":{"post_tipo":"news","footnotes":""},"categories":[220183,220219],"tags":[],"tax_estado":[219974],"class_list":["post-945977","post","type-post","status-publish","format-standard","has-post-thumbnail","hentry","category-fiscal-municipal","category-noticias","tax_estado-mg"],"acf":[],"yoast_head":"<!-- This site is optimized with the Yoast SEO Premium plugin v27.2 (Yoast SEO v27.2) - https:\/\/yoast.com\/product\/yoast-seo-premium-wordpress\/ -->\n<title>4\u00aa Maratona ISS BH \u2013 P\u00f3s-Edital<\/title>\n<meta name=\"description\" content=\"Professores do Estrat\u00e9gia ministram a 4\u00aa Maratona ISS BH \u2013 P\u00f3s-Edital, que acontece dia 15\/01, a partir das 8h30, no canal do YouTube.\" \/>\n<meta name=\"robots\" content=\"index, follow, max-snippet:-1, max-image-preview:large, max-video-preview:-1\" \/>\n<link rel=\"canonical\" href=\"https:\/\/www.estrategiaconcursos.com.br\/blog\/4a-maratona-iss-bh-pos-edital\/\" \/>\n<meta property=\"og:locale\" content=\"pt_BR\" \/>\n<meta property=\"og:type\" content=\"article\" \/>\n<meta property=\"og:title\" content=\"4\u00aa Maratona ISS BH \u2013 P\u00f3s-Edital\" \/>\n<meta property=\"og:description\" content=\"Professores do Estrat\u00e9gia ministram a 4\u00aa Maratona ISS BH \u2013 P\u00f3s-Edital, que acontece dia 15\/01, a partir das 8h30, no canal do YouTube.\" \/>\n<meta property=\"og:url\" content=\"https:\/\/www.estrategiaconcursos.com.br\/blog\/4a-maratona-iss-bh-pos-edital\/\" \/>\n<meta property=\"og:site_name\" content=\"Estrat\u00e9gia Concursos\" \/>\n<meta property=\"article:published_time\" content=\"2022-01-15T10:30:00+00:00\" \/>\n<meta property=\"article:modified_time\" content=\"2023-08-03T13:12:40+00:00\" \/>\n<meta property=\"og:image\" content=\"https:\/\/dhg1h5j42swfq.cloudfront.net\/2021\/03\/24103925\/iss-bh.jpg\" \/>\n\t<meta property=\"og:image:width\" content=\"1200\" \/>\n\t<meta property=\"og:image:height\" content=\"628\" \/>\n\t<meta property=\"og:image:type\" content=\"image\/jpeg\" \/>\n<meta name=\"author\" content=\"Silvio Sande\" \/>\n<meta name=\"twitter:card\" content=\"summary_large_image\" \/>\n<meta name=\"twitter:creator\" content=\"@EstratConcursos\" \/>\n<meta name=\"twitter:site\" content=\"@EstratConcursos\" \/>\n<meta name=\"twitter:label1\" content=\"Escrito por\" \/>\n\t<meta name=\"twitter:data1\" content=\"Silvio Sande\" \/>\n\t<meta name=\"twitter:label2\" content=\"Est. tempo de leitura\" \/>\n\t<meta name=\"twitter:data2\" content=\"2 minutos\" \/>\n<script type=\"application\/ld+json\" class=\"yoast-schema-graph\">{\"@context\":\"https:\/\/schema.org\",\"@graph\":[{\"@type\":\"NewsArticle\",\"@id\":\"https:\/\/www.estrategiaconcursos.com.br\/blog\/4a-maratona-iss-bh-pos-edital\/#article\",\"isPartOf\":{\"@id\":\"https:\/\/www.estrategiaconcursos.com.br\/blog\/4a-maratona-iss-bh-pos-edital\/\"},\"author\":{\"name\":\"Silvio Sande\",\"@id\":\"https:\/\/www.estrategiaconcursos.com.br\/blog\/#\/schema\/person\/d3fdf11dcb0a6c5d1f662e4f5aea2a3a\"},\"headline\":\"4\u00aa Maratona ISS BH \u2013 P\u00f3s-Edital\",\"datePublished\":\"2022-01-15T10:30:00+00:00\",\"dateModified\":\"2023-08-03T13:12:40+00:00\",\"mainEntityOfPage\":{\"@id\":\"https:\/\/www.estrategiaconcursos.com.br\/blog\/4a-maratona-iss-bh-pos-edital\/\"},\"wordCount\":231,\"commentCount\":0,\"publisher\":{\"@id\":\"https:\/\/www.estrategiaconcursos.com.br\/blog\/#organization\"},\"image\":{\"@id\":\"https:\/\/www.estrategiaconcursos.com.br\/blog\/4a-maratona-iss-bh-pos-edital\/#primaryimage\"},\"thumbnailUrl\":\"https:\/\/dhg1h5j42swfq.cloudfront.net\/2021\/03\/24103925\/iss-bh.jpg\",\"articleSection\":[\"Fiscal - Municipal (ISS)\",\"\u00daltimas not\u00edcias\"],\"inLanguage\":\"pt-BR\",\"potentialAction\":[{\"@type\":\"CommentAction\",\"name\":\"Comment\",\"target\":[\"https:\/\/www.estrategiaconcursos.com.br\/blog\/4a-maratona-iss-bh-pos-edital\/#respond\"]}],\"copyrightYear\":\"2022\",\"copyrightHolder\":{\"@id\":\"https:\/\/www.estrategiaconcursos.com.br\/blog\/#organization\"}},{\"@type\":\"WebPage\",\"@id\":\"https:\/\/www.estrategiaconcursos.com.br\/blog\/4a-maratona-iss-bh-pos-edital\/\",\"url\":\"https:\/\/www.estrategiaconcursos.com.br\/blog\/4a-maratona-iss-bh-pos-edital\/\",\"name\":\"4\u00aa Maratona ISS BH \u2013 P\u00f3s-Edital\",\"isPartOf\":{\"@id\":\"https:\/\/www.estrategiaconcursos.com.br\/blog\/#website\"},\"primaryImageOfPage\":{\"@id\":\"https:\/\/www.estrategiaconcursos.com.br\/blog\/4a-maratona-iss-bh-pos-edital\/#primaryimage\"},\"image\":{\"@id\":\"https:\/\/www.estrategiaconcursos.com.br\/blog\/4a-maratona-iss-bh-pos-edital\/#primaryimage\"},\"thumbnailUrl\":\"https:\/\/dhg1h5j42swfq.cloudfront.net\/2021\/03\/24103925\/iss-bh.jpg\",\"datePublished\":\"2022-01-15T10:30:00+00:00\",\"dateModified\":\"2023-08-03T13:12:40+00:00\",\"description\":\"Professores do Estrat\u00e9gia ministram a 4\u00aa Maratona ISS BH \u2013 P\u00f3s-Edital, que acontece dia 15\/01, a partir das 8h30, no canal do YouTube.\",\"breadcrumb\":{\"@id\":\"https:\/\/www.estrategiaconcursos.com.br\/blog\/4a-maratona-iss-bh-pos-edital\/#breadcrumb\"},\"inLanguage\":\"pt-BR\",\"potentialAction\":[{\"@type\":\"ReadAction\",\"target\":[\"https:\/\/www.estrategiaconcursos.com.br\/blog\/4a-maratona-iss-bh-pos-edital\/\"]}]},{\"@type\":\"ImageObject\",\"inLanguage\":\"pt-BR\",\"@id\":\"https:\/\/www.estrategiaconcursos.com.br\/blog\/4a-maratona-iss-bh-pos-edital\/#primaryimage\",\"url\":\"https:\/\/dhg1h5j42swfq.cloudfront.net\/2021\/03\/24103925\/iss-bh.jpg\",\"contentUrl\":\"https:\/\/dhg1h5j42swfq.cloudfront.net\/2021\/03\/24103925\/iss-bh.jpg\",\"width\":1200,\"height\":628,\"caption\":\"ISS BH Agente Fazend\u00e1rio\"},{\"@type\":\"BreadcrumbList\",\"@id\":\"https:\/\/www.estrategiaconcursos.com.br\/blog\/4a-maratona-iss-bh-pos-edital\/#breadcrumb\",\"itemListElement\":[{\"@type\":\"ListItem\",\"position\":1,\"name\":\"In\u00edcio\",\"item\":\"https:\/\/www.estrategiaconcursos.com.br\/blog\/\"},{\"@type\":\"ListItem\",\"position\":2,\"name\":\"4\u00aa Maratona ISS BH \u2013 P\u00f3s-Edital\"}]},{\"@type\":\"WebSite\",\"@id\":\"https:\/\/www.estrategiaconcursos.com.br\/blog\/#website\",\"url\":\"https:\/\/www.estrategiaconcursos.com.br\/blog\/\",\"name\":\"Estrat\u00e9gia Concursos\",\"description\":\"O blog da Estrat\u00e9gia Concursos traz not\u00edcias sobre concursos e artigos de professores oferecendo cursos para concursos (pdf + videaulas) no site.\",\"publisher\":{\"@id\":\"https:\/\/www.estrategiaconcursos.com.br\/blog\/#organization\"},\"potentialAction\":[{\"@type\":\"SearchAction\",\"target\":{\"@type\":\"EntryPoint\",\"urlTemplate\":\"https:\/\/www.estrategiaconcursos.com.br\/blog\/?s={search_term_string}\"},\"query-input\":{\"@type\":\"PropertyValueSpecification\",\"valueRequired\":true,\"valueName\":\"search_term_string\"}}],\"inLanguage\":\"pt-BR\"},{\"@type\":\"Organization\",\"@id\":\"https:\/\/www.estrategiaconcursos.com.br\/blog\/#organization\",\"name\":\"Estrat\u00e9gia Concursos\",\"url\":\"https:\/\/www.estrategiaconcursos.com.br\/blog\/\",\"logo\":{\"@type\":\"ImageObject\",\"inLanguage\":\"pt-BR\",\"@id\":\"https:\/\/www.estrategiaconcursos.com.br\/blog\/#\/schema\/logo\/image\/\",\"url\":\"https:\/\/dhg1h5j42swfq.cloudfront.net\/2025\/06\/03203428\/logo_concursos-1.jpg\",\"contentUrl\":\"https:\/\/dhg1h5j42swfq.cloudfront.net\/2025\/06\/03203428\/logo_concursos-1.jpg\",\"width\":230,\"height\":60,\"caption\":\"Estrat\u00e9gia Concursos\"},\"image\":{\"@id\":\"https:\/\/www.estrategiaconcursos.com.br\/blog\/#\/schema\/logo\/image\/\"},\"sameAs\":[\"https:\/\/x.com\/EstratConcursos\"]},{\"@type\":\"Person\",\"@id\":\"https:\/\/www.estrategiaconcursos.com.br\/blog\/#\/schema\/person\/d3fdf11dcb0a6c5d1f662e4f5aea2a3a\",\"name\":\"Silvio Sande\",\"image\":{\"@type\":\"ImageObject\",\"inLanguage\":\"pt-BR\",\"@id\":\"https:\/\/secure.gravatar.com\/avatar\/aff0d2496ed5a6c2a83263144475c015afefc5781a32ffc5be2a1823cfa881fa?s=96&d=mm&r=g\",\"url\":\"https:\/\/secure.gravatar.com\/avatar\/aff0d2496ed5a6c2a83263144475c015afefc5781a32ffc5be2a1823cfa881fa?s=96&d=mm&r=g\",\"contentUrl\":\"https:\/\/secure.gravatar.com\/avatar\/aff0d2496ed5a6c2a83263144475c015afefc5781a32ffc5be2a1823cfa881fa?s=96&d=mm&r=g\",\"caption\":\"Silvio Sande\"},\"url\":\"https:\/\/www.estrategiaconcursos.com.br\/blog\/author\/silviosandehotmail-com\/\"}]}<\/script>\n<!-- \/ Yoast SEO Premium plugin. -->","yoast_head_json":{"title":"4\u00aa Maratona ISS BH \u2013 P\u00f3s-Edital","description":"Professores do Estrat\u00e9gia ministram a 4\u00aa Maratona ISS BH \u2013 P\u00f3s-Edital, que acontece dia 15\/01, a partir das 8h30, no canal do YouTube.","robots":{"index":"index","follow":"follow","max-snippet":"max-snippet:-1","max-image-preview":"max-image-preview:large","max-video-preview":"max-video-preview:-1"},"canonical":"https:\/\/www.estrategiaconcursos.com.br\/blog\/4a-maratona-iss-bh-pos-edital\/","og_locale":"pt_BR","og_type":"article","og_title":"4\u00aa Maratona ISS BH \u2013 P\u00f3s-Edital","og_description":"Professores do Estrat\u00e9gia ministram a 4\u00aa Maratona ISS BH \u2013 P\u00f3s-Edital, que acontece dia 15\/01, a partir das 8h30, no canal do YouTube.","og_url":"https:\/\/www.estrategiaconcursos.com.br\/blog\/4a-maratona-iss-bh-pos-edital\/","og_site_name":"Estrat\u00e9gia Concursos","article_published_time":"2022-01-15T10:30:00+00:00","article_modified_time":"2023-08-03T13:12:40+00:00","og_image":[{"width":1200,"height":628,"url":"https:\/\/dhg1h5j42swfq.cloudfront.net\/2021\/03\/24103925\/iss-bh.jpg","type":"image\/jpeg"}],"author":"Silvio Sande","twitter_card":"summary_large_image","twitter_creator":"@EstratConcursos","twitter_site":"@EstratConcursos","twitter_misc":{"Escrito por":"Silvio Sande","Est. tempo de leitura":"2 minutos"},"schema":{"@context":"https:\/\/schema.org","@graph":[{"@type":"NewsArticle","@id":"https:\/\/www.estrategiaconcursos.com.br\/blog\/4a-maratona-iss-bh-pos-edital\/#article","isPartOf":{"@id":"https:\/\/www.estrategiaconcursos.com.br\/blog\/4a-maratona-iss-bh-pos-edital\/"},"author":{"name":"Silvio Sande","@id":"https:\/\/www.estrategiaconcursos.com.br\/blog\/#\/schema\/person\/d3fdf11dcb0a6c5d1f662e4f5aea2a3a"},"headline":"4\u00aa Maratona ISS BH \u2013 P\u00f3s-Edital","datePublished":"2022-01-15T10:30:00+00:00","dateModified":"2023-08-03T13:12:40+00:00","mainEntityOfPage":{"@id":"https:\/\/www.estrategiaconcursos.com.br\/blog\/4a-maratona-iss-bh-pos-edital\/"},"wordCount":231,"commentCount":0,"publisher":{"@id":"https:\/\/www.estrategiaconcursos.com.br\/blog\/#organization"},"image":{"@id":"https:\/\/www.estrategiaconcursos.com.br\/blog\/4a-maratona-iss-bh-pos-edital\/#primaryimage"},"thumbnailUrl":"https:\/\/dhg1h5j42swfq.cloudfront.net\/2021\/03\/24103925\/iss-bh.jpg","articleSection":["Fiscal - Municipal (ISS)","\u00daltimas not\u00edcias"],"inLanguage":"pt-BR","potentialAction":[{"@type":"CommentAction","name":"Comment","target":["https:\/\/www.estrategiaconcursos.com.br\/blog\/4a-maratona-iss-bh-pos-edital\/#respond"]}],"copyrightYear":"2022","copyrightHolder":{"@id":"https:\/\/www.estrategiaconcursos.com.br\/blog\/#organization"}},{"@type":"WebPage","@id":"https:\/\/www.estrategiaconcursos.com.br\/blog\/4a-maratona-iss-bh-pos-edital\/","url":"https:\/\/www.estrategiaconcursos.com.br\/blog\/4a-maratona-iss-bh-pos-edital\/","name":"4\u00aa Maratona ISS BH \u2013 P\u00f3s-Edital","isPartOf":{"@id":"https:\/\/www.estrategiaconcursos.com.br\/blog\/#website"},"primaryImageOfPage":{"@id":"https:\/\/www.estrategiaconcursos.com.br\/blog\/4a-maratona-iss-bh-pos-edital\/#primaryimage"},"image":{"@id":"https:\/\/www.estrategiaconcursos.com.br\/blog\/4a-maratona-iss-bh-pos-edital\/#primaryimage"},"thumbnailUrl":"https:\/\/dhg1h5j42swfq.cloudfront.net\/2021\/03\/24103925\/iss-bh.jpg","datePublished":"2022-01-15T10:30:00+00:00","dateModified":"2023-08-03T13:12:40+00:00","description":"Professores do Estrat\u00e9gia ministram a 4\u00aa Maratona ISS BH \u2013 P\u00f3s-Edital, que acontece dia 15\/01, a partir das 8h30, no canal do YouTube.","breadcrumb":{"@id":"https:\/\/www.estrategiaconcursos.com.br\/blog\/4a-maratona-iss-bh-pos-edital\/#breadcrumb"},"inLanguage":"pt-BR","potentialAction":[{"@type":"ReadAction","target":["https:\/\/www.estrategiaconcursos.com.br\/blog\/4a-maratona-iss-bh-pos-edital\/"]}]},{"@type":"ImageObject","inLanguage":"pt-BR","@id":"https:\/\/www.estrategiaconcursos.com.br\/blog\/4a-maratona-iss-bh-pos-edital\/#primaryimage","url":"https:\/\/dhg1h5j42swfq.cloudfront.net\/2021\/03\/24103925\/iss-bh.jpg","contentUrl":"https:\/\/dhg1h5j42swfq.cloudfront.net\/2021\/03\/24103925\/iss-bh.jpg","width":1200,"height":628,"caption":"ISS BH Agente Fazend\u00e1rio"},{"@type":"BreadcrumbList","@id":"https:\/\/www.estrategiaconcursos.com.br\/blog\/4a-maratona-iss-bh-pos-edital\/#breadcrumb","itemListElement":[{"@type":"ListItem","position":1,"name":"In\u00edcio","item":"https:\/\/www.estrategiaconcursos.com.br\/blog\/"},{"@type":"ListItem","position":2,"name":"4\u00aa Maratona ISS BH \u2013 P\u00f3s-Edital"}]},{"@type":"WebSite","@id":"https:\/\/www.estrategiaconcursos.com.br\/blog\/#website","url":"https:\/\/www.estrategiaconcursos.com.br\/blog\/","name":"Estrat\u00e9gia Concursos","description":"O blog da Estrat\u00e9gia Concursos traz not\u00edcias sobre concursos e artigos de professores oferecendo cursos para concursos (pdf + videaulas) no site.","publisher":{"@id":"https:\/\/www.estrategiaconcursos.com.br\/blog\/#organization"},"potentialAction":[{"@type":"SearchAction","target":{"@type":"EntryPoint","urlTemplate":"https:\/\/www.estrategiaconcursos.com.br\/blog\/?s={search_term_string}"},"query-input":{"@type":"PropertyValueSpecification","valueRequired":true,"valueName":"search_term_string"}}],"inLanguage":"pt-BR"},{"@type":"Organization","@id":"https:\/\/www.estrategiaconcursos.com.br\/blog\/#organization","name":"Estrat\u00e9gia Concursos","url":"https:\/\/www.estrategiaconcursos.com.br\/blog\/","logo":{"@type":"ImageObject","inLanguage":"pt-BR","@id":"https:\/\/www.estrategiaconcursos.com.br\/blog\/#\/schema\/logo\/image\/","url":"https:\/\/dhg1h5j42swfq.cloudfront.net\/2025\/06\/03203428\/logo_concursos-1.jpg","contentUrl":"https:\/\/dhg1h5j42swfq.cloudfront.net\/2025\/06\/03203428\/logo_concursos-1.jpg","width":230,"height":60,"caption":"Estrat\u00e9gia Concursos"},"image":{"@id":"https:\/\/www.estrategiaconcursos.com.br\/blog\/#\/schema\/logo\/image\/"},"sameAs":["https:\/\/x.com\/EstratConcursos"]},{"@type":"Person","@id":"https:\/\/www.estrategiaconcursos.com.br\/blog\/#\/schema\/person\/d3fdf11dcb0a6c5d1f662e4f5aea2a3a","name":"Silvio Sande","image":{"@type":"ImageObject","inLanguage":"pt-BR","@id":"https:\/\/secure.gravatar.com\/avatar\/aff0d2496ed5a6c2a83263144475c015afefc5781a32ffc5be2a1823cfa881fa?s=96&d=mm&r=g","url":"https:\/\/secure.gravatar.com\/avatar\/aff0d2496ed5a6c2a83263144475c015afefc5781a32ffc5be2a1823cfa881fa?s=96&d=mm&r=g","contentUrl":"https:\/\/secure.gravatar.com\/avatar\/aff0d2496ed5a6c2a83263144475c015afefc5781a32ffc5be2a1823cfa881fa?s=96&d=mm&r=g","caption":"Silvio Sande"},"url":"https:\/\/www.estrategiaconcursos.com.br\/blog\/author\/silviosandehotmail-com\/"}]}},"_links":{"self":[{"href":"https:\/\/www.estrategiaconcursos.com.br\/blog\/wp-json\/wp\/v2\/posts\/945977","targetHints":{"allow":["GET"]}}],"collection":[{"href":"https:\/\/www.estrategiaconcursos.com.br\/blog\/wp-json\/wp\/v2\/posts"}],"about":[{"href":"https:\/\/www.estrategiaconcursos.com.br\/blog\/wp-json\/wp\/v2\/types\/post"}],"author":[{"embeddable":true,"href":"https:\/\/www.estrategiaconcursos.com.br\/blog\/wp-json\/wp\/v2\/users\/1551"}],"replies":[{"embeddable":true,"href":"https:\/\/www.estrategiaconcursos.com.br\/blog\/wp-json\/wp\/v2\/comments?post=945977"}],"version-history":[{"count":6,"href":"https:\/\/www.estrategiaconcursos.com.br\/blog\/wp-json\/wp\/v2\/posts\/945977\/revisions"}],"predecessor-version":[{"id":1259506,"href":"https:\/\/www.estrategiaconcursos.com.br\/blog\/wp-json\/wp\/v2\/posts\/945977\/revisions\/1259506"}],"wp:featuredmedia":[{"embeddable":true,"href":"https:\/\/www.estrategiaconcursos.com.br\/blog\/wp-json\/wp\/v2\/media\/700099"}],"wp:attachment":[{"href":"https:\/\/www.estrategiaconcursos.com.br\/blog\/wp-json\/wp\/v2\/media?parent=945977"}],"wp:term":[{"taxonomy":"category","embeddable":true,"href":"https:\/\/www.estrategiaconcursos.com.br\/blog\/wp-json\/wp\/v2\/categories?post=945977"},{"taxonomy":"post_tag","embeddable":true,"href":"https:\/\/www.estrategiaconcursos.com.br\/blog\/wp-json\/wp\/v2\/tags?post=945977"},{"taxonomy":"tax_estado","embeddable":true,"href":"https:\/\/www.estrategiaconcursos.com.br\/blog\/wp-json\/wp\/v2\/tax_estado?post=945977"}],"curies":[{"name":"wp","href":"https:\/\/api.w.org\/{rel}","templated":true}]}}