{"id":945724,"date":"2022-01-19T09:17:00","date_gmt":"2022-01-19T12:17:00","guid":{"rendered":"https:\/\/www.estrategiaconcursos.com.br\/blog\/?p=945724"},"modified":"2022-01-14T17:34:33","modified_gmt":"2022-01-14T20:34:33","slug":"estatistica-descritiva-sefaz-pa","status":"publish","type":"post","link":"https:\/\/www.estrategiaconcursos.com.br\/blog\/estatistica-descritiva-sefaz-pa\/","title":{"rendered":"Estat\u00edstica Descritiva para a SEFAZ-PA"},"content":{"rendered":"\n<p class=\"has-medium-font-size\">Revise, nessa reta final, os principais t\u00f3picos cobrados no Edital, relacionados \u00e0 Estat\u00edstica Descritiva, para o concurso da SEFAZ-PA.<\/p>\n\n\n\n<p>Ol\u00e1, pessoal! O <a href=\"https:\/\/www.estrategiaconcursos.com.br\/cursosPorConcurso\/secretaria-da-fazendo-do-para-sefaz-pa\/?utm_source=google&amp;utm_medium=cpc&amp;utm_campaign=ec-fis-vd-gsh-sefazpa-x-x&amp;gclid=CjwKCAiAlfqOBhAeEiwAYi43F9-EAGybuqIZX0MwWy8_oAwERAd8Mo4noKjru0Hetf8Aey7gzN9KyBoCzLwQAvD_BwE\" target=\"_blank\" rel=\"noreferrer noopener\">edital<\/a> da <a href=\"http:\/\/www.sefa.pa.gov.br\/\" target=\"_blank\" rel=\"noreferrer noopener\">SEFA PA<\/a> (Secretaria do Estado da Fazenda do Par\u00e1) \u00e9 mais uma grande oportunidade para a \u00e1rea fiscal! Nesse momento de reta final, cada detalhe pode fazer a diferen\u00e7a rumo \u00e0 sonhada aprova\u00e7\u00e3o; portanto, \u00e9 hora de entregar tudo!<\/p>\n\n\n\n<p>O tema do artigo de hoje, Estat\u00edstica Descritiva, est\u00e1 presente para os dois cargos do concurso (Auditor Fiscal de Receitas Estaduais e Fiscal de Receitas Estaduais).<\/p>\n\n\n\n<p>Inicialmente, iremos contextualizar o assunto dentro do universo maior da Estat\u00edstica e, em seguida, aprofundaremos nos t\u00f3picos expressamente citados no edital.<\/p>\n\n\n\n<h2 class=\"wp-block-heading\" id=\"h-ramos-da-estatistica-estatistica-descritiva-para-a-sefaz-pa\">Ramos da Estat\u00edstica &#8211; Estat\u00edstica Descritiva para a SEFAZ-PA <\/h2>\n\n\n\n<p>Estat\u00edstica \u00e9 a ci\u00eancia de <strong>coletar<\/strong>, <strong>analisar<\/strong> e <strong>interpretar<\/strong> dados em grandes quantidades, normalmente com o prop\u00f3sito de fazer <strong>predi\u00e7\u00f5es<\/strong> a respeito de uma <strong>popula\u00e7\u00e3o<\/strong> com base em uma <strong>amostra<\/strong> representativa.<\/p>\n\n\n\n<p>Existem dois ramos da Estat\u00edstica: a Estat\u00edstica <strong>Descritiva<\/strong> e a <strong>Inferencial<\/strong>. Tipicamente, ao fazer a an\u00e1lise de um determinado conjunto de dados, utilizam-se ambas para tirar conclus\u00f5es.<\/p>\n\n\n\n<h3 class=\"wp-block-heading\">Estat\u00edstica Descritiva<\/h3>\n\n\n\n<p>Esse ramo prov\u00ea <strong>informa\u00e7\u00f5es imediatas<\/strong> sobre um grupo de dados. Por exemplo, se o Estrat\u00e9gia quiser analisar o desempenho de 200 alunos em determinada prova de concurso, \u00e9 poss\u00edvel calcular a m\u00e9dia das suas notas finais. Essa m\u00e9dia traria uma informa\u00e7\u00e3o bastante valiosa a respeito desse grupo <strong>espec\u00edfico <\/strong>de 200 alunos.<\/p>\n\n\n\n<p>Um conjunto como esse, que abrange todos os dados de interesse de uma an\u00e1lise, \u00e9 denominado <strong>popula\u00e7\u00e3o<\/strong>. A Estat\u00edstica Descritiva \u00e9 aplicada a popula\u00e7\u00f5es, e as propriedades que s\u00e3o calculadas, como a m\u00e9dia ou o desvio padr\u00e3o, s\u00e3o os <strong>par\u00e2metros<\/strong>, que representam toda a popula\u00e7\u00e3o.<\/p>\n\n\n\n<p>No entanto, nem sempre \u00e9 poss\u00edvel ter acesso a dados de toda a popula\u00e7\u00e3o de interesse, seja por limita\u00e7\u00e3o de tempo para fazer a an\u00e1lise, seja por dificuldades de coleta. Nesses casos, entra em cena a Estat\u00edstica Inferencial.<\/p>\n\n\n\n<h3 class=\"wp-block-heading\" id=\"h-estatistica-inferencial\">Estat\u00edstica Inferencial<\/h3>\n\n\n\n<p>A Estat\u00edstica Inferencial utiliza uma <strong>amostra<\/strong> de dados retirados de uma popula\u00e7\u00e3o para descrever e fazer infer\u00eancias sobre a <strong>popula\u00e7\u00e3o<\/strong>.<\/p>\n\n\n\n<p>As propriedades da amostra, tais como a m\u00e9dia ou o desvio padr\u00e3o, n\u00e3o s\u00e3o par\u00e2metros, e sim <strong>estat\u00edsticas<\/strong>.<\/p>\n\n\n\n<p>Esse ramo da Estat\u00edstica lan\u00e7a m\u00e3o de <strong>t\u00e9cnicas<\/strong> que permitem que as amostras sejam utilizadas para fazer <strong>generaliza\u00e7\u00f5es<\/strong> sobre a popula\u00e7\u00e3o da qual a amostra foi retirada.<\/p>\n\n\n\n<p>Por exemplo, o Estrat\u00e9gia pode medir o desempenho de um pequeno grupo, utilizando-o para representar a popula\u00e7\u00e3o inteira de seus alunos. Para que esse procedimento d\u00ea certo, \u00e9 preciso que a amostra represente de forma acurada a popula\u00e7\u00e3o.<\/p>\n\n\n\n<p>O processo de chegar a um grupo representativo do todo \u00e9 chamado de <strong>amostragem<\/strong>, que, por sua vez, naturalmente incorre em erros, j\u00e1 que n\u00e3o \u00e9 esperado que a amostra represente perfeitamente a popula\u00e7\u00e3o.<\/p>\n\n\n\n<p>Uma das principais limita\u00e7\u00f5es da Estat\u00edstica Inferencial \u00e9 justamente n\u00e3o ter 100% de confian\u00e7a de que as estat\u00edsticas calculadas est\u00e3o corretas, pois sempre haver\u00e1 um grau de incerteza ao usar valores medidos em uma amostra para estimar\/inferir os valores que seriam medidos em uma popula\u00e7\u00e3o.<\/p>\n\n\n\n<div class=\"wp-block-image\"><figure class=\"aligncenter size-full\"><img loading=\"lazy\" decoding=\"async\" width=\"628\" height=\"177\" src=\"https:\/\/dhg1h5j42swfq.cloudfront.net\/2022\/01\/13184438\/esquema-1-1.png\" alt=\"Estat\u00edstica Descritiva x Inferencial\" class=\"wp-image-947047\" srcset=\"https:\/\/dhg1h5j42swfq.cloudfront.net\/2022\/01\/13184438\/esquema-1-1.png 628w, https:\/\/dhg1h5j42swfq.cloudfront.net\/2022\/01\/13184438\/esquema-1-1-300x85.png 300w, https:\/\/dhg1h5j42swfq.cloudfront.net\/2022\/01\/13184438\/esquema-1-1-610x172.png 610w\" sizes=\"auto, (max-width: 628px) 100vw, 628px\" \/><figcaption>Estat\u00edstica Descritiva x Inferencial<\/figcaption><\/figure><\/div>\n\n\n\n<h2 class=\"wp-block-heading\" id=\"h-aprofundando-a-estatistica-descritiva-para-a-sefaz-pa\">Aprofundando a Estat\u00edstica Descritiva para a SEFAZ-PA <\/h2>\n\n\n\n<p>Na era do <em>Big Data<\/em>, Ci\u00eancia de Dados e Intelig\u00eancia Artificial, a an\u00e1lise de grandes quantidades de dados tornou-se essencial em muitos campos da ci\u00eancia e da tecnologia.<\/p>\n\n\n\n<p>A Estat\u00edstica Descritiva aborda um aspecto extremamente necess\u00e1rio ao trabalhar com dados, que \u00e9 a habilidade para <strong>descrever<\/strong>, <strong>resumir<\/strong> e <strong>representar<\/strong> dados visualmente, de modo a facilitar o entendimento. Ressalta-se que isso n\u00e3o envolve qualquer generaliza\u00e7\u00e3o ou infer\u00eancia al\u00e9m do que est\u00e1 dispon\u00edvel.<\/p>\n\n\n\n<p>Em um cen\u00e1rio, por exemplo, em que s\u00e3o coletados dados de milh\u00f5es de pessoas, n\u00e3o \u00e9 humanamente pr\u00e1tico se debru\u00e7ar na leitura de tantas informa\u00e7\u00f5es. Ainda que algu\u00e9m de boa vontade se dispusesse a ler todos esses dados, dificilmente seria capaz de extrair informa\u00e7\u00f5es \u00fateis a partir deles.<\/p>\n\n\n\n<p>Por outro lado, ao fazer um simples resumo, levantando informa\u00e7\u00f5es como sal\u00e1rio m\u00e9dio ou idade m\u00e9dia, j\u00e1 \u00e9 poss\u00edvel tirar conclus\u00f5es e, se necess\u00e1rio, aprofundar as an\u00e1lises a partir da\u00ed.<\/p>\n\n\n\n<p>Assim, a Estat\u00edstica Descritiva representa um \u201cpacote b\u00e1sico\u201d de informa\u00e7\u00f5es que s\u00e3o \u00fateis para a an\u00e1lise de qualquer conjunto de dados, dos mais simples aos mais sofisticados. Suas medidas fornecem uma ideia geral de tend\u00eancias nos dados e possibilitam a emers\u00e3o de padr\u00f5es que n\u00e3o seriam \u00f3bvios se apenas os dados brutos fossem apresentados.<\/p>\n\n\n\n<p>Tipicamente, existem dois tipos gerais de medidas que s\u00e3o utilizadas para descrever os dados:<\/p>\n\n\n\n<ul class=\"wp-block-list\"><li><strong>Medidas de Tend\u00eancia Central ou Posi\u00e7\u00e3o<\/strong>: representam um <strong>valor \u00fanico<\/strong>, que pretende resumir um conjunto de dados, identificando a sua posi\u00e7\u00e3o central.<\/li><li><strong>Medidas de Dispers\u00e3o ou Variabilidade<\/strong>: resumem um grupo de dados atrav\u00e9s da descri\u00e7\u00e3o do qu\u00e3o espalhados seus valores est\u00e3o em torno do valor central (ou das Medidas de Tend\u00eancia Central).<\/li><\/ul>\n\n\n\n<p>A seguir, ser\u00e3o descritas algumas medidas pertencentes a cada um desses grupos.<\/p>\n\n\n\n<h3 class=\"wp-block-heading\" id=\"h-medidas-de-posicao\">Medidas de posi\u00e7\u00e3o<\/h3>\n\n\n\n<h4 class=\"wp-block-heading\" id=\"h-media-estatistica-descritiva-para-a-sefaz-pa\">M\u00e9dia &#8211;  Estat\u00edstica Descritiva para a SEFAZ-PA <\/h4>\n\n\n\n<p>A M\u00e9dia \u00e9 a medida de posi\u00e7\u00e3o central mais conhecida. \u00c9 definida como a <strong>raz\u00e3o<\/strong> entre a <strong><span class=\"has-inline-color has-vivid-cyan-blue-color\">soma de todos os valores <\/span><\/strong>observados no conjunto de dados e <strong><span class=\"has-inline-color has-vivid-cyan-blue-color\">n\u00famero total de observa\u00e7\u00f5es<\/span><\/strong>.<\/p>\n\n\n\n<p>Uma propriedade bastante importante da m\u00e9dia \u00e9 que ela inclui <strong>todos<\/strong> os valores do conjunto de dados em seu c\u00e1lculo. Como consequ\u00eancia, ela \u00e9 particularmente suscet\u00edvel \u00e0 influ\u00eancia de <em>outliers<\/em>, que s\u00e3o aqueles pontos muito fora da curva.<\/p>\n\n\n\n<p>Por exemplo, considerando os sal\u00e1rios dos empregados de uma empresa, listados abaixo:<\/p>\n\n\n\n<div class=\"wp-block-image\"><figure class=\"aligncenter size-full\"><img loading=\"lazy\" decoding=\"async\" width=\"680\" height=\"76\" src=\"https:\/\/dhg1h5j42swfq.cloudfront.net\/2022\/01\/13184753\/esquema-2-2.png\" alt=\"Exemplo de c\u00e1lculo da M\u00e9dia\" class=\"wp-image-947053\" srcset=\"https:\/\/dhg1h5j42swfq.cloudfront.net\/2022\/01\/13184753\/esquema-2-2.png 680w, https:\/\/dhg1h5j42swfq.cloudfront.net\/2022\/01\/13184753\/esquema-2-2-300x34.png 300w, https:\/\/dhg1h5j42swfq.cloudfront.net\/2022\/01\/13184753\/esquema-2-2-610x68.png 610w\" sizes=\"auto, (max-width: 680px) 100vw, 680px\" \/><figcaption>Exemplo de c\u00e1lculo da M\u00e9dia<\/figcaption><\/figure><\/div>\n\n\n\n<p>A m\u00e9dia dos sal\u00e1rios \u00e9 igual a R$3.070,00. Por\u00e9m, ao analisar os dados brutos, nota-se que essa m\u00e9dia pode n\u00e3o ser o melhor valor para refletir o sal\u00e1rio t\u00edpico de um trabalhador desse grupo, pois a maioria tem sal\u00e1rios na faixa entre R$1.200,00 e R$1.800,00.<\/p>\n\n\n\n<h4 class=\"wp-block-heading\" id=\"h-mediana-estatistica-descritiva-para-a-sefaz-pa\">Mediana &#8211;  Estat\u00edstica Descritiva para a SEFAZ-PA <\/h4>\n\n\n\n<p>A Mediana \u00e9 o ponto que divide todos os dados em duas metades iguais. Dessa forma, metade dos valores ser\u00e1 menor do que a Mediana, e a outra metade ser\u00e1 maior. Para calcular a Mediana, \u00e9 necess\u00e1rio primeiramente ordenar os dados.<\/p>\n\n\n\n<ul class=\"wp-block-list\"><li>Se o n\u00famero de observa\u00e7\u00f5es for <strong>\u00edmpar<\/strong>, a Mediana \u00e9 dada pelo ponto que estiver no centro dos dados ordenados;<\/li><\/ul>\n\n\n\n<div class=\"wp-block-image\"><figure class=\"aligncenter size-full is-resized\"><img loading=\"lazy\" decoding=\"async\" src=\"https:\/\/dhg1h5j42swfq.cloudfront.net\/2022\/01\/13184949\/mediana-1.png\" alt=\"Exemplo 1 de Mediana - Estat\u00edstica Descritiva para a SEFAZ-PA\" class=\"wp-image-947055\" width=\"673\" height=\"134\" srcset=\"https:\/\/dhg1h5j42swfq.cloudfront.net\/2022\/01\/13184949\/mediana-1.png 723w, https:\/\/dhg1h5j42swfq.cloudfront.net\/2022\/01\/13184949\/mediana-1-300x60.png 300w, https:\/\/dhg1h5j42swfq.cloudfront.net\/2022\/01\/13184949\/mediana-1-610x121.png 610w\" sizes=\"auto, (max-width: 673px) 100vw, 673px\" \/><figcaption>Exemplo 1 de Mediana<\/figcaption><\/figure><\/div>\n\n\n\n<ul class=\"wp-block-list\"><li>Se o n\u00famero de observa\u00e7\u00f5es for <strong>par<\/strong>, a Mediana \u00e9 dada pela m\u00e9dia das duas observa\u00e7\u00f5es centrais dos dados ordenados.<\/li><\/ul>\n\n\n\n<div class=\"wp-block-image\"><figure class=\"aligncenter size-full is-resized\"><img loading=\"lazy\" decoding=\"async\" src=\"https:\/\/dhg1h5j42swfq.cloudfront.net\/2022\/01\/13185007\/mediana-2.png\" alt=\"Exemplo 2 de Mediana - Estat\u00edstica Descritiva para a SEFAZ-PA\" class=\"wp-image-947056\" width=\"627\" height=\"142\" srcset=\"https:\/\/dhg1h5j42swfq.cloudfront.net\/2022\/01\/13185007\/mediana-2.png 657w, https:\/\/dhg1h5j42swfq.cloudfront.net\/2022\/01\/13185007\/mediana-2-300x68.png 300w, https:\/\/dhg1h5j42swfq.cloudfront.net\/2022\/01\/13185007\/mediana-2-610x138.png 610w\" sizes=\"auto, (max-width: 627px) 100vw, 627px\" \/><figcaption> Exemplo 2 de Mediana <\/figcaption><\/figure><\/div>\n\n\n\n<p>Um ponto de aten\u00e7\u00e3o \u00e9 que a mediana \u00e9 menos afetada por <em>outliers<\/em> e dados distorcidos, j\u00e1 que esses ficam situados nos extremos e, assim, n\u00e3o entram no c\u00e1lculo da mediana.<\/p>\n\n\n\n<h4 class=\"wp-block-heading\" id=\"h-moda-estatistica-descritiva-para-a-sefaz-pa\">Moda &#8211; Estat\u00edstica Descritiva para a SEFAZ-PA <\/h4>\n\n\n\n<p>Moda \u00e9 o n\u00famero mais frequente no conjunto de dados, ou, em outras palavras, \u00e9 aquele que mais aparece. Um conjunto de dados pode possuir uma ou mais modas:<\/p>\n\n\n\n<ul class=\"wp-block-list\"><li>Se existe apenas um n\u00famero que apare\u00e7a o m\u00e1ximo de vezes, o conjunto de dados possui apenas uma moda, sendo denominado <strong>unimodal<\/strong>;<\/li><li>Se existem dois n\u00fameros que s\u00e3o igualmente mais frequentes, os dados possuem duas modas, e o conjunto \u00e9 denominado <strong>bimodal<\/strong>;<\/li><li>Se existem mais de dois n\u00fameros que possuem a frequ\u00eancia m\u00e1xima, os dados possuem mais do que duas modas, e o conjunto \u00e9 chamado <strong>multimodal<\/strong>.<\/li><\/ul>\n\n\n\n<p>\u00c9 poss\u00edvel tamb\u00e9m que uma sequ\u00eancia n\u00e3o possua Moda, caso nenhum valor se repita mais frequentemente do que os demais.<\/p>\n\n\n\n<h3 class=\"wp-block-heading\" id=\"h-medidas-de-variabilidade\">Medidas de variabilidade<\/h3>\n\n\n\n<h4 class=\"wp-block-heading\" id=\"h-desvio-absoluto-medio-estatistica-descritiva-para-a-sefaz-pa\">Desvio Absoluto M\u00e9dio &#8211;  Estat\u00edstica Descritiva para a SEFAZ-PA <\/h4>\n\n\n\n<p>O Desvio Absoluto M\u00e9dio corresponde a uma m\u00e9dia das dist\u00e2ncias de cada observa\u00e7\u00e3o com rela\u00e7\u00e3o \u00e0 M\u00e9dia. Assim, para calcul\u00e1-lo, primeiramente determina-se o quanto cada ponto est\u00e1 afastado da M\u00e9dia; depois, basta somar esses valores e dividir pelo total de pontos do conjunto de dados.<\/p>\n\n\n\n<div class=\"wp-block-image\"><figure class=\"aligncenter size-full is-resized\"><img loading=\"lazy\" decoding=\"async\" src=\"https:\/\/dhg1h5j42swfq.cloudfront.net\/2022\/01\/13185242\/dam.png\" alt=\"F\u00f3mula geral do Desvio Absoluto M\u00e9dio\" class=\"wp-image-947057\" width=\"681\" height=\"70\" srcset=\"https:\/\/dhg1h5j42swfq.cloudfront.net\/2022\/01\/13185242\/dam.png 767w, https:\/\/dhg1h5j42swfq.cloudfront.net\/2022\/01\/13185242\/dam-300x31.png 300w, https:\/\/dhg1h5j42swfq.cloudfront.net\/2022\/01\/13185242\/dam-610x63.png 610w\" sizes=\"auto, (max-width: 681px) 100vw, 681px\" \/><figcaption>F\u00f3rmula geral do Desvio Absoluto M\u00e9dio<\/figcaption><\/figure><\/div>\n\n\n\n<h4 class=\"wp-block-heading\" id=\"h-desvio-padrao-e-variancia-estatistica-descritiva-para-a-sefaz-pa\">Desvio Padr\u00e3o e Vari\u00e2ncia &#8211;  Estat\u00edstica Descritiva para a SEFAZ-PA <\/h4>\n\n\n\n<p>O Desvio Padr\u00e3o mede o qu\u00e3o os pontos de uma sequ\u00eancia de dados est\u00e3o distantes, ou espalhados, da M\u00e9dia. Dessa forma, um Desvio Padr\u00e3o alto indica que os pontos est\u00e3o muito espalhados, enquanto um Desvio Padr\u00e3o pequeno indica que os pontos est\u00e3o mais pr\u00f3ximos da M\u00e9dia do conjunto.<\/p>\n\n\n\n<p>Para obter o Desvio Padr\u00e3o deve-se, inicialmente, calcular as dist\u00e2ncias de cada um dos pontos \u00e0 M\u00e9dia \u2013 at\u00e9 aqui, exatamente o que \u00e9 feito para o c\u00e1lculo do Desvio Absoluto. Em seguida, \u00e9 necess\u00e1rio tamb\u00e9m elevar ao quadrado cada uma dessas dist\u00e2ncias.<\/p>\n\n\n\n<p>Esse procedimento confere um peso especial \u00e0 exist\u00eancia de valores mais distantes da M\u00e9dia, j\u00e1 que, ao multiplicar a dist\u00e2ncia por ela mesma, as dist\u00e2ncias maiores ter\u00e3o maior impacto no c\u00e1lculo final.<\/p>\n\n\n\n<p>Ao somar todas essas dist\u00e2ncias elevadas ao quadrado e dividir pelo n\u00famero de observa\u00e7\u00f5es, chega-se a uma medida denominada Vari\u00e2ncia. Essa medida \u00e9 menos usada na Estat\u00edstica Descritiva, pois, ao utilizar valores elevados ao quadrado, sua escala de grandeza difere daquela dos valores do conjunto de dados.<\/p>\n\n\n\n<p>Portanto, para que o Desvio Padr\u00e3o seja compar\u00e1vel aos demais valores da sequ\u00eancia que est\u00e1 sendo analisada, o \u00faltimo passo do seu c\u00e1lculo \u00e9 obter a raiz quadrada da Vari\u00e2ncia.<\/p>\n\n\n\n<div class=\"wp-block-image\"><figure class=\"aligncenter size-full\"><img loading=\"lazy\" decoding=\"async\" width=\"305\" height=\"54\" src=\"https:\/\/dhg1h5j42swfq.cloudfront.net\/2022\/01\/13185439\/variancia.png\" alt=\"Desvio Padr\u00e3o e Vari\u00e2ncia\" class=\"wp-image-947058\" srcset=\"https:\/\/dhg1h5j42swfq.cloudfront.net\/2022\/01\/13185439\/variancia.png 305w, https:\/\/dhg1h5j42swfq.cloudfront.net\/2022\/01\/13185439\/variancia-300x53.png 300w\" sizes=\"auto, (max-width: 305px) 100vw, 305px\" \/><figcaption>Desvio Padr\u00e3o e Vari\u00e2ncia<\/figcaption><\/figure><\/div>\n\n\n\n<h4 class=\"wp-block-heading\" id=\"h-quartis-estatistica-descritiva-para-a-sefaz-pa\">Quartis &#8211; Estat\u00edstica Descritiva para a SEFAZ-PA <\/h4>\n\n\n\n<p>Quartis s\u00e3o pontos que dividem o conjunto de dados em quatro partes iguais. Assim, sendo Q<sub>1<\/sub>, Q<sub>2 <\/sub>e Q<sub>3<\/sub>, respectivamente, o primeiro, o segundo e o terceiro quartil do conjunto:<\/p>\n\n\n\n<ul class=\"wp-block-list\"><li>25% dos pontos do conjunto est\u00e3o abaixo de Q<sub>1<\/sub> e 75% est\u00e3o acima dele;<\/li><li>50% dos pontos do conjunto est\u00e3o abaixo de Q<sub>2<\/sub> e 50% est\u00e3o acima dele \u2013 sim, Q<sub>2<\/sub> \u00e9 a Mediana!<\/li><li>75% dos pontos do conjunto est\u00e3o abaixo de Q<sub>3<\/sub> e 25% est\u00e3o acima dele.<\/li><\/ul>\n\n\n\n<p>A dist\u00e2ncia entre Q1 e Q3 chama-se <strong>Dist\u00e2ncia Interquartil<\/strong>.<\/p>\n\n\n\n<div class=\"wp-block-image\"><figure class=\"aligncenter size-full is-resized\"><img loading=\"lazy\" decoding=\"async\" src=\"https:\/\/dhg1h5j42swfq.cloudfront.net\/2022\/01\/13185541\/quartil.png\" alt=\"Quartil\" class=\"wp-image-947059\" width=\"362\" height=\"194\" srcset=\"https:\/\/dhg1h5j42swfq.cloudfront.net\/2022\/01\/13185541\/quartil.png 432w, https:\/\/dhg1h5j42swfq.cloudfront.net\/2022\/01\/13185541\/quartil-300x161.png 300w\" sizes=\"auto, (max-width: 362px) 100vw, 362px\" \/><figcaption>Quartil<\/figcaption><\/figure><\/div>\n\n\n\n<h3 class=\"wp-block-heading\" id=\"h-graficos-estatistica-descritiva-para-a-sefaz-pa\">Gr\u00e1ficos &#8211; Estat\u00edstica Descritiva para a SEFAZ-PA<\/h3>\n\n\n\n<p>Como j\u00e1 discutido, a Estat\u00edstica Descritiva trata de <strong>descrever<\/strong> os dados para melhor compreend\u00ea-los. Um t\u00edpico fluxo do processo de an\u00e1lise de um conjunto de dados consiste, inicialmente, na avalia\u00e7\u00e3o das medidas de tend\u00eancia central e de variabilidade. Ap\u00f3s essa primeira ideia geral, \u00e9 importante <strong>visualizar<\/strong> os dados, utilizando <strong>gr\u00e1ficos<\/strong>.<\/p>\n\n\n\n<p>Selecionar o gr\u00e1fico mais apropriado n\u00e3o \u00e9 uma tarefa t\u00e3o \u00f3bvia ou pragm\u00e1tica. Existem literalmente dezenas de op\u00e7\u00f5es, e a melhor escolha depende do tipo de dado que est\u00e1 sendo analisado e do que se deseja descobrir a partir dele. Muitas vezes, a experi\u00eancia da pessoa que conhece bem o contexto do qual os dados foram coletados \u00e9 imprescind\u00edvel.<\/p>\n\n\n\n<p>No entanto, o conhecimento do <strong>tipo de vari\u00e1vel<\/strong> em estudo facilita essa escolha. Existem dois principais tipos de vari\u00e1veis:<\/p>\n\n\n\n<ul class=\"wp-block-list\"><li><strong>Vari\u00e1veis categ\u00f3ricas<\/strong>: tamb\u00e9m s\u00e3o chamadas de <em>atributos<\/em>, <em>qualidades<\/em>, <em>dimens\u00f5es<\/em> ou vari\u00e1veis <em>qualitativas<\/em>. Normalmente decorrem de <strong>classifica\u00e7\u00f5es<\/strong> associadas aos objetos analisados.<\/li><li><strong>Vari\u00e1veis quantitativas<\/strong>: podem ser chamadas de <em>medidas<\/em> e apresentam valores <strong>num\u00e9ricos<\/strong>.<\/li><\/ul>\n\n\n\n<p>Uma \u00fanica vari\u00e1vel categ\u00f3rica \u00e9 geralmente representada por um <strong>gr\u00e1fico de barras<\/strong>.<\/p>\n\n\n\n<div class=\"wp-block-image\"><figure class=\"aligncenter size-full\"><img loading=\"lazy\" decoding=\"async\" width=\"443\" height=\"329\" src=\"https:\/\/dhg1h5j42swfq.cloudfront.net\/2022\/01\/13185944\/graf.png\" alt=\"Gr\u00e1fico de Barras\" class=\"wp-image-947065\" srcset=\"https:\/\/dhg1h5j42swfq.cloudfront.net\/2022\/01\/13185944\/graf.png 443w, https:\/\/dhg1h5j42swfq.cloudfront.net\/2022\/01\/13185944\/graf-300x223.png 300w\" sizes=\"auto, (max-width: 443px) 100vw, 443px\" \/><figcaption>Gr\u00e1fico de Barras<\/figcaption><\/figure><\/div>\n\n\n\n<p>Uma \u00fanica vari\u00e1vel num\u00e9rica pode ser visualizada com um histograma.<\/p>\n\n\n\n<div class=\"wp-block-image\"><figure class=\"aligncenter size-full\"><img loading=\"lazy\" decoding=\"async\" width=\"491\" height=\"297\" src=\"https:\/\/dhg1h5j42swfq.cloudfront.net\/2022\/01\/13185804\/histograma.png\" alt=\"Histograma\" class=\"wp-image-947062\" srcset=\"https:\/\/dhg1h5j42swfq.cloudfront.net\/2022\/01\/13185804\/histograma.png 491w, https:\/\/dhg1h5j42swfq.cloudfront.net\/2022\/01\/13185804\/histograma-300x181.png 300w\" sizes=\"auto, (max-width: 491px) 100vw, 491px\" \/><figcaption>Histograma<\/figcaption><\/figure><\/div>\n\n\n\n<p>Para duas vari\u00e1veis num\u00e9ricas, \u00e9 interessante utilizar um gr\u00e1fico de dispers\u00e3o.<\/p>\n\n\n\n<div class=\"wp-block-image\"><figure class=\"aligncenter size-full\"><img loading=\"lazy\" decoding=\"async\" width=\"489\" height=\"296\" src=\"https:\/\/dhg1h5j42swfq.cloudfront.net\/2022\/01\/13185835\/dispersao.png\" alt=\"\" class=\"wp-image-947063\" srcset=\"https:\/\/dhg1h5j42swfq.cloudfront.net\/2022\/01\/13185835\/dispersao.png 489w, https:\/\/dhg1h5j42swfq.cloudfront.net\/2022\/01\/13185835\/dispersao-300x182.png 300w\" sizes=\"auto, (max-width: 489px) 100vw, 489px\" \/><figcaption>Gr\u00e1fico de Dispers\u00e3o<\/figcaption><\/figure><\/div>\n\n\n\n<p>E assim finalizamos mais um artigo! Bons estudos e at\u00e9 a pr\u00f3xima!<\/p>\n\n\n\n<p>Lara Dourado<\/p>\n\n\n\n<h2 class=\"has-text-align-center wp-block-heading\" id=\"h-quer-saber-tudo-sobre-os-concursos-previstos\">Quer saber tudo sobre os concursos previstos? <\/h2>\n\n\n\n<h2 class=\"has-text-align-center wp-block-heading\">Confira nossos artigos!<\/h2>\n\n\n\n<p class=\"has-text-align-center has-luminous-vivid-orange-color has-vivid-purple-background-color has-text-color has-background\"><strong><a href=\"https:\/\/www.estrategiaconcursos.com.br\/blog\/concursos-abertos\/#concursos-fiscais\" target=\"_blank\" rel=\"noreferrer noopener\">Concursos abertos<\/a><\/strong><\/p>\n\n\n\n<p class=\"has-text-align-center has-luminous-vivid-orange-color has-vivid-purple-background-color has-text-color has-background\"><strong><a href=\"https:\/\/www.estrategiaconcursos.com.br\/blog\/concursos-2022\/\" target=\"_blank\" rel=\"noreferrer noopener\">Concursos 2022<\/a><\/strong><\/p>\n\n\n\n<div class=\"container\" id=\"boxes\">\n  <div class=\"row\">\n    <div class=\"col-sm\">\n      <div class=\"estrategia\" id=\"box-assinatura\">\n        <h3 class=\"titulo-assinatura\">Assinatura de Concursos<\/h3>\n        <p class=\"subtitulo-assinatura\">Assinatura de 1 ano ou 2 anos<\/p>\n        <div class=\"box-botao\">\n          <a class=\"btn-assinatura\" target=\"_blank\" href=\"https:\/\/www.estrategiaconcursos.com.br\/assinaturas\/\" role=\"button\" rel=\"noopener noreferrer\">ASSINE AGORA<\/a>\n        <\/div>\n      <\/div>\n     <\/div><\/div><\/div>\n","protected":false},"excerpt":{"rendered":"<p>Revise, nessa reta final, os principais t\u00f3picos cobrados no Edital, relacionados \u00e0 Estat\u00edstica Descritiva, para o concurso da SEFAZ-PA. Ol\u00e1, pessoal! O edital da SEFA PA (Secretaria do Estado da Fazenda do Par\u00e1) \u00e9 mais uma grande oportunidade para a \u00e1rea fiscal! Nesse momento de reta final, cada detalhe pode fazer a diferen\u00e7a rumo \u00e0 [&hellip;]<\/p>\n","protected":false},"author":2031,"featured_media":91282,"comment_status":"open","ping_status":"closed","sticky":false,"template":"","format":"standard","meta":{"post_tipo":"article","footnotes":""},"categories":[1,1983],"tags":[],"tax_estado":[219977],"class_list":["post-945724","post","type-post","status-publish","format-standard","has-post-thumbnail","hentry","category-cursos-e-concursos","category-fiscal-estadual","tax_estado-pa"],"acf":[],"yoast_head":"<!-- This site is optimized with the Yoast SEO Premium plugin v27.2 (Yoast SEO v27.2) - https:\/\/yoast.com\/product\/yoast-seo-premium-wordpress\/ -->\n<title>Estat\u00edstica Descritiva para a SEFAZ-PA<\/title>\n<meta name=\"description\" content=\"Revise, nessa reta final, os principais t\u00f3picos cobrados no Edital, relacionados \u00e0 Estat\u00edstica Descritiva, para o concurso da SEFAZ-PA.\" \/>\n<meta name=\"robots\" content=\"index, follow, max-snippet:-1, max-image-preview:large, max-video-preview:-1\" \/>\n<link rel=\"canonical\" href=\"https:\/\/www.estrategiaconcursos.com.br\/blog\/estatistica-descritiva-sefaz-pa\/\" \/>\n<meta property=\"og:locale\" content=\"pt_BR\" \/>\n<meta property=\"og:type\" content=\"article\" \/>\n<meta property=\"og:title\" content=\"Estat\u00edstica Descritiva para a SEFAZ-PA\" \/>\n<meta property=\"og:description\" content=\"Revise, nessa reta final, os principais t\u00f3picos cobrados no Edital, relacionados \u00e0 Estat\u00edstica Descritiva, para o concurso da SEFAZ-PA.\" \/>\n<meta property=\"og:url\" content=\"https:\/\/www.estrategiaconcursos.com.br\/blog\/estatistica-descritiva-sefaz-pa\/\" \/>\n<meta property=\"og:site_name\" content=\"Estrat\u00e9gia Concursos\" \/>\n<meta property=\"article:published_time\" content=\"2022-01-19T12:17:00+00:00\" \/>\n<meta property=\"og:image\" content=\"https:\/\/dhg1h5j42swfq.cloudfront.net\/2017\/10\/03144223\/estatistica.png\" \/>\n\t<meta property=\"og:image:width\" content=\"294\" \/>\n\t<meta property=\"og:image:height\" content=\"293\" \/>\n\t<meta property=\"og:image:type\" content=\"image\/png\" \/>\n<meta name=\"author\" content=\"Lara Dourado Vasconcelos Nascimento\" \/>\n<meta name=\"twitter:card\" content=\"summary_large_image\" \/>\n<meta name=\"twitter:creator\" content=\"@EstratConcursos\" \/>\n<meta name=\"twitter:site\" content=\"@EstratConcursos\" \/>\n<meta name=\"twitter:label1\" content=\"Escrito por\" \/>\n\t<meta name=\"twitter:data1\" content=\"Lara Dourado Vasconcelos Nascimento\" \/>\n\t<meta name=\"twitter:label2\" content=\"Est. tempo de leitura\" \/>\n\t<meta name=\"twitter:data2\" content=\"12 minutos\" \/>\n<script type=\"application\/ld+json\" class=\"yoast-schema-graph\">{\"@context\":\"https:\/\/schema.org\",\"@graph\":[{\"@type\":\"NewsArticle\",\"@id\":\"https:\/\/www.estrategiaconcursos.com.br\/blog\/estatistica-descritiva-sefaz-pa\/#article\",\"isPartOf\":{\"@id\":\"https:\/\/www.estrategiaconcursos.com.br\/blog\/estatistica-descritiva-sefaz-pa\/\"},\"author\":{\"name\":\"Lara Dourado Vasconcelos Nascimento\",\"@id\":\"https:\/\/www.estrategiaconcursos.com.br\/blog\/#\/schema\/person\/ed942c42839b8accae96508abec7504a\"},\"headline\":\"Estat\u00edstica Descritiva para a SEFAZ-PA\",\"datePublished\":\"2022-01-19T12:17:00+00:00\",\"mainEntityOfPage\":{\"@id\":\"https:\/\/www.estrategiaconcursos.com.br\/blog\/estatistica-descritiva-sefaz-pa\/\"},\"wordCount\":2016,\"commentCount\":0,\"publisher\":{\"@id\":\"https:\/\/www.estrategiaconcursos.com.br\/blog\/#organization\"},\"image\":{\"@id\":\"https:\/\/www.estrategiaconcursos.com.br\/blog\/estatistica-descritiva-sefaz-pa\/#primaryimage\"},\"thumbnailUrl\":\"https:\/\/dhg1h5j42swfq.cloudfront.net\/2017\/10\/03144223\/estatistica.png\",\"articleSection\":[\"Concursos P\u00fablicos\",\"Fiscal - Estadual (ICMS)\"],\"inLanguage\":\"pt-BR\",\"potentialAction\":[{\"@type\":\"CommentAction\",\"name\":\"Comment\",\"target\":[\"https:\/\/www.estrategiaconcursos.com.br\/blog\/estatistica-descritiva-sefaz-pa\/#respond\"]}],\"copyrightYear\":\"2022\",\"copyrightHolder\":{\"@id\":\"https:\/\/www.estrategiaconcursos.com.br\/blog\/#organization\"}},{\"@type\":\"WebPage\",\"@id\":\"https:\/\/www.estrategiaconcursos.com.br\/blog\/estatistica-descritiva-sefaz-pa\/\",\"url\":\"https:\/\/www.estrategiaconcursos.com.br\/blog\/estatistica-descritiva-sefaz-pa\/\",\"name\":\"Estat\u00edstica Descritiva para a SEFAZ-PA\",\"isPartOf\":{\"@id\":\"https:\/\/www.estrategiaconcursos.com.br\/blog\/#website\"},\"primaryImageOfPage\":{\"@id\":\"https:\/\/www.estrategiaconcursos.com.br\/blog\/estatistica-descritiva-sefaz-pa\/#primaryimage\"},\"image\":{\"@id\":\"https:\/\/www.estrategiaconcursos.com.br\/blog\/estatistica-descritiva-sefaz-pa\/#primaryimage\"},\"thumbnailUrl\":\"https:\/\/dhg1h5j42swfq.cloudfront.net\/2017\/10\/03144223\/estatistica.png\",\"datePublished\":\"2022-01-19T12:17:00+00:00\",\"description\":\"Revise, nessa reta final, os principais t\u00f3picos cobrados no Edital, relacionados \u00e0 Estat\u00edstica Descritiva, para o concurso da SEFAZ-PA.\",\"breadcrumb\":{\"@id\":\"https:\/\/www.estrategiaconcursos.com.br\/blog\/estatistica-descritiva-sefaz-pa\/#breadcrumb\"},\"inLanguage\":\"pt-BR\",\"potentialAction\":[{\"@type\":\"ReadAction\",\"target\":[\"https:\/\/www.estrategiaconcursos.com.br\/blog\/estatistica-descritiva-sefaz-pa\/\"]}]},{\"@type\":\"ImageObject\",\"inLanguage\":\"pt-BR\",\"@id\":\"https:\/\/www.estrategiaconcursos.com.br\/blog\/estatistica-descritiva-sefaz-pa\/#primaryimage\",\"url\":\"https:\/\/dhg1h5j42swfq.cloudfront.net\/2017\/10\/03144223\/estatistica.png\",\"contentUrl\":\"https:\/\/dhg1h5j42swfq.cloudfront.net\/2017\/10\/03144223\/estatistica.png\",\"width\":294,\"height\":293},{\"@type\":\"BreadcrumbList\",\"@id\":\"https:\/\/www.estrategiaconcursos.com.br\/blog\/estatistica-descritiva-sefaz-pa\/#breadcrumb\",\"itemListElement\":[{\"@type\":\"ListItem\",\"position\":1,\"name\":\"In\u00edcio\",\"item\":\"https:\/\/www.estrategiaconcursos.com.br\/blog\/\"},{\"@type\":\"ListItem\",\"position\":2,\"name\":\"Estat\u00edstica Descritiva para a SEFAZ-PA\"}]},{\"@type\":\"WebSite\",\"@id\":\"https:\/\/www.estrategiaconcursos.com.br\/blog\/#website\",\"url\":\"https:\/\/www.estrategiaconcursos.com.br\/blog\/\",\"name\":\"Estrat\u00e9gia Concursos\",\"description\":\"O blog da Estrat\u00e9gia Concursos traz not\u00edcias sobre concursos e artigos de professores oferecendo cursos para concursos (pdf + videaulas) no site.\",\"publisher\":{\"@id\":\"https:\/\/www.estrategiaconcursos.com.br\/blog\/#organization\"},\"potentialAction\":[{\"@type\":\"SearchAction\",\"target\":{\"@type\":\"EntryPoint\",\"urlTemplate\":\"https:\/\/www.estrategiaconcursos.com.br\/blog\/?s={search_term_string}\"},\"query-input\":{\"@type\":\"PropertyValueSpecification\",\"valueRequired\":true,\"valueName\":\"search_term_string\"}}],\"inLanguage\":\"pt-BR\"},{\"@type\":\"Organization\",\"@id\":\"https:\/\/www.estrategiaconcursos.com.br\/blog\/#organization\",\"name\":\"Estrat\u00e9gia Concursos\",\"url\":\"https:\/\/www.estrategiaconcursos.com.br\/blog\/\",\"logo\":{\"@type\":\"ImageObject\",\"inLanguage\":\"pt-BR\",\"@id\":\"https:\/\/www.estrategiaconcursos.com.br\/blog\/#\/schema\/logo\/image\/\",\"url\":\"https:\/\/dhg1h5j42swfq.cloudfront.net\/2025\/06\/03203428\/logo_concursos-1.jpg\",\"contentUrl\":\"https:\/\/dhg1h5j42swfq.cloudfront.net\/2025\/06\/03203428\/logo_concursos-1.jpg\",\"width\":230,\"height\":60,\"caption\":\"Estrat\u00e9gia Concursos\"},\"image\":{\"@id\":\"https:\/\/www.estrategiaconcursos.com.br\/blog\/#\/schema\/logo\/image\/\"},\"sameAs\":[\"https:\/\/x.com\/EstratConcursos\"]},{\"@type\":\"Person\",\"@id\":\"https:\/\/www.estrategiaconcursos.com.br\/blog\/#\/schema\/person\/ed942c42839b8accae96508abec7504a\",\"name\":\"Lara Dourado Vasconcelos Nascimento\",\"image\":{\"@type\":\"ImageObject\",\"inLanguage\":\"pt-BR\",\"@id\":\"https:\/\/secure.gravatar.com\/avatar\/9d538f04fca167e02f0f7f690d97a840f4cef43d51983c7a45c635fedaf396e1?s=96&d=mm&r=g\",\"url\":\"https:\/\/secure.gravatar.com\/avatar\/9d538f04fca167e02f0f7f690d97a840f4cef43d51983c7a45c635fedaf396e1?s=96&d=mm&r=g\",\"contentUrl\":\"https:\/\/secure.gravatar.com\/avatar\/9d538f04fca167e02f0f7f690d97a840f4cef43d51983c7a45c635fedaf396e1?s=96&d=mm&r=g\",\"caption\":\"Lara Dourado Vasconcelos Nascimento\"},\"url\":\"https:\/\/www.estrategiaconcursos.com.br\/blog\/author\/laradvascgmail-com\/\"}]}<\/script>\n<!-- \/ Yoast SEO Premium plugin. -->","yoast_head_json":{"title":"Estat\u00edstica Descritiva para a SEFAZ-PA","description":"Revise, nessa reta final, os principais t\u00f3picos cobrados no Edital, relacionados \u00e0 Estat\u00edstica Descritiva, para o concurso da SEFAZ-PA.","robots":{"index":"index","follow":"follow","max-snippet":"max-snippet:-1","max-image-preview":"max-image-preview:large","max-video-preview":"max-video-preview:-1"},"canonical":"https:\/\/www.estrategiaconcursos.com.br\/blog\/estatistica-descritiva-sefaz-pa\/","og_locale":"pt_BR","og_type":"article","og_title":"Estat\u00edstica Descritiva para a SEFAZ-PA","og_description":"Revise, nessa reta final, os principais t\u00f3picos cobrados no Edital, relacionados \u00e0 Estat\u00edstica Descritiva, para o concurso da SEFAZ-PA.","og_url":"https:\/\/www.estrategiaconcursos.com.br\/blog\/estatistica-descritiva-sefaz-pa\/","og_site_name":"Estrat\u00e9gia Concursos","article_published_time":"2022-01-19T12:17:00+00:00","og_image":[{"width":294,"height":293,"url":"https:\/\/dhg1h5j42swfq.cloudfront.net\/2017\/10\/03144223\/estatistica.png","type":"image\/png"}],"author":"Lara Dourado Vasconcelos Nascimento","twitter_card":"summary_large_image","twitter_creator":"@EstratConcursos","twitter_site":"@EstratConcursos","twitter_misc":{"Escrito por":"Lara Dourado Vasconcelos Nascimento","Est. tempo de leitura":"12 minutos"},"schema":{"@context":"https:\/\/schema.org","@graph":[{"@type":"NewsArticle","@id":"https:\/\/www.estrategiaconcursos.com.br\/blog\/estatistica-descritiva-sefaz-pa\/#article","isPartOf":{"@id":"https:\/\/www.estrategiaconcursos.com.br\/blog\/estatistica-descritiva-sefaz-pa\/"},"author":{"name":"Lara Dourado Vasconcelos Nascimento","@id":"https:\/\/www.estrategiaconcursos.com.br\/blog\/#\/schema\/person\/ed942c42839b8accae96508abec7504a"},"headline":"Estat\u00edstica Descritiva para a SEFAZ-PA","datePublished":"2022-01-19T12:17:00+00:00","mainEntityOfPage":{"@id":"https:\/\/www.estrategiaconcursos.com.br\/blog\/estatistica-descritiva-sefaz-pa\/"},"wordCount":2016,"commentCount":0,"publisher":{"@id":"https:\/\/www.estrategiaconcursos.com.br\/blog\/#organization"},"image":{"@id":"https:\/\/www.estrategiaconcursos.com.br\/blog\/estatistica-descritiva-sefaz-pa\/#primaryimage"},"thumbnailUrl":"https:\/\/dhg1h5j42swfq.cloudfront.net\/2017\/10\/03144223\/estatistica.png","articleSection":["Concursos P\u00fablicos","Fiscal - Estadual (ICMS)"],"inLanguage":"pt-BR","potentialAction":[{"@type":"CommentAction","name":"Comment","target":["https:\/\/www.estrategiaconcursos.com.br\/blog\/estatistica-descritiva-sefaz-pa\/#respond"]}],"copyrightYear":"2022","copyrightHolder":{"@id":"https:\/\/www.estrategiaconcursos.com.br\/blog\/#organization"}},{"@type":"WebPage","@id":"https:\/\/www.estrategiaconcursos.com.br\/blog\/estatistica-descritiva-sefaz-pa\/","url":"https:\/\/www.estrategiaconcursos.com.br\/blog\/estatistica-descritiva-sefaz-pa\/","name":"Estat\u00edstica Descritiva para a SEFAZ-PA","isPartOf":{"@id":"https:\/\/www.estrategiaconcursos.com.br\/blog\/#website"},"primaryImageOfPage":{"@id":"https:\/\/www.estrategiaconcursos.com.br\/blog\/estatistica-descritiva-sefaz-pa\/#primaryimage"},"image":{"@id":"https:\/\/www.estrategiaconcursos.com.br\/blog\/estatistica-descritiva-sefaz-pa\/#primaryimage"},"thumbnailUrl":"https:\/\/dhg1h5j42swfq.cloudfront.net\/2017\/10\/03144223\/estatistica.png","datePublished":"2022-01-19T12:17:00+00:00","description":"Revise, nessa reta final, os principais t\u00f3picos cobrados no Edital, relacionados \u00e0 Estat\u00edstica Descritiva, para o concurso da SEFAZ-PA.","breadcrumb":{"@id":"https:\/\/www.estrategiaconcursos.com.br\/blog\/estatistica-descritiva-sefaz-pa\/#breadcrumb"},"inLanguage":"pt-BR","potentialAction":[{"@type":"ReadAction","target":["https:\/\/www.estrategiaconcursos.com.br\/blog\/estatistica-descritiva-sefaz-pa\/"]}]},{"@type":"ImageObject","inLanguage":"pt-BR","@id":"https:\/\/www.estrategiaconcursos.com.br\/blog\/estatistica-descritiva-sefaz-pa\/#primaryimage","url":"https:\/\/dhg1h5j42swfq.cloudfront.net\/2017\/10\/03144223\/estatistica.png","contentUrl":"https:\/\/dhg1h5j42swfq.cloudfront.net\/2017\/10\/03144223\/estatistica.png","width":294,"height":293},{"@type":"BreadcrumbList","@id":"https:\/\/www.estrategiaconcursos.com.br\/blog\/estatistica-descritiva-sefaz-pa\/#breadcrumb","itemListElement":[{"@type":"ListItem","position":1,"name":"In\u00edcio","item":"https:\/\/www.estrategiaconcursos.com.br\/blog\/"},{"@type":"ListItem","position":2,"name":"Estat\u00edstica Descritiva para a SEFAZ-PA"}]},{"@type":"WebSite","@id":"https:\/\/www.estrategiaconcursos.com.br\/blog\/#website","url":"https:\/\/www.estrategiaconcursos.com.br\/blog\/","name":"Estrat\u00e9gia Concursos","description":"O blog da Estrat\u00e9gia Concursos traz not\u00edcias sobre concursos e artigos de professores oferecendo cursos para concursos (pdf + videaulas) no site.","publisher":{"@id":"https:\/\/www.estrategiaconcursos.com.br\/blog\/#organization"},"potentialAction":[{"@type":"SearchAction","target":{"@type":"EntryPoint","urlTemplate":"https:\/\/www.estrategiaconcursos.com.br\/blog\/?s={search_term_string}"},"query-input":{"@type":"PropertyValueSpecification","valueRequired":true,"valueName":"search_term_string"}}],"inLanguage":"pt-BR"},{"@type":"Organization","@id":"https:\/\/www.estrategiaconcursos.com.br\/blog\/#organization","name":"Estrat\u00e9gia Concursos","url":"https:\/\/www.estrategiaconcursos.com.br\/blog\/","logo":{"@type":"ImageObject","inLanguage":"pt-BR","@id":"https:\/\/www.estrategiaconcursos.com.br\/blog\/#\/schema\/logo\/image\/","url":"https:\/\/dhg1h5j42swfq.cloudfront.net\/2025\/06\/03203428\/logo_concursos-1.jpg","contentUrl":"https:\/\/dhg1h5j42swfq.cloudfront.net\/2025\/06\/03203428\/logo_concursos-1.jpg","width":230,"height":60,"caption":"Estrat\u00e9gia Concursos"},"image":{"@id":"https:\/\/www.estrategiaconcursos.com.br\/blog\/#\/schema\/logo\/image\/"},"sameAs":["https:\/\/x.com\/EstratConcursos"]},{"@type":"Person","@id":"https:\/\/www.estrategiaconcursos.com.br\/blog\/#\/schema\/person\/ed942c42839b8accae96508abec7504a","name":"Lara Dourado Vasconcelos Nascimento","image":{"@type":"ImageObject","inLanguage":"pt-BR","@id":"https:\/\/secure.gravatar.com\/avatar\/9d538f04fca167e02f0f7f690d97a840f4cef43d51983c7a45c635fedaf396e1?s=96&d=mm&r=g","url":"https:\/\/secure.gravatar.com\/avatar\/9d538f04fca167e02f0f7f690d97a840f4cef43d51983c7a45c635fedaf396e1?s=96&d=mm&r=g","contentUrl":"https:\/\/secure.gravatar.com\/avatar\/9d538f04fca167e02f0f7f690d97a840f4cef43d51983c7a45c635fedaf396e1?s=96&d=mm&r=g","caption":"Lara Dourado Vasconcelos Nascimento"},"url":"https:\/\/www.estrategiaconcursos.com.br\/blog\/author\/laradvascgmail-com\/"}]}},"_links":{"self":[{"href":"https:\/\/www.estrategiaconcursos.com.br\/blog\/wp-json\/wp\/v2\/posts\/945724","targetHints":{"allow":["GET"]}}],"collection":[{"href":"https:\/\/www.estrategiaconcursos.com.br\/blog\/wp-json\/wp\/v2\/posts"}],"about":[{"href":"https:\/\/www.estrategiaconcursos.com.br\/blog\/wp-json\/wp\/v2\/types\/post"}],"author":[{"embeddable":true,"href":"https:\/\/www.estrategiaconcursos.com.br\/blog\/wp-json\/wp\/v2\/users\/2031"}],"replies":[{"embeddable":true,"href":"https:\/\/www.estrategiaconcursos.com.br\/blog\/wp-json\/wp\/v2\/comments?post=945724"}],"version-history":[{"count":8,"href":"https:\/\/www.estrategiaconcursos.com.br\/blog\/wp-json\/wp\/v2\/posts\/945724\/revisions"}],"predecessor-version":[{"id":947725,"href":"https:\/\/www.estrategiaconcursos.com.br\/blog\/wp-json\/wp\/v2\/posts\/945724\/revisions\/947725"}],"wp:featuredmedia":[{"embeddable":true,"href":"https:\/\/www.estrategiaconcursos.com.br\/blog\/wp-json\/wp\/v2\/media\/91282"}],"wp:attachment":[{"href":"https:\/\/www.estrategiaconcursos.com.br\/blog\/wp-json\/wp\/v2\/media?parent=945724"}],"wp:term":[{"taxonomy":"category","embeddable":true,"href":"https:\/\/www.estrategiaconcursos.com.br\/blog\/wp-json\/wp\/v2\/categories?post=945724"},{"taxonomy":"post_tag","embeddable":true,"href":"https:\/\/www.estrategiaconcursos.com.br\/blog\/wp-json\/wp\/v2\/tags?post=945724"},{"taxonomy":"tax_estado","embeddable":true,"href":"https:\/\/www.estrategiaconcursos.com.br\/blog\/wp-json\/wp\/v2\/tax_estado?post=945724"}],"curies":[{"name":"wp","href":"https:\/\/api.w.org\/{rel}","templated":true}]}}