{"id":945674,"date":"2022-01-12T11:27:00","date_gmt":"2022-01-12T14:27:00","guid":{"rendered":"https:\/\/www.estrategiaconcursos.com.br\/blog\/?p=945674"},"modified":"2022-01-13T23:49:52","modified_gmt":"2022-01-14T02:49:52","slug":"concurso-mp-ro-promotor","status":"publish","type":"post","link":"https:\/\/www.estrategiaconcursos.com.br\/blog\/concurso-mp-ro-promotor\/","title":{"rendered":"Concurso MP RO Promotor: previsto no or\u00e7amento de 2022!"},"content":{"rendered":"\n<p>A Lei Or\u00e7ament\u00e1ria de Rond\u00f4nia, <a href=\"https:\/\/dhg1h5j42swfq.cloudfront.net\/2022\/01\/12010724\/doe-suplementar-11-01-2022-6-128-1.pdf\" target=\"_blank\" rel=\"noreferrer noopener nofollow\">Lei n.\u00ba 5.246 de 10 de janeiro de 2022<\/a>, prev\u00ea o direcionamento de R$ 30.594.165,00  para provimento o Minist\u00e9rio P\u00fablico de Rond\u00f4nia, valor que engloba a realiza\u00e7\u00e3o de concursos p\u00fablicos para<br \/>servidores e membros no \u00f3rg\u00e3o, ou seja, um novo concurso MP RO Promotor neste ano. <\/p>\n\n\n\n<ul id=\"block-ee678516-e9d1-48bd-b327-7b9acd55f0fd\" class=\"has-background wp-block-list\" style=\"background-color:#b0d1e5\"><li><strong>Concurso MP RO Promotor<\/strong><\/li><li><strong>Status:<\/strong>\u00a0previsto para 2022<\/li><li><strong>Banca:\u00a0<\/strong>a definir <\/li><li><strong>Vagas:\u00a0<\/strong>a definir <\/li><li><strong>Sal\u00e1rio inicial:<\/strong>\u00a0R$ 30.839,21<\/li><li><strong>\u00daltimo edital:<\/strong> <strong><a href=\"https:\/\/dhg1h5j42swfq.cloudfront.net\/2021\/12\/21222614\/diario-oficial-do-estado-do-rj-publicacoes-do-mprj-21_12_2021-1.pdf\" target=\"_blank\" rel=\"noreferrer noopener nofollow\"><\/a><a href=\"https:\/\/dhg1h5j42swfq.cloudfront.net\/2017\/06\/12140235\/Edital-Concurso-MP-RO-Promotor.pdf\" target=\"_blank\" rel=\"noreferrer noopener nofollow\">Edital MP RO Promotor 2017<\/a><\/strong><\/li><\/ul>\n\n\n\n<p>Neste artigo voc\u00ea vai ficar por dentro de todas as novidades referentes ao&nbsp;<strong>Concurso MP RO Promotor<\/strong>. Remunera\u00e7\u00e3o, atribui\u00e7\u00f5es e curiosidades. Entre os temas abordados est\u00e3o:<\/p>\n\n\n\n<ul class=\"wp-block-list\" id=\"indice\"><li><strong><a href=\"#atual\">Situa\u00e7\u00e3o atual do concurso<\/a><\/strong><\/li><li><strong><a href=\"#carreira\">Carreira<\/a><\/strong><ul><li><a href=\"#requisitos\">Requisitos<\/a> <\/li><li><a href=\"#atribuicoes\">Atribui\u00e7\u00f5es<\/a><\/li><li><a href=\"#cargos\">Cargos Vagos e Ocupados<\/a><\/li><li><a href=\"#remuneratoria\">Estrutura Remunerat\u00f3ria<\/a><\/li><\/ul><\/li><li><strong><a href=\"#ultimo\">\u00daltimo concurso<\/a><\/strong><ul><li><a href=\"#etapas\">Etapas do \u00faltimo concurso<\/a><\/li><\/ul><\/li><li><strong><a href=\"#curso\">Cursos e Assinaturas<\/a><\/strong><\/li><li><strong><a href=\"#ficha\">Ficha T\u00e9cnica<\/a><\/strong><\/li><\/ul>\n\n\n\n<h2 class=\"wp-block-heading\" id=\"atual\">Concurso MP RO Promotor: situa\u00e7\u00e3o atual<\/h2>\n\n\n\n<p>Encontra-se previsto na lei que define as receitas e fixa as despesas do Estado de Roraima a realiza\u00e7\u00e3o de um novo concurso para membros da carreira de Promotor de Justi\u00e7a. <\/p>\n\n\n\n<h2 class=\"wp-block-heading\" id=\"carreira\">Concurso MP RO Promotor: carreira<\/h2>\n\n\n\n<h3 class=\"wp-block-heading\" id=\"requisitos\">Requisitos <\/h3>\n\n\n\n<p>S\u00e3o requisitos para o ingresso na carreira:<br \/>a) ser brasileiro;<br \/>b) ter conclu\u00eddo o <strong>curso de bacharelado em Direito<\/strong>, em escola oficial reconhecida pelo MEC;<br \/>c) estar quite com o servi\u00e7o militar e com as obriga\u00e7\u00f5es eleitorais;<br \/>d) estar em gozo dos direitos pol\u00edticos;<br \/>e) n\u00e3o registrar antecedentes criminais, mediante certid\u00e3o expedida pelo Poder Judici\u00e1rio dos Estados e da Justi\u00e7a Federal do local em que o candidato tiver residido nos \u00faltimos 5  anos, bem como n\u00e3o possuir puni\u00e7\u00f5es por falta grave no exerc\u00edcio da profiss\u00e3o, cargo ou fun\u00e7\u00e3o;<br \/>f) contar, at\u00e9 a data da posse, com, no m\u00ednimo,<strong> 3 anos de efetivo exerc\u00edcio de atividade jur\u00eddica;<\/strong><br \/>g) gozar de boa sa\u00fade f\u00edsica e mental.<\/p>\n\n\n\n<p>Considera-se atividade jur\u00eddica, conforme Resolu\u00e7\u00e3o n. 40\/2009 do Conselho Nacional do Minist\u00e9rio P\u00fablico (CNMP), alterada pelas Resolu\u00e7\u00f5es 57\/2010 e 87\/2012, a desempenhada, exclusivamente, ap\u00f3s a conclus\u00e3o do curso de Bacharelado em Direito:<\/p>\n\n\n\n<p>a) o efetivo exerc\u00edcio de advocacia, inclusive volunt\u00e1ria, com a participa\u00e7\u00e3o anual m\u00ednima em 5 atos privativos de advogado (Lei n9 8.906, de 4.7.1994), em causas ou quest\u00f5es distintas.<br \/>b) o exerc\u00edcio de cargo, emprego ou fun\u00e7\u00e3o, inclusive de magist\u00e9rio superior, que exija a utiliza\u00e7\u00e3o preponderante de conhecimentos jur\u00eddicos.<br \/>c) o exerc\u00edcio de fun\u00e7\u00e3o de conciliador em tribunais judiciais, juizados especiais, varas especiais, anexos de juizados especiais ou de varas judiciais, assim como o exerc\u00edcio de media\u00e7\u00e3o ou de arbitragem na composi\u00e7\u00e3o de lit\u00edgios, pelo per\u00edodo m\u00ednimo de 16 horas mensais e durante 1 ano.<\/p>\n\n\n\n<p>Tamb\u00e9m ser\u00e3o considerados atividade jur\u00eddica, desde que integralmente conclu\u00eddos com aprova\u00e7\u00e3o, os cursos de p\u00f3s-gradua\u00e7\u00e3o em Direito ministrados pelas Escolas do Minist\u00e9rio P\u00fablico, da Magistratura e da Ordem dos Advogados do Brasil, bem como os cursos de p\u00f3sgradua\u00e7\u00e3o reconhecidos, autorizados ou supervisionados pelo Minist\u00e9rio da Educa\u00e7\u00e3o ou pelo \u00f3rg\u00e3o competente.<\/p>\n\n\n\n<p>Independentemente do tempo de dura\u00e7\u00e3o superior, ser\u00e3o computados como pr\u00e1tica jur\u00eddica:<br \/>a) 1 ano para p\u00f3s-gradua\u00e7\u00e3o lato sensu.<br \/>b) 2 anos para Mestrado.<br \/>c) 3 anos para Doutorado.<\/p>\n\n\n\n<p>Os cursos de p\u00f3s-gradua\u00e7\u00e3o (<em>lato sensu ou stricto sensu<\/em>) que exigirem apresenta\u00e7\u00e3o de trabalho monogr\u00e1fico final ser\u00e3o considerados integralmente conclu\u00eddos na data da respectiva aprova\u00e7\u00e3o desse trabalho.<\/p>\n\n\n\n<h3 class=\"wp-block-heading\" id=\"atribuicoes\">Atribui\u00e7\u00f5es do Cargo<\/h3>\n\n\n\n<p>S\u00e3o atribui\u00e7\u00f5es do cargo de Promotor de Justi\u00e7a Substituto, al\u00e9m das fun\u00e7\u00f5es estabelecidas na Constitui\u00e7\u00e3o Federal, na Lei Org\u00e2nica Nacional do Minist\u00e9rio P\u00fablico, na Constitui\u00e7\u00e3o Estadual e em outras Leis, as previstas na Lei Org\u00e2nica do Minist\u00e9rio P\u00fablico do Estado de Rond\u00f4nia (Lei Complementar Estadual n? 93, de 3\/11\/1993).<\/p>\n\n\n\n<h3 class=\"wp-block-heading\" id=\"cargos\">Cargos Vagos e Ocupados <\/h3>\n\n\n\n<p>De acordo com o <a href=\"https:\/\/www.mpro.mp.br\/\" target=\"_blank\" rel=\"noreferrer noopener\">Portal Transpar\u00eancia do MP RO<\/a>, atualmente existem<strong> 50 cargos vagos<\/strong> em toda a carreira, sendo<strong> 20 deles s\u00f3 da classe inicial de Promotor Substituto. <\/strong><\/p>\n\n\n\n<figure id=\"AUTOGENBOOKMARK_6\" class=\"wp-block-table is-style-stripes\"><table><tbody><tr><th>Cargo<\/th><th>Existentes<\/th><th>Ocupados<\/th><td><strong>Vagos<\/strong><\/td><\/tr><tr><th>(a)<\/th><th>(b)<\/th><th>(c)<\/th><td><strong>(d)<\/strong><\/td><\/tr><tr><td>PROCURADOR DE JUSTI\u00c7A<\/td><td>24<\/td><td>21<\/td><td>3<\/td><\/tr><tr><td>PROMOTOR(A) DE JUSTI\u00c7A DE 3a CATEGORIA<\/td><td>70<\/td><td>63<\/td><td>7<\/td><\/tr><tr><td>PROMOTOR(A) DE JUSTI\u00c7A DE 2a  CATEGORIA <\/td><td>50<\/td><td>41<\/td><td>9<\/td><\/tr><tr><td>PROMOTOR(A) DE JUSTI\u00c7A DE 1a  CATEGORIA <\/td><td>20<\/td><td>9<\/td><td>11<\/td><\/tr><tr><td>PROMOTOR SUBSTITUTO<\/td><td>30<\/td><td>10<\/td><td>20<\/td><\/tr><tr><td><strong>TOTAL<\/strong><\/td><td><strong>194<\/strong><\/td><td><strong>144<\/strong><\/td><td><strong>50<\/strong><\/td><\/tr><\/tbody><\/table><\/figure>\n\n\n\n<h3 class=\"wp-block-heading\" id=\"remuneratoria\">Estrutura Remunerat\u00f3ria<\/h3>\n\n\n\n<p>Confira abaixo o valor do subs\u00eddio e dos benef\u00edcios da carreira. <\/p>\n\n\n\n<figure class=\"wp-block-image size-full is-resized\"><img loading=\"lazy\" decoding=\"async\" src=\"https:\/\/dhg1h5j42swfq.cloudfront.net\/2022\/01\/12163211\/image-228.png\" alt=\"\" class=\"wp-image-945824\" width=\"860\" height=\"565\" srcset=\"https:\/\/dhg1h5j42swfq.cloudfront.net\/2022\/01\/12163211\/image-228.png 829w, https:\/\/dhg1h5j42swfq.cloudfront.net\/2022\/01\/12163211\/image-228-300x197.png 300w, https:\/\/dhg1h5j42swfq.cloudfront.net\/2022\/01\/12163211\/image-228-768x505.png 768w, https:\/\/dhg1h5j42swfq.cloudfront.net\/2022\/01\/12163211\/image-228-610x401.png 610w\" sizes=\"auto, (max-width: 860px) 100vw, 860px\" \/><\/figure>\n\n\n\n<h2 class=\"wp-block-heading\" id=\"ultimo\">\u00daltimo concurso MP RO Promotor<\/h2>\n\n\n\n<p>O \u00faltimo concurso MP RO Promotor teve edital publicado em 2017 com oferta de 10 vaga para a classe inicial da carreira e remunera\u00e7\u00e3o de R$ 24.818,91. A banca organizadora foi a Funda\u00e7\u00e3o Escola Superior do Minist\u00e9rio P\u00fablico do Rio Grande do Sul, FMP Concursos.<\/p>\n\n\n\n<p>O valor da inscri\u00e7\u00e3o foi fixado no edital em R$ 300,00. Estavam aptos a concorrer a uma das vagas aqueles candidatos com forma\u00e7\u00e3o em Direito e com no m\u00ednimo tr\u00eas anos de atividade jur\u00eddica na data da posse.&nbsp;<\/p>\n\n\n\n<h3 class=\"wp-block-heading\" id=\"etapas\">Etapas do concurso<\/h3>\n\n\n\n<p>A avalia\u00e7\u00e3o dos candidatos foi feita a partir das seguintes fases:<\/p>\n\n\n\n<p><strong>Fase 1<\/strong> &#8211; <em>Prova objetiva preliminar, de car\u00e1ter eliminat\u00f3rio e classificat\u00f3rio, em data a ser divulgada oportunamente;<\/em><br \/><strong>Fase 2<\/strong> &#8211; <em>Provas escritas discursivas, de car\u00e1ter eliminat\u00f3rio e classificat\u00f3rio;<\/em><br \/><strong>Fase 3<\/strong> &#8211; <em>Inscri\u00e7\u00f5es definitivas, de car\u00e1ter eliminat\u00f3rio;<\/em><br \/><strong>Fase 4<\/strong> &#8211; <em>Exame psicot\u00e9cnico, de car\u00e1ter eliminat\u00f3rio;<\/em><br \/><strong>Fase 5<\/strong> &#8211; <em>Provas orais, de car\u00e1ter eliminat\u00f3rio e classificat\u00f3rio;<\/em><br \/><strong>Fase 6<\/strong> &#8211; <em>Avalia\u00e7\u00e3o de t\u00edtulos, de car\u00e1ter classificat\u00f3rio.<\/em><\/p>\n\n\n\n<h4 class=\"wp-block-heading\">Prova Objetiva<\/h4>\n\n\n\n<p>As provas objetivas foram compostas de 100 quest\u00f5es, que deveriam ser respondidas em um tempo m\u00e1ximo de 5 horas e que versar\u00e3o sobre conte\u00fados divididos nos Grupos abaixo dispostos:<\/p>\n\n\n\n<p><strong>Grupo I<\/strong><br \/><em>&#8211; Direito Penal<br \/>&#8211; Direito Processual Penal<\/em><\/p>\n\n\n\n<p><strong>Grupo II<\/strong><br \/><em>&#8211; Direito Civil<br \/>&#8211; Direito Processual Civil<\/em><\/p>\n\n\n\n<p><strong>Grupo III<\/strong><br \/><em>&#8211; Direito Constitucional<br \/>&#8211; Direito Eleitoral<br \/>&#8211; Direito Administrativo<br \/>&#8211; Direito Tribut\u00e1rio<br \/>&#8211; Direito Institucional do Minist\u00e9rio P\u00fablico<br \/>&#8211; Direitos Difusos e Coletivos<br \/>&#8211; Direitos Humanos<br \/>&#8211; Direito Ambiental<br \/>&#8211; Direito do Consumidor<br \/>&#8211; Direito da Crian\u00e7a e do Adolescente<br \/>&#8211; Direito das Pessoas com Defici\u00eancia<br \/>&#8211; Direito do Idoso e Direito Sanit\u00e1rio<\/em><\/p>\n\n\n\n<p>Foram considerados n\u00e3o eliminados os candidatos que obtivessem aproveitamento igual ou superiora 60% das quest\u00f5es formuladas e que se encontrarem at\u00e9 a 200\u00aa classifica\u00e7\u00e3o, ultrapassando-se tal limite apenas para inclus\u00e3o de candidatos empatados no \u00faltimo lugar da classifica\u00e7\u00e3o.<\/p>\n\n\n\n<p>Provas Discursivas <\/p>\n\n\n\n<p>As provas escritas, de car\u00e1ter eliminat\u00f3rio e classificat\u00f3rio, foram aplicadas em Porto Velho\/RO, realizadas em 3 dias consecutivos, de domingo a sexta-feira, um para cada grupo de disciplinas (grupos I, II, III), versando sobre quest\u00f5es te\u00f3ricas e pr\u00e1ticas dos conte\u00fados.<\/p>\n\n\n\n<p>Cada uma das provas de respostas fundamentadas constou de duas partes: a primeira, reservada \u00e0 reda\u00e7\u00e3o de um texto de at\u00e9 120 linhas para demonstra\u00e7\u00e3o do conhecimento aplicado, por meio de um dos seguintes elementos de verifica\u00e7\u00e3o: <br \/>a) ato de instaura\u00e7\u00e3o de a\u00e7\u00e3o c\u00edvel ou penal; <br \/>b) parecer, recurso ou pe\u00e7a aplic\u00e1vel a procedimento judicial ou extrajudicial; <br \/>c) disserta\u00e7\u00e3o sobre institutos jur\u00eddicos correlatos a uma ou mais disciplinas de um mesmo grupo.<\/p>\n\n\n\n<p>A segunda parte da prova foi constitu\u00edda de, no m\u00ednimo, 3 quest\u00f5es, distribu\u00eddas dentre as disciplinas que comp\u00f5em o grupo, respondidas em at\u00e9 30 linhas cada.<\/p>\n\n\n\n<p>A primeira parte de cada prova de respostas fundamentadas teve o valor de 4 pontos e a segunda parte, o valor de 6 pontos. A prova de cada grupo teve a dura\u00e7\u00e3o de 5 horas e foi feita em dias cont\u00ednuos, devendo os candidatos apresentarem-se com 1 hora de anteced\u00eancia.<\/p>\n\n\n\n<p>Foram considerados aprovados nas provas escritas os candidatos que obtivessem nota igual ou superior a 5 em cada grupo de disciplinas e m\u00e9dia final, considerando-se os tr\u00eas grupos de disciplinas, igual ou superior a 6.<\/p>\n\n\n\n<h4 class=\"wp-block-heading\">Prova Oral <\/h4>\n\n\n\n<p>As provas orais, de car\u00e1ter eliminat\u00f3rio e classificat\u00f3rio foram realizadas em sess\u00f5es p\u00fablicas e registradas em grava\u00e7\u00e3o de \u00e1udio e v\u00eddeo ou por qualquer outro meio que possibilitasse a sua posterior reprodu\u00e7\u00e3o.<\/p>\n\n\n\n<p>Foram convocados por meio de edital os candidatos aprovados nas provas escritas e n\u00e3o eliminados na inscri\u00e7\u00e3o definitiva, no exame psicot\u00e9cnico e na investiga\u00e7\u00e3o social.<\/p>\n\n\n\n<p>As provas orais se deram em n\u00famero de 6, 1 para cada al\u00ednea de disciplinas, versando sobre ponto sorteado, numa escala de zero a 10,00 pontos, sendo realizadas em recinto aberto ao p\u00fablico, vedada a presen\u00e7a dos ainda n\u00e3o examinados.<\/p>\n\n\n\n<p>Os examinadores das respectivas disciplinas arguiram individualmente cada candidato, no m\u00e1ximo por 15 minutos, sobre o ponto ou pontos sorteados com vinte e quatro horas de anteced\u00eancia.<\/p>\n\n\n\n<p>Nas provas orais, foi permitida consulta \u00e0 legisla\u00e7\u00e3o, quando oferecida pelo examinador. Para aprova\u00e7\u00e3o, os candidatos deveriam obter nota m\u00ednima igual ou superior a 5 em cada al\u00ednea e m\u00e9dia aritm\u00e9tica igual ou superior a 6 , consideradas todas as notas das al\u00edneas de disciplinas. A nota final da prova oral ser\u00e1 a m\u00e9dia aritm\u00e9tica das<br \/>6 provas.<\/p>\n\n\n\n<h4 class=\"wp-block-heading\">Avalia\u00e7\u00e3o de T\u00edtulos<\/h4>\n\n\n\n<p>A avalia\u00e7\u00e3o dos t\u00edtulos, de car\u00e1ter classificat\u00f3rio, valeu 10,00 , ainda que a soma dos valores apresentados no quadro a seguir seja superior a esse valor. Somente foram aceitos os t\u00edtulos abaixo relacionados, observando a atribui\u00e7\u00e3o dos pontos para sua avalia\u00e7\u00e3o: <\/p>\n\n\n\n<figure id=\"AUTOGENBOOKMARK_6\" class=\"wp-block-table is-style-stripes\"><table class=\"has-fixed-layout\"><tbody><tr><th class=\"has-text-align-center\" data-align=\"center\">T\u00cdTULO<\/th><th class=\"has-text-align-center\" data-align=\"center\">Valor de cada<br \/>t\u00edtulo<\/th><th class=\"has-text-align-center\" data-align=\"center\">Valor m\u00e1ximo<br \/>dos t\u00edtulos<\/th><\/tr><tr><td class=\"has-text-align-center\" data-align=\"center\"> Diploma de curso de p\u00f3s-gradua\u00e7\u00e3o em n\u00edvel de doutorado (t\u00edtulo de doutor) na \u00e1rea do Direito. Tamb\u00e9m ser\u00e1 aceito certificado\/declara\u00e7\u00e3o de conclus\u00e3o de curso de mestrado, desde que acompanhado de hist\u00f3rico escolar. <\/td><td class=\"has-text-align-center\" data-align=\"center\">2,5<\/td><td class=\"has-text-align-center\" data-align=\"center\">2,5<\/td><\/tr><tr><td class=\"has-text-align-center\" data-align=\"center\">Diploma de curso de p\u00f3s-gradua\u00e7\u00e3o em n\u00edvel de mestrado (t\u00edtulo de mestrado) na \u00e1rea do Direito. Tamb\u00e9m ser\u00e1 aceito certificado\/declara\u00e7\u00e3o de conclus\u00e3o de curso de mestrado, desde que acompanhado de hist\u00f3rico escolar.<\/td><td class=\"has-text-align-center\" data-align=\"center\">1,5<\/td><td class=\"has-text-align-center\" data-align=\"center\">1,5<\/td><\/tr><tr><td class=\"has-text-align-center\" data-align=\"center\">Certificado de curso de p\u00f3s-gradua\u00e7\u00e3o em n\u00edvel de especializa\u00e7\u00e3o, com carga hor\u00e1ria m\u00ednima de 360  horas aula na \u00e1rea do Direito. Tamb\u00e9m ser\u00e1 aceita a declara\u00e7\u00e3o de conclus\u00e3o de p\u00f3s-gradua\u00e7\u00e3o em n\u00edvel de especializa\u00e7\u00e3o, desde que acompanhada de hist\u00f3rico escolar.<\/td><td class=\"has-text-align-center\" data-align=\"center\">1,0<\/td><td class=\"has-text-align-center\" data-align=\"center\">1,0<\/td><\/tr><tr><td class=\"has-text-align-center\" data-align=\"center\">Curso de prepara\u00e7\u00e3o \u00e0 carreira do Minist\u00e9rio P\u00fablico, realizado em Escola Superior do Minist\u00e9rio P\u00fablico, com carga hor\u00e1ria n\u00e3o inferior a 700 horas aula.<\/td><td class=\"has-text-align-center\" data-align=\"center\">0,5<\/td><td class=\"has-text-align-center\" data-align=\"center\">0,5<\/td><\/tr><tr><td class=\"has-text-align-center\" data-align=\"center\">Curso de aperfei\u00e7oamento universit\u00e1rio na \u00e1rea jur\u00eddica, realizado em Universidades, Faculdades ou Escolas Superiores do Minist\u00e9rio P\u00fablico, com um m\u00ednimo de 180 horas aula, com aproveitamento.<\/td><td class=\"has-text-align-center\" data-align=\"center\">0,25<\/td><td class=\"has-text-align-center\" data-align=\"center\">0,25<\/td><\/tr><tr><td class=\"has-text-align-center\" data-align=\"center\">Produ\u00e7\u00e3o cient\u00edfica: obras jur\u00eddicas publicadas, de autoria exclusiva.<\/td><td class=\"has-text-align-center\" data-align=\"center\">0,25<\/td><td class=\"has-text-align-center\" data-align=\"center\">0,25<\/td><\/tr><tr><td class=\"has-text-align-center\" data-align=\"center\">Aprova\u00e7\u00e3o em concurso p\u00fablico para as carreiras do Minist\u00e9rio P\u00fablico, Magistratura, Defensoria P\u00fablica, Advocacia P\u00fablica ou Delegado de Pol\u00edcia, desde que este t\u00edtulo n\u00e3o tenha sido utilizado nos itens anteriores.<\/td><td class=\"has-text-align-center\" data-align=\"center\">0,05<\/td><td class=\"has-text-align-center\" data-align=\"center\">0,25<\/td><\/tr><tr><td class=\"has-text-align-center\" data-align=\"center\">Exerc\u00edcio de cargo na carreira do Minist\u00e9rio P\u00fablico ou da Magistratura.<\/td><td class=\"has-text-align-center\" data-align=\"center\">0,4 <br \/>(por ano completo)<\/td><td class=\"has-text-align-center\" data-align=\"center\">2,00<\/td><\/tr><tr><td class=\"has-text-align-center\" data-align=\"center\">Exerc\u00edcio efetivo do Magist\u00e9rio Jur\u00eddico Superior<\/td><td class=\"has-text-align-center\" data-align=\"center\">0,25 <br \/>(por ano completo)<\/td><td class=\"has-text-align-center\" data-align=\"center\">1,25<\/td><\/tr><tr><td class=\"has-text-align-center\" data-align=\"center\"><strong>TOTAL<\/strong><\/td><td class=\"has-text-align-center\" data-align=\"center\"><strong>194<\/strong><\/td><td class=\"has-text-align-center\" data-align=\"center\"><strong>144<\/strong><\/td><\/tr><\/tbody><\/table><\/figure>\n\n\n\n<h2 class=\"has-text-align-center wp-block-heading\" id=\"h-quer-saber-tudo-sobre-concursos-previstos-confira-nossos-artigos\">Quer saber tudo sobre concursos previstos?<br \/>Confira nossos artigos!<\/h2>\n\n\n\n<ul class=\"wp-block-list\"><li><a href=\"https:\/\/www.estrategiaconcursos.com.br\/blog\/concursos-abertos\/\" target=\"_blank\" rel=\"noreferrer noopener\">Concursos abertos<\/a><\/li><li><a href=\"https:\/\/www.estrategiaconcursos.com.br\/blog\/concursos-2022\/\" target=\"_blank\" rel=\"noreferrer noopener\">Concursos 2022<\/a><\/li><\/ul>\n\n\n\n<h2 class=\"has-text-align-center wp-block-heading\" id=\"curso\">CURSOS E ASSINATURAS<\/h2>\n\n\n\n<div class=\"container\" id=\"boxes\">\n  <div class=\"row\">\n\n    <div class=\"col-sm\">\n      <div class=\"banner-tribunal\" id=\"box-assinatura\">\n        <h3 class=\"titulo-assinatura\">Cursos para MP RO Promotor<\/h3>\n        <p class=\"subtitulo-assinatura\">Conhe\u00e7a os cursos<\/p>\n        <div class=\"box-botao\">\n          <a class=\"btn-assinatura\" target=\"_blank\" href=\"https:\/\/www.estrategiaconcursos.com.br\/cursosPorConcurso\/ministerio-publico-dos-estados-e-do-distrito-federal-promotor-de-justica-cursos-regulares\/\" rel=\"noopener noreferrer\">Conhe\u00e7a mais<\/a>\n        <\/div>\n      <\/div>\n      <p class=\"texto-auxiliar\">Prepare-se com o melhor material e com quem mais aprova em Concursos P\u00fablicos em todo o pa\u00eds.<\/p>\n    <\/div>\n\n  <\/div>\n<\/div>\n\n\n\n<div class=\"container\" id=\"boxes\">\n  <div class=\"row\">\n\n    <div class=\"col-sm\">\n      <div class=\"banner-ecj\" id=\"box-assinatura\">\n        <h3 class=\"titulo-assinatura\">Assinatura Jur\u00eddica <\/h3>\n        <p class=\"subtitulo-assinatura\">Conhe\u00e7a os planos<\/p>\n        <div class=\"box-botao\">\n          <a class=\"btn-assinatura\" target=\"_blank\" href=\"https:\/\/www.estrategiaconcursos.com.br\/assinaturas-ecj\/\" role=\"button\" rel=\"noopener noreferrer\">Conhe\u00e7a mais<\/a>\n        <\/div>\n      <\/div>\n     \n\n    <\/div>\n\n  <\/div>\n<\/div>\n\n\n\n<figure class=\"wp-block-image size-large is-resized\"><img loading=\"lazy\" decoding=\"async\" src=\"https:\/\/dhg1h5j42swfq.cloudfront.net\/2021\/04\/24080953\/ficha-tecnica-169-1024x632.png\" alt=\"\" class=\"wp-image-722437\" width=\"191\" height=\"118\" srcset=\"https:\/\/dhg1h5j42swfq.cloudfront.net\/2021\/04\/24080953\/ficha-tecnica-169-1024x632.png 1024w, https:\/\/dhg1h5j42swfq.cloudfront.net\/2021\/04\/24080953\/ficha-tecnica-169-300x185.png 300w, https:\/\/dhg1h5j42swfq.cloudfront.net\/2021\/04\/24080953\/ficha-tecnica-169-768x474.png 768w, https:\/\/dhg1h5j42swfq.cloudfront.net\/2021\/04\/24080953\/ficha-tecnica-169-1536x948.png 1536w, https:\/\/dhg1h5j42swfq.cloudfront.net\/2021\/04\/24080953\/ficha-tecnica-169-610x377.png 610w, https:\/\/dhg1h5j42swfq.cloudfront.net\/2021\/04\/24080953\/ficha-tecnica-169.png 1571w\" sizes=\"auto, (max-width: 191px) 100vw, 191px\" \/><\/figure>\n\n\n\n<p id=\"ficha\"><strong>\u2666 Informa\u00e7\u00f5es do \u00faltimo Concurso MP RO Promotor<\/strong><\/p>\n\n\n\n<p>\u25ba<strong>Data: <\/strong>2017<br \/>\u25ba<strong>Vagas:<\/strong> 10<br \/>\u25ba<strong>Lota\u00e7\u00f5es:<\/strong> Rond\u00f4nia<br \/>\u25ba<strong>Requisitos:<\/strong> Superior em Direito + 3 anos de atividade jur\u00eddica <br \/>\u25ba<strong>Banca: <\/strong>FMP Concursos<br \/>\u25ba<strong>Edital:<\/strong> <strong style=\"font-size: revert; color: initial;\"><a href=\"https:\/\/dhg1h5j42swfq.cloudfront.net\/2017\/06\/12140235\/Edital-Concurso-MP-RO-Promotor.pdf\" target=\"_blank\" rel=\"noreferrer noopener\">Edital MP RO Promotor 2017<\/a><\/strong> <strong style=\"font-size: revert; color: initial; font-family: -apple-system, BlinkMacSystemFont, &quot;Segoe UI&quot;, Roboto, Oxygen-Sans, Ubuntu, Cantarell, &quot;Helvetica Neue&quot;, sans-serif;\"><\/strong><\/p>\n","protected":false},"excerpt":{"rendered":"<p>A Lei Or\u00e7ament\u00e1ria de Rond\u00f4nia, Lei n.\u00ba 5.246 de 10 de janeiro de 2022, prev\u00ea o direcionamento de R$ 30.594.165,00 para provimento o Minist\u00e9rio P\u00fablico de Rond\u00f4nia, valor que engloba a realiza\u00e7\u00e3o de concursos p\u00fablicos paraservidores e membros no \u00f3rg\u00e3o, ou seja, um novo concurso MP RO Promotor neste ano. Concurso MP RO Promotor Status:\u00a0previsto [&hellip;]<\/p>\n","protected":false},"author":1,"featured_media":945722,"comment_status":"open","ping_status":"closed","sticky":false,"template":"","format":"standard","meta":{"post_tipo":"news_page","footnotes":""},"categories":[220197],"tags":[],"tax_estado":[219984],"class_list":["post-945674","post","type-post","status-publish","format-standard","has-post-thumbnail","hentry","category-promotor-de-justica","tax_estado-ro"],"acf":[],"yoast_head":"<!-- This site is optimized with the Yoast SEO Premium plugin v27.2 (Yoast SEO v27.2) - https:\/\/yoast.com\/product\/yoast-seo-premium-wordpress\/ -->\n<title>Concurso MP RO Promotor: previsto no or\u00e7amento de 2022!<\/title>\n<meta name=\"description\" content=\"Concurso MP RO Promotor: O or\u00e7amento de Rond\u00f4nia de 2022 prev\u00ea a realiza\u00e7\u00e3o de um novo certames para membros da carreira neste ano.\" \/>\n<meta name=\"robots\" content=\"index, follow, max-snippet:-1, max-image-preview:large, max-video-preview:-1\" \/>\n<link rel=\"canonical\" href=\"https:\/\/www.estrategiaconcursos.com.br\/blog\/concurso-mp-ro-promotor\/\" \/>\n<meta property=\"og:locale\" content=\"pt_BR\" \/>\n<meta property=\"og:type\" content=\"article\" \/>\n<meta property=\"og:title\" content=\"Concurso MP RO Promotor: previsto no or\u00e7amento de 2022!\" \/>\n<meta property=\"og:description\" content=\"Concurso MP RO Promotor: O or\u00e7amento de Rond\u00f4nia de 2022 prev\u00ea a realiza\u00e7\u00e3o de um novo certames para membros da carreira neste ano.\" \/>\n<meta property=\"og:url\" content=\"https:\/\/www.estrategiaconcursos.com.br\/blog\/concurso-mp-ro-promotor\/\" \/>\n<meta property=\"og:site_name\" content=\"Estrat\u00e9gia Concursos\" \/>\n<meta property=\"article:author\" content=\"https:\/\/www.facebook.com\/EstrategiaConcursos\" \/>\n<meta property=\"article:published_time\" content=\"2022-01-12T14:27:00+00:00\" \/>\n<meta property=\"article:modified_time\" content=\"2022-01-14T02:49:52+00:00\" \/>\n<meta property=\"og:image\" content=\"https:\/\/dhg1h5j42swfq.cloudfront.net\/2022\/01\/12154639\/7139523img-mediasede.jpeg\" \/>\n\t<meta property=\"og:image:width\" content=\"1200\" \/>\n\t<meta property=\"og:image:height\" content=\"690\" \/>\n\t<meta property=\"og:image:type\" content=\"image\/jpeg\" \/>\n<meta name=\"author\" content=\"Coordena\u00e7\u00e3o\" \/>\n<meta name=\"twitter:card\" content=\"summary_large_image\" \/>\n<meta name=\"twitter:creator\" content=\"@EstratConcursos\" \/>\n<meta name=\"twitter:site\" content=\"@EstratConcursos\" \/>\n<meta name=\"twitter:label1\" content=\"Escrito por\" \/>\n\t<meta name=\"twitter:data1\" content=\"Coordena\u00e7\u00e3o\" \/>\n\t<meta name=\"twitter:label2\" content=\"Est. tempo de leitura\" \/>\n\t<meta name=\"twitter:data2\" content=\"10 minutos\" \/>\n<script type=\"application\/ld+json\" class=\"yoast-schema-graph\">{\"@context\":\"https:\/\/schema.org\",\"@graph\":[{\"@type\":\"NewsArticle\",\"@id\":\"https:\/\/www.estrategiaconcursos.com.br\/blog\/concurso-mp-ro-promotor\/#article\",\"isPartOf\":{\"@id\":\"https:\/\/www.estrategiaconcursos.com.br\/blog\/concurso-mp-ro-promotor\/\"},\"author\":{\"name\":\"Coordena\u00e7\u00e3o\",\"@id\":\"https:\/\/www.estrategiaconcursos.com.br\/blog\/#\/schema\/person\/b4a388c97673c5f483d72185668afa1f\"},\"headline\":\"Concurso MP RO Promotor: previsto no or\u00e7amento de 2022!\",\"datePublished\":\"2022-01-12T14:27:00+00:00\",\"dateModified\":\"2022-01-14T02:49:52+00:00\",\"mainEntityOfPage\":{\"@id\":\"https:\/\/www.estrategiaconcursos.com.br\/blog\/concurso-mp-ro-promotor\/\"},\"wordCount\":1939,\"commentCount\":0,\"publisher\":{\"@id\":\"https:\/\/www.estrategiaconcursos.com.br\/blog\/#organization\"},\"image\":{\"@id\":\"https:\/\/www.estrategiaconcursos.com.br\/blog\/concurso-mp-ro-promotor\/#primaryimage\"},\"thumbnailUrl\":\"https:\/\/dhg1h5j42swfq.cloudfront.net\/2022\/01\/12154639\/7139523img-mediasede.jpeg\",\"articleSection\":[\"Jur\u00eddico - Promotor de Justi\u00e7a\"],\"inLanguage\":\"pt-BR\",\"potentialAction\":[{\"@type\":\"CommentAction\",\"name\":\"Comment\",\"target\":[\"https:\/\/www.estrategiaconcursos.com.br\/blog\/concurso-mp-ro-promotor\/#respond\"]}],\"copyrightYear\":\"2022\",\"copyrightHolder\":{\"@id\":\"https:\/\/www.estrategiaconcursos.com.br\/blog\/#organization\"}},{\"@type\":\"WebPage\",\"@id\":\"https:\/\/www.estrategiaconcursos.com.br\/blog\/concurso-mp-ro-promotor\/\",\"url\":\"https:\/\/www.estrategiaconcursos.com.br\/blog\/concurso-mp-ro-promotor\/\",\"name\":\"Concurso MP RO Promotor: previsto no or\u00e7amento de 2022!\",\"isPartOf\":{\"@id\":\"https:\/\/www.estrategiaconcursos.com.br\/blog\/#website\"},\"primaryImageOfPage\":{\"@id\":\"https:\/\/www.estrategiaconcursos.com.br\/blog\/concurso-mp-ro-promotor\/#primaryimage\"},\"image\":{\"@id\":\"https:\/\/www.estrategiaconcursos.com.br\/blog\/concurso-mp-ro-promotor\/#primaryimage\"},\"thumbnailUrl\":\"https:\/\/dhg1h5j42swfq.cloudfront.net\/2022\/01\/12154639\/7139523img-mediasede.jpeg\",\"datePublished\":\"2022-01-12T14:27:00+00:00\",\"dateModified\":\"2022-01-14T02:49:52+00:00\",\"description\":\"Concurso MP RO Promotor: O or\u00e7amento de Rond\u00f4nia de 2022 prev\u00ea a realiza\u00e7\u00e3o de um novo certames para membros da carreira neste ano.\",\"breadcrumb\":{\"@id\":\"https:\/\/www.estrategiaconcursos.com.br\/blog\/concurso-mp-ro-promotor\/#breadcrumb\"},\"inLanguage\":\"pt-BR\",\"potentialAction\":[{\"@type\":\"ReadAction\",\"target\":[\"https:\/\/www.estrategiaconcursos.com.br\/blog\/concurso-mp-ro-promotor\/\"]}]},{\"@type\":\"ImageObject\",\"inLanguage\":\"pt-BR\",\"@id\":\"https:\/\/www.estrategiaconcursos.com.br\/blog\/concurso-mp-ro-promotor\/#primaryimage\",\"url\":\"https:\/\/dhg1h5j42swfq.cloudfront.net\/2022\/01\/12154639\/7139523img-mediasede.jpeg\",\"contentUrl\":\"https:\/\/dhg1h5j42swfq.cloudfront.net\/2022\/01\/12154639\/7139523img-mediasede.jpeg\",\"width\":1200,\"height\":690,\"caption\":\"Concurso MP RO Promotor\"},{\"@type\":\"BreadcrumbList\",\"@id\":\"https:\/\/www.estrategiaconcursos.com.br\/blog\/concurso-mp-ro-promotor\/#breadcrumb\",\"itemListElement\":[{\"@type\":\"ListItem\",\"position\":1,\"name\":\"In\u00edcio\",\"item\":\"https:\/\/www.estrategiaconcursos.com.br\/blog\/\"},{\"@type\":\"ListItem\",\"position\":2,\"name\":\"Concurso MP RO Promotor: previsto no or\u00e7amento de 2022!\"}]},{\"@type\":\"WebSite\",\"@id\":\"https:\/\/www.estrategiaconcursos.com.br\/blog\/#website\",\"url\":\"https:\/\/www.estrategiaconcursos.com.br\/blog\/\",\"name\":\"Estrat\u00e9gia Concursos\",\"description\":\"O blog da Estrat\u00e9gia Concursos traz not\u00edcias sobre concursos e artigos de professores oferecendo cursos para concursos (pdf + videaulas) no site.\",\"publisher\":{\"@id\":\"https:\/\/www.estrategiaconcursos.com.br\/blog\/#organization\"},\"potentialAction\":[{\"@type\":\"SearchAction\",\"target\":{\"@type\":\"EntryPoint\",\"urlTemplate\":\"https:\/\/www.estrategiaconcursos.com.br\/blog\/?s={search_term_string}\"},\"query-input\":{\"@type\":\"PropertyValueSpecification\",\"valueRequired\":true,\"valueName\":\"search_term_string\"}}],\"inLanguage\":\"pt-BR\"},{\"@type\":\"Organization\",\"@id\":\"https:\/\/www.estrategiaconcursos.com.br\/blog\/#organization\",\"name\":\"Estrat\u00e9gia Concursos\",\"url\":\"https:\/\/www.estrategiaconcursos.com.br\/blog\/\",\"logo\":{\"@type\":\"ImageObject\",\"inLanguage\":\"pt-BR\",\"@id\":\"https:\/\/www.estrategiaconcursos.com.br\/blog\/#\/schema\/logo\/image\/\",\"url\":\"https:\/\/dhg1h5j42swfq.cloudfront.net\/2025\/06\/03203428\/logo_concursos-1.jpg\",\"contentUrl\":\"https:\/\/dhg1h5j42swfq.cloudfront.net\/2025\/06\/03203428\/logo_concursos-1.jpg\",\"width\":230,\"height\":60,\"caption\":\"Estrat\u00e9gia Concursos\"},\"image\":{\"@id\":\"https:\/\/www.estrategiaconcursos.com.br\/blog\/#\/schema\/logo\/image\/\"},\"sameAs\":[\"https:\/\/x.com\/EstratConcursos\"]},{\"@type\":\"Person\",\"@id\":\"https:\/\/www.estrategiaconcursos.com.br\/blog\/#\/schema\/person\/b4a388c97673c5f483d72185668afa1f\",\"name\":\"Coordena\u00e7\u00e3o\",\"image\":{\"@type\":\"ImageObject\",\"inLanguage\":\"pt-BR\",\"@id\":\"https:\/\/secure.gravatar.com\/avatar\/b720319e4c9a967eb58678d110f4fe35452fc5d5f97b202bac7b8acceb18c6ad?s=96&d=mm&r=g\",\"url\":\"https:\/\/secure.gravatar.com\/avatar\/b720319e4c9a967eb58678d110f4fe35452fc5d5f97b202bac7b8acceb18c6ad?s=96&d=mm&r=g\",\"contentUrl\":\"https:\/\/secure.gravatar.com\/avatar\/b720319e4c9a967eb58678d110f4fe35452fc5d5f97b202bac7b8acceb18c6ad?s=96&d=mm&r=g\",\"caption\":\"Coordena\u00e7\u00e3o\"},\"sameAs\":[\"https:\/\/www.facebook.com\/EstrategiaConcursos\",\"https:\/\/x.com\/EstratConcursos\"],\"url\":\"https:\/\/www.estrategiaconcursos.com.br\/blog\/author\/estrategia2013\/\"}]}<\/script>\n<!-- \/ Yoast SEO Premium plugin. -->","yoast_head_json":{"title":"Concurso MP RO Promotor: previsto no or\u00e7amento de 2022!","description":"Concurso MP RO Promotor: O or\u00e7amento de Rond\u00f4nia de 2022 prev\u00ea a realiza\u00e7\u00e3o de um novo certames para membros da carreira neste ano.","robots":{"index":"index","follow":"follow","max-snippet":"max-snippet:-1","max-image-preview":"max-image-preview:large","max-video-preview":"max-video-preview:-1"},"canonical":"https:\/\/www.estrategiaconcursos.com.br\/blog\/concurso-mp-ro-promotor\/","og_locale":"pt_BR","og_type":"article","og_title":"Concurso MP RO Promotor: previsto no or\u00e7amento de 2022!","og_description":"Concurso MP RO Promotor: O or\u00e7amento de Rond\u00f4nia de 2022 prev\u00ea a realiza\u00e7\u00e3o de um novo certames para membros da carreira neste ano.","og_url":"https:\/\/www.estrategiaconcursos.com.br\/blog\/concurso-mp-ro-promotor\/","og_site_name":"Estrat\u00e9gia Concursos","article_author":"https:\/\/www.facebook.com\/EstrategiaConcursos","article_published_time":"2022-01-12T14:27:00+00:00","article_modified_time":"2022-01-14T02:49:52+00:00","og_image":[{"width":1200,"height":690,"url":"https:\/\/dhg1h5j42swfq.cloudfront.net\/2022\/01\/12154639\/7139523img-mediasede.jpeg","type":"image\/jpeg"}],"author":"Coordena\u00e7\u00e3o","twitter_card":"summary_large_image","twitter_creator":"@EstratConcursos","twitter_site":"@EstratConcursos","twitter_misc":{"Escrito por":"Coordena\u00e7\u00e3o","Est. tempo de leitura":"10 minutos"},"schema":{"@context":"https:\/\/schema.org","@graph":[{"@type":"NewsArticle","@id":"https:\/\/www.estrategiaconcursos.com.br\/blog\/concurso-mp-ro-promotor\/#article","isPartOf":{"@id":"https:\/\/www.estrategiaconcursos.com.br\/blog\/concurso-mp-ro-promotor\/"},"author":{"name":"Coordena\u00e7\u00e3o","@id":"https:\/\/www.estrategiaconcursos.com.br\/blog\/#\/schema\/person\/b4a388c97673c5f483d72185668afa1f"},"headline":"Concurso MP RO Promotor: previsto no or\u00e7amento de 2022!","datePublished":"2022-01-12T14:27:00+00:00","dateModified":"2022-01-14T02:49:52+00:00","mainEntityOfPage":{"@id":"https:\/\/www.estrategiaconcursos.com.br\/blog\/concurso-mp-ro-promotor\/"},"wordCount":1939,"commentCount":0,"publisher":{"@id":"https:\/\/www.estrategiaconcursos.com.br\/blog\/#organization"},"image":{"@id":"https:\/\/www.estrategiaconcursos.com.br\/blog\/concurso-mp-ro-promotor\/#primaryimage"},"thumbnailUrl":"https:\/\/dhg1h5j42swfq.cloudfront.net\/2022\/01\/12154639\/7139523img-mediasede.jpeg","articleSection":["Jur\u00eddico - Promotor de Justi\u00e7a"],"inLanguage":"pt-BR","potentialAction":[{"@type":"CommentAction","name":"Comment","target":["https:\/\/www.estrategiaconcursos.com.br\/blog\/concurso-mp-ro-promotor\/#respond"]}],"copyrightYear":"2022","copyrightHolder":{"@id":"https:\/\/www.estrategiaconcursos.com.br\/blog\/#organization"}},{"@type":"WebPage","@id":"https:\/\/www.estrategiaconcursos.com.br\/blog\/concurso-mp-ro-promotor\/","url":"https:\/\/www.estrategiaconcursos.com.br\/blog\/concurso-mp-ro-promotor\/","name":"Concurso MP RO Promotor: previsto no or\u00e7amento de 2022!","isPartOf":{"@id":"https:\/\/www.estrategiaconcursos.com.br\/blog\/#website"},"primaryImageOfPage":{"@id":"https:\/\/www.estrategiaconcursos.com.br\/blog\/concurso-mp-ro-promotor\/#primaryimage"},"image":{"@id":"https:\/\/www.estrategiaconcursos.com.br\/blog\/concurso-mp-ro-promotor\/#primaryimage"},"thumbnailUrl":"https:\/\/dhg1h5j42swfq.cloudfront.net\/2022\/01\/12154639\/7139523img-mediasede.jpeg","datePublished":"2022-01-12T14:27:00+00:00","dateModified":"2022-01-14T02:49:52+00:00","description":"Concurso MP RO Promotor: O or\u00e7amento de Rond\u00f4nia de 2022 prev\u00ea a realiza\u00e7\u00e3o de um novo certames para membros da carreira neste ano.","breadcrumb":{"@id":"https:\/\/www.estrategiaconcursos.com.br\/blog\/concurso-mp-ro-promotor\/#breadcrumb"},"inLanguage":"pt-BR","potentialAction":[{"@type":"ReadAction","target":["https:\/\/www.estrategiaconcursos.com.br\/blog\/concurso-mp-ro-promotor\/"]}]},{"@type":"ImageObject","inLanguage":"pt-BR","@id":"https:\/\/www.estrategiaconcursos.com.br\/blog\/concurso-mp-ro-promotor\/#primaryimage","url":"https:\/\/dhg1h5j42swfq.cloudfront.net\/2022\/01\/12154639\/7139523img-mediasede.jpeg","contentUrl":"https:\/\/dhg1h5j42swfq.cloudfront.net\/2022\/01\/12154639\/7139523img-mediasede.jpeg","width":1200,"height":690,"caption":"Concurso MP RO Promotor"},{"@type":"BreadcrumbList","@id":"https:\/\/www.estrategiaconcursos.com.br\/blog\/concurso-mp-ro-promotor\/#breadcrumb","itemListElement":[{"@type":"ListItem","position":1,"name":"In\u00edcio","item":"https:\/\/www.estrategiaconcursos.com.br\/blog\/"},{"@type":"ListItem","position":2,"name":"Concurso MP RO Promotor: previsto no or\u00e7amento de 2022!"}]},{"@type":"WebSite","@id":"https:\/\/www.estrategiaconcursos.com.br\/blog\/#website","url":"https:\/\/www.estrategiaconcursos.com.br\/blog\/","name":"Estrat\u00e9gia Concursos","description":"O blog da Estrat\u00e9gia Concursos traz not\u00edcias sobre concursos e artigos de professores oferecendo cursos para concursos (pdf + videaulas) no site.","publisher":{"@id":"https:\/\/www.estrategiaconcursos.com.br\/blog\/#organization"},"potentialAction":[{"@type":"SearchAction","target":{"@type":"EntryPoint","urlTemplate":"https:\/\/www.estrategiaconcursos.com.br\/blog\/?s={search_term_string}"},"query-input":{"@type":"PropertyValueSpecification","valueRequired":true,"valueName":"search_term_string"}}],"inLanguage":"pt-BR"},{"@type":"Organization","@id":"https:\/\/www.estrategiaconcursos.com.br\/blog\/#organization","name":"Estrat\u00e9gia Concursos","url":"https:\/\/www.estrategiaconcursos.com.br\/blog\/","logo":{"@type":"ImageObject","inLanguage":"pt-BR","@id":"https:\/\/www.estrategiaconcursos.com.br\/blog\/#\/schema\/logo\/image\/","url":"https:\/\/dhg1h5j42swfq.cloudfront.net\/2025\/06\/03203428\/logo_concursos-1.jpg","contentUrl":"https:\/\/dhg1h5j42swfq.cloudfront.net\/2025\/06\/03203428\/logo_concursos-1.jpg","width":230,"height":60,"caption":"Estrat\u00e9gia Concursos"},"image":{"@id":"https:\/\/www.estrategiaconcursos.com.br\/blog\/#\/schema\/logo\/image\/"},"sameAs":["https:\/\/x.com\/EstratConcursos"]},{"@type":"Person","@id":"https:\/\/www.estrategiaconcursos.com.br\/blog\/#\/schema\/person\/b4a388c97673c5f483d72185668afa1f","name":"Coordena\u00e7\u00e3o","image":{"@type":"ImageObject","inLanguage":"pt-BR","@id":"https:\/\/secure.gravatar.com\/avatar\/b720319e4c9a967eb58678d110f4fe35452fc5d5f97b202bac7b8acceb18c6ad?s=96&d=mm&r=g","url":"https:\/\/secure.gravatar.com\/avatar\/b720319e4c9a967eb58678d110f4fe35452fc5d5f97b202bac7b8acceb18c6ad?s=96&d=mm&r=g","contentUrl":"https:\/\/secure.gravatar.com\/avatar\/b720319e4c9a967eb58678d110f4fe35452fc5d5f97b202bac7b8acceb18c6ad?s=96&d=mm&r=g","caption":"Coordena\u00e7\u00e3o"},"sameAs":["https:\/\/www.facebook.com\/EstrategiaConcursos","https:\/\/x.com\/EstratConcursos"],"url":"https:\/\/www.estrategiaconcursos.com.br\/blog\/author\/estrategia2013\/"}]}},"_links":{"self":[{"href":"https:\/\/www.estrategiaconcursos.com.br\/blog\/wp-json\/wp\/v2\/posts\/945674","targetHints":{"allow":["GET"]}}],"collection":[{"href":"https:\/\/www.estrategiaconcursos.com.br\/blog\/wp-json\/wp\/v2\/posts"}],"about":[{"href":"https:\/\/www.estrategiaconcursos.com.br\/blog\/wp-json\/wp\/v2\/types\/post"}],"author":[{"embeddable":true,"href":"https:\/\/www.estrategiaconcursos.com.br\/blog\/wp-json\/wp\/v2\/users\/1"}],"replies":[{"embeddable":true,"href":"https:\/\/www.estrategiaconcursos.com.br\/blog\/wp-json\/wp\/v2\/comments?post=945674"}],"version-history":[{"count":47,"href":"https:\/\/www.estrategiaconcursos.com.br\/blog\/wp-json\/wp\/v2\/posts\/945674\/revisions"}],"predecessor-version":[{"id":947160,"href":"https:\/\/www.estrategiaconcursos.com.br\/blog\/wp-json\/wp\/v2\/posts\/945674\/revisions\/947160"}],"wp:featuredmedia":[{"embeddable":true,"href":"https:\/\/www.estrategiaconcursos.com.br\/blog\/wp-json\/wp\/v2\/media\/945722"}],"wp:attachment":[{"href":"https:\/\/www.estrategiaconcursos.com.br\/blog\/wp-json\/wp\/v2\/media?parent=945674"}],"wp:term":[{"taxonomy":"category","embeddable":true,"href":"https:\/\/www.estrategiaconcursos.com.br\/blog\/wp-json\/wp\/v2\/categories?post=945674"},{"taxonomy":"post_tag","embeddable":true,"href":"https:\/\/www.estrategiaconcursos.com.br\/blog\/wp-json\/wp\/v2\/tags?post=945674"},{"taxonomy":"tax_estado","embeddable":true,"href":"https:\/\/www.estrategiaconcursos.com.br\/blog\/wp-json\/wp\/v2\/tax_estado?post=945674"}],"curies":[{"name":"wp","href":"https:\/\/api.w.org\/{rel}","templated":true}]}}