{"id":945423,"date":"2022-01-12T12:32:58","date_gmt":"2022-01-12T15:32:58","guid":{"rendered":"https:\/\/www.estrategiaconcursos.com.br\/blog\/?p=945423"},"modified":"2022-01-13T09:34:35","modified_gmt":"2022-01-13T12:34:35","slug":"reforma-administrativa-proposta-nao-deve-avancar-em-2022","status":"publish","type":"post","link":"https:\/\/www.estrategiaconcursos.com.br\/blog\/reforma-administrativa-proposta-nao-deve-avancar-em-2022\/","title":{"rendered":"Reforma administrativa: proposta n\u00e3o deve avan\u00e7ar em 2022"},"content":{"rendered":"\n<p>Nesta segunda-feira, 10 de janeiro, o presidente Jair Bolsonaro comentou que a proposta da reforma administrativa (PEC 32), j\u00e1 aprovada em comiss\u00e3o na C\u00e2mara dos Deputados, n\u00e3o deve avan\u00e7ar em 2022.<\/p>\n\n\n\n<p>A proposta foi enviada ao Congresso Nacional em setembro de 2020 e tem por finalidade alterar regras do regime jur\u00eddico para os futuros servidores no \u00e2mbito federal, estadual, distrital e municipal.<\/p>\n\n\n\n<p class=\"has-text-align-center\"><a href=\"https:\/\/www.estrategiaconcursos.com.br\/blog\/reforma-administrativa-estabilidade\/\" target=\"_blank\" rel=\"noreferrer noopener\"><strong>PEC 32 e a Estabilidade<\/strong><\/a><\/p>\n\n\n\n<p>A proposta da reforma administrativa j\u00e1 foi aprovada em comiss\u00e3o especial na C\u00e2mara dos Deputados, mas ainda n\u00e3o foi enviada ao plen\u00e1rio do Poder Legislativo.<\/p>\n\n\n\n<p>De acordo com o chefe do Poder Executivo, em anos eleitorais, propostas desse tipo n\u00e3o t\u00eam negocia\u00e7\u00e3o. O presidente tamb\u00e9m afirmou que tem interesse na aprova\u00e7\u00e3o da reforma administrativa, mas dispensou a possibilidade de aprova\u00e7\u00e3o em 2022.<\/p>\n\n\n\n<blockquote class=\"wp-block-quote is-layout-flow wp-block-quote-is-layout-flow\"><p><em>&#8220;A gente gostaria que a reforma administrativa avan\u00e7asse, por exemplo, mas eu tenho sete mandatos de deputado federal e nesses anos onde existem as elei\u00e7\u00f5es para presidente, para senadores, para deputados tamb\u00e9m s\u00e3o anos dif\u00edceis, n\u00e3o tem negocia\u00e7\u00e3o&#8221;<\/em>, comentou o presidente<\/p><\/blockquote>\n\n\n\n<p class=\"has-text-align-center\"><strong>Quer saber mais sobre a reforma administrativa?<\/strong> <a href=\"https:\/\/www.estrategiaconcursos.com.br\/blog\/pec-da-reforma-administrativa\/\" target=\"_blank\" rel=\"noreferrer noopener\"><strong>Confira aqui!<\/strong><\/a><\/p>\n\n\n\n<p>A PEC 32, sem d\u00favidas, \u00e9 um assunto de grande interesse dos concurseiros(as), por isso sempre vamos mant\u00ea-los informados. Enquanto isso, h\u00e1 previs\u00e3o de mais de 30 mil vagas para diversos concursos em 2022. <\/p>\n\n\n\n<p class=\"has-text-align-center\">Essa \u00e9 a hora de intensificar os estudos para alcan\u00e7ar a aprova\u00e7\u00e3o! Confira as oportunidades.<\/p>\n\n\n\n<h3 class=\"has-text-align-center has-background wp-block-heading\" id=\"h-concursos-2022\" style=\"background-color:#f3c954\"><a href=\"https:\/\/www.estrategiaconcursos.com.br\/blog\/congresso-aprova-ploa-2022-com-mais-de-73-mil-vagas\/\" target=\"_blank\" rel=\"noreferrer noopener\">Concursos 20<\/a><a href=\"https:\/\/www.estrategiaconcursos.com.br\/blog\/concursos-2022\/\" target=\"_blank\" rel=\"noreferrer noopener\">22<\/a><\/h3>\n\n\n\n<h3 class=\"has-text-align-center wp-block-heading\">Estude com o l\u00edder absoluto em aprova\u00e7\u00e3o. Acesse nossos cursos a seguir!<\/h3>\n\n\n\n<div class=\"container\" id=\"boxes\">\n  <div class=\"row\">\n\n    <div class=\"col-sm\">\n      <div class=\"banner-estrategia\" id=\"box-assinatura\">\n        <h3 class=\"titulo-assinatura\">Cursos para concursos<\/h3>\n        <p class=\"subtitulo-assinatura\">Estude conosco<\/p>\n        <div class=\"box-botao\">\n          <a class=\"btn-assinatura\" target=\"_blank\" href=\"https:\/\/www.estrategiaconcursos.com.br\/cursos\/\" role=\"button\" rel=\"noopener noreferrer\">Conhe\u00e7a os cursos<\/a>\n        <\/div>\n      <\/div>\n     \n    <\/div>\n\n  <\/div>\n<\/div>\n\n\n\n<div class=\"container\" id=\"boxes\">\n  <div class=\"row\">\n\n    <div class=\"col-sm\">\n      <div class=\"estrategia\" id=\"box-assinatura\">\n        <h3 class=\"titulo-assinatura\">Assinatura de Concursos<\/h3>\n        <p class=\"subtitulo-assinatura\">Assinatura de 1 ano ou 2 anos<\/p>\n        <div class=\"box-botao\">\n          <a class=\"btn-assinatura\" target=\"_blank\" href=\"https:\/\/www.estrategiaconcursos.com.br\/assinaturas\/\" role=\"button\" rel=\"noopener noreferrer\">ASSINE AGORA<\/a>\n        <\/div>\n      <\/div>\n     \n    <\/div><\/div><\/div>\n\n\n\n<h2 class=\"has-text-align-center wp-block-heading\" id=\"h-quer-saber-tudo-sobre-concursos-previstos-confira-nossos-artigos\">Quer saber tudo sobre concursos previstos?<br \/>Confira nossos artigos!<\/h2>\n\n\n\n<ul class=\"wp-block-list\"><li><a href=\"https:\/\/www.estrategiaconcursos.com.br\/blog\/concursos-abertos\/\" target=\"_blank\" rel=\"noreferrer noopener\">Concursos abertos<\/a><\/li><li><a href=\"https:\/\/www.estrategiaconcursos.com.br\/blog\/concursos-de-policia\/\" target=\"_blank\" rel=\"noreferrer noopener\">Concursos Policiais<\/a><\/li><li><a href=\"https:\/\/www.estrategiaconcursos.com.br\/blog\/concursos-fiscais-2022\/\" target=\"_blank\" rel=\"noreferrer noopener\">Concursos Fiscais<\/a><\/li><li><a href=\"https:\/\/www.estrategiaconcursos.com.br\/blog\/concursos-tribunais-2022\/\" target=\"_blank\" rel=\"noreferrer noopener\">Concursos Tribunais<\/a><\/li><li><a href=\"https:\/\/www.estrategiaconcursos.com.br\/blog\/concursos-legislativos-2022-previstos\" target=\"_blank\" rel=\"noreferrer noopener\">Concursos Legislativos<\/a><\/li><li><a href=\"https:\/\/www.estrategiaconcursos.com.br\/blog\/concursos-controle-2022\/\" target=\"_blank\" rel=\"noreferrer noopener\">Concursos de Controle<\/a><\/li><li><a href=\"https:\/\/www.estrategiaconcursos.com.br\/blog\/concursos-bancarios\/\" target=\"_blank\" rel=\"noreferrer noopener\">Concursos Banc\u00e1rios<\/a><\/li><\/ul>\n","protected":false},"excerpt":{"rendered":"<p>Nesta segunda-feira, 10 de janeiro, o presidente Jair Bolsonaro comentou que a proposta da reforma administrativa (PEC 32), j\u00e1 aprovada em comiss\u00e3o na C\u00e2mara dos Deputados, n\u00e3o deve avan\u00e7ar em 2022. A proposta foi enviada ao Congresso Nacional em setembro de 2020 e tem por finalidade alterar regras do regime jur\u00eddico para os futuros servidores [&hellip;]<\/p>\n","protected":false},"author":2041,"featured_media":746120,"comment_status":"open","ping_status":"closed","sticky":false,"template":"","format":"standard","meta":{"post_tipo":"news","footnotes":""},"categories":[1,220219],"tags":[],"tax_estado":[219963],"class_list":["post-945423","post","type-post","status-publish","format-standard","has-post-thumbnail","hentry","category-cursos-e-concursos","category-noticias","tax_estado-concursos-federais"],"acf":[],"yoast_head":"<!-- This site is optimized with the Yoast SEO Premium plugin v27.2 (Yoast SEO v27.2) - https:\/\/yoast.com\/product\/yoast-seo-premium-wordpress\/ -->\n<title>Reforma administrativa: proposta n\u00e3o deve avan\u00e7ar em 2022<\/title>\n<meta name=\"description\" content=\"O presidente Bolsonaro comentou que a proposta da reforma administrativa (PEC 32), j\u00e1 aprovada em comiss\u00e3o especial n\u00e3o deve avan\u00e7ar em 2022.\" \/>\n<meta name=\"robots\" content=\"index, follow, max-snippet:-1, max-image-preview:large, max-video-preview:-1\" \/>\n<link rel=\"canonical\" href=\"https:\/\/www.estrategiaconcursos.com.br\/blog\/reforma-administrativa-proposta-nao-deve-avancar-em-2022\/\" \/>\n<meta property=\"og:locale\" content=\"pt_BR\" \/>\n<meta property=\"og:type\" content=\"article\" \/>\n<meta property=\"og:title\" content=\"Reforma administrativa: proposta n\u00e3o deve avan\u00e7ar em 2022\" \/>\n<meta property=\"og:description\" content=\"O presidente Bolsonaro comentou que a proposta da reforma administrativa (PEC 32), j\u00e1 aprovada em comiss\u00e3o especial n\u00e3o deve avan\u00e7ar em 2022.\" \/>\n<meta property=\"og:url\" content=\"https:\/\/www.estrategiaconcursos.com.br\/blog\/reforma-administrativa-proposta-nao-deve-avancar-em-2022\/\" \/>\n<meta property=\"og:site_name\" content=\"Estrat\u00e9gia Concursos\" \/>\n<meta property=\"article:published_time\" content=\"2022-01-12T15:32:58+00:00\" \/>\n<meta property=\"article:modified_time\" content=\"2022-01-13T12:34:35+00:00\" \/>\n<meta property=\"og:image\" content=\"https:\/\/dhg1h5j42swfq.cloudfront.net\/2021\/04\/20121239\/2022_concursos.jpeg\" \/>\n\t<meta property=\"og:image:width\" content=\"768\" \/>\n\t<meta property=\"og:image:height\" content=\"432\" \/>\n\t<meta property=\"og:image:type\" content=\"image\/jpeg\" \/>\n<meta name=\"author\" content=\"Thiago Cavalcante Gomes\" \/>\n<meta name=\"twitter:card\" content=\"summary_large_image\" \/>\n<meta name=\"twitter:creator\" content=\"@EstratConcursos\" \/>\n<meta name=\"twitter:site\" content=\"@EstratConcursos\" \/>\n<meta name=\"twitter:label1\" content=\"Escrito por\" \/>\n\t<meta name=\"twitter:data1\" content=\"Thiago Cavalcante Gomes\" \/>\n\t<meta name=\"twitter:label2\" content=\"Est. tempo de leitura\" \/>\n\t<meta name=\"twitter:data2\" content=\"2 minutos\" \/>\n<script type=\"application\/ld+json\" class=\"yoast-schema-graph\">{\"@context\":\"https:\/\/schema.org\",\"@graph\":[{\"@type\":\"NewsArticle\",\"@id\":\"https:\/\/www.estrategiaconcursos.com.br\/blog\/reforma-administrativa-proposta-nao-deve-avancar-em-2022\/#article\",\"isPartOf\":{\"@id\":\"https:\/\/www.estrategiaconcursos.com.br\/blog\/reforma-administrativa-proposta-nao-deve-avancar-em-2022\/\"},\"author\":{\"name\":\"Thiago Cavalcante Gomes\",\"@id\":\"https:\/\/www.estrategiaconcursos.com.br\/blog\/#\/schema\/person\/4970184533d0a3ffa5b0299ae0a2b21f\"},\"headline\":\"Reforma administrativa: proposta n\u00e3o deve avan\u00e7ar em 2022\",\"datePublished\":\"2022-01-12T15:32:58+00:00\",\"dateModified\":\"2022-01-13T12:34:35+00:00\",\"mainEntityOfPage\":{\"@id\":\"https:\/\/www.estrategiaconcursos.com.br\/blog\/reforma-administrativa-proposta-nao-deve-avancar-em-2022\/\"},\"wordCount\":313,\"commentCount\":0,\"publisher\":{\"@id\":\"https:\/\/www.estrategiaconcursos.com.br\/blog\/#organization\"},\"image\":{\"@id\":\"https:\/\/www.estrategiaconcursos.com.br\/blog\/reforma-administrativa-proposta-nao-deve-avancar-em-2022\/#primaryimage\"},\"thumbnailUrl\":\"https:\/\/dhg1h5j42swfq.cloudfront.net\/2021\/04\/20121239\/2022_concursos.jpeg\",\"articleSection\":[\"Concursos P\u00fablicos\",\"\u00daltimas not\u00edcias\"],\"inLanguage\":\"pt-BR\",\"potentialAction\":[{\"@type\":\"CommentAction\",\"name\":\"Comment\",\"target\":[\"https:\/\/www.estrategiaconcursos.com.br\/blog\/reforma-administrativa-proposta-nao-deve-avancar-em-2022\/#respond\"]}],\"copyrightYear\":\"2022\",\"copyrightHolder\":{\"@id\":\"https:\/\/www.estrategiaconcursos.com.br\/blog\/#organization\"}},{\"@type\":\"WebPage\",\"@id\":\"https:\/\/www.estrategiaconcursos.com.br\/blog\/reforma-administrativa-proposta-nao-deve-avancar-em-2022\/\",\"url\":\"https:\/\/www.estrategiaconcursos.com.br\/blog\/reforma-administrativa-proposta-nao-deve-avancar-em-2022\/\",\"name\":\"Reforma administrativa: proposta n\u00e3o deve avan\u00e7ar em 2022\",\"isPartOf\":{\"@id\":\"https:\/\/www.estrategiaconcursos.com.br\/blog\/#website\"},\"primaryImageOfPage\":{\"@id\":\"https:\/\/www.estrategiaconcursos.com.br\/blog\/reforma-administrativa-proposta-nao-deve-avancar-em-2022\/#primaryimage\"},\"image\":{\"@id\":\"https:\/\/www.estrategiaconcursos.com.br\/blog\/reforma-administrativa-proposta-nao-deve-avancar-em-2022\/#primaryimage\"},\"thumbnailUrl\":\"https:\/\/dhg1h5j42swfq.cloudfront.net\/2021\/04\/20121239\/2022_concursos.jpeg\",\"datePublished\":\"2022-01-12T15:32:58+00:00\",\"dateModified\":\"2022-01-13T12:34:35+00:00\",\"description\":\"O presidente Bolsonaro comentou que a proposta da reforma administrativa (PEC 32), j\u00e1 aprovada em comiss\u00e3o especial n\u00e3o deve avan\u00e7ar em 2022.\",\"breadcrumb\":{\"@id\":\"https:\/\/www.estrategiaconcursos.com.br\/blog\/reforma-administrativa-proposta-nao-deve-avancar-em-2022\/#breadcrumb\"},\"inLanguage\":\"pt-BR\",\"potentialAction\":[{\"@type\":\"ReadAction\",\"target\":[\"https:\/\/www.estrategiaconcursos.com.br\/blog\/reforma-administrativa-proposta-nao-deve-avancar-em-2022\/\"]}]},{\"@type\":\"ImageObject\",\"inLanguage\":\"pt-BR\",\"@id\":\"https:\/\/www.estrategiaconcursos.com.br\/blog\/reforma-administrativa-proposta-nao-deve-avancar-em-2022\/#primaryimage\",\"url\":\"https:\/\/dhg1h5j42swfq.cloudfront.net\/2021\/04\/20121239\/2022_concursos.jpeg\",\"contentUrl\":\"https:\/\/dhg1h5j42swfq.cloudfront.net\/2021\/04\/20121239\/2022_concursos.jpeg\",\"width\":768,\"height\":432,\"caption\":\"Concursos 2022\"},{\"@type\":\"BreadcrumbList\",\"@id\":\"https:\/\/www.estrategiaconcursos.com.br\/blog\/reforma-administrativa-proposta-nao-deve-avancar-em-2022\/#breadcrumb\",\"itemListElement\":[{\"@type\":\"ListItem\",\"position\":1,\"name\":\"In\u00edcio\",\"item\":\"https:\/\/www.estrategiaconcursos.com.br\/blog\/\"},{\"@type\":\"ListItem\",\"position\":2,\"name\":\"Reforma administrativa: proposta n\u00e3o deve avan\u00e7ar em 2022\"}]},{\"@type\":\"WebSite\",\"@id\":\"https:\/\/www.estrategiaconcursos.com.br\/blog\/#website\",\"url\":\"https:\/\/www.estrategiaconcursos.com.br\/blog\/\",\"name\":\"Estrat\u00e9gia Concursos\",\"description\":\"O blog da Estrat\u00e9gia Concursos traz not\u00edcias sobre concursos e artigos de professores oferecendo cursos para concursos (pdf + videaulas) no site.\",\"publisher\":{\"@id\":\"https:\/\/www.estrategiaconcursos.com.br\/blog\/#organization\"},\"potentialAction\":[{\"@type\":\"SearchAction\",\"target\":{\"@type\":\"EntryPoint\",\"urlTemplate\":\"https:\/\/www.estrategiaconcursos.com.br\/blog\/?s={search_term_string}\"},\"query-input\":{\"@type\":\"PropertyValueSpecification\",\"valueRequired\":true,\"valueName\":\"search_term_string\"}}],\"inLanguage\":\"pt-BR\"},{\"@type\":\"Organization\",\"@id\":\"https:\/\/www.estrategiaconcursos.com.br\/blog\/#organization\",\"name\":\"Estrat\u00e9gia Concursos\",\"url\":\"https:\/\/www.estrategiaconcursos.com.br\/blog\/\",\"logo\":{\"@type\":\"ImageObject\",\"inLanguage\":\"pt-BR\",\"@id\":\"https:\/\/www.estrategiaconcursos.com.br\/blog\/#\/schema\/logo\/image\/\",\"url\":\"https:\/\/dhg1h5j42swfq.cloudfront.net\/2025\/06\/03203428\/logo_concursos-1.jpg\",\"contentUrl\":\"https:\/\/dhg1h5j42swfq.cloudfront.net\/2025\/06\/03203428\/logo_concursos-1.jpg\",\"width\":230,\"height\":60,\"caption\":\"Estrat\u00e9gia Concursos\"},\"image\":{\"@id\":\"https:\/\/www.estrategiaconcursos.com.br\/blog\/#\/schema\/logo\/image\/\"},\"sameAs\":[\"https:\/\/x.com\/EstratConcursos\"]},{\"@type\":\"Person\",\"@id\":\"https:\/\/www.estrategiaconcursos.com.br\/blog\/#\/schema\/person\/4970184533d0a3ffa5b0299ae0a2b21f\",\"name\":\"Thiago Cavalcante Gomes\",\"image\":{\"@type\":\"ImageObject\",\"inLanguage\":\"pt-BR\",\"@id\":\"https:\/\/secure.gravatar.com\/avatar\/?s=96&d=mm&r=g\",\"url\":\"https:\/\/secure.gravatar.com\/avatar\/?s=96&d=mm&r=g\",\"contentUrl\":\"https:\/\/secure.gravatar.com\/avatar\/?s=96&d=mm&r=g\",\"caption\":\"Thiago Cavalcante Gomes\"},\"url\":\"https:\/\/www.estrategiaconcursos.com.br\/blog\/author\/thiago-gomes\/\"}]}<\/script>\n<!-- \/ Yoast SEO Premium plugin. -->","yoast_head_json":{"title":"Reforma administrativa: proposta n\u00e3o deve avan\u00e7ar em 2022","description":"O presidente Bolsonaro comentou que a proposta da reforma administrativa (PEC 32), j\u00e1 aprovada em comiss\u00e3o especial n\u00e3o deve avan\u00e7ar em 2022.","robots":{"index":"index","follow":"follow","max-snippet":"max-snippet:-1","max-image-preview":"max-image-preview:large","max-video-preview":"max-video-preview:-1"},"canonical":"https:\/\/www.estrategiaconcursos.com.br\/blog\/reforma-administrativa-proposta-nao-deve-avancar-em-2022\/","og_locale":"pt_BR","og_type":"article","og_title":"Reforma administrativa: proposta n\u00e3o deve avan\u00e7ar em 2022","og_description":"O presidente Bolsonaro comentou que a proposta da reforma administrativa (PEC 32), j\u00e1 aprovada em comiss\u00e3o especial n\u00e3o deve avan\u00e7ar em 2022.","og_url":"https:\/\/www.estrategiaconcursos.com.br\/blog\/reforma-administrativa-proposta-nao-deve-avancar-em-2022\/","og_site_name":"Estrat\u00e9gia Concursos","article_published_time":"2022-01-12T15:32:58+00:00","article_modified_time":"2022-01-13T12:34:35+00:00","og_image":[{"width":768,"height":432,"url":"https:\/\/dhg1h5j42swfq.cloudfront.net\/2021\/04\/20121239\/2022_concursos.jpeg","type":"image\/jpeg"}],"author":"Thiago Cavalcante Gomes","twitter_card":"summary_large_image","twitter_creator":"@EstratConcursos","twitter_site":"@EstratConcursos","twitter_misc":{"Escrito por":"Thiago Cavalcante Gomes","Est. tempo de leitura":"2 minutos"},"schema":{"@context":"https:\/\/schema.org","@graph":[{"@type":"NewsArticle","@id":"https:\/\/www.estrategiaconcursos.com.br\/blog\/reforma-administrativa-proposta-nao-deve-avancar-em-2022\/#article","isPartOf":{"@id":"https:\/\/www.estrategiaconcursos.com.br\/blog\/reforma-administrativa-proposta-nao-deve-avancar-em-2022\/"},"author":{"name":"Thiago Cavalcante Gomes","@id":"https:\/\/www.estrategiaconcursos.com.br\/blog\/#\/schema\/person\/4970184533d0a3ffa5b0299ae0a2b21f"},"headline":"Reforma administrativa: proposta n\u00e3o deve avan\u00e7ar em 2022","datePublished":"2022-01-12T15:32:58+00:00","dateModified":"2022-01-13T12:34:35+00:00","mainEntityOfPage":{"@id":"https:\/\/www.estrategiaconcursos.com.br\/blog\/reforma-administrativa-proposta-nao-deve-avancar-em-2022\/"},"wordCount":313,"commentCount":0,"publisher":{"@id":"https:\/\/www.estrategiaconcursos.com.br\/blog\/#organization"},"image":{"@id":"https:\/\/www.estrategiaconcursos.com.br\/blog\/reforma-administrativa-proposta-nao-deve-avancar-em-2022\/#primaryimage"},"thumbnailUrl":"https:\/\/dhg1h5j42swfq.cloudfront.net\/2021\/04\/20121239\/2022_concursos.jpeg","articleSection":["Concursos P\u00fablicos","\u00daltimas not\u00edcias"],"inLanguage":"pt-BR","potentialAction":[{"@type":"CommentAction","name":"Comment","target":["https:\/\/www.estrategiaconcursos.com.br\/blog\/reforma-administrativa-proposta-nao-deve-avancar-em-2022\/#respond"]}],"copyrightYear":"2022","copyrightHolder":{"@id":"https:\/\/www.estrategiaconcursos.com.br\/blog\/#organization"}},{"@type":"WebPage","@id":"https:\/\/www.estrategiaconcursos.com.br\/blog\/reforma-administrativa-proposta-nao-deve-avancar-em-2022\/","url":"https:\/\/www.estrategiaconcursos.com.br\/blog\/reforma-administrativa-proposta-nao-deve-avancar-em-2022\/","name":"Reforma administrativa: proposta n\u00e3o deve avan\u00e7ar em 2022","isPartOf":{"@id":"https:\/\/www.estrategiaconcursos.com.br\/blog\/#website"},"primaryImageOfPage":{"@id":"https:\/\/www.estrategiaconcursos.com.br\/blog\/reforma-administrativa-proposta-nao-deve-avancar-em-2022\/#primaryimage"},"image":{"@id":"https:\/\/www.estrategiaconcursos.com.br\/blog\/reforma-administrativa-proposta-nao-deve-avancar-em-2022\/#primaryimage"},"thumbnailUrl":"https:\/\/dhg1h5j42swfq.cloudfront.net\/2021\/04\/20121239\/2022_concursos.jpeg","datePublished":"2022-01-12T15:32:58+00:00","dateModified":"2022-01-13T12:34:35+00:00","description":"O presidente Bolsonaro comentou que a proposta da reforma administrativa (PEC 32), j\u00e1 aprovada em comiss\u00e3o especial n\u00e3o deve avan\u00e7ar em 2022.","breadcrumb":{"@id":"https:\/\/www.estrategiaconcursos.com.br\/blog\/reforma-administrativa-proposta-nao-deve-avancar-em-2022\/#breadcrumb"},"inLanguage":"pt-BR","potentialAction":[{"@type":"ReadAction","target":["https:\/\/www.estrategiaconcursos.com.br\/blog\/reforma-administrativa-proposta-nao-deve-avancar-em-2022\/"]}]},{"@type":"ImageObject","inLanguage":"pt-BR","@id":"https:\/\/www.estrategiaconcursos.com.br\/blog\/reforma-administrativa-proposta-nao-deve-avancar-em-2022\/#primaryimage","url":"https:\/\/dhg1h5j42swfq.cloudfront.net\/2021\/04\/20121239\/2022_concursos.jpeg","contentUrl":"https:\/\/dhg1h5j42swfq.cloudfront.net\/2021\/04\/20121239\/2022_concursos.jpeg","width":768,"height":432,"caption":"Concursos 2022"},{"@type":"BreadcrumbList","@id":"https:\/\/www.estrategiaconcursos.com.br\/blog\/reforma-administrativa-proposta-nao-deve-avancar-em-2022\/#breadcrumb","itemListElement":[{"@type":"ListItem","position":1,"name":"In\u00edcio","item":"https:\/\/www.estrategiaconcursos.com.br\/blog\/"},{"@type":"ListItem","position":2,"name":"Reforma administrativa: proposta n\u00e3o deve avan\u00e7ar em 2022"}]},{"@type":"WebSite","@id":"https:\/\/www.estrategiaconcursos.com.br\/blog\/#website","url":"https:\/\/www.estrategiaconcursos.com.br\/blog\/","name":"Estrat\u00e9gia Concursos","description":"O blog da Estrat\u00e9gia Concursos traz not\u00edcias sobre concursos e artigos de professores oferecendo cursos para concursos (pdf + videaulas) no site.","publisher":{"@id":"https:\/\/www.estrategiaconcursos.com.br\/blog\/#organization"},"potentialAction":[{"@type":"SearchAction","target":{"@type":"EntryPoint","urlTemplate":"https:\/\/www.estrategiaconcursos.com.br\/blog\/?s={search_term_string}"},"query-input":{"@type":"PropertyValueSpecification","valueRequired":true,"valueName":"search_term_string"}}],"inLanguage":"pt-BR"},{"@type":"Organization","@id":"https:\/\/www.estrategiaconcursos.com.br\/blog\/#organization","name":"Estrat\u00e9gia Concursos","url":"https:\/\/www.estrategiaconcursos.com.br\/blog\/","logo":{"@type":"ImageObject","inLanguage":"pt-BR","@id":"https:\/\/www.estrategiaconcursos.com.br\/blog\/#\/schema\/logo\/image\/","url":"https:\/\/dhg1h5j42swfq.cloudfront.net\/2025\/06\/03203428\/logo_concursos-1.jpg","contentUrl":"https:\/\/dhg1h5j42swfq.cloudfront.net\/2025\/06\/03203428\/logo_concursos-1.jpg","width":230,"height":60,"caption":"Estrat\u00e9gia Concursos"},"image":{"@id":"https:\/\/www.estrategiaconcursos.com.br\/blog\/#\/schema\/logo\/image\/"},"sameAs":["https:\/\/x.com\/EstratConcursos"]},{"@type":"Person","@id":"https:\/\/www.estrategiaconcursos.com.br\/blog\/#\/schema\/person\/4970184533d0a3ffa5b0299ae0a2b21f","name":"Thiago Cavalcante Gomes","image":{"@type":"ImageObject","inLanguage":"pt-BR","@id":"https:\/\/secure.gravatar.com\/avatar\/?s=96&d=mm&r=g","url":"https:\/\/secure.gravatar.com\/avatar\/?s=96&d=mm&r=g","contentUrl":"https:\/\/secure.gravatar.com\/avatar\/?s=96&d=mm&r=g","caption":"Thiago Cavalcante Gomes"},"url":"https:\/\/www.estrategiaconcursos.com.br\/blog\/author\/thiago-gomes\/"}]}},"_links":{"self":[{"href":"https:\/\/www.estrategiaconcursos.com.br\/blog\/wp-json\/wp\/v2\/posts\/945423","targetHints":{"allow":["GET"]}}],"collection":[{"href":"https:\/\/www.estrategiaconcursos.com.br\/blog\/wp-json\/wp\/v2\/posts"}],"about":[{"href":"https:\/\/www.estrategiaconcursos.com.br\/blog\/wp-json\/wp\/v2\/types\/post"}],"author":[{"embeddable":true,"href":"https:\/\/www.estrategiaconcursos.com.br\/blog\/wp-json\/wp\/v2\/users\/2041"}],"replies":[{"embeddable":true,"href":"https:\/\/www.estrategiaconcursos.com.br\/blog\/wp-json\/wp\/v2\/comments?post=945423"}],"version-history":[{"count":6,"href":"https:\/\/www.estrategiaconcursos.com.br\/blog\/wp-json\/wp\/v2\/posts\/945423\/revisions"}],"predecessor-version":[{"id":946399,"href":"https:\/\/www.estrategiaconcursos.com.br\/blog\/wp-json\/wp\/v2\/posts\/945423\/revisions\/946399"}],"wp:featuredmedia":[{"embeddable":true,"href":"https:\/\/www.estrategiaconcursos.com.br\/blog\/wp-json\/wp\/v2\/media\/746120"}],"wp:attachment":[{"href":"https:\/\/www.estrategiaconcursos.com.br\/blog\/wp-json\/wp\/v2\/media?parent=945423"}],"wp:term":[{"taxonomy":"category","embeddable":true,"href":"https:\/\/www.estrategiaconcursos.com.br\/blog\/wp-json\/wp\/v2\/categories?post=945423"},{"taxonomy":"post_tag","embeddable":true,"href":"https:\/\/www.estrategiaconcursos.com.br\/blog\/wp-json\/wp\/v2\/tags?post=945423"},{"taxonomy":"tax_estado","embeddable":true,"href":"https:\/\/www.estrategiaconcursos.com.br\/blog\/wp-json\/wp\/v2\/tax_estado?post=945423"}],"curies":[{"name":"wp","href":"https:\/\/api.w.org\/{rel}","templated":true}]}}