{"id":945393,"date":"2025-10-01T11:59:00","date_gmt":"2025-10-01T14:59:00","guid":{"rendered":"https:\/\/www.estrategiaconcursos.com.br\/blog\/?p=945393"},"modified":"2025-10-01T18:06:25","modified_gmt":"2025-10-01T21:06:25","slug":"concurso-emater-df","status":"publish","type":"post","link":"https:\/\/www.estrategiaconcursos.com.br\/blog\/concurso-emater-df\/","title":{"rendered":"Concurso EMATER DF: 15 aprovados s\u00e3o convocados!"},"content":{"rendered":"\n<p>Saiu a convoca\u00e7\u00e3o de <strong>15 candidatos aprovados no concurso p\u00fablico<\/strong> <strong>EMATER DF<\/strong> (<a href=\"https:\/\/www.estrategiaconcursos.com.br\/cursosPorConcurso\/empresa-de-assistencia-tecnica-e-extensao-rural-do-distrito-federal-emater-df\/\" target=\"_blank\" rel=\"noreferrer noopener\">Empresa de Assist\u00eancia T\u00e9cnica e Extens\u00e3o Rural do DF<\/a>). A lista est\u00e1 dispon\u00edvel no Di\u00e1rio Oficial do Distrito Federal. <\/p>\n\n\n\n<p>Importante frisar que <strong>os aprovados dever\u00e3o comparecer na sede da Empresa at\u00e9 o dia 14 de outubro<\/strong>, nos hor\u00e1rios de 08h30 \u00e0s 11h30 e de 14h00 \u00e0s 16h30, para tratarem de assuntos referentes \u00e0s suas contrata\u00e7\u00f5es.<\/p>\n\n\n\n<p>Caso o candidato n\u00e3o compare\u00e7a no per\u00edodo estabelecido, ser\u00e1 considerada a desist\u00eancia do respectivo emprego\/especialidade.<\/p>\n\n\n\n<p>Os aprovados no quadro de pessoal da EMATER ser\u00e3o regidos pela Consolida\u00e7\u00e3o das Leis do Trabalho (CLT), e far\u00e3o jus aos direitos, \u00e0s vantagens e \u00e0s obriga\u00e7\u00f5es previstas em lei.<\/p>\n\n\n\n<ul class=\"wp-block-list\">\n<li><a href=\"https:\/\/www.iades.com.br\/inscricao\/upload\/329\/2025093012825214.pdf\" target=\"_blank\" rel=\"noreferrer noopener\"><strong>Convoca\u00e7\u00e3o de aprovados!<\/strong><\/a><\/li>\n<\/ul>\n\n\n\n<p>A disputa ocorreu por uma das <strong>35 vagas imediatas, mais 91 em CR, <\/strong>para diversos cargos de n\u00edveis m\u00e9dio e superior. No total, foram registrados 20.915 <a href=\"https:\/\/dhg1h5j42swfq.cloudfront.net\/2024\/05\/16120256\/20240315115921830.pdf\" target=\"_blank\" rel=\"noreferrer noopener nofollow\">inscritos<\/a>.<\/p>\n\n\n\n<p>As oportunidades oferecem sal\u00e1rios iniciais que podem variar entre <strong>R$ 4,7 mil e 6,3 mil<\/strong>, dependendo da fun\u00e7\u00e3o desejada. Os futuros servidores ter\u00e3o que cumprir jornadas de <strong>40 horas semanais<\/strong>.<\/p>\n\n\n\n<ul style=\"background-color:#dee3e7\" class=\"wp-block-list has-background\">\n<li><strong><\/strong><strong>Empresa de Assist\u00eancia T\u00e9cnica e Extens\u00e3o Rural do DF<\/strong><\/li>\n\n\n\n<li><strong style=\"color: initial;\">Status:\u00a0<\/strong>homologado<\/li>\n\n\n\n<li><strong>Banca:<\/strong>&nbsp;<a href=\"https:\/\/www.iades.com.br\/inscricao\/ProcessoSeletivo.aspx?id=a09780e9\" target=\"_blank\" rel=\"noreferrer noopener\">IADES<\/a><\/li>\n\n\n\n<li><strong>Vagas:<\/strong> 35 + 91 CR<\/li>\n\n\n\n<li><strong>Sal\u00e1rio inicial:<\/strong>&nbsp;R$ 4.766,69 a R$ 6.310,06<\/li>\n\n\n\n<li><strong>Edital<\/strong>:&nbsp;<a href=\"https:\/\/dhg1h5j42swfq.cloudfront.net\/2023\/09\/20145407\/2023092084333.pdf\" target=\"_blank\" rel=\"noreferrer noopener nofollow\">Emater DF 2023<\/a><\/li>\n<\/ul>\n\n\n\n<p>Neste artigo voc\u00ea encontra todas as informa\u00e7\u00f5es acerca do novo concurso EMATER DF. Acompanhe pelos t\u00f3picos abaixo:<\/p>\n\n\n\n<ul id=\"indice\" class=\"wp-block-list\">\n<li><a href=\"#vagas\"><strong>Distribui\u00e7\u00e3o das vagas<\/strong><\/a>\n<ul class=\"wp-block-list\">\n<li><a href=\"#superior\">N\u00edvel superior<\/a><\/li>\n\n\n\n<li><a href=\"#medio\">N\u00edvel m\u00e9dio<\/a><\/li>\n<\/ul>\n<\/li>\n\n\n\n<li><a href=\"#carreira\"><strong>Carreira<\/strong><\/a>\n<ul class=\"wp-block-list\">\n<li><a href=\"#remuneracao\">Remunera\u00e7\u00e3o<\/a><\/li>\n\n\n\n<li><a href=\"#beneficios\">Benef\u00edcios<\/a><\/li>\n\n\n\n<li><a href=\"#requisitos\">Requisitos<\/a><\/li>\n<\/ul>\n<\/li>\n\n\n\n<li><a href=\"#etapas\"><strong>Etapas<\/strong><\/a>\n<ul class=\"wp-block-list\">\n<li><a href=\"#objetiva\">Prova objetiva<\/a><\/li>\n\n\n\n<li><a href=\"#discursiva\">Prova discursiva<\/a><\/li>\n<\/ul>\n<\/li>\n\n\n\n<li><a href=\"#sobre\"><strong>Sobre<\/strong><\/a><\/li>\n\n\n\n<li><a href=\"#estudar\"><strong>Assinatura e cursos<\/strong><\/a><\/li>\n\n\n\n<li><a href=\"#ficha\"><strong>Ficha t\u00e9cnica<\/strong><\/a><\/li>\n<\/ul>\n\n\n\n<div class=\"container\" id=\"boxes\">\n  <div class=\"row\">\n\n    <div class=\"col-sm\">\n      <div class=\"banner-adm\" id=\"box-assinatura\">\n        <h3 class=\"titulo-assinatura\">Cursos EMATER DF<\/h3>\n        <p class=\"subtitulo-assinatura\">Estude conosco<\/p>\n        <div class=\"box-botao\">\n          <a class=\"btn-assinatura\" target=\"_blank\" href=\"https:\/\/www.estrategiaconcursos.com.br\/cursosPorConcurso\/empresa-de-assistencia-tecnica-e-extensao-rural-do-distrito-federal-emater-df\/\" role=\"button\" rel=\"noopener noreferrer\">Conhe\u00e7a os cursos<\/a>\n        <\/div>\n      <\/div>\n     \n    <\/div>\n\n  <\/div>\n<\/div>\n\n\n\n<h2 class=\"wp-block-heading\" id=\"vagas\">Concurso EMATER DF: distribui\u00e7\u00e3o das vagas<\/h2>\n\n\n\n<h3 class=\"wp-block-heading\" id=\"superior\">Cargos de n\u00edvel superior<\/h3>\n\n\n\n<figure class=\"wp-block-table is-style-stripes\"><table><thead><tr><th class=\"has-text-align-center\" data-align=\"center\">Extensionista Rural (NS)<\/th><th class=\"has-text-align-center\" data-align=\"center\">Total de vagas<\/th><th class=\"has-text-align-center\" data-align=\"center\">Vagas CR<\/th><\/tr><\/thead><tbody><tr><td class=\"has-text-align-center\" data-align=\"center\">Economia Dom\u00e9stica<\/td><td class=\"has-text-align-center\" data-align=\"center\">1<\/td><td class=\"has-text-align-center\" data-align=\"center\">6<\/td><\/tr><tr><td class=\"has-text-align-center\" data-align=\"center\">Engenharia Agron\u00f4mica<\/td><td class=\"has-text-align-center\" data-align=\"center\">7<\/td><td class=\"has-text-align-center\" data-align=\"center\">27<\/td><\/tr><tr><td class=\"has-text-align-center\" data-align=\"center\">Medicina Veterin\u00e1ria<\/td><td class=\"has-text-align-center\" data-align=\"center\">6<\/td><td class=\"has-text-align-center\" data-align=\"center\">15<\/td><\/tr><\/tbody><\/table><figcaption class=\"wp-element-caption\">Vagas para Extensionista Rural de n\u00edvel superior<\/figcaption><\/figure>\n\n\n\n<p><\/p>\n\n\n\n<figure class=\"wp-block-table is-style-stripes\"><table><thead><tr><th class=\"has-text-align-center\" data-align=\"center\">T\u00e9cnico Especializado (NS)<\/th><th class=\"has-text-align-center\" data-align=\"center\">Total de vagas<\/th><th class=\"has-text-align-center\" data-align=\"center\">Vagas CR<\/th><\/tr><\/thead><tbody><tr><td class=\"has-text-align-center\" data-align=\"center\">Administra\u00e7\u00e3o<\/td><td class=\"has-text-align-center\" data-align=\"center\">2<\/td><td class=\"has-text-align-center\" data-align=\"center\">11<\/td><\/tr><tr><td class=\"has-text-align-center\" data-align=\"center\">Ci\u00eancias Econ\u00f4micas<\/td><td class=\"has-text-align-center\" data-align=\"center\">1<\/td><td class=\"has-text-align-center\" data-align=\"center\">3<\/td><\/tr><tr><td class=\"has-text-align-center\" data-align=\"center\">Contabilidade<\/td><td class=\"has-text-align-center\" data-align=\"center\">2<\/td><td class=\"has-text-align-center\" data-align=\"center\">2<\/td><\/tr><tr><td class=\"has-text-align-center\" data-align=\"center\">Direito<\/td><td class=\"has-text-align-center\" data-align=\"center\">2<\/td><td class=\"has-text-align-center\" data-align=\"center\">3<\/td><\/tr><tr><td class=\"has-text-align-center\" data-align=\"center\">Tecnologia da Informa\u00e7\u00e3o<\/td><td class=\"has-text-align-center\" data-align=\"center\">1<\/td><td class=\"has-text-align-center\" data-align=\"center\">1<\/td><\/tr><\/tbody><\/table><figcaption class=\"wp-element-caption\">Vagas para T\u00e9cnico Especializado de n\u00edvel superior<\/figcaption><\/figure>\n\n\n\n<h3 class=\"wp-block-heading\" id=\"medio\">Cargos de n\u00edvel m\u00e9dio<\/h3>\n\n\n\n<figure class=\"wp-block-table is-style-stripes\"><table><thead><tr><th class=\"has-text-align-center\" data-align=\"center\">Extensionista Rural (NM)<\/th><th class=\"has-text-align-center\" data-align=\"center\">Total de vagas<\/th><th class=\"has-text-align-center\" data-align=\"center\">Vagas CR<\/th><\/tr><\/thead><tbody><tr><td class=\"has-text-align-center\" data-align=\"center\">Agroind\u00fastria<\/td><td class=\"has-text-align-center\" data-align=\"center\">1<\/td><td class=\"has-text-align-center\" data-align=\"center\">4<\/td><\/tr><tr><td class=\"has-text-align-center\" data-align=\"center\">Agropecu\u00e1ria<\/td><td class=\"has-text-align-center\" data-align=\"center\">2<\/td><td class=\"has-text-align-center\" data-align=\"center\">5<\/td><\/tr><tr><td class=\"has-text-align-center\" data-align=\"center\">Assistente Administrativo<\/td><td class=\"has-text-align-center\" data-align=\"center\">10<\/td><td class=\"has-text-align-center\" data-align=\"center\">14<\/td><\/tr><\/tbody><\/table><figcaption class=\"wp-element-caption\">Vagas para Extensionista Rural de n\u00edvel m\u00e9dio<\/figcaption><\/figure>\n\n\n\n<h2 class=\"wp-block-heading\" id=\"carreira\">Concurso EMATER DF: carreira<\/h2>\n\n\n\n<h3 class=\"wp-block-heading\" id=\"remuneracao\">Remunera\u00e7\u00e3o<\/h3>\n\n\n\n<ul class=\"wp-block-list\">\n<li>Extensionista Rural N\u00edvel Superior e T\u00e9cnico Especializado: <strong>R$ 6.310,06;<\/strong><\/li>\n\n\n\n<li>Extensionista Rural N\u00edvel M\u00e9dio: <strong>R$ 5.218,06<\/strong>;<\/li>\n\n\n\n<li>Assistente Administrativo: <strong>R$ 4.766,69<\/strong>.<\/li>\n<\/ul>\n\n\n\n<h3 class=\"wp-block-heading\" id=\"beneficios\">Benef\u00edcios<\/h3>\n\n\n\n<ul class=\"wp-block-list\">\n<li><strong>Aux\u00edlios Refei\u00e7\u00e3o\/Alimenta\u00e7\u00e3o<\/strong> nos termos da legisla\u00e7\u00e3o e do Acordo Coletivo de Trabalho vigente;<\/li>\n\n\n\n<li><strong>Aux\u00edlio natalidade, Aux\u00edlio creche, Licen\u00e7as Maternidade e Paternidade<\/strong> estendidas nos termos da legisla\u00e7\u00e3o e do Acordo Coletivo de Trabalho vigente;<\/li>\n\n\n\n<li>Possibilidade de <strong>participa\u00e7\u00e3o em Plano de Previd\u00eancia Complementar<\/strong> nos termos da legisla\u00e7\u00e3o e do Acordo Coletivo de Trabalho vigente; e<\/li>\n\n\n\n<li>E outros benef\u00edcios previstos no Acordo Coletivo de Trabalho vigente.<\/li>\n<\/ul>\n\n\n\n<h3 class=\"wp-block-heading\" id=\"requisitos\">Quais os requisitos dos cargos?<\/h3>\n\n\n\n<p><strong>Economia Dom\u00e9stica:<\/strong> Diploma de gradua\u00e7\u00e3o em Economia Dom\u00e9stica; registro no Conselho de Classe; e CNH Categoria B ou superior.<\/p>\n\n\n\n<p><strong>Engenharia Agron\u00f4mica:<\/strong> Diploma de gradua\u00e7\u00e3o em Engenharia Agron\u00f4mica; registro no Conselho de Classe; e CNH Categoria B ou superior.<\/p>\n\n\n\n<p><strong>Medicina<\/strong> <strong>Veterin\u00e1ria:<\/strong> Diploma de gradua\u00e7\u00e3o em Medicina Veterin\u00e1ria; registro no Conselho de Classe; e CNH Categoria B ou superior.<\/p>\n\n\n\n<p><strong>Administra\u00e7\u00e3o:<\/strong> Diploma de gradua\u00e7\u00e3o em Administra\u00e7\u00e3o P\u00fablica ou de Empresas; registro no Conselho de Classe; e CNH Categoria B ou superior.<\/p>\n\n\n\n<p><strong>Ci\u00eancias<\/strong> <strong>Econ\u00f4micas:<\/strong> Diploma de gradua\u00e7\u00e3o em Ci\u00eancias Econ\u00f4micas; registro no Conselho de Classe; e CNH Categoria B ou superior.<\/p>\n\n\n\n<p><strong>Contabilidade:<\/strong> Diploma de gradua\u00e7\u00e3o em Ci\u00eancias Cont\u00e1beis; e registro no Conselho de Classe.<\/p>\n\n\n\n<p><strong>Direito:<\/strong> Diploma de gradua\u00e7\u00e3o em Direito; registro no Conselho de Classe; e CNH Categoria B ou superior.<\/p>\n\n\n\n<p><strong>Tecnologia da Informa\u00e7\u00e3o: <\/strong>Diploma de gradua\u00e7\u00e3o em Ci\u00eancia da Computa\u00e7\u00e3o, Engenharia da Computa\u00e7\u00e3o ou Sistemas de Informa\u00e7\u00e3o; registro no Conselho de Classe; e CNH Categoria B ou superior.<\/p>\n\n\n\n<p><strong>Agroind\u00fastria: <\/strong>Certificado de conclus\u00e3o de curso de n\u00edvel m\u00e9dio e curso T\u00e9cnico em Agroind\u00fastria;<br \/>registro no Conselho de Classe; e CNH Categoria B ou superior.<\/p>\n\n\n\n<p><strong>Agropecu\u00e1ria: <\/strong>Certificado de conclus\u00e3o de curso de n\u00edvel m\u00e9dio e curso T\u00e9cnico em Agropecu\u00e1ria;<br \/>registro no Conselho de Classe; e CNH Categoria B ou superior.<\/p>\n\n\n\n<p><strong>Assistente Administrativo:<\/strong> Certificado de conclus\u00e3o de curso de n\u00edvel m\u00e9dio; e possuir CNH Categoria B ou superior.<\/p>\n\n\n\n<h2 class=\"wp-block-heading\" id=\"etapas\">Etapas de prova do concurso Emater DF<\/h2>\n\n\n\n<p>O Concurso P\u00fablico <strong>ocorreu em tr\u00eas fases<\/strong>:<\/p>\n\n\n\n<ul class=\"wp-block-list\">\n<li>a aplica\u00e7\u00e3o de <strong>prova objetiva<\/strong>, de car\u00e1ter eliminat\u00f3rio e classificat\u00f3rio, para todos os empregos;<\/li>\n\n\n\n<li>a aplica\u00e7\u00e3o de <strong>prova discursiva<\/strong>, de car\u00e1ter eliminat\u00f3rio e classificat\u00f3rio, para os empregos de N\u00edvel Superior; e<\/li>\n\n\n\n<li>a aplica\u00e7\u00e3o de <strong>prova de reda\u00e7\u00e3o<\/strong>, de car\u00e1ter eliminat\u00f3rio e classificat\u00f3rio, para os empregos de N\u00edvel M\u00e9dio.<\/li>\n<\/ul>\n\n\n\n<h3 class=\"wp-block-heading\" id=\"objetiva\">Prova Objetiva<\/h3>\n\n\n\n<ul class=\"wp-block-list\">\n<li>para o <strong>Extensionista Rural de N\u00edvel Superior e T\u00e9cnico Especializado<\/strong> as provas objetiva e discursiva foram aplicadas no dia<strong> 10 de mar\u00e7o<\/strong>, no turno da <strong>matutino <\/strong>e com a dura\u00e7\u00e3o de <strong>4 horas e 30 minutos<\/strong>;<\/li>\n\n\n\n<li>para o <strong>Extensionista Rural-N\u00edvel M\u00e9dio<\/strong>, as provas objetiva e discursiva foram aplicadas no dia <strong>10 de mar\u00e7o<\/strong>, no turno da <strong>vespertino <\/strong>e com a dura\u00e7\u00e3o de<strong> 4 horas e 30 minutos<\/strong>; e<\/li>\n\n\n\n<li>para o <strong>Grupo Ocupacional de Apoio Administrativo e Servi\u00e7os Gerais (Assistente Administrativo)<\/strong>, a prova objetiva e a reda\u00e7\u00e3o foram aplicadas no dia <strong>17 de mar\u00e7o<\/strong>, no turno da <strong>vespertino <\/strong>e com a dura\u00e7\u00e3o de <strong>4 horas<\/strong>.<\/li>\n<\/ul>\n\n\n\n<p>Para os empregos de N\u00edvel Superior, a prova objetiva foi composta de <strong>60 quest\u00f5es<\/strong>, de m\u00faltipla escolha, com 5 alternativas em cada quest\u00e3o, para escolha de 1 (uma) \u00fanica resposta correta.<\/p>\n\n\n\n<figure class=\"wp-block-image aligncenter size-large\"><img loading=\"lazy\" decoding=\"async\" width=\"1024\" height=\"207\" src=\"https:\/\/dhg1h5j42swfq.cloudfront.net\/2023\/09\/20085333\/image-225-1024x207.png\" alt=\"Tabela de detalhes da Prova Objetiva para os candidatos com n\u00edvel superior\" class=\"wp-image-1280155\" srcset=\"https:\/\/dhg1h5j42swfq.cloudfront.net\/2023\/09\/20085333\/image-225-1024x207.png 1024w, https:\/\/dhg1h5j42swfq.cloudfront.net\/2023\/09\/20085333\/image-225-300x61.png 300w, https:\/\/dhg1h5j42swfq.cloudfront.net\/2023\/09\/20085333\/image-225-768x155.png 768w, https:\/\/dhg1h5j42swfq.cloudfront.net\/2023\/09\/20085333\/image-225-610x123.png 610w, https:\/\/dhg1h5j42swfq.cloudfront.net\/2023\/09\/20085333\/image-225-150x30.png 150w, https:\/\/dhg1h5j42swfq.cloudfront.net\/2023\/09\/20085333\/image-225.png 1202w\" sizes=\"auto, (max-width: 1024px) 100vw, 1024px\" \/><\/figure>\n\n\n\n<p>Para os empregos de N\u00edvel M\u00e9dio, a prova foi composta por <strong>50 quest\u00f5es<\/strong>, de m\u00faltipla escolha:<\/p>\n\n\n\n<figure class=\"wp-block-image aligncenter size-large\"><img loading=\"lazy\" decoding=\"async\" width=\"1024\" height=\"204\" src=\"https:\/\/dhg1h5j42swfq.cloudfront.net\/2023\/09\/20085440\/image-226-1024x204.png\" alt=\"Tabela de detalhes da Prova Objetiva para os candidatos com n\u00edvel m\u00e9dio\" class=\"wp-image-1280157\" srcset=\"https:\/\/dhg1h5j42swfq.cloudfront.net\/2023\/09\/20085440\/image-226-1024x204.png 1024w, https:\/\/dhg1h5j42swfq.cloudfront.net\/2023\/09\/20085440\/image-226-300x60.png 300w, https:\/\/dhg1h5j42swfq.cloudfront.net\/2023\/09\/20085440\/image-226-768x153.png 768w, https:\/\/dhg1h5j42swfq.cloudfront.net\/2023\/09\/20085440\/image-226-610x122.png 610w, https:\/\/dhg1h5j42swfq.cloudfront.net\/2023\/09\/20085440\/image-226-150x30.png 150w, https:\/\/dhg1h5j42swfq.cloudfront.net\/2023\/09\/20085440\/image-226.png 1202w\" sizes=\"auto, (max-width: 1024px) 100vw, 1024px\" \/><\/figure>\n\n\n\n<p>O candidato n\u00e3o p\u00f4de, sob pena de elimina\u00e7\u00e3o do certame:<\/p>\n\n\n\n<ul class=\"wp-block-list\">\n<li>obter pontua\u00e7\u00e3o igual a 0 nas quest\u00f5es de L\u00edngua Portuguesa;<\/li>\n\n\n\n<li>obter pontua\u00e7\u00e3o menor que 50% nas quest\u00f5es de Conhecimentos B\u00e1sicos; e<\/li>\n\n\n\n<li>obter pontua\u00e7\u00e3o menor que 50% nas quest\u00f5es de Conhecimentos Espec\u00edficos.<\/li>\n<\/ul>\n\n\n\n<h3 class=\"wp-block-heading\" id=\"discursiva\">Prova Discursiva\/Reda\u00e7\u00e3o<\/h3>\n\n\n\n<p>A <strong>prova discursiva<\/strong> teve o objetivo de avaliar, com base em proposta relacionada aos Conhecimentos Espec\u00edficos de acordo com a especialidade do cargo, a capacidade de express\u00e3o na modalidade escrita e o uso das normas do registro formal culto da L\u00edngua Portuguesa. Recebeu pontua\u00e7\u00e3o m\u00e1xima igual a 20,00 pontos<\/p>\n\n\n\n<p>A <strong>reda\u00e7\u00e3o <\/strong>consistiu na elabora\u00e7\u00e3o de texto dissertativo-argumentativo, com extens\u00e3o m\u00ednima de 20 linhas e m\u00e1xima de 30 linhas, com base no conhecimento espec\u00edfico de cada especialidade, primando pela clareza, precis\u00e3o, consist\u00eancia e concis\u00e3o. Receber\u00e1 pontua\u00e7\u00e3o m\u00e1xima igual a 10,00 pontos.<\/p>\n\n\n\n<h2 class=\"wp-block-heading\" id=\"sobre\">Sobre a EMATER DF<\/h2>\n\n\n\n<p>A Emater-DF \u00e9 uma empresa p\u00fablica, vinculada \u00e0 Secretaria de Agricultura, Abastecimento e Desenvolvimento Rural do DF. F<\/p>\n\n\n\n<p>Foi criada com o objetivo de promover o desenvolvimento rural sustent\u00e1vel e a seguran\u00e7a alimentar em benef\u00edcio da sociedade do DF e Entorno, atendendo a mais de 15 mil produtores rurais.<\/p>\n\n\n\n<p>A empresa possui escrit\u00f3rios locais distribu\u00eddos nas regi\u00f5es administrativas do DF e um Centro de Forma\u00e7\u00e3o Tecnol\u00f3gica e Desenvolvimento Profissional (Cefor).<\/p>\n\n\n\n<hr class=\"wp-block-separator has-css-opacity\"\/>\n\n\n\n<h2 class=\"wp-block-heading has-text-align-center\" id=\"estudar\"><em>Quer estudar para o concurso EMATER DF?<\/em><\/h2>\n\n\n\n<div class=\"container\" id=\"boxes\">\n  <div class=\"row\">\n\n    <div class=\"col-sm\">\n      <div class=\"banner-adm\" id=\"box-assinatura\">\n        <h3 class=\"titulo-assinatura\">Cursos EMATER DF<\/h3>\n        <p class=\"subtitulo-assinatura\">Estude conosco<\/p>\n        <div class=\"box-botao\">\n          <a class=\"btn-assinatura\" target=\"_blank\" href=\"https:\/\/www.estrategiaconcursos.com.br\/cursosPorConcurso\/empresa-de-assistencia-tecnica-e-extensao-rural-do-distrito-federal-emater-df\/\" role=\"button\" rel=\"noopener noreferrer\">Conhe\u00e7a os cursos<\/a>\n        <\/div>\n      <\/div>\n     \n    <\/div>\n\n  <\/div>\n<\/div>\n\n\n\n<div class=\"container\" id=\"boxes\">\r\n  <div class=\"row\">\r\n\r\n    <div class=\"col-sm\">\r\n      <div class=\"estrategia\" id=\"box-assinatura\">\r\n        <h3 class=\"titulo-assinatura\">Assinatura Concursos<\/h3>\r\n        <p class=\"subtitulo-assinatura\">Assinatura de 1 ano ou 2 anos<\/p>\r\n        <div class=\"box-botao\">\r\n          <a class=\"btn-assinatura\" target=\"_blank\" href=\"https:\/\/www.estrategiaconcursos.com.br\/assinaturas\/\" role=\"button\" rel=\"noopener noreferrer\">ASSINE AGORA<\/a>\r\n        <\/div>\r\n      <\/div><\/div><\/div><\/div>\n\n\n\n<h2 class=\"wp-block-heading has-text-align-center\" id=\"quer-saber-tudo-sobre-concursos-previstos-confira-nossos-artigos\">Quer saber tudo sobre concursos previstos?<br \/>Confira nossos artigos!<\/h2>\n\n\n\n<ul class=\"wp-block-list\">\n<li><a href=\"https:\/\/www.estrategiaconcursos.com.br\/blog\/concursos-abertos\/\" target=\"_blank\" rel=\"noreferrer noopener\">Concursos Abertos<\/a><\/li>\n\n\n\n<li><a href=\"https:\/\/www.estrategiaconcursos.com.br\/blog\/concursos-2025\/\" target=\"_blank\" rel=\"noreferrer noopener\">Concursos 2025<\/a><\/li>\n\n\n\n<li><a href=\"https:\/\/www.estrategiaconcursos.com.br\/blog\/concursos-2026\/\" target=\"_blank\" rel=\"noreferrer noopener\">Concursos 2026<\/a><\/li>\n\n\n\n<li><a href=\"https:\/\/www.estrategiaconcursos.com.br\/blog\/concursos-df\/\" target=\"_blank\" rel=\"noreferrer noopener\">Concursos DF<\/a><\/li>\n<\/ul>\n\n\n\n<figure class=\"wp-block-image is-resized\"><img loading=\"lazy\" decoding=\"async\" width=\"1024\" height=\"632\" src=\"https:\/\/dhg1h5j42swfq.cloudfront.net\/2021\/08\/02092425\/ficha-tecnica-1024x632.png\" alt=\"Informa\u00e7\u00f5es do concurso EMATER DF\" class=\"wp-image-826813\" style=\"width:233px;height:144px\" srcset=\"https:\/\/dhg1h5j42swfq.cloudfront.net\/2021\/08\/02092425\/ficha-tecnica-1024x632.png 1024w, https:\/\/dhg1h5j42swfq.cloudfront.net\/2021\/08\/02092425\/ficha-tecnica-300x185.png 300w, https:\/\/dhg1h5j42swfq.cloudfront.net\/2021\/08\/02092425\/ficha-tecnica-768x474.png 768w, https:\/\/dhg1h5j42swfq.cloudfront.net\/2021\/08\/02092425\/ficha-tecnica-1536x948.png 1536w, https:\/\/dhg1h5j42swfq.cloudfront.net\/2021\/08\/02092425\/ficha-tecnica-610x377.png 610w, https:\/\/dhg1h5j42swfq.cloudfront.net\/2021\/08\/02092425\/ficha-tecnica.png 1571w\" sizes=\"auto, (max-width: 1024px) 100vw, 1024px\" \/><\/figure>\n\n\n\n<h3 class=\"wp-block-heading\" id=\"ficha\">Informa\u00e7\u00f5es do concurso EMATER DF<\/h3>\n\n\n\n<ul class=\"wp-block-list\">\n<li><strong>Ano:<\/strong>&nbsp;2023\/2024<\/li>\n\n\n\n<li><strong>Vagas:<\/strong>&nbsp;35 + 91 CR<\/li>\n\n\n\n<li><strong>Cargos:<\/strong>&nbsp;V\u00e1rios<\/li>\n\n\n\n<li><strong>Banca:&nbsp;<\/strong>IADES<\/li>\n\n\n\n<li><strong>Escolaridade:&nbsp;<\/strong>N\u00edveis m\u00e9dio e superior<\/li>\n\n\n\n<li><strong>Edital:&nbsp;<\/strong><a href=\"https:\/\/dhg1h5j42swfq.cloudfront.net\/2023\/09\/20145407\/2023092084333.pdf\" target=\"_blank\" rel=\"noreferrer noopener\">Emater DF 2023<\/a> | <a href=\"https:\/\/dhg1h5j42swfq.cloudfront.net\/2024\/01\/09113736\/df.pdf\" target=\"_blank\" rel=\"noreferrer noopener nofollow\">Retifica\u00e7\u00e3o<\/a> | <a href=\"https:\/\/dhg1h5j42swfq.cloudfront.net\/2024\/04\/19072403\/diariooficial-2024-04-19t061505-869-82.pdf\" target=\"_blank\" rel=\"noreferrer noopener nofollow\">Retifica\u00e7\u00e3o II<\/a><\/li>\n<\/ul>\n","protected":false},"excerpt":{"rendered":"<p>Saiu a convoca\u00e7\u00e3o de 15 candidatos aprovados no concurso p\u00fablico EMATER DF (Empresa de Assist\u00eancia T\u00e9cnica e Extens\u00e3o Rural do DF). A lista est\u00e1 dispon\u00edvel no Di\u00e1rio Oficial do Distrito Federal. Importante frisar que os aprovados dever\u00e3o comparecer na sede da Empresa at\u00e9 o dia 14 de outubro, nos hor\u00e1rios de 08h30 \u00e0s 11h30 e [&hellip;]<\/p>\n","protected":false},"author":1,"featured_media":1061154,"comment_status":"open","ping_status":"closed","sticky":false,"template":"","format":"standard","meta":{"post_tipo":"news_page","footnotes":""},"categories":[214992],"tags":[],"tax_estado":[219970],"class_list":["post-945393","post","type-post","status-publish","format-standard","has-post-thumbnail","hentry","category-concursos-administrativos","tax_estado-df"],"acf":[],"yoast_head":"<!-- This site is optimized with the Yoast SEO Premium plugin v27.2 (Yoast SEO v27.2) - https:\/\/yoast.com\/product\/yoast-seo-premium-wordpress\/ -->\n<title>Concurso EMATER DF: 15 aprovados s\u00e3o convocados!<\/title>\n<meta name=\"description\" content=\"Concurso EMATER DF: saiu a convoca\u00e7\u00e3o de 15 aprovados. S\u00e3o 35 vagas + 91 CR para cargos de n\u00edveis m\u00e9dio e superior.\" \/>\n<meta name=\"robots\" content=\"index, follow, max-snippet:-1, max-image-preview:large, max-video-preview:-1\" \/>\n<link rel=\"canonical\" href=\"https:\/\/www.estrategiaconcursos.com.br\/blog\/concurso-emater-df\/\" \/>\n<meta property=\"og:locale\" content=\"pt_BR\" \/>\n<meta property=\"og:type\" content=\"article\" \/>\n<meta property=\"og:title\" content=\"Concurso EMATER DF: 15 aprovados s\u00e3o convocados!\" \/>\n<meta property=\"og:description\" content=\"Concurso EMATER DF: saiu a convoca\u00e7\u00e3o de 15 aprovados. S\u00e3o 35 vagas + 91 CR para cargos de n\u00edveis m\u00e9dio e superior.\" \/>\n<meta property=\"og:url\" content=\"https:\/\/www.estrategiaconcursos.com.br\/blog\/concurso-emater-df\/\" \/>\n<meta property=\"og:site_name\" content=\"Estrat\u00e9gia Concursos\" \/>\n<meta property=\"article:author\" content=\"https:\/\/www.facebook.com\/EstrategiaConcursos\" \/>\n<meta property=\"article:published_time\" content=\"2025-10-01T14:59:00+00:00\" \/>\n<meta property=\"article:modified_time\" content=\"2025-10-01T21:06:25+00:00\" \/>\n<meta property=\"og:image\" content=\"https:\/\/dhg1h5j42swfq.cloudfront.net\/2022\/07\/14135904\/emater_df.jpg\" \/>\n\t<meta property=\"og:image:width\" content=\"768\" \/>\n\t<meta property=\"og:image:height\" content=\"432\" \/>\n\t<meta property=\"og:image:type\" content=\"image\/jpeg\" \/>\n<meta name=\"author\" content=\"Coordena\u00e7\u00e3o\" \/>\n<meta name=\"twitter:card\" content=\"summary_large_image\" \/>\n<meta name=\"twitter:creator\" content=\"@EstratConcursos\" \/>\n<meta name=\"twitter:site\" content=\"@EstratConcursos\" \/>\n<meta name=\"twitter:label1\" content=\"Escrito por\" \/>\n\t<meta name=\"twitter:data1\" content=\"Coordena\u00e7\u00e3o\" \/>\n\t<meta name=\"twitter:label2\" content=\"Est. tempo de leitura\" \/>\n\t<meta name=\"twitter:data2\" content=\"5 minutos\" \/>\n<script type=\"application\/ld+json\" class=\"yoast-schema-graph\">{\"@context\":\"https:\/\/schema.org\",\"@graph\":[{\"@type\":\"NewsArticle\",\"@id\":\"https:\/\/www.estrategiaconcursos.com.br\/blog\/concurso-emater-df\/#article\",\"isPartOf\":{\"@id\":\"https:\/\/www.estrategiaconcursos.com.br\/blog\/concurso-emater-df\/\"},\"author\":{\"name\":\"Coordena\u00e7\u00e3o\",\"@id\":\"https:\/\/www.estrategiaconcursos.com.br\/blog\/#\/schema\/person\/b4a388c97673c5f483d72185668afa1f\"},\"headline\":\"Concurso EMATER DF: 15 aprovados s\u00e3o convocados!\",\"datePublished\":\"2025-10-01T14:59:00+00:00\",\"dateModified\":\"2025-10-01T21:06:25+00:00\",\"mainEntityOfPage\":{\"@id\":\"https:\/\/www.estrategiaconcursos.com.br\/blog\/concurso-emater-df\/\"},\"wordCount\":1305,\"commentCount\":0,\"publisher\":{\"@id\":\"https:\/\/www.estrategiaconcursos.com.br\/blog\/#organization\"},\"image\":{\"@id\":\"https:\/\/www.estrategiaconcursos.com.br\/blog\/concurso-emater-df\/#primaryimage\"},\"thumbnailUrl\":\"https:\/\/dhg1h5j42swfq.cloudfront.net\/2022\/07\/14135904\/emater_df.jpg\",\"articleSection\":[\"Executivo (Administrativa)\"],\"inLanguage\":\"pt-BR\",\"potentialAction\":[{\"@type\":\"CommentAction\",\"name\":\"Comment\",\"target\":[\"https:\/\/www.estrategiaconcursos.com.br\/blog\/concurso-emater-df\/#respond\"]}],\"copyrightYear\":\"2025\",\"copyrightHolder\":{\"@id\":\"https:\/\/www.estrategiaconcursos.com.br\/blog\/#organization\"}},{\"@type\":\"WebPage\",\"@id\":\"https:\/\/www.estrategiaconcursos.com.br\/blog\/concurso-emater-df\/\",\"url\":\"https:\/\/www.estrategiaconcursos.com.br\/blog\/concurso-emater-df\/\",\"name\":\"Concurso EMATER DF: 15 aprovados s\u00e3o convocados!\",\"isPartOf\":{\"@id\":\"https:\/\/www.estrategiaconcursos.com.br\/blog\/#website\"},\"primaryImageOfPage\":{\"@id\":\"https:\/\/www.estrategiaconcursos.com.br\/blog\/concurso-emater-df\/#primaryimage\"},\"image\":{\"@id\":\"https:\/\/www.estrategiaconcursos.com.br\/blog\/concurso-emater-df\/#primaryimage\"},\"thumbnailUrl\":\"https:\/\/dhg1h5j42swfq.cloudfront.net\/2022\/07\/14135904\/emater_df.jpg\",\"datePublished\":\"2025-10-01T14:59:00+00:00\",\"dateModified\":\"2025-10-01T21:06:25+00:00\",\"description\":\"Concurso EMATER DF: saiu a convoca\u00e7\u00e3o de 15 aprovados. S\u00e3o 35 vagas + 91 CR para cargos de n\u00edveis m\u00e9dio e superior.\",\"breadcrumb\":{\"@id\":\"https:\/\/www.estrategiaconcursos.com.br\/blog\/concurso-emater-df\/#breadcrumb\"},\"inLanguage\":\"pt-BR\",\"potentialAction\":[{\"@type\":\"ReadAction\",\"target\":[\"https:\/\/www.estrategiaconcursos.com.br\/blog\/concurso-emater-df\/\"]}]},{\"@type\":\"ImageObject\",\"inLanguage\":\"pt-BR\",\"@id\":\"https:\/\/www.estrategiaconcursos.com.br\/blog\/concurso-emater-df\/#primaryimage\",\"url\":\"https:\/\/dhg1h5j42swfq.cloudfront.net\/2022\/07\/14135904\/emater_df.jpg\",\"contentUrl\":\"https:\/\/dhg1h5j42swfq.cloudfront.net\/2022\/07\/14135904\/emater_df.jpg\",\"width\":768,\"height\":432,\"caption\":\"Concurso EMATER DF banca\"},{\"@type\":\"BreadcrumbList\",\"@id\":\"https:\/\/www.estrategiaconcursos.com.br\/blog\/concurso-emater-df\/#breadcrumb\",\"itemListElement\":[{\"@type\":\"ListItem\",\"position\":1,\"name\":\"In\u00edcio\",\"item\":\"https:\/\/www.estrategiaconcursos.com.br\/blog\/\"},{\"@type\":\"ListItem\",\"position\":2,\"name\":\"Concurso EMATER DF: 15 aprovados s\u00e3o convocados!\"}]},{\"@type\":\"WebSite\",\"@id\":\"https:\/\/www.estrategiaconcursos.com.br\/blog\/#website\",\"url\":\"https:\/\/www.estrategiaconcursos.com.br\/blog\/\",\"name\":\"Estrat\u00e9gia Concursos\",\"description\":\"O blog da Estrat\u00e9gia Concursos traz not\u00edcias sobre concursos e artigos de professores oferecendo cursos para concursos (pdf + videaulas) no site.\",\"publisher\":{\"@id\":\"https:\/\/www.estrategiaconcursos.com.br\/blog\/#organization\"},\"potentialAction\":[{\"@type\":\"SearchAction\",\"target\":{\"@type\":\"EntryPoint\",\"urlTemplate\":\"https:\/\/www.estrategiaconcursos.com.br\/blog\/?s={search_term_string}\"},\"query-input\":{\"@type\":\"PropertyValueSpecification\",\"valueRequired\":true,\"valueName\":\"search_term_string\"}}],\"inLanguage\":\"pt-BR\"},{\"@type\":\"Organization\",\"@id\":\"https:\/\/www.estrategiaconcursos.com.br\/blog\/#organization\",\"name\":\"Estrat\u00e9gia Concursos\",\"url\":\"https:\/\/www.estrategiaconcursos.com.br\/blog\/\",\"logo\":{\"@type\":\"ImageObject\",\"inLanguage\":\"pt-BR\",\"@id\":\"https:\/\/www.estrategiaconcursos.com.br\/blog\/#\/schema\/logo\/image\/\",\"url\":\"https:\/\/dhg1h5j42swfq.cloudfront.net\/2025\/06\/03203428\/logo_concursos-1.jpg\",\"contentUrl\":\"https:\/\/dhg1h5j42swfq.cloudfront.net\/2025\/06\/03203428\/logo_concursos-1.jpg\",\"width\":230,\"height\":60,\"caption\":\"Estrat\u00e9gia Concursos\"},\"image\":{\"@id\":\"https:\/\/www.estrategiaconcursos.com.br\/blog\/#\/schema\/logo\/image\/\"},\"sameAs\":[\"https:\/\/x.com\/EstratConcursos\"]},{\"@type\":\"Person\",\"@id\":\"https:\/\/www.estrategiaconcursos.com.br\/blog\/#\/schema\/person\/b4a388c97673c5f483d72185668afa1f\",\"name\":\"Coordena\u00e7\u00e3o\",\"image\":{\"@type\":\"ImageObject\",\"inLanguage\":\"pt-BR\",\"@id\":\"https:\/\/secure.gravatar.com\/avatar\/b720319e4c9a967eb58678d110f4fe35452fc5d5f97b202bac7b8acceb18c6ad?s=96&d=mm&r=g\",\"url\":\"https:\/\/secure.gravatar.com\/avatar\/b720319e4c9a967eb58678d110f4fe35452fc5d5f97b202bac7b8acceb18c6ad?s=96&d=mm&r=g\",\"contentUrl\":\"https:\/\/secure.gravatar.com\/avatar\/b720319e4c9a967eb58678d110f4fe35452fc5d5f97b202bac7b8acceb18c6ad?s=96&d=mm&r=g\",\"caption\":\"Coordena\u00e7\u00e3o\"},\"sameAs\":[\"https:\/\/www.facebook.com\/EstrategiaConcursos\",\"https:\/\/x.com\/EstratConcursos\"],\"url\":\"https:\/\/www.estrategiaconcursos.com.br\/blog\/author\/estrategia2013\/\"}]}<\/script>\n<!-- \/ Yoast SEO Premium plugin. -->","yoast_head_json":{"title":"Concurso EMATER DF: 15 aprovados s\u00e3o convocados!","description":"Concurso EMATER DF: saiu a convoca\u00e7\u00e3o de 15 aprovados. S\u00e3o 35 vagas + 91 CR para cargos de n\u00edveis m\u00e9dio e superior.","robots":{"index":"index","follow":"follow","max-snippet":"max-snippet:-1","max-image-preview":"max-image-preview:large","max-video-preview":"max-video-preview:-1"},"canonical":"https:\/\/www.estrategiaconcursos.com.br\/blog\/concurso-emater-df\/","og_locale":"pt_BR","og_type":"article","og_title":"Concurso EMATER DF: 15 aprovados s\u00e3o convocados!","og_description":"Concurso EMATER DF: saiu a convoca\u00e7\u00e3o de 15 aprovados. S\u00e3o 35 vagas + 91 CR para cargos de n\u00edveis m\u00e9dio e superior.","og_url":"https:\/\/www.estrategiaconcursos.com.br\/blog\/concurso-emater-df\/","og_site_name":"Estrat\u00e9gia Concursos","article_author":"https:\/\/www.facebook.com\/EstrategiaConcursos","article_published_time":"2025-10-01T14:59:00+00:00","article_modified_time":"2025-10-01T21:06:25+00:00","og_image":[{"width":768,"height":432,"url":"https:\/\/dhg1h5j42swfq.cloudfront.net\/2022\/07\/14135904\/emater_df.jpg","type":"image\/jpeg"}],"author":"Coordena\u00e7\u00e3o","twitter_card":"summary_large_image","twitter_creator":"@EstratConcursos","twitter_site":"@EstratConcursos","twitter_misc":{"Escrito por":"Coordena\u00e7\u00e3o","Est. tempo de leitura":"5 minutos"},"schema":{"@context":"https:\/\/schema.org","@graph":[{"@type":"NewsArticle","@id":"https:\/\/www.estrategiaconcursos.com.br\/blog\/concurso-emater-df\/#article","isPartOf":{"@id":"https:\/\/www.estrategiaconcursos.com.br\/blog\/concurso-emater-df\/"},"author":{"name":"Coordena\u00e7\u00e3o","@id":"https:\/\/www.estrategiaconcursos.com.br\/blog\/#\/schema\/person\/b4a388c97673c5f483d72185668afa1f"},"headline":"Concurso EMATER DF: 15 aprovados s\u00e3o convocados!","datePublished":"2025-10-01T14:59:00+00:00","dateModified":"2025-10-01T21:06:25+00:00","mainEntityOfPage":{"@id":"https:\/\/www.estrategiaconcursos.com.br\/blog\/concurso-emater-df\/"},"wordCount":1305,"commentCount":0,"publisher":{"@id":"https:\/\/www.estrategiaconcursos.com.br\/blog\/#organization"},"image":{"@id":"https:\/\/www.estrategiaconcursos.com.br\/blog\/concurso-emater-df\/#primaryimage"},"thumbnailUrl":"https:\/\/dhg1h5j42swfq.cloudfront.net\/2022\/07\/14135904\/emater_df.jpg","articleSection":["Executivo (Administrativa)"],"inLanguage":"pt-BR","potentialAction":[{"@type":"CommentAction","name":"Comment","target":["https:\/\/www.estrategiaconcursos.com.br\/blog\/concurso-emater-df\/#respond"]}],"copyrightYear":"2025","copyrightHolder":{"@id":"https:\/\/www.estrategiaconcursos.com.br\/blog\/#organization"}},{"@type":"WebPage","@id":"https:\/\/www.estrategiaconcursos.com.br\/blog\/concurso-emater-df\/","url":"https:\/\/www.estrategiaconcursos.com.br\/blog\/concurso-emater-df\/","name":"Concurso EMATER DF: 15 aprovados s\u00e3o convocados!","isPartOf":{"@id":"https:\/\/www.estrategiaconcursos.com.br\/blog\/#website"},"primaryImageOfPage":{"@id":"https:\/\/www.estrategiaconcursos.com.br\/blog\/concurso-emater-df\/#primaryimage"},"image":{"@id":"https:\/\/www.estrategiaconcursos.com.br\/blog\/concurso-emater-df\/#primaryimage"},"thumbnailUrl":"https:\/\/dhg1h5j42swfq.cloudfront.net\/2022\/07\/14135904\/emater_df.jpg","datePublished":"2025-10-01T14:59:00+00:00","dateModified":"2025-10-01T21:06:25+00:00","description":"Concurso EMATER DF: saiu a convoca\u00e7\u00e3o de 15 aprovados. S\u00e3o 35 vagas + 91 CR para cargos de n\u00edveis m\u00e9dio e superior.","breadcrumb":{"@id":"https:\/\/www.estrategiaconcursos.com.br\/blog\/concurso-emater-df\/#breadcrumb"},"inLanguage":"pt-BR","potentialAction":[{"@type":"ReadAction","target":["https:\/\/www.estrategiaconcursos.com.br\/blog\/concurso-emater-df\/"]}]},{"@type":"ImageObject","inLanguage":"pt-BR","@id":"https:\/\/www.estrategiaconcursos.com.br\/blog\/concurso-emater-df\/#primaryimage","url":"https:\/\/dhg1h5j42swfq.cloudfront.net\/2022\/07\/14135904\/emater_df.jpg","contentUrl":"https:\/\/dhg1h5j42swfq.cloudfront.net\/2022\/07\/14135904\/emater_df.jpg","width":768,"height":432,"caption":"Concurso EMATER DF banca"},{"@type":"BreadcrumbList","@id":"https:\/\/www.estrategiaconcursos.com.br\/blog\/concurso-emater-df\/#breadcrumb","itemListElement":[{"@type":"ListItem","position":1,"name":"In\u00edcio","item":"https:\/\/www.estrategiaconcursos.com.br\/blog\/"},{"@type":"ListItem","position":2,"name":"Concurso EMATER DF: 15 aprovados s\u00e3o convocados!"}]},{"@type":"WebSite","@id":"https:\/\/www.estrategiaconcursos.com.br\/blog\/#website","url":"https:\/\/www.estrategiaconcursos.com.br\/blog\/","name":"Estrat\u00e9gia Concursos","description":"O blog da Estrat\u00e9gia Concursos traz not\u00edcias sobre concursos e artigos de professores oferecendo cursos para concursos (pdf + videaulas) no site.","publisher":{"@id":"https:\/\/www.estrategiaconcursos.com.br\/blog\/#organization"},"potentialAction":[{"@type":"SearchAction","target":{"@type":"EntryPoint","urlTemplate":"https:\/\/www.estrategiaconcursos.com.br\/blog\/?s={search_term_string}"},"query-input":{"@type":"PropertyValueSpecification","valueRequired":true,"valueName":"search_term_string"}}],"inLanguage":"pt-BR"},{"@type":"Organization","@id":"https:\/\/www.estrategiaconcursos.com.br\/blog\/#organization","name":"Estrat\u00e9gia Concursos","url":"https:\/\/www.estrategiaconcursos.com.br\/blog\/","logo":{"@type":"ImageObject","inLanguage":"pt-BR","@id":"https:\/\/www.estrategiaconcursos.com.br\/blog\/#\/schema\/logo\/image\/","url":"https:\/\/dhg1h5j42swfq.cloudfront.net\/2025\/06\/03203428\/logo_concursos-1.jpg","contentUrl":"https:\/\/dhg1h5j42swfq.cloudfront.net\/2025\/06\/03203428\/logo_concursos-1.jpg","width":230,"height":60,"caption":"Estrat\u00e9gia Concursos"},"image":{"@id":"https:\/\/www.estrategiaconcursos.com.br\/blog\/#\/schema\/logo\/image\/"},"sameAs":["https:\/\/x.com\/EstratConcursos"]},{"@type":"Person","@id":"https:\/\/www.estrategiaconcursos.com.br\/blog\/#\/schema\/person\/b4a388c97673c5f483d72185668afa1f","name":"Coordena\u00e7\u00e3o","image":{"@type":"ImageObject","inLanguage":"pt-BR","@id":"https:\/\/secure.gravatar.com\/avatar\/b720319e4c9a967eb58678d110f4fe35452fc5d5f97b202bac7b8acceb18c6ad?s=96&d=mm&r=g","url":"https:\/\/secure.gravatar.com\/avatar\/b720319e4c9a967eb58678d110f4fe35452fc5d5f97b202bac7b8acceb18c6ad?s=96&d=mm&r=g","contentUrl":"https:\/\/secure.gravatar.com\/avatar\/b720319e4c9a967eb58678d110f4fe35452fc5d5f97b202bac7b8acceb18c6ad?s=96&d=mm&r=g","caption":"Coordena\u00e7\u00e3o"},"sameAs":["https:\/\/www.facebook.com\/EstrategiaConcursos","https:\/\/x.com\/EstratConcursos"],"url":"https:\/\/www.estrategiaconcursos.com.br\/blog\/author\/estrategia2013\/"}]}},"_links":{"self":[{"href":"https:\/\/www.estrategiaconcursos.com.br\/blog\/wp-json\/wp\/v2\/posts\/945393","targetHints":{"allow":["GET"]}}],"collection":[{"href":"https:\/\/www.estrategiaconcursos.com.br\/blog\/wp-json\/wp\/v2\/posts"}],"about":[{"href":"https:\/\/www.estrategiaconcursos.com.br\/blog\/wp-json\/wp\/v2\/types\/post"}],"author":[{"embeddable":true,"href":"https:\/\/www.estrategiaconcursos.com.br\/blog\/wp-json\/wp\/v2\/users\/1"}],"replies":[{"embeddable":true,"href":"https:\/\/www.estrategiaconcursos.com.br\/blog\/wp-json\/wp\/v2\/comments?post=945393"}],"version-history":[{"count":97,"href":"https:\/\/www.estrategiaconcursos.com.br\/blog\/wp-json\/wp\/v2\/posts\/945393\/revisions"}],"predecessor-version":[{"id":1648084,"href":"https:\/\/www.estrategiaconcursos.com.br\/blog\/wp-json\/wp\/v2\/posts\/945393\/revisions\/1648084"}],"wp:featuredmedia":[{"embeddable":true,"href":"https:\/\/www.estrategiaconcursos.com.br\/blog\/wp-json\/wp\/v2\/media\/1061154"}],"wp:attachment":[{"href":"https:\/\/www.estrategiaconcursos.com.br\/blog\/wp-json\/wp\/v2\/media?parent=945393"}],"wp:term":[{"taxonomy":"category","embeddable":true,"href":"https:\/\/www.estrategiaconcursos.com.br\/blog\/wp-json\/wp\/v2\/categories?post=945393"},{"taxonomy":"post_tag","embeddable":true,"href":"https:\/\/www.estrategiaconcursos.com.br\/blog\/wp-json\/wp\/v2\/tags?post=945393"},{"taxonomy":"tax_estado","embeddable":true,"href":"https:\/\/www.estrategiaconcursos.com.br\/blog\/wp-json\/wp\/v2\/tax_estado?post=945393"}],"curies":[{"name":"wp","href":"https:\/\/api.w.org\/{rel}","templated":true}]}}