{"id":945323,"date":"2022-01-16T18:59:00","date_gmt":"2022-01-16T21:59:00","guid":{"rendered":"https:\/\/www.estrategiaconcursos.com.br\/blog\/?p=945323"},"modified":"2022-01-13T17:49:53","modified_gmt":"2022-01-13T20:49:53","slug":"entenda-guerra-fiscal-do-icms-sefaz-se","status":"publish","type":"post","link":"https:\/\/www.estrategiaconcursos.com.br\/blog\/entenda-guerra-fiscal-do-icms-sefaz-se\/","title":{"rendered":"Entenda a Guerra Fiscal do ICMS para Sefaz\/SE"},"content":{"rendered":"\n<p>O tema<strong> Guerra Fiscal <\/strong>do ICMS pode ser aproveitado para o estudo de qualquer concurso da \u00e1rea fiscal, mas vamos direcion\u00e1-lo para o<strong><em> concurso em vig\u00eancia da SEFAZ SE<\/em><\/strong><em>, que prev\u00ea vagas para<\/em> o cargo de <a href=\"https:\/\/www.estrategiaconcursos.com.br\/curso\/sefaz-se-auditor-tecnico-de-tributos-pacote-2022-pos-edital\/\"><strong>Auditor T\u00e9cnico de Tributos<\/strong><\/a><strong>.<\/strong><\/p>\n\n\n\n<p>Nesse sentido, o edital da SEFAZ\/SE<strong> <\/strong>prev\u00ea na ementa de direito tribut\u00e1rio: Constitui\u00e7\u00e3o Federal e a Lei Complementar n\u00ba 160\/2017 (que disp\u00f5e sobre conv\u00eanio que permite aos Estados e ao Distrito Federal deliberar sobre a remiss\u00e3o dos cr\u00e9ditos tribut\u00e1rios, constitu\u00eddos ou n\u00e3o, decorrentes das isen\u00e7\u00f5es, dos incentivos e dos benef\u00edcios fiscais ou financeiro-fiscais institu\u00eddos em desacordo com o disposto na al\u00ednea \u201cg\u201d do inciso XII do \u00a7 2\u00ba do art. 155 da Constitui\u00e7\u00e3o Federal e a reinstitui\u00e7\u00e3o das respectivas isen\u00e7\u00f5es, incentivos e benef\u00edcios fiscais ou financeiro-fiscais).<\/p>\n\n\n\n<p>Al\u00e9m disso, o tema guerra fiscal e as leis que tentam suavizar-l\u00e1 s\u00e3o cada vez mais frequentes nos editais fiscais. Isso se deve \u00e0 import\u00e2ncia desse tema no cen\u00e1rio pol\u00edtico e na arrecada\u00e7\u00e3o do pa\u00eds. Portanto, vale a pena ler este artigo, que tem como objetivo fornecer informa\u00e7\u00f5es suficientes para que voc\u00ea possa responder a quest\u00f5es objetivas, mas principalmente quest\u00f5es discursivas.<\/p>\n\n\n\n<p>Sem mais delongas, vamos nessa!<\/p>\n\n\n\n<h2 class=\"wp-block-heading\" id=\"h-historico-da-guerra-fiscal-no-brasil\"><strong>Hist\u00f3rico da Guerra Fiscal<\/strong> <strong>no Brasil<\/strong><\/h2>\n\n\n\n<p>O maior desafio do c\u00f3digo tribut\u00e1rio brasileiro \u00e9 a guerra fiscal desencadeada pelo ICMS. Nesse sentido, o principal imposto em vigor no Brasil \u00e9 um imposto estadual, que faz com que contribuintes e advogados estudem as 27 legisla\u00e7\u00f5es diferentes do pa\u00eds para entend\u00ea-lo. Isso se tornou um ataque ao princ\u00edpio da simplifica\u00e7\u00e3o, alimentando guerras fiscais entre estados que buscam alterar as regras para conceder benef\u00edcios e isen\u00e7\u00f5es para atrair e facilitar a forma\u00e7\u00e3o de novas empresas. Como tal, \u00e9 uma das ferramentas mais utilizadas em disputas de investimentos, resultando em consequ\u00eancias negativas do ponto de vista econ\u00f4mico e fiscal. A competitividade decorrente da interdepend\u00eancia dos estados \u00e9 outro ponto.<\/p>\n\n\n\n<p>Por outro lado, em rela\u00e7\u00e3o aos outros pa\u00edses do mundo, houve a introdu\u00e7\u00e3o do Imposto sobre o Valor Agregado (IVA) na d\u00e9cada de 1960, que trouxe avan\u00e7os importantes para os impostos indiretos, internacionalizando a troca de mercadorias, promovendo a equival\u00eancia entre impostos e taxas e estreitando as diferen\u00e7as entre os pa\u00edses. J\u00e1 o ICMS adotado pelo Brasil \u00e9 o \u00fanico caso tribut\u00e1rio do mundo que, embora pare\u00e7a um IVA, n\u00e3o \u00e9 administrado pelo governo federal. Isso d\u00e1 aos estados total autonomia para administrar, arrecadar e utilizar os recursos que dele originam. Todavia,a reparti\u00e7\u00e3o do ICMS entre os estados de origem e destino coexistente nas transa\u00e7\u00f5es comerciais interestaduais, e a compet\u00eancia estadual do ICMS tamb\u00e9m tem criado dificuldades no relacionamento entre as 27 unidades federativas, desencadeando a j\u00e1 mencionada guerra fiscal.<\/p>\n\n\n\n<div class=\"wp-block-image\"><figure class=\"aligncenter size-large is-resized\"><img loading=\"lazy\" decoding=\"async\" src=\"https:\/\/dhg1h5j42swfq.cloudfront.net\/2022\/01\/13111135\/industry-1024x683.jpg\" alt=\"Guerra Fiscal do ICMS e benef\u00edcios para empresas\" class=\"wp-image-946560\" width=\"650\" height=\"433\" srcset=\"https:\/\/dhg1h5j42swfq.cloudfront.net\/2022\/01\/13111135\/industry-1024x683.jpg 1024w, https:\/\/dhg1h5j42swfq.cloudfront.net\/2022\/01\/13111135\/industry-300x200.jpg 300w, https:\/\/dhg1h5j42swfq.cloudfront.net\/2022\/01\/13111135\/industry-768x512.jpg 768w, https:\/\/dhg1h5j42swfq.cloudfront.net\/2022\/01\/13111135\/industry-1536x1024.jpg 1536w, https:\/\/dhg1h5j42swfq.cloudfront.net\/2022\/01\/13111135\/industry-2048x1365.jpg 2048w, https:\/\/dhg1h5j42swfq.cloudfront.net\/2022\/01\/13111135\/industry-610x407.jpg 610w\" sizes=\"auto, (max-width: 650px) 100vw, 650px\" \/><figcaption>Guerra Fiscal do ICMS e benef\u00edcios para empresas<\/figcaption><\/figure><\/div>\n\n\n\n<h2 class=\"wp-block-heading\"><strong>Guerra Fiscal<\/strong><\/h2>\n\n\n\n<p>Em resumo, Guerra fiscal \u00e9 a disputa entre os Estados e o DF, e tamb\u00e9m entre os Munic\u00edpios, para se tornarem economicamente mais vantajosos para empresas.&nbsp;Eles fazem isso por meio de concess\u00e3o, unilateral, de benef\u00edcios fiscais,&nbsp;com o intuito de atrair investidores privados de outras Unidades Federadas, para se instalarem no seu territ\u00f3rio e garantir uma maior arrecada\u00e7\u00e3o tribut\u00e1ria, o desenvolvimento da sua regi\u00e3o, gera\u00e7\u00e3o de empregos etc.<\/p>\n\n\n\n<p>No caso do ICMS, os Estados e o Distrito Federal oferecem incentivos fiscais, de modo unilateral, <strong>violando<\/strong> o preceito constitucional que determina delibera\u00e7\u00f5es de todos os estados e DF para essa concess\u00e3o.&nbsp;<\/p>\n\n\n\n<p>Nesse sentido, a Lei Complementar 160\/2017 do ICMS traz uma solu\u00e7\u00e3o <strong>transit\u00f3ria<\/strong> (at\u00e9 15 anos). Pois permite a possibilidade de <strong>remiss\u00e3o<\/strong> dos cr\u00e9ditos decorrentes dos benef\u00edcios e at\u00e9 a <strong>restitui\u00e7\u00e3o<\/strong> desses incentivos <strong>sem que tenha sido exigida rigidez<\/strong> para a aprova\u00e7\u00e3o dos conv\u00eanios. Apesar dessa tentativa de solucionar a guerra fiscal, h\u00e1 cr\u00edticas de especialistas \u00e0 Lei Complementar 160. Porquanto as san\u00e7\u00f5es previstas nesta Lei j\u00e1 existiam e n\u00e3o foram cumpridas anteriormente. Al\u00e9m disso, a solu\u00e7\u00e3o para o ISS foi <strong>mais r\u00edgida,<\/strong> a LC 157\/2016 prop\u00f4s a veda\u00e7\u00e3o quase total dos benef\u00edcios que resultem em al\u00edquota abaixo de 2%, salvo para os servi\u00e7os descritos na lista anexa 7.02, 7.05 e 16.01.<\/p>\n\n\n\n<h3 class=\"wp-block-heading\"><strong>Origem e Consequ\u00eancia<\/strong><\/h3>\n\n\n\n<p>Outrossim, podemos encontrar a<strong> origem<\/strong> da guerra fiscal na autonomia dos entes estaduais, com compet\u00eancia tribut\u00e1ria atribu\u00edda pela pr\u00f3pria Constitui\u00e7\u00e3o Federal a cada um destes<\/p>\n\n\n\n<p>Por outro lado, as <strong>consequ\u00eancias<\/strong> da guerra fiscal s\u00e3o:<\/p>\n\n\n\n<ul class=\"wp-block-list\"><li>preju\u00edzo para o ente de origem do estabelecimento<\/li><li>preju\u00edzo de arrecada\u00e7\u00e3o \u00e0 Unidade Federada de destino em uma opera\u00e7\u00e3o interestadual (cr\u00e9ditos destacados e n\u00e3o cobrados).<\/li><li>inseguran\u00e7a JUR\u00cdDICA ao Sujeito Passivo (complexidade e Volume de A\u00e7\u00f5es judiciais)<\/li><li>desequil\u00edbrio econ\u00f4mico entre as regi\u00f5es,<\/li><li>tend\u00eancia do unitarismo e<\/li><li>diminui\u00e7\u00e3o da arrecada\u00e7\u00e3o do pa\u00eds como um todo<\/li><\/ul>\n\n\n\n<h3 class=\"wp-block-heading\"><strong>Principais argumentos da Fazenda Estadual<\/strong><\/h3>\n\n\n\n<p>As receitas estaduais argumentam que os contribuintes que utilizam benef\u00edcios fiscais de ICMS concedidos por Lei Estadual a revelia do CONFAZ, agem de maneira irregular, pois tais s\u00e3o inconstitucionais e violam a LC 24\/75. Portanto, devem ser autuados pela falta de recolhimento do imposto devido, acrescendo corre\u00e7\u00e3o, multa, e demais san\u00e7\u00f5es cab\u00edveis, seguindo o art 8\u00b0 da Lei Complementar 24\/75.<\/p>\n\n\n\n<h3 class=\"wp-block-heading\"><strong>Principais argumentos dos contribuintes<\/strong><\/h3>\n\n\n\n<p>De outro modo, os contribuintes t\u00eam seus argumentos embasados nos seguintes pontos:<\/p>\n\n\n\n<ul class=\"wp-block-list\"><li>Inconstitucionalidade do art 8\u00b0 da LC 24\/75 (mas o STF j\u00e1 decidiu pela sua constitucionalidade), dado que os Estados Destinat\u00e1rios extrapolam suas compet\u00eancias, invadindo as do Estado&nbsp; de Origem (que concedeu ilegalmente o benef\u00edcio fiscal)&nbsp;<\/li><li>N\u00e3o poderia uma Lei Complementar, violar o preceito Constitucional da n\u00e3o cumulatividade, ao obstar o creditamento, dado que os impedimentos ao cr\u00e9dito do ICMS seriam&nbsp; taxativos, limitando-se aos casos de isen\u00e7\u00e3o ou n\u00e3o incid\u00eancia tribut\u00e1ria<\/li><li>Viola\u00e7\u00e3o do princ\u00edpio da seguran\u00e7a jur\u00eddica e da boa-f\u00e9, pois os contribuintes estariam seguindo lei estadual em vigor e com efic\u00e1cia. E, portanto, caso a Fazenda entenda pela inconstitucionalidade da lei estadual, caberia a ela ajuizar A\u00e7\u00e3o Direta de Inconstitucionalidade (ADI), ao inv\u00e9s de simplesmente autuar os contribuintes<\/li><\/ul>\n\n\n\n<h3 class=\"wp-block-heading\"><strong>Atual posicionamento do STF<\/strong> <strong>(misto)<\/strong><\/h3>\n\n\n\n<p>O Supremo Tribunal Federal entende que a Lei Complementar 24\/1975 \u00e9 constitucional e as Leis Estaduais que a descumpram s\u00e3o inconstitucionais. Todavia, o contribuinte poder\u00e1 utilizar os benef\u00edcios at\u00e9 que a efic\u00e1cia da referida lei seja suspensa ou declarada inconstitucional.<\/p>\n\n\n\n<h4 class=\"wp-block-heading\"><strong>Conclus\u00e3o<\/strong><\/h4>\n\n\n\n<p>Assim, a Guerra Fiscal de ICMS ainda est\u00e1 longe de acabar. E, por enquanto, \u00e9 dever do contribuinte realizar consultorias tribut\u00e1rias, para dirimir suas d\u00favidas, e assim evitar as elevadas autua\u00e7\u00f5es.<\/p>\n\n\n\n<p>Al\u00e9m disso, em rela\u00e7\u00e3o aos entes, a solu\u00e7\u00e3o da Guerra Fiscal n\u00e3o s\u00f3 est\u00e1 na estrutura normativa em si, mas tamb\u00e9m no fiel cumprimento da normativa pelo \u00f3rg\u00e3o estatal.<\/p>\n\n\n\n<div class=\"wp-block-image\"><figure class=\"aligncenter size-large is-resized\"><img loading=\"lazy\" decoding=\"async\" src=\"https:\/\/dhg1h5j42swfq.cloudfront.net\/2022\/01\/13111457\/biblioteca-1024x681.jpg\" alt=\"Legisla\u00e7\u00f5es do ICMS e a Guerra fiscal\" class=\"wp-image-946562\" width=\"635\" height=\"422\" srcset=\"https:\/\/dhg1h5j42swfq.cloudfront.net\/2022\/01\/13111457\/biblioteca-1024x681.jpg 1024w, https:\/\/dhg1h5j42swfq.cloudfront.net\/2022\/01\/13111457\/biblioteca-300x199.jpg 300w, https:\/\/dhg1h5j42swfq.cloudfront.net\/2022\/01\/13111457\/biblioteca-768x511.jpg 768w, https:\/\/dhg1h5j42swfq.cloudfront.net\/2022\/01\/13111457\/biblioteca-1536x1021.jpg 1536w, https:\/\/dhg1h5j42swfq.cloudfront.net\/2022\/01\/13111457\/biblioteca-2048x1362.jpg 2048w, https:\/\/dhg1h5j42swfq.cloudfront.net\/2022\/01\/13111457\/biblioteca-610x406.jpg 610w\" sizes=\"auto, (max-width: 635px) 100vw, 635px\" \/><figcaption>Legisla\u00e7\u00f5es do ICMS e a Guerra fiscal<\/figcaption><\/figure><\/div>\n\n\n\n<h2 class=\"wp-block-heading\"><strong>Legisla\u00e7\u00f5es existentes para minimizar a Guerra Fiscal do ICMS entre os Estados:<\/strong><\/h2>\n\n\n\n<p><strong>Constitui\u00e7\u00e3o Federal:<\/strong><\/p>\n\n\n\n<ul class=\"wp-block-list\"><li>a) <strong>ter\u00e1<\/strong> al\u00edquotas para as opera\u00e7\u00f5es interestaduais (4%, 7% e 12%) e de exporta\u00e7\u00e3o pelo SF;<\/li><li>b) <strong>poder\u00e1<\/strong> al\u00edquotas <strong>m\u00ednimas<\/strong> para as opera\u00e7\u00f5es internas e <strong>m\u00e1ximas<\/strong>, em caso de conflito entre os E, pelo SF;<\/li><li>c) Exige LC para regular a forma como, mediante delibera\u00e7\u00e3o dos Estados e do DF, isen\u00e7\u00f5es, incentivos e benef\u00edcios fiscais ser\u00e3o concedidos e revogados (\u00e0s opera\u00e7\u00f5es internas &nbsp;e, implicitamente, para as externas)<\/li><li>d) al\u00edquotas <strong>internas<\/strong> ser\u00e3o maiores que as <strong>interestaduais<\/strong> (<strong>12%<\/strong>), salvo acordo de todos os Estados e DF<\/li><li>e) exig\u00eancia de <strong>lei espec\u00edfica<\/strong> para benef\u00edcios fiscais<\/li><\/ul>\n\n\n\n<h4 class=\"wp-block-heading\" id=\"h-consideracoes-importantes\">Considera\u00e7\u00f5es importantes<\/h4>\n\n\n\n<p>O <strong>ICMS \u00e9<\/strong> <strong><em>sui generis<\/em><\/strong> (art. 155, \u00a72\u00ba, XII, \u2018g\u2019), pois exige pr\u00e9via <strong>delibera\u00e7\u00e3o conjunta<\/strong> dos Estados e do DF na forma de <strong>conv\u00eanio<\/strong> para a concess\u00e3o de benef\u00edcios fiscais relacionados a ele, com o objetivo de minimizar a guerra fiscal.<\/p>\n\n\n\n<p>Dessa forma, diferentemente dos conv\u00eanios previstos no CTN, que s\u00e3o normas complementares, os conv\u00eanios no \u00e2mbito do CONFAZ s\u00e3o normas <strong>Prim\u00e1rias<\/strong>, pois t\u00eam previs\u00e3o na Constitui\u00e7\u00e3o Federal e inovam o ordenamento jur\u00eddico.<\/p>\n\n\n\n<h4 class=\"wp-block-heading\" id=\"h-entendimentos-jurisprudenciais\">Entendimentos jurisprudenciais<\/h4>\n\n\n\n<p>\u2696\ufe0f \u00c9 <strong>inconstitucional<\/strong> a exig\u00eancia de <strong>SUBMISS\u00c3O<\/strong> dos <strong>CONV\u00caNIOS<\/strong> \u00e0 <strong>ratifica\u00e7\u00e3o<\/strong> do Poder <strong>Legislativo<\/strong>.<\/p>\n\n\n\n<ul class=\"wp-block-list\"><li>A <strong>ratifica\u00e7\u00e3o <\/strong>do conv\u00eanio \u00e9 feita por mero <strong>decreto do executivo<\/strong>, conforme a Lei Complementar 24\/75 (Confaz).<\/li><li>J\u00e1 a <strong>internaliza\u00e7\u00e3o<\/strong> do conv\u00eanio em cada estado \u00e9 feita por <strong>lei espec\u00edfica<\/strong> (aqui sim h\u00e1 participa\u00e7\u00e3o do poder legislativo).<\/li><\/ul>\n\n\n\n<p>\u2696\ufe0f O mero <strong>DIFERIMENTO<\/strong> do pagamento de d\u00e9bitos relativos ao ICMS, <strong>sem<\/strong> a concess\u00e3o de qualquer <strong>redu\u00e7\u00e3o<\/strong> do valor devido, <strong>n\u00e3o configura benef\u00edcio fiscal<\/strong>, de modo que <strong>PODE<\/strong> ser estabelecido <strong>SEM CONV\u00caNIO<\/strong> pr\u00e9vio.<\/p>\n\n\n\n<p>\u2696\ufe0f Se o remetente e o destinat\u00e1rio est\u00e3o no DF, ent\u00e3o n\u00e3o h\u00e1 infra\u00e7\u00e3o. Uma vez que o pr\u00f3prio DF descumpriu o Conv\u00eanio Confaz, n\u00e3o podendo o contribuinte do DF ser penalizado.<\/p>\n\n\n\n<h2 class=\"wp-block-heading\">Cita\u00e7\u00e3o dos artigos da Constitui\u00e7\u00e3o Federal relacionados \u00e0 Guerra Fiscal<\/h2>\n\n\n\n<p class=\"has-text-color has-small-font-size\" style=\"color:#424343\">Art. 155\u00a7 2\u00ba IV &#8211; resolu\u00e7\u00e3o do Senado Federal, de iniciativa do Presidente da Rep\u00fablica ou de um ter\u00e7o dos Senadores, aprovada pela maioria absoluta de seus membros, estabelecer\u00e1 as al\u00edquotas aplic\u00e1veis \u00e0s opera\u00e7\u00f5es e presta\u00e7\u00f5es, interestaduais e de exporta\u00e7\u00e3o;<\/p>\n\n\n\n<p class=\"has-text-color has-small-font-size\" style=\"color:#424343\">Art. 155\u00a7 2\u00ba V &#8211; \u00e9 facultado ao Senado Federal:<\/p>\n\n\n\n<p class=\"has-text-color has-small-font-size\" style=\"color:#424343\">a) estabelecer al\u00edquotas m\u00ednimas nas opera\u00e7\u00f5es internas, mediante resolu\u00e7\u00e3o de iniciativa de um ter\u00e7o e aprovada pela maioria absoluta de seus membros;<\/p>\n\n\n\n<p class=\"has-text-color has-small-font-size\" style=\"color:#424343\">b) fixar al\u00edquotas m\u00e1ximas nas mesmas opera\u00e7\u00f5es para resolver conflito espec\u00edfico que envolva interesse de Estados, mediante resolu\u00e7\u00e3o de iniciativa da maioria absoluta e aprovada por dois ter\u00e7os de seus membros;<\/p>\n\n\n\n<p class=\"has-text-color has-small-font-size\" style=\"color:#424343\">Art. 155. XII &#8211; cabe \u00e0 lei complementar: g) regular a forma como, mediante delibera\u00e7\u00e3o dos Estados e do Distrito Federal, isen\u00e7\u00f5es, incentivos e benef\u00edcios fiscais ser\u00e3o concedidos e revogados (relativos ao ICMS).<\/p>\n\n\n\n<p class=\"has-text-color has-small-font-size\" style=\"color:#424343\">Art. 155\u00a7 2\u00ba VI &#8211; salvo delibera\u00e7\u00e3o em contr\u00e1rio dos Estados e do Distrito Federal, nos termos do disposto no inciso XII, &#8220;g&#8221;, as al\u00edquotas internas, nas opera\u00e7\u00f5es relativas \u00e0 circula\u00e7\u00e3o de mercadorias e nas presta\u00e7\u00f5es de servi\u00e7os, n\u00e3o poder\u00e3o ser inferiores \u00e0s previstas para as opera\u00e7\u00f5es interestaduais;<\/p>\n\n\n\n<p class=\"has-text-color has-small-font-size\" style=\"color:#424343\">Art. 155 \u00a7 5\u00ba As regras necess\u00e1rias \u00e0 aplica\u00e7\u00e3o do (ICMS Monof\u00e1sico), inclusive as relativas \u00e0 apura\u00e7\u00e3o e \u00e0 destina\u00e7\u00e3o do imposto e suas al\u00edquotas, ser\u00e3o estabelecidas mediante delibera\u00e7\u00e3o dos Estados e do DF<\/p>\n\n\n\n<h4 class=\"wp-block-heading\" id=\"h-regra-geral-para-todos-os-incentivos-fiscais\"><strong>Regra geral para todos os incentivos fiscais<\/strong><\/h4>\n\n\n\n<p class=\"has-text-color has-small-font-size\" style=\"color:#424343\">Art. 150. \u00a7 6\u00ba Qualquer subs\u00eddio ou isen\u00e7\u00e3o, redu\u00e7\u00e3o de BC, concess\u00e3o de cr\u00e9dito presumido, anistia ou remiss\u00e3o, relativos a impostos, taxas ou contribui\u00e7\u00f5es, s\u00f3 poder\u00e1 ser concedido mediante <strong><span class=\"has-inline-color has-black-color\">lei espec\u00edfica<\/span><\/strong>, federal, estadual ou municipal, que regule exclusivamente essas mat\u00e9rias ou o correspondente tributo, sem preju\u00edzo do disposto no art. 155, \u00a7 2.\u00ba, XII, g (ICMS)<\/p>\n\n\n\n<p class=\"has-cyan-bluish-gray-background-color has-background has-medium-font-size\"><strong>Considera\u00e7\u00f5es Finais<\/strong><\/p>\n\n\n\n<p>Assim, por hoje chegamos ao final, mas no pr\u00f3ximo artigo trataremos melhor da <strong>Lei Complementar 160\/2017<\/strong>. Apesar da complexidade do tema <strong>Guerra Fiscal<\/strong>, espero que o artigo tenha sido \u00fatil para seu aprendizado. At\u00e9 a pr\u00f3xima!<\/p>\n\n\n\n<p><a href=\"https:\/\/www.instagram.com\/kaioguilherme7\/\">https:\/\/www.instagram.com\/kaioguilherme7\/<\/a><\/p>\n\n\n\n<p>Kaio Guilherme Moraes de Aquino<\/p>\n\n\n\n<h2 class=\"has-text-align-center wp-block-heading\" id=\"h-cursos-e-assinaturas\">Cursos e Assinaturas <\/h2>\n\n\n\n<p class=\"has-text-align-center has-luminous-vivid-orange-color has-vivid-purple-background-color has-text-color has-background\"><strong><a href=\"https:\/\/www.estrategiaconcursos.com.br\/blog\/concursos-abertos\/#concursos-fiscais\">Concursos abertos<\/a><\/strong><\/p>\n\n\n\n<p class=\"has-text-align-center has-luminous-vivid-orange-color has-vivid-purple-background-color has-text-color has-background\"><strong><a href=\"https:\/\/www.estrategiaconcursos.com.br\/blog\/concursos-2022\/\">Concursos 2022<\/a><\/strong><\/p>\n\n\n\n<div class=\"container\" id=\"boxes\">\n  <div class=\"row\">\n    <div class=\"col-sm\">\n      <div class=\"estrategia\" id=\"box-assinatura\">\n        <h3 class=\"titulo-assinatura\">Assinatura de Concursos<\/h3>\n        <p class=\"subtitulo-assinatura\">Assinatura de 1 ano ou 2 anos<\/p>\n        <div class=\"box-botao\">\n          <a class=\"btn-assinatura\" target=\"_blank\" href=\"https:\/\/www.estrategiaconcursos.com.br\/assinaturas\/\" role=\"button\" rel=\"noopener noreferrer\">ASSINE AGORA<\/a>\n        <\/div>\n      <\/div>\n     <\/div><\/div><\/div>\n","protected":false},"excerpt":{"rendered":"<p>Entenda a Guerra Fiscal do ICMS e sua import\u00e2ncia no cen\u00e1rio pol\u00edtico e na arrecada\u00e7\u00e3o do pa\u00eds, para o concurso SEFAZ\/SE.<\/p>\n","protected":false},"author":2236,"featured_media":946562,"comment_status":"open","ping_status":"closed","sticky":false,"template":"","format":"standard","meta":{"post_tipo":"article","footnotes":""},"categories":[1,1983],"tags":[213730,220311,343,220313,220312,220301],"tax_estado":[219988],"class_list":["post-945323","post","type-post","status-publish","format-standard","has-post-thumbnail","hentry","category-cursos-e-concursos","category-fiscal-estadual","tag-confaz","tag-guerra-fiscal","tag-icms","tag-lc160-2017","tag-lc24-75","tag-sefaz-se","tax_estado-se"],"acf":[],"yoast_head":"<!-- This site is optimized with the Yoast SEO Premium plugin v27.2 (Yoast SEO v27.2) - https:\/\/yoast.com\/product\/yoast-seo-premium-wordpress\/ -->\n<title>Entenda a Guerra Fiscal do ICMS para Sefaz\/SE<\/title>\n<meta name=\"description\" content=\"Entenda a Guerra Fiscal do ICMS e sua import\u00e2ncia no cen\u00e1rio pol\u00edtico e na arrecada\u00e7\u00e3o do pa\u00eds, para o concurso SEFAZ\/SE.\" \/>\n<meta name=\"robots\" content=\"index, follow, max-snippet:-1, max-image-preview:large, max-video-preview:-1\" \/>\n<link rel=\"canonical\" href=\"https:\/\/www.estrategiaconcursos.com.br\/blog\/entenda-guerra-fiscal-do-icms-sefaz-se\/\" \/>\n<meta property=\"og:locale\" content=\"pt_BR\" \/>\n<meta property=\"og:type\" content=\"article\" \/>\n<meta property=\"og:title\" content=\"Entenda a Guerra Fiscal do ICMS para Sefaz\/SE\" \/>\n<meta property=\"og:description\" content=\"Entenda a Guerra Fiscal do ICMS e sua import\u00e2ncia no cen\u00e1rio pol\u00edtico e na arrecada\u00e7\u00e3o do pa\u00eds, para o concurso SEFAZ\/SE.\" \/>\n<meta property=\"og:url\" content=\"https:\/\/www.estrategiaconcursos.com.br\/blog\/entenda-guerra-fiscal-do-icms-sefaz-se\/\" \/>\n<meta property=\"og:site_name\" content=\"Estrat\u00e9gia Concursos\" \/>\n<meta property=\"article:published_time\" content=\"2022-01-16T21:59:00+00:00\" \/>\n<meta property=\"og:image\" content=\"https:\/\/dhg1h5j42swfq.cloudfront.net\/2022\/01\/13111457\/biblioteca-scaled.jpg\" \/>\n\t<meta property=\"og:image:width\" content=\"2560\" \/>\n\t<meta property=\"og:image:height\" content=\"1702\" \/>\n\t<meta property=\"og:image:type\" content=\"image\/jpeg\" \/>\n<meta name=\"author\" content=\"Kaio Guilherme Moraes de Aquino\" \/>\n<meta name=\"twitter:card\" content=\"summary_large_image\" \/>\n<meta name=\"twitter:creator\" content=\"@EstratConcursos\" \/>\n<meta name=\"twitter:site\" content=\"@EstratConcursos\" \/>\n<meta name=\"twitter:label1\" content=\"Escrito por\" \/>\n\t<meta name=\"twitter:data1\" content=\"Kaio Guilherme Moraes de Aquino\" \/>\n\t<meta name=\"twitter:label2\" content=\"Est. tempo de leitura\" \/>\n\t<meta name=\"twitter:data2\" content=\"10 minutos\" \/>\n<script type=\"application\/ld+json\" class=\"yoast-schema-graph\">{\"@context\":\"https:\/\/schema.org\",\"@graph\":[{\"@type\":\"NewsArticle\",\"@id\":\"https:\/\/www.estrategiaconcursos.com.br\/blog\/entenda-guerra-fiscal-do-icms-sefaz-se\/#article\",\"isPartOf\":{\"@id\":\"https:\/\/www.estrategiaconcursos.com.br\/blog\/entenda-guerra-fiscal-do-icms-sefaz-se\/\"},\"author\":{\"name\":\"Kaio Guilherme Moraes de Aquino\",\"@id\":\"https:\/\/www.estrategiaconcursos.com.br\/blog\/#\/schema\/person\/893ca2bbd27a959ad2f97b3b2016ec11\"},\"headline\":\"Entenda a Guerra Fiscal do ICMS para Sefaz\/SE\",\"datePublished\":\"2022-01-16T21:59:00+00:00\",\"mainEntityOfPage\":{\"@id\":\"https:\/\/www.estrategiaconcursos.com.br\/blog\/entenda-guerra-fiscal-do-icms-sefaz-se\/\"},\"wordCount\":1927,\"commentCount\":0,\"publisher\":{\"@id\":\"https:\/\/www.estrategiaconcursos.com.br\/blog\/#organization\"},\"image\":{\"@id\":\"https:\/\/www.estrategiaconcursos.com.br\/blog\/entenda-guerra-fiscal-do-icms-sefaz-se\/#primaryimage\"},\"thumbnailUrl\":\"https:\/\/dhg1h5j42swfq.cloudfront.net\/2022\/01\/13111457\/biblioteca-scaled.jpg\",\"keywords\":[\"CONFAZ\",\"GUERRA FISCAL\",\"icms\",\"LC160\/2017\",\"LC24\/75\",\"SEFAZ\/SE\"],\"articleSection\":[\"Concursos P\u00fablicos\",\"Fiscal - Estadual (ICMS)\"],\"inLanguage\":\"pt-BR\",\"potentialAction\":[{\"@type\":\"CommentAction\",\"name\":\"Comment\",\"target\":[\"https:\/\/www.estrategiaconcursos.com.br\/blog\/entenda-guerra-fiscal-do-icms-sefaz-se\/#respond\"]}],\"copyrightYear\":\"2022\",\"copyrightHolder\":{\"@id\":\"https:\/\/www.estrategiaconcursos.com.br\/blog\/#organization\"}},{\"@type\":\"WebPage\",\"@id\":\"https:\/\/www.estrategiaconcursos.com.br\/blog\/entenda-guerra-fiscal-do-icms-sefaz-se\/\",\"url\":\"https:\/\/www.estrategiaconcursos.com.br\/blog\/entenda-guerra-fiscal-do-icms-sefaz-se\/\",\"name\":\"Entenda a Guerra Fiscal do ICMS para Sefaz\/SE\",\"isPartOf\":{\"@id\":\"https:\/\/www.estrategiaconcursos.com.br\/blog\/#website\"},\"primaryImageOfPage\":{\"@id\":\"https:\/\/www.estrategiaconcursos.com.br\/blog\/entenda-guerra-fiscal-do-icms-sefaz-se\/#primaryimage\"},\"image\":{\"@id\":\"https:\/\/www.estrategiaconcursos.com.br\/blog\/entenda-guerra-fiscal-do-icms-sefaz-se\/#primaryimage\"},\"thumbnailUrl\":\"https:\/\/dhg1h5j42swfq.cloudfront.net\/2022\/01\/13111457\/biblioteca-scaled.jpg\",\"datePublished\":\"2022-01-16T21:59:00+00:00\",\"description\":\"Entenda a Guerra Fiscal do ICMS e sua import\u00e2ncia no cen\u00e1rio pol\u00edtico e na arrecada\u00e7\u00e3o do pa\u00eds, para o concurso SEFAZ\/SE.\",\"breadcrumb\":{\"@id\":\"https:\/\/www.estrategiaconcursos.com.br\/blog\/entenda-guerra-fiscal-do-icms-sefaz-se\/#breadcrumb\"},\"inLanguage\":\"pt-BR\",\"potentialAction\":[{\"@type\":\"ReadAction\",\"target\":[\"https:\/\/www.estrategiaconcursos.com.br\/blog\/entenda-guerra-fiscal-do-icms-sefaz-se\/\"]}]},{\"@type\":\"ImageObject\",\"inLanguage\":\"pt-BR\",\"@id\":\"https:\/\/www.estrategiaconcursos.com.br\/blog\/entenda-guerra-fiscal-do-icms-sefaz-se\/#primaryimage\",\"url\":\"https:\/\/dhg1h5j42swfq.cloudfront.net\/2022\/01\/13111457\/biblioteca-scaled.jpg\",\"contentUrl\":\"https:\/\/dhg1h5j42swfq.cloudfront.net\/2022\/01\/13111457\/biblioteca-scaled.jpg\",\"width\":2560,\"height\":1702,\"caption\":\"Guerra fiscal do ICMS e Leis Complementares 25\/75 e 160\/2017\"},{\"@type\":\"BreadcrumbList\",\"@id\":\"https:\/\/www.estrategiaconcursos.com.br\/blog\/entenda-guerra-fiscal-do-icms-sefaz-se\/#breadcrumb\",\"itemListElement\":[{\"@type\":\"ListItem\",\"position\":1,\"name\":\"In\u00edcio\",\"item\":\"https:\/\/www.estrategiaconcursos.com.br\/blog\/\"},{\"@type\":\"ListItem\",\"position\":2,\"name\":\"Entenda a Guerra Fiscal do ICMS para Sefaz\/SE\"}]},{\"@type\":\"WebSite\",\"@id\":\"https:\/\/www.estrategiaconcursos.com.br\/blog\/#website\",\"url\":\"https:\/\/www.estrategiaconcursos.com.br\/blog\/\",\"name\":\"Estrat\u00e9gia Concursos\",\"description\":\"O blog da Estrat\u00e9gia Concursos traz not\u00edcias sobre concursos e artigos de professores oferecendo cursos para concursos (pdf + videaulas) no site.\",\"publisher\":{\"@id\":\"https:\/\/www.estrategiaconcursos.com.br\/blog\/#organization\"},\"potentialAction\":[{\"@type\":\"SearchAction\",\"target\":{\"@type\":\"EntryPoint\",\"urlTemplate\":\"https:\/\/www.estrategiaconcursos.com.br\/blog\/?s={search_term_string}\"},\"query-input\":{\"@type\":\"PropertyValueSpecification\",\"valueRequired\":true,\"valueName\":\"search_term_string\"}}],\"inLanguage\":\"pt-BR\"},{\"@type\":\"Organization\",\"@id\":\"https:\/\/www.estrategiaconcursos.com.br\/blog\/#organization\",\"name\":\"Estrat\u00e9gia Concursos\",\"url\":\"https:\/\/www.estrategiaconcursos.com.br\/blog\/\",\"logo\":{\"@type\":\"ImageObject\",\"inLanguage\":\"pt-BR\",\"@id\":\"https:\/\/www.estrategiaconcursos.com.br\/blog\/#\/schema\/logo\/image\/\",\"url\":\"https:\/\/dhg1h5j42swfq.cloudfront.net\/2025\/06\/03203428\/logo_concursos-1.jpg\",\"contentUrl\":\"https:\/\/dhg1h5j42swfq.cloudfront.net\/2025\/06\/03203428\/logo_concursos-1.jpg\",\"width\":230,\"height\":60,\"caption\":\"Estrat\u00e9gia Concursos\"},\"image\":{\"@id\":\"https:\/\/www.estrategiaconcursos.com.br\/blog\/#\/schema\/logo\/image\/\"},\"sameAs\":[\"https:\/\/x.com\/EstratConcursos\"]},{\"@type\":\"Person\",\"@id\":\"https:\/\/www.estrategiaconcursos.com.br\/blog\/#\/schema\/person\/893ca2bbd27a959ad2f97b3b2016ec11\",\"name\":\"Kaio Guilherme Moraes de Aquino\",\"image\":{\"@type\":\"ImageObject\",\"inLanguage\":\"pt-BR\",\"@id\":\"https:\/\/secure.gravatar.com\/avatar\/ad261d775d88e747a9faf0b4308571b9892e96c89da74e1f11f0d01245116e25?s=96&d=mm&r=g\",\"url\":\"https:\/\/secure.gravatar.com\/avatar\/ad261d775d88e747a9faf0b4308571b9892e96c89da74e1f11f0d01245116e25?s=96&d=mm&r=g\",\"contentUrl\":\"https:\/\/secure.gravatar.com\/avatar\/ad261d775d88e747a9faf0b4308571b9892e96c89da74e1f11f0d01245116e25?s=96&d=mm&r=g\",\"caption\":\"Kaio Guilherme Moraes de Aquino\"},\"url\":\"https:\/\/www.estrategiaconcursos.com.br\/blog\/author\/kaioguilhermemoraesgmail-com\/\"}]}<\/script>\n<!-- \/ Yoast SEO Premium plugin. -->","yoast_head_json":{"title":"Entenda a Guerra Fiscal do ICMS para Sefaz\/SE","description":"Entenda a Guerra Fiscal do ICMS e sua import\u00e2ncia no cen\u00e1rio pol\u00edtico e na arrecada\u00e7\u00e3o do pa\u00eds, para o concurso SEFAZ\/SE.","robots":{"index":"index","follow":"follow","max-snippet":"max-snippet:-1","max-image-preview":"max-image-preview:large","max-video-preview":"max-video-preview:-1"},"canonical":"https:\/\/www.estrategiaconcursos.com.br\/blog\/entenda-guerra-fiscal-do-icms-sefaz-se\/","og_locale":"pt_BR","og_type":"article","og_title":"Entenda a Guerra Fiscal do ICMS para Sefaz\/SE","og_description":"Entenda a Guerra Fiscal do ICMS e sua import\u00e2ncia no cen\u00e1rio pol\u00edtico e na arrecada\u00e7\u00e3o do pa\u00eds, para o concurso SEFAZ\/SE.","og_url":"https:\/\/www.estrategiaconcursos.com.br\/blog\/entenda-guerra-fiscal-do-icms-sefaz-se\/","og_site_name":"Estrat\u00e9gia Concursos","article_published_time":"2022-01-16T21:59:00+00:00","og_image":[{"width":2560,"height":1702,"url":"https:\/\/dhg1h5j42swfq.cloudfront.net\/2022\/01\/13111457\/biblioteca-scaled.jpg","type":"image\/jpeg"}],"author":"Kaio Guilherme Moraes de Aquino","twitter_card":"summary_large_image","twitter_creator":"@EstratConcursos","twitter_site":"@EstratConcursos","twitter_misc":{"Escrito por":"Kaio Guilherme Moraes de Aquino","Est. tempo de leitura":"10 minutos"},"schema":{"@context":"https:\/\/schema.org","@graph":[{"@type":"NewsArticle","@id":"https:\/\/www.estrategiaconcursos.com.br\/blog\/entenda-guerra-fiscal-do-icms-sefaz-se\/#article","isPartOf":{"@id":"https:\/\/www.estrategiaconcursos.com.br\/blog\/entenda-guerra-fiscal-do-icms-sefaz-se\/"},"author":{"name":"Kaio Guilherme Moraes de Aquino","@id":"https:\/\/www.estrategiaconcursos.com.br\/blog\/#\/schema\/person\/893ca2bbd27a959ad2f97b3b2016ec11"},"headline":"Entenda a Guerra Fiscal do ICMS para Sefaz\/SE","datePublished":"2022-01-16T21:59:00+00:00","mainEntityOfPage":{"@id":"https:\/\/www.estrategiaconcursos.com.br\/blog\/entenda-guerra-fiscal-do-icms-sefaz-se\/"},"wordCount":1927,"commentCount":0,"publisher":{"@id":"https:\/\/www.estrategiaconcursos.com.br\/blog\/#organization"},"image":{"@id":"https:\/\/www.estrategiaconcursos.com.br\/blog\/entenda-guerra-fiscal-do-icms-sefaz-se\/#primaryimage"},"thumbnailUrl":"https:\/\/dhg1h5j42swfq.cloudfront.net\/2022\/01\/13111457\/biblioteca-scaled.jpg","keywords":["CONFAZ","GUERRA FISCAL","icms","LC160\/2017","LC24\/75","SEFAZ\/SE"],"articleSection":["Concursos P\u00fablicos","Fiscal - Estadual (ICMS)"],"inLanguage":"pt-BR","potentialAction":[{"@type":"CommentAction","name":"Comment","target":["https:\/\/www.estrategiaconcursos.com.br\/blog\/entenda-guerra-fiscal-do-icms-sefaz-se\/#respond"]}],"copyrightYear":"2022","copyrightHolder":{"@id":"https:\/\/www.estrategiaconcursos.com.br\/blog\/#organization"}},{"@type":"WebPage","@id":"https:\/\/www.estrategiaconcursos.com.br\/blog\/entenda-guerra-fiscal-do-icms-sefaz-se\/","url":"https:\/\/www.estrategiaconcursos.com.br\/blog\/entenda-guerra-fiscal-do-icms-sefaz-se\/","name":"Entenda a Guerra Fiscal do ICMS para Sefaz\/SE","isPartOf":{"@id":"https:\/\/www.estrategiaconcursos.com.br\/blog\/#website"},"primaryImageOfPage":{"@id":"https:\/\/www.estrategiaconcursos.com.br\/blog\/entenda-guerra-fiscal-do-icms-sefaz-se\/#primaryimage"},"image":{"@id":"https:\/\/www.estrategiaconcursos.com.br\/blog\/entenda-guerra-fiscal-do-icms-sefaz-se\/#primaryimage"},"thumbnailUrl":"https:\/\/dhg1h5j42swfq.cloudfront.net\/2022\/01\/13111457\/biblioteca-scaled.jpg","datePublished":"2022-01-16T21:59:00+00:00","description":"Entenda a Guerra Fiscal do ICMS e sua import\u00e2ncia no cen\u00e1rio pol\u00edtico e na arrecada\u00e7\u00e3o do pa\u00eds, para o concurso SEFAZ\/SE.","breadcrumb":{"@id":"https:\/\/www.estrategiaconcursos.com.br\/blog\/entenda-guerra-fiscal-do-icms-sefaz-se\/#breadcrumb"},"inLanguage":"pt-BR","potentialAction":[{"@type":"ReadAction","target":["https:\/\/www.estrategiaconcursos.com.br\/blog\/entenda-guerra-fiscal-do-icms-sefaz-se\/"]}]},{"@type":"ImageObject","inLanguage":"pt-BR","@id":"https:\/\/www.estrategiaconcursos.com.br\/blog\/entenda-guerra-fiscal-do-icms-sefaz-se\/#primaryimage","url":"https:\/\/dhg1h5j42swfq.cloudfront.net\/2022\/01\/13111457\/biblioteca-scaled.jpg","contentUrl":"https:\/\/dhg1h5j42swfq.cloudfront.net\/2022\/01\/13111457\/biblioteca-scaled.jpg","width":2560,"height":1702,"caption":"Guerra fiscal do ICMS e Leis Complementares 25\/75 e 160\/2017"},{"@type":"BreadcrumbList","@id":"https:\/\/www.estrategiaconcursos.com.br\/blog\/entenda-guerra-fiscal-do-icms-sefaz-se\/#breadcrumb","itemListElement":[{"@type":"ListItem","position":1,"name":"In\u00edcio","item":"https:\/\/www.estrategiaconcursos.com.br\/blog\/"},{"@type":"ListItem","position":2,"name":"Entenda a Guerra Fiscal do ICMS para Sefaz\/SE"}]},{"@type":"WebSite","@id":"https:\/\/www.estrategiaconcursos.com.br\/blog\/#website","url":"https:\/\/www.estrategiaconcursos.com.br\/blog\/","name":"Estrat\u00e9gia Concursos","description":"O blog da Estrat\u00e9gia Concursos traz not\u00edcias sobre concursos e artigos de professores oferecendo cursos para concursos (pdf + videaulas) no site.","publisher":{"@id":"https:\/\/www.estrategiaconcursos.com.br\/blog\/#organization"},"potentialAction":[{"@type":"SearchAction","target":{"@type":"EntryPoint","urlTemplate":"https:\/\/www.estrategiaconcursos.com.br\/blog\/?s={search_term_string}"},"query-input":{"@type":"PropertyValueSpecification","valueRequired":true,"valueName":"search_term_string"}}],"inLanguage":"pt-BR"},{"@type":"Organization","@id":"https:\/\/www.estrategiaconcursos.com.br\/blog\/#organization","name":"Estrat\u00e9gia Concursos","url":"https:\/\/www.estrategiaconcursos.com.br\/blog\/","logo":{"@type":"ImageObject","inLanguage":"pt-BR","@id":"https:\/\/www.estrategiaconcursos.com.br\/blog\/#\/schema\/logo\/image\/","url":"https:\/\/dhg1h5j42swfq.cloudfront.net\/2025\/06\/03203428\/logo_concursos-1.jpg","contentUrl":"https:\/\/dhg1h5j42swfq.cloudfront.net\/2025\/06\/03203428\/logo_concursos-1.jpg","width":230,"height":60,"caption":"Estrat\u00e9gia Concursos"},"image":{"@id":"https:\/\/www.estrategiaconcursos.com.br\/blog\/#\/schema\/logo\/image\/"},"sameAs":["https:\/\/x.com\/EstratConcursos"]},{"@type":"Person","@id":"https:\/\/www.estrategiaconcursos.com.br\/blog\/#\/schema\/person\/893ca2bbd27a959ad2f97b3b2016ec11","name":"Kaio Guilherme Moraes de Aquino","image":{"@type":"ImageObject","inLanguage":"pt-BR","@id":"https:\/\/secure.gravatar.com\/avatar\/ad261d775d88e747a9faf0b4308571b9892e96c89da74e1f11f0d01245116e25?s=96&d=mm&r=g","url":"https:\/\/secure.gravatar.com\/avatar\/ad261d775d88e747a9faf0b4308571b9892e96c89da74e1f11f0d01245116e25?s=96&d=mm&r=g","contentUrl":"https:\/\/secure.gravatar.com\/avatar\/ad261d775d88e747a9faf0b4308571b9892e96c89da74e1f11f0d01245116e25?s=96&d=mm&r=g","caption":"Kaio Guilherme Moraes de Aquino"},"url":"https:\/\/www.estrategiaconcursos.com.br\/blog\/author\/kaioguilhermemoraesgmail-com\/"}]}},"_links":{"self":[{"href":"https:\/\/www.estrategiaconcursos.com.br\/blog\/wp-json\/wp\/v2\/posts\/945323","targetHints":{"allow":["GET"]}}],"collection":[{"href":"https:\/\/www.estrategiaconcursos.com.br\/blog\/wp-json\/wp\/v2\/posts"}],"about":[{"href":"https:\/\/www.estrategiaconcursos.com.br\/blog\/wp-json\/wp\/v2\/types\/post"}],"author":[{"embeddable":true,"href":"https:\/\/www.estrategiaconcursos.com.br\/blog\/wp-json\/wp\/v2\/users\/2236"}],"replies":[{"embeddable":true,"href":"https:\/\/www.estrategiaconcursos.com.br\/blog\/wp-json\/wp\/v2\/comments?post=945323"}],"version-history":[{"count":6,"href":"https:\/\/www.estrategiaconcursos.com.br\/blog\/wp-json\/wp\/v2\/posts\/945323\/revisions"}],"predecessor-version":[{"id":947006,"href":"https:\/\/www.estrategiaconcursos.com.br\/blog\/wp-json\/wp\/v2\/posts\/945323\/revisions\/947006"}],"wp:featuredmedia":[{"embeddable":true,"href":"https:\/\/www.estrategiaconcursos.com.br\/blog\/wp-json\/wp\/v2\/media\/946562"}],"wp:attachment":[{"href":"https:\/\/www.estrategiaconcursos.com.br\/blog\/wp-json\/wp\/v2\/media?parent=945323"}],"wp:term":[{"taxonomy":"category","embeddable":true,"href":"https:\/\/www.estrategiaconcursos.com.br\/blog\/wp-json\/wp\/v2\/categories?post=945323"},{"taxonomy":"post_tag","embeddable":true,"href":"https:\/\/www.estrategiaconcursos.com.br\/blog\/wp-json\/wp\/v2\/tags?post=945323"},{"taxonomy":"tax_estado","embeddable":true,"href":"https:\/\/www.estrategiaconcursos.com.br\/blog\/wp-json\/wp\/v2\/tax_estado?post=945323"}],"curies":[{"name":"wp","href":"https:\/\/api.w.org\/{rel}","templated":true}]}}