{"id":945307,"date":"2022-01-16T08:00:00","date_gmt":"2022-01-16T11:00:00","guid":{"rendered":"https:\/\/www.estrategiaconcursos.com.br\/blog\/?p=945307"},"modified":"2022-01-17T13:13:16","modified_gmt":"2022-01-17T16:13:16","slug":"gabarito-extraoficial-tj-rs-juiz","status":"publish","type":"post","link":"https:\/\/www.estrategiaconcursos.com.br\/blog\/gabarito-extraoficial-tj-rs-juiz\/","title":{"rendered":"Gabarito Extraoficial TJ RS Juiz: veja a corre\u00e7\u00e3o aqui!"},"content":{"rendered":"\n<p><strong>A prova do concurso TJ RS Juiz aconteceu no domingo (16). <\/strong>E, para ajudar voc\u00ea a conferir seu desempenho nesta etapa, a equipe de professores do Estrat\u00e9gia Carreira Jur\u00eddica realizou Gabarito Extraoficial TJ RS Juiz. Confira ao longo do artigo as respostas. <\/p>\n\n\n\n<p>A prova foi composta por <strong>100 quest\u00f5es<\/strong> de m\u00faltipla escolha com cinco alternativas, divididas em&nbsp;<strong>tr\u00eas blocos&nbsp;<\/strong>de disciplinas, com <strong>5 horas<\/strong> de dura\u00e7\u00e3o.  <\/p>\n\n\n\n<p>O certame oferta&nbsp;<strong>45 vagas&nbsp;<\/strong>imediatas para o cargo, sendo 33 para ampla concorr\u00eancia, 3 para pessoas com defici\u00eancia e 9 para negros. O cargo exige&nbsp;<strong>forma\u00e7\u00e3o<\/strong>&nbsp;<strong>superior em Direito<\/strong>, al\u00e9m da comprova\u00e7\u00e3o do exerc\u00edcio de&nbsp;<strong>tr\u00eas anos de atividade jur\u00eddica<\/strong>&nbsp;contados da obten\u00e7\u00e3o do grau de bacharel.<\/p>\n\n\n\n<h2 class=\"wp-block-heading\">Gabarito Extraoficial TJ RS Juiz: Ao vivo<\/h2>\n\n\n<figure class=\"wp-block-embed-youtube wp-block-embed is-type-video is-provider-youtube wp-embed-aspect-16-9 wp-has-aspect-ratio\"><div class=\"lyte-wrapper\" style=\"width:853px;max-width:100%;margin:5px;\"><div class=\"lyMe\" id=\"WYL_xdL7ImWvBVY\"><div id=\"lyte_xdL7ImWvBVY\" data-src=\"\/\/i.ytimg.com\/vi\/xdL7ImWvBVY\/hqdefault.jpg\" class=\"pL\"><div class=\"tC\"><div class=\"tT\"><\/div><\/div><div class=\"play\"><\/div><div class=\"ctrl\"><div class=\"Lctrl\"><\/div><div class=\"Rctrl\"><\/div><\/div><\/div><noscript><a href=\"https:\/\/youtu.be\/xdL7ImWvBVY\" rel=\"nofollow\"><img loading=\"lazy\" decoding=\"async\" src=\"https:\/\/i.ytimg.com\/vi\/xdL7ImWvBVY\/0.jpg\" alt=\"YouTube video thumbnail\" width=\"853\" height=\"460\" \/><br \/>Assista a este v\u00eddeo no YouTube<\/a><\/noscript><\/div><\/div><div class=\"lL\" style=\"max-width:100%;width:853px;margin:5px;\"><\/div><figcaption><\/figcaption><\/figure>\n\n\n<p>Mantenha acesso cont\u00ednuo ao site do Estrat\u00e9gia e tamb\u00e9m \u00e0s nossas redes sociais. <\/p>\n\n\n\n<p><strong>Veja abaixo a corre\u00e7\u00e3o da prova<\/strong> e as repostas no Gabarito Extraoficial TJ RS Juiz. Mas fique atento ao enunciado das quest\u00f5es e das alternativas, j\u00e1 que podem existir vers\u00f5es de prova diferentes: <\/p>\n\n\n\n<h3 class=\"wp-block-heading\">Gabarito Extraoficial TJ RS Juiz<\/h3>\n\n\n\n<figure class=\"wp-block-table is-style-stripes\"><table class=\"has-fixed-layout\"><tbody><tr><td class=\"has-text-align-center\" data-align=\"center\"><strong>Quest\u00f5es<\/strong><\/td><td class=\"has-text-align-center\" data-align=\"center\"><strong>Alternativas<\/strong><\/td><\/tr><tr><td class=\"has-text-align-center\" data-align=\"center\">1) Considere as seguintes afirma\u00e7\u00f5es em rela\u00e7\u00e3o \u00e0 classe morfol\u00f3gica&#8230;<\/td><td class=\"has-text-align-center\" data-align=\"center\">E &#8211; I, II e III<\/td><\/tr><tr><td class=\"has-text-align-center\" data-align=\"center\">2)   Considere as seguintes afirma\u00e7\u00f5es quanto \u00e0 sintaxe&#8230;<\/td><td class=\"has-text-align-center\" data-align=\"center\">A &#8211; Apenas I <\/td><\/tr><tr><td class=\"has-text-align-center\" data-align=\"center\">3)  Considere as seguintes afirma\u00e7\u00f5es quanto ao emprego da letras&#8230;<\/td><td class=\"has-text-align-center\" data-align=\"center\">B &#8211; o plural da palavra <em><strong>rev\u00e9s&#8230;<\/strong><\/em><\/td><\/tr><tr><td class=\"has-text-align-center\" data-align=\"center\">4) O texto apresenta tanto express\u00f5es conotativas quanto denotativas&#8230;<\/td><td class=\"has-text-align-center\" data-align=\"center\">D &#8211; <strong><em>um amor n\u00e3o correspondido<\/em><\/strong><\/td><\/tr><tr><td class=\"has-text-align-center\" data-align=\"center\">5) Considere as seguintes afirma\u00e7\u00f5es sobre coer\u00eancia e coes\u00e3o&#8230;<\/td><td class=\"has-text-align-center\" data-align=\"center\">E &#8211; I, II e III<\/td><\/tr><tr><td class=\"has-text-align-center\" data-align=\"center\">6)  Considere as seguintes afirma\u00e7\u00f5es em rela\u00e7\u00e3o \u00e0 express\u00e3o <em><strong>preocupou-se<\/strong><\/em><\/td><td class=\"has-text-align-center\" data-align=\"center\">C &#8211; Apenas III<\/td><\/tr><tr><td class=\"has-text-align-center\" data-align=\"center\">7) O emprego da v\u00edrgula est\u00e1 corretamente justificado em qual dos exemplos&#8230;<\/td><td class=\"has-text-align-center\" data-align=\"center\">E &#8211; A v\u00edrgula da linha 49 marca&#8230;<\/td><\/tr><tr><td class=\"has-text-align-center\" data-align=\"center\">8) Considere a concord\u00e2ncia do verbo <strong><em>ser<\/em><\/strong> no per\u00edodo abaixo<\/td><td class=\"has-text-align-center\" data-align=\"center\">B &#8211; um predicativo<\/td><\/tr><tr><td class=\"has-text-align-center\" data-align=\"center\">9) Qual das express\u00f5es sublinhadas abaixo \u00e9 um termo regido por&#8230;<\/td><td class=\"has-text-align-center\" data-align=\"center\">D &#8211; <em><strong>Ele nos mostra que estar preparado<\/strong><\/em>&#8230;<\/td><\/tr><tr><td class=\"has-text-align-center\" data-align=\"center\">10) Em rela\u00e7\u00e3o aos mecanismos de coes\u00e3o do texto&#8230;<\/td><td class=\"has-text-align-center\" data-align=\"center\">A &#8211; Apenas I <\/td><\/tr><tr><td class=\"has-text-align-center\" data-align=\"center\">11) O C\u00f3digo Civil de 2002 reconhece os direitos da personalidade&#8230;<\/td><td class=\"has-text-align-center\" data-align=\"center\">D &#8211; Os direitos da personalidade s\u00e3o intransmiss\u00edveis <\/td><\/tr><tr><td class=\"has-text-align-center\" data-align=\"center\">12) No que se refere \u00e0s limita\u00e7\u00f5es eventualmente apostas <\/td><td class=\"has-text-align-center\" data-align=\"center\">C &#8211; as <em>arras penitenciallis<\/em>, a retrovenda&#8230;<\/td><\/tr><tr><td class=\"has-text-align-center\" data-align=\"center\">13) De acordo com o direito civil brasileiro&#8230;<\/td><td class=\"has-text-align-center\" data-align=\"center\">A &#8211; os atos-fatos jur\u00eddicos n\u00e3o requerem <\/td><\/tr><tr><td class=\"has-text-align-center\" data-align=\"center\">14) Tendo em vista o direito civil brasileiro, no que se refere&#8230;<\/td><td class=\"has-text-align-center\" data-align=\"center\">C &#8211; Ao incidir no contrato, o princ\u00edpio da boa-f\u00e9&#8230;<\/td><\/tr><tr><td class=\"has-text-align-center\" data-align=\"center\">15) Com rela\u00e7\u00e3o ao direito brasileiro, no tocante aos bens&#8230;<\/td><td class=\"has-text-align-center\" data-align=\"center\">E &#8211; Segundo o disposto no C\u00f3digo Civil de 2002&#8230;<\/td><\/tr><tr><td class=\"has-text-align-center\" data-align=\"center\">16) No que se refere \u00e0 responsabilidade civil&#8230;<\/td><td class=\"has-text-align-center\" data-align=\"center\">D &#8211; A pr\u00e1tica de determinados atos il\u00edcitos pode gerar&#8230;<\/td><\/tr><tr><td class=\"has-text-align-center\" data-align=\"center\">17) Relativamente \u00e0 posse, \u00e9 <strong>INCORRETO<\/strong> afirmar que&#8230;<\/td><td class=\"has-text-align-center\" data-align=\"center\">E &#8211; veda ao sucessor regular unir sua posse \u00e0&#8230;<\/td><\/tr><tr><td class=\"has-text-align-center\" data-align=\"center\">18) Assinale a alternativa correta dentre as afirma\u00e7\u00f5es&#8230;<\/td><td class=\"has-text-align-center\" data-align=\"center\">C &#8211; Vencida e n\u00e3o paga a d\u00edvida, vendida a coisa alienada&#8230;<\/td><\/tr><tr><td class=\"has-text-align-center\" data-align=\"center\">19) \u00c0 luz da legisla\u00e7\u00e3o civil vigente&#8230;<\/td><td class=\"has-text-align-center\" data-align=\"center\">C &#8211; procedente caso Marcelo N. declare ao magistrado&#8230;<\/td><\/tr><tr><td class=\"has-text-align-center\" data-align=\"center\">20) Considerando o C\u00f3digo Civil vigente e o entendimento&#8230;<\/td><td class=\"has-text-align-center\" data-align=\"center\">B &#8211; A parte poder\u00e1 requerer a separa\u00e7\u00e3o de corpos&#8230;<\/td><\/tr><tr><td class=\"has-text-align-center\" data-align=\"center\">21) As disposi\u00e7\u00f5es do C\u00f3digo Civil vigente acerca do testamento&#8230;<\/td><td class=\"has-text-align-center\" data-align=\"center\">A &#8211; N\u00e3o \u00e9 aceit\u00e1vel que os c\u00f4njuges destinem&#8230;<\/td><\/tr><tr><td class=\"has-text-align-center\" data-align=\"center\">22) Os atos constitutivos e os estatutos dos partidos pol\u00edticos&#8230;<\/td><td class=\"has-text-align-center\" data-align=\"center\">D &#8211; Registro Civil de Pessoas Jur\u00eddicas<\/td><\/tr><tr><td class=\"has-text-align-center\" data-align=\"center\">23) Assinale a alternativa correta sobre tutela provis\u00f3ria <\/td><td class=\"has-text-align-center\" data-align=\"center\">C &#8211; No novo CPC, n\u00e3o h\u00e1 nenhuma previs\u00e3o de&#8230;<\/td><\/tr><tr><td class=\"has-text-align-center\" data-align=\"center\">24) Assinale a alternativa <strong>INCORRETA <\/strong>a respeito dos recursos c\u00edveis ordin\u00e1rios<\/td><td class=\"has-text-align-center\" data-align=\"center\">D &#8211; De acordo com o sistema do novo CPC e a interpreta\u00e7\u00e3o&#8230;<\/td><\/tr><tr><td class=\"has-text-align-center\" data-align=\"center\">25) Assinale a afirmativa correta a respeito dos recursos excepcionais<\/td><td class=\"has-text-align-center\" data-align=\"center\">A &#8211; O novo CPC consagrou o tr\u00e2nsito de recursos entre&#8230;<\/td><\/tr><tr><td class=\"has-text-align-center\" data-align=\"center\">26)  Assinale a afirmativa correta sobre o sistema de precedentes&#8230;<\/td><td class=\"has-text-align-center\" data-align=\"center\">C &#8211; Os precedentes s\u00e3o vinculantes, mas o juiz pode deixar de aplicar&#8230;<\/td><\/tr><tr><td class=\"has-text-align-center\" data-align=\"center\">27) Assinale a alternativa correta, levando em conta a disciplina dos procedimentos especiais&#8230;<\/td><td class=\"has-text-align-center\" data-align=\"center\">B &#8211; O novo CPC prev\u00ea a circula\u00e7\u00e3o de t\u00e9cnicas diferenciadas&#8230;<\/td><\/tr><tr><td class=\"has-text-align-center\" data-align=\"center\">28) Considere ter ocorrido a propositura de a\u00e7\u00e3o popular&#8230;<\/td><td class=\"has-text-align-center\" data-align=\"center\">A &#8211; O litiscons\u00f3rcio ativo formado \u00e9 facultativo e unit\u00e1rio<\/td><\/tr><tr><td class=\"has-text-align-center\" data-align=\"center\">29) Assinale a alternativa correta considerando as implica\u00e7\u00f5es do \u00f4nus da prova<\/td><td class=\"has-text-align-center\" data-align=\"center\">C &#8211; As regras do \u00f4nus da prova s\u00e3o aplic\u00e1veis na aus\u00eancia de prova&#8230;<\/td><\/tr><tr><td class=\"has-text-align-center\" data-align=\"center\">30) A Corte Especial do STJ&#8230;<\/td><td class=\"has-text-align-center\" data-align=\"center\">B &#8211; A decis\u00e3o que transitou em julgado&#8230;<\/td><\/tr><tr><td class=\"has-text-align-center\" data-align=\"center\">31) Assinale a alternativa correta acerca das diferentes modalidades&#8230;<\/td><td class=\"has-text-align-center\" data-align=\"center\">B &#8211; O Minist\u00e9rio P\u00fablico tem legitimidade para promover&#8230;<\/td><\/tr><tr><td class=\"has-text-align-center\" data-align=\"center\">32) Acerca do cumprimento de senten\u00e7a, assinale&#8230; <\/td><td class=\"has-text-align-center\" data-align=\"center\">D &#8211; O prazo de cumprimento da obriga\u00e7\u00e3o de fazer&#8230;<\/td><\/tr><tr><td class=\"has-text-align-center\" data-align=\"center\">33) Considere as afirma\u00e7\u00f5es abaixo, segundo a lei 8.078&#8230; e o entendimento jurisprudencial<\/td><td class=\"has-text-align-center\" data-align=\"center\">C &#8211; Apenas I e II<\/td><\/tr><tr><td class=\"has-text-align-center\" data-align=\"center\">34) Considere as afirma\u00e7\u00f5es abaixo, segundo a lei 8.078&#8230;  <\/td><td class=\"has-text-align-center\" data-align=\"center\">C &#8211; Apenas III e IV<\/td><\/tr><tr><td class=\"has-text-align-center\" data-align=\"center\">35) Considere as afirma\u00e7\u00f5es abaixo sobre direito do consumidor <\/td><td class=\"has-text-align-center\" data-align=\"center\">D &#8211; Apenas I e III<\/td><\/tr><tr><td class=\"has-text-align-center\" data-align=\"center\">36) Com rela\u00e7\u00e3o ao campo de aplica\u00e7\u00e3o subjetiva..<\/td><td class=\"has-text-align-center\" data-align=\"center\">A &#8211; De acordo com a teoria finalista, o destinat\u00e1rio final&#8230;<\/td><\/tr><tr><td class=\"has-text-align-center\" data-align=\"center\">37) Com rela\u00e7\u00e3o \u00e0 responsabilidade do fornecedor&#8230;<\/td><td class=\"has-text-align-center\" data-align=\"center\">C &#8211; No caso de v\u00edcios ocultos, o prazo para reclamar<\/td><\/tr><tr><td class=\"has-text-align-center\" data-align=\"center\">38) Considere as afirma\u00e7\u00f5es abaixo sobre bancos de dados&#8230;<\/td><td class=\"has-text-align-center\" data-align=\"center\">D &#8211; Apenas I e II<\/td><\/tr><tr><td class=\"has-text-align-center\" data-align=\"center\">39) Depois de uma separa\u00e7\u00e3o judicial conflituosa de um casal&#8230;<\/td><td class=\"has-text-align-center\" data-align=\"center\">C &#8211; \u00c9 cab\u00edvel a tomada de depoimento especial sob o rito cautelar<\/td><\/tr><tr><td class=\"has-text-align-center\" data-align=\"center\">40) Adolescente do sexo masculino, com 17 anos e seis meses de idade&#8230;<\/td><td class=\"has-text-align-center\" data-align=\"center\">B &#8211; A decis\u00e3o judicial n\u00e3o poderia ter fixado o prazo inicial&#8230;<\/td><\/tr><tr><td class=\"has-text-align-center\" data-align=\"center\">41) Cinco agentes, formando uma organiza\u00e7\u00e3o criminosa&#8230;<\/td><td class=\"has-text-align-center\" data-align=\"center\">D &#8211; Os agentes n\u00e3o devem ser punidos pelo crime&#8230;<\/td><\/tr><tr><td class=\"has-text-align-center\" data-align=\"center\">42) O Diretor Executivo de uma empresa agropecu\u00e1ria&#8230;.<\/td><td class=\"has-text-align-center\" data-align=\"center\">B &#8211; omiss\u00e3o impr\u00f3pria<\/td><\/tr><tr><td class=\"has-text-align-center\" data-align=\"center\">43) Segundo o C\u00f3digo Penal e a doutrina&#8230;<\/td><td class=\"has-text-align-center\" data-align=\"center\">D &#8211; Incorre em erro de tipo permissivo, agindo sem dolo&#8230;<\/td><\/tr><tr><td class=\"has-text-align-center\" data-align=\"center\">44) Considerando a jurisprud\u00eancia e o entendimento sumulado&#8230;<\/td><td class=\"has-text-align-center\" data-align=\"center\">C &#8211; incorre em erro de tipo permissivo, agindo sem dolo&#8230;<\/td><\/tr><tr><td class=\"has-text-align-center\" data-align=\"center\">45) Sobre a determina\u00e7\u00e3o da progress\u00e3o de regime&#8230;<\/td><td class=\"has-text-align-center\" data-align=\"center\">D &#8211; A partir da vig\u00eancia da Lei n.\u00ba 13.964\/2019&#8230;<\/td><\/tr><tr><td class=\"has-text-align-center\" data-align=\"center\">46) Empres\u00e1rio emitiu notas superfaturadas&#8230;<\/td><td class=\"has-text-align-center\" data-align=\"center\">A &#8211; Consun\u00e7\u00e3o e continuidade delitiva<\/td><\/tr><tr><td class=\"has-text-align-center\" data-align=\"center\">47) Sobre os crimes de posse e porte ilegais de armas&#8230;<\/td><td class=\"has-text-align-center\" data-align=\"center\">D &#8211; A condi\u00e7\u00e3o de Policial Civil afasta a tipicidade&#8230;<\/td><\/tr><tr><td class=\"has-text-align-center\" data-align=\"center\">48) Sobre os crimes contra a propriedade e o patrim\u00f4nio&#8230;<\/td><td class=\"has-text-align-center\" data-align=\"center\">E &#8211; Com o advento da Lei n.\u00ba 13.964\/19 (&#8220;Lei Anticrime&#8221;)<\/td><\/tr><tr><td class=\"has-text-align-center\" data-align=\"center\">49) Em uma sociedade por a\u00e7\u00f5es &#8220;A&#8221;&#8230;<\/td><td class=\"has-text-align-center\" data-align=\"center\">B &#8211; corrup\u00e7\u00e3o ativa, corrup\u00e7\u00e3o passiva e lavagem de dinheiro&#8230;<\/td><\/tr><tr><td class=\"has-text-align-center\" data-align=\"center\">50) Assinale as seguintes assertivas sobre crimes contra a ordem tribut\u00e1ria&#8230;<\/td><td class=\"has-text-align-center\" data-align=\"center\">D &#8211; Segundo o STF, a conduta de deixar de recolher ICMS&#8230;<\/td><\/tr><tr><td class=\"has-text-align-center\" data-align=\"center\">51) Considere as seguintes assertivas sobre investiga\u00e7\u00e3o preliminar&#8230; <\/td><td class=\"has-text-align-center\" data-align=\"center\">D &#8211; Apenas I e II<\/td><\/tr><tr><td class=\"has-text-align-center\" data-align=\"center\">52) Considerando a legisla\u00e7\u00e3o processual penal&#8230;<\/td><td class=\"has-text-align-center\" data-align=\"center\">D &#8211; O acusado possui o direito de ser comunicado&#8230;<\/td><\/tr><tr><td class=\"has-text-align-center\" data-align=\"center\">53) Considere as informa\u00e7\u00f5es abaixo acerca do instituto da colabora\u00e7\u00e3o premiada&#8230;<\/td><td class=\"has-text-align-center\" data-align=\"center\">E &#8211; I, II e III<\/td><\/tr><tr><td class=\"has-text-align-center\" data-align=\"center\">54) Acerca do acordo de n\u00e3o persecus\u00e3o penal&#8230;<\/td><td class=\"has-text-align-center\" data-align=\"center\">E &#8211; No caso da recursa, por parte do Minist\u00e9rio P\u00fablico,&#8230;<\/td><\/tr><tr><td class=\"has-text-align-center\" data-align=\"center\">55) Sobre as medidas cautelares previstas&#8230; <\/td><td class=\"has-text-align-center\" data-align=\"center\">A &#8211; Apenas I <\/td><\/tr><tr><td class=\"has-text-align-center\" data-align=\"center\">56) Sobre as formas processuais e eventuais v\u00edcios&#8230;<\/td><td class=\"has-text-align-center\" data-align=\"center\">C &#8211; que, nos denominados v\u00edcios empresariais&#8230;<\/td><\/tr><tr><td class=\"has-text-align-center\" data-align=\"center\">57) Sobre os recursos e a\u00e7\u00f5es de impugna\u00e7\u00e3o&#8230;<\/td><td class=\"has-text-align-center\" data-align=\"center\">A &#8211; Conforme o STJ, o mandado de seguran\u00e7a \u00e9 meio id\u00f4neo&#8230;<\/td><\/tr><tr><td class=\"has-text-align-center\" data-align=\"center\">58) Analisando as seguintes afirmativas, assinale a correta<\/td><td class=\"has-text-align-center\" data-align=\"center\">C &#8211; Segundo o STF, \u00e9 l\u00edcita a prova consistente em&#8230;<\/td><\/tr><tr><td class=\"has-text-align-center\" data-align=\"center\">59) A respeito do Poder Constituinte&#8230;<\/td><td class=\"has-text-align-center\" data-align=\"center\">B &#8211; a Constitui\u00e7\u00e3o brasileira poder\u00e1 ser emendada mediante proposta de tr\u00eas quintos&#8230;<\/td><\/tr><tr><td class=\"has-text-align-center\" data-align=\"center\">60) Sobre a jurisdi\u00e7\u00e3o constitucional&#8230;.<\/td><td class=\"has-text-align-center\" data-align=\"center\">D &#8211; Podem propor a\u00e7\u00e3o direta de inconstitucionalidade por omiss\u00e3o&#8230;<\/td><\/tr><tr><td class=\"has-text-align-center\" data-align=\"center\">61) O Supremo Tribunal Federal vem proferindo decis\u00f5es&#8230;<\/td><td class=\"has-text-align-center\" data-align=\"center\">D &#8211; Apenas I e III<\/td><\/tr><tr><td class=\"has-text-align-center\" data-align=\"center\">62) Acerca do controle judicial de pol\u00edtica p\u00fablica penitenciaria&#8230;<\/td><td class=\"has-text-align-center\" data-align=\"center\">E &#8211; Embora seja poss\u00edvel o reconhecimento em ADPF&#8230;<\/td><\/tr><tr><td class=\"has-text-align-center\" data-align=\"center\">63) Sobre a regulamenta\u00e7\u00e3o constitucional das medidas&#8230;<\/td><td class=\"has-text-align-center\" data-align=\"center\">A &#8211; Os requisitos constitucionais de &#8220;relev\u00e2ncia&#8221; e &#8220;urg\u00eancia&#8221;&#8230;<\/td><\/tr><tr><td class=\"has-text-align-center\" data-align=\"center\">64) Sobre o direito constitucional \u00e0 educa\u00e7\u00e3o&#8230;.<\/td><td class=\"has-text-align-center\" data-align=\"center\">B &#8211; A garantia constitucional da gratuidade de ensino&#8230;<\/td><\/tr><tr><td class=\"has-text-align-center\" data-align=\"center\">65) A Constitui\u00e7\u00e3o da Rep\u00fablica e o seu int\u00e9rprete oficial<\/td><td class=\"has-text-align-center\" data-align=\"center\">D &#8211; Apenas II e III<\/td><\/tr><tr><td class=\"has-text-align-center\" data-align=\"center\">66) Considere as afirma\u00e7\u00f5es abaixo, segundo a Constitui\u00e7\u00e3o da Rep\u00fablica&#8230; e a jurisprud\u00eancia&#8230; <\/td><td class=\"has-text-align-center\" data-align=\"center\">B &#8211; Apenas I e IV<\/td><\/tr><tr><td class=\"has-text-align-center\" data-align=\"center\">67) Considere as afirma\u00e7\u00f5es abaixo, segundo a Constitui\u00e7\u00e3o da Rep\u00fablica&#8230; e a jurisprud\u00eancia&#8230;  <\/td><td class=\"has-text-align-center\" data-align=\"center\">A &#8211; Apenas I e II<\/td><\/tr><tr><td class=\"has-text-align-center\" data-align=\"center\">68)  Considere as afirma\u00e7\u00f5es abaixo, segundo a Constitui\u00e7\u00e3o da Rep\u00fablica&#8230;  <\/td><td class=\"has-text-align-center\" data-align=\"center\">D &#8211; Apenas II, III e IV<\/td><\/tr><tr><td class=\"has-text-align-center\" data-align=\"center\">69) Considerando a posi\u00e7\u00e3o do STF sobre as inelegibilidades&#8230;<\/td><td class=\"has-text-align-center\" data-align=\"center\">C &#8211; A veda\u00e7\u00e3o ao exerc\u00edcio de tr\u00eas mandatos consecutivos de prefeito pelo mesmo&#8230;.<\/td><\/tr><tr><td class=\"has-text-align-center\" data-align=\"center\">70) No que pertine aos recursos, \u00e0 composi\u00e7\u00e3o e \u00e0 compet\u00eancia da Justi\u00e7a Eleitoral&#8230;<\/td><td class=\"has-text-align-center\" data-align=\"center\">D &#8211; A discuss\u00e3o acerca da valora\u00e7\u00e3o&#8230; n\u00e3o \u00e9 pass\u00edvel de discuss\u00e3o em recurso extraordin\u00e1rio eleitoral<\/td><\/tr><tr><td class=\"has-text-align-center\" data-align=\"center\">71) No \u00e2mbito do Direito de Empresa, \u00e9 correto afirmar que<\/td><td class=\"has-text-align-center\" data-align=\"center\">C &#8211; Conforme o C\u00f3digo Civil, \u00e9 obrigat\u00f3ria a inscri\u00e7\u00e3o&#8230;<\/td><\/tr><tr><td class=\"has-text-align-center\" data-align=\"center\">72) Em rela\u00e7\u00e3o \u00e0s sociedades n\u00e3o personificadas&#8230;<\/td><td class=\"has-text-align-center\" data-align=\"center\">E &#8211; a sociedade em conta de participa\u00e7\u00e3o&#8230;<\/td><\/tr><tr><td class=\"has-text-align-center\" data-align=\"center\">73) Em rela\u00e7\u00e3o \u00e0s assembleias gerais de credores&#8230;<\/td><td class=\"has-text-align-center\" data-align=\"center\">B &#8211; Os votos em assembleia que deliberam sobre planos&#8230; credores classificados como quirograf\u00e1rios<\/td><\/tr><tr><td class=\"has-text-align-center\" data-align=\"center\">74) Em rela\u00e7\u00e3o a t\u00edtulos de cr\u00e9dito, \u00e9 correto afirmar que <\/td><td class=\"has-text-align-center\" data-align=\"center\">C &#8211; a nota promiss\u00f3ria e o cheque n\u00e3o admitem a figura do aceite&#8230;<\/td><\/tr><tr><td class=\"has-text-align-center\" data-align=\"center\">75) Pedro, empres\u00e1rio individual, celebrou com a&#8230;<\/td><td class=\"has-text-align-center\" data-align=\"center\">E &#8211; Durante toda a vig\u00eancia do contrato de arrendamento&#8230;<\/td><\/tr><tr><td class=\"has-text-align-center\" data-align=\"center\">76) Sobre o capital social nas sociedades limitadas&#8230;<\/td><td class=\"has-text-align-center\" data-align=\"center\">B &#8211; Os cond\u00f4minos titulares de quota indivisa respondem solidariamente&#8230;<\/td><\/tr><tr><td class=\"has-text-align-center\" data-align=\"center\">77) As sociedades an\u00f4nimas t\u00eam sido historicamente&#8230;<\/td><td class=\"has-text-align-center\" data-align=\"center\">E &#8211; Perante companhias abertas, a comunh\u00e3o de debenturistas&#8230;<\/td><\/tr><tr><td class=\"has-text-align-center\" data-align=\"center\">78) Aliena\u00e7\u00e3o fiduci\u00e1ria em garantia \u00e9 o neg\u00f3cio&#8230;<\/td><td class=\"has-text-align-center\" data-align=\"center\">B &#8211; A aliena\u00e7\u00e3o fiduci\u00e1ria de bem im\u00f3vel poder\u00e1 ser contratada por pessoa f\u00edsica&#8230;<\/td><\/tr><tr><td class=\"has-text-align-center\" data-align=\"center\">79) Assinale a afirma\u00e7\u00e3o <strong>INCORRETA<\/strong> sobre o registro e a prote\u00e7\u00e3o de marcas<\/td><td class=\"has-text-align-center\" data-align=\"center\">D &#8211; Segundo a legisla\u00e7\u00e3o brasileira, na indeniza\u00e7\u00e3o pelo uso indevido de marca&#8230;<\/td><\/tr><tr><td class=\"has-text-align-center\" data-align=\"center\">80) Assinale a alternativa correta<\/td><td class=\"has-text-align-center\" data-align=\"center\">D &#8211; O fato gerador do imposto \u00e9 uma situa\u00e7\u00e3o independente&#8230;<\/td><\/tr><tr><td class=\"has-text-align-center\" data-align=\"center\">81) O que \u00e9 correto afirmar em rela\u00e7\u00e3o ao imposto sobre opera\u00e7\u00f5es relativas \u00e0 circula\u00e7\u00e3o de mercadorias&#8230;<\/td><td class=\"has-text-align-center\" data-align=\"center\">E &#8211; A isen\u00e7\u00e3o, salvo determina\u00e7\u00e3o em contr\u00e1rio da legisla\u00e7\u00e3o&#8230;<\/td><\/tr><tr><td class=\"has-text-align-center\" data-align=\"center\">82) Assinale a alternativa correta.<\/td><td class=\"has-text-align-center\" data-align=\"center\">C &#8211; Segundo a jurisprud\u00eancia atual do STJ, h\u00e1 presun\u00e7\u00e3o de dissolu\u00e7\u00e3o irregular<\/td><\/tr><tr><td class=\"has-text-align-center\" data-align=\"center\">83)  Assinale a alternativa correta. <\/td><td class=\"has-text-align-center\" data-align=\"center\">A &#8211; A restitui\u00e7\u00e3o de tributos que comportem, por sua natureza, transfer\u00eancia de \u00f4nus financeiro<\/td><\/tr><tr><td class=\"has-text-align-center\" data-align=\"center\">84) Numere a segunda coluna de acordo com a primeira&#8230;<\/td><td class=\"has-text-align-center\" data-align=\"center\">E &#8211; 4 &#8211; 3 &#8211; 1 &#8211; 5 &#8211; 2.<\/td><\/tr><tr><td class=\"has-text-align-center\" data-align=\"center\">85) Considere o trecho a seguir&#8230;<\/td><td class=\"has-text-align-center\" data-align=\"center\">B &#8211; municipal &#8211; imposto sobre a propriedade predial e territorial urbana<\/td><\/tr><tr><td class=\"has-text-align-center\" data-align=\"center\">86) O estatuto social de uma Institui\u00e7\u00e3o de educa\u00e7\u00e3o fins lucrativos&#8230; <\/td><td class=\"has-text-align-center\" data-align=\"center\">A &#8211; \u00e9 imune ao imposto sobre a propriedade predial e territorial urbana, desde que&#8230;<\/td><\/tr><tr><td class=\"has-text-align-center\" data-align=\"center\">87) Considere as seguintes afirma\u00e7\u00f5es a respeito do imposto sobre circula\u00e7\u00e3o&#8230;<\/td><td class=\"has-text-align-center\" data-align=\"center\">B &#8211; Apenas II e III<\/td><\/tr><tr><td class=\"has-text-align-center\" data-align=\"center\">88) De acordo com as disposi\u00e7\u00f5es legais sobre prote\u00e7\u00e3o ambiental&#8230;<\/td><td class=\"has-text-align-center\" data-align=\"center\">B &#8211; \u00c9 \u00e1rea protegida, coberta ou n\u00e3o por vegeta\u00e7\u00e3o&#8230;<\/td><\/tr><tr><td class=\"has-text-align-center\" data-align=\"center\">89) A outorga de direitos de uso de recursos h\u00eddricos&#8230;.<\/td><td class=\"has-text-align-center\" data-align=\"center\">D &#8211; O uso para satisfa\u00e7\u00e3o das necessidades de pequenos&#8230; <\/td><\/tr><tr><td class=\"has-text-align-center\" data-align=\"center\">90) Tendo em mente a jurisprud\u00eancia no Superior Tribunal de Justi\u00e7a&#8230;<\/td><td class=\"has-text-align-center\" data-align=\"center\">A &#8211; Admite-se a aplica\u00e7\u00e3o da teoria do fato consumado&#8230;<\/td><\/tr><tr><td class=\"has-text-align-center\" data-align=\"center\">91) Relativamente \u00e0s empresas p\u00fablicas e sociedades de economia mista&#8230;<\/td><td class=\"has-text-align-center\" data-align=\"center\">C &#8211; N\u00e3o poder\u00e3o gozar de privil\u00e9gios fiscais&#8230;<\/td><\/tr><tr><td class=\"has-text-align-center\" data-align=\"center\">92) Relativamente \u00e0 Lei n.\u00ba 12.846, de 2013&#8230;<\/td><td class=\"has-text-align-center\" data-align=\"center\">A &#8211; A celebra\u00e7\u00e3o do acordo de leni\u00eancia reduzir\u00e1 em at\u00e9 2\/3 (dois ter\u00e7os)<\/td><\/tr><tr><td class=\"has-text-align-center\" data-align=\"center\">93) Considere as afirma\u00e7\u00f5es abaixo sobre as Parcerias P\u00fablico-Privadas&#8230;<\/td><td class=\"has-text-align-center\" data-align=\"center\">C &#8211; Apenas III<\/td><\/tr><tr><td class=\"has-text-align-center\" data-align=\"center\">94) Considere as afirma\u00e7\u00f5es abaixo sobre o controle externo da Administra\u00e7\u00e3o P\u00fablica<\/td><td class=\"has-text-align-center\" data-align=\"center\">A &#8211; Apenas I <\/td><\/tr><tr><td class=\"has-text-align-center\" data-align=\"center\">95) Com rela\u00e7\u00e3o \u00e0 desapropria\u00e7\u00e3o, \u00e9 correto afirmar que<\/td><td class=\"has-text-align-center\" data-align=\"center\">E &#8211; a desapropria\u00e7\u00e3o poder\u00e1 abranger \u00e1rea cont\u00edgua&#8230;.<\/td><\/tr><tr><td class=\"has-text-align-center\" data-align=\"center\">96) No processo administrativo, tem-se o artigo 54, da Lei n.\u00ba 9.784&#8230; <\/td><td class=\"has-text-align-center\" data-align=\"center\">B &#8211; Seguran\u00e7a jur\u00eddica, prote\u00e7\u00e3o \u00e0 confian\u00e7a e boa-f\u00e9<\/td><\/tr><tr><td class=\"has-text-align-center\" data-align=\"center\">97) No tocante \u00e0 responsabilidade extracontratual do Estado no Brasil&#8230;<\/td><td class=\"has-text-align-center\" data-align=\"center\">D &#8211; A Constitui\u00e7\u00e3o Federal, em seu artigo 37 \u00a76\u00ba consagra a teoria do risco integral&#8230;<\/td><\/tr><tr><td class=\"has-text-align-center\" data-align=\"center\">98) No tocante \u00e0 licita\u00e7\u00e3o, assinale a alternativa <strong>INCORRETA<\/strong><\/td><td class=\"has-text-align-center\" data-align=\"center\">E &#8211; O princ\u00edpio da licita\u00e7\u00e3o sustent\u00e1vel n\u00e3o ser\u00e1 observado pela Administra\u00e7\u00e3o P\u00fablica direta<\/td><\/tr><tr><td class=\"has-text-align-center\" data-align=\"center\">99)  Referente \u00e0 improbidade administrativa, assinale a alternativa <strong>INCORRETA<\/strong> <\/td><td class=\"has-text-align-center\" data-align=\"center\">C &#8211; Para a caracteriza\u00e7\u00e3o do sujeito passivo da improbidade, o agente p\u00fablico&#8230;<\/td><\/tr><tr><td class=\"has-text-align-center\" data-align=\"center\">100) \u00c0 luz do sistema jur\u00eddico brasileiro, assinale a alternativa <strong>INCORRETA<\/strong> <\/td><td class=\"has-text-align-center\" data-align=\"center\">A &#8211; A publicidade pode ser empregada como instrumento de propaganda pessoal&#8230;<\/td><\/tr><\/tbody><\/table><\/figure>\n\n\n\n<p class=\"has-text-align-center has-luminous-vivid-amber-background-color has-background has-medium-font-size\"><strong>Saiba mais: <a href=\"https:\/\/www.estrategiaconcursos.com.br\/blog\/concurso-magistratura-rs\/\" target=\"_blank\" rel=\"noreferrer noopener\">concurso Magistratura RS<\/a><\/strong><\/p>\n\n\n\n<h2 class=\"has-text-align-center wp-block-heading\" id=\"h-quer-saber-tudo-sobre-concursos-previstos-confira-nossos-artigos\">Quer saber tudo sobre concursos previstos?<br \/>Confira nossos artigos!<\/h2>\n\n\n\n<ul class=\"wp-block-list\"><li><a href=\"https:\/\/www.estrategiaconcursos.com.br\/blog\/concursos-abertos\/\" target=\"_blank\" rel=\"noreferrer noopener\">Concursos abertos<\/a><\/li><li><a href=\"https:\/\/www.estrategiaconcursos.com.br\/blog\/concursos-2022\/\" target=\"_blank\" rel=\"noreferrer noopener\">Concursos 2022<\/a><\/li><\/ul>\n\n\n\n<h2 class=\"has-text-align-center wp-block-heading\" id=\"cursos-assinatura\"><strong><em>Quer estudar para Magistratura RS?<\/em><\/strong><\/h2>\n\n\n\n<p class=\"has-text-align-center\"><em>Gostou do Gabarito Extraoficial TJ RS Juiz e deseja come\u00e7ar se preparar agora mesmo? Ent\u00e3o, confira os nossos cursos e comece a estudar para o concurso:<\/em><\/p>\n\n\n\n<div class=\"container\" id=\"boxes\">\n  <div class=\"row\">\n\n    <div class=\"col-sm\">\n      <div class=\"banner-ecj\" id=\"box-assinatura\">\n        <h3 class=\"titulo-assinatura\">Curso para Concurso Magistratura RS <\/h3>\n        <p class=\"subtitulo-assinatura\">Cursos focados no edital do concurso<\/p>\n        <div class=\"box-botao\">\n          <a class=\"btn-assinatura\" target=\"_blank\" href=\"https:\/\/www.estrategiaconcursos.com.br\/cursosPorConcurso\/tj-rs-tribunal-de-justica-do-rio-de-grande-do-sul-juiz-substituto\/\" role=\"button\" rel=\"noopener noreferrer\">Conhe\u00e7a mais<\/a>\n        <\/div>\n      <\/div>\n     \n    <\/div>\n\n  <\/div>\n<\/div>\n\n\n\n<div class=\"container\" id=\"boxes\">\n  <div class=\"row\">\n\n    <div class=\"col-sm\">\n      <div class=\"banner-ecj\" id=\"box-assinatura\">\n        <h3 class=\"titulo-assinatura\">Assinatura Jur\u00eddica <\/h3>\n        <p class=\"subtitulo-assinatura\">Conhe\u00e7a os planos<\/p>\n        <div class=\"box-botao\">\n          <a class=\"btn-assinatura\" target=\"_blank\" href=\"https:\/\/www.estrategiaconcursos.com.br\/assinaturas-ecj\/\" role=\"button\" rel=\"noopener noreferrer\">Conhe\u00e7a mais<\/a>\n        <\/div>\n      <\/div>\n   \n    <\/div>\n\n  <\/div>\n<\/div>\n","protected":false},"excerpt":{"rendered":"<p>A prova do concurso TJ RS Juiz aconteceu no domingo (16). E, para ajudar voc\u00ea a conferir seu desempenho nesta etapa, a equipe de professores do Estrat\u00e9gia Carreira Jur\u00eddica realizou Gabarito Extraoficial TJ RS Juiz. Confira ao longo do artigo as respostas. A prova foi composta por 100 quest\u00f5es de m\u00faltipla escolha com cinco alternativas, [&hellip;]<\/p>\n","protected":false},"author":1,"featured_media":948063,"comment_status":"open","ping_status":"closed","sticky":false,"template":"","format":"standard","meta":{"post_tipo":"news_page","footnotes":""},"categories":[220195],"tags":[],"tax_estado":[219986],"class_list":["post-945307","post","type-post","status-publish","format-standard","has-post-thumbnail","hentry","category-magistratura","tax_estado-rs"],"acf":[],"yoast_head":"<!-- This site is optimized with the Yoast SEO Premium plugin v27.2 (Yoast SEO v27.2) - https:\/\/yoast.com\/product\/yoast-seo-premium-wordpress\/ -->\n<title>Gabarito Extraoficial TJ RS Juiz: veja a corre\u00e7\u00e3o aqui!<\/title>\n<meta name=\"description\" content=\"Gabarito Extraoficial TJ RS Juiz: confira a corre\u00e7\u00e3o da prova objetiva, ao vivo e gratuitamente, neste domingo, a partir das 19 horas!\" \/>\n<meta name=\"robots\" content=\"index, follow, max-snippet:-1, max-image-preview:large, max-video-preview:-1\" \/>\n<link rel=\"canonical\" href=\"https:\/\/www.estrategiaconcursos.com.br\/blog\/gabarito-extraoficial-tj-rs-juiz\/\" \/>\n<meta property=\"og:locale\" content=\"pt_BR\" \/>\n<meta property=\"og:type\" content=\"article\" \/>\n<meta property=\"og:title\" content=\"Gabarito Extraoficial TJ RS Juiz: veja a corre\u00e7\u00e3o aqui!\" \/>\n<meta property=\"og:description\" content=\"Gabarito Extraoficial TJ RS Juiz: confira a corre\u00e7\u00e3o da prova objetiva, ao vivo e gratuitamente, neste domingo, a partir das 19 horas!\" \/>\n<meta property=\"og:url\" content=\"https:\/\/www.estrategiaconcursos.com.br\/blog\/gabarito-extraoficial-tj-rs-juiz\/\" \/>\n<meta property=\"og:site_name\" content=\"Estrat\u00e9gia Concursos\" \/>\n<meta property=\"article:author\" content=\"https:\/\/www.facebook.com\/EstrategiaConcursos\" \/>\n<meta property=\"article:published_time\" content=\"2022-01-16T11:00:00+00:00\" \/>\n<meta property=\"article:modified_time\" content=\"2022-01-17T16:13:16+00:00\" \/>\n<meta property=\"og:image\" content=\"https:\/\/dhg1h5j42swfq.cloudfront.net\/2022\/01\/15043015\/1280-720-max-20.jpg\" \/>\n\t<meta property=\"og:image:width\" content=\"1280\" \/>\n\t<meta property=\"og:image:height\" content=\"720\" \/>\n\t<meta property=\"og:image:type\" content=\"image\/jpeg\" \/>\n<meta name=\"author\" content=\"Coordena\u00e7\u00e3o\" \/>\n<meta name=\"twitter:card\" content=\"summary_large_image\" \/>\n<meta name=\"twitter:creator\" content=\"@EstratConcursos\" \/>\n<meta name=\"twitter:site\" content=\"@EstratConcursos\" \/>\n<meta name=\"twitter:label1\" content=\"Escrito por\" \/>\n\t<meta name=\"twitter:data1\" content=\"Coordena\u00e7\u00e3o\" \/>\n\t<meta name=\"twitter:label2\" content=\"Est. tempo de leitura\" \/>\n\t<meta name=\"twitter:data2\" content=\"12 minutos\" \/>\n<script type=\"application\/ld+json\" class=\"yoast-schema-graph\">{\"@context\":\"https:\/\/schema.org\",\"@graph\":[{\"@type\":\"NewsArticle\",\"@id\":\"https:\/\/www.estrategiaconcursos.com.br\/blog\/gabarito-extraoficial-tj-rs-juiz\/#article\",\"isPartOf\":{\"@id\":\"https:\/\/www.estrategiaconcursos.com.br\/blog\/gabarito-extraoficial-tj-rs-juiz\/\"},\"author\":{\"name\":\"Coordena\u00e7\u00e3o\",\"@id\":\"https:\/\/www.estrategiaconcursos.com.br\/blog\/#\/schema\/person\/b4a388c97673c5f483d72185668afa1f\"},\"headline\":\"Gabarito Extraoficial TJ RS Juiz: veja a corre\u00e7\u00e3o aqui!\",\"datePublished\":\"2022-01-16T11:00:00+00:00\",\"dateModified\":\"2022-01-17T16:13:16+00:00\",\"mainEntityOfPage\":{\"@id\":\"https:\/\/www.estrategiaconcursos.com.br\/blog\/gabarito-extraoficial-tj-rs-juiz\/\"},\"wordCount\":2237,\"commentCount\":0,\"publisher\":{\"@id\":\"https:\/\/www.estrategiaconcursos.com.br\/blog\/#organization\"},\"image\":{\"@id\":\"https:\/\/www.estrategiaconcursos.com.br\/blog\/gabarito-extraoficial-tj-rs-juiz\/#primaryimage\"},\"thumbnailUrl\":\"https:\/\/dhg1h5j42swfq.cloudfront.net\/2022\/01\/15043015\/1280-720-max-20.jpg\",\"articleSection\":[\"Jur\u00eddico - Magistratura\"],\"inLanguage\":\"pt-BR\",\"potentialAction\":[{\"@type\":\"CommentAction\",\"name\":\"Comment\",\"target\":[\"https:\/\/www.estrategiaconcursos.com.br\/blog\/gabarito-extraoficial-tj-rs-juiz\/#respond\"]}],\"copyrightYear\":\"2022\",\"copyrightHolder\":{\"@id\":\"https:\/\/www.estrategiaconcursos.com.br\/blog\/#organization\"}},{\"@type\":\"WebPage\",\"@id\":\"https:\/\/www.estrategiaconcursos.com.br\/blog\/gabarito-extraoficial-tj-rs-juiz\/\",\"url\":\"https:\/\/www.estrategiaconcursos.com.br\/blog\/gabarito-extraoficial-tj-rs-juiz\/\",\"name\":\"Gabarito Extraoficial TJ RS Juiz: veja a corre\u00e7\u00e3o aqui!\",\"isPartOf\":{\"@id\":\"https:\/\/www.estrategiaconcursos.com.br\/blog\/#website\"},\"primaryImageOfPage\":{\"@id\":\"https:\/\/www.estrategiaconcursos.com.br\/blog\/gabarito-extraoficial-tj-rs-juiz\/#primaryimage\"},\"image\":{\"@id\":\"https:\/\/www.estrategiaconcursos.com.br\/blog\/gabarito-extraoficial-tj-rs-juiz\/#primaryimage\"},\"thumbnailUrl\":\"https:\/\/dhg1h5j42swfq.cloudfront.net\/2022\/01\/15043015\/1280-720-max-20.jpg\",\"datePublished\":\"2022-01-16T11:00:00+00:00\",\"dateModified\":\"2022-01-17T16:13:16+00:00\",\"description\":\"Gabarito Extraoficial TJ RS Juiz: confira a corre\u00e7\u00e3o da prova objetiva, ao vivo e gratuitamente, neste domingo, a partir das 19 horas!\",\"breadcrumb\":{\"@id\":\"https:\/\/www.estrategiaconcursos.com.br\/blog\/gabarito-extraoficial-tj-rs-juiz\/#breadcrumb\"},\"inLanguage\":\"pt-BR\",\"potentialAction\":[{\"@type\":\"ReadAction\",\"target\":[\"https:\/\/www.estrategiaconcursos.com.br\/blog\/gabarito-extraoficial-tj-rs-juiz\/\"]}]},{\"@type\":\"ImageObject\",\"inLanguage\":\"pt-BR\",\"@id\":\"https:\/\/www.estrategiaconcursos.com.br\/blog\/gabarito-extraoficial-tj-rs-juiz\/#primaryimage\",\"url\":\"https:\/\/dhg1h5j42swfq.cloudfront.net\/2022\/01\/15043015\/1280-720-max-20.jpg\",\"contentUrl\":\"https:\/\/dhg1h5j42swfq.cloudfront.net\/2022\/01\/15043015\/1280-720-max-20.jpg\",\"width\":1280,\"height\":720,\"caption\":\"Gabarito Extrajudicial TJ RS\"},{\"@type\":\"BreadcrumbList\",\"@id\":\"https:\/\/www.estrategiaconcursos.com.br\/blog\/gabarito-extraoficial-tj-rs-juiz\/#breadcrumb\",\"itemListElement\":[{\"@type\":\"ListItem\",\"position\":1,\"name\":\"In\u00edcio\",\"item\":\"https:\/\/www.estrategiaconcursos.com.br\/blog\/\"},{\"@type\":\"ListItem\",\"position\":2,\"name\":\"Gabarito Extraoficial TJ RS Juiz: veja a corre\u00e7\u00e3o aqui!\"}]},{\"@type\":\"WebSite\",\"@id\":\"https:\/\/www.estrategiaconcursos.com.br\/blog\/#website\",\"url\":\"https:\/\/www.estrategiaconcursos.com.br\/blog\/\",\"name\":\"Estrat\u00e9gia Concursos\",\"description\":\"O blog da Estrat\u00e9gia Concursos traz not\u00edcias sobre concursos e artigos de professores oferecendo cursos para concursos (pdf + videaulas) no site.\",\"publisher\":{\"@id\":\"https:\/\/www.estrategiaconcursos.com.br\/blog\/#organization\"},\"potentialAction\":[{\"@type\":\"SearchAction\",\"target\":{\"@type\":\"EntryPoint\",\"urlTemplate\":\"https:\/\/www.estrategiaconcursos.com.br\/blog\/?s={search_term_string}\"},\"query-input\":{\"@type\":\"PropertyValueSpecification\",\"valueRequired\":true,\"valueName\":\"search_term_string\"}}],\"inLanguage\":\"pt-BR\"},{\"@type\":\"Organization\",\"@id\":\"https:\/\/www.estrategiaconcursos.com.br\/blog\/#organization\",\"name\":\"Estrat\u00e9gia Concursos\",\"url\":\"https:\/\/www.estrategiaconcursos.com.br\/blog\/\",\"logo\":{\"@type\":\"ImageObject\",\"inLanguage\":\"pt-BR\",\"@id\":\"https:\/\/www.estrategiaconcursos.com.br\/blog\/#\/schema\/logo\/image\/\",\"url\":\"https:\/\/dhg1h5j42swfq.cloudfront.net\/2025\/06\/03203428\/logo_concursos-1.jpg\",\"contentUrl\":\"https:\/\/dhg1h5j42swfq.cloudfront.net\/2025\/06\/03203428\/logo_concursos-1.jpg\",\"width\":230,\"height\":60,\"caption\":\"Estrat\u00e9gia Concursos\"},\"image\":{\"@id\":\"https:\/\/www.estrategiaconcursos.com.br\/blog\/#\/schema\/logo\/image\/\"},\"sameAs\":[\"https:\/\/x.com\/EstratConcursos\"]},{\"@type\":\"Person\",\"@id\":\"https:\/\/www.estrategiaconcursos.com.br\/blog\/#\/schema\/person\/b4a388c97673c5f483d72185668afa1f\",\"name\":\"Coordena\u00e7\u00e3o\",\"image\":{\"@type\":\"ImageObject\",\"inLanguage\":\"pt-BR\",\"@id\":\"https:\/\/secure.gravatar.com\/avatar\/b720319e4c9a967eb58678d110f4fe35452fc5d5f97b202bac7b8acceb18c6ad?s=96&d=mm&r=g\",\"url\":\"https:\/\/secure.gravatar.com\/avatar\/b720319e4c9a967eb58678d110f4fe35452fc5d5f97b202bac7b8acceb18c6ad?s=96&d=mm&r=g\",\"contentUrl\":\"https:\/\/secure.gravatar.com\/avatar\/b720319e4c9a967eb58678d110f4fe35452fc5d5f97b202bac7b8acceb18c6ad?s=96&d=mm&r=g\",\"caption\":\"Coordena\u00e7\u00e3o\"},\"sameAs\":[\"https:\/\/www.facebook.com\/EstrategiaConcursos\",\"https:\/\/x.com\/EstratConcursos\"],\"url\":\"https:\/\/www.estrategiaconcursos.com.br\/blog\/author\/estrategia2013\/\"}]}<\/script>\n<!-- \/ Yoast SEO Premium plugin. -->","yoast_head_json":{"title":"Gabarito Extraoficial TJ RS Juiz: veja a corre\u00e7\u00e3o aqui!","description":"Gabarito Extraoficial TJ RS Juiz: confira a corre\u00e7\u00e3o da prova objetiva, ao vivo e gratuitamente, neste domingo, a partir das 19 horas!","robots":{"index":"index","follow":"follow","max-snippet":"max-snippet:-1","max-image-preview":"max-image-preview:large","max-video-preview":"max-video-preview:-1"},"canonical":"https:\/\/www.estrategiaconcursos.com.br\/blog\/gabarito-extraoficial-tj-rs-juiz\/","og_locale":"pt_BR","og_type":"article","og_title":"Gabarito Extraoficial TJ RS Juiz: veja a corre\u00e7\u00e3o aqui!","og_description":"Gabarito Extraoficial TJ RS Juiz: confira a corre\u00e7\u00e3o da prova objetiva, ao vivo e gratuitamente, neste domingo, a partir das 19 horas!","og_url":"https:\/\/www.estrategiaconcursos.com.br\/blog\/gabarito-extraoficial-tj-rs-juiz\/","og_site_name":"Estrat\u00e9gia Concursos","article_author":"https:\/\/www.facebook.com\/EstrategiaConcursos","article_published_time":"2022-01-16T11:00:00+00:00","article_modified_time":"2022-01-17T16:13:16+00:00","og_image":[{"width":1280,"height":720,"url":"https:\/\/dhg1h5j42swfq.cloudfront.net\/2022\/01\/15043015\/1280-720-max-20.jpg","type":"image\/jpeg"}],"author":"Coordena\u00e7\u00e3o","twitter_card":"summary_large_image","twitter_creator":"@EstratConcursos","twitter_site":"@EstratConcursos","twitter_misc":{"Escrito por":"Coordena\u00e7\u00e3o","Est. tempo de leitura":"12 minutos"},"schema":{"@context":"https:\/\/schema.org","@graph":[{"@type":"NewsArticle","@id":"https:\/\/www.estrategiaconcursos.com.br\/blog\/gabarito-extraoficial-tj-rs-juiz\/#article","isPartOf":{"@id":"https:\/\/www.estrategiaconcursos.com.br\/blog\/gabarito-extraoficial-tj-rs-juiz\/"},"author":{"name":"Coordena\u00e7\u00e3o","@id":"https:\/\/www.estrategiaconcursos.com.br\/blog\/#\/schema\/person\/b4a388c97673c5f483d72185668afa1f"},"headline":"Gabarito Extraoficial TJ RS Juiz: veja a corre\u00e7\u00e3o aqui!","datePublished":"2022-01-16T11:00:00+00:00","dateModified":"2022-01-17T16:13:16+00:00","mainEntityOfPage":{"@id":"https:\/\/www.estrategiaconcursos.com.br\/blog\/gabarito-extraoficial-tj-rs-juiz\/"},"wordCount":2237,"commentCount":0,"publisher":{"@id":"https:\/\/www.estrategiaconcursos.com.br\/blog\/#organization"},"image":{"@id":"https:\/\/www.estrategiaconcursos.com.br\/blog\/gabarito-extraoficial-tj-rs-juiz\/#primaryimage"},"thumbnailUrl":"https:\/\/dhg1h5j42swfq.cloudfront.net\/2022\/01\/15043015\/1280-720-max-20.jpg","articleSection":["Jur\u00eddico - Magistratura"],"inLanguage":"pt-BR","potentialAction":[{"@type":"CommentAction","name":"Comment","target":["https:\/\/www.estrategiaconcursos.com.br\/blog\/gabarito-extraoficial-tj-rs-juiz\/#respond"]}],"copyrightYear":"2022","copyrightHolder":{"@id":"https:\/\/www.estrategiaconcursos.com.br\/blog\/#organization"}},{"@type":"WebPage","@id":"https:\/\/www.estrategiaconcursos.com.br\/blog\/gabarito-extraoficial-tj-rs-juiz\/","url":"https:\/\/www.estrategiaconcursos.com.br\/blog\/gabarito-extraoficial-tj-rs-juiz\/","name":"Gabarito Extraoficial TJ RS Juiz: veja a corre\u00e7\u00e3o aqui!","isPartOf":{"@id":"https:\/\/www.estrategiaconcursos.com.br\/blog\/#website"},"primaryImageOfPage":{"@id":"https:\/\/www.estrategiaconcursos.com.br\/blog\/gabarito-extraoficial-tj-rs-juiz\/#primaryimage"},"image":{"@id":"https:\/\/www.estrategiaconcursos.com.br\/blog\/gabarito-extraoficial-tj-rs-juiz\/#primaryimage"},"thumbnailUrl":"https:\/\/dhg1h5j42swfq.cloudfront.net\/2022\/01\/15043015\/1280-720-max-20.jpg","datePublished":"2022-01-16T11:00:00+00:00","dateModified":"2022-01-17T16:13:16+00:00","description":"Gabarito Extraoficial TJ RS Juiz: confira a corre\u00e7\u00e3o da prova objetiva, ao vivo e gratuitamente, neste domingo, a partir das 19 horas!","breadcrumb":{"@id":"https:\/\/www.estrategiaconcursos.com.br\/blog\/gabarito-extraoficial-tj-rs-juiz\/#breadcrumb"},"inLanguage":"pt-BR","potentialAction":[{"@type":"ReadAction","target":["https:\/\/www.estrategiaconcursos.com.br\/blog\/gabarito-extraoficial-tj-rs-juiz\/"]}]},{"@type":"ImageObject","inLanguage":"pt-BR","@id":"https:\/\/www.estrategiaconcursos.com.br\/blog\/gabarito-extraoficial-tj-rs-juiz\/#primaryimage","url":"https:\/\/dhg1h5j42swfq.cloudfront.net\/2022\/01\/15043015\/1280-720-max-20.jpg","contentUrl":"https:\/\/dhg1h5j42swfq.cloudfront.net\/2022\/01\/15043015\/1280-720-max-20.jpg","width":1280,"height":720,"caption":"Gabarito Extrajudicial TJ RS"},{"@type":"BreadcrumbList","@id":"https:\/\/www.estrategiaconcursos.com.br\/blog\/gabarito-extraoficial-tj-rs-juiz\/#breadcrumb","itemListElement":[{"@type":"ListItem","position":1,"name":"In\u00edcio","item":"https:\/\/www.estrategiaconcursos.com.br\/blog\/"},{"@type":"ListItem","position":2,"name":"Gabarito Extraoficial TJ RS Juiz: veja a corre\u00e7\u00e3o aqui!"}]},{"@type":"WebSite","@id":"https:\/\/www.estrategiaconcursos.com.br\/blog\/#website","url":"https:\/\/www.estrategiaconcursos.com.br\/blog\/","name":"Estrat\u00e9gia Concursos","description":"O blog da Estrat\u00e9gia Concursos traz not\u00edcias sobre concursos e artigos de professores oferecendo cursos para concursos (pdf + videaulas) no site.","publisher":{"@id":"https:\/\/www.estrategiaconcursos.com.br\/blog\/#organization"},"potentialAction":[{"@type":"SearchAction","target":{"@type":"EntryPoint","urlTemplate":"https:\/\/www.estrategiaconcursos.com.br\/blog\/?s={search_term_string}"},"query-input":{"@type":"PropertyValueSpecification","valueRequired":true,"valueName":"search_term_string"}}],"inLanguage":"pt-BR"},{"@type":"Organization","@id":"https:\/\/www.estrategiaconcursos.com.br\/blog\/#organization","name":"Estrat\u00e9gia Concursos","url":"https:\/\/www.estrategiaconcursos.com.br\/blog\/","logo":{"@type":"ImageObject","inLanguage":"pt-BR","@id":"https:\/\/www.estrategiaconcursos.com.br\/blog\/#\/schema\/logo\/image\/","url":"https:\/\/dhg1h5j42swfq.cloudfront.net\/2025\/06\/03203428\/logo_concursos-1.jpg","contentUrl":"https:\/\/dhg1h5j42swfq.cloudfront.net\/2025\/06\/03203428\/logo_concursos-1.jpg","width":230,"height":60,"caption":"Estrat\u00e9gia Concursos"},"image":{"@id":"https:\/\/www.estrategiaconcursos.com.br\/blog\/#\/schema\/logo\/image\/"},"sameAs":["https:\/\/x.com\/EstratConcursos"]},{"@type":"Person","@id":"https:\/\/www.estrategiaconcursos.com.br\/blog\/#\/schema\/person\/b4a388c97673c5f483d72185668afa1f","name":"Coordena\u00e7\u00e3o","image":{"@type":"ImageObject","inLanguage":"pt-BR","@id":"https:\/\/secure.gravatar.com\/avatar\/b720319e4c9a967eb58678d110f4fe35452fc5d5f97b202bac7b8acceb18c6ad?s=96&d=mm&r=g","url":"https:\/\/secure.gravatar.com\/avatar\/b720319e4c9a967eb58678d110f4fe35452fc5d5f97b202bac7b8acceb18c6ad?s=96&d=mm&r=g","contentUrl":"https:\/\/secure.gravatar.com\/avatar\/b720319e4c9a967eb58678d110f4fe35452fc5d5f97b202bac7b8acceb18c6ad?s=96&d=mm&r=g","caption":"Coordena\u00e7\u00e3o"},"sameAs":["https:\/\/www.facebook.com\/EstrategiaConcursos","https:\/\/x.com\/EstratConcursos"],"url":"https:\/\/www.estrategiaconcursos.com.br\/blog\/author\/estrategia2013\/"}]}},"_links":{"self":[{"href":"https:\/\/www.estrategiaconcursos.com.br\/blog\/wp-json\/wp\/v2\/posts\/945307","targetHints":{"allow":["GET"]}}],"collection":[{"href":"https:\/\/www.estrategiaconcursos.com.br\/blog\/wp-json\/wp\/v2\/posts"}],"about":[{"href":"https:\/\/www.estrategiaconcursos.com.br\/blog\/wp-json\/wp\/v2\/types\/post"}],"author":[{"embeddable":true,"href":"https:\/\/www.estrategiaconcursos.com.br\/blog\/wp-json\/wp\/v2\/users\/1"}],"replies":[{"embeddable":true,"href":"https:\/\/www.estrategiaconcursos.com.br\/blog\/wp-json\/wp\/v2\/comments?post=945307"}],"version-history":[{"count":53,"href":"https:\/\/www.estrategiaconcursos.com.br\/blog\/wp-json\/wp\/v2\/posts\/945307\/revisions"}],"predecessor-version":[{"id":948838,"href":"https:\/\/www.estrategiaconcursos.com.br\/blog\/wp-json\/wp\/v2\/posts\/945307\/revisions\/948838"}],"wp:featuredmedia":[{"embeddable":true,"href":"https:\/\/www.estrategiaconcursos.com.br\/blog\/wp-json\/wp\/v2\/media\/948063"}],"wp:attachment":[{"href":"https:\/\/www.estrategiaconcursos.com.br\/blog\/wp-json\/wp\/v2\/media?parent=945307"}],"wp:term":[{"taxonomy":"category","embeddable":true,"href":"https:\/\/www.estrategiaconcursos.com.br\/blog\/wp-json\/wp\/v2\/categories?post=945307"},{"taxonomy":"post_tag","embeddable":true,"href":"https:\/\/www.estrategiaconcursos.com.br\/blog\/wp-json\/wp\/v2\/tags?post=945307"},{"taxonomy":"tax_estado","embeddable":true,"href":"https:\/\/www.estrategiaconcursos.com.br\/blog\/wp-json\/wp\/v2\/tax_estado?post=945307"}],"curies":[{"name":"wp","href":"https:\/\/api.w.org\/{rel}","templated":true}]}}